{"id":5170,"date":"2010-12-09T01:37:34","date_gmt":"2010-12-09T00:37:34","guid":{"rendered":"http:\/\/fjala.shkoder.net\/?p=5170"},"modified":"2010-12-09T01:37:34","modified_gmt":"2010-12-09T00:37:34","slug":"nje-tjeter-k","status":"publish","type":"post","link":"https:\/\/fjala.info\/2009-2015\/nje-tjeter-k\/","title":{"rendered":"Nj\u00eb tjet\u00ebr K."},"content":{"rendered":"<p>Nga <strong>Arban Hasani<\/strong><\/p>\n<p>Fatos Kongoli, nj\u00eb prej shkrimtar\u00ebve m\u00eb t\u00eb mediatizuar n\u00eb vend, s\u00eb fundi ka nxjerr\u00eb n\u00eb treg nj\u00eb autobiografi me titull \u201cIluzione n\u00eb sirtar\u201d dhe me nj\u00eb n\u00ebntitull intrigues: \u201cPothuajse roman p\u00ebr vetveten\u201d. \u00cbsht\u00eb nj\u00eb lib\u00ebr interesant, jo aq prej aft\u00ebsis\u00eb krijuese t\u00eb autorit, sesa m\u00eb tep\u00ebr se p\u00ebr gjith\u00e7ka q\u00eb mbart, p\u00ebr dimensionin e sinqert\u00eb q\u00eb p\u00ebrpiqet t\u00eb tregoj\u00eb K-ja tjet\u00ebr e letrave shqipe, si\u00e7 parap\u00eblqen t\u00eb quhet. <\/p>\n<p>Ky lavd\u00ebrim, \u201cK-ja tjet\u00ebr pas Kadares\u00eb\u201d, i marr\u00eb prej nj\u00eb gazete franceze n\u00eb vitin e larg\u00ebt 1997, duket se i ka p\u00eblqyer jasht\u00eb mase autorit, q\u00eb n\u00eb librin e sip\u00ebrcituar e p\u00ebrmend disa her\u00eb. Por m\u00eb shum\u00eb se p\u00ebr nj\u00eb krahasim t\u00eb vlerave letrare me Ismail Kadaren\u00eb, \u201cIluzione n\u00eb sirtar\u201d i sh\u00ebrben po aq shum\u00eb lexuesit shqiptar p\u00ebr arsye ndoshta edhe m\u00eb t\u00eb r\u00ebnd\u00ebsishme. Pozicionin e artist\u00ebve n\u00ebn diktatur\u00eb, rolin dhe p\u00ebrgjegj\u00ebsin\u00eb e tyre, fatin, por dhe zgjedhjen q\u00eb kan\u00eb b\u00ebr\u00eb me nj\u00eb sistem kriminal.<\/p>\n<p>N\u00eb k\u00ebt\u00eb k\u00ebndv\u00ebshtrim, Kongoli v\u00ebrtet ka shkruar nj\u00eb lib\u00ebr t\u00eb sinqert\u00eb dhe q\u00eb mund t\u00eb trondit\u00eb ambientin. Jo prej historis\u00eb s\u00eb jet\u00ebs s\u00eb tij vetjake, t\u00eb zgjatur ndoshta p\u00ebrtej par\u00ebnd\u00ebsis\u00eb s\u00eb nj\u00eb skenari q\u00eb nis e mbaron me djalin e nj\u00eb funksionari t\u00eb lart\u00eb komunist, q\u00eb shkollohet si dhe ku i leverdis, Paris a Pekin pak r\u00ebnd\u00ebsi ka, dhe p\u00ebrfundon si drejtues n\u00eb nj\u00eb prej nd\u00ebrmarrjeve m\u00eb t\u00eb r\u00ebnd\u00ebsishme t\u00eb propagand\u00ebs komuniste, at\u00eb t\u00eb botimit t\u00eb librit artistik \u201cNaim Frash\u00ebri\u201d. <\/p>\n<p>Pik\u00ebrisht t\u00eb djalit t\u00eb regjimit dhe jo t\u00eb talentit, pasi si\u00e7 thot\u00eb Kongoli, hija e mos-talentit e persekutonte vazhdimisht. Por p\u00ebr regjimin nj\u00eb matematicien i diplomuar n\u00eb Pekin mund t\u00eb punonte si redaktor letrar n\u00eb Qend\u00ebr me t\u00eb njejt\u00ebn leht\u00ebsi si\u00e7 nj\u00eb nj\u00eb kooperativist b\u00ebhej an\u00ebtar i Byros\u00eb Politike. Libri i Kongolit ka r\u00ebnd\u00ebsi p\u00ebr tjet\u00ebr gj\u00eb: p\u00ebr tipizimin e njeriut t\u00eb p\u00ebrk\u00ebdhelur n\u00eb socializ\u00ebm, q\u00eb s\u2019ka ide, s\u2019ka talent, q\u00eb s\u2019e vret nd\u00ebrgjegjja p\u00ebr aktet e tij. T\u00eb Njeriut t\u00eb Ri komunist, q\u00eb sot p\u00ebrpiqet t\u2019ia v\u00ebr\u00eb fajin jo vetvetes si pjes\u00eb e regjimit, por nj\u00eb personi n\u00eb krye t\u00eb tij. <\/p>\n<p><em>Libri i Fatos Kongolit thot\u00eb disa t\u00eb v\u00ebrteta t\u00eb m\u00ebdha p\u00ebr autorin<\/em>. <\/p>\n<p>S\u00eb pari, q\u00eb shkruante jo se i shkruhej, jo se ndjente at\u00eb q\u00eb artisti nuk jeton dot pa e th\u00ebn\u00eb t\u00eb v\u00ebrtet\u00ebn e tij. P\u00ebrkundrazi. \u201cE kisha st\u00ebrmundim\u201d, p\u00ebrs\u00ebrit vazhdimisht autori p\u00ebr procesin e krijimit. P\u00ebr t\u00eb kaluar n\u00eb nj\u00eb tjet\u00ebr pohim t\u00eb habitsh\u00ebm. <\/p>\n<p>Librin e tret\u00eb, thot\u00eb Fatos Kongoli, \u201ce shkruajta n\u00eb nj\u00eb gjendje shpirt\u00ebrore edhe m\u00eb t\u00eb r\u00ebnd\u00eb, i shtyr\u00eb nga motive edhe m\u00eb pak letrare nga ato q\u00eb m\u00eb kishin shtyr\u00eb t\u00eb ngutesha p\u00ebr librin e dyt\u00eb\u201d. Nj\u00eb pohim i fort\u00eb, dramatik, q\u00eb tregon se n\u00ebn diktatur\u00eb njeriu p\u00ebr t\u00eb \u201crregulluar statusin social\u201d, si\u00e7 pranon ai vet\u00eb, shkruante libra q\u00eb i thurnin lavde regjimit. Deri m\u00eb sot kurrkush m\u00eb par\u00eb se Kongoli nuk e ka pranuar k\u00ebt\u00eb t\u00eb v\u00ebrtet\u00eb, tashm\u00eb t\u00eb ditur p\u00ebr shumic\u00ebn e \u201cinxhinier\u00ebve t\u00eb shpirtrave\u201d. <\/p>\n<p>E v\u00ebrteta pasuese \u00ebsht\u00eb edhe m\u00eb e r\u00ebnd\u00eb: Fatos Kongoli ka denoncuar nj\u00eb nj\u00ebri, ka dh\u00ebn\u00eb d\u00ebshmi t\u00eb rreme p\u00ebr t\u00eb (fatziu nuk i ka pranuar as n\u00ebn tortura bisedat me Kongolin, madje si\u00e7 pohon ky vet\u00eb, as ia ka hedhur syt\u00eb n\u00eb ballafaqim n\u00eb hetuesi), ka dal\u00eb d\u00ebshmitar n\u00eb gjyq dhe ka mbajtur me devocion postin e shefit t\u00eb redaksis\u00eb n\u00eb sht\u00ebpin\u00eb m\u00eb t\u00eb madhe botuese t\u00eb librit n\u00eb vend. <\/p>\n<p>Por habia kalon p\u00ebrmasat kur pas 30 vjet\u00ebve, njeriu q\u00eb p\u00eblqen t\u00eb vet\u00ebquhet K-ja tjet\u00ebr e letrave shqipe, thot\u00eb n\u00eb faqen 189: \u201cT\u00eb them t\u00eb drejt\u00ebn nd\u00ebrgjegjja nuk m\u00eb vret dhe aq p\u00ebr Hysenliun (viktima sh.a). P\u00ebr mua, si\u00e7 e kam th\u00ebn\u00eb dhe m\u00eb sip\u00ebr, ai ishte nj\u00eb tip enigmatik, p\u00ebrderisa kryente detyr\u00ebn e shefit t\u00eb kuadrit\u2026\u201d. Sinqeriteti i Kongolit n\u00eb k\u00ebt\u00eb pik\u00eb i kalon caqet e naivitetit edhe p\u00ebr nj\u00eb UFO t\u00eb ardhur jo m\u00eb sot, por edhe sikur t\u00eb kishte zbritur m\u00eb 1982-in n\u00eb Tiran\u00eb. <\/p>\n<p>E v\u00ebrteta tjet\u00ebr trondit\u00ebse \u00ebsht\u00eb se Fatos Kongoli pohon n\u00eb afro 400 faqet e autobiografis\u00eb s\u00eb tij se, inatin me regjimin nuk e kishte p\u00ebr tjet\u00ebr gj\u00eb p\u00ebrve\u00e7se prej faktit se nuk e pranuan q\u00eb s\u2019e pranuan n\u00eb Partin\u00eb e Pun\u00ebs me gjith\u00eb dashamir\u00ebsin\u00eb e disa shefave lokal\u00eb, q\u00eb donin t\u00eb zbusnin p\u00ebrjashtimin e babait nga partia ngaq\u00eb pinte me Beqir Ballukun, dhe mezi e nxor\u00ebn jasht\u00eb shtetit n\u00eb vitin 1989 nd\u00ebrkoh\u00eb q\u00eb duhej t\u00eb udh\u00ebtonte qysh m\u00eb 1986-\u00ebn. E si p\u00ebr t\u2019i v\u00ebn\u00eb kapak sinqeritetit, Fatos Kongoli rr\u00ebfen se n\u00eb nj\u00eb prej t\u00eb paktave dit\u00eb m\u00eb t\u00eb r\u00ebnd\u00ebsishme t\u00eb shqiptar\u00ebve gjat\u00eb shekullit t\u00eb 20, themelimit t\u00eb opozit\u00ebs anti-diktatoriale, p\u00ebrfundoi n\u00eb rajon t\u00eb policis\u00eb si i akuzuar nga student\u00ebt protestues p\u00ebr prishje t\u00eb mitingut n\u00ebn efektet e alkoolit .<\/p>\n<p>Fatos Kongoli, i par\u00eb jasht\u00eb fatit dhe arsyetimeve t\u00eb tij t\u00eb diskutueshme, me k\u00ebt\u00eb lib\u00ebr i ka pohuar shoq\u00ebris\u00eb shqiptare disa t\u00eb v\u00ebrteta t\u00eb r\u00ebnd\u00ebsishme. I tregon se ashtu si dhjet\u00ebra intelektual\u00eb n\u00ebn diktatur\u00eb, i mungonte jo vet\u00ebm talenti, por dhe mendimi, guximi dhe shpirti p\u00ebr t\u2019i b\u00ebr\u00eb ball\u00eb regjimit. I tregon se ashtu si dhe qindra artist\u00eb n\u00ebn diktatur\u00eb, krijonte jo p\u00ebr magjin\u00eb e shpirtit dhe artit, por p\u00ebr t\u00eb rregulluar \u201cstatusin shoq\u00ebror\u201d. <\/p>\n<p>I tregon se sot pas 20 vjet\u00ebve jo vet\u00ebm nuk ka ndryshuar asgj\u00eb n\u00eb nd\u00ebrgjegjen e tyre p\u00ebr viktimat q\u00eb kan\u00eb marr\u00eb n\u00eb qaf\u00eb, por kan\u00eb kuraj\u00ebn t\u00eb justifikohen se \u201cfundi i tyre dihej, ne duhej t\u00eb ruanim kok\u00ebn\u201d. Ndaj p\u00ebr t\u00eb gjitha k\u00ebto libri i Fatos Kongolit \u00ebsht\u00eb nj\u00eb prej d\u00ebshmive m\u00eb t\u00eb r\u00ebnd\u00ebsishme n\u00eb k\u00ebta 20 vjet q\u00eb \u00ebsht\u00eb botuar n\u00eb Tiran\u00eb. I rr\u00ebfen Shqip\u00ebris\u00eb t\u00eb v\u00ebrtet\u00ebn e diktatur\u00ebs, rolin e saj kriminal, por dhe ingranazhet, po t\u00eb till\u00eb, q\u00eb i sh\u00ebrbenin asaj. I paraqet shoq\u00ebris\u00eb hipokrizin\u00eb e \u201cartist\u00ebve me zor\u201d dhe \u201cartit\u201d q\u00eb b\u00ebhej n\u00eb funksion t\u00eb saj. <\/p>\n<p>I flet t\u00eb gjith\u00ebve p\u00ebr personalitetin e dyzuar t\u00eb \u201cinxhinier\u00ebve t\u00eb shpirtrave\u201d, q\u00eb donin t\u00eb forconin pozitat e tyre me libra mediok\u00ebr p\u00ebr t\u2019i shp\u00ebtuar em\u00ebrimit n\u00eb fshat, n\u00eb veri apo gjetk\u00eb, pa\u00e7ka se sot p\u00ebrpiqen q\u00eb k\u00ebt\u00eb pakt me djallin ta paraqesin kinse si kund\u00ebrshti me t\u00eb. Q\u00eb t\u00eb shfaqen nj\u00ebsoj edhe sot, kur pa asnj\u00eb grim\u00eb pendese dhe ideje, parap\u00eblqejn\u00eb t\u00eb citojn\u00eb tituj gazetash q\u00eb i barabisin me t\u00eb tjer\u00eb, aspak t\u00eb ngjash\u00ebm, jo vet\u00ebm prej talentit, por edhe prej gjesteve t\u00eb qarta karshi shoq\u00ebris\u00eb dhe liris\u00eb. Ndaj p\u00ebr t\u00eb gjitha k\u00ebto ndoshta \u00ebsht\u00eb i pavend krahasimi me \u201cK-n\u00eb tjet\u00ebr\u201d, pasi me shum\u00eb gjas\u00eb keqkuptimi \u00ebsht\u00eb m\u00eb i mundur sesa vlera e krahasuar me Kadaren\u00eb. <\/p>\n","protected":false},"excerpt":{"rendered":"<p>Nga Arban Hasani Fatos Kongoli, nj\u00eb prej shkrimtar\u00ebve m\u00eb t\u00eb mediatizuar n\u00eb vend, s\u00eb fundi ka nxjerr\u00eb n\u00eb treg nj\u00eb autobiografi me titull \u201cIluzione n\u00eb sirtar\u201d dhe me nj\u00eb n\u00ebntitull intrigues: \u201cPothuajse roman p\u00ebr vetveten\u201d. \u00cbsht\u00eb nj\u00eb lib\u00ebr interesant, jo aq prej aft\u00ebsis\u00eb krijuese t\u00eb autorit, sesa m\u00eb tep\u00ebr se p\u00ebr gjith\u00e7ka q\u00eb mbart, p\u00ebr [&hellip;]<\/p>\n","protected":false},"author":1,"featured_media":0,"comment_status":"open","ping_status":"closed","sticky":false,"template":"","format":"standard","meta":{"footnotes":""},"categories":[2,7],"tags":[],"class_list":{"0":"post-5170","1":"post","2":"type-post","3":"status-publish","4":"format-standard","6":"category-artikuj","7":"category-letersi"},"yoast_head":"<!-- This site is optimized with the Yoast SEO plugin v27.4 - https:\/\/yoast.com\/product\/yoast-seo-wordpress\/ -->\n<title>Nj\u00eb tjet\u00ebr K. - FjALA e LIR\u00cb - Arkivi<\/title>\n<meta name=\"robots\" content=\"index, follow, max-snippet:-1, max-image-preview:large, max-video-preview:-1\" \/>\n<link rel=\"canonical\" href=\"https:\/\/fjala.info\/2009-2015\/nje-tjeter-k\/\" \/>\n<meta property=\"og:locale\" content=\"sq_AL\" \/>\n<meta property=\"og:type\" content=\"article\" \/>\n<meta property=\"og:title\" content=\"Nj\u00eb tjet\u00ebr K. - FjALA e LIR\u00cb - Arkivi\" \/>\n<meta property=\"og:description\" content=\"Nga Arban Hasani Fatos Kongoli, nj\u00eb prej shkrimtar\u00ebve m\u00eb t\u00eb mediatizuar n\u00eb vend, s\u00eb fundi ka nxjerr\u00eb n\u00eb treg nj\u00eb autobiografi me titull \u201cIluzione n\u00eb sirtar\u201d dhe me nj\u00eb n\u00ebntitull intrigues: \u201cPothuajse roman p\u00ebr vetveten\u201d. \u00cbsht\u00eb nj\u00eb lib\u00ebr interesant, jo aq prej aft\u00ebsis\u00eb krijuese t\u00eb autorit, sesa m\u00eb tep\u00ebr se p\u00ebr gjith\u00e7ka q\u00eb mbart, p\u00ebr [&hellip;]\" \/>\n<meta property=\"og:url\" content=\"https:\/\/fjala.info\/2009-2015\/nje-tjeter-k\/\" \/>\n<meta property=\"og:site_name\" content=\"FjALA e LIR\u00cb - Arkivi\" \/>\n<meta property=\"article:published_time\" content=\"2010-12-09T00:37:34+00:00\" \/>\n<meta name=\"author\" content=\"admin\" \/>\n<meta name=\"twitter:card\" content=\"summary_large_image\" \/>\n<meta name=\"twitter:label1\" content=\"Written by\" \/>\n\t<meta name=\"twitter:data1\" content=\"admin\" \/>\n\t<meta name=\"twitter:label2\" content=\"Est. reading time\" \/>\n\t<meta name=\"twitter:data2\" content=\"6 minutes\" \/>\n<script type=\"application\/ld+json\" class=\"yoast-schema-graph\">{\"@context\":\"https:\\\/\\\/schema.org\",\"@graph\":[{\"@type\":\"Article\",\"@id\":\"https:\\\/\\\/fjala.info\\\/2009-2015\\\/nje-tjeter-k\\\/#article\",\"isPartOf\":{\"@id\":\"https:\\\/\\\/fjala.info\\\/2009-2015\\\/nje-tjeter-k\\\/\"},\"author\":{\"name\":\"admin\",\"@id\":\"https:\\\/\\\/fjala.info\\\/2009-2015\\\/#\\\/schema\\\/person\\\/3aa1163ef05469c496fc94e77611ada2\"},\"headline\":\"Nj\u00eb tjet\u00ebr K.\",\"datePublished\":\"2010-12-09T00:37:34+00:00\",\"mainEntityOfPage\":{\"@id\":\"https:\\\/\\\/fjala.info\\\/2009-2015\\\/nje-tjeter-k\\\/\"},\"wordCount\":1256,\"commentCount\":0,\"publisher\":{\"@id\":\"https:\\\/\\\/fjala.info\\\/2009-2015\\\/#organization\"},\"articleSection\":[\"Artikuj\",\"Let\u00ebrsi\"],\"inLanguage\":\"sq-AL\",\"potentialAction\":[{\"@type\":\"CommentAction\",\"name\":\"Comment\",\"target\":[\"https:\\\/\\\/fjala.info\\\/2009-2015\\\/nje-tjeter-k\\\/#respond\"]}]},{\"@type\":\"WebPage\",\"@id\":\"https:\\\/\\\/fjala.info\\\/2009-2015\\\/nje-tjeter-k\\\/\",\"url\":\"https:\\\/\\\/fjala.info\\\/2009-2015\\\/nje-tjeter-k\\\/\",\"name\":\"Nj\u00eb tjet\u00ebr K. - FjALA e LIR\u00cb - Arkivi\",\"isPartOf\":{\"@id\":\"https:\\\/\\\/fjala.info\\\/2009-2015\\\/#website\"},\"datePublished\":\"2010-12-09T00:37:34+00:00\",\"breadcrumb\":{\"@id\":\"https:\\\/\\\/fjala.info\\\/2009-2015\\\/nje-tjeter-k\\\/#breadcrumb\"},\"inLanguage\":\"sq-AL\",\"potentialAction\":[{\"@type\":\"ReadAction\",\"target\":[\"https:\\\/\\\/fjala.info\\\/2009-2015\\\/nje-tjeter-k\\\/\"]}]},{\"@type\":\"BreadcrumbList\",\"@id\":\"https:\\\/\\\/fjala.info\\\/2009-2015\\\/nje-tjeter-k\\\/#breadcrumb\",\"itemListElement\":[{\"@type\":\"ListItem\",\"position\":1,\"name\":\"Home\",\"item\":\"https:\\\/\\\/fjala.info\\\/2009-2015\\\/\"},{\"@type\":\"ListItem\",\"position\":2,\"name\":\"Nj\u00eb tjet\u00ebr K.\"}]},{\"@type\":\"WebSite\",\"@id\":\"https:\\\/\\\/fjala.info\\\/2009-2015\\\/#website\",\"url\":\"https:\\\/\\\/fjala.info\\\/2009-2015\\\/\",\"name\":\"FjALA e LIR\u00cb - Arkivi\",\"description\":\"Arkivi 2009-2015\",\"publisher\":{\"@id\":\"https:\\\/\\\/fjala.info\\\/2009-2015\\\/#organization\"},\"potentialAction\":[{\"@type\":\"SearchAction\",\"target\":{\"@type\":\"EntryPoint\",\"urlTemplate\":\"https:\\\/\\\/fjala.info\\\/2009-2015\\\/?s={search_term_string}\"},\"query-input\":{\"@type\":\"PropertyValueSpecification\",\"valueRequired\":true,\"valueName\":\"search_term_string\"}}],\"inLanguage\":\"sq-AL\"},{\"@type\":\"Organization\",\"@id\":\"https:\\\/\\\/fjala.info\\\/2009-2015\\\/#organization\",\"name\":\"FjALA e LIR\u00cb - Arkivi\",\"url\":\"https:\\\/\\\/fjala.info\\\/2009-2015\\\/\",\"logo\":{\"@type\":\"ImageObject\",\"inLanguage\":\"sq-AL\",\"@id\":\"https:\\\/\\\/fjala.info\\\/2009-2015\\\/#\\\/schema\\\/logo\\\/image\\\/\",\"url\":\"\",\"contentUrl\":\"\",\"caption\":\"FjALA e LIR\u00cb - Arkivi\"},\"image\":{\"@id\":\"https:\\\/\\\/fjala.info\\\/2009-2015\\\/#\\\/schema\\\/logo\\\/image\\\/\"}},{\"@type\":\"Person\",\"@id\":\"https:\\\/\\\/fjala.info\\\/2009-2015\\\/#\\\/schema\\\/person\\\/3aa1163ef05469c496fc94e77611ada2\",\"name\":\"admin\",\"image\":{\"@type\":\"ImageObject\",\"inLanguage\":\"sq-AL\",\"@id\":\"https:\\\/\\\/fjala.info\\\/2009-2015\\\/wp-content\\\/uploads\\\/2012\\\/02\\\/arben_cokaj-120x150.jpg\",\"url\":\"https:\\\/\\\/fjala.info\\\/2009-2015\\\/wp-content\\\/uploads\\\/2012\\\/02\\\/arben_cokaj-120x150.jpg\",\"contentUrl\":\"https:\\\/\\\/fjala.info\\\/2009-2015\\\/wp-content\\\/uploads\\\/2012\\\/02\\\/arben_cokaj-120x150.jpg\",\"caption\":\"admin\"},\"description\":\"Admin, Fjala e Lir\u00eb\",\"sameAs\":[\"https:\\\/\\\/fjala.info\\\/\"],\"url\":\"https:\\\/\\\/fjala.info\\\/2009-2015\\\/author\\\/admin\\\/\"}]}<\/script>\n<!-- \/ Yoast SEO plugin. -->","yoast_head_json":{"title":"Nj\u00eb tjet\u00ebr K. - FjALA e LIR\u00cb - Arkivi","robots":{"index":"index","follow":"follow","max-snippet":"max-snippet:-1","max-image-preview":"max-image-preview:large","max-video-preview":"max-video-preview:-1"},"canonical":"https:\/\/fjala.info\/2009-2015\/nje-tjeter-k\/","og_locale":"sq_AL","og_type":"article","og_title":"Nj\u00eb tjet\u00ebr K. - FjALA e LIR\u00cb - Arkivi","og_description":"Nga Arban Hasani Fatos Kongoli, nj\u00eb prej shkrimtar\u00ebve m\u00eb t\u00eb mediatizuar n\u00eb vend, s\u00eb fundi ka nxjerr\u00eb n\u00eb treg nj\u00eb autobiografi me titull \u201cIluzione n\u00eb sirtar\u201d dhe me nj\u00eb n\u00ebntitull intrigues: \u201cPothuajse roman p\u00ebr vetveten\u201d. \u00cbsht\u00eb nj\u00eb lib\u00ebr interesant, jo aq prej aft\u00ebsis\u00eb krijuese t\u00eb autorit, sesa m\u00eb tep\u00ebr se p\u00ebr gjith\u00e7ka q\u00eb mbart, p\u00ebr [&hellip;]","og_url":"https:\/\/fjala.info\/2009-2015\/nje-tjeter-k\/","og_site_name":"FjALA e LIR\u00cb - Arkivi","article_published_time":"2010-12-09T00:37:34+00:00","author":"admin","twitter_card":"summary_large_image","twitter_misc":{"Written by":"admin","Est. reading time":"6 minutes"},"schema":{"@context":"https:\/\/schema.org","@graph":[{"@type":"Article","@id":"https:\/\/fjala.info\/2009-2015\/nje-tjeter-k\/#article","isPartOf":{"@id":"https:\/\/fjala.info\/2009-2015\/nje-tjeter-k\/"},"author":{"name":"admin","@id":"https:\/\/fjala.info\/2009-2015\/#\/schema\/person\/3aa1163ef05469c496fc94e77611ada2"},"headline":"Nj\u00eb tjet\u00ebr K.","datePublished":"2010-12-09T00:37:34+00:00","mainEntityOfPage":{"@id":"https:\/\/fjala.info\/2009-2015\/nje-tjeter-k\/"},"wordCount":1256,"commentCount":0,"publisher":{"@id":"https:\/\/fjala.info\/2009-2015\/#organization"},"articleSection":["Artikuj","Let\u00ebrsi"],"inLanguage":"sq-AL","potentialAction":[{"@type":"CommentAction","name":"Comment","target":["https:\/\/fjala.info\/2009-2015\/nje-tjeter-k\/#respond"]}]},{"@type":"WebPage","@id":"https:\/\/fjala.info\/2009-2015\/nje-tjeter-k\/","url":"https:\/\/fjala.info\/2009-2015\/nje-tjeter-k\/","name":"Nj\u00eb tjet\u00ebr K. - FjALA e LIR\u00cb - Arkivi","isPartOf":{"@id":"https:\/\/fjala.info\/2009-2015\/#website"},"datePublished":"2010-12-09T00:37:34+00:00","breadcrumb":{"@id":"https:\/\/fjala.info\/2009-2015\/nje-tjeter-k\/#breadcrumb"},"inLanguage":"sq-AL","potentialAction":[{"@type":"ReadAction","target":["https:\/\/fjala.info\/2009-2015\/nje-tjeter-k\/"]}]},{"@type":"BreadcrumbList","@id":"https:\/\/fjala.info\/2009-2015\/nje-tjeter-k\/#breadcrumb","itemListElement":[{"@type":"ListItem","position":1,"name":"Home","item":"https:\/\/fjala.info\/2009-2015\/"},{"@type":"ListItem","position":2,"name":"Nj\u00eb tjet\u00ebr K."}]},{"@type":"WebSite","@id":"https:\/\/fjala.info\/2009-2015\/#website","url":"https:\/\/fjala.info\/2009-2015\/","name":"FjALA e LIR\u00cb - Arkivi","description":"Arkivi 2009-2015","publisher":{"@id":"https:\/\/fjala.info\/2009-2015\/#organization"},"potentialAction":[{"@type":"SearchAction","target":{"@type":"EntryPoint","urlTemplate":"https:\/\/fjala.info\/2009-2015\/?s={search_term_string}"},"query-input":{"@type":"PropertyValueSpecification","valueRequired":true,"valueName":"search_term_string"}}],"inLanguage":"sq-AL"},{"@type":"Organization","@id":"https:\/\/fjala.info\/2009-2015\/#organization","name":"FjALA e LIR\u00cb - Arkivi","url":"https:\/\/fjala.info\/2009-2015\/","logo":{"@type":"ImageObject","inLanguage":"sq-AL","@id":"https:\/\/fjala.info\/2009-2015\/#\/schema\/logo\/image\/","url":"","contentUrl":"","caption":"FjALA e LIR\u00cb - Arkivi"},"image":{"@id":"https:\/\/fjala.info\/2009-2015\/#\/schema\/logo\/image\/"}},{"@type":"Person","@id":"https:\/\/fjala.info\/2009-2015\/#\/schema\/person\/3aa1163ef05469c496fc94e77611ada2","name":"admin","image":{"@type":"ImageObject","inLanguage":"sq-AL","@id":"https:\/\/fjala.info\/2009-2015\/wp-content\/uploads\/2012\/02\/arben_cokaj-120x150.jpg","url":"https:\/\/fjala.info\/2009-2015\/wp-content\/uploads\/2012\/02\/arben_cokaj-120x150.jpg","contentUrl":"https:\/\/fjala.info\/2009-2015\/wp-content\/uploads\/2012\/02\/arben_cokaj-120x150.jpg","caption":"admin"},"description":"Admin, Fjala e Lir\u00eb","sameAs":["https:\/\/fjala.info\/"],"url":"https:\/\/fjala.info\/2009-2015\/author\/admin\/"}]}},"_links":{"self":[{"href":"https:\/\/fjala.info\/2009-2015\/wp-json\/wp\/v2\/posts\/5170","targetHints":{"allow":["GET"]}}],"collection":[{"href":"https:\/\/fjala.info\/2009-2015\/wp-json\/wp\/v2\/posts"}],"about":[{"href":"https:\/\/fjala.info\/2009-2015\/wp-json\/wp\/v2\/types\/post"}],"author":[{"embeddable":true,"href":"https:\/\/fjala.info\/2009-2015\/wp-json\/wp\/v2\/users\/1"}],"replies":[{"embeddable":true,"href":"https:\/\/fjala.info\/2009-2015\/wp-json\/wp\/v2\/comments?post=5170"}],"version-history":[{"count":0,"href":"https:\/\/fjala.info\/2009-2015\/wp-json\/wp\/v2\/posts\/5170\/revisions"}],"wp:attachment":[{"href":"https:\/\/fjala.info\/2009-2015\/wp-json\/wp\/v2\/media?parent=5170"}],"wp:term":[{"taxonomy":"category","embeddable":true,"href":"https:\/\/fjala.info\/2009-2015\/wp-json\/wp\/v2\/categories?post=5170"},{"taxonomy":"post_tag","embeddable":true,"href":"https:\/\/fjala.info\/2009-2015\/wp-json\/wp\/v2\/tags?post=5170"}],"curies":[{"name":"wp","href":"https:\/\/api.w.org\/{rel}","templated":true}]}}