{"id":5162,"date":"2012-09-24T22:20:35","date_gmt":"2012-09-24T21:20:35","guid":{"rendered":"http:\/\/www.fjala.info\/?p=5162"},"modified":"2012-09-24T22:20:35","modified_gmt":"2012-09-24T21:20:35","slug":"pasuesit-e-janullatosit-do-te-jene-greke","status":"publish","type":"post","link":"https:\/\/fjala.info\/2009-2015\/pasuesit-e-janullatosit-do-te-jene-greke\/","title":{"rendered":"Pasuesit e Janullatosit, do t\u00eb jen\u00eb grek\u00eb"},"content":{"rendered":"<p><img decoding=\"async\" class=\"alignright size-thumbnail wp-image-7236\" title=\"At Nikolla Marku\" src=\"http:\/\/www.fjala.info\/2012\/at_nikolla_marku.jpg\" alt=\"\" width=\"200\" \/> NGA: <strong>AT NIKOLLA MARKU <\/strong><\/p>\n<p>Pasuesit e Janullatosit, do t\u00eb jen\u00eb grek\u00ebP\u00ebrse ne shqiptar\u00ebt ortodoks\u00eb londinez\u00eb dhe shqiptar\u00ebt n\u00eb t\u00ebr\u00ebsi, pa dallim feje, krahine dhe ideje, t\u00eb kudondodhur, duhet t\u00eb k\u00ebrkojm\u00eb me vendosm\u00ebri k\u00ebmb\u00ebngulje t\u00eb pal\u00ebkundur, \u00e7do dit\u00eb, \u00e7do or\u00eb, \u00e7do minut\u00eb, deri n\u00eb largimin nj\u00eb her\u00eb e p\u00ebrgjithmon\u00eb t\u00eb tutorit, uzurpatorit, pushtuesit, shkomb\u00ebtarizuesit, dh\u00ebndrit t\u00eb dhunsh\u00ebm, imponuar dhe t\u00eb pacelebruar n\u00eb krye t\u00eb fronit t\u00eb Kish\u00ebs Ortodokse t\u00eb Pavarur Komb\u00ebtare Shqiptare, Anastas Janullatos?<\/p>\n<p>T\u00eb nderuar bashkatdhetar\u00eb shqiptar\u00eb t\u00eb kudondodhur, n\u00eb Shqip\u00ebrin\u00eb londineze, n\u00eb Kosov\u00eb dhe n\u00eb t\u00eb gjitha trojet shqiptare, dhe gjith\u00eb shqiptar\u00ebve t\u00eb cil\u00ebt jan\u00eb n\u00eb m\u00ebrgim, n\u00eb artikujt tan\u00eb t\u00eb botuar n\u00eb mediat tona shqiptare, ne kemi treguar arsyet, argumentet dhe faktet e pamohueshme dhe t\u00eb pakund\u00ebrshtueshme p\u00ebr largimin e Anastas Janullatosit, bashk\u00eb me gjith\u00eb misionin e tij t\u00eb d\u00ebshtuar, nga froni i Kish\u00ebs Ortodokse Komb\u00ebtare Shqiptare.<\/p>\n<p>Misioni i kish\u00ebs greko-shoviniste n\u00eb Shqip\u00ebri, me marionet\u00ebn e tyre t\u00eb quajtur Anastasjuss Janullatos, \u00ebsht\u00eb t\u00eb fus\u00eb p\u00ebr\u00e7arjen dhe v\u00ebllavrasjen mes shqiptar\u00ebve. Synimi i kish\u00ebs greko-shoviniste \u00ebsht\u00eb t\u00eb shkat\u00ebrroj\u00eb harmonin\u00eb dhe bashk\u00ebjetes\u00ebn fetare mes shqiptareve, e cila \u00ebsht\u00eb e kultivuar dhe e trash\u00ebguar brez pas brezi tek ne si komb, bashk\u00ebjetes\u00eb dhe toleranc\u00eb fetare e cila, kish\u00ebs greke, Janullatosit, Asfalis\u00eb dhe shtetit grek dhe atij serb i vret syt\u00eb. K\u00ebta shovinist\u00eb serbo-grek\u00eb, s\u2019po pajtohen kurrsesi me k\u00ebt\u00eb realitet dhe bashk\u00ebjetes\u00eb, toleranc\u00eb, harmoni, respekt e dashuri brenda kombit shqiptar.<\/p>\n<p>Ne shohim se bota e qytet\u00ebruar, si ajo per\u00ebndimore, por deri diku dhe ajo lindore, na simpatizojn\u00eb dhe na lakmojn\u00eb p\u00ebr k\u00ebt\u00eb harmoni dhe bashk\u00ebjetes\u00eb shum\u00ebllojshm\u00ebrie fetare q\u00eb kemi si komb. Kisha greke, kishte dhe vazhdon t\u00eb ket\u00eb ndikim dhe fuqi, p\u00ebr t\u2019i b\u00ebr\u00eb presion kombit shqiptar, q\u00eb ne t\u00eb pranonim n\u00eb krye t\u00eb fronit t\u00eb kish\u00ebs jo nj\u00eb kryepeshkop shqiptar, si\u00e7 e p\u00ebrmban statuti i saj, por me k\u00ebto presione, duke paguar, korruptuar, shantazhuar prift\u00ebrinjt\u00eb ortodoks\u00eb, gjakprishur shqiptar\u00eb, por dhe politikan\u00eb shqiptar\u00eb, q\u00eb k\u00ebta t\u00eb mos ta kund\u00ebrshtonin, por t\u00eb pranonin k\u00ebt\u00eb kryepeshkop grek, n\u00eb kund\u00ebrshtim me statutin e KOASH.<\/p>\n<p>\u2018De facto\u2019 me k\u00ebto presione dhe shantazhe nga shteti dhe kisha greke, kan\u00eb pushtuar, shkomb\u00ebtarizuar, nd\u00ebrruar-konvertuar statutin themeltar t\u00eb kish\u00ebs shqiptare, duke vendosur me dhun\u00eb Anastas Janullatosin, q\u00eb p\u00ebr hir t\u00eb s\u00eb v\u00ebrtet\u00ebs, na \u00ebsht\u00eb b\u00ebr\u00eb si burri i n\u00ebn\u00ebs, i cili, p\u00ebr munges\u00ebn e besimit p\u00ebrgjat\u00eb 50 viteve n\u00eb Shqip\u00ebri, p\u00ebrdori gjith\u00eb dinak\u00ebrin\u00eb dhe mjesht\u00ebrin\u00eb tipike greke p\u00ebr t\u00eb qen\u00eb padroni i kish\u00ebs ortodokse. Padyshim q\u00eb Per\u00ebndia do ta \u00e7oj\u00eb n\u00eb bot\u00ebn e ferrit, ku patjet\u00ebr pa asnj\u00eb dyshim e dilem\u00eb, ai do t\u00eb jet\u00eb i lumtur n\u00eb fronin e p\u00ebrjet\u00ebsis\u00eb, p\u00ebr vepr\u00ebn e zez\u00eb n\u00eb d\u00ebm t\u00eb kish\u00ebs ortodokse shqiptare.<\/p>\n<p>Ai e meriton ferrin, sepse nd\u00ebrroi statutin, pasuesit dhe trash\u00ebgimtaret n\u00eb krye t\u00eb fronit t\u00eb ortodoksis\u00eb shqiptare. Ata do t\u00eb vazhdojn\u00eb t\u00eb jen\u00eb grek\u00eb t\u00eb ardhur nga n\u00ebna shoviniste Greqi dhe t\u00eb instaluar n\u00eb kishat, manastiret ortodokse shqiptare me em\u00ebrimet e vet\u00eb shovinistit Janullatos. Prift\u00ebrinj dhe kryepeshkop\u00eb, t\u00eb cil\u00ebt, ai i pati graduar e em\u00ebruar kryepeshkop\u00eb, si n\u00eb Berat, Gjirokast\u00ebr, Himar\u00eb, Ersek\u00eb, Kor\u00e7\u00eb etj, etj. K\u00ebshtu, pasuesit e tij do vazhdojn\u00eb rrug\u00ebn, ambiciet dhe amanetin e tij monstruoz p\u00ebr shkomb\u00ebtarizimin e ortodoksis\u00eb shqiptare, konvertimin e saj n\u00eb grek\u00eb dhe helenizimin e Shqip\u00ebris\u00eb jugore.<\/p>\n<p>Ky pseudo prift i Krishtit, n\u00eb jug t\u00eb vendit ton\u00eb, me koh\u00eb ka ngritur nj\u00eb infrastruktur\u00eb arsimore-shkollore heleniste, n\u00eb fshatra e qytete shqiptare, q\u00eb f\u00ebmij\u00ebt shqiptar\u00eb q\u00eb jan\u00eb kthyer n\u00eb vendlindjen e tyre me familjet e tyre, p\u00ebr shkak t\u00eb situat\u00ebs ekonomike n\u00eb Greqi, t\u00eb vazhdojn\u00eb n\u00eb shkollat greke q\u00eb u ka ngritur qeveria greke n\u00eb jug t\u00eb vendit me ndihm\u00ebn dhe posht\u00ebrsit\u00eb, intrigat e Janullatosit, t\u00eb Dules e Bollanos, me aprovimin e baballar\u00ebve shqipfol\u00ebs t\u00eb vet\u00ebshpallur \u2018baballar\u00ebt e kombit\u2019. K\u00ebta baballar\u00eb, me vulat, dekretet dhe votat e tyre n\u00eb parlamentin kinse t\u00eb shqiptareve, i kan\u00eb legalizuar institucionet shkollore, memorial\u00ebt, kolegjet greke t\u00eb nd\u00ebrtuara n\u00eb jug t\u00eb vendit.<\/p>\n<p>T\u00eb nderuar bashk\u00ebkomb\u00ebs shqiptar\u00eb! Deri m\u00eb tani, k\u00ebto q\u00eb kemi prekur m\u00eb lart, jan\u00eb vet\u00ebm maja e ajsbergut e pun\u00ebve, veprave t\u00eb pista e bat\u00ebrdive q\u00eb ka b\u00ebr\u00eb qeveria dhe Asfalia greke n\u00eb jug t\u00eb vendit, t\u00eb atdheut ton\u00eb t\u00eb shenjt\u00eb, me marionetat e tyre si\u00e7 jan\u00eb Janullatos, PBDNJ-ja e Vangjel Dules, \u201cOmonia\u201d e Bollanos dhe Spiro Kser\u00ebs, Nikola Geixhit dhe sh\u00ebrb\u00ebtor\u00ebve gjakprishur shqiptar\u00eb, t\u00eb veshur si prift\u00ebrinj, t\u00eb kthyer n\u00eb servil\u00eb t\u00eb k\u00ebsaj makinerie heleniste t\u00eb papar\u00eb. Dhe n\u00eb mbyllje, d\u00ebshiroj t\u00eb theksoj se: Argumentet q\u00eb kemi dh\u00ebn\u00eb dhe do vazhdojm\u00eb t\u00eb japim n\u00eb artikujt tan\u00eb t\u00eb m\u00ebvonsh\u00ebm, nuk jan\u00eb shpifje dhe trillime si ato t\u00eb Janullatosit p\u00ebr t\u00eb ashtuquajturin Vorio-Epir grek.<\/p>\n<p>M\u00eb vjen keq, por ky \u00ebsht\u00eb realiteti n\u00eb Shqip\u00ebrin\u00eb ton\u00eb jugore dhe q\u00ebllimet, prapaskenat dhe imagjinatat e Janullatosit dhe suit\u00ebs s\u00eb tij p\u00ebr helenizmin e Shqip\u00ebris\u00eb jugore. Pra t\u00eb nderuar bashkatdhetar\u00eb t\u00eb kudondodhur, misioni kinse shpirt\u00ebror kishtar ortodoks i Janullatosit si prift, i veshur me veladonin e priftit, kinse p\u00ebr ringjalljen dhe rip\u00ebrt\u00ebritjen e ortodoksis\u00eb shqiptare, ka p\u00ebrfunduar me koh\u00eb dhe tani ai po merret me pun\u00eb dhe vepra kriminale e bat\u00ebrdie t\u00eb tjera kundra kombit shqiptar, q\u00eb jan\u00eb n\u00eb kund\u00ebrshtim me frym\u00ebn e Per\u00ebndis\u00eb dhe t\u00eb ortodoksis\u00eb, me t\u00eb cil\u00ebn ai na reklamohet dhe identifikohet n\u00eb k\u00ebto 22-vite n\u00eb Shqip\u00ebrin\u00eb ton\u00eb t\u00eb dashur dhe t\u00eb shenjt\u00eb.<\/p>\n<p>Prandaj, le t\u2019i lutemi Zotit, t\u00eb gjith\u00eb shqiptar\u00ebt, pa dallim feje, krahine, ideje, q\u00eb t\u00eb k\u00ebrkojm\u00eb dor\u00ebheqjen e Janullatosit nga froni i kish\u00ebs ortodokse shqiptare, fron t\u00eb cilin e mban t\u00eb pushtuar p\u00ebr 22 vjet padrejt\u00ebsisht dhe posht\u00ebrsisht, n\u00eb d\u00ebm t\u00eb ortodoksis\u00eb shqiptare. N\u00ebse ai nuk e b\u00ebn nj\u00eb dor\u00ebheqje dhe largim t\u00eb till\u00eb, at\u00ebher\u00eb ne do t\u00eb protestojm\u00eb \u00e7do dit\u00eb, \u00e7do or\u00eb dhe minut\u00eb, t\u00eb gjith\u00eb si shqiptar\u00eb, n\u00eb \u00e7do fshat dhe qytet t\u00eb Shqip\u00ebris\u00eb, si dhe para objektit t\u00eb fronit t\u00eb kish\u00ebs ortodokse shqiptare, ku ndodhet uzurpatori, pushtuesi Janullatos.<\/p>\n<p>Ne do t\u00eb protestojm\u00eb vendosm\u00ebrisht, pafund\u00ebsisht, deri n\u00eb largimin p\u00ebrfundimtar t\u00eb tij nga froni i ortodoksis\u00eb shqiptare, dhe parulla e vetme dhe brohoritjet kund\u00ebr Janullatosit do t\u00eb jen\u00eb: Janullatos, largohu, misioni yt nuk \u00ebsht\u00eb fetar. Ju e ndotni kish\u00ebn ortodokse shqiptare me shovinizmin tuaj grek. N\u00ebse ke d\u00ebshmi-argument, se je i d\u00ebrguari i Jezu Krishtit n\u00eb Shqip\u00ebri, na e jep m\u00eb t\u00eb voglin sinjal dhe d\u00ebshmi, se \u00ebsht\u00eb dora dhe fryma e Tij q\u00eb t\u00eb ka d\u00ebrguar n\u00eb Shqip\u00ebri. N\u00eb qoft\u00eb se ke d\u00ebshmi t\u00eb tilla, ne do t\u00eb t\u00eb respektojm\u00eb dhe do t\u00eb t\u00eb mbajm\u00eb, jo vet\u00ebm ne, por dhe mbar\u00eb bota. Ti Janullatos, nuk ke asnj\u00eb lidhje me zotin ton\u00eb Jezu Krisht. Po t\u00eb kishe, nuk do t\u00eb mendoje p\u00ebr Vorio-Epirin, por do t\u00eb d\u00ebnoje genocidin grek ndaj shqiptar\u00ebve t\u00eb \u00c7am\u00ebris\u00eb.<\/p>\n<p>Qirje Janullatos, largohu nga Shqip\u00ebria sa m\u00eb par\u00eb dhe l\u00ebri politikan\u00ebt e Shqip\u00ebris\u00eb rehat n\u00eb pun\u00ebn e tyre. Mos iu b\u00ebj ferr\u00eb n\u00ebp\u00ebr k\u00ebmb\u00eb, duke futur n\u00eb loj\u00eb shtetin grek, kund\u00ebr Shqip\u00ebris\u00eb. Fiksoje nj\u00ebher\u00eb e mir\u00eb se \u00c7am\u00ebria shqiptare nuk mund t\u00eb harrohet dhe se shum\u00eb shpejt n\u00eb Janin\u00eb do t\u00eb meshohet shqip. N\u00ebse nuk largohesh me d\u00ebshir\u00eb dhe me vullnetin t\u00ebnd, uragani i pap\u00ebrmbajtsh\u00ebm i popullit shqiptar me peticione, k\u00ebrkesa dhe protesta, do t\u00eb t\u00eb d\u00ebboj\u00eb nga rezidenca e spiunazhit, ku ti rri bashk\u00eb me hienat q\u00eb presin ushqim nga ty. Qirje Janullatos, largohu, sepse ne kemi kuadro t\u00eb shk\u00eblqyer tani p\u00ebr kryepeshkop\u00eb dhe prift\u00ebrinj, t\u00eb cil\u00ebt do t\u2019i sh\u00ebrbejn\u00eb Zotit dhe popullit t\u00eb tyre. Ne do t\u2019i sh\u00ebrbejm\u00eb paqes dhe fqinj\u00ebsis\u00eb s\u00eb mir\u00eb, si nga ana shpirt\u00ebrore, ashtu dhe nga ajo religjonare, pa pasur n\u00eb mendje shoviniz\u00ebm apo kolonizim modern si\u00e7 ke b\u00ebr\u00eb ti deri tani.<\/p>\n<p>Prandaj, qirje Janullatos, largohu, sepse ne kemi gjigant\u00eb n\u00eb drejtim t\u00eb kish\u00ebs, q\u00eb nga Fan Stilian Noli, themelues i kish\u00ebs ortodokse komb\u00ebtare shqiptare, kryepeshkopi i art\u00eb Visarjon Xhuvani, si dhe muzikant\u00eb me fam\u00eb dhe fuqi t\u00eb kish\u00ebs, si Kristofor Kisi dhe Irene Banushi.<br \/>\nJanullatos, ti nuk e ndalon p\u00ebrparimin e kombit shqiptar n\u00eb nj\u00eb shtet t\u00eb vet\u00ebm komb\u00ebtar, Shqip\u00ebrin\u00eb e lir\u00eb etnike dhe historike. Per\u00ebndia qoft\u00eb n\u00eb t\u00eb drejt\u00ebn e njer\u00ebzimit dhe t\u00eb kombit shqiptar.<\/p>\n<p>*KISHA \u201cSHEN MARIA\u201d ELBASAN<\/p>\n","protected":false},"excerpt":{"rendered":"<p>NGA: AT NIKOLLA MARKU Pasuesit e Janullatosit, do t\u00eb jen\u00eb grek\u00ebP\u00ebrse ne shqiptar\u00ebt ortodoks\u00eb londinez\u00eb dhe shqiptar\u00ebt n\u00eb t\u00ebr\u00ebsi, pa dallim feje, krahine dhe ideje, t\u00eb kudondodhur, duhet t\u00eb k\u00ebrkojm\u00eb me vendosm\u00ebri k\u00ebmb\u00ebngulje t\u00eb pal\u00ebkundur, \u00e7do dit\u00eb, \u00e7do or\u00eb, \u00e7do minut\u00eb, deri n\u00eb largimin nj\u00eb her\u00eb e p\u00ebrgjithmon\u00eb t\u00eb tutorit, uzurpatorit, pushtuesit, shkomb\u00ebtarizuesit, dh\u00ebndrit t\u00eb [&hellip;]<\/p>\n","protected":false},"author":1,"featured_media":0,"comment_status":"open","ping_status":"closed","sticky":false,"template":"","format":"standard","meta":{"footnotes":""},"categories":[2],"tags":[],"class_list":{"0":"post-5162","1":"post","2":"type-post","3":"status-publish","4":"format-standard","6":"category-artikuj"},"yoast_head":"<!-- This site is optimized with the Yoast SEO plugin v27.4 - https:\/\/yoast.com\/product\/yoast-seo-wordpress\/ -->\n<title>Pasuesit e Janullatosit, do t\u00eb jen\u00eb grek\u00eb - FjALA e LIR\u00cb - Arkivi<\/title>\n<meta name=\"robots\" content=\"index, follow, max-snippet:-1, max-image-preview:large, max-video-preview:-1\" \/>\n<link rel=\"canonical\" href=\"https:\/\/fjala.info\/2009-2015\/pasuesit-e-janullatosit-do-te-jene-greke\/\" \/>\n<meta property=\"og:locale\" content=\"sq_AL\" \/>\n<meta property=\"og:type\" content=\"article\" \/>\n<meta property=\"og:title\" content=\"Pasuesit e Janullatosit, do t\u00eb jen\u00eb grek\u00eb - FjALA e LIR\u00cb - Arkivi\" \/>\n<meta property=\"og:description\" content=\"NGA: AT NIKOLLA MARKU Pasuesit e Janullatosit, do t\u00eb jen\u00eb grek\u00ebP\u00ebrse ne shqiptar\u00ebt ortodoks\u00eb londinez\u00eb dhe shqiptar\u00ebt n\u00eb t\u00ebr\u00ebsi, pa dallim feje, krahine dhe ideje, t\u00eb kudondodhur, duhet t\u00eb k\u00ebrkojm\u00eb me vendosm\u00ebri k\u00ebmb\u00ebngulje t\u00eb pal\u00ebkundur, \u00e7do dit\u00eb, \u00e7do or\u00eb, \u00e7do minut\u00eb, deri n\u00eb largimin nj\u00eb her\u00eb e p\u00ebrgjithmon\u00eb t\u00eb tutorit, uzurpatorit, pushtuesit, shkomb\u00ebtarizuesit, dh\u00ebndrit t\u00eb [&hellip;]\" \/>\n<meta property=\"og:url\" content=\"https:\/\/fjala.info\/2009-2015\/pasuesit-e-janullatosit-do-te-jene-greke\/\" \/>\n<meta property=\"og:site_name\" content=\"FjALA e LIR\u00cb - Arkivi\" \/>\n<meta property=\"article:published_time\" content=\"2012-09-24T21:20:35+00:00\" \/>\n<meta property=\"og:image\" content=\"http:\/\/www.fjala.info\/2012\/at_nikolla_marku.jpg\" \/>\n<meta name=\"author\" content=\"admin\" \/>\n<meta name=\"twitter:card\" content=\"summary_large_image\" \/>\n<meta name=\"twitter:label1\" content=\"Written by\" \/>\n\t<meta name=\"twitter:data1\" content=\"admin\" \/>\n\t<meta name=\"twitter:label2\" content=\"Est. reading time\" \/>\n\t<meta name=\"twitter:data2\" content=\"8 minutes\" \/>\n<script type=\"application\/ld+json\" class=\"yoast-schema-graph\">{\"@context\":\"https:\\\/\\\/schema.org\",\"@graph\":[{\"@type\":\"Article\",\"@id\":\"https:\\\/\\\/fjala.info\\\/2009-2015\\\/pasuesit-e-janullatosit-do-te-jene-greke\\\/#article\",\"isPartOf\":{\"@id\":\"https:\\\/\\\/fjala.info\\\/2009-2015\\\/pasuesit-e-janullatosit-do-te-jene-greke\\\/\"},\"author\":{\"name\":\"admin\",\"@id\":\"https:\\\/\\\/fjala.info\\\/2009-2015\\\/#\\\/schema\\\/person\\\/3aa1163ef05469c496fc94e77611ada2\"},\"headline\":\"Pasuesit e Janullatosit, do t\u00eb jen\u00eb grek\u00eb\",\"datePublished\":\"2012-09-24T21:20:35+00:00\",\"mainEntityOfPage\":{\"@id\":\"https:\\\/\\\/fjala.info\\\/2009-2015\\\/pasuesit-e-janullatosit-do-te-jene-greke\\\/\"},\"wordCount\":1534,\"commentCount\":0,\"publisher\":{\"@id\":\"https:\\\/\\\/fjala.info\\\/2009-2015\\\/#organization\"},\"image\":{\"@id\":\"https:\\\/\\\/fjala.info\\\/2009-2015\\\/pasuesit-e-janullatosit-do-te-jene-greke\\\/#primaryimage\"},\"thumbnailUrl\":\"http:\\\/\\\/www.fjala.info\\\/2012\\\/at_nikolla_marku.jpg\",\"articleSection\":[\"Artikuj\"],\"inLanguage\":\"sq-AL\",\"potentialAction\":[{\"@type\":\"CommentAction\",\"name\":\"Comment\",\"target\":[\"https:\\\/\\\/fjala.info\\\/2009-2015\\\/pasuesit-e-janullatosit-do-te-jene-greke\\\/#respond\"]}]},{\"@type\":\"WebPage\",\"@id\":\"https:\\\/\\\/fjala.info\\\/2009-2015\\\/pasuesit-e-janullatosit-do-te-jene-greke\\\/\",\"url\":\"https:\\\/\\\/fjala.info\\\/2009-2015\\\/pasuesit-e-janullatosit-do-te-jene-greke\\\/\",\"name\":\"Pasuesit e Janullatosit, do t\u00eb jen\u00eb grek\u00eb - FjALA e LIR\u00cb - Arkivi\",\"isPartOf\":{\"@id\":\"https:\\\/\\\/fjala.info\\\/2009-2015\\\/#website\"},\"primaryImageOfPage\":{\"@id\":\"https:\\\/\\\/fjala.info\\\/2009-2015\\\/pasuesit-e-janullatosit-do-te-jene-greke\\\/#primaryimage\"},\"image\":{\"@id\":\"https:\\\/\\\/fjala.info\\\/2009-2015\\\/pasuesit-e-janullatosit-do-te-jene-greke\\\/#primaryimage\"},\"thumbnailUrl\":\"http:\\\/\\\/www.fjala.info\\\/2012\\\/at_nikolla_marku.jpg\",\"datePublished\":\"2012-09-24T21:20:35+00:00\",\"breadcrumb\":{\"@id\":\"https:\\\/\\\/fjala.info\\\/2009-2015\\\/pasuesit-e-janullatosit-do-te-jene-greke\\\/#breadcrumb\"},\"inLanguage\":\"sq-AL\",\"potentialAction\":[{\"@type\":\"ReadAction\",\"target\":[\"https:\\\/\\\/fjala.info\\\/2009-2015\\\/pasuesit-e-janullatosit-do-te-jene-greke\\\/\"]}]},{\"@type\":\"ImageObject\",\"inLanguage\":\"sq-AL\",\"@id\":\"https:\\\/\\\/fjala.info\\\/2009-2015\\\/pasuesit-e-janullatosit-do-te-jene-greke\\\/#primaryimage\",\"url\":\"http:\\\/\\\/www.fjala.info\\\/2012\\\/at_nikolla_marku.jpg\",\"contentUrl\":\"http:\\\/\\\/www.fjala.info\\\/2012\\\/at_nikolla_marku.jpg\"},{\"@type\":\"BreadcrumbList\",\"@id\":\"https:\\\/\\\/fjala.info\\\/2009-2015\\\/pasuesit-e-janullatosit-do-te-jene-greke\\\/#breadcrumb\",\"itemListElement\":[{\"@type\":\"ListItem\",\"position\":1,\"name\":\"Home\",\"item\":\"https:\\\/\\\/fjala.info\\\/2009-2015\\\/\"},{\"@type\":\"ListItem\",\"position\":2,\"name\":\"Pasuesit e Janullatosit, do t\u00eb jen\u00eb grek\u00eb\"}]},{\"@type\":\"WebSite\",\"@id\":\"https:\\\/\\\/fjala.info\\\/2009-2015\\\/#website\",\"url\":\"https:\\\/\\\/fjala.info\\\/2009-2015\\\/\",\"name\":\"FjALA e LIR\u00cb - Arkivi\",\"description\":\"Arkivi 2009-2015\",\"publisher\":{\"@id\":\"https:\\\/\\\/fjala.info\\\/2009-2015\\\/#organization\"},\"potentialAction\":[{\"@type\":\"SearchAction\",\"target\":{\"@type\":\"EntryPoint\",\"urlTemplate\":\"https:\\\/\\\/fjala.info\\\/2009-2015\\\/?s={search_term_string}\"},\"query-input\":{\"@type\":\"PropertyValueSpecification\",\"valueRequired\":true,\"valueName\":\"search_term_string\"}}],\"inLanguage\":\"sq-AL\"},{\"@type\":\"Organization\",\"@id\":\"https:\\\/\\\/fjala.info\\\/2009-2015\\\/#organization\",\"name\":\"FjALA e LIR\u00cb - Arkivi\",\"url\":\"https:\\\/\\\/fjala.info\\\/2009-2015\\\/\",\"logo\":{\"@type\":\"ImageObject\",\"inLanguage\":\"sq-AL\",\"@id\":\"https:\\\/\\\/fjala.info\\\/2009-2015\\\/#\\\/schema\\\/logo\\\/image\\\/\",\"url\":\"\",\"contentUrl\":\"\",\"caption\":\"FjALA e LIR\u00cb - Arkivi\"},\"image\":{\"@id\":\"https:\\\/\\\/fjala.info\\\/2009-2015\\\/#\\\/schema\\\/logo\\\/image\\\/\"}},{\"@type\":\"Person\",\"@id\":\"https:\\\/\\\/fjala.info\\\/2009-2015\\\/#\\\/schema\\\/person\\\/3aa1163ef05469c496fc94e77611ada2\",\"name\":\"admin\",\"image\":{\"@type\":\"ImageObject\",\"inLanguage\":\"sq-AL\",\"@id\":\"https:\\\/\\\/fjala.info\\\/2009-2015\\\/wp-content\\\/uploads\\\/2012\\\/02\\\/arben_cokaj-120x150.jpg\",\"url\":\"https:\\\/\\\/fjala.info\\\/2009-2015\\\/wp-content\\\/uploads\\\/2012\\\/02\\\/arben_cokaj-120x150.jpg\",\"contentUrl\":\"https:\\\/\\\/fjala.info\\\/2009-2015\\\/wp-content\\\/uploads\\\/2012\\\/02\\\/arben_cokaj-120x150.jpg\",\"caption\":\"admin\"},\"description\":\"Admin, Fjala e Lir\u00eb\",\"sameAs\":[\"https:\\\/\\\/fjala.info\\\/\"],\"url\":\"https:\\\/\\\/fjala.info\\\/2009-2015\\\/author\\\/admin\\\/\"}]}<\/script>\n<!-- \/ Yoast SEO plugin. -->","yoast_head_json":{"title":"Pasuesit e Janullatosit, do t\u00eb jen\u00eb grek\u00eb - FjALA e LIR\u00cb - Arkivi","robots":{"index":"index","follow":"follow","max-snippet":"max-snippet:-1","max-image-preview":"max-image-preview:large","max-video-preview":"max-video-preview:-1"},"canonical":"https:\/\/fjala.info\/2009-2015\/pasuesit-e-janullatosit-do-te-jene-greke\/","og_locale":"sq_AL","og_type":"article","og_title":"Pasuesit e Janullatosit, do t\u00eb jen\u00eb grek\u00eb - FjALA e LIR\u00cb - Arkivi","og_description":"NGA: AT NIKOLLA MARKU Pasuesit e Janullatosit, do t\u00eb jen\u00eb grek\u00ebP\u00ebrse ne shqiptar\u00ebt ortodoks\u00eb londinez\u00eb dhe shqiptar\u00ebt n\u00eb t\u00ebr\u00ebsi, pa dallim feje, krahine dhe ideje, t\u00eb kudondodhur, duhet t\u00eb k\u00ebrkojm\u00eb me vendosm\u00ebri k\u00ebmb\u00ebngulje t\u00eb pal\u00ebkundur, \u00e7do dit\u00eb, \u00e7do or\u00eb, \u00e7do minut\u00eb, deri n\u00eb largimin nj\u00eb her\u00eb e p\u00ebrgjithmon\u00eb t\u00eb tutorit, uzurpatorit, pushtuesit, shkomb\u00ebtarizuesit, dh\u00ebndrit t\u00eb [&hellip;]","og_url":"https:\/\/fjala.info\/2009-2015\/pasuesit-e-janullatosit-do-te-jene-greke\/","og_site_name":"FjALA e LIR\u00cb - Arkivi","article_published_time":"2012-09-24T21:20:35+00:00","og_image":[{"url":"http:\/\/www.fjala.info\/2012\/at_nikolla_marku.jpg","type":"","width":"","height":""}],"author":"admin","twitter_card":"summary_large_image","twitter_misc":{"Written by":"admin","Est. reading time":"8 minutes"},"schema":{"@context":"https:\/\/schema.org","@graph":[{"@type":"Article","@id":"https:\/\/fjala.info\/2009-2015\/pasuesit-e-janullatosit-do-te-jene-greke\/#article","isPartOf":{"@id":"https:\/\/fjala.info\/2009-2015\/pasuesit-e-janullatosit-do-te-jene-greke\/"},"author":{"name":"admin","@id":"https:\/\/fjala.info\/2009-2015\/#\/schema\/person\/3aa1163ef05469c496fc94e77611ada2"},"headline":"Pasuesit e Janullatosit, do t\u00eb jen\u00eb grek\u00eb","datePublished":"2012-09-24T21:20:35+00:00","mainEntityOfPage":{"@id":"https:\/\/fjala.info\/2009-2015\/pasuesit-e-janullatosit-do-te-jene-greke\/"},"wordCount":1534,"commentCount":0,"publisher":{"@id":"https:\/\/fjala.info\/2009-2015\/#organization"},"image":{"@id":"https:\/\/fjala.info\/2009-2015\/pasuesit-e-janullatosit-do-te-jene-greke\/#primaryimage"},"thumbnailUrl":"http:\/\/www.fjala.info\/2012\/at_nikolla_marku.jpg","articleSection":["Artikuj"],"inLanguage":"sq-AL","potentialAction":[{"@type":"CommentAction","name":"Comment","target":["https:\/\/fjala.info\/2009-2015\/pasuesit-e-janullatosit-do-te-jene-greke\/#respond"]}]},{"@type":"WebPage","@id":"https:\/\/fjala.info\/2009-2015\/pasuesit-e-janullatosit-do-te-jene-greke\/","url":"https:\/\/fjala.info\/2009-2015\/pasuesit-e-janullatosit-do-te-jene-greke\/","name":"Pasuesit e Janullatosit, do t\u00eb jen\u00eb grek\u00eb - FjALA e LIR\u00cb - Arkivi","isPartOf":{"@id":"https:\/\/fjala.info\/2009-2015\/#website"},"primaryImageOfPage":{"@id":"https:\/\/fjala.info\/2009-2015\/pasuesit-e-janullatosit-do-te-jene-greke\/#primaryimage"},"image":{"@id":"https:\/\/fjala.info\/2009-2015\/pasuesit-e-janullatosit-do-te-jene-greke\/#primaryimage"},"thumbnailUrl":"http:\/\/www.fjala.info\/2012\/at_nikolla_marku.jpg","datePublished":"2012-09-24T21:20:35+00:00","breadcrumb":{"@id":"https:\/\/fjala.info\/2009-2015\/pasuesit-e-janullatosit-do-te-jene-greke\/#breadcrumb"},"inLanguage":"sq-AL","potentialAction":[{"@type":"ReadAction","target":["https:\/\/fjala.info\/2009-2015\/pasuesit-e-janullatosit-do-te-jene-greke\/"]}]},{"@type":"ImageObject","inLanguage":"sq-AL","@id":"https:\/\/fjala.info\/2009-2015\/pasuesit-e-janullatosit-do-te-jene-greke\/#primaryimage","url":"http:\/\/www.fjala.info\/2012\/at_nikolla_marku.jpg","contentUrl":"http:\/\/www.fjala.info\/2012\/at_nikolla_marku.jpg"},{"@type":"BreadcrumbList","@id":"https:\/\/fjala.info\/2009-2015\/pasuesit-e-janullatosit-do-te-jene-greke\/#breadcrumb","itemListElement":[{"@type":"ListItem","position":1,"name":"Home","item":"https:\/\/fjala.info\/2009-2015\/"},{"@type":"ListItem","position":2,"name":"Pasuesit e Janullatosit, do t\u00eb jen\u00eb grek\u00eb"}]},{"@type":"WebSite","@id":"https:\/\/fjala.info\/2009-2015\/#website","url":"https:\/\/fjala.info\/2009-2015\/","name":"FjALA e LIR\u00cb - Arkivi","description":"Arkivi 2009-2015","publisher":{"@id":"https:\/\/fjala.info\/2009-2015\/#organization"},"potentialAction":[{"@type":"SearchAction","target":{"@type":"EntryPoint","urlTemplate":"https:\/\/fjala.info\/2009-2015\/?s={search_term_string}"},"query-input":{"@type":"PropertyValueSpecification","valueRequired":true,"valueName":"search_term_string"}}],"inLanguage":"sq-AL"},{"@type":"Organization","@id":"https:\/\/fjala.info\/2009-2015\/#organization","name":"FjALA e LIR\u00cb - Arkivi","url":"https:\/\/fjala.info\/2009-2015\/","logo":{"@type":"ImageObject","inLanguage":"sq-AL","@id":"https:\/\/fjala.info\/2009-2015\/#\/schema\/logo\/image\/","url":"","contentUrl":"","caption":"FjALA e LIR\u00cb - Arkivi"},"image":{"@id":"https:\/\/fjala.info\/2009-2015\/#\/schema\/logo\/image\/"}},{"@type":"Person","@id":"https:\/\/fjala.info\/2009-2015\/#\/schema\/person\/3aa1163ef05469c496fc94e77611ada2","name":"admin","image":{"@type":"ImageObject","inLanguage":"sq-AL","@id":"https:\/\/fjala.info\/2009-2015\/wp-content\/uploads\/2012\/02\/arben_cokaj-120x150.jpg","url":"https:\/\/fjala.info\/2009-2015\/wp-content\/uploads\/2012\/02\/arben_cokaj-120x150.jpg","contentUrl":"https:\/\/fjala.info\/2009-2015\/wp-content\/uploads\/2012\/02\/arben_cokaj-120x150.jpg","caption":"admin"},"description":"Admin, Fjala e Lir\u00eb","sameAs":["https:\/\/fjala.info\/"],"url":"https:\/\/fjala.info\/2009-2015\/author\/admin\/"}]}},"_links":{"self":[{"href":"https:\/\/fjala.info\/2009-2015\/wp-json\/wp\/v2\/posts\/5162","targetHints":{"allow":["GET"]}}],"collection":[{"href":"https:\/\/fjala.info\/2009-2015\/wp-json\/wp\/v2\/posts"}],"about":[{"href":"https:\/\/fjala.info\/2009-2015\/wp-json\/wp\/v2\/types\/post"}],"author":[{"embeddable":true,"href":"https:\/\/fjala.info\/2009-2015\/wp-json\/wp\/v2\/users\/1"}],"replies":[{"embeddable":true,"href":"https:\/\/fjala.info\/2009-2015\/wp-json\/wp\/v2\/comments?post=5162"}],"version-history":[{"count":0,"href":"https:\/\/fjala.info\/2009-2015\/wp-json\/wp\/v2\/posts\/5162\/revisions"}],"wp:attachment":[{"href":"https:\/\/fjala.info\/2009-2015\/wp-json\/wp\/v2\/media?parent=5162"}],"wp:term":[{"taxonomy":"category","embeddable":true,"href":"https:\/\/fjala.info\/2009-2015\/wp-json\/wp\/v2\/categories?post=5162"},{"taxonomy":"post_tag","embeddable":true,"href":"https:\/\/fjala.info\/2009-2015\/wp-json\/wp\/v2\/tags?post=5162"}],"curies":[{"name":"wp","href":"https:\/\/api.w.org\/{rel}","templated":true}]}}