{"id":5160,"date":"2012-09-24T22:06:58","date_gmt":"2012-09-24T21:06:58","guid":{"rendered":"http:\/\/www.fjala.info\/?p=5160"},"modified":"2012-09-24T22:06:58","modified_gmt":"2012-09-24T21:06:58","slug":"ligjerimi-politik-dhe-ndotja-akustike","status":"publish","type":"post","link":"https:\/\/fjala.info\/2009-2015\/ligjerimi-politik-dhe-ndotja-akustike\/","title":{"rendered":"Ligj\u00ebrimi politik dhe ndotja akustike"},"content":{"rendered":"<p><img decoding=\"async\" class=\"alignleft size-thumbnail wp-image-7236\" title=\"Ilir Yzeiri\" src=\"http:\/\/www.fjala.info\/2012\/ilir_yzeiri.jpg\" alt=\"\" width=\"150\" \/> Nga <strong>Ilir Yzeiri<\/strong>, <em>24 Shtator 2012<\/em><\/p>\n<p>Si\u00e7 edhe mund ta ken\u00eb v\u00ebn\u00eb re t\u00eb gjith\u00eb, java q\u00eb shkoi u karakterizuar nga nj\u00eb ligj\u00ebrim politik n\u00eb kufijt\u00eb e marr\u00ebzis\u00eb. Kryeministri i Shqip\u00ebris\u00eb iu kthye edhe nj\u00ebher\u00eb tjet\u00ebr fjalorit fyes, shantazhues, thashethemeve dhe fjal\u00ebve t\u00eb rrug\u00ebs p\u00ebr t\u00eb akuzuar ish-presidentin e Republik\u00ebs, Bamir Topi dhe liderin e Aleanc\u00ebs Kuqezi Kreshnik Spahiu. N\u00eb k\u00ebta nj\u00ebzet\u00eb vjet, ligj\u00ebrimi politik n\u00eb Shqip\u00ebri \u00ebsht\u00eb shfaqja m\u00eb e sh\u00ebmtuar e p\u00ebrdorimit t\u00eb shqipes ose \u00ebsht\u00eb p\u00ebrdorimi i shqipes p\u00ebr an\u00ebt m\u00eb t\u00eb sh\u00ebmtuara t\u00eb jet\u00ebs shoq\u00ebrore.<\/p>\n<p>Nd\u00ebrkaq, kur flasim p\u00ebr ligj\u00ebrimin politik kemi parasysh nj\u00eb an\u00eb t\u00eb r\u00ebnd\u00ebsishme t\u00eb komunikimit shoq\u00ebror at\u00eb q\u00eb thirret komunikim politik, i cili p\u00ebrb\u00ebhet nga ligj\u00ebrimet e aktor\u00ebve politik\u00eb (debatet n\u00eb parlament, intervistat n\u00eb media, fjalimet n\u00eb koh\u00eb fushate) nga media q\u00eb organizon debate politike me t\u00eb ftuar politikan\u00eb ose analist\u00eb dhe nga sondazhet. T\u00eb tria k\u00ebto sfera ushqejn\u00eb komunikimin politik. Vende t\u00eb pazhvilluara si ky i yni jan\u00eb t\u00ebr\u00ebsisht t\u00eb pushtuara nga ky lloj komunikimi.<\/p>\n<p>N\u00ebse ti do t\u00eb hap\u00ebsh televizorin, do t\u00eb shoh\u00ebsh se ka disa stacione q\u00eb transmetojn\u00eb \u00e7do marr\u00ebzi t\u00eb qeveritar\u00ebve apo t\u00eb politikan\u00ebve. Madje, marr\u00ebzia e ndonj\u00eb stacioni arrin deri atje sa nj\u00eb fol\u00ebs ngulet para nj\u00eb laptopi e lexon lajme politike t\u00eb m\u00ebrzitshme derisa sa vjen ora e drek\u00ebs kur, pothuajse t\u00eb gjitha stacionet e dor\u00ebs s\u00eb dyt\u00eb, lidhen \u00ablive\u00bb me kryeministrin\u00eb sepse kryeministri do t\u00eb flas\u00eb n\u00eb mbledhje t\u00eb qeveris\u00eb p\u00ebr rekordin e tij t\u00eb notit ose do t\u00eb recitoj\u00eb ndonj\u00eb marr\u00ebzi tjet\u00ebr t\u00eb neveritshme. N\u00eb t\u00ebr\u00ebsi, informacioni q\u00eb p\u00ebrcillet nga televizionet e m\u00ebdha dhe t\u00eb vogla zot\u00ebrohet n\u00eb m\u00eb shum\u00eb se 80% nga lajme q\u00eb lidhen me politik\u00ebn.<\/p>\n<p>T\u00eb duket se n\u00eb Shqip\u00ebri nuk ndodh asnj\u00eb gj\u00eb tjet\u00ebr. Gjith\u00eb njer\u00ebzia ngrihet n\u00eb m\u00ebngjes dhe rri me vesht\u00eb ngrehur se \u00e7far\u00eb do t\u00eb thot\u00eb x-i apo y-i. Sfera t\u00eb tilla t\u00eb jet\u00ebs si arti apo kultura, zbavitja apo problemet shoq\u00ebrore, arsimi apo filozofia nuk p\u00ebrb\u00ebjn\u00eb m\u00eb asnj\u00eb lajm. Ato edhe n\u00ebse l\u00ebvrohen nuk e di askush se n\u00eb \u00e7far\u00eb sallash t\u00eb err\u00ebta shtillen, sepse lajmi p\u00ebr to nuk shkon n\u00eb publik p\u00ebrmes mediave. Nd\u00ebrkaq ndotja e r\u00ebnd\u00eb akustike q\u00eb vjen prej ligj\u00ebrimit t\u00eb ngurt\u00eb politik i ka b\u00ebr\u00eb shqiptar\u00ebt njer\u00ebz agresiv\u00eb dhe gjysm\u00eb t\u00eb shkalluar.<\/p>\n<p>Kjo atmosfer\u00eb e jet\u00ebs politike n\u00eb Shqip\u00ebri t\u00eb sjell nd\u00ebrmend nj\u00eb vend t\u00eb sakatosur, t\u00eb afron imazhin e nj\u00eb vendi n\u00eb luft\u00eb. Me an\u00eb t\u00eb ligj\u00ebrimit politik kryeministri i vendit thuajse p\u00ebrdit\u00eb flet p\u00ebr armiq e kund\u00ebrshtar\u00eb t\u00eb rreziksh\u00ebm. Demokracia n\u00eb k\u00ebt\u00eb vend jo vet\u00ebm q\u00eb nuk gj\u00ebllin askund, por koha n\u00eb t\u00eb cil\u00ebn jetojm\u00eb mund t\u00eb karakterizohet si nj\u00eb epok\u00eb e eg\u00ebr obskurantiste sepse llumi i hakmarrjes dhe i luft\u00ebs p\u00ebr t\u00eb shkat\u00ebrruar kund\u00ebrshtarin politik \u00ebsht\u00eb b\u00ebr\u00eb refren i p\u00ebrhersh\u00ebm i kryeministrit dhe i qeveris\u00eb. Natyrisht Parlamenti \u00ebsht\u00eb nj\u00eb institucion p\u00ebrballjeje, ndeshjeje t\u00eb mendimeve e t\u00eb praktikave dhe debatet e ashpra edhe mund t\u00eb mir\u00ebkuptohen n\u00eb ndonj\u00eb rast.<\/p>\n<p>Mir\u00ebpo te ne Parlamenti \u00ebsht\u00eb shnd\u00ebrruar n\u00eb vendin ku shqipja e gjor\u00eb shfaqet vet\u00ebm si bart\u00ebse e shpifjeve, sharjeve, fyerjeve dhe kapadaill\u00ebkut ordiner. Parlamenti shqiptar nuk \u00ebsht\u00eb vendi ku deputet\u00ebt diskutojn\u00eb p\u00ebr probleme t\u00eb realitetit t\u00eb v\u00ebshtir\u00eb me fraza t\u00eb kujdesshme, me nj\u00eb gjuh\u00eb t\u00eb zgjedhur e me kultur\u00eb. Jo. N\u00eb at\u00eb Parlament, n\u00eb \u00e7astin q\u00eb kryeministri i k\u00ebtij vendi merr fjal\u00ebn gjuha shqipe rrudhet, mpihet e shfytyrohet, sepse asaj do t\u2019i duhet t\u00eb kaloj\u00eb n\u00ebp\u00ebr dh\u00ebmb\u00ebt e nj\u00eb njeriu q\u00eb jo vet\u00ebm nuk ka respekt p\u00ebr fjal\u00ebn, por e p\u00ebrdhunon dhe e p\u00ebr\u00e7udnon at\u00eb si t\u00eb ishte nj\u00eb taleban.<\/p>\n<p>Ne shqiptar\u00ebt kemi nj\u00eb tradit\u00eb folklorike, q\u00eb e respekton shum\u00eb fjal\u00ebn. N\u00ebse do t\u00eb shfletosh Kanunin e Lek\u00eb Dukagjinit do t\u00eb v\u00ebresh se t\u00eb gjitha nyjat e tij v\u00ebrtiten rreth raportit t\u00eb njeriut me fjal\u00ebn. Fjala \u00ebsht\u00eb nj\u00eb gj\u00eb e shenjt\u00eb dhe shqiptar\u00ebt e koh\u00ebs s\u00eb vjet\u00ebr kishin shum\u00eb frik\u00eb dhe shum\u00eb nderim p\u00ebr fjal\u00ebn, sepse nga ajo, prej zgjedhjes s\u00eb saj, prej p\u00ebrdorimit jo t\u00eb q\u00eblluar t\u00eb saj, dora shkonte menj\u00ebher\u00eb te arma. N\u00eb t\u00eb gjith\u00eb vendin nga Veriu n\u00eb Jug, institucioni i fjal\u00ebs \u00ebsht\u00eb edhe sot e gjith\u00eb dit\u00ebn nj\u00eb gj\u00eb e shenjt\u00eb.<\/p>\n<p>Kuvendet e burrave dhe odat e miqve v\u00ebrtiteshin t\u00eb gjitha rreth shenjt\u00ebris\u00eb s\u00eb fjal\u00ebs. N\u00eb Veri e n\u00eb Jug bie fjala \u00ebsht\u00eb ligj i pashkruar q\u00eb n\u00eb kuvende apo oda burrash nuk mund t\u00eb flitet me z\u00eb t\u00eb lart\u00eb. Un\u00eb kam shum\u00eb miq tropojan\u00eb q\u00eb flasin me z\u00eb t\u00eb ul\u00ebt dhe nuk e ngren\u00eb kurr\u00eb z\u00ebrin. Specialist\u00ebt e antropologjis\u00eb kulturore thon\u00eb se z\u00ebri i lart\u00eb dhe e b\u00ebrtitura nuk \u00ebsht\u00eb atribut i gjithkujt n\u00eb nj\u00eb Kuvend, madje tonaliteti apo ngritja e z\u00ebrit \u00ebsht\u00eb nj\u00eb shenj\u00eb q\u00eb p\u00ebr\u00e7on nj\u00eb mesazh m\u00eb t\u00eb fort\u00eb ngandonj\u00ebher\u00eb se vet\u00eb fjala.<\/p>\n<p>\u00cbsht\u00eb e paimagjinueshme se si kryeministri i k\u00ebtij vendi e l\u00ebshon gjuh\u00ebn dhe z\u00ebrin gati pa fre dhe shfaq para t\u00eb gjith\u00ebve nj\u00eb gjendje alarmante duke e b\u00ebr\u00eb gjithnj\u00eb e m\u00eb t\u00eb neveritsh\u00ebm parlamentarizmin e debatin. Askush nuk mund t\u00eb m\u00eb shpjegoj\u00eb se si nj\u00eb kryeminist\u00ebr ul\u00ebret e akuzon ish-presidentin e vendit, Bamir Topi p\u00ebr krimin m\u00eb tragjik t\u00eb ndodhur n\u00eb k\u00ebta nj\u00ebzet\u00eb vjet, si\u00e7 ishte vrasja e gjykat\u00ebsit Konomi, e pastaj pa iu dridhur qerpiku thot\u00eb se un\u00eb nuk kam fakte por k\u00ebshtu thon\u00eb.<\/p>\n<p>Ulja e ligj\u00ebrimit politik n\u00eb nj\u00eb nivel t\u00eb till\u00eb \u00ebsht\u00eb mjerim dhe trishtim i thell\u00eb. Teoricien\u00ebt e komunikimit kan\u00eb v\u00ebn\u00eb re se komunikimi \u00ebsht\u00eb marr\u00ebdh\u00ebnie, por edhe shfaqje. Sapo ne hapim goj\u00ebn e flasim ne shfaqim tipare psikologjike, sociologjike sepse fjal\u00ebt nuk jan\u00eb thjesht shenja ato jan\u00eb modele mendore apo sekuenca e se brenda tyre rrin\u00eb histori t\u00eb t\u00ebra. Kur un\u00eb them \u201cpeshkatar\u201d, thoshte Eko, ai q\u00eb m\u00eb d\u00ebgjon p\u00ebrfytyron nj\u00eb film t\u00eb t\u00ebr\u00eb; detin, nj\u00eb njeri me bluz\u00eb me vija, me mjek\u00ebr t\u00eb bardh\u00eb, vark\u00ebn dhe p\u00ebrfytyrimi mund t\u00eb shkoj\u00eb deri edhe te peshkatari i Heminguejit te romani \u201cPlaku dhe deti\u201d.<\/p>\n<p>Nd\u00ebrsa kur nj\u00eb njeri na thot\u00eb nj\u00eb g\u00ebnjesht\u00ebr, na mashtron dhe ul\u00ebret, ne nuk kemi p\u00ebrball\u00eb nj\u00eb bashk\u00ebbisedues normal, por nj\u00eb p\u00ebrbind\u00ebsh q\u00eb \u00ebsht\u00eb gati t\u00eb na v\u00ebrsulet t\u00eb gjith\u00ebve ne me po at\u00eb leht\u00ebsi q\u00eb i v\u00ebrsulet edhe kund\u00ebrshtarit politik, sepse pas atij ligj\u00ebrimi nuk q\u00ebndron nj\u00eb njeri normal, por nj\u00eb njeri anormal, i cili nuk respekton maksim\u00ebn e marr\u00ebdh\u00ebnies, por nxitet nga ajo e p\u00ebrjashtimit hde asgj\u00ebsimit t\u00eb bashk\u00ebbiseduesit. T\u00eb gjith\u00eb e sjellin nd\u00ebrmend filmin e famsh\u00ebm \u201cKing\u2019s speech\u201d (\u00abFjalimi i mbretit\u00bb), q\u00eb \u00ebsht\u00eb nd\u00ebrtuar mbi nj\u00eb ngjarje t\u00eb v\u00ebrtet\u00eb. Babai i mbret\u00ebresh\u00ebs s\u00eb sotme t\u00eb Anglis\u00eb ishte mbret n\u00eb koh\u00ebn q\u00eb Gjermania naziste po b\u00ebhej k\u00ebrc\u00ebnim p\u00ebr Europ\u00ebn dhe bot\u00ebn.<\/p>\n<p>Erdhi nj\u00eb \u00e7ast dhe ai duhet q\u00eb t\u2019i drejtohej popullit anglez me nj\u00eb fjalim, por k\u00ebt\u00eb nuk mund ta b\u00ebnte dot se i mbahej goja. Merr nj\u00eb aktor amator e nis t\u00eb punoj\u00eb me t\u00eb q\u00eb t\u00eb shmang\u00eb k\u00ebt\u00eb handikap dhe me p\u00ebrpjekje t\u00eb st\u00ebrmundimshme arrin q\u00eb t\u00eb flas\u00eb rrjedhsh\u00ebm. Mir\u00ebpo filmi ka nj\u00eb detaj tjet\u00ebr. Mbreti duhej t\u00eb fliste, por toni i fjal\u00ebs s\u00eb tij duhet t\u00eb ishte i p\u00ebrzish\u00ebm, tragjik. Kjo k\u00ebrkonte q\u00eb z\u00ebri t\u00eb ishte i ul\u00ebt, pra ai t\u00eb fliste me z\u00eb t\u00eb ul\u00ebt. Dhe ky lloj ligj\u00ebrimi ishte dyfish i v\u00ebshtir\u00eb p\u00ebr mbretin q\u00eb belb\u00ebzonte. Mir\u00ebpo ai, me st\u00ebrmundime t\u00eb jasht\u00ebzakonshme, ia arriti q\u00eb t\u00eb komunikonte me popullin e tij dhe t\u2019u fliste atyre me z\u00eb t\u00eb ul\u00ebt, me nj\u00eb ton t\u00eb shtruar e t\u00eb p\u00ebrzish\u00ebm.<\/p>\n<p>P\u00ebrfytyroni p\u00ebr nj\u00eb \u00e7ast sikur n\u00eb vend t\u00eb tij t\u00eb ishte kryeministri yn\u00eb dhe mendoni se \u00e7far\u00eb ul\u00ebrimash do t\u00eb d\u00ebgjonin anglez\u00ebt e gjor\u00eb. Mir\u00ebpo, anglez\u00ebt jan\u00eb t\u00eb bekuar sepse ata kan\u00eb qindra vjet q\u00eb kan\u00eb skalitur fjal\u00ebn n\u00eb \u00e7do institucion si\u00e7 \u00ebsht\u00eb fjala vjen Dhoma e Deputet\u00ebve ku fjala ka qindra vjet q\u00eb nuk shp\u00ebrdorohet, ku institucioni i fjal\u00ebs \u00ebsht\u00eb gati hyjnor. Edhe para pak dit\u00ebsh kur Anglia p\u00ebrkujtoi tragjedin\u00eb e vdekjes n\u00eb stadium, kryeministri Cameron k\u00ebrkoi p\u00ebrs\u00ebri falje pse qeveria e asaj kohe nuk ishte treguar shum\u00eb transparent\u00eb dhe nuk kishte treguar qart\u00eb se si vdiq\u00ebn dhjet\u00ebra tifoz\u00eb anglez\u00eb. Po ashtu kandidati republikan Romney \u00ebsht\u00eb v\u00ebn\u00eb n\u00eb pozit\u00eb t\u00eb v\u00ebshtir\u00eb pse mediat i kan\u00eb \u201cvjedhur\u201d nj\u00eb prononcim konfidencial p\u00ebr zgjedh\u00ebsit demokrat\u00eb.<\/p>\n<p>Dhe n\u00eb k\u00ebt\u00eb rast fjala e shqiptuar prej tij n\u00eb nj\u00eb kontekst tjet\u00ebr i ka prishur imazhin. E mendoni dot se si mund t\u00eb pritej te ne po t\u00eb ndodhte nj\u00eb gj\u00eb e till\u00eb? Shkat\u00ebrrimi i ligj\u00ebrimit politik dhe mbushja e tij me frazeologji bandit\u00ebsh, me k\u00ebrc\u00ebnime halabak\u00ebsh dhe me sharje rruge\u00e7\u00ebrish, d\u00ebshmon se bart\u00ebsit e k\u00ebtij ligj\u00ebrimi e p\u00ebrfytyrojn\u00eb veten jo si t\u00eb zgjedhur t\u00eb popullit, por si bandit\u00eb rrug\u00ebsh q\u00eb e shohin kund\u00ebrshtarin politik ashtu si\u00e7 e sheh nj\u00eb bandit banditin tjet\u00ebr.<\/p>\n","protected":false},"excerpt":{"rendered":"<p>Nga Ilir Yzeiri, 24 Shtator 2012 Si\u00e7 edhe mund ta ken\u00eb v\u00ebn\u00eb re t\u00eb gjith\u00eb, java q\u00eb shkoi u karakterizuar nga nj\u00eb ligj\u00ebrim politik n\u00eb kufijt\u00eb e marr\u00ebzis\u00eb. Kryeministri i Shqip\u00ebris\u00eb iu kthye edhe nj\u00ebher\u00eb tjet\u00ebr fjalorit fyes, shantazhues, thashethemeve dhe fjal\u00ebve t\u00eb rrug\u00ebs p\u00ebr t\u00eb akuzuar ish-presidentin e Republik\u00ebs, Bamir Topi dhe liderin e [&hellip;]<\/p>\n","protected":false},"author":1,"featured_media":0,"comment_status":"open","ping_status":"closed","sticky":false,"template":"","format":"standard","meta":{"footnotes":""},"categories":[2],"tags":[],"class_list":{"0":"post-5160","1":"post","2":"type-post","3":"status-publish","4":"format-standard","6":"category-artikuj"},"yoast_head":"<!-- This site is optimized with the Yoast SEO plugin v27.4 - https:\/\/yoast.com\/product\/yoast-seo-wordpress\/ -->\n<title>Ligj\u00ebrimi politik dhe ndotja akustike - FjALA e LIR\u00cb - Arkivi<\/title>\n<meta name=\"robots\" content=\"index, follow, max-snippet:-1, max-image-preview:large, max-video-preview:-1\" \/>\n<link rel=\"canonical\" href=\"https:\/\/fjala.info\/2009-2015\/ligjerimi-politik-dhe-ndotja-akustike\/\" \/>\n<meta property=\"og:locale\" content=\"sq_AL\" \/>\n<meta property=\"og:type\" content=\"article\" \/>\n<meta property=\"og:title\" content=\"Ligj\u00ebrimi politik dhe ndotja akustike - FjALA e LIR\u00cb - Arkivi\" \/>\n<meta property=\"og:description\" content=\"Nga Ilir Yzeiri, 24 Shtator 2012 Si\u00e7 edhe mund ta ken\u00eb v\u00ebn\u00eb re t\u00eb gjith\u00eb, java q\u00eb shkoi u karakterizuar nga nj\u00eb ligj\u00ebrim politik n\u00eb kufijt\u00eb e marr\u00ebzis\u00eb. Kryeministri i Shqip\u00ebris\u00eb iu kthye edhe nj\u00ebher\u00eb tjet\u00ebr fjalorit fyes, shantazhues, thashethemeve dhe fjal\u00ebve t\u00eb rrug\u00ebs p\u00ebr t\u00eb akuzuar ish-presidentin e Republik\u00ebs, Bamir Topi dhe liderin e [&hellip;]\" \/>\n<meta property=\"og:url\" content=\"https:\/\/fjala.info\/2009-2015\/ligjerimi-politik-dhe-ndotja-akustike\/\" \/>\n<meta property=\"og:site_name\" content=\"FjALA e LIR\u00cb - Arkivi\" \/>\n<meta property=\"article:published_time\" content=\"2012-09-24T21:06:58+00:00\" \/>\n<meta property=\"og:image\" content=\"http:\/\/www.fjala.info\/2012\/ilir_yzeiri.jpg\" \/>\n<meta name=\"author\" content=\"admin\" \/>\n<meta name=\"twitter:card\" content=\"summary_large_image\" \/>\n<meta name=\"twitter:label1\" content=\"Written by\" \/>\n\t<meta name=\"twitter:data1\" content=\"admin\" \/>\n\t<meta name=\"twitter:label2\" content=\"Est. reading time\" \/>\n\t<meta name=\"twitter:data2\" content=\"8 minutes\" \/>\n<script type=\"application\/ld+json\" class=\"yoast-schema-graph\">{\"@context\":\"https:\\\/\\\/schema.org\",\"@graph\":[{\"@type\":\"Article\",\"@id\":\"https:\\\/\\\/fjala.info\\\/2009-2015\\\/ligjerimi-politik-dhe-ndotja-akustike\\\/#article\",\"isPartOf\":{\"@id\":\"https:\\\/\\\/fjala.info\\\/2009-2015\\\/ligjerimi-politik-dhe-ndotja-akustike\\\/\"},\"author\":{\"name\":\"admin\",\"@id\":\"https:\\\/\\\/fjala.info\\\/2009-2015\\\/#\\\/schema\\\/person\\\/3aa1163ef05469c496fc94e77611ada2\"},\"headline\":\"Ligj\u00ebrimi politik dhe ndotja akustike\",\"datePublished\":\"2012-09-24T21:06:58+00:00\",\"mainEntityOfPage\":{\"@id\":\"https:\\\/\\\/fjala.info\\\/2009-2015\\\/ligjerimi-politik-dhe-ndotja-akustike\\\/\"},\"wordCount\":1686,\"commentCount\":0,\"publisher\":{\"@id\":\"https:\\\/\\\/fjala.info\\\/2009-2015\\\/#organization\"},\"image\":{\"@id\":\"https:\\\/\\\/fjala.info\\\/2009-2015\\\/ligjerimi-politik-dhe-ndotja-akustike\\\/#primaryimage\"},\"thumbnailUrl\":\"http:\\\/\\\/www.fjala.info\\\/2012\\\/ilir_yzeiri.jpg\",\"articleSection\":[\"Artikuj\"],\"inLanguage\":\"sq-AL\",\"potentialAction\":[{\"@type\":\"CommentAction\",\"name\":\"Comment\",\"target\":[\"https:\\\/\\\/fjala.info\\\/2009-2015\\\/ligjerimi-politik-dhe-ndotja-akustike\\\/#respond\"]}]},{\"@type\":\"WebPage\",\"@id\":\"https:\\\/\\\/fjala.info\\\/2009-2015\\\/ligjerimi-politik-dhe-ndotja-akustike\\\/\",\"url\":\"https:\\\/\\\/fjala.info\\\/2009-2015\\\/ligjerimi-politik-dhe-ndotja-akustike\\\/\",\"name\":\"Ligj\u00ebrimi politik dhe ndotja akustike - FjALA e LIR\u00cb - Arkivi\",\"isPartOf\":{\"@id\":\"https:\\\/\\\/fjala.info\\\/2009-2015\\\/#website\"},\"primaryImageOfPage\":{\"@id\":\"https:\\\/\\\/fjala.info\\\/2009-2015\\\/ligjerimi-politik-dhe-ndotja-akustike\\\/#primaryimage\"},\"image\":{\"@id\":\"https:\\\/\\\/fjala.info\\\/2009-2015\\\/ligjerimi-politik-dhe-ndotja-akustike\\\/#primaryimage\"},\"thumbnailUrl\":\"http:\\\/\\\/www.fjala.info\\\/2012\\\/ilir_yzeiri.jpg\",\"datePublished\":\"2012-09-24T21:06:58+00:00\",\"breadcrumb\":{\"@id\":\"https:\\\/\\\/fjala.info\\\/2009-2015\\\/ligjerimi-politik-dhe-ndotja-akustike\\\/#breadcrumb\"},\"inLanguage\":\"sq-AL\",\"potentialAction\":[{\"@type\":\"ReadAction\",\"target\":[\"https:\\\/\\\/fjala.info\\\/2009-2015\\\/ligjerimi-politik-dhe-ndotja-akustike\\\/\"]}]},{\"@type\":\"ImageObject\",\"inLanguage\":\"sq-AL\",\"@id\":\"https:\\\/\\\/fjala.info\\\/2009-2015\\\/ligjerimi-politik-dhe-ndotja-akustike\\\/#primaryimage\",\"url\":\"http:\\\/\\\/www.fjala.info\\\/2012\\\/ilir_yzeiri.jpg\",\"contentUrl\":\"http:\\\/\\\/www.fjala.info\\\/2012\\\/ilir_yzeiri.jpg\"},{\"@type\":\"BreadcrumbList\",\"@id\":\"https:\\\/\\\/fjala.info\\\/2009-2015\\\/ligjerimi-politik-dhe-ndotja-akustike\\\/#breadcrumb\",\"itemListElement\":[{\"@type\":\"ListItem\",\"position\":1,\"name\":\"Home\",\"item\":\"https:\\\/\\\/fjala.info\\\/2009-2015\\\/\"},{\"@type\":\"ListItem\",\"position\":2,\"name\":\"Ligj\u00ebrimi politik dhe ndotja akustike\"}]},{\"@type\":\"WebSite\",\"@id\":\"https:\\\/\\\/fjala.info\\\/2009-2015\\\/#website\",\"url\":\"https:\\\/\\\/fjala.info\\\/2009-2015\\\/\",\"name\":\"FjALA e LIR\u00cb - Arkivi\",\"description\":\"Arkivi 2009-2015\",\"publisher\":{\"@id\":\"https:\\\/\\\/fjala.info\\\/2009-2015\\\/#organization\"},\"potentialAction\":[{\"@type\":\"SearchAction\",\"target\":{\"@type\":\"EntryPoint\",\"urlTemplate\":\"https:\\\/\\\/fjala.info\\\/2009-2015\\\/?s={search_term_string}\"},\"query-input\":{\"@type\":\"PropertyValueSpecification\",\"valueRequired\":true,\"valueName\":\"search_term_string\"}}],\"inLanguage\":\"sq-AL\"},{\"@type\":\"Organization\",\"@id\":\"https:\\\/\\\/fjala.info\\\/2009-2015\\\/#organization\",\"name\":\"FjALA e LIR\u00cb - Arkivi\",\"url\":\"https:\\\/\\\/fjala.info\\\/2009-2015\\\/\",\"logo\":{\"@type\":\"ImageObject\",\"inLanguage\":\"sq-AL\",\"@id\":\"https:\\\/\\\/fjala.info\\\/2009-2015\\\/#\\\/schema\\\/logo\\\/image\\\/\",\"url\":\"\",\"contentUrl\":\"\",\"caption\":\"FjALA e LIR\u00cb - Arkivi\"},\"image\":{\"@id\":\"https:\\\/\\\/fjala.info\\\/2009-2015\\\/#\\\/schema\\\/logo\\\/image\\\/\"}},{\"@type\":\"Person\",\"@id\":\"https:\\\/\\\/fjala.info\\\/2009-2015\\\/#\\\/schema\\\/person\\\/3aa1163ef05469c496fc94e77611ada2\",\"name\":\"admin\",\"image\":{\"@type\":\"ImageObject\",\"inLanguage\":\"sq-AL\",\"@id\":\"https:\\\/\\\/fjala.info\\\/2009-2015\\\/wp-content\\\/uploads\\\/2012\\\/02\\\/arben_cokaj-120x150.jpg\",\"url\":\"https:\\\/\\\/fjala.info\\\/2009-2015\\\/wp-content\\\/uploads\\\/2012\\\/02\\\/arben_cokaj-120x150.jpg\",\"contentUrl\":\"https:\\\/\\\/fjala.info\\\/2009-2015\\\/wp-content\\\/uploads\\\/2012\\\/02\\\/arben_cokaj-120x150.jpg\",\"caption\":\"admin\"},\"description\":\"Admin, Fjala e Lir\u00eb\",\"sameAs\":[\"https:\\\/\\\/fjala.info\\\/\"],\"url\":\"https:\\\/\\\/fjala.info\\\/2009-2015\\\/author\\\/admin\\\/\"}]}<\/script>\n<!-- \/ Yoast SEO plugin. -->","yoast_head_json":{"title":"Ligj\u00ebrimi politik dhe ndotja akustike - FjALA e LIR\u00cb - Arkivi","robots":{"index":"index","follow":"follow","max-snippet":"max-snippet:-1","max-image-preview":"max-image-preview:large","max-video-preview":"max-video-preview:-1"},"canonical":"https:\/\/fjala.info\/2009-2015\/ligjerimi-politik-dhe-ndotja-akustike\/","og_locale":"sq_AL","og_type":"article","og_title":"Ligj\u00ebrimi politik dhe ndotja akustike - FjALA e LIR\u00cb - Arkivi","og_description":"Nga Ilir Yzeiri, 24 Shtator 2012 Si\u00e7 edhe mund ta ken\u00eb v\u00ebn\u00eb re t\u00eb gjith\u00eb, java q\u00eb shkoi u karakterizuar nga nj\u00eb ligj\u00ebrim politik n\u00eb kufijt\u00eb e marr\u00ebzis\u00eb. Kryeministri i Shqip\u00ebris\u00eb iu kthye edhe nj\u00ebher\u00eb tjet\u00ebr fjalorit fyes, shantazhues, thashethemeve dhe fjal\u00ebve t\u00eb rrug\u00ebs p\u00ebr t\u00eb akuzuar ish-presidentin e Republik\u00ebs, Bamir Topi dhe liderin e [&hellip;]","og_url":"https:\/\/fjala.info\/2009-2015\/ligjerimi-politik-dhe-ndotja-akustike\/","og_site_name":"FjALA e LIR\u00cb - Arkivi","article_published_time":"2012-09-24T21:06:58+00:00","og_image":[{"url":"http:\/\/www.fjala.info\/2012\/ilir_yzeiri.jpg","type":"","width":"","height":""}],"author":"admin","twitter_card":"summary_large_image","twitter_misc":{"Written by":"admin","Est. reading time":"8 minutes"},"schema":{"@context":"https:\/\/schema.org","@graph":[{"@type":"Article","@id":"https:\/\/fjala.info\/2009-2015\/ligjerimi-politik-dhe-ndotja-akustike\/#article","isPartOf":{"@id":"https:\/\/fjala.info\/2009-2015\/ligjerimi-politik-dhe-ndotja-akustike\/"},"author":{"name":"admin","@id":"https:\/\/fjala.info\/2009-2015\/#\/schema\/person\/3aa1163ef05469c496fc94e77611ada2"},"headline":"Ligj\u00ebrimi politik dhe ndotja akustike","datePublished":"2012-09-24T21:06:58+00:00","mainEntityOfPage":{"@id":"https:\/\/fjala.info\/2009-2015\/ligjerimi-politik-dhe-ndotja-akustike\/"},"wordCount":1686,"commentCount":0,"publisher":{"@id":"https:\/\/fjala.info\/2009-2015\/#organization"},"image":{"@id":"https:\/\/fjala.info\/2009-2015\/ligjerimi-politik-dhe-ndotja-akustike\/#primaryimage"},"thumbnailUrl":"http:\/\/www.fjala.info\/2012\/ilir_yzeiri.jpg","articleSection":["Artikuj"],"inLanguage":"sq-AL","potentialAction":[{"@type":"CommentAction","name":"Comment","target":["https:\/\/fjala.info\/2009-2015\/ligjerimi-politik-dhe-ndotja-akustike\/#respond"]}]},{"@type":"WebPage","@id":"https:\/\/fjala.info\/2009-2015\/ligjerimi-politik-dhe-ndotja-akustike\/","url":"https:\/\/fjala.info\/2009-2015\/ligjerimi-politik-dhe-ndotja-akustike\/","name":"Ligj\u00ebrimi politik dhe ndotja akustike - FjALA e LIR\u00cb - Arkivi","isPartOf":{"@id":"https:\/\/fjala.info\/2009-2015\/#website"},"primaryImageOfPage":{"@id":"https:\/\/fjala.info\/2009-2015\/ligjerimi-politik-dhe-ndotja-akustike\/#primaryimage"},"image":{"@id":"https:\/\/fjala.info\/2009-2015\/ligjerimi-politik-dhe-ndotja-akustike\/#primaryimage"},"thumbnailUrl":"http:\/\/www.fjala.info\/2012\/ilir_yzeiri.jpg","datePublished":"2012-09-24T21:06:58+00:00","breadcrumb":{"@id":"https:\/\/fjala.info\/2009-2015\/ligjerimi-politik-dhe-ndotja-akustike\/#breadcrumb"},"inLanguage":"sq-AL","potentialAction":[{"@type":"ReadAction","target":["https:\/\/fjala.info\/2009-2015\/ligjerimi-politik-dhe-ndotja-akustike\/"]}]},{"@type":"ImageObject","inLanguage":"sq-AL","@id":"https:\/\/fjala.info\/2009-2015\/ligjerimi-politik-dhe-ndotja-akustike\/#primaryimage","url":"http:\/\/www.fjala.info\/2012\/ilir_yzeiri.jpg","contentUrl":"http:\/\/www.fjala.info\/2012\/ilir_yzeiri.jpg"},{"@type":"BreadcrumbList","@id":"https:\/\/fjala.info\/2009-2015\/ligjerimi-politik-dhe-ndotja-akustike\/#breadcrumb","itemListElement":[{"@type":"ListItem","position":1,"name":"Home","item":"https:\/\/fjala.info\/2009-2015\/"},{"@type":"ListItem","position":2,"name":"Ligj\u00ebrimi politik dhe ndotja akustike"}]},{"@type":"WebSite","@id":"https:\/\/fjala.info\/2009-2015\/#website","url":"https:\/\/fjala.info\/2009-2015\/","name":"FjALA e LIR\u00cb - Arkivi","description":"Arkivi 2009-2015","publisher":{"@id":"https:\/\/fjala.info\/2009-2015\/#organization"},"potentialAction":[{"@type":"SearchAction","target":{"@type":"EntryPoint","urlTemplate":"https:\/\/fjala.info\/2009-2015\/?s={search_term_string}"},"query-input":{"@type":"PropertyValueSpecification","valueRequired":true,"valueName":"search_term_string"}}],"inLanguage":"sq-AL"},{"@type":"Organization","@id":"https:\/\/fjala.info\/2009-2015\/#organization","name":"FjALA e LIR\u00cb - Arkivi","url":"https:\/\/fjala.info\/2009-2015\/","logo":{"@type":"ImageObject","inLanguage":"sq-AL","@id":"https:\/\/fjala.info\/2009-2015\/#\/schema\/logo\/image\/","url":"","contentUrl":"","caption":"FjALA e LIR\u00cb - Arkivi"},"image":{"@id":"https:\/\/fjala.info\/2009-2015\/#\/schema\/logo\/image\/"}},{"@type":"Person","@id":"https:\/\/fjala.info\/2009-2015\/#\/schema\/person\/3aa1163ef05469c496fc94e77611ada2","name":"admin","image":{"@type":"ImageObject","inLanguage":"sq-AL","@id":"https:\/\/fjala.info\/2009-2015\/wp-content\/uploads\/2012\/02\/arben_cokaj-120x150.jpg","url":"https:\/\/fjala.info\/2009-2015\/wp-content\/uploads\/2012\/02\/arben_cokaj-120x150.jpg","contentUrl":"https:\/\/fjala.info\/2009-2015\/wp-content\/uploads\/2012\/02\/arben_cokaj-120x150.jpg","caption":"admin"},"description":"Admin, Fjala e Lir\u00eb","sameAs":["https:\/\/fjala.info\/"],"url":"https:\/\/fjala.info\/2009-2015\/author\/admin\/"}]}},"_links":{"self":[{"href":"https:\/\/fjala.info\/2009-2015\/wp-json\/wp\/v2\/posts\/5160","targetHints":{"allow":["GET"]}}],"collection":[{"href":"https:\/\/fjala.info\/2009-2015\/wp-json\/wp\/v2\/posts"}],"about":[{"href":"https:\/\/fjala.info\/2009-2015\/wp-json\/wp\/v2\/types\/post"}],"author":[{"embeddable":true,"href":"https:\/\/fjala.info\/2009-2015\/wp-json\/wp\/v2\/users\/1"}],"replies":[{"embeddable":true,"href":"https:\/\/fjala.info\/2009-2015\/wp-json\/wp\/v2\/comments?post=5160"}],"version-history":[{"count":0,"href":"https:\/\/fjala.info\/2009-2015\/wp-json\/wp\/v2\/posts\/5160\/revisions"}],"wp:attachment":[{"href":"https:\/\/fjala.info\/2009-2015\/wp-json\/wp\/v2\/media?parent=5160"}],"wp:term":[{"taxonomy":"category","embeddable":true,"href":"https:\/\/fjala.info\/2009-2015\/wp-json\/wp\/v2\/categories?post=5160"},{"taxonomy":"post_tag","embeddable":true,"href":"https:\/\/fjala.info\/2009-2015\/wp-json\/wp\/v2\/tags?post=5160"}],"curies":[{"name":"wp","href":"https:\/\/api.w.org\/{rel}","templated":true}]}}