{"id":5155,"date":"2010-12-08T07:25:03","date_gmt":"2010-12-08T06:25:03","guid":{"rendered":"http:\/\/fjala.shkoder.net\/?p=5155"},"modified":"2010-12-08T07:25:03","modified_gmt":"2010-12-08T06:25:03","slug":"martoja-vajzen-ne-pranvere-liqeni-shkaterroi-pajen","status":"publish","type":"post","link":"https:\/\/fjala.info\/2009-2015\/martoja-vajzen-ne-pranvere-liqeni-shkaterroi-pajen\/","title":{"rendered":"\u201cMartoja vajz\u00ebn n\u00eb pranver\u00eb, liqeni shkat\u00ebrroi paj\u00ebn\u201d"},"content":{"rendered":"<p><img decoding=\"async\" class=\"alignleft size-medium wp-image-5156\" title=\"Mark Toma\" src=\"http:\/\/fjala.shkoder.net\/wp-content\/uploads\/2010\/12\/mark_toma-242x300.jpg\" alt=\"\" width=\"150\" \/><br \/>\n<strong>Panorama<\/strong>, <em>07 Dhjetor 2010<\/em><\/p>\n<p>K\u00ebto jan\u00eb fjal\u00ebt e Mark Tom\u00ebs, nj\u00ebrit prej mij\u00ebra banor\u00ebve q\u00eb kan\u00eb p\u00ebrjetuar tmerrin e k\u00ebtyre dit\u00ebve, q\u00eb duket se nuk po marrin fund n\u00eb Shkod\u00ebr. Ai \u00ebsht\u00eb shp\u00ebrngulur nga lagjja Livadhe prej 6 dit\u00ebsh sot, por nuk e di ende se kur do t\u00eb kthehet pas dhe se \u00e7far\u00eb do t\u00eb gjej\u00eb aty.<\/p>\n<p>\u201c<em>U jam g\u00ebzuar atyre bag\u00ebtive q\u00eb kam pasur dhe mendoj se kan\u00eb shp\u00ebtuar, por q\u00eb tani nuk di se ku jan\u00eb. Ju n\u00eb qend\u00ebr nuk e kuptoni se p\u00ebr ne atje n\u00eb Livadhe, bag\u00ebtit\u00eb jan\u00eb gjith\u00e7ka, jan\u00eb jeta p\u00ebr ne. Ju habiteni se ne e kemi mendjen tek ato. Por un\u00eb n\u00ebse nuk kam bag\u00ebti atje, nuk kam me se t\u00eb jetoj<\/em>\u201d. Familja Toma \u00ebsht\u00eb evakuuar nga lagjja periferike, q\u00eb me dat\u00eb 1 dhjetor.<\/p>\n<p>Ai bashk\u00eb me dy f\u00ebmij\u00ebt dhe gruan ka l\u00ebn\u00eb sht\u00ebpin\u00eb e tij n\u00eb Livadhe, t\u00eb detyruar nga uji, i cili kishte hyr\u00eb n\u00eb sht\u00ebpin\u00eb e tij n\u00eb mbi 1 met\u00ebr. \u201c<em>Kam par\u00eb me syt\u00eb e mi sesi televizori notonte n\u00eb uj\u00eb. Kam par\u00eb gjith\u00eb pajisjet e sht\u00ebpis\u00eb t\u00eb shkat\u00ebrruara. Nuk m\u00eb ka mbetur asgj\u00eb. Nuk e di si jam gjall\u00eb akoma. Por njeriu qenka shum\u00eb i fort\u00eb dhe nuk vdes kollaj<\/em>\u201d, shprehet Toma.<\/p>\n<p><strong>Sht\u00ebpia e re, n\u00eb konviktin e Pyjores<\/strong><br \/>\nFamilja e tij \u00ebsht\u00eb evakuuar dhe ndodhet n\u00eb konviktin e shkoll\u00ebs Pyjore, i cili \u00ebsht\u00eb p\u00ebrcaktuar nga Shtabi i Emergjenc\u00ebs si nj\u00eb nga pikat ku do t\u00eb vendosen banor\u00ebt, q\u00eb i shp\u00ebtojn\u00eb zonave t\u00eb p\u00ebrmbytura. Tashm\u00eb n\u00eb k\u00ebt\u00eb konvikt jan\u00eb strehuar rreth 200 persona. Toma tregon se shumica e banor\u00ebve t\u00eb zon\u00ebs s\u00eb tij jan\u00eb vendosur n\u00eb k\u00ebt\u00eb konvikt ose n\u00eb konviktet e shkollave t\u00eb tjera. \u201c<em>Un\u00eb, t\u00eb gjith\u00eb njer\u00ebzit e mi i kam n\u00eb zonat e p\u00ebrmbytura t\u00eb Livadheve, ndaj dhe nuk kishim ku t\u00eb shkonim e na vendosen k\u00ebtu<\/em>\u201d.<\/p>\n<p>Rrjedha e jet\u00ebs s\u00eb Mark Tom\u00ebs tashm\u00eb ka ndryshuar plot\u00ebsisht. Ai nuk \u00ebsht\u00eb i vet\u00ebm. Num\u00ebrohen m\u00eb shum\u00eb se 1800 sht\u00ebpi t\u00eb p\u00ebrmbytura e mij\u00ebra persona t\u00eb evakuuar. Toma, gjat\u00eb gjith\u00eb koh\u00ebs nuk b\u00ebn gj\u00eb tjet\u00ebr vet\u00ebm pi cigare. Sa mbaron nj\u00ebr\u00ebn, ai ndez tjetr\u00ebn. Tymi i cigares i bashkohet trishtimit t\u00eb fytyr\u00ebs s\u00eb tij.<\/p>\n<p>\u201c<em>Kam punuar t\u00ebr\u00eb vitin me gruan dhe f\u00ebmij\u00ebt, por uji na i ka marr\u00eb t\u00eb t\u00ebra prodhimet. Jena k\u00ebtu vet\u00ebm me teshat e trupit. Ne jemi m\u00ebsuar me premtime qeverish, q\u00eb nuk mbahen. Edhe k\u00ebt\u00eb her\u00eb kam frik\u00eb se vet\u00ebm fjal\u00eb jan\u00eb<\/em>\u201d, thot\u00eb ai. Nga ana tjet\u00ebr \u00ebsht\u00eb i k\u00ebnaqur me m\u00ebnyr\u00ebn sesi jan\u00eb sistemuar n\u00eb k\u00ebt\u00eb konvikt, pasi ndryshe, si\u00e7 thot\u00eb vet\u00eb, nuk do t\u00eb kishin ditur se ku t\u00eb fusnin kok\u00ebn.<\/p>\n<p><strong>Paja e s\u00eb bij\u00ebs<\/strong><br \/>\nM\u00eb tej, Marku tregon se n\u00eb dhomat ku jan\u00eb vendosur jan\u00eb kushte normale p\u00ebr t\u00eb jetuar n\u00eb nj\u00eb situat\u00eb t\u00eb till\u00eb, ku fjala e vetme ka qen\u00eb mbijetesa e njer\u00ebzve. Mensa e konviktit i plot\u00ebson dhe nevojat e tyre p\u00ebr ushqim. \u201cNjer\u00ebzit na kan\u00eb q\u00ebndruar shum\u00eb af\u00ebr. K\u00ebtu na thon\u00eb se kemi \u00e7do gj\u00eb t\u00eb paguar\u201d, sqaron Toma. Megjithat\u00eb, mendjen e ka te paja e shkat\u00ebrruar e s\u00eb bij\u00ebs, t\u00eb cil\u00ebn ai mendonte ta martonte n\u00eb pranver\u00eb.<\/p>\n<p>\u201c<em>Kur e kujtoj se nuk do t\u2019i gjej m\u00eb, m\u00eb duket se do t\u00eb m\u00eb kap\u00eb ndonj\u00eb gj\u00eb, m\u00eb duket se do t\u00eb vdes. Kush do t\u00eb na i risjell\u00eb ato gj\u00ebra? \u00c7do gj\u00eb \u00ebsht\u00eb shkat\u00ebrruar. Mos me e g\u00ebzu paj\u00ebn e vajz\u00ebs \u00ebsht\u00eb nj\u00eb gj\u00eb e r\u00ebnd\u00eb p\u00ebr prindin, i cili e ka rritur me mund e me sakrifica dhe ka menduar ta martoj\u00eb<\/em>\u201d. Por krahas paj\u00ebs s\u00eb vajz\u00ebs, nj\u00eb peng tjet\u00ebr i familjes Toma \u00ebsht\u00eb edhe d\u00ebmtimi nga p\u00ebrmbytja e disa fotove t\u00eb familjes, t\u00eb cilat ata i ruanin me nj\u00eb kujdes t\u00eb ve\u00e7ant\u00eb.<\/p>\n<p>\u201cM\u00eb \u00ebsht\u00eb shkat\u00ebrruar gjith\u00e7ka. Kam pasur kujtimet m\u00eb t\u00eb bukura t\u00eb t\u00eb par\u00ebve e t\u00eb f\u00ebmij\u00ebve. I kam ruajtur t\u00ebr\u00eb k\u00ebto vite, por q\u00eb tashm\u00eb mbeten vet\u00ebm kujtime\u201d. Q\u00eb nga dita e largimit, Marku nuk ka mundur dot t\u00eb rikthehet e t\u00eb kontrolloj\u00eb n\u00eb banes\u00ebn e tij. Sht\u00ebpia \u00ebsht\u00eb e mbuluar nga uji dhe nuk mund t\u00eb hyhet brenda saj. Ashtu si dhe mij\u00ebra familjar\u00eb t\u00eb tjer\u00eb, 60-vje\u00e7ari pret me ankth t\u00ebrheqjen e ujit. Duke shpresuar se brenda sht\u00ebpis\u00eb s\u00eb tij t\u00eb ket\u00eb mbetur ndonj\u00eb relike nga nj\u00eb e kaluar jo shum\u00eb e larg\u00ebt, por e vet\u00ebm 6 dit\u00ebve m\u00eb par\u00eb, para se uji i liqenit t\u2019i p\u00ebrmbyste.<\/p>\n","protected":false},"excerpt":{"rendered":"<p>Panorama, 07 Dhjetor 2010 K\u00ebto jan\u00eb fjal\u00ebt e Mark Tom\u00ebs, nj\u00ebrit prej mij\u00ebra banor\u00ebve q\u00eb kan\u00eb p\u00ebrjetuar tmerrin e k\u00ebtyre dit\u00ebve, q\u00eb duket se nuk po marrin fund n\u00eb Shkod\u00ebr. Ai \u00ebsht\u00eb shp\u00ebrngulur nga lagjja Livadhe prej 6 dit\u00ebsh sot, por nuk e di ende se kur do t\u00eb kthehet pas dhe se \u00e7far\u00eb do [&hellip;]<\/p>\n","protected":false},"author":1,"featured_media":0,"comment_status":"open","ping_status":"closed","sticky":false,"template":"","format":"standard","meta":{"footnotes":""},"categories":[2,4],"tags":[],"class_list":{"0":"post-5155","1":"post","2":"type-post","3":"status-publish","4":"format-standard","6":"category-artikuj","7":"category-intervista"},"yoast_head":"<!-- This site is optimized with the Yoast SEO plugin v27.4 - https:\/\/yoast.com\/product\/yoast-seo-wordpress\/ -->\n<title>\u201cMartoja vajz\u00ebn n\u00eb pranver\u00eb, liqeni shkat\u00ebrroi paj\u00ebn\u201d - FjALA e LIR\u00cb - Arkivi<\/title>\n<meta name=\"robots\" content=\"index, follow, max-snippet:-1, max-image-preview:large, max-video-preview:-1\" \/>\n<link rel=\"canonical\" href=\"https:\/\/fjala.info\/2009-2015\/martoja-vajzen-ne-pranvere-liqeni-shkaterroi-pajen\/\" \/>\n<meta property=\"og:locale\" content=\"sq_AL\" \/>\n<meta property=\"og:type\" content=\"article\" \/>\n<meta property=\"og:title\" content=\"\u201cMartoja vajz\u00ebn n\u00eb pranver\u00eb, liqeni shkat\u00ebrroi paj\u00ebn\u201d - FjALA e LIR\u00cb - Arkivi\" \/>\n<meta property=\"og:description\" content=\"Panorama, 07 Dhjetor 2010 K\u00ebto jan\u00eb fjal\u00ebt e Mark Tom\u00ebs, nj\u00ebrit prej mij\u00ebra banor\u00ebve q\u00eb kan\u00eb p\u00ebrjetuar tmerrin e k\u00ebtyre dit\u00ebve, q\u00eb duket se nuk po marrin fund n\u00eb Shkod\u00ebr. Ai \u00ebsht\u00eb shp\u00ebrngulur nga lagjja Livadhe prej 6 dit\u00ebsh sot, por nuk e di ende se kur do t\u00eb kthehet pas dhe se \u00e7far\u00eb do [&hellip;]\" \/>\n<meta property=\"og:url\" content=\"https:\/\/fjala.info\/2009-2015\/martoja-vajzen-ne-pranvere-liqeni-shkaterroi-pajen\/\" \/>\n<meta property=\"og:site_name\" content=\"FjALA e LIR\u00cb - Arkivi\" \/>\n<meta property=\"article:published_time\" content=\"2010-12-08T06:25:03+00:00\" \/>\n<meta property=\"og:image\" content=\"http:\/\/fjala.shkoder.net\/wp-content\/uploads\/2010\/12\/mark_toma-242x300.jpg\" \/>\n<meta name=\"author\" content=\"admin\" \/>\n<meta name=\"twitter:card\" content=\"summary_large_image\" \/>\n<meta name=\"twitter:label1\" content=\"Written by\" \/>\n\t<meta name=\"twitter:data1\" content=\"admin\" \/>\n\t<meta name=\"twitter:label2\" content=\"Est. reading time\" \/>\n\t<meta name=\"twitter:data2\" content=\"4 minutes\" \/>\n<script type=\"application\/ld+json\" class=\"yoast-schema-graph\">{\"@context\":\"https:\\\/\\\/schema.org\",\"@graph\":[{\"@type\":\"Article\",\"@id\":\"https:\\\/\\\/fjala.info\\\/2009-2015\\\/martoja-vajzen-ne-pranvere-liqeni-shkaterroi-pajen\\\/#article\",\"isPartOf\":{\"@id\":\"https:\\\/\\\/fjala.info\\\/2009-2015\\\/martoja-vajzen-ne-pranvere-liqeni-shkaterroi-pajen\\\/\"},\"author\":{\"name\":\"admin\",\"@id\":\"https:\\\/\\\/fjala.info\\\/2009-2015\\\/#\\\/schema\\\/person\\\/3aa1163ef05469c496fc94e77611ada2\"},\"headline\":\"\u201cMartoja vajz\u00ebn n\u00eb pranver\u00eb, liqeni shkat\u00ebrroi paj\u00ebn\u201d\",\"datePublished\":\"2010-12-08T06:25:03+00:00\",\"mainEntityOfPage\":{\"@id\":\"https:\\\/\\\/fjala.info\\\/2009-2015\\\/martoja-vajzen-ne-pranvere-liqeni-shkaterroi-pajen\\\/\"},\"wordCount\":838,\"commentCount\":0,\"publisher\":{\"@id\":\"https:\\\/\\\/fjala.info\\\/2009-2015\\\/#organization\"},\"image\":{\"@id\":\"https:\\\/\\\/fjala.info\\\/2009-2015\\\/martoja-vajzen-ne-pranvere-liqeni-shkaterroi-pajen\\\/#primaryimage\"},\"thumbnailUrl\":\"http:\\\/\\\/fjala.shkoder.net\\\/wp-content\\\/uploads\\\/2010\\\/12\\\/mark_toma-242x300.jpg\",\"articleSection\":[\"Artikuj\",\"Intervista\"],\"inLanguage\":\"sq-AL\",\"potentialAction\":[{\"@type\":\"CommentAction\",\"name\":\"Comment\",\"target\":[\"https:\\\/\\\/fjala.info\\\/2009-2015\\\/martoja-vajzen-ne-pranvere-liqeni-shkaterroi-pajen\\\/#respond\"]}]},{\"@type\":\"WebPage\",\"@id\":\"https:\\\/\\\/fjala.info\\\/2009-2015\\\/martoja-vajzen-ne-pranvere-liqeni-shkaterroi-pajen\\\/\",\"url\":\"https:\\\/\\\/fjala.info\\\/2009-2015\\\/martoja-vajzen-ne-pranvere-liqeni-shkaterroi-pajen\\\/\",\"name\":\"\u201cMartoja vajz\u00ebn n\u00eb pranver\u00eb, liqeni shkat\u00ebrroi paj\u00ebn\u201d - FjALA e LIR\u00cb - Arkivi\",\"isPartOf\":{\"@id\":\"https:\\\/\\\/fjala.info\\\/2009-2015\\\/#website\"},\"primaryImageOfPage\":{\"@id\":\"https:\\\/\\\/fjala.info\\\/2009-2015\\\/martoja-vajzen-ne-pranvere-liqeni-shkaterroi-pajen\\\/#primaryimage\"},\"image\":{\"@id\":\"https:\\\/\\\/fjala.info\\\/2009-2015\\\/martoja-vajzen-ne-pranvere-liqeni-shkaterroi-pajen\\\/#primaryimage\"},\"thumbnailUrl\":\"http:\\\/\\\/fjala.shkoder.net\\\/wp-content\\\/uploads\\\/2010\\\/12\\\/mark_toma-242x300.jpg\",\"datePublished\":\"2010-12-08T06:25:03+00:00\",\"breadcrumb\":{\"@id\":\"https:\\\/\\\/fjala.info\\\/2009-2015\\\/martoja-vajzen-ne-pranvere-liqeni-shkaterroi-pajen\\\/#breadcrumb\"},\"inLanguage\":\"sq-AL\",\"potentialAction\":[{\"@type\":\"ReadAction\",\"target\":[\"https:\\\/\\\/fjala.info\\\/2009-2015\\\/martoja-vajzen-ne-pranvere-liqeni-shkaterroi-pajen\\\/\"]}]},{\"@type\":\"ImageObject\",\"inLanguage\":\"sq-AL\",\"@id\":\"https:\\\/\\\/fjala.info\\\/2009-2015\\\/martoja-vajzen-ne-pranvere-liqeni-shkaterroi-pajen\\\/#primaryimage\",\"url\":\"http:\\\/\\\/fjala.shkoder.net\\\/wp-content\\\/uploads\\\/2010\\\/12\\\/mark_toma-242x300.jpg\",\"contentUrl\":\"http:\\\/\\\/fjala.shkoder.net\\\/wp-content\\\/uploads\\\/2010\\\/12\\\/mark_toma-242x300.jpg\"},{\"@type\":\"BreadcrumbList\",\"@id\":\"https:\\\/\\\/fjala.info\\\/2009-2015\\\/martoja-vajzen-ne-pranvere-liqeni-shkaterroi-pajen\\\/#breadcrumb\",\"itemListElement\":[{\"@type\":\"ListItem\",\"position\":1,\"name\":\"Home\",\"item\":\"https:\\\/\\\/fjala.info\\\/2009-2015\\\/\"},{\"@type\":\"ListItem\",\"position\":2,\"name\":\"\u201cMartoja vajz\u00ebn n\u00eb pranver\u00eb, liqeni shkat\u00ebrroi paj\u00ebn\u201d\"}]},{\"@type\":\"WebSite\",\"@id\":\"https:\\\/\\\/fjala.info\\\/2009-2015\\\/#website\",\"url\":\"https:\\\/\\\/fjala.info\\\/2009-2015\\\/\",\"name\":\"FjALA e LIR\u00cb - Arkivi\",\"description\":\"Arkivi 2009-2015\",\"publisher\":{\"@id\":\"https:\\\/\\\/fjala.info\\\/2009-2015\\\/#organization\"},\"potentialAction\":[{\"@type\":\"SearchAction\",\"target\":{\"@type\":\"EntryPoint\",\"urlTemplate\":\"https:\\\/\\\/fjala.info\\\/2009-2015\\\/?s={search_term_string}\"},\"query-input\":{\"@type\":\"PropertyValueSpecification\",\"valueRequired\":true,\"valueName\":\"search_term_string\"}}],\"inLanguage\":\"sq-AL\"},{\"@type\":\"Organization\",\"@id\":\"https:\\\/\\\/fjala.info\\\/2009-2015\\\/#organization\",\"name\":\"FjALA e LIR\u00cb - Arkivi\",\"url\":\"https:\\\/\\\/fjala.info\\\/2009-2015\\\/\",\"logo\":{\"@type\":\"ImageObject\",\"inLanguage\":\"sq-AL\",\"@id\":\"https:\\\/\\\/fjala.info\\\/2009-2015\\\/#\\\/schema\\\/logo\\\/image\\\/\",\"url\":\"\",\"contentUrl\":\"\",\"caption\":\"FjALA e LIR\u00cb - Arkivi\"},\"image\":{\"@id\":\"https:\\\/\\\/fjala.info\\\/2009-2015\\\/#\\\/schema\\\/logo\\\/image\\\/\"}},{\"@type\":\"Person\",\"@id\":\"https:\\\/\\\/fjala.info\\\/2009-2015\\\/#\\\/schema\\\/person\\\/3aa1163ef05469c496fc94e77611ada2\",\"name\":\"admin\",\"image\":{\"@type\":\"ImageObject\",\"inLanguage\":\"sq-AL\",\"@id\":\"https:\\\/\\\/fjala.info\\\/2009-2015\\\/wp-content\\\/uploads\\\/2012\\\/02\\\/arben_cokaj-120x150.jpg\",\"url\":\"https:\\\/\\\/fjala.info\\\/2009-2015\\\/wp-content\\\/uploads\\\/2012\\\/02\\\/arben_cokaj-120x150.jpg\",\"contentUrl\":\"https:\\\/\\\/fjala.info\\\/2009-2015\\\/wp-content\\\/uploads\\\/2012\\\/02\\\/arben_cokaj-120x150.jpg\",\"caption\":\"admin\"},\"description\":\"Admin, Fjala e Lir\u00eb\",\"sameAs\":[\"https:\\\/\\\/fjala.info\\\/\"],\"url\":\"https:\\\/\\\/fjala.info\\\/2009-2015\\\/author\\\/admin\\\/\"}]}<\/script>\n<!-- \/ Yoast SEO plugin. -->","yoast_head_json":{"title":"\u201cMartoja vajz\u00ebn n\u00eb pranver\u00eb, liqeni shkat\u00ebrroi paj\u00ebn\u201d - FjALA e LIR\u00cb - Arkivi","robots":{"index":"index","follow":"follow","max-snippet":"max-snippet:-1","max-image-preview":"max-image-preview:large","max-video-preview":"max-video-preview:-1"},"canonical":"https:\/\/fjala.info\/2009-2015\/martoja-vajzen-ne-pranvere-liqeni-shkaterroi-pajen\/","og_locale":"sq_AL","og_type":"article","og_title":"\u201cMartoja vajz\u00ebn n\u00eb pranver\u00eb, liqeni shkat\u00ebrroi paj\u00ebn\u201d - FjALA e LIR\u00cb - Arkivi","og_description":"Panorama, 07 Dhjetor 2010 K\u00ebto jan\u00eb fjal\u00ebt e Mark Tom\u00ebs, nj\u00ebrit prej mij\u00ebra banor\u00ebve q\u00eb kan\u00eb p\u00ebrjetuar tmerrin e k\u00ebtyre dit\u00ebve, q\u00eb duket se nuk po marrin fund n\u00eb Shkod\u00ebr. Ai \u00ebsht\u00eb shp\u00ebrngulur nga lagjja Livadhe prej 6 dit\u00ebsh sot, por nuk e di ende se kur do t\u00eb kthehet pas dhe se \u00e7far\u00eb do [&hellip;]","og_url":"https:\/\/fjala.info\/2009-2015\/martoja-vajzen-ne-pranvere-liqeni-shkaterroi-pajen\/","og_site_name":"FjALA e LIR\u00cb - Arkivi","article_published_time":"2010-12-08T06:25:03+00:00","og_image":[{"url":"http:\/\/fjala.shkoder.net\/wp-content\/uploads\/2010\/12\/mark_toma-242x300.jpg","type":"","width":"","height":""}],"author":"admin","twitter_card":"summary_large_image","twitter_misc":{"Written by":"admin","Est. reading time":"4 minutes"},"schema":{"@context":"https:\/\/schema.org","@graph":[{"@type":"Article","@id":"https:\/\/fjala.info\/2009-2015\/martoja-vajzen-ne-pranvere-liqeni-shkaterroi-pajen\/#article","isPartOf":{"@id":"https:\/\/fjala.info\/2009-2015\/martoja-vajzen-ne-pranvere-liqeni-shkaterroi-pajen\/"},"author":{"name":"admin","@id":"https:\/\/fjala.info\/2009-2015\/#\/schema\/person\/3aa1163ef05469c496fc94e77611ada2"},"headline":"\u201cMartoja vajz\u00ebn n\u00eb pranver\u00eb, liqeni shkat\u00ebrroi paj\u00ebn\u201d","datePublished":"2010-12-08T06:25:03+00:00","mainEntityOfPage":{"@id":"https:\/\/fjala.info\/2009-2015\/martoja-vajzen-ne-pranvere-liqeni-shkaterroi-pajen\/"},"wordCount":838,"commentCount":0,"publisher":{"@id":"https:\/\/fjala.info\/2009-2015\/#organization"},"image":{"@id":"https:\/\/fjala.info\/2009-2015\/martoja-vajzen-ne-pranvere-liqeni-shkaterroi-pajen\/#primaryimage"},"thumbnailUrl":"http:\/\/fjala.shkoder.net\/wp-content\/uploads\/2010\/12\/mark_toma-242x300.jpg","articleSection":["Artikuj","Intervista"],"inLanguage":"sq-AL","potentialAction":[{"@type":"CommentAction","name":"Comment","target":["https:\/\/fjala.info\/2009-2015\/martoja-vajzen-ne-pranvere-liqeni-shkaterroi-pajen\/#respond"]}]},{"@type":"WebPage","@id":"https:\/\/fjala.info\/2009-2015\/martoja-vajzen-ne-pranvere-liqeni-shkaterroi-pajen\/","url":"https:\/\/fjala.info\/2009-2015\/martoja-vajzen-ne-pranvere-liqeni-shkaterroi-pajen\/","name":"\u201cMartoja vajz\u00ebn n\u00eb pranver\u00eb, liqeni shkat\u00ebrroi paj\u00ebn\u201d - FjALA e LIR\u00cb - Arkivi","isPartOf":{"@id":"https:\/\/fjala.info\/2009-2015\/#website"},"primaryImageOfPage":{"@id":"https:\/\/fjala.info\/2009-2015\/martoja-vajzen-ne-pranvere-liqeni-shkaterroi-pajen\/#primaryimage"},"image":{"@id":"https:\/\/fjala.info\/2009-2015\/martoja-vajzen-ne-pranvere-liqeni-shkaterroi-pajen\/#primaryimage"},"thumbnailUrl":"http:\/\/fjala.shkoder.net\/wp-content\/uploads\/2010\/12\/mark_toma-242x300.jpg","datePublished":"2010-12-08T06:25:03+00:00","breadcrumb":{"@id":"https:\/\/fjala.info\/2009-2015\/martoja-vajzen-ne-pranvere-liqeni-shkaterroi-pajen\/#breadcrumb"},"inLanguage":"sq-AL","potentialAction":[{"@type":"ReadAction","target":["https:\/\/fjala.info\/2009-2015\/martoja-vajzen-ne-pranvere-liqeni-shkaterroi-pajen\/"]}]},{"@type":"ImageObject","inLanguage":"sq-AL","@id":"https:\/\/fjala.info\/2009-2015\/martoja-vajzen-ne-pranvere-liqeni-shkaterroi-pajen\/#primaryimage","url":"http:\/\/fjala.shkoder.net\/wp-content\/uploads\/2010\/12\/mark_toma-242x300.jpg","contentUrl":"http:\/\/fjala.shkoder.net\/wp-content\/uploads\/2010\/12\/mark_toma-242x300.jpg"},{"@type":"BreadcrumbList","@id":"https:\/\/fjala.info\/2009-2015\/martoja-vajzen-ne-pranvere-liqeni-shkaterroi-pajen\/#breadcrumb","itemListElement":[{"@type":"ListItem","position":1,"name":"Home","item":"https:\/\/fjala.info\/2009-2015\/"},{"@type":"ListItem","position":2,"name":"\u201cMartoja vajz\u00ebn n\u00eb pranver\u00eb, liqeni shkat\u00ebrroi paj\u00ebn\u201d"}]},{"@type":"WebSite","@id":"https:\/\/fjala.info\/2009-2015\/#website","url":"https:\/\/fjala.info\/2009-2015\/","name":"FjALA e LIR\u00cb - Arkivi","description":"Arkivi 2009-2015","publisher":{"@id":"https:\/\/fjala.info\/2009-2015\/#organization"},"potentialAction":[{"@type":"SearchAction","target":{"@type":"EntryPoint","urlTemplate":"https:\/\/fjala.info\/2009-2015\/?s={search_term_string}"},"query-input":{"@type":"PropertyValueSpecification","valueRequired":true,"valueName":"search_term_string"}}],"inLanguage":"sq-AL"},{"@type":"Organization","@id":"https:\/\/fjala.info\/2009-2015\/#organization","name":"FjALA e LIR\u00cb - Arkivi","url":"https:\/\/fjala.info\/2009-2015\/","logo":{"@type":"ImageObject","inLanguage":"sq-AL","@id":"https:\/\/fjala.info\/2009-2015\/#\/schema\/logo\/image\/","url":"","contentUrl":"","caption":"FjALA e LIR\u00cb - Arkivi"},"image":{"@id":"https:\/\/fjala.info\/2009-2015\/#\/schema\/logo\/image\/"}},{"@type":"Person","@id":"https:\/\/fjala.info\/2009-2015\/#\/schema\/person\/3aa1163ef05469c496fc94e77611ada2","name":"admin","image":{"@type":"ImageObject","inLanguage":"sq-AL","@id":"https:\/\/fjala.info\/2009-2015\/wp-content\/uploads\/2012\/02\/arben_cokaj-120x150.jpg","url":"https:\/\/fjala.info\/2009-2015\/wp-content\/uploads\/2012\/02\/arben_cokaj-120x150.jpg","contentUrl":"https:\/\/fjala.info\/2009-2015\/wp-content\/uploads\/2012\/02\/arben_cokaj-120x150.jpg","caption":"admin"},"description":"Admin, Fjala e Lir\u00eb","sameAs":["https:\/\/fjala.info\/"],"url":"https:\/\/fjala.info\/2009-2015\/author\/admin\/"}]}},"_links":{"self":[{"href":"https:\/\/fjala.info\/2009-2015\/wp-json\/wp\/v2\/posts\/5155","targetHints":{"allow":["GET"]}}],"collection":[{"href":"https:\/\/fjala.info\/2009-2015\/wp-json\/wp\/v2\/posts"}],"about":[{"href":"https:\/\/fjala.info\/2009-2015\/wp-json\/wp\/v2\/types\/post"}],"author":[{"embeddable":true,"href":"https:\/\/fjala.info\/2009-2015\/wp-json\/wp\/v2\/users\/1"}],"replies":[{"embeddable":true,"href":"https:\/\/fjala.info\/2009-2015\/wp-json\/wp\/v2\/comments?post=5155"}],"version-history":[{"count":0,"href":"https:\/\/fjala.info\/2009-2015\/wp-json\/wp\/v2\/posts\/5155\/revisions"}],"wp:attachment":[{"href":"https:\/\/fjala.info\/2009-2015\/wp-json\/wp\/v2\/media?parent=5155"}],"wp:term":[{"taxonomy":"category","embeddable":true,"href":"https:\/\/fjala.info\/2009-2015\/wp-json\/wp\/v2\/categories?post=5155"},{"taxonomy":"post_tag","embeddable":true,"href":"https:\/\/fjala.info\/2009-2015\/wp-json\/wp\/v2\/tags?post=5155"}],"curies":[{"name":"wp","href":"https:\/\/api.w.org\/{rel}","templated":true}]}}