{"id":5154,"date":"2015-12-26T21:27:08","date_gmt":"2015-12-26T20:27:08","guid":{"rendered":"http:\/\/www.fjala.info\/?p=5154"},"modified":"2015-12-26T21:27:08","modified_gmt":"2015-12-26T20:27:08","slug":"katedralja-xhami-e-shen-shtjefnit","status":"publish","type":"post","link":"https:\/\/fjala.info\/2009-2015\/katedralja-xhami-e-shen-shtjefnit\/","title":{"rendered":"Katedralja &#8211; Xhami e Sh\u00ebn Shtjefnit?!"},"content":{"rendered":"<p><strong>Sot, 26 dhjetor, Kisha katolike p\u00ebrkujton martirin e par\u00eb t\u00eb krishterimit: Sh\u00ebn Shtjefnin.<\/strong><\/p>\n<p>Emri i Shenjtit nderohet n\u00eb t\u00eb gjitha viset e krishtera t\u00eb Shqip\u00ebris\u00eb, ku q\u00eb n\u00eb shekujt e par\u00eb qen\u00eb ngritur katedrale e kisha n\u00eb nderim t\u00eb tij. Sh\u00ebn Shtjefni lidhet sidomos me Shkodr\u00ebn. Shkodran\u00ebt e pat\u00ebn zgjedhur q\u00eb heret pajtor e i pat\u00ebn ngritur kisha, duke nisur nga Katedralja n\u00eb K\u00ebshtjell\u00ebn Rozafa.<\/p>\n<p style=\"text-align: center;\"><img decoding=\"async\" class=\"aligncenter\" title=\"Katedralja - Xhami e Sh\u00ebn Shtjefnit?!\" src=\"http:\/\/www.fjala.info\/2015\/katedralja_xhami_shen_shtjefnit.jpg\" alt=\"\" width=\"450\" \/><em>Ky kult fetar pretendohet vet\u00ebm nga Sytari q\u00eb t\u00eb kthehet n\u00eb xhami,<br \/>\np\u00ebrs\u00ebri, sikur pushtimi turk vazhdon p\u00ebrmes islamit&#8230;<\/em><\/p>\n<p>Duke g\u00ebrmuar n\u00eb mjetet e komunikimit, p\u00ebr t\u00eb gjetur sa m\u00eb shum\u00eb t\u00eb dh\u00ebna p\u00ebr Katedralen e Sh\u00ebn Shtjefnit n\u00eb K\u00ebshtjell\u00ebn Rozafa, gjet\u00ebm edhe em\u00ebrtimin e \u00e7uditsh\u00ebm, q\u00eb e vum\u00eb n\u00eb krye t\u00eb k\u00ebtij shkrimi, p\u00ebrb\u00ebr\u00eb nga dy fjal\u00eb, q\u00eb e p\u00ebrjashtojn\u00eb menj\u00ebher\u00eb nj\u00ebra-tjetr\u00ebn. E pik\u00ebrisht pas k\u00ebtij binomi, gjet\u00ebm edhe pretendimet e pafundme e t\u00eb pavend lidhur me zanafill\u00ebn e vijimin e historis\u00eb s\u00eb k\u00ebsaj ngrehine kishtare, me r\u00ebnd\u00ebsi t\u00eb madhe p\u00ebr historin\u00eb e krishterimit nd\u00ebr shqiptar\u00eb. E historia flet n\u00eb m\u00ebnyr\u00eb t\u00eb pakund\u00ebrshtueshme. Jo vet\u00ebm p\u00ebr kultin e Sh\u00ebn Shtjefnit, por edhe p\u00ebr at\u00eb t\u00eb shum\u00eb martir\u00ebve t\u00eb koh\u00ebve t\u00eb para t\u00eb krishterimit, nd\u00ebrmjet t\u00eb cil\u00ebve, Shenjtor\u00ebt Sergji e Bahu.<\/p>\n<p>E pik\u00ebrisht n\u00eb ato koh\u00eb e ka zanafill\u00ebn edhe Katedralja e K\u00ebshtjell\u00ebs ilire. Duke qen\u00eb e mbrojtur nga muret e Rozaf\u00ebs, kjo Kish\u00eb u lartua n\u00eb rang katedraleje, nd\u00ebrmjet kishave e abacive t\u00eb tjera t\u00eb shumta, q\u00eb ngriheshin rreth e rreth saj, n\u00eb Shkod\u00ebr e n\u00eb male. Ka shum\u00eb mund\u00ebsi q\u00eb u pag\u00ebzua qysh n\u00eb lindje me emrin e Martirit t\u00eb par\u00eb t\u00eb krishterimit. Gjithsesi, p\u00ebr k\u00ebt\u00eb nuk ka t\u00eb dh\u00ebna t\u00eb sigurta.<\/p>\n<p>\u00c7ka dihet me siguri, \u00ebsht\u00eb se kulti i Martirit t\u00eb par\u00eb u p\u00ebrhap gjer\u00ebsisht n\u00eb k\u00ebt\u00eb zon\u00eb n\u00eb shekullin XIII, n\u00eb koh\u00ebn e sundimit t\u00eb princesh\u00ebs katolike Helena. V\u00ebrtetohet historikisht se asokohe katedralja njihej me emrin e Shtjefnit. E po aso kohe, Sh\u00ebn Shtjefni u shpall Pajtor i qytetit e nisi edhe kremtimi i fest\u00ebs s\u00eb tij me nj\u00eb panair t\u00eb madh n\u00eb sheshin para Kish\u00ebs, ku mblidheshin tregtar\u00ebt e gjith\u00eb zon\u00ebs e, madje, edhe ata q\u00eb vinin nga Venediku e nga Republika e Raguz\u00ebs. N\u00eb nj\u00eb nen t\u00eb ve\u00e7ant\u00eb t\u00eb Statuteve t\u00eb Shkodr\u00ebs, hartuar n\u00eb shekullin XIV, shkruhet se n\u00eb Kish\u00ebn e Sh\u00ebn Shtjefnit, n\u00ebn tingujt e k\u00ebmbanave, \u00e7do fundviti mblidheshin k\u00ebshilltar\u00ebt e qytetit dhe gjykat\u00ebsit, p\u00ebr t\u00eb zgjedhur organet bashkijake.<\/p>\n<p>Kisha? Apo xhamia e Sh\u00ebn Shtjefnit, si po e quaka ndokush n\u00eb koh\u00ebt tona moderne? Mjafton pak\u00ebz njohuri historie, p\u00ebr t\u00eb arritur n\u00eb p\u00ebrfundimin se \u00ebsht\u00eb kish\u00eb, madje katedrale e lasht\u00eb katolike e shnd\u00ebrruar n\u00eb xhami, si vend faljeje p\u00ebr garnizonin ushtarak turk, e pastaj edhe n\u00eb xhebehane, apo depo baruti. P\u00ebr t\u00eb arrir\u00eb n\u00eb koh\u00ebt tona si rr\u00ebnoj\u00eb e lumnueshme feje e atdhetarie, ku mund t\u00eb hyj\u00eb e t\u00eb lutet \u00e7do njeri, n\u00eb m\u00ebnyr\u00ebn e vet, pa u trazuar nga askush. Kjo asht Katedralja historike e sh\u00ebn Shtjefnit, ku ka shum\u00eb mund\u00ebsi t\u00eb jet\u00eb lutur edhe vet\u00eb Sk\u00ebnderbeu.<\/p>\n<p>G\u00ebrmadhat e saj t\u00eb lumnueshme, n\u00eb t\u00eb cilat u ruajt\u00ebn deri von\u00eb cop\u00ebza afreskesh e, madje, deri nj\u00eb organo e vjet\u00ebr, flasin vet\u00eb\u2026<\/p>\n<p>Kisha? Apo xhamia e Sh\u00ebn Shtjefnit!? [ <a href=\"http:\/\/sq.radiovaticana.va\/news\/2015\/12\/26\/xhamia_e_sh%C3%ABn_shtjefni\" target=\"_blank\" rel=\"noopener noreferrer\">Kliko k\u00ebtu<\/a> ]<\/p>\n","protected":false},"excerpt":{"rendered":"<p>Sot, 26 dhjetor, Kisha katolike p\u00ebrkujton martirin e par\u00eb t\u00eb krishterimit: Sh\u00ebn Shtjefnin. Emri i Shenjtit nderohet n\u00eb t\u00eb gjitha viset e krishtera t\u00eb Shqip\u00ebris\u00eb, ku q\u00eb n\u00eb shekujt e par\u00eb qen\u00eb ngritur katedrale e kisha n\u00eb nderim t\u00eb tij. Sh\u00ebn Shtjefni lidhet sidomos me Shkodr\u00ebn. Shkodran\u00ebt e pat\u00ebn zgjedhur q\u00eb heret pajtor e i [&hellip;]<\/p>\n","protected":false},"author":1,"featured_media":0,"comment_status":"open","ping_status":"closed","sticky":false,"template":"","format":"standard","meta":{"footnotes":""},"categories":[2],"tags":[],"class_list":{"0":"post-5154","1":"post","2":"type-post","3":"status-publish","4":"format-standard","6":"category-artikuj"},"yoast_head":"<!-- This site is optimized with the Yoast SEO plugin v27.4 - https:\/\/yoast.com\/product\/yoast-seo-wordpress\/ -->\n<title>Katedralja - Xhami e Sh\u00ebn Shtjefnit?! - FjALA e LIR\u00cb - Arkivi<\/title>\n<meta name=\"robots\" content=\"index, follow, max-snippet:-1, max-image-preview:large, max-video-preview:-1\" \/>\n<link rel=\"canonical\" href=\"https:\/\/fjala.info\/2009-2015\/katedralja-xhami-e-shen-shtjefnit\/\" \/>\n<meta property=\"og:locale\" content=\"sq_AL\" \/>\n<meta property=\"og:type\" content=\"article\" \/>\n<meta property=\"og:title\" content=\"Katedralja - Xhami e Sh\u00ebn Shtjefnit?! - FjALA e LIR\u00cb - Arkivi\" \/>\n<meta property=\"og:description\" content=\"Sot, 26 dhjetor, Kisha katolike p\u00ebrkujton martirin e par\u00eb t\u00eb krishterimit: Sh\u00ebn Shtjefnin. Emri i Shenjtit nderohet n\u00eb t\u00eb gjitha viset e krishtera t\u00eb Shqip\u00ebris\u00eb, ku q\u00eb n\u00eb shekujt e par\u00eb qen\u00eb ngritur katedrale e kisha n\u00eb nderim t\u00eb tij. Sh\u00ebn Shtjefni lidhet sidomos me Shkodr\u00ebn. Shkodran\u00ebt e pat\u00ebn zgjedhur q\u00eb heret pajtor e i [&hellip;]\" \/>\n<meta property=\"og:url\" content=\"https:\/\/fjala.info\/2009-2015\/katedralja-xhami-e-shen-shtjefnit\/\" \/>\n<meta property=\"og:site_name\" content=\"FjALA e LIR\u00cb - Arkivi\" \/>\n<meta property=\"article:published_time\" content=\"2015-12-26T20:27:08+00:00\" \/>\n<meta property=\"og:image\" content=\"http:\/\/www.fjala.info\/2015\/katedralja_xhami_shen_shtjefnit.jpg\" \/>\n<meta name=\"author\" content=\"admin\" \/>\n<meta name=\"twitter:card\" content=\"summary_large_image\" \/>\n<meta name=\"twitter:label1\" content=\"Written by\" \/>\n\t<meta name=\"twitter:data1\" content=\"admin\" \/>\n\t<meta name=\"twitter:label2\" content=\"Est. reading time\" \/>\n\t<meta name=\"twitter:data2\" content=\"3 minutes\" \/>\n<script type=\"application\/ld+json\" class=\"yoast-schema-graph\">{\"@context\":\"https:\\\/\\\/schema.org\",\"@graph\":[{\"@type\":\"Article\",\"@id\":\"https:\\\/\\\/fjala.info\\\/2009-2015\\\/katedralja-xhami-e-shen-shtjefnit\\\/#article\",\"isPartOf\":{\"@id\":\"https:\\\/\\\/fjala.info\\\/2009-2015\\\/katedralja-xhami-e-shen-shtjefnit\\\/\"},\"author\":{\"name\":\"admin\",\"@id\":\"https:\\\/\\\/fjala.info\\\/2009-2015\\\/#\\\/schema\\\/person\\\/3aa1163ef05469c496fc94e77611ada2\"},\"headline\":\"Katedralja &#8211; Xhami e Sh\u00ebn Shtjefnit?!\",\"datePublished\":\"2015-12-26T20:27:08+00:00\",\"mainEntityOfPage\":{\"@id\":\"https:\\\/\\\/fjala.info\\\/2009-2015\\\/katedralja-xhami-e-shen-shtjefnit\\\/\"},\"wordCount\":633,\"commentCount\":0,\"publisher\":{\"@id\":\"https:\\\/\\\/fjala.info\\\/2009-2015\\\/#organization\"},\"image\":{\"@id\":\"https:\\\/\\\/fjala.info\\\/2009-2015\\\/katedralja-xhami-e-shen-shtjefnit\\\/#primaryimage\"},\"thumbnailUrl\":\"http:\\\/\\\/www.fjala.info\\\/2015\\\/katedralja_xhami_shen_shtjefnit.jpg\",\"articleSection\":[\"Artikuj\"],\"inLanguage\":\"sq-AL\",\"potentialAction\":[{\"@type\":\"CommentAction\",\"name\":\"Comment\",\"target\":[\"https:\\\/\\\/fjala.info\\\/2009-2015\\\/katedralja-xhami-e-shen-shtjefnit\\\/#respond\"]}]},{\"@type\":\"WebPage\",\"@id\":\"https:\\\/\\\/fjala.info\\\/2009-2015\\\/katedralja-xhami-e-shen-shtjefnit\\\/\",\"url\":\"https:\\\/\\\/fjala.info\\\/2009-2015\\\/katedralja-xhami-e-shen-shtjefnit\\\/\",\"name\":\"Katedralja - Xhami e Sh\u00ebn Shtjefnit?! - FjALA e LIR\u00cb - Arkivi\",\"isPartOf\":{\"@id\":\"https:\\\/\\\/fjala.info\\\/2009-2015\\\/#website\"},\"primaryImageOfPage\":{\"@id\":\"https:\\\/\\\/fjala.info\\\/2009-2015\\\/katedralja-xhami-e-shen-shtjefnit\\\/#primaryimage\"},\"image\":{\"@id\":\"https:\\\/\\\/fjala.info\\\/2009-2015\\\/katedralja-xhami-e-shen-shtjefnit\\\/#primaryimage\"},\"thumbnailUrl\":\"http:\\\/\\\/www.fjala.info\\\/2015\\\/katedralja_xhami_shen_shtjefnit.jpg\",\"datePublished\":\"2015-12-26T20:27:08+00:00\",\"breadcrumb\":{\"@id\":\"https:\\\/\\\/fjala.info\\\/2009-2015\\\/katedralja-xhami-e-shen-shtjefnit\\\/#breadcrumb\"},\"inLanguage\":\"sq-AL\",\"potentialAction\":[{\"@type\":\"ReadAction\",\"target\":[\"https:\\\/\\\/fjala.info\\\/2009-2015\\\/katedralja-xhami-e-shen-shtjefnit\\\/\"]}]},{\"@type\":\"ImageObject\",\"inLanguage\":\"sq-AL\",\"@id\":\"https:\\\/\\\/fjala.info\\\/2009-2015\\\/katedralja-xhami-e-shen-shtjefnit\\\/#primaryimage\",\"url\":\"http:\\\/\\\/www.fjala.info\\\/2015\\\/katedralja_xhami_shen_shtjefnit.jpg\",\"contentUrl\":\"http:\\\/\\\/www.fjala.info\\\/2015\\\/katedralja_xhami_shen_shtjefnit.jpg\"},{\"@type\":\"BreadcrumbList\",\"@id\":\"https:\\\/\\\/fjala.info\\\/2009-2015\\\/katedralja-xhami-e-shen-shtjefnit\\\/#breadcrumb\",\"itemListElement\":[{\"@type\":\"ListItem\",\"position\":1,\"name\":\"Home\",\"item\":\"https:\\\/\\\/fjala.info\\\/2009-2015\\\/\"},{\"@type\":\"ListItem\",\"position\":2,\"name\":\"Katedralja &#8211; Xhami e Sh\u00ebn Shtjefnit?!\"}]},{\"@type\":\"WebSite\",\"@id\":\"https:\\\/\\\/fjala.info\\\/2009-2015\\\/#website\",\"url\":\"https:\\\/\\\/fjala.info\\\/2009-2015\\\/\",\"name\":\"FjALA e LIR\u00cb - Arkivi\",\"description\":\"Arkivi 2009-2015\",\"publisher\":{\"@id\":\"https:\\\/\\\/fjala.info\\\/2009-2015\\\/#organization\"},\"potentialAction\":[{\"@type\":\"SearchAction\",\"target\":{\"@type\":\"EntryPoint\",\"urlTemplate\":\"https:\\\/\\\/fjala.info\\\/2009-2015\\\/?s={search_term_string}\"},\"query-input\":{\"@type\":\"PropertyValueSpecification\",\"valueRequired\":true,\"valueName\":\"search_term_string\"}}],\"inLanguage\":\"sq-AL\"},{\"@type\":\"Organization\",\"@id\":\"https:\\\/\\\/fjala.info\\\/2009-2015\\\/#organization\",\"name\":\"FjALA e LIR\u00cb - Arkivi\",\"url\":\"https:\\\/\\\/fjala.info\\\/2009-2015\\\/\",\"logo\":{\"@type\":\"ImageObject\",\"inLanguage\":\"sq-AL\",\"@id\":\"https:\\\/\\\/fjala.info\\\/2009-2015\\\/#\\\/schema\\\/logo\\\/image\\\/\",\"url\":\"\",\"contentUrl\":\"\",\"caption\":\"FjALA e LIR\u00cb - Arkivi\"},\"image\":{\"@id\":\"https:\\\/\\\/fjala.info\\\/2009-2015\\\/#\\\/schema\\\/logo\\\/image\\\/\"}},{\"@type\":\"Person\",\"@id\":\"https:\\\/\\\/fjala.info\\\/2009-2015\\\/#\\\/schema\\\/person\\\/3aa1163ef05469c496fc94e77611ada2\",\"name\":\"admin\",\"image\":{\"@type\":\"ImageObject\",\"inLanguage\":\"sq-AL\",\"@id\":\"https:\\\/\\\/fjala.info\\\/2009-2015\\\/wp-content\\\/uploads\\\/2012\\\/02\\\/arben_cokaj-120x150.jpg\",\"url\":\"https:\\\/\\\/fjala.info\\\/2009-2015\\\/wp-content\\\/uploads\\\/2012\\\/02\\\/arben_cokaj-120x150.jpg\",\"contentUrl\":\"https:\\\/\\\/fjala.info\\\/2009-2015\\\/wp-content\\\/uploads\\\/2012\\\/02\\\/arben_cokaj-120x150.jpg\",\"caption\":\"admin\"},\"description\":\"Admin, Fjala e Lir\u00eb\",\"sameAs\":[\"https:\\\/\\\/fjala.info\\\/\"],\"url\":\"https:\\\/\\\/fjala.info\\\/2009-2015\\\/author\\\/admin\\\/\"}]}<\/script>\n<!-- \/ Yoast SEO plugin. -->","yoast_head_json":{"title":"Katedralja - Xhami e Sh\u00ebn Shtjefnit?! - FjALA e LIR\u00cb - Arkivi","robots":{"index":"index","follow":"follow","max-snippet":"max-snippet:-1","max-image-preview":"max-image-preview:large","max-video-preview":"max-video-preview:-1"},"canonical":"https:\/\/fjala.info\/2009-2015\/katedralja-xhami-e-shen-shtjefnit\/","og_locale":"sq_AL","og_type":"article","og_title":"Katedralja - Xhami e Sh\u00ebn Shtjefnit?! - FjALA e LIR\u00cb - Arkivi","og_description":"Sot, 26 dhjetor, Kisha katolike p\u00ebrkujton martirin e par\u00eb t\u00eb krishterimit: Sh\u00ebn Shtjefnin. Emri i Shenjtit nderohet n\u00eb t\u00eb gjitha viset e krishtera t\u00eb Shqip\u00ebris\u00eb, ku q\u00eb n\u00eb shekujt e par\u00eb qen\u00eb ngritur katedrale e kisha n\u00eb nderim t\u00eb tij. Sh\u00ebn Shtjefni lidhet sidomos me Shkodr\u00ebn. Shkodran\u00ebt e pat\u00ebn zgjedhur q\u00eb heret pajtor e i [&hellip;]","og_url":"https:\/\/fjala.info\/2009-2015\/katedralja-xhami-e-shen-shtjefnit\/","og_site_name":"FjALA e LIR\u00cb - Arkivi","article_published_time":"2015-12-26T20:27:08+00:00","og_image":[{"url":"http:\/\/www.fjala.info\/2015\/katedralja_xhami_shen_shtjefnit.jpg","type":"","width":"","height":""}],"author":"admin","twitter_card":"summary_large_image","twitter_misc":{"Written by":"admin","Est. reading time":"3 minutes"},"schema":{"@context":"https:\/\/schema.org","@graph":[{"@type":"Article","@id":"https:\/\/fjala.info\/2009-2015\/katedralja-xhami-e-shen-shtjefnit\/#article","isPartOf":{"@id":"https:\/\/fjala.info\/2009-2015\/katedralja-xhami-e-shen-shtjefnit\/"},"author":{"name":"admin","@id":"https:\/\/fjala.info\/2009-2015\/#\/schema\/person\/3aa1163ef05469c496fc94e77611ada2"},"headline":"Katedralja &#8211; Xhami e Sh\u00ebn Shtjefnit?!","datePublished":"2015-12-26T20:27:08+00:00","mainEntityOfPage":{"@id":"https:\/\/fjala.info\/2009-2015\/katedralja-xhami-e-shen-shtjefnit\/"},"wordCount":633,"commentCount":0,"publisher":{"@id":"https:\/\/fjala.info\/2009-2015\/#organization"},"image":{"@id":"https:\/\/fjala.info\/2009-2015\/katedralja-xhami-e-shen-shtjefnit\/#primaryimage"},"thumbnailUrl":"http:\/\/www.fjala.info\/2015\/katedralja_xhami_shen_shtjefnit.jpg","articleSection":["Artikuj"],"inLanguage":"sq-AL","potentialAction":[{"@type":"CommentAction","name":"Comment","target":["https:\/\/fjala.info\/2009-2015\/katedralja-xhami-e-shen-shtjefnit\/#respond"]}]},{"@type":"WebPage","@id":"https:\/\/fjala.info\/2009-2015\/katedralja-xhami-e-shen-shtjefnit\/","url":"https:\/\/fjala.info\/2009-2015\/katedralja-xhami-e-shen-shtjefnit\/","name":"Katedralja - Xhami e Sh\u00ebn Shtjefnit?! - FjALA e LIR\u00cb - Arkivi","isPartOf":{"@id":"https:\/\/fjala.info\/2009-2015\/#website"},"primaryImageOfPage":{"@id":"https:\/\/fjala.info\/2009-2015\/katedralja-xhami-e-shen-shtjefnit\/#primaryimage"},"image":{"@id":"https:\/\/fjala.info\/2009-2015\/katedralja-xhami-e-shen-shtjefnit\/#primaryimage"},"thumbnailUrl":"http:\/\/www.fjala.info\/2015\/katedralja_xhami_shen_shtjefnit.jpg","datePublished":"2015-12-26T20:27:08+00:00","breadcrumb":{"@id":"https:\/\/fjala.info\/2009-2015\/katedralja-xhami-e-shen-shtjefnit\/#breadcrumb"},"inLanguage":"sq-AL","potentialAction":[{"@type":"ReadAction","target":["https:\/\/fjala.info\/2009-2015\/katedralja-xhami-e-shen-shtjefnit\/"]}]},{"@type":"ImageObject","inLanguage":"sq-AL","@id":"https:\/\/fjala.info\/2009-2015\/katedralja-xhami-e-shen-shtjefnit\/#primaryimage","url":"http:\/\/www.fjala.info\/2015\/katedralja_xhami_shen_shtjefnit.jpg","contentUrl":"http:\/\/www.fjala.info\/2015\/katedralja_xhami_shen_shtjefnit.jpg"},{"@type":"BreadcrumbList","@id":"https:\/\/fjala.info\/2009-2015\/katedralja-xhami-e-shen-shtjefnit\/#breadcrumb","itemListElement":[{"@type":"ListItem","position":1,"name":"Home","item":"https:\/\/fjala.info\/2009-2015\/"},{"@type":"ListItem","position":2,"name":"Katedralja &#8211; Xhami e Sh\u00ebn Shtjefnit?!"}]},{"@type":"WebSite","@id":"https:\/\/fjala.info\/2009-2015\/#website","url":"https:\/\/fjala.info\/2009-2015\/","name":"FjALA e LIR\u00cb - Arkivi","description":"Arkivi 2009-2015","publisher":{"@id":"https:\/\/fjala.info\/2009-2015\/#organization"},"potentialAction":[{"@type":"SearchAction","target":{"@type":"EntryPoint","urlTemplate":"https:\/\/fjala.info\/2009-2015\/?s={search_term_string}"},"query-input":{"@type":"PropertyValueSpecification","valueRequired":true,"valueName":"search_term_string"}}],"inLanguage":"sq-AL"},{"@type":"Organization","@id":"https:\/\/fjala.info\/2009-2015\/#organization","name":"FjALA e LIR\u00cb - Arkivi","url":"https:\/\/fjala.info\/2009-2015\/","logo":{"@type":"ImageObject","inLanguage":"sq-AL","@id":"https:\/\/fjala.info\/2009-2015\/#\/schema\/logo\/image\/","url":"","contentUrl":"","caption":"FjALA e LIR\u00cb - Arkivi"},"image":{"@id":"https:\/\/fjala.info\/2009-2015\/#\/schema\/logo\/image\/"}},{"@type":"Person","@id":"https:\/\/fjala.info\/2009-2015\/#\/schema\/person\/3aa1163ef05469c496fc94e77611ada2","name":"admin","image":{"@type":"ImageObject","inLanguage":"sq-AL","@id":"https:\/\/fjala.info\/2009-2015\/wp-content\/uploads\/2012\/02\/arben_cokaj-120x150.jpg","url":"https:\/\/fjala.info\/2009-2015\/wp-content\/uploads\/2012\/02\/arben_cokaj-120x150.jpg","contentUrl":"https:\/\/fjala.info\/2009-2015\/wp-content\/uploads\/2012\/02\/arben_cokaj-120x150.jpg","caption":"admin"},"description":"Admin, Fjala e Lir\u00eb","sameAs":["https:\/\/fjala.info\/"],"url":"https:\/\/fjala.info\/2009-2015\/author\/admin\/"}]}},"_links":{"self":[{"href":"https:\/\/fjala.info\/2009-2015\/wp-json\/wp\/v2\/posts\/5154","targetHints":{"allow":["GET"]}}],"collection":[{"href":"https:\/\/fjala.info\/2009-2015\/wp-json\/wp\/v2\/posts"}],"about":[{"href":"https:\/\/fjala.info\/2009-2015\/wp-json\/wp\/v2\/types\/post"}],"author":[{"embeddable":true,"href":"https:\/\/fjala.info\/2009-2015\/wp-json\/wp\/v2\/users\/1"}],"replies":[{"embeddable":true,"href":"https:\/\/fjala.info\/2009-2015\/wp-json\/wp\/v2\/comments?post=5154"}],"version-history":[{"count":0,"href":"https:\/\/fjala.info\/2009-2015\/wp-json\/wp\/v2\/posts\/5154\/revisions"}],"wp:attachment":[{"href":"https:\/\/fjala.info\/2009-2015\/wp-json\/wp\/v2\/media?parent=5154"}],"wp:term":[{"taxonomy":"category","embeddable":true,"href":"https:\/\/fjala.info\/2009-2015\/wp-json\/wp\/v2\/categories?post=5154"},{"taxonomy":"post_tag","embeddable":true,"href":"https:\/\/fjala.info\/2009-2015\/wp-json\/wp\/v2\/tags?post=5154"}],"curies":[{"name":"wp","href":"https:\/\/api.w.org\/{rel}","templated":true}]}}