{"id":5153,"date":"2010-12-08T11:12:32","date_gmt":"2010-12-08T10:12:32","guid":{"rendered":"http:\/\/fjala.shkoder.net\/?p=5153"},"modified":"2010-12-08T11:12:32","modified_gmt":"2010-12-08T10:12:32","slug":"eshte-fiks-fare-berisha-permbyti-shkodranet","status":"publish","type":"post","link":"https:\/\/fjala.info\/2009-2015\/eshte-fiks-fare-berisha-permbyti-shkodranet\/","title":{"rendered":"\u00cbSHT\u00cb FIKS FARE, BERISHA PERMBYTI SHKODRAN\u00cbT!"},"content":{"rendered":"<p><img loading=\"lazy\" decoding=\"async\" class=\"alignleft size-full wp-image-4140\" title=\"Andrea Stefani\" src=\"http:\/\/fjala.shkoder.net\/wp-content\/uploads\/2010\/10\/andrea_stefani.jpg\" alt=\"\" width=\"108\" height=\"118\" \/><br \/>\n<strong>Andrea Stefani<\/strong><\/p>\n<p>Ka ca shkodran\u00eb q\u00eb e duan Sali Berish\u00ebn deri n\u00eb vet\u00ebsakrifikim. \u00cbsht\u00eb liria e tyre. Por nd\u00ebrkaq, \u00ebsht\u00eb e drejt\u00eb e t\u00eb gjith\u00eb kritik\u00ebve t\u00eb Berish\u00ebs, q\u00eb sot jan\u00eb m\u00eb t\u00eb shumt\u00eb se kurr\u00eb n\u00eb Shqip\u00ebri, q\u00eb t\u2019u tregojn\u00eb k\u00ebtyre shkodran\u00ebve se uji q\u00eb sot po u p\u00ebrmbyt djepet e f\u00ebmij\u00ebve, shkollat dhe buk\u00ebn e tyre n\u00eb fusha, \u00ebsht\u00eb pasoj\u00eb e nj\u00eb qeverisjeje cinike q\u00eb betohet se e do Shkodr\u00ebn. Kjo provohet jo me fjal\u00ebt tona, t\u00eb kritik\u00ebve t\u00eb Berish\u00ebs. Kjo provohet me vet\u00eb fjal\u00ebt e Berish\u00ebs.<\/p>\n<p>Ky politikan, q\u00eb nuk ka asnj\u00eb lidhje me t\u00eb v\u00ebrtet\u00ebn, ky maniak pushteti q\u00eb p\u00ebr pushtet e ka \u00e7uar vendin sa e sa her\u00eb nga katastrofa n\u00eb katastrof\u00eb, nga \u201997-a n\u00eb grushtin e shtetit, nga grushti i shtetit n\u00eb tragjedin\u00eb e G\u00ebrdecit dhe nga \u201cG\u00ebrdeci\u201d n\u00eb 5 p\u00ebrmbytje t\u00eb Shkodr\u00ebs brenda nj\u00eb viti, ka provuar me aventurat e veta se \u00ebsht\u00eb pik\u00ebrisht ashtu si akuzonte qeverin\u00eb socialiste rreth 7 vjet m\u00eb par\u00eb: <strong>nj\u00eb qeveritar i karakterizuar nga cinizmi ekstrem, nga amoraliteti total, nga nj\u00eb q\u00ebndrim fund e krye anti-komb\u00ebtar, njeri me urrejtje patologjike p\u00ebr Shkodr\u00ebn<\/strong>.<\/p>\n<p>Ndryshe nuk do t\u00eb lejonte t\u00eb ndodhte sot, e pes\u00ebfishuar, p\u00ebrmbytja e Shkodr\u00ebs, q\u00eb me aq t\u00ebrbim kritikonte n\u00eb vitin 2004 sa pa ardhur ende n\u00eb pushtet. E p\u00ebrs\u00ebris, nuk jan\u00eb akuzat e kritik\u00ebve t\u00eb Berish\u00ebs k\u00ebto. Jan\u00eb vet\u00eb fjal\u00ebt e Berish\u00ebs s\u00eb vitit 2004 q\u00eb sulmon sot Berish\u00ebn n\u00eb pushtet. Opozita e sotme nuk ka forc\u00eb ta demaskoj\u00eb, t\u2019ia \u00e7jerr\u00eb mask\u00ebn k\u00ebtij sharlatani t\u00eb pashpirt, ashtu sikund\u00ebr ia \u00e7jerr ai vetvetes. Opozita nuk e fshikullon dot Berish\u00ebn me kamxhikun e s\u00eb v\u00ebrtet\u00ebs, ashtu si\u00e7 kamxhikon Berisha i vitit 2004 n\u00eb opozit\u00eb, Berish\u00ebn n\u00eb pushtet q\u00eb ka p\u00ebr arm\u00eb g\u00ebnjeshtr\u00ebn dhe mashtrimin e publikut dhe n\u00eb radh\u00eb t\u00eb par\u00eb t\u00eb shkodran\u00ebve.<\/p>\n<p>Dhe a thua g\u00ebnjeshtra mund t\u00eb jet\u00eb kaq e pathyeshme? Po le ta l\u00ebm\u00eb t\u00eb flas\u00eb vet\u00eb Berish\u00ebn. Ja \u00e7\u2019ka th\u00ebn\u00eb ai nga podiumi i Kuvendit, si kryetari i opozit\u00ebs n\u00eb vitin 2004 kur u p\u00ebrmbyt Shkodra: \u201c<em>Jam k\u00ebtu p\u00ebr t\u00eb denoncuar cinizmin ekstrem, amoralitetin total me t\u00eb cilin qeveritar\u00ebt u p\u00ebrpoq\u00ebn t\u00eb mbulojn\u00eb vepr\u00ebn e tyre, p\u00ebrmbytjen e Shkodr\u00ebs p\u00ebr t\u00eb shumt\u00ebn her\u00eb, n\u00eb nj\u00eb shenj\u00eb urrejtjeje patologjike, n\u00eb nj\u00eb q\u00ebndrim fund e krye antikomb\u00ebtar, n\u00eb nj\u00eb q\u00ebndrim primitiv, t\u00eb turpsh\u00ebm\u2026 <\/em><\/p>\n<p><em>M\u00ebsojeni se Buna dhe fryrja e saj, dhe fryrja e liqenit nga fryrja e Bun\u00ebs, \u00ebsht\u00eb mekanizmi kryesor, shkaku kryesor i p\u00ebrmbytjes s\u00eb Shkodr\u00ebs. N\u00eb t\u00eb gjitha koh\u00ebrat, k\u00ebt\u00eb e di \u00e7do shkodran, k\u00ebt\u00eb e di \u00e7do shqiptar, k\u00ebt\u00eb nuk e din\u00eb vet\u00ebm ata q\u00eb e urrejn\u00eb Shkodr\u00ebn n\u00eb m\u00ebnyr\u00eb patologjike si ju\u2026 Nuk mbroj Shkodr\u00ebn k\u00ebtu more, mbroj kombin, mbroj vendin. Vendi \u00ebsht\u00eb i pandar\u00eb, Shkodra \u00ebsht\u00eb e pandar\u00eb. <\/em><\/p>\n<p><em>Si t\u00eb duket ty, Kryetar Parlamenti, t\u00eb d\u00ebgjosh deklarata t\u00eb tilla: Se nuk p\u00ebrmbytet Shkodra nga hapja e portave kur sot s\u2019ka njeri q\u00eb nuk e di, q\u00eb di emrin Shkod\u00ebr, se Shkodra nga Kiri dhe nga Buna p\u00ebrmbyten, nga liqeni. Buna fryn liqenin. Po sigurisht n\u00eb qoft\u00eb se ti e mban Fierz\u00ebn me 288 metra, at\u00ebher\u00eb \u00e7\u2019t\u00eb shtyn ty t\u00eb mbash n\u00eb kuota maksimale Komanin dhe Vaun e Dej\u00ebs. Jan\u00eb shum\u00eb t\u00eb thjeshta regjimet. Por regjimet i rr\u00ebzoni p\u00ebr Shkodr\u00ebn, t\u00eb cil\u00ebn e urreni, doni ta p\u00ebrmbytni sa her\u00eb t\u00eb doni. Erdhi Valbona 1600 met\u00ebr kub apo Cemi kaq e aq, apo lumenj t\u00eb tjer\u00eb? Dakord. <\/em><\/p>\n<p><em>Por \u00ebsht\u00eb detyra e parashikimit more zot\u00ebrinj. Ti je n\u00eb dim\u00ebr, je n\u00eb reshje. Nuk ka th\u00ebn\u00eb kush se \u00ebsht\u00eb dim\u00ebr i that\u00eb. Keni d\u00ebgjuar ju ndonj\u00eb prognozist t\u00eb motit t\u00eb thot\u00eb n\u00eb Shqip\u00ebri apo n\u00eb bot\u00eb se ky do t\u00eb jet\u00eb nj\u00eb dim\u00ebr i that\u00eb? Jo mor zot\u00ebri, ky \u00ebsht\u00eb dim\u00ebr i lag\u00ebt. \u00cbsht\u00eb problemi i q\u00ebndrimit antikomb\u00ebtar t\u00eb tuaj ndaj nj\u00eb krahine. Po si mund t\u00eb thoni ju nuk p\u00ebrmbytet Shkodra nga fryrja e Bun\u00ebs. Po q\u00eb me k\u00ebt\u00eb deklarat\u00eb tregoni ju urrejtje ndaj Shkodr\u00ebs<\/em>\u201d.<\/p>\n<p style=\"text-align: center;\">* * *<\/p>\n<p>Deklarata e Berish\u00ebs n\u00eb vitin 2004 u dha dy dit\u00eb m\u00eb par\u00eb nga emisioni \u201cFiks Fare\u201d. Dhe b\u00ebri shum\u00eb mir\u00eb. Se shqiptar\u00ebt harrojn\u00eb. Dhe shkodran\u00ebt harrojn\u00eb m\u00eb shum\u00eb. Dhe e japin vot\u00ebn p\u00ebr at\u00eb q\u00eb i p\u00ebrmbyt. Sepse kur \u00ebsht\u00eb n\u00eb opozit\u00eb ai thot\u00eb se e ka fajin qeveria q\u00eb urren Shkodr\u00ebn dhe jo Zoti p\u00ebr p\u00ebrmbytjen. Por kur \u00ebsht\u00eb n\u00eb pushtet thot\u00eb se faji \u00ebsht\u00eb i reshjeve, i lumenjve t\u00eb \u00e7mendur, i Zotit dhe jo i qeveris\u00eb. \u00cbsht\u00eb nj\u00eb tallje cinike me fatet e njer\u00ebzve, t\u00eb lulave t\u00eb voc\u00ebrr t\u00eb Shkodr\u00ebs q\u00eb dridhen mbi uj\u00eb p\u00ebr faj t\u00eb nj\u00eb Kryeministri kryek\u00ebput cinik, mashtrues dhe t\u00eb pap\u00ebrgjegjsh\u00ebm.<\/p>\n<p>Dhe s\u2019kishin faj Doktori i \u201cFiksit\u201d dhe Saimiri q\u00eb talleshin me Doktorin e PD-s\u00eb, me Kryeministrin e s\u00ebmur\u00eb p\u00ebr pushtet q\u00eb po rr\u00ebnon Shqip\u00ebrin\u00eb, kur shpreheshin se nuk u luan dot asnj\u00eb qime k\u00ebtyre fjal\u00ebve t\u00eb Berish\u00ebs t\u00eb th\u00ebna n\u00eb koh\u00ebn kur ishte n\u00eb opozit\u00eb. T\u00eb pakt\u00ebn Berisha vet\u00eb nuk mund t\u00eb ket\u00eb sy e faqe t\u00eb korrigjoj\u00eb Berish\u00ebn q\u00eb mallkonte qeverin\u00eb socialiste, q\u00eb akuzonte opozit\u00ebn se e urren Shkodr\u00ebn, se \u00ebsht\u00eb antikomb\u00ebtare, se e ka p\u00ebrmbytur me q\u00ebllim Shkodr\u00ebn ngaq\u00eb e urren. N\u00eb at\u00eb koh\u00eb uji vajti vet\u00ebm 5 centimetra n\u00eb hyrje t\u00eb qytetit.<\/p>\n<p>Po ku t\u00eb fal Berisha, ky agresor i pushtetit. Ai protestoi p\u00ebr Shkodr\u00ebn sikur uji t\u00eb kishte vajtur 5 metra. Dhe sot, pas 6 vjet\u00ebsh n\u00eb pushtet, ky njeri q\u00eb betohej e st\u00ebrbetohej se ushqente dashuri t\u00eb pafund p\u00ebr Shkodr\u00ebn e shkodran\u00ebt, i p\u00ebrmbyti 5 her\u00eb brenda 1 viti. Dhe p\u00ebr \u00e7do her\u00eb me m\u00eb shum\u00eb uj\u00eb, p\u00ebr t\u00eb arritur rekord n\u00eb nivelin 5 metra t\u00eb p\u00ebrmbytjes n\u00eb k\u00ebt\u00eb katastrof\u00ebn e fundit.<\/p>\n<p style=\"text-align: center;\">* * *<\/p>\n<p>Berisha qeveritar nuk justifikohet dot p\u00ebr asgj\u00eb para shkodran\u00ebve dhe as p\u00ebrball\u00eb Berish\u00ebs opozitar. Ky i fundit e akuzon se ka fjetur gjum\u00eb dhe nuk e ka \u00e7ar\u00eb kok\u00ebn se po afronte nj\u00eb dim\u00ebr q\u00eb, si\u00e7 thoshte dhe vet\u00eb, nuk mund t\u00eb mos ishte i lag\u00ebsht. E akuzon se ka mbajtur nivelet e ujit n\u00eb rezervuar\u00ebt e kaskad\u00ebs n\u00eb nivele t\u00eb larta, q\u00eb detyruan hapjen e portave t\u00eb digave duke fryr\u00eb Bun\u00ebn dhe liqenin.<\/p>\n<p>Berisha opozitar k\u00ebmb\u00ebngul kund\u00ebr Berish\u00ebs pushtetar se jan\u00eb fryrja e Bun\u00ebs dhe e liqenit shkaku kryesor i p\u00ebrmbytjes s\u00eb Shkodr\u00ebs dhe jo thjesht reshjet, dhe se k\u00ebt\u00eb e di \u00e7do shkodran. Madje edhe f\u00ebmij\u00ebt. Opozita nuk ka nevoj\u00eb fare t\u00eb flas\u00eb. Mjafton Berisha opozitar q\u00eb e akuzon Berish\u00ebn Kryeminist\u00ebr p\u00ebr qeverisje cinike dhe t\u00eb padhimbsur p\u00ebr pronat dhe jet\u00ebn e nj\u00eb krahine, vet\u00ebm dhe vet\u00ebm p\u00ebr t\u00eb fituar ca miliona m\u00eb shum\u00eb nga shitja e energjis\u00eb elektrike. <\/p>\n<p>Berisha opozitar e akuzon Berish\u00ebn qeveritar p\u00ebr pap\u00ebrgjegjshm\u00ebri dhe moskok\u00eb\u00e7arje p\u00ebr t\u00eb nd\u00ebrmarr\u00eb t\u00eb gjitha masat, jo vet\u00ebm q\u00eb nga p\u00ebrmbytja e kat\u00ebrt n\u00eb janar, por edhe m\u00eb p\u00ebrpara. Sepse nj\u00eb Kryeminist\u00ebr i p\u00ebrgjegjsh\u00ebm nuk do t\u00eb fliste vet\u00ebm sot, pasi ka 5 vjet n\u00eb pushtet, p\u00ebr projekte t\u00eb gj\u00ebra n\u00eb bashk\u00ebpunim edhe me Malin e Zi. Nj\u00eb Kryeminist\u00ebr i p\u00ebrgjegjsh\u00ebm, q\u00eb i dhimbset me t\u00eb v\u00ebrtet\u00eb Shkodra dhe shkodran\u00ebt, pronat, sht\u00ebpit\u00eb, f\u00ebmij\u00ebt e pleqt\u00eb q\u00eb sot vuajn\u00eb jo nga Zoti, por nga moskok\u00eb\u00e7arja e zot\u00ebrinjve me pushtet, do i kish realizuar projekte t\u00eb tilla q\u00eb n\u00eb mandatin e par\u00eb.<\/p>\n<p>P\u00ebr shembull, nuk do harxhonte korruptivisht mbi 1 miliard dollar\u00eb n\u00eb rrug\u00ebn faraonike \u201ct\u00eb kombit\u201d. Do ta b\u00ebnte at\u00eb rrug\u00eb me shum\u00eb m\u00eb pak shpenzime, me m\u00eb shum\u00eb nikoqirll\u00ebk dhe nja 500 milion\u00eb euro, do i kish investuar p\u00ebr projektin e shp\u00ebtimit t\u00eb Shkodr\u00ebs. Vet\u00ebm at\u00ebher\u00eb mund t\u00eb thoshim se v\u00ebrtet Berisha e do Shkodr\u00ebn. Nd\u00ebrsa tani, pas k\u00ebsaj lemerie p\u00ebrmbytjesh, mund t\u00eb themi vet\u00ebm at\u00eb q\u00eb Berisha vet\u00eb ka th\u00ebn\u00eb p\u00ebr nj\u00eb qeveri q\u00eb lejon t\u00eb p\u00ebrmbytet Shkodra: Se ka nj\u00eb urrejtje patologjike p\u00ebr t\u00eb!<\/p>\n","protected":false},"excerpt":{"rendered":"<p>Andrea Stefani Ka ca shkodran\u00eb q\u00eb e duan Sali Berish\u00ebn deri n\u00eb vet\u00ebsakrifikim. \u00cbsht\u00eb liria e tyre. Por nd\u00ebrkaq, \u00ebsht\u00eb e drejt\u00eb e t\u00eb gjith\u00eb kritik\u00ebve t\u00eb Berish\u00ebs, q\u00eb sot jan\u00eb m\u00eb t\u00eb shumt\u00eb se kurr\u00eb n\u00eb Shqip\u00ebri, q\u00eb t\u2019u tregojn\u00eb k\u00ebtyre shkodran\u00ebve se uji q\u00eb sot po u p\u00ebrmbyt djepet e f\u00ebmij\u00ebve, shkollat dhe [&hellip;]<\/p>\n","protected":false},"author":1,"featured_media":0,"comment_status":"open","ping_status":"closed","sticky":false,"template":"","format":"standard","meta":{"footnotes":""},"categories":[2],"tags":[],"class_list":{"0":"post-5153","1":"post","2":"type-post","3":"status-publish","4":"format-standard","6":"category-artikuj"},"yoast_head":"<!-- This site is optimized with the Yoast SEO plugin v27.4 - https:\/\/yoast.com\/product\/yoast-seo-wordpress\/ -->\n<title>\u00cbSHT\u00cb FIKS FARE, BERISHA PERMBYTI SHKODRAN\u00cbT! - FjALA e LIR\u00cb - Arkivi<\/title>\n<meta name=\"robots\" content=\"index, follow, max-snippet:-1, max-image-preview:large, max-video-preview:-1\" \/>\n<link rel=\"canonical\" href=\"https:\/\/fjala.info\/2009-2015\/eshte-fiks-fare-berisha-permbyti-shkodranet\/\" \/>\n<meta property=\"og:locale\" content=\"sq_AL\" \/>\n<meta property=\"og:type\" content=\"article\" \/>\n<meta property=\"og:title\" content=\"\u00cbSHT\u00cb FIKS FARE, BERISHA PERMBYTI SHKODRAN\u00cbT! - FjALA e LIR\u00cb - Arkivi\" \/>\n<meta property=\"og:description\" content=\"Andrea Stefani Ka ca shkodran\u00eb q\u00eb e duan Sali Berish\u00ebn deri n\u00eb vet\u00ebsakrifikim. \u00cbsht\u00eb liria e tyre. Por nd\u00ebrkaq, \u00ebsht\u00eb e drejt\u00eb e t\u00eb gjith\u00eb kritik\u00ebve t\u00eb Berish\u00ebs, q\u00eb sot jan\u00eb m\u00eb t\u00eb shumt\u00eb se kurr\u00eb n\u00eb Shqip\u00ebri, q\u00eb t\u2019u tregojn\u00eb k\u00ebtyre shkodran\u00ebve se uji q\u00eb sot po u p\u00ebrmbyt djepet e f\u00ebmij\u00ebve, shkollat dhe [&hellip;]\" \/>\n<meta property=\"og:url\" content=\"https:\/\/fjala.info\/2009-2015\/eshte-fiks-fare-berisha-permbyti-shkodranet\/\" \/>\n<meta property=\"og:site_name\" content=\"FjALA e LIR\u00cb - Arkivi\" \/>\n<meta property=\"article:published_time\" content=\"2010-12-08T10:12:32+00:00\" \/>\n<meta property=\"og:image\" content=\"http:\/\/fjala.shkoder.net\/wp-content\/uploads\/2010\/10\/andrea_stefani.jpg\" \/>\n<meta name=\"author\" content=\"admin\" \/>\n<meta name=\"twitter:card\" content=\"summary_large_image\" \/>\n<meta name=\"twitter:label1\" content=\"Written by\" \/>\n\t<meta name=\"twitter:data1\" content=\"admin\" \/>\n\t<meta name=\"twitter:label2\" content=\"Est. reading time\" \/>\n\t<meta name=\"twitter:data2\" content=\"7 minutes\" \/>\n<script type=\"application\/ld+json\" class=\"yoast-schema-graph\">{\"@context\":\"https:\\\/\\\/schema.org\",\"@graph\":[{\"@type\":\"Article\",\"@id\":\"https:\\\/\\\/fjala.info\\\/2009-2015\\\/eshte-fiks-fare-berisha-permbyti-shkodranet\\\/#article\",\"isPartOf\":{\"@id\":\"https:\\\/\\\/fjala.info\\\/2009-2015\\\/eshte-fiks-fare-berisha-permbyti-shkodranet\\\/\"},\"author\":{\"name\":\"admin\",\"@id\":\"https:\\\/\\\/fjala.info\\\/2009-2015\\\/#\\\/schema\\\/person\\\/3aa1163ef05469c496fc94e77611ada2\"},\"headline\":\"\u00cbSHT\u00cb FIKS FARE, BERISHA PERMBYTI SHKODRAN\u00cbT!\",\"datePublished\":\"2010-12-08T10:12:32+00:00\",\"mainEntityOfPage\":{\"@id\":\"https:\\\/\\\/fjala.info\\\/2009-2015\\\/eshte-fiks-fare-berisha-permbyti-shkodranet\\\/\"},\"wordCount\":1483,\"commentCount\":0,\"publisher\":{\"@id\":\"https:\\\/\\\/fjala.info\\\/2009-2015\\\/#organization\"},\"image\":{\"@id\":\"https:\\\/\\\/fjala.info\\\/2009-2015\\\/eshte-fiks-fare-berisha-permbyti-shkodranet\\\/#primaryimage\"},\"thumbnailUrl\":\"http:\\\/\\\/fjala.shkoder.net\\\/wp-content\\\/uploads\\\/2010\\\/10\\\/andrea_stefani.jpg\",\"articleSection\":[\"Artikuj\"],\"inLanguage\":\"sq-AL\",\"potentialAction\":[{\"@type\":\"CommentAction\",\"name\":\"Comment\",\"target\":[\"https:\\\/\\\/fjala.info\\\/2009-2015\\\/eshte-fiks-fare-berisha-permbyti-shkodranet\\\/#respond\"]}]},{\"@type\":\"WebPage\",\"@id\":\"https:\\\/\\\/fjala.info\\\/2009-2015\\\/eshte-fiks-fare-berisha-permbyti-shkodranet\\\/\",\"url\":\"https:\\\/\\\/fjala.info\\\/2009-2015\\\/eshte-fiks-fare-berisha-permbyti-shkodranet\\\/\",\"name\":\"\u00cbSHT\u00cb FIKS FARE, BERISHA PERMBYTI SHKODRAN\u00cbT! - FjALA e LIR\u00cb - Arkivi\",\"isPartOf\":{\"@id\":\"https:\\\/\\\/fjala.info\\\/2009-2015\\\/#website\"},\"primaryImageOfPage\":{\"@id\":\"https:\\\/\\\/fjala.info\\\/2009-2015\\\/eshte-fiks-fare-berisha-permbyti-shkodranet\\\/#primaryimage\"},\"image\":{\"@id\":\"https:\\\/\\\/fjala.info\\\/2009-2015\\\/eshte-fiks-fare-berisha-permbyti-shkodranet\\\/#primaryimage\"},\"thumbnailUrl\":\"http:\\\/\\\/fjala.shkoder.net\\\/wp-content\\\/uploads\\\/2010\\\/10\\\/andrea_stefani.jpg\",\"datePublished\":\"2010-12-08T10:12:32+00:00\",\"breadcrumb\":{\"@id\":\"https:\\\/\\\/fjala.info\\\/2009-2015\\\/eshte-fiks-fare-berisha-permbyti-shkodranet\\\/#breadcrumb\"},\"inLanguage\":\"sq-AL\",\"potentialAction\":[{\"@type\":\"ReadAction\",\"target\":[\"https:\\\/\\\/fjala.info\\\/2009-2015\\\/eshte-fiks-fare-berisha-permbyti-shkodranet\\\/\"]}]},{\"@type\":\"ImageObject\",\"inLanguage\":\"sq-AL\",\"@id\":\"https:\\\/\\\/fjala.info\\\/2009-2015\\\/eshte-fiks-fare-berisha-permbyti-shkodranet\\\/#primaryimage\",\"url\":\"http:\\\/\\\/fjala.shkoder.net\\\/wp-content\\\/uploads\\\/2010\\\/10\\\/andrea_stefani.jpg\",\"contentUrl\":\"http:\\\/\\\/fjala.shkoder.net\\\/wp-content\\\/uploads\\\/2010\\\/10\\\/andrea_stefani.jpg\"},{\"@type\":\"BreadcrumbList\",\"@id\":\"https:\\\/\\\/fjala.info\\\/2009-2015\\\/eshte-fiks-fare-berisha-permbyti-shkodranet\\\/#breadcrumb\",\"itemListElement\":[{\"@type\":\"ListItem\",\"position\":1,\"name\":\"Home\",\"item\":\"https:\\\/\\\/fjala.info\\\/2009-2015\\\/\"},{\"@type\":\"ListItem\",\"position\":2,\"name\":\"\u00cbSHT\u00cb FIKS FARE, BERISHA PERMBYTI SHKODRAN\u00cbT!\"}]},{\"@type\":\"WebSite\",\"@id\":\"https:\\\/\\\/fjala.info\\\/2009-2015\\\/#website\",\"url\":\"https:\\\/\\\/fjala.info\\\/2009-2015\\\/\",\"name\":\"FjALA e LIR\u00cb - Arkivi\",\"description\":\"Arkivi 2009-2015\",\"publisher\":{\"@id\":\"https:\\\/\\\/fjala.info\\\/2009-2015\\\/#organization\"},\"potentialAction\":[{\"@type\":\"SearchAction\",\"target\":{\"@type\":\"EntryPoint\",\"urlTemplate\":\"https:\\\/\\\/fjala.info\\\/2009-2015\\\/?s={search_term_string}\"},\"query-input\":{\"@type\":\"PropertyValueSpecification\",\"valueRequired\":true,\"valueName\":\"search_term_string\"}}],\"inLanguage\":\"sq-AL\"},{\"@type\":\"Organization\",\"@id\":\"https:\\\/\\\/fjala.info\\\/2009-2015\\\/#organization\",\"name\":\"FjALA e LIR\u00cb - Arkivi\",\"url\":\"https:\\\/\\\/fjala.info\\\/2009-2015\\\/\",\"logo\":{\"@type\":\"ImageObject\",\"inLanguage\":\"sq-AL\",\"@id\":\"https:\\\/\\\/fjala.info\\\/2009-2015\\\/#\\\/schema\\\/logo\\\/image\\\/\",\"url\":\"\",\"contentUrl\":\"\",\"caption\":\"FjALA e LIR\u00cb - Arkivi\"},\"image\":{\"@id\":\"https:\\\/\\\/fjala.info\\\/2009-2015\\\/#\\\/schema\\\/logo\\\/image\\\/\"}},{\"@type\":\"Person\",\"@id\":\"https:\\\/\\\/fjala.info\\\/2009-2015\\\/#\\\/schema\\\/person\\\/3aa1163ef05469c496fc94e77611ada2\",\"name\":\"admin\",\"image\":{\"@type\":\"ImageObject\",\"inLanguage\":\"sq-AL\",\"@id\":\"https:\\\/\\\/fjala.info\\\/2009-2015\\\/wp-content\\\/uploads\\\/2012\\\/02\\\/arben_cokaj-120x150.jpg\",\"url\":\"https:\\\/\\\/fjala.info\\\/2009-2015\\\/wp-content\\\/uploads\\\/2012\\\/02\\\/arben_cokaj-120x150.jpg\",\"contentUrl\":\"https:\\\/\\\/fjala.info\\\/2009-2015\\\/wp-content\\\/uploads\\\/2012\\\/02\\\/arben_cokaj-120x150.jpg\",\"caption\":\"admin\"},\"description\":\"Admin, Fjala e Lir\u00eb\",\"sameAs\":[\"https:\\\/\\\/fjala.info\\\/\"],\"url\":\"https:\\\/\\\/fjala.info\\\/2009-2015\\\/author\\\/admin\\\/\"}]}<\/script>\n<!-- \/ Yoast SEO plugin. -->","yoast_head_json":{"title":"\u00cbSHT\u00cb FIKS FARE, BERISHA PERMBYTI SHKODRAN\u00cbT! - FjALA e LIR\u00cb - Arkivi","robots":{"index":"index","follow":"follow","max-snippet":"max-snippet:-1","max-image-preview":"max-image-preview:large","max-video-preview":"max-video-preview:-1"},"canonical":"https:\/\/fjala.info\/2009-2015\/eshte-fiks-fare-berisha-permbyti-shkodranet\/","og_locale":"sq_AL","og_type":"article","og_title":"\u00cbSHT\u00cb FIKS FARE, BERISHA PERMBYTI SHKODRAN\u00cbT! - FjALA e LIR\u00cb - Arkivi","og_description":"Andrea Stefani Ka ca shkodran\u00eb q\u00eb e duan Sali Berish\u00ebn deri n\u00eb vet\u00ebsakrifikim. \u00cbsht\u00eb liria e tyre. Por nd\u00ebrkaq, \u00ebsht\u00eb e drejt\u00eb e t\u00eb gjith\u00eb kritik\u00ebve t\u00eb Berish\u00ebs, q\u00eb sot jan\u00eb m\u00eb t\u00eb shumt\u00eb se kurr\u00eb n\u00eb Shqip\u00ebri, q\u00eb t\u2019u tregojn\u00eb k\u00ebtyre shkodran\u00ebve se uji q\u00eb sot po u p\u00ebrmbyt djepet e f\u00ebmij\u00ebve, shkollat dhe [&hellip;]","og_url":"https:\/\/fjala.info\/2009-2015\/eshte-fiks-fare-berisha-permbyti-shkodranet\/","og_site_name":"FjALA e LIR\u00cb - Arkivi","article_published_time":"2010-12-08T10:12:32+00:00","og_image":[{"url":"http:\/\/fjala.shkoder.net\/wp-content\/uploads\/2010\/10\/andrea_stefani.jpg","type":"","width":"","height":""}],"author":"admin","twitter_card":"summary_large_image","twitter_misc":{"Written by":"admin","Est. reading time":"7 minutes"},"schema":{"@context":"https:\/\/schema.org","@graph":[{"@type":"Article","@id":"https:\/\/fjala.info\/2009-2015\/eshte-fiks-fare-berisha-permbyti-shkodranet\/#article","isPartOf":{"@id":"https:\/\/fjala.info\/2009-2015\/eshte-fiks-fare-berisha-permbyti-shkodranet\/"},"author":{"name":"admin","@id":"https:\/\/fjala.info\/2009-2015\/#\/schema\/person\/3aa1163ef05469c496fc94e77611ada2"},"headline":"\u00cbSHT\u00cb FIKS FARE, BERISHA PERMBYTI SHKODRAN\u00cbT!","datePublished":"2010-12-08T10:12:32+00:00","mainEntityOfPage":{"@id":"https:\/\/fjala.info\/2009-2015\/eshte-fiks-fare-berisha-permbyti-shkodranet\/"},"wordCount":1483,"commentCount":0,"publisher":{"@id":"https:\/\/fjala.info\/2009-2015\/#organization"},"image":{"@id":"https:\/\/fjala.info\/2009-2015\/eshte-fiks-fare-berisha-permbyti-shkodranet\/#primaryimage"},"thumbnailUrl":"http:\/\/fjala.shkoder.net\/wp-content\/uploads\/2010\/10\/andrea_stefani.jpg","articleSection":["Artikuj"],"inLanguage":"sq-AL","potentialAction":[{"@type":"CommentAction","name":"Comment","target":["https:\/\/fjala.info\/2009-2015\/eshte-fiks-fare-berisha-permbyti-shkodranet\/#respond"]}]},{"@type":"WebPage","@id":"https:\/\/fjala.info\/2009-2015\/eshte-fiks-fare-berisha-permbyti-shkodranet\/","url":"https:\/\/fjala.info\/2009-2015\/eshte-fiks-fare-berisha-permbyti-shkodranet\/","name":"\u00cbSHT\u00cb FIKS FARE, BERISHA PERMBYTI SHKODRAN\u00cbT! - FjALA e LIR\u00cb - Arkivi","isPartOf":{"@id":"https:\/\/fjala.info\/2009-2015\/#website"},"primaryImageOfPage":{"@id":"https:\/\/fjala.info\/2009-2015\/eshte-fiks-fare-berisha-permbyti-shkodranet\/#primaryimage"},"image":{"@id":"https:\/\/fjala.info\/2009-2015\/eshte-fiks-fare-berisha-permbyti-shkodranet\/#primaryimage"},"thumbnailUrl":"http:\/\/fjala.shkoder.net\/wp-content\/uploads\/2010\/10\/andrea_stefani.jpg","datePublished":"2010-12-08T10:12:32+00:00","breadcrumb":{"@id":"https:\/\/fjala.info\/2009-2015\/eshte-fiks-fare-berisha-permbyti-shkodranet\/#breadcrumb"},"inLanguage":"sq-AL","potentialAction":[{"@type":"ReadAction","target":["https:\/\/fjala.info\/2009-2015\/eshte-fiks-fare-berisha-permbyti-shkodranet\/"]}]},{"@type":"ImageObject","inLanguage":"sq-AL","@id":"https:\/\/fjala.info\/2009-2015\/eshte-fiks-fare-berisha-permbyti-shkodranet\/#primaryimage","url":"http:\/\/fjala.shkoder.net\/wp-content\/uploads\/2010\/10\/andrea_stefani.jpg","contentUrl":"http:\/\/fjala.shkoder.net\/wp-content\/uploads\/2010\/10\/andrea_stefani.jpg"},{"@type":"BreadcrumbList","@id":"https:\/\/fjala.info\/2009-2015\/eshte-fiks-fare-berisha-permbyti-shkodranet\/#breadcrumb","itemListElement":[{"@type":"ListItem","position":1,"name":"Home","item":"https:\/\/fjala.info\/2009-2015\/"},{"@type":"ListItem","position":2,"name":"\u00cbSHT\u00cb FIKS FARE, BERISHA PERMBYTI SHKODRAN\u00cbT!"}]},{"@type":"WebSite","@id":"https:\/\/fjala.info\/2009-2015\/#website","url":"https:\/\/fjala.info\/2009-2015\/","name":"FjALA e LIR\u00cb - Arkivi","description":"Arkivi 2009-2015","publisher":{"@id":"https:\/\/fjala.info\/2009-2015\/#organization"},"potentialAction":[{"@type":"SearchAction","target":{"@type":"EntryPoint","urlTemplate":"https:\/\/fjala.info\/2009-2015\/?s={search_term_string}"},"query-input":{"@type":"PropertyValueSpecification","valueRequired":true,"valueName":"search_term_string"}}],"inLanguage":"sq-AL"},{"@type":"Organization","@id":"https:\/\/fjala.info\/2009-2015\/#organization","name":"FjALA e LIR\u00cb - Arkivi","url":"https:\/\/fjala.info\/2009-2015\/","logo":{"@type":"ImageObject","inLanguage":"sq-AL","@id":"https:\/\/fjala.info\/2009-2015\/#\/schema\/logo\/image\/","url":"","contentUrl":"","caption":"FjALA e LIR\u00cb - Arkivi"},"image":{"@id":"https:\/\/fjala.info\/2009-2015\/#\/schema\/logo\/image\/"}},{"@type":"Person","@id":"https:\/\/fjala.info\/2009-2015\/#\/schema\/person\/3aa1163ef05469c496fc94e77611ada2","name":"admin","image":{"@type":"ImageObject","inLanguage":"sq-AL","@id":"https:\/\/fjala.info\/2009-2015\/wp-content\/uploads\/2012\/02\/arben_cokaj-120x150.jpg","url":"https:\/\/fjala.info\/2009-2015\/wp-content\/uploads\/2012\/02\/arben_cokaj-120x150.jpg","contentUrl":"https:\/\/fjala.info\/2009-2015\/wp-content\/uploads\/2012\/02\/arben_cokaj-120x150.jpg","caption":"admin"},"description":"Admin, Fjala e Lir\u00eb","sameAs":["https:\/\/fjala.info\/"],"url":"https:\/\/fjala.info\/2009-2015\/author\/admin\/"}]}},"_links":{"self":[{"href":"https:\/\/fjala.info\/2009-2015\/wp-json\/wp\/v2\/posts\/5153","targetHints":{"allow":["GET"]}}],"collection":[{"href":"https:\/\/fjala.info\/2009-2015\/wp-json\/wp\/v2\/posts"}],"about":[{"href":"https:\/\/fjala.info\/2009-2015\/wp-json\/wp\/v2\/types\/post"}],"author":[{"embeddable":true,"href":"https:\/\/fjala.info\/2009-2015\/wp-json\/wp\/v2\/users\/1"}],"replies":[{"embeddable":true,"href":"https:\/\/fjala.info\/2009-2015\/wp-json\/wp\/v2\/comments?post=5153"}],"version-history":[{"count":0,"href":"https:\/\/fjala.info\/2009-2015\/wp-json\/wp\/v2\/posts\/5153\/revisions"}],"wp:attachment":[{"href":"https:\/\/fjala.info\/2009-2015\/wp-json\/wp\/v2\/media?parent=5153"}],"wp:term":[{"taxonomy":"category","embeddable":true,"href":"https:\/\/fjala.info\/2009-2015\/wp-json\/wp\/v2\/categories?post=5153"},{"taxonomy":"post_tag","embeddable":true,"href":"https:\/\/fjala.info\/2009-2015\/wp-json\/wp\/v2\/tags?post=5153"}],"curies":[{"name":"wp","href":"https:\/\/api.w.org\/{rel}","templated":true}]}}