{"id":5151,"date":"2010-12-08T11:04:44","date_gmt":"2010-12-08T10:04:44","guid":{"rendered":"http:\/\/fjala.shkoder.net\/?p=5151"},"modified":"2010-12-08T11:04:44","modified_gmt":"2010-12-08T10:04:44","slug":"rrethimi-i-peste","status":"publish","type":"post","link":"https:\/\/fjala.info\/2009-2015\/rrethimi-i-peste\/","title":{"rendered":"Rrethimi i pest\u00eb"},"content":{"rendered":"<p><strong>Sokol Shameti<\/strong><\/p>\n<p>K\u00ebtu e nj\u00eb vit m\u00eb par\u00eb, gjat\u00eb emergjenc\u00ebs s\u00eb at\u00ebhershme t\u00eb p\u00ebrmbytjes s\u00eb N\u00ebnshkodr\u00ebs, qeveria shqiptare u betua se p\u00ebr her\u00eb t\u00eb par\u00eb pas 20 vjet\u00ebsh gabimet e s\u00eb kaluar\u00ebs nuk do t\u00eb p\u00ebrs\u00ebriteshin. Do t\u00eb nd\u00ebrhyhej n\u00eb shtret\u00ebrit e lumenjve dhe rreziku i p\u00ebrmbytjeve t\u00eb tjera do t\u00eb minimizohej. Shqiptar\u00ebt p\u00ebrballeshin me perspektiv\u00ebn e zhdukjes p\u00ebrfundimtare t\u00eb k\u00ebsaj dukurie q\u00eb shkretonte ekonomit\u00eb e zon\u00ebs dhe rrezikonte jet\u00eb njer\u00ebzish.<\/p>\n<p>Jav\u00ebn e fundit ndodhi apokalipsi. Jo thjesht n\u00eb disa toka bujq\u00ebsore e disa ferma. N\u00ebnshkodra dhe Mbishkodra. Vet\u00eb qyteti u fundos thuajse i t\u00ebri n\u00ebn uj\u00eb. T\u00eb 90 mij\u00eb banor\u00ebt e tij u shnd\u00ebrruan befas n\u00eb kandidat\u00eb p\u00ebr refugjat\u00eb. Por si arrit\u00ebm deri k\u00ebtu?<\/p>\n<p>Shkalla e r\u00ebndimit t\u00eb gjendjes erdhi n\u00eb progresion. Gjat\u00eb shirave t\u00eb par\u00eb t\u00eb vjesht\u00ebs, lokaliteti martir quhej Obot. Dit\u00ebt e fundit po flasim p\u00ebr lagje t\u00eb qytetit t\u00eb populluara nga mij\u00ebra banor\u00eb. Po flasim p\u00ebr evakuime masive, ikje nga syt\u00eb k\u00ebmb\u00ebt, sirena alarmi n\u00ebp\u00ebr nat\u00eb, forca ushtarake q\u00eb marrin n\u00eb dor\u00eb situat\u00ebn dhe deri thirrje SOS drejt NATO-s, e cila her\u00ebn e fundit t\u00eb nd\u00ebrhyrjes n\u00eb Ballkan e ka pasur gjat\u00eb luft\u00ebs s\u00eb Kosov\u00ebs. Fatur\u00ebn ekonomike s\u2019merr guximin njeri as ta llogaris\u00eb. Skenat q\u00eb kemi par\u00eb t\u00eb gjith\u00eb k\u00ebto dit\u00eb, mjaftojn\u00eb p\u00ebr t\u00eb na b\u00ebr\u00eb t\u00eb mendojm\u00eb se limiti \u00ebsht\u00eb shtyr\u00eb shum\u00eb larg.<\/p>\n<p>Uj\u00ebrat e lumenjve shqiptar\u00eb jan\u00eb tashm\u00eb t\u00eb pap\u00ebrmbajtsh\u00ebm dhe k\u00ebrc\u00ebnimi i nj\u00eb kolapsi total nderet mbi krejt ult\u00ebsir\u00ebn per\u00ebndimore ku jetojn\u00eb m\u00eb shum\u00eb se dy t\u00eb tretat e shqiptar\u00ebve, ku \u00ebsht\u00eb instaluar industria jon\u00eb e pakt\u00eb dhe shumica e qyteteve m\u00eb t\u00eb m\u00ebdha e prodhimtare, portet, autostradat, hekurudhat, aeroporti, bujq\u00ebsia, bankat, e n\u00eb nj\u00eb shikim m\u00eb t\u00eb p\u00ebrgjithsh\u00ebm, masa d\u00ebrrmuese e pasuris\u00eb s\u00eb vendit. Edhe n\u00ebse vala e k\u00ebsaj p\u00ebrmbytjeje do t\u00eb kaloj\u00eb si\u00e7 po kalon, nj\u00eb fakt mbetet i pandryshuesh\u00ebm: Shqip\u00ebria ka kapitulluar. Jemi t\u00ebr\u00ebsisht t\u00eb pambrojtur p\u00ebrball\u00eb goditjes s\u00eb radh\u00ebs.<\/p>\n<p>Dikur n\u00eb pozicionin komod t\u00eb opozit\u00ebs, q\u00eb thjesht faj\u00ebsonte kund\u00ebrshtar\u00ebt se s\u2019b\u00ebnin aq sa duhet p\u00ebr t\u00eb ndalur p\u00ebrmbytjet, qeveritar\u00ebt e sot\u00ebm po shohin se mes administrimit t\u00eb prurjeve t\u00eb ujit n\u00eb kaskadat e hidrocentraleve dhe evitimit t\u00eb p\u00ebrmbytjes posht\u00eb n\u00eb fush\u00eb, kjo s\u2019qenka nj\u00eb pun\u00eb edhe aq e leht\u00eb.<\/p>\n<p>Ky \u00ebsht\u00eb tashm\u00eb nj\u00eb fakt i njohur dhe nj\u00eb form\u00eb e p\u00ebrs\u00ebritur mallkimi mbi \u00e7do qeveri shqiptare. Mbi t\u00eb gjitha, kjo \u00ebsht\u00eb nj\u00eb fatkeq\u00ebsi k\u00ebmb\u00ebngul\u00ebse q\u00eb r\u00ebndon mbi kokat e njer\u00ebzve. Politikan\u00ebt i ndiejn\u00eb pasojat vet\u00ebm n\u00eb form\u00ebn e kostos elektorale. Por teksa nd\u00ebrrojn\u00eb duart n\u00eb pushtet, t\u00eb zgjedhurit shqiptar\u00eb harrojn\u00eb se jan\u00eb edhe ata rezident\u00eb t\u00eb Shqip\u00ebris\u00eb. N\u00eb dallim, ata vazhdojn\u00eb t\u00eb tregojn\u00eb se thjesht s\u2019kan\u00eb kapacitetin e mjaftuesh\u00ebm p\u00ebr t\u00eb kuptuar se ky \u00ebsht\u00eb nj\u00eb rrezik q\u00eb i tejkalon ndasit\u00eb e tyre formale, se pavar\u00ebsisht konfesionit politik jemi t\u00eb gjith\u00eb brenda t\u00eb nj\u00ebjt\u00ebs anije q\u00eb ka marr\u00eb uj\u00eb dhe se t\u00eb pakt\u00ebn n\u00eb k\u00ebt\u00eb rast, t\u00eb gjith\u00eb duhet t\u00eb jen\u00eb n\u00eb nj\u00eb mendje s\u00eb paku p\u00ebr ca koh\u00eb.<\/p>\n<p>Pavar\u00ebsisht paralajm\u00ebrimeve t\u00eb p\u00ebrs\u00ebritura t\u00eb natyr\u00ebs, sistemi d\u00ebshtoi diku, mekanizmi nuk u p\u00ebrgjigj dhe fatkeq\u00ebsia ndodhi. P\u00ebrtej gjuh\u00ebs pompoze t\u00eb shtetit t\u00eb s\u00eb drejt\u00ebs, demokracis\u00eb dhe liris\u00eb s\u00eb tregut, di\u00e7ka nuk funksionon realisht. Nevojitet nj\u00eb autopsi e v\u00ebrtet\u00eb p\u00ebr t\u00eb zbuluar shkaqet e k\u00ebsaj vdekjeje klinike t\u00eb sistemit t\u00eb organizuar shtet\u00ebror q\u00eb kemi nd\u00ebrtuar t\u00eb gjith\u00eb t\u00eb majt\u00eb e t\u00eb djatht\u00eb, n\u00eb m\u00ebnyr\u00eb q\u00eb t\u00eb nd\u00ebrtojm\u00eb nj\u00eb tjet\u00ebr m\u00eb t\u00eb mir\u00eb sa nuk \u00ebsht\u00eb von\u00eb.<\/p>\n<p>Fenomeni \u00ebsht\u00eb i njohur, i qart\u00eb, dhe t\u00eb g\u00ebzohesh sa her\u00eb q\u00eb kjo ndodh n\u00eb periudh\u00ebn kur skeptrin e p\u00ebrgjegj\u00ebsis\u00eb e ka n\u00eb dor\u00eb kund\u00ebrshtari yt, \u00ebsht\u00eb m\u00eb keq se nj\u00eb krim q\u00eb b\u00ebhet nga cinizmi &#8211; \u00ebsht\u00eb nj\u00eb gabim i b\u00ebr\u00eb nga budallall\u00ebku. Qeveria aktuale ka fajin kryesor p\u00ebr at\u00eb q\u00eb ndodhi, por opozita e sotme, me vet\u00ebdijen e pozit\u00ebs s\u00eb nes\u00ebrme, duhet t\u00eb ndal\u00eb galopin e saj triumfal t\u00eb \u201cinspektimeve\u201d dhe tundjen e gishtit denoncues mbi at\u00eb q\u00eb b\u00ebri apo s\u2019b\u00ebri qeveria. P\u00ebrkundrazi, ajo lypset t\u00eb ofroj\u00eb konkretisht idet\u00eb dhe bashk\u00ebpunimin e saj n\u00eb nj\u00eb tryez\u00eb p\u00ebr her\u00eb t\u00eb par\u00eb n\u00eb sh\u00ebrbimin direkt t\u00eb qytetar\u00ebve dhe jo t\u00eb ndonj\u00eb koniunkture t\u00eb sistemit politik.<\/p>\n<p>Shqip\u00ebria ka nevoj\u00eb urgjente p\u00ebr t\u2019u shp\u00ebtuar dhe nga ana e saj, qeveria e sotme duhet t\u00eb m\u00ebsoj\u00eb nga gabimet e djeshme, t\u00eb ndal\u00eb ekskluzivizmin krahinor, t\u00eb k\u00ebrkoj\u00eb falje p\u00ebr ngaz\u00ebllimin e dikursh\u00ebm dhe t\u00eb shtrij\u00eb e para dor\u00ebn p\u00ebr bashk\u00ebpunim dhe p\u00ebr t\u00eb gjetur m\u00ebnyr\u00ebn sesi t\u00eb arrihet shp\u00ebtimi.<\/p>\n<p>Sigurisht ajo q\u00eb ndodhi n\u00eb Shkod\u00ebr mund t\u00eb sh\u00ebrbej\u00eb si nj\u00eb premis\u00eb p\u00ebr nj\u00eb diskutim t\u00eb gjer\u00eb komb\u00ebtar. Nj\u00eb mas\u00eb urgjente: refreni sipas t\u00eb cilit Shkodra \u00ebsht\u00eb nj\u00eb \u00e7\u00ebshtje e brendshme e PD-s\u00eb dhe qeveris\u00eb s\u00eb saj q\u00eb i merr parasysh faturat \u00ebsht\u00eb nj\u00eb nga shfaqjet m\u00eb t\u00eb turpshme dhe absurde q\u00eb mund t\u00eb d\u00ebgjoj\u00eb veshi i nj\u00eb taksapaguesi shqiptar. Por t\u00eb pakt\u00ebn ekziston shpresa q\u00eb n\u00eb qeveri t\u00eb jen\u00eb t\u00eb nd\u00ebrgjegjsh\u00ebm se nuk ka taksa demokrate dhe socialiste, por taksa shqiptare. <\/p>\n<p>Askush s\u2019ia ka p\u00ebr borxh askujt q\u00eb t\u00eb paguaj\u00eb e t\u00eb ripaguaj\u00eb me lek\u00ebt q\u00eb i mblidhen p\u00ebr p\u00ebrmir\u00ebsim t\u00eb rrogave, pensioneve, shkollave e spitaleve publike t\u00eb vitit 2010, riparimet e nj\u00eb d\u00ebmi q\u00eb s\u2019do b\u00ebnte sens as n\u00ebse do t\u00eb ndodhte n\u00eb Mesjet\u00eb. N\u00ebse kjo s\u2019\u00ebsht\u00eb e qart\u00eb te njer\u00ebzit q\u00eb paguajm\u00eb p\u00ebr t\u2019i pasur gj\u00ebrat e qarta, at\u00ebher\u00eb kemi arsye t\u00eb plota p\u00ebr t\u00eb besuar se po cekim fundin.<\/p>\n<p>Situata \u00ebsht\u00eb periodikisht dramatike dhe \u00e7far\u00eb ndodh konkretisht e di edhe nj\u00eb f\u00ebmij\u00eb q\u00eb njeh fabul\u00ebn e gjinkall\u00ebs dhe milingon\u00ebs. Gjat\u00eb ver\u00ebs basenet ujore q\u00eb prodhojn\u00eb energji p\u00ebr njer\u00ebzit e k\u00ebtij vendi goditen rregullisht nga that\u00ebsira dhe prurjet e pakta. P\u00ebr k\u00ebt\u00eb arsye i lejojm\u00eb vetes luksin p\u00ebr t\u2019u sjell\u00eb si pasanik\u00eb. Eksportet ndalin, portat shkarkuese mbahen mbyllur dhe akumulohet sa m\u00eb shum\u00eb uj\u00eb q\u00eb t\u00eb jet\u00eb e mundur. <\/p>\n<p>Por shirat e vjesht\u00ebs nisin me vrull dhe e tejkalojn\u00eb me shpejt\u00ebsi nivelin q\u00eb mund t\u00eb mbajn\u00eb pritat e digave. Mbajtja e tyre n\u00eb nivelin e duhur b\u00ebhet p\u00ebrmes shkarkimeve rregullisht t\u00eb kontrolluara. Teknik\u00ebt t\u00eb vendosur n\u00ebn urdhra politik\u00eb, ashtu si\u00e7 detyroheshin t\u00eb bllokonin shkarkimet, jan\u00eb tani t\u00eb detyruar t\u00eb shesin energji me grushte dhe me \u00e7mime qesharake, e jo vet\u00ebm kaq. Ata hapin dyert e digave duke \u00e7liruar posht\u00eb n\u00eb fusha tepricat e uj\u00ebrave.<\/p>\n<p>S\u00eb bashku me prurjet e m\u00ebdha natyrore, q\u00eb kan\u00eb zakonisht vet\u00eb lumenjt\u00eb q\u00eb kalojn\u00eb p\u00ebrmes k\u00ebtyre digave, sasia e ujit q\u00eb rrjedh n\u00eb fush\u00eb b\u00ebhet e pap\u00ebrballueshme p\u00ebr shtret\u00ebrit e tyre. Lumenjt\u00eb v\u00ebrshojn\u00eb n\u00eb fushat p\u00ebrreth dhe aty nuk gjejn\u00eb asgj\u00eb nga rrjeti i dikursh\u00ebm drenazhues q\u00eb do ta kanalizonte at\u00eb duke shmangur p\u00ebrmbytjen. Cop\u00ebzimi i pron\u00ebs, dikur i p\u00ebrbashk\u00ebt, ka sjell\u00eb edhe th\u00ebrrmij\u00ebzimin e k\u00ebtij sistemi. <\/p>\n<p>Dikush e mir\u00ebmban pjes\u00ebz\u00ebn e vet t\u00eb kanalit kullues. Shum\u00eb t\u00eb tjer\u00eb nuk din\u00eb, nuk duan, ose thjesht kan\u00eb emigruar. Nga k\u00ebtu \u00ebsht\u00eb vet\u00ebm nj\u00eb rrahje qepallash larg vargut t\u00eb pandalsh\u00ebm t\u00eb katastrofave gjiganteske q\u00eb vijojn\u00eb t\u00eb godasin her\u00eb me nj\u00eb t\u00eb tundur t\u00eb bishtit e her\u00eb me t\u00ebr\u00eb zem\u00ebrimin e tyre, duke i kthyer shkodran\u00ebt n\u00eb lagunar\u00eb e krutan\u00ebt n\u00eb bregdetar\u00eb.<\/p>\n<p>T\u00eb ndara n\u00eb pika, jan\u00eb tri justifikimet q\u00eb d\u00ebgjohen sot n\u00eb Shqip\u00ebri si arsye pse ndodhin k\u00ebto q\u00eb ndodhin: a) ky \u00ebsht\u00eb nj\u00eb akumulim degradimi. Prej 20 vjet\u00ebsh nuk nd\u00ebrhyn askush n\u00eb ruajtjen e performanc\u00ebs s\u00eb sistemit kullues, forcimin e argjinaturave dhe thellimit t\u00eb shtret\u00ebrve t\u00eb lumenjve; b) ky \u00ebsht\u00eb nj\u00eb problem menaxhimi t\u00eb kaskadave. Prej 20 vjet\u00ebsh nuk ka nj\u00eb administrim largpam\u00ebs t\u00eb shkarkimeve n\u00eb basenet ujore t\u00eb hidrocentraleve. Nuk interesohet njeri p\u00ebr prognozat meteorologjike. <\/p>\n<p>Nuk e \u00e7on njeri n\u00ebp\u00ebr mend se ka kosto m\u00eb t\u00eb lart\u00eb t\u00eb p\u00ebrmbyt\u00ebsh qytetar\u00ebt e vendit t\u00ebnd sesa t\u00eb shes\u00ebsh energji me humbje; c) situata ka qen\u00eb gjithnj\u00eb k\u00ebshtu dhe kjo q\u00eb po ndodh sot ka ndodhur edhe n\u00eb vitet e kaluara t\u00eb tranzicionit. Thjesht tani skandalizohemi m\u00eb shum\u00eb, sepse jemi m\u00eb t\u00eb pjekur nga pik\u00ebpamja sociale, m\u00eb t\u00eb nd\u00ebrgjegjsh\u00ebm dhe patjet\u00ebr m\u00eb t\u00eb informuar. Koh\u00ebt, si\u00e7 thot\u00eb Merilin Manson, s\u2019jan\u00eb b\u00ebr\u00eb aspak m\u00eb t\u00eb vrazhda. Ato thjesht sa jan\u00eb b\u00ebr\u00eb m\u00eb televizive.<\/p>\n<p>Sado q\u00eb secili nga arsyetimet ka grimc\u00ebn e vet t\u00eb s\u00eb v\u00ebrtet\u00ebs t\u00eb p\u00ebrfshir\u00eb, asnj\u00eb nga k\u00ebto pik\u00ebpamje nuk shpreh megjithat\u00eb qart\u00eb at\u00eb q\u00eb p\u00ebrb\u00ebn zemr\u00ebn e problematik\u00ebs. Sistemi i organizimit shtet\u00ebror q\u00eb kemi ngritur \u00ebsht\u00eb nj\u00eb sistem q\u00eb nuk i merr p\u00ebrsip\u00ebr pun\u00ebt q\u00eb nuk gjenerojn\u00eb ndonj\u00eb lloj fitimi, ekonomik apo politik. N\u00eb zanafill\u00ebn e t\u00eb gjitha aksioneve apo investimeve q\u00eb kryhen n\u00eb territorin shqiptar, q\u00ebndron premisa se ky \u00ebsht\u00eb nj\u00eb sistem q\u00eb funksionon mbi logjik\u00ebn e tregut.<\/p>\n<p>S\u00eb pari, tregu duhet ta rregullonte vet\u00eb m\u00ebnyr\u00ebn p\u00ebr t\u00eb mbajtur funksional sistemin e kullimit. Do t\u00eb duhej t\u00eb ishin ngritur vetvetiu nd\u00ebrmarrje private q\u00eb ta ofronin k\u00ebt\u00eb sh\u00ebrbim. Por e tham\u00eb, tregu funksionon me kriterin e p\u00ebrfitimit. Askush s\u2019sheh p\u00ebrfitim n\u00eb nd\u00ebrtimin e nj\u00eb nd\u00ebrmarrjeje t\u00eb till\u00eb q\u00eb do ta kalonte vitin duke u endur posht\u00eb e p\u00ebrpjet\u00eb fushave p\u00ebr t\u00eb pastruar kanalet q\u00eb vet\u00eb fshatar\u00ebt nuk interesohen t\u2019i pastrojn\u00eb. Po a s\u2019duhet ta b\u00ebj\u00eb k\u00ebt\u00eb qeveria? Hej, prej nj\u00ebzet\u00eb vjet\u00ebsh jetojm\u00eb n\u00eb nj\u00eb sistem neoliberal. Shteti duhet t\u00eb jet\u00eb i vog\u00ebl. Mund\u00ebsisht inekzistent.<\/p>\n<p>S\u00eb dyti, tregu duhet t\u00eb diktoj\u00eb edhe m\u00ebnyr\u00ebn sesi menaxhohen prurjet n\u00eb basenet ujore t\u00eb hidrocentraleve e n\u00eb prodhimin e energjis\u00eb elektrike. N\u00ebse nuk nxirret fitim nga shitja e energjis\u00eb p\u00ebrmes eksportit, uji m\u00eb mir\u00eb t\u00eb derdhet n\u00eb fush\u00eb pa\u00e7ka se p\u00ebrmbyt njer\u00ebz.<\/p>\n<p>S\u00eb fundi, a \u00ebsht\u00eb lajmi i p\u00ebrmbytjeve masive nj\u00eb p\u00ebrshtypje e pompuar nga tregu i medias dhe i informacionit q\u00eb k\u00ebrkon t\u00eb shes\u00eb produktin e vet te shikuesi? Teksa media forcohet dhe i mund\u00ebson vetes mjete m\u00eb moderne teknike p\u00ebr mbulimin e ngjarjeve, a nuk tundohet ajo nga d\u00ebshira p\u00ebr ta dramatizuar artificialisht p\u00ebr syt\u00eb e publikut t\u00eb larg\u00ebt nj\u00eb dukuri q\u00eb mund t\u00eb p\u00ebrb\u00ebj\u00eb thjesht nj\u00eb fenomen natyror p\u00ebr banor\u00ebt lokal\u00eb? N\u00ebse po, at\u00ebher\u00eb do t\u00eb jet\u00eb vet\u00eb tregu i informacionit q\u00eb pas pak do t\u00eb tejngopet me k\u00ebt\u00eb lloj raportimi dhe do ta zhvler\u00ebsoj\u00eb dramacitetin e tij.<\/p>\n<p>Si\u00e7 mund t\u00eb shohim, \u00ebsht\u00eb diskutimi mbi terma tregtar\u00eb, kompromisi dhe besimi t\u00eb verb\u00ebr n\u00eb fen\u00eb integraliste t\u00eb tregut ai q\u00eb p\u00ebrb\u00ebn premis\u00ebn mbi t\u00eb cil\u00ebn sot ulemi t\u00eb diskutojm\u00eb deri mbi \u00e7\u00ebshtje jetike si ajo e rregullimit t\u00eb regjimit t\u00eb uj\u00ebrave, nga t\u00eb cilat varet fati i nj\u00eb pjese t\u00eb madhe t\u00eb popullsis\u00eb s\u00eb vendit.<\/p>\n<p>E n\u00ebse si\u00e7 tham\u00eb do t\u00eb duhej t\u00eb kishim m\u00eb n\u00eb fund nj\u00eb marr\u00ebveshje komb\u00ebtare, mbi t\u00eb cilat t\u00eb hidhen themelet e nd\u00ebrtimit t\u00eb nj\u00eb sistemi t\u00eb ri t\u00eb m\u00ebnyr\u00ebs si e organizojm\u00eb jet\u00ebn n\u00eb k\u00ebt\u00eb vend, i cili t\u00eb ket\u00eb n\u00eb thelb mbrojtjen e qytetarit nga kapri\u00e7iot e tregut, natyr\u00ebs apo faktor\u00ebve t\u00eb jasht\u00ebm, nga k\u00ebtu do t\u00eb duhej t\u00eb niste edhe diskutimi.<\/p>\n<p>Kur n\u00eb momente d\u00ebshp\u00ebrimi dhe fatkeq\u00ebsie t\u00eb gjith\u00eb i kthejn\u00eb syt\u00eb nga shteti dhe nd\u00ebrhyrja e tij, kjo \u00ebsht\u00eb nj\u00eb shenj\u00eb e qart\u00eb se qytetar\u00ebt e duan shtetin, rolin e tij dhe forc\u00ebn e tij rregulluese. Ky \u00ebsht\u00eb nj\u00eb sinjal se p\u00ebrkund\u00ebr shtetit t\u00eb vog\u00ebl dhe impotent, nj\u00eb shtet i madh, i fort\u00eb dhe dinjitoz \u00ebsht\u00eb ai q\u00eb kan\u00eb n\u00eb mendje qytetar\u00ebt e k\u00ebtij vendi kur paguajn\u00eb taksat me t\u00eb cilat paguhen burokrat\u00ebt. <\/p>\n<p>T\u00eb aplikosh sot n\u00eb Shqip\u00ebri teori eksperimentale, q\u00eb i l\u00ebn\u00eb dor\u00ebs magjike t\u00eb tregut (apo Zotit) fatin e miliona njer\u00ebzve t\u00eb pambrojtur, kjo \u00ebsht\u00eb n\u00eb rastin m\u00eb t\u00eb mir\u00eb nj\u00eb ekstremiz\u00ebm, q\u00eb \u00ebsht\u00eb e v\u00ebshtir\u00eb tanim\u00eb ta maskosh me terma proper\u00ebndimor\u00eb. Kostot njer\u00ebzore jan\u00eb t\u00eb larta. E n\u00ebse dikush e dyshon k\u00ebt\u00eb ende pas k\u00ebsaj q\u00eb ndodhi para syve tan\u00eb, \u00ebsht\u00eb e kot\u00eb ta k\u00ebrkojm\u00eb ende emrin e fajtorit p\u00ebr rrethimin e pest\u00eb t\u00eb Shkodr\u00ebs.<\/p>\n","protected":false},"excerpt":{"rendered":"<p>Sokol Shameti K\u00ebtu e nj\u00eb vit m\u00eb par\u00eb, gjat\u00eb emergjenc\u00ebs s\u00eb at\u00ebhershme t\u00eb p\u00ebrmbytjes s\u00eb N\u00ebnshkodr\u00ebs, qeveria shqiptare u betua se p\u00ebr her\u00eb t\u00eb par\u00eb pas 20 vjet\u00ebsh gabimet e s\u00eb kaluar\u00ebs nuk do t\u00eb p\u00ebrs\u00ebriteshin. Do t\u00eb nd\u00ebrhyhej n\u00eb shtret\u00ebrit e lumenjve dhe rreziku i p\u00ebrmbytjeve t\u00eb tjera do t\u00eb minimizohej. Shqiptar\u00ebt p\u00ebrballeshin me [&hellip;]<\/p>\n","protected":false},"author":1,"featured_media":0,"comment_status":"open","ping_status":"closed","sticky":false,"template":"","format":"standard","meta":{"footnotes":""},"categories":[2],"tags":[],"class_list":{"0":"post-5151","1":"post","2":"type-post","3":"status-publish","4":"format-standard","6":"category-artikuj"},"yoast_head":"<!-- This site is optimized with the Yoast SEO plugin v27.4 - https:\/\/yoast.com\/product\/yoast-seo-wordpress\/ -->\n<title>Rrethimi i pest\u00eb - FjALA e LIR\u00cb - Arkivi<\/title>\n<meta name=\"robots\" content=\"index, follow, max-snippet:-1, max-image-preview:large, max-video-preview:-1\" \/>\n<link rel=\"canonical\" href=\"https:\/\/fjala.info\/2009-2015\/rrethimi-i-peste\/\" \/>\n<meta property=\"og:locale\" content=\"sq_AL\" \/>\n<meta property=\"og:type\" content=\"article\" \/>\n<meta property=\"og:title\" content=\"Rrethimi i pest\u00eb - FjALA e LIR\u00cb - Arkivi\" \/>\n<meta property=\"og:description\" content=\"Sokol Shameti K\u00ebtu e nj\u00eb vit m\u00eb par\u00eb, gjat\u00eb emergjenc\u00ebs s\u00eb at\u00ebhershme t\u00eb p\u00ebrmbytjes s\u00eb N\u00ebnshkodr\u00ebs, qeveria shqiptare u betua se p\u00ebr her\u00eb t\u00eb par\u00eb pas 20 vjet\u00ebsh gabimet e s\u00eb kaluar\u00ebs nuk do t\u00eb p\u00ebrs\u00ebriteshin. Do t\u00eb nd\u00ebrhyhej n\u00eb shtret\u00ebrit e lumenjve dhe rreziku i p\u00ebrmbytjeve t\u00eb tjera do t\u00eb minimizohej. Shqiptar\u00ebt p\u00ebrballeshin me [&hellip;]\" \/>\n<meta property=\"og:url\" content=\"https:\/\/fjala.info\/2009-2015\/rrethimi-i-peste\/\" \/>\n<meta property=\"og:site_name\" content=\"FjALA e LIR\u00cb - Arkivi\" \/>\n<meta property=\"article:published_time\" content=\"2010-12-08T10:04:44+00:00\" \/>\n<meta name=\"author\" content=\"admin\" \/>\n<meta name=\"twitter:card\" content=\"summary_large_image\" \/>\n<meta name=\"twitter:label1\" content=\"Written by\" \/>\n\t<meta name=\"twitter:data1\" content=\"admin\" \/>\n\t<meta name=\"twitter:label2\" content=\"Est. reading time\" \/>\n\t<meta name=\"twitter:data2\" content=\"11 minutes\" \/>\n<script type=\"application\/ld+json\" class=\"yoast-schema-graph\">{\"@context\":\"https:\\\/\\\/schema.org\",\"@graph\":[{\"@type\":\"Article\",\"@id\":\"https:\\\/\\\/fjala.info\\\/2009-2015\\\/rrethimi-i-peste\\\/#article\",\"isPartOf\":{\"@id\":\"https:\\\/\\\/fjala.info\\\/2009-2015\\\/rrethimi-i-peste\\\/\"},\"author\":{\"name\":\"admin\",\"@id\":\"https:\\\/\\\/fjala.info\\\/2009-2015\\\/#\\\/schema\\\/person\\\/3aa1163ef05469c496fc94e77611ada2\"},\"headline\":\"Rrethimi i pest\u00eb\",\"datePublished\":\"2010-12-08T10:04:44+00:00\",\"mainEntityOfPage\":{\"@id\":\"https:\\\/\\\/fjala.info\\\/2009-2015\\\/rrethimi-i-peste\\\/\"},\"wordCount\":2261,\"commentCount\":0,\"publisher\":{\"@id\":\"https:\\\/\\\/fjala.info\\\/2009-2015\\\/#organization\"},\"articleSection\":[\"Artikuj\"],\"inLanguage\":\"sq-AL\",\"potentialAction\":[{\"@type\":\"CommentAction\",\"name\":\"Comment\",\"target\":[\"https:\\\/\\\/fjala.info\\\/2009-2015\\\/rrethimi-i-peste\\\/#respond\"]}]},{\"@type\":\"WebPage\",\"@id\":\"https:\\\/\\\/fjala.info\\\/2009-2015\\\/rrethimi-i-peste\\\/\",\"url\":\"https:\\\/\\\/fjala.info\\\/2009-2015\\\/rrethimi-i-peste\\\/\",\"name\":\"Rrethimi i pest\u00eb - FjALA e LIR\u00cb - Arkivi\",\"isPartOf\":{\"@id\":\"https:\\\/\\\/fjala.info\\\/2009-2015\\\/#website\"},\"datePublished\":\"2010-12-08T10:04:44+00:00\",\"breadcrumb\":{\"@id\":\"https:\\\/\\\/fjala.info\\\/2009-2015\\\/rrethimi-i-peste\\\/#breadcrumb\"},\"inLanguage\":\"sq-AL\",\"potentialAction\":[{\"@type\":\"ReadAction\",\"target\":[\"https:\\\/\\\/fjala.info\\\/2009-2015\\\/rrethimi-i-peste\\\/\"]}]},{\"@type\":\"BreadcrumbList\",\"@id\":\"https:\\\/\\\/fjala.info\\\/2009-2015\\\/rrethimi-i-peste\\\/#breadcrumb\",\"itemListElement\":[{\"@type\":\"ListItem\",\"position\":1,\"name\":\"Home\",\"item\":\"https:\\\/\\\/fjala.info\\\/2009-2015\\\/\"},{\"@type\":\"ListItem\",\"position\":2,\"name\":\"Rrethimi i pest\u00eb\"}]},{\"@type\":\"WebSite\",\"@id\":\"https:\\\/\\\/fjala.info\\\/2009-2015\\\/#website\",\"url\":\"https:\\\/\\\/fjala.info\\\/2009-2015\\\/\",\"name\":\"FjALA e LIR\u00cb - Arkivi\",\"description\":\"Arkivi 2009-2015\",\"publisher\":{\"@id\":\"https:\\\/\\\/fjala.info\\\/2009-2015\\\/#organization\"},\"potentialAction\":[{\"@type\":\"SearchAction\",\"target\":{\"@type\":\"EntryPoint\",\"urlTemplate\":\"https:\\\/\\\/fjala.info\\\/2009-2015\\\/?s={search_term_string}\"},\"query-input\":{\"@type\":\"PropertyValueSpecification\",\"valueRequired\":true,\"valueName\":\"search_term_string\"}}],\"inLanguage\":\"sq-AL\"},{\"@type\":\"Organization\",\"@id\":\"https:\\\/\\\/fjala.info\\\/2009-2015\\\/#organization\",\"name\":\"FjALA e LIR\u00cb - Arkivi\",\"url\":\"https:\\\/\\\/fjala.info\\\/2009-2015\\\/\",\"logo\":{\"@type\":\"ImageObject\",\"inLanguage\":\"sq-AL\",\"@id\":\"https:\\\/\\\/fjala.info\\\/2009-2015\\\/#\\\/schema\\\/logo\\\/image\\\/\",\"url\":\"\",\"contentUrl\":\"\",\"caption\":\"FjALA e LIR\u00cb - Arkivi\"},\"image\":{\"@id\":\"https:\\\/\\\/fjala.info\\\/2009-2015\\\/#\\\/schema\\\/logo\\\/image\\\/\"}},{\"@type\":\"Person\",\"@id\":\"https:\\\/\\\/fjala.info\\\/2009-2015\\\/#\\\/schema\\\/person\\\/3aa1163ef05469c496fc94e77611ada2\",\"name\":\"admin\",\"image\":{\"@type\":\"ImageObject\",\"inLanguage\":\"sq-AL\",\"@id\":\"https:\\\/\\\/fjala.info\\\/2009-2015\\\/wp-content\\\/uploads\\\/2012\\\/02\\\/arben_cokaj-120x150.jpg\",\"url\":\"https:\\\/\\\/fjala.info\\\/2009-2015\\\/wp-content\\\/uploads\\\/2012\\\/02\\\/arben_cokaj-120x150.jpg\",\"contentUrl\":\"https:\\\/\\\/fjala.info\\\/2009-2015\\\/wp-content\\\/uploads\\\/2012\\\/02\\\/arben_cokaj-120x150.jpg\",\"caption\":\"admin\"},\"description\":\"Admin, Fjala e Lir\u00eb\",\"sameAs\":[\"https:\\\/\\\/fjala.info\\\/\"],\"url\":\"https:\\\/\\\/fjala.info\\\/2009-2015\\\/author\\\/admin\\\/\"}]}<\/script>\n<!-- \/ Yoast SEO plugin. -->","yoast_head_json":{"title":"Rrethimi i pest\u00eb - FjALA e LIR\u00cb - Arkivi","robots":{"index":"index","follow":"follow","max-snippet":"max-snippet:-1","max-image-preview":"max-image-preview:large","max-video-preview":"max-video-preview:-1"},"canonical":"https:\/\/fjala.info\/2009-2015\/rrethimi-i-peste\/","og_locale":"sq_AL","og_type":"article","og_title":"Rrethimi i pest\u00eb - FjALA e LIR\u00cb - Arkivi","og_description":"Sokol Shameti K\u00ebtu e nj\u00eb vit m\u00eb par\u00eb, gjat\u00eb emergjenc\u00ebs s\u00eb at\u00ebhershme t\u00eb p\u00ebrmbytjes s\u00eb N\u00ebnshkodr\u00ebs, qeveria shqiptare u betua se p\u00ebr her\u00eb t\u00eb par\u00eb pas 20 vjet\u00ebsh gabimet e s\u00eb kaluar\u00ebs nuk do t\u00eb p\u00ebrs\u00ebriteshin. Do t\u00eb nd\u00ebrhyhej n\u00eb shtret\u00ebrit e lumenjve dhe rreziku i p\u00ebrmbytjeve t\u00eb tjera do t\u00eb minimizohej. Shqiptar\u00ebt p\u00ebrballeshin me [&hellip;]","og_url":"https:\/\/fjala.info\/2009-2015\/rrethimi-i-peste\/","og_site_name":"FjALA e LIR\u00cb - Arkivi","article_published_time":"2010-12-08T10:04:44+00:00","author":"admin","twitter_card":"summary_large_image","twitter_misc":{"Written by":"admin","Est. reading time":"11 minutes"},"schema":{"@context":"https:\/\/schema.org","@graph":[{"@type":"Article","@id":"https:\/\/fjala.info\/2009-2015\/rrethimi-i-peste\/#article","isPartOf":{"@id":"https:\/\/fjala.info\/2009-2015\/rrethimi-i-peste\/"},"author":{"name":"admin","@id":"https:\/\/fjala.info\/2009-2015\/#\/schema\/person\/3aa1163ef05469c496fc94e77611ada2"},"headline":"Rrethimi i pest\u00eb","datePublished":"2010-12-08T10:04:44+00:00","mainEntityOfPage":{"@id":"https:\/\/fjala.info\/2009-2015\/rrethimi-i-peste\/"},"wordCount":2261,"commentCount":0,"publisher":{"@id":"https:\/\/fjala.info\/2009-2015\/#organization"},"articleSection":["Artikuj"],"inLanguage":"sq-AL","potentialAction":[{"@type":"CommentAction","name":"Comment","target":["https:\/\/fjala.info\/2009-2015\/rrethimi-i-peste\/#respond"]}]},{"@type":"WebPage","@id":"https:\/\/fjala.info\/2009-2015\/rrethimi-i-peste\/","url":"https:\/\/fjala.info\/2009-2015\/rrethimi-i-peste\/","name":"Rrethimi i pest\u00eb - FjALA e LIR\u00cb - Arkivi","isPartOf":{"@id":"https:\/\/fjala.info\/2009-2015\/#website"},"datePublished":"2010-12-08T10:04:44+00:00","breadcrumb":{"@id":"https:\/\/fjala.info\/2009-2015\/rrethimi-i-peste\/#breadcrumb"},"inLanguage":"sq-AL","potentialAction":[{"@type":"ReadAction","target":["https:\/\/fjala.info\/2009-2015\/rrethimi-i-peste\/"]}]},{"@type":"BreadcrumbList","@id":"https:\/\/fjala.info\/2009-2015\/rrethimi-i-peste\/#breadcrumb","itemListElement":[{"@type":"ListItem","position":1,"name":"Home","item":"https:\/\/fjala.info\/2009-2015\/"},{"@type":"ListItem","position":2,"name":"Rrethimi i pest\u00eb"}]},{"@type":"WebSite","@id":"https:\/\/fjala.info\/2009-2015\/#website","url":"https:\/\/fjala.info\/2009-2015\/","name":"FjALA e LIR\u00cb - Arkivi","description":"Arkivi 2009-2015","publisher":{"@id":"https:\/\/fjala.info\/2009-2015\/#organization"},"potentialAction":[{"@type":"SearchAction","target":{"@type":"EntryPoint","urlTemplate":"https:\/\/fjala.info\/2009-2015\/?s={search_term_string}"},"query-input":{"@type":"PropertyValueSpecification","valueRequired":true,"valueName":"search_term_string"}}],"inLanguage":"sq-AL"},{"@type":"Organization","@id":"https:\/\/fjala.info\/2009-2015\/#organization","name":"FjALA e LIR\u00cb - Arkivi","url":"https:\/\/fjala.info\/2009-2015\/","logo":{"@type":"ImageObject","inLanguage":"sq-AL","@id":"https:\/\/fjala.info\/2009-2015\/#\/schema\/logo\/image\/","url":"","contentUrl":"","caption":"FjALA e LIR\u00cb - Arkivi"},"image":{"@id":"https:\/\/fjala.info\/2009-2015\/#\/schema\/logo\/image\/"}},{"@type":"Person","@id":"https:\/\/fjala.info\/2009-2015\/#\/schema\/person\/3aa1163ef05469c496fc94e77611ada2","name":"admin","image":{"@type":"ImageObject","inLanguage":"sq-AL","@id":"https:\/\/fjala.info\/2009-2015\/wp-content\/uploads\/2012\/02\/arben_cokaj-120x150.jpg","url":"https:\/\/fjala.info\/2009-2015\/wp-content\/uploads\/2012\/02\/arben_cokaj-120x150.jpg","contentUrl":"https:\/\/fjala.info\/2009-2015\/wp-content\/uploads\/2012\/02\/arben_cokaj-120x150.jpg","caption":"admin"},"description":"Admin, Fjala e Lir\u00eb","sameAs":["https:\/\/fjala.info\/"],"url":"https:\/\/fjala.info\/2009-2015\/author\/admin\/"}]}},"_links":{"self":[{"href":"https:\/\/fjala.info\/2009-2015\/wp-json\/wp\/v2\/posts\/5151","targetHints":{"allow":["GET"]}}],"collection":[{"href":"https:\/\/fjala.info\/2009-2015\/wp-json\/wp\/v2\/posts"}],"about":[{"href":"https:\/\/fjala.info\/2009-2015\/wp-json\/wp\/v2\/types\/post"}],"author":[{"embeddable":true,"href":"https:\/\/fjala.info\/2009-2015\/wp-json\/wp\/v2\/users\/1"}],"replies":[{"embeddable":true,"href":"https:\/\/fjala.info\/2009-2015\/wp-json\/wp\/v2\/comments?post=5151"}],"version-history":[{"count":0,"href":"https:\/\/fjala.info\/2009-2015\/wp-json\/wp\/v2\/posts\/5151\/revisions"}],"wp:attachment":[{"href":"https:\/\/fjala.info\/2009-2015\/wp-json\/wp\/v2\/media?parent=5151"}],"wp:term":[{"taxonomy":"category","embeddable":true,"href":"https:\/\/fjala.info\/2009-2015\/wp-json\/wp\/v2\/categories?post=5151"},{"taxonomy":"post_tag","embeddable":true,"href":"https:\/\/fjala.info\/2009-2015\/wp-json\/wp\/v2\/tags?post=5151"}],"curies":[{"name":"wp","href":"https:\/\/api.w.org\/{rel}","templated":true}]}}