{"id":5150,"date":"2012-09-24T21:09:16","date_gmt":"2012-09-24T20:09:16","guid":{"rendered":"http:\/\/www.fjala.info\/?p=5150"},"modified":"2012-09-24T21:09:16","modified_gmt":"2012-09-24T20:09:16","slug":"svoboda-do-jete-status-i-kushtezuar-me-zgjedhjet-e-vitit-2013","status":"publish","type":"post","link":"https:\/\/fjala.info\/2009-2015\/svoboda-do-jete-status-i-kushtezuar-me-zgjedhjet-e-vitit-2013\/","title":{"rendered":"Svoboda: Do jet\u00eb status i kusht\u00ebzuar me zgjedhjet e vitit 2013"},"content":{"rendered":"<p><img decoding=\"async\" class=\"alignright size-thumbnail wp-image-7236\" title=\"Swoboda\" src=\"http:\/\/www.fjala.info\/2012\/swoboda.jpg\" alt=\"\" width=\"200\" \/> Intervistoi: <strong>Arta Tozaj<\/strong>, TCH, <em>24 Shtator 2012<\/em><\/p>\n<p>Lideri i s\u00eb majt\u00ebs n\u00eb Parlamentin Europian, Hanes Svoboda shpjegon hezitimin e vendeve an\u00ebtare dhe deklaron p\u00ebr Top Channel se Shqip\u00ebria mund t\u00eb marr\u00eb nj\u00eb status t\u00eb kusht\u00ebzuar me zgjedhjet e vitit 2013, t\u00eb cilat do t\u00eb jen\u00eb nj\u00eb kusht i fort\u00eb edhe p\u00ebr \u00e7eljen e negociatave p\u00ebr an\u00ebtar\u00ebsim.<\/p>\n<p>A keni d\u00ebgjuar p\u00ebr mund\u00ebsin\u00eb e dh\u00ebnies s\u00eb statusit kandidat k\u00ebt\u00eb vit dhe cilat jan\u00eb shqet\u00ebsimet ky\u00e7e q\u00eb mbeten p\u00ebr Shqip\u00ebrin\u00eb?<\/p>\n<p>\u201cSi\u00e7 e dini, p\u00ebr Bashkimin Europian p\u00ebrb\u00ebjn\u00eb shqet\u00ebsim t\u00eb gjitha zgjedhjet n\u00eb Shqip\u00ebri. Un\u00eb shpresoj q\u00eb Shqip\u00ebria t\u00eb marr\u00eb statusin kandidat, ndoshta me kushtin q\u00eb zgjedhjet t\u00eb shkojn\u00eb mir\u00eb, n\u00eb kuptimin q\u00eb t\u00eb jen\u00eb zgjedhje t\u00eb lira e t\u00eb ndershme. Por, mendoj se duhet t\u00eb kemi nj\u00eb hap p\u00ebrpara, sepse Shqip\u00ebria me zhvillimet e fundit e meriton at\u00eb lloj statusi kandidat. Ende \u00ebsht\u00eb nj\u00eb rrug\u00eb e gjat\u00eb p\u00ebr t\u2019u b\u00ebr\u00eb, por t\u00eb pakt\u00ebn ne duhet ta japim k\u00ebt\u00eb shtys\u00eb, k\u00ebt\u00eb sinjal\u201d.<\/p>\n<p>Por vet\u00ebm pasi t\u00eb d\u00ebshmoj\u00eb zgjedhje t\u00eb lira e t\u00eb ndershme. Kjo do t\u00eb thot\u00eb n\u00eb 2013-\u00ebn, kur mbahen dhe zgjedhjet e radh\u00ebs?<\/p>\n<p>\u201cPo, por n\u00ebse ju do t\u00eb merrni nj\u00eb status t\u00eb kusht\u00ebzuar, kjo do t\u00eb ishte nj\u00eb hap i mir\u00eb p\u00ebrpara. Sigurisht edhe dh\u00ebnien e statusit me gjendjen aktuale Shqip\u00ebria e meriton, por un\u00eb e di se ka disa hezitime p\u00ebr k\u00ebt\u00eb.<\/p>\n<p>Nj\u00eb nga mund\u00ebsit\u00eb \u00ebsht\u00eb q\u00eb vendet an\u00ebtare t\u00eb votojn\u00eb tani propozimin e Komisionit p\u00ebr status kandidat ndaj Shqip\u00ebris\u00eb, por duke th\u00ebn\u00eb se ne do t\u00eb presim deri n\u00eb fund k\u00ebshill\u00ebn e qart\u00eb t\u00eb Komisionit pas zgjedhjeve t\u00eb ardhshme. N\u00ebse zgjedhjet e ardhshme shkojn\u00eb mir\u00eb, at\u00ebher\u00eb ky vendim validohet. N\u00ebse zgjedhjet nuk do t\u00eb jen\u00eb t\u00eb lira e t\u00eb ndershme, at\u00ebher\u00eb ky vendim do t\u00eb jet\u00eb nul dhe i pavlefsh\u00ebm.<\/p>\n<p>Mund\u00ebsia e dyt\u00eb \u00ebsht\u00eb q\u00eb t\u00eb themi \u2018Po, statusi \u00ebsht\u00eb\u2019, por nisja e negociatave t\u00eb b\u00ebhet vet\u00ebm pasi ne t\u00eb shohim se zgjedhjet do t\u00eb jen\u00eb t\u00eb lira e t\u00eb ndershme. Pra, ka disa variante, por n\u00eb \u00e7\u2018do rast, un\u00eb shpresoj p\u00ebr nj\u00eb sinjal t\u00eb qart\u00eb pozitiv p\u00ebr Shqip\u00ebrin\u00eb n\u00eb takimin e ardhsh\u00ebm t\u00eb K\u00ebshillit.<\/p>\n<p>Gjith\u00ebsesi, qoft\u00eb vet\u00ebm p\u00ebr statusin apo p\u00ebr \u00e7eljen e negociatave, zgjedhjet e vitit t\u00eb ardhsh\u00ebm do t\u00eb jen\u00eb shum\u00eb t\u00eb r\u00ebnd\u00ebsishme\u201d.<\/p>\n","protected":false},"excerpt":{"rendered":"<p>Intervistoi: Arta Tozaj, TCH, 24 Shtator 2012 Lideri i s\u00eb majt\u00ebs n\u00eb Parlamentin Europian, Hanes Svoboda shpjegon hezitimin e vendeve an\u00ebtare dhe deklaron p\u00ebr Top Channel se Shqip\u00ebria mund t\u00eb marr\u00eb nj\u00eb status t\u00eb kusht\u00ebzuar me zgjedhjet e vitit 2013, t\u00eb cilat do t\u00eb jen\u00eb nj\u00eb kusht i fort\u00eb edhe p\u00ebr \u00e7eljen e negociatave p\u00ebr [&hellip;]<\/p>\n","protected":false},"author":1,"featured_media":0,"comment_status":"open","ping_status":"closed","sticky":false,"template":"","format":"standard","meta":{"footnotes":""},"categories":[2],"tags":[],"class_list":{"0":"post-5150","1":"post","2":"type-post","3":"status-publish","4":"format-standard","6":"category-artikuj"},"yoast_head":"<!-- This site is optimized with the Yoast SEO plugin v27.4 - https:\/\/yoast.com\/product\/yoast-seo-wordpress\/ -->\n<title>Svoboda: Do jet\u00eb status i kusht\u00ebzuar me zgjedhjet e vitit 2013 - FjALA e LIR\u00cb - Arkivi<\/title>\n<meta name=\"robots\" content=\"index, follow, max-snippet:-1, max-image-preview:large, max-video-preview:-1\" \/>\n<link rel=\"canonical\" href=\"https:\/\/fjala.info\/2009-2015\/svoboda-do-jete-status-i-kushtezuar-me-zgjedhjet-e-vitit-2013\/\" \/>\n<meta property=\"og:locale\" content=\"sq_AL\" \/>\n<meta property=\"og:type\" content=\"article\" \/>\n<meta property=\"og:title\" content=\"Svoboda: Do jet\u00eb status i kusht\u00ebzuar me zgjedhjet e vitit 2013 - FjALA e LIR\u00cb - Arkivi\" \/>\n<meta property=\"og:description\" content=\"Intervistoi: Arta Tozaj, TCH, 24 Shtator 2012 Lideri i s\u00eb majt\u00ebs n\u00eb Parlamentin Europian, Hanes Svoboda shpjegon hezitimin e vendeve an\u00ebtare dhe deklaron p\u00ebr Top Channel se Shqip\u00ebria mund t\u00eb marr\u00eb nj\u00eb status t\u00eb kusht\u00ebzuar me zgjedhjet e vitit 2013, t\u00eb cilat do t\u00eb jen\u00eb nj\u00eb kusht i fort\u00eb edhe p\u00ebr \u00e7eljen e negociatave p\u00ebr [&hellip;]\" \/>\n<meta property=\"og:url\" content=\"https:\/\/fjala.info\/2009-2015\/svoboda-do-jete-status-i-kushtezuar-me-zgjedhjet-e-vitit-2013\/\" \/>\n<meta property=\"og:site_name\" content=\"FjALA e LIR\u00cb - Arkivi\" \/>\n<meta property=\"article:published_time\" content=\"2012-09-24T20:09:16+00:00\" \/>\n<meta property=\"og:image\" content=\"http:\/\/www.fjala.info\/2012\/swoboda.jpg\" \/>\n<meta name=\"author\" content=\"admin\" \/>\n<meta name=\"twitter:card\" content=\"summary_large_image\" \/>\n<meta name=\"twitter:label1\" content=\"Written by\" \/>\n\t<meta name=\"twitter:data1\" content=\"admin\" \/>\n\t<meta name=\"twitter:label2\" content=\"Est. reading time\" \/>\n\t<meta name=\"twitter:data2\" content=\"2 minutes\" \/>\n<script type=\"application\/ld+json\" class=\"yoast-schema-graph\">{\"@context\":\"https:\\\/\\\/schema.org\",\"@graph\":[{\"@type\":\"Article\",\"@id\":\"https:\\\/\\\/fjala.info\\\/2009-2015\\\/svoboda-do-jete-status-i-kushtezuar-me-zgjedhjet-e-vitit-2013\\\/#article\",\"isPartOf\":{\"@id\":\"https:\\\/\\\/fjala.info\\\/2009-2015\\\/svoboda-do-jete-status-i-kushtezuar-me-zgjedhjet-e-vitit-2013\\\/\"},\"author\":{\"name\":\"admin\",\"@id\":\"https:\\\/\\\/fjala.info\\\/2009-2015\\\/#\\\/schema\\\/person\\\/3aa1163ef05469c496fc94e77611ada2\"},\"headline\":\"Svoboda: Do jet\u00eb status i kusht\u00ebzuar me zgjedhjet e vitit 2013\",\"datePublished\":\"2012-09-24T20:09:16+00:00\",\"mainEntityOfPage\":{\"@id\":\"https:\\\/\\\/fjala.info\\\/2009-2015\\\/svoboda-do-jete-status-i-kushtezuar-me-zgjedhjet-e-vitit-2013\\\/\"},\"wordCount\":445,\"commentCount\":0,\"publisher\":{\"@id\":\"https:\\\/\\\/fjala.info\\\/2009-2015\\\/#organization\"},\"image\":{\"@id\":\"https:\\\/\\\/fjala.info\\\/2009-2015\\\/svoboda-do-jete-status-i-kushtezuar-me-zgjedhjet-e-vitit-2013\\\/#primaryimage\"},\"thumbnailUrl\":\"http:\\\/\\\/www.fjala.info\\\/2012\\\/swoboda.jpg\",\"articleSection\":[\"Artikuj\"],\"inLanguage\":\"sq-AL\",\"potentialAction\":[{\"@type\":\"CommentAction\",\"name\":\"Comment\",\"target\":[\"https:\\\/\\\/fjala.info\\\/2009-2015\\\/svoboda-do-jete-status-i-kushtezuar-me-zgjedhjet-e-vitit-2013\\\/#respond\"]}]},{\"@type\":\"WebPage\",\"@id\":\"https:\\\/\\\/fjala.info\\\/2009-2015\\\/svoboda-do-jete-status-i-kushtezuar-me-zgjedhjet-e-vitit-2013\\\/\",\"url\":\"https:\\\/\\\/fjala.info\\\/2009-2015\\\/svoboda-do-jete-status-i-kushtezuar-me-zgjedhjet-e-vitit-2013\\\/\",\"name\":\"Svoboda: Do jet\u00eb status i kusht\u00ebzuar me zgjedhjet e vitit 2013 - FjALA e LIR\u00cb - Arkivi\",\"isPartOf\":{\"@id\":\"https:\\\/\\\/fjala.info\\\/2009-2015\\\/#website\"},\"primaryImageOfPage\":{\"@id\":\"https:\\\/\\\/fjala.info\\\/2009-2015\\\/svoboda-do-jete-status-i-kushtezuar-me-zgjedhjet-e-vitit-2013\\\/#primaryimage\"},\"image\":{\"@id\":\"https:\\\/\\\/fjala.info\\\/2009-2015\\\/svoboda-do-jete-status-i-kushtezuar-me-zgjedhjet-e-vitit-2013\\\/#primaryimage\"},\"thumbnailUrl\":\"http:\\\/\\\/www.fjala.info\\\/2012\\\/swoboda.jpg\",\"datePublished\":\"2012-09-24T20:09:16+00:00\",\"breadcrumb\":{\"@id\":\"https:\\\/\\\/fjala.info\\\/2009-2015\\\/svoboda-do-jete-status-i-kushtezuar-me-zgjedhjet-e-vitit-2013\\\/#breadcrumb\"},\"inLanguage\":\"sq-AL\",\"potentialAction\":[{\"@type\":\"ReadAction\",\"target\":[\"https:\\\/\\\/fjala.info\\\/2009-2015\\\/svoboda-do-jete-status-i-kushtezuar-me-zgjedhjet-e-vitit-2013\\\/\"]}]},{\"@type\":\"ImageObject\",\"inLanguage\":\"sq-AL\",\"@id\":\"https:\\\/\\\/fjala.info\\\/2009-2015\\\/svoboda-do-jete-status-i-kushtezuar-me-zgjedhjet-e-vitit-2013\\\/#primaryimage\",\"url\":\"http:\\\/\\\/www.fjala.info\\\/2012\\\/swoboda.jpg\",\"contentUrl\":\"http:\\\/\\\/www.fjala.info\\\/2012\\\/swoboda.jpg\"},{\"@type\":\"BreadcrumbList\",\"@id\":\"https:\\\/\\\/fjala.info\\\/2009-2015\\\/svoboda-do-jete-status-i-kushtezuar-me-zgjedhjet-e-vitit-2013\\\/#breadcrumb\",\"itemListElement\":[{\"@type\":\"ListItem\",\"position\":1,\"name\":\"Home\",\"item\":\"https:\\\/\\\/fjala.info\\\/2009-2015\\\/\"},{\"@type\":\"ListItem\",\"position\":2,\"name\":\"Svoboda: Do jet\u00eb status i kusht\u00ebzuar me zgjedhjet e vitit 2013\"}]},{\"@type\":\"WebSite\",\"@id\":\"https:\\\/\\\/fjala.info\\\/2009-2015\\\/#website\",\"url\":\"https:\\\/\\\/fjala.info\\\/2009-2015\\\/\",\"name\":\"FjALA e LIR\u00cb - Arkivi\",\"description\":\"Arkivi 2009-2015\",\"publisher\":{\"@id\":\"https:\\\/\\\/fjala.info\\\/2009-2015\\\/#organization\"},\"potentialAction\":[{\"@type\":\"SearchAction\",\"target\":{\"@type\":\"EntryPoint\",\"urlTemplate\":\"https:\\\/\\\/fjala.info\\\/2009-2015\\\/?s={search_term_string}\"},\"query-input\":{\"@type\":\"PropertyValueSpecification\",\"valueRequired\":true,\"valueName\":\"search_term_string\"}}],\"inLanguage\":\"sq-AL\"},{\"@type\":\"Organization\",\"@id\":\"https:\\\/\\\/fjala.info\\\/2009-2015\\\/#organization\",\"name\":\"FjALA e LIR\u00cb - Arkivi\",\"url\":\"https:\\\/\\\/fjala.info\\\/2009-2015\\\/\",\"logo\":{\"@type\":\"ImageObject\",\"inLanguage\":\"sq-AL\",\"@id\":\"https:\\\/\\\/fjala.info\\\/2009-2015\\\/#\\\/schema\\\/logo\\\/image\\\/\",\"url\":\"\",\"contentUrl\":\"\",\"caption\":\"FjALA e LIR\u00cb - Arkivi\"},\"image\":{\"@id\":\"https:\\\/\\\/fjala.info\\\/2009-2015\\\/#\\\/schema\\\/logo\\\/image\\\/\"}},{\"@type\":\"Person\",\"@id\":\"https:\\\/\\\/fjala.info\\\/2009-2015\\\/#\\\/schema\\\/person\\\/3aa1163ef05469c496fc94e77611ada2\",\"name\":\"admin\",\"image\":{\"@type\":\"ImageObject\",\"inLanguage\":\"sq-AL\",\"@id\":\"https:\\\/\\\/fjala.info\\\/2009-2015\\\/wp-content\\\/uploads\\\/2012\\\/02\\\/arben_cokaj-120x150.jpg\",\"url\":\"https:\\\/\\\/fjala.info\\\/2009-2015\\\/wp-content\\\/uploads\\\/2012\\\/02\\\/arben_cokaj-120x150.jpg\",\"contentUrl\":\"https:\\\/\\\/fjala.info\\\/2009-2015\\\/wp-content\\\/uploads\\\/2012\\\/02\\\/arben_cokaj-120x150.jpg\",\"caption\":\"admin\"},\"description\":\"Admin, Fjala e Lir\u00eb\",\"sameAs\":[\"https:\\\/\\\/fjala.info\\\/\"],\"url\":\"https:\\\/\\\/fjala.info\\\/2009-2015\\\/author\\\/admin\\\/\"}]}<\/script>\n<!-- \/ Yoast SEO plugin. -->","yoast_head_json":{"title":"Svoboda: Do jet\u00eb status i kusht\u00ebzuar me zgjedhjet e vitit 2013 - FjALA e LIR\u00cb - Arkivi","robots":{"index":"index","follow":"follow","max-snippet":"max-snippet:-1","max-image-preview":"max-image-preview:large","max-video-preview":"max-video-preview:-1"},"canonical":"https:\/\/fjala.info\/2009-2015\/svoboda-do-jete-status-i-kushtezuar-me-zgjedhjet-e-vitit-2013\/","og_locale":"sq_AL","og_type":"article","og_title":"Svoboda: Do jet\u00eb status i kusht\u00ebzuar me zgjedhjet e vitit 2013 - FjALA e LIR\u00cb - Arkivi","og_description":"Intervistoi: Arta Tozaj, TCH, 24 Shtator 2012 Lideri i s\u00eb majt\u00ebs n\u00eb Parlamentin Europian, Hanes Svoboda shpjegon hezitimin e vendeve an\u00ebtare dhe deklaron p\u00ebr Top Channel se Shqip\u00ebria mund t\u00eb marr\u00eb nj\u00eb status t\u00eb kusht\u00ebzuar me zgjedhjet e vitit 2013, t\u00eb cilat do t\u00eb jen\u00eb nj\u00eb kusht i fort\u00eb edhe p\u00ebr \u00e7eljen e negociatave p\u00ebr [&hellip;]","og_url":"https:\/\/fjala.info\/2009-2015\/svoboda-do-jete-status-i-kushtezuar-me-zgjedhjet-e-vitit-2013\/","og_site_name":"FjALA e LIR\u00cb - Arkivi","article_published_time":"2012-09-24T20:09:16+00:00","og_image":[{"url":"http:\/\/www.fjala.info\/2012\/swoboda.jpg","type":"","width":"","height":""}],"author":"admin","twitter_card":"summary_large_image","twitter_misc":{"Written by":"admin","Est. reading time":"2 minutes"},"schema":{"@context":"https:\/\/schema.org","@graph":[{"@type":"Article","@id":"https:\/\/fjala.info\/2009-2015\/svoboda-do-jete-status-i-kushtezuar-me-zgjedhjet-e-vitit-2013\/#article","isPartOf":{"@id":"https:\/\/fjala.info\/2009-2015\/svoboda-do-jete-status-i-kushtezuar-me-zgjedhjet-e-vitit-2013\/"},"author":{"name":"admin","@id":"https:\/\/fjala.info\/2009-2015\/#\/schema\/person\/3aa1163ef05469c496fc94e77611ada2"},"headline":"Svoboda: Do jet\u00eb status i kusht\u00ebzuar me zgjedhjet e vitit 2013","datePublished":"2012-09-24T20:09:16+00:00","mainEntityOfPage":{"@id":"https:\/\/fjala.info\/2009-2015\/svoboda-do-jete-status-i-kushtezuar-me-zgjedhjet-e-vitit-2013\/"},"wordCount":445,"commentCount":0,"publisher":{"@id":"https:\/\/fjala.info\/2009-2015\/#organization"},"image":{"@id":"https:\/\/fjala.info\/2009-2015\/svoboda-do-jete-status-i-kushtezuar-me-zgjedhjet-e-vitit-2013\/#primaryimage"},"thumbnailUrl":"http:\/\/www.fjala.info\/2012\/swoboda.jpg","articleSection":["Artikuj"],"inLanguage":"sq-AL","potentialAction":[{"@type":"CommentAction","name":"Comment","target":["https:\/\/fjala.info\/2009-2015\/svoboda-do-jete-status-i-kushtezuar-me-zgjedhjet-e-vitit-2013\/#respond"]}]},{"@type":"WebPage","@id":"https:\/\/fjala.info\/2009-2015\/svoboda-do-jete-status-i-kushtezuar-me-zgjedhjet-e-vitit-2013\/","url":"https:\/\/fjala.info\/2009-2015\/svoboda-do-jete-status-i-kushtezuar-me-zgjedhjet-e-vitit-2013\/","name":"Svoboda: Do jet\u00eb status i kusht\u00ebzuar me zgjedhjet e vitit 2013 - FjALA e LIR\u00cb - Arkivi","isPartOf":{"@id":"https:\/\/fjala.info\/2009-2015\/#website"},"primaryImageOfPage":{"@id":"https:\/\/fjala.info\/2009-2015\/svoboda-do-jete-status-i-kushtezuar-me-zgjedhjet-e-vitit-2013\/#primaryimage"},"image":{"@id":"https:\/\/fjala.info\/2009-2015\/svoboda-do-jete-status-i-kushtezuar-me-zgjedhjet-e-vitit-2013\/#primaryimage"},"thumbnailUrl":"http:\/\/www.fjala.info\/2012\/swoboda.jpg","datePublished":"2012-09-24T20:09:16+00:00","breadcrumb":{"@id":"https:\/\/fjala.info\/2009-2015\/svoboda-do-jete-status-i-kushtezuar-me-zgjedhjet-e-vitit-2013\/#breadcrumb"},"inLanguage":"sq-AL","potentialAction":[{"@type":"ReadAction","target":["https:\/\/fjala.info\/2009-2015\/svoboda-do-jete-status-i-kushtezuar-me-zgjedhjet-e-vitit-2013\/"]}]},{"@type":"ImageObject","inLanguage":"sq-AL","@id":"https:\/\/fjala.info\/2009-2015\/svoboda-do-jete-status-i-kushtezuar-me-zgjedhjet-e-vitit-2013\/#primaryimage","url":"http:\/\/www.fjala.info\/2012\/swoboda.jpg","contentUrl":"http:\/\/www.fjala.info\/2012\/swoboda.jpg"},{"@type":"BreadcrumbList","@id":"https:\/\/fjala.info\/2009-2015\/svoboda-do-jete-status-i-kushtezuar-me-zgjedhjet-e-vitit-2013\/#breadcrumb","itemListElement":[{"@type":"ListItem","position":1,"name":"Home","item":"https:\/\/fjala.info\/2009-2015\/"},{"@type":"ListItem","position":2,"name":"Svoboda: Do jet\u00eb status i kusht\u00ebzuar me zgjedhjet e vitit 2013"}]},{"@type":"WebSite","@id":"https:\/\/fjala.info\/2009-2015\/#website","url":"https:\/\/fjala.info\/2009-2015\/","name":"FjALA e LIR\u00cb - Arkivi","description":"Arkivi 2009-2015","publisher":{"@id":"https:\/\/fjala.info\/2009-2015\/#organization"},"potentialAction":[{"@type":"SearchAction","target":{"@type":"EntryPoint","urlTemplate":"https:\/\/fjala.info\/2009-2015\/?s={search_term_string}"},"query-input":{"@type":"PropertyValueSpecification","valueRequired":true,"valueName":"search_term_string"}}],"inLanguage":"sq-AL"},{"@type":"Organization","@id":"https:\/\/fjala.info\/2009-2015\/#organization","name":"FjALA e LIR\u00cb - Arkivi","url":"https:\/\/fjala.info\/2009-2015\/","logo":{"@type":"ImageObject","inLanguage":"sq-AL","@id":"https:\/\/fjala.info\/2009-2015\/#\/schema\/logo\/image\/","url":"","contentUrl":"","caption":"FjALA e LIR\u00cb - Arkivi"},"image":{"@id":"https:\/\/fjala.info\/2009-2015\/#\/schema\/logo\/image\/"}},{"@type":"Person","@id":"https:\/\/fjala.info\/2009-2015\/#\/schema\/person\/3aa1163ef05469c496fc94e77611ada2","name":"admin","image":{"@type":"ImageObject","inLanguage":"sq-AL","@id":"https:\/\/fjala.info\/2009-2015\/wp-content\/uploads\/2012\/02\/arben_cokaj-120x150.jpg","url":"https:\/\/fjala.info\/2009-2015\/wp-content\/uploads\/2012\/02\/arben_cokaj-120x150.jpg","contentUrl":"https:\/\/fjala.info\/2009-2015\/wp-content\/uploads\/2012\/02\/arben_cokaj-120x150.jpg","caption":"admin"},"description":"Admin, Fjala e Lir\u00eb","sameAs":["https:\/\/fjala.info\/"],"url":"https:\/\/fjala.info\/2009-2015\/author\/admin\/"}]}},"_links":{"self":[{"href":"https:\/\/fjala.info\/2009-2015\/wp-json\/wp\/v2\/posts\/5150","targetHints":{"allow":["GET"]}}],"collection":[{"href":"https:\/\/fjala.info\/2009-2015\/wp-json\/wp\/v2\/posts"}],"about":[{"href":"https:\/\/fjala.info\/2009-2015\/wp-json\/wp\/v2\/types\/post"}],"author":[{"embeddable":true,"href":"https:\/\/fjala.info\/2009-2015\/wp-json\/wp\/v2\/users\/1"}],"replies":[{"embeddable":true,"href":"https:\/\/fjala.info\/2009-2015\/wp-json\/wp\/v2\/comments?post=5150"}],"version-history":[{"count":0,"href":"https:\/\/fjala.info\/2009-2015\/wp-json\/wp\/v2\/posts\/5150\/revisions"}],"wp:attachment":[{"href":"https:\/\/fjala.info\/2009-2015\/wp-json\/wp\/v2\/media?parent=5150"}],"wp:term":[{"taxonomy":"category","embeddable":true,"href":"https:\/\/fjala.info\/2009-2015\/wp-json\/wp\/v2\/categories?post=5150"},{"taxonomy":"post_tag","embeddable":true,"href":"https:\/\/fjala.info\/2009-2015\/wp-json\/wp\/v2\/tags?post=5150"}],"curies":[{"name":"wp","href":"https:\/\/api.w.org\/{rel}","templated":true}]}}