{"id":515,"date":"2011-12-07T11:28:31","date_gmt":"2011-12-07T10:28:31","guid":{"rendered":"http:\/\/fjala.shkoder.net\/?p=515"},"modified":"2011-12-07T11:28:31","modified_gmt":"2011-12-07T10:28:31","slug":"dritat-e-festes-dhe-qirinjte-e-mortit-te-lulezim-bashes","status":"publish","type":"post","link":"https:\/\/fjala.info\/2009-2015\/dritat-e-festes-dhe-qirinjte-e-mortit-te-lulezim-bashes\/","title":{"rendered":"Dritat e fest\u00ebs dhe qirinjt\u00eb e mortit t\u00eb Lul\u00ebzim Bash\u00ebs!"},"content":{"rendered":"<p><img decoding=\"async\" class=\"alignright size-thumbnail wp-image-7236\" title=\"Mero Baze\" src=\"http:\/\/www.shkoder.net\/images\/fjala\/mero_baze1.jpg\" alt=\"\" width=\"150\" \/> Nga <strong>Mero Baze<\/strong>, <em>5 Dhjetor 2011<\/em><\/p>\n<p>Dje kam uruar q\u00eb n\u00eb Lezh\u00eb t\u00eb mos ket\u00eb drita. N\u00eb fakt kam uruar q\u00eb n\u00eb periferi t\u00eb Lezh\u00ebs, n\u00eb nj\u00eb fshat ndan\u00eb rrug\u00ebs s\u00eb vjet\u00ebr p\u00ebr n\u00eb Shkod\u00ebr &#8211; n\u00eb Gryk\u00eb-Manati, t\u00eb mos ket\u00eb pasur drita gjith\u00eb mbasditen deri von\u00eb n\u00eb mbr\u00ebmje dhe t\u00eb mos ket\u00eb as nes\u00ebr paradite. Jam i sigurt se banor\u00ebt e atij fshati do t\u2019ia falin CEZ k\u00ebt\u00eb radh\u00eb k\u00ebt\u00eb munges\u00eb, q\u00eb dhe ashtu ka filluar shpeshtohet. Do t\u00eb ishte krim t\u00eb l\u00ebshoje dritat n\u00eb at\u00eb fshat dje n\u00eb mbr\u00ebmje, ku jetojn\u00eb dy vajzat e mitura t\u00eb Aleks Nik\u00ebs, nj\u00ebra ende pa mbushur dy vjet dhe tjetra 5 vjet.<\/p>\n<p>Jam i sigurt se po t\u00eb ket\u00eb drita, ato do t\u00eb mahniten nga pamjet e bukura q\u00eb transmetojn\u00eb ekranet e qeveris\u00eb, nj\u00eb djal\u00eb i gjat\u00eb i pash\u00ebm si Enver Hoxha n\u00eb mosh\u00eb t\u00eb vet, me nj\u00eb grua t\u00eb st\u00ebrmunduar t\u00eb zbukurohet me firmato t\u00eb shtrenjta dhe nj\u00eb f\u00ebmij\u00eb t\u00eb pafajsh\u00ebm p\u00ebr dore si ato. Vajzat do t\u00eb mahniten pas ekraneve, do t\u00eb shikojn\u00eb lumturin\u00eb e vajz\u00ebs s\u00eb djalit t\u00eb gjat\u00eb q\u00eb i ngjan Enver Hoxh\u00ebs dhe gruas s\u00eb tij t\u00eb st\u00ebrmunduar p\u00ebr t\u2019iu p\u00ebrshtatur luksit q\u00eb e rrethon, e p\u00ebr nj\u00eb moment mund t\u00eb b\u00ebjn\u00eb gabimin fatal q\u00eb mund t\u00eb shkreh\u00eb n\u00eb lot n\u00ebn\u00ebn e tyre, duke e pyetur \u201cKush \u00ebsht\u00eb ai Xhaxhi q\u00eb po ndez at\u00eb pem\u00ebn e bukur\u201d?<\/p>\n<p>N\u00ebna e tyre nuk i p\u00ebrgjigjet dot k\u00ebsaj pyetje. Nuk ka fuqi as tu kthej\u00eb p\u00ebrgjigje dy vajzave jetime t\u00eb Aleks Nik\u00ebs. Ai Xhaxhi q\u00eb b\u00ebn si i lumtur mes f\u00ebmij\u00ebve q\u00eb pozojn\u00eb n\u00eb ekrane, \u00ebsht\u00eb ai q\u00eb i ka l\u00ebn\u00eb jetime dy vog\u00eblushet n\u00eb nj\u00eb fshat, q\u00eb shpresoj q\u00eb mbr\u00ebm\u00eb t\u00eb mos ket\u00eb pasur drita. Q\u00eb ato t\u00eb mos e shikojn\u00eb at\u00eb tmerr.<\/p>\n<p>Uroj q\u00eb sken\u00ebn mos ta ken\u00eb par\u00eb as f\u00ebmij\u00ebt e Hekuranit, shum\u00eb af\u00ebr Tiran\u00ebs. Imazhi i tyre pas xhamave plot avull t\u00eb sht\u00ebpis\u00eb duke ndjekur ikjen e arkivolit t\u00eb babit t\u00eb tyre nga sht\u00ebpia, \u00ebsht\u00eb ekrani i vet\u00ebm televiziv q\u00eb ata mund t\u00eb shikojn\u00eb qyshkur kan\u00eb mbetur jetim\u00eb. Ndryshe nga dy vajzat e Aleksit, ata jan\u00eb m\u00eb t\u00eb rritur. Ata nuk ka nevoj\u00eb tu thot\u00eb dikush kush \u00ebsht\u00eb ai xhaxhi q\u00eb po ndez dritat e fest\u00ebs n\u00eb Tiran\u00eb. Ata e din\u00eb. \u00cbsht\u00eb vras\u00ebsi i babait t\u00eb tyre.<\/p>\n<p>Ana, po ashtu n\u00eb nj\u00eb fshat t\u00eb zymt\u00eb t\u00eb Myzeqes\u00eb, uroj mos ta ket\u00eb par\u00eb at\u00eb sken\u00eb mbr\u00ebm\u00eb n\u00eb dark\u00eb. Nuk di n\u00ebse CEZ e ka p\u00ebrfshir\u00eb apo jo n\u00eb kufizimet e dritave Libofsh\u00ebn, por uroj ta ket\u00eb b\u00ebr\u00eb. Ajo \u00ebsht\u00eb n\u00eb mosh\u00ebn q\u00eb mund t\u00eb dilte me shoqet e g\u00ebzuar dhe t\u00eb vraponte p\u00ebr t\u00eb gjetur bredhin e Vitit t\u00eb Ri. Nuk e b\u00ebn dot se \u00ebsht\u00eb e varf\u00ebr, dhe prej 21 Janarit t\u00eb vitit t\u00eb kaluar edhe jetime. Ajo dhe dy v\u00ebllez\u00ebrit e saj e njohin njeriun qe shtiret i lumtur n\u00eb mes t\u00eb Tiran\u00ebs. \u00cbsht\u00eb ai q\u00eb nuk i l\u00eb sivjet t\u00eb jen\u00eb t\u00eb g\u00ebzuar p\u00ebr Vitin e Ri. Pas xhamave t\u00eb blinduar t\u00eb kryeministris\u00eb, ai q\u00eb shtiret i lumtur n\u00eb mes t\u00eb Tiran\u00ebs ka urdh\u00ebruar vrasjen e babit t\u00eb An\u00ebs. Ana e pa direkt n\u00eb ekran si u rr\u00ebzua babai i saj dhe si e posht\u00ebruan duke i th\u00ebn\u00eb \u201ckok\u00ebpalar\u00eb\u201d.<\/p>\n<p>Shpresoj po ashtu q\u00eb djali i mbetur i Faik Myrtajt t\u00eb mos ket\u00eb qen\u00eb para ekranit dje dhe as sot paradite. K\u00ebto qendrat e z\u00ebrit t\u00eb qeveris\u00eb i p\u00ebrs\u00ebrisin shum\u00eb shpesh lajmet kriminale dhe atij mund t\u2019i ndodh\u00eb ta shikoj\u00eb. Dhe do trishtohet shum\u00eb se p\u00ebrve\u00e7 babait t\u00eb vrar\u00eb n\u00eb bulevard do t\u2019i ringjallet kujtimi i v\u00ebllait t\u00eb vrar\u00eb n\u00eb kodr\u00ebn m\u00eb t\u00eb af\u00ebrt t\u00eb fshatit, nga d\u00ebshp\u00ebrimi q\u00eb nuk kishte si t\u00eb ndjehej i qet\u00eb pa ikjes s\u00eb babait. La nj\u00eb mesazh p\u00ebr ne t\u00eb gjall\u00ebt, b\u00ebri nj\u00eb shenj\u00eb dhe iku pas t\u00eb atit.<\/p>\n<p>Uroj q\u00eb dje t\u00eb ket\u00eb pasur drita Ina Rama. Kryeprokurorja, q\u00eb e mbulon zem\u00ebrimin e juristes me qet\u00ebsin\u00eb e femr\u00ebs s\u00eb hijshme, duhet ta dij\u00eb se m\u00eb shum\u00eb se sa krimi i 21 Janarit n\u00eb bulevard, shqiptar\u00ebt i vret buz\u00ebqeshja e shtir\u00eb e k\u00ebtij vras\u00ebsi n\u00eb mes t\u00eb Tiran\u00ebs, vjedhur po ashtu ligjit me kostumin e kryebashkiakut. Uroj t\u00eb ket\u00eb pasur drita dhe durim p\u00ebr t\u2019i par\u00eb kronikat televizive, ku njeriu q\u00eb shtiret se po u sjell lumturi f\u00ebmij\u00ebve t\u00eb kryeqytetit duke marr\u00eb p\u00ebr dore f\u00ebmij\u00ebn e tij t\u00eb veshur me 5 mij\u00eb euro rroba firmato, n\u00eb fakt shkakton revolt\u00eb jo vet\u00ebm tek f\u00ebmij\u00ebt q\u00eb ka l\u00ebn\u00eb jetim\u00eb, por tek \u00e7do shqiptar, i cili vitin e par\u00eb t\u00eb mortit nuk feston kurr\u00eb Vit t\u00eb Ri. Uroj q\u00eb kryeprokurorja t\u00eb ket\u00eb larguar s\u00eb paku f\u00ebmij\u00ebt e saj nga ekrani, pasi mund ta pyesin: \u201cPse nuk e arreston k\u00ebt\u00eb Xhaxhin\u201d?<\/p>\n<p>Uroj q\u00eb ambasadori i SHBA, Aleksand\u00ebr Arvizu, dhe ai i Bashkimit Evropian, Sekui, t\u2019i ken\u00eb par\u00eb lajmet. CEZ nuk ka pushtet n\u00eb rezidencat e tyre dhe ata kan\u00eb drita. Shpresoj t\u2019i ken\u00eb par\u00eb lajmet p\u00ebr t\u00eb kuptuar se \u00e7far\u00eb i mungon festave t\u00eb k\u00ebtij fundviti. I mungojn\u00eb kat\u00ebr qytetar\u00eb t\u00eb pushkatuar p\u00ebr liri politike, q\u00eb n\u00eb vendet e tyre jan\u00eb fituar dy shekuj m\u00eb par\u00eb. Por m\u00eb shum\u00eb se kat\u00ebr qytetar\u00eb, i mungon morali i vrar\u00eb i Per\u00ebndimit, q\u00eb toleroi vrasjet politike dhe i barazoi ato me t\u00eb drejt\u00ebn p\u00ebr t\u00eb shp\u00ebrthyer n\u00eb revolt\u00eb ndaj nj\u00eb qeverie q\u00eb t\u00eb injoron \u00e7do plag\u00eb.<\/p>\n<p>Uroj q\u00eb t\u2019i ket\u00eb par\u00eb ato kronika Presidenti Topi, kryeopozitari Rama, dhe gjith\u00eb klasa politike n\u00eb Shqip\u00ebri. \u00cbsht\u00eb nj\u00eb tradit\u00eb shqiptare, q\u00eb \u00e7do Vit i Ri q\u00eb vjen pas nj\u00eb morti, nis me kujtimin p\u00ebr ata q\u00eb ik\u00ebn. Uroj q\u00eb t\u00eb jen\u00eb ndjer\u00eb keq kur kan\u00eb par\u00eb duke u shtirur sikur qesh nj\u00eb kryebashkiak, q\u00eb n\u00ebse do t\u00eb ishte aty me votat e popullit, do t\u00eb duhej t\u00eb niste k\u00ebto festime s\u00eb paku me nj\u00eb qiri p\u00ebr shpirtrat e kat\u00ebr qytetar\u00ebve t\u00eb k\u00ebtij vendi, q\u00eb jan\u00eb vrar\u00eb n\u00eb k\u00ebt\u00eb qytet, n\u00eb fillim t\u00eb k\u00ebtij viti.<\/p>\n","protected":false},"excerpt":{"rendered":"<p>Nga Mero Baze, 5 Dhjetor 2011 Dje kam uruar q\u00eb n\u00eb Lezh\u00eb t\u00eb mos ket\u00eb drita. N\u00eb fakt kam uruar q\u00eb n\u00eb periferi t\u00eb Lezh\u00ebs, n\u00eb nj\u00eb fshat ndan\u00eb rrug\u00ebs s\u00eb vjet\u00ebr p\u00ebr n\u00eb Shkod\u00ebr &#8211; n\u00eb Gryk\u00eb-Manati, t\u00eb mos ket\u00eb pasur drita gjith\u00eb mbasditen deri von\u00eb n\u00eb mbr\u00ebmje dhe t\u00eb mos ket\u00eb as nes\u00ebr [&hellip;]<\/p>\n","protected":false},"author":1,"featured_media":0,"comment_status":"open","ping_status":"closed","sticky":false,"template":"","format":"standard","meta":{"footnotes":""},"categories":[2],"tags":[],"class_list":{"0":"post-515","1":"post","2":"type-post","3":"status-publish","4":"format-standard","6":"category-artikuj"},"yoast_head":"<!-- This site is optimized with the Yoast SEO plugin v27.4 - https:\/\/yoast.com\/product\/yoast-seo-wordpress\/ -->\n<title>Dritat e fest\u00ebs dhe qirinjt\u00eb e mortit t\u00eb Lul\u00ebzim Bash\u00ebs! - FjALA e LIR\u00cb - Arkivi<\/title>\n<meta name=\"robots\" content=\"index, follow, max-snippet:-1, max-image-preview:large, max-video-preview:-1\" \/>\n<link rel=\"canonical\" href=\"https:\/\/fjala.info\/2009-2015\/dritat-e-festes-dhe-qirinjte-e-mortit-te-lulezim-bashes\/\" \/>\n<meta property=\"og:locale\" content=\"sq_AL\" \/>\n<meta property=\"og:type\" content=\"article\" \/>\n<meta property=\"og:title\" content=\"Dritat e fest\u00ebs dhe qirinjt\u00eb e mortit t\u00eb Lul\u00ebzim Bash\u00ebs! - FjALA e LIR\u00cb - Arkivi\" \/>\n<meta property=\"og:description\" content=\"Nga Mero Baze, 5 Dhjetor 2011 Dje kam uruar q\u00eb n\u00eb Lezh\u00eb t\u00eb mos ket\u00eb drita. N\u00eb fakt kam uruar q\u00eb n\u00eb periferi t\u00eb Lezh\u00ebs, n\u00eb nj\u00eb fshat ndan\u00eb rrug\u00ebs s\u00eb vjet\u00ebr p\u00ebr n\u00eb Shkod\u00ebr &#8211; n\u00eb Gryk\u00eb-Manati, t\u00eb mos ket\u00eb pasur drita gjith\u00eb mbasditen deri von\u00eb n\u00eb mbr\u00ebmje dhe t\u00eb mos ket\u00eb as nes\u00ebr [&hellip;]\" \/>\n<meta property=\"og:url\" content=\"https:\/\/fjala.info\/2009-2015\/dritat-e-festes-dhe-qirinjte-e-mortit-te-lulezim-bashes\/\" \/>\n<meta property=\"og:site_name\" content=\"FjALA e LIR\u00cb - Arkivi\" \/>\n<meta property=\"article:published_time\" content=\"2011-12-07T10:28:31+00:00\" \/>\n<meta property=\"og:image\" content=\"http:\/\/www.shkoder.net\/images\/fjala\/mero_baze1.jpg\" \/>\n<meta name=\"author\" content=\"admin\" \/>\n<meta name=\"twitter:card\" content=\"summary_large_image\" \/>\n<meta name=\"twitter:label1\" content=\"Written by\" \/>\n\t<meta name=\"twitter:data1\" content=\"admin\" \/>\n\t<meta name=\"twitter:label2\" content=\"Est. reading time\" \/>\n\t<meta name=\"twitter:data2\" content=\"6 minutes\" \/>\n<script type=\"application\/ld+json\" class=\"yoast-schema-graph\">{\"@context\":\"https:\\\/\\\/schema.org\",\"@graph\":[{\"@type\":\"Article\",\"@id\":\"https:\\\/\\\/fjala.info\\\/2009-2015\\\/dritat-e-festes-dhe-qirinjte-e-mortit-te-lulezim-bashes\\\/#article\",\"isPartOf\":{\"@id\":\"https:\\\/\\\/fjala.info\\\/2009-2015\\\/dritat-e-festes-dhe-qirinjte-e-mortit-te-lulezim-bashes\\\/\"},\"author\":{\"name\":\"admin\",\"@id\":\"https:\\\/\\\/fjala.info\\\/2009-2015\\\/#\\\/schema\\\/person\\\/3aa1163ef05469c496fc94e77611ada2\"},\"headline\":\"Dritat e fest\u00ebs dhe qirinjt\u00eb e mortit t\u00eb Lul\u00ebzim Bash\u00ebs!\",\"datePublished\":\"2011-12-07T10:28:31+00:00\",\"mainEntityOfPage\":{\"@id\":\"https:\\\/\\\/fjala.info\\\/2009-2015\\\/dritat-e-festes-dhe-qirinjte-e-mortit-te-lulezim-bashes\\\/\"},\"wordCount\":1118,\"commentCount\":1,\"publisher\":{\"@id\":\"https:\\\/\\\/fjala.info\\\/2009-2015\\\/#organization\"},\"image\":{\"@id\":\"https:\\\/\\\/fjala.info\\\/2009-2015\\\/dritat-e-festes-dhe-qirinjte-e-mortit-te-lulezim-bashes\\\/#primaryimage\"},\"thumbnailUrl\":\"http:\\\/\\\/www.shkoder.net\\\/images\\\/fjala\\\/mero_baze1.jpg\",\"articleSection\":[\"Artikuj\"],\"inLanguage\":\"sq-AL\",\"potentialAction\":[{\"@type\":\"CommentAction\",\"name\":\"Comment\",\"target\":[\"https:\\\/\\\/fjala.info\\\/2009-2015\\\/dritat-e-festes-dhe-qirinjte-e-mortit-te-lulezim-bashes\\\/#respond\"]}]},{\"@type\":\"WebPage\",\"@id\":\"https:\\\/\\\/fjala.info\\\/2009-2015\\\/dritat-e-festes-dhe-qirinjte-e-mortit-te-lulezim-bashes\\\/\",\"url\":\"https:\\\/\\\/fjala.info\\\/2009-2015\\\/dritat-e-festes-dhe-qirinjte-e-mortit-te-lulezim-bashes\\\/\",\"name\":\"Dritat e fest\u00ebs dhe qirinjt\u00eb e mortit t\u00eb Lul\u00ebzim Bash\u00ebs! - FjALA e LIR\u00cb - Arkivi\",\"isPartOf\":{\"@id\":\"https:\\\/\\\/fjala.info\\\/2009-2015\\\/#website\"},\"primaryImageOfPage\":{\"@id\":\"https:\\\/\\\/fjala.info\\\/2009-2015\\\/dritat-e-festes-dhe-qirinjte-e-mortit-te-lulezim-bashes\\\/#primaryimage\"},\"image\":{\"@id\":\"https:\\\/\\\/fjala.info\\\/2009-2015\\\/dritat-e-festes-dhe-qirinjte-e-mortit-te-lulezim-bashes\\\/#primaryimage\"},\"thumbnailUrl\":\"http:\\\/\\\/www.shkoder.net\\\/images\\\/fjala\\\/mero_baze1.jpg\",\"datePublished\":\"2011-12-07T10:28:31+00:00\",\"breadcrumb\":{\"@id\":\"https:\\\/\\\/fjala.info\\\/2009-2015\\\/dritat-e-festes-dhe-qirinjte-e-mortit-te-lulezim-bashes\\\/#breadcrumb\"},\"inLanguage\":\"sq-AL\",\"potentialAction\":[{\"@type\":\"ReadAction\",\"target\":[\"https:\\\/\\\/fjala.info\\\/2009-2015\\\/dritat-e-festes-dhe-qirinjte-e-mortit-te-lulezim-bashes\\\/\"]}]},{\"@type\":\"ImageObject\",\"inLanguage\":\"sq-AL\",\"@id\":\"https:\\\/\\\/fjala.info\\\/2009-2015\\\/dritat-e-festes-dhe-qirinjte-e-mortit-te-lulezim-bashes\\\/#primaryimage\",\"url\":\"http:\\\/\\\/www.shkoder.net\\\/images\\\/fjala\\\/mero_baze1.jpg\",\"contentUrl\":\"http:\\\/\\\/www.shkoder.net\\\/images\\\/fjala\\\/mero_baze1.jpg\"},{\"@type\":\"BreadcrumbList\",\"@id\":\"https:\\\/\\\/fjala.info\\\/2009-2015\\\/dritat-e-festes-dhe-qirinjte-e-mortit-te-lulezim-bashes\\\/#breadcrumb\",\"itemListElement\":[{\"@type\":\"ListItem\",\"position\":1,\"name\":\"Home\",\"item\":\"https:\\\/\\\/fjala.info\\\/2009-2015\\\/\"},{\"@type\":\"ListItem\",\"position\":2,\"name\":\"Dritat e fest\u00ebs dhe qirinjt\u00eb e mortit t\u00eb Lul\u00ebzim Bash\u00ebs!\"}]},{\"@type\":\"WebSite\",\"@id\":\"https:\\\/\\\/fjala.info\\\/2009-2015\\\/#website\",\"url\":\"https:\\\/\\\/fjala.info\\\/2009-2015\\\/\",\"name\":\"FjALA e LIR\u00cb - Arkivi\",\"description\":\"Arkivi 2009-2015\",\"publisher\":{\"@id\":\"https:\\\/\\\/fjala.info\\\/2009-2015\\\/#organization\"},\"potentialAction\":[{\"@type\":\"SearchAction\",\"target\":{\"@type\":\"EntryPoint\",\"urlTemplate\":\"https:\\\/\\\/fjala.info\\\/2009-2015\\\/?s={search_term_string}\"},\"query-input\":{\"@type\":\"PropertyValueSpecification\",\"valueRequired\":true,\"valueName\":\"search_term_string\"}}],\"inLanguage\":\"sq-AL\"},{\"@type\":\"Organization\",\"@id\":\"https:\\\/\\\/fjala.info\\\/2009-2015\\\/#organization\",\"name\":\"FjALA e LIR\u00cb - Arkivi\",\"url\":\"https:\\\/\\\/fjala.info\\\/2009-2015\\\/\",\"logo\":{\"@type\":\"ImageObject\",\"inLanguage\":\"sq-AL\",\"@id\":\"https:\\\/\\\/fjala.info\\\/2009-2015\\\/#\\\/schema\\\/logo\\\/image\\\/\",\"url\":\"\",\"contentUrl\":\"\",\"caption\":\"FjALA e LIR\u00cb - Arkivi\"},\"image\":{\"@id\":\"https:\\\/\\\/fjala.info\\\/2009-2015\\\/#\\\/schema\\\/logo\\\/image\\\/\"}},{\"@type\":\"Person\",\"@id\":\"https:\\\/\\\/fjala.info\\\/2009-2015\\\/#\\\/schema\\\/person\\\/3aa1163ef05469c496fc94e77611ada2\",\"name\":\"admin\",\"image\":{\"@type\":\"ImageObject\",\"inLanguage\":\"sq-AL\",\"@id\":\"https:\\\/\\\/fjala.info\\\/2009-2015\\\/wp-content\\\/uploads\\\/2012\\\/02\\\/arben_cokaj-120x150.jpg\",\"url\":\"https:\\\/\\\/fjala.info\\\/2009-2015\\\/wp-content\\\/uploads\\\/2012\\\/02\\\/arben_cokaj-120x150.jpg\",\"contentUrl\":\"https:\\\/\\\/fjala.info\\\/2009-2015\\\/wp-content\\\/uploads\\\/2012\\\/02\\\/arben_cokaj-120x150.jpg\",\"caption\":\"admin\"},\"description\":\"Admin, Fjala e Lir\u00eb\",\"sameAs\":[\"https:\\\/\\\/fjala.info\\\/\"],\"url\":\"https:\\\/\\\/fjala.info\\\/2009-2015\\\/author\\\/admin\\\/\"}]}<\/script>\n<!-- \/ Yoast SEO plugin. -->","yoast_head_json":{"title":"Dritat e fest\u00ebs dhe qirinjt\u00eb e mortit t\u00eb Lul\u00ebzim Bash\u00ebs! - FjALA e LIR\u00cb - Arkivi","robots":{"index":"index","follow":"follow","max-snippet":"max-snippet:-1","max-image-preview":"max-image-preview:large","max-video-preview":"max-video-preview:-1"},"canonical":"https:\/\/fjala.info\/2009-2015\/dritat-e-festes-dhe-qirinjte-e-mortit-te-lulezim-bashes\/","og_locale":"sq_AL","og_type":"article","og_title":"Dritat e fest\u00ebs dhe qirinjt\u00eb e mortit t\u00eb Lul\u00ebzim Bash\u00ebs! - FjALA e LIR\u00cb - Arkivi","og_description":"Nga Mero Baze, 5 Dhjetor 2011 Dje kam uruar q\u00eb n\u00eb Lezh\u00eb t\u00eb mos ket\u00eb drita. N\u00eb fakt kam uruar q\u00eb n\u00eb periferi t\u00eb Lezh\u00ebs, n\u00eb nj\u00eb fshat ndan\u00eb rrug\u00ebs s\u00eb vjet\u00ebr p\u00ebr n\u00eb Shkod\u00ebr &#8211; n\u00eb Gryk\u00eb-Manati, t\u00eb mos ket\u00eb pasur drita gjith\u00eb mbasditen deri von\u00eb n\u00eb mbr\u00ebmje dhe t\u00eb mos ket\u00eb as nes\u00ebr [&hellip;]","og_url":"https:\/\/fjala.info\/2009-2015\/dritat-e-festes-dhe-qirinjte-e-mortit-te-lulezim-bashes\/","og_site_name":"FjALA e LIR\u00cb - Arkivi","article_published_time":"2011-12-07T10:28:31+00:00","og_image":[{"url":"http:\/\/www.shkoder.net\/images\/fjala\/mero_baze1.jpg","type":"","width":"","height":""}],"author":"admin","twitter_card":"summary_large_image","twitter_misc":{"Written by":"admin","Est. reading time":"6 minutes"},"schema":{"@context":"https:\/\/schema.org","@graph":[{"@type":"Article","@id":"https:\/\/fjala.info\/2009-2015\/dritat-e-festes-dhe-qirinjte-e-mortit-te-lulezim-bashes\/#article","isPartOf":{"@id":"https:\/\/fjala.info\/2009-2015\/dritat-e-festes-dhe-qirinjte-e-mortit-te-lulezim-bashes\/"},"author":{"name":"admin","@id":"https:\/\/fjala.info\/2009-2015\/#\/schema\/person\/3aa1163ef05469c496fc94e77611ada2"},"headline":"Dritat e fest\u00ebs dhe qirinjt\u00eb e mortit t\u00eb Lul\u00ebzim Bash\u00ebs!","datePublished":"2011-12-07T10:28:31+00:00","mainEntityOfPage":{"@id":"https:\/\/fjala.info\/2009-2015\/dritat-e-festes-dhe-qirinjte-e-mortit-te-lulezim-bashes\/"},"wordCount":1118,"commentCount":1,"publisher":{"@id":"https:\/\/fjala.info\/2009-2015\/#organization"},"image":{"@id":"https:\/\/fjala.info\/2009-2015\/dritat-e-festes-dhe-qirinjte-e-mortit-te-lulezim-bashes\/#primaryimage"},"thumbnailUrl":"http:\/\/www.shkoder.net\/images\/fjala\/mero_baze1.jpg","articleSection":["Artikuj"],"inLanguage":"sq-AL","potentialAction":[{"@type":"CommentAction","name":"Comment","target":["https:\/\/fjala.info\/2009-2015\/dritat-e-festes-dhe-qirinjte-e-mortit-te-lulezim-bashes\/#respond"]}]},{"@type":"WebPage","@id":"https:\/\/fjala.info\/2009-2015\/dritat-e-festes-dhe-qirinjte-e-mortit-te-lulezim-bashes\/","url":"https:\/\/fjala.info\/2009-2015\/dritat-e-festes-dhe-qirinjte-e-mortit-te-lulezim-bashes\/","name":"Dritat e fest\u00ebs dhe qirinjt\u00eb e mortit t\u00eb Lul\u00ebzim Bash\u00ebs! - FjALA e LIR\u00cb - Arkivi","isPartOf":{"@id":"https:\/\/fjala.info\/2009-2015\/#website"},"primaryImageOfPage":{"@id":"https:\/\/fjala.info\/2009-2015\/dritat-e-festes-dhe-qirinjte-e-mortit-te-lulezim-bashes\/#primaryimage"},"image":{"@id":"https:\/\/fjala.info\/2009-2015\/dritat-e-festes-dhe-qirinjte-e-mortit-te-lulezim-bashes\/#primaryimage"},"thumbnailUrl":"http:\/\/www.shkoder.net\/images\/fjala\/mero_baze1.jpg","datePublished":"2011-12-07T10:28:31+00:00","breadcrumb":{"@id":"https:\/\/fjala.info\/2009-2015\/dritat-e-festes-dhe-qirinjte-e-mortit-te-lulezim-bashes\/#breadcrumb"},"inLanguage":"sq-AL","potentialAction":[{"@type":"ReadAction","target":["https:\/\/fjala.info\/2009-2015\/dritat-e-festes-dhe-qirinjte-e-mortit-te-lulezim-bashes\/"]}]},{"@type":"ImageObject","inLanguage":"sq-AL","@id":"https:\/\/fjala.info\/2009-2015\/dritat-e-festes-dhe-qirinjte-e-mortit-te-lulezim-bashes\/#primaryimage","url":"http:\/\/www.shkoder.net\/images\/fjala\/mero_baze1.jpg","contentUrl":"http:\/\/www.shkoder.net\/images\/fjala\/mero_baze1.jpg"},{"@type":"BreadcrumbList","@id":"https:\/\/fjala.info\/2009-2015\/dritat-e-festes-dhe-qirinjte-e-mortit-te-lulezim-bashes\/#breadcrumb","itemListElement":[{"@type":"ListItem","position":1,"name":"Home","item":"https:\/\/fjala.info\/2009-2015\/"},{"@type":"ListItem","position":2,"name":"Dritat e fest\u00ebs dhe qirinjt\u00eb e mortit t\u00eb Lul\u00ebzim Bash\u00ebs!"}]},{"@type":"WebSite","@id":"https:\/\/fjala.info\/2009-2015\/#website","url":"https:\/\/fjala.info\/2009-2015\/","name":"FjALA e LIR\u00cb - Arkivi","description":"Arkivi 2009-2015","publisher":{"@id":"https:\/\/fjala.info\/2009-2015\/#organization"},"potentialAction":[{"@type":"SearchAction","target":{"@type":"EntryPoint","urlTemplate":"https:\/\/fjala.info\/2009-2015\/?s={search_term_string}"},"query-input":{"@type":"PropertyValueSpecification","valueRequired":true,"valueName":"search_term_string"}}],"inLanguage":"sq-AL"},{"@type":"Organization","@id":"https:\/\/fjala.info\/2009-2015\/#organization","name":"FjALA e LIR\u00cb - Arkivi","url":"https:\/\/fjala.info\/2009-2015\/","logo":{"@type":"ImageObject","inLanguage":"sq-AL","@id":"https:\/\/fjala.info\/2009-2015\/#\/schema\/logo\/image\/","url":"","contentUrl":"","caption":"FjALA e LIR\u00cb - Arkivi"},"image":{"@id":"https:\/\/fjala.info\/2009-2015\/#\/schema\/logo\/image\/"}},{"@type":"Person","@id":"https:\/\/fjala.info\/2009-2015\/#\/schema\/person\/3aa1163ef05469c496fc94e77611ada2","name":"admin","image":{"@type":"ImageObject","inLanguage":"sq-AL","@id":"https:\/\/fjala.info\/2009-2015\/wp-content\/uploads\/2012\/02\/arben_cokaj-120x150.jpg","url":"https:\/\/fjala.info\/2009-2015\/wp-content\/uploads\/2012\/02\/arben_cokaj-120x150.jpg","contentUrl":"https:\/\/fjala.info\/2009-2015\/wp-content\/uploads\/2012\/02\/arben_cokaj-120x150.jpg","caption":"admin"},"description":"Admin, Fjala e Lir\u00eb","sameAs":["https:\/\/fjala.info\/"],"url":"https:\/\/fjala.info\/2009-2015\/author\/admin\/"}]}},"_links":{"self":[{"href":"https:\/\/fjala.info\/2009-2015\/wp-json\/wp\/v2\/posts\/515","targetHints":{"allow":["GET"]}}],"collection":[{"href":"https:\/\/fjala.info\/2009-2015\/wp-json\/wp\/v2\/posts"}],"about":[{"href":"https:\/\/fjala.info\/2009-2015\/wp-json\/wp\/v2\/types\/post"}],"author":[{"embeddable":true,"href":"https:\/\/fjala.info\/2009-2015\/wp-json\/wp\/v2\/users\/1"}],"replies":[{"embeddable":true,"href":"https:\/\/fjala.info\/2009-2015\/wp-json\/wp\/v2\/comments?post=515"}],"version-history":[{"count":0,"href":"https:\/\/fjala.info\/2009-2015\/wp-json\/wp\/v2\/posts\/515\/revisions"}],"wp:attachment":[{"href":"https:\/\/fjala.info\/2009-2015\/wp-json\/wp\/v2\/media?parent=515"}],"wp:term":[{"taxonomy":"category","embeddable":true,"href":"https:\/\/fjala.info\/2009-2015\/wp-json\/wp\/v2\/categories?post=515"},{"taxonomy":"post_tag","embeddable":true,"href":"https:\/\/fjala.info\/2009-2015\/wp-json\/wp\/v2\/tags?post=515"}],"curies":[{"name":"wp","href":"https:\/\/api.w.org\/{rel}","templated":true}]}}