{"id":5149,"date":"2010-12-08T10:44:16","date_gmt":"2010-12-08T09:44:16","guid":{"rendered":"http:\/\/fjala.shkoder.net\/?p=5149"},"modified":"2010-12-08T10:44:16","modified_gmt":"2010-12-08T09:44:16","slug":"shkodra-si-te-mos-perseritet","status":"publish","type":"post","link":"https:\/\/fjala.info\/2009-2015\/shkodra-si-te-mos-perseritet\/","title":{"rendered":"Shkodra, si t\u00eb mos p\u00ebrs\u00ebritet"},"content":{"rendered":"<p><strong>Haki Kola<\/strong>, <em>08.12.2010<\/em><\/p>\n<p>Tragjedia e Shkodr\u00ebs kishte vite q\u00eb luhej n\u00eb prapasken\u00eb. Her\u00eb pas her\u00eb jepte sinjale shqet\u00ebsuese, si me shp\u00ebrthimet e pazakonta t\u00eb Kirit, Gjadrit, ndonj\u00ebher\u00eb edhe me Drinin e Bun\u00ebn.<\/p>\n<p>Tek sheh mij\u00ebra v\u00ebllez\u00ebr me sht\u00ebpi e katandi t\u00eb fundosura n\u00ebn uj\u00eb, ku nuk dihet se sa do t\u00eb q\u00ebndrojn\u00eb, fjal\u00ebt dhe komentet b\u00ebhen t\u00eb v\u00ebshtira. Toka jon\u00eb pasqyr\u00eb e qiellit po u b\u00ebn jehon\u00eb trilleve klimatike.<\/p>\n<p>N\u00ebse i referohemi historis\u00eb, kjo nuk \u00ebsht\u00eb hera e par\u00eb. N\u00ebse kthehemi tek arkeologjia, e kujtojm\u00eb se sa qendra t\u00eb mbuluara nga dheu trash\u00ebgojm\u00eb, kjo t\u00eb shton trishtimin e t\u00eb pak\u00ebson shpres\u00ebn. Shkodra po p\u00ebrjeton pasojat e sjelljes s\u00eb natyr\u00ebs thon\u00eb t\u00eb shumt\u00ebt.<\/p>\n<p>T\u00eb tjer\u00eb ngulmojn\u00eb se fajtore \u00ebsht\u00eb shoq\u00ebria, me gabimet q\u00eb ka b\u00ebr\u00eb n\u00eb shekuj, n\u00eb trajtimin e malit e fush\u00ebs, lumit e p\u00ebrroit, urbanizimit e industris\u00eb. Dikush p\u00ebrmend edhe ndryshimet klimatike e ngrohjen globale. Duket se historikisht ka qen\u00eb nj\u00eb problem tejet i v\u00ebshtir\u00eb p\u00ebr t&#8217;u shtruar.<\/p>\n<p>Ndoshta m\u00eb i v\u00ebshtir\u00eb p\u00ebr t&#8217;u shtruar se sa p\u00ebr t&#8217;u zgjidhur. V\u00ebrshimi i lumenjve n\u00eb fusha dhe p\u00ebrmbytjet e tyre kan\u00eb qen\u00eb nj\u00eb nd\u00ebr dukurit\u00eb kryesore t\u00eb jet\u00ebs shqiptare. Por debati dhe tentativa p\u00ebr t\u00eb shtruar problemin ka qen\u00eb gjithmon\u00eb, e mendjeve t\u00eb nxehta, n\u00eb koh\u00ebn q\u00eb uji kishte b\u00ebr\u00eb pushtimin. M\u00eb pas vazhdonte rutina, e territori k\u00ebnetor zgjerohej, njer\u00ebzit linin fush\u00ebn e i ngjiteshin malit.<\/p>\n<p>Administratat tona duket se kan\u00eb ecur p\u00ebrher\u00eb n\u00eb shina t\u00eb vjetra e t\u00eb ndryshkura, tep\u00ebr t\u00eb interesuara p\u00ebr ta mbyllur debatin p\u00ebrpara se t\u00eb niset nga frika e risive, t\u00eb cilat paragjykohen si t\u00eb paramenduara p\u00ebr t&#8217;i dh\u00ebn\u00eb dikujt kapital politik, apo p\u00ebr t\u00eb hapur telashe e humbur autoritetin.<\/p>\n<p>Opinioni publik duket si i p\u00ebrgjumur, dhe ndahet e merr rrug\u00ebn n\u00eb at\u00eb drejtim politik q\u00eb i beson, pa menduar se n\u00eb k\u00ebt\u00eb rast po shkelet nj\u00eb e drejt\u00eb themelore e tij.<\/p>\n<p>K\u00ebsaj vet\u00ebdije t\u00eb pamjaftueshme p\u00ebr t\u00eb drejta i p\u00ebrgjigjet nj\u00eb vet\u00ebdije e pamjaftueshme detyrash, nj\u00eb munges\u00eb interesash p\u00ebr fatet e pasurive t\u00eb p\u00ebrbashk\u00ebta q\u00eb ndikojn\u00eb ndjesh\u00ebm n\u00eb jet\u00ebn ton\u00eb t\u00eb p\u00ebrditshme. Komunitetin mund ta nxjerrin n\u00eb rrug\u00eb vet\u00ebm partit\u00eb politike, edhe ata n\u00ebn k\u00ebrc\u00ebnimin se po grumbullon kapital nga nj\u00eb fatkeq\u00ebsi natyrore.<\/p>\n<p>Dhe p\u00ebr shekuj me radh\u00eb nuk b\u00ebn asgj\u00eb, dhe ka shum\u00eb gjasa q\u00eb edhe pas k\u00ebsaj tragjedie t\u00eb mos b\u00ebj\u00eb kurr\u00eb asgj\u00eb p\u00ebr t&#8217;u rebeluar, p\u00ebr t\u00eb k\u00ebrkuar di\u00e7ka, p\u00ebr t\u00eb d\u00ebgjuar problemin t\u00eb shtrohet nga ata q\u00eb e drejtojn\u00eb, t\u00eb shtrohet n\u00eb t\u00ebr\u00eb kompleksitetin e tij, duke angazhuar ekspertiz\u00ebn vendore e at\u00eb nd\u00ebrkomb\u00ebtare, pasi nj\u00eb k\u00ebrkes\u00eb e till\u00eb \u00ebsht\u00eb legale, \u00ebsht\u00eb pjes\u00eb e t\u00eb drejtave t\u00eb tij themelore njer\u00ebzore.<\/p>\n<p>Duket sikur njer\u00ebzit nuk e din\u00eb q\u00eb kan\u00eb t\u00eb till\u00eb t\u00eb drejta.<br \/>\nNd\u00ebrsa d\u00ebgjohen shum\u00eb z\u00ebra q\u00eb e k\u00ebrkojn\u00eb n\u00eb fush\u00eb zgjidhjen, (t\u00eb thellojm\u00eb Bun\u00ebn, t\u00eb b\u00ebjm\u00eb kanale kulluese), veset dhe parregullsit\u00eb e Kirit, Gjadrit, Drinit, Osumit e gjith\u00eb lumenjve ton\u00eb, vijn\u00eb nga zanafillat e tyre malore.<\/p>\n<p>K\u00ebto vese varen nga p\u00ebrdorimi i tok\u00ebs n\u00eb k\u00ebto male e shpate, e ve\u00e7an\u00ebrisht nga shpyll\u00ebzimi i paarsyesh\u00ebm q\u00eb ka ndodhur e vazhdon te ndodh\u00eb prej shum\u00eb e shum\u00eb vitesh n\u00eb gjith\u00eb shpat malet e Shqip\u00ebris\u00eb, nj\u00eb shpyll\u00ebzim zhvat t\u00eb zhvatim, pa radh\u00eb e pa s\u00ebr\u00eb, n\u00eb pasurin\u00eb e t\u00eb gjith\u00ebve e nj\u00ebkoh\u00ebsisht t\u00eb askujt, drur\u00eb t\u00eb prer\u00eb p\u00ebr nj\u00eb deg\u00eb t\u00eb vetme, pyje t\u00eb t\u00ebra te sakatuara nga prerjet, e me pas djegur e ridjegur, p\u00ebr t\u00eb maskuar e fshehur faje t\u00eb administrat\u00ebs, duke l\u00ebn\u00eb pas tok\u00eb t\u00eb djegur, skelete drusore t\u00eb zgjyrta q\u00eb u ngjajn\u00eb siluetave t\u00eb krijesave parahistorike.<\/p>\n<p>Pas drur\u00ebve iku edhe bari. I tej kullotur e djegur her\u00eb pas her\u00eb, i menaxhuar si mall i askujt, n\u00ebn nepsin q\u00eb secili t\u00eb marr\u00eb m\u00eb tep\u00ebr nga fqinji i tij, ai u zhduk e u z\u00ebvend\u00ebsua nga bar\u00ebra t\u00eb pangr\u00ebnsh\u00ebm nga blegtoria, t\u00eb cil\u00ebt natyra i solli t\u00eb mbroj\u00eb tok\u00ebn, pasurin\u00eb m\u00eb t\u00eb shtrenjt\u00eb p\u00ebr njeriun.<\/p>\n<p>Zjarret e nj\u00ebpasnj\u00ebshme e b\u00ebn\u00eb q\u00eb shum\u00eb shpejt t\u00eb d\u00ebshtonte kjo tentative mbrojt\u00ebse e natyr\u00ebs. Barinjt\u00eb k\u00ebrkojn\u00eb me \u00e7do kusht bar. Mjafton tufa e tyre t\u00eb kullose.<\/p>\n<p>Pas zjarreve, mbi shpatet pa zot t\u00eb maleve tona, shirat e dendur e t\u00eb shpesht\u00eb, vijn\u00eb her\u00eb pas her\u00eb, pikat ngren\u00eb dheun p\u00ebrpjete duke formuar nj\u00eb si lav\u00eb t\u00eb gjakosur qe duke u rrokullisur pa asnj\u00eb penges\u00eb, n\u00eb ato rr\u00ebke noprane, i d\u00ebrgon drejt lumit mij\u00ebra tonelata tok\u00eb t\u00eb dobishme.<\/p>\n<p>Para se t\u00eb arrijn\u00eb lumin rr\u00ebket\u00eb futen pushtojn\u00eb rrug\u00eb e sht\u00ebpi duke mbytur fusha t\u00eb t\u00ebra. Rezervuar\u00ebt e hidrocentraleve t\u00eb Drinit kan\u00eb fshehur n\u00ebn uj\u00eb nj\u00eb pjes\u00eb t\u00eb madhe t\u00eb k\u00ebsaj toke, zvog\u00ebluar kapacitetin e mbufatur e derdhur pas \u00e7do stuhie.<\/p>\n<p>Toka e malit n\u00eb k\u00ebt\u00eb, m\u00ebnyr\u00eb \u00ebsht\u00eb holluar e holluar, n\u00eb pjes\u00ebn m\u00eb t\u00eb madhe, shk\u00ebmbi mbi t\u00eb cil\u00ebn ajo q\u00ebndronte, ka dal\u00eb n\u00eb sip\u00ebrfaqe e theket n\u00eb diell.<\/p>\n<p>Ajzenhaur (ish-president amerikan) i pyetur p\u00ebr d\u00ebshir\u00ebn m\u00eb t\u00eb madhe n\u00eb jet\u00eb, \u00ebsht\u00eb p\u00ebrgjigjur, &#8220;q\u00eb \u00ebsht\u00eb t\u00eb l\u00ebsh nj\u00eb cop\u00eb tok\u00eb q\u00eb e ke gjetur kur linde, n\u00eb kushte m\u00eb t\u00eb mira kur t\u00eb nd\u00ebrrosh jet\u00eb.<\/p>\n<p>Malet shqiptare n\u00eb pjes\u00ebn m\u00eb t\u00eb madhe t\u00eb pjerr\u00ebsive q\u00eb jan\u00eb arritur nga njeriu, e kan\u00eb humbur shtres\u00ebn e sip\u00ebrme t\u00eb tok\u00ebs. Pa k\u00ebt\u00eb shtres\u00eb, toka b\u00ebhet tep\u00ebr e ndjeshme, ndaj \u00e7do dukurie t\u00eb natyr\u00ebs.<\/p>\n<p>Ringjallja e k\u00ebsaj toke t\u00eb s\u00ebmure si nj\u00eb kafsh\u00eb q\u00eb i kan\u00eb hequr l\u00ebkur\u00ebn, k\u00ebrkon terapi shum\u00eb t\u00eb kujdesshme afat gjat\u00eb, k\u00ebrkon ndryshime radikale n\u00eb politikat shtet\u00ebrore p\u00ebr tokat malore t\u00eb destinuara p\u00ebr t\u00eb rritur pyje dhe kullota.<\/p>\n<p>K\u00ebto politika duhet t\u00eb shoq\u00ebrohen me marr\u00ebveshje sociale, me edukim t\u00eb popullsis\u00eb dhe nd\u00ebrgjegj\u00ebsim t\u00eb saj, p\u00ebr stadin n\u00eb t\u00eb cilin ndodhet sot toka jon\u00eb, dhe p\u00ebr rrug\u00ebn e gjat\u00eb dhe sakrificat q\u00eb na duhet t\u00eb b\u00ebjm\u00eb si shoq\u00ebri, p\u00ebr t\u00eb filluar kurimin, me p\u00ebrmir\u00ebsim t\u00eb kurikulave shkollore, q\u00eb akoma na m\u00ebsojn\u00eb p\u00ebr tok\u00ebn ton\u00eb nga libra t\u00eb huazuar nga vende pa problemet tona.<\/p>\n<p>K\u00ebto q\u00eb p\u00ebrmenda e b\u00ebjn\u00eb t\u00eb v\u00ebshtir\u00eb shtrimin e problemit. M\u00eb i v\u00ebshtir\u00eb \u00ebsht\u00eb pranimi Mediave, u duket si tem\u00eb q\u00eb nuk i t\u00ebrheq lexuesit. Politikan\u00ebt i largohen si djallit, se mos gabimisht marrin ndonj\u00eb zotim e vihen p\u00ebrpara p\u00ebrgjegj\u00ebsis\u00eb.<\/p>\n<p>Alpet e Europ\u00ebs qendrore e jetuan k\u00ebt\u00eb situat\u00eb degradimi q\u00eb me fillimin e revolucionit industrial, duke e arritur kulmin n\u00eb vitet 1840.<\/p>\n<p>N\u00eb at\u00eb situat\u00eb, zgjidhja u gjet, duke u shp\u00ebrndar\u00eb malin e kullot\u00ebn t\u00eb gjith\u00eb banor\u00ebve t\u00eb alpeve, duke u dh\u00ebn\u00eb atyre p\u00ebrgjegj\u00ebsin\u00eb e menaxhimit, dhe duke rregulluar nj\u00eb kuad\u00ebr ligjor q\u00eb t\u00eb pajtonte njer\u00ebzit qeverin\u00eb dhe natyr\u00ebn.<\/p>\n<p>Pas mese se nj\u00eb shekulli e gjysme banor\u00ebt i kane kthyer alpet n\u00eb nj\u00eb perl\u00eb t\u00eb Europ\u00ebs, t\u00eb veshur me drur\u00eb, plot biodiversitet, peizazhe t\u00eb bukura e kulla t\u00eb ujit, me infrastruktur\u00eb moderne.<\/p>\n<p>Alpet europiane jan\u00eb af\u00ebr, si qeveritar\u00ebt, ashtu edhe ekspert\u00ebt mund t\u00eb shkojn\u00eb e t&#8217;i vizitojn\u00eb, t\u00eb njihen edhe me evolucionin e tyre nga male te shkat\u00ebrruara n\u00eb begati.<\/p>\n<p>Fan Noli n\u00eb programin e reform\u00ebs agrare e propozoi nj\u00eb skem\u00eb t\u00eb ngjashme edhe p\u00ebr malet e Shqip\u00ebris\u00eb, program q\u00eb nuk arriti ta shtronte e zbatonte.<\/p>\n<p>Nj\u00eb model \u00ebsht\u00eb filluar t\u00eb nd\u00ebrtohet edhe n\u00eb pyjet komunale q\u00eb synon p\u00ebrfshirjen e komuniteteve n\u00eb menaxhimin e tok\u00ebs dhe pyllit.<\/p>\n<p>Duke munguar njohja e kompleksitetit t\u00eb problemit, kjo l\u00ebvizje tashm\u00eb komb\u00ebtare, nuk shoq\u00ebrohet me rregullime p\u00ebrkat\u00ebse ligjore e institucionale. P\u00ebrvoja nd\u00ebrkomb\u00ebtare ka v\u00ebrtetuar, q\u00eb \u00e7do grup q\u00eb tenton t\u00eb menaxhoj\u00eb burime t\u00eb p\u00ebrbashk\u00ebta (si pyje, sisteme juridike, kullota etj) p\u00ebr t\u00eb arritur rezultat t\u00eb q\u00ebndruesh\u00ebm duhet t\u00eb zgjidh\u00eb nj\u00eb s\u00ebr\u00eb problemesh, me q\u00ebllim q\u00eb t\u00eb krijoj\u00eb institucione p\u00ebr veprime kolektive; si dhe t\u00eb projektoje parimet p\u00ebr t\u00eb krijuar t\u00eb tilla institucione q\u00eb mund t\u00eb tejkalojn\u00eb tragjedin\u00eb e t\u00eb p\u00ebrbashk\u00ebt\u00ebs.<\/p>\n<p>Parimet fillojn\u00eb q\u00eb nga vendosja e kufijve t\u00eb qart\u00eb, shoq\u00ebruar me rregulla p\u00ebr t\u00eb drejtat e detyrimet reciproke shtet &#8211; komunitet, familje, q\u00eb duhet te p\u00ebrputhen me kushtet dhe nevojat lokale. Individ\u00ebt q\u00eb jan\u00eb pjes\u00eb e k\u00ebtyre marr\u00ebveshjeve, duhet t&#8217;i ken\u00eb rregulluar marr\u00ebdh\u00ebniet dhe t\u00eb ken\u00eb t\u00eb drejt\u00eb t\u00eb marrin pjes\u00eb p\u00ebr t&#8217;i rishikuar k\u00ebto marr\u00ebveshje, nga ana tjet\u00ebr autoritetet shtet\u00ebrore duhet ta respektojn\u00eb t\u00eb drejt\u00ebn e komuniteteve n\u00eb vendosjen e k\u00ebtyre rregullave.<\/p>\n<p>T\u00eb gjitha k\u00ebto duhet t\u00eb shoq\u00ebrohen me nj\u00eb sistem p\u00ebr vete monitorim t\u00eb sjelljes s\u00eb an\u00ebtareve, i cili duhet t\u00eb ngrihet prej tyre e t\u00eb jet\u00eb funksional. Kjo duhet shoq\u00ebruar me nj\u00eb sistem t\u00eb pranuar sanksionesh p\u00ebr shkel\u00ebsit, dhe p\u00ebr t\u00eb zgjidhur konfliktet an\u00ebtaret e komunitetit duhet t\u00eb ken\u00eb mund\u00ebsin\u00eb e arritjes s\u00eb mekanizmave juridike me kosto t\u00eb ul\u00ebt.<\/p>\n<p>Njohja me k\u00ebto parime t\u00eb propozuara nga nobelistja Elinor Ostrom, mund\u00ebsimi i zbatimit t\u00eb tyre me nj\u00eb marr\u00ebveshje sociale p\u00ebr t\u00eb pranuar problemin e shtruar, si dhe bashk\u00ebpunim p\u00ebr t\u00eb pranuar probleme t\u00eb administrimit t\u00eb tok\u00ebs pyjore e kullosore n\u00eb Shqip\u00ebri mund t\u00eb ishte hapi i par\u00eb, p\u00ebr t\u00eb filluar largimin nga tragjedia q\u00eb ka shekuj q\u00eb na ndjek hap pas hapi.<\/p>\n","protected":false},"excerpt":{"rendered":"<p>Haki Kola, 08.12.2010 Tragjedia e Shkodr\u00ebs kishte vite q\u00eb luhej n\u00eb prapasken\u00eb. Her\u00eb pas her\u00eb jepte sinjale shqet\u00ebsuese, si me shp\u00ebrthimet e pazakonta t\u00eb Kirit, Gjadrit, ndonj\u00ebher\u00eb edhe me Drinin e Bun\u00ebn. Tek sheh mij\u00ebra v\u00ebllez\u00ebr me sht\u00ebpi e katandi t\u00eb fundosura n\u00ebn uj\u00eb, ku nuk dihet se sa do t\u00eb q\u00ebndrojn\u00eb, fjal\u00ebt dhe komentet [&hellip;]<\/p>\n","protected":false},"author":1,"featured_media":0,"comment_status":"open","ping_status":"closed","sticky":false,"template":"","format":"standard","meta":{"footnotes":""},"categories":[2],"tags":[],"class_list":{"0":"post-5149","1":"post","2":"type-post","3":"status-publish","4":"format-standard","6":"category-artikuj"},"yoast_head":"<!-- This site is optimized with the Yoast SEO plugin v27.4 - https:\/\/yoast.com\/product\/yoast-seo-wordpress\/ -->\n<title>Shkodra, si t\u00eb mos p\u00ebrs\u00ebritet - FjALA e LIR\u00cb - Arkivi<\/title>\n<meta name=\"robots\" content=\"index, follow, max-snippet:-1, max-image-preview:large, max-video-preview:-1\" \/>\n<link rel=\"canonical\" href=\"https:\/\/fjala.info\/2009-2015\/shkodra-si-te-mos-perseritet\/\" \/>\n<meta property=\"og:locale\" content=\"sq_AL\" \/>\n<meta property=\"og:type\" content=\"article\" \/>\n<meta property=\"og:title\" content=\"Shkodra, si t\u00eb mos p\u00ebrs\u00ebritet - FjALA e LIR\u00cb - Arkivi\" \/>\n<meta property=\"og:description\" content=\"Haki Kola, 08.12.2010 Tragjedia e Shkodr\u00ebs kishte vite q\u00eb luhej n\u00eb prapasken\u00eb. Her\u00eb pas her\u00eb jepte sinjale shqet\u00ebsuese, si me shp\u00ebrthimet e pazakonta t\u00eb Kirit, Gjadrit, ndonj\u00ebher\u00eb edhe me Drinin e Bun\u00ebn. Tek sheh mij\u00ebra v\u00ebllez\u00ebr me sht\u00ebpi e katandi t\u00eb fundosura n\u00ebn uj\u00eb, ku nuk dihet se sa do t\u00eb q\u00ebndrojn\u00eb, fjal\u00ebt dhe komentet [&hellip;]\" \/>\n<meta property=\"og:url\" content=\"https:\/\/fjala.info\/2009-2015\/shkodra-si-te-mos-perseritet\/\" \/>\n<meta property=\"og:site_name\" content=\"FjALA e LIR\u00cb - Arkivi\" \/>\n<meta property=\"article:published_time\" content=\"2010-12-08T09:44:16+00:00\" \/>\n<meta name=\"author\" content=\"admin\" \/>\n<meta name=\"twitter:card\" content=\"summary_large_image\" \/>\n<meta name=\"twitter:label1\" content=\"Written by\" \/>\n\t<meta name=\"twitter:data1\" content=\"admin\" \/>\n\t<meta name=\"twitter:label2\" content=\"Est. reading time\" \/>\n\t<meta name=\"twitter:data2\" content=\"9 minutes\" \/>\n<script type=\"application\/ld+json\" class=\"yoast-schema-graph\">{\"@context\":\"https:\\\/\\\/schema.org\",\"@graph\":[{\"@type\":\"Article\",\"@id\":\"https:\\\/\\\/fjala.info\\\/2009-2015\\\/shkodra-si-te-mos-perseritet\\\/#article\",\"isPartOf\":{\"@id\":\"https:\\\/\\\/fjala.info\\\/2009-2015\\\/shkodra-si-te-mos-perseritet\\\/\"},\"author\":{\"name\":\"admin\",\"@id\":\"https:\\\/\\\/fjala.info\\\/2009-2015\\\/#\\\/schema\\\/person\\\/3aa1163ef05469c496fc94e77611ada2\"},\"headline\":\"Shkodra, si t\u00eb mos p\u00ebrs\u00ebritet\",\"datePublished\":\"2010-12-08T09:44:16+00:00\",\"mainEntityOfPage\":{\"@id\":\"https:\\\/\\\/fjala.info\\\/2009-2015\\\/shkodra-si-te-mos-perseritet\\\/\"},\"wordCount\":1723,\"commentCount\":0,\"publisher\":{\"@id\":\"https:\\\/\\\/fjala.info\\\/2009-2015\\\/#organization\"},\"articleSection\":[\"Artikuj\"],\"inLanguage\":\"sq-AL\",\"potentialAction\":[{\"@type\":\"CommentAction\",\"name\":\"Comment\",\"target\":[\"https:\\\/\\\/fjala.info\\\/2009-2015\\\/shkodra-si-te-mos-perseritet\\\/#respond\"]}]},{\"@type\":\"WebPage\",\"@id\":\"https:\\\/\\\/fjala.info\\\/2009-2015\\\/shkodra-si-te-mos-perseritet\\\/\",\"url\":\"https:\\\/\\\/fjala.info\\\/2009-2015\\\/shkodra-si-te-mos-perseritet\\\/\",\"name\":\"Shkodra, si t\u00eb mos p\u00ebrs\u00ebritet - FjALA e LIR\u00cb - Arkivi\",\"isPartOf\":{\"@id\":\"https:\\\/\\\/fjala.info\\\/2009-2015\\\/#website\"},\"datePublished\":\"2010-12-08T09:44:16+00:00\",\"breadcrumb\":{\"@id\":\"https:\\\/\\\/fjala.info\\\/2009-2015\\\/shkodra-si-te-mos-perseritet\\\/#breadcrumb\"},\"inLanguage\":\"sq-AL\",\"potentialAction\":[{\"@type\":\"ReadAction\",\"target\":[\"https:\\\/\\\/fjala.info\\\/2009-2015\\\/shkodra-si-te-mos-perseritet\\\/\"]}]},{\"@type\":\"BreadcrumbList\",\"@id\":\"https:\\\/\\\/fjala.info\\\/2009-2015\\\/shkodra-si-te-mos-perseritet\\\/#breadcrumb\",\"itemListElement\":[{\"@type\":\"ListItem\",\"position\":1,\"name\":\"Home\",\"item\":\"https:\\\/\\\/fjala.info\\\/2009-2015\\\/\"},{\"@type\":\"ListItem\",\"position\":2,\"name\":\"Shkodra, si t\u00eb mos p\u00ebrs\u00ebritet\"}]},{\"@type\":\"WebSite\",\"@id\":\"https:\\\/\\\/fjala.info\\\/2009-2015\\\/#website\",\"url\":\"https:\\\/\\\/fjala.info\\\/2009-2015\\\/\",\"name\":\"FjALA e LIR\u00cb - Arkivi\",\"description\":\"Arkivi 2009-2015\",\"publisher\":{\"@id\":\"https:\\\/\\\/fjala.info\\\/2009-2015\\\/#organization\"},\"potentialAction\":[{\"@type\":\"SearchAction\",\"target\":{\"@type\":\"EntryPoint\",\"urlTemplate\":\"https:\\\/\\\/fjala.info\\\/2009-2015\\\/?s={search_term_string}\"},\"query-input\":{\"@type\":\"PropertyValueSpecification\",\"valueRequired\":true,\"valueName\":\"search_term_string\"}}],\"inLanguage\":\"sq-AL\"},{\"@type\":\"Organization\",\"@id\":\"https:\\\/\\\/fjala.info\\\/2009-2015\\\/#organization\",\"name\":\"FjALA e LIR\u00cb - Arkivi\",\"url\":\"https:\\\/\\\/fjala.info\\\/2009-2015\\\/\",\"logo\":{\"@type\":\"ImageObject\",\"inLanguage\":\"sq-AL\",\"@id\":\"https:\\\/\\\/fjala.info\\\/2009-2015\\\/#\\\/schema\\\/logo\\\/image\\\/\",\"url\":\"\",\"contentUrl\":\"\",\"caption\":\"FjALA e LIR\u00cb - Arkivi\"},\"image\":{\"@id\":\"https:\\\/\\\/fjala.info\\\/2009-2015\\\/#\\\/schema\\\/logo\\\/image\\\/\"}},{\"@type\":\"Person\",\"@id\":\"https:\\\/\\\/fjala.info\\\/2009-2015\\\/#\\\/schema\\\/person\\\/3aa1163ef05469c496fc94e77611ada2\",\"name\":\"admin\",\"image\":{\"@type\":\"ImageObject\",\"inLanguage\":\"sq-AL\",\"@id\":\"https:\\\/\\\/fjala.info\\\/2009-2015\\\/wp-content\\\/uploads\\\/2012\\\/02\\\/arben_cokaj-120x150.jpg\",\"url\":\"https:\\\/\\\/fjala.info\\\/2009-2015\\\/wp-content\\\/uploads\\\/2012\\\/02\\\/arben_cokaj-120x150.jpg\",\"contentUrl\":\"https:\\\/\\\/fjala.info\\\/2009-2015\\\/wp-content\\\/uploads\\\/2012\\\/02\\\/arben_cokaj-120x150.jpg\",\"caption\":\"admin\"},\"description\":\"Admin, Fjala e Lir\u00eb\",\"sameAs\":[\"https:\\\/\\\/fjala.info\\\/\"],\"url\":\"https:\\\/\\\/fjala.info\\\/2009-2015\\\/author\\\/admin\\\/\"}]}<\/script>\n<!-- \/ Yoast SEO plugin. -->","yoast_head_json":{"title":"Shkodra, si t\u00eb mos p\u00ebrs\u00ebritet - FjALA e LIR\u00cb - Arkivi","robots":{"index":"index","follow":"follow","max-snippet":"max-snippet:-1","max-image-preview":"max-image-preview:large","max-video-preview":"max-video-preview:-1"},"canonical":"https:\/\/fjala.info\/2009-2015\/shkodra-si-te-mos-perseritet\/","og_locale":"sq_AL","og_type":"article","og_title":"Shkodra, si t\u00eb mos p\u00ebrs\u00ebritet - FjALA e LIR\u00cb - Arkivi","og_description":"Haki Kola, 08.12.2010 Tragjedia e Shkodr\u00ebs kishte vite q\u00eb luhej n\u00eb prapasken\u00eb. Her\u00eb pas her\u00eb jepte sinjale shqet\u00ebsuese, si me shp\u00ebrthimet e pazakonta t\u00eb Kirit, Gjadrit, ndonj\u00ebher\u00eb edhe me Drinin e Bun\u00ebn. Tek sheh mij\u00ebra v\u00ebllez\u00ebr me sht\u00ebpi e katandi t\u00eb fundosura n\u00ebn uj\u00eb, ku nuk dihet se sa do t\u00eb q\u00ebndrojn\u00eb, fjal\u00ebt dhe komentet [&hellip;]","og_url":"https:\/\/fjala.info\/2009-2015\/shkodra-si-te-mos-perseritet\/","og_site_name":"FjALA e LIR\u00cb - Arkivi","article_published_time":"2010-12-08T09:44:16+00:00","author":"admin","twitter_card":"summary_large_image","twitter_misc":{"Written by":"admin","Est. reading time":"9 minutes"},"schema":{"@context":"https:\/\/schema.org","@graph":[{"@type":"Article","@id":"https:\/\/fjala.info\/2009-2015\/shkodra-si-te-mos-perseritet\/#article","isPartOf":{"@id":"https:\/\/fjala.info\/2009-2015\/shkodra-si-te-mos-perseritet\/"},"author":{"name":"admin","@id":"https:\/\/fjala.info\/2009-2015\/#\/schema\/person\/3aa1163ef05469c496fc94e77611ada2"},"headline":"Shkodra, si t\u00eb mos p\u00ebrs\u00ebritet","datePublished":"2010-12-08T09:44:16+00:00","mainEntityOfPage":{"@id":"https:\/\/fjala.info\/2009-2015\/shkodra-si-te-mos-perseritet\/"},"wordCount":1723,"commentCount":0,"publisher":{"@id":"https:\/\/fjala.info\/2009-2015\/#organization"},"articleSection":["Artikuj"],"inLanguage":"sq-AL","potentialAction":[{"@type":"CommentAction","name":"Comment","target":["https:\/\/fjala.info\/2009-2015\/shkodra-si-te-mos-perseritet\/#respond"]}]},{"@type":"WebPage","@id":"https:\/\/fjala.info\/2009-2015\/shkodra-si-te-mos-perseritet\/","url":"https:\/\/fjala.info\/2009-2015\/shkodra-si-te-mos-perseritet\/","name":"Shkodra, si t\u00eb mos p\u00ebrs\u00ebritet - FjALA e LIR\u00cb - Arkivi","isPartOf":{"@id":"https:\/\/fjala.info\/2009-2015\/#website"},"datePublished":"2010-12-08T09:44:16+00:00","breadcrumb":{"@id":"https:\/\/fjala.info\/2009-2015\/shkodra-si-te-mos-perseritet\/#breadcrumb"},"inLanguage":"sq-AL","potentialAction":[{"@type":"ReadAction","target":["https:\/\/fjala.info\/2009-2015\/shkodra-si-te-mos-perseritet\/"]}]},{"@type":"BreadcrumbList","@id":"https:\/\/fjala.info\/2009-2015\/shkodra-si-te-mos-perseritet\/#breadcrumb","itemListElement":[{"@type":"ListItem","position":1,"name":"Home","item":"https:\/\/fjala.info\/2009-2015\/"},{"@type":"ListItem","position":2,"name":"Shkodra, si t\u00eb mos p\u00ebrs\u00ebritet"}]},{"@type":"WebSite","@id":"https:\/\/fjala.info\/2009-2015\/#website","url":"https:\/\/fjala.info\/2009-2015\/","name":"FjALA e LIR\u00cb - Arkivi","description":"Arkivi 2009-2015","publisher":{"@id":"https:\/\/fjala.info\/2009-2015\/#organization"},"potentialAction":[{"@type":"SearchAction","target":{"@type":"EntryPoint","urlTemplate":"https:\/\/fjala.info\/2009-2015\/?s={search_term_string}"},"query-input":{"@type":"PropertyValueSpecification","valueRequired":true,"valueName":"search_term_string"}}],"inLanguage":"sq-AL"},{"@type":"Organization","@id":"https:\/\/fjala.info\/2009-2015\/#organization","name":"FjALA e LIR\u00cb - Arkivi","url":"https:\/\/fjala.info\/2009-2015\/","logo":{"@type":"ImageObject","inLanguage":"sq-AL","@id":"https:\/\/fjala.info\/2009-2015\/#\/schema\/logo\/image\/","url":"","contentUrl":"","caption":"FjALA e LIR\u00cb - Arkivi"},"image":{"@id":"https:\/\/fjala.info\/2009-2015\/#\/schema\/logo\/image\/"}},{"@type":"Person","@id":"https:\/\/fjala.info\/2009-2015\/#\/schema\/person\/3aa1163ef05469c496fc94e77611ada2","name":"admin","image":{"@type":"ImageObject","inLanguage":"sq-AL","@id":"https:\/\/fjala.info\/2009-2015\/wp-content\/uploads\/2012\/02\/arben_cokaj-120x150.jpg","url":"https:\/\/fjala.info\/2009-2015\/wp-content\/uploads\/2012\/02\/arben_cokaj-120x150.jpg","contentUrl":"https:\/\/fjala.info\/2009-2015\/wp-content\/uploads\/2012\/02\/arben_cokaj-120x150.jpg","caption":"admin"},"description":"Admin, Fjala e Lir\u00eb","sameAs":["https:\/\/fjala.info\/"],"url":"https:\/\/fjala.info\/2009-2015\/author\/admin\/"}]}},"_links":{"self":[{"href":"https:\/\/fjala.info\/2009-2015\/wp-json\/wp\/v2\/posts\/5149","targetHints":{"allow":["GET"]}}],"collection":[{"href":"https:\/\/fjala.info\/2009-2015\/wp-json\/wp\/v2\/posts"}],"about":[{"href":"https:\/\/fjala.info\/2009-2015\/wp-json\/wp\/v2\/types\/post"}],"author":[{"embeddable":true,"href":"https:\/\/fjala.info\/2009-2015\/wp-json\/wp\/v2\/users\/1"}],"replies":[{"embeddable":true,"href":"https:\/\/fjala.info\/2009-2015\/wp-json\/wp\/v2\/comments?post=5149"}],"version-history":[{"count":0,"href":"https:\/\/fjala.info\/2009-2015\/wp-json\/wp\/v2\/posts\/5149\/revisions"}],"wp:attachment":[{"href":"https:\/\/fjala.info\/2009-2015\/wp-json\/wp\/v2\/media?parent=5149"}],"wp:term":[{"taxonomy":"category","embeddable":true,"href":"https:\/\/fjala.info\/2009-2015\/wp-json\/wp\/v2\/categories?post=5149"},{"taxonomy":"post_tag","embeddable":true,"href":"https:\/\/fjala.info\/2009-2015\/wp-json\/wp\/v2\/tags?post=5149"}],"curies":[{"name":"wp","href":"https:\/\/api.w.org\/{rel}","templated":true}]}}