{"id":5148,"date":"2012-09-24T20:58:05","date_gmt":"2012-09-24T19:58:05","guid":{"rendered":"http:\/\/www.fjala.info\/?p=5148"},"modified":"2012-09-24T20:58:05","modified_gmt":"2012-09-24T19:58:05","slug":"berisha-do-te-humbase","status":"publish","type":"post","link":"https:\/\/fjala.info\/2009-2015\/berisha-do-te-humbase\/","title":{"rendered":"Berisha do t\u00eb humbas\u00eb"},"content":{"rendered":"<p><img decoding=\"async\" class=\"alignleft size-thumbnail wp-image-7236\" title=\"Sali Berisha real\" src=\"http:\/\/www.fjala.info\/2012\/sali_berisha_real.jpg\" alt=\"\" width=\"200\" \/> Nga <strong>Andi Kananaj<\/strong>, <em>24 Shtator 2012<\/em><\/p>\n<p>Berisha nuk \u00ebsht\u00eb rasti i mazokistit, i gatsh\u00ebm t\u00eb humb\u00eb fal\u00eb emocionit t\u00eb fort\u00eb q\u00eb shkakton statusi i viktim\u00ebs. Pa dashur t\u00eb sfidojm\u00eb sedr\u00ebn enigmatike t\u00eb Kryeministrit (Zot na ruaj!) po rreshtojm\u00eb arsyet logjike, edhe p\u00ebr nj\u00eb mendje m\u00eb pak t\u00eb \u00e7oroditur se ajo e kujt \u00ebsht\u00eb n\u00eb faz\u00ebn e vet\u00eb-l\u00ebndimit.<\/p>\n<p>Nga eksperienca greke dim\u00eb se \u201cDemokracia re\u201d ishte partia q\u00eb \u00e7oi vendin n\u00eb kriz\u00eb. N\u00eb fakt, nga viti 2004 deri n\u00eb vitin 2009 kjo parti u mundua t\u00eb imitonte, edhe pse n\u00eb rrethana t\u00eb ndryshme tashm\u00eb, suksesin e Greqis\u00eb t\u00eb viteve \u201881-\u201889, koh\u00eb kur Papandreu (i ati) dhe Pasoku, ngrit\u00ebn nivelin e jetes\u00ebs n\u00eb vend. P\u00ebrtej \u00e7do perceptimi real t\u00eb kushteve n\u00eb vend, partia e djatht\u00eb tentoi me \u00e7do kusht t\u00eb krijonte iluzionin se grek\u00ebt ishin t\u00eb kamur, si n\u00eb koh\u00ebt e tyre m\u00eb t\u00eb mira. Kur maska ra, Pasoku me Papandreun e ri fituan p\u00ebr t\u2019u sakrifikuar n\u00eb em\u00ebr t\u00eb s\u00eb v\u00ebrtet\u00ebs s\u00eb hidhur.<\/p>\n<p>Papandreu (megjith\u00ebse nuk shquhet p\u00ebr besimtar) u kryq\u00ebzua si Krisht katolik n\u00eb kryqin ortodoks. Partia e tij u rrudh n\u00eb 12% si asnj\u00ebher\u00eb tjet\u00ebr n\u00eb histori. Papandreu nuk pati as koh\u00ebn e mjaftueshme t\u00eb kuptonte se \u00e7far\u00eb po i ndodhte. Grek\u00ebt rreth tij e urrenin me t\u00eb nj\u00ebjt\u00ebn forc\u00eb me t\u00eb cil\u00ebn e kishin dashur m\u00eb par\u00eb. \u201cNea Dimokratia\u201d u rikthye n\u00eb pushtet si e vetmja alternativ\u00eb me kurajon p\u00ebr t\u00eb g\u00ebnjyer p\u00ebrs\u00ebri. T\u00eb zhytur n\u00eb kriz\u00ebn m\u00eb t\u00eb eg\u00ebr t\u00eb mundshme, grek\u00ebt arrit\u00ebn ta p\u00ebrballonin t\u00eb v\u00ebrtet\u00ebn duke votuar partin\u00eb q\u00eb i g\u00ebnjeu m\u00eb me sukses.<\/p>\n<p>Me humbjen e vitit 2013, Berisha do t\u00eb \u00e7lirohet p\u00ebrfundimisht nga pesha e borxheve q\u00eb ka ngritur p\u00ebr \u00e7do shirit inaugurimi t\u00eb prer\u00eb. Fytyra e tij \u00ebsht\u00eb ajo e nj\u00eb njeriu q\u00eb ka nj\u00eb plan djall\u00ebzor. Shteti ka n\u00eb dosjet e veta mbi 200 firma t\u00eb cilave u duhen paguar dhjet\u00ebra milion\u00eb dollar\u00eb. E t\u00eb mendosh se vet\u00ebm 2 miliard\u00eb dollar\u00eb mjaftojn\u00eb p\u00ebr t\u00eb realizuar 2\/3 e buxhetit t\u00eb lodhur shqiptar. E gjitha kjo, nj\u00eb pesh\u00eb monetare e fshehur m\u00eb s\u00eb miri pas batutave bajate p\u00ebr bllokun, t\u00eb kuqt\u00eb, imunitetet, taks\u00ebn e shesht\u00eb dhe krolin e stin\u00ebs. Her\u00ebn e fundit q\u00eb kjo ndodhi, Berisha ishte n\u00eb krye t\u00eb shtetit por n\u00eb nj\u00eb pozicion tjet\u00ebr. Asokohe nuk i mjaftoi ushtria p\u00ebr t\u00eb transformuar borxhin e piramidave n\u00eb humor t\u00eb zi me veten. Ajo koh\u00eb i kujton se nuk ka nj\u00eb shans t\u00eb dyt\u00eb.<\/p>\n<p>Berisha, si i vetmi politikan q\u00eb pati p\u00ebr her\u00eb t\u00eb par\u00eb shansin q\u00eb t\u00eb ket\u00eb nj\u00eb shans t\u00eb dyt\u00eb, e ka t\u00eb qart\u00eb se p\u00ebr t\u00eb hyr\u00eb n\u00eb histori si \u201cNjeriu i demokracis\u00eb\u201d (u gjet vend edhe p\u00ebr Hajdarin, me nj\u00eb jet\u00eb t\u00eb vetme), i duhet t\u00eb realizoj\u00eb at\u00eb p\u00ebr t\u00eb cil\u00ebn u zgjodh n\u00eb vitet \u201890 nga shtabi politik i Ramiz Alis\u00eb, pluralizmin. Dhe kjo, jo thjesht si mund\u00ebsi regjistrimi n\u00eb radh\u00eb n\u00eb gjykat\u00eb, por si mund\u00ebsi reale p\u00ebr rotacion politik. Diferenca midis Bashkimeve profesionale dhe nj\u00eb partie politike ishte mund\u00ebsia e marrjes s\u00eb pushtetit politik dhe ekzekutiv. Emri i Kryeministrit aktual lidhet n\u00eb m\u00ebnyr\u00eb t\u00eb pazgjidhshme me vjedhjet elektorale.<\/p>\n<p>Ashtu si\u00e7 \u00ebsht\u00eb organikisht i lidhur me dhun\u00ebn dhe ekstremizimin e saj kund\u00ebr kund\u00ebrshtar\u00ebve t\u00eb vet. Kjo e kthen Berish\u00ebn n\u00eb njeriun-tranzicion p\u00ebr askund. Historia, q\u00eb ka gjith\u00eb koh\u00ebn q\u00eb nuk do t\u00eb ket\u00eb kurr\u00eb kryetari i Partis\u00eb Demokratike, do t\u00eb dij\u00eb t\u00eb vler\u00ebsoj\u00eb braktisjen e misionit t\u00eb shefit t\u00eb s\u00eb djatht\u00ebs politike. Berisha e di se p\u00ebr t\u00eb rimarr\u00eb pozicion n\u00eb librin e memories kolektive t\u00eb shqiptar\u00ebve, duhet t\u00eb dal\u00eb nga loja pak para mbarimit t\u00eb saj. Vet\u00ebm k\u00ebshtu mund t\u00eb besoj\u00eb se publiku do ta duartrokas\u00eb. Pak shpres\u00eb ka, por nuk mund t\u00eb shpresoj\u00eb t\u00eb ket\u00eb m\u00eb shum\u00eb fat se paraardh\u00ebsi i tij, vjenezi i suksessh\u00ebm i natyralizuar.<\/p>\n<p>Berish\u00ebs i duhet vet\u00ebm t\u00eb mbyll\u00eb hesapet me Mafien q\u00eb e komandon. N\u00eb kushte t\u00eb tjera, kryepushtetari do t\u00eb dinte ta kontrollonte raportin e tij me politik\u00ebn. Por n\u00eb momentin q\u00eb, si n\u00eb nj\u00eb dram\u00eb t\u00eb G\u00ebtes, Berisha shet shpirtin tek Mefistofeli i paras\u00eb, koha p\u00ebr t\u00eb pushon s\u00eb ekzistuari. Kontrata me Mafien nuk mund t\u00eb zhb\u00ebhet si n\u00eb nj\u00eb ndarje romantike. Nuk mjaftojn\u00eb fjalit\u00eb \u201ct\u00eb mos e marrim veten seriozisht\u201d, apo \u201cm\u00eb duhet t\u00eb njoh veten m\u00eb par\u00eb, dhe at\u00eb \u00e7\u2019ka dua nga jeta\u201d. Ky moment post-modernizmi nuk prek asnj\u00eb nga talentet e krimit. Koha ka ngrir\u00eb deri n\u00eb vdekje. P\u00ebr at\u00eb q\u00eb duhet t\u00eb vij\u00eb m\u00eb pas, ka plot struktura biblike ku adresohen t\u00eb interesuarit. Berisha k\u00ebt\u00eb e di, dhe p\u00ebrfundimisht mendon t\u00eb inskenoj\u00eb forc\u00ebn e fitores. T\u00eb pakt\u00ebn do t\u00eb tentoj\u00eb t\u00eb iluzionoj\u00eb padron\u00ebt e vet p\u00ebr nj\u00eb fitore t\u00eb mundshme. Flamuri, Poni, Ajazi, Bylykbashi, k\u00ebta jan\u00eb marionetat e teatrit t\u00eb ri t\u00eb vjedhjes. E Berisha e di se pas k\u00ebsaj nuk do jet\u00eb m\u00eb mielli q\u00eb do t\u2019i bjer\u00eb mbi kok\u00eb, aq m\u00eb keq me reflekset e vonuara prej burri t\u00eb lodhur nga mosha tashm\u00eb.<\/p>\n","protected":false},"excerpt":{"rendered":"<p>Nga Andi Kananaj, 24 Shtator 2012 Berisha nuk \u00ebsht\u00eb rasti i mazokistit, i gatsh\u00ebm t\u00eb humb\u00eb fal\u00eb emocionit t\u00eb fort\u00eb q\u00eb shkakton statusi i viktim\u00ebs. Pa dashur t\u00eb sfidojm\u00eb sedr\u00ebn enigmatike t\u00eb Kryeministrit (Zot na ruaj!) po rreshtojm\u00eb arsyet logjike, edhe p\u00ebr nj\u00eb mendje m\u00eb pak t\u00eb \u00e7oroditur se ajo e kujt \u00ebsht\u00eb n\u00eb faz\u00ebn [&hellip;]<\/p>\n","protected":false},"author":1,"featured_media":0,"comment_status":"open","ping_status":"closed","sticky":false,"template":"","format":"standard","meta":{"footnotes":""},"categories":[2],"tags":[],"class_list":{"0":"post-5148","1":"post","2":"type-post","3":"status-publish","4":"format-standard","6":"category-artikuj"},"yoast_head":"<!-- This site is optimized with the Yoast SEO plugin v27.4 - https:\/\/yoast.com\/product\/yoast-seo-wordpress\/ -->\n<title>Berisha do t\u00eb humbas\u00eb - FjALA e LIR\u00cb - Arkivi<\/title>\n<meta name=\"robots\" content=\"index, follow, max-snippet:-1, max-image-preview:large, max-video-preview:-1\" \/>\n<link rel=\"canonical\" href=\"https:\/\/fjala.info\/2009-2015\/berisha-do-te-humbase\/\" \/>\n<meta property=\"og:locale\" content=\"sq_AL\" \/>\n<meta property=\"og:type\" content=\"article\" \/>\n<meta property=\"og:title\" content=\"Berisha do t\u00eb humbas\u00eb - FjALA e LIR\u00cb - Arkivi\" \/>\n<meta property=\"og:description\" content=\"Nga Andi Kananaj, 24 Shtator 2012 Berisha nuk \u00ebsht\u00eb rasti i mazokistit, i gatsh\u00ebm t\u00eb humb\u00eb fal\u00eb emocionit t\u00eb fort\u00eb q\u00eb shkakton statusi i viktim\u00ebs. Pa dashur t\u00eb sfidojm\u00eb sedr\u00ebn enigmatike t\u00eb Kryeministrit (Zot na ruaj!) po rreshtojm\u00eb arsyet logjike, edhe p\u00ebr nj\u00eb mendje m\u00eb pak t\u00eb \u00e7oroditur se ajo e kujt \u00ebsht\u00eb n\u00eb faz\u00ebn [&hellip;]\" \/>\n<meta property=\"og:url\" content=\"https:\/\/fjala.info\/2009-2015\/berisha-do-te-humbase\/\" \/>\n<meta property=\"og:site_name\" content=\"FjALA e LIR\u00cb - Arkivi\" \/>\n<meta property=\"article:published_time\" content=\"2012-09-24T19:58:05+00:00\" \/>\n<meta property=\"og:image\" content=\"http:\/\/www.fjala.info\/2012\/sali_berisha_real.jpg\" \/>\n<meta name=\"author\" content=\"admin\" \/>\n<meta name=\"twitter:card\" content=\"summary_large_image\" \/>\n<meta name=\"twitter:label1\" content=\"Written by\" \/>\n\t<meta name=\"twitter:data1\" content=\"admin\" \/>\n\t<meta name=\"twitter:label2\" content=\"Est. reading time\" \/>\n\t<meta name=\"twitter:data2\" content=\"4 minutes\" \/>\n<script type=\"application\/ld+json\" class=\"yoast-schema-graph\">{\"@context\":\"https:\\\/\\\/schema.org\",\"@graph\":[{\"@type\":\"Article\",\"@id\":\"https:\\\/\\\/fjala.info\\\/2009-2015\\\/berisha-do-te-humbase\\\/#article\",\"isPartOf\":{\"@id\":\"https:\\\/\\\/fjala.info\\\/2009-2015\\\/berisha-do-te-humbase\\\/\"},\"author\":{\"name\":\"admin\",\"@id\":\"https:\\\/\\\/fjala.info\\\/2009-2015\\\/#\\\/schema\\\/person\\\/3aa1163ef05469c496fc94e77611ada2\"},\"headline\":\"Berisha do t\u00eb humbas\u00eb\",\"datePublished\":\"2012-09-24T19:58:05+00:00\",\"mainEntityOfPage\":{\"@id\":\"https:\\\/\\\/fjala.info\\\/2009-2015\\\/berisha-do-te-humbase\\\/\"},\"wordCount\":897,\"commentCount\":0,\"publisher\":{\"@id\":\"https:\\\/\\\/fjala.info\\\/2009-2015\\\/#organization\"},\"image\":{\"@id\":\"https:\\\/\\\/fjala.info\\\/2009-2015\\\/berisha-do-te-humbase\\\/#primaryimage\"},\"thumbnailUrl\":\"http:\\\/\\\/www.fjala.info\\\/2012\\\/sali_berisha_real.jpg\",\"articleSection\":[\"Artikuj\"],\"inLanguage\":\"sq-AL\",\"potentialAction\":[{\"@type\":\"CommentAction\",\"name\":\"Comment\",\"target\":[\"https:\\\/\\\/fjala.info\\\/2009-2015\\\/berisha-do-te-humbase\\\/#respond\"]}]},{\"@type\":\"WebPage\",\"@id\":\"https:\\\/\\\/fjala.info\\\/2009-2015\\\/berisha-do-te-humbase\\\/\",\"url\":\"https:\\\/\\\/fjala.info\\\/2009-2015\\\/berisha-do-te-humbase\\\/\",\"name\":\"Berisha do t\u00eb humbas\u00eb - FjALA e LIR\u00cb - Arkivi\",\"isPartOf\":{\"@id\":\"https:\\\/\\\/fjala.info\\\/2009-2015\\\/#website\"},\"primaryImageOfPage\":{\"@id\":\"https:\\\/\\\/fjala.info\\\/2009-2015\\\/berisha-do-te-humbase\\\/#primaryimage\"},\"image\":{\"@id\":\"https:\\\/\\\/fjala.info\\\/2009-2015\\\/berisha-do-te-humbase\\\/#primaryimage\"},\"thumbnailUrl\":\"http:\\\/\\\/www.fjala.info\\\/2012\\\/sali_berisha_real.jpg\",\"datePublished\":\"2012-09-24T19:58:05+00:00\",\"breadcrumb\":{\"@id\":\"https:\\\/\\\/fjala.info\\\/2009-2015\\\/berisha-do-te-humbase\\\/#breadcrumb\"},\"inLanguage\":\"sq-AL\",\"potentialAction\":[{\"@type\":\"ReadAction\",\"target\":[\"https:\\\/\\\/fjala.info\\\/2009-2015\\\/berisha-do-te-humbase\\\/\"]}]},{\"@type\":\"ImageObject\",\"inLanguage\":\"sq-AL\",\"@id\":\"https:\\\/\\\/fjala.info\\\/2009-2015\\\/berisha-do-te-humbase\\\/#primaryimage\",\"url\":\"http:\\\/\\\/www.fjala.info\\\/2012\\\/sali_berisha_real.jpg\",\"contentUrl\":\"http:\\\/\\\/www.fjala.info\\\/2012\\\/sali_berisha_real.jpg\"},{\"@type\":\"BreadcrumbList\",\"@id\":\"https:\\\/\\\/fjala.info\\\/2009-2015\\\/berisha-do-te-humbase\\\/#breadcrumb\",\"itemListElement\":[{\"@type\":\"ListItem\",\"position\":1,\"name\":\"Home\",\"item\":\"https:\\\/\\\/fjala.info\\\/2009-2015\\\/\"},{\"@type\":\"ListItem\",\"position\":2,\"name\":\"Berisha do t\u00eb humbas\u00eb\"}]},{\"@type\":\"WebSite\",\"@id\":\"https:\\\/\\\/fjala.info\\\/2009-2015\\\/#website\",\"url\":\"https:\\\/\\\/fjala.info\\\/2009-2015\\\/\",\"name\":\"FjALA e LIR\u00cb - Arkivi\",\"description\":\"Arkivi 2009-2015\",\"publisher\":{\"@id\":\"https:\\\/\\\/fjala.info\\\/2009-2015\\\/#organization\"},\"potentialAction\":[{\"@type\":\"SearchAction\",\"target\":{\"@type\":\"EntryPoint\",\"urlTemplate\":\"https:\\\/\\\/fjala.info\\\/2009-2015\\\/?s={search_term_string}\"},\"query-input\":{\"@type\":\"PropertyValueSpecification\",\"valueRequired\":true,\"valueName\":\"search_term_string\"}}],\"inLanguage\":\"sq-AL\"},{\"@type\":\"Organization\",\"@id\":\"https:\\\/\\\/fjala.info\\\/2009-2015\\\/#organization\",\"name\":\"FjALA e LIR\u00cb - Arkivi\",\"url\":\"https:\\\/\\\/fjala.info\\\/2009-2015\\\/\",\"logo\":{\"@type\":\"ImageObject\",\"inLanguage\":\"sq-AL\",\"@id\":\"https:\\\/\\\/fjala.info\\\/2009-2015\\\/#\\\/schema\\\/logo\\\/image\\\/\",\"url\":\"\",\"contentUrl\":\"\",\"caption\":\"FjALA e LIR\u00cb - Arkivi\"},\"image\":{\"@id\":\"https:\\\/\\\/fjala.info\\\/2009-2015\\\/#\\\/schema\\\/logo\\\/image\\\/\"}},{\"@type\":\"Person\",\"@id\":\"https:\\\/\\\/fjala.info\\\/2009-2015\\\/#\\\/schema\\\/person\\\/3aa1163ef05469c496fc94e77611ada2\",\"name\":\"admin\",\"image\":{\"@type\":\"ImageObject\",\"inLanguage\":\"sq-AL\",\"@id\":\"https:\\\/\\\/fjala.info\\\/2009-2015\\\/wp-content\\\/uploads\\\/2012\\\/02\\\/arben_cokaj-120x150.jpg\",\"url\":\"https:\\\/\\\/fjala.info\\\/2009-2015\\\/wp-content\\\/uploads\\\/2012\\\/02\\\/arben_cokaj-120x150.jpg\",\"contentUrl\":\"https:\\\/\\\/fjala.info\\\/2009-2015\\\/wp-content\\\/uploads\\\/2012\\\/02\\\/arben_cokaj-120x150.jpg\",\"caption\":\"admin\"},\"description\":\"Admin, Fjala e Lir\u00eb\",\"sameAs\":[\"https:\\\/\\\/fjala.info\\\/\"],\"url\":\"https:\\\/\\\/fjala.info\\\/2009-2015\\\/author\\\/admin\\\/\"}]}<\/script>\n<!-- \/ Yoast SEO plugin. -->","yoast_head_json":{"title":"Berisha do t\u00eb humbas\u00eb - FjALA e LIR\u00cb - Arkivi","robots":{"index":"index","follow":"follow","max-snippet":"max-snippet:-1","max-image-preview":"max-image-preview:large","max-video-preview":"max-video-preview:-1"},"canonical":"https:\/\/fjala.info\/2009-2015\/berisha-do-te-humbase\/","og_locale":"sq_AL","og_type":"article","og_title":"Berisha do t\u00eb humbas\u00eb - FjALA e LIR\u00cb - Arkivi","og_description":"Nga Andi Kananaj, 24 Shtator 2012 Berisha nuk \u00ebsht\u00eb rasti i mazokistit, i gatsh\u00ebm t\u00eb humb\u00eb fal\u00eb emocionit t\u00eb fort\u00eb q\u00eb shkakton statusi i viktim\u00ebs. Pa dashur t\u00eb sfidojm\u00eb sedr\u00ebn enigmatike t\u00eb Kryeministrit (Zot na ruaj!) po rreshtojm\u00eb arsyet logjike, edhe p\u00ebr nj\u00eb mendje m\u00eb pak t\u00eb \u00e7oroditur se ajo e kujt \u00ebsht\u00eb n\u00eb faz\u00ebn [&hellip;]","og_url":"https:\/\/fjala.info\/2009-2015\/berisha-do-te-humbase\/","og_site_name":"FjALA e LIR\u00cb - Arkivi","article_published_time":"2012-09-24T19:58:05+00:00","og_image":[{"url":"http:\/\/www.fjala.info\/2012\/sali_berisha_real.jpg","type":"","width":"","height":""}],"author":"admin","twitter_card":"summary_large_image","twitter_misc":{"Written by":"admin","Est. reading time":"4 minutes"},"schema":{"@context":"https:\/\/schema.org","@graph":[{"@type":"Article","@id":"https:\/\/fjala.info\/2009-2015\/berisha-do-te-humbase\/#article","isPartOf":{"@id":"https:\/\/fjala.info\/2009-2015\/berisha-do-te-humbase\/"},"author":{"name":"admin","@id":"https:\/\/fjala.info\/2009-2015\/#\/schema\/person\/3aa1163ef05469c496fc94e77611ada2"},"headline":"Berisha do t\u00eb humbas\u00eb","datePublished":"2012-09-24T19:58:05+00:00","mainEntityOfPage":{"@id":"https:\/\/fjala.info\/2009-2015\/berisha-do-te-humbase\/"},"wordCount":897,"commentCount":0,"publisher":{"@id":"https:\/\/fjala.info\/2009-2015\/#organization"},"image":{"@id":"https:\/\/fjala.info\/2009-2015\/berisha-do-te-humbase\/#primaryimage"},"thumbnailUrl":"http:\/\/www.fjala.info\/2012\/sali_berisha_real.jpg","articleSection":["Artikuj"],"inLanguage":"sq-AL","potentialAction":[{"@type":"CommentAction","name":"Comment","target":["https:\/\/fjala.info\/2009-2015\/berisha-do-te-humbase\/#respond"]}]},{"@type":"WebPage","@id":"https:\/\/fjala.info\/2009-2015\/berisha-do-te-humbase\/","url":"https:\/\/fjala.info\/2009-2015\/berisha-do-te-humbase\/","name":"Berisha do t\u00eb humbas\u00eb - FjALA e LIR\u00cb - Arkivi","isPartOf":{"@id":"https:\/\/fjala.info\/2009-2015\/#website"},"primaryImageOfPage":{"@id":"https:\/\/fjala.info\/2009-2015\/berisha-do-te-humbase\/#primaryimage"},"image":{"@id":"https:\/\/fjala.info\/2009-2015\/berisha-do-te-humbase\/#primaryimage"},"thumbnailUrl":"http:\/\/www.fjala.info\/2012\/sali_berisha_real.jpg","datePublished":"2012-09-24T19:58:05+00:00","breadcrumb":{"@id":"https:\/\/fjala.info\/2009-2015\/berisha-do-te-humbase\/#breadcrumb"},"inLanguage":"sq-AL","potentialAction":[{"@type":"ReadAction","target":["https:\/\/fjala.info\/2009-2015\/berisha-do-te-humbase\/"]}]},{"@type":"ImageObject","inLanguage":"sq-AL","@id":"https:\/\/fjala.info\/2009-2015\/berisha-do-te-humbase\/#primaryimage","url":"http:\/\/www.fjala.info\/2012\/sali_berisha_real.jpg","contentUrl":"http:\/\/www.fjala.info\/2012\/sali_berisha_real.jpg"},{"@type":"BreadcrumbList","@id":"https:\/\/fjala.info\/2009-2015\/berisha-do-te-humbase\/#breadcrumb","itemListElement":[{"@type":"ListItem","position":1,"name":"Home","item":"https:\/\/fjala.info\/2009-2015\/"},{"@type":"ListItem","position":2,"name":"Berisha do t\u00eb humbas\u00eb"}]},{"@type":"WebSite","@id":"https:\/\/fjala.info\/2009-2015\/#website","url":"https:\/\/fjala.info\/2009-2015\/","name":"FjALA e LIR\u00cb - Arkivi","description":"Arkivi 2009-2015","publisher":{"@id":"https:\/\/fjala.info\/2009-2015\/#organization"},"potentialAction":[{"@type":"SearchAction","target":{"@type":"EntryPoint","urlTemplate":"https:\/\/fjala.info\/2009-2015\/?s={search_term_string}"},"query-input":{"@type":"PropertyValueSpecification","valueRequired":true,"valueName":"search_term_string"}}],"inLanguage":"sq-AL"},{"@type":"Organization","@id":"https:\/\/fjala.info\/2009-2015\/#organization","name":"FjALA e LIR\u00cb - Arkivi","url":"https:\/\/fjala.info\/2009-2015\/","logo":{"@type":"ImageObject","inLanguage":"sq-AL","@id":"https:\/\/fjala.info\/2009-2015\/#\/schema\/logo\/image\/","url":"","contentUrl":"","caption":"FjALA e LIR\u00cb - Arkivi"},"image":{"@id":"https:\/\/fjala.info\/2009-2015\/#\/schema\/logo\/image\/"}},{"@type":"Person","@id":"https:\/\/fjala.info\/2009-2015\/#\/schema\/person\/3aa1163ef05469c496fc94e77611ada2","name":"admin","image":{"@type":"ImageObject","inLanguage":"sq-AL","@id":"https:\/\/fjala.info\/2009-2015\/wp-content\/uploads\/2012\/02\/arben_cokaj-120x150.jpg","url":"https:\/\/fjala.info\/2009-2015\/wp-content\/uploads\/2012\/02\/arben_cokaj-120x150.jpg","contentUrl":"https:\/\/fjala.info\/2009-2015\/wp-content\/uploads\/2012\/02\/arben_cokaj-120x150.jpg","caption":"admin"},"description":"Admin, Fjala e Lir\u00eb","sameAs":["https:\/\/fjala.info\/"],"url":"https:\/\/fjala.info\/2009-2015\/author\/admin\/"}]}},"_links":{"self":[{"href":"https:\/\/fjala.info\/2009-2015\/wp-json\/wp\/v2\/posts\/5148","targetHints":{"allow":["GET"]}}],"collection":[{"href":"https:\/\/fjala.info\/2009-2015\/wp-json\/wp\/v2\/posts"}],"about":[{"href":"https:\/\/fjala.info\/2009-2015\/wp-json\/wp\/v2\/types\/post"}],"author":[{"embeddable":true,"href":"https:\/\/fjala.info\/2009-2015\/wp-json\/wp\/v2\/users\/1"}],"replies":[{"embeddable":true,"href":"https:\/\/fjala.info\/2009-2015\/wp-json\/wp\/v2\/comments?post=5148"}],"version-history":[{"count":0,"href":"https:\/\/fjala.info\/2009-2015\/wp-json\/wp\/v2\/posts\/5148\/revisions"}],"wp:attachment":[{"href":"https:\/\/fjala.info\/2009-2015\/wp-json\/wp\/v2\/media?parent=5148"}],"wp:term":[{"taxonomy":"category","embeddable":true,"href":"https:\/\/fjala.info\/2009-2015\/wp-json\/wp\/v2\/categories?post=5148"},{"taxonomy":"post_tag","embeddable":true,"href":"https:\/\/fjala.info\/2009-2015\/wp-json\/wp\/v2\/tags?post=5148"}],"curies":[{"name":"wp","href":"https:\/\/api.w.org\/{rel}","templated":true}]}}