{"id":5147,"date":"2010-12-08T10:39:47","date_gmt":"2010-12-08T09:39:47","guid":{"rendered":"http:\/\/fjala.shkoder.net\/?p=5147"},"modified":"2010-12-08T10:39:47","modified_gmt":"2010-12-08T09:39:47","slug":"lexuesi-olldashi","status":"publish","type":"post","link":"https:\/\/fjala.info\/2009-2015\/lexuesi-olldashi\/","title":{"rendered":"Lexuesi Olldashi"},"content":{"rendered":"<p><strong>Fatmir To\u00e7i<\/strong>, <em>08.12.2010<\/em><\/p>\n<p>N\u00eb dy raste t\u00eb nj\u00ebpasnj\u00ebshme, ministri i Pun\u00ebve Publike, Transportit dhe Telekomunikacionit, Sokol Olldashi, \u00ebsht\u00eb shfaqur n\u00eb disa kanale televizive tejet i shqet\u00ebsuar p\u00ebr vizit\u00ebn e nj\u00eb grupi deputet\u00ebsh t\u00eb PS-s\u00eb n\u00eb qytetet e Lezh\u00ebs e t\u00eb Shkodr\u00ebs, t\u00eb cil\u00ebt fare natyrsh\u00ebm, jo vet\u00ebm si deputet\u00eb, por edhe si shtetas t\u00eb zakonsh\u00ebm t\u00eb k\u00ebtij vendi, donin t\u00eb shihnin nga af\u00ebr se \u00e7&#8217;po ndodh me banor\u00ebt fatkeq t\u00eb k\u00ebsaj treve n\u00eb m\u00ebnyr\u00eb periodike, dhe se \u00e7far\u00eb mund t\u00eb b\u00ebhet p\u00ebr minimizimin e pasojave t\u00eb fatkeq\u00ebsis\u00eb, si dhe sensibilizimin e t\u00eb gjith\u00eb shqiptar\u00ebve (dhe jo vet\u00ebm t\u00eb shtetit dhe t\u00eb strukturave shtet\u00ebrore) p\u00ebr t\u00eb ndihmuar njer\u00ebzit n\u00eb nevoj\u00eb t\u00eb k\u00ebsaj zone.<\/p>\n<p>Ka qen\u00eb fare e natyrshme pas k\u00ebsaj vizite, nj\u00eb prononcim p\u00ebr median e interesuar q\u00eb t\u00eb d\u00ebgjonte edhe z\u00ebrin e nj\u00eb p\u00ebrfaq\u00ebsuesi t\u00eb opozit\u00ebs p\u00ebr at\u00eb q\u00eb po ndodh n\u00eb Shkod\u00ebr.<\/p>\n<p>Por edhe pse prononcimi ka qen\u00eb tejet informativ, mjaft i rezervuar p\u00ebr kritika e akuza ndaj qeveris\u00eb dhe mjaft i ndjesh\u00ebm p\u00ebr gjendjen fizike dhe shpirt\u00ebrore t\u00eb njer\u00ebzve n\u00eb kufijt\u00eb e d\u00ebshp\u00ebrimit, duket q\u00eb z. Olldashi i ka djegur ca si shum\u00eb dhe ka nxituar n\u00eb disa media p\u00ebr t\u00eb &#8220;zbuluar&#8221; shkakun e v\u00ebrtet\u00eb t\u00eb udh\u00ebtimit tim drejt Shkodr\u00ebs, q\u00eb (sipas tij) ishte kontakti me librarit\u00eb e Shkodr\u00ebs p\u00ebr t\u00eb mbledhur lek\u00ebt e librave t\u00eb shitur.<\/p>\n<p>N\u00eb fakt, Sht\u00ebpia Botuese q\u00eb un\u00eb drejtoja, para se t\u00eb mandatohesha si deputet n\u00eb Kuvendin e Shqip\u00ebris\u00eb, nuk ka hapur akoma nj\u00eb librari t\u00eb saj\u00ebn n\u00eb qytetin e Shkodr\u00ebs, si\u00e7 ka b\u00ebr\u00eb n\u00eb disa qytete t\u00eb tjera t\u00eb Shqip\u00ebris\u00eb, edhe pse kjo ambicie \u00ebsht\u00eb akoma n\u00eb programet e saj.<\/p>\n<p>Por, k\u00ebt\u00eb nuk ka si ta dij\u00eb z. Olldashi, pasi nuk b\u00ebn pjes\u00eb n\u00eb njer\u00ebzit af\u00ebr librit, dhe kjo vihet re leht\u00eb nga kultura e dialogut dhe komunikimit, t\u00eb cil\u00ebn e demonstron vend e pa vend, n\u00eb konferenca shtypi, studio debatesh, prononcime, por edhe n\u00eb Kuvendin e Shqip\u00ebris\u00eb ku k\u00ebrkon t\u00eb b\u00ebj\u00eb protagonistin, ve\u00e7an\u00ebrisht kur ndodhet n\u00eb sall\u00eb &#8220;shefi&#8221;.<\/p>\n<p>Gjithsesi, m\u00eb erdhi mir\u00eb q\u00eb z. Olldashi e paska m\u00ebsuar q\u00eb jam shum\u00eb i lidhur me librin. Libri dhe librarit\u00eb jan\u00eb sht\u00ebpia ime e p\u00ebrhershme, vendi ku ndihem m\u00eb mir\u00eb, pasi kam mbi 20 vjet q\u00eb punoj n\u00eb k\u00ebt\u00eb sektor. Pa dyshim q\u00eb vajtja ime n\u00eb Shkod\u00ebr nuk do t&#8217;i linte pa vizituar edhe disa prej librarive t\u00eb k\u00ebtij qyteti, p\u00ebr t\u00eb par\u00eb fatin e tyre pas v\u00ebrshimit t\u00eb uj\u00ebrave.<\/p>\n<p>Por, z. Olldashi ka harruar nj\u00eb holl\u00ebsi t\u00eb r\u00ebnd\u00ebsishme, q\u00eb ma hoqi mua mund\u00ebsin\u00eb p\u00ebr t&#8217;i vizituar k\u00ebto librari: ashtu si pjes\u00ebn m\u00eb t\u00eb madhe t\u00eb qytetit t\u00eb Shkodr\u00ebs, si pjes\u00ebn m\u00eb t\u00eb madhe t\u00eb nj\u00ebsive tregtare dhe bizneseve t\u00eb t\u00eb gjitha llojeve, edhe librarit\u00eb ishin t\u00eb p\u00ebrmbytura nga uji.<\/p>\n<p>Dhe nuk kishte se \u00e7&#8217;t\u00eb shikoje n\u00eb k\u00ebto librari, edhe pse p\u00ebr t\u00eb shkuar deri aty duhej patjet\u00ebr t\u00eb pajtoje nj\u00eb vark\u00ebtar, e jo nga ata t\u00eb ushtris\u00eb, sepse ata ishin pak, vet\u00ebm 23 vet\u00eb p\u00ebr 14.000 hektar\u00eb t\u00eb p\u00ebrmbytur, por nga ata q\u00eb kan\u00eb gjetur nj\u00eb pun\u00ebsim t\u00eb ri, n\u00eb at\u00eb t\u00eb gondolierit, si n\u00eb Venecien e famshme.<\/p>\n<p>Z. Olldashi, dhe jo vet\u00ebm atij nga klani q\u00eb e kan\u00eb z\u00ebn\u00eb rob Shqip\u00ebrin\u00eb, i b\u00ebn p\u00ebrshtypje q\u00eb deputet\u00ebt e opozit\u00ebs ndodhen pran\u00eb njer\u00ebzve n\u00eb nevoj\u00eb n\u00eb nj\u00eb zon\u00eb si Shkodra, t\u00eb cil\u00ebn akoma e kujtojn\u00eb si nj\u00eb bastion t\u00eb tyre, dhe mendojn\u00eb se me mashtrime e demagogji mund t\u00eb luajn\u00eb akoma me ndjenjat e tyre. Harron z. Olldashi se Shkodra ka zgjedhur 5 p\u00ebrfaq\u00ebsues t\u00eb PS-s\u00eb n\u00eb Kuvendin e Shqip\u00ebris\u00eb, nga 11 deputet\u00eb q\u00eb ka i gjith\u00eb Qarku i k\u00ebsaj zone. Nj\u00eb shif\u00ebr q\u00eb ka ardhur vazhdimisht n\u00eb rritje, pik\u00ebrisht prej mashtrimit, mosv\u00ebmendjes dhe pap\u00ebrgjegjshm\u00ebris\u00eb ndaj problemeve jetike t\u00eb popullsis\u00eb s\u00eb k\u00ebsaj treve.<\/p>\n<p>Dhe kaq e dukshme \u00ebsht\u00eb kjo pap\u00ebrgjegjshm\u00ebri, sa edhe kur Shkodra zhytej \u00e7do dit\u00eb e m\u00eb tep\u00ebr n\u00eb uj\u00eb, kryeministri i k\u00ebtij vendi n\u00eb mbledhjen mediatike t\u00eb qeveris\u00eb ishte m\u00eb shum\u00eb i shqet\u00ebsuar p\u00ebr munges\u00ebn e flamujve n\u00eb rrug\u00ebt e Tiran\u00ebs me rastin e p\u00ebrvjetorit t\u00eb pavar\u00ebsis\u00eb, se sa p\u00ebr shkodran\u00ebt q\u00eb kishin filluar luft\u00ebn p\u00ebr mbijetes\u00eb nga p\u00ebrmbytjet; edhe kur nga zonat e rrethuara nga uji erdhi lajmi i zi p\u00ebr nj\u00eb f\u00ebmij\u00eb q\u00eb nuk mundi t&#8217;i kaloj\u00eb 3 muajt, kryeministri i k\u00ebtij vendi, duke anatemuar me fjalor rrug\u00ebsh kreun e opozit\u00ebs, p\u00ebrcaktonte masat se si duhet t\u00eb jet\u00eb n\u00eb t\u00eb ardhmen protokolli i festave zyrtare edhe p\u00ebr pushtetin vendor. Nga t\u00eb paktat gj\u00ebra q\u00eb i ka mbetur pa u b\u00ebr\u00eb &#8220;n\u00eb kujdesin e tij t\u00eb ve\u00e7ant\u00eb&#8221; (!)<\/p>\n<p>Shakaja, si gjithmon\u00eb, e shp\u00eblar\u00eb e z. Olldashi m\u00eb b\u00ebri t&#8217;i kujtoj atij dhe qeveris\u00eb n\u00eb t\u00eb cil\u00ebn b\u00ebn pjes\u00eb se p\u00ebrmbytja e p\u00ebrs\u00ebritur n\u00eb Shkod\u00ebr \u00ebsht\u00eb nj\u00eb pasoj\u00eb, dhe pasoja gjithmon\u00eb e ka nj\u00eb shkak. Dhe p\u00ebr shkakun, tashm\u00eb, jan\u00eb bindur t\u00eb gjith\u00eb shqiptar\u00ebt, n\u00eb m\u00ebnyr\u00eb t\u00eb ve\u00e7ant\u00eb shkodran\u00ebt, n\u00eb fytyrat e t\u00eb cil\u00ebve k\u00ebto dit\u00eb sheh vet\u00ebm trishtim, frik\u00eb e pasiguri p\u00ebr t\u00eb ardhmen.<\/p>\n<p>Mjafton t\u00eb hap\u00ebsh televizionin n\u00eb \u00e7do kanal q\u00eb t\u00eb shkon dora, apo t\u00eb shfletosh gazetat kryesore t\u00eb dit\u00ebs. (Pa dyshim k\u00ebtu b\u00ebn p\u00ebrjashtim z\u00ebdh\u00ebn\u00ebsi qeveritar i RTSH-s\u00eb dhe ndonj\u00eb kanal tjet\u00ebr q\u00eb thith t\u00eb gjitha &#8220;reklamat&#8221; qeveritare).<\/p>\n<p>Dhe nuk e kemi fjal\u00ebn p\u00ebr komentet e gazetar\u00ebve n\u00eb studio apo t\u00eb d\u00ebrguar n\u00eb terren, por p\u00ebr z\u00ebrin e d\u00ebshp\u00ebruar t\u00eb njer\u00ebzve q\u00eb detyrohen t\u00eb largohen nga sht\u00ebpit\u00eb e tyre, duke l\u00ebn\u00eb pas mundin e djers\u00ebn e nj\u00eb jete, pronat dhe gj\u00ebn\u00eb e gjall\u00eb, vet\u00eb shpres\u00ebn p\u00ebr t\u00eb ardhmen.<br \/>\nZ. Olldashi, ajo q\u00eb po ndodh sot n\u00eb Shkod\u00ebr \u00ebsht\u00eb nj\u00eb krim.<\/p>\n<p>S\u00eb pari, krimi \u00ebsht\u00eb ekonomik, p\u00ebr vet\u00eb d\u00ebmet q\u00eb ka shkaktuar dhe fatur\u00ebn n\u00eb rritje q\u00eb po i kushton ekonomis\u00eb s\u00eb mjer\u00eb shqiptare. Por, ju sot, duke na kujtuar librarit\u00eb, na kujtuat se krimi \u00ebsht\u00eb edhe kulturor, edhe psikologjik e shpirt\u00ebror. Dhe bashk\u00eb me rrezikun q\u00eb u kanoset \u00e7do \u00e7ast mij\u00ebra njer\u00ebzve krimi merr p\u00ebrmasa humanitare.<\/p>\n<p>Z. Olldashi, ju i keni kthyer n\u00eb show mediatik vajtjet e ardhjet n\u00eb Shkod\u00ebr, me mjetet e shpenzimet e shtetit, jo si ne t\u00eb opozit\u00ebs q\u00eb gjendemi gjithmon\u00eb pran\u00eb njer\u00ebzve me shpenzimet tona. Madje, edhe kur na sakatohen edhe ato pak t\u00eb ardhura q\u00eb marrim nga puna jon\u00eb n\u00eb Kuvend.<\/p>\n<p>Dhe kjo n\u00ebn kujdesin e ve\u00e7ant\u00eb t\u00eb znj. Jozefin\u00eb. \u00cbsht\u00eb vendi t&#8217;ju b\u00ebjm\u00eb me dije se edhe mbledhjet e kabinetit q\u00eb i keni transferuar n\u00eb Shkod\u00ebr jan\u00eb b\u00ebr\u00eb burim humori e barcoletash nd\u00ebr shkodran\u00ebt, q\u00eb nuk ta p\u00ebrtojn\u00eb, edhe pse fati i zi, me nj\u00eb qeveri si kjo e juaja, u ka r\u00ebn\u00eb mbi krye.<\/p>\n<p>Ta kalosh dit\u00ebn kafeneve e mejhaneve n\u00eb pjes\u00ebn e that\u00eb t\u00eb Shkodr\u00ebs, aty, rreth e rreth bashkis\u00eb e prefektur\u00ebs ku thuren ve\u00e7se intriga e vritet koha me p\u00ebrgojime, t\u00eb dal\u00ebsh para kamerave \u00e7do dy or\u00eb duke u marr\u00eb m\u00eb shum\u00eb me &#8220;opozit\u00ebn q\u00eb shkaktoi katastrof\u00ebn&#8221;, ky \u00ebsht\u00eb kontributi juaj p\u00ebr zgjidhjen e situat\u00ebs n\u00eb Shkod\u00ebr.<\/p>\n<p>Dhe, padyshim, q\u00eb n\u00eb kafene e n\u00eb mejhane do ta kalonit dit\u00ebn, sepse der\u00ebn e librarive ju nuk keni si ta dini. Do t\u00eb ishte lajm n\u00ebse ju do t\u00eb hynit n\u00eb ndonj\u00eb librari n\u00eb k\u00ebto dit\u00eb t\u00eb zymta n\u00eb Shkod\u00ebr. Madje, n\u00ebse do t\u00eb ndodhte, at\u00eb dit\u00eb mediat nuk do t\u00eb merreshin me p\u00ebrmbytjet, por me lajmin e pad\u00ebgjuar deri m\u00eb sot se z. Olldashi \u00ebsht\u00eb par\u00eb t\u00eb hyj\u00eb n\u00eb nj\u00eb librari.<\/p>\n","protected":false},"excerpt":{"rendered":"<p>Fatmir To\u00e7i, 08.12.2010 N\u00eb dy raste t\u00eb nj\u00ebpasnj\u00ebshme, ministri i Pun\u00ebve Publike, Transportit dhe Telekomunikacionit, Sokol Olldashi, \u00ebsht\u00eb shfaqur n\u00eb disa kanale televizive tejet i shqet\u00ebsuar p\u00ebr vizit\u00ebn e nj\u00eb grupi deputet\u00ebsh t\u00eb PS-s\u00eb n\u00eb qytetet e Lezh\u00ebs e t\u00eb Shkodr\u00ebs, t\u00eb cil\u00ebt fare natyrsh\u00ebm, jo vet\u00ebm si deputet\u00eb, por edhe si shtetas t\u00eb zakonsh\u00ebm [&hellip;]<\/p>\n","protected":false},"author":1,"featured_media":0,"comment_status":"open","ping_status":"closed","sticky":false,"template":"","format":"standard","meta":{"footnotes":""},"categories":[2],"tags":[],"class_list":{"0":"post-5147","1":"post","2":"type-post","3":"status-publish","4":"format-standard","6":"category-artikuj"},"yoast_head":"<!-- This site is optimized with the Yoast SEO plugin v27.4 - https:\/\/yoast.com\/product\/yoast-seo-wordpress\/ -->\n<title>Lexuesi Olldashi - FjALA e LIR\u00cb - Arkivi<\/title>\n<meta name=\"robots\" content=\"index, follow, max-snippet:-1, max-image-preview:large, max-video-preview:-1\" \/>\n<link rel=\"canonical\" href=\"https:\/\/fjala.info\/2009-2015\/lexuesi-olldashi\/\" \/>\n<meta property=\"og:locale\" content=\"sq_AL\" \/>\n<meta property=\"og:type\" content=\"article\" \/>\n<meta property=\"og:title\" content=\"Lexuesi Olldashi - FjALA e LIR\u00cb - Arkivi\" \/>\n<meta property=\"og:description\" content=\"Fatmir To\u00e7i, 08.12.2010 N\u00eb dy raste t\u00eb nj\u00ebpasnj\u00ebshme, ministri i Pun\u00ebve Publike, Transportit dhe Telekomunikacionit, Sokol Olldashi, \u00ebsht\u00eb shfaqur n\u00eb disa kanale televizive tejet i shqet\u00ebsuar p\u00ebr vizit\u00ebn e nj\u00eb grupi deputet\u00ebsh t\u00eb PS-s\u00eb n\u00eb qytetet e Lezh\u00ebs e t\u00eb Shkodr\u00ebs, t\u00eb cil\u00ebt fare natyrsh\u00ebm, jo vet\u00ebm si deputet\u00eb, por edhe si shtetas t\u00eb zakonsh\u00ebm [&hellip;]\" \/>\n<meta property=\"og:url\" content=\"https:\/\/fjala.info\/2009-2015\/lexuesi-olldashi\/\" \/>\n<meta property=\"og:site_name\" content=\"FjALA e LIR\u00cb - Arkivi\" \/>\n<meta property=\"article:published_time\" content=\"2010-12-08T09:39:47+00:00\" \/>\n<meta name=\"author\" content=\"admin\" \/>\n<meta name=\"twitter:card\" content=\"summary_large_image\" \/>\n<meta name=\"twitter:label1\" content=\"Written by\" \/>\n\t<meta name=\"twitter:data1\" content=\"admin\" \/>\n\t<meta name=\"twitter:label2\" content=\"Est. reading time\" \/>\n\t<meta name=\"twitter:data2\" content=\"7 minutes\" \/>\n<script type=\"application\/ld+json\" class=\"yoast-schema-graph\">{\"@context\":\"https:\\\/\\\/schema.org\",\"@graph\":[{\"@type\":\"Article\",\"@id\":\"https:\\\/\\\/fjala.info\\\/2009-2015\\\/lexuesi-olldashi\\\/#article\",\"isPartOf\":{\"@id\":\"https:\\\/\\\/fjala.info\\\/2009-2015\\\/lexuesi-olldashi\\\/\"},\"author\":{\"name\":\"admin\",\"@id\":\"https:\\\/\\\/fjala.info\\\/2009-2015\\\/#\\\/schema\\\/person\\\/3aa1163ef05469c496fc94e77611ada2\"},\"headline\":\"Lexuesi Olldashi\",\"datePublished\":\"2010-12-08T09:39:47+00:00\",\"mainEntityOfPage\":{\"@id\":\"https:\\\/\\\/fjala.info\\\/2009-2015\\\/lexuesi-olldashi\\\/\"},\"wordCount\":1413,\"commentCount\":0,\"publisher\":{\"@id\":\"https:\\\/\\\/fjala.info\\\/2009-2015\\\/#organization\"},\"articleSection\":[\"Artikuj\"],\"inLanguage\":\"sq-AL\",\"potentialAction\":[{\"@type\":\"CommentAction\",\"name\":\"Comment\",\"target\":[\"https:\\\/\\\/fjala.info\\\/2009-2015\\\/lexuesi-olldashi\\\/#respond\"]}]},{\"@type\":\"WebPage\",\"@id\":\"https:\\\/\\\/fjala.info\\\/2009-2015\\\/lexuesi-olldashi\\\/\",\"url\":\"https:\\\/\\\/fjala.info\\\/2009-2015\\\/lexuesi-olldashi\\\/\",\"name\":\"Lexuesi Olldashi - FjALA e LIR\u00cb - Arkivi\",\"isPartOf\":{\"@id\":\"https:\\\/\\\/fjala.info\\\/2009-2015\\\/#website\"},\"datePublished\":\"2010-12-08T09:39:47+00:00\",\"breadcrumb\":{\"@id\":\"https:\\\/\\\/fjala.info\\\/2009-2015\\\/lexuesi-olldashi\\\/#breadcrumb\"},\"inLanguage\":\"sq-AL\",\"potentialAction\":[{\"@type\":\"ReadAction\",\"target\":[\"https:\\\/\\\/fjala.info\\\/2009-2015\\\/lexuesi-olldashi\\\/\"]}]},{\"@type\":\"BreadcrumbList\",\"@id\":\"https:\\\/\\\/fjala.info\\\/2009-2015\\\/lexuesi-olldashi\\\/#breadcrumb\",\"itemListElement\":[{\"@type\":\"ListItem\",\"position\":1,\"name\":\"Home\",\"item\":\"https:\\\/\\\/fjala.info\\\/2009-2015\\\/\"},{\"@type\":\"ListItem\",\"position\":2,\"name\":\"Lexuesi Olldashi\"}]},{\"@type\":\"WebSite\",\"@id\":\"https:\\\/\\\/fjala.info\\\/2009-2015\\\/#website\",\"url\":\"https:\\\/\\\/fjala.info\\\/2009-2015\\\/\",\"name\":\"FjALA e LIR\u00cb - Arkivi\",\"description\":\"Arkivi 2009-2015\",\"publisher\":{\"@id\":\"https:\\\/\\\/fjala.info\\\/2009-2015\\\/#organization\"},\"potentialAction\":[{\"@type\":\"SearchAction\",\"target\":{\"@type\":\"EntryPoint\",\"urlTemplate\":\"https:\\\/\\\/fjala.info\\\/2009-2015\\\/?s={search_term_string}\"},\"query-input\":{\"@type\":\"PropertyValueSpecification\",\"valueRequired\":true,\"valueName\":\"search_term_string\"}}],\"inLanguage\":\"sq-AL\"},{\"@type\":\"Organization\",\"@id\":\"https:\\\/\\\/fjala.info\\\/2009-2015\\\/#organization\",\"name\":\"FjALA e LIR\u00cb - Arkivi\",\"url\":\"https:\\\/\\\/fjala.info\\\/2009-2015\\\/\",\"logo\":{\"@type\":\"ImageObject\",\"inLanguage\":\"sq-AL\",\"@id\":\"https:\\\/\\\/fjala.info\\\/2009-2015\\\/#\\\/schema\\\/logo\\\/image\\\/\",\"url\":\"\",\"contentUrl\":\"\",\"caption\":\"FjALA e LIR\u00cb - Arkivi\"},\"image\":{\"@id\":\"https:\\\/\\\/fjala.info\\\/2009-2015\\\/#\\\/schema\\\/logo\\\/image\\\/\"}},{\"@type\":\"Person\",\"@id\":\"https:\\\/\\\/fjala.info\\\/2009-2015\\\/#\\\/schema\\\/person\\\/3aa1163ef05469c496fc94e77611ada2\",\"name\":\"admin\",\"image\":{\"@type\":\"ImageObject\",\"inLanguage\":\"sq-AL\",\"@id\":\"https:\\\/\\\/fjala.info\\\/2009-2015\\\/wp-content\\\/uploads\\\/2012\\\/02\\\/arben_cokaj-120x150.jpg\",\"url\":\"https:\\\/\\\/fjala.info\\\/2009-2015\\\/wp-content\\\/uploads\\\/2012\\\/02\\\/arben_cokaj-120x150.jpg\",\"contentUrl\":\"https:\\\/\\\/fjala.info\\\/2009-2015\\\/wp-content\\\/uploads\\\/2012\\\/02\\\/arben_cokaj-120x150.jpg\",\"caption\":\"admin\"},\"description\":\"Admin, Fjala e Lir\u00eb\",\"sameAs\":[\"https:\\\/\\\/fjala.info\\\/\"],\"url\":\"https:\\\/\\\/fjala.info\\\/2009-2015\\\/author\\\/admin\\\/\"}]}<\/script>\n<!-- \/ Yoast SEO plugin. -->","yoast_head_json":{"title":"Lexuesi Olldashi - FjALA e LIR\u00cb - Arkivi","robots":{"index":"index","follow":"follow","max-snippet":"max-snippet:-1","max-image-preview":"max-image-preview:large","max-video-preview":"max-video-preview:-1"},"canonical":"https:\/\/fjala.info\/2009-2015\/lexuesi-olldashi\/","og_locale":"sq_AL","og_type":"article","og_title":"Lexuesi Olldashi - FjALA e LIR\u00cb - Arkivi","og_description":"Fatmir To\u00e7i, 08.12.2010 N\u00eb dy raste t\u00eb nj\u00ebpasnj\u00ebshme, ministri i Pun\u00ebve Publike, Transportit dhe Telekomunikacionit, Sokol Olldashi, \u00ebsht\u00eb shfaqur n\u00eb disa kanale televizive tejet i shqet\u00ebsuar p\u00ebr vizit\u00ebn e nj\u00eb grupi deputet\u00ebsh t\u00eb PS-s\u00eb n\u00eb qytetet e Lezh\u00ebs e t\u00eb Shkodr\u00ebs, t\u00eb cil\u00ebt fare natyrsh\u00ebm, jo vet\u00ebm si deputet\u00eb, por edhe si shtetas t\u00eb zakonsh\u00ebm [&hellip;]","og_url":"https:\/\/fjala.info\/2009-2015\/lexuesi-olldashi\/","og_site_name":"FjALA e LIR\u00cb - Arkivi","article_published_time":"2010-12-08T09:39:47+00:00","author":"admin","twitter_card":"summary_large_image","twitter_misc":{"Written by":"admin","Est. reading time":"7 minutes"},"schema":{"@context":"https:\/\/schema.org","@graph":[{"@type":"Article","@id":"https:\/\/fjala.info\/2009-2015\/lexuesi-olldashi\/#article","isPartOf":{"@id":"https:\/\/fjala.info\/2009-2015\/lexuesi-olldashi\/"},"author":{"name":"admin","@id":"https:\/\/fjala.info\/2009-2015\/#\/schema\/person\/3aa1163ef05469c496fc94e77611ada2"},"headline":"Lexuesi Olldashi","datePublished":"2010-12-08T09:39:47+00:00","mainEntityOfPage":{"@id":"https:\/\/fjala.info\/2009-2015\/lexuesi-olldashi\/"},"wordCount":1413,"commentCount":0,"publisher":{"@id":"https:\/\/fjala.info\/2009-2015\/#organization"},"articleSection":["Artikuj"],"inLanguage":"sq-AL","potentialAction":[{"@type":"CommentAction","name":"Comment","target":["https:\/\/fjala.info\/2009-2015\/lexuesi-olldashi\/#respond"]}]},{"@type":"WebPage","@id":"https:\/\/fjala.info\/2009-2015\/lexuesi-olldashi\/","url":"https:\/\/fjala.info\/2009-2015\/lexuesi-olldashi\/","name":"Lexuesi Olldashi - FjALA e LIR\u00cb - Arkivi","isPartOf":{"@id":"https:\/\/fjala.info\/2009-2015\/#website"},"datePublished":"2010-12-08T09:39:47+00:00","breadcrumb":{"@id":"https:\/\/fjala.info\/2009-2015\/lexuesi-olldashi\/#breadcrumb"},"inLanguage":"sq-AL","potentialAction":[{"@type":"ReadAction","target":["https:\/\/fjala.info\/2009-2015\/lexuesi-olldashi\/"]}]},{"@type":"BreadcrumbList","@id":"https:\/\/fjala.info\/2009-2015\/lexuesi-olldashi\/#breadcrumb","itemListElement":[{"@type":"ListItem","position":1,"name":"Home","item":"https:\/\/fjala.info\/2009-2015\/"},{"@type":"ListItem","position":2,"name":"Lexuesi Olldashi"}]},{"@type":"WebSite","@id":"https:\/\/fjala.info\/2009-2015\/#website","url":"https:\/\/fjala.info\/2009-2015\/","name":"FjALA e LIR\u00cb - Arkivi","description":"Arkivi 2009-2015","publisher":{"@id":"https:\/\/fjala.info\/2009-2015\/#organization"},"potentialAction":[{"@type":"SearchAction","target":{"@type":"EntryPoint","urlTemplate":"https:\/\/fjala.info\/2009-2015\/?s={search_term_string}"},"query-input":{"@type":"PropertyValueSpecification","valueRequired":true,"valueName":"search_term_string"}}],"inLanguage":"sq-AL"},{"@type":"Organization","@id":"https:\/\/fjala.info\/2009-2015\/#organization","name":"FjALA e LIR\u00cb - Arkivi","url":"https:\/\/fjala.info\/2009-2015\/","logo":{"@type":"ImageObject","inLanguage":"sq-AL","@id":"https:\/\/fjala.info\/2009-2015\/#\/schema\/logo\/image\/","url":"","contentUrl":"","caption":"FjALA e LIR\u00cb - Arkivi"},"image":{"@id":"https:\/\/fjala.info\/2009-2015\/#\/schema\/logo\/image\/"}},{"@type":"Person","@id":"https:\/\/fjala.info\/2009-2015\/#\/schema\/person\/3aa1163ef05469c496fc94e77611ada2","name":"admin","image":{"@type":"ImageObject","inLanguage":"sq-AL","@id":"https:\/\/fjala.info\/2009-2015\/wp-content\/uploads\/2012\/02\/arben_cokaj-120x150.jpg","url":"https:\/\/fjala.info\/2009-2015\/wp-content\/uploads\/2012\/02\/arben_cokaj-120x150.jpg","contentUrl":"https:\/\/fjala.info\/2009-2015\/wp-content\/uploads\/2012\/02\/arben_cokaj-120x150.jpg","caption":"admin"},"description":"Admin, Fjala e Lir\u00eb","sameAs":["https:\/\/fjala.info\/"],"url":"https:\/\/fjala.info\/2009-2015\/author\/admin\/"}]}},"_links":{"self":[{"href":"https:\/\/fjala.info\/2009-2015\/wp-json\/wp\/v2\/posts\/5147","targetHints":{"allow":["GET"]}}],"collection":[{"href":"https:\/\/fjala.info\/2009-2015\/wp-json\/wp\/v2\/posts"}],"about":[{"href":"https:\/\/fjala.info\/2009-2015\/wp-json\/wp\/v2\/types\/post"}],"author":[{"embeddable":true,"href":"https:\/\/fjala.info\/2009-2015\/wp-json\/wp\/v2\/users\/1"}],"replies":[{"embeddable":true,"href":"https:\/\/fjala.info\/2009-2015\/wp-json\/wp\/v2\/comments?post=5147"}],"version-history":[{"count":0,"href":"https:\/\/fjala.info\/2009-2015\/wp-json\/wp\/v2\/posts\/5147\/revisions"}],"wp:attachment":[{"href":"https:\/\/fjala.info\/2009-2015\/wp-json\/wp\/v2\/media?parent=5147"}],"wp:term":[{"taxonomy":"category","embeddable":true,"href":"https:\/\/fjala.info\/2009-2015\/wp-json\/wp\/v2\/categories?post=5147"},{"taxonomy":"post_tag","embeddable":true,"href":"https:\/\/fjala.info\/2009-2015\/wp-json\/wp\/v2\/tags?post=5147"}],"curies":[{"name":"wp","href":"https:\/\/api.w.org\/{rel}","templated":true}]}}