{"id":5139,"date":"2010-12-08T08:43:10","date_gmt":"2010-12-08T07:43:10","guid":{"rendered":"http:\/\/fjala.shkoder.net\/?p=5139"},"modified":"2010-12-08T08:43:10","modified_gmt":"2010-12-08T07:43:10","slug":"poezi-nga-vaso-papaj","status":"publish","type":"post","link":"https:\/\/fjala.info\/2009-2015\/poezi-nga-vaso-papaj\/","title":{"rendered":"Poezi nga Vaso Papaj"},"content":{"rendered":"<p><strong>Mikut q\u00eb e deshi vendin tim<\/strong>*<\/p>\n<p>Mik i dashur s\u2019di ku je.<br \/>\nSi u ndam\u00eb mir\u00eb e kujtoj.<br \/>\nQ\u00eb at\u00ebhere m\u00eb s\u2019u pe.<br \/>\nUn\u00eb vazhdoj t\u00eb t\u00eb k\u00ebrkoj\u2026<\/p>\n<p>Kur u nise, miku im,<br \/>\nme t\u00eb qeshur\u00ebn e dlir\u00eb,<br \/>\nporosi m\u00eb le kujtim:<br \/>\nP\u00ebr nj\u00eb rrug\u00eb sa m\u00eb t\u00eb mir\u00eb\u2026<\/p>\n<p>N\u00eb k\u00ebt\u00eb rrug\u00eb q\u00eb keni nisur,<br \/>\nhiqni dor\u00eb, miqt\u00eb e mi,<br \/>\nnga veturat kapardisur,<br \/>\nsirena e xhama t\u00eb zinj.<\/p>\n<p>Ka kaluar koh\u00eb shum\u00eb.<br \/>\nNe u dogj\u00ebm disa her\u00eb.<br \/>\nPo s\u2019vazhduam n\u2019at\u00eb gjurm\u00eb.<br \/>\nM\u00ebnd nuk zum\u00eb asnj\u00ebher\u00eb.<\/p>\n<p>Si t\u00eb \u00e7mendura sirenat.<br \/>\nTrembin burra e f\u00ebmij\u00eb.<br \/>\nNd\u00ebrsa BMW \u2013 X 5(pesat)<br \/>\nngjajn\u00eb me krokodil\u00eb t\u00eb zinj\u2019.<\/p>\n<p>Po t\u00eb pres me mall t\u00eb vish,<br \/>\nmiku im i paharruar.<br \/>\nMe sirenat flejm\u00eb s\u00ebrisht<br \/>\ndhe me benzat e llastuar.<\/p>\n<p>*- <em>Ambasadorit t\u00eb par\u00eb t\u00eb SHBA n\u00eb Shqip\u00ebri pas r\u00ebnies s\u00eb komunizmit<\/em>.<\/p>\n<p><strong>Dometh\u00ebn\u00eb<\/strong><\/p>\n<p>Dometh\u00ebn\u00eb\u2026<br \/>\nN\u00eb tridhjet fjal\u00eb,<br \/>\nnj\u00ebzet her\u00eb e the\u2026<br \/>\nDometh\u00ebn\u00eb\u2026Dometh\u00ebn\u00eb\u2026<br \/>\nDometh\u00ebn\u00eb<br \/>\nS\u2019e di sa i pasur je!?<br \/>\nPo<br \/>\nDometh\u00ebn\u00eb\u2026<br \/>\nPasuri sa t\u00eb duash ke.<br \/>\nEdhe shkoll\u00eb,<br \/>\npse ta fsheh?<br \/>\nDometh\u00ebn\u00eb\u2026 Dometh\u00ebn\u00eb<br \/>\nMegjithat\u00eb\u2026<br \/>\nS\u2019e di,<br \/>\na ka varf\u00ebri t\u00eb v\u00ebrtet\u00eb tek ne?<br \/>\nDometh\u00ebn\u00eb\u2026<br \/>\nKa, po<br \/>\nTi dhe vet\u00ebm ti je.<\/p>\n<p><strong>Profesor i dashur! <\/strong><\/p>\n<p>Profesor i dashur!Kam koh\u00eb q\u00eb t\u2019 kujtoj,<br \/>\nsi duket provimet kurr\u00eb s\u2019do t\u2019i mbaroj.<br \/>\nKam mbetur n\u00eb vjesht\u00eb e nga vjeshta s\u2019dal,<br \/>\nhallet dhe kujtimet m\u00eb jan\u00eb b\u00ebr\u00eb mal.<\/p>\n<p>T\u00eb kujtohet Edi, nx\u00ebn\u00ebsi m\u00eb i mir\u00eb?<br \/>\nAi q\u00eb na ndihte n\u00eb dit\u00eb t\u00eb v\u00ebshtir\u00eb?<br \/>\nSapo m\u00eb ka shkruar, sot \u00ebsht\u00eb i papun\u00eb.<br \/>\nKa nj\u00eb vend te tregu, n\u00eb shi e furtun\u00eb.<\/p>\n<p>Eh, kjo koha jon\u00eb, qenka koh\u00eb pa em\u00ebr.<br \/>\nS\u2019i dashka t\u00eb mir\u00ebt, i p\u00ebr\u00e7mon me zem\u00ebr.<br \/>\nKe t\u00eb fala shum\u00eb, t\u00eb kujton dhe ty :<br \/>\n\u201cN\u00eb matematik\u00eb, nj\u00eb dhe nj\u00eb s\u2019b\u00ebjn\u00eb dy.\u201d<\/p>\n<p>Profesor i dashur! T\u00eb kujtohet tjet\u00ebr :<br \/>\nKino \u201cIliria \u201c, n\u00eb lagjen e vjet\u00ebr?<br \/>\nMe Art\u00ebn p\u00ebrqafuar n\u00eb radh\u00ebn e fundit,<br \/>\nM\u00eb skuqej fytyra si djal\u00eb i katundit.<\/p>\n<p>Nuk e di dhe Shpresa, se\u00e7 ka nj\u00eb problem<br \/>\nKam d\u00ebshir\u00eb ta shoh:\u201d M\u00eb fal!\u201d un\u2019 t\u2019i them.<br \/>\nIshin koh\u00eb rinie, koh\u00ebra pa timon.<br \/>\n\u00c7do trill dashurie, si\u00e7 vjen edhe shkon.<\/p>\n<p>Me nj\u00eb bark\u00eb peshkimi u nis fati i saj.<br \/>\nThon\u00eb, jasht ka shkuar dhe rrit kalamaj.<br \/>\nS\u2019jam i qart\u00eb akoma, n\u00eb m\u00eb mban m\u00ebri\u2026<br \/>\nUn\u00eb kam qen\u00eb at\u00ebhere nj\u00eb djalosh-f\u00ebmi.<\/p>\n<p>Sa shum\u00eb q\u00eb i donte qiejt, hap\u00ebsirat!<br \/>\nBor\u00ebn, poezin\u00eb, lulet, cic\u00ebrimat!\u2026<br \/>\nPo vrapimin ton\u00eb, zilen sapo binte,<br \/>\nn\u00ebp\u00ebr shkall\u00eb si zogj, kush e kush t\u00eb printe?!&#8230;<\/p>\n<p>P\u00ebr t\u00eb bler\u2019 te kioska byrekun e radh\u00ebs,<br \/>\nngjesheshin e shtyheshin \u00e7unat tan\u2019 t\u00eb klas\u00ebs\u2026<br \/>\n\u00c7\u2019kemi p\u00ebr t\u00eb pritur e \u00e7\u2019ka mbetur tjet\u00ebr?<br \/>\nFati yn\u00eb i gjor\u00eb i grisur n\u00eb let\u00ebr\u2026<\/p>\n","protected":false},"excerpt":{"rendered":"<p>Mikut q\u00eb e deshi vendin tim* Mik i dashur s\u2019di ku je. Si u ndam\u00eb mir\u00eb e kujtoj. Q\u00eb at\u00ebhere m\u00eb s\u2019u pe. Un\u00eb vazhdoj t\u00eb t\u00eb k\u00ebrkoj\u2026 Kur u nise, miku im, me t\u00eb qeshur\u00ebn e dlir\u00eb, porosi m\u00eb le kujtim: P\u00ebr nj\u00eb rrug\u00eb sa m\u00eb t\u00eb mir\u00eb\u2026 N\u00eb k\u00ebt\u00eb rrug\u00eb q\u00eb keni nisur, [&hellip;]<\/p>\n","protected":false},"author":1,"featured_media":0,"comment_status":"open","ping_status":"closed","sticky":false,"template":"","format":"standard","meta":{"footnotes":""},"categories":[7,9],"tags":[],"class_list":{"0":"post-5139","1":"post","2":"type-post","3":"status-publish","4":"format-standard","6":"category-letersi","7":"category-poezi"},"yoast_head":"<!-- This site is optimized with the Yoast SEO plugin v27.4 - https:\/\/yoast.com\/product\/yoast-seo-wordpress\/ -->\n<title>Poezi nga Vaso Papaj - FjALA e LIR\u00cb - Arkivi<\/title>\n<meta name=\"robots\" content=\"index, follow, max-snippet:-1, max-image-preview:large, max-video-preview:-1\" \/>\n<link rel=\"canonical\" href=\"https:\/\/fjala.info\/2009-2015\/poezi-nga-vaso-papaj\/\" \/>\n<meta property=\"og:locale\" content=\"sq_AL\" \/>\n<meta property=\"og:type\" content=\"article\" \/>\n<meta property=\"og:title\" content=\"Poezi nga Vaso Papaj - FjALA e LIR\u00cb - Arkivi\" \/>\n<meta property=\"og:description\" content=\"Mikut q\u00eb e deshi vendin tim* Mik i dashur s\u2019di ku je. Si u ndam\u00eb mir\u00eb e kujtoj. Q\u00eb at\u00ebhere m\u00eb s\u2019u pe. Un\u00eb vazhdoj t\u00eb t\u00eb k\u00ebrkoj\u2026 Kur u nise, miku im, me t\u00eb qeshur\u00ebn e dlir\u00eb, porosi m\u00eb le kujtim: P\u00ebr nj\u00eb rrug\u00eb sa m\u00eb t\u00eb mir\u00eb\u2026 N\u00eb k\u00ebt\u00eb rrug\u00eb q\u00eb keni nisur, [&hellip;]\" \/>\n<meta property=\"og:url\" content=\"https:\/\/fjala.info\/2009-2015\/poezi-nga-vaso-papaj\/\" \/>\n<meta property=\"og:site_name\" content=\"FjALA e LIR\u00cb - Arkivi\" \/>\n<meta property=\"article:published_time\" content=\"2010-12-08T07:43:10+00:00\" \/>\n<meta name=\"author\" content=\"admin\" \/>\n<meta name=\"twitter:card\" content=\"summary_large_image\" \/>\n<meta name=\"twitter:label1\" content=\"Written by\" \/>\n\t<meta name=\"twitter:data1\" content=\"admin\" \/>\n\t<meta name=\"twitter:label2\" content=\"Est. reading time\" \/>\n\t<meta name=\"twitter:data2\" content=\"2 minutes\" \/>\n<script type=\"application\/ld+json\" class=\"yoast-schema-graph\">{\"@context\":\"https:\\\/\\\/schema.org\",\"@graph\":[{\"@type\":\"Article\",\"@id\":\"https:\\\/\\\/fjala.info\\\/2009-2015\\\/poezi-nga-vaso-papaj\\\/#article\",\"isPartOf\":{\"@id\":\"https:\\\/\\\/fjala.info\\\/2009-2015\\\/poezi-nga-vaso-papaj\\\/\"},\"author\":{\"name\":\"admin\",\"@id\":\"https:\\\/\\\/fjala.info\\\/2009-2015\\\/#\\\/schema\\\/person\\\/3aa1163ef05469c496fc94e77611ada2\"},\"headline\":\"Poezi nga Vaso Papaj\",\"datePublished\":\"2010-12-08T07:43:10+00:00\",\"mainEntityOfPage\":{\"@id\":\"https:\\\/\\\/fjala.info\\\/2009-2015\\\/poezi-nga-vaso-papaj\\\/\"},\"wordCount\":498,\"commentCount\":0,\"publisher\":{\"@id\":\"https:\\\/\\\/fjala.info\\\/2009-2015\\\/#organization\"},\"articleSection\":[\"Let\u00ebrsi\",\"Poezi\"],\"inLanguage\":\"sq-AL\",\"potentialAction\":[{\"@type\":\"CommentAction\",\"name\":\"Comment\",\"target\":[\"https:\\\/\\\/fjala.info\\\/2009-2015\\\/poezi-nga-vaso-papaj\\\/#respond\"]}]},{\"@type\":\"WebPage\",\"@id\":\"https:\\\/\\\/fjala.info\\\/2009-2015\\\/poezi-nga-vaso-papaj\\\/\",\"url\":\"https:\\\/\\\/fjala.info\\\/2009-2015\\\/poezi-nga-vaso-papaj\\\/\",\"name\":\"Poezi nga Vaso Papaj - FjALA e LIR\u00cb - Arkivi\",\"isPartOf\":{\"@id\":\"https:\\\/\\\/fjala.info\\\/2009-2015\\\/#website\"},\"datePublished\":\"2010-12-08T07:43:10+00:00\",\"breadcrumb\":{\"@id\":\"https:\\\/\\\/fjala.info\\\/2009-2015\\\/poezi-nga-vaso-papaj\\\/#breadcrumb\"},\"inLanguage\":\"sq-AL\",\"potentialAction\":[{\"@type\":\"ReadAction\",\"target\":[\"https:\\\/\\\/fjala.info\\\/2009-2015\\\/poezi-nga-vaso-papaj\\\/\"]}]},{\"@type\":\"BreadcrumbList\",\"@id\":\"https:\\\/\\\/fjala.info\\\/2009-2015\\\/poezi-nga-vaso-papaj\\\/#breadcrumb\",\"itemListElement\":[{\"@type\":\"ListItem\",\"position\":1,\"name\":\"Home\",\"item\":\"https:\\\/\\\/fjala.info\\\/2009-2015\\\/\"},{\"@type\":\"ListItem\",\"position\":2,\"name\":\"Poezi nga Vaso Papaj\"}]},{\"@type\":\"WebSite\",\"@id\":\"https:\\\/\\\/fjala.info\\\/2009-2015\\\/#website\",\"url\":\"https:\\\/\\\/fjala.info\\\/2009-2015\\\/\",\"name\":\"FjALA e LIR\u00cb - Arkivi\",\"description\":\"Arkivi 2009-2015\",\"publisher\":{\"@id\":\"https:\\\/\\\/fjala.info\\\/2009-2015\\\/#organization\"},\"potentialAction\":[{\"@type\":\"SearchAction\",\"target\":{\"@type\":\"EntryPoint\",\"urlTemplate\":\"https:\\\/\\\/fjala.info\\\/2009-2015\\\/?s={search_term_string}\"},\"query-input\":{\"@type\":\"PropertyValueSpecification\",\"valueRequired\":true,\"valueName\":\"search_term_string\"}}],\"inLanguage\":\"sq-AL\"},{\"@type\":\"Organization\",\"@id\":\"https:\\\/\\\/fjala.info\\\/2009-2015\\\/#organization\",\"name\":\"FjALA e LIR\u00cb - Arkivi\",\"url\":\"https:\\\/\\\/fjala.info\\\/2009-2015\\\/\",\"logo\":{\"@type\":\"ImageObject\",\"inLanguage\":\"sq-AL\",\"@id\":\"https:\\\/\\\/fjala.info\\\/2009-2015\\\/#\\\/schema\\\/logo\\\/image\\\/\",\"url\":\"\",\"contentUrl\":\"\",\"caption\":\"FjALA e LIR\u00cb - Arkivi\"},\"image\":{\"@id\":\"https:\\\/\\\/fjala.info\\\/2009-2015\\\/#\\\/schema\\\/logo\\\/image\\\/\"}},{\"@type\":\"Person\",\"@id\":\"https:\\\/\\\/fjala.info\\\/2009-2015\\\/#\\\/schema\\\/person\\\/3aa1163ef05469c496fc94e77611ada2\",\"name\":\"admin\",\"image\":{\"@type\":\"ImageObject\",\"inLanguage\":\"sq-AL\",\"@id\":\"https:\\\/\\\/fjala.info\\\/2009-2015\\\/wp-content\\\/uploads\\\/2012\\\/02\\\/arben_cokaj-120x150.jpg\",\"url\":\"https:\\\/\\\/fjala.info\\\/2009-2015\\\/wp-content\\\/uploads\\\/2012\\\/02\\\/arben_cokaj-120x150.jpg\",\"contentUrl\":\"https:\\\/\\\/fjala.info\\\/2009-2015\\\/wp-content\\\/uploads\\\/2012\\\/02\\\/arben_cokaj-120x150.jpg\",\"caption\":\"admin\"},\"description\":\"Admin, Fjala e Lir\u00eb\",\"sameAs\":[\"https:\\\/\\\/fjala.info\\\/\"],\"url\":\"https:\\\/\\\/fjala.info\\\/2009-2015\\\/author\\\/admin\\\/\"}]}<\/script>\n<!-- \/ Yoast SEO plugin. -->","yoast_head_json":{"title":"Poezi nga Vaso Papaj - FjALA e LIR\u00cb - Arkivi","robots":{"index":"index","follow":"follow","max-snippet":"max-snippet:-1","max-image-preview":"max-image-preview:large","max-video-preview":"max-video-preview:-1"},"canonical":"https:\/\/fjala.info\/2009-2015\/poezi-nga-vaso-papaj\/","og_locale":"sq_AL","og_type":"article","og_title":"Poezi nga Vaso Papaj - FjALA e LIR\u00cb - Arkivi","og_description":"Mikut q\u00eb e deshi vendin tim* Mik i dashur s\u2019di ku je. Si u ndam\u00eb mir\u00eb e kujtoj. Q\u00eb at\u00ebhere m\u00eb s\u2019u pe. Un\u00eb vazhdoj t\u00eb t\u00eb k\u00ebrkoj\u2026 Kur u nise, miku im, me t\u00eb qeshur\u00ebn e dlir\u00eb, porosi m\u00eb le kujtim: P\u00ebr nj\u00eb rrug\u00eb sa m\u00eb t\u00eb mir\u00eb\u2026 N\u00eb k\u00ebt\u00eb rrug\u00eb q\u00eb keni nisur, [&hellip;]","og_url":"https:\/\/fjala.info\/2009-2015\/poezi-nga-vaso-papaj\/","og_site_name":"FjALA e LIR\u00cb - Arkivi","article_published_time":"2010-12-08T07:43:10+00:00","author":"admin","twitter_card":"summary_large_image","twitter_misc":{"Written by":"admin","Est. reading time":"2 minutes"},"schema":{"@context":"https:\/\/schema.org","@graph":[{"@type":"Article","@id":"https:\/\/fjala.info\/2009-2015\/poezi-nga-vaso-papaj\/#article","isPartOf":{"@id":"https:\/\/fjala.info\/2009-2015\/poezi-nga-vaso-papaj\/"},"author":{"name":"admin","@id":"https:\/\/fjala.info\/2009-2015\/#\/schema\/person\/3aa1163ef05469c496fc94e77611ada2"},"headline":"Poezi nga Vaso Papaj","datePublished":"2010-12-08T07:43:10+00:00","mainEntityOfPage":{"@id":"https:\/\/fjala.info\/2009-2015\/poezi-nga-vaso-papaj\/"},"wordCount":498,"commentCount":0,"publisher":{"@id":"https:\/\/fjala.info\/2009-2015\/#organization"},"articleSection":["Let\u00ebrsi","Poezi"],"inLanguage":"sq-AL","potentialAction":[{"@type":"CommentAction","name":"Comment","target":["https:\/\/fjala.info\/2009-2015\/poezi-nga-vaso-papaj\/#respond"]}]},{"@type":"WebPage","@id":"https:\/\/fjala.info\/2009-2015\/poezi-nga-vaso-papaj\/","url":"https:\/\/fjala.info\/2009-2015\/poezi-nga-vaso-papaj\/","name":"Poezi nga Vaso Papaj - FjALA e LIR\u00cb - Arkivi","isPartOf":{"@id":"https:\/\/fjala.info\/2009-2015\/#website"},"datePublished":"2010-12-08T07:43:10+00:00","breadcrumb":{"@id":"https:\/\/fjala.info\/2009-2015\/poezi-nga-vaso-papaj\/#breadcrumb"},"inLanguage":"sq-AL","potentialAction":[{"@type":"ReadAction","target":["https:\/\/fjala.info\/2009-2015\/poezi-nga-vaso-papaj\/"]}]},{"@type":"BreadcrumbList","@id":"https:\/\/fjala.info\/2009-2015\/poezi-nga-vaso-papaj\/#breadcrumb","itemListElement":[{"@type":"ListItem","position":1,"name":"Home","item":"https:\/\/fjala.info\/2009-2015\/"},{"@type":"ListItem","position":2,"name":"Poezi nga Vaso Papaj"}]},{"@type":"WebSite","@id":"https:\/\/fjala.info\/2009-2015\/#website","url":"https:\/\/fjala.info\/2009-2015\/","name":"FjALA e LIR\u00cb - Arkivi","description":"Arkivi 2009-2015","publisher":{"@id":"https:\/\/fjala.info\/2009-2015\/#organization"},"potentialAction":[{"@type":"SearchAction","target":{"@type":"EntryPoint","urlTemplate":"https:\/\/fjala.info\/2009-2015\/?s={search_term_string}"},"query-input":{"@type":"PropertyValueSpecification","valueRequired":true,"valueName":"search_term_string"}}],"inLanguage":"sq-AL"},{"@type":"Organization","@id":"https:\/\/fjala.info\/2009-2015\/#organization","name":"FjALA e LIR\u00cb - Arkivi","url":"https:\/\/fjala.info\/2009-2015\/","logo":{"@type":"ImageObject","inLanguage":"sq-AL","@id":"https:\/\/fjala.info\/2009-2015\/#\/schema\/logo\/image\/","url":"","contentUrl":"","caption":"FjALA e LIR\u00cb - Arkivi"},"image":{"@id":"https:\/\/fjala.info\/2009-2015\/#\/schema\/logo\/image\/"}},{"@type":"Person","@id":"https:\/\/fjala.info\/2009-2015\/#\/schema\/person\/3aa1163ef05469c496fc94e77611ada2","name":"admin","image":{"@type":"ImageObject","inLanguage":"sq-AL","@id":"https:\/\/fjala.info\/2009-2015\/wp-content\/uploads\/2012\/02\/arben_cokaj-120x150.jpg","url":"https:\/\/fjala.info\/2009-2015\/wp-content\/uploads\/2012\/02\/arben_cokaj-120x150.jpg","contentUrl":"https:\/\/fjala.info\/2009-2015\/wp-content\/uploads\/2012\/02\/arben_cokaj-120x150.jpg","caption":"admin"},"description":"Admin, Fjala e Lir\u00eb","sameAs":["https:\/\/fjala.info\/"],"url":"https:\/\/fjala.info\/2009-2015\/author\/admin\/"}]}},"_links":{"self":[{"href":"https:\/\/fjala.info\/2009-2015\/wp-json\/wp\/v2\/posts\/5139","targetHints":{"allow":["GET"]}}],"collection":[{"href":"https:\/\/fjala.info\/2009-2015\/wp-json\/wp\/v2\/posts"}],"about":[{"href":"https:\/\/fjala.info\/2009-2015\/wp-json\/wp\/v2\/types\/post"}],"author":[{"embeddable":true,"href":"https:\/\/fjala.info\/2009-2015\/wp-json\/wp\/v2\/users\/1"}],"replies":[{"embeddable":true,"href":"https:\/\/fjala.info\/2009-2015\/wp-json\/wp\/v2\/comments?post=5139"}],"version-history":[{"count":0,"href":"https:\/\/fjala.info\/2009-2015\/wp-json\/wp\/v2\/posts\/5139\/revisions"}],"wp:attachment":[{"href":"https:\/\/fjala.info\/2009-2015\/wp-json\/wp\/v2\/media?parent=5139"}],"wp:term":[{"taxonomy":"category","embeddable":true,"href":"https:\/\/fjala.info\/2009-2015\/wp-json\/wp\/v2\/categories?post=5139"},{"taxonomy":"post_tag","embeddable":true,"href":"https:\/\/fjala.info\/2009-2015\/wp-json\/wp\/v2\/tags?post=5139"}],"curies":[{"name":"wp","href":"https:\/\/api.w.org\/{rel}","templated":true}]}}