{"id":5137,"date":"2010-12-07T23:55:26","date_gmt":"2010-12-07T22:55:26","guid":{"rendered":"http:\/\/fjala.shkoder.net\/?p=5137"},"modified":"2010-12-07T23:55:26","modified_gmt":"2010-12-07T22:55:26","slug":"frika-e-ringjallur-me-8-dhjetor-2010","status":"publish","type":"post","link":"https:\/\/fjala.info\/2009-2015\/frika-e-ringjallur-me-8-dhjetor-2010\/","title":{"rendered":"Frika e ringjallur m\u00eb 8 Dhjetor 2010!"},"content":{"rendered":"<p><img loading=\"lazy\" decoding=\"async\" class=\"alignright size-full wp-image-4090\" title=\"Mero Baze\" src=\"http:\/\/fjala.shkoder.net\/wp-content\/uploads\/2010\/10\/mero_baze1.jpg\" alt=\"\" width=\"149\" height=\"200\" \/><br \/>\nNga <strong>Mero Baze<\/strong><\/p>\n<p>Dje n\u00eb mbr\u00ebmje kryeministri i par\u00eb i Shqip\u00ebris\u00eb pas-komuniste, Aleksand\u00ebr Meksi, promovoi nj\u00eb lib\u00ebr, n\u00eb t\u00eb cil\u00ebn ka p\u00ebrmbledhur dokumente t\u00eb L\u00ebvizjes s\u00eb Dhjetorit, lindjes dhe funksionimit t\u00eb Partis\u00eb Demokratike si dhe fakte q\u00eb kan\u00eb t\u00eb b\u00ebjn\u00eb me ndryshimin e sistemit n\u00eb Shqip\u00ebri. N\u00eb ceremonin\u00eb e organizuar n\u00eb Universitetin Evropian t\u00eb Tiran\u00ebs, ishin qindra protagonist\u00eb t\u00eb L\u00ebvizjes s\u00eb Dhjetorit.<\/p>\n<p>Kishte ish-ministra t\u00eb qeveris\u00eb s\u00eb Partis\u00eb Demokratike, ish-deputet\u00eb t\u00eb saj, ish-zyrtar\u00eb t\u00eb saj, njer\u00ebz t\u00eb thjesht\u00eb q\u00eb kontribuuan n\u00eb Dhjetor, por q\u00eb nuk u mor\u00ebn m\u00eb me politik\u00eb, dhe student\u00eb t\u00eb UET. Por, megjith\u00ebse t\u00eb gjith\u00eb ndjeheshin mir\u00eb me nj\u00ebri- tjetrin, ajo q\u00eb binte n\u00eb sy ishte se nuk kishte asnj\u00eb njeri nga shumica zyrtare q\u00eb sot do t\u00eb shtiret sikur feston 8 Dhjetorin, dit\u00ebn e vrasjes s\u00eb frik\u00ebs mbi diktatur\u00ebn.<\/p>\n<p>Un\u00eb e kuptoj q\u00eb Sali Berisha ka aq mllefe dhe kapadaill\u00ebk primitiv n\u00eb kok\u00ebn e tij sa t\u00eb mos shkoj\u00eb n\u00eb krah t\u00eb ish-kryeministrit t\u00eb tij dhe njer\u00ebzve m\u00eb t\u00eb cil\u00ebt ka nisur rrug\u00ebtim jo-komunist n\u00eb politik\u00eb. Kuptoj dhe nj\u00eb tuf\u00eb njer\u00ebzish q\u00eb s\u2019kan\u00eb asnj\u00eb lidhje as me Dhjetorin dhe as me PD, q\u00eb jan\u00eb n\u00eb at\u00eb parti rast\u00ebsisht p\u00ebr t\u00eb b\u00ebr\u00eb ndonj\u00eb lek. Por nuk kuptoj \u00e7far\u00eb i pengon t\u00eb shkojn\u00eb n\u00eb nj\u00eb ceremoni t\u00eb thjesht\u00eb njer\u00ebzore shum\u00eb njer\u00ebz t\u00eb pushtetit t\u00eb sot\u00ebm q\u00eb ishin protagonist\u00eb t\u00eb L\u00ebvizjes s\u00eb Dhjetorit dhe jan\u00eb sot pjes\u00eb e pushtetit.<\/p>\n<p>\u00c7\u2019e pengon p\u00ebr shembull Arben Imamin, Neritan Cek\u00ebn, Arben Demetin, Astrit Patozin, Genc Rulin&#8230; Natyrisht frika nga Berisha dhe shijet e tij p\u00ebr 8 Dhjetorin. Dhe kur tremben k\u00ebta q\u00eb kan\u00eb nj\u00eb status politik n\u00eb PD, \u00e7\u2019pret p\u00ebr z\u00ebvend\u00ebsministra apo drejtor\u00eb t\u00eb thjesht\u00eb t\u00eb k\u00ebsaj administrate, q\u00eb e konsiderojn\u00eb nj\u00eb takim t\u00eb till\u00eb, qoft\u00eb dhe kulturor, si vep\u00ebr \u201canti-parti\u201d.<\/p>\n<p>Por problemi \u00ebsht\u00eb p\u00ebrtej k\u00ebtij protokolli t\u00eb tredhur nga frika e pushtetit t\u00eb ri. Problemi \u00ebsht\u00eb se 20 vjet pas r\u00ebnies s\u00eb komunizmit, <strong>Berisha ka arritur t\u00eb krijoj\u00eb nj\u00eb kultur\u00eb komuniste t\u00eb re<\/strong> dhe n\u00eb raportet njer\u00ebzore mes shqiptar\u00ebve. Sot nj\u00eb protagonist i L\u00ebvizjes s\u00eb Dhjetorit, q\u00eb nuk \u00ebsht\u00eb pjes\u00eb e pushtetit, apo q\u00eb nuk \u00ebsht\u00eb dakord me Berish\u00ebn, urrehet nga ajo parti m\u00eb shum\u00eb se nj\u00eb an\u00ebtar i Partis\u00eb s\u00eb Pun\u00ebs s\u00eb asaj kohe, q\u00eb tani mund t\u00eb jet\u00eb me PS, PD apo LSI.<\/p>\n<p>Kultura e ndarjes klasore, q\u00eb Berisha ka kultivuar dhe tashm\u00eb po funksionon vet\u00eb n\u00eb k\u00ebt\u00eb vend, \u00ebsht\u00eb bilanci m\u00eb tragjik i 8 Dhjetorit 1990 n\u00eb vitin 2010. 20 vjet m\u00eb pas shqiptar\u00ebt ndjehen t\u00eb ndar\u00eb n\u00eb njer\u00ebz t\u00eb lir\u00eb dhe njer\u00ebz t\u00eb frustruar. N\u00eb ndryshim nga komunizmi, njer\u00ebzit e lir\u00eb 20 vjet pas 8 Dhjetorit jan\u00eb njer\u00ebzit q\u00eb nuk jan\u00eb n\u00eb pushtet, dhe t\u00eb frustruar ata q\u00eb jan\u00eb n\u00eb karriget e pushtetit.<\/p>\n<p>Salla e djeshme n\u00eb UET, ku ish-kryeministri i par\u00eb i qeveris\u00eb s\u00eb Partis\u00eb Demokratike festonte me miq dhe protagonist\u00eb t\u00eb L\u00ebvizjes s\u00eb Dhjetorit, pa thuajse asnj\u00eb element q\u00eb p\u00ebrfaq\u00ebsonte pushtetin, \u00ebsht\u00eb tregues i qart\u00eb i cil\u00ebsis\u00eb s\u00eb liris\u00eb q\u00eb kemi prodhuar p\u00ebr k\u00ebto 20 vite. Duke riprodhuar tiparet e shtetit klasor, n\u00eb raport me biznesin, n\u00eb raport me intelektual\u00ebt, n\u00eb raport me median dhe sidomos n\u00eb raport me q\u00ebndrimin, q\u00eb shoq\u00ebria mban ndaj pushtetit t\u00eb tij.<\/p>\n<p>Sali Berisha i ka b\u00ebr\u00eb nj\u00eb atentat t\u00eb r\u00ebnd\u00eb 8 Dhjetorit t\u00eb vitit 1990. Ai e ka varrosur at\u00eb n\u00eb rr\u00ebnojat e frik\u00ebs s\u00eb njer\u00ebzve t\u00eb pushtetit p\u00ebr t\u00eb komunikuar me miqt\u00eb e tyre, me bashk\u00ebkoh\u00ebsit e tyre, me njer\u00ebzit e lir\u00eb me t\u00eb cil\u00ebt nuk i ndan asgj\u00eb, p\u00ebrve\u00e7 nj\u00eb emri: Sali Berish\u00ebs.<\/p>\n","protected":false},"excerpt":{"rendered":"<p>Nga Mero Baze Dje n\u00eb mbr\u00ebmje kryeministri i par\u00eb i Shqip\u00ebris\u00eb pas-komuniste, Aleksand\u00ebr Meksi, promovoi nj\u00eb lib\u00ebr, n\u00eb t\u00eb cil\u00ebn ka p\u00ebrmbledhur dokumente t\u00eb L\u00ebvizjes s\u00eb Dhjetorit, lindjes dhe funksionimit t\u00eb Partis\u00eb Demokratike si dhe fakte q\u00eb kan\u00eb t\u00eb b\u00ebjn\u00eb me ndryshimin e sistemit n\u00eb Shqip\u00ebri. N\u00eb ceremonin\u00eb e organizuar n\u00eb Universitetin Evropian t\u00eb Tiran\u00ebs, [&hellip;]<\/p>\n","protected":false},"author":1,"featured_media":0,"comment_status":"open","ping_status":"closed","sticky":false,"template":"","format":"standard","meta":{"footnotes":""},"categories":[2],"tags":[],"class_list":{"0":"post-5137","1":"post","2":"type-post","3":"status-publish","4":"format-standard","6":"category-artikuj"},"yoast_head":"<!-- This site is optimized with the Yoast SEO plugin v27.4 - https:\/\/yoast.com\/product\/yoast-seo-wordpress\/ -->\n<title>Frika e ringjallur m\u00eb 8 Dhjetor 2010! - FjALA e LIR\u00cb - Arkivi<\/title>\n<meta name=\"robots\" content=\"index, follow, max-snippet:-1, max-image-preview:large, max-video-preview:-1\" \/>\n<link rel=\"canonical\" href=\"https:\/\/fjala.info\/2009-2015\/frika-e-ringjallur-me-8-dhjetor-2010\/\" \/>\n<meta property=\"og:locale\" content=\"sq_AL\" \/>\n<meta property=\"og:type\" content=\"article\" \/>\n<meta property=\"og:title\" content=\"Frika e ringjallur m\u00eb 8 Dhjetor 2010! - FjALA e LIR\u00cb - Arkivi\" \/>\n<meta property=\"og:description\" content=\"Nga Mero Baze Dje n\u00eb mbr\u00ebmje kryeministri i par\u00eb i Shqip\u00ebris\u00eb pas-komuniste, Aleksand\u00ebr Meksi, promovoi nj\u00eb lib\u00ebr, n\u00eb t\u00eb cil\u00ebn ka p\u00ebrmbledhur dokumente t\u00eb L\u00ebvizjes s\u00eb Dhjetorit, lindjes dhe funksionimit t\u00eb Partis\u00eb Demokratike si dhe fakte q\u00eb kan\u00eb t\u00eb b\u00ebjn\u00eb me ndryshimin e sistemit n\u00eb Shqip\u00ebri. N\u00eb ceremonin\u00eb e organizuar n\u00eb Universitetin Evropian t\u00eb Tiran\u00ebs, [&hellip;]\" \/>\n<meta property=\"og:url\" content=\"https:\/\/fjala.info\/2009-2015\/frika-e-ringjallur-me-8-dhjetor-2010\/\" \/>\n<meta property=\"og:site_name\" content=\"FjALA e LIR\u00cb - Arkivi\" \/>\n<meta property=\"article:published_time\" content=\"2010-12-07T22:55:26+00:00\" \/>\n<meta property=\"og:image\" content=\"http:\/\/fjala.shkoder.net\/wp-content\/uploads\/2010\/10\/mero_baze1.jpg\" \/>\n<meta name=\"author\" content=\"admin\" \/>\n<meta name=\"twitter:card\" content=\"summary_large_image\" \/>\n<meta name=\"twitter:label1\" content=\"Written by\" \/>\n\t<meta name=\"twitter:data1\" content=\"admin\" \/>\n\t<meta name=\"twitter:label2\" content=\"Est. reading time\" \/>\n\t<meta name=\"twitter:data2\" content=\"3 minutes\" \/>\n<script type=\"application\/ld+json\" class=\"yoast-schema-graph\">{\"@context\":\"https:\\\/\\\/schema.org\",\"@graph\":[{\"@type\":\"Article\",\"@id\":\"https:\\\/\\\/fjala.info\\\/2009-2015\\\/frika-e-ringjallur-me-8-dhjetor-2010\\\/#article\",\"isPartOf\":{\"@id\":\"https:\\\/\\\/fjala.info\\\/2009-2015\\\/frika-e-ringjallur-me-8-dhjetor-2010\\\/\"},\"author\":{\"name\":\"admin\",\"@id\":\"https:\\\/\\\/fjala.info\\\/2009-2015\\\/#\\\/schema\\\/person\\\/3aa1163ef05469c496fc94e77611ada2\"},\"headline\":\"Frika e ringjallur m\u00eb 8 Dhjetor 2010!\",\"datePublished\":\"2010-12-07T22:55:26+00:00\",\"mainEntityOfPage\":{\"@id\":\"https:\\\/\\\/fjala.info\\\/2009-2015\\\/frika-e-ringjallur-me-8-dhjetor-2010\\\/\"},\"wordCount\":646,\"commentCount\":0,\"publisher\":{\"@id\":\"https:\\\/\\\/fjala.info\\\/2009-2015\\\/#organization\"},\"image\":{\"@id\":\"https:\\\/\\\/fjala.info\\\/2009-2015\\\/frika-e-ringjallur-me-8-dhjetor-2010\\\/#primaryimage\"},\"thumbnailUrl\":\"http:\\\/\\\/fjala.shkoder.net\\\/wp-content\\\/uploads\\\/2010\\\/10\\\/mero_baze1.jpg\",\"articleSection\":[\"Artikuj\"],\"inLanguage\":\"sq-AL\",\"potentialAction\":[{\"@type\":\"CommentAction\",\"name\":\"Comment\",\"target\":[\"https:\\\/\\\/fjala.info\\\/2009-2015\\\/frika-e-ringjallur-me-8-dhjetor-2010\\\/#respond\"]}]},{\"@type\":\"WebPage\",\"@id\":\"https:\\\/\\\/fjala.info\\\/2009-2015\\\/frika-e-ringjallur-me-8-dhjetor-2010\\\/\",\"url\":\"https:\\\/\\\/fjala.info\\\/2009-2015\\\/frika-e-ringjallur-me-8-dhjetor-2010\\\/\",\"name\":\"Frika e ringjallur m\u00eb 8 Dhjetor 2010! - FjALA e LIR\u00cb - Arkivi\",\"isPartOf\":{\"@id\":\"https:\\\/\\\/fjala.info\\\/2009-2015\\\/#website\"},\"primaryImageOfPage\":{\"@id\":\"https:\\\/\\\/fjala.info\\\/2009-2015\\\/frika-e-ringjallur-me-8-dhjetor-2010\\\/#primaryimage\"},\"image\":{\"@id\":\"https:\\\/\\\/fjala.info\\\/2009-2015\\\/frika-e-ringjallur-me-8-dhjetor-2010\\\/#primaryimage\"},\"thumbnailUrl\":\"http:\\\/\\\/fjala.shkoder.net\\\/wp-content\\\/uploads\\\/2010\\\/10\\\/mero_baze1.jpg\",\"datePublished\":\"2010-12-07T22:55:26+00:00\",\"breadcrumb\":{\"@id\":\"https:\\\/\\\/fjala.info\\\/2009-2015\\\/frika-e-ringjallur-me-8-dhjetor-2010\\\/#breadcrumb\"},\"inLanguage\":\"sq-AL\",\"potentialAction\":[{\"@type\":\"ReadAction\",\"target\":[\"https:\\\/\\\/fjala.info\\\/2009-2015\\\/frika-e-ringjallur-me-8-dhjetor-2010\\\/\"]}]},{\"@type\":\"ImageObject\",\"inLanguage\":\"sq-AL\",\"@id\":\"https:\\\/\\\/fjala.info\\\/2009-2015\\\/frika-e-ringjallur-me-8-dhjetor-2010\\\/#primaryimage\",\"url\":\"http:\\\/\\\/fjala.shkoder.net\\\/wp-content\\\/uploads\\\/2010\\\/10\\\/mero_baze1.jpg\",\"contentUrl\":\"http:\\\/\\\/fjala.shkoder.net\\\/wp-content\\\/uploads\\\/2010\\\/10\\\/mero_baze1.jpg\"},{\"@type\":\"BreadcrumbList\",\"@id\":\"https:\\\/\\\/fjala.info\\\/2009-2015\\\/frika-e-ringjallur-me-8-dhjetor-2010\\\/#breadcrumb\",\"itemListElement\":[{\"@type\":\"ListItem\",\"position\":1,\"name\":\"Home\",\"item\":\"https:\\\/\\\/fjala.info\\\/2009-2015\\\/\"},{\"@type\":\"ListItem\",\"position\":2,\"name\":\"Frika e ringjallur m\u00eb 8 Dhjetor 2010!\"}]},{\"@type\":\"WebSite\",\"@id\":\"https:\\\/\\\/fjala.info\\\/2009-2015\\\/#website\",\"url\":\"https:\\\/\\\/fjala.info\\\/2009-2015\\\/\",\"name\":\"FjALA e LIR\u00cb - Arkivi\",\"description\":\"Arkivi 2009-2015\",\"publisher\":{\"@id\":\"https:\\\/\\\/fjala.info\\\/2009-2015\\\/#organization\"},\"potentialAction\":[{\"@type\":\"SearchAction\",\"target\":{\"@type\":\"EntryPoint\",\"urlTemplate\":\"https:\\\/\\\/fjala.info\\\/2009-2015\\\/?s={search_term_string}\"},\"query-input\":{\"@type\":\"PropertyValueSpecification\",\"valueRequired\":true,\"valueName\":\"search_term_string\"}}],\"inLanguage\":\"sq-AL\"},{\"@type\":\"Organization\",\"@id\":\"https:\\\/\\\/fjala.info\\\/2009-2015\\\/#organization\",\"name\":\"FjALA e LIR\u00cb - Arkivi\",\"url\":\"https:\\\/\\\/fjala.info\\\/2009-2015\\\/\",\"logo\":{\"@type\":\"ImageObject\",\"inLanguage\":\"sq-AL\",\"@id\":\"https:\\\/\\\/fjala.info\\\/2009-2015\\\/#\\\/schema\\\/logo\\\/image\\\/\",\"url\":\"\",\"contentUrl\":\"\",\"caption\":\"FjALA e LIR\u00cb - Arkivi\"},\"image\":{\"@id\":\"https:\\\/\\\/fjala.info\\\/2009-2015\\\/#\\\/schema\\\/logo\\\/image\\\/\"}},{\"@type\":\"Person\",\"@id\":\"https:\\\/\\\/fjala.info\\\/2009-2015\\\/#\\\/schema\\\/person\\\/3aa1163ef05469c496fc94e77611ada2\",\"name\":\"admin\",\"image\":{\"@type\":\"ImageObject\",\"inLanguage\":\"sq-AL\",\"@id\":\"https:\\\/\\\/fjala.info\\\/2009-2015\\\/wp-content\\\/uploads\\\/2012\\\/02\\\/arben_cokaj-120x150.jpg\",\"url\":\"https:\\\/\\\/fjala.info\\\/2009-2015\\\/wp-content\\\/uploads\\\/2012\\\/02\\\/arben_cokaj-120x150.jpg\",\"contentUrl\":\"https:\\\/\\\/fjala.info\\\/2009-2015\\\/wp-content\\\/uploads\\\/2012\\\/02\\\/arben_cokaj-120x150.jpg\",\"caption\":\"admin\"},\"description\":\"Admin, Fjala e Lir\u00eb\",\"sameAs\":[\"https:\\\/\\\/fjala.info\\\/\"],\"url\":\"https:\\\/\\\/fjala.info\\\/2009-2015\\\/author\\\/admin\\\/\"}]}<\/script>\n<!-- \/ Yoast SEO plugin. -->","yoast_head_json":{"title":"Frika e ringjallur m\u00eb 8 Dhjetor 2010! - FjALA e LIR\u00cb - Arkivi","robots":{"index":"index","follow":"follow","max-snippet":"max-snippet:-1","max-image-preview":"max-image-preview:large","max-video-preview":"max-video-preview:-1"},"canonical":"https:\/\/fjala.info\/2009-2015\/frika-e-ringjallur-me-8-dhjetor-2010\/","og_locale":"sq_AL","og_type":"article","og_title":"Frika e ringjallur m\u00eb 8 Dhjetor 2010! - FjALA e LIR\u00cb - Arkivi","og_description":"Nga Mero Baze Dje n\u00eb mbr\u00ebmje kryeministri i par\u00eb i Shqip\u00ebris\u00eb pas-komuniste, Aleksand\u00ebr Meksi, promovoi nj\u00eb lib\u00ebr, n\u00eb t\u00eb cil\u00ebn ka p\u00ebrmbledhur dokumente t\u00eb L\u00ebvizjes s\u00eb Dhjetorit, lindjes dhe funksionimit t\u00eb Partis\u00eb Demokratike si dhe fakte q\u00eb kan\u00eb t\u00eb b\u00ebjn\u00eb me ndryshimin e sistemit n\u00eb Shqip\u00ebri. N\u00eb ceremonin\u00eb e organizuar n\u00eb Universitetin Evropian t\u00eb Tiran\u00ebs, [&hellip;]","og_url":"https:\/\/fjala.info\/2009-2015\/frika-e-ringjallur-me-8-dhjetor-2010\/","og_site_name":"FjALA e LIR\u00cb - Arkivi","article_published_time":"2010-12-07T22:55:26+00:00","og_image":[{"url":"http:\/\/fjala.shkoder.net\/wp-content\/uploads\/2010\/10\/mero_baze1.jpg","type":"","width":"","height":""}],"author":"admin","twitter_card":"summary_large_image","twitter_misc":{"Written by":"admin","Est. reading time":"3 minutes"},"schema":{"@context":"https:\/\/schema.org","@graph":[{"@type":"Article","@id":"https:\/\/fjala.info\/2009-2015\/frika-e-ringjallur-me-8-dhjetor-2010\/#article","isPartOf":{"@id":"https:\/\/fjala.info\/2009-2015\/frika-e-ringjallur-me-8-dhjetor-2010\/"},"author":{"name":"admin","@id":"https:\/\/fjala.info\/2009-2015\/#\/schema\/person\/3aa1163ef05469c496fc94e77611ada2"},"headline":"Frika e ringjallur m\u00eb 8 Dhjetor 2010!","datePublished":"2010-12-07T22:55:26+00:00","mainEntityOfPage":{"@id":"https:\/\/fjala.info\/2009-2015\/frika-e-ringjallur-me-8-dhjetor-2010\/"},"wordCount":646,"commentCount":0,"publisher":{"@id":"https:\/\/fjala.info\/2009-2015\/#organization"},"image":{"@id":"https:\/\/fjala.info\/2009-2015\/frika-e-ringjallur-me-8-dhjetor-2010\/#primaryimage"},"thumbnailUrl":"http:\/\/fjala.shkoder.net\/wp-content\/uploads\/2010\/10\/mero_baze1.jpg","articleSection":["Artikuj"],"inLanguage":"sq-AL","potentialAction":[{"@type":"CommentAction","name":"Comment","target":["https:\/\/fjala.info\/2009-2015\/frika-e-ringjallur-me-8-dhjetor-2010\/#respond"]}]},{"@type":"WebPage","@id":"https:\/\/fjala.info\/2009-2015\/frika-e-ringjallur-me-8-dhjetor-2010\/","url":"https:\/\/fjala.info\/2009-2015\/frika-e-ringjallur-me-8-dhjetor-2010\/","name":"Frika e ringjallur m\u00eb 8 Dhjetor 2010! - FjALA e LIR\u00cb - Arkivi","isPartOf":{"@id":"https:\/\/fjala.info\/2009-2015\/#website"},"primaryImageOfPage":{"@id":"https:\/\/fjala.info\/2009-2015\/frika-e-ringjallur-me-8-dhjetor-2010\/#primaryimage"},"image":{"@id":"https:\/\/fjala.info\/2009-2015\/frika-e-ringjallur-me-8-dhjetor-2010\/#primaryimage"},"thumbnailUrl":"http:\/\/fjala.shkoder.net\/wp-content\/uploads\/2010\/10\/mero_baze1.jpg","datePublished":"2010-12-07T22:55:26+00:00","breadcrumb":{"@id":"https:\/\/fjala.info\/2009-2015\/frika-e-ringjallur-me-8-dhjetor-2010\/#breadcrumb"},"inLanguage":"sq-AL","potentialAction":[{"@type":"ReadAction","target":["https:\/\/fjala.info\/2009-2015\/frika-e-ringjallur-me-8-dhjetor-2010\/"]}]},{"@type":"ImageObject","inLanguage":"sq-AL","@id":"https:\/\/fjala.info\/2009-2015\/frika-e-ringjallur-me-8-dhjetor-2010\/#primaryimage","url":"http:\/\/fjala.shkoder.net\/wp-content\/uploads\/2010\/10\/mero_baze1.jpg","contentUrl":"http:\/\/fjala.shkoder.net\/wp-content\/uploads\/2010\/10\/mero_baze1.jpg"},{"@type":"BreadcrumbList","@id":"https:\/\/fjala.info\/2009-2015\/frika-e-ringjallur-me-8-dhjetor-2010\/#breadcrumb","itemListElement":[{"@type":"ListItem","position":1,"name":"Home","item":"https:\/\/fjala.info\/2009-2015\/"},{"@type":"ListItem","position":2,"name":"Frika e ringjallur m\u00eb 8 Dhjetor 2010!"}]},{"@type":"WebSite","@id":"https:\/\/fjala.info\/2009-2015\/#website","url":"https:\/\/fjala.info\/2009-2015\/","name":"FjALA e LIR\u00cb - Arkivi","description":"Arkivi 2009-2015","publisher":{"@id":"https:\/\/fjala.info\/2009-2015\/#organization"},"potentialAction":[{"@type":"SearchAction","target":{"@type":"EntryPoint","urlTemplate":"https:\/\/fjala.info\/2009-2015\/?s={search_term_string}"},"query-input":{"@type":"PropertyValueSpecification","valueRequired":true,"valueName":"search_term_string"}}],"inLanguage":"sq-AL"},{"@type":"Organization","@id":"https:\/\/fjala.info\/2009-2015\/#organization","name":"FjALA e LIR\u00cb - Arkivi","url":"https:\/\/fjala.info\/2009-2015\/","logo":{"@type":"ImageObject","inLanguage":"sq-AL","@id":"https:\/\/fjala.info\/2009-2015\/#\/schema\/logo\/image\/","url":"","contentUrl":"","caption":"FjALA e LIR\u00cb - Arkivi"},"image":{"@id":"https:\/\/fjala.info\/2009-2015\/#\/schema\/logo\/image\/"}},{"@type":"Person","@id":"https:\/\/fjala.info\/2009-2015\/#\/schema\/person\/3aa1163ef05469c496fc94e77611ada2","name":"admin","image":{"@type":"ImageObject","inLanguage":"sq-AL","@id":"https:\/\/fjala.info\/2009-2015\/wp-content\/uploads\/2012\/02\/arben_cokaj-120x150.jpg","url":"https:\/\/fjala.info\/2009-2015\/wp-content\/uploads\/2012\/02\/arben_cokaj-120x150.jpg","contentUrl":"https:\/\/fjala.info\/2009-2015\/wp-content\/uploads\/2012\/02\/arben_cokaj-120x150.jpg","caption":"admin"},"description":"Admin, Fjala e Lir\u00eb","sameAs":["https:\/\/fjala.info\/"],"url":"https:\/\/fjala.info\/2009-2015\/author\/admin\/"}]}},"_links":{"self":[{"href":"https:\/\/fjala.info\/2009-2015\/wp-json\/wp\/v2\/posts\/5137","targetHints":{"allow":["GET"]}}],"collection":[{"href":"https:\/\/fjala.info\/2009-2015\/wp-json\/wp\/v2\/posts"}],"about":[{"href":"https:\/\/fjala.info\/2009-2015\/wp-json\/wp\/v2\/types\/post"}],"author":[{"embeddable":true,"href":"https:\/\/fjala.info\/2009-2015\/wp-json\/wp\/v2\/users\/1"}],"replies":[{"embeddable":true,"href":"https:\/\/fjala.info\/2009-2015\/wp-json\/wp\/v2\/comments?post=5137"}],"version-history":[{"count":0,"href":"https:\/\/fjala.info\/2009-2015\/wp-json\/wp\/v2\/posts\/5137\/revisions"}],"wp:attachment":[{"href":"https:\/\/fjala.info\/2009-2015\/wp-json\/wp\/v2\/media?parent=5137"}],"wp:term":[{"taxonomy":"category","embeddable":true,"href":"https:\/\/fjala.info\/2009-2015\/wp-json\/wp\/v2\/categories?post=5137"},{"taxonomy":"post_tag","embeddable":true,"href":"https:\/\/fjala.info\/2009-2015\/wp-json\/wp\/v2\/tags?post=5137"}],"curies":[{"name":"wp","href":"https:\/\/api.w.org\/{rel}","templated":true}]}}