{"id":5133,"date":"2010-12-07T22:47:52","date_gmt":"2010-12-07T21:47:52","guid":{"rendered":"http:\/\/fjala.shkoder.net\/?p=5133"},"modified":"2010-12-07T22:47:52","modified_gmt":"2010-12-07T21:47:52","slug":"misioni-i-pambaruar-i-8-dhjetorit","status":"publish","type":"post","link":"https:\/\/fjala.info\/2009-2015\/misioni-i-pambaruar-i-8-dhjetorit\/","title":{"rendered":"Misioni i pambaruar i 8 Dhjetorit!"},"content":{"rendered":"<p>Nga <strong>Aleksand\u00ebr Meksi<\/strong><\/p>\n<p>Jemi mbledhur p\u00ebr t\u2019i paraqitur publikut t\u00eb interesuar k\u00ebt\u00eb lib\u00ebr, por besoj se kjo p\u00ebr shum\u00eb prej nesh \u00ebsht\u00eb nj\u00ebherazi dhe nj\u00eb p\u00ebrkujtim i atyre pes\u00eb dit\u00ebve t\u00eb Dhjetorit dhe vazhdimit t\u00eb tyre, kur s\u00eb pari student\u00ebt, t\u00eb mb\u00ebshtetur m\u00eb von\u00eb dhe nga qytetar\u00ebt e Tiran\u00ebs, sfiduan regjimin pa frik\u00eb dhe pa ju n\u00ebnshtruar dredhive e dhun\u00ebs, duke e mposhtur dhe arritur nj\u00eb fitore t\u00eb madhe pluralizmin politik dhe partin\u00eb e par\u00eb antikomuniste Partin\u00eb Demokratike. Pik\u00ebrisht protagonist\u00ebve t\u00eb atyre dit\u00ebve q\u00eb ndryshuan historin\u00eb ju kushtohet ky lib\u00ebr. <\/p>\n<p>P\u00ebr vet\u00eb natyr\u00ebn e tij libri paraqet dokumente dhe materiale q\u00eb lidhen me l\u00ebvizjen studentore dhe krijimin e Partis\u00eb Demokratike, me reagimin e pushtetit diktatorial komunist p\u00ebr t\u00eb n\u00ebnshtruar studentet dhe p\u00ebr t\u2019i devijuar protestat e tyre nga k\u00ebrkesa p\u00ebr pluraliz\u00ebm politik, q\u00eb mbarte n\u00eb vetvete rr\u00ebzimin e diktatur\u00ebs. <\/p>\n<p>Dokumentet dhe materialet q\u00eb po publikojm\u00eb japin mund\u00ebsin\u00eb t\u00eb vendosim sakt\u00ebsisht n\u00eb koh\u00eb ngjarjet, t\u00eb njohim protagonist\u00ebt e atyre dit\u00ebve historike, t\u00eb orientohemi p\u00ebr k\u00ebrkime t\u00eb m\u00ebtejshme q\u00eb lidhen me ndodhit\u00eb e asaj periudhe historike, p\u00ebr sa koh\u00eb q\u00eb jan\u00eb gjall\u00eb d\u00ebshmitar\u00ebt t\u00eb cil\u00ebt d\u00ebshirojn\u00eb t\u00eb flasin. Dhe d\u00ebshmit\u00eb apo kujtimet jan\u00eb t\u00eb besueshme kur thon\u00eb t\u00eb v\u00ebrtet\u00ebn t\u00eb gjith\u00eb t\u00eb v\u00ebrtet\u00ebn dhe vet\u00ebm t\u00eb v\u00ebrtet\u00ebn, por dhe kur gjejn\u00eb v\u00ebrtetim n\u00eb dokumentacionin autentik. Ato marrin vler\u00eb me botimin e dokumentacionit dhe duhen p\u00ebr nj\u00eb interpretim m\u00eb t\u00eb plot\u00eb t\u00eb tij. Nj\u00eb pjes\u00eb e mir\u00eb e tyre jan\u00eb t\u00eb publikuara, t\u00eb tjera jan\u00eb t\u00eb mir\u00ebpritura. Ky lib\u00ebr do t\u00eb ishte nj\u00eb ndihmes\u00eb dhe p\u00ebr to.<\/p>\n<p>Publikimi i dokumentacionit historik do t\u00eb pamund\u00ebsoj hamendjet apo dhe t\u00eb pav\u00ebrtetat. Ky ka qen\u00eb dhe synimi i yn\u00eb n\u00eb p\u00ebrgatitjen e k\u00ebtij botimi, q\u00eb mb\u00ebshtetur n\u00eb dokumente autentike, t\u2019i japi lexuesit madje dhe studiuesve t\u00eb periudh\u00ebs, nj\u00eb tablo t\u00eb asaj q\u00eb ndodhi, por jo opinionet apo kujtimet e protagonist\u00ebve, gjithashtu t\u00eb dobishme, t\u00eb dh\u00ebna n\u00eb koh\u00eb t\u00eb ndryshme shpesh dhe jo t\u00eb nj\u00ebjta. <\/p>\n<p>K\u00ebto materiale t\u00eb pakund\u00ebrshtueshme do t\u00eb ndihmojn\u00eb, do t\u00eb nxisin dhe t\u00eb kontribuojn\u00eb n\u00eb shkrimin e sakt\u00eb t\u00eb atyre dit\u00ebve t\u00eb lavdishme t\u00eb revolt\u00ebs kund\u00ebr komunizmit dhe p\u00ebr p\u00ebrmbysjen e diktatur\u00ebs, nga student\u00ebt e Universitetit t\u00eb Tiran\u00ebs dhe t\u00eb mb\u00ebshtetjes q\u00eb i dhan\u00eb qysh n\u00eb fillim k\u00ebsaj l\u00ebvizje qytetar\u00ebt e Tiran\u00ebs t\u00eb t\u00eb gjitha shtresave. <\/p>\n<p>Por po aq t\u00eb nevojshme jan\u00eb dhe materialet dokumentare si dhe kujtimet, q\u00eb lidhen me ndodhit\u00eb e periudh\u00ebs nga rr\u00ebzimi i Murit t\u00eb Berlinit dhe vrasjes s\u00eb diktatorit komunist \u00c7aushesku deri n\u00eb prag t\u00eb Dhjetorit, e n\u00eb m\u00ebnyr\u00eb t\u00eb ve\u00e7ant\u00eb ato q\u00eb kan\u00eb t\u00eb b\u00ebjn\u00eb sidomos me pseudopluralizmin ramizian dhe fars\u00ebn e shoqatave si subjekt elektoral dhe pseudo protestat p\u00ebr p\u00ebrmir\u00ebsime kushtesh dhe ato ekonomike, t\u00eb cilat student\u00ebt i refuzuan me zgjuarsi dhe pjekuri, duke i hapur rrug\u00eb pluralizmit politik. <\/p>\n<p>Gjithashtu ne mendojm\u00eb se botimet me kritere shkencore t\u00eb materialeve, kujtimet dhe studimet nuk duhet t\u00eb ndalen n\u00eb k\u00ebto kufij kohor, por t\u00eb vijn\u00eb deri n\u00eb dit\u00ebt tona q\u00eb tranzicioni t\u00eb njihet realisht me arritjet mang\u00ebsit\u00eb, mossukseset dhe aspekte t\u00eb tjera q\u00eb e karakterizojn\u00eb.<\/p>\n<p>Kjo pun\u00eb nuk do t\u00eb ishte e mundur t\u00eb realizohej pa ndihm\u00ebn dhe kontributin e mjaft miqve t\u00eb cil\u00ebt un\u00eb i fal\u00ebnderoj\u00eb nga zemra p\u00ebr pun\u00ebn dhe gatishm\u00ebrin\u00eb e tyre. Jasht\u00eb \u00e7do dyshimi do t\u00eb ishin t\u00eb mir\u00ebpritura v\u00ebrejtjet dhe sugjerimet p\u00ebr p\u00ebrmir\u00ebsimin e k\u00ebsaj pune n\u00eb nj\u00eb ribotim eventual. T\u00eb mir\u00ebpritura do t\u00eb ishin dhe m\u00eb shum\u00eb dokumente t\u00eb tjera q\u00eb pasurojn\u00eb njohjen e k\u00ebsaj periudhe. <\/p>\n<p>Sigurisht q\u00eb mir\u00ebnjohja e ime \u00ebsht\u00eb dhe p\u00ebr Universitetin Europian t\u00eb Tiran\u00ebs, shtypshkronj\u00ebn \u201cOnufri\u201d dhe personalisht Henri \u00c7ilin, p\u00ebr gatishm\u00ebrin\u00eb e shprehur dhe q\u00eb po e shohim t\u00eb konkretizuar sot, n\u00eb botimin cil\u00ebsor e t\u00eb menj\u00ebhersh\u00ebm t\u00eb librit. Me urimin gjithashtu q\u00eb t\u00eb vijohet me botime t\u00eb k\u00ebsaj gjinie dhe studime p\u00ebr tranzicionin.<\/p>\n<p>*<em>Fjala n\u00eb promovimin e librit \u201cDhjetor \u201990 &#8211; Dokumente &#038; Materiale\u201d n\u00eb UET<\/em><\/p>\n<p>&#8212;&#8212;&#8212;&#8212;&#8212;&#8212;&#8212;<\/p>\n<p><strong>Dhjetori 2010 i gjen m\u00eb t\u00eb ndar\u00eb se kurr\u00eb dhjetorist\u00ebt e \u201990<\/strong> <\/p>\n<p>Nga <strong>Blerina Gjoka<\/strong><\/p>\n<p>T\u00eb thinjur, me kostume e kollare, me fytyra plot vet\u00ebbesim, me karriera t\u00eb ndryshme por jo larg politik\u00ebs, student\u00eb e pedagog\u00eb t\u00eb dhjetorit 1990 q\u00eb u b\u00ebn\u00eb protagonist\u00eb t\u00eb ndryshimit t\u00eb historis\u00eb s\u00eb Shqip\u00ebris\u00eb u mblodh\u00ebn dje n\u00eb nj\u00eb sall\u00eb q\u00eb dhe pse e madhe dukej e vog\u00ebl n\u00ebn bisedat dhe p\u00ebrqafimet e tyre. <\/p>\n<p>Dukeshin aq shum\u00eb dje n\u00eb mbr\u00ebmje t\u00eb mbledhur p\u00ebr nj\u00eb provim libri t\u00eb themeluesit t\u00eb PD-s\u00eb dhe kryeministrit t\u00eb par\u00eb t\u00eb pluralizmit Aleksand\u00ebr Meksi. Por n\u00eb t\u00eb v\u00ebrtet\u00eb ishin pak. Shum\u00eb miq t\u00eb tyre nuk ishin aty. Dhjetorist\u00ebt q\u00eb luftuan p\u00ebr demokracin\u00eb pas 20 vitesh nuk guxuan t\u00eb ishin bashk\u00eb dhe pse jetojn\u00eb n\u00eb nj\u00eb vend q\u00eb duhet te ishte demokratik. <\/p>\n<p>Ata q\u00eb mungonin jan\u00eb ata q\u00eb jan\u00eb sot n\u00eb pushtet, q\u00eb jan\u00eb sot pran\u00eb PD-s\u00eb, partis\u00eb q\u00eb themeluan t\u00eb gjith\u00eb bashk\u00eb duke synuar p\u00ebrmbushjen e nj\u00eb misioni, vendosjes s\u00eb demokracis\u00eb dhe shembjen nj\u00eb her\u00eb e mir\u00eb jo vet\u00ebm t\u00eb sistemit komunist por dhe t\u00eb mentalitetit komunist, pjell\u00eb e atij sistemi. T\u00eb vetmit q\u00eb guxuan dhe u rikthyen s\u00ebrish aty n\u00eb mesin e atyre me t\u00eb cil\u00ebt marshuan m\u00eb 8 dhjetor 1990 nga qyteti \u201cStudenti\u201d, ishin Shaban Memia dhe Bislim Ahmetaj, q\u00eb t\u00eb dy mbajn\u00eb poste drejtor\u00ebsh n\u00eb administrat\u00ebn e sotme t\u00eb s\u00eb djatht\u00ebs. <\/p>\n<p>Prania e Gazmend Oket\u00ebs, deputet aktual i PD-s\u00eb ishte gjithashtu nj\u00eb p\u00ebrjashtim nga radh\u00ebt e deputet\u00ebve e funksionar\u00ebve aktual\u00eb t\u00eb PD-s\u00eb q\u00eb p\u00ebr t\u00eb mos krijuar m\u00ebri nuk kan\u00eb guxuar t\u00eb shkelin n\u00eb at\u00eb takim t\u00eb zhurmsh\u00ebm n\u00eb ambientet e UET-s\u00eb, ku libri i Meksit ishte vet\u00ebm nj\u00eb pretekst p\u00ebr tu par\u00eb dhe nj\u00eb her\u00eb bashk\u00eb. Oketa tashm\u00eb e ka vij\u00ebzuar profilin e tij si antikonformisti i fundit n\u00eb grupin demokrat, ku prej koh\u00ebsh \u00ebsht\u00eb i vetmi q\u00eb thot\u00eb fjal\u00ebn e tij dhe kur ajo bie ndesh me q\u00ebndrimin e kryetarit t\u00eb partis\u00eb. <\/p>\n<p>Ai dukej si delja e zez\u00eb mes dhjetorist\u00ebve dhe ish-funkisionar\u00ebve t\u00eb tjer\u00eb t\u00eb PD-s\u00eb nd\u00ebr vite, qe dje dukeshin m\u00eb shum\u00eb se kurr\u00eb, t\u00eb gjith\u00eb t\u00eb zhg\u00ebnjyer nga partia p\u00ebr t\u00eb cil\u00ebn luftuan n\u00eb at\u00eb dhjetor t\u00eb paharruesh\u00ebm, nga partia s\u00eb cil\u00ebs i mvesh\u00ebn m\u00eb shum\u00eb idealiz\u00ebm dhe misione se sa mund t\u00eb mbante si\u00e7 e tregoi koha. <\/p>\n<p>Ata shohin nuk e di n\u00ebse me hidh\u00ebrim apo jo se n\u00eb at\u00eb parti q\u00eb ata i vun\u00eb emrin pas nj\u00eb lufte t\u00eb fituar bindsh\u00ebm me pushtetin komunist q\u00eb nuk donte t\u00eb largohej leht\u00eb, si nj\u00eb bish\u00eb q\u00eb lufton deri n\u00eb frym\u00ebn e fundit, jo vet\u00ebm kan\u00eb mbetur pak nga ata me t\u00eb cil\u00ebt luftuan n\u00eb at\u00eb koh\u00eb, por ka shum\u00eb nga ata q\u00eb ishin n\u00eb an\u00ebn e kund\u00ebrt n\u00eb at\u00eb koh\u00eb. <\/p>\n<p>Mungonin shum\u00eb themelues t\u00eb asaj l\u00ebvizje dhjetori, q\u00eb nga kreu i qeveris\u00eb Sali Berisha, Arben Imami apo Arben Demeti, Besnik Mustafaj, Genc Ruli, Blendi Gonxhe. Gjithashtu mungoi nuk di p\u00ebr \u00e7far\u00eb arsye Eduard Selami q\u00eb ndodhet k\u00ebto dit\u00eb n\u00eb Tiran\u00eb dhe pse si\u00e7 than\u00eb organizator\u00ebt e takimit t\u00eb djeshme pjes\u00ebmarrja e tij ishte e pritshme. <\/p>\n<p>Por ishin Mitro \u00c7ela, Pre\u00e7 Zogaj, Reshep Uka, Merita Zaloshnja, Mimoza Feraj, e cila ashtu si Selami ka udh\u00ebtuar nga SHBA p\u00ebr t\u00eb qen\u00eb k\u00ebt\u00eb dhjetor n\u00eb Shqip\u00ebri, Afrim Krasniqi,etj. N\u00eb dit\u00ebt n\u00eb vazhdim do t\u00eb shohim pjes\u00ebn tjet\u00ebr t\u00eb medaljes, kur n\u00eb festat e paralajm\u00ebruara nga PD-ja p\u00ebr t\u00eb kujtuar themelimin e partis\u00eb dhe l\u00ebvizjen studentore, do t\u00eb shfaqen protagonist\u00ebt dhe jo-protagonist\u00ebt. <\/p>\n<p>Nuk do t\u00eb ishte \u00e7udi q\u00eb t\u00eb ishte dhe Fatos Nano mes tyre, ish- kryeministri i Partis\u00eb s\u00eb Pun\u00ebs, p\u00ebr shkak t\u00eb miq\u00ebsis\u00eb s\u00eb hapur q\u00eb ka shfaqur me Berish\u00ebn. Dhjetori i 2010 ka bashkuar Nanon me Berish\u00ebn dhe ka ndar\u00eb dhjetorist\u00ebt. Do t\u00eb festojn\u00eb ata q\u00eb jan\u00eb sot n\u00eb pushtet dhe q\u00eb mesa duket nuk i lidh m\u00eb asgj\u00eb me ata q\u00eb ishin dje n\u00eb at\u00eb takim q\u00eb nisi si nj\u00eb promovim libri, por u kthye n\u00eb nj\u00eb aktiv politik.<\/p>\n","protected":false},"excerpt":{"rendered":"<p>Nga Aleksand\u00ebr Meksi Jemi mbledhur p\u00ebr t\u2019i paraqitur publikut t\u00eb interesuar k\u00ebt\u00eb lib\u00ebr, por besoj se kjo p\u00ebr shum\u00eb prej nesh \u00ebsht\u00eb nj\u00ebherazi dhe nj\u00eb p\u00ebrkujtim i atyre pes\u00eb dit\u00ebve t\u00eb Dhjetorit dhe vazhdimit t\u00eb tyre, kur s\u00eb pari student\u00ebt, t\u00eb mb\u00ebshtetur m\u00eb von\u00eb dhe nga qytetar\u00ebt e Tiran\u00ebs, sfiduan regjimin pa frik\u00eb dhe pa [&hellip;]<\/p>\n","protected":false},"author":1,"featured_media":0,"comment_status":"open","ping_status":"closed","sticky":false,"template":"","format":"standard","meta":{"footnotes":""},"categories":[2],"tags":[],"class_list":{"0":"post-5133","1":"post","2":"type-post","3":"status-publish","4":"format-standard","6":"category-artikuj"},"yoast_head":"<!-- This site is optimized with the Yoast SEO plugin v27.4 - https:\/\/yoast.com\/product\/yoast-seo-wordpress\/ -->\n<title>Misioni i pambaruar i 8 Dhjetorit! - FjALA e LIR\u00cb - Arkivi<\/title>\n<meta name=\"robots\" content=\"index, follow, max-snippet:-1, max-image-preview:large, max-video-preview:-1\" \/>\n<link rel=\"canonical\" href=\"https:\/\/fjala.info\/2009-2015\/misioni-i-pambaruar-i-8-dhjetorit\/\" \/>\n<meta property=\"og:locale\" content=\"sq_AL\" \/>\n<meta property=\"og:type\" content=\"article\" \/>\n<meta property=\"og:title\" content=\"Misioni i pambaruar i 8 Dhjetorit! - FjALA e LIR\u00cb - Arkivi\" \/>\n<meta property=\"og:description\" content=\"Nga Aleksand\u00ebr Meksi Jemi mbledhur p\u00ebr t\u2019i paraqitur publikut t\u00eb interesuar k\u00ebt\u00eb lib\u00ebr, por besoj se kjo p\u00ebr shum\u00eb prej nesh \u00ebsht\u00eb nj\u00ebherazi dhe nj\u00eb p\u00ebrkujtim i atyre pes\u00eb dit\u00ebve t\u00eb Dhjetorit dhe vazhdimit t\u00eb tyre, kur s\u00eb pari student\u00ebt, t\u00eb mb\u00ebshtetur m\u00eb von\u00eb dhe nga qytetar\u00ebt e Tiran\u00ebs, sfiduan regjimin pa frik\u00eb dhe pa [&hellip;]\" \/>\n<meta property=\"og:url\" content=\"https:\/\/fjala.info\/2009-2015\/misioni-i-pambaruar-i-8-dhjetorit\/\" \/>\n<meta property=\"og:site_name\" content=\"FjALA e LIR\u00cb - Arkivi\" \/>\n<meta property=\"article:published_time\" content=\"2010-12-07T21:47:52+00:00\" \/>\n<meta name=\"author\" content=\"admin\" \/>\n<meta name=\"twitter:card\" content=\"summary_large_image\" \/>\n<meta name=\"twitter:label1\" content=\"Written by\" \/>\n\t<meta name=\"twitter:data1\" content=\"admin\" \/>\n\t<meta name=\"twitter:label2\" content=\"Est. reading time\" \/>\n\t<meta name=\"twitter:data2\" content=\"7 minutes\" \/>\n<script type=\"application\/ld+json\" class=\"yoast-schema-graph\">{\"@context\":\"https:\\\/\\\/schema.org\",\"@graph\":[{\"@type\":\"Article\",\"@id\":\"https:\\\/\\\/fjala.info\\\/2009-2015\\\/misioni-i-pambaruar-i-8-dhjetorit\\\/#article\",\"isPartOf\":{\"@id\":\"https:\\\/\\\/fjala.info\\\/2009-2015\\\/misioni-i-pambaruar-i-8-dhjetorit\\\/\"},\"author\":{\"name\":\"admin\",\"@id\":\"https:\\\/\\\/fjala.info\\\/2009-2015\\\/#\\\/schema\\\/person\\\/3aa1163ef05469c496fc94e77611ada2\"},\"headline\":\"Misioni i pambaruar i 8 Dhjetorit!\",\"datePublished\":\"2010-12-07T21:47:52+00:00\",\"mainEntityOfPage\":{\"@id\":\"https:\\\/\\\/fjala.info\\\/2009-2015\\\/misioni-i-pambaruar-i-8-dhjetorit\\\/\"},\"wordCount\":1469,\"commentCount\":0,\"publisher\":{\"@id\":\"https:\\\/\\\/fjala.info\\\/2009-2015\\\/#organization\"},\"articleSection\":[\"Artikuj\"],\"inLanguage\":\"sq-AL\",\"potentialAction\":[{\"@type\":\"CommentAction\",\"name\":\"Comment\",\"target\":[\"https:\\\/\\\/fjala.info\\\/2009-2015\\\/misioni-i-pambaruar-i-8-dhjetorit\\\/#respond\"]}]},{\"@type\":\"WebPage\",\"@id\":\"https:\\\/\\\/fjala.info\\\/2009-2015\\\/misioni-i-pambaruar-i-8-dhjetorit\\\/\",\"url\":\"https:\\\/\\\/fjala.info\\\/2009-2015\\\/misioni-i-pambaruar-i-8-dhjetorit\\\/\",\"name\":\"Misioni i pambaruar i 8 Dhjetorit! - FjALA e LIR\u00cb - Arkivi\",\"isPartOf\":{\"@id\":\"https:\\\/\\\/fjala.info\\\/2009-2015\\\/#website\"},\"datePublished\":\"2010-12-07T21:47:52+00:00\",\"breadcrumb\":{\"@id\":\"https:\\\/\\\/fjala.info\\\/2009-2015\\\/misioni-i-pambaruar-i-8-dhjetorit\\\/#breadcrumb\"},\"inLanguage\":\"sq-AL\",\"potentialAction\":[{\"@type\":\"ReadAction\",\"target\":[\"https:\\\/\\\/fjala.info\\\/2009-2015\\\/misioni-i-pambaruar-i-8-dhjetorit\\\/\"]}]},{\"@type\":\"BreadcrumbList\",\"@id\":\"https:\\\/\\\/fjala.info\\\/2009-2015\\\/misioni-i-pambaruar-i-8-dhjetorit\\\/#breadcrumb\",\"itemListElement\":[{\"@type\":\"ListItem\",\"position\":1,\"name\":\"Home\",\"item\":\"https:\\\/\\\/fjala.info\\\/2009-2015\\\/\"},{\"@type\":\"ListItem\",\"position\":2,\"name\":\"Misioni i pambaruar i 8 Dhjetorit!\"}]},{\"@type\":\"WebSite\",\"@id\":\"https:\\\/\\\/fjala.info\\\/2009-2015\\\/#website\",\"url\":\"https:\\\/\\\/fjala.info\\\/2009-2015\\\/\",\"name\":\"FjALA e LIR\u00cb - Arkivi\",\"description\":\"Arkivi 2009-2015\",\"publisher\":{\"@id\":\"https:\\\/\\\/fjala.info\\\/2009-2015\\\/#organization\"},\"potentialAction\":[{\"@type\":\"SearchAction\",\"target\":{\"@type\":\"EntryPoint\",\"urlTemplate\":\"https:\\\/\\\/fjala.info\\\/2009-2015\\\/?s={search_term_string}\"},\"query-input\":{\"@type\":\"PropertyValueSpecification\",\"valueRequired\":true,\"valueName\":\"search_term_string\"}}],\"inLanguage\":\"sq-AL\"},{\"@type\":\"Organization\",\"@id\":\"https:\\\/\\\/fjala.info\\\/2009-2015\\\/#organization\",\"name\":\"FjALA e LIR\u00cb - Arkivi\",\"url\":\"https:\\\/\\\/fjala.info\\\/2009-2015\\\/\",\"logo\":{\"@type\":\"ImageObject\",\"inLanguage\":\"sq-AL\",\"@id\":\"https:\\\/\\\/fjala.info\\\/2009-2015\\\/#\\\/schema\\\/logo\\\/image\\\/\",\"url\":\"\",\"contentUrl\":\"\",\"caption\":\"FjALA e LIR\u00cb - Arkivi\"},\"image\":{\"@id\":\"https:\\\/\\\/fjala.info\\\/2009-2015\\\/#\\\/schema\\\/logo\\\/image\\\/\"}},{\"@type\":\"Person\",\"@id\":\"https:\\\/\\\/fjala.info\\\/2009-2015\\\/#\\\/schema\\\/person\\\/3aa1163ef05469c496fc94e77611ada2\",\"name\":\"admin\",\"image\":{\"@type\":\"ImageObject\",\"inLanguage\":\"sq-AL\",\"@id\":\"https:\\\/\\\/fjala.info\\\/2009-2015\\\/wp-content\\\/uploads\\\/2012\\\/02\\\/arben_cokaj-120x150.jpg\",\"url\":\"https:\\\/\\\/fjala.info\\\/2009-2015\\\/wp-content\\\/uploads\\\/2012\\\/02\\\/arben_cokaj-120x150.jpg\",\"contentUrl\":\"https:\\\/\\\/fjala.info\\\/2009-2015\\\/wp-content\\\/uploads\\\/2012\\\/02\\\/arben_cokaj-120x150.jpg\",\"caption\":\"admin\"},\"description\":\"Admin, Fjala e Lir\u00eb\",\"sameAs\":[\"https:\\\/\\\/fjala.info\\\/\"],\"url\":\"https:\\\/\\\/fjala.info\\\/2009-2015\\\/author\\\/admin\\\/\"}]}<\/script>\n<!-- \/ Yoast SEO plugin. -->","yoast_head_json":{"title":"Misioni i pambaruar i 8 Dhjetorit! - FjALA e LIR\u00cb - Arkivi","robots":{"index":"index","follow":"follow","max-snippet":"max-snippet:-1","max-image-preview":"max-image-preview:large","max-video-preview":"max-video-preview:-1"},"canonical":"https:\/\/fjala.info\/2009-2015\/misioni-i-pambaruar-i-8-dhjetorit\/","og_locale":"sq_AL","og_type":"article","og_title":"Misioni i pambaruar i 8 Dhjetorit! - FjALA e LIR\u00cb - Arkivi","og_description":"Nga Aleksand\u00ebr Meksi Jemi mbledhur p\u00ebr t\u2019i paraqitur publikut t\u00eb interesuar k\u00ebt\u00eb lib\u00ebr, por besoj se kjo p\u00ebr shum\u00eb prej nesh \u00ebsht\u00eb nj\u00ebherazi dhe nj\u00eb p\u00ebrkujtim i atyre pes\u00eb dit\u00ebve t\u00eb Dhjetorit dhe vazhdimit t\u00eb tyre, kur s\u00eb pari student\u00ebt, t\u00eb mb\u00ebshtetur m\u00eb von\u00eb dhe nga qytetar\u00ebt e Tiran\u00ebs, sfiduan regjimin pa frik\u00eb dhe pa [&hellip;]","og_url":"https:\/\/fjala.info\/2009-2015\/misioni-i-pambaruar-i-8-dhjetorit\/","og_site_name":"FjALA e LIR\u00cb - Arkivi","article_published_time":"2010-12-07T21:47:52+00:00","author":"admin","twitter_card":"summary_large_image","twitter_misc":{"Written by":"admin","Est. reading time":"7 minutes"},"schema":{"@context":"https:\/\/schema.org","@graph":[{"@type":"Article","@id":"https:\/\/fjala.info\/2009-2015\/misioni-i-pambaruar-i-8-dhjetorit\/#article","isPartOf":{"@id":"https:\/\/fjala.info\/2009-2015\/misioni-i-pambaruar-i-8-dhjetorit\/"},"author":{"name":"admin","@id":"https:\/\/fjala.info\/2009-2015\/#\/schema\/person\/3aa1163ef05469c496fc94e77611ada2"},"headline":"Misioni i pambaruar i 8 Dhjetorit!","datePublished":"2010-12-07T21:47:52+00:00","mainEntityOfPage":{"@id":"https:\/\/fjala.info\/2009-2015\/misioni-i-pambaruar-i-8-dhjetorit\/"},"wordCount":1469,"commentCount":0,"publisher":{"@id":"https:\/\/fjala.info\/2009-2015\/#organization"},"articleSection":["Artikuj"],"inLanguage":"sq-AL","potentialAction":[{"@type":"CommentAction","name":"Comment","target":["https:\/\/fjala.info\/2009-2015\/misioni-i-pambaruar-i-8-dhjetorit\/#respond"]}]},{"@type":"WebPage","@id":"https:\/\/fjala.info\/2009-2015\/misioni-i-pambaruar-i-8-dhjetorit\/","url":"https:\/\/fjala.info\/2009-2015\/misioni-i-pambaruar-i-8-dhjetorit\/","name":"Misioni i pambaruar i 8 Dhjetorit! - FjALA e LIR\u00cb - Arkivi","isPartOf":{"@id":"https:\/\/fjala.info\/2009-2015\/#website"},"datePublished":"2010-12-07T21:47:52+00:00","breadcrumb":{"@id":"https:\/\/fjala.info\/2009-2015\/misioni-i-pambaruar-i-8-dhjetorit\/#breadcrumb"},"inLanguage":"sq-AL","potentialAction":[{"@type":"ReadAction","target":["https:\/\/fjala.info\/2009-2015\/misioni-i-pambaruar-i-8-dhjetorit\/"]}]},{"@type":"BreadcrumbList","@id":"https:\/\/fjala.info\/2009-2015\/misioni-i-pambaruar-i-8-dhjetorit\/#breadcrumb","itemListElement":[{"@type":"ListItem","position":1,"name":"Home","item":"https:\/\/fjala.info\/2009-2015\/"},{"@type":"ListItem","position":2,"name":"Misioni i pambaruar i 8 Dhjetorit!"}]},{"@type":"WebSite","@id":"https:\/\/fjala.info\/2009-2015\/#website","url":"https:\/\/fjala.info\/2009-2015\/","name":"FjALA e LIR\u00cb - Arkivi","description":"Arkivi 2009-2015","publisher":{"@id":"https:\/\/fjala.info\/2009-2015\/#organization"},"potentialAction":[{"@type":"SearchAction","target":{"@type":"EntryPoint","urlTemplate":"https:\/\/fjala.info\/2009-2015\/?s={search_term_string}"},"query-input":{"@type":"PropertyValueSpecification","valueRequired":true,"valueName":"search_term_string"}}],"inLanguage":"sq-AL"},{"@type":"Organization","@id":"https:\/\/fjala.info\/2009-2015\/#organization","name":"FjALA e LIR\u00cb - Arkivi","url":"https:\/\/fjala.info\/2009-2015\/","logo":{"@type":"ImageObject","inLanguage":"sq-AL","@id":"https:\/\/fjala.info\/2009-2015\/#\/schema\/logo\/image\/","url":"","contentUrl":"","caption":"FjALA e LIR\u00cb - Arkivi"},"image":{"@id":"https:\/\/fjala.info\/2009-2015\/#\/schema\/logo\/image\/"}},{"@type":"Person","@id":"https:\/\/fjala.info\/2009-2015\/#\/schema\/person\/3aa1163ef05469c496fc94e77611ada2","name":"admin","image":{"@type":"ImageObject","inLanguage":"sq-AL","@id":"https:\/\/fjala.info\/2009-2015\/wp-content\/uploads\/2012\/02\/arben_cokaj-120x150.jpg","url":"https:\/\/fjala.info\/2009-2015\/wp-content\/uploads\/2012\/02\/arben_cokaj-120x150.jpg","contentUrl":"https:\/\/fjala.info\/2009-2015\/wp-content\/uploads\/2012\/02\/arben_cokaj-120x150.jpg","caption":"admin"},"description":"Admin, Fjala e Lir\u00eb","sameAs":["https:\/\/fjala.info\/"],"url":"https:\/\/fjala.info\/2009-2015\/author\/admin\/"}]}},"_links":{"self":[{"href":"https:\/\/fjala.info\/2009-2015\/wp-json\/wp\/v2\/posts\/5133","targetHints":{"allow":["GET"]}}],"collection":[{"href":"https:\/\/fjala.info\/2009-2015\/wp-json\/wp\/v2\/posts"}],"about":[{"href":"https:\/\/fjala.info\/2009-2015\/wp-json\/wp\/v2\/types\/post"}],"author":[{"embeddable":true,"href":"https:\/\/fjala.info\/2009-2015\/wp-json\/wp\/v2\/users\/1"}],"replies":[{"embeddable":true,"href":"https:\/\/fjala.info\/2009-2015\/wp-json\/wp\/v2\/comments?post=5133"}],"version-history":[{"count":0,"href":"https:\/\/fjala.info\/2009-2015\/wp-json\/wp\/v2\/posts\/5133\/revisions"}],"wp:attachment":[{"href":"https:\/\/fjala.info\/2009-2015\/wp-json\/wp\/v2\/media?parent=5133"}],"wp:term":[{"taxonomy":"category","embeddable":true,"href":"https:\/\/fjala.info\/2009-2015\/wp-json\/wp\/v2\/categories?post=5133"},{"taxonomy":"post_tag","embeddable":true,"href":"https:\/\/fjala.info\/2009-2015\/wp-json\/wp\/v2\/tags?post=5133"}],"curies":[{"name":"wp","href":"https:\/\/api.w.org\/{rel}","templated":true}]}}