{"id":513,"date":"2011-12-07T11:18:29","date_gmt":"2011-12-07T10:18:29","guid":{"rendered":"http:\/\/fjala.shkoder.net\/?p=513"},"modified":"2011-12-07T11:18:29","modified_gmt":"2011-12-07T10:18:29","slug":"jazexhite","status":"publish","type":"post","link":"https:\/\/fjala.info\/2009-2015\/jazexhite\/","title":{"rendered":"\u201cJazexhit\u00eb\u201d"},"content":{"rendered":"<p><img decoding=\"async\" class=\"alignright size-thumbnail wp-image-7236\" title=\"Jazexhit\u00eb\" src=\"http:\/\/www.shkoder.net\/images\/fjala\/2011\/jazexhite.jpg\" alt=\"\" width=\"300\" \/> nga <strong>Fahri Xharra<\/strong><\/p>\n<p>\u201cJazexhit\u00eb\u201d nuk kan\u00eb t\u00eb ndalur!<\/p>\n<p><em>Edhe druri p\u00ebr ndezje nuk b\u00ebn dot flak\u00eb vet\u00ebm, e do t\u00eb vetin edhe n\u00eb momentin e fundit. Pra\u2026?<\/em><br \/>\n(f.xh.)<\/p>\n<p>\u201cE urrejtur qoft\u00eb p\u00ebr jet\u00eb ajo administrat\u00eb, e mall\u00ebkuar\u00eb qoft\u00eb ajo or\u00eb q\u00eb solli k\u00ebmb\u00ebn e Asiatikut n\u00eb Shqip\u00ebri, q\u00eb na b\u00ebri t\u00eb rrim\u00eb pes\u00eb shekuj m\u00eb pas nga shok\u00ebt. Pes\u00eb shekuj shkuan mbi neve si nj\u00eb hije e zez\u00eb, nj\u00eb gur i r\u00ebnd\u00eb mbi m\u00ebndjen dhe vet\u00ebdij\u00ebn ton\u00eb, nj\u00eb koh\u00eb err\u00ebsire q\u00eb ment ndryshoi n\u00eb \u00e7\u2019do ndjenj\u00eb njer\u00ebzije, \u00e7\u2019do cil\u00ebsi njeriu t\u00eb ndersh\u00ebm.\u201d thoshte dikur Mit-hat Frash\u00ebri. Pse?<\/p>\n<p>Kurse ne parlamentin e xhonturq\u00ebve n\u00eb at\u00eb koh\u00eb, diskutohej dhe vendosej:<br \/>\n\u201c<em>Rreziku m\u00eb i madh i Turqis\u00eb, nga t\u00eb gjitha kombet q\u00eb jetojn\u00eb n\u00eb perandorin\u00eb ton\u00eb jan\u00eb Shqiptar\u00ebt; \u00ebsht\u00eb frik\u00eb e madhe nga ky t\u00eb mos zgjohet nga gjumi i r\u00ebnd\u00eb, t\u00eb mos m\u00ebk\u00ebmb\u00ebt, t\u00eb mos marr\u00eb diturin\u00eb n\u00eb gjuh\u00ebn e vet sepse at\u00ebher\u00eb e mori lumi Turqin\u00eb<\/em>&#8220;.<br \/>\n(<strong>Jusuf Buxhovi<\/strong>, <em>Nga Shqip\u00ebria Osmane te Shqip\u00ebria Evropiane<\/em>).<\/p>\n<p>Dhe sot ngrehaluc\u00ebt e pandersh\u00ebm, krejt\u00ebsisht t\u00eb ndjesh\u00ebm, ndaj \u201cp\u00ebrgatitjeve\u201d nga kuzhinat antishqiptare vazhdojn\u00eb t\u00eb jen\u00eb si t\u00eb \u201cdehur \u201c apo t\u00eb \u201cdroguar\u201d n\u00eb \u201c jazit\u00eb \u201c (\u201cshkrimet \u201c) e tyre (tur. jazmak- me shkrue). \u00cbsht\u00eb trishtim i madh t`i lexosh \u201cjazexhit\u00eb\u201d (tur. jazici-shkrues, sh\u00ebnues) t\u00eb cil\u00ebt me \u201cjazit\u00eb\u201d e tyre mundohen me \u00e7do kusht t\u00eb b\u00ebjn\u00eb shp\u00ebrlarjen e trurit ton\u00eb, dhe me \u201cteorit\u00eb\u201d e tyre s`b\u00ebjn\u00eb gj\u00eb tjet\u00ebr vet\u00ebm se i shtojn\u00eb \u201c vaj e uthull\u201d sallat\u00ebs s\u00eb p\u00ebrgatitur.<\/p>\n<p>\u201cJazexhit\u00eb\u201d mundohen t\u00eb na krijojn\u00eb identitete fetare duke i b\u00ebr\u00eb Shqiptar\u00ebt musliman t\u00eb af\u00ebrt me turqit, ata ortodoks me grek\u00ebt, katolik\u00ebt me Vatikanin dhe k\u00ebshtu t\u00eb krijojn\u00eb nj\u00eb p\u00ebr\u00e7arje apokaliptike te kombit ton\u00eb.<\/p>\n<p>Ja se \u00e7ka shkruan nj\u00ebri prej tyre: \u201cP\u00ebr sa koh\u00eb q\u00eb ata prodhojn\u00eb njer\u00ebz si Bamir Topi i cili zyr\u00ebn e tij n\u00eb vend q\u00eb ta mbushi me portrete t\u00eb Dervish Hatixhes\u00eb e t\u00eb krenohet me pashallar\u00ebt e hoxhallar\u00ebt e Tiron\u00ebs, e ka kthyer n\u00eb teqe t\u00eb N\u00ebn\u00eb Terez\u00ebs dhe prift\u00ebrinjve t\u00eb Vatikanit \u2013 t\u00eb cil\u00ebve u p\u00ebrgj\u00ebrohet si legen duke u th\u00ebn\u00eb q\u00eb jemi me Vatikanin kund\u00ebr turkut ashtu n\u00eb pozita t\u00eb ngjashme q\u00ebndron edhe Atifete Jahjaga, e cila n\u00eb vend q\u00eb t\u00eb lavd\u00ebroj\u00eb sheriatin e gjysh\u00ebrve t\u00eb saj agallar\u00eb, shkon e i b\u00ebn qejfin xhahil\u00ebve t\u00eb Kish\u00ebs Katolike\u201d\u2026sipas tyre nuk kemi m\u00eb simpati te bota e tret\u00eb.<\/p>\n<p>Kurse \u201cjazexhiu\u201d tjet\u00ebr pyetet p\u00ebr t\u00eb na bindur: \u201cPse jemi oriental? Oriental jemi, sepse ne kemi kuzhin\u00eb orientale, varrosemi orientalisht, martohemi orientalisht.\u201d dhe ai nuk brengoset vet\u00ebm p\u00ebr musliman\u00ebt shqiptar\u00eb, por edhe p\u00ebr ata t\u00eb bot\u00ebs s\u00eb t\u00ebr\u00eb:<\/p>\n<p>\u201cPor edhe pse nga pala shqiptare dhe kosovare n\u00eb k\u00ebto vitet e fundit, politika amerikanofile e Tiran\u00ebs dhe e Prishtin\u00ebs i ka sjell\u00eb sa e sa d\u00ebme dhe ofendime popujve arab\u00eb dhe musliman\u00eb (?), \u201cn\u00eb koh\u00ebt e fundit kan\u00eb nisur t\u00eb kuptojn\u00eb r\u00ebnd\u00ebsin\u00eb e bot\u00ebs arabe dhe islame p\u00ebr njohjen e Kosov\u00ebs.\u201d \u2026na japin mend \u201cjazexhit\u00eb\u201d<\/p>\n<p>\u201cJazexhive\u201d u pengojn\u00eb edhe Takimet Gje\u00e7ovit n\u00eb Zym t\u00eb Hasit :\u201d Tubimi \u201cTakimet e Gje\u00e7ovit\u201d ishte organizuar p\u00ebr t\u00eb p\u00ebrkujtuar priftin Shtjef\u00ebn Gje\u00e7ovi i cili propagandohet nga Kisha Katolike si n\u00eb Shqip\u00ebri ashtu edhe n\u00eb Kosov\u00eb si hero i kombit shqiptar. Shtjef\u00ebn Gje\u00e7ovi apo M\u00ebhill Kostandin Gje\u00e7i \u00ebsht\u00eb nj\u00eb nga mercenar\u00ebt fran\u00e7eskan\u00eb t\u00eb shekullit t\u00eb XX i cili n\u00ebp\u00ebrmjet parave q\u00eb merrte nga austriak\u00ebt e m\u00eb pas italian\u00ebt u kthye n\u00eb nj\u00eb nga \u201cinxhinier\u00ebt social\u00eb\u201d t\u00eb nacional-katoli\u00e7izmit shqiptar t\u00eb viteve 30 i cili synonte n\u00ebnshtrimin dhe deislamizimin e shqiptar\u00ebve ndaj Italis\u00eb. Gje\u00e7ovi ashtu si Fishta, Harapi etj u ngrit\u00ebn n\u00eb majat e albanologjis\u00eb shqiptare pas krijimit t\u00eb shtetit shqiptar, pasi pas tyre q\u00ebndronte nj\u00eb investim marram\u00ebnd\u00ebs liretash italiane.&#8221;<\/p>\n<p>Ku jemi, si jemi dhe si q\u00ebndrojm\u00eb n\u00eb k\u00ebmb\u00eb me k\u00ebto \u201cjazi\u201d\u2026? Si durohen k\u00ebto?!<br \/>\nArtikullin tim nuk mund t\u2019a vazhdoj ndryshe p\u00ebrpos se me fjal\u00ebt e t\u00eb \u201cqoftlarg\u00ebve\u201d<br \/>\nt\u00eb cil\u00ebt nuk zgjedhin as mjete as fjal\u00eb p\u00ebr ta njollosur popullsine vet: \u201cKanuni i Lek\u00eb Dukagjinit \u00ebsht\u00eb nj\u00eb nga ligjet m\u00eb t\u00eb egra q\u00eb mund t\u00eb ket\u00eb prodhuar ndonj\u00ebher\u00eb shoq\u00ebria njer\u00ebzore. Ai ka q\u00ebn\u00eb n\u00eb nj\u00ebfar\u00eb m\u00ebnyre \u201csheriati\u201d i Kish\u00ebs Katolike e cila e p\u00ebrdorte p\u00ebr t\u00eb n\u00ebnshtruar, mbajtur n\u00eb injoranc\u00eb dhe ruajtur nga Islami fiset katolike shqiptare. Nd\u00ebrsa dhunon dhe nuk njeh t\u00eb drejtat e grave, Kanuni ka qen\u00eb transmetuar gojarisht n\u00eb komunitetet analfabete katolike nga prift\u00ebrinjt\u00eb dhe pleqt\u00eb e tribuve si nj\u00eb ligj i cili vendoste rregullat e luft\u00ebs dhe jet\u00ebs.\u201c<\/p>\n<p>Ju merr mendja k\u00ebtyre \u201c ndjellak\u00ebqijve\u201d se me k\u00ebto \u201c jazi\u201d arrijn\u00eb t\u00eb na afrojn\u00eb m\u00eb tep\u00ebr nga lindja? Ose duan t\u00eb na afrojn\u00eb m\u00eb shum\u00eb kah lindja? Apo jemi ne aq t\u00eb leht\u00eb sa q\u00eb:\u201d t\u00eb lavd\u00ebrojm\u00eb sheriatin e gjysh\u00ebrve ton\u00eb agallar\u00eb \u201c?<\/p>\n<p>Lexoni edhe k\u00ebt\u00eb : \u201cSikur t\u00eb mos ishte nd\u00ebrhyrja e musliman\u00ebve dhe pashallar\u00ebve shqiptar\u00eb nga kazat\u00eb e Shqip\u00ebris\u00eb e Kosov\u00ebs p\u00ebr t\u00eb shtruar fand\u00ebt dhe vendosur ligjin qytet\u00ebrues t\u00eb sulltanit, sot, n\u00eb mal\u00ebsit\u00eb tona nuk do t\u00eb kishte k\u00ebmb\u00eb katoliku.\u201d More, more, na i paska shp\u00ebtuar Sulltani, t\u00eb gjor\u00ebt nga zhdukja?<\/p>\n<p>Edhe kryetari i Organizat\u00ebs s\u00eb Konferenc\u00ebs Islamike, Ekmelidin Ihsanoglu na \u00e7on selam Kosovar\u00ebve: \u201cAta duhet t\u2019u thon\u00eb bot\u00ebs myslimane se jan\u00eb mysliman\u00eb dhe jo vet\u00ebm t\u00eb thon\u00eb se jemi Kosovar\u00eb.\u201d Kosova \u00ebsht\u00eb e shqiptar\u00ebve q\u00eb rrojn\u00eb n\u00eb harmoni t\u00eb lart\u00eb nd\u00ebrfetare.<\/p>\n<p>Inteligjenca shqip\u00ebtare pyetet: \u201cKah na dol\u00ebn \u201cv\u00ebllez\u00ebn\u201d arab\u00ebt? Cila shkenc\u00eb na nxjerr neve v\u00ebllez\u00ebr me ta? As gjuha, as raca, as etnia nuk na bashkojn\u00eb me ta\u2026 Kemi nevoj\u00eb p\u00ebr nj\u00eb frym\u00eb t\u00eb re n\u00eb politik\u00eb, p\u00ebr ndryshime me rr\u00ebnj\u00eb.\u201d<\/p>\n<p>\u201cJazexhit\u00eb \u201c i\u2019a bajn\u00eb dertin figur\u00ebs s\u00eb Haxhi Qamilit: \u201cHaxhi Qamili p\u00ebr shembull, q\u00eb gjat\u00eb koh\u00ebs s\u00eb komunizmit u trajtua me terma revolucionar\u00eb, pas r\u00ebnies s\u00eb sistemit u sulmua nga nj\u00eb num\u00ebr anti-musliman\u00ebsh dhe fondamentalist\u00ebsh kristjan\u00eb, t\u00eb cil\u00ebt jo vet\u00ebm q\u00eb do ta demonizonin k\u00ebt\u00eb udh\u00ebheq\u00ebs fshatar\u00eb, por edhe portretizojn\u00eb si mish\u00ebrimin e anti-evropianit dhe orientalit shqiptar, p\u00ebr arsyen e vetme pse ai kund\u00ebrshtoi kontrollin e Shqip\u00ebris\u00eb nga Fuqit\u00eb e M\u00ebdha\u201d.<br \/>\nSa ma shum\u00eb haxhiqamila dhe esatpasha t\u00eb kemi, tokat shqiptare rrezikohen nga zhb\u00ebrja.<\/p>\n<p>Shikoni se si e t\u00ebr\u00eb inteligjenca shqiptare njolloset nga \u201cjazexhit\u00eb: \u201cP\u00ebr arsye vasaliste politika shqiptare (mendohet edhe n\u00eb at\u00eb t\u00eb Kosov\u00ebs ) \u00ebsht\u00eb munduar t\u00eb p\u00ebrdor\u00eb nj\u00eb s\u00ebr\u00eb emrash dhe personazhesh katolik\u00eb p\u00ebr t\u00eb fshehur identitetin e saj. N\u00ebn\u00eb Terezat, Gjon Pal\u00ebt, Sk\u00ebnderbeg\u00ebt dhe Bogdan\u00ebt sot kan\u00eb pushtuar q\u00eb nga monedhat, aeroportet, muzeuet, spitalet dhe bulevardet e Shqip\u00ebris\u00eb. S\u00ebmundja p\u00ebr t\u2019i b\u00ebr\u00eb qejfin sa m\u00eb shum\u00eb per\u00ebndimit, koh\u00ebt e fundit \u00ebsht\u00eb klonuar edhe nga politikan\u00ebt e Maqedonis\u00eb, t\u00eb cil\u00ebt ashtu si politikan\u00ebt e Tiran\u00ebs jan\u00eb b\u00ebr\u00eb pjes\u00eb e parodis\u00eb p\u00ebr ti ngjar\u00eb per\u00ebndimit\u201d<\/p>\n<p>E dhimbshme kjo gjendja jon\u00eb\u2026<\/p>\n","protected":false},"excerpt":{"rendered":"<p>nga Fahri Xharra \u201cJazexhit\u00eb\u201d nuk kan\u00eb t\u00eb ndalur! Edhe druri p\u00ebr ndezje nuk b\u00ebn dot flak\u00eb vet\u00ebm, e do t\u00eb vetin edhe n\u00eb momentin e fundit. Pra\u2026? (f.xh.) \u201cE urrejtur qoft\u00eb p\u00ebr jet\u00eb ajo administrat\u00eb, e mall\u00ebkuar\u00eb qoft\u00eb ajo or\u00eb q\u00eb solli k\u00ebmb\u00ebn e Asiatikut n\u00eb Shqip\u00ebri, q\u00eb na b\u00ebri t\u00eb rrim\u00eb pes\u00eb shekuj m\u00eb [&hellip;]<\/p>\n","protected":false},"author":1,"featured_media":0,"comment_status":"open","ping_status":"closed","sticky":false,"template":"","format":"standard","meta":{"footnotes":""},"categories":[2],"tags":[],"class_list":{"0":"post-513","1":"post","2":"type-post","3":"status-publish","4":"format-standard","6":"category-artikuj"},"yoast_head":"<!-- This site is optimized with the Yoast SEO plugin v27.4 - https:\/\/yoast.com\/product\/yoast-seo-wordpress\/ -->\n<title>\u201cJazexhit\u00eb\u201d - FjALA e LIR\u00cb - Arkivi<\/title>\n<meta name=\"robots\" content=\"index, follow, max-snippet:-1, max-image-preview:large, max-video-preview:-1\" \/>\n<link rel=\"canonical\" href=\"https:\/\/fjala.info\/2009-2015\/jazexhite\/\" \/>\n<meta property=\"og:locale\" content=\"sq_AL\" \/>\n<meta property=\"og:type\" content=\"article\" \/>\n<meta property=\"og:title\" content=\"\u201cJazexhit\u00eb\u201d - FjALA e LIR\u00cb - Arkivi\" \/>\n<meta property=\"og:description\" content=\"nga Fahri Xharra \u201cJazexhit\u00eb\u201d nuk kan\u00eb t\u00eb ndalur! Edhe druri p\u00ebr ndezje nuk b\u00ebn dot flak\u00eb vet\u00ebm, e do t\u00eb vetin edhe n\u00eb momentin e fundit. Pra\u2026? (f.xh.) \u201cE urrejtur qoft\u00eb p\u00ebr jet\u00eb ajo administrat\u00eb, e mall\u00ebkuar\u00eb qoft\u00eb ajo or\u00eb q\u00eb solli k\u00ebmb\u00ebn e Asiatikut n\u00eb Shqip\u00ebri, q\u00eb na b\u00ebri t\u00eb rrim\u00eb pes\u00eb shekuj m\u00eb [&hellip;]\" \/>\n<meta property=\"og:url\" content=\"https:\/\/fjala.info\/2009-2015\/jazexhite\/\" \/>\n<meta property=\"og:site_name\" content=\"FjALA e LIR\u00cb - Arkivi\" \/>\n<meta property=\"article:published_time\" content=\"2011-12-07T10:18:29+00:00\" \/>\n<meta property=\"og:image\" content=\"http:\/\/www.shkoder.net\/images\/fjala\/2011\/jazexhite.jpg\" \/>\n<meta name=\"author\" content=\"admin\" \/>\n<meta name=\"twitter:card\" content=\"summary_large_image\" \/>\n<meta name=\"twitter:label1\" content=\"Written by\" \/>\n\t<meta name=\"twitter:data1\" content=\"admin\" \/>\n\t<meta name=\"twitter:label2\" content=\"Est. reading time\" \/>\n\t<meta name=\"twitter:data2\" content=\"6 minutes\" \/>\n<script type=\"application\/ld+json\" class=\"yoast-schema-graph\">{\"@context\":\"https:\\\/\\\/schema.org\",\"@graph\":[{\"@type\":\"Article\",\"@id\":\"https:\\\/\\\/fjala.info\\\/2009-2015\\\/jazexhite\\\/#article\",\"isPartOf\":{\"@id\":\"https:\\\/\\\/fjala.info\\\/2009-2015\\\/jazexhite\\\/\"},\"author\":{\"name\":\"admin\",\"@id\":\"https:\\\/\\\/fjala.info\\\/2009-2015\\\/#\\\/schema\\\/person\\\/3aa1163ef05469c496fc94e77611ada2\"},\"headline\":\"\u201cJazexhit\u00eb\u201d\",\"datePublished\":\"2011-12-07T10:18:29+00:00\",\"mainEntityOfPage\":{\"@id\":\"https:\\\/\\\/fjala.info\\\/2009-2015\\\/jazexhite\\\/\"},\"wordCount\":1289,\"commentCount\":0,\"publisher\":{\"@id\":\"https:\\\/\\\/fjala.info\\\/2009-2015\\\/#organization\"},\"image\":{\"@id\":\"https:\\\/\\\/fjala.info\\\/2009-2015\\\/jazexhite\\\/#primaryimage\"},\"thumbnailUrl\":\"http:\\\/\\\/www.shkoder.net\\\/images\\\/fjala\\\/2011\\\/jazexhite.jpg\",\"articleSection\":[\"Artikuj\"],\"inLanguage\":\"sq-AL\",\"potentialAction\":[{\"@type\":\"CommentAction\",\"name\":\"Comment\",\"target\":[\"https:\\\/\\\/fjala.info\\\/2009-2015\\\/jazexhite\\\/#respond\"]}]},{\"@type\":\"WebPage\",\"@id\":\"https:\\\/\\\/fjala.info\\\/2009-2015\\\/jazexhite\\\/\",\"url\":\"https:\\\/\\\/fjala.info\\\/2009-2015\\\/jazexhite\\\/\",\"name\":\"\u201cJazexhit\u00eb\u201d - FjALA e LIR\u00cb - Arkivi\",\"isPartOf\":{\"@id\":\"https:\\\/\\\/fjala.info\\\/2009-2015\\\/#website\"},\"primaryImageOfPage\":{\"@id\":\"https:\\\/\\\/fjala.info\\\/2009-2015\\\/jazexhite\\\/#primaryimage\"},\"image\":{\"@id\":\"https:\\\/\\\/fjala.info\\\/2009-2015\\\/jazexhite\\\/#primaryimage\"},\"thumbnailUrl\":\"http:\\\/\\\/www.shkoder.net\\\/images\\\/fjala\\\/2011\\\/jazexhite.jpg\",\"datePublished\":\"2011-12-07T10:18:29+00:00\",\"breadcrumb\":{\"@id\":\"https:\\\/\\\/fjala.info\\\/2009-2015\\\/jazexhite\\\/#breadcrumb\"},\"inLanguage\":\"sq-AL\",\"potentialAction\":[{\"@type\":\"ReadAction\",\"target\":[\"https:\\\/\\\/fjala.info\\\/2009-2015\\\/jazexhite\\\/\"]}]},{\"@type\":\"ImageObject\",\"inLanguage\":\"sq-AL\",\"@id\":\"https:\\\/\\\/fjala.info\\\/2009-2015\\\/jazexhite\\\/#primaryimage\",\"url\":\"http:\\\/\\\/www.shkoder.net\\\/images\\\/fjala\\\/2011\\\/jazexhite.jpg\",\"contentUrl\":\"http:\\\/\\\/www.shkoder.net\\\/images\\\/fjala\\\/2011\\\/jazexhite.jpg\"},{\"@type\":\"BreadcrumbList\",\"@id\":\"https:\\\/\\\/fjala.info\\\/2009-2015\\\/jazexhite\\\/#breadcrumb\",\"itemListElement\":[{\"@type\":\"ListItem\",\"position\":1,\"name\":\"Home\",\"item\":\"https:\\\/\\\/fjala.info\\\/2009-2015\\\/\"},{\"@type\":\"ListItem\",\"position\":2,\"name\":\"\u201cJazexhit\u00eb\u201d\"}]},{\"@type\":\"WebSite\",\"@id\":\"https:\\\/\\\/fjala.info\\\/2009-2015\\\/#website\",\"url\":\"https:\\\/\\\/fjala.info\\\/2009-2015\\\/\",\"name\":\"FjALA e LIR\u00cb - Arkivi\",\"description\":\"Arkivi 2009-2015\",\"publisher\":{\"@id\":\"https:\\\/\\\/fjala.info\\\/2009-2015\\\/#organization\"},\"potentialAction\":[{\"@type\":\"SearchAction\",\"target\":{\"@type\":\"EntryPoint\",\"urlTemplate\":\"https:\\\/\\\/fjala.info\\\/2009-2015\\\/?s={search_term_string}\"},\"query-input\":{\"@type\":\"PropertyValueSpecification\",\"valueRequired\":true,\"valueName\":\"search_term_string\"}}],\"inLanguage\":\"sq-AL\"},{\"@type\":\"Organization\",\"@id\":\"https:\\\/\\\/fjala.info\\\/2009-2015\\\/#organization\",\"name\":\"FjALA e LIR\u00cb - Arkivi\",\"url\":\"https:\\\/\\\/fjala.info\\\/2009-2015\\\/\",\"logo\":{\"@type\":\"ImageObject\",\"inLanguage\":\"sq-AL\",\"@id\":\"https:\\\/\\\/fjala.info\\\/2009-2015\\\/#\\\/schema\\\/logo\\\/image\\\/\",\"url\":\"\",\"contentUrl\":\"\",\"caption\":\"FjALA e LIR\u00cb - Arkivi\"},\"image\":{\"@id\":\"https:\\\/\\\/fjala.info\\\/2009-2015\\\/#\\\/schema\\\/logo\\\/image\\\/\"}},{\"@type\":\"Person\",\"@id\":\"https:\\\/\\\/fjala.info\\\/2009-2015\\\/#\\\/schema\\\/person\\\/3aa1163ef05469c496fc94e77611ada2\",\"name\":\"admin\",\"image\":{\"@type\":\"ImageObject\",\"inLanguage\":\"sq-AL\",\"@id\":\"https:\\\/\\\/fjala.info\\\/2009-2015\\\/wp-content\\\/uploads\\\/2012\\\/02\\\/arben_cokaj-120x150.jpg\",\"url\":\"https:\\\/\\\/fjala.info\\\/2009-2015\\\/wp-content\\\/uploads\\\/2012\\\/02\\\/arben_cokaj-120x150.jpg\",\"contentUrl\":\"https:\\\/\\\/fjala.info\\\/2009-2015\\\/wp-content\\\/uploads\\\/2012\\\/02\\\/arben_cokaj-120x150.jpg\",\"caption\":\"admin\"},\"description\":\"Admin, Fjala e Lir\u00eb\",\"sameAs\":[\"https:\\\/\\\/fjala.info\\\/\"],\"url\":\"https:\\\/\\\/fjala.info\\\/2009-2015\\\/author\\\/admin\\\/\"}]}<\/script>\n<!-- \/ Yoast SEO plugin. -->","yoast_head_json":{"title":"\u201cJazexhit\u00eb\u201d - FjALA e LIR\u00cb - Arkivi","robots":{"index":"index","follow":"follow","max-snippet":"max-snippet:-1","max-image-preview":"max-image-preview:large","max-video-preview":"max-video-preview:-1"},"canonical":"https:\/\/fjala.info\/2009-2015\/jazexhite\/","og_locale":"sq_AL","og_type":"article","og_title":"\u201cJazexhit\u00eb\u201d - FjALA e LIR\u00cb - Arkivi","og_description":"nga Fahri Xharra \u201cJazexhit\u00eb\u201d nuk kan\u00eb t\u00eb ndalur! Edhe druri p\u00ebr ndezje nuk b\u00ebn dot flak\u00eb vet\u00ebm, e do t\u00eb vetin edhe n\u00eb momentin e fundit. Pra\u2026? (f.xh.) \u201cE urrejtur qoft\u00eb p\u00ebr jet\u00eb ajo administrat\u00eb, e mall\u00ebkuar\u00eb qoft\u00eb ajo or\u00eb q\u00eb solli k\u00ebmb\u00ebn e Asiatikut n\u00eb Shqip\u00ebri, q\u00eb na b\u00ebri t\u00eb rrim\u00eb pes\u00eb shekuj m\u00eb [&hellip;]","og_url":"https:\/\/fjala.info\/2009-2015\/jazexhite\/","og_site_name":"FjALA e LIR\u00cb - Arkivi","article_published_time":"2011-12-07T10:18:29+00:00","og_image":[{"url":"http:\/\/www.shkoder.net\/images\/fjala\/2011\/jazexhite.jpg","type":"","width":"","height":""}],"author":"admin","twitter_card":"summary_large_image","twitter_misc":{"Written by":"admin","Est. reading time":"6 minutes"},"schema":{"@context":"https:\/\/schema.org","@graph":[{"@type":"Article","@id":"https:\/\/fjala.info\/2009-2015\/jazexhite\/#article","isPartOf":{"@id":"https:\/\/fjala.info\/2009-2015\/jazexhite\/"},"author":{"name":"admin","@id":"https:\/\/fjala.info\/2009-2015\/#\/schema\/person\/3aa1163ef05469c496fc94e77611ada2"},"headline":"\u201cJazexhit\u00eb\u201d","datePublished":"2011-12-07T10:18:29+00:00","mainEntityOfPage":{"@id":"https:\/\/fjala.info\/2009-2015\/jazexhite\/"},"wordCount":1289,"commentCount":0,"publisher":{"@id":"https:\/\/fjala.info\/2009-2015\/#organization"},"image":{"@id":"https:\/\/fjala.info\/2009-2015\/jazexhite\/#primaryimage"},"thumbnailUrl":"http:\/\/www.shkoder.net\/images\/fjala\/2011\/jazexhite.jpg","articleSection":["Artikuj"],"inLanguage":"sq-AL","potentialAction":[{"@type":"CommentAction","name":"Comment","target":["https:\/\/fjala.info\/2009-2015\/jazexhite\/#respond"]}]},{"@type":"WebPage","@id":"https:\/\/fjala.info\/2009-2015\/jazexhite\/","url":"https:\/\/fjala.info\/2009-2015\/jazexhite\/","name":"\u201cJazexhit\u00eb\u201d - FjALA e LIR\u00cb - Arkivi","isPartOf":{"@id":"https:\/\/fjala.info\/2009-2015\/#website"},"primaryImageOfPage":{"@id":"https:\/\/fjala.info\/2009-2015\/jazexhite\/#primaryimage"},"image":{"@id":"https:\/\/fjala.info\/2009-2015\/jazexhite\/#primaryimage"},"thumbnailUrl":"http:\/\/www.shkoder.net\/images\/fjala\/2011\/jazexhite.jpg","datePublished":"2011-12-07T10:18:29+00:00","breadcrumb":{"@id":"https:\/\/fjala.info\/2009-2015\/jazexhite\/#breadcrumb"},"inLanguage":"sq-AL","potentialAction":[{"@type":"ReadAction","target":["https:\/\/fjala.info\/2009-2015\/jazexhite\/"]}]},{"@type":"ImageObject","inLanguage":"sq-AL","@id":"https:\/\/fjala.info\/2009-2015\/jazexhite\/#primaryimage","url":"http:\/\/www.shkoder.net\/images\/fjala\/2011\/jazexhite.jpg","contentUrl":"http:\/\/www.shkoder.net\/images\/fjala\/2011\/jazexhite.jpg"},{"@type":"BreadcrumbList","@id":"https:\/\/fjala.info\/2009-2015\/jazexhite\/#breadcrumb","itemListElement":[{"@type":"ListItem","position":1,"name":"Home","item":"https:\/\/fjala.info\/2009-2015\/"},{"@type":"ListItem","position":2,"name":"\u201cJazexhit\u00eb\u201d"}]},{"@type":"WebSite","@id":"https:\/\/fjala.info\/2009-2015\/#website","url":"https:\/\/fjala.info\/2009-2015\/","name":"FjALA e LIR\u00cb - Arkivi","description":"Arkivi 2009-2015","publisher":{"@id":"https:\/\/fjala.info\/2009-2015\/#organization"},"potentialAction":[{"@type":"SearchAction","target":{"@type":"EntryPoint","urlTemplate":"https:\/\/fjala.info\/2009-2015\/?s={search_term_string}"},"query-input":{"@type":"PropertyValueSpecification","valueRequired":true,"valueName":"search_term_string"}}],"inLanguage":"sq-AL"},{"@type":"Organization","@id":"https:\/\/fjala.info\/2009-2015\/#organization","name":"FjALA e LIR\u00cb - Arkivi","url":"https:\/\/fjala.info\/2009-2015\/","logo":{"@type":"ImageObject","inLanguage":"sq-AL","@id":"https:\/\/fjala.info\/2009-2015\/#\/schema\/logo\/image\/","url":"","contentUrl":"","caption":"FjALA e LIR\u00cb - Arkivi"},"image":{"@id":"https:\/\/fjala.info\/2009-2015\/#\/schema\/logo\/image\/"}},{"@type":"Person","@id":"https:\/\/fjala.info\/2009-2015\/#\/schema\/person\/3aa1163ef05469c496fc94e77611ada2","name":"admin","image":{"@type":"ImageObject","inLanguage":"sq-AL","@id":"https:\/\/fjala.info\/2009-2015\/wp-content\/uploads\/2012\/02\/arben_cokaj-120x150.jpg","url":"https:\/\/fjala.info\/2009-2015\/wp-content\/uploads\/2012\/02\/arben_cokaj-120x150.jpg","contentUrl":"https:\/\/fjala.info\/2009-2015\/wp-content\/uploads\/2012\/02\/arben_cokaj-120x150.jpg","caption":"admin"},"description":"Admin, Fjala e Lir\u00eb","sameAs":["https:\/\/fjala.info\/"],"url":"https:\/\/fjala.info\/2009-2015\/author\/admin\/"}]}},"_links":{"self":[{"href":"https:\/\/fjala.info\/2009-2015\/wp-json\/wp\/v2\/posts\/513","targetHints":{"allow":["GET"]}}],"collection":[{"href":"https:\/\/fjala.info\/2009-2015\/wp-json\/wp\/v2\/posts"}],"about":[{"href":"https:\/\/fjala.info\/2009-2015\/wp-json\/wp\/v2\/types\/post"}],"author":[{"embeddable":true,"href":"https:\/\/fjala.info\/2009-2015\/wp-json\/wp\/v2\/users\/1"}],"replies":[{"embeddable":true,"href":"https:\/\/fjala.info\/2009-2015\/wp-json\/wp\/v2\/comments?post=513"}],"version-history":[{"count":0,"href":"https:\/\/fjala.info\/2009-2015\/wp-json\/wp\/v2\/posts\/513\/revisions"}],"wp:attachment":[{"href":"https:\/\/fjala.info\/2009-2015\/wp-json\/wp\/v2\/media?parent=513"}],"wp:term":[{"taxonomy":"category","embeddable":true,"href":"https:\/\/fjala.info\/2009-2015\/wp-json\/wp\/v2\/categories?post=513"},{"taxonomy":"post_tag","embeddable":true,"href":"https:\/\/fjala.info\/2009-2015\/wp-json\/wp\/v2\/tags?post=513"}],"curies":[{"name":"wp","href":"https:\/\/api.w.org\/{rel}","templated":true}]}}