{"id":5129,"date":"2010-12-07T23:46:43","date_gmt":"2010-12-07T22:46:43","guid":{"rendered":"http:\/\/fjala.shkoder.net\/?p=5129"},"modified":"2010-12-07T23:46:43","modified_gmt":"2010-12-07T22:46:43","slug":"permbytjet-127-milione-euro","status":"publish","type":"post","link":"https:\/\/fjala.info\/2009-2015\/permbytjet-127-milione-euro\/","title":{"rendered":"P\u00ebrmbytjet, 127 milion\u00eb euro!"},"content":{"rendered":"<p><strong>Shekulli Online<\/strong>, <em>07.12.2010<\/em><\/p>\n<p><em>Ekspert\u00ebt kan\u00eb p\u00ebrllogaritur p\u00ebr her\u00eb t\u00eb par\u00eb d\u00ebmin q\u00eb i \u00ebsht\u00eb shkaktuar shtetit shqiptar dhe banor\u00ebve t\u00eb zon\u00ebs nga p\u00ebrmbytjet e fundit. Si jan\u00eb llogaritur d\u00ebmet, fatura e plot\u00eb dhe m\u00ebnyra se si t\u00eb d\u00ebmtuarit mund t\u00eb marrin parat\u00eb e tyre<\/em><\/p>\n<p><img loading=\"lazy\" decoding=\"async\" class=\"alignright size-medium wp-image-5131\" title=\"shkoder_pamje_nga_lart\" src=\"http:\/\/fjala.shkoder.net\/wp-content\/uploads\/2010\/12\/shkoder_pamje_nga_lart-300x184.jpg\" alt=\"\" width=\"300\" height=\"184\" \/><\/p>\n<p>Strukturat shtet\u00ebrore dhe banor\u00ebt e p\u00ebrmbytur t\u00eb zon\u00ebs s\u00eb Shkodr\u00ebs po luftojn\u00eb \u00e7do dit\u00eb me ujin q\u00eb ka hyr\u00eb n\u00eb banesat e tyre, por, nga ana tjet\u00ebr, jan\u00eb duke menduar p\u00ebr fatur\u00ebn financiare t\u00eb k\u00ebsaj katastrofe. Bilanci i par\u00eb flet p\u00ebr mij\u00ebra sht\u00ebpi t\u00eb p\u00ebrmbytura, prona t\u00eb t\u00ebra t\u00eb shkat\u00ebrruara, m\u00eb shum\u00eb se 12 mij\u00eb njer\u00ebz t\u00eb larguar nga banesat e tyre.<\/p>\n<p>Me kalimin e situat\u00ebs emergjente t\u00eb p\u00ebrmbytjeve, veprimi i par\u00eb q\u00eb do t\u00eb nd\u00ebrmerret nga autoritet do t\u00eb jet\u00eb d\u00ebmshp\u00ebrblimi i banor\u00ebve p\u00ebr humbjet q\u00eb kan\u00eb p\u00ebsuar. Pasi t\u00eb ket\u00eb b\u00ebr\u00eb verifikimet n\u00eb terren, qeveria duhet t\u00eb shp\u00ebrndaj\u00eb mas\u00ebn e d\u00ebmshp\u00ebrblimit p\u00ebr t\u00eb gjith\u00eb t\u00eb prekurit nga p\u00ebrmbytjet. P\u00ebr momentin, ende nuk ka nj\u00eb kosto totale, pasi uj\u00ebrat nuk jan\u00eb t\u00ebrhequr p\u00ebr t&#8217;i len\u00eb vendin grupeve t\u00eb vler\u00ebsimit, por tabelat e miratuara nj\u00eb vit m\u00eb par\u00eb nga qeveria gjat\u00eb p\u00ebrmbytjeve t\u00eb ngjashme t\u00eb janarit, tregojn\u00eb p\u00ebr nj\u00eb kosto jo t\u00eb vog\u00ebl t\u00eb tyre n\u00eb buxhetin e shtetit.<\/p>\n<p>Metodologjia e p\u00ebrdorur n\u00eb p\u00ebrllogaritjen e d\u00ebmeve \u00ebsht\u00eb nj\u00eb llogaritje e thjesht\u00eb bazuar n\u00eb shifrat zyrtare t\u00eb publikuara nga shteti shqiptar. Ekspert\u00ebt kan\u00eb p\u00ebrllogaritur shp\u00ebrnguljen e banor\u00ebve dhe rikthimin e tyre n\u00eb sht\u00ebpi, pasi t\u00eb ket\u00eb kaluar situata e r\u00ebnd\u00eb. N\u00eb llogari jan\u00eb vendosur d\u00ebmet e shkaktuara n\u00eb bujq\u00ebsi; blegtori; d\u00ebme materiale n\u00eb biznese; d\u00ebme n\u00eb infrastruktur\u00ebn e kullim-bonifikimit; d\u00ebme n\u00eb infrastruktur\u00ebn rrugore dhe rrjetin elektrik, por edhe parat\u00eb e shpenzuara p\u00ebr dit\u00eb t\u00eb t\u00ebra me operacionet e ndihm\u00ebs n\u00eb zon\u00ebn e p\u00ebrmbytur.<\/p>\n<p>Struktura dhe vlera sipas nj\u00eb parashikimi t\u00eb p\u00ebraf\u00ebrt do t\u00eb jet\u00eb:<br \/>\nD\u00ebmshp\u00ebrblim i drejtp\u00ebrdrejt\u00eb p\u00ebr familjet e p\u00ebrmbytura. K\u00ebtu llogaritet nevoja n\u00eb lek\u00eb q\u00eb duhet t&#8217;iu jepet familjeve t\u00eb p\u00ebrmbytura tani q\u00eb jan\u00eb t\u00eb shp\u00ebrngulura p\u00ebr nj\u00eb nivel jetese af\u00ebr normales (shpenzime akomodimi, ushqime, veshmbathje, ngrohje etj.) dhe n\u00eb momentin e kthimit n\u00eb sht\u00ebpit\u00eb e p\u00ebrmbytura. Shuma e lek\u00ebve kur t\u00eb kthehen n\u00eb sht\u00ebpi ka t\u00eb b\u00ebj\u00eb me mund\u00ebsimin e fillimit t\u00eb nj\u00eb jete af\u00ebr normales dhe p\u00ebrfshin disa z\u00ebra si blerje pajisjesh elektronike, orendi si, karrige, divane, tavolina, dollap\u00eb, rafte, dyshek\u00eb, batanije, e komplete t\u00eb tjera t\u00eb k\u00ebsaj natyre.<\/p>\n<p>N\u00eb shpenzimet e akomodimit etj., mund t\u00eb pranojm\u00eb p\u00ebr nj\u00eb muaj 100 euro personi. Deri tani jan\u00eb shp\u00ebrngulur rreth 13.000 persona. P\u00ebr nj\u00eb muaj jan\u00eb 13.000&#215;100=1.300.000 euro.<\/p>\n<p>N\u00eb k\u00ebt\u00eb rubrik\u00eb duhet t\u00eb futen edhe ndihmat ushqimore p\u00ebr ato familje q\u00eb nuk jan\u00eb shp\u00ebrngulur apo pjes\u00ebtar\u00eb t\u00eb familjeve q\u00eb kan\u00eb ngelur t\u00eb rrethuar e t\u00eb izoluar nga uji. Mund t\u00eb jen\u00eb m\u00eb shum\u00eb se 20.000 qytetar\u00eb t\u00eb k\u00ebsaj kategorie. Kostoja do t\u00eb jet\u00eb rreth 80 euro personi p\u00ebr nj\u00eb muaj = 16.000.000 euro.<\/p>\n<p>N\u00eb shpenzimet p\u00ebr kthimin n\u00eb sht\u00ebpit\u00eb e tyre do t\u00eb futen edhe parat\u00eb e p\u00ebr transportin, rehabilitimin e sht\u00ebpive nga d\u00ebmtimet, punime t\u00eb lehta p\u00ebr t\u00eb larguar ujin nga oborret etj. P\u00ebr nj\u00eb familje, kjo shum\u00eb mund t\u00eb jet\u00eb rreth 5000 Euro. P\u00ebraf\u00ebrsisht rreth 5000 familje, shuma mund t\u00eb shkoj\u00eb 25 milion\u00eb Euro, n.q.s., nuk do t\u00eb tallen me qytetar\u00ebt e p\u00ebrmbytur.<\/p>\n<p>Zhd\u00ebmtim p\u00ebr kulturat bujq\u00ebsore, nga pem\u00ebtaria e vreshtaria p\u00ebr nj\u00eb sip\u00ebrfaqe af\u00ebrsisht 10.000 ha tok\u00eb, duke pasur parasysh d\u00ebmtimin e minimalisht t\u00eb nj\u00eb sesioni kulturash bujq\u00ebsore. N\u00ebse d\u00ebmi do t\u00eb jet\u00eb 0,5 E \/ m katror kuptohet se vlera e d\u00ebmit do t\u00eb kaloj\u00eb 10000x10000x0.5= 50 milion\u00eb Euro d\u00ebmshp\u00ebrblim, n\u00ebse qeveria nuk do t\u00eb tallet me fermer\u00ebt.<\/p>\n<p>Zhd\u00ebmtim p\u00ebr ngordhje t\u00eb gj\u00ebs\u00eb s\u00eb gjall\u00eb dhe humbje prodhimi nga ato, q\u00eb mund t\u00eb vej\u00eb nj\u00eb shif\u00ebr rreth 1 milion euro.<\/p>\n<p>Zhd\u00ebmtim t\u00eb d\u00ebmtimit t\u00eb pron\u00ebs e t\u00eb bizneseve p\u00ebr bizneset e ngritura n\u00eb zon\u00eb si ato t\u00eb materialeve inerte, materialeve t\u00eb nd\u00ebrtimit, t\u00eb serave bujq\u00ebsore t\u00eb luleve, t\u00eb komplekseve blegtorale, t\u00eb hoteleve, bar restoranteve, dyqaneve e minimarketeve etj., t\u00eb k\u00ebtij lloji. Po t\u00eb b\u00ebhet vler\u00ebsimi real shifra do t&#8217;i kaloj\u00eb 15 milion\u00eb Euro.<\/p>\n<p>Humbja e biznesit kushton m\u00eb shum\u00eb se investimi fillestar dhe p\u00ebr ket\u00eb ka legjislacion t\u00eb ve\u00e7ant\u00eb, mbi t\u00eb cilin pronar\u00ebt do ta k\u00ebrkojn\u00eb d\u00ebmshp\u00ebrblimin qindarke p\u00ebr qindark\u00eb qoft\u00eb edhe me gjyq ndaj Qeverise&#8230;<\/p>\n<p>Rehabilitimi dhe kthimi n\u00eb gjendjen e m\u00ebparshme t\u00eb sistemit t\u00eb bonifikim-kullim-vaditjes n\u00eb zon\u00eb ku duhet t\u00eb riparohen diga, argjinatura, kanale t\u00eb niveleve t\u00eb ndrysh\u00ebm etj., q\u00eb do t\u00eb shkojn\u00eb rreth 15 milion\u00eb euro.<\/p>\n<p>Rehabilitimi i infrastruktur\u00ebs rrugore nacionale e rurale, i linjave t\u00eb shp\u00ebrndarjes t\u00eb energjis\u00eb elektrike, i telefonis\u00eb etj., element\u00eb q\u00eb do t\u00eb evidentohen pas inspektimit n\u00eb zon\u00eb, q\u00eb mund t\u00eb kapin vlera rreth 3 milion\u00eb euro.<\/p>\n<p>Shpenzime p\u00ebr operacionet qe kryhen e do t\u00eb kryhen deri n\u00eb kthimin e banor\u00ebve n\u00eb sht\u00ebpit\u00eb e tyre, q\u00eb mund t\u00eb shkojn\u00eb rreh 5 milion\u00eb euro. Shif\u00ebr kjo q\u00eb p\u00ebrfshin shpenzimet e policis\u00eb, t\u00eb ushtris\u00eb, t\u00eb strukturave t\u00eb emergjenc\u00ebs civile, t\u00eb pushtetit vendor si nd\u00ebrmarrjes lokale, komuna, prefekture, qark etj.<\/p>\n<p>T\u00eb gjitha k\u00ebto shpenzime arrijn\u00eb minimalisht n\u00eb shum\u00ebn e 126.8 milion\u00eb eurove!<\/p>\n<p><strong>Nga pritet t\u00eb dalin parat\u00eb<\/strong><br \/>\nD\u00ebmshp\u00ebrblimi i humbjeve nga p\u00ebrmbytjet pritet t\u00eb p\u00ebrballohen nga Fondi Rezerv\u00eb i buxhetit t\u00eb shtetit, i cili fillimisht ka qen\u00eb n\u00eb vler\u00ebn e rreth 2.5 miliard\u00eb lek\u00ebve. Por p\u00ebrgjat\u00eb gjith\u00eb vitit, ai \u00ebsht\u00eb prekur me vendim t\u00eb ndryshme t\u00eb qeveris\u00eb, duke b\u00ebr\u00eb q\u00eb n\u00eb ark\u00eb t\u00eb mos jen\u00eb m\u00eb shum\u00eb se rreth 500 milion\u00eb lek\u00eb.<\/p>\n<p>Vendimi i fundit i qeveris\u00eb, i cili prek fondin rezerv\u00eb ka t\u00eb b\u00ebj\u00eb me blerjen e nj\u00eb autovetur\u00eb me vler\u00eb 70 milion\u00eb lek\u00eb n\u00eb llogari t\u00eb Parkut t\u00eb Delegacioneve. E vetmja zgjidhje p\u00ebr t\u00eb p\u00ebrballuar fatur\u00ebn e majme t\u00eb p\u00ebrmbytjeve \u00ebsht\u00eb t\u00eb ndryshohet buxheti i shtetit dhe t\u00eb ndahet nj\u00eb z\u00eb i ve\u00e7ant\u00eb p\u00ebr d\u00ebmshp\u00ebrblimin.<\/p>\n","protected":false},"excerpt":{"rendered":"<p>Shekulli Online, 07.12.2010 Ekspert\u00ebt kan\u00eb p\u00ebrllogaritur p\u00ebr her\u00eb t\u00eb par\u00eb d\u00ebmin q\u00eb i \u00ebsht\u00eb shkaktuar shtetit shqiptar dhe banor\u00ebve t\u00eb zon\u00ebs nga p\u00ebrmbytjet e fundit. Si jan\u00eb llogaritur d\u00ebmet, fatura e plot\u00eb dhe m\u00ebnyra se si t\u00eb d\u00ebmtuarit mund t\u00eb marrin parat\u00eb e tyre Strukturat shtet\u00ebrore dhe banor\u00ebt e p\u00ebrmbytur t\u00eb zon\u00ebs s\u00eb Shkodr\u00ebs po [&hellip;]<\/p>\n","protected":false},"author":1,"featured_media":0,"comment_status":"open","ping_status":"closed","sticky":false,"template":"","format":"standard","meta":{"footnotes":""},"categories":[2],"tags":[],"class_list":{"0":"post-5129","1":"post","2":"type-post","3":"status-publish","4":"format-standard","6":"category-artikuj"},"yoast_head":"<!-- This site is optimized with the Yoast SEO plugin v27.4 - https:\/\/yoast.com\/product\/yoast-seo-wordpress\/ -->\n<title>P\u00ebrmbytjet, 127 milion\u00eb euro! - FjALA e LIR\u00cb - Arkivi<\/title>\n<meta name=\"robots\" content=\"index, follow, max-snippet:-1, max-image-preview:large, max-video-preview:-1\" \/>\n<link rel=\"canonical\" href=\"https:\/\/fjala.info\/2009-2015\/permbytjet-127-milione-euro\/\" \/>\n<meta property=\"og:locale\" content=\"sq_AL\" \/>\n<meta property=\"og:type\" content=\"article\" \/>\n<meta property=\"og:title\" content=\"P\u00ebrmbytjet, 127 milion\u00eb euro! - FjALA e LIR\u00cb - Arkivi\" \/>\n<meta property=\"og:description\" content=\"Shekulli Online, 07.12.2010 Ekspert\u00ebt kan\u00eb p\u00ebrllogaritur p\u00ebr her\u00eb t\u00eb par\u00eb d\u00ebmin q\u00eb i \u00ebsht\u00eb shkaktuar shtetit shqiptar dhe banor\u00ebve t\u00eb zon\u00ebs nga p\u00ebrmbytjet e fundit. Si jan\u00eb llogaritur d\u00ebmet, fatura e plot\u00eb dhe m\u00ebnyra se si t\u00eb d\u00ebmtuarit mund t\u00eb marrin parat\u00eb e tyre Strukturat shtet\u00ebrore dhe banor\u00ebt e p\u00ebrmbytur t\u00eb zon\u00ebs s\u00eb Shkodr\u00ebs po [&hellip;]\" \/>\n<meta property=\"og:url\" content=\"https:\/\/fjala.info\/2009-2015\/permbytjet-127-milione-euro\/\" \/>\n<meta property=\"og:site_name\" content=\"FjALA e LIR\u00cb - Arkivi\" \/>\n<meta property=\"article:published_time\" content=\"2010-12-07T22:46:43+00:00\" \/>\n<meta property=\"og:image\" content=\"http:\/\/fjala.shkoder.net\/wp-content\/uploads\/2010\/12\/shkoder_pamje_nga_lart-300x184.jpg\" \/>\n<meta name=\"author\" content=\"admin\" \/>\n<meta name=\"twitter:card\" content=\"summary_large_image\" \/>\n<meta name=\"twitter:label1\" content=\"Written by\" \/>\n\t<meta name=\"twitter:data1\" content=\"admin\" \/>\n\t<meta name=\"twitter:label2\" content=\"Est. reading time\" \/>\n\t<meta name=\"twitter:data2\" content=\"5 minutes\" \/>\n<script type=\"application\/ld+json\" class=\"yoast-schema-graph\">{\"@context\":\"https:\\\/\\\/schema.org\",\"@graph\":[{\"@type\":\"Article\",\"@id\":\"https:\\\/\\\/fjala.info\\\/2009-2015\\\/permbytjet-127-milione-euro\\\/#article\",\"isPartOf\":{\"@id\":\"https:\\\/\\\/fjala.info\\\/2009-2015\\\/permbytjet-127-milione-euro\\\/\"},\"author\":{\"name\":\"admin\",\"@id\":\"https:\\\/\\\/fjala.info\\\/2009-2015\\\/#\\\/schema\\\/person\\\/3aa1163ef05469c496fc94e77611ada2\"},\"headline\":\"P\u00ebrmbytjet, 127 milion\u00eb euro!\",\"datePublished\":\"2010-12-07T22:46:43+00:00\",\"mainEntityOfPage\":{\"@id\":\"https:\\\/\\\/fjala.info\\\/2009-2015\\\/permbytjet-127-milione-euro\\\/\"},\"wordCount\":1104,\"commentCount\":0,\"publisher\":{\"@id\":\"https:\\\/\\\/fjala.info\\\/2009-2015\\\/#organization\"},\"image\":{\"@id\":\"https:\\\/\\\/fjala.info\\\/2009-2015\\\/permbytjet-127-milione-euro\\\/#primaryimage\"},\"thumbnailUrl\":\"http:\\\/\\\/fjala.shkoder.net\\\/wp-content\\\/uploads\\\/2010\\\/12\\\/shkoder_pamje_nga_lart-300x184.jpg\",\"articleSection\":[\"Artikuj\"],\"inLanguage\":\"sq-AL\",\"potentialAction\":[{\"@type\":\"CommentAction\",\"name\":\"Comment\",\"target\":[\"https:\\\/\\\/fjala.info\\\/2009-2015\\\/permbytjet-127-milione-euro\\\/#respond\"]}]},{\"@type\":\"WebPage\",\"@id\":\"https:\\\/\\\/fjala.info\\\/2009-2015\\\/permbytjet-127-milione-euro\\\/\",\"url\":\"https:\\\/\\\/fjala.info\\\/2009-2015\\\/permbytjet-127-milione-euro\\\/\",\"name\":\"P\u00ebrmbytjet, 127 milion\u00eb euro! - FjALA e LIR\u00cb - Arkivi\",\"isPartOf\":{\"@id\":\"https:\\\/\\\/fjala.info\\\/2009-2015\\\/#website\"},\"primaryImageOfPage\":{\"@id\":\"https:\\\/\\\/fjala.info\\\/2009-2015\\\/permbytjet-127-milione-euro\\\/#primaryimage\"},\"image\":{\"@id\":\"https:\\\/\\\/fjala.info\\\/2009-2015\\\/permbytjet-127-milione-euro\\\/#primaryimage\"},\"thumbnailUrl\":\"http:\\\/\\\/fjala.shkoder.net\\\/wp-content\\\/uploads\\\/2010\\\/12\\\/shkoder_pamje_nga_lart-300x184.jpg\",\"datePublished\":\"2010-12-07T22:46:43+00:00\",\"breadcrumb\":{\"@id\":\"https:\\\/\\\/fjala.info\\\/2009-2015\\\/permbytjet-127-milione-euro\\\/#breadcrumb\"},\"inLanguage\":\"sq-AL\",\"potentialAction\":[{\"@type\":\"ReadAction\",\"target\":[\"https:\\\/\\\/fjala.info\\\/2009-2015\\\/permbytjet-127-milione-euro\\\/\"]}]},{\"@type\":\"ImageObject\",\"inLanguage\":\"sq-AL\",\"@id\":\"https:\\\/\\\/fjala.info\\\/2009-2015\\\/permbytjet-127-milione-euro\\\/#primaryimage\",\"url\":\"http:\\\/\\\/fjala.shkoder.net\\\/wp-content\\\/uploads\\\/2010\\\/12\\\/shkoder_pamje_nga_lart-300x184.jpg\",\"contentUrl\":\"http:\\\/\\\/fjala.shkoder.net\\\/wp-content\\\/uploads\\\/2010\\\/12\\\/shkoder_pamje_nga_lart-300x184.jpg\"},{\"@type\":\"BreadcrumbList\",\"@id\":\"https:\\\/\\\/fjala.info\\\/2009-2015\\\/permbytjet-127-milione-euro\\\/#breadcrumb\",\"itemListElement\":[{\"@type\":\"ListItem\",\"position\":1,\"name\":\"Home\",\"item\":\"https:\\\/\\\/fjala.info\\\/2009-2015\\\/\"},{\"@type\":\"ListItem\",\"position\":2,\"name\":\"P\u00ebrmbytjet, 127 milion\u00eb euro!\"}]},{\"@type\":\"WebSite\",\"@id\":\"https:\\\/\\\/fjala.info\\\/2009-2015\\\/#website\",\"url\":\"https:\\\/\\\/fjala.info\\\/2009-2015\\\/\",\"name\":\"FjALA e LIR\u00cb - Arkivi\",\"description\":\"Arkivi 2009-2015\",\"publisher\":{\"@id\":\"https:\\\/\\\/fjala.info\\\/2009-2015\\\/#organization\"},\"potentialAction\":[{\"@type\":\"SearchAction\",\"target\":{\"@type\":\"EntryPoint\",\"urlTemplate\":\"https:\\\/\\\/fjala.info\\\/2009-2015\\\/?s={search_term_string}\"},\"query-input\":{\"@type\":\"PropertyValueSpecification\",\"valueRequired\":true,\"valueName\":\"search_term_string\"}}],\"inLanguage\":\"sq-AL\"},{\"@type\":\"Organization\",\"@id\":\"https:\\\/\\\/fjala.info\\\/2009-2015\\\/#organization\",\"name\":\"FjALA e LIR\u00cb - Arkivi\",\"url\":\"https:\\\/\\\/fjala.info\\\/2009-2015\\\/\",\"logo\":{\"@type\":\"ImageObject\",\"inLanguage\":\"sq-AL\",\"@id\":\"https:\\\/\\\/fjala.info\\\/2009-2015\\\/#\\\/schema\\\/logo\\\/image\\\/\",\"url\":\"\",\"contentUrl\":\"\",\"caption\":\"FjALA e LIR\u00cb - Arkivi\"},\"image\":{\"@id\":\"https:\\\/\\\/fjala.info\\\/2009-2015\\\/#\\\/schema\\\/logo\\\/image\\\/\"}},{\"@type\":\"Person\",\"@id\":\"https:\\\/\\\/fjala.info\\\/2009-2015\\\/#\\\/schema\\\/person\\\/3aa1163ef05469c496fc94e77611ada2\",\"name\":\"admin\",\"image\":{\"@type\":\"ImageObject\",\"inLanguage\":\"sq-AL\",\"@id\":\"https:\\\/\\\/fjala.info\\\/2009-2015\\\/wp-content\\\/uploads\\\/2012\\\/02\\\/arben_cokaj-120x150.jpg\",\"url\":\"https:\\\/\\\/fjala.info\\\/2009-2015\\\/wp-content\\\/uploads\\\/2012\\\/02\\\/arben_cokaj-120x150.jpg\",\"contentUrl\":\"https:\\\/\\\/fjala.info\\\/2009-2015\\\/wp-content\\\/uploads\\\/2012\\\/02\\\/arben_cokaj-120x150.jpg\",\"caption\":\"admin\"},\"description\":\"Admin, Fjala e Lir\u00eb\",\"sameAs\":[\"https:\\\/\\\/fjala.info\\\/\"],\"url\":\"https:\\\/\\\/fjala.info\\\/2009-2015\\\/author\\\/admin\\\/\"}]}<\/script>\n<!-- \/ Yoast SEO plugin. -->","yoast_head_json":{"title":"P\u00ebrmbytjet, 127 milion\u00eb euro! - FjALA e LIR\u00cb - Arkivi","robots":{"index":"index","follow":"follow","max-snippet":"max-snippet:-1","max-image-preview":"max-image-preview:large","max-video-preview":"max-video-preview:-1"},"canonical":"https:\/\/fjala.info\/2009-2015\/permbytjet-127-milione-euro\/","og_locale":"sq_AL","og_type":"article","og_title":"P\u00ebrmbytjet, 127 milion\u00eb euro! - FjALA e LIR\u00cb - Arkivi","og_description":"Shekulli Online, 07.12.2010 Ekspert\u00ebt kan\u00eb p\u00ebrllogaritur p\u00ebr her\u00eb t\u00eb par\u00eb d\u00ebmin q\u00eb i \u00ebsht\u00eb shkaktuar shtetit shqiptar dhe banor\u00ebve t\u00eb zon\u00ebs nga p\u00ebrmbytjet e fundit. Si jan\u00eb llogaritur d\u00ebmet, fatura e plot\u00eb dhe m\u00ebnyra se si t\u00eb d\u00ebmtuarit mund t\u00eb marrin parat\u00eb e tyre Strukturat shtet\u00ebrore dhe banor\u00ebt e p\u00ebrmbytur t\u00eb zon\u00ebs s\u00eb Shkodr\u00ebs po [&hellip;]","og_url":"https:\/\/fjala.info\/2009-2015\/permbytjet-127-milione-euro\/","og_site_name":"FjALA e LIR\u00cb - Arkivi","article_published_time":"2010-12-07T22:46:43+00:00","og_image":[{"url":"http:\/\/fjala.shkoder.net\/wp-content\/uploads\/2010\/12\/shkoder_pamje_nga_lart-300x184.jpg","type":"","width":"","height":""}],"author":"admin","twitter_card":"summary_large_image","twitter_misc":{"Written by":"admin","Est. reading time":"5 minutes"},"schema":{"@context":"https:\/\/schema.org","@graph":[{"@type":"Article","@id":"https:\/\/fjala.info\/2009-2015\/permbytjet-127-milione-euro\/#article","isPartOf":{"@id":"https:\/\/fjala.info\/2009-2015\/permbytjet-127-milione-euro\/"},"author":{"name":"admin","@id":"https:\/\/fjala.info\/2009-2015\/#\/schema\/person\/3aa1163ef05469c496fc94e77611ada2"},"headline":"P\u00ebrmbytjet, 127 milion\u00eb euro!","datePublished":"2010-12-07T22:46:43+00:00","mainEntityOfPage":{"@id":"https:\/\/fjala.info\/2009-2015\/permbytjet-127-milione-euro\/"},"wordCount":1104,"commentCount":0,"publisher":{"@id":"https:\/\/fjala.info\/2009-2015\/#organization"},"image":{"@id":"https:\/\/fjala.info\/2009-2015\/permbytjet-127-milione-euro\/#primaryimage"},"thumbnailUrl":"http:\/\/fjala.shkoder.net\/wp-content\/uploads\/2010\/12\/shkoder_pamje_nga_lart-300x184.jpg","articleSection":["Artikuj"],"inLanguage":"sq-AL","potentialAction":[{"@type":"CommentAction","name":"Comment","target":["https:\/\/fjala.info\/2009-2015\/permbytjet-127-milione-euro\/#respond"]}]},{"@type":"WebPage","@id":"https:\/\/fjala.info\/2009-2015\/permbytjet-127-milione-euro\/","url":"https:\/\/fjala.info\/2009-2015\/permbytjet-127-milione-euro\/","name":"P\u00ebrmbytjet, 127 milion\u00eb euro! - FjALA e LIR\u00cb - Arkivi","isPartOf":{"@id":"https:\/\/fjala.info\/2009-2015\/#website"},"primaryImageOfPage":{"@id":"https:\/\/fjala.info\/2009-2015\/permbytjet-127-milione-euro\/#primaryimage"},"image":{"@id":"https:\/\/fjala.info\/2009-2015\/permbytjet-127-milione-euro\/#primaryimage"},"thumbnailUrl":"http:\/\/fjala.shkoder.net\/wp-content\/uploads\/2010\/12\/shkoder_pamje_nga_lart-300x184.jpg","datePublished":"2010-12-07T22:46:43+00:00","breadcrumb":{"@id":"https:\/\/fjala.info\/2009-2015\/permbytjet-127-milione-euro\/#breadcrumb"},"inLanguage":"sq-AL","potentialAction":[{"@type":"ReadAction","target":["https:\/\/fjala.info\/2009-2015\/permbytjet-127-milione-euro\/"]}]},{"@type":"ImageObject","inLanguage":"sq-AL","@id":"https:\/\/fjala.info\/2009-2015\/permbytjet-127-milione-euro\/#primaryimage","url":"http:\/\/fjala.shkoder.net\/wp-content\/uploads\/2010\/12\/shkoder_pamje_nga_lart-300x184.jpg","contentUrl":"http:\/\/fjala.shkoder.net\/wp-content\/uploads\/2010\/12\/shkoder_pamje_nga_lart-300x184.jpg"},{"@type":"BreadcrumbList","@id":"https:\/\/fjala.info\/2009-2015\/permbytjet-127-milione-euro\/#breadcrumb","itemListElement":[{"@type":"ListItem","position":1,"name":"Home","item":"https:\/\/fjala.info\/2009-2015\/"},{"@type":"ListItem","position":2,"name":"P\u00ebrmbytjet, 127 milion\u00eb euro!"}]},{"@type":"WebSite","@id":"https:\/\/fjala.info\/2009-2015\/#website","url":"https:\/\/fjala.info\/2009-2015\/","name":"FjALA e LIR\u00cb - Arkivi","description":"Arkivi 2009-2015","publisher":{"@id":"https:\/\/fjala.info\/2009-2015\/#organization"},"potentialAction":[{"@type":"SearchAction","target":{"@type":"EntryPoint","urlTemplate":"https:\/\/fjala.info\/2009-2015\/?s={search_term_string}"},"query-input":{"@type":"PropertyValueSpecification","valueRequired":true,"valueName":"search_term_string"}}],"inLanguage":"sq-AL"},{"@type":"Organization","@id":"https:\/\/fjala.info\/2009-2015\/#organization","name":"FjALA e LIR\u00cb - Arkivi","url":"https:\/\/fjala.info\/2009-2015\/","logo":{"@type":"ImageObject","inLanguage":"sq-AL","@id":"https:\/\/fjala.info\/2009-2015\/#\/schema\/logo\/image\/","url":"","contentUrl":"","caption":"FjALA e LIR\u00cb - Arkivi"},"image":{"@id":"https:\/\/fjala.info\/2009-2015\/#\/schema\/logo\/image\/"}},{"@type":"Person","@id":"https:\/\/fjala.info\/2009-2015\/#\/schema\/person\/3aa1163ef05469c496fc94e77611ada2","name":"admin","image":{"@type":"ImageObject","inLanguage":"sq-AL","@id":"https:\/\/fjala.info\/2009-2015\/wp-content\/uploads\/2012\/02\/arben_cokaj-120x150.jpg","url":"https:\/\/fjala.info\/2009-2015\/wp-content\/uploads\/2012\/02\/arben_cokaj-120x150.jpg","contentUrl":"https:\/\/fjala.info\/2009-2015\/wp-content\/uploads\/2012\/02\/arben_cokaj-120x150.jpg","caption":"admin"},"description":"Admin, Fjala e Lir\u00eb","sameAs":["https:\/\/fjala.info\/"],"url":"https:\/\/fjala.info\/2009-2015\/author\/admin\/"}]}},"_links":{"self":[{"href":"https:\/\/fjala.info\/2009-2015\/wp-json\/wp\/v2\/posts\/5129","targetHints":{"allow":["GET"]}}],"collection":[{"href":"https:\/\/fjala.info\/2009-2015\/wp-json\/wp\/v2\/posts"}],"about":[{"href":"https:\/\/fjala.info\/2009-2015\/wp-json\/wp\/v2\/types\/post"}],"author":[{"embeddable":true,"href":"https:\/\/fjala.info\/2009-2015\/wp-json\/wp\/v2\/users\/1"}],"replies":[{"embeddable":true,"href":"https:\/\/fjala.info\/2009-2015\/wp-json\/wp\/v2\/comments?post=5129"}],"version-history":[{"count":0,"href":"https:\/\/fjala.info\/2009-2015\/wp-json\/wp\/v2\/posts\/5129\/revisions"}],"wp:attachment":[{"href":"https:\/\/fjala.info\/2009-2015\/wp-json\/wp\/v2\/media?parent=5129"}],"wp:term":[{"taxonomy":"category","embeddable":true,"href":"https:\/\/fjala.info\/2009-2015\/wp-json\/wp\/v2\/categories?post=5129"},{"taxonomy":"post_tag","embeddable":true,"href":"https:\/\/fjala.info\/2009-2015\/wp-json\/wp\/v2\/tags?post=5129"}],"curies":[{"name":"wp","href":"https:\/\/api.w.org\/{rel}","templated":true}]}}