{"id":5123,"date":"2012-09-23T09:18:19","date_gmt":"2012-09-23T08:18:19","guid":{"rendered":"http:\/\/www.fjala.info\/?p=5123"},"modified":"2012-09-23T09:18:19","modified_gmt":"2012-09-23T08:18:19","slug":"sabit-brokaj-berisha-po-i-shet-detin-grekut-si-zogu-serbeve-shen-naumin","status":"publish","type":"post","link":"https:\/\/fjala.info\/2009-2015\/sabit-brokaj-berisha-po-i-shet-detin-grekut-si-zogu-serbeve-shen-naumin\/","title":{"rendered":"Sabit Brokaj: Berisha po i shet detin grekut, si Zogu serb\u00ebve Sh\u00ebn Naumin"},"content":{"rendered":"<p><img decoding=\"async\" class=\"alignleft size-thumbnail wp-image-7236\" title=\"Sabit Brokaj\" src=\"http:\/\/www.fjala.info\/2012\/sabit_brokaj.jpg\" alt=\"\" width=\"200\" \/> Nga <strong>Jakup B. Gjo\u00e7a<\/strong>, <em>22 Shtator 2012<\/em><\/p>\n<p><em>Tiran\u00eb<\/em> &#8211; <em>Shum\u00ebkush, duke d\u00ebgjuar ministrin e Jasht\u00ebm grek, t\u00eb deklaroj\u00eb q\u00eb qeveria shqiptar<br \/>\nuhet t\u00eb zbatoj\u00eb marr\u00ebveshjen detare, mund t\u00eb pyes\u00eb: Si ka mund\u00ebsi kjo? Grek\u00ebt nuk din\u00eb gj\u00eb p\u00ebr anulimin e saj nga Gjykata Kushtetuese e Shqip\u00ebris\u00eb?<\/em><\/p>\n<p>Ish- ministri i Mbrojtjes, <strong>Sabit Brokaj<\/strong>, n\u00eb intervist\u00ebn p\u00ebr \u201cTelegraf\u201d, shpjegon se qeveritar\u00ebt tan\u00eb dhe Berisha jan\u00eb pengje politike te grek\u00ebt. Konsensusi i reform\u00ebs s\u00eb kufizimeve t\u00eb imuniteteve ka ngjallur m\u00eb shum\u00eb pik\u00ebpyetje, n\u00eb drejtim t\u00eb PS-s\u00eb, se si \u00ebsht\u00eb e mundur q\u00eb PS-ja dor\u00ebzohet pa kushte dhe pa kushtet e saj? Zoti Brokaj, si an\u00ebtari i K\u00ebshillit t\u00eb t\u00eb Urt\u00ebve pran\u00eb Kryetarit Rama, e thot\u00eb tro\u00e7, shkakun. PS-s\u00eb i mungon guximi politik dhe q\u00ebndrueshm\u00ebria n\u00eb principet politike t\u00eb saj.<\/p>\n<p>Zoti Brokaj, duke e njohur nga af\u00ebr, p\u00ebr shuk\u00eb koh\u00eb Berish\u00ebn, arsyeton edhe p\u00ebrse Berisha nuk t\u00ebrhiqet asnj\u00ebher\u00eb, me k\u00ebt\u00eb opozit\u00eb, nga politika e saj, duke e detyruar PS-s\u00eb q\u00eb t\u00eb votoj\u00eb at\u00eb politik\u00eb q\u00eb p\u00ebrcakton si, si m\u00eb i forti i loj\u00ebs politike. Dhe, m\u00eb kryesorja, zoti Brokaj, e pohon haptazi. Edi Rama ka k\u00ebshilltar\u00eb t\u00eb k\u00ebqij dhe 4-5 njer\u00ebz n\u00eb kok\u00ebn e PS-s\u00eb, punojn\u00eb p\u00ebr llogari t\u00eb Berish\u00ebs!<\/p>\n<p>&#8211; <em>Prof. Brokaj, tashm\u00eb q\u00eb u miratua me konsensus reforma e imuniteteve, duhet t\u00eb besojm\u00eb se politikan\u00ebt do t\u00eb luftojn\u00eb korrupsionin?<\/em><\/p>\n<p>&#8211; As q\u00eb b\u00ebhet fjal\u00eb. Imuniteti u b\u00eb mir\u00eb q\u00eb u hoq, natyrisht, jo plot\u00ebsisht mir\u00eb, pasi ai nuk u hoq me ndryshimet e domosdoshme, t\u00eb cilat e sh\u00ebndoshnin k\u00ebt\u00eb reform\u00eb. Heqja e imunitetit, me k\u00ebto struktura t\u00eb drejt\u00ebsis\u00eb, nuk sjell asnj\u00eb dobi, n\u00eb kuptimin e korrupsionit, lidhur me guximin politik t\u00eb mendimit opozitar. Kjo periudh\u00eb, e ve\u00e7an\u00ebrisht koha kur Saliu ka qen\u00eb President, ka qen\u00eb shum\u00eb e eg\u00ebr ndaj mendimit opozitar. Konsideroj, q\u00eb \u00ebsht\u00eb nj\u00eb veprim i domosdosh\u00ebm q\u00eb duhej kryhej, por n\u00eb nj\u00eb terren jo krejt\u00ebsisht t\u00eb dob\u00ebt, i cili ka shum\u00eb mund\u00ebsi q\u00eb n\u00eb aspektin pozitiv, t\u00eb mos e nxjerr\u00eb aq n\u00eb dukje.<\/p>\n<p>&#8211; <em>Nd\u00ebrkomb\u00ebtar\u00ebt, kur kan\u00eb p\u00ebrcaktuar standardet demokratike q\u00eb duhen nd\u00ebrtuar e arrir\u00eb, p\u00ebrse nguten q\u00eb reformat t\u00eb votohen, e pastaj, t\u00eb b\u00ebjm\u00eb riparimet, si\u00e7 than\u00eb p\u00ebr ndryshimet kushtetuese q\u00eb propozoi PS-ja?<\/em><\/p>\n<p>&#8211; Ju m\u00eb kujtuat nj\u00eb shkrim t\u00eb Daut Gumenit, n\u00eb gazet\u00ebn \u201cTelegraf\u201d, me titull: \u201c100 vjet d\u00ebshtim, me ndihm\u00ebn e nd\u00ebrkomb\u00ebtar\u00ebve\u201d. Un\u00eb e kuptoj, q\u00eb pavar\u00ebsisht synimeve t\u00eb mira, aq sa kan\u00eb qen\u00eb, kuptohet, por n\u00eb periudha e momente jetike p\u00ebr ne, ata kan\u00eb qen\u00eb realisht t\u00eb d\u00ebmsh\u00ebm. Jan\u00eb shum\u00eb, por un\u00eb do ta filloja kur nd\u00ebrkomb\u00ebtar\u00ebt miratuan nj\u00ebz\u00ebri ndryshimet kushtetuese, n\u00eb 2008, t\u00eb cilat, realisht, shkat\u00ebrronin Kushtetut\u00ebn n\u00eb themel, dhe ambasador\u00ebt e m\u00ebdhenj, q\u00eb ishin n\u00eb Tiran\u00eb, e mb\u00ebshtet\u00ebn at\u00ebher\u00eb at\u00eb, q\u00eb sot e thon\u00eb, ishte gabim. N\u00eb qoft\u00eb se b\u00ebnte gabim Edi Rama, se aq kultur\u00eb politike kishte, apo Sali Berisha me synimin q\u00eb t\u00eb arrinte at\u00eb q\u00eb nuk arriti n\u00eb 1994, nd\u00ebrkomb\u00ebtar\u00ebt nuk duhet ta linin t\u00eb b\u00ebnte at\u00eb gabim fatal, e cila \u00ebsht\u00eb edhe shkat\u00ebrrim i kontributeve t\u00eb tyre, ato q\u00eb ishin pozitive deri tani. Dhe n\u00eb vijim, ata nuk kan\u00eb qen\u00eb adekuat me realitetin e problemet me ne.<\/p>\n<p>N\u00eb heqjen e imunitetit, nd\u00ebrkomb\u00ebtar\u00ebt nuk ushtruan presionin e mjaftuesh\u00ebm p\u00ebr ndryshimet kushtetuese p\u00ebrkat\u00ebse. Ata kan\u00eb kritikuar Kryetaren e parlamentit ton\u00eb, p\u00ebr ndryshimin krejt\u00ebsisht partiak t\u00eb saj n\u00eb parlament dhe e harruan at\u00eb kritik\u00eb dhe vet\u00eb reform\u00ebn parlamentare. Reformat duhet t\u00eb kishin filluar me reform\u00ebn parlamentare, q\u00eb t\u00eb harmonizonin reformat e tjera. Pastaj, duhet t\u00eb vazhdonin me ndryshimet kushtetuese dhe sigurisht element\u00ebt ligjor\u00eb q\u00eb p\u00ebrmir\u00ebsojn\u00eb figurat e drejt\u00ebsis\u00eb. M\u00eb falni, po ata (nd\u00ebrkomb\u00ebtar\u00ebt) i kan\u00eb b\u00ebr\u00eb pun\u00ebt te ne, si i l\u00ebshon bajgat, lopa.<\/p>\n<p>&#8211; <em>Mos vall\u00eb BE k\u00ebrkon t\u00eb tjera standarde europiane t\u00eb nd\u00ebrtohen n\u00eb Shqip\u00ebri dhe me t\u00eb tjera standarde mjaftohen e k\u00ebnaqen emisar\u00ebt e saj q\u00eb ka d\u00ebrguar te ne?<\/em><\/p>\n<p>&#8211; Po, ky \u00ebsht\u00eb konstatim real, i sakt\u00eb, q\u00eb \u00ebsht\u00eb pranuar. Ata te ne b\u00ebjn\u00eb kompromisin e k\u00ebtejsh\u00ebm. Emisar\u00ebt e faktorit nd\u00ebrkomb\u00ebtar te ne, pranojn\u00eb n\u00eb Shqip\u00ebri ato standarde q\u00eb n\u00eb vendet e tyre kan\u00eb 50 vjet q\u00eb jan\u00eb t\u00eb papranueshme. Koncepti i tyre p\u00ebr demokracin\u00eb n\u00eb Shqip\u00ebri, \u00ebsht\u00eb jasht\u00ebzakonisht i prapambetur. Jo pozitiv, e para mbi realitetin shqiptar. N\u00eb p\u00ebrputhje me k\u00ebt\u00eb, ata e kan\u00eb humbur mund\u00ebsin\u00eb p\u00ebr t\u00eb qen\u00eb t\u00eb dobish\u00ebm. Ve\u00e7 k\u00ebsaj, edhe nga ata, e gjykoj, gjynah mos qoft\u00eb, por pathologjia e shoq\u00ebris\u00eb son\u00eb, kompromisi e t\u00eb tjera, un\u00eb besoj q\u00eb luajn\u00eb rolin e tyre n\u00eb aspektin negativ t\u00eb ndikimit t\u00eb tyre.<\/p>\n<p>&#8211; <em>Mos aludoni q\u00eb edhe emisar\u00ebt e faktorit nd\u00ebrkomb\u00ebtar n\u00eb Shqip\u00ebri jan\u00eb infektuar me virusin ton\u00eb t\u00eb korrupsionit?<\/em><\/p>\n<p>&#8211; Un\u00eb nuk mendoj ndryshe, sesi \u00ebsht\u00eb e mundur q\u00eb ata q\u00eb vijn\u00eb me nj\u00eb mision p\u00ebr t\u00eb konsoliduar demokracin\u00eb n\u00eb Shqip\u00ebri, kan\u00eb nj\u00eb edukat\u00eb t\u00eb formimit demokratik n\u00eb vendin e tyre, dalin krejt\u00ebsisht jasht\u00eb funksionit. Pra, kan\u00eb nj\u00eb detyrim tjet\u00ebr t\u00eb madh dhe natyrisht \u00ebsht\u00eb ajo q\u00eb ndoshta u mungon atyre. Mbushja e xhepave.<\/p>\n<p>&#8211; <em>Si ka mund\u00ebsi q\u00eb k\u00ebta emisar\u00eb t\u00eb faktorit nd\u00ebrkomb\u00ebtar, nd\u00ebrsa b\u00ebhen merak p\u00ebr t\u00eb plot\u00ebsuar sasin\u00eb e reformave t\u00eb prioriteteve, nuk shqet\u00ebsohen p\u00ebr mosarritjen e standardeve demokratike n\u00eb realitetin shqiptar?<\/em><\/p>\n<p>&#8211; Kriteret e k\u00ebrkesat q\u00eb vendosin europian\u00ebt kan\u00eb karakter formal. K\u00ebtu dhe k\u00ebta nuk k\u00ebrkojn\u00eb me themel nj\u00eb Shqip\u00ebri demokratike. Nuk flas p\u00ebr ato kritere q\u00eb na kan\u00eb v\u00ebn\u00eb. Flas p\u00ebr nj\u00eb kriter, q\u00eb Shqip\u00ebrin\u00eb e b\u00ebn mesjet\u00eb. Gjakmarrja. Si \u00ebsht\u00eb e mundur q\u00eb k\u00ebta europian\u00eb, eliminimin e gjakmarrjes nuk e v\u00ebn\u00eb kriter? A jemi vend europian ne, me gjakmarrjen? \u00cbsht\u00eb si pranimi n\u00eb NATO. Ushtria jon\u00eb \u00ebsht\u00eb si ushtria n\u00eb koh\u00ebn e Zogut, me fuqin\u00eb mbrojt\u00ebse, e megjith\u00ebk\u00ebt\u00eb, ne jemi n\u00eb NATO.<\/p>\n<p>&#8211; <em>Duke marr\u00eb shkak nga votimi i reform\u00ebs s\u00eb imuniteteve nga PS-ja pa kushte dhe pa kushtet e saj, konsensusi i saj n\u00eb k\u00ebto reforma formale, a \u00ebsht\u00eb konstruktiv?<\/em><\/p>\n<p>&#8211; Ajo q\u00eb m\u00eb nervozon te PS-ja, q\u00eb pasi i parashtron kushtet dhe kryesisht kan\u00eb qen\u00eb principiale, ajo t\u00ebrhiqet dhe p\u00ebrher\u00eb del loja antidemokratike e Berish\u00ebs. Realiteti jodemokratik i Shqip\u00ebris\u00eb ka p\u00ebrgjegj\u00ebsin\u00eb edhe t\u00eb opozit\u00ebs. Nuk \u00ebsht\u00eb hera e par\u00eb q\u00eb PS-ja t\u00ebrhiqet nga kushtet e saj dhe, sa her\u00eb komunikoj me ata, u them: \u201c Mbahuni n\u00eb k\u00ebmb\u00eb, b\u00ebhuni nj\u00ebher\u00eb, xhan\u00ebm, n\u00eb kushtet q\u00eb vini\u201d. Mir\u00ebpo, me sa duket, jo aq se e gjykojn\u00eb q\u00eb q\u00ebndrimi paraprak i tyre nuk ka qen\u00eb i matur, por \u00ebsht\u00eb fakti q\u00eb ndoshta nuk jan\u00eb shum\u00eb solid\u00eb n\u00eb organizimin e produktin politik t\u00eb tyre. T\u00ebrheqjet gjat\u00eb 8 vjet\u00ebve, n\u00eb problemet m\u00eb t\u00eb m\u00ebdha, q\u00eb kan\u00eb shtruar ata me t\u00eb drejt\u00eb, e kan\u00eb b\u00ebr\u00eb opozit\u00ebn jo efikativ. Dhe nga ana tjet\u00ebr, i kan\u00eb dh\u00ebn\u00eb Berish\u00ebs, q\u00eb t\u00eb realizoj\u00eb \u00e7do veprim e q\u00ebllim t\u00eb tij jo demokratik p\u00ebr Shqip\u00ebrin\u00eb.<\/p>\n<p>&#8211; <em>Nj\u00eb pyetje interesante, do t\u00eb ishte: P\u00ebrse Berisha nuk t\u00ebrhiqet asnj\u00ebher\u00eb nga q\u00ebndrimet e tij dhe shohim vet\u00ebm PS-s\u00eb, q\u00eb b\u00ebn mbrapa nga politika e saj, pavar\u00ebsisht se k\u00ebt\u00eb t\u00ebrheqje mbrapa e justifikon, p\u00ebr hir t\u00eb\u2026 konsensusit?<\/em><\/p>\n<p>&#8211; Berisha e di dhe e njeh mir\u00eb PS-n\u00eb nga brenda. Gjithmon\u00eb n\u00eb kok\u00ebn e PS-s\u00eb punojn\u00eb 4-5 njer\u00ebz p\u00ebr llogari t\u00eb Berish\u00ebs. Ndaj, ai b\u00ebn k\u00ebshtu, sepse e di, q\u00eb PS-ja nuk do t\u00eb mbahet. Sikur PS-ja t\u00eb ngulte k\u00ebmb\u00eb te fjala e saj e th\u00ebn\u00eb dhe t\u00eb mos t\u00ebrhiqej, ju do ta shikonit se sa i dob\u00ebt b\u00ebhet Berisha, nga frika. Un\u00eb e njoh mir\u00eb, k\u00ebt\u00eb q\u00eb ju them.<\/p>\n<p>&#8211; <em>Mos vall\u00eb ju b\u00ebni fjal\u00eb p\u00ebr mungese t\u00eb guximin politik t\u00eb PS-s\u00eb, q\u00eb t\u00eb thot\u00eb: \u201c M\u00eb intereson m\u00eb shum\u00eb standardi demokratik i realitetit t\u00eb shqiptar\u00ebve, sesa konsensusi formal i nj\u00eb reforme formale?<\/em><\/p>\n<p>&#8211; N\u00eb qoft\u00eb se opozita nuk q\u00ebndron me guxim n\u00eb k\u00ebrkesat p\u00ebr t\u00eb nd\u00ebrtuar demokracin\u00eb, por luhatet, diku nga presioni i Berish\u00ebs, diku nga presioni i nd\u00ebrkomb\u00ebtar\u00ebve. Kjo tregon q\u00eb PS-ja n\u00eb konceptin e saj demokratik \u00ebsht\u00eb jo solide. Kur nuk plot\u00ebsohen standardet demokratike, duhet t\u00eb shqet\u00ebsohemi m\u00eb shum\u00eb, n\u00ebse jan\u00eb mir\u00eb Arvizu e Sequi? PS-ja ka patur dob\u00ebsi n\u00eb q\u00ebndres\u00eb t\u00eb principeve t\u00eb saj themelore.<\/p>\n<p>&#8211; <em>Dit\u00ebt e fundit ish-Presidenti Topi b\u00ebri fjal\u00eb p\u00ebr s\u00ebmundje pathologjike t\u00eb Kryeministrit. A ka v\u00ebrtet\u00ebsi dhe, sipas jush, p\u00ebrse tani kjo akuz\u00eb?<\/em><\/p>\n<p>&#8211; Pse shp\u00ebrtheu Bamiri? N\u00eb nj\u00eb kuptim, ka nj\u00eb justifikim. Si President, nuk mund t\u00eb fliste me k\u00ebt\u00eb gjuh\u00eb. Natyrisht, q\u00eb \u00ebsht\u00eb von\u00eb, p\u00ebr ato q\u00eb thuhen tani. Duhet t\u00eb ishin mbajtur q\u00ebndrime m\u00eb par\u00eb, po n\u00eb kuadrin e rolit t\u00eb Presidentit. Bamiri di shum\u00eb, edhe pa u b\u00ebr\u00eb President. Bamiri di shum\u00eb edhe p\u00ebr monopolet q\u00eb jan\u00eb krijuar, edhe p\u00ebr ato q\u00eb ai i quan vrasjet mafioze apo politike.<\/p>\n<p>I thot\u00eb tani, sepse s\u00eb pari \u00ebsht\u00eb akumulimi. N\u00eb politik\u00ebn shqiptare, fatkeq\u00ebsisht, secili mban fillimisht, n\u00eb thesin e vet gj\u00ebrat, q\u00eb do t\u2019i shp\u00ebrthej\u00eb n\u00eb nj\u00eb koh\u00eb tjet\u00ebr. Berisha, n\u00eb vet\u00eb loj\u00ebn q\u00eb b\u00ebn me kund\u00ebrshtar\u00ebt, e shpon vet\u00eb thesin, e del k\u00ebllira. Nuk mund t\u00eb them sa t\u00eb v\u00ebrteta jan\u00eb ato q\u00eb thot\u00eb Bamiri, n\u00eb kuptimin konkret\u00eb, por n\u00eb t\u00ebr\u00ebsi, them q\u00eb jan\u00eb t\u00eb v\u00ebrteta. N\u00eb fund t\u00eb fundit, Shqip\u00ebria \u00ebsht\u00eb me at\u00eb qesk\u00ebn e qelbit, dhe se i del qelbi, mir\u00eb b\u00ebhet.<\/p>\n<p>&#8211; <em>Sa t\u00eb besuesh\u00ebm te qytetar\u00ebt jan\u00eb k\u00ebta politikan\u00eb, kur shp\u00ebrthejn\u00eb vet\u00ebm pasi dikushi i prek te dhimbja e tyre, nd\u00ebrsa n\u00eb raste t\u00eb tjera, heshtin edhe pse i din\u00eb gj\u00ebrat?<\/em><\/p>\n<p>&#8211; Kjo \u00ebsht\u00eb s\u00ebmundja e politikan\u00ebve shqiptar\u00eb. N\u00eb thelb, nuk \u00ebsht\u00eb i politik\u00ebs, por \u00ebsht\u00eb karakterial. Ne i mbajm\u00eb pisll\u00ebqet dhe i nxjerrim kur ngacmohemi. Politika k\u00ebshtu b\u00ebhet n\u00eb sh\u00ebrbim t\u00eb individit dhe jo n\u00eb sh\u00ebrbim t\u00eb shoq\u00ebris\u00eb.<\/p>\n<p>&#8211; <em>N\u00eb k\u00ebt\u00eb konflikt kaq t\u00eb ashp\u00ebr politik Berisha-Topi-Spahiu, mos vall\u00eb \u00ebsht\u00eb loja e Berish\u00ebs, q\u00eb t\u00eb faktorizoj\u00eb AK-n\u00eb dhe FRD-n\u00eb, n\u00eb marrjen e votave q\u00eb ai nuk i merr dot, por nuk do q\u00eb gjithsesi t\u2019i marr\u00eb edhe PS-ja?<\/em><\/p>\n<p>&#8211; Mund t\u00eb arsyetohet edhe k\u00ebshtu. N\u00eb vetvete kjo do t\u00eb p\u00ebrb\u00ebnte nj\u00eb fenomen negativ, n\u00eb kuptimin q\u00eb Berisha p\u00ebrdor lojtar\u00eb p\u00ebr t\u00eb konsoliduar vetveten. Te ne cilido politikan q\u00eb shan shum\u00eb Berish\u00ebn, ka dyshime. Ka ndodh\u00eb kjo me Nanon, me Met\u00ebn. Tani ku kemi mb\u00ebrritur, i vetmi veprim pozitiv \u00ebsht\u00eb q\u00eb t\u00eb ik\u00eb Berisha. Sido q\u00eb t\u00eb jet\u00eb, un\u00eb krijimin e k\u00ebtyre dy forcave, e konsideroj pozitiv. Sepse dualiteti PD-PS deri tani nuk ka dh\u00ebn\u00eb pozitiven. Dhe n\u00eb situat\u00ebn q\u00eb jemi, duhen edhe forca t\u00eb reja, q\u00eb t\u00eb dalim. P\u00ebr mua problemi m\u00eb i madh \u00ebsht\u00eb nd\u00ebrgjegjja komb\u00ebtare jo plot\u00ebsisht e pjekur shqiptare. Ajo q\u00eb quhet patriotizmi, me kuptimin m\u00eb pozitiv. Dalja me nj\u00eb platform\u00eb t\u00eb till\u00eb, t\u00eb patriotizmit komb\u00ebtar, pavar\u00ebsisht se kush e ngre, p\u00ebr Kreshnik Spahiun un\u00eb kam shum\u00eb rezerva, por kauza q\u00eb ai ngre, \u00ebsht\u00eb shum\u00eb pozitive.<\/p>\n<p>&#8211; <em>Iniciativ\u00ebn e AK-s\u00eb, q\u00eb p\u00ebrgatit dosje penale p\u00ebr qeveritar\u00eb t\u00eb korruptuar, ju si e vler\u00ebsoni dhe p\u00ebrse opozita nuk e ka nd\u00ebrmarr\u00eb deri tani?<\/em><\/p>\n<p>&#8211; Po u fut politikani n\u00eb korrupsion, mos prit q\u00eb vendi t\u00eb ket\u00eb prokopi. Politika e korruptuar sjell drejt\u00ebsi t\u00eb korruptuar. Edhe pse akuzat e opozit\u00ebs kan\u00eb qen\u00eb n\u00eb maj\u00ebn e Everestit p\u00ebr korrupsion, n\u00eb prokurori nuk ka asnj\u00eb, sepse ato jan\u00eb akuza politike. E kush ka frik\u00eb nga akuzat politike sot? K\u00ebtu \u00ebsht\u00eb \u00e7nderuar politika, principet, \u00e7do gj\u00eb. Shyqyr q\u00eb t\u00eb b\u00ebhen dosjet, nj\u00eb her\u00eb, pavar\u00ebsisht q\u00eb i b\u00ebn forca m\u00eb e re politike. N\u00eb qoft\u00eb se i b\u00ebn Spahiu k\u00ebto q\u00eb thot\u00eb, hallall e past\u00eb. Un\u00eb nuk e besoj se Myslim Pashaj \u00ebsht\u00eb i pandersh\u00ebm, apo Lisen Bashkurti \u00ebsht\u00eb nga njer\u00ebzit m\u00eb t\u00eb ditur te ne.<\/p>\n<p>&#8211; <em>Edi Rama ka filluar fushat\u00ebn elektorale dhe ajo q\u00eb t\u00eb b\u00ebn p\u00ebrshtypje \u00ebsht\u00eb se e ka filluar i vet\u00ebm, pa aleat\u00ebt e vet, nga ana tjet\u00ebr b\u00ebn \u00e7mos q\u00eb t\u00eb par\u00eb LSI-n\u00eb, nga ankthi se pa LSI-n\u00eb, nuk fiton dot. Cili \u00ebsht\u00eb gjykimi juaj p\u00ebr raportet PS-Aleat\u00eb?<\/em><\/p>\n<p>&#8211; \u00c7\u2019\u00ebsht\u00eb e v\u00ebrteta, lidhur me aleat\u00ebt PS-ja ka patur p\u00ebrher\u00eb probleme. S\u00eb pari, ajo vet\u00eb nuk ka ditur t\u00eb punoj\u00eb me aleat\u00ebt. Nga ana tjet\u00ebr, aleat\u00ebt, duke par\u00eb q\u00eb PS-ja u ka nevoj\u00ebn atyre, i kan\u00eb b\u00ebr\u00eb k\u00ebrkesat \u00e7ik si havada. Dhe kjo ka sjell\u00eb mosp\u00ebrputhje midis tyre n\u00eb momente de\u00e7izive. Dihet q\u00eb zgjedhjet nga PS-ja jan\u00eb humbur thjesht nga mosfunksionimi i k\u00ebsaj politike t\u00eb aleancave. Deri tani, nuk m\u00eb duket t\u00eb ket\u00eb ndryshuar ndonj\u00eb gj\u00eb, pozitivisht. Nuk ka alternativ\u00eb tjet\u00ebr, ve\u00e7 asaj q\u00eb raportet e deritanish\u00ebm duhen ndryshuar urgjentisht. Derisa Topi, deri tani thot\u00eb t\u00eb shembim Salin\u00eb, PS-ja duhet t\u00eb vras\u00eb mendjen, t\u00eb mbledhin veten dhe t\u00eb nd\u00ebrtojn\u00eb politikat me aleat\u00ebt q\u00eb kan\u00eb q\u00ebllim t\u00eb rr\u00ebzojn\u00eb Berish\u00ebn.<\/p>\n<p>&#8211; <em>Gjuh\u00ebn tep\u00ebr t\u00eb ashp\u00ebr t\u00eb Ram\u00ebs, drejtuar Topit, \u201c t\u00eb dal\u00eb nga qypi\u201d, m\u00ebnyra p\u00ebr ta afruar, ju e gjykoni t\u00eb p\u00ebrshtatshme?<\/em><\/p>\n<p>&#8211; Edi, dikur ka th\u00ebn\u00eb: \u201cUn\u00eb nuk jam politikan\u201d. Un\u00eb, pas kaq vitesh nuk e kam t\u00eb drejt\u00ebn t\u00eb them q\u00eb \u00ebsht\u00eb politikan, por natyrisht, Edi b\u00ebn gabime politike. Kjo nuk \u00ebsht\u00eb nj\u00eb gjuh\u00eb politike. Shp\u00ebrthimi i Topit \u00ebsht\u00eb shum\u00ebfishi i shp\u00ebrthimeve t\u00eb Edit dhe ma merr mendja q\u00eb ka efekte m\u00eb t\u00eb m\u00ebdha nga shp\u00ebrthimet e Edit. P\u00ebrse nuk duhej pritur momenti, q\u00eb t\u00eb gjenden gjuh\u00ebt e afrimit.<\/p>\n<p>&#8211; <em>Pavar\u00ebsisht se pran\u00eb Kryetarit t\u00eb PS-s\u00eb funksionon K\u00ebshilli i t\u00eb Urt\u00ebve, mos vall\u00eb Edi Rama ka k\u00ebshilltar\u00eb t\u00eb k\u00ebqij, n\u00eb rrethin e tij t\u00eb ngusht\u00eb?<\/em><\/p>\n<p>&#8211; Po risjell vet\u00ebm nj\u00eb veprim. D\u00ebgjova q\u00eb kur Edi vajti n\u00eb Gjirin e Lalzit, vajti me dik\u00eb, p\u00ebr dik\u00eb, ku b\u00ebri p\u00ebr mua nj\u00eb gjest politik t\u00eb gabuar. Jo se takoi Met\u00ebn. Meta duhej takuar me domosdo, por jo n\u00eb Gjirin e Lazit. Absolutisht, jo. Ne nuk dinim gj\u00eb, por absolutisht, nuk do ta k\u00ebshillonim kurr\u00eb t\u00eb shkonte atje. Dikush e k\u00ebshilloi Edin. Dikush, edhe e \u00e7oi. Nj\u00eb k\u00ebshilltar q\u00eb e \u00e7on Kryetarin e partis\u00eb t\u00eb b\u00ebj\u00eb nj\u00eb veprim thell\u00ebsisht principialisht t\u00eb gabuar, ai nuk \u00ebsht\u00eb k\u00ebshilltar i mir\u00eb, por fajin nuk e ka k\u00ebshilltari. Fajin e ka ai q\u00eb e d\u00ebgjon dhe e merr me vete k\u00ebshilltarin.<\/p>\n<p>&#8211; <em>Profesor, d\u00ebgjuam edhe pardje ministrin e jasht\u00ebm grek t\u00eb thoshte q\u00eb qeveria shqiptare t\u00eb zbatoj\u00eb marr\u00ebveshjen e n\u00ebnshkruar. Ju besoni se luhen akoma negociata t\u00eb fshehta, apo mos vall\u00eb nuk \u00ebsht\u00eb zbardhur e t\u00ebra marr\u00ebveshja Shqip\u00ebri-Greqi p\u00ebr kufijt\u00eb detar\u00eb?<\/em><\/p>\n<p>&#8211; S\u00eb pari, marr\u00ebveshja ka qen\u00eb e fsheht\u00eb, n\u00eb kuptimin e plot\u00eb. Ajo marr\u00ebveshje nuk u drejtua nga Presidenti, ai u la m\u00ebnjan\u00eb. U b\u00ebn\u00eb bisedime, ku ish ish-komandanti i Flot\u00ebs Kristaq Gerveni, dihet cili ekip ishte, ata q\u00eb nd\u00ebrtuan projektin dhe \u00e7far\u00eb ndodhi me ata? Gerveni q\u00eb duhej t\u00eb ishte n\u00eb burg, ka vajtur n\u00eb NATO. At\u00eb e gradoi admiral, Berisha. K\u00ebtu nuk ka asgj\u00eb t\u00eb rastit, q\u00eb t\u00eb thuash ishte gabim personal i nj\u00eb personi. Ky veprim drejtohej direkt nga Berisha, ku lojtari kryesor ka qen\u00eb ish-ministri i Jasht\u00ebm, Lulzim Basha. Duke qen\u00eb q\u00eb kjo loj\u00eb \u00ebsht\u00eb b\u00ebr\u00eb fsheht\u00eb dhe kjo ka qen\u00eb fsheht\u00eb n\u00eb pengjet midis tyre. Dhe Avramopullos e ka kurajon, q\u00eb t\u00eb thot\u00eb ato q\u00eb neve na jan\u00eb t\u00eb hidhura, se e ka mb\u00ebrthyer Berish\u00ebn n\u00eb vendin e lig. Se, ndryshe, ai nuk do t\u00eb kishte kurajon.<\/p>\n<p>Derisa e ka rr\u00ebzuar Gjykata Kushtetuese, ajo marr\u00ebveshje nuk \u00ebsht\u00eb m\u00eb n\u00eb fuqi. Pse flet Avramopullos ashtu? \u00cbsht\u00eb kryetari i Shqip\u00ebris\u00eb? Politikat e kan\u00eb b\u00ebr\u00eb loj\u00ebn e fsheht\u00eb dhe mendon q\u00eb politikan\u00ebt shqiptar\u00eb q\u00eb kan\u00eb b\u00ebr\u00eb loj\u00ebn e tij jan\u00eb pengjet e tyre. Prandaj Avramopullos thot\u00eb ato q\u00eb thot\u00eb. Ajo marr\u00ebveshje s\u2019\u00ebsht\u00eb n\u00eb fuqi. Avramopullos flet me at\u00eb gjuh\u00eb sepse prestigji, inkriminimi i politikan\u00ebve tan\u00eb pushtetar\u00eb, \u00ebsht\u00eb n\u00eb fund t\u00eb k\u00ebmb\u00ebve. Se po t\u00eb jet\u00eb ndonj\u00eb politikan burr\u00eb n\u00eb Shqip\u00ebri, jo t\u2019i hap\u00eb luft\u00eb Greqis\u00eb. Dihet se greku nuk kalon dot n\u00eb gjirin e Karaburunit me hart\u00ebn q\u00eb ka b\u00ebr\u00eb.<\/p>\n<p>&#8211; Ju faleminderit!<\/p>\n<p><em>Marr\u00eb nga gazeta Telegraf<\/em><\/p>\n","protected":false},"excerpt":{"rendered":"<p>Nga Jakup B. Gjo\u00e7a, 22 Shtator 2012 Tiran\u00eb &#8211; Shum\u00ebkush, duke d\u00ebgjuar ministrin e Jasht\u00ebm grek, t\u00eb deklaroj\u00eb q\u00eb qeveria shqiptar uhet t\u00eb zbatoj\u00eb marr\u00ebveshjen detare, mund t\u00eb pyes\u00eb: Si ka mund\u00ebsi kjo? Grek\u00ebt nuk din\u00eb gj\u00eb p\u00ebr anulimin e saj nga Gjykata Kushtetuese e Shqip\u00ebris\u00eb? Ish- ministri i Mbrojtjes, Sabit Brokaj, n\u00eb intervist\u00ebn p\u00ebr [&hellip;]<\/p>\n","protected":false},"author":1,"featured_media":0,"comment_status":"open","ping_status":"closed","sticky":false,"template":"","format":"standard","meta":{"footnotes":""},"categories":[2],"tags":[],"class_list":{"0":"post-5123","1":"post","2":"type-post","3":"status-publish","4":"format-standard","6":"category-artikuj"},"yoast_head":"<!-- This site is optimized with the Yoast SEO plugin v27.4 - https:\/\/yoast.com\/product\/yoast-seo-wordpress\/ -->\n<title>Sabit Brokaj: Berisha po i shet detin grekut, si Zogu serb\u00ebve Sh\u00ebn Naumin - FjALA e LIR\u00cb - Arkivi<\/title>\n<meta name=\"robots\" content=\"index, follow, max-snippet:-1, max-image-preview:large, max-video-preview:-1\" \/>\n<link rel=\"canonical\" href=\"https:\/\/fjala.info\/2009-2015\/sabit-brokaj-berisha-po-i-shet-detin-grekut-si-zogu-serbeve-shen-naumin\/\" \/>\n<meta property=\"og:locale\" content=\"sq_AL\" \/>\n<meta property=\"og:type\" content=\"article\" \/>\n<meta property=\"og:title\" content=\"Sabit Brokaj: Berisha po i shet detin grekut, si Zogu serb\u00ebve Sh\u00ebn Naumin - FjALA e LIR\u00cb - Arkivi\" \/>\n<meta property=\"og:description\" content=\"Nga Jakup B. Gjo\u00e7a, 22 Shtator 2012 Tiran\u00eb &#8211; Shum\u00ebkush, duke d\u00ebgjuar ministrin e Jasht\u00ebm grek, t\u00eb deklaroj\u00eb q\u00eb qeveria shqiptar uhet t\u00eb zbatoj\u00eb marr\u00ebveshjen detare, mund t\u00eb pyes\u00eb: Si ka mund\u00ebsi kjo? Grek\u00ebt nuk din\u00eb gj\u00eb p\u00ebr anulimin e saj nga Gjykata Kushtetuese e Shqip\u00ebris\u00eb? Ish- ministri i Mbrojtjes, Sabit Brokaj, n\u00eb intervist\u00ebn p\u00ebr [&hellip;]\" \/>\n<meta property=\"og:url\" content=\"https:\/\/fjala.info\/2009-2015\/sabit-brokaj-berisha-po-i-shet-detin-grekut-si-zogu-serbeve-shen-naumin\/\" \/>\n<meta property=\"og:site_name\" content=\"FjALA e LIR\u00cb - Arkivi\" \/>\n<meta property=\"article:published_time\" content=\"2012-09-23T08:18:19+00:00\" \/>\n<meta property=\"og:image\" content=\"http:\/\/www.fjala.info\/2012\/sabit_brokaj.jpg\" \/>\n<meta name=\"author\" content=\"admin\" \/>\n<meta name=\"twitter:card\" content=\"summary_large_image\" \/>\n<meta name=\"twitter:label1\" content=\"Written by\" \/>\n\t<meta name=\"twitter:data1\" content=\"admin\" \/>\n\t<meta name=\"twitter:label2\" content=\"Est. reading time\" \/>\n\t<meta name=\"twitter:data2\" content=\"15 minutes\" \/>\n<script type=\"application\/ld+json\" class=\"yoast-schema-graph\">{\"@context\":\"https:\\\/\\\/schema.org\",\"@graph\":[{\"@type\":\"Article\",\"@id\":\"https:\\\/\\\/fjala.info\\\/2009-2015\\\/sabit-brokaj-berisha-po-i-shet-detin-grekut-si-zogu-serbeve-shen-naumin\\\/#article\",\"isPartOf\":{\"@id\":\"https:\\\/\\\/fjala.info\\\/2009-2015\\\/sabit-brokaj-berisha-po-i-shet-detin-grekut-si-zogu-serbeve-shen-naumin\\\/\"},\"author\":{\"name\":\"admin\",\"@id\":\"https:\\\/\\\/fjala.info\\\/2009-2015\\\/#\\\/schema\\\/person\\\/3aa1163ef05469c496fc94e77611ada2\"},\"headline\":\"Sabit Brokaj: Berisha po i shet detin grekut, si Zogu serb\u00ebve Sh\u00ebn Naumin\",\"datePublished\":\"2012-09-23T08:18:19+00:00\",\"mainEntityOfPage\":{\"@id\":\"https:\\\/\\\/fjala.info\\\/2009-2015\\\/sabit-brokaj-berisha-po-i-shet-detin-grekut-si-zogu-serbeve-shen-naumin\\\/\"},\"wordCount\":2961,\"commentCount\":0,\"publisher\":{\"@id\":\"https:\\\/\\\/fjala.info\\\/2009-2015\\\/#organization\"},\"image\":{\"@id\":\"https:\\\/\\\/fjala.info\\\/2009-2015\\\/sabit-brokaj-berisha-po-i-shet-detin-grekut-si-zogu-serbeve-shen-naumin\\\/#primaryimage\"},\"thumbnailUrl\":\"http:\\\/\\\/www.fjala.info\\\/2012\\\/sabit_brokaj.jpg\",\"articleSection\":[\"Artikuj\"],\"inLanguage\":\"sq-AL\",\"potentialAction\":[{\"@type\":\"CommentAction\",\"name\":\"Comment\",\"target\":[\"https:\\\/\\\/fjala.info\\\/2009-2015\\\/sabit-brokaj-berisha-po-i-shet-detin-grekut-si-zogu-serbeve-shen-naumin\\\/#respond\"]}]},{\"@type\":\"WebPage\",\"@id\":\"https:\\\/\\\/fjala.info\\\/2009-2015\\\/sabit-brokaj-berisha-po-i-shet-detin-grekut-si-zogu-serbeve-shen-naumin\\\/\",\"url\":\"https:\\\/\\\/fjala.info\\\/2009-2015\\\/sabit-brokaj-berisha-po-i-shet-detin-grekut-si-zogu-serbeve-shen-naumin\\\/\",\"name\":\"Sabit Brokaj: Berisha po i shet detin grekut, si Zogu serb\u00ebve Sh\u00ebn Naumin - FjALA e LIR\u00cb - Arkivi\",\"isPartOf\":{\"@id\":\"https:\\\/\\\/fjala.info\\\/2009-2015\\\/#website\"},\"primaryImageOfPage\":{\"@id\":\"https:\\\/\\\/fjala.info\\\/2009-2015\\\/sabit-brokaj-berisha-po-i-shet-detin-grekut-si-zogu-serbeve-shen-naumin\\\/#primaryimage\"},\"image\":{\"@id\":\"https:\\\/\\\/fjala.info\\\/2009-2015\\\/sabit-brokaj-berisha-po-i-shet-detin-grekut-si-zogu-serbeve-shen-naumin\\\/#primaryimage\"},\"thumbnailUrl\":\"http:\\\/\\\/www.fjala.info\\\/2012\\\/sabit_brokaj.jpg\",\"datePublished\":\"2012-09-23T08:18:19+00:00\",\"breadcrumb\":{\"@id\":\"https:\\\/\\\/fjala.info\\\/2009-2015\\\/sabit-brokaj-berisha-po-i-shet-detin-grekut-si-zogu-serbeve-shen-naumin\\\/#breadcrumb\"},\"inLanguage\":\"sq-AL\",\"potentialAction\":[{\"@type\":\"ReadAction\",\"target\":[\"https:\\\/\\\/fjala.info\\\/2009-2015\\\/sabit-brokaj-berisha-po-i-shet-detin-grekut-si-zogu-serbeve-shen-naumin\\\/\"]}]},{\"@type\":\"ImageObject\",\"inLanguage\":\"sq-AL\",\"@id\":\"https:\\\/\\\/fjala.info\\\/2009-2015\\\/sabit-brokaj-berisha-po-i-shet-detin-grekut-si-zogu-serbeve-shen-naumin\\\/#primaryimage\",\"url\":\"http:\\\/\\\/www.fjala.info\\\/2012\\\/sabit_brokaj.jpg\",\"contentUrl\":\"http:\\\/\\\/www.fjala.info\\\/2012\\\/sabit_brokaj.jpg\"},{\"@type\":\"BreadcrumbList\",\"@id\":\"https:\\\/\\\/fjala.info\\\/2009-2015\\\/sabit-brokaj-berisha-po-i-shet-detin-grekut-si-zogu-serbeve-shen-naumin\\\/#breadcrumb\",\"itemListElement\":[{\"@type\":\"ListItem\",\"position\":1,\"name\":\"Home\",\"item\":\"https:\\\/\\\/fjala.info\\\/2009-2015\\\/\"},{\"@type\":\"ListItem\",\"position\":2,\"name\":\"Sabit Brokaj: Berisha po i shet detin grekut, si Zogu serb\u00ebve Sh\u00ebn Naumin\"}]},{\"@type\":\"WebSite\",\"@id\":\"https:\\\/\\\/fjala.info\\\/2009-2015\\\/#website\",\"url\":\"https:\\\/\\\/fjala.info\\\/2009-2015\\\/\",\"name\":\"FjALA e LIR\u00cb - Arkivi\",\"description\":\"Arkivi 2009-2015\",\"publisher\":{\"@id\":\"https:\\\/\\\/fjala.info\\\/2009-2015\\\/#organization\"},\"potentialAction\":[{\"@type\":\"SearchAction\",\"target\":{\"@type\":\"EntryPoint\",\"urlTemplate\":\"https:\\\/\\\/fjala.info\\\/2009-2015\\\/?s={search_term_string}\"},\"query-input\":{\"@type\":\"PropertyValueSpecification\",\"valueRequired\":true,\"valueName\":\"search_term_string\"}}],\"inLanguage\":\"sq-AL\"},{\"@type\":\"Organization\",\"@id\":\"https:\\\/\\\/fjala.info\\\/2009-2015\\\/#organization\",\"name\":\"FjALA e LIR\u00cb - Arkivi\",\"url\":\"https:\\\/\\\/fjala.info\\\/2009-2015\\\/\",\"logo\":{\"@type\":\"ImageObject\",\"inLanguage\":\"sq-AL\",\"@id\":\"https:\\\/\\\/fjala.info\\\/2009-2015\\\/#\\\/schema\\\/logo\\\/image\\\/\",\"url\":\"\",\"contentUrl\":\"\",\"caption\":\"FjALA e LIR\u00cb - Arkivi\"},\"image\":{\"@id\":\"https:\\\/\\\/fjala.info\\\/2009-2015\\\/#\\\/schema\\\/logo\\\/image\\\/\"}},{\"@type\":\"Person\",\"@id\":\"https:\\\/\\\/fjala.info\\\/2009-2015\\\/#\\\/schema\\\/person\\\/3aa1163ef05469c496fc94e77611ada2\",\"name\":\"admin\",\"image\":{\"@type\":\"ImageObject\",\"inLanguage\":\"sq-AL\",\"@id\":\"https:\\\/\\\/fjala.info\\\/2009-2015\\\/wp-content\\\/uploads\\\/2012\\\/02\\\/arben_cokaj-120x150.jpg\",\"url\":\"https:\\\/\\\/fjala.info\\\/2009-2015\\\/wp-content\\\/uploads\\\/2012\\\/02\\\/arben_cokaj-120x150.jpg\",\"contentUrl\":\"https:\\\/\\\/fjala.info\\\/2009-2015\\\/wp-content\\\/uploads\\\/2012\\\/02\\\/arben_cokaj-120x150.jpg\",\"caption\":\"admin\"},\"description\":\"Admin, Fjala e Lir\u00eb\",\"sameAs\":[\"https:\\\/\\\/fjala.info\\\/\"],\"url\":\"https:\\\/\\\/fjala.info\\\/2009-2015\\\/author\\\/admin\\\/\"}]}<\/script>\n<!-- \/ Yoast SEO plugin. -->","yoast_head_json":{"title":"Sabit Brokaj: Berisha po i shet detin grekut, si Zogu serb\u00ebve Sh\u00ebn Naumin - FjALA e LIR\u00cb - Arkivi","robots":{"index":"index","follow":"follow","max-snippet":"max-snippet:-1","max-image-preview":"max-image-preview:large","max-video-preview":"max-video-preview:-1"},"canonical":"https:\/\/fjala.info\/2009-2015\/sabit-brokaj-berisha-po-i-shet-detin-grekut-si-zogu-serbeve-shen-naumin\/","og_locale":"sq_AL","og_type":"article","og_title":"Sabit Brokaj: Berisha po i shet detin grekut, si Zogu serb\u00ebve Sh\u00ebn Naumin - FjALA e LIR\u00cb - Arkivi","og_description":"Nga Jakup B. Gjo\u00e7a, 22 Shtator 2012 Tiran\u00eb &#8211; Shum\u00ebkush, duke d\u00ebgjuar ministrin e Jasht\u00ebm grek, t\u00eb deklaroj\u00eb q\u00eb qeveria shqiptar uhet t\u00eb zbatoj\u00eb marr\u00ebveshjen detare, mund t\u00eb pyes\u00eb: Si ka mund\u00ebsi kjo? Grek\u00ebt nuk din\u00eb gj\u00eb p\u00ebr anulimin e saj nga Gjykata Kushtetuese e Shqip\u00ebris\u00eb? Ish- ministri i Mbrojtjes, Sabit Brokaj, n\u00eb intervist\u00ebn p\u00ebr [&hellip;]","og_url":"https:\/\/fjala.info\/2009-2015\/sabit-brokaj-berisha-po-i-shet-detin-grekut-si-zogu-serbeve-shen-naumin\/","og_site_name":"FjALA e LIR\u00cb - Arkivi","article_published_time":"2012-09-23T08:18:19+00:00","og_image":[{"url":"http:\/\/www.fjala.info\/2012\/sabit_brokaj.jpg","type":"","width":"","height":""}],"author":"admin","twitter_card":"summary_large_image","twitter_misc":{"Written by":"admin","Est. reading time":"15 minutes"},"schema":{"@context":"https:\/\/schema.org","@graph":[{"@type":"Article","@id":"https:\/\/fjala.info\/2009-2015\/sabit-brokaj-berisha-po-i-shet-detin-grekut-si-zogu-serbeve-shen-naumin\/#article","isPartOf":{"@id":"https:\/\/fjala.info\/2009-2015\/sabit-brokaj-berisha-po-i-shet-detin-grekut-si-zogu-serbeve-shen-naumin\/"},"author":{"name":"admin","@id":"https:\/\/fjala.info\/2009-2015\/#\/schema\/person\/3aa1163ef05469c496fc94e77611ada2"},"headline":"Sabit Brokaj: Berisha po i shet detin grekut, si Zogu serb\u00ebve Sh\u00ebn Naumin","datePublished":"2012-09-23T08:18:19+00:00","mainEntityOfPage":{"@id":"https:\/\/fjala.info\/2009-2015\/sabit-brokaj-berisha-po-i-shet-detin-grekut-si-zogu-serbeve-shen-naumin\/"},"wordCount":2961,"commentCount":0,"publisher":{"@id":"https:\/\/fjala.info\/2009-2015\/#organization"},"image":{"@id":"https:\/\/fjala.info\/2009-2015\/sabit-brokaj-berisha-po-i-shet-detin-grekut-si-zogu-serbeve-shen-naumin\/#primaryimage"},"thumbnailUrl":"http:\/\/www.fjala.info\/2012\/sabit_brokaj.jpg","articleSection":["Artikuj"],"inLanguage":"sq-AL","potentialAction":[{"@type":"CommentAction","name":"Comment","target":["https:\/\/fjala.info\/2009-2015\/sabit-brokaj-berisha-po-i-shet-detin-grekut-si-zogu-serbeve-shen-naumin\/#respond"]}]},{"@type":"WebPage","@id":"https:\/\/fjala.info\/2009-2015\/sabit-brokaj-berisha-po-i-shet-detin-grekut-si-zogu-serbeve-shen-naumin\/","url":"https:\/\/fjala.info\/2009-2015\/sabit-brokaj-berisha-po-i-shet-detin-grekut-si-zogu-serbeve-shen-naumin\/","name":"Sabit Brokaj: Berisha po i shet detin grekut, si Zogu serb\u00ebve Sh\u00ebn Naumin - FjALA e LIR\u00cb - Arkivi","isPartOf":{"@id":"https:\/\/fjala.info\/2009-2015\/#website"},"primaryImageOfPage":{"@id":"https:\/\/fjala.info\/2009-2015\/sabit-brokaj-berisha-po-i-shet-detin-grekut-si-zogu-serbeve-shen-naumin\/#primaryimage"},"image":{"@id":"https:\/\/fjala.info\/2009-2015\/sabit-brokaj-berisha-po-i-shet-detin-grekut-si-zogu-serbeve-shen-naumin\/#primaryimage"},"thumbnailUrl":"http:\/\/www.fjala.info\/2012\/sabit_brokaj.jpg","datePublished":"2012-09-23T08:18:19+00:00","breadcrumb":{"@id":"https:\/\/fjala.info\/2009-2015\/sabit-brokaj-berisha-po-i-shet-detin-grekut-si-zogu-serbeve-shen-naumin\/#breadcrumb"},"inLanguage":"sq-AL","potentialAction":[{"@type":"ReadAction","target":["https:\/\/fjala.info\/2009-2015\/sabit-brokaj-berisha-po-i-shet-detin-grekut-si-zogu-serbeve-shen-naumin\/"]}]},{"@type":"ImageObject","inLanguage":"sq-AL","@id":"https:\/\/fjala.info\/2009-2015\/sabit-brokaj-berisha-po-i-shet-detin-grekut-si-zogu-serbeve-shen-naumin\/#primaryimage","url":"http:\/\/www.fjala.info\/2012\/sabit_brokaj.jpg","contentUrl":"http:\/\/www.fjala.info\/2012\/sabit_brokaj.jpg"},{"@type":"BreadcrumbList","@id":"https:\/\/fjala.info\/2009-2015\/sabit-brokaj-berisha-po-i-shet-detin-grekut-si-zogu-serbeve-shen-naumin\/#breadcrumb","itemListElement":[{"@type":"ListItem","position":1,"name":"Home","item":"https:\/\/fjala.info\/2009-2015\/"},{"@type":"ListItem","position":2,"name":"Sabit Brokaj: Berisha po i shet detin grekut, si Zogu serb\u00ebve Sh\u00ebn Naumin"}]},{"@type":"WebSite","@id":"https:\/\/fjala.info\/2009-2015\/#website","url":"https:\/\/fjala.info\/2009-2015\/","name":"FjALA e LIR\u00cb - Arkivi","description":"Arkivi 2009-2015","publisher":{"@id":"https:\/\/fjala.info\/2009-2015\/#organization"},"potentialAction":[{"@type":"SearchAction","target":{"@type":"EntryPoint","urlTemplate":"https:\/\/fjala.info\/2009-2015\/?s={search_term_string}"},"query-input":{"@type":"PropertyValueSpecification","valueRequired":true,"valueName":"search_term_string"}}],"inLanguage":"sq-AL"},{"@type":"Organization","@id":"https:\/\/fjala.info\/2009-2015\/#organization","name":"FjALA e LIR\u00cb - Arkivi","url":"https:\/\/fjala.info\/2009-2015\/","logo":{"@type":"ImageObject","inLanguage":"sq-AL","@id":"https:\/\/fjala.info\/2009-2015\/#\/schema\/logo\/image\/","url":"","contentUrl":"","caption":"FjALA e LIR\u00cb - Arkivi"},"image":{"@id":"https:\/\/fjala.info\/2009-2015\/#\/schema\/logo\/image\/"}},{"@type":"Person","@id":"https:\/\/fjala.info\/2009-2015\/#\/schema\/person\/3aa1163ef05469c496fc94e77611ada2","name":"admin","image":{"@type":"ImageObject","inLanguage":"sq-AL","@id":"https:\/\/fjala.info\/2009-2015\/wp-content\/uploads\/2012\/02\/arben_cokaj-120x150.jpg","url":"https:\/\/fjala.info\/2009-2015\/wp-content\/uploads\/2012\/02\/arben_cokaj-120x150.jpg","contentUrl":"https:\/\/fjala.info\/2009-2015\/wp-content\/uploads\/2012\/02\/arben_cokaj-120x150.jpg","caption":"admin"},"description":"Admin, Fjala e Lir\u00eb","sameAs":["https:\/\/fjala.info\/"],"url":"https:\/\/fjala.info\/2009-2015\/author\/admin\/"}]}},"_links":{"self":[{"href":"https:\/\/fjala.info\/2009-2015\/wp-json\/wp\/v2\/posts\/5123","targetHints":{"allow":["GET"]}}],"collection":[{"href":"https:\/\/fjala.info\/2009-2015\/wp-json\/wp\/v2\/posts"}],"about":[{"href":"https:\/\/fjala.info\/2009-2015\/wp-json\/wp\/v2\/types\/post"}],"author":[{"embeddable":true,"href":"https:\/\/fjala.info\/2009-2015\/wp-json\/wp\/v2\/users\/1"}],"replies":[{"embeddable":true,"href":"https:\/\/fjala.info\/2009-2015\/wp-json\/wp\/v2\/comments?post=5123"}],"version-history":[{"count":0,"href":"https:\/\/fjala.info\/2009-2015\/wp-json\/wp\/v2\/posts\/5123\/revisions"}],"wp:attachment":[{"href":"https:\/\/fjala.info\/2009-2015\/wp-json\/wp\/v2\/media?parent=5123"}],"wp:term":[{"taxonomy":"category","embeddable":true,"href":"https:\/\/fjala.info\/2009-2015\/wp-json\/wp\/v2\/categories?post=5123"},{"taxonomy":"post_tag","embeddable":true,"href":"https:\/\/fjala.info\/2009-2015\/wp-json\/wp\/v2\/tags?post=5123"}],"curies":[{"name":"wp","href":"https:\/\/api.w.org\/{rel}","templated":true}]}}