{"id":5122,"date":"2010-12-07T23:08:16","date_gmt":"2010-12-07T22:08:16","guid":{"rendered":"http:\/\/fjala.shkoder.net\/?p=5122"},"modified":"2010-12-07T23:08:16","modified_gmt":"2010-12-07T22:08:16","slug":"jozefina-emeron-te-fejuarin-e-vajzes-ne-ambasade-ne-paris","status":"publish","type":"post","link":"https:\/\/fjala.info\/2009-2015\/jozefina-emeron-te-fejuarin-e-vajzes-ne-ambasade-ne-paris\/","title":{"rendered":"Jozefina em\u00ebron t\u00eb fejuarin e vajz\u00ebs n\u00eb ambasad\u00eb n\u00eb Paris"},"content":{"rendered":"<p><img loading=\"lazy\" decoding=\"async\" src=\"http:\/\/fjala.shkoder.net\/wp-content\/uploads\/2010\/08\/topalli_skaf-300x205.jpg\" alt=\"\" title=\"Luis Ejlli - Megi Topalli ne skaf\" width=\"300\" height=\"205\" class=\"alignright size-medium wp-image-3718\" \/><br \/>\nNga <em>TemA<\/em><\/p>\n<p>Nj\u00eb i ri pak vjet mbi 20 vje\u00e7, i fejuari i vajz\u00ebs s\u00eb Jozefina Topallit, \u00ebsht\u00eb em\u00ebruar n\u00eb ambasad\u00ebn shqiptare n\u00eb Paris\u00eb, n\u00eb sektorin e Kultur\u00ebs. B\u00ebhet fjal\u00eb p\u00ebr k\u00ebng\u00ebtarin Luiz Ejlli, em\u00ebrimi i t\u00eb cilit \u00ebsht\u00eb b\u00ebr\u00eb disa muaj m\u00eb par\u00eb dhe k\u00ebto dit\u00eb ka zyrtarizuar fillimin e pun\u00ebs n\u00eb Paris.<\/p>\n<p>Em\u00ebrimi duket se \u00ebsht\u00eb nxitur nga fakti q\u00eb vajza e zonj\u00ebs Topalli \u00ebsht\u00eb studente n\u00eb Franc\u00eb dhe m\u00eb k\u00ebt\u00eb rast bashk\u00ebjetesa me nj\u00eb djal\u00eb q\u00eb punon n\u00eb ambasad\u00ebn shqiptare leht\u00ebson infrastruktur\u00ebn e jet\u00ebs s\u00eb tyre n\u00eb Paris.<\/p>\n<p>Ministria e Jashtme n\u00eb Tiran\u00eb e konfirmon normalisht em\u00ebrimin, nd\u00ebrsa nuk ka asnj\u00eb zyrtar t\u00eb konfirmoj\u00eb n\u00ebse Luiz Ejlli ka b\u00ebr\u00eb ndonj\u00eb konkurs, apo ka konkurruar sipas rregullave t\u00eb Komisionit t\u00eb Sh\u00ebrbimit Civil. I ri, i pap\u00ebrvoj\u00eb n\u00eb diplomaci, edhe CV-n\u00eb e vetme t\u00eb tij si k\u00ebng\u00ebtar e ka t\u00eb sfumuar tani si dh\u00ebnd\u00ebr i kryetares s\u00eb parlamentit.<\/p>\n<p>Reagimet rreth em\u00ebrimit t\u00eb tij jan\u00eb t\u00eb shumta, bile thuhet se dhe n\u00eb Ministrin\u00eb e Jashtme ka pasur nj\u00eb far\u00eb hezitimi, por Ilir Meta ka vendosur gjith\u00e7ka dhe i ka l\u00ebn\u00eb vet\u00ebm formalitetet ministrit aktual.<\/p>\n<p>Em\u00ebrimi bie n\u00eb sy n\u00eb nj\u00eb koh\u00eb kur pushteti po akuzohet p\u00ebrdit\u00eb e m\u00eb shum\u00eb p\u00ebr lidhje nepotike dhe qeverisje familjare. Kryetarja e Kuvendit Jozefina Topalli \u00ebsht\u00eb z\u00ebri m\u00eb i ashp\u00ebr n\u00eb parlament kund\u00ebr opozitar\u00ebve q\u00eb kritikojn\u00eb korrupsionin apo lidhjet nepotike, dhe ndoshta do t\u2019i duhet t\u00eb shk\u00ebputet paksa nga avokatia p\u00ebr Berish\u00ebn p\u00ebr t\u2019i b\u00ebr\u00eb tashm\u00eb avokatin em\u00ebrimit t\u00eb dh\u00ebndrit t\u00eb saj si diplomat pa p\u00ebrvoj\u00eb n\u00eb Paris, n\u00eb nj\u00eb kryeqytet shum\u00eb delikat sa i p\u00ebrket cil\u00ebsis\u00eb dhe p\u00ebrvoj\u00ebs q\u00eb duhet t\u00eb ket\u00eb trupi diplomatik.<\/p>\n","protected":false},"excerpt":{"rendered":"<p>Nga TemA Nj\u00eb i ri pak vjet mbi 20 vje\u00e7, i fejuari i vajz\u00ebs s\u00eb Jozefina Topallit, \u00ebsht\u00eb em\u00ebruar n\u00eb ambasad\u00ebn shqiptare n\u00eb Paris\u00eb, n\u00eb sektorin e Kultur\u00ebs. B\u00ebhet fjal\u00eb p\u00ebr k\u00ebng\u00ebtarin Luiz Ejlli, em\u00ebrimi i t\u00eb cilit \u00ebsht\u00eb b\u00ebr\u00eb disa muaj m\u00eb par\u00eb dhe k\u00ebto dit\u00eb ka zyrtarizuar fillimin e pun\u00ebs n\u00eb Paris. Em\u00ebrimi [&hellip;]<\/p>\n","protected":false},"author":1,"featured_media":0,"comment_status":"open","ping_status":"closed","sticky":false,"template":"","format":"standard","meta":{"footnotes":""},"categories":[2],"tags":[],"class_list":{"0":"post-5122","1":"post","2":"type-post","3":"status-publish","4":"format-standard","6":"category-artikuj"},"yoast_head":"<!-- This site is optimized with the Yoast SEO plugin v27.4 - https:\/\/yoast.com\/product\/yoast-seo-wordpress\/ -->\n<title>Jozefina em\u00ebron t\u00eb fejuarin e vajz\u00ebs n\u00eb ambasad\u00eb n\u00eb Paris - FjALA e LIR\u00cb - Arkivi<\/title>\n<meta name=\"robots\" content=\"index, follow, max-snippet:-1, max-image-preview:large, max-video-preview:-1\" \/>\n<link rel=\"canonical\" href=\"https:\/\/fjala.info\/2009-2015\/jozefina-emeron-te-fejuarin-e-vajzes-ne-ambasade-ne-paris\/\" \/>\n<meta property=\"og:locale\" content=\"sq_AL\" \/>\n<meta property=\"og:type\" content=\"article\" \/>\n<meta property=\"og:title\" content=\"Jozefina em\u00ebron t\u00eb fejuarin e vajz\u00ebs n\u00eb ambasad\u00eb n\u00eb Paris - FjALA e LIR\u00cb - Arkivi\" \/>\n<meta property=\"og:description\" content=\"Nga TemA Nj\u00eb i ri pak vjet mbi 20 vje\u00e7, i fejuari i vajz\u00ebs s\u00eb Jozefina Topallit, \u00ebsht\u00eb em\u00ebruar n\u00eb ambasad\u00ebn shqiptare n\u00eb Paris\u00eb, n\u00eb sektorin e Kultur\u00ebs. B\u00ebhet fjal\u00eb p\u00ebr k\u00ebng\u00ebtarin Luiz Ejlli, em\u00ebrimi i t\u00eb cilit \u00ebsht\u00eb b\u00ebr\u00eb disa muaj m\u00eb par\u00eb dhe k\u00ebto dit\u00eb ka zyrtarizuar fillimin e pun\u00ebs n\u00eb Paris. Em\u00ebrimi [&hellip;]\" \/>\n<meta property=\"og:url\" content=\"https:\/\/fjala.info\/2009-2015\/jozefina-emeron-te-fejuarin-e-vajzes-ne-ambasade-ne-paris\/\" \/>\n<meta property=\"og:site_name\" content=\"FjALA e LIR\u00cb - Arkivi\" \/>\n<meta property=\"article:published_time\" content=\"2010-12-07T22:08:16+00:00\" \/>\n<meta property=\"og:image\" content=\"http:\/\/fjala.shkoder.net\/wp-content\/uploads\/2010\/08\/topalli_skaf-300x205.jpg\" \/>\n<meta name=\"author\" content=\"admin\" \/>\n<meta name=\"twitter:card\" content=\"summary_large_image\" \/>\n<meta name=\"twitter:label1\" content=\"Written by\" \/>\n\t<meta name=\"twitter:data1\" content=\"admin\" \/>\n\t<meta name=\"twitter:label2\" content=\"Est. reading time\" \/>\n\t<meta name=\"twitter:data2\" content=\"2 minutes\" \/>\n<script type=\"application\/ld+json\" class=\"yoast-schema-graph\">{\"@context\":\"https:\\\/\\\/schema.org\",\"@graph\":[{\"@type\":\"Article\",\"@id\":\"https:\\\/\\\/fjala.info\\\/2009-2015\\\/jozefina-emeron-te-fejuarin-e-vajzes-ne-ambasade-ne-paris\\\/#article\",\"isPartOf\":{\"@id\":\"https:\\\/\\\/fjala.info\\\/2009-2015\\\/jozefina-emeron-te-fejuarin-e-vajzes-ne-ambasade-ne-paris\\\/\"},\"author\":{\"name\":\"admin\",\"@id\":\"https:\\\/\\\/fjala.info\\\/2009-2015\\\/#\\\/schema\\\/person\\\/3aa1163ef05469c496fc94e77611ada2\"},\"headline\":\"Jozefina em\u00ebron t\u00eb fejuarin e vajz\u00ebs n\u00eb ambasad\u00eb n\u00eb Paris\",\"datePublished\":\"2010-12-07T22:08:16+00:00\",\"mainEntityOfPage\":{\"@id\":\"https:\\\/\\\/fjala.info\\\/2009-2015\\\/jozefina-emeron-te-fejuarin-e-vajzes-ne-ambasade-ne-paris\\\/\"},\"wordCount\":336,\"commentCount\":0,\"publisher\":{\"@id\":\"https:\\\/\\\/fjala.info\\\/2009-2015\\\/#organization\"},\"image\":{\"@id\":\"https:\\\/\\\/fjala.info\\\/2009-2015\\\/jozefina-emeron-te-fejuarin-e-vajzes-ne-ambasade-ne-paris\\\/#primaryimage\"},\"thumbnailUrl\":\"http:\\\/\\\/fjala.shkoder.net\\\/wp-content\\\/uploads\\\/2010\\\/08\\\/topalli_skaf-300x205.jpg\",\"articleSection\":[\"Artikuj\"],\"inLanguage\":\"sq-AL\",\"potentialAction\":[{\"@type\":\"CommentAction\",\"name\":\"Comment\",\"target\":[\"https:\\\/\\\/fjala.info\\\/2009-2015\\\/jozefina-emeron-te-fejuarin-e-vajzes-ne-ambasade-ne-paris\\\/#respond\"]}]},{\"@type\":\"WebPage\",\"@id\":\"https:\\\/\\\/fjala.info\\\/2009-2015\\\/jozefina-emeron-te-fejuarin-e-vajzes-ne-ambasade-ne-paris\\\/\",\"url\":\"https:\\\/\\\/fjala.info\\\/2009-2015\\\/jozefina-emeron-te-fejuarin-e-vajzes-ne-ambasade-ne-paris\\\/\",\"name\":\"Jozefina em\u00ebron t\u00eb fejuarin e vajz\u00ebs n\u00eb ambasad\u00eb n\u00eb Paris - FjALA e LIR\u00cb - Arkivi\",\"isPartOf\":{\"@id\":\"https:\\\/\\\/fjala.info\\\/2009-2015\\\/#website\"},\"primaryImageOfPage\":{\"@id\":\"https:\\\/\\\/fjala.info\\\/2009-2015\\\/jozefina-emeron-te-fejuarin-e-vajzes-ne-ambasade-ne-paris\\\/#primaryimage\"},\"image\":{\"@id\":\"https:\\\/\\\/fjala.info\\\/2009-2015\\\/jozefina-emeron-te-fejuarin-e-vajzes-ne-ambasade-ne-paris\\\/#primaryimage\"},\"thumbnailUrl\":\"http:\\\/\\\/fjala.shkoder.net\\\/wp-content\\\/uploads\\\/2010\\\/08\\\/topalli_skaf-300x205.jpg\",\"datePublished\":\"2010-12-07T22:08:16+00:00\",\"breadcrumb\":{\"@id\":\"https:\\\/\\\/fjala.info\\\/2009-2015\\\/jozefina-emeron-te-fejuarin-e-vajzes-ne-ambasade-ne-paris\\\/#breadcrumb\"},\"inLanguage\":\"sq-AL\",\"potentialAction\":[{\"@type\":\"ReadAction\",\"target\":[\"https:\\\/\\\/fjala.info\\\/2009-2015\\\/jozefina-emeron-te-fejuarin-e-vajzes-ne-ambasade-ne-paris\\\/\"]}]},{\"@type\":\"ImageObject\",\"inLanguage\":\"sq-AL\",\"@id\":\"https:\\\/\\\/fjala.info\\\/2009-2015\\\/jozefina-emeron-te-fejuarin-e-vajzes-ne-ambasade-ne-paris\\\/#primaryimage\",\"url\":\"http:\\\/\\\/fjala.shkoder.net\\\/wp-content\\\/uploads\\\/2010\\\/08\\\/topalli_skaf-300x205.jpg\",\"contentUrl\":\"http:\\\/\\\/fjala.shkoder.net\\\/wp-content\\\/uploads\\\/2010\\\/08\\\/topalli_skaf-300x205.jpg\"},{\"@type\":\"BreadcrumbList\",\"@id\":\"https:\\\/\\\/fjala.info\\\/2009-2015\\\/jozefina-emeron-te-fejuarin-e-vajzes-ne-ambasade-ne-paris\\\/#breadcrumb\",\"itemListElement\":[{\"@type\":\"ListItem\",\"position\":1,\"name\":\"Home\",\"item\":\"https:\\\/\\\/fjala.info\\\/2009-2015\\\/\"},{\"@type\":\"ListItem\",\"position\":2,\"name\":\"Jozefina em\u00ebron t\u00eb fejuarin e vajz\u00ebs n\u00eb ambasad\u00eb n\u00eb Paris\"}]},{\"@type\":\"WebSite\",\"@id\":\"https:\\\/\\\/fjala.info\\\/2009-2015\\\/#website\",\"url\":\"https:\\\/\\\/fjala.info\\\/2009-2015\\\/\",\"name\":\"FjALA e LIR\u00cb - Arkivi\",\"description\":\"Arkivi 2009-2015\",\"publisher\":{\"@id\":\"https:\\\/\\\/fjala.info\\\/2009-2015\\\/#organization\"},\"potentialAction\":[{\"@type\":\"SearchAction\",\"target\":{\"@type\":\"EntryPoint\",\"urlTemplate\":\"https:\\\/\\\/fjala.info\\\/2009-2015\\\/?s={search_term_string}\"},\"query-input\":{\"@type\":\"PropertyValueSpecification\",\"valueRequired\":true,\"valueName\":\"search_term_string\"}}],\"inLanguage\":\"sq-AL\"},{\"@type\":\"Organization\",\"@id\":\"https:\\\/\\\/fjala.info\\\/2009-2015\\\/#organization\",\"name\":\"FjALA e LIR\u00cb - Arkivi\",\"url\":\"https:\\\/\\\/fjala.info\\\/2009-2015\\\/\",\"logo\":{\"@type\":\"ImageObject\",\"inLanguage\":\"sq-AL\",\"@id\":\"https:\\\/\\\/fjala.info\\\/2009-2015\\\/#\\\/schema\\\/logo\\\/image\\\/\",\"url\":\"\",\"contentUrl\":\"\",\"caption\":\"FjALA e LIR\u00cb - Arkivi\"},\"image\":{\"@id\":\"https:\\\/\\\/fjala.info\\\/2009-2015\\\/#\\\/schema\\\/logo\\\/image\\\/\"}},{\"@type\":\"Person\",\"@id\":\"https:\\\/\\\/fjala.info\\\/2009-2015\\\/#\\\/schema\\\/person\\\/3aa1163ef05469c496fc94e77611ada2\",\"name\":\"admin\",\"image\":{\"@type\":\"ImageObject\",\"inLanguage\":\"sq-AL\",\"@id\":\"https:\\\/\\\/fjala.info\\\/2009-2015\\\/wp-content\\\/uploads\\\/2012\\\/02\\\/arben_cokaj-120x150.jpg\",\"url\":\"https:\\\/\\\/fjala.info\\\/2009-2015\\\/wp-content\\\/uploads\\\/2012\\\/02\\\/arben_cokaj-120x150.jpg\",\"contentUrl\":\"https:\\\/\\\/fjala.info\\\/2009-2015\\\/wp-content\\\/uploads\\\/2012\\\/02\\\/arben_cokaj-120x150.jpg\",\"caption\":\"admin\"},\"description\":\"Admin, Fjala e Lir\u00eb\",\"sameAs\":[\"https:\\\/\\\/fjala.info\\\/\"],\"url\":\"https:\\\/\\\/fjala.info\\\/2009-2015\\\/author\\\/admin\\\/\"}]}<\/script>\n<!-- \/ Yoast SEO plugin. -->","yoast_head_json":{"title":"Jozefina em\u00ebron t\u00eb fejuarin e vajz\u00ebs n\u00eb ambasad\u00eb n\u00eb Paris - FjALA e LIR\u00cb - Arkivi","robots":{"index":"index","follow":"follow","max-snippet":"max-snippet:-1","max-image-preview":"max-image-preview:large","max-video-preview":"max-video-preview:-1"},"canonical":"https:\/\/fjala.info\/2009-2015\/jozefina-emeron-te-fejuarin-e-vajzes-ne-ambasade-ne-paris\/","og_locale":"sq_AL","og_type":"article","og_title":"Jozefina em\u00ebron t\u00eb fejuarin e vajz\u00ebs n\u00eb ambasad\u00eb n\u00eb Paris - FjALA e LIR\u00cb - Arkivi","og_description":"Nga TemA Nj\u00eb i ri pak vjet mbi 20 vje\u00e7, i fejuari i vajz\u00ebs s\u00eb Jozefina Topallit, \u00ebsht\u00eb em\u00ebruar n\u00eb ambasad\u00ebn shqiptare n\u00eb Paris\u00eb, n\u00eb sektorin e Kultur\u00ebs. B\u00ebhet fjal\u00eb p\u00ebr k\u00ebng\u00ebtarin Luiz Ejlli, em\u00ebrimi i t\u00eb cilit \u00ebsht\u00eb b\u00ebr\u00eb disa muaj m\u00eb par\u00eb dhe k\u00ebto dit\u00eb ka zyrtarizuar fillimin e pun\u00ebs n\u00eb Paris. Em\u00ebrimi [&hellip;]","og_url":"https:\/\/fjala.info\/2009-2015\/jozefina-emeron-te-fejuarin-e-vajzes-ne-ambasade-ne-paris\/","og_site_name":"FjALA e LIR\u00cb - Arkivi","article_published_time":"2010-12-07T22:08:16+00:00","og_image":[{"url":"http:\/\/fjala.shkoder.net\/wp-content\/uploads\/2010\/08\/topalli_skaf-300x205.jpg","type":"","width":"","height":""}],"author":"admin","twitter_card":"summary_large_image","twitter_misc":{"Written by":"admin","Est. reading time":"2 minutes"},"schema":{"@context":"https:\/\/schema.org","@graph":[{"@type":"Article","@id":"https:\/\/fjala.info\/2009-2015\/jozefina-emeron-te-fejuarin-e-vajzes-ne-ambasade-ne-paris\/#article","isPartOf":{"@id":"https:\/\/fjala.info\/2009-2015\/jozefina-emeron-te-fejuarin-e-vajzes-ne-ambasade-ne-paris\/"},"author":{"name":"admin","@id":"https:\/\/fjala.info\/2009-2015\/#\/schema\/person\/3aa1163ef05469c496fc94e77611ada2"},"headline":"Jozefina em\u00ebron t\u00eb fejuarin e vajz\u00ebs n\u00eb ambasad\u00eb n\u00eb Paris","datePublished":"2010-12-07T22:08:16+00:00","mainEntityOfPage":{"@id":"https:\/\/fjala.info\/2009-2015\/jozefina-emeron-te-fejuarin-e-vajzes-ne-ambasade-ne-paris\/"},"wordCount":336,"commentCount":0,"publisher":{"@id":"https:\/\/fjala.info\/2009-2015\/#organization"},"image":{"@id":"https:\/\/fjala.info\/2009-2015\/jozefina-emeron-te-fejuarin-e-vajzes-ne-ambasade-ne-paris\/#primaryimage"},"thumbnailUrl":"http:\/\/fjala.shkoder.net\/wp-content\/uploads\/2010\/08\/topalli_skaf-300x205.jpg","articleSection":["Artikuj"],"inLanguage":"sq-AL","potentialAction":[{"@type":"CommentAction","name":"Comment","target":["https:\/\/fjala.info\/2009-2015\/jozefina-emeron-te-fejuarin-e-vajzes-ne-ambasade-ne-paris\/#respond"]}]},{"@type":"WebPage","@id":"https:\/\/fjala.info\/2009-2015\/jozefina-emeron-te-fejuarin-e-vajzes-ne-ambasade-ne-paris\/","url":"https:\/\/fjala.info\/2009-2015\/jozefina-emeron-te-fejuarin-e-vajzes-ne-ambasade-ne-paris\/","name":"Jozefina em\u00ebron t\u00eb fejuarin e vajz\u00ebs n\u00eb ambasad\u00eb n\u00eb Paris - FjALA e LIR\u00cb - Arkivi","isPartOf":{"@id":"https:\/\/fjala.info\/2009-2015\/#website"},"primaryImageOfPage":{"@id":"https:\/\/fjala.info\/2009-2015\/jozefina-emeron-te-fejuarin-e-vajzes-ne-ambasade-ne-paris\/#primaryimage"},"image":{"@id":"https:\/\/fjala.info\/2009-2015\/jozefina-emeron-te-fejuarin-e-vajzes-ne-ambasade-ne-paris\/#primaryimage"},"thumbnailUrl":"http:\/\/fjala.shkoder.net\/wp-content\/uploads\/2010\/08\/topalli_skaf-300x205.jpg","datePublished":"2010-12-07T22:08:16+00:00","breadcrumb":{"@id":"https:\/\/fjala.info\/2009-2015\/jozefina-emeron-te-fejuarin-e-vajzes-ne-ambasade-ne-paris\/#breadcrumb"},"inLanguage":"sq-AL","potentialAction":[{"@type":"ReadAction","target":["https:\/\/fjala.info\/2009-2015\/jozefina-emeron-te-fejuarin-e-vajzes-ne-ambasade-ne-paris\/"]}]},{"@type":"ImageObject","inLanguage":"sq-AL","@id":"https:\/\/fjala.info\/2009-2015\/jozefina-emeron-te-fejuarin-e-vajzes-ne-ambasade-ne-paris\/#primaryimage","url":"http:\/\/fjala.shkoder.net\/wp-content\/uploads\/2010\/08\/topalli_skaf-300x205.jpg","contentUrl":"http:\/\/fjala.shkoder.net\/wp-content\/uploads\/2010\/08\/topalli_skaf-300x205.jpg"},{"@type":"BreadcrumbList","@id":"https:\/\/fjala.info\/2009-2015\/jozefina-emeron-te-fejuarin-e-vajzes-ne-ambasade-ne-paris\/#breadcrumb","itemListElement":[{"@type":"ListItem","position":1,"name":"Home","item":"https:\/\/fjala.info\/2009-2015\/"},{"@type":"ListItem","position":2,"name":"Jozefina em\u00ebron t\u00eb fejuarin e vajz\u00ebs n\u00eb ambasad\u00eb n\u00eb Paris"}]},{"@type":"WebSite","@id":"https:\/\/fjala.info\/2009-2015\/#website","url":"https:\/\/fjala.info\/2009-2015\/","name":"FjALA e LIR\u00cb - Arkivi","description":"Arkivi 2009-2015","publisher":{"@id":"https:\/\/fjala.info\/2009-2015\/#organization"},"potentialAction":[{"@type":"SearchAction","target":{"@type":"EntryPoint","urlTemplate":"https:\/\/fjala.info\/2009-2015\/?s={search_term_string}"},"query-input":{"@type":"PropertyValueSpecification","valueRequired":true,"valueName":"search_term_string"}}],"inLanguage":"sq-AL"},{"@type":"Organization","@id":"https:\/\/fjala.info\/2009-2015\/#organization","name":"FjALA e LIR\u00cb - Arkivi","url":"https:\/\/fjala.info\/2009-2015\/","logo":{"@type":"ImageObject","inLanguage":"sq-AL","@id":"https:\/\/fjala.info\/2009-2015\/#\/schema\/logo\/image\/","url":"","contentUrl":"","caption":"FjALA e LIR\u00cb - Arkivi"},"image":{"@id":"https:\/\/fjala.info\/2009-2015\/#\/schema\/logo\/image\/"}},{"@type":"Person","@id":"https:\/\/fjala.info\/2009-2015\/#\/schema\/person\/3aa1163ef05469c496fc94e77611ada2","name":"admin","image":{"@type":"ImageObject","inLanguage":"sq-AL","@id":"https:\/\/fjala.info\/2009-2015\/wp-content\/uploads\/2012\/02\/arben_cokaj-120x150.jpg","url":"https:\/\/fjala.info\/2009-2015\/wp-content\/uploads\/2012\/02\/arben_cokaj-120x150.jpg","contentUrl":"https:\/\/fjala.info\/2009-2015\/wp-content\/uploads\/2012\/02\/arben_cokaj-120x150.jpg","caption":"admin"},"description":"Admin, Fjala e Lir\u00eb","sameAs":["https:\/\/fjala.info\/"],"url":"https:\/\/fjala.info\/2009-2015\/author\/admin\/"}]}},"_links":{"self":[{"href":"https:\/\/fjala.info\/2009-2015\/wp-json\/wp\/v2\/posts\/5122","targetHints":{"allow":["GET"]}}],"collection":[{"href":"https:\/\/fjala.info\/2009-2015\/wp-json\/wp\/v2\/posts"}],"about":[{"href":"https:\/\/fjala.info\/2009-2015\/wp-json\/wp\/v2\/types\/post"}],"author":[{"embeddable":true,"href":"https:\/\/fjala.info\/2009-2015\/wp-json\/wp\/v2\/users\/1"}],"replies":[{"embeddable":true,"href":"https:\/\/fjala.info\/2009-2015\/wp-json\/wp\/v2\/comments?post=5122"}],"version-history":[{"count":0,"href":"https:\/\/fjala.info\/2009-2015\/wp-json\/wp\/v2\/posts\/5122\/revisions"}],"wp:attachment":[{"href":"https:\/\/fjala.info\/2009-2015\/wp-json\/wp\/v2\/media?parent=5122"}],"wp:term":[{"taxonomy":"category","embeddable":true,"href":"https:\/\/fjala.info\/2009-2015\/wp-json\/wp\/v2\/categories?post=5122"},{"taxonomy":"post_tag","embeddable":true,"href":"https:\/\/fjala.info\/2009-2015\/wp-json\/wp\/v2\/tags?post=5122"}],"curies":[{"name":"wp","href":"https:\/\/api.w.org\/{rel}","templated":true}]}}