{"id":5121,"date":"2012-09-23T09:11:52","date_gmt":"2012-09-23T08:11:52","guid":{"rendered":"http:\/\/www.fjala.info\/?p=5121"},"modified":"2012-09-23T09:11:52","modified_gmt":"2012-09-23T08:11:52","slug":"numri-i-te-burgosurve-rritet-cdo-vit-ne-shqiperi-nder-me-te-lartet-ne-bote","status":"publish","type":"post","link":"https:\/\/fjala.info\/2009-2015\/numri-i-te-burgosurve-rritet-cdo-vit-ne-shqiperi-nder-me-te-lartet-ne-bote\/","title":{"rendered":"Numri i t\u00eb burgosurve rritet \u00e7do vit n\u00eb Shqip\u00ebri, nd\u00ebr m\u00eb t\u00eb lart\u00ebt n\u00eb bot\u00eb"},"content":{"rendered":"<p><img decoding=\"async\" class=\"alignright size-thumbnail wp-image-7236\" title=\"Burg n\u00eb Shqip\u00ebri\" src=\"http:\/\/www.fjala.info\/2012\/burg_ne_shqiperi.jpg\" alt=\"\" width=\"300\" \/> Nga <strong>Dorina Bilbili<\/strong>, <em>22 Shtator 2012<\/em><\/p>\n<p><em>Tiran\u00eb<\/em> &#8211; Shqip\u00ebria ka numrin m\u00eb t\u00eb lart\u00eb t\u00eb t\u00eb burgosurve p\u00ebr num\u00ebr popullsie krahasuar me shum\u00eb vende t\u00eb Evrop\u00ebs e Bot\u00ebs dhe po ashtu futet n\u00eb grupin e vendeve me p\u00ebrqindjen m\u00eb t\u00eb lart\u00eb t\u00eb minoren\u00ebve t\u00eb implikuar n\u00eb krime.<\/p>\n<p>Sipas t\u00eb dh\u00ebnave t\u00eb Q\u00ebndr\u00ebs Nd\u00ebrkomb\u00ebtare p\u00ebr Studime n\u00eb Burgje, ICPS, vendi yn\u00eb num\u00ebron mbi 148 t\u00eb burgosur p\u00ebr 100 mij\u00eb banor\u00eb, referuar t\u00eb dh\u00ebnave deri n\u00eb fillim t\u00eb vitit 2011.<\/p>\n<p>ICPS-ja deri n\u00eb k\u00ebt\u00eb periudh\u00eb num\u00ebron 4750 t\u00eb burgosur n\u00eb Shqip\u00ebri, teksa sipas t\u00eb dh\u00ebnave t\u00eb p\u00ebrdit\u00ebsuara nga Drejtoria e P\u00ebrgjithshme e Burgjeve, rezulton se deri n\u00eb muajin prill 2012 ky num\u00ebr ka sh\u00ebnuar rritje, pasi raporton afro 4813 t\u00eb till\u00eb.<\/p>\n<p>Sipas t\u00eb dh\u00ebnave zyrtare t\u00eb aksesuara nga IDEA, grupmosha 21 deri n\u00eb 50 vje\u00e7 \u00ebsht\u00eb ajo q\u00eb popullon r\u00ebndom burgjet tona, ve\u00e7an\u00ebrisht ajo mes 25-40 vje\u00e7. Burgu i Peqinit ka 616 t\u00eb burgosur, Lezh\u00ebs ka 416 dhe ai i Rrogozhin\u00ebs num\u00ebron 321 t\u00eb till\u00eb. K\u00ebto tre institucione burgimi kan\u00eb edhe numrin m\u00eb t\u00eb lart\u00eb t\u00eb personave q\u00eb jan\u00eb n\u00eb paraburgim apo jan\u00eb d\u00ebnuar n\u00eb Shqip\u00ebri.<\/p>\n<p>Femrat p\u00ebrb\u00ebjn\u00eb rreth 2% t\u00eb t\u00eb burgosurve dhe personat n\u00ebn 18 vje\u00e7, 2.5%. N\u00eb Greqi minoren\u00ebt p\u00ebrb\u00ebjn\u00eb 4.5%, Kovov\u00eb 3.1%, Itali, Serbi dhe Maqedoni p\u00ebrb\u00ebjn\u00eb vet\u00ebm 0.7% t\u00eb popullsis\u00eb s\u00eb burgjeve. N\u00eb Shqip\u00ebri deri sot ka 21 institucione p\u00ebr t\u00eb burgosurit, me nj\u00eb okupim afro 107.5%, e nj\u00eb kapacitet 4,417 t\u00eb burgosur. Pra ato kan\u00eb shkelur pragun e mbipopullimit.<\/p>\n<p>Sipas ICPS-s\u00eb trendi i popullimit t\u00eb burgjeve shqiptare nd\u00ebr vite ka ardhur duke u rritur, p\u00ebrve\u00e7 periudh\u00ebs s\u00eb err\u00ebt t\u00eb 1997-\u00ebs ku gjith\u00e7ka ishte kaotike dhe burgjet u hapen, si m\u00eb posht\u00eb:<\/p>\n<blockquote><p>1995 &#8211; 3,177<br \/>\n1998 &#8211; 2,922<br \/>\n2001 &#8211; 3,053<br \/>\n2003 &#8211; 3,778<br \/>\n2005 &#8211; 4,356<br \/>\n2008 &#8211; 4,857<\/p><\/blockquote>\n<p>Anglia dhe Uellsi regjistrojn\u00eb numrin m\u00eb t\u00eb lart\u00eb t\u00eb popullsis\u00eb n\u00eb burgje p\u00ebr frym\u00eb n\u00eb Evrop\u00ebn Per\u00ebndimore, 143 p\u00ebr 100 mij\u00eb banor\u00eb. Greqia deri n\u00eb vitin 2011 num\u00ebron 111 t\u00eb burgosur p\u00ebr 100 mij\u00eb banor\u00eb, Kosova deri n\u00eb nisje t\u00eb 2011-\u00ebs numeroi 60 p\u00ebr 100 mij\u00eb banor\u00eb. T\u00eb gjitha k\u00ebto shtete num\u00ebrojn\u00eb m\u00eb pak t\u00eb burgosur p\u00ebr num\u00ebr popullsie se Shqip\u00ebria.<\/p>\n<p>Irani n\u00eb Lindjen e Mesme num\u00ebron vet\u00ebm 115 t\u00eb burgosur p\u00ebr 100 mij\u00eb banor\u00eb. Jemeni 48, Kina ka 121 p\u00ebr 100 mij\u00eb banor\u00eb. N\u00eb Australi ka 129, Afganistani 68, Pakistan deri n\u00eb fillim t\u00eb 2011-\u00ebs kishte 40 p\u00ebr 100 mij\u00eb banor\u00eb, Egjipti 80 deri n\u00eb 2011-\u00ebn.<\/p>\n<p>Shqip\u00ebria n\u00eb Evrop\u00ebn Juglindore, Ballkan dhe pjes\u00ebn tjet\u00ebr t\u00eb Evrop\u00ebs lihet pas vet\u00ebm nga Turqia, e cila ka afro 168 persona p\u00ebr 100 mij\u00eb banor\u00eb, nga Ukraina me 350 t\u00eb till\u00eb dhe Rusia 610 dhe Mali i Zi fqinj numeron 227. Serbia 154, Bullgaria 146, Spanja 150. Me tre t\u00eb fundit me diferenca q\u00eb num\u00ebrohen me gishtat e dor\u00ebs.<\/p>\n<p>Sa i takon okupimit t\u00eb institucioneve t\u00eb burgjeve Shqip\u00ebria n\u00eb Evrop\u00eb r\u00ebndiet e e 18-ta, e para \u00ebsht\u00eb Serbia me 172.3% dhe m\u00eb me pak njer\u00ebz n\u00eb burgje \u00ebsht\u00eb Monako, n\u00eb vendin e 56-t\u00eb me 14.8%.<\/p>\n<p>Debati mbi ndikimin e normave t\u00eb krimit mbi normat e burgosjes \u00ebsht\u00eb pjes\u00eb e nj\u00eb disktutimi t\u00eb gj\u00ebr\u00eb n\u00eb mbar\u00eb bot\u00ebn e qytet\u00ebruar. Efekti i krimit mbi normat e burgimit mund t\u00eb jet\u00eb i v\u00ebshtir\u00eb p\u00ebr t\u2019u identifikuar por sipas nj\u00eb teorie t\u00eb shkoll\u00ebs s\u00eb Drejt\u00ebsis\u00eb n\u00eb Yale, thuhet se duke marr\u00eb n\u00eb studim p\u00ebrshembull: Rastin e abortit, kan\u00eb d\u00ebshmuar se r\u00ebnia e nj\u00eb krimi t\u00eb till\u00eb ka sh\u00ebnuar edhe uljen e popullsis\u00eb s\u00eb burgjeve, t\u00eb d\u00ebnuar apo ndaluar pik\u00ebrisht p\u00ebr k\u00ebt\u00eb shkak. (Kjo gjithmon\u00eb kur drejt\u00ebsia vepron bazuar n\u00eb nj\u00eb shtet ligjor dhe jo arbitrar).<\/p>\n<p>Kryeministri Berisha n\u00eb mbledhjen e fundit t\u00eb qeveris\u00eb tha vet\u00ebm se zbulueshm\u00ebria e krimit n\u00eb Shqip\u00ebri \u00ebsht\u00eb rritur ndjesh\u00ebm, duke e interpretuar k\u00ebt\u00eb si rritje t\u00eb forc\u00ebs s\u00eb shtetit ndaj kriminalitetit.<\/p>\n<p>N\u00eb nj\u00eb studim t\u00eb muajit gusht t\u00eb k\u00ebtij viti, n\u00eb mbar\u00eb bot\u00ebn, nj\u00eb n\u00eb 670 njer\u00ebz \u00ebsht\u00eb duke e kaluar nj\u00eb pjes\u00eb t\u00eb jet\u00ebs s\u00eb tij apo t\u00eb saj prapa hekurave. N\u00eb shum\u00eb vende kushtet e jetes\u00ebs n\u00eb burg jan\u00eb t\u00eb varf\u00ebra. Shum\u00eb burgje jan\u00eb t\u00eb mbipopulluara dhe dhuna \u00ebsht\u00eb pjes\u00eb e rutin\u00ebs s\u00eb p\u00ebrditshme e t\u00eb burgosurve. Standardet e t\u00eb drejtave t\u00eb njeriut shpesh neglizhohen teksa vler\u00ebsohet se n\u00eb Evrop\u00eb vler\u00ebsohet se burgjet e Italis\u00eb jan\u00eb t\u00eb tejmbushur me t\u00eb burgosur, n\u00eb nivel 131.5%. Belgjika ka numrin m\u00eb t\u00eb lart\u00eb t\u00eb t\u00eb burgosurve n\u00ebn gjykim dhe Holanda ka m\u00eb shum\u00eb gra t\u00eb burgosura.<\/p>\n<p>Qendra Nd\u00ebrkomb\u00ebtare p\u00ebr Studime t\u00eb Burgjeve (ICPS) paraqet nj\u00eb list\u00eb t\u00eb p\u00ebrdit\u00ebsuar mujore t\u00eb normave t\u00eb popullsis\u00eb n\u00eb burg p\u00ebr 100.000 t\u00eb popullsive komb\u00ebtare. Si m\u00eb posht\u00eb:<\/p>\n<p>10 vendet me m\u00eb shum\u00eb t\u00eb burgosur p\u00ebr banor\u00eb:<\/p>\n<p>Virgin Islands (UK)-439; Anguila (UK)-480; Kuba-510; Rusia-511; Gjeorgjia-524; Ruanda-527; Seychelles-535; Virgin Islands (USA)-539; St Kitts &amp; Nevis-649; Shtetet e Bashkuara-730.<\/p>\n","protected":false},"excerpt":{"rendered":"<p>Nga Dorina Bilbili, 22 Shtator 2012 Tiran\u00eb &#8211; Shqip\u00ebria ka numrin m\u00eb t\u00eb lart\u00eb t\u00eb t\u00eb burgosurve p\u00ebr num\u00ebr popullsie krahasuar me shum\u00eb vende t\u00eb Evrop\u00ebs e Bot\u00ebs dhe po ashtu futet n\u00eb grupin e vendeve me p\u00ebrqindjen m\u00eb t\u00eb lart\u00eb t\u00eb minoren\u00ebve t\u00eb implikuar n\u00eb krime. Sipas t\u00eb dh\u00ebnave t\u00eb Q\u00ebndr\u00ebs Nd\u00ebrkomb\u00ebtare p\u00ebr Studime [&hellip;]<\/p>\n","protected":false},"author":1,"featured_media":0,"comment_status":"open","ping_status":"closed","sticky":false,"template":"","format":"standard","meta":{"footnotes":""},"categories":[2],"tags":[],"class_list":{"0":"post-5121","1":"post","2":"type-post","3":"status-publish","4":"format-standard","6":"category-artikuj"},"yoast_head":"<!-- This site is optimized with the Yoast SEO plugin v27.4 - https:\/\/yoast.com\/product\/yoast-seo-wordpress\/ -->\n<title>Numri i t\u00eb burgosurve rritet \u00e7do vit n\u00eb Shqip\u00ebri, nd\u00ebr m\u00eb t\u00eb lart\u00ebt n\u00eb bot\u00eb - FjALA e LIR\u00cb - Arkivi<\/title>\n<meta name=\"robots\" content=\"index, follow, max-snippet:-1, max-image-preview:large, max-video-preview:-1\" \/>\n<link rel=\"canonical\" href=\"https:\/\/fjala.info\/2009-2015\/numri-i-te-burgosurve-rritet-cdo-vit-ne-shqiperi-nder-me-te-lartet-ne-bote\/\" \/>\n<meta property=\"og:locale\" content=\"sq_AL\" \/>\n<meta property=\"og:type\" content=\"article\" \/>\n<meta property=\"og:title\" content=\"Numri i t\u00eb burgosurve rritet \u00e7do vit n\u00eb Shqip\u00ebri, nd\u00ebr m\u00eb t\u00eb lart\u00ebt n\u00eb bot\u00eb - FjALA e LIR\u00cb - Arkivi\" \/>\n<meta property=\"og:description\" content=\"Nga Dorina Bilbili, 22 Shtator 2012 Tiran\u00eb &#8211; Shqip\u00ebria ka numrin m\u00eb t\u00eb lart\u00eb t\u00eb t\u00eb burgosurve p\u00ebr num\u00ebr popullsie krahasuar me shum\u00eb vende t\u00eb Evrop\u00ebs e Bot\u00ebs dhe po ashtu futet n\u00eb grupin e vendeve me p\u00ebrqindjen m\u00eb t\u00eb lart\u00eb t\u00eb minoren\u00ebve t\u00eb implikuar n\u00eb krime. Sipas t\u00eb dh\u00ebnave t\u00eb Q\u00ebndr\u00ebs Nd\u00ebrkomb\u00ebtare p\u00ebr Studime [&hellip;]\" \/>\n<meta property=\"og:url\" content=\"https:\/\/fjala.info\/2009-2015\/numri-i-te-burgosurve-rritet-cdo-vit-ne-shqiperi-nder-me-te-lartet-ne-bote\/\" \/>\n<meta property=\"og:site_name\" content=\"FjALA e LIR\u00cb - Arkivi\" \/>\n<meta property=\"article:published_time\" content=\"2012-09-23T08:11:52+00:00\" \/>\n<meta property=\"og:image\" content=\"http:\/\/www.fjala.info\/2012\/burg_ne_shqiperi.jpg\" \/>\n<meta name=\"author\" content=\"admin\" \/>\n<meta name=\"twitter:card\" content=\"summary_large_image\" \/>\n<meta name=\"twitter:label1\" content=\"Written by\" \/>\n\t<meta name=\"twitter:data1\" content=\"admin\" \/>\n\t<meta name=\"twitter:label2\" content=\"Est. reading time\" \/>\n\t<meta name=\"twitter:data2\" content=\"4 minutes\" \/>\n<script type=\"application\/ld+json\" class=\"yoast-schema-graph\">{\"@context\":\"https:\\\/\\\/schema.org\",\"@graph\":[{\"@type\":\"Article\",\"@id\":\"https:\\\/\\\/fjala.info\\\/2009-2015\\\/numri-i-te-burgosurve-rritet-cdo-vit-ne-shqiperi-nder-me-te-lartet-ne-bote\\\/#article\",\"isPartOf\":{\"@id\":\"https:\\\/\\\/fjala.info\\\/2009-2015\\\/numri-i-te-burgosurve-rritet-cdo-vit-ne-shqiperi-nder-me-te-lartet-ne-bote\\\/\"},\"author\":{\"name\":\"admin\",\"@id\":\"https:\\\/\\\/fjala.info\\\/2009-2015\\\/#\\\/schema\\\/person\\\/3aa1163ef05469c496fc94e77611ada2\"},\"headline\":\"Numri i t\u00eb burgosurve rritet \u00e7do vit n\u00eb Shqip\u00ebri, nd\u00ebr m\u00eb t\u00eb lart\u00ebt n\u00eb bot\u00eb\",\"datePublished\":\"2012-09-23T08:11:52+00:00\",\"mainEntityOfPage\":{\"@id\":\"https:\\\/\\\/fjala.info\\\/2009-2015\\\/numri-i-te-burgosurve-rritet-cdo-vit-ne-shqiperi-nder-me-te-lartet-ne-bote\\\/\"},\"wordCount\":864,\"commentCount\":0,\"publisher\":{\"@id\":\"https:\\\/\\\/fjala.info\\\/2009-2015\\\/#organization\"},\"image\":{\"@id\":\"https:\\\/\\\/fjala.info\\\/2009-2015\\\/numri-i-te-burgosurve-rritet-cdo-vit-ne-shqiperi-nder-me-te-lartet-ne-bote\\\/#primaryimage\"},\"thumbnailUrl\":\"http:\\\/\\\/www.fjala.info\\\/2012\\\/burg_ne_shqiperi.jpg\",\"articleSection\":[\"Artikuj\"],\"inLanguage\":\"sq-AL\",\"potentialAction\":[{\"@type\":\"CommentAction\",\"name\":\"Comment\",\"target\":[\"https:\\\/\\\/fjala.info\\\/2009-2015\\\/numri-i-te-burgosurve-rritet-cdo-vit-ne-shqiperi-nder-me-te-lartet-ne-bote\\\/#respond\"]}]},{\"@type\":\"WebPage\",\"@id\":\"https:\\\/\\\/fjala.info\\\/2009-2015\\\/numri-i-te-burgosurve-rritet-cdo-vit-ne-shqiperi-nder-me-te-lartet-ne-bote\\\/\",\"url\":\"https:\\\/\\\/fjala.info\\\/2009-2015\\\/numri-i-te-burgosurve-rritet-cdo-vit-ne-shqiperi-nder-me-te-lartet-ne-bote\\\/\",\"name\":\"Numri i t\u00eb burgosurve rritet \u00e7do vit n\u00eb Shqip\u00ebri, nd\u00ebr m\u00eb t\u00eb lart\u00ebt n\u00eb bot\u00eb - FjALA e LIR\u00cb - Arkivi\",\"isPartOf\":{\"@id\":\"https:\\\/\\\/fjala.info\\\/2009-2015\\\/#website\"},\"primaryImageOfPage\":{\"@id\":\"https:\\\/\\\/fjala.info\\\/2009-2015\\\/numri-i-te-burgosurve-rritet-cdo-vit-ne-shqiperi-nder-me-te-lartet-ne-bote\\\/#primaryimage\"},\"image\":{\"@id\":\"https:\\\/\\\/fjala.info\\\/2009-2015\\\/numri-i-te-burgosurve-rritet-cdo-vit-ne-shqiperi-nder-me-te-lartet-ne-bote\\\/#primaryimage\"},\"thumbnailUrl\":\"http:\\\/\\\/www.fjala.info\\\/2012\\\/burg_ne_shqiperi.jpg\",\"datePublished\":\"2012-09-23T08:11:52+00:00\",\"breadcrumb\":{\"@id\":\"https:\\\/\\\/fjala.info\\\/2009-2015\\\/numri-i-te-burgosurve-rritet-cdo-vit-ne-shqiperi-nder-me-te-lartet-ne-bote\\\/#breadcrumb\"},\"inLanguage\":\"sq-AL\",\"potentialAction\":[{\"@type\":\"ReadAction\",\"target\":[\"https:\\\/\\\/fjala.info\\\/2009-2015\\\/numri-i-te-burgosurve-rritet-cdo-vit-ne-shqiperi-nder-me-te-lartet-ne-bote\\\/\"]}]},{\"@type\":\"ImageObject\",\"inLanguage\":\"sq-AL\",\"@id\":\"https:\\\/\\\/fjala.info\\\/2009-2015\\\/numri-i-te-burgosurve-rritet-cdo-vit-ne-shqiperi-nder-me-te-lartet-ne-bote\\\/#primaryimage\",\"url\":\"http:\\\/\\\/www.fjala.info\\\/2012\\\/burg_ne_shqiperi.jpg\",\"contentUrl\":\"http:\\\/\\\/www.fjala.info\\\/2012\\\/burg_ne_shqiperi.jpg\"},{\"@type\":\"BreadcrumbList\",\"@id\":\"https:\\\/\\\/fjala.info\\\/2009-2015\\\/numri-i-te-burgosurve-rritet-cdo-vit-ne-shqiperi-nder-me-te-lartet-ne-bote\\\/#breadcrumb\",\"itemListElement\":[{\"@type\":\"ListItem\",\"position\":1,\"name\":\"Home\",\"item\":\"https:\\\/\\\/fjala.info\\\/2009-2015\\\/\"},{\"@type\":\"ListItem\",\"position\":2,\"name\":\"Numri i t\u00eb burgosurve rritet \u00e7do vit n\u00eb Shqip\u00ebri, nd\u00ebr m\u00eb t\u00eb lart\u00ebt n\u00eb bot\u00eb\"}]},{\"@type\":\"WebSite\",\"@id\":\"https:\\\/\\\/fjala.info\\\/2009-2015\\\/#website\",\"url\":\"https:\\\/\\\/fjala.info\\\/2009-2015\\\/\",\"name\":\"FjALA e LIR\u00cb - Arkivi\",\"description\":\"Arkivi 2009-2015\",\"publisher\":{\"@id\":\"https:\\\/\\\/fjala.info\\\/2009-2015\\\/#organization\"},\"potentialAction\":[{\"@type\":\"SearchAction\",\"target\":{\"@type\":\"EntryPoint\",\"urlTemplate\":\"https:\\\/\\\/fjala.info\\\/2009-2015\\\/?s={search_term_string}\"},\"query-input\":{\"@type\":\"PropertyValueSpecification\",\"valueRequired\":true,\"valueName\":\"search_term_string\"}}],\"inLanguage\":\"sq-AL\"},{\"@type\":\"Organization\",\"@id\":\"https:\\\/\\\/fjala.info\\\/2009-2015\\\/#organization\",\"name\":\"FjALA e LIR\u00cb - Arkivi\",\"url\":\"https:\\\/\\\/fjala.info\\\/2009-2015\\\/\",\"logo\":{\"@type\":\"ImageObject\",\"inLanguage\":\"sq-AL\",\"@id\":\"https:\\\/\\\/fjala.info\\\/2009-2015\\\/#\\\/schema\\\/logo\\\/image\\\/\",\"url\":\"\",\"contentUrl\":\"\",\"caption\":\"FjALA e LIR\u00cb - Arkivi\"},\"image\":{\"@id\":\"https:\\\/\\\/fjala.info\\\/2009-2015\\\/#\\\/schema\\\/logo\\\/image\\\/\"}},{\"@type\":\"Person\",\"@id\":\"https:\\\/\\\/fjala.info\\\/2009-2015\\\/#\\\/schema\\\/person\\\/3aa1163ef05469c496fc94e77611ada2\",\"name\":\"admin\",\"image\":{\"@type\":\"ImageObject\",\"inLanguage\":\"sq-AL\",\"@id\":\"https:\\\/\\\/fjala.info\\\/2009-2015\\\/wp-content\\\/uploads\\\/2012\\\/02\\\/arben_cokaj-120x150.jpg\",\"url\":\"https:\\\/\\\/fjala.info\\\/2009-2015\\\/wp-content\\\/uploads\\\/2012\\\/02\\\/arben_cokaj-120x150.jpg\",\"contentUrl\":\"https:\\\/\\\/fjala.info\\\/2009-2015\\\/wp-content\\\/uploads\\\/2012\\\/02\\\/arben_cokaj-120x150.jpg\",\"caption\":\"admin\"},\"description\":\"Admin, Fjala e Lir\u00eb\",\"sameAs\":[\"https:\\\/\\\/fjala.info\\\/\"],\"url\":\"https:\\\/\\\/fjala.info\\\/2009-2015\\\/author\\\/admin\\\/\"}]}<\/script>\n<!-- \/ Yoast SEO plugin. -->","yoast_head_json":{"title":"Numri i t\u00eb burgosurve rritet \u00e7do vit n\u00eb Shqip\u00ebri, nd\u00ebr m\u00eb t\u00eb lart\u00ebt n\u00eb bot\u00eb - FjALA e LIR\u00cb - Arkivi","robots":{"index":"index","follow":"follow","max-snippet":"max-snippet:-1","max-image-preview":"max-image-preview:large","max-video-preview":"max-video-preview:-1"},"canonical":"https:\/\/fjala.info\/2009-2015\/numri-i-te-burgosurve-rritet-cdo-vit-ne-shqiperi-nder-me-te-lartet-ne-bote\/","og_locale":"sq_AL","og_type":"article","og_title":"Numri i t\u00eb burgosurve rritet \u00e7do vit n\u00eb Shqip\u00ebri, nd\u00ebr m\u00eb t\u00eb lart\u00ebt n\u00eb bot\u00eb - FjALA e LIR\u00cb - Arkivi","og_description":"Nga Dorina Bilbili, 22 Shtator 2012 Tiran\u00eb &#8211; Shqip\u00ebria ka numrin m\u00eb t\u00eb lart\u00eb t\u00eb t\u00eb burgosurve p\u00ebr num\u00ebr popullsie krahasuar me shum\u00eb vende t\u00eb Evrop\u00ebs e Bot\u00ebs dhe po ashtu futet n\u00eb grupin e vendeve me p\u00ebrqindjen m\u00eb t\u00eb lart\u00eb t\u00eb minoren\u00ebve t\u00eb implikuar n\u00eb krime. Sipas t\u00eb dh\u00ebnave t\u00eb Q\u00ebndr\u00ebs Nd\u00ebrkomb\u00ebtare p\u00ebr Studime [&hellip;]","og_url":"https:\/\/fjala.info\/2009-2015\/numri-i-te-burgosurve-rritet-cdo-vit-ne-shqiperi-nder-me-te-lartet-ne-bote\/","og_site_name":"FjALA e LIR\u00cb - Arkivi","article_published_time":"2012-09-23T08:11:52+00:00","og_image":[{"url":"http:\/\/www.fjala.info\/2012\/burg_ne_shqiperi.jpg","type":"","width":"","height":""}],"author":"admin","twitter_card":"summary_large_image","twitter_misc":{"Written by":"admin","Est. reading time":"4 minutes"},"schema":{"@context":"https:\/\/schema.org","@graph":[{"@type":"Article","@id":"https:\/\/fjala.info\/2009-2015\/numri-i-te-burgosurve-rritet-cdo-vit-ne-shqiperi-nder-me-te-lartet-ne-bote\/#article","isPartOf":{"@id":"https:\/\/fjala.info\/2009-2015\/numri-i-te-burgosurve-rritet-cdo-vit-ne-shqiperi-nder-me-te-lartet-ne-bote\/"},"author":{"name":"admin","@id":"https:\/\/fjala.info\/2009-2015\/#\/schema\/person\/3aa1163ef05469c496fc94e77611ada2"},"headline":"Numri i t\u00eb burgosurve rritet \u00e7do vit n\u00eb Shqip\u00ebri, nd\u00ebr m\u00eb t\u00eb lart\u00ebt n\u00eb bot\u00eb","datePublished":"2012-09-23T08:11:52+00:00","mainEntityOfPage":{"@id":"https:\/\/fjala.info\/2009-2015\/numri-i-te-burgosurve-rritet-cdo-vit-ne-shqiperi-nder-me-te-lartet-ne-bote\/"},"wordCount":864,"commentCount":0,"publisher":{"@id":"https:\/\/fjala.info\/2009-2015\/#organization"},"image":{"@id":"https:\/\/fjala.info\/2009-2015\/numri-i-te-burgosurve-rritet-cdo-vit-ne-shqiperi-nder-me-te-lartet-ne-bote\/#primaryimage"},"thumbnailUrl":"http:\/\/www.fjala.info\/2012\/burg_ne_shqiperi.jpg","articleSection":["Artikuj"],"inLanguage":"sq-AL","potentialAction":[{"@type":"CommentAction","name":"Comment","target":["https:\/\/fjala.info\/2009-2015\/numri-i-te-burgosurve-rritet-cdo-vit-ne-shqiperi-nder-me-te-lartet-ne-bote\/#respond"]}]},{"@type":"WebPage","@id":"https:\/\/fjala.info\/2009-2015\/numri-i-te-burgosurve-rritet-cdo-vit-ne-shqiperi-nder-me-te-lartet-ne-bote\/","url":"https:\/\/fjala.info\/2009-2015\/numri-i-te-burgosurve-rritet-cdo-vit-ne-shqiperi-nder-me-te-lartet-ne-bote\/","name":"Numri i t\u00eb burgosurve rritet \u00e7do vit n\u00eb Shqip\u00ebri, nd\u00ebr m\u00eb t\u00eb lart\u00ebt n\u00eb bot\u00eb - FjALA e LIR\u00cb - Arkivi","isPartOf":{"@id":"https:\/\/fjala.info\/2009-2015\/#website"},"primaryImageOfPage":{"@id":"https:\/\/fjala.info\/2009-2015\/numri-i-te-burgosurve-rritet-cdo-vit-ne-shqiperi-nder-me-te-lartet-ne-bote\/#primaryimage"},"image":{"@id":"https:\/\/fjala.info\/2009-2015\/numri-i-te-burgosurve-rritet-cdo-vit-ne-shqiperi-nder-me-te-lartet-ne-bote\/#primaryimage"},"thumbnailUrl":"http:\/\/www.fjala.info\/2012\/burg_ne_shqiperi.jpg","datePublished":"2012-09-23T08:11:52+00:00","breadcrumb":{"@id":"https:\/\/fjala.info\/2009-2015\/numri-i-te-burgosurve-rritet-cdo-vit-ne-shqiperi-nder-me-te-lartet-ne-bote\/#breadcrumb"},"inLanguage":"sq-AL","potentialAction":[{"@type":"ReadAction","target":["https:\/\/fjala.info\/2009-2015\/numri-i-te-burgosurve-rritet-cdo-vit-ne-shqiperi-nder-me-te-lartet-ne-bote\/"]}]},{"@type":"ImageObject","inLanguage":"sq-AL","@id":"https:\/\/fjala.info\/2009-2015\/numri-i-te-burgosurve-rritet-cdo-vit-ne-shqiperi-nder-me-te-lartet-ne-bote\/#primaryimage","url":"http:\/\/www.fjala.info\/2012\/burg_ne_shqiperi.jpg","contentUrl":"http:\/\/www.fjala.info\/2012\/burg_ne_shqiperi.jpg"},{"@type":"BreadcrumbList","@id":"https:\/\/fjala.info\/2009-2015\/numri-i-te-burgosurve-rritet-cdo-vit-ne-shqiperi-nder-me-te-lartet-ne-bote\/#breadcrumb","itemListElement":[{"@type":"ListItem","position":1,"name":"Home","item":"https:\/\/fjala.info\/2009-2015\/"},{"@type":"ListItem","position":2,"name":"Numri i t\u00eb burgosurve rritet \u00e7do vit n\u00eb Shqip\u00ebri, nd\u00ebr m\u00eb t\u00eb lart\u00ebt n\u00eb bot\u00eb"}]},{"@type":"WebSite","@id":"https:\/\/fjala.info\/2009-2015\/#website","url":"https:\/\/fjala.info\/2009-2015\/","name":"FjALA e LIR\u00cb - Arkivi","description":"Arkivi 2009-2015","publisher":{"@id":"https:\/\/fjala.info\/2009-2015\/#organization"},"potentialAction":[{"@type":"SearchAction","target":{"@type":"EntryPoint","urlTemplate":"https:\/\/fjala.info\/2009-2015\/?s={search_term_string}"},"query-input":{"@type":"PropertyValueSpecification","valueRequired":true,"valueName":"search_term_string"}}],"inLanguage":"sq-AL"},{"@type":"Organization","@id":"https:\/\/fjala.info\/2009-2015\/#organization","name":"FjALA e LIR\u00cb - Arkivi","url":"https:\/\/fjala.info\/2009-2015\/","logo":{"@type":"ImageObject","inLanguage":"sq-AL","@id":"https:\/\/fjala.info\/2009-2015\/#\/schema\/logo\/image\/","url":"","contentUrl":"","caption":"FjALA e LIR\u00cb - Arkivi"},"image":{"@id":"https:\/\/fjala.info\/2009-2015\/#\/schema\/logo\/image\/"}},{"@type":"Person","@id":"https:\/\/fjala.info\/2009-2015\/#\/schema\/person\/3aa1163ef05469c496fc94e77611ada2","name":"admin","image":{"@type":"ImageObject","inLanguage":"sq-AL","@id":"https:\/\/fjala.info\/2009-2015\/wp-content\/uploads\/2012\/02\/arben_cokaj-120x150.jpg","url":"https:\/\/fjala.info\/2009-2015\/wp-content\/uploads\/2012\/02\/arben_cokaj-120x150.jpg","contentUrl":"https:\/\/fjala.info\/2009-2015\/wp-content\/uploads\/2012\/02\/arben_cokaj-120x150.jpg","caption":"admin"},"description":"Admin, Fjala e Lir\u00eb","sameAs":["https:\/\/fjala.info\/"],"url":"https:\/\/fjala.info\/2009-2015\/author\/admin\/"}]}},"_links":{"self":[{"href":"https:\/\/fjala.info\/2009-2015\/wp-json\/wp\/v2\/posts\/5121","targetHints":{"allow":["GET"]}}],"collection":[{"href":"https:\/\/fjala.info\/2009-2015\/wp-json\/wp\/v2\/posts"}],"about":[{"href":"https:\/\/fjala.info\/2009-2015\/wp-json\/wp\/v2\/types\/post"}],"author":[{"embeddable":true,"href":"https:\/\/fjala.info\/2009-2015\/wp-json\/wp\/v2\/users\/1"}],"replies":[{"embeddable":true,"href":"https:\/\/fjala.info\/2009-2015\/wp-json\/wp\/v2\/comments?post=5121"}],"version-history":[{"count":0,"href":"https:\/\/fjala.info\/2009-2015\/wp-json\/wp\/v2\/posts\/5121\/revisions"}],"wp:attachment":[{"href":"https:\/\/fjala.info\/2009-2015\/wp-json\/wp\/v2\/media?parent=5121"}],"wp:term":[{"taxonomy":"category","embeddable":true,"href":"https:\/\/fjala.info\/2009-2015\/wp-json\/wp\/v2\/categories?post=5121"},{"taxonomy":"post_tag","embeddable":true,"href":"https:\/\/fjala.info\/2009-2015\/wp-json\/wp\/v2\/tags?post=5121"}],"curies":[{"name":"wp","href":"https:\/\/api.w.org\/{rel}","templated":true}]}}