{"id":5120,"date":"2010-12-07T23:05:18","date_gmt":"2010-12-07T22:05:18","guid":{"rendered":"http:\/\/fjala.shkoder.net\/?p=5120"},"modified":"2010-12-07T23:05:18","modified_gmt":"2010-12-07T22:05:18","slug":"nga-na-erdhi-kjo-fatkeqesi","status":"publish","type":"post","link":"https:\/\/fjala.info\/2009-2015\/nga-na-erdhi-kjo-fatkeqesi\/","title":{"rendered":"Nga na erdhi kjo fatkeq\u00ebsi?!"},"content":{"rendered":"<p><img loading=\"lazy\" decoding=\"async\" class=\"alignleft size-thumbnail wp-image-4317\" title=\"Pre\u00e7 Zogaj\" src=\"http:\/\/fjala.shkoder.net\/wp-content\/uploads\/2010\/10\/prec_zogaj-150x150.jpg\" alt=\"\" width=\"150\" height=\"150\" \/><\/p>\n<p><strong>Pre\u00e7 Zogaj<\/strong>, <em>07.12.2010<\/em><\/p>\n<p>T\u00eb gjith\u00eb pyesin. T\u00eb gjith\u00eb duan t\u00eb din\u00eb. Nga na erdhi kjo fatkeq\u00ebsi?! Q\u00ebkurse u nd\u00ebrtuan kaskadat e lumit Drin, Shkodra nuk ka njohur nj\u00eb t\u00eb till\u00eb p\u00ebrmbytje. Deri dit\u00ebn kur KESH-i e kishte pjes\u00eb t\u00eb veten Nd\u00ebrmarrjen e Shp\u00ebrndarjes s\u00eb Energjis\u00eb Elektrike, apo edhe gjat\u00eb periudh\u00ebs transitore kur k\u00ebto dy nd\u00ebrmarrje u ndan\u00eb duke mbetur pjes\u00eb e nj\u00eb \u00e7atie shtet\u00ebrore, nuk kishin ndodhur fatkeq\u00ebsi t\u00eb k\u00ebtyre p\u00ebrmasave.<\/p>\n<p>Historia e p\u00ebrmbytjeve t\u00eb koh\u00ebs s\u00eb parahidrocentraleve u rikthye si nj\u00eb sinjal alarmi n\u00eb fund t\u00eb vitit 2009. Qeveria dhe shteti shqiptar e kaluan me &#8220;politik\u00eb&#8221; dhe me letrarizma at\u00eb fatkeq\u00ebsi, n\u00eb t\u00eb cil\u00ebn qindra-mij\u00ebra familje dol\u00ebn me k\u00ebpuc\u00eb t\u00eb kuqe, nd\u00ebrsa nj\u00eb grusht zyrtar\u00ebsh dhe sekser\u00ebsh me siguri u b\u00ebn\u00eb pasanik\u00eb duke shitur energji. Dhe k\u00ebshtu, pa u mbushur viti, n\u00eb logjik\u00ebn e hekurt t\u00eb nj\u00eb ligj\u00ebsie t\u00eb ep\u00ebrme, fatkeq\u00ebsia u p\u00ebrs\u00ebrit n\u00eb p\u00ebrmasa shum\u00eb m\u00eb t\u00eb m\u00ebdha k\u00ebto dit\u00eb.<\/p>\n<p>N\u00ebse ka di\u00e7ka prej per\u00ebndie n\u00eb k\u00ebt\u00eb goditje t\u00eb dyt\u00eb, ky \u00ebsht\u00eb nj\u00eb nd\u00ebshkim p\u00ebr shp\u00ebrfilljen dhe indiferenc\u00ebn e qeveris\u00eb ndaj sinjaleve t\u00eb qarta q\u00eb u dhan\u00eb n\u00eb goditjen e par\u00eb. K\u00ebsaj radhe jan\u00eb kat\u00ebrmb\u00ebdhjet\u00eb mij\u00eb hektar\u00eb tok\u00eb n\u00ebn uj\u00eb. Kat\u00ebr ose pes\u00eb mij\u00eb m\u00eb shum\u00eb se her\u00ebn e par\u00eb. Harta e p\u00ebrmbytjes k\u00ebsaj radhe ka p\u00ebrparuar ndjesh\u00ebm n\u00eb qytet, duke rikthyer regjimin e dikursh\u00ebm t\u00eb varkave.<\/p>\n<p>Nuk diskutohet se p\u00ebrpar\u00ebsi e momentit \u00ebsht\u00eb p\u00ebrballimi i fatkeq\u00ebsis\u00eb, shp\u00ebtimi i jet\u00ebve, evakuimi dhe akomodimi i t\u00eb rrezikuarve, furnizimi me uj\u00eb, ushqime, ila\u00e7e e tjer\u00eb. Por pyetja &#8220;\u00e7&#8217;po ndodh?!&#8221; rreh si \u00e7ekan n\u00eb mendjen e shumic\u00ebs s\u00eb shqiptar\u00ebve.<\/p>\n<p>Ajo \u00ebsht\u00eb shprehje e d\u00ebshir\u00ebs dhe nevoj\u00ebs p\u00ebr t\u00eb kuptuar, p\u00ebr t\u00eb shpresuar. Njer\u00ebzit nuk mund ta jetojn\u00eb si nj\u00eb fatalitet iden\u00eb e rrezikut nga v\u00ebrshimet, nga rr\u00ebshqitjet apo that\u00ebsira. Ja p\u00ebrse p\u00ebrgjigjet nuk mund t\u00eb jepen shkel e shko, sa p\u00ebr t\u00eb b\u00ebr\u00eb parad\u00ebn politike t\u00eb radh\u00ebs.<\/p>\n<p>P\u00ebrpara se t\u00eb ngjiten n\u00eb foltoret e politik\u00ebs, ku nuk mund t\u00eb mos ngjiten, k\u00ebto p\u00ebrgjigje duhet t\u00eb mb\u00ebshteten n\u00eb nj\u00eb hetim thell\u00ebsisht profesional t\u00eb shkaqeve t\u00eb p\u00ebrmbytjes dhe n\u00eb nj\u00eb ekspertiz\u00eb po aq profesionale p\u00ebr masat q\u00eb duhen marr\u00eb.<\/p>\n<p>Un\u00eb nuk e di a i ka apo jo K\u00ebshilli i Sigurimit Komb\u00ebtar prerogativat p\u00ebr t\u00eb ngritur nj\u00eb ekip profesionist\u00ebsh t\u00eb zot\u00eb q\u00eb do t\u00eb nd\u00ebrmerrnin hetimin dhe ekspertiz\u00ebn n\u00eb fjal\u00eb. Pa ta kishte t\u00eb mundur ky K\u00ebshill, do t\u00eb ishte mir\u00eb. N\u00eb pamund\u00ebsi, hetimi dhe ekspertiza mund t\u00eb b\u00ebhen edhe me asistenc\u00eb nd\u00ebrkomb\u00ebtare, fjala vjen n\u00ebn ombrell\u00ebn e OSBE-s\u00eb.<\/p>\n<p>Gjith\u00eb problemi \u00ebsht\u00eb se na duhet nj\u00eb gj\u00eb e sakt\u00eb, pa e fshehur dhe nj\u00ebkoh\u00ebsisht pa ekzagjeruar t\u00eb v\u00ebrtet\u00ebn p\u00ebr arsye politike. E v\u00ebrteta e q\u00ebruar \u00ebsht\u00eb e vetmja mund\u00ebsi reale p\u00ebr t&#8217;u korrigjuar.<\/p>\n<p>Qeveria e dogji k\u00ebt\u00eb mund\u00ebsi vitin e kaluar dhe tani, edhe po t\u00eb k\u00ebt\u00eb d\u00ebshir\u00ebn e mir\u00eb t\u00eb ver\u00eb gishtin n\u00eb plag\u00eb, paragjykohet nga opozita. Opozita nga ana e saj paragjykohet nga qeveria sikur ajo k\u00ebrkon t\u00eb nxjerr\u00eb p\u00ebrfitime politike me fatkeq\u00ebsin\u00eb.<\/p>\n<p>Ky \u00ebsht\u00eb rebusi q\u00eb mund t\u00eb kap\u00ebrcehet ose me vet\u00ebdijen e bashkimit para nj\u00eb emergjence komb\u00ebtare &#8211; gj\u00eb q\u00eb \u00ebsht\u00eb e preferueshme, por pak e realizueshme n\u00eb k\u00ebt\u00eb periudh\u00eb &#8211; ose nga nj\u00eb instanc\u00eb e tret\u00eb.<\/p>\n<p>P\u00ebrpjekja p\u00ebr t\u00eb kuptuar &#8220;\u00e7&#8217;po ndodh?!&#8221; ka nxjerr\u00eb n\u00eb drit\u00eb disa pik\u00ebpyetje, p\u00ebr t\u00eb cilat k\u00ebrkohen shpjegime t\u00eb holl\u00ebsishme.<\/p>\n<p>Duke filluar me elementaren: Cila \u00ebsht\u00eb sasia e reshjeve q\u00eb kan\u00eb r\u00ebn\u00eb? N\u00eb \u00e7&#8217;raport jan\u00eb reshjet e fundit me reshjet mesatare n\u00ebp\u00ebr vite sipas buletineve t\u00eb ruajtura? A ka l\u00ebvizje t\u00eb dukshme t\u00eb fash\u00ebs klimatike n\u00eb vendin ton\u00eb, apo \u00ebsht\u00eb po ajo e p\u00ebrhershmja me ndryshime t\u00eb pap\u00ebrfillshme? N\u00ebse rezulton se \u00ebsht\u00eb rritur mesatarja e reshjeve, kjo duhet pasqyruar n\u00eb ndryshimin e rregullores s\u00eb vjet\u00ebr p\u00ebr shkarkimet e hidrocentraleve.<\/p>\n<p>Nj\u00eb shpjegim tjet\u00ebr, shum\u00eb i r\u00ebnd\u00ebsish\u00ebm \u00ebsht\u00eb ai q\u00eb duhet t\u00eb na tregoj\u00eb sa \u00ebsht\u00eb sasia e p\u00ebrmbytjeve q\u00eb vjen nga shkarkimet e hidrocentraleve dhe sa \u00ebsht\u00eb p\u00ebrmbytja q\u00eb vjen nga liqeni i Shkodr\u00ebs. Dje, para grupit parlamentar, Berisha p\u00ebrmendi si shkak t\u00eb p\u00ebrmbytjeve vet\u00ebm liqenet dhe lumenjt\u00eb e vegj\u00ebl malor\u00eb q\u00eb nuk derdhen n\u00eb kaskad\u00ebn e Drinit.<\/p>\n<p>Shkarkimet nuk i zuri n\u00eb goj\u00eb. Meqen\u00ebse uj\u00ebrat p\u00ebrzihen, askush nuk mund ta thot\u00eb me t\u00eb shikuar se k\u00ebto jan\u00eb t\u00eb liqenit, k\u00ebto t\u00eb hidrocentralit dhe k\u00ebto t\u00eb alpeve. Por \u00ebsht\u00eb jasht\u00eb \u00e7do dyshimi se p\u00ebrmbytja ka ardhur nga tria drejtimet. T\u00eb gjith\u00eb e dim\u00eb, nd\u00ebrkaq, se shkarkimet nga Vau i Dej\u00ebs ishin n\u00eb origjin\u00eb t\u00eb p\u00ebrmbytjeve t\u00eb para n\u00eb B\u00ebrdic\u00eb.<\/p>\n<p>Prirja e qeveris\u00eb dhe kryeministrit p\u00ebr t\u00eb minimizuar apo edhe p\u00ebrjashtuar fare rolin e shkarkimeve n\u00eb zgjerimin e hart\u00ebs s\u00eb p\u00ebrmbytjes nuk b\u00ebjn\u00eb gj\u00eb tjet\u00ebr ve\u00e7se rrisin dyshimet n\u00eb lidhje me rolin q\u00eb ka luajtur dhe vazhdon t\u00eb luaj\u00eb oreksi i KESH-it p\u00ebr t\u00eb eksportuar energji n\u00eb kurriz t\u00eb nj\u00eb menaxhimi t\u00eb kujdessh\u00ebm t\u00eb uj\u00ebrave t\u00eb mbledhur n\u00eb tre liqenet e kaskad\u00ebs.<\/p>\n<p>Ka t\u00eb dh\u00ebna se ky lloj menaxhimi \u00ebsht\u00eb zhvilluar n\u00eb kufirin e delikat midis nevoj\u00ebs p\u00ebr t\u00eb fituar para dhe rrezikut t\u00eb p\u00ebrmbytjeve. T\u00ebrheqja p\u00ebr t\u00eb fituar ka qen\u00eb m\u00eb e madhe se frika e p\u00ebrmbytjeve. Ka di\u00e7ka t\u00eb ngjashme me G\u00ebrdecin n\u00eb k\u00ebt\u00eb histori, ku nxitimi p\u00ebr t\u00eb fituar \u00e7on n\u00eb injorimin e faktor\u00ebve t\u00eb siguris\u00eb.<\/p>\n<p>Nuk ka arsye q\u00eb p\u00ebr shum\u00eb dit\u00eb, nd\u00ebrsa Fierza punon me kapacitet t\u00eb plot\u00eb dhe gjendet disa metra n\u00ebn kuotat maksimale, Komani dhe Vau i Dej\u00ebs futen n\u00eb stin\u00ebn e shirave t\u00eb mbushur pothuajse cip. Kjo histori meriton nj\u00eb hetim t\u00eb holl\u00ebsish\u00ebm. Banor\u00ebt e zonave t\u00eb p\u00ebrmbytura, por jo vet\u00ebm ata, meritojn\u00eb transparenc\u00eb t\u00eb plot\u00eb p\u00ebr k\u00ebt\u00eb aspekt t\u00eb problemit.<\/p>\n<p>Nj\u00eb shpjegim me vete duhet dh\u00ebn\u00eb p\u00ebr pengesat e reja apo &#8220;digat e fshehta&#8221; q\u00eb jan\u00eb krijuar p\u00ebrgjat\u00eb viteve t\u00eb fundit n\u00eb shtratin e lumit Drin, n\u00eb shtratin e lumit Buna dhe aty ku bashkohen t\u00eb dy k\u00ebta lumenj.<\/p>\n<p>Kushdo ka mundur t&#8217;i shoh\u00eb para p\u00ebrmbytjeve, n\u00ebse \u00ebsht\u00eb ndalur pak pran\u00eb ur\u00ebs s\u00eb re t\u00eb Bun\u00ebs drejt Muriqanit, apo n\u00ebse i ka r\u00ebn\u00eb rasti t\u00eb shoh\u00eb pyllin e algave p\u00ebrgjat\u00eb lumit Buna, t\u00eb krijuar, sipas ekspert\u00ebve, kryesisht p\u00ebr shkak t\u00eb uj\u00ebrave t\u00eb zeza.<\/p>\n<p>T\u00eb gjitha k\u00ebto t\u00eb dh\u00ebna dhe t\u00eb tjera q\u00eb nuk po i rendisim k\u00ebtu, jan\u00eb t\u00eb r\u00ebnd\u00ebsishme p\u00ebr t\u00eb matur me sakt\u00ebsi se \u00e7far\u00eb \u00ebsht\u00eb e &#8220;qiellit&#8221; dhe \u00e7far\u00eb \u00ebsht\u00eb e &#8220;tok\u00ebs&#8221;, apo th\u00ebn\u00eb ndryshe, \u00e7far\u00eb \u00ebsht\u00eb e natyr\u00ebs dhe \u00e7far\u00eb \u00ebsht\u00eb e administrimit n\u00eb fatkeq\u00ebsin\u00eb e p\u00ebrmbytjeve. Vet\u00ebm k\u00ebshtu mund t\u00eb jemi t\u00eb sakt\u00eb dhe efikas\u00eb n\u00eb betej\u00ebn kund\u00ebr p\u00ebrmbytjeve. Me nj\u00eb kusht tjet\u00ebr. Administrimin duhet ta marrin n\u00eb dor\u00eb ekspert\u00ebt.<\/p>\n<p>Nuk mund t\u00eb lejohet q\u00eb p\u00ebr arsye politike hidrocentralet dhe veprat e m\u00ebdha hidroteknike t&#8217;iu lihen n\u00eb dor\u00eb njer\u00ebzve pa arsim p\u00ebrkat\u00ebs. Nuk mund t\u00eb injorohen profesionist\u00ebt. Nga mesi i k\u00ebtij viti, me iniciativ\u00ebn e President\u00ebve t\u00eb Shqip\u00ebris\u00eb dhe Malit t\u00eb Zi u zhvillua n\u00eb Mal t\u00eb Zi nj\u00eb takim i ekspert\u00ebve m\u00eb t\u00eb mir\u00eb p\u00ebr t\u00eb folur mbi menaxhimin e uj\u00ebrave t\u00eb liqenit t\u00eb Shkodr\u00ebs.<\/p>\n<p>Nga Shqip\u00ebria nuk kishte asnj\u00eb deputet dhe asnj\u00eb zyrtar t\u00eb fush\u00ebs n\u00eb k\u00ebt\u00eb takim, edhe pse ishin ftuar. Ishte nj\u00eb prej rasteve t\u00eb shumta q\u00eb tregon statusin e dijes n\u00eb Shqip\u00ebrin\u00eb e sotme. Dija \u00ebsht\u00eb e p\u00ebrjashtuar. Vendin e saj e ka z\u00ebn\u00eb militantizmi dhe mediokriteti. Dometh\u00ebn\u00eb p\u00ebrmbytja.<\/p>\n","protected":false},"excerpt":{"rendered":"<p>Pre\u00e7 Zogaj, 07.12.2010 T\u00eb gjith\u00eb pyesin. T\u00eb gjith\u00eb duan t\u00eb din\u00eb. Nga na erdhi kjo fatkeq\u00ebsi?! Q\u00ebkurse u nd\u00ebrtuan kaskadat e lumit Drin, Shkodra nuk ka njohur nj\u00eb t\u00eb till\u00eb p\u00ebrmbytje. Deri dit\u00ebn kur KESH-i e kishte pjes\u00eb t\u00eb veten Nd\u00ebrmarrjen e Shp\u00ebrndarjes s\u00eb Energjis\u00eb Elektrike, apo edhe gjat\u00eb periudh\u00ebs transitore kur k\u00ebto dy nd\u00ebrmarrje [&hellip;]<\/p>\n","protected":false},"author":1,"featured_media":0,"comment_status":"open","ping_status":"closed","sticky":false,"template":"","format":"standard","meta":{"footnotes":""},"categories":[2],"tags":[],"class_list":{"0":"post-5120","1":"post","2":"type-post","3":"status-publish","4":"format-standard","6":"category-artikuj"},"yoast_head":"<!-- This site is optimized with the Yoast SEO plugin v27.4 - https:\/\/yoast.com\/product\/yoast-seo-wordpress\/ -->\n<title>Nga na erdhi kjo fatkeq\u00ebsi?! - FjALA e LIR\u00cb - Arkivi<\/title>\n<meta name=\"robots\" content=\"index, follow, max-snippet:-1, max-image-preview:large, max-video-preview:-1\" \/>\n<link rel=\"canonical\" href=\"https:\/\/fjala.info\/2009-2015\/nga-na-erdhi-kjo-fatkeqesi\/\" \/>\n<meta property=\"og:locale\" content=\"sq_AL\" \/>\n<meta property=\"og:type\" content=\"article\" \/>\n<meta property=\"og:title\" content=\"Nga na erdhi kjo fatkeq\u00ebsi?! - FjALA e LIR\u00cb - Arkivi\" \/>\n<meta property=\"og:description\" content=\"Pre\u00e7 Zogaj, 07.12.2010 T\u00eb gjith\u00eb pyesin. T\u00eb gjith\u00eb duan t\u00eb din\u00eb. Nga na erdhi kjo fatkeq\u00ebsi?! Q\u00ebkurse u nd\u00ebrtuan kaskadat e lumit Drin, Shkodra nuk ka njohur nj\u00eb t\u00eb till\u00eb p\u00ebrmbytje. Deri dit\u00ebn kur KESH-i e kishte pjes\u00eb t\u00eb veten Nd\u00ebrmarrjen e Shp\u00ebrndarjes s\u00eb Energjis\u00eb Elektrike, apo edhe gjat\u00eb periudh\u00ebs transitore kur k\u00ebto dy nd\u00ebrmarrje [&hellip;]\" \/>\n<meta property=\"og:url\" content=\"https:\/\/fjala.info\/2009-2015\/nga-na-erdhi-kjo-fatkeqesi\/\" \/>\n<meta property=\"og:site_name\" content=\"FjALA e LIR\u00cb - Arkivi\" \/>\n<meta property=\"article:published_time\" content=\"2010-12-07T22:05:18+00:00\" \/>\n<meta property=\"og:image\" content=\"http:\/\/fjala.shkoder.net\/wp-content\/uploads\/2010\/10\/prec_zogaj-150x150.jpg\" \/>\n<meta name=\"author\" content=\"admin\" \/>\n<meta name=\"twitter:card\" content=\"summary_large_image\" \/>\n<meta name=\"twitter:label1\" content=\"Written by\" \/>\n\t<meta name=\"twitter:data1\" content=\"admin\" \/>\n\t<meta name=\"twitter:label2\" content=\"Est. reading time\" \/>\n\t<meta name=\"twitter:data2\" content=\"7 minutes\" \/>\n<script type=\"application\/ld+json\" class=\"yoast-schema-graph\">{\"@context\":\"https:\\\/\\\/schema.org\",\"@graph\":[{\"@type\":\"Article\",\"@id\":\"https:\\\/\\\/fjala.info\\\/2009-2015\\\/nga-na-erdhi-kjo-fatkeqesi\\\/#article\",\"isPartOf\":{\"@id\":\"https:\\\/\\\/fjala.info\\\/2009-2015\\\/nga-na-erdhi-kjo-fatkeqesi\\\/\"},\"author\":{\"name\":\"admin\",\"@id\":\"https:\\\/\\\/fjala.info\\\/2009-2015\\\/#\\\/schema\\\/person\\\/3aa1163ef05469c496fc94e77611ada2\"},\"headline\":\"Nga na erdhi kjo fatkeq\u00ebsi?!\",\"datePublished\":\"2010-12-07T22:05:18+00:00\",\"mainEntityOfPage\":{\"@id\":\"https:\\\/\\\/fjala.info\\\/2009-2015\\\/nga-na-erdhi-kjo-fatkeqesi\\\/\"},\"wordCount\":1429,\"commentCount\":0,\"publisher\":{\"@id\":\"https:\\\/\\\/fjala.info\\\/2009-2015\\\/#organization\"},\"image\":{\"@id\":\"https:\\\/\\\/fjala.info\\\/2009-2015\\\/nga-na-erdhi-kjo-fatkeqesi\\\/#primaryimage\"},\"thumbnailUrl\":\"http:\\\/\\\/fjala.shkoder.net\\\/wp-content\\\/uploads\\\/2010\\\/10\\\/prec_zogaj-150x150.jpg\",\"articleSection\":[\"Artikuj\"],\"inLanguage\":\"sq-AL\",\"potentialAction\":[{\"@type\":\"CommentAction\",\"name\":\"Comment\",\"target\":[\"https:\\\/\\\/fjala.info\\\/2009-2015\\\/nga-na-erdhi-kjo-fatkeqesi\\\/#respond\"]}]},{\"@type\":\"WebPage\",\"@id\":\"https:\\\/\\\/fjala.info\\\/2009-2015\\\/nga-na-erdhi-kjo-fatkeqesi\\\/\",\"url\":\"https:\\\/\\\/fjala.info\\\/2009-2015\\\/nga-na-erdhi-kjo-fatkeqesi\\\/\",\"name\":\"Nga na erdhi kjo fatkeq\u00ebsi?! - FjALA e LIR\u00cb - Arkivi\",\"isPartOf\":{\"@id\":\"https:\\\/\\\/fjala.info\\\/2009-2015\\\/#website\"},\"primaryImageOfPage\":{\"@id\":\"https:\\\/\\\/fjala.info\\\/2009-2015\\\/nga-na-erdhi-kjo-fatkeqesi\\\/#primaryimage\"},\"image\":{\"@id\":\"https:\\\/\\\/fjala.info\\\/2009-2015\\\/nga-na-erdhi-kjo-fatkeqesi\\\/#primaryimage\"},\"thumbnailUrl\":\"http:\\\/\\\/fjala.shkoder.net\\\/wp-content\\\/uploads\\\/2010\\\/10\\\/prec_zogaj-150x150.jpg\",\"datePublished\":\"2010-12-07T22:05:18+00:00\",\"breadcrumb\":{\"@id\":\"https:\\\/\\\/fjala.info\\\/2009-2015\\\/nga-na-erdhi-kjo-fatkeqesi\\\/#breadcrumb\"},\"inLanguage\":\"sq-AL\",\"potentialAction\":[{\"@type\":\"ReadAction\",\"target\":[\"https:\\\/\\\/fjala.info\\\/2009-2015\\\/nga-na-erdhi-kjo-fatkeqesi\\\/\"]}]},{\"@type\":\"ImageObject\",\"inLanguage\":\"sq-AL\",\"@id\":\"https:\\\/\\\/fjala.info\\\/2009-2015\\\/nga-na-erdhi-kjo-fatkeqesi\\\/#primaryimage\",\"url\":\"http:\\\/\\\/fjala.shkoder.net\\\/wp-content\\\/uploads\\\/2010\\\/10\\\/prec_zogaj-150x150.jpg\",\"contentUrl\":\"http:\\\/\\\/fjala.shkoder.net\\\/wp-content\\\/uploads\\\/2010\\\/10\\\/prec_zogaj-150x150.jpg\"},{\"@type\":\"BreadcrumbList\",\"@id\":\"https:\\\/\\\/fjala.info\\\/2009-2015\\\/nga-na-erdhi-kjo-fatkeqesi\\\/#breadcrumb\",\"itemListElement\":[{\"@type\":\"ListItem\",\"position\":1,\"name\":\"Home\",\"item\":\"https:\\\/\\\/fjala.info\\\/2009-2015\\\/\"},{\"@type\":\"ListItem\",\"position\":2,\"name\":\"Nga na erdhi kjo fatkeq\u00ebsi?!\"}]},{\"@type\":\"WebSite\",\"@id\":\"https:\\\/\\\/fjala.info\\\/2009-2015\\\/#website\",\"url\":\"https:\\\/\\\/fjala.info\\\/2009-2015\\\/\",\"name\":\"FjALA e LIR\u00cb - Arkivi\",\"description\":\"Arkivi 2009-2015\",\"publisher\":{\"@id\":\"https:\\\/\\\/fjala.info\\\/2009-2015\\\/#organization\"},\"potentialAction\":[{\"@type\":\"SearchAction\",\"target\":{\"@type\":\"EntryPoint\",\"urlTemplate\":\"https:\\\/\\\/fjala.info\\\/2009-2015\\\/?s={search_term_string}\"},\"query-input\":{\"@type\":\"PropertyValueSpecification\",\"valueRequired\":true,\"valueName\":\"search_term_string\"}}],\"inLanguage\":\"sq-AL\"},{\"@type\":\"Organization\",\"@id\":\"https:\\\/\\\/fjala.info\\\/2009-2015\\\/#organization\",\"name\":\"FjALA e LIR\u00cb - Arkivi\",\"url\":\"https:\\\/\\\/fjala.info\\\/2009-2015\\\/\",\"logo\":{\"@type\":\"ImageObject\",\"inLanguage\":\"sq-AL\",\"@id\":\"https:\\\/\\\/fjala.info\\\/2009-2015\\\/#\\\/schema\\\/logo\\\/image\\\/\",\"url\":\"\",\"contentUrl\":\"\",\"caption\":\"FjALA e LIR\u00cb - Arkivi\"},\"image\":{\"@id\":\"https:\\\/\\\/fjala.info\\\/2009-2015\\\/#\\\/schema\\\/logo\\\/image\\\/\"}},{\"@type\":\"Person\",\"@id\":\"https:\\\/\\\/fjala.info\\\/2009-2015\\\/#\\\/schema\\\/person\\\/3aa1163ef05469c496fc94e77611ada2\",\"name\":\"admin\",\"image\":{\"@type\":\"ImageObject\",\"inLanguage\":\"sq-AL\",\"@id\":\"https:\\\/\\\/fjala.info\\\/2009-2015\\\/wp-content\\\/uploads\\\/2012\\\/02\\\/arben_cokaj-120x150.jpg\",\"url\":\"https:\\\/\\\/fjala.info\\\/2009-2015\\\/wp-content\\\/uploads\\\/2012\\\/02\\\/arben_cokaj-120x150.jpg\",\"contentUrl\":\"https:\\\/\\\/fjala.info\\\/2009-2015\\\/wp-content\\\/uploads\\\/2012\\\/02\\\/arben_cokaj-120x150.jpg\",\"caption\":\"admin\"},\"description\":\"Admin, Fjala e Lir\u00eb\",\"sameAs\":[\"https:\\\/\\\/fjala.info\\\/\"],\"url\":\"https:\\\/\\\/fjala.info\\\/2009-2015\\\/author\\\/admin\\\/\"}]}<\/script>\n<!-- \/ Yoast SEO plugin. -->","yoast_head_json":{"title":"Nga na erdhi kjo fatkeq\u00ebsi?! - FjALA e LIR\u00cb - Arkivi","robots":{"index":"index","follow":"follow","max-snippet":"max-snippet:-1","max-image-preview":"max-image-preview:large","max-video-preview":"max-video-preview:-1"},"canonical":"https:\/\/fjala.info\/2009-2015\/nga-na-erdhi-kjo-fatkeqesi\/","og_locale":"sq_AL","og_type":"article","og_title":"Nga na erdhi kjo fatkeq\u00ebsi?! - FjALA e LIR\u00cb - Arkivi","og_description":"Pre\u00e7 Zogaj, 07.12.2010 T\u00eb gjith\u00eb pyesin. T\u00eb gjith\u00eb duan t\u00eb din\u00eb. Nga na erdhi kjo fatkeq\u00ebsi?! Q\u00ebkurse u nd\u00ebrtuan kaskadat e lumit Drin, Shkodra nuk ka njohur nj\u00eb t\u00eb till\u00eb p\u00ebrmbytje. Deri dit\u00ebn kur KESH-i e kishte pjes\u00eb t\u00eb veten Nd\u00ebrmarrjen e Shp\u00ebrndarjes s\u00eb Energjis\u00eb Elektrike, apo edhe gjat\u00eb periudh\u00ebs transitore kur k\u00ebto dy nd\u00ebrmarrje [&hellip;]","og_url":"https:\/\/fjala.info\/2009-2015\/nga-na-erdhi-kjo-fatkeqesi\/","og_site_name":"FjALA e LIR\u00cb - Arkivi","article_published_time":"2010-12-07T22:05:18+00:00","og_image":[{"url":"http:\/\/fjala.shkoder.net\/wp-content\/uploads\/2010\/10\/prec_zogaj-150x150.jpg","type":"","width":"","height":""}],"author":"admin","twitter_card":"summary_large_image","twitter_misc":{"Written by":"admin","Est. reading time":"7 minutes"},"schema":{"@context":"https:\/\/schema.org","@graph":[{"@type":"Article","@id":"https:\/\/fjala.info\/2009-2015\/nga-na-erdhi-kjo-fatkeqesi\/#article","isPartOf":{"@id":"https:\/\/fjala.info\/2009-2015\/nga-na-erdhi-kjo-fatkeqesi\/"},"author":{"name":"admin","@id":"https:\/\/fjala.info\/2009-2015\/#\/schema\/person\/3aa1163ef05469c496fc94e77611ada2"},"headline":"Nga na erdhi kjo fatkeq\u00ebsi?!","datePublished":"2010-12-07T22:05:18+00:00","mainEntityOfPage":{"@id":"https:\/\/fjala.info\/2009-2015\/nga-na-erdhi-kjo-fatkeqesi\/"},"wordCount":1429,"commentCount":0,"publisher":{"@id":"https:\/\/fjala.info\/2009-2015\/#organization"},"image":{"@id":"https:\/\/fjala.info\/2009-2015\/nga-na-erdhi-kjo-fatkeqesi\/#primaryimage"},"thumbnailUrl":"http:\/\/fjala.shkoder.net\/wp-content\/uploads\/2010\/10\/prec_zogaj-150x150.jpg","articleSection":["Artikuj"],"inLanguage":"sq-AL","potentialAction":[{"@type":"CommentAction","name":"Comment","target":["https:\/\/fjala.info\/2009-2015\/nga-na-erdhi-kjo-fatkeqesi\/#respond"]}]},{"@type":"WebPage","@id":"https:\/\/fjala.info\/2009-2015\/nga-na-erdhi-kjo-fatkeqesi\/","url":"https:\/\/fjala.info\/2009-2015\/nga-na-erdhi-kjo-fatkeqesi\/","name":"Nga na erdhi kjo fatkeq\u00ebsi?! - FjALA e LIR\u00cb - Arkivi","isPartOf":{"@id":"https:\/\/fjala.info\/2009-2015\/#website"},"primaryImageOfPage":{"@id":"https:\/\/fjala.info\/2009-2015\/nga-na-erdhi-kjo-fatkeqesi\/#primaryimage"},"image":{"@id":"https:\/\/fjala.info\/2009-2015\/nga-na-erdhi-kjo-fatkeqesi\/#primaryimage"},"thumbnailUrl":"http:\/\/fjala.shkoder.net\/wp-content\/uploads\/2010\/10\/prec_zogaj-150x150.jpg","datePublished":"2010-12-07T22:05:18+00:00","breadcrumb":{"@id":"https:\/\/fjala.info\/2009-2015\/nga-na-erdhi-kjo-fatkeqesi\/#breadcrumb"},"inLanguage":"sq-AL","potentialAction":[{"@type":"ReadAction","target":["https:\/\/fjala.info\/2009-2015\/nga-na-erdhi-kjo-fatkeqesi\/"]}]},{"@type":"ImageObject","inLanguage":"sq-AL","@id":"https:\/\/fjala.info\/2009-2015\/nga-na-erdhi-kjo-fatkeqesi\/#primaryimage","url":"http:\/\/fjala.shkoder.net\/wp-content\/uploads\/2010\/10\/prec_zogaj-150x150.jpg","contentUrl":"http:\/\/fjala.shkoder.net\/wp-content\/uploads\/2010\/10\/prec_zogaj-150x150.jpg"},{"@type":"BreadcrumbList","@id":"https:\/\/fjala.info\/2009-2015\/nga-na-erdhi-kjo-fatkeqesi\/#breadcrumb","itemListElement":[{"@type":"ListItem","position":1,"name":"Home","item":"https:\/\/fjala.info\/2009-2015\/"},{"@type":"ListItem","position":2,"name":"Nga na erdhi kjo fatkeq\u00ebsi?!"}]},{"@type":"WebSite","@id":"https:\/\/fjala.info\/2009-2015\/#website","url":"https:\/\/fjala.info\/2009-2015\/","name":"FjALA e LIR\u00cb - Arkivi","description":"Arkivi 2009-2015","publisher":{"@id":"https:\/\/fjala.info\/2009-2015\/#organization"},"potentialAction":[{"@type":"SearchAction","target":{"@type":"EntryPoint","urlTemplate":"https:\/\/fjala.info\/2009-2015\/?s={search_term_string}"},"query-input":{"@type":"PropertyValueSpecification","valueRequired":true,"valueName":"search_term_string"}}],"inLanguage":"sq-AL"},{"@type":"Organization","@id":"https:\/\/fjala.info\/2009-2015\/#organization","name":"FjALA e LIR\u00cb - Arkivi","url":"https:\/\/fjala.info\/2009-2015\/","logo":{"@type":"ImageObject","inLanguage":"sq-AL","@id":"https:\/\/fjala.info\/2009-2015\/#\/schema\/logo\/image\/","url":"","contentUrl":"","caption":"FjALA e LIR\u00cb - Arkivi"},"image":{"@id":"https:\/\/fjala.info\/2009-2015\/#\/schema\/logo\/image\/"}},{"@type":"Person","@id":"https:\/\/fjala.info\/2009-2015\/#\/schema\/person\/3aa1163ef05469c496fc94e77611ada2","name":"admin","image":{"@type":"ImageObject","inLanguage":"sq-AL","@id":"https:\/\/fjala.info\/2009-2015\/wp-content\/uploads\/2012\/02\/arben_cokaj-120x150.jpg","url":"https:\/\/fjala.info\/2009-2015\/wp-content\/uploads\/2012\/02\/arben_cokaj-120x150.jpg","contentUrl":"https:\/\/fjala.info\/2009-2015\/wp-content\/uploads\/2012\/02\/arben_cokaj-120x150.jpg","caption":"admin"},"description":"Admin, Fjala e Lir\u00eb","sameAs":["https:\/\/fjala.info\/"],"url":"https:\/\/fjala.info\/2009-2015\/author\/admin\/"}]}},"_links":{"self":[{"href":"https:\/\/fjala.info\/2009-2015\/wp-json\/wp\/v2\/posts\/5120","targetHints":{"allow":["GET"]}}],"collection":[{"href":"https:\/\/fjala.info\/2009-2015\/wp-json\/wp\/v2\/posts"}],"about":[{"href":"https:\/\/fjala.info\/2009-2015\/wp-json\/wp\/v2\/types\/post"}],"author":[{"embeddable":true,"href":"https:\/\/fjala.info\/2009-2015\/wp-json\/wp\/v2\/users\/1"}],"replies":[{"embeddable":true,"href":"https:\/\/fjala.info\/2009-2015\/wp-json\/wp\/v2\/comments?post=5120"}],"version-history":[{"count":0,"href":"https:\/\/fjala.info\/2009-2015\/wp-json\/wp\/v2\/posts\/5120\/revisions"}],"wp:attachment":[{"href":"https:\/\/fjala.info\/2009-2015\/wp-json\/wp\/v2\/media?parent=5120"}],"wp:term":[{"taxonomy":"category","embeddable":true,"href":"https:\/\/fjala.info\/2009-2015\/wp-json\/wp\/v2\/categories?post=5120"},{"taxonomy":"post_tag","embeddable":true,"href":"https:\/\/fjala.info\/2009-2015\/wp-json\/wp\/v2\/tags?post=5120"}],"curies":[{"name":"wp","href":"https:\/\/api.w.org\/{rel}","templated":true}]}}