{"id":5118,"date":"2012-09-23T09:04:22","date_gmt":"2012-09-23T08:04:22","guid":{"rendered":"http:\/\/www.fjala.info\/?p=5118"},"modified":"2012-09-23T09:04:22","modified_gmt":"2012-09-23T08:04:22","slug":"gjakmarrje-hakmarrje-apo-inekzitence-e-shtetit","status":"publish","type":"post","link":"https:\/\/fjala.info\/2009-2015\/gjakmarrje-hakmarrje-apo-inekzitence-e-shtetit\/","title":{"rendered":"Gjakmarrje, hakmarrje, apo inekzitenc\u00eb e shtetit?"},"content":{"rendered":"<p><img decoding=\"async\" class=\"alignright size-thumbnail wp-image-7236\" title=\"Pjerin Ndreu\" src=\"http:\/\/www.fjala.info\/2012\/pjerin_ndreu.jpg\" alt=\"\" width=\"150\" \/> <strong>PJERIN NDREU<\/strong>, <em>22 shtator 2012<\/em><\/p>\n<p>Vrasjet e viteve t\u00eb fundit, sidomos ato p\u00ebr gjakmarrje, kan\u00eb zgjuar nj\u00eb debat me an\u00eb t\u00eb t\u00eb cilit shum\u00eb personazhe t\u00eb njohura t\u00eb publicistik\u00ebs, t\u00eb medias, jurist\u00eb dhe nga shoq\u00ebria civile, por tek-tuk ndonj\u00eb politikan, jan\u00eb munduar, kush m\u00eb shum\u00eb e kush m\u00eb pak, t\u00eb hedhin drit\u00eb mbi nj\u00eb fenomen primitiv q\u00eb quhet gjakmarrje. Nuk kam dashur t\u00eb p\u00ebrfshihem n\u00eb k\u00ebt\u00eb debat, pasi si pik\u00eb referimi \u00ebsht\u00eb b\u00ebr\u00eb ngjarja e Dukagjinit, ku u vra dhe nj\u00eb vajz\u00eb 17-vje\u00e7are nga dora e gjak\u00ebsit!<\/p>\n<p>Gjithkush duhet ta d\u00ebnoj\u00eb k\u00ebt\u00eb rast dhe t\u00eb tjera q\u00eb kan\u00eb ndodhur. Por, duke qen\u00eb se vij nga ato treva t\u00eb Veriut dhe njoh\u00ebs i Kanunit, duke marr\u00eb shkas dhe nga nj\u00eb dekret i Kish\u00ebs p\u00ebr shkish\u00ebrimin e atyre q\u00eb b\u00ebjn\u00eb vrasje p\u00ebr gjakmarrje dhe hakmarrje, por m\u00eb shum\u00eb p\u00ebr shkak t\u00eb mosnjohjes sa duhet t\u00eb problematik\u00ebs s\u00eb gjakmarrjes nga shum\u00ebkush k\u00ebtu, mendoj se jan\u00eb m\u00eb vler\u00eb disa vler\u00ebsime.<\/p>\n<p>Nisur nga vrasja e ndodhur n\u00eb Dukagjin, ku u vra dhe vajza 17-vje\u00e7are Maria, lind pyetja: a \u00ebsht\u00eb kjo gjakmarrje? Un\u00eb them jo. Sepse gjakmarrja \u00ebsht\u00eb nj\u00eb term kanunor dhe sakt\u00ebsisht e p\u00ebrcaktuar n\u00eb Kanunin e Lek\u00eb Dukagjinit. Asnj\u00eb rresht n\u00eb Kanun nuk thot\u00eb se vritet f\u00ebmija, e aq m\u00eb shum\u00eb femra. Kanuni ishte kodifikim rregullash n\u00eb nj\u00eb etap\u00eb t\u00eb caktuar t\u00eb zhvillimeve shoq\u00ebrore, kur shteti nuk ekzistonte dhe politika e nd\u00ebshkimit ishte n\u00eb dor\u00eb t\u00eb individ\u00ebve, t\u00eb cil\u00ebt \u00e7do konflikt e zgjidhnin me vet\u00ebgjyq\u00ebsi, pa nd\u00ebrmjet\u00ebsimin e askujt. Vrasjet e shumta dhe p\u00ebr pasoj\u00eb hakmarrjet pa kriter, merrnin jet\u00eb njer\u00ebzish pa asnj\u00eb rregull e asnj\u00eb norm\u00eb parandaluese apo nd\u00ebshkuese.<\/p>\n<p>Pra, p\u00ebr shkak t\u00eb fenomenit t\u00eb hakmarrjes aq t\u00eb shprehur n\u00eb vendin tone dhe p\u00ebr shkak t\u00eb daljes jasht\u00eb kontrollit t\u00eb veprimeve t\u00eb nd\u00ebrsjella mes familjeve t\u00eb autorit dhe viktim\u00ebs, u p\u00ebrcaktua gjakmarrja, e cila, nga ana e saj, vendoste rregulla t\u00eb detyrueshme. Dhe n\u00eb at\u00eb koh\u00eb gjakmarrja, megjith\u00ebse promovonte marrjen e gjakut, ishte rregullator i nj\u00eb serie marr\u00ebdh\u00ebniesh e raportesh q\u00eb sot jan\u00eb zhb\u00ebr\u00eb. Shtrohet pyetja: cili \u00ebsht\u00eb problemi q\u00eb duhet t\u00eb marrim n\u00eb konsiderat\u00eb: gjakmarrja, hakmarrja, apo inekzistenca e shtetit dhe mekanizmave t\u00eb tij?<\/p>\n<p>Un\u00eb mendoj se \u00ebsht\u00eb kjo e fundit. Bile strukturat e shtetit abuzojn\u00eb me gjoja ekzistenc\u00ebn e gjakmarrjes dhe pamund\u00ebsis\u00eb p\u00ebr ta v\u00ebn\u00eb k\u00ebt\u00eb krim n\u00eb kontroll. Gjakmarrja nuk ekziston m\u00eb n\u00eb kuptimin absolut, por mbeturinat e saj q\u00eb keqp\u00ebrdoren p\u00ebr t\u00eb kryer veprime q\u00eb gjakmarrja as i ka lejuar e as i koncepton t\u00eb ndodhin. Krimet e gjakmarrjes po rikthehen n\u00eb tipin e hakmarrjes ku s\u2019ka rregulla, ku vritet kushdo e kurdo, ku nuk respektohet kufoma, ku nuk respektohen pal\u00ebt, ku s\u2019ka institute nd\u00ebrmjet\u00ebsimi e bese, ku objekt jan\u00eb nj\u00eblloj si f\u00ebmij\u00ebt, si grat\u00eb, ashtu dhe t\u00eb rriturit.<\/p>\n<p>Po pse gjakmarrja nuk mund t\u00eb konsiderohet m\u00eb si e till\u00eb? Sepse nuk ekzistojn\u00eb m\u00eb bazat ekonomiko-shoq\u00ebrore t\u00eb zhvillimit t\u00eb saj. Se familja nuk \u00ebsht\u00eb m\u00eb tipike patriarkale (megjith\u00ebse ka akoma tek-tuk) dhe n\u00ebn hyqmin e t\u00eb zotit t\u00eb sht\u00ebpis\u00eb apo organeve t\u00eb pleq\u00ebsis\u00eb s\u00eb fiseve apo fshatit. Vendimmarrja \u00ebsht\u00eb n\u00eb dor\u00ebn e t\u00eb rinjve q\u00eb ose t\u00eb emigruar jasht\u00eb, ose t\u00eb rritur k\u00ebtu, nuk e njohin dhe nuk zbatojn\u00eb asnj\u00eb kriter t\u00eb Kanunit. Vrasin p\u00ebr gjak, por pa rregulla. Pra nuk marrin gjak, por marrin hak. Marrja gjak dhe marrja hak \u00ebsht\u00eb e nj\u00ebjta gj\u00eb sepse merr jet\u00eb, por dallohen n\u00eb rregullat q\u00eb zbatohen.<\/p>\n<p>T\u00eb marr\u00ebsh gjak e t\u00eb vras\u00ebsh f\u00ebmij\u00eb, gra, t\u2019i ngujosh, t\u00eb vras\u00ebsh m\u00eb shum\u00eb se dy veta, t\u00eb sh\u00ebmtosh kufom\u00ebn, nuk \u00ebsht\u00eb kanunore. S\u2019ka asnj\u00eb lidhje me marrjen e gjakut sipas Kanunit. P\u00ebr pasoj\u00eb, edhe rregullat e Kanunit nuk ekzistojn\u00eb, por aplikohen sipas qejfit t\u00eb individ\u00ebve n\u00eb munges\u00eb t\u00eb kontrollit t\u00eb strukturave shtet\u00ebrore.<\/p>\n<p>N\u00eb kushtet e k\u00ebtij ndryshimi, strukturat e shtetit duhet t\u00eb jen\u00eb m\u00eb t\u00eb orientuara dhe t\u00eb p\u00ebrgjegjshme. Duhet t\u00eb forcohet sistemi i zgjidhjes s\u00eb konflikteve q\u00eb kan\u00eb tendenc\u00eb t\u00eb p\u00ebrfundojn\u00eb me plagosje, vrasje etj. Duhet t\u00eb theksojm\u00eb se vrasja p\u00ebr gjakmarrje apo hakmarrje \u00ebsht\u00eb gjithmon\u00eb e dyta, pra vjen pas nj\u00eb vrasjeje apo plagosje me arm\u00eb t\u00eb b\u00ebr\u00eb p\u00ebr motive t\u00eb tjera q\u00eb s\u2019kan\u00eb lidhje me gjakmarrjen apo hakmarrjen. Sa vrasje kan\u00eb ndodhur n\u00eb Veri p\u00ebr arsye konfliktesh pron\u00ebsie p\u00ebr shkak t\u00eb ligjit t\u00eb famsh\u00ebm 4501 dhe sa vrasje kan\u00eb ndjekur rrug\u00ebn e gjakmarrjes?<\/p>\n<p>Pra, parandalimi i ngjarjeve t\u00eb tilla do sillte uljen n\u00eb m\u00ebnyr\u00eb t\u00eb ndjeshme t\u00eb akteve t\u00eb marrjes gjak. Gjakmarrja nuk \u00ebsht\u00eb fenomen p\u00ebr t\u2019u lavd\u00ebruar, p\u00ebrkundrazi. Por, nga ana tjet\u00ebr, me termin gjakmarrje nuk mund t\u00eb abuzojm\u00eb dhe mbulojm\u00eb paaft\u00ebsin\u00eb e strukturave t\u00eb shtetit n\u00eb parandalimin e ngjarjeve kriminale. Strukturat e shtetit, si Policia, pushteti lokal, organizatat e ndryshme joqeveritare, nuk jan\u00eb n\u00eb unison p\u00ebr parandalimin e ngjarjeve t\u00eb tilla n\u00eb zonat ku shfaqet fenomeni. P\u00ebrmasat q\u00eb ka marr\u00eb vrasja p\u00ebr hakmarrje me fasad\u00eb gjakmarrjen jan\u00eb rritur dhe kan\u00eb shtuar doz\u00ebn e eg\u00ebrsis\u00eb.<\/p>\n<p>Situata ka dal\u00eb jo vet\u00ebm jasht\u00eb kontrollit t\u00eb Kanunit, por dhe jasht\u00eb kontrollit t\u00eb shtetit. Ne nuk kemi pse e gjejm\u00eb zgjidhjen te Kanuni m\u00eb, sepse zbatimi i rregullave t\u00eb tij \u00ebsht\u00eb n\u00eb tkurrje dhe nuk frenon ask\u00ebnd. Referenca e Kanunit \u00ebsht\u00eb ajo q\u00eb duhet t\u00eb marr\u00ebsh gjakun, q\u00eb n\u00eb dallim nga hakmarrja, \u00ebsht\u00eb e detyrueshme, por se si e ku, mbi k\u00eb dhe ne \u00e7\u2019mas\u00eb, askush nuk pyet m\u00eb. P\u00ebr sa thash\u00eb m\u00eb sip\u00ebr, Kanuni \u00ebsht\u00eb nj\u00eb gj\u00eb q\u00eb na turp\u00ebron, por m\u00eb duket se nuk \u00ebsht\u00eb ai q\u00eb ka forc\u00ebn e duhur. Sepse Kanuni ka rregulla, t\u00eb cilat nuk d\u00ebgjohen t\u00eb zbatohen e konsiderohen m\u00eb.<\/p>\n<p>At\u00ebher\u00eb kemi t\u00eb b\u00ebjm\u00eb m\u00eb nj\u00eb zhvillim t\u00eb ri t\u00eb marrjes s\u00eb gjakut apo hakut. Dhe kjo \u00ebsht\u00eb shum\u00eb \u00eb rrezikshme se pse Kanuni nuk p\u00ebrfillet dhe shteti nuk e v\u00eb ujin n\u00eb zjarr. Pra jemi n\u00eb m\u00ebshir\u00eb t\u00eb Zotit. Shteti jo vet\u00ebm q\u00eb nuk parandalon krimin, por nuk kujdeset as p\u00ebr shpikjet kanunore t\u00eb koh\u00ebve t\u00eb fundit q\u00eb marrin gjak n\u00eb m\u00ebnyr\u00eb t\u00eb pakontrolluar nga asgj\u00eb. T\u00eb thuash se u vra, u ngujua, u dhunua nj\u00eb f\u00ebmij\u00eb apo nj\u00eb grua, nuk mendoj se ka lidhje me Kanunin. Kritik\u00ebt e Kanunit nuk duhet ta kalojn\u00eb mas\u00ebn, sepse k\u00ebshtu nuk i sh\u00ebrbejm\u00eb as zbutjes s\u00eb gjakmarrjes, as zhdukjes s\u00eb Kanunit, as uljes s\u00eb kriminalitetit.<\/p>\n<p>*<em>Ish-drejtor i P\u00ebrgjithsh\u00ebm i Policis\u00eb s\u00eb Shtetit<\/em><\/p>\n","protected":false},"excerpt":{"rendered":"<p>PJERIN NDREU, 22 shtator 2012 Vrasjet e viteve t\u00eb fundit, sidomos ato p\u00ebr gjakmarrje, kan\u00eb zgjuar nj\u00eb debat me an\u00eb t\u00eb t\u00eb cilit shum\u00eb personazhe t\u00eb njohura t\u00eb publicistik\u00ebs, t\u00eb medias, jurist\u00eb dhe nga shoq\u00ebria civile, por tek-tuk ndonj\u00eb politikan, jan\u00eb munduar, kush m\u00eb shum\u00eb e kush m\u00eb pak, t\u00eb hedhin drit\u00eb mbi nj\u00eb fenomen [&hellip;]<\/p>\n","protected":false},"author":1,"featured_media":0,"comment_status":"open","ping_status":"closed","sticky":false,"template":"","format":"standard","meta":{"footnotes":""},"categories":[2],"tags":[],"class_list":{"0":"post-5118","1":"post","2":"type-post","3":"status-publish","4":"format-standard","6":"category-artikuj"},"yoast_head":"<!-- This site is optimized with the Yoast SEO plugin v27.4 - https:\/\/yoast.com\/product\/yoast-seo-wordpress\/ -->\n<title>Gjakmarrje, hakmarrje, apo inekzitenc\u00eb e shtetit? - FjALA e LIR\u00cb - Arkivi<\/title>\n<meta name=\"robots\" content=\"index, follow, max-snippet:-1, max-image-preview:large, max-video-preview:-1\" \/>\n<link rel=\"canonical\" href=\"https:\/\/fjala.info\/2009-2015\/gjakmarrje-hakmarrje-apo-inekzitence-e-shtetit\/\" \/>\n<meta property=\"og:locale\" content=\"sq_AL\" \/>\n<meta property=\"og:type\" content=\"article\" \/>\n<meta property=\"og:title\" content=\"Gjakmarrje, hakmarrje, apo inekzitenc\u00eb e shtetit? - FjALA e LIR\u00cb - Arkivi\" \/>\n<meta property=\"og:description\" content=\"PJERIN NDREU, 22 shtator 2012 Vrasjet e viteve t\u00eb fundit, sidomos ato p\u00ebr gjakmarrje, kan\u00eb zgjuar nj\u00eb debat me an\u00eb t\u00eb t\u00eb cilit shum\u00eb personazhe t\u00eb njohura t\u00eb publicistik\u00ebs, t\u00eb medias, jurist\u00eb dhe nga shoq\u00ebria civile, por tek-tuk ndonj\u00eb politikan, jan\u00eb munduar, kush m\u00eb shum\u00eb e kush m\u00eb pak, t\u00eb hedhin drit\u00eb mbi nj\u00eb fenomen [&hellip;]\" \/>\n<meta property=\"og:url\" content=\"https:\/\/fjala.info\/2009-2015\/gjakmarrje-hakmarrje-apo-inekzitence-e-shtetit\/\" \/>\n<meta property=\"og:site_name\" content=\"FjALA e LIR\u00cb - Arkivi\" \/>\n<meta property=\"article:published_time\" content=\"2012-09-23T08:04:22+00:00\" \/>\n<meta property=\"og:image\" content=\"http:\/\/www.fjala.info\/2012\/pjerin_ndreu.jpg\" \/>\n<meta name=\"author\" content=\"admin\" \/>\n<meta name=\"twitter:card\" content=\"summary_large_image\" \/>\n<meta name=\"twitter:label1\" content=\"Written by\" \/>\n\t<meta name=\"twitter:data1\" content=\"admin\" \/>\n\t<meta name=\"twitter:label2\" content=\"Est. reading time\" \/>\n\t<meta name=\"twitter:data2\" content=\"6 minutes\" \/>\n<script type=\"application\/ld+json\" class=\"yoast-schema-graph\">{\"@context\":\"https:\\\/\\\/schema.org\",\"@graph\":[{\"@type\":\"Article\",\"@id\":\"https:\\\/\\\/fjala.info\\\/2009-2015\\\/gjakmarrje-hakmarrje-apo-inekzitence-e-shtetit\\\/#article\",\"isPartOf\":{\"@id\":\"https:\\\/\\\/fjala.info\\\/2009-2015\\\/gjakmarrje-hakmarrje-apo-inekzitence-e-shtetit\\\/\"},\"author\":{\"name\":\"admin\",\"@id\":\"https:\\\/\\\/fjala.info\\\/2009-2015\\\/#\\\/schema\\\/person\\\/3aa1163ef05469c496fc94e77611ada2\"},\"headline\":\"Gjakmarrje, hakmarrje, apo inekzitenc\u00eb e shtetit?\",\"datePublished\":\"2012-09-23T08:04:22+00:00\",\"mainEntityOfPage\":{\"@id\":\"https:\\\/\\\/fjala.info\\\/2009-2015\\\/gjakmarrje-hakmarrje-apo-inekzitence-e-shtetit\\\/\"},\"wordCount\":1151,\"commentCount\":0,\"publisher\":{\"@id\":\"https:\\\/\\\/fjala.info\\\/2009-2015\\\/#organization\"},\"image\":{\"@id\":\"https:\\\/\\\/fjala.info\\\/2009-2015\\\/gjakmarrje-hakmarrje-apo-inekzitence-e-shtetit\\\/#primaryimage\"},\"thumbnailUrl\":\"http:\\\/\\\/www.fjala.info\\\/2012\\\/pjerin_ndreu.jpg\",\"articleSection\":[\"Artikuj\"],\"inLanguage\":\"sq-AL\",\"potentialAction\":[{\"@type\":\"CommentAction\",\"name\":\"Comment\",\"target\":[\"https:\\\/\\\/fjala.info\\\/2009-2015\\\/gjakmarrje-hakmarrje-apo-inekzitence-e-shtetit\\\/#respond\"]}]},{\"@type\":\"WebPage\",\"@id\":\"https:\\\/\\\/fjala.info\\\/2009-2015\\\/gjakmarrje-hakmarrje-apo-inekzitence-e-shtetit\\\/\",\"url\":\"https:\\\/\\\/fjala.info\\\/2009-2015\\\/gjakmarrje-hakmarrje-apo-inekzitence-e-shtetit\\\/\",\"name\":\"Gjakmarrje, hakmarrje, apo inekzitenc\u00eb e shtetit? - FjALA e LIR\u00cb - Arkivi\",\"isPartOf\":{\"@id\":\"https:\\\/\\\/fjala.info\\\/2009-2015\\\/#website\"},\"primaryImageOfPage\":{\"@id\":\"https:\\\/\\\/fjala.info\\\/2009-2015\\\/gjakmarrje-hakmarrje-apo-inekzitence-e-shtetit\\\/#primaryimage\"},\"image\":{\"@id\":\"https:\\\/\\\/fjala.info\\\/2009-2015\\\/gjakmarrje-hakmarrje-apo-inekzitence-e-shtetit\\\/#primaryimage\"},\"thumbnailUrl\":\"http:\\\/\\\/www.fjala.info\\\/2012\\\/pjerin_ndreu.jpg\",\"datePublished\":\"2012-09-23T08:04:22+00:00\",\"breadcrumb\":{\"@id\":\"https:\\\/\\\/fjala.info\\\/2009-2015\\\/gjakmarrje-hakmarrje-apo-inekzitence-e-shtetit\\\/#breadcrumb\"},\"inLanguage\":\"sq-AL\",\"potentialAction\":[{\"@type\":\"ReadAction\",\"target\":[\"https:\\\/\\\/fjala.info\\\/2009-2015\\\/gjakmarrje-hakmarrje-apo-inekzitence-e-shtetit\\\/\"]}]},{\"@type\":\"ImageObject\",\"inLanguage\":\"sq-AL\",\"@id\":\"https:\\\/\\\/fjala.info\\\/2009-2015\\\/gjakmarrje-hakmarrje-apo-inekzitence-e-shtetit\\\/#primaryimage\",\"url\":\"http:\\\/\\\/www.fjala.info\\\/2012\\\/pjerin_ndreu.jpg\",\"contentUrl\":\"http:\\\/\\\/www.fjala.info\\\/2012\\\/pjerin_ndreu.jpg\"},{\"@type\":\"BreadcrumbList\",\"@id\":\"https:\\\/\\\/fjala.info\\\/2009-2015\\\/gjakmarrje-hakmarrje-apo-inekzitence-e-shtetit\\\/#breadcrumb\",\"itemListElement\":[{\"@type\":\"ListItem\",\"position\":1,\"name\":\"Home\",\"item\":\"https:\\\/\\\/fjala.info\\\/2009-2015\\\/\"},{\"@type\":\"ListItem\",\"position\":2,\"name\":\"Gjakmarrje, hakmarrje, apo inekzitenc\u00eb e shtetit?\"}]},{\"@type\":\"WebSite\",\"@id\":\"https:\\\/\\\/fjala.info\\\/2009-2015\\\/#website\",\"url\":\"https:\\\/\\\/fjala.info\\\/2009-2015\\\/\",\"name\":\"FjALA e LIR\u00cb - Arkivi\",\"description\":\"Arkivi 2009-2015\",\"publisher\":{\"@id\":\"https:\\\/\\\/fjala.info\\\/2009-2015\\\/#organization\"},\"potentialAction\":[{\"@type\":\"SearchAction\",\"target\":{\"@type\":\"EntryPoint\",\"urlTemplate\":\"https:\\\/\\\/fjala.info\\\/2009-2015\\\/?s={search_term_string}\"},\"query-input\":{\"@type\":\"PropertyValueSpecification\",\"valueRequired\":true,\"valueName\":\"search_term_string\"}}],\"inLanguage\":\"sq-AL\"},{\"@type\":\"Organization\",\"@id\":\"https:\\\/\\\/fjala.info\\\/2009-2015\\\/#organization\",\"name\":\"FjALA e LIR\u00cb - Arkivi\",\"url\":\"https:\\\/\\\/fjala.info\\\/2009-2015\\\/\",\"logo\":{\"@type\":\"ImageObject\",\"inLanguage\":\"sq-AL\",\"@id\":\"https:\\\/\\\/fjala.info\\\/2009-2015\\\/#\\\/schema\\\/logo\\\/image\\\/\",\"url\":\"\",\"contentUrl\":\"\",\"caption\":\"FjALA e LIR\u00cb - Arkivi\"},\"image\":{\"@id\":\"https:\\\/\\\/fjala.info\\\/2009-2015\\\/#\\\/schema\\\/logo\\\/image\\\/\"}},{\"@type\":\"Person\",\"@id\":\"https:\\\/\\\/fjala.info\\\/2009-2015\\\/#\\\/schema\\\/person\\\/3aa1163ef05469c496fc94e77611ada2\",\"name\":\"admin\",\"image\":{\"@type\":\"ImageObject\",\"inLanguage\":\"sq-AL\",\"@id\":\"https:\\\/\\\/fjala.info\\\/2009-2015\\\/wp-content\\\/uploads\\\/2012\\\/02\\\/arben_cokaj-120x150.jpg\",\"url\":\"https:\\\/\\\/fjala.info\\\/2009-2015\\\/wp-content\\\/uploads\\\/2012\\\/02\\\/arben_cokaj-120x150.jpg\",\"contentUrl\":\"https:\\\/\\\/fjala.info\\\/2009-2015\\\/wp-content\\\/uploads\\\/2012\\\/02\\\/arben_cokaj-120x150.jpg\",\"caption\":\"admin\"},\"description\":\"Admin, Fjala e Lir\u00eb\",\"sameAs\":[\"https:\\\/\\\/fjala.info\\\/\"],\"url\":\"https:\\\/\\\/fjala.info\\\/2009-2015\\\/author\\\/admin\\\/\"}]}<\/script>\n<!-- \/ Yoast SEO plugin. -->","yoast_head_json":{"title":"Gjakmarrje, hakmarrje, apo inekzitenc\u00eb e shtetit? - FjALA e LIR\u00cb - Arkivi","robots":{"index":"index","follow":"follow","max-snippet":"max-snippet:-1","max-image-preview":"max-image-preview:large","max-video-preview":"max-video-preview:-1"},"canonical":"https:\/\/fjala.info\/2009-2015\/gjakmarrje-hakmarrje-apo-inekzitence-e-shtetit\/","og_locale":"sq_AL","og_type":"article","og_title":"Gjakmarrje, hakmarrje, apo inekzitenc\u00eb e shtetit? - FjALA e LIR\u00cb - Arkivi","og_description":"PJERIN NDREU, 22 shtator 2012 Vrasjet e viteve t\u00eb fundit, sidomos ato p\u00ebr gjakmarrje, kan\u00eb zgjuar nj\u00eb debat me an\u00eb t\u00eb t\u00eb cilit shum\u00eb personazhe t\u00eb njohura t\u00eb publicistik\u00ebs, t\u00eb medias, jurist\u00eb dhe nga shoq\u00ebria civile, por tek-tuk ndonj\u00eb politikan, jan\u00eb munduar, kush m\u00eb shum\u00eb e kush m\u00eb pak, t\u00eb hedhin drit\u00eb mbi nj\u00eb fenomen [&hellip;]","og_url":"https:\/\/fjala.info\/2009-2015\/gjakmarrje-hakmarrje-apo-inekzitence-e-shtetit\/","og_site_name":"FjALA e LIR\u00cb - Arkivi","article_published_time":"2012-09-23T08:04:22+00:00","og_image":[{"url":"http:\/\/www.fjala.info\/2012\/pjerin_ndreu.jpg","type":"","width":"","height":""}],"author":"admin","twitter_card":"summary_large_image","twitter_misc":{"Written by":"admin","Est. reading time":"6 minutes"},"schema":{"@context":"https:\/\/schema.org","@graph":[{"@type":"Article","@id":"https:\/\/fjala.info\/2009-2015\/gjakmarrje-hakmarrje-apo-inekzitence-e-shtetit\/#article","isPartOf":{"@id":"https:\/\/fjala.info\/2009-2015\/gjakmarrje-hakmarrje-apo-inekzitence-e-shtetit\/"},"author":{"name":"admin","@id":"https:\/\/fjala.info\/2009-2015\/#\/schema\/person\/3aa1163ef05469c496fc94e77611ada2"},"headline":"Gjakmarrje, hakmarrje, apo inekzitenc\u00eb e shtetit?","datePublished":"2012-09-23T08:04:22+00:00","mainEntityOfPage":{"@id":"https:\/\/fjala.info\/2009-2015\/gjakmarrje-hakmarrje-apo-inekzitence-e-shtetit\/"},"wordCount":1151,"commentCount":0,"publisher":{"@id":"https:\/\/fjala.info\/2009-2015\/#organization"},"image":{"@id":"https:\/\/fjala.info\/2009-2015\/gjakmarrje-hakmarrje-apo-inekzitence-e-shtetit\/#primaryimage"},"thumbnailUrl":"http:\/\/www.fjala.info\/2012\/pjerin_ndreu.jpg","articleSection":["Artikuj"],"inLanguage":"sq-AL","potentialAction":[{"@type":"CommentAction","name":"Comment","target":["https:\/\/fjala.info\/2009-2015\/gjakmarrje-hakmarrje-apo-inekzitence-e-shtetit\/#respond"]}]},{"@type":"WebPage","@id":"https:\/\/fjala.info\/2009-2015\/gjakmarrje-hakmarrje-apo-inekzitence-e-shtetit\/","url":"https:\/\/fjala.info\/2009-2015\/gjakmarrje-hakmarrje-apo-inekzitence-e-shtetit\/","name":"Gjakmarrje, hakmarrje, apo inekzitenc\u00eb e shtetit? - FjALA e LIR\u00cb - Arkivi","isPartOf":{"@id":"https:\/\/fjala.info\/2009-2015\/#website"},"primaryImageOfPage":{"@id":"https:\/\/fjala.info\/2009-2015\/gjakmarrje-hakmarrje-apo-inekzitence-e-shtetit\/#primaryimage"},"image":{"@id":"https:\/\/fjala.info\/2009-2015\/gjakmarrje-hakmarrje-apo-inekzitence-e-shtetit\/#primaryimage"},"thumbnailUrl":"http:\/\/www.fjala.info\/2012\/pjerin_ndreu.jpg","datePublished":"2012-09-23T08:04:22+00:00","breadcrumb":{"@id":"https:\/\/fjala.info\/2009-2015\/gjakmarrje-hakmarrje-apo-inekzitence-e-shtetit\/#breadcrumb"},"inLanguage":"sq-AL","potentialAction":[{"@type":"ReadAction","target":["https:\/\/fjala.info\/2009-2015\/gjakmarrje-hakmarrje-apo-inekzitence-e-shtetit\/"]}]},{"@type":"ImageObject","inLanguage":"sq-AL","@id":"https:\/\/fjala.info\/2009-2015\/gjakmarrje-hakmarrje-apo-inekzitence-e-shtetit\/#primaryimage","url":"http:\/\/www.fjala.info\/2012\/pjerin_ndreu.jpg","contentUrl":"http:\/\/www.fjala.info\/2012\/pjerin_ndreu.jpg"},{"@type":"BreadcrumbList","@id":"https:\/\/fjala.info\/2009-2015\/gjakmarrje-hakmarrje-apo-inekzitence-e-shtetit\/#breadcrumb","itemListElement":[{"@type":"ListItem","position":1,"name":"Home","item":"https:\/\/fjala.info\/2009-2015\/"},{"@type":"ListItem","position":2,"name":"Gjakmarrje, hakmarrje, apo inekzitenc\u00eb e shtetit?"}]},{"@type":"WebSite","@id":"https:\/\/fjala.info\/2009-2015\/#website","url":"https:\/\/fjala.info\/2009-2015\/","name":"FjALA e LIR\u00cb - Arkivi","description":"Arkivi 2009-2015","publisher":{"@id":"https:\/\/fjala.info\/2009-2015\/#organization"},"potentialAction":[{"@type":"SearchAction","target":{"@type":"EntryPoint","urlTemplate":"https:\/\/fjala.info\/2009-2015\/?s={search_term_string}"},"query-input":{"@type":"PropertyValueSpecification","valueRequired":true,"valueName":"search_term_string"}}],"inLanguage":"sq-AL"},{"@type":"Organization","@id":"https:\/\/fjala.info\/2009-2015\/#organization","name":"FjALA e LIR\u00cb - Arkivi","url":"https:\/\/fjala.info\/2009-2015\/","logo":{"@type":"ImageObject","inLanguage":"sq-AL","@id":"https:\/\/fjala.info\/2009-2015\/#\/schema\/logo\/image\/","url":"","contentUrl":"","caption":"FjALA e LIR\u00cb - Arkivi"},"image":{"@id":"https:\/\/fjala.info\/2009-2015\/#\/schema\/logo\/image\/"}},{"@type":"Person","@id":"https:\/\/fjala.info\/2009-2015\/#\/schema\/person\/3aa1163ef05469c496fc94e77611ada2","name":"admin","image":{"@type":"ImageObject","inLanguage":"sq-AL","@id":"https:\/\/fjala.info\/2009-2015\/wp-content\/uploads\/2012\/02\/arben_cokaj-120x150.jpg","url":"https:\/\/fjala.info\/2009-2015\/wp-content\/uploads\/2012\/02\/arben_cokaj-120x150.jpg","contentUrl":"https:\/\/fjala.info\/2009-2015\/wp-content\/uploads\/2012\/02\/arben_cokaj-120x150.jpg","caption":"admin"},"description":"Admin, Fjala e Lir\u00eb","sameAs":["https:\/\/fjala.info\/"],"url":"https:\/\/fjala.info\/2009-2015\/author\/admin\/"}]}},"_links":{"self":[{"href":"https:\/\/fjala.info\/2009-2015\/wp-json\/wp\/v2\/posts\/5118","targetHints":{"allow":["GET"]}}],"collection":[{"href":"https:\/\/fjala.info\/2009-2015\/wp-json\/wp\/v2\/posts"}],"about":[{"href":"https:\/\/fjala.info\/2009-2015\/wp-json\/wp\/v2\/types\/post"}],"author":[{"embeddable":true,"href":"https:\/\/fjala.info\/2009-2015\/wp-json\/wp\/v2\/users\/1"}],"replies":[{"embeddable":true,"href":"https:\/\/fjala.info\/2009-2015\/wp-json\/wp\/v2\/comments?post=5118"}],"version-history":[{"count":0,"href":"https:\/\/fjala.info\/2009-2015\/wp-json\/wp\/v2\/posts\/5118\/revisions"}],"wp:attachment":[{"href":"https:\/\/fjala.info\/2009-2015\/wp-json\/wp\/v2\/media?parent=5118"}],"wp:term":[{"taxonomy":"category","embeddable":true,"href":"https:\/\/fjala.info\/2009-2015\/wp-json\/wp\/v2\/categories?post=5118"},{"taxonomy":"post_tag","embeddable":true,"href":"https:\/\/fjala.info\/2009-2015\/wp-json\/wp\/v2\/tags?post=5118"}],"curies":[{"name":"wp","href":"https:\/\/api.w.org\/{rel}","templated":true}]}}