{"id":5117,"date":"2010-12-07T21:21:31","date_gmt":"2010-12-07T20:21:31","guid":{"rendered":"http:\/\/fjala.shkoder.net\/?p=5117"},"modified":"2010-12-07T21:21:31","modified_gmt":"2010-12-07T20:21:31","slug":"a-mund-te-jete-kaq-i-paditur-dr-plasari","status":"publish","type":"post","link":"https:\/\/fjala.info\/2009-2015\/a-mund-te-jete-kaq-i-paditur-dr-plasari\/","title":{"rendered":"A mund t\u00eb jet\u00eb kaq i \u201cpaditur\u201d Dr. Plasari?"},"content":{"rendered":"<p><strong>Bardhi Sejdarasi<\/strong>, <em>07.12.2010<\/em><\/p>\n<p>Nuk do t\u00eb kisha as d\u00ebshir\u00ebn m\u00eb t\u00eb vog\u00ebl t\u00eb ulesha dhe t\u00eb shkruaja k\u00ebt\u00eb shkrim, t\u00eb cilin n\u00eb fakt duhet ta kisha botuar t\u00eb pakt\u00ebn nj\u00eb vit e ca m\u00eb par\u00eb, koh\u00eb kur si sekretar i Lidhjes s\u00eb Gazetar\u00ebve Ekonomik\u00eb t\u00eb Shqip\u00ebris\u00eb, isha ftuar n\u00eb \u201cMinisterial Conference on Information Instrastructure for Science, Education and Culture\u201d, t\u00eb organizuar nga qeveria e Republik\u00ebs s\u00eb Sllovenis\u00eb, n\u00eb datat 11-12 n\u00ebntor 2009. N\u00eb k\u00ebt\u00eb konferenc\u00eb merrnin pjes\u00eb p\u00ebrfaq\u00ebsuesit e Bullgaris\u00eb, Bosnj\u00eb-Hercegovin\u00ebs, Serbis\u00eb, Sllovenis\u00eb, Malit t\u00eb Zi, Maqedonis\u00eb dhe Shqip\u00ebris\u00eb. Pal\u00ebn shqiptare e p\u00ebrfaq\u00ebsonte MTKRS-ja, me zonjush\u00ebn Joli Eleni Gjovreku.<\/p>\n<p><em>Pse duhen k\u00ebto holl\u00ebsi?<\/em><br \/>\nSepse drejtori i Bibliotek\u00ebs Komb\u00ebtare t\u00eb Shqip\u00ebris\u00eb, Dr. Aurel Plasari, n\u00eb nj\u00eb konferenc\u00eb p\u00ebr shtyp apo n\u00eb nj\u00eb let\u00ebr d\u00ebrguar SHISH-it, Prokuroris\u00eb s\u00eb P\u00ebrgjithshme dhe Kryeministrit, \u00ebsht\u00eb prononcuar publikisht, duke u shprehur se \u201cnj\u00eb serb dhe nj\u00eb slloven kan\u00eb sulmuar publikisht at\u00eb dhe Bibliotek\u00ebn Komb\u00ebtare\u201d, duke iu referuar pik\u00ebrisht nj\u00eb zanafille q\u00eb lidhet edhe me k\u00ebt\u00eb konferenc\u00ebn e m\u00ebsip\u00ebrme.<\/p>\n<p>N\u00eb fakt ka nj\u00eb histori, t\u00eb cil\u00ebn, p\u00ebr fat t\u00eb keq duhet ta kishin zhbiriluar gazetar\u00ebt. Dr. Plasari ka t\u00eb drejt\u00eb kur i shkruan kryeredaktorit t\u00eb \u201cShqipit\u201d p\u00ebr k\u00ebt\u00eb, por jo n\u00eb sensin me t\u00eb cilin ai orientohet.<\/p>\n<p><em>Historia<\/em><br \/>\nN\u00eb konferenc\u00ebn q\u00eb p\u00ebrmenda, Vojka Volk, minist\u00ebr i Pun\u00ebve t\u00eb Jashtme t\u00eb Sllovenis\u00eb, p\u00ebrgjegj\u00ebs p\u00ebr Ballkanin Per\u00ebndimor, tha se BE-ja ka projekte konkrete p\u00ebr k\u00ebto vende. Ai p\u00ebrmendi p\u00ebr k\u00ebt\u00eb vitin 2012 kur do t\u00eb hiqen t\u00eb gjitha pengesat p\u00ebr shkollat mes vendeve t\u00eb rajonit dhe foli p\u00ebr nj\u00eb bibliotek\u00eb rajonale, q\u00eb do t\u00eb shk\u00ebmbente informacion pa kufij mes vendeve tona dhe q\u00eb i referohej projektit COBISS.Net.<\/p>\n<p>P\u00ebrfaq\u00ebsuesja e divizionit t\u00eb edukimit t\u00eb lart\u00eb n\u00eb UNESCO, Stamaka Uvali\u00e7-Trumbi\u00e7, e pranishme n\u00eb k\u00ebt\u00eb konferenc\u00eb, tha se UNESCO e mb\u00ebshteste k\u00ebt\u00eb projekt dhe vler\u00ebsoi aderimin e kat\u00ebr universiteteve n\u00eb projektin e m\u00ebsip\u00ebrm. 537 biblioteka t\u00eb Sllovenis\u00eb ishin lidhur deri n\u00eb n\u00ebntorin e vitit t\u00eb kaluar n\u00eb rrjetin COBISS. Maqedonia ka mb\u00ebshtetur t\u00eb gjitha bibliotekat t\u00eb lidhen n\u00eb rrjetin COBISS dhe ka 750 mij\u00eb rekorde n\u00eb k\u00ebt\u00eb rrjet. 112 biblioteka t\u00eb Serbis\u00eb jan\u00eb lidhur me k\u00ebt\u00eb rrjet duke filluar nga viti 2003 dhe jo m\u00eb p\u00ebrpara. <\/p>\n<p>Bullgaria ka rreth 3500 biblioteka t\u00eb p\u00ebrgjithshme dhe 2500 biblioteka t\u00eb tjera dhe ka investuar 10 milion\u00eb euro p\u00ebr sistemin e informacionit n\u00eb rrjetin COBISS. Bosnj\u00eb-Hercegovina ka 36 biblioteka n\u00eb rrjetin COBISS etj., etj. Shqip\u00ebria, sipas informacioneve q\u00eb un\u00eb kam, ka 51 biblioteka t\u00eb p\u00ebrgjithshme me rreth 2,3 milion\u00eb rekorde, por nuk \u00ebsht\u00eb e lidhur n\u00eb k\u00ebt\u00eb sistem.<\/p>\n<p>K\u00ebto shifra dhe t\u00eb dh\u00ebna eksplicite jam i bindur se i njeh edhe drejtori yn\u00eb i BK.<br \/>\nPor ka edhe m\u00eb shum\u00eb informacion se kaq.<\/p>\n<p>N\u00eb tetor t\u00eb 2005-s, COBISS ka qen\u00eb n\u00eb Shqip\u00ebri, n\u00eb zyrat e z. Plasari, duku u takuar dhe prezantuar projektin me vart\u00ebsit e tij (tashm\u00eb t\u00eb pushuar nga puna). M\u00eb 15 n\u00ebntor t\u00eb vitit 2005, dy p\u00ebrfaq\u00ebsues t\u00eb lart\u00eb t\u00eb qeveris\u00eb s\u00eb Shqip\u00ebris\u00eb kan\u00eb vizituar Ministrin\u00eb e Arsimit t\u00eb Lart\u00eb, Shkenc\u00ebs dhe Teknologjis\u00eb s\u00eb Republik\u00ebs s\u00eb Sllovenis\u00eb dhe kan\u00eb shprehur interes p\u00ebr implementimin e k\u00ebtij projekti n\u00eb Shqip\u00ebri.<\/p>\n<p>N\u00eb konferenc\u00ebn nd\u00ebrkomb\u00ebtare t\u00eb COBISS t\u00eb vitit 2005, ku kan\u00eb marr\u00eb pjes\u00eb p\u00ebrfaq\u00ebsues t\u00eb MTKRS-s\u00eb, UPT, UT etj., Biblioteka Komb\u00ebtare ka fshir\u00eb pjes\u00ebmarr\u00ebsit e saj n\u00eb \u201cminut\u00ebn e fundit\u201d.<br \/>\nM\u00eb 14 mars 2006, drejtori i BK, z. Plasari, \u00ebsht\u00eb ftuar t\u00eb marr\u00eb pjes\u00eb n\u00eb takimin e drejtor\u00ebve t\u00eb bibliotekave rajonale komb\u00ebtare, por nuk i \u00ebsht\u00eb p\u00ebrgjigjur ftes\u00ebs.<\/p>\n<p>M\u00eb 17-18 mars 2006, UNESCO organizoi konferenc\u00ebn \u201cOrganizing information on research potential and the results of research activities\u201d, ku mor\u00ebn pjes\u00eb p\u00ebrfaq\u00ebsues t\u00eb lart\u00eb t\u00eb MASH-it dhe t\u00eb universiteteve shqiptare, por jo BKSH-ja.<\/p>\n<p>M\u00eb 15 qershor 2007, mes MASH-it dhe IZUM \u00ebsht\u00eb n\u00ebnshkruar nj\u00eb marr\u00ebveshje bashk\u00ebpunimi p\u00ebr zhvillimin e infrastruktur\u00ebs s\u00eb informacionit p\u00ebr t\u00eb mb\u00ebshtetur k\u00ebrkimin dhe veprimtarit\u00eb m\u00ebsimore n\u00eb Shqip\u00ebri, marr\u00ebveshje e cila siguronte ngritjen e sistemit t\u00eb informacionit k\u00ebrkimor mb\u00ebshtetur n\u00eb aplikacionin E-Cris software dhe sipas modelit t\u00eb sistemeve t\u00eb ngjashme n\u00eb Europ\u00eb, si dhe zbatimin e sistemit COBISS p\u00ebr automatizimin e bibliotekave universitare n\u00eb Shqip\u00ebri e lidhjen me rrjetin COBISS.Net. (A di gj\u00eb Plasari p\u00ebr k\u00ebt\u00eb marr\u00ebveshje zyrtare?!)<\/p>\n<p>M\u00eb 6 mars 2009, n\u00eb Universitetin e Ljubljan\u00ebs konkurruan 24 kandidat\u00eb nga Shqip\u00ebria p\u00ebr master n\u00eb biblioekonomi dhe fituan t\u00eb drejt\u00ebn 17 prej tyre. Gjat\u00eb vitit 2009, projekti COBISS ka financuar n\u00eb total 372 700 euro p\u00ebr pajisjen me kompjuter\u00eb t\u00eb 10 bibliotekave publike, t\u00eb BSHUPT, blerjen e librave p\u00ebr 10 biblioteka t\u00eb tjera, bashk\u00ebfinancimin p\u00ebr 17 student\u00eb pasuniversitar\u00eb p\u00ebr nivelin master shkencor (e m\u00eb tej edhe p\u00ebr doktoratur\u00eb p\u00ebr disa prej tyre), financimin e p\u00ebrkthimit n\u00eb shqip t\u00eb manualit COMARC dhe t\u00eb standardeve nd\u00ebrkomb\u00ebtare t\u00eb ISBD.<\/p>\n<p>N\u00eb shkurt t\u00eb k\u00ebtij viti, z. Ilir Meta, si minist\u00ebr i Jasht\u00ebm, gjat\u00eb vizit\u00ebs n\u00eb Slloveni, ka thirrur ambasadorin shqiptar n\u00eb Ljubljan\u00eb dhe i ka k\u00ebrkuar t\u00eb koordinoj\u00eb k\u00ebt\u00eb projekt (a do ta th\u00ebrras\u00eb Prokuroria e P\u00ebrgjithshme z. Meta pas k\u00ebrkes\u00ebs s\u00eb Plasarit?!)<\/p>\n<p>M\u00eb 21 maj 2010, z. Plasari \u00ebsht\u00eb takuar me drejtorin e k\u00ebtij projekti dhe i ka komunikuar se \u201cp\u00ebr shkak t\u00eb legjislacionit shqiptar, ai nuk kishte autoritet p\u00ebr t\u00eb n\u00ebnshkruar nj\u00eb marr\u00ebveshje me IZUM, p\u00ebr projektin COBISS\u201d (pra Plasari nuk paska qen\u00eb kund\u00ebr serb\u00ebve(?!) &#8211; Ku jan\u00eb deri tani serb\u00ebt?<\/p>\n<p>Me ftes\u00eb t\u00eb UNESCO-s, m\u00eb 21 dhe 22 maj 2010, drejtori i IZUM dhe ai i Agjencis\u00eb Sllovene t\u00eb K\u00ebrkimeve jan\u00eb takuar n\u00eb Tiran\u00eb me ministrin Myqerem Tafaj n\u00eb \u201cExpert Meeting and Ministerial Round Table Strengthening Scientific Research and Higher Education. From Bilateral to pan-European Cooperation&#8221; dhe kan\u00eb marr\u00eb miratimin e ministrit shqiptar, i cili ka k\u00ebrkuar p\u00ebrfundimin e marr\u00ebveshjes s\u00eb lartp\u00ebrmendur. (Ministri Tafaj k\u00ebtu \u00ebsht\u00eb, mund t\u00eb pyetet edhe nga z. Plasari)<\/p>\n<p>Dhe e fundit, m\u00eb 5 korrik 2010, drejtori i p\u00ebrgjithsh\u00ebm i Agjencis\u00eb Shqiptare p\u00ebr K\u00ebrkime, Teknologji dhe Inovacion, pranon zyrtarisht ofert\u00ebn p\u00ebr t\u00eb marr\u00eb pjes\u00eb n\u00eb zbatimin e E-Cris (Current Research Information System) n\u00eb kuad\u00ebr t\u00eb projektit COBISS.Net dhe p\u00ebr k\u00ebt\u00eb nj\u00eb p\u00ebrfaq\u00ebsues trajnohet n\u00eb Slloveni. Jo n\u00eb Serbi!<\/p>\n<p><em>A duhet t\u2019i dij\u00eb k\u00ebto z. Plasari?<\/em><br \/>\nMbase edhe jo, por ama duhet t\u00eb dij\u00eb se p\u00ebrpara se t\u00eb d\u00ebrgoj\u00eb let\u00ebr n\u00eb SHISH p\u00ebr k\u00ebrc\u00ebnim nga serb\u00ebt dhe ta quaj\u00eb COBISS organizat\u00eb t\u00eb dyshimt\u00eb, duhet t\u00eb pyes\u00eb: Pse konferenca n\u00eb Tiran\u00eb u mb\u00ebshtet nga Akademia e Shkencave dhe Shoqata e Bibliotekar\u00ebve, pasi sipas ligjit Nr. 8576, dt. 3.02.2000, kryetari i Shoqat\u00ebs s\u00eb Bibliotekar\u00ebve (neni 14) b\u00ebn pjes\u00eb n\u00eb K\u00ebshillin Komb\u00ebtar t\u00eb Bibliotekave (pran\u00eb Ministris\u00eb s\u00eb Kultur\u00ebs), ku b\u00ebn pjes\u00eb dhe dr. Plasari? Dhe ai mund ta kund\u00ebrshtonte organizimin e konferenc\u00ebs n\u00eb k\u00ebt\u00eb organiz\u00ebm!<\/p>\n<p>N\u00eb k\u00ebt\u00eb kuad\u00ebr, z. Plasari duhet t\u2019i referohet edhe nenit 25 t\u00eb ligjit \u201cP\u00ebr Bibliotekat n\u00eb RSH\u201d (pika 2) q\u00eb i mb\u00ebshtet t\u00eb gjitha financimet nga burime t\u00eb ndryshme. Por nj\u00eb pyetje na lind edhe ne, meq\u00eb iu referuam k\u00ebtij ligji: mb\u00ebshtetur n\u00eb nenin 27, pika 6 &#8211; \u00e7far\u00eb pune b\u00ebn Biblioteka Komb\u00ebtare si qend\u00ebr e krijimit dhe e mir\u00ebmbajtjes s\u00eb katalogut p\u00ebrmbledh\u00ebs komb\u00ebtar?<\/p>\n<p>\u201cAtentati m\u00eb i sh\u00ebmtuar n\u00eb 90 vitet e fundit\u201d, e quan Plasari k\u00ebrkes\u00ebn p\u00ebr t\u00eb qen\u00eb pjes\u00eb e rrjetit COBISS edhe Biblioteka Komb\u00ebtare Shqiptare dhe \u00e7udia \u00ebsht\u00eb se n\u00eb sinkron me t\u00eb edhe Sali Bashota n\u00eb Kosov\u00eb thot\u00eb t\u00eb nj\u00ebjt\u00ebn gj\u00eb, thuajse t\u00eb kishin qen\u00eb n\u00eb nj\u00eb tavolin\u00eb? A ka di\u00e7ka tjet\u00ebr k\u00ebtu? Un\u00eb nuk mund ta di k\u00ebt\u00eb tani. Tani q\u00eb po heton SHISH-i dhe Prokuroria e P\u00ebrgjithshme dhe nuk duhet t\u00eb flasin p\u00ebr t\u00eb mos penguar hetimet. Por do t\u00eb kemi koh\u00eb p\u00ebr k\u00ebt\u00eb!<\/p>\n","protected":false},"excerpt":{"rendered":"<p>Bardhi Sejdarasi, 07.12.2010 Nuk do t\u00eb kisha as d\u00ebshir\u00ebn m\u00eb t\u00eb vog\u00ebl t\u00eb ulesha dhe t\u00eb shkruaja k\u00ebt\u00eb shkrim, t\u00eb cilin n\u00eb fakt duhet ta kisha botuar t\u00eb pakt\u00ebn nj\u00eb vit e ca m\u00eb par\u00eb, koh\u00eb kur si sekretar i Lidhjes s\u00eb Gazetar\u00ebve Ekonomik\u00eb t\u00eb Shqip\u00ebris\u00eb, isha ftuar n\u00eb \u201cMinisterial Conference on Information Instrastructure for [&hellip;]<\/p>\n","protected":false},"author":1,"featured_media":0,"comment_status":"open","ping_status":"closed","sticky":false,"template":"","format":"standard","meta":{"footnotes":""},"categories":[2],"tags":[],"class_list":{"0":"post-5117","1":"post","2":"type-post","3":"status-publish","4":"format-standard","6":"category-artikuj"},"yoast_head":"<!-- This site is optimized with the Yoast SEO plugin v27.4 - https:\/\/yoast.com\/product\/yoast-seo-wordpress\/ -->\n<title>A mund t\u00eb jet\u00eb kaq i \u201cpaditur\u201d Dr. Plasari? - FjALA e LIR\u00cb - Arkivi<\/title>\n<meta name=\"robots\" content=\"index, follow, max-snippet:-1, max-image-preview:large, max-video-preview:-1\" \/>\n<link rel=\"canonical\" href=\"https:\/\/fjala.info\/2009-2015\/a-mund-te-jete-kaq-i-paditur-dr-plasari\/\" \/>\n<meta property=\"og:locale\" content=\"sq_AL\" \/>\n<meta property=\"og:type\" content=\"article\" \/>\n<meta property=\"og:title\" content=\"A mund t\u00eb jet\u00eb kaq i \u201cpaditur\u201d Dr. Plasari? - FjALA e LIR\u00cb - Arkivi\" \/>\n<meta property=\"og:description\" content=\"Bardhi Sejdarasi, 07.12.2010 Nuk do t\u00eb kisha as d\u00ebshir\u00ebn m\u00eb t\u00eb vog\u00ebl t\u00eb ulesha dhe t\u00eb shkruaja k\u00ebt\u00eb shkrim, t\u00eb cilin n\u00eb fakt duhet ta kisha botuar t\u00eb pakt\u00ebn nj\u00eb vit e ca m\u00eb par\u00eb, koh\u00eb kur si sekretar i Lidhjes s\u00eb Gazetar\u00ebve Ekonomik\u00eb t\u00eb Shqip\u00ebris\u00eb, isha ftuar n\u00eb \u201cMinisterial Conference on Information Instrastructure for [&hellip;]\" \/>\n<meta property=\"og:url\" content=\"https:\/\/fjala.info\/2009-2015\/a-mund-te-jete-kaq-i-paditur-dr-plasari\/\" \/>\n<meta property=\"og:site_name\" content=\"FjALA e LIR\u00cb - Arkivi\" \/>\n<meta property=\"article:published_time\" content=\"2010-12-07T20:21:31+00:00\" \/>\n<meta name=\"author\" content=\"admin\" \/>\n<meta name=\"twitter:card\" content=\"summary_large_image\" \/>\n<meta name=\"twitter:label1\" content=\"Written by\" \/>\n\t<meta name=\"twitter:data1\" content=\"admin\" \/>\n\t<meta name=\"twitter:label2\" content=\"Est. reading time\" \/>\n\t<meta name=\"twitter:data2\" content=\"7 minutes\" \/>\n<script type=\"application\/ld+json\" class=\"yoast-schema-graph\">{\"@context\":\"https:\\\/\\\/schema.org\",\"@graph\":[{\"@type\":\"Article\",\"@id\":\"https:\\\/\\\/fjala.info\\\/2009-2015\\\/a-mund-te-jete-kaq-i-paditur-dr-plasari\\\/#article\",\"isPartOf\":{\"@id\":\"https:\\\/\\\/fjala.info\\\/2009-2015\\\/a-mund-te-jete-kaq-i-paditur-dr-plasari\\\/\"},\"author\":{\"name\":\"admin\",\"@id\":\"https:\\\/\\\/fjala.info\\\/2009-2015\\\/#\\\/schema\\\/person\\\/3aa1163ef05469c496fc94e77611ada2\"},\"headline\":\"A mund t\u00eb jet\u00eb kaq i \u201cpaditur\u201d Dr. Plasari?\",\"datePublished\":\"2010-12-07T20:21:31+00:00\",\"mainEntityOfPage\":{\"@id\":\"https:\\\/\\\/fjala.info\\\/2009-2015\\\/a-mund-te-jete-kaq-i-paditur-dr-plasari\\\/\"},\"wordCount\":1410,\"commentCount\":1,\"publisher\":{\"@id\":\"https:\\\/\\\/fjala.info\\\/2009-2015\\\/#organization\"},\"articleSection\":[\"Artikuj\"],\"inLanguage\":\"sq-AL\",\"potentialAction\":[{\"@type\":\"CommentAction\",\"name\":\"Comment\",\"target\":[\"https:\\\/\\\/fjala.info\\\/2009-2015\\\/a-mund-te-jete-kaq-i-paditur-dr-plasari\\\/#respond\"]}]},{\"@type\":\"WebPage\",\"@id\":\"https:\\\/\\\/fjala.info\\\/2009-2015\\\/a-mund-te-jete-kaq-i-paditur-dr-plasari\\\/\",\"url\":\"https:\\\/\\\/fjala.info\\\/2009-2015\\\/a-mund-te-jete-kaq-i-paditur-dr-plasari\\\/\",\"name\":\"A mund t\u00eb jet\u00eb kaq i \u201cpaditur\u201d Dr. Plasari? - FjALA e LIR\u00cb - Arkivi\",\"isPartOf\":{\"@id\":\"https:\\\/\\\/fjala.info\\\/2009-2015\\\/#website\"},\"datePublished\":\"2010-12-07T20:21:31+00:00\",\"breadcrumb\":{\"@id\":\"https:\\\/\\\/fjala.info\\\/2009-2015\\\/a-mund-te-jete-kaq-i-paditur-dr-plasari\\\/#breadcrumb\"},\"inLanguage\":\"sq-AL\",\"potentialAction\":[{\"@type\":\"ReadAction\",\"target\":[\"https:\\\/\\\/fjala.info\\\/2009-2015\\\/a-mund-te-jete-kaq-i-paditur-dr-plasari\\\/\"]}]},{\"@type\":\"BreadcrumbList\",\"@id\":\"https:\\\/\\\/fjala.info\\\/2009-2015\\\/a-mund-te-jete-kaq-i-paditur-dr-plasari\\\/#breadcrumb\",\"itemListElement\":[{\"@type\":\"ListItem\",\"position\":1,\"name\":\"Home\",\"item\":\"https:\\\/\\\/fjala.info\\\/2009-2015\\\/\"},{\"@type\":\"ListItem\",\"position\":2,\"name\":\"A mund t\u00eb jet\u00eb kaq i \u201cpaditur\u201d Dr. Plasari?\"}]},{\"@type\":\"WebSite\",\"@id\":\"https:\\\/\\\/fjala.info\\\/2009-2015\\\/#website\",\"url\":\"https:\\\/\\\/fjala.info\\\/2009-2015\\\/\",\"name\":\"FjALA e LIR\u00cb - Arkivi\",\"description\":\"Arkivi 2009-2015\",\"publisher\":{\"@id\":\"https:\\\/\\\/fjala.info\\\/2009-2015\\\/#organization\"},\"potentialAction\":[{\"@type\":\"SearchAction\",\"target\":{\"@type\":\"EntryPoint\",\"urlTemplate\":\"https:\\\/\\\/fjala.info\\\/2009-2015\\\/?s={search_term_string}\"},\"query-input\":{\"@type\":\"PropertyValueSpecification\",\"valueRequired\":true,\"valueName\":\"search_term_string\"}}],\"inLanguage\":\"sq-AL\"},{\"@type\":\"Organization\",\"@id\":\"https:\\\/\\\/fjala.info\\\/2009-2015\\\/#organization\",\"name\":\"FjALA e LIR\u00cb - Arkivi\",\"url\":\"https:\\\/\\\/fjala.info\\\/2009-2015\\\/\",\"logo\":{\"@type\":\"ImageObject\",\"inLanguage\":\"sq-AL\",\"@id\":\"https:\\\/\\\/fjala.info\\\/2009-2015\\\/#\\\/schema\\\/logo\\\/image\\\/\",\"url\":\"\",\"contentUrl\":\"\",\"caption\":\"FjALA e LIR\u00cb - Arkivi\"},\"image\":{\"@id\":\"https:\\\/\\\/fjala.info\\\/2009-2015\\\/#\\\/schema\\\/logo\\\/image\\\/\"}},{\"@type\":\"Person\",\"@id\":\"https:\\\/\\\/fjala.info\\\/2009-2015\\\/#\\\/schema\\\/person\\\/3aa1163ef05469c496fc94e77611ada2\",\"name\":\"admin\",\"image\":{\"@type\":\"ImageObject\",\"inLanguage\":\"sq-AL\",\"@id\":\"https:\\\/\\\/fjala.info\\\/2009-2015\\\/wp-content\\\/uploads\\\/2012\\\/02\\\/arben_cokaj-120x150.jpg\",\"url\":\"https:\\\/\\\/fjala.info\\\/2009-2015\\\/wp-content\\\/uploads\\\/2012\\\/02\\\/arben_cokaj-120x150.jpg\",\"contentUrl\":\"https:\\\/\\\/fjala.info\\\/2009-2015\\\/wp-content\\\/uploads\\\/2012\\\/02\\\/arben_cokaj-120x150.jpg\",\"caption\":\"admin\"},\"description\":\"Admin, Fjala e Lir\u00eb\",\"sameAs\":[\"https:\\\/\\\/fjala.info\\\/\"],\"url\":\"https:\\\/\\\/fjala.info\\\/2009-2015\\\/author\\\/admin\\\/\"}]}<\/script>\n<!-- \/ Yoast SEO plugin. -->","yoast_head_json":{"title":"A mund t\u00eb jet\u00eb kaq i \u201cpaditur\u201d Dr. Plasari? - FjALA e LIR\u00cb - Arkivi","robots":{"index":"index","follow":"follow","max-snippet":"max-snippet:-1","max-image-preview":"max-image-preview:large","max-video-preview":"max-video-preview:-1"},"canonical":"https:\/\/fjala.info\/2009-2015\/a-mund-te-jete-kaq-i-paditur-dr-plasari\/","og_locale":"sq_AL","og_type":"article","og_title":"A mund t\u00eb jet\u00eb kaq i \u201cpaditur\u201d Dr. Plasari? - FjALA e LIR\u00cb - Arkivi","og_description":"Bardhi Sejdarasi, 07.12.2010 Nuk do t\u00eb kisha as d\u00ebshir\u00ebn m\u00eb t\u00eb vog\u00ebl t\u00eb ulesha dhe t\u00eb shkruaja k\u00ebt\u00eb shkrim, t\u00eb cilin n\u00eb fakt duhet ta kisha botuar t\u00eb pakt\u00ebn nj\u00eb vit e ca m\u00eb par\u00eb, koh\u00eb kur si sekretar i Lidhjes s\u00eb Gazetar\u00ebve Ekonomik\u00eb t\u00eb Shqip\u00ebris\u00eb, isha ftuar n\u00eb \u201cMinisterial Conference on Information Instrastructure for [&hellip;]","og_url":"https:\/\/fjala.info\/2009-2015\/a-mund-te-jete-kaq-i-paditur-dr-plasari\/","og_site_name":"FjALA e LIR\u00cb - Arkivi","article_published_time":"2010-12-07T20:21:31+00:00","author":"admin","twitter_card":"summary_large_image","twitter_misc":{"Written by":"admin","Est. reading time":"7 minutes"},"schema":{"@context":"https:\/\/schema.org","@graph":[{"@type":"Article","@id":"https:\/\/fjala.info\/2009-2015\/a-mund-te-jete-kaq-i-paditur-dr-plasari\/#article","isPartOf":{"@id":"https:\/\/fjala.info\/2009-2015\/a-mund-te-jete-kaq-i-paditur-dr-plasari\/"},"author":{"name":"admin","@id":"https:\/\/fjala.info\/2009-2015\/#\/schema\/person\/3aa1163ef05469c496fc94e77611ada2"},"headline":"A mund t\u00eb jet\u00eb kaq i \u201cpaditur\u201d Dr. Plasari?","datePublished":"2010-12-07T20:21:31+00:00","mainEntityOfPage":{"@id":"https:\/\/fjala.info\/2009-2015\/a-mund-te-jete-kaq-i-paditur-dr-plasari\/"},"wordCount":1410,"commentCount":1,"publisher":{"@id":"https:\/\/fjala.info\/2009-2015\/#organization"},"articleSection":["Artikuj"],"inLanguage":"sq-AL","potentialAction":[{"@type":"CommentAction","name":"Comment","target":["https:\/\/fjala.info\/2009-2015\/a-mund-te-jete-kaq-i-paditur-dr-plasari\/#respond"]}]},{"@type":"WebPage","@id":"https:\/\/fjala.info\/2009-2015\/a-mund-te-jete-kaq-i-paditur-dr-plasari\/","url":"https:\/\/fjala.info\/2009-2015\/a-mund-te-jete-kaq-i-paditur-dr-plasari\/","name":"A mund t\u00eb jet\u00eb kaq i \u201cpaditur\u201d Dr. Plasari? - FjALA e LIR\u00cb - Arkivi","isPartOf":{"@id":"https:\/\/fjala.info\/2009-2015\/#website"},"datePublished":"2010-12-07T20:21:31+00:00","breadcrumb":{"@id":"https:\/\/fjala.info\/2009-2015\/a-mund-te-jete-kaq-i-paditur-dr-plasari\/#breadcrumb"},"inLanguage":"sq-AL","potentialAction":[{"@type":"ReadAction","target":["https:\/\/fjala.info\/2009-2015\/a-mund-te-jete-kaq-i-paditur-dr-plasari\/"]}]},{"@type":"BreadcrumbList","@id":"https:\/\/fjala.info\/2009-2015\/a-mund-te-jete-kaq-i-paditur-dr-plasari\/#breadcrumb","itemListElement":[{"@type":"ListItem","position":1,"name":"Home","item":"https:\/\/fjala.info\/2009-2015\/"},{"@type":"ListItem","position":2,"name":"A mund t\u00eb jet\u00eb kaq i \u201cpaditur\u201d Dr. Plasari?"}]},{"@type":"WebSite","@id":"https:\/\/fjala.info\/2009-2015\/#website","url":"https:\/\/fjala.info\/2009-2015\/","name":"FjALA e LIR\u00cb - Arkivi","description":"Arkivi 2009-2015","publisher":{"@id":"https:\/\/fjala.info\/2009-2015\/#organization"},"potentialAction":[{"@type":"SearchAction","target":{"@type":"EntryPoint","urlTemplate":"https:\/\/fjala.info\/2009-2015\/?s={search_term_string}"},"query-input":{"@type":"PropertyValueSpecification","valueRequired":true,"valueName":"search_term_string"}}],"inLanguage":"sq-AL"},{"@type":"Organization","@id":"https:\/\/fjala.info\/2009-2015\/#organization","name":"FjALA e LIR\u00cb - Arkivi","url":"https:\/\/fjala.info\/2009-2015\/","logo":{"@type":"ImageObject","inLanguage":"sq-AL","@id":"https:\/\/fjala.info\/2009-2015\/#\/schema\/logo\/image\/","url":"","contentUrl":"","caption":"FjALA e LIR\u00cb - Arkivi"},"image":{"@id":"https:\/\/fjala.info\/2009-2015\/#\/schema\/logo\/image\/"}},{"@type":"Person","@id":"https:\/\/fjala.info\/2009-2015\/#\/schema\/person\/3aa1163ef05469c496fc94e77611ada2","name":"admin","image":{"@type":"ImageObject","inLanguage":"sq-AL","@id":"https:\/\/fjala.info\/2009-2015\/wp-content\/uploads\/2012\/02\/arben_cokaj-120x150.jpg","url":"https:\/\/fjala.info\/2009-2015\/wp-content\/uploads\/2012\/02\/arben_cokaj-120x150.jpg","contentUrl":"https:\/\/fjala.info\/2009-2015\/wp-content\/uploads\/2012\/02\/arben_cokaj-120x150.jpg","caption":"admin"},"description":"Admin, Fjala e Lir\u00eb","sameAs":["https:\/\/fjala.info\/"],"url":"https:\/\/fjala.info\/2009-2015\/author\/admin\/"}]}},"_links":{"self":[{"href":"https:\/\/fjala.info\/2009-2015\/wp-json\/wp\/v2\/posts\/5117","targetHints":{"allow":["GET"]}}],"collection":[{"href":"https:\/\/fjala.info\/2009-2015\/wp-json\/wp\/v2\/posts"}],"about":[{"href":"https:\/\/fjala.info\/2009-2015\/wp-json\/wp\/v2\/types\/post"}],"author":[{"embeddable":true,"href":"https:\/\/fjala.info\/2009-2015\/wp-json\/wp\/v2\/users\/1"}],"replies":[{"embeddable":true,"href":"https:\/\/fjala.info\/2009-2015\/wp-json\/wp\/v2\/comments?post=5117"}],"version-history":[{"count":0,"href":"https:\/\/fjala.info\/2009-2015\/wp-json\/wp\/v2\/posts\/5117\/revisions"}],"wp:attachment":[{"href":"https:\/\/fjala.info\/2009-2015\/wp-json\/wp\/v2\/media?parent=5117"}],"wp:term":[{"taxonomy":"category","embeddable":true,"href":"https:\/\/fjala.info\/2009-2015\/wp-json\/wp\/v2\/categories?post=5117"},{"taxonomy":"post_tag","embeddable":true,"href":"https:\/\/fjala.info\/2009-2015\/wp-json\/wp\/v2\/tags?post=5117"}],"curies":[{"name":"wp","href":"https:\/\/api.w.org\/{rel}","templated":true}]}}