{"id":5115,"date":"2010-12-07T22:21:15","date_gmt":"2010-12-07T21:21:15","guid":{"rendered":"http:\/\/fjala.shkoder.net\/?p=5115"},"modified":"2010-12-07T22:21:15","modified_gmt":"2010-12-07T21:21:15","slug":"prove-per-vemendshmeri-ndaj-zotit-plasari","status":"publish","type":"post","link":"https:\/\/fjala.info\/2009-2015\/prove-per-vemendshmeri-ndaj-zotit-plasari\/","title":{"rendered":"Prov\u00eb p\u00ebr v\u00ebmendshm\u00ebri ndaj zotit Plasari"},"content":{"rendered":"<p><img loading=\"lazy\" decoding=\"async\" src=\"http:\/\/fjala.shkoder.net\/wp-content\/uploads\/2010\/10\/aleksander_cipa.jpg\" alt=\"\" title=\"Aleksand\u00ebr \u00c7ipa\" width=\"150\" height=\"112\" class=\"alignleft size-full wp-image-4417\" \/><br \/>\n<strong>Aleksand\u00ebr \u00c7ipa<\/strong><\/p>\n<p><em>P\u00ebrgjigje e kryeredaktorit<\/em><\/p>\n<p>I dashur dhe i vyeri zoti Plasari,<br \/>\nJu p\u00ebrgjigjem p\u00ebr letr\u00ebn tuaj drejtuar mua si kryeredaktor i \u201cShqipit\u201d. N\u00eb k\u00ebt\u00eb cil\u00ebsi m\u00eb lejo t\u00eb sqaroj, se nuk sh\u00ebrbej, por realizoj misionin e t\u00eb qenit n\u00eb nj\u00eb post profesional, t\u00eb cilin e \u00e7moj si detyrim ndaj cil\u00ebsis\u00eb q\u00eb p\u00ebrfaq\u00ebson gazeta n\u00eb k\u00ebt\u00eb spekt\u00ebr t\u00eb sot\u00ebm t\u00eb shtypit shqiptar.<\/p>\n<p>Qysh n\u00eb fillim t\u00eb k\u00ebsaj p\u00ebrgjigjeje, m\u00eb duhet ta them se e mir\u00ebkuptoj shqet\u00ebsimin, i cili m\u00eb shum\u00eb se nga informimi \u201cen block\u201d q\u00eb kishte lidhje me prononcimin tuaj publik p\u00ebrmes gazet\u00ebs, ka t\u00eb b\u00ebj\u00eb me at\u00eb q\u00eb ju e quani thelbi, \u201cthembra e Akilit\u201d. Pjes\u00ebrisht mund t\u00eb keni t\u00eb drejt\u00eb, por e drejta juaj p\u00ebrballur me t\u00eb drejt\u00ebn ton\u00eb, p\u00ebr t\u00eb pasqyruar gjer\u00ebsisht debatin rreth k\u00ebsaj \u00e7\u00ebshtjeje, besoj dhe para s\u00eb gjithash, \u00ebsht\u00eb detyrim profesional. <\/p>\n<p>N\u00eb informimin ton\u00eb \u201cen block\u201d ju kemi l\u00ebn\u00eb ju sip\u00ebrfaqen botuese m\u00eb t\u00eb konsiderueshme dhe nj\u00ebkoh\u00ebsisht kemi paraqitur edhe reagimet kund\u00ebrpohuese t\u00eb homologut tuaj serb zotit Sreten Ugriciq dhe drejtorit slloven t\u00eb IZUM, zotit Tomaz Seljak. Mandej n\u00eb k\u00ebt\u00eb material nuk mungon edhe korrespondenca e reporteres son\u00eb nga reagimet e konferenc\u00ebs s\u00eb zhvilluar p\u00ebr k\u00ebt\u00eb \u00e7\u00ebshtje n\u00eb sall\u00ebn e Akademis\u00eb s\u00eb Shkencave. Materiali i ofruar p\u00ebrmes sip\u00ebrfaqes s\u00eb bollshme t\u00eb botimit n\u00eb gazet\u00eb, mendoj se respekton m\u00eb s\u00eb miri parimet dhe kriteret deontologjike. <\/p>\n<p>N\u00eb k\u00ebt\u00eb material t\u00eb botuar, nuk gjej vend p\u00ebr pav\u00ebmendshm\u00ebri t\u00eb gazetares si\u00e7 ju konstatoni, pasi ajo ka riprodhuar nj\u00eb pjes\u00eb t\u00eb intervist\u00ebs q\u00eb keni dh\u00ebn\u00eb gjat\u00eb bashk\u00ebbisedimit me gazetar\u00ebt, sikund\u00ebr p\u00ebr thelbin e p\u00ebrplasjes me koleg\u00ebt q\u00eb citoni, ka pasur edhe reagimin p\u00ebrkat\u00ebs. Gazetarja nuk i m\u00ebshon aq shum\u00eb \u201crrekjes\u201d suaj, nd\u00ebrkoh\u00eb q\u00eb n\u00eb hyrje t\u00eb informacionit \u201cen block\u201d sqaron se: \u201cPlasari ka b\u00ebr\u00eb gjith\u00e7ka publike p\u00ebrmes nj\u00eb letre t\u00eb hapur\u201d, drejtuar institucioneve p\u00ebrkat\u00ebse shtet\u00ebrore.<\/p>\n<p>E th\u00ebn\u00eb shkurt, nuk mendoj se n\u00eb krejt l\u00ebnd\u00ebn e botuar p\u00ebr k\u00ebt\u00eb \u00e7\u00ebshtje, n\u00eb numrin e gazet\u00ebs, p\u00ebr t\u00eb cilin flisni, mungon thelbi, pra si\u00e7 e quani ju \u201cthembra e Akilit\u201d.<br \/>\nMegjithat\u00eb, duke e konsideruar pjes\u00ebn e m\u00ebposhtme t\u00eb letr\u00ebs q\u00eb ju m\u00eb drejtoni, si mund\u00ebsin\u00eb tuaj p\u00ebr t\u00eb theksuar thelbin e shqet\u00ebsimit q\u00eb keni, shpreh besimin se fitoni nj\u00eb prov\u00eb p\u00ebr v\u00ebmendshm\u00ebrin\u00eb ton\u00eb dhe jo t\u00eb kund\u00ebrt\u00ebn. <\/p>\n<p>Pav\u00ebmendshm\u00ebria e konstatuar prej jush, n\u00eb k\u00ebt\u00eb rast na duket e pagjendshme n\u00eb tekstin e botuar. Mendoj se di\u00e7ka e till\u00eb nuk ndodh p\u00ebrgjith\u00ebsisht e jo m\u00eb n\u00eb rastin e shqet\u00ebsimit q\u00eb keni ngritur tashm\u00eb institucionalisht dhe publikisht. Nuk mund t\u00eb ndodh\u00eb di\u00e7ka e till\u00eb edhe p\u00ebr faktin se personalisht dhe gazetar\u00ebt e redaksis\u00eb s\u00eb kultur\u00ebs n\u00eb \u201cShqip\u201d, ndajm\u00eb nj\u00eb vler\u00ebsim t\u00eb lart\u00eb p\u00ebr vlerat dhe cil\u00ebsit\u00eb tuaja si studiues i vyer, dijetar, kulturolog dhe administrator i \u00e7muar i institucionit t\u00eb vet\u00ebm komb\u00ebtar t\u00eb librit. <\/p>\n<p>Me arsyetimin tuaj n\u00eb k\u00ebt\u00eb pjes\u00eb t\u00eb letr\u00ebs q\u00eb m\u00eb adresoni, ndaj t\u00eb nj\u00ebjtin q\u00ebndrim, ndon\u00ebse debati mes jush dhe kryebibliotekar\u00ebve t\u00eb tjer\u00eb (qofshin ata edhe lokal\u00eb shqiptar\u00eb), n\u00eb konferenc\u00ebn q\u00eb u zhvillua, vazhdon t\u00eb mbetet i hapur dhe l\u00eb hap\u00ebsir\u00eb p\u00ebr diskutim m\u00eb t\u00eb gjer\u00eb. P\u00ebr sa i p\u00ebrket arsyetimit tuaj p\u00ebr mosp\u00ebrfshirjen e BKSH-s\u00eb n\u00eb rrjetin (sistemin) bibliografik t\u00eb ish-Jugosllavis\u00eb, i themeluar n\u00eb Beograd, jam i prirur t\u2019i besoj skepticizmit dhe refuzimit tuaj, edhe p\u00ebr shkak t\u00eb dijenis\u00eb m\u00eb t\u00eb madhe dhe m\u00eb profesionale q\u00eb p\u00ebrfaq\u00ebsoni n\u00eb k\u00ebt\u00eb fush\u00eb. <\/p>\n<p>N\u00eb nj\u00eb pik\u00ebpamje, k\u00ebt\u00eb q\u00ebndrim e \u00e7moj edhe si vler\u00eb integriteti dhe drejtorientimi p\u00ebr t\u00eb qen\u00eb si edhe ju, i orientuar kah an\u00ebtar\u00ebsimit dhe bilaterizmit me rrjetin qendror europian dhe jo s\u00eb pari p\u00ebr integrim n\u00eb perimetra m\u00eb t\u00eb vegj\u00ebl rajonal\u00eb. Aq m\u00eb tep\u00ebr q\u00eb n\u00eb rastin e projektit t\u00eb \u201cKooperativ\u00ebs\u201d s\u00eb ish-Jugosllavis\u00eb p\u00ebrvoja dhe historia e m\u00ebparshme jan\u00eb t\u00eb pasura me p\u00ebrjashtime dhe paranoja etnopolitike. Sa p\u00ebr at\u00eb q\u00eb p\u00ebrfaq\u00ebsojn\u00eb sot, le t\u2019i marr t\u00eb mir\u00ebqena konstatimet tuaja.<\/p>\n<p>I dashur zoti Plasari,<br \/>\nPasazhi i fundit i letr\u00ebs suaj m\u00eb jep mund\u00ebsin\u00eb mua dhe redaksis\u00eb s\u00eb kultur\u00ebs n\u00eb \u201cShqip\u201d t\u00eb fokusojm\u00eb dhe pasurojm\u00eb informacionin p\u00ebr t\u00eb gjitha q\u00ebndrimet institucionale pasuese t\u00eb shqet\u00ebsimit q\u00eb keni ngritur, si publikisht, ashtu edhe p\u00ebrmes letr\u00ebs s\u00eb hapur drejtuar Sh\u00ebrbimit Informativ Shqiptar, Prokuroris\u00eb dhe p\u00ebr dijeni Kryeministrit Berisha. N\u00eb k\u00ebt\u00eb m\u00ebnyr\u00eb, shtojm\u00eb p\u00ebr ju dhe lexuesin ton\u00eb n\u00eb t\u00ebr\u00ebsi, nj\u00eb prov\u00eb tjet\u00ebr v\u00ebmendshm\u00ebrie ndaj problematikave me t\u00eb cilat p\u00ebrballet kultura dhe sidomos administrata kulturore shqiptare, ku identifikuesh\u00ebm p\u00ebrfshihet edhe Biblioteka Komb\u00ebtare.<\/p>\n<p>Gjithher\u00eb me vler\u00ebsimin e lart\u00eb p\u00ebr ju dhe pun\u00ebn tuaj!<\/p>\n","protected":false},"excerpt":{"rendered":"<p>Aleksand\u00ebr \u00c7ipa P\u00ebrgjigje e kryeredaktorit I dashur dhe i vyeri zoti Plasari, Ju p\u00ebrgjigjem p\u00ebr letr\u00ebn tuaj drejtuar mua si kryeredaktor i \u201cShqipit\u201d. N\u00eb k\u00ebt\u00eb cil\u00ebsi m\u00eb lejo t\u00eb sqaroj, se nuk sh\u00ebrbej, por realizoj misionin e t\u00eb qenit n\u00eb nj\u00eb post profesional, t\u00eb cilin e \u00e7moj si detyrim ndaj cil\u00ebsis\u00eb q\u00eb p\u00ebrfaq\u00ebson gazeta n\u00eb [&hellip;]<\/p>\n","protected":false},"author":1,"featured_media":0,"comment_status":"open","ping_status":"closed","sticky":false,"template":"","format":"standard","meta":{"footnotes":""},"categories":[2],"tags":[],"class_list":{"0":"post-5115","1":"post","2":"type-post","3":"status-publish","4":"format-standard","6":"category-artikuj"},"yoast_head":"<!-- This site is optimized with the Yoast SEO plugin v27.4 - https:\/\/yoast.com\/product\/yoast-seo-wordpress\/ -->\n<title>Prov\u00eb p\u00ebr v\u00ebmendshm\u00ebri ndaj zotit Plasari - FjALA e LIR\u00cb - Arkivi<\/title>\n<meta name=\"robots\" content=\"index, follow, max-snippet:-1, max-image-preview:large, max-video-preview:-1\" \/>\n<link rel=\"canonical\" href=\"https:\/\/fjala.info\/2009-2015\/prove-per-vemendshmeri-ndaj-zotit-plasari\/\" \/>\n<meta property=\"og:locale\" content=\"sq_AL\" \/>\n<meta property=\"og:type\" content=\"article\" \/>\n<meta property=\"og:title\" content=\"Prov\u00eb p\u00ebr v\u00ebmendshm\u00ebri ndaj zotit Plasari - FjALA e LIR\u00cb - Arkivi\" \/>\n<meta property=\"og:description\" content=\"Aleksand\u00ebr \u00c7ipa P\u00ebrgjigje e kryeredaktorit I dashur dhe i vyeri zoti Plasari, Ju p\u00ebrgjigjem p\u00ebr letr\u00ebn tuaj drejtuar mua si kryeredaktor i \u201cShqipit\u201d. N\u00eb k\u00ebt\u00eb cil\u00ebsi m\u00eb lejo t\u00eb sqaroj, se nuk sh\u00ebrbej, por realizoj misionin e t\u00eb qenit n\u00eb nj\u00eb post profesional, t\u00eb cilin e \u00e7moj si detyrim ndaj cil\u00ebsis\u00eb q\u00eb p\u00ebrfaq\u00ebson gazeta n\u00eb [&hellip;]\" \/>\n<meta property=\"og:url\" content=\"https:\/\/fjala.info\/2009-2015\/prove-per-vemendshmeri-ndaj-zotit-plasari\/\" \/>\n<meta property=\"og:site_name\" content=\"FjALA e LIR\u00cb - Arkivi\" \/>\n<meta property=\"article:published_time\" content=\"2010-12-07T21:21:15+00:00\" \/>\n<meta property=\"og:image\" content=\"http:\/\/fjala.shkoder.net\/wp-content\/uploads\/2010\/10\/aleksander_cipa.jpg\" \/>\n<meta name=\"author\" content=\"admin\" \/>\n<meta name=\"twitter:card\" content=\"summary_large_image\" \/>\n<meta name=\"twitter:label1\" content=\"Written by\" \/>\n\t<meta name=\"twitter:data1\" content=\"admin\" \/>\n\t<meta name=\"twitter:label2\" content=\"Est. reading time\" \/>\n\t<meta name=\"twitter:data2\" content=\"4 minutes\" \/>\n<script type=\"application\/ld+json\" class=\"yoast-schema-graph\">{\"@context\":\"https:\\\/\\\/schema.org\",\"@graph\":[{\"@type\":\"Article\",\"@id\":\"https:\\\/\\\/fjala.info\\\/2009-2015\\\/prove-per-vemendshmeri-ndaj-zotit-plasari\\\/#article\",\"isPartOf\":{\"@id\":\"https:\\\/\\\/fjala.info\\\/2009-2015\\\/prove-per-vemendshmeri-ndaj-zotit-plasari\\\/\"},\"author\":{\"name\":\"admin\",\"@id\":\"https:\\\/\\\/fjala.info\\\/2009-2015\\\/#\\\/schema\\\/person\\\/3aa1163ef05469c496fc94e77611ada2\"},\"headline\":\"Prov\u00eb p\u00ebr v\u00ebmendshm\u00ebri ndaj zotit Plasari\",\"datePublished\":\"2010-12-07T21:21:15+00:00\",\"mainEntityOfPage\":{\"@id\":\"https:\\\/\\\/fjala.info\\\/2009-2015\\\/prove-per-vemendshmeri-ndaj-zotit-plasari\\\/\"},\"wordCount\":883,\"commentCount\":0,\"publisher\":{\"@id\":\"https:\\\/\\\/fjala.info\\\/2009-2015\\\/#organization\"},\"image\":{\"@id\":\"https:\\\/\\\/fjala.info\\\/2009-2015\\\/prove-per-vemendshmeri-ndaj-zotit-plasari\\\/#primaryimage\"},\"thumbnailUrl\":\"http:\\\/\\\/fjala.shkoder.net\\\/wp-content\\\/uploads\\\/2010\\\/10\\\/aleksander_cipa.jpg\",\"articleSection\":[\"Artikuj\"],\"inLanguage\":\"sq-AL\",\"potentialAction\":[{\"@type\":\"CommentAction\",\"name\":\"Comment\",\"target\":[\"https:\\\/\\\/fjala.info\\\/2009-2015\\\/prove-per-vemendshmeri-ndaj-zotit-plasari\\\/#respond\"]}]},{\"@type\":\"WebPage\",\"@id\":\"https:\\\/\\\/fjala.info\\\/2009-2015\\\/prove-per-vemendshmeri-ndaj-zotit-plasari\\\/\",\"url\":\"https:\\\/\\\/fjala.info\\\/2009-2015\\\/prove-per-vemendshmeri-ndaj-zotit-plasari\\\/\",\"name\":\"Prov\u00eb p\u00ebr v\u00ebmendshm\u00ebri ndaj zotit Plasari - FjALA e LIR\u00cb - Arkivi\",\"isPartOf\":{\"@id\":\"https:\\\/\\\/fjala.info\\\/2009-2015\\\/#website\"},\"primaryImageOfPage\":{\"@id\":\"https:\\\/\\\/fjala.info\\\/2009-2015\\\/prove-per-vemendshmeri-ndaj-zotit-plasari\\\/#primaryimage\"},\"image\":{\"@id\":\"https:\\\/\\\/fjala.info\\\/2009-2015\\\/prove-per-vemendshmeri-ndaj-zotit-plasari\\\/#primaryimage\"},\"thumbnailUrl\":\"http:\\\/\\\/fjala.shkoder.net\\\/wp-content\\\/uploads\\\/2010\\\/10\\\/aleksander_cipa.jpg\",\"datePublished\":\"2010-12-07T21:21:15+00:00\",\"breadcrumb\":{\"@id\":\"https:\\\/\\\/fjala.info\\\/2009-2015\\\/prove-per-vemendshmeri-ndaj-zotit-plasari\\\/#breadcrumb\"},\"inLanguage\":\"sq-AL\",\"potentialAction\":[{\"@type\":\"ReadAction\",\"target\":[\"https:\\\/\\\/fjala.info\\\/2009-2015\\\/prove-per-vemendshmeri-ndaj-zotit-plasari\\\/\"]}]},{\"@type\":\"ImageObject\",\"inLanguage\":\"sq-AL\",\"@id\":\"https:\\\/\\\/fjala.info\\\/2009-2015\\\/prove-per-vemendshmeri-ndaj-zotit-plasari\\\/#primaryimage\",\"url\":\"http:\\\/\\\/fjala.shkoder.net\\\/wp-content\\\/uploads\\\/2010\\\/10\\\/aleksander_cipa.jpg\",\"contentUrl\":\"http:\\\/\\\/fjala.shkoder.net\\\/wp-content\\\/uploads\\\/2010\\\/10\\\/aleksander_cipa.jpg\"},{\"@type\":\"BreadcrumbList\",\"@id\":\"https:\\\/\\\/fjala.info\\\/2009-2015\\\/prove-per-vemendshmeri-ndaj-zotit-plasari\\\/#breadcrumb\",\"itemListElement\":[{\"@type\":\"ListItem\",\"position\":1,\"name\":\"Home\",\"item\":\"https:\\\/\\\/fjala.info\\\/2009-2015\\\/\"},{\"@type\":\"ListItem\",\"position\":2,\"name\":\"Prov\u00eb p\u00ebr v\u00ebmendshm\u00ebri ndaj zotit Plasari\"}]},{\"@type\":\"WebSite\",\"@id\":\"https:\\\/\\\/fjala.info\\\/2009-2015\\\/#website\",\"url\":\"https:\\\/\\\/fjala.info\\\/2009-2015\\\/\",\"name\":\"FjALA e LIR\u00cb - Arkivi\",\"description\":\"Arkivi 2009-2015\",\"publisher\":{\"@id\":\"https:\\\/\\\/fjala.info\\\/2009-2015\\\/#organization\"},\"potentialAction\":[{\"@type\":\"SearchAction\",\"target\":{\"@type\":\"EntryPoint\",\"urlTemplate\":\"https:\\\/\\\/fjala.info\\\/2009-2015\\\/?s={search_term_string}\"},\"query-input\":{\"@type\":\"PropertyValueSpecification\",\"valueRequired\":true,\"valueName\":\"search_term_string\"}}],\"inLanguage\":\"sq-AL\"},{\"@type\":\"Organization\",\"@id\":\"https:\\\/\\\/fjala.info\\\/2009-2015\\\/#organization\",\"name\":\"FjALA e LIR\u00cb - Arkivi\",\"url\":\"https:\\\/\\\/fjala.info\\\/2009-2015\\\/\",\"logo\":{\"@type\":\"ImageObject\",\"inLanguage\":\"sq-AL\",\"@id\":\"https:\\\/\\\/fjala.info\\\/2009-2015\\\/#\\\/schema\\\/logo\\\/image\\\/\",\"url\":\"\",\"contentUrl\":\"\",\"caption\":\"FjALA e LIR\u00cb - Arkivi\"},\"image\":{\"@id\":\"https:\\\/\\\/fjala.info\\\/2009-2015\\\/#\\\/schema\\\/logo\\\/image\\\/\"}},{\"@type\":\"Person\",\"@id\":\"https:\\\/\\\/fjala.info\\\/2009-2015\\\/#\\\/schema\\\/person\\\/3aa1163ef05469c496fc94e77611ada2\",\"name\":\"admin\",\"image\":{\"@type\":\"ImageObject\",\"inLanguage\":\"sq-AL\",\"@id\":\"https:\\\/\\\/fjala.info\\\/2009-2015\\\/wp-content\\\/uploads\\\/2012\\\/02\\\/arben_cokaj-120x150.jpg\",\"url\":\"https:\\\/\\\/fjala.info\\\/2009-2015\\\/wp-content\\\/uploads\\\/2012\\\/02\\\/arben_cokaj-120x150.jpg\",\"contentUrl\":\"https:\\\/\\\/fjala.info\\\/2009-2015\\\/wp-content\\\/uploads\\\/2012\\\/02\\\/arben_cokaj-120x150.jpg\",\"caption\":\"admin\"},\"description\":\"Admin, Fjala e Lir\u00eb\",\"sameAs\":[\"https:\\\/\\\/fjala.info\\\/\"],\"url\":\"https:\\\/\\\/fjala.info\\\/2009-2015\\\/author\\\/admin\\\/\"}]}<\/script>\n<!-- \/ Yoast SEO plugin. -->","yoast_head_json":{"title":"Prov\u00eb p\u00ebr v\u00ebmendshm\u00ebri ndaj zotit Plasari - FjALA e LIR\u00cb - Arkivi","robots":{"index":"index","follow":"follow","max-snippet":"max-snippet:-1","max-image-preview":"max-image-preview:large","max-video-preview":"max-video-preview:-1"},"canonical":"https:\/\/fjala.info\/2009-2015\/prove-per-vemendshmeri-ndaj-zotit-plasari\/","og_locale":"sq_AL","og_type":"article","og_title":"Prov\u00eb p\u00ebr v\u00ebmendshm\u00ebri ndaj zotit Plasari - FjALA e LIR\u00cb - Arkivi","og_description":"Aleksand\u00ebr \u00c7ipa P\u00ebrgjigje e kryeredaktorit I dashur dhe i vyeri zoti Plasari, Ju p\u00ebrgjigjem p\u00ebr letr\u00ebn tuaj drejtuar mua si kryeredaktor i \u201cShqipit\u201d. N\u00eb k\u00ebt\u00eb cil\u00ebsi m\u00eb lejo t\u00eb sqaroj, se nuk sh\u00ebrbej, por realizoj misionin e t\u00eb qenit n\u00eb nj\u00eb post profesional, t\u00eb cilin e \u00e7moj si detyrim ndaj cil\u00ebsis\u00eb q\u00eb p\u00ebrfaq\u00ebson gazeta n\u00eb [&hellip;]","og_url":"https:\/\/fjala.info\/2009-2015\/prove-per-vemendshmeri-ndaj-zotit-plasari\/","og_site_name":"FjALA e LIR\u00cb - Arkivi","article_published_time":"2010-12-07T21:21:15+00:00","og_image":[{"url":"http:\/\/fjala.shkoder.net\/wp-content\/uploads\/2010\/10\/aleksander_cipa.jpg","type":"","width":"","height":""}],"author":"admin","twitter_card":"summary_large_image","twitter_misc":{"Written by":"admin","Est. reading time":"4 minutes"},"schema":{"@context":"https:\/\/schema.org","@graph":[{"@type":"Article","@id":"https:\/\/fjala.info\/2009-2015\/prove-per-vemendshmeri-ndaj-zotit-plasari\/#article","isPartOf":{"@id":"https:\/\/fjala.info\/2009-2015\/prove-per-vemendshmeri-ndaj-zotit-plasari\/"},"author":{"name":"admin","@id":"https:\/\/fjala.info\/2009-2015\/#\/schema\/person\/3aa1163ef05469c496fc94e77611ada2"},"headline":"Prov\u00eb p\u00ebr v\u00ebmendshm\u00ebri ndaj zotit Plasari","datePublished":"2010-12-07T21:21:15+00:00","mainEntityOfPage":{"@id":"https:\/\/fjala.info\/2009-2015\/prove-per-vemendshmeri-ndaj-zotit-plasari\/"},"wordCount":883,"commentCount":0,"publisher":{"@id":"https:\/\/fjala.info\/2009-2015\/#organization"},"image":{"@id":"https:\/\/fjala.info\/2009-2015\/prove-per-vemendshmeri-ndaj-zotit-plasari\/#primaryimage"},"thumbnailUrl":"http:\/\/fjala.shkoder.net\/wp-content\/uploads\/2010\/10\/aleksander_cipa.jpg","articleSection":["Artikuj"],"inLanguage":"sq-AL","potentialAction":[{"@type":"CommentAction","name":"Comment","target":["https:\/\/fjala.info\/2009-2015\/prove-per-vemendshmeri-ndaj-zotit-plasari\/#respond"]}]},{"@type":"WebPage","@id":"https:\/\/fjala.info\/2009-2015\/prove-per-vemendshmeri-ndaj-zotit-plasari\/","url":"https:\/\/fjala.info\/2009-2015\/prove-per-vemendshmeri-ndaj-zotit-plasari\/","name":"Prov\u00eb p\u00ebr v\u00ebmendshm\u00ebri ndaj zotit Plasari - FjALA e LIR\u00cb - Arkivi","isPartOf":{"@id":"https:\/\/fjala.info\/2009-2015\/#website"},"primaryImageOfPage":{"@id":"https:\/\/fjala.info\/2009-2015\/prove-per-vemendshmeri-ndaj-zotit-plasari\/#primaryimage"},"image":{"@id":"https:\/\/fjala.info\/2009-2015\/prove-per-vemendshmeri-ndaj-zotit-plasari\/#primaryimage"},"thumbnailUrl":"http:\/\/fjala.shkoder.net\/wp-content\/uploads\/2010\/10\/aleksander_cipa.jpg","datePublished":"2010-12-07T21:21:15+00:00","breadcrumb":{"@id":"https:\/\/fjala.info\/2009-2015\/prove-per-vemendshmeri-ndaj-zotit-plasari\/#breadcrumb"},"inLanguage":"sq-AL","potentialAction":[{"@type":"ReadAction","target":["https:\/\/fjala.info\/2009-2015\/prove-per-vemendshmeri-ndaj-zotit-plasari\/"]}]},{"@type":"ImageObject","inLanguage":"sq-AL","@id":"https:\/\/fjala.info\/2009-2015\/prove-per-vemendshmeri-ndaj-zotit-plasari\/#primaryimage","url":"http:\/\/fjala.shkoder.net\/wp-content\/uploads\/2010\/10\/aleksander_cipa.jpg","contentUrl":"http:\/\/fjala.shkoder.net\/wp-content\/uploads\/2010\/10\/aleksander_cipa.jpg"},{"@type":"BreadcrumbList","@id":"https:\/\/fjala.info\/2009-2015\/prove-per-vemendshmeri-ndaj-zotit-plasari\/#breadcrumb","itemListElement":[{"@type":"ListItem","position":1,"name":"Home","item":"https:\/\/fjala.info\/2009-2015\/"},{"@type":"ListItem","position":2,"name":"Prov\u00eb p\u00ebr v\u00ebmendshm\u00ebri ndaj zotit Plasari"}]},{"@type":"WebSite","@id":"https:\/\/fjala.info\/2009-2015\/#website","url":"https:\/\/fjala.info\/2009-2015\/","name":"FjALA e LIR\u00cb - Arkivi","description":"Arkivi 2009-2015","publisher":{"@id":"https:\/\/fjala.info\/2009-2015\/#organization"},"potentialAction":[{"@type":"SearchAction","target":{"@type":"EntryPoint","urlTemplate":"https:\/\/fjala.info\/2009-2015\/?s={search_term_string}"},"query-input":{"@type":"PropertyValueSpecification","valueRequired":true,"valueName":"search_term_string"}}],"inLanguage":"sq-AL"},{"@type":"Organization","@id":"https:\/\/fjala.info\/2009-2015\/#organization","name":"FjALA e LIR\u00cb - Arkivi","url":"https:\/\/fjala.info\/2009-2015\/","logo":{"@type":"ImageObject","inLanguage":"sq-AL","@id":"https:\/\/fjala.info\/2009-2015\/#\/schema\/logo\/image\/","url":"","contentUrl":"","caption":"FjALA e LIR\u00cb - Arkivi"},"image":{"@id":"https:\/\/fjala.info\/2009-2015\/#\/schema\/logo\/image\/"}},{"@type":"Person","@id":"https:\/\/fjala.info\/2009-2015\/#\/schema\/person\/3aa1163ef05469c496fc94e77611ada2","name":"admin","image":{"@type":"ImageObject","inLanguage":"sq-AL","@id":"https:\/\/fjala.info\/2009-2015\/wp-content\/uploads\/2012\/02\/arben_cokaj-120x150.jpg","url":"https:\/\/fjala.info\/2009-2015\/wp-content\/uploads\/2012\/02\/arben_cokaj-120x150.jpg","contentUrl":"https:\/\/fjala.info\/2009-2015\/wp-content\/uploads\/2012\/02\/arben_cokaj-120x150.jpg","caption":"admin"},"description":"Admin, Fjala e Lir\u00eb","sameAs":["https:\/\/fjala.info\/"],"url":"https:\/\/fjala.info\/2009-2015\/author\/admin\/"}]}},"_links":{"self":[{"href":"https:\/\/fjala.info\/2009-2015\/wp-json\/wp\/v2\/posts\/5115","targetHints":{"allow":["GET"]}}],"collection":[{"href":"https:\/\/fjala.info\/2009-2015\/wp-json\/wp\/v2\/posts"}],"about":[{"href":"https:\/\/fjala.info\/2009-2015\/wp-json\/wp\/v2\/types\/post"}],"author":[{"embeddable":true,"href":"https:\/\/fjala.info\/2009-2015\/wp-json\/wp\/v2\/users\/1"}],"replies":[{"embeddable":true,"href":"https:\/\/fjala.info\/2009-2015\/wp-json\/wp\/v2\/comments?post=5115"}],"version-history":[{"count":0,"href":"https:\/\/fjala.info\/2009-2015\/wp-json\/wp\/v2\/posts\/5115\/revisions"}],"wp:attachment":[{"href":"https:\/\/fjala.info\/2009-2015\/wp-json\/wp\/v2\/media?parent=5115"}],"wp:term":[{"taxonomy":"category","embeddable":true,"href":"https:\/\/fjala.info\/2009-2015\/wp-json\/wp\/v2\/categories?post=5115"},{"taxonomy":"post_tag","embeddable":true,"href":"https:\/\/fjala.info\/2009-2015\/wp-json\/wp\/v2\/tags?post=5115"}],"curies":[{"name":"wp","href":"https:\/\/api.w.org\/{rel}","templated":true}]}}