{"id":5113,"date":"2010-12-07T21:30:13","date_gmt":"2010-12-07T20:30:13","guid":{"rendered":"http:\/\/fjala.shkoder.net\/?p=5113"},"modified":"2010-12-07T21:30:13","modified_gmt":"2010-12-07T20:30:13","slug":"pse-u-mbyt-shkodra","status":"publish","type":"post","link":"https:\/\/fjala.info\/2009-2015\/pse-u-mbyt-shkodra\/","title":{"rendered":"Pse u mbyt Shkodra"},"content":{"rendered":"<p><img decoding=\"async\" class=\"alignright size-medium wp-image-5106\" title=\"Shpetim Nazarko\" src=\"http:\/\/www.shkoder.net\/images\/fjala\/shpetim_nazarko.jpg\" alt=\"\" width=\"100\" \/><\/p>\n<p>Nga: <strong>SHPETIM NAZARKO<\/strong><\/p>\n<p>N\u00eb nj\u00eb arsyetim tipik prej dembeli, pohohet se pun\u00ebn e kemi pisk n\u00eb dy raste. N\u00ebse hidrocentralet gjenden pa ujin e duhur n\u00eb vjesht\u00eb, at\u00ebher\u00eb kemi munges\u00eb energjie; n\u00ebse jan\u00eb plot, mund t\u00eb p\u00ebrmbytemi. \u00cbsht\u00eb e nj\u00ebjta fabul e famshme e Nastradinit, q\u00eb pas inspektimit q\u00eb u b\u00ebri dy dh\u00ebndur\u00ebve, t\u00eb cil\u00ebt punonin n\u00eb kushte t\u00eb ngjashme, (nj\u00ebri bostanxhi e tjetri tullaxhi) i tha t\u00eb shoqes; Bie apo nuk bie shi, nj\u00eb nga dh\u00ebndur\u00ebt tan\u00eb do t\u00eb jet\u00eb i detyruar t\u00eb vras\u00eb veten!<\/p>\n<p>N\u00eb nj\u00eb arsyetim prej kompetenti, inxhinier Vogli pohoi thjesht se n\u00ebse nga hidrocentralet do t\u00eb shkarkoheshin mbi <strong>1500 m3<\/strong> uj\u00eb n\u00eb sekond\u00eb, Buna do t\u00eb dilte nga shtrati dhe pasojat dihen. Ai q\u00eb e di sa \u00ebsht\u00eb derdhur k\u00ebto dit\u00eb n\u00eb Shkod\u00ebr, e kupton thelbin e problemit. \u00c7far\u00eb duhet shtuar k\u00ebtu, \u00ebsht\u00eb se mbytja do t\u00eb vazhdoj\u00eb gjat\u00eb, shum\u00eb gjat\u00eb.<\/p>\n<p>Akoma, do t\u00eb vazhdoj\u00eb derisa t\u2019i jepet fund nj\u00eb \u00e7mendurie, q\u00eb nj\u00eb koleg n\u00eb profesion me Kryeministrin, po nga raca e vjet\u00ebr e Shkodr\u00ebs, e theksoi n\u00eb form\u00ebn m\u00eb t\u00eb thjesht\u00eb. Zot\u00ebrinj, po punoni me kuota t\u00eb larta n\u00eb hidrocentrale. \u00c7far\u00eb do t\u00eb thot\u00eb ndryshe ky pohim elementar? Duket se pa u ulur kuota e liqeneve t\u00eb hidrocentraleve, nuk ka r\u00ebnd\u00ebsi se bie apo jo shi. Jan\u00eb liqenet ende shum\u00eb mbi kuot\u00eb.<\/p>\n<p>Sipas t\u00eb dh\u00ebnave zyrtare, KESH-i ka fituar nga eksporti i energjis\u00eb k\u00ebt\u00eb vit, rreth 95 milion\u00eb euro. Si ka mund\u00ebsi, do t\u00eb pyes\u00eb dikush? Ku e gjet\u00ebm k\u00ebt\u00eb sasi kolosale p\u00ebr eksport, kur dihet q\u00eb nga koha e Hoxh\u00ebs ne nuk kemi investuar aq shum\u00eb, sa t\u00eb kemi k\u00ebt\u00eb mrekulli? Kaq gomar t\u00eb ket\u00eb qen\u00eb diktatori, sa t\u00eb mos e ket\u00eb shfryt\u00ebzuar k\u00ebt\u00eb fat? Apo at\u00eb koh\u00eb, p\u00ebr shkak t\u00eb rrethimit kapitalisto- revizionist, uj\u00ebrat e gjith\u00eb Ballkanit derdheshin n\u00eb krah tjet\u00ebr?<\/p>\n<p>P\u00ebr \u00e7do njeri me logjik\u00eb minimale, kuptohet se kemi t\u00eb b\u00ebjm\u00eb me ndryshim t\u00eb teknik\u00ebs menaxhuese t\u00eb hidrocentraleve. M\u00eb thjesht akoma do par\u00eb pak ajo lidhja midis eksporteve dy vitet e fundit dhe p\u00ebrmbytjeve. Kam iden\u00eb se prokurori i par\u00eb q\u00eb do t\u00eb k\u00ebrkoj\u00eb librin e t\u00eb dh\u00ebnave n\u00eb hidrocentral mbi gjendjen e ujit n\u00eb fillim t\u00eb vjesht\u00ebs p\u00ebr dhjet\u00eb vjet\u00ebt e fundit, zor ta mbyll\u00eb \u00e7\u00ebshtjen, pa futur n\u00eb hapsan\u00eb shum\u00eb prej zot\u00ebrinjve t\u00eb k\u00ebtij vendi me dekorata mbi supe.<\/p>\n<p>P\u00ebr t\u00eb mos r\u00ebnduar problemin me hipoteza t\u00eb tilla, duhet t\u00eb k\u00ebrkojm\u00eb pak m\u00eb tej. Ndryshimi i teknik\u00ebs menaxhuese duket se ka ardhur p\u00ebr nj\u00eb arsye t\u00eb thjesht\u00eb. N\u00eb sken\u00eb \u00ebsht\u00eb futur nd\u00ebrmarrja \u00e7eke e shp\u00ebrndarjes, e cila nj\u00eb pjes\u00eb t\u00eb energjis\u00eb e merr prej KESH dhe nj\u00eb pjes\u00eb e ble jasht\u00eb vendit. Kjo teknik\u00eb jo vet\u00ebm nuk e le vendin pa energji, por edhe siguron eksport.<\/p>\n<p>N\u00eb kontrat\u00ebn e saj me KESH, ajo duhet t\u00eb marr\u00eb prej k\u00ebtij t\u00eb fundit 65 apo 70 p\u00ebr qind t\u00eb prodhimit. Meq\u00eb kontratat nuk jan\u00eb ditore, po 6 mujore apo nj\u00eb vje\u00e7are, duket e v\u00ebshtir\u00eb ta dim\u00eb si duhet t\u2019i rregullojm\u00eb hesapet menaxhuese me \u00e7ek\u00ebt. Studimi i problemit thekson se raporti i sip\u00ebrm zor t\u00eb respektohet. KESH-i thot\u00eb se ka eksportuar k\u00ebt\u00eb vit mbi 2 miliard\u00eb kilovat energji, ndryshe nj\u00eb sasi prej 10 milion\u00eb kilovat or\u00ebsh, n\u00eb nj\u00eb periudh\u00eb 200 ditore.<\/p>\n<p>Mesatare normale, pasi nuk mund t\u00eb bien shira gjat\u00eb gjith\u00eb vitit. Po t\u2019i besosh KESH-it, ai ka prodhuar k\u00ebt\u00eb vit 7 miliard\u00eb kilovat or\u00eb, nga t\u00eb cilat ka eksportuar dy t\u00eb tilla. Diferenca e mbetur duket gati e mjaftueshme p\u00ebr t\u00eb mbajtur vendin pa import. Po a \u00ebsht\u00eb k\u00ebshtu? N\u00ebse \u00ebsht\u00eb k\u00ebshtu, \u00e7ek\u00ebt nuk duhet t\u00eb ken\u00eb importuar thuajse asgj\u00eb. Po kjo \u00ebsht\u00eb e pamundur, p\u00ebr dy arsye t\u00eb thjeshta. Qeveria nuk ka interes t\u2019u shes\u00eb \u00e7ek\u00ebve, apo popullit t\u00eb saj energji me nj\u00eb \u00e7mim q\u00eb ajo e ka vendosur si detyrues dhe q\u00eb nuk tejkalohet, pra rreth 17 euro p\u00ebr megavat.<\/p>\n<p>Nj\u00eb zot e di pse e ka k\u00ebt\u00eb \u00e7mim, kur populli e ble shum\u00eb m\u00eb shtrenjt\u00eb n\u00eb t\u00eb gjitha rastet. S\u00eb dyti, ajo nuk ia merr parasysh shum\u00eb humbjet n\u00eb rrjet \u00e7ek\u00ebve, q\u00eb duhet ta gjejn\u00eb k\u00ebt\u00eb diferenc\u00eb energjie jasht\u00eb vendit. E gjith\u00eb kjo logjik\u00eb duket se imponon shitjen e saj jo me \u00e7mimin e sip\u00ebrm, por me nj\u00eb m\u00eb fitimprur\u00ebs. Llogaritjet mesatare thon\u00eb me pak m\u00eb shum\u00eb se 40 euro p\u00ebr megavat. Eh, sa mir\u00eb, eh sa mir\u00eb!<br \/>\nQeveria ka gjetur shpell\u00ebn e Ali Bab\u00ebs! Ajo dhe KESH-i fitojn\u00eb lek\u00eb me energjin\u00eb dhe sa m\u00eb shum\u00eb t\u00eb eksportojn\u00eb, aq m\u00eb shum\u00eb fitojn\u00eb. Mund t\u00eb th\u00ebrrasim urra nga kjo histori, q\u00eb i k\u00ebrkon hidrocentralet plot n\u00eb dim\u00ebr edhe plot n\u00eb ver\u00eb. Padyshim, shum\u00eb mir\u00eb sikur t\u00eb mos ishte ky maskara shi, q\u00eb duam nuk duam z\u00eb e bie n\u00eb vjesht\u00eb shum\u00eb m\u00eb tep\u00ebr sesa duhet dhe nuk ka ku t\u00eb derdhet ve\u00e7se n\u00eb Shkod\u00ebr, pasi i gjen plot hidrocentralet, q\u00eb nuk e qasin dhe sikur t\u00eb duan.<\/p>\n<p>Ka dhe nj\u00eb llogari tjet\u00ebr, akoma m\u00eb shvejkiane n\u00eb k\u00ebt\u00eb mes. Ku e gjejn\u00eb \u00e7ek\u00ebt energjin\u00eb q\u00eb e importojn\u00eb p\u00ebr ne? Natyrisht q\u00eb atje ku ne e shesim vet\u00eb dhe ata p\u00ebr ta bler\u00eb. P\u00ebr t\u00eb na e shitur neve me \u00e7mim pak m\u00eb t\u00eb lart\u00eb, sesa qeveria t\u00eb tjer\u00ebve. Kujt t\u00eb tjer\u00ebve? Goj\u00ebt e liga thon\u00eb q\u00eb nd\u00ebrmarrja m\u00eb e madhe shitbler\u00ebse n\u00eb Ballkan \u00ebsht\u00eb nj\u00ebfar\u00eb EFT-je, e cila ka nj\u00eb menaxher shum\u00eb t\u00eb njohur p\u00ebr publikun ton\u00eb. Thua t\u00eb jet\u00eb k\u00ebshtu?<br \/>\nKur i tregova tim eti me dy klas\u00eb shkoll\u00eb, se \u00e7far\u00eb b\u00ebhet me k\u00ebt\u00eb pun\u00ebn e energjis\u00eb n\u00eb shitje dhe blerje, pa u menduar asnj\u00eb sekond\u00eb m\u00eb tregoi k\u00ebt\u00eb histori.<\/p>\n<p>N\u00eb koh\u00ebn e kooperativave, nj\u00eb njeri q\u00eb thoshte se nuk hynte n\u00eb t\u00eb se ishte xhambaz i lindur dhe nuk mund t\u00eb b\u00ebnte tjet\u00ebr pun\u00eb, i ngarkuan t\u00eb shiste nj\u00eb kal\u00eb n\u00eb pazarin e Kor\u00e7\u00ebs. Kali, i vrar\u00eb n\u00eb samar, u ble nga nj\u00eb tjet\u00ebr xhambaz (natyrisht jo menaxher i EFT-s\u00eb) p\u00ebr nj\u00ebqind mij\u00eb lek\u00eb. Fshati e priti me hare xhambazin dhe e shpuri prap\u00eb n\u00eb Kor\u00e7\u00eb, p\u00ebr t\u00eb bler\u00eb nj\u00eb kal\u00eb t\u00eb ri. I bler\u00eb me nj\u00ebqind e nj\u00ebzet\u00eb mij\u00eb lek\u00eb, ai u prit me brohorima, por stallieri i vjet\u00ebr e kuptoi se kishin ribler\u00eb t\u00eb vjetrin. E njohu nga nj\u00eb plag\u00eb e vjet\u00ebr, q\u00eb e b\u00ebnte kalin dit\u00ebzi t\u00eb p\u00ebrkulesh kur hynte n\u00eb stall\u00eb.<\/p>\n<p>Ti biem shkurt. P\u00ebr t\u00eb fituar para mbajm\u00eb hidrocentralet plot. P\u00ebr k\u00ebt\u00eb na duhet t\u00eb mbysim gj\u00ebsendi po ra shi. Fati i keq p\u00ebr Shkodr\u00ebn. Fitojm\u00eb lek\u00eb nat\u00ebn me eksport, q\u00eb i humbim dit\u00ebn me import. Po kemi dhe fitime t\u00eb tjera ama. Themi q\u00eb kemi rritur eksportet etj, etj. Hajde t\u2019u mbyllt\u00eb hajde, do t\u00eb thoshte fshatari i vjet\u00ebr i Kor\u00e7\u00ebs!<\/p>\n<p>Kur i thash\u00eb ish-ministrit Prifti, se me k\u00ebt\u00eb taktik\u00eb nj\u00eb dit\u00eb do t\u00eb kalbeshin burgjeve shum\u00eb njer\u00ebz, sepse ve\u00e7 p\u00ebrmbytjeve nuk ka asnj\u00eb kuptim t\u00eb shisnin energji nat\u00ebn dhe ta riblinin dit\u00ebn m\u00eb shtrenjt\u00eb, ai mu p\u00ebrgjigj: \u201cUn\u00eb e \u00e7ova ligjin n\u00eb Parlament, por ata nuk duan ta aprovojn\u00eb. Ndryshe, ka nevoj\u00eb p\u00ebr CASH zot\u00ebri\u201d!<\/p>\n<p>Rikthehemi p\u00ebrs\u00ebri n\u00eb pik\u00ebn e nisjes. Diktatori i vjet\u00ebr kishte nevoj\u00eb shum\u00eb m\u00eb tep\u00ebr p\u00ebr para se tani p\u00ebr t\u00eb mbajtur sundimin. Nd\u00ebrkaq, skllev\u00ebrit e ditur i thoshin se n\u00eb vjesht\u00eb hidrocentralet duhet t\u00eb mos ishin plot, se binte shi q\u00eb ishte i mjaftuesh\u00ebm bashk\u00eb me bor\u00ebn e dimrit, p\u00ebr t\u00eb na mbajtur me energji p\u00ebr pranver\u00ebn e von\u00eb dhe ver\u00ebn.<\/p>\n<p>N\u00eb vjesht\u00eb loja rifillonte nga e para. Kjo teknik\u00eb, q\u00eb n\u00eb koh\u00ebn e sotme pre\u00e7izohet me ndihm\u00eb sateliti n\u00eb menaxhim, duket m\u00eb e thjesht\u00eb. Diktatorit i thoshin skllev\u00ebrit se mund ta depozitonte energjin\u00eb e dimrit n\u00eb kish tep\u00ebr, p\u00ebr ta marr\u00eb n\u00eb ver\u00eb. N\u00eb t\u00eb v\u00ebrtet\u00eb ai mund edhe t\u00eb \u00e7mendej e t\u00eb mbante ca uj\u00eb m\u00eb tep\u00ebr, se i kishte t\u00eb mira argjinaturat, por k\u00ebt\u00eb nuk e b\u00ebnte, pa\u00e7ka se mund t\u00eb b\u00ebnte \u00e7far\u00eb i donte qejfi.<\/p>\n<p>Thua q\u00eb n\u00eb k\u00ebt\u00eb maskarad\u00eb ka faj vet\u00ebm Berisha, i cili me t\u00eb drejt\u00ebn e Per\u00ebndis\u00eb ka nevoj\u00eb p\u00ebr para t\u00eb na rim\u00ebk\u00ebmb\u00eb dhe padashur, t\u00eb tjer\u00eb na mbysin. Se pik\u00ebrisht, n\u00eb ato shitje dhe rishitje mund t\u00eb fitohet ndonj\u00eb lek i vog\u00ebl, me shkelje syri. Pa\u00e7ka se me k\u00ebt\u00eb lloj \u00e7mendurie q\u00eb mbush xhepa vet\u00eb Shkodra n\u00eb xhehenem dhe fajtor\u00ebt nuk gjenden kurr\u00eb.<\/p>\n","protected":false},"excerpt":{"rendered":"<p>Nga: SHPETIM NAZARKO N\u00eb nj\u00eb arsyetim tipik prej dembeli, pohohet se pun\u00ebn e kemi pisk n\u00eb dy raste. N\u00ebse hidrocentralet gjenden pa ujin e duhur n\u00eb vjesht\u00eb, at\u00ebher\u00eb kemi munges\u00eb energjie; n\u00ebse jan\u00eb plot, mund t\u00eb p\u00ebrmbytemi. \u00cbsht\u00eb e nj\u00ebjta fabul e famshme e Nastradinit, q\u00eb pas inspektimit q\u00eb u b\u00ebri dy dh\u00ebndur\u00ebve, t\u00eb cil\u00ebt [&hellip;]<\/p>\n","protected":false},"author":1,"featured_media":0,"comment_status":"open","ping_status":"closed","sticky":false,"template":"","format":"standard","meta":{"footnotes":""},"categories":[2],"tags":[],"class_list":{"0":"post-5113","1":"post","2":"type-post","3":"status-publish","4":"format-standard","6":"category-artikuj"},"yoast_head":"<!-- This site is optimized with the Yoast SEO plugin v27.4 - https:\/\/yoast.com\/product\/yoast-seo-wordpress\/ -->\n<title>Pse u mbyt Shkodra - FjALA e LIR\u00cb - Arkivi<\/title>\n<meta name=\"robots\" content=\"index, follow, max-snippet:-1, max-image-preview:large, max-video-preview:-1\" \/>\n<link rel=\"canonical\" href=\"https:\/\/fjala.info\/2009-2015\/pse-u-mbyt-shkodra\/\" \/>\n<meta property=\"og:locale\" content=\"sq_AL\" \/>\n<meta property=\"og:type\" content=\"article\" \/>\n<meta property=\"og:title\" content=\"Pse u mbyt Shkodra - FjALA e LIR\u00cb - Arkivi\" \/>\n<meta property=\"og:description\" content=\"Nga: SHPETIM NAZARKO N\u00eb nj\u00eb arsyetim tipik prej dembeli, pohohet se pun\u00ebn e kemi pisk n\u00eb dy raste. N\u00ebse hidrocentralet gjenden pa ujin e duhur n\u00eb vjesht\u00eb, at\u00ebher\u00eb kemi munges\u00eb energjie; n\u00ebse jan\u00eb plot, mund t\u00eb p\u00ebrmbytemi. \u00cbsht\u00eb e nj\u00ebjta fabul e famshme e Nastradinit, q\u00eb pas inspektimit q\u00eb u b\u00ebri dy dh\u00ebndur\u00ebve, t\u00eb cil\u00ebt [&hellip;]\" \/>\n<meta property=\"og:url\" content=\"https:\/\/fjala.info\/2009-2015\/pse-u-mbyt-shkodra\/\" \/>\n<meta property=\"og:site_name\" content=\"FjALA e LIR\u00cb - Arkivi\" \/>\n<meta property=\"article:published_time\" content=\"2010-12-07T20:30:13+00:00\" \/>\n<meta property=\"og:image\" content=\"http:\/\/www.shkoder.net\/images\/fjala\/shpetim_nazarko.jpg\" \/>\n<meta name=\"author\" content=\"admin\" \/>\n<meta name=\"twitter:card\" content=\"summary_large_image\" \/>\n<meta name=\"twitter:label1\" content=\"Written by\" \/>\n\t<meta name=\"twitter:data1\" content=\"admin\" \/>\n\t<meta name=\"twitter:label2\" content=\"Est. reading time\" \/>\n\t<meta name=\"twitter:data2\" content=\"8 minutes\" \/>\n<script type=\"application\/ld+json\" class=\"yoast-schema-graph\">{\"@context\":\"https:\\\/\\\/schema.org\",\"@graph\":[{\"@type\":\"Article\",\"@id\":\"https:\\\/\\\/fjala.info\\\/2009-2015\\\/pse-u-mbyt-shkodra\\\/#article\",\"isPartOf\":{\"@id\":\"https:\\\/\\\/fjala.info\\\/2009-2015\\\/pse-u-mbyt-shkodra\\\/\"},\"author\":{\"name\":\"admin\",\"@id\":\"https:\\\/\\\/fjala.info\\\/2009-2015\\\/#\\\/schema\\\/person\\\/3aa1163ef05469c496fc94e77611ada2\"},\"headline\":\"Pse u mbyt Shkodra\",\"datePublished\":\"2010-12-07T20:30:13+00:00\",\"mainEntityOfPage\":{\"@id\":\"https:\\\/\\\/fjala.info\\\/2009-2015\\\/pse-u-mbyt-shkodra\\\/\"},\"wordCount\":1520,\"commentCount\":0,\"publisher\":{\"@id\":\"https:\\\/\\\/fjala.info\\\/2009-2015\\\/#organization\"},\"image\":{\"@id\":\"https:\\\/\\\/fjala.info\\\/2009-2015\\\/pse-u-mbyt-shkodra\\\/#primaryimage\"},\"thumbnailUrl\":\"http:\\\/\\\/www.shkoder.net\\\/images\\\/fjala\\\/shpetim_nazarko.jpg\",\"articleSection\":[\"Artikuj\"],\"inLanguage\":\"sq-AL\",\"potentialAction\":[{\"@type\":\"CommentAction\",\"name\":\"Comment\",\"target\":[\"https:\\\/\\\/fjala.info\\\/2009-2015\\\/pse-u-mbyt-shkodra\\\/#respond\"]}]},{\"@type\":\"WebPage\",\"@id\":\"https:\\\/\\\/fjala.info\\\/2009-2015\\\/pse-u-mbyt-shkodra\\\/\",\"url\":\"https:\\\/\\\/fjala.info\\\/2009-2015\\\/pse-u-mbyt-shkodra\\\/\",\"name\":\"Pse u mbyt Shkodra - FjALA e LIR\u00cb - Arkivi\",\"isPartOf\":{\"@id\":\"https:\\\/\\\/fjala.info\\\/2009-2015\\\/#website\"},\"primaryImageOfPage\":{\"@id\":\"https:\\\/\\\/fjala.info\\\/2009-2015\\\/pse-u-mbyt-shkodra\\\/#primaryimage\"},\"image\":{\"@id\":\"https:\\\/\\\/fjala.info\\\/2009-2015\\\/pse-u-mbyt-shkodra\\\/#primaryimage\"},\"thumbnailUrl\":\"http:\\\/\\\/www.shkoder.net\\\/images\\\/fjala\\\/shpetim_nazarko.jpg\",\"datePublished\":\"2010-12-07T20:30:13+00:00\",\"breadcrumb\":{\"@id\":\"https:\\\/\\\/fjala.info\\\/2009-2015\\\/pse-u-mbyt-shkodra\\\/#breadcrumb\"},\"inLanguage\":\"sq-AL\",\"potentialAction\":[{\"@type\":\"ReadAction\",\"target\":[\"https:\\\/\\\/fjala.info\\\/2009-2015\\\/pse-u-mbyt-shkodra\\\/\"]}]},{\"@type\":\"ImageObject\",\"inLanguage\":\"sq-AL\",\"@id\":\"https:\\\/\\\/fjala.info\\\/2009-2015\\\/pse-u-mbyt-shkodra\\\/#primaryimage\",\"url\":\"http:\\\/\\\/www.shkoder.net\\\/images\\\/fjala\\\/shpetim_nazarko.jpg\",\"contentUrl\":\"http:\\\/\\\/www.shkoder.net\\\/images\\\/fjala\\\/shpetim_nazarko.jpg\"},{\"@type\":\"BreadcrumbList\",\"@id\":\"https:\\\/\\\/fjala.info\\\/2009-2015\\\/pse-u-mbyt-shkodra\\\/#breadcrumb\",\"itemListElement\":[{\"@type\":\"ListItem\",\"position\":1,\"name\":\"Home\",\"item\":\"https:\\\/\\\/fjala.info\\\/2009-2015\\\/\"},{\"@type\":\"ListItem\",\"position\":2,\"name\":\"Pse u mbyt Shkodra\"}]},{\"@type\":\"WebSite\",\"@id\":\"https:\\\/\\\/fjala.info\\\/2009-2015\\\/#website\",\"url\":\"https:\\\/\\\/fjala.info\\\/2009-2015\\\/\",\"name\":\"FjALA e LIR\u00cb - Arkivi\",\"description\":\"Arkivi 2009-2015\",\"publisher\":{\"@id\":\"https:\\\/\\\/fjala.info\\\/2009-2015\\\/#organization\"},\"potentialAction\":[{\"@type\":\"SearchAction\",\"target\":{\"@type\":\"EntryPoint\",\"urlTemplate\":\"https:\\\/\\\/fjala.info\\\/2009-2015\\\/?s={search_term_string}\"},\"query-input\":{\"@type\":\"PropertyValueSpecification\",\"valueRequired\":true,\"valueName\":\"search_term_string\"}}],\"inLanguage\":\"sq-AL\"},{\"@type\":\"Organization\",\"@id\":\"https:\\\/\\\/fjala.info\\\/2009-2015\\\/#organization\",\"name\":\"FjALA e LIR\u00cb - Arkivi\",\"url\":\"https:\\\/\\\/fjala.info\\\/2009-2015\\\/\",\"logo\":{\"@type\":\"ImageObject\",\"inLanguage\":\"sq-AL\",\"@id\":\"https:\\\/\\\/fjala.info\\\/2009-2015\\\/#\\\/schema\\\/logo\\\/image\\\/\",\"url\":\"\",\"contentUrl\":\"\",\"caption\":\"FjALA e LIR\u00cb - Arkivi\"},\"image\":{\"@id\":\"https:\\\/\\\/fjala.info\\\/2009-2015\\\/#\\\/schema\\\/logo\\\/image\\\/\"}},{\"@type\":\"Person\",\"@id\":\"https:\\\/\\\/fjala.info\\\/2009-2015\\\/#\\\/schema\\\/person\\\/3aa1163ef05469c496fc94e77611ada2\",\"name\":\"admin\",\"image\":{\"@type\":\"ImageObject\",\"inLanguage\":\"sq-AL\",\"@id\":\"https:\\\/\\\/fjala.info\\\/2009-2015\\\/wp-content\\\/uploads\\\/2012\\\/02\\\/arben_cokaj-120x150.jpg\",\"url\":\"https:\\\/\\\/fjala.info\\\/2009-2015\\\/wp-content\\\/uploads\\\/2012\\\/02\\\/arben_cokaj-120x150.jpg\",\"contentUrl\":\"https:\\\/\\\/fjala.info\\\/2009-2015\\\/wp-content\\\/uploads\\\/2012\\\/02\\\/arben_cokaj-120x150.jpg\",\"caption\":\"admin\"},\"description\":\"Admin, Fjala e Lir\u00eb\",\"sameAs\":[\"https:\\\/\\\/fjala.info\\\/\"],\"url\":\"https:\\\/\\\/fjala.info\\\/2009-2015\\\/author\\\/admin\\\/\"}]}<\/script>\n<!-- \/ Yoast SEO plugin. -->","yoast_head_json":{"title":"Pse u mbyt Shkodra - FjALA e LIR\u00cb - Arkivi","robots":{"index":"index","follow":"follow","max-snippet":"max-snippet:-1","max-image-preview":"max-image-preview:large","max-video-preview":"max-video-preview:-1"},"canonical":"https:\/\/fjala.info\/2009-2015\/pse-u-mbyt-shkodra\/","og_locale":"sq_AL","og_type":"article","og_title":"Pse u mbyt Shkodra - FjALA e LIR\u00cb - Arkivi","og_description":"Nga: SHPETIM NAZARKO N\u00eb nj\u00eb arsyetim tipik prej dembeli, pohohet se pun\u00ebn e kemi pisk n\u00eb dy raste. N\u00ebse hidrocentralet gjenden pa ujin e duhur n\u00eb vjesht\u00eb, at\u00ebher\u00eb kemi munges\u00eb energjie; n\u00ebse jan\u00eb plot, mund t\u00eb p\u00ebrmbytemi. \u00cbsht\u00eb e nj\u00ebjta fabul e famshme e Nastradinit, q\u00eb pas inspektimit q\u00eb u b\u00ebri dy dh\u00ebndur\u00ebve, t\u00eb cil\u00ebt [&hellip;]","og_url":"https:\/\/fjala.info\/2009-2015\/pse-u-mbyt-shkodra\/","og_site_name":"FjALA e LIR\u00cb - Arkivi","article_published_time":"2010-12-07T20:30:13+00:00","og_image":[{"url":"http:\/\/www.shkoder.net\/images\/fjala\/shpetim_nazarko.jpg","type":"","width":"","height":""}],"author":"admin","twitter_card":"summary_large_image","twitter_misc":{"Written by":"admin","Est. reading time":"8 minutes"},"schema":{"@context":"https:\/\/schema.org","@graph":[{"@type":"Article","@id":"https:\/\/fjala.info\/2009-2015\/pse-u-mbyt-shkodra\/#article","isPartOf":{"@id":"https:\/\/fjala.info\/2009-2015\/pse-u-mbyt-shkodra\/"},"author":{"name":"admin","@id":"https:\/\/fjala.info\/2009-2015\/#\/schema\/person\/3aa1163ef05469c496fc94e77611ada2"},"headline":"Pse u mbyt Shkodra","datePublished":"2010-12-07T20:30:13+00:00","mainEntityOfPage":{"@id":"https:\/\/fjala.info\/2009-2015\/pse-u-mbyt-shkodra\/"},"wordCount":1520,"commentCount":0,"publisher":{"@id":"https:\/\/fjala.info\/2009-2015\/#organization"},"image":{"@id":"https:\/\/fjala.info\/2009-2015\/pse-u-mbyt-shkodra\/#primaryimage"},"thumbnailUrl":"http:\/\/www.shkoder.net\/images\/fjala\/shpetim_nazarko.jpg","articleSection":["Artikuj"],"inLanguage":"sq-AL","potentialAction":[{"@type":"CommentAction","name":"Comment","target":["https:\/\/fjala.info\/2009-2015\/pse-u-mbyt-shkodra\/#respond"]}]},{"@type":"WebPage","@id":"https:\/\/fjala.info\/2009-2015\/pse-u-mbyt-shkodra\/","url":"https:\/\/fjala.info\/2009-2015\/pse-u-mbyt-shkodra\/","name":"Pse u mbyt Shkodra - FjALA e LIR\u00cb - Arkivi","isPartOf":{"@id":"https:\/\/fjala.info\/2009-2015\/#website"},"primaryImageOfPage":{"@id":"https:\/\/fjala.info\/2009-2015\/pse-u-mbyt-shkodra\/#primaryimage"},"image":{"@id":"https:\/\/fjala.info\/2009-2015\/pse-u-mbyt-shkodra\/#primaryimage"},"thumbnailUrl":"http:\/\/www.shkoder.net\/images\/fjala\/shpetim_nazarko.jpg","datePublished":"2010-12-07T20:30:13+00:00","breadcrumb":{"@id":"https:\/\/fjala.info\/2009-2015\/pse-u-mbyt-shkodra\/#breadcrumb"},"inLanguage":"sq-AL","potentialAction":[{"@type":"ReadAction","target":["https:\/\/fjala.info\/2009-2015\/pse-u-mbyt-shkodra\/"]}]},{"@type":"ImageObject","inLanguage":"sq-AL","@id":"https:\/\/fjala.info\/2009-2015\/pse-u-mbyt-shkodra\/#primaryimage","url":"http:\/\/www.shkoder.net\/images\/fjala\/shpetim_nazarko.jpg","contentUrl":"http:\/\/www.shkoder.net\/images\/fjala\/shpetim_nazarko.jpg"},{"@type":"BreadcrumbList","@id":"https:\/\/fjala.info\/2009-2015\/pse-u-mbyt-shkodra\/#breadcrumb","itemListElement":[{"@type":"ListItem","position":1,"name":"Home","item":"https:\/\/fjala.info\/2009-2015\/"},{"@type":"ListItem","position":2,"name":"Pse u mbyt Shkodra"}]},{"@type":"WebSite","@id":"https:\/\/fjala.info\/2009-2015\/#website","url":"https:\/\/fjala.info\/2009-2015\/","name":"FjALA e LIR\u00cb - Arkivi","description":"Arkivi 2009-2015","publisher":{"@id":"https:\/\/fjala.info\/2009-2015\/#organization"},"potentialAction":[{"@type":"SearchAction","target":{"@type":"EntryPoint","urlTemplate":"https:\/\/fjala.info\/2009-2015\/?s={search_term_string}"},"query-input":{"@type":"PropertyValueSpecification","valueRequired":true,"valueName":"search_term_string"}}],"inLanguage":"sq-AL"},{"@type":"Organization","@id":"https:\/\/fjala.info\/2009-2015\/#organization","name":"FjALA e LIR\u00cb - Arkivi","url":"https:\/\/fjala.info\/2009-2015\/","logo":{"@type":"ImageObject","inLanguage":"sq-AL","@id":"https:\/\/fjala.info\/2009-2015\/#\/schema\/logo\/image\/","url":"","contentUrl":"","caption":"FjALA e LIR\u00cb - Arkivi"},"image":{"@id":"https:\/\/fjala.info\/2009-2015\/#\/schema\/logo\/image\/"}},{"@type":"Person","@id":"https:\/\/fjala.info\/2009-2015\/#\/schema\/person\/3aa1163ef05469c496fc94e77611ada2","name":"admin","image":{"@type":"ImageObject","inLanguage":"sq-AL","@id":"https:\/\/fjala.info\/2009-2015\/wp-content\/uploads\/2012\/02\/arben_cokaj-120x150.jpg","url":"https:\/\/fjala.info\/2009-2015\/wp-content\/uploads\/2012\/02\/arben_cokaj-120x150.jpg","contentUrl":"https:\/\/fjala.info\/2009-2015\/wp-content\/uploads\/2012\/02\/arben_cokaj-120x150.jpg","caption":"admin"},"description":"Admin, Fjala e Lir\u00eb","sameAs":["https:\/\/fjala.info\/"],"url":"https:\/\/fjala.info\/2009-2015\/author\/admin\/"}]}},"_links":{"self":[{"href":"https:\/\/fjala.info\/2009-2015\/wp-json\/wp\/v2\/posts\/5113","targetHints":{"allow":["GET"]}}],"collection":[{"href":"https:\/\/fjala.info\/2009-2015\/wp-json\/wp\/v2\/posts"}],"about":[{"href":"https:\/\/fjala.info\/2009-2015\/wp-json\/wp\/v2\/types\/post"}],"author":[{"embeddable":true,"href":"https:\/\/fjala.info\/2009-2015\/wp-json\/wp\/v2\/users\/1"}],"replies":[{"embeddable":true,"href":"https:\/\/fjala.info\/2009-2015\/wp-json\/wp\/v2\/comments?post=5113"}],"version-history":[{"count":0,"href":"https:\/\/fjala.info\/2009-2015\/wp-json\/wp\/v2\/posts\/5113\/revisions"}],"wp:attachment":[{"href":"https:\/\/fjala.info\/2009-2015\/wp-json\/wp\/v2\/media?parent=5113"}],"wp:term":[{"taxonomy":"category","embeddable":true,"href":"https:\/\/fjala.info\/2009-2015\/wp-json\/wp\/v2\/categories?post=5113"},{"taxonomy":"post_tag","embeddable":true,"href":"https:\/\/fjala.info\/2009-2015\/wp-json\/wp\/v2\/tags?post=5113"}],"curies":[{"name":"wp","href":"https:\/\/api.w.org\/{rel}","templated":true}]}}