{"id":511,"date":"2011-12-06T10:06:07","date_gmt":"2011-12-06T09:06:07","guid":{"rendered":"http:\/\/fjala.shkoder.net\/?p=511"},"modified":"2011-12-06T10:06:07","modified_gmt":"2011-12-06T09:06:07","slug":"kodi-zgjedhor-komisioni-i-venecias-e-osbe-gati-rekomandimet-ne-shqiperi-ska-njerez-te-papolitizuar","status":"publish","type":"post","link":"https:\/\/fjala.info\/2009-2015\/kodi-zgjedhor-komisioni-i-venecias-e-osbe-gati-rekomandimet-ne-shqiperi-ska-njerez-te-papolitizuar\/","title":{"rendered":"Kodi Zgjedhor, Komisioni i Venecias e OSBE, gati rekomandimet: N\u00eb Shqip\u00ebri s`ka njer\u00ebz t\u00eb papolitizuar"},"content":{"rendered":"<p><img decoding=\"async\" class=\"alignright size-thumbnail wp-image-7236\" title=\"Komisioni i Venecias\" src=\"http:\/\/www.shkoder.net\/images\/fjala\/2011\/komisioni_venecias.jpg\" alt=\"\" width=\"300\" \/><strong>Komisioni i Venecias dhe OSBE\/ODIHR-it<\/strong> ofrojn\u00eb nj\u00eb projekt vler\u00ebsimi dhe rekomandimesh p\u00ebr reform\u00ebn zgjedhore n\u00eb Shqip\u00ebri. Komisioni i Venecias, pas mbylljes s\u00eb procesit t\u00eb zgjedhjeve vendore t\u00eb 8 majit dhe polemikave t\u00eb ashpra q\u00eb shkaktoi ve\u00e7an\u00ebrisht gara p\u00ebr kryebashkiakun e Tiran\u00ebs, \u00ebsht\u00eb angazhuar n\u00eb ndihmes\u00ebn e vendit ton\u00eb p\u00ebr t\u00eb p\u00ebrmir\u00ebsuar Kodin Zgjedhor dhe p\u00ebr ta p\u00ebrafruar at\u00eb me standardet e BE-s\u00eb.<\/p>\n<p>Rezultati i pun\u00ebs s\u00eb 2 ekspert\u00ebve t\u00eb Komisionit t\u00eb Venecias si dhe nj\u00eb eksperti t\u00eb ODIHR-it, \u00ebsht\u00eb nj\u00eb projekt me rekomandime p\u00ebr qeverin\u00eb shqiptare. N\u00eb projektin e publikuar nga Z\u00ebri i Amerik\u00ebs, v\u00ebmendje e ve\u00e7ant\u00eb i kushtohet aspekteve q\u00eb lidhen me zgjedhjet vendore t\u00eb cilat n\u00eb Kodin aktual sipas ekspert\u00ebve t\u00eb huaj \u201cishin l\u00ebn\u00eb pas dore\u201d.<\/p>\n<p>Ekspert\u00ebt japin sugjerime p\u00ebr ndryshime dhe p\u00ebrmir\u00ebsime n\u00eb shum\u00eb prej neneve, nd\u00ebrsa n\u00eb m\u00ebnyr\u00eb t\u00eb p\u00ebrmbledhur propozimet e tyre kan\u00eb t\u00eb b\u00ebjn\u00eb me \u201c..rregulla q\u00eb t\u00eb garantojn\u00eb em\u00ebrimin e shpejt\u00eb t\u00eb an\u00ebtar\u00ebve t\u00eb komisioneve zgjedhore\u201d, n\u00eb rastet kur ata z\u00ebvend\u00ebsohen, nj\u00eb praktik\u00eb e p\u00ebrdorur shpesh nga partit\u00eb, apo \u201crregulla q\u00eb t\u00eb ndalojn\u00eb heqjen e tyre pa nj\u00eb arsyetim t\u00eb q\u00ebndruesh\u00ebm\u201d, sikund\u00ebr nuk konsiderohet normale q\u00eb n\u00eb momentin e shortit p\u00ebr an\u00ebtar\u00ebt e kolegjit zgjedhor nj\u00eb gjykat\u00ebs mund t\u00eb refuzohet pa motivacion.<\/p>\n<p>N\u00eb lidhje me num\u00ebrimin e votave projekti propozon \u201cndryshime dhe qart\u00ebsime n\u00eb procedura\u201d duke k\u00ebrkuar \u201cp\u00ebrcaktim t\u00eb qart\u00eb se si do t\u00eb veprohet me votat e hedhura n\u00eb kutin\u00eb e gabuar e po ashtu edhe pasqyrimi i tyre n\u00eb tabelat e rezultateve\u201d. Po ashtu, sugjerohet q\u00eb \u201ct\u00eb specifikohet qart\u00ebsisht se si duhet t\u00eb veprohet n\u00eb rastet kur votat dhe kutit\u00eb me materiale merren n\u00eb dor\u00ebzim si t\u00eb rregullta e pastaj dalin me problem serioze\u201d.<\/p>\n<p>\u201cSfida kryesore mbetet largimi nga p\u00ebrb\u00ebrja aktuale e komisioneve zgjedhore t\u00eb bazuar n\u00eb ekuilibrin mes dy partive kryesore, drejt nj\u00eb administrate zgjedhore, ku t\u00eb jen\u00eb p\u00ebrfshir\u00eb edhe element\u00eb jo politik dhe t\u00eb paansh\u00ebm. Ky ndryshim \u00ebsht\u00eb i domosdosh\u00ebm n\u00ebse k\u00ebrkohet t\u00eb ulet polarizimi dhe konfliktet n\u00eb administrat\u00ebn zgjedhore\u201d, thuhet n\u00eb projekt.<\/p>\n<p>Duke ju referuar Kodit t\u00eb Praktikave t\u00eb Mira n\u00eb \u00c7\u00ebshtjet Zgjedhore, theksohet se \u201caty ku nuk ka nj\u00eb tradit\u00eb t\u00eb gjat\u00eb pavar\u00ebsie t\u00eb autoriteteve t\u00eb administrat\u00ebs nga pushteti politik, komisionet n\u00eb t\u00eb gjith\u00eb nivelet duhet t\u00eb jen\u00eb t\u00eb pavarura dhe t\u00eb paanshme. Megjith\u00ebse nuk ka nj\u00eb formul\u00eb t\u00eb vetme t\u00eb k\u00ebshillueshme p\u00ebr p\u00ebrb\u00ebrjen e organit m\u00eb t\u00eb lart\u00eb t\u00eb administrimit t\u00eb zgjedhjeve, paan\u00ebsia e an\u00ebtar\u00ebve t\u00eb tij n\u00eb ushtrimin e funksioneve t\u00eb tyre, \u00ebsht\u00eb e nj\u00eb r\u00ebnd\u00ebsie themelore dhe nj\u00eb kusht i domosdosh\u00ebm p\u00ebr zhvillimin e zgjedhjeve demokratike. Pavar\u00ebsisht se si \u00ebsht\u00eb strukturuar administrata zgjedhore, \u00ebsht\u00eb e r\u00ebnd\u00ebsishme q\u00eb jo vet\u00ebm t\u00eb funksionoj\u00eb n\u00eb m\u00ebnyr\u00eb t\u00eb paanshme, por edhe t\u00eb perceptohet nga publiku se po e b\u00ebn nj\u00eb gj\u00eb t\u00eb till\u00eb\u201d.<\/p>\n<p>\u201cDuhet njohur se n\u00eb mjedisin aktual politik n\u00eb Shqip\u00ebri, do t\u00eb jet\u00eb jasht\u00ebzakonisht e v\u00ebshtir\u00eb t\u00eb identifikohen individ\u00eb apo ente q\u00eb konsiderohen t\u00eb paanshme, t\u00eb cilave mund t`u besohet detyra p\u00ebr t\u00eb em\u00ebruar an\u00ebtar\u00eb t\u00eb paansh\u00ebm t\u00eb KQZ\u201d, shprehen specialist\u00ebt duke shtuar se \u201ckjo megjithat\u00eb nuk duhet t`i pengoj\u00eb autoritetet q\u00eb t\u00eb k\u00ebrkojn\u00eb ta shohin si nj\u00eb mund\u00ebsi p\u00ebr ta trajtuar\u201d.<\/p>\n<p>N\u00eb dokumentin e p\u00ebrbashk\u00ebt t\u00eb Komisionit t\u00eb Venecias dhe OSBE\/ODIHR-it sakt\u00ebsohet se nj\u00eb pesh\u00eb t\u00eb madhe ka vullneti i forcave politike p\u00ebr t\u00eb zbatuar ligjet. \u201cNuk \u00ebsht\u00eb e sigurt se problemet e p\u00ebrs\u00ebritura n\u00eb zhvillimin e zgjedhjeve n\u00eb Shqip\u00ebri mund t\u00eb zgjidhen vet\u00ebm me ndryshime n\u00eb legjislacionin zgjedhor.<\/p>\n<p>Eksperienca e fundit me zgjedhjet vendore n\u00eb Shqip\u00ebri, tregoi se edhe nj\u00eb legjislacion zgjedhor gjithp\u00ebrfshir\u00ebs dhe i detajuar, nuk garanton zhvillimin e zgjedhjeve n\u00eb p\u00ebrputhje t\u00eb plot\u00eb me angazhimet e OSBE-s\u00eb dhe K\u00ebshillit te Evrop\u00ebs dhe standarteve t\u00eb tjera nd\u00ebrkomb\u00ebtare, n\u00eb munges\u00eb t\u00eb vullnetit t\u00eb mir\u00eb mes aktor\u00ebve ky\u00e7 p\u00ebr t\u00eb zbatuar ligjin n\u00eb m\u00ebnyr\u00eb t\u00eb paanshme dhe t\u00eb ndershme.<\/p>\n<p>Kjo \u2013 shtojn\u00eb ekspert\u00ebt &#8212; i detyrohet n\u00eb ve\u00e7anti, nj\u00eb mjedisi t\u00eb karakterizuar nga polarizimi i r\u00ebnduar dhe mungesa e besimit mes dy partive kryesore politike. Ndryshimi i sjelljes dhe praktikave nga grupimet kryesore dhe udh\u00ebheq\u00ebsit e tyre \u00ebsht\u00eb p\u00ebr pasoj\u00eb i nj\u00eb r\u00ebnd\u00ebsie thelb\u00ebsore, sikund\u00ebr dhe paan\u00ebsia e administrat\u00ebs elektorale\u201d, theksohet n\u00eb projekt Opinion.<\/p>\n<p>Duke ju referuar diferenc\u00ebs shum\u00eb t\u00eb vog\u00ebl t\u00eb votave n\u00eb gar\u00ebn p\u00ebr Bashkin\u00eb e Tiran\u00ebs sakt\u00ebsohet se \u201c\u00e7do detaj kthehet potencialisht vendimtar dhe detyra e administrat\u00ebs zgjedhore, q\u00eb t\u00eb veproj\u00eb n\u00eb m\u00ebnyr\u00eb t\u00eb paanshme, \u00ebsht\u00eb jetike\u201d.<\/p>\n","protected":false},"excerpt":{"rendered":"<p>Komisioni i Venecias dhe OSBE\/ODIHR-it ofrojn\u00eb nj\u00eb projekt vler\u00ebsimi dhe rekomandimesh p\u00ebr reform\u00ebn zgjedhore n\u00eb Shqip\u00ebri. Komisioni i Venecias, pas mbylljes s\u00eb procesit t\u00eb zgjedhjeve vendore t\u00eb 8 majit dhe polemikave t\u00eb ashpra q\u00eb shkaktoi ve\u00e7an\u00ebrisht gara p\u00ebr kryebashkiakun e Tiran\u00ebs, \u00ebsht\u00eb angazhuar n\u00eb ndihmes\u00ebn e vendit ton\u00eb p\u00ebr t\u00eb p\u00ebrmir\u00ebsuar Kodin Zgjedhor dhe p\u00ebr [&hellip;]<\/p>\n","protected":false},"author":1,"featured_media":0,"comment_status":"open","ping_status":"closed","sticky":false,"template":"","format":"standard","meta":{"footnotes":""},"categories":[2],"tags":[],"class_list":{"0":"post-511","1":"post","2":"type-post","3":"status-publish","4":"format-standard","6":"category-artikuj"},"yoast_head":"<!-- This site is optimized with the Yoast SEO plugin v27.4 - https:\/\/yoast.com\/product\/yoast-seo-wordpress\/ -->\n<title>Kodi Zgjedhor, Komisioni i Venecias e OSBE, gati rekomandimet: N\u00eb Shqip\u00ebri s`ka njer\u00ebz t\u00eb papolitizuar - FjALA e LIR\u00cb - Arkivi<\/title>\n<meta name=\"robots\" content=\"index, follow, max-snippet:-1, max-image-preview:large, max-video-preview:-1\" \/>\n<link rel=\"canonical\" href=\"https:\/\/fjala.info\/2009-2015\/kodi-zgjedhor-komisioni-i-venecias-e-osbe-gati-rekomandimet-ne-shqiperi-ska-njerez-te-papolitizuar\/\" \/>\n<meta property=\"og:locale\" content=\"sq_AL\" \/>\n<meta property=\"og:type\" content=\"article\" \/>\n<meta property=\"og:title\" content=\"Kodi Zgjedhor, Komisioni i Venecias e OSBE, gati rekomandimet: N\u00eb Shqip\u00ebri s`ka njer\u00ebz t\u00eb papolitizuar - FjALA e LIR\u00cb - Arkivi\" \/>\n<meta property=\"og:description\" content=\"Komisioni i Venecias dhe OSBE\/ODIHR-it ofrojn\u00eb nj\u00eb projekt vler\u00ebsimi dhe rekomandimesh p\u00ebr reform\u00ebn zgjedhore n\u00eb Shqip\u00ebri. Komisioni i Venecias, pas mbylljes s\u00eb procesit t\u00eb zgjedhjeve vendore t\u00eb 8 majit dhe polemikave t\u00eb ashpra q\u00eb shkaktoi ve\u00e7an\u00ebrisht gara p\u00ebr kryebashkiakun e Tiran\u00ebs, \u00ebsht\u00eb angazhuar n\u00eb ndihmes\u00ebn e vendit ton\u00eb p\u00ebr t\u00eb p\u00ebrmir\u00ebsuar Kodin Zgjedhor dhe p\u00ebr [&hellip;]\" \/>\n<meta property=\"og:url\" content=\"https:\/\/fjala.info\/2009-2015\/kodi-zgjedhor-komisioni-i-venecias-e-osbe-gati-rekomandimet-ne-shqiperi-ska-njerez-te-papolitizuar\/\" \/>\n<meta property=\"og:site_name\" content=\"FjALA e LIR\u00cb - Arkivi\" \/>\n<meta property=\"article:published_time\" content=\"2011-12-06T09:06:07+00:00\" \/>\n<meta property=\"og:image\" content=\"http:\/\/www.shkoder.net\/images\/fjala\/2011\/komisioni_venecias.jpg\" \/>\n<meta name=\"author\" content=\"admin\" \/>\n<meta name=\"twitter:card\" content=\"summary_large_image\" \/>\n<meta name=\"twitter:label1\" content=\"Written by\" \/>\n\t<meta name=\"twitter:data1\" content=\"admin\" \/>\n\t<meta name=\"twitter:label2\" content=\"Est. reading time\" \/>\n\t<meta name=\"twitter:data2\" content=\"4 minutes\" \/>\n<script type=\"application\/ld+json\" class=\"yoast-schema-graph\">{\"@context\":\"https:\\\/\\\/schema.org\",\"@graph\":[{\"@type\":\"Article\",\"@id\":\"https:\\\/\\\/fjala.info\\\/2009-2015\\\/kodi-zgjedhor-komisioni-i-venecias-e-osbe-gati-rekomandimet-ne-shqiperi-ska-njerez-te-papolitizuar\\\/#article\",\"isPartOf\":{\"@id\":\"https:\\\/\\\/fjala.info\\\/2009-2015\\\/kodi-zgjedhor-komisioni-i-venecias-e-osbe-gati-rekomandimet-ne-shqiperi-ska-njerez-te-papolitizuar\\\/\"},\"author\":{\"name\":\"admin\",\"@id\":\"https:\\\/\\\/fjala.info\\\/2009-2015\\\/#\\\/schema\\\/person\\\/3aa1163ef05469c496fc94e77611ada2\"},\"headline\":\"Kodi Zgjedhor, Komisioni i Venecias e OSBE, gati rekomandimet: N\u00eb Shqip\u00ebri s`ka njer\u00ebz t\u00eb papolitizuar\",\"datePublished\":\"2011-12-06T09:06:07+00:00\",\"mainEntityOfPage\":{\"@id\":\"https:\\\/\\\/fjala.info\\\/2009-2015\\\/kodi-zgjedhor-komisioni-i-venecias-e-osbe-gati-rekomandimet-ne-shqiperi-ska-njerez-te-papolitizuar\\\/\"},\"wordCount\":852,\"commentCount\":0,\"publisher\":{\"@id\":\"https:\\\/\\\/fjala.info\\\/2009-2015\\\/#organization\"},\"image\":{\"@id\":\"https:\\\/\\\/fjala.info\\\/2009-2015\\\/kodi-zgjedhor-komisioni-i-venecias-e-osbe-gati-rekomandimet-ne-shqiperi-ska-njerez-te-papolitizuar\\\/#primaryimage\"},\"thumbnailUrl\":\"http:\\\/\\\/www.shkoder.net\\\/images\\\/fjala\\\/2011\\\/komisioni_venecias.jpg\",\"articleSection\":[\"Artikuj\"],\"inLanguage\":\"sq-AL\",\"potentialAction\":[{\"@type\":\"CommentAction\",\"name\":\"Comment\",\"target\":[\"https:\\\/\\\/fjala.info\\\/2009-2015\\\/kodi-zgjedhor-komisioni-i-venecias-e-osbe-gati-rekomandimet-ne-shqiperi-ska-njerez-te-papolitizuar\\\/#respond\"]}]},{\"@type\":\"WebPage\",\"@id\":\"https:\\\/\\\/fjala.info\\\/2009-2015\\\/kodi-zgjedhor-komisioni-i-venecias-e-osbe-gati-rekomandimet-ne-shqiperi-ska-njerez-te-papolitizuar\\\/\",\"url\":\"https:\\\/\\\/fjala.info\\\/2009-2015\\\/kodi-zgjedhor-komisioni-i-venecias-e-osbe-gati-rekomandimet-ne-shqiperi-ska-njerez-te-papolitizuar\\\/\",\"name\":\"Kodi Zgjedhor, Komisioni i Venecias e OSBE, gati rekomandimet: N\u00eb Shqip\u00ebri s`ka njer\u00ebz t\u00eb papolitizuar - FjALA e LIR\u00cb - Arkivi\",\"isPartOf\":{\"@id\":\"https:\\\/\\\/fjala.info\\\/2009-2015\\\/#website\"},\"primaryImageOfPage\":{\"@id\":\"https:\\\/\\\/fjala.info\\\/2009-2015\\\/kodi-zgjedhor-komisioni-i-venecias-e-osbe-gati-rekomandimet-ne-shqiperi-ska-njerez-te-papolitizuar\\\/#primaryimage\"},\"image\":{\"@id\":\"https:\\\/\\\/fjala.info\\\/2009-2015\\\/kodi-zgjedhor-komisioni-i-venecias-e-osbe-gati-rekomandimet-ne-shqiperi-ska-njerez-te-papolitizuar\\\/#primaryimage\"},\"thumbnailUrl\":\"http:\\\/\\\/www.shkoder.net\\\/images\\\/fjala\\\/2011\\\/komisioni_venecias.jpg\",\"datePublished\":\"2011-12-06T09:06:07+00:00\",\"breadcrumb\":{\"@id\":\"https:\\\/\\\/fjala.info\\\/2009-2015\\\/kodi-zgjedhor-komisioni-i-venecias-e-osbe-gati-rekomandimet-ne-shqiperi-ska-njerez-te-papolitizuar\\\/#breadcrumb\"},\"inLanguage\":\"sq-AL\",\"potentialAction\":[{\"@type\":\"ReadAction\",\"target\":[\"https:\\\/\\\/fjala.info\\\/2009-2015\\\/kodi-zgjedhor-komisioni-i-venecias-e-osbe-gati-rekomandimet-ne-shqiperi-ska-njerez-te-papolitizuar\\\/\"]}]},{\"@type\":\"ImageObject\",\"inLanguage\":\"sq-AL\",\"@id\":\"https:\\\/\\\/fjala.info\\\/2009-2015\\\/kodi-zgjedhor-komisioni-i-venecias-e-osbe-gati-rekomandimet-ne-shqiperi-ska-njerez-te-papolitizuar\\\/#primaryimage\",\"url\":\"http:\\\/\\\/www.shkoder.net\\\/images\\\/fjala\\\/2011\\\/komisioni_venecias.jpg\",\"contentUrl\":\"http:\\\/\\\/www.shkoder.net\\\/images\\\/fjala\\\/2011\\\/komisioni_venecias.jpg\"},{\"@type\":\"BreadcrumbList\",\"@id\":\"https:\\\/\\\/fjala.info\\\/2009-2015\\\/kodi-zgjedhor-komisioni-i-venecias-e-osbe-gati-rekomandimet-ne-shqiperi-ska-njerez-te-papolitizuar\\\/#breadcrumb\",\"itemListElement\":[{\"@type\":\"ListItem\",\"position\":1,\"name\":\"Home\",\"item\":\"https:\\\/\\\/fjala.info\\\/2009-2015\\\/\"},{\"@type\":\"ListItem\",\"position\":2,\"name\":\"Kodi Zgjedhor, Komisioni i Venecias e OSBE, gati rekomandimet: N\u00eb Shqip\u00ebri s`ka njer\u00ebz t\u00eb papolitizuar\"}]},{\"@type\":\"WebSite\",\"@id\":\"https:\\\/\\\/fjala.info\\\/2009-2015\\\/#website\",\"url\":\"https:\\\/\\\/fjala.info\\\/2009-2015\\\/\",\"name\":\"FjALA e LIR\u00cb - Arkivi\",\"description\":\"Arkivi 2009-2015\",\"publisher\":{\"@id\":\"https:\\\/\\\/fjala.info\\\/2009-2015\\\/#organization\"},\"potentialAction\":[{\"@type\":\"SearchAction\",\"target\":{\"@type\":\"EntryPoint\",\"urlTemplate\":\"https:\\\/\\\/fjala.info\\\/2009-2015\\\/?s={search_term_string}\"},\"query-input\":{\"@type\":\"PropertyValueSpecification\",\"valueRequired\":true,\"valueName\":\"search_term_string\"}}],\"inLanguage\":\"sq-AL\"},{\"@type\":\"Organization\",\"@id\":\"https:\\\/\\\/fjala.info\\\/2009-2015\\\/#organization\",\"name\":\"FjALA e LIR\u00cb - Arkivi\",\"url\":\"https:\\\/\\\/fjala.info\\\/2009-2015\\\/\",\"logo\":{\"@type\":\"ImageObject\",\"inLanguage\":\"sq-AL\",\"@id\":\"https:\\\/\\\/fjala.info\\\/2009-2015\\\/#\\\/schema\\\/logo\\\/image\\\/\",\"url\":\"\",\"contentUrl\":\"\",\"caption\":\"FjALA e LIR\u00cb - Arkivi\"},\"image\":{\"@id\":\"https:\\\/\\\/fjala.info\\\/2009-2015\\\/#\\\/schema\\\/logo\\\/image\\\/\"}},{\"@type\":\"Person\",\"@id\":\"https:\\\/\\\/fjala.info\\\/2009-2015\\\/#\\\/schema\\\/person\\\/3aa1163ef05469c496fc94e77611ada2\",\"name\":\"admin\",\"image\":{\"@type\":\"ImageObject\",\"inLanguage\":\"sq-AL\",\"@id\":\"https:\\\/\\\/fjala.info\\\/2009-2015\\\/wp-content\\\/uploads\\\/2012\\\/02\\\/arben_cokaj-120x150.jpg\",\"url\":\"https:\\\/\\\/fjala.info\\\/2009-2015\\\/wp-content\\\/uploads\\\/2012\\\/02\\\/arben_cokaj-120x150.jpg\",\"contentUrl\":\"https:\\\/\\\/fjala.info\\\/2009-2015\\\/wp-content\\\/uploads\\\/2012\\\/02\\\/arben_cokaj-120x150.jpg\",\"caption\":\"admin\"},\"description\":\"Admin, Fjala e Lir\u00eb\",\"sameAs\":[\"https:\\\/\\\/fjala.info\\\/\"],\"url\":\"https:\\\/\\\/fjala.info\\\/2009-2015\\\/author\\\/admin\\\/\"}]}<\/script>\n<!-- \/ Yoast SEO plugin. -->","yoast_head_json":{"title":"Kodi Zgjedhor, Komisioni i Venecias e OSBE, gati rekomandimet: N\u00eb Shqip\u00ebri s`ka njer\u00ebz t\u00eb papolitizuar - FjALA e LIR\u00cb - Arkivi","robots":{"index":"index","follow":"follow","max-snippet":"max-snippet:-1","max-image-preview":"max-image-preview:large","max-video-preview":"max-video-preview:-1"},"canonical":"https:\/\/fjala.info\/2009-2015\/kodi-zgjedhor-komisioni-i-venecias-e-osbe-gati-rekomandimet-ne-shqiperi-ska-njerez-te-papolitizuar\/","og_locale":"sq_AL","og_type":"article","og_title":"Kodi Zgjedhor, Komisioni i Venecias e OSBE, gati rekomandimet: N\u00eb Shqip\u00ebri s`ka njer\u00ebz t\u00eb papolitizuar - FjALA e LIR\u00cb - Arkivi","og_description":"Komisioni i Venecias dhe OSBE\/ODIHR-it ofrojn\u00eb nj\u00eb projekt vler\u00ebsimi dhe rekomandimesh p\u00ebr reform\u00ebn zgjedhore n\u00eb Shqip\u00ebri. Komisioni i Venecias, pas mbylljes s\u00eb procesit t\u00eb zgjedhjeve vendore t\u00eb 8 majit dhe polemikave t\u00eb ashpra q\u00eb shkaktoi ve\u00e7an\u00ebrisht gara p\u00ebr kryebashkiakun e Tiran\u00ebs, \u00ebsht\u00eb angazhuar n\u00eb ndihmes\u00ebn e vendit ton\u00eb p\u00ebr t\u00eb p\u00ebrmir\u00ebsuar Kodin Zgjedhor dhe p\u00ebr [&hellip;]","og_url":"https:\/\/fjala.info\/2009-2015\/kodi-zgjedhor-komisioni-i-venecias-e-osbe-gati-rekomandimet-ne-shqiperi-ska-njerez-te-papolitizuar\/","og_site_name":"FjALA e LIR\u00cb - Arkivi","article_published_time":"2011-12-06T09:06:07+00:00","og_image":[{"url":"http:\/\/www.shkoder.net\/images\/fjala\/2011\/komisioni_venecias.jpg","type":"","width":"","height":""}],"author":"admin","twitter_card":"summary_large_image","twitter_misc":{"Written by":"admin","Est. reading time":"4 minutes"},"schema":{"@context":"https:\/\/schema.org","@graph":[{"@type":"Article","@id":"https:\/\/fjala.info\/2009-2015\/kodi-zgjedhor-komisioni-i-venecias-e-osbe-gati-rekomandimet-ne-shqiperi-ska-njerez-te-papolitizuar\/#article","isPartOf":{"@id":"https:\/\/fjala.info\/2009-2015\/kodi-zgjedhor-komisioni-i-venecias-e-osbe-gati-rekomandimet-ne-shqiperi-ska-njerez-te-papolitizuar\/"},"author":{"name":"admin","@id":"https:\/\/fjala.info\/2009-2015\/#\/schema\/person\/3aa1163ef05469c496fc94e77611ada2"},"headline":"Kodi Zgjedhor, Komisioni i Venecias e OSBE, gati rekomandimet: N\u00eb Shqip\u00ebri s`ka njer\u00ebz t\u00eb papolitizuar","datePublished":"2011-12-06T09:06:07+00:00","mainEntityOfPage":{"@id":"https:\/\/fjala.info\/2009-2015\/kodi-zgjedhor-komisioni-i-venecias-e-osbe-gati-rekomandimet-ne-shqiperi-ska-njerez-te-papolitizuar\/"},"wordCount":852,"commentCount":0,"publisher":{"@id":"https:\/\/fjala.info\/2009-2015\/#organization"},"image":{"@id":"https:\/\/fjala.info\/2009-2015\/kodi-zgjedhor-komisioni-i-venecias-e-osbe-gati-rekomandimet-ne-shqiperi-ska-njerez-te-papolitizuar\/#primaryimage"},"thumbnailUrl":"http:\/\/www.shkoder.net\/images\/fjala\/2011\/komisioni_venecias.jpg","articleSection":["Artikuj"],"inLanguage":"sq-AL","potentialAction":[{"@type":"CommentAction","name":"Comment","target":["https:\/\/fjala.info\/2009-2015\/kodi-zgjedhor-komisioni-i-venecias-e-osbe-gati-rekomandimet-ne-shqiperi-ska-njerez-te-papolitizuar\/#respond"]}]},{"@type":"WebPage","@id":"https:\/\/fjala.info\/2009-2015\/kodi-zgjedhor-komisioni-i-venecias-e-osbe-gati-rekomandimet-ne-shqiperi-ska-njerez-te-papolitizuar\/","url":"https:\/\/fjala.info\/2009-2015\/kodi-zgjedhor-komisioni-i-venecias-e-osbe-gati-rekomandimet-ne-shqiperi-ska-njerez-te-papolitizuar\/","name":"Kodi Zgjedhor, Komisioni i Venecias e OSBE, gati rekomandimet: N\u00eb Shqip\u00ebri s`ka njer\u00ebz t\u00eb papolitizuar - FjALA e LIR\u00cb - Arkivi","isPartOf":{"@id":"https:\/\/fjala.info\/2009-2015\/#website"},"primaryImageOfPage":{"@id":"https:\/\/fjala.info\/2009-2015\/kodi-zgjedhor-komisioni-i-venecias-e-osbe-gati-rekomandimet-ne-shqiperi-ska-njerez-te-papolitizuar\/#primaryimage"},"image":{"@id":"https:\/\/fjala.info\/2009-2015\/kodi-zgjedhor-komisioni-i-venecias-e-osbe-gati-rekomandimet-ne-shqiperi-ska-njerez-te-papolitizuar\/#primaryimage"},"thumbnailUrl":"http:\/\/www.shkoder.net\/images\/fjala\/2011\/komisioni_venecias.jpg","datePublished":"2011-12-06T09:06:07+00:00","breadcrumb":{"@id":"https:\/\/fjala.info\/2009-2015\/kodi-zgjedhor-komisioni-i-venecias-e-osbe-gati-rekomandimet-ne-shqiperi-ska-njerez-te-papolitizuar\/#breadcrumb"},"inLanguage":"sq-AL","potentialAction":[{"@type":"ReadAction","target":["https:\/\/fjala.info\/2009-2015\/kodi-zgjedhor-komisioni-i-venecias-e-osbe-gati-rekomandimet-ne-shqiperi-ska-njerez-te-papolitizuar\/"]}]},{"@type":"ImageObject","inLanguage":"sq-AL","@id":"https:\/\/fjala.info\/2009-2015\/kodi-zgjedhor-komisioni-i-venecias-e-osbe-gati-rekomandimet-ne-shqiperi-ska-njerez-te-papolitizuar\/#primaryimage","url":"http:\/\/www.shkoder.net\/images\/fjala\/2011\/komisioni_venecias.jpg","contentUrl":"http:\/\/www.shkoder.net\/images\/fjala\/2011\/komisioni_venecias.jpg"},{"@type":"BreadcrumbList","@id":"https:\/\/fjala.info\/2009-2015\/kodi-zgjedhor-komisioni-i-venecias-e-osbe-gati-rekomandimet-ne-shqiperi-ska-njerez-te-papolitizuar\/#breadcrumb","itemListElement":[{"@type":"ListItem","position":1,"name":"Home","item":"https:\/\/fjala.info\/2009-2015\/"},{"@type":"ListItem","position":2,"name":"Kodi Zgjedhor, Komisioni i Venecias e OSBE, gati rekomandimet: N\u00eb Shqip\u00ebri s`ka njer\u00ebz t\u00eb papolitizuar"}]},{"@type":"WebSite","@id":"https:\/\/fjala.info\/2009-2015\/#website","url":"https:\/\/fjala.info\/2009-2015\/","name":"FjALA e LIR\u00cb - Arkivi","description":"Arkivi 2009-2015","publisher":{"@id":"https:\/\/fjala.info\/2009-2015\/#organization"},"potentialAction":[{"@type":"SearchAction","target":{"@type":"EntryPoint","urlTemplate":"https:\/\/fjala.info\/2009-2015\/?s={search_term_string}"},"query-input":{"@type":"PropertyValueSpecification","valueRequired":true,"valueName":"search_term_string"}}],"inLanguage":"sq-AL"},{"@type":"Organization","@id":"https:\/\/fjala.info\/2009-2015\/#organization","name":"FjALA e LIR\u00cb - Arkivi","url":"https:\/\/fjala.info\/2009-2015\/","logo":{"@type":"ImageObject","inLanguage":"sq-AL","@id":"https:\/\/fjala.info\/2009-2015\/#\/schema\/logo\/image\/","url":"","contentUrl":"","caption":"FjALA e LIR\u00cb - Arkivi"},"image":{"@id":"https:\/\/fjala.info\/2009-2015\/#\/schema\/logo\/image\/"}},{"@type":"Person","@id":"https:\/\/fjala.info\/2009-2015\/#\/schema\/person\/3aa1163ef05469c496fc94e77611ada2","name":"admin","image":{"@type":"ImageObject","inLanguage":"sq-AL","@id":"https:\/\/fjala.info\/2009-2015\/wp-content\/uploads\/2012\/02\/arben_cokaj-120x150.jpg","url":"https:\/\/fjala.info\/2009-2015\/wp-content\/uploads\/2012\/02\/arben_cokaj-120x150.jpg","contentUrl":"https:\/\/fjala.info\/2009-2015\/wp-content\/uploads\/2012\/02\/arben_cokaj-120x150.jpg","caption":"admin"},"description":"Admin, Fjala e Lir\u00eb","sameAs":["https:\/\/fjala.info\/"],"url":"https:\/\/fjala.info\/2009-2015\/author\/admin\/"}]}},"_links":{"self":[{"href":"https:\/\/fjala.info\/2009-2015\/wp-json\/wp\/v2\/posts\/511","targetHints":{"allow":["GET"]}}],"collection":[{"href":"https:\/\/fjala.info\/2009-2015\/wp-json\/wp\/v2\/posts"}],"about":[{"href":"https:\/\/fjala.info\/2009-2015\/wp-json\/wp\/v2\/types\/post"}],"author":[{"embeddable":true,"href":"https:\/\/fjala.info\/2009-2015\/wp-json\/wp\/v2\/users\/1"}],"replies":[{"embeddable":true,"href":"https:\/\/fjala.info\/2009-2015\/wp-json\/wp\/v2\/comments?post=511"}],"version-history":[{"count":0,"href":"https:\/\/fjala.info\/2009-2015\/wp-json\/wp\/v2\/posts\/511\/revisions"}],"wp:attachment":[{"href":"https:\/\/fjala.info\/2009-2015\/wp-json\/wp\/v2\/media?parent=511"}],"wp:term":[{"taxonomy":"category","embeddable":true,"href":"https:\/\/fjala.info\/2009-2015\/wp-json\/wp\/v2\/categories?post=511"},{"taxonomy":"post_tag","embeddable":true,"href":"https:\/\/fjala.info\/2009-2015\/wp-json\/wp\/v2\/tags?post=511"}],"curies":[{"name":"wp","href":"https:\/\/api.w.org\/{rel}","templated":true}]}}