{"id":5109,"date":"2012-09-23T08:11:45","date_gmt":"2012-09-23T07:11:45","guid":{"rendered":"http:\/\/www.fjala.info\/?p=5109"},"modified":"2012-09-23T08:11:45","modified_gmt":"2012-09-23T07:11:45","slug":"a-e-zuri-veza-berishen","status":"publish","type":"post","link":"https:\/\/fjala.info\/2009-2015\/a-e-zuri-veza-berishen\/","title":{"rendered":"A e zuri veza Berish\u00ebn?"},"content":{"rendered":"<p><img decoding=\"async\" class=\"alignright size-thumbnail wp-image-7236\" title=\"Mero Baze\" src=\"http:\/\/www.fjala.info\/2012\/mero_baze.jpg\" alt=\"\" width=\"150\" \/> Nga <strong>Mero Baze<\/strong>, <em>22 Shtator 2012<\/em><\/p>\n<p>N\u00eb disa komente online, por dhe mesazhe t\u00eb miqve t\u00eb mi prej dit\u00ebs s\u00eb djeshme, \u00ebsht\u00eb shtuar shum\u00eb pyetja \u201ca e zuri veza e atij aktivistit t\u00eb AK Berish\u00ebn n\u00eb Rom\u00eb? Gazeta Tema botoi nj\u00eb foto t\u00eb momentit kur ai po gjuante makin\u00ebn, por nuk kemi nj\u00eb foto t\u00eb makin\u00eb s\u00eb b\u00ebr\u00eb me vez\u00eb. Me gjasa mund dhe t\u00eb mos e ket\u00eb z\u00ebn\u00eb, ose nuk \u00ebsht\u00eb fotografuar nga shpejt\u00ebsia e madhe me t\u00eb cil\u00ebn \u00ebsht\u00eb larguar.<\/p>\n<p>Problemi nuk \u00ebsht\u00eb t\u00eb hetojm\u00eb deri n\u00eb detaje sken\u00ebn e gjuajtjes me vez\u00eb apo me miell. Kam iden\u00eb q\u00eb dhe qesja me miell e ish- t\u00eb burgosurit politik nuk e preku Berish\u00ebn, pasi ishte brenda makin\u00ebs s\u00eb blinduar. Por ajo i dhembi m\u00eb shum\u00eb se sa granata e hedhur tek k\u00ebmb\u00ebt e tij n\u00eb vitin 1997. Ai arrestoi tre ish- t\u00eb burgosurit politik\u00eb t\u00eb komunizmit p\u00ebr at\u00eb qese mielli dhe pushoi nga puna 20 polic\u00eb. Kjo \u00ebsht\u00eb nj\u00eb shenj\u00eb q\u00eb mielli nuk i ka prekur kostumin, por trurin, dhe e ka trembur m\u00eb shum\u00eb se sa nj\u00eb bomb\u00eb e hedhur mbi t\u00eb.<\/p>\n<p>Edhe n\u00eb rastin e vez\u00ebs s\u00eb hedhur ndaj tij n\u00eb Rom\u00eb, nuk ka shum\u00eb r\u00ebnd\u00ebsi fakti se deri ku arriti veza, a e preku makin\u00ebn dhe a mbrojti policia italiane, por ka r\u00ebnd\u00ebsi fakti q\u00eb atij i \u00ebsht\u00eb prer\u00eb oreksi tek dreka e kryeministrave q\u00eb e priste pas port\u00ebs s\u00eb hekurt, ku u q\u00ebllua me vez\u00eb. Nga t\u00eb pest\u00eb kryeministrat, ai ishte i vetmi, q\u00eb populli i tij e priti tek dera me protesta. Kaq mjafton p\u00ebr ta vrar\u00eb at\u00eb m\u00eb shum\u00eb se sa me nj\u00eb vez\u00eb. Natyrisht ai nuk mund t\u00eb pushonte nga puna polic\u00ebt italian\u00eb dhe nuk mund t\u2019i ankohej Montit q\u00eb kishte l\u00ebn\u00eb djemt\u00eb e vajzat e AK para vil\u00ebs ku do t\u00eb drekonin.<\/p>\n<p>Diferenca mes miellit n\u00eb Tiran\u00eb dhe vez\u00ebs n\u00eb Itali \u00ebsht\u00eb se fuqia e tij p\u00ebr t\u00eb reaguar ndaj protestuesve \u00ebsht\u00eb e ndryshme n\u00eb t\u00eb dy vendet. N\u00eb Tiran\u00eb ai mundi t\u00eb b\u00ebnte reprezalje, t\u00eb terrorizonte policin\u00eb duke i pushuar nga puna, t\u00eb arrestonte dhe t\u00eb p\u00ebrndiqte ish- t\u00eb burgosurit dhe t\u00eb p\u00ebrndjekurit e komunizmit, por n\u00eb Itali thjesht\u00eb mund t\u00eb turfullonte dhe maksimumi t\u00eb mos hante drek\u00eb si\u00e7 thuhet q\u00eb ka b\u00ebr\u00eb n\u00eb drek\u00ebn n\u00eb Montin.<\/p>\n<p>Por ajo p\u00ebr t\u00eb cil\u00ebn ne duhet t\u00eb jemi t\u00eb v\u00ebmendsh\u00ebm \u00ebsht\u00eb t\u00eb shikojm\u00eb se si do t\u00eb reagoj\u00eb ai ndaj vez\u00ebs s\u00eb gjuajtur n\u00eb Itali kur t\u00eb kthehet n\u00eb Tiran\u00eb. Mos harroni se ai do ta fal\u00eb at\u00eb vez\u00eb. Keni p\u00ebr t\u00eb par\u00eb se si n\u00eb takimet publike t\u00eb AK do t\u00eb shfaqen t\u00eb fort\u00ebt e Berish\u00ebs p\u00ebr t\u00eb prishur mitingje apo p\u00ebr t\u00eb dhunuar drejtuesit e tyre. <\/p>\n<p>Keni p\u00ebr t\u00eb par\u00eb gjuh\u00ebn q\u00eb ai tashm\u00eb do t\u00eb p\u00ebrdor\u00eb ndaj tyre dhe ndaj drejtuesit t\u00eb AK. Ajo shfaqje e djemve, veshur me flamuj kuq e zinj n\u00eb Rom\u00eb, q\u00eb protestonin kund\u00ebr kryeministrit t\u00eb tyre, \u00ebsht\u00eb nj\u00eb turp\u00ebrim shembullor q\u00eb i \u00ebsht\u00eb b\u00ebr\u00eb atij, pik\u00ebrisht atje ku ai mendon se mund t\u00eb fitoj\u00eb vet\u00ebm, duke bler\u00eb Per\u00ebndimin me lek\u00ebt e pista t\u00eb korrupsionit n\u00eb Shqip\u00ebri. Ajo shfaqje \u00ebsht\u00eb m\u00eb shum\u00eb se sa nj\u00eb vez\u00eb e prishur mbi makin\u00ebn e tij.<\/p>\n<p>Ai personalisht do ta pranonte me qejf ta q\u00ebllonte dikush dhe me gur\u00eb, por jo n\u00eb at\u00eb vend, ashtu si\u00e7 do t\u00eb d\u00ebshironte q\u00eb t\u00eb p\u00ebrleshej dhe me arm\u00eb me dik\u00eb, por jo ta curronin me nj\u00eb qese mielli duke hyr\u00eb n\u00eb Kuvend. Si njeri q\u00eb ka dhun\u00ebn mjet p\u00ebr arritjen e q\u00ebllimit, ai ndjehet dyfish i dhunuar nga ideja q\u00eb kund\u00ebrshtar\u00ebt nuk po e dhunojn\u00eb, por po e turp\u00ebrojn\u00eb. Dhe beteja e re q\u00eb do t\u00eb kemi para me t\u00eb tani do t\u00eb jet\u00eb beteja p\u00ebr t\u2019u shmangur dhun\u00ebs q\u00eb ai do t\u00eb provokoj\u00eb. Ai nuk e duron dot \u00e7\u2019burr\u00ebrimin dhe \u00ebsht\u00eb i frik\u00ebsuar se mielli dhe vez\u00ebt mbi t\u00eb do t\u00eb kthehen n\u00eb nj\u00eb simbol proteste si preshi ndaj Tritan Shehut n\u00eb vitin 1997. Ndaj duhet t\u00eb p\u00ebrgatitemi t\u00eb ndalim sindrom\u00ebn e dhun\u00ebs q\u00eb mund t\u00eb diktoj\u00eb tani e tutje aktet e tij politike ndaj kund\u00ebrshtar\u00ebve.<\/p>\n<p>Dje n\u00eb nj\u00eb takim socialist\u00ebsh u shfaq nj\u00eb njeri me aparat n\u00eb dor\u00eb p\u00ebr t\u00eb filmuar \u201carmiqt\u00eb\u201d kund\u00ebr pushtetit. Do t\u00eb shfaqen dita dit\u00ebs huligan\u00eb, tropojan\u00eb t\u00eb pir\u00eb, pastaj dhe polic\u00eb q\u00eb do t\u00eb mbrojn\u00eb agresor\u00ebt nga opozita. \u00cbsht\u00eb spiralja spontane q\u00eb ai ndjek p\u00ebr tu treguar t\u00eb gjith\u00ebve se nuk mund ta \u00e7\u2019burr\u00ebroj\u00eb kush. Nuk ka gj\u00eb q\u00eb e \u00e7mend m\u00eb shum\u00eb se sa ideja se dikush po tallet me t\u00eb duke e trembur me vez\u00eb dhe miell, t\u00eb cilat s\u00eb bashku n\u00eb fytyr\u00ebn e Berish\u00ebs nuk b\u00ebjn\u00eb dot \u00ebmb\u00eblsir\u00eb, edhe sikur t\u2019i shtosh sheqer.<\/p>\n","protected":false},"excerpt":{"rendered":"<p>Nga Mero Baze, 22 Shtator 2012 N\u00eb disa komente online, por dhe mesazhe t\u00eb miqve t\u00eb mi prej dit\u00ebs s\u00eb djeshme, \u00ebsht\u00eb shtuar shum\u00eb pyetja \u201ca e zuri veza e atij aktivistit t\u00eb AK Berish\u00ebn n\u00eb Rom\u00eb? Gazeta Tema botoi nj\u00eb foto t\u00eb momentit kur ai po gjuante makin\u00ebn, por nuk kemi nj\u00eb foto t\u00eb [&hellip;]<\/p>\n","protected":false},"author":1,"featured_media":0,"comment_status":"open","ping_status":"closed","sticky":false,"template":"","format":"standard","meta":{"footnotes":""},"categories":[2],"tags":[],"class_list":{"0":"post-5109","1":"post","2":"type-post","3":"status-publish","4":"format-standard","6":"category-artikuj"},"yoast_head":"<!-- This site is optimized with the Yoast SEO plugin v27.4 - https:\/\/yoast.com\/product\/yoast-seo-wordpress\/ -->\n<title>A e zuri veza Berish\u00ebn? - FjALA e LIR\u00cb - Arkivi<\/title>\n<meta name=\"robots\" content=\"index, follow, max-snippet:-1, max-image-preview:large, max-video-preview:-1\" \/>\n<link rel=\"canonical\" href=\"https:\/\/fjala.info\/2009-2015\/a-e-zuri-veza-berishen\/\" \/>\n<meta property=\"og:locale\" content=\"sq_AL\" \/>\n<meta property=\"og:type\" content=\"article\" \/>\n<meta property=\"og:title\" content=\"A e zuri veza Berish\u00ebn? - FjALA e LIR\u00cb - Arkivi\" \/>\n<meta property=\"og:description\" content=\"Nga Mero Baze, 22 Shtator 2012 N\u00eb disa komente online, por dhe mesazhe t\u00eb miqve t\u00eb mi prej dit\u00ebs s\u00eb djeshme, \u00ebsht\u00eb shtuar shum\u00eb pyetja \u201ca e zuri veza e atij aktivistit t\u00eb AK Berish\u00ebn n\u00eb Rom\u00eb? Gazeta Tema botoi nj\u00eb foto t\u00eb momentit kur ai po gjuante makin\u00ebn, por nuk kemi nj\u00eb foto t\u00eb [&hellip;]\" \/>\n<meta property=\"og:url\" content=\"https:\/\/fjala.info\/2009-2015\/a-e-zuri-veza-berishen\/\" \/>\n<meta property=\"og:site_name\" content=\"FjALA e LIR\u00cb - Arkivi\" \/>\n<meta property=\"article:published_time\" content=\"2012-09-23T07:11:45+00:00\" \/>\n<meta property=\"og:image\" content=\"http:\/\/www.fjala.info\/2012\/mero_baze.jpg\" \/>\n<meta name=\"author\" content=\"admin\" \/>\n<meta name=\"twitter:card\" content=\"summary_large_image\" \/>\n<meta name=\"twitter:label1\" content=\"Written by\" \/>\n\t<meta name=\"twitter:data1\" content=\"admin\" \/>\n\t<meta name=\"twitter:label2\" content=\"Est. reading time\" \/>\n\t<meta name=\"twitter:data2\" content=\"4 minutes\" \/>\n<script type=\"application\/ld+json\" class=\"yoast-schema-graph\">{\"@context\":\"https:\\\/\\\/schema.org\",\"@graph\":[{\"@type\":\"Article\",\"@id\":\"https:\\\/\\\/fjala.info\\\/2009-2015\\\/a-e-zuri-veza-berishen\\\/#article\",\"isPartOf\":{\"@id\":\"https:\\\/\\\/fjala.info\\\/2009-2015\\\/a-e-zuri-veza-berishen\\\/\"},\"author\":{\"name\":\"admin\",\"@id\":\"https:\\\/\\\/fjala.info\\\/2009-2015\\\/#\\\/schema\\\/person\\\/3aa1163ef05469c496fc94e77611ada2\"},\"headline\":\"A e zuri veza Berish\u00ebn?\",\"datePublished\":\"2012-09-23T07:11:45+00:00\",\"mainEntityOfPage\":{\"@id\":\"https:\\\/\\\/fjala.info\\\/2009-2015\\\/a-e-zuri-veza-berishen\\\/\"},\"wordCount\":860,\"commentCount\":0,\"publisher\":{\"@id\":\"https:\\\/\\\/fjala.info\\\/2009-2015\\\/#organization\"},\"image\":{\"@id\":\"https:\\\/\\\/fjala.info\\\/2009-2015\\\/a-e-zuri-veza-berishen\\\/#primaryimage\"},\"thumbnailUrl\":\"http:\\\/\\\/www.fjala.info\\\/2012\\\/mero_baze.jpg\",\"articleSection\":[\"Artikuj\"],\"inLanguage\":\"sq-AL\",\"potentialAction\":[{\"@type\":\"CommentAction\",\"name\":\"Comment\",\"target\":[\"https:\\\/\\\/fjala.info\\\/2009-2015\\\/a-e-zuri-veza-berishen\\\/#respond\"]}]},{\"@type\":\"WebPage\",\"@id\":\"https:\\\/\\\/fjala.info\\\/2009-2015\\\/a-e-zuri-veza-berishen\\\/\",\"url\":\"https:\\\/\\\/fjala.info\\\/2009-2015\\\/a-e-zuri-veza-berishen\\\/\",\"name\":\"A e zuri veza Berish\u00ebn? - FjALA e LIR\u00cb - Arkivi\",\"isPartOf\":{\"@id\":\"https:\\\/\\\/fjala.info\\\/2009-2015\\\/#website\"},\"primaryImageOfPage\":{\"@id\":\"https:\\\/\\\/fjala.info\\\/2009-2015\\\/a-e-zuri-veza-berishen\\\/#primaryimage\"},\"image\":{\"@id\":\"https:\\\/\\\/fjala.info\\\/2009-2015\\\/a-e-zuri-veza-berishen\\\/#primaryimage\"},\"thumbnailUrl\":\"http:\\\/\\\/www.fjala.info\\\/2012\\\/mero_baze.jpg\",\"datePublished\":\"2012-09-23T07:11:45+00:00\",\"breadcrumb\":{\"@id\":\"https:\\\/\\\/fjala.info\\\/2009-2015\\\/a-e-zuri-veza-berishen\\\/#breadcrumb\"},\"inLanguage\":\"sq-AL\",\"potentialAction\":[{\"@type\":\"ReadAction\",\"target\":[\"https:\\\/\\\/fjala.info\\\/2009-2015\\\/a-e-zuri-veza-berishen\\\/\"]}]},{\"@type\":\"ImageObject\",\"inLanguage\":\"sq-AL\",\"@id\":\"https:\\\/\\\/fjala.info\\\/2009-2015\\\/a-e-zuri-veza-berishen\\\/#primaryimage\",\"url\":\"http:\\\/\\\/www.fjala.info\\\/2012\\\/mero_baze.jpg\",\"contentUrl\":\"http:\\\/\\\/www.fjala.info\\\/2012\\\/mero_baze.jpg\"},{\"@type\":\"BreadcrumbList\",\"@id\":\"https:\\\/\\\/fjala.info\\\/2009-2015\\\/a-e-zuri-veza-berishen\\\/#breadcrumb\",\"itemListElement\":[{\"@type\":\"ListItem\",\"position\":1,\"name\":\"Home\",\"item\":\"https:\\\/\\\/fjala.info\\\/2009-2015\\\/\"},{\"@type\":\"ListItem\",\"position\":2,\"name\":\"A e zuri veza Berish\u00ebn?\"}]},{\"@type\":\"WebSite\",\"@id\":\"https:\\\/\\\/fjala.info\\\/2009-2015\\\/#website\",\"url\":\"https:\\\/\\\/fjala.info\\\/2009-2015\\\/\",\"name\":\"FjALA e LIR\u00cb - Arkivi\",\"description\":\"Arkivi 2009-2015\",\"publisher\":{\"@id\":\"https:\\\/\\\/fjala.info\\\/2009-2015\\\/#organization\"},\"potentialAction\":[{\"@type\":\"SearchAction\",\"target\":{\"@type\":\"EntryPoint\",\"urlTemplate\":\"https:\\\/\\\/fjala.info\\\/2009-2015\\\/?s={search_term_string}\"},\"query-input\":{\"@type\":\"PropertyValueSpecification\",\"valueRequired\":true,\"valueName\":\"search_term_string\"}}],\"inLanguage\":\"sq-AL\"},{\"@type\":\"Organization\",\"@id\":\"https:\\\/\\\/fjala.info\\\/2009-2015\\\/#organization\",\"name\":\"FjALA e LIR\u00cb - Arkivi\",\"url\":\"https:\\\/\\\/fjala.info\\\/2009-2015\\\/\",\"logo\":{\"@type\":\"ImageObject\",\"inLanguage\":\"sq-AL\",\"@id\":\"https:\\\/\\\/fjala.info\\\/2009-2015\\\/#\\\/schema\\\/logo\\\/image\\\/\",\"url\":\"\",\"contentUrl\":\"\",\"caption\":\"FjALA e LIR\u00cb - Arkivi\"},\"image\":{\"@id\":\"https:\\\/\\\/fjala.info\\\/2009-2015\\\/#\\\/schema\\\/logo\\\/image\\\/\"}},{\"@type\":\"Person\",\"@id\":\"https:\\\/\\\/fjala.info\\\/2009-2015\\\/#\\\/schema\\\/person\\\/3aa1163ef05469c496fc94e77611ada2\",\"name\":\"admin\",\"image\":{\"@type\":\"ImageObject\",\"inLanguage\":\"sq-AL\",\"@id\":\"https:\\\/\\\/fjala.info\\\/2009-2015\\\/wp-content\\\/uploads\\\/2012\\\/02\\\/arben_cokaj-120x150.jpg\",\"url\":\"https:\\\/\\\/fjala.info\\\/2009-2015\\\/wp-content\\\/uploads\\\/2012\\\/02\\\/arben_cokaj-120x150.jpg\",\"contentUrl\":\"https:\\\/\\\/fjala.info\\\/2009-2015\\\/wp-content\\\/uploads\\\/2012\\\/02\\\/arben_cokaj-120x150.jpg\",\"caption\":\"admin\"},\"description\":\"Admin, Fjala e Lir\u00eb\",\"sameAs\":[\"https:\\\/\\\/fjala.info\\\/\"],\"url\":\"https:\\\/\\\/fjala.info\\\/2009-2015\\\/author\\\/admin\\\/\"}]}<\/script>\n<!-- \/ Yoast SEO plugin. -->","yoast_head_json":{"title":"A e zuri veza Berish\u00ebn? - FjALA e LIR\u00cb - Arkivi","robots":{"index":"index","follow":"follow","max-snippet":"max-snippet:-1","max-image-preview":"max-image-preview:large","max-video-preview":"max-video-preview:-1"},"canonical":"https:\/\/fjala.info\/2009-2015\/a-e-zuri-veza-berishen\/","og_locale":"sq_AL","og_type":"article","og_title":"A e zuri veza Berish\u00ebn? - FjALA e LIR\u00cb - Arkivi","og_description":"Nga Mero Baze, 22 Shtator 2012 N\u00eb disa komente online, por dhe mesazhe t\u00eb miqve t\u00eb mi prej dit\u00ebs s\u00eb djeshme, \u00ebsht\u00eb shtuar shum\u00eb pyetja \u201ca e zuri veza e atij aktivistit t\u00eb AK Berish\u00ebn n\u00eb Rom\u00eb? Gazeta Tema botoi nj\u00eb foto t\u00eb momentit kur ai po gjuante makin\u00ebn, por nuk kemi nj\u00eb foto t\u00eb [&hellip;]","og_url":"https:\/\/fjala.info\/2009-2015\/a-e-zuri-veza-berishen\/","og_site_name":"FjALA e LIR\u00cb - Arkivi","article_published_time":"2012-09-23T07:11:45+00:00","og_image":[{"url":"http:\/\/www.fjala.info\/2012\/mero_baze.jpg","type":"","width":"","height":""}],"author":"admin","twitter_card":"summary_large_image","twitter_misc":{"Written by":"admin","Est. reading time":"4 minutes"},"schema":{"@context":"https:\/\/schema.org","@graph":[{"@type":"Article","@id":"https:\/\/fjala.info\/2009-2015\/a-e-zuri-veza-berishen\/#article","isPartOf":{"@id":"https:\/\/fjala.info\/2009-2015\/a-e-zuri-veza-berishen\/"},"author":{"name":"admin","@id":"https:\/\/fjala.info\/2009-2015\/#\/schema\/person\/3aa1163ef05469c496fc94e77611ada2"},"headline":"A e zuri veza Berish\u00ebn?","datePublished":"2012-09-23T07:11:45+00:00","mainEntityOfPage":{"@id":"https:\/\/fjala.info\/2009-2015\/a-e-zuri-veza-berishen\/"},"wordCount":860,"commentCount":0,"publisher":{"@id":"https:\/\/fjala.info\/2009-2015\/#organization"},"image":{"@id":"https:\/\/fjala.info\/2009-2015\/a-e-zuri-veza-berishen\/#primaryimage"},"thumbnailUrl":"http:\/\/www.fjala.info\/2012\/mero_baze.jpg","articleSection":["Artikuj"],"inLanguage":"sq-AL","potentialAction":[{"@type":"CommentAction","name":"Comment","target":["https:\/\/fjala.info\/2009-2015\/a-e-zuri-veza-berishen\/#respond"]}]},{"@type":"WebPage","@id":"https:\/\/fjala.info\/2009-2015\/a-e-zuri-veza-berishen\/","url":"https:\/\/fjala.info\/2009-2015\/a-e-zuri-veza-berishen\/","name":"A e zuri veza Berish\u00ebn? - FjALA e LIR\u00cb - Arkivi","isPartOf":{"@id":"https:\/\/fjala.info\/2009-2015\/#website"},"primaryImageOfPage":{"@id":"https:\/\/fjala.info\/2009-2015\/a-e-zuri-veza-berishen\/#primaryimage"},"image":{"@id":"https:\/\/fjala.info\/2009-2015\/a-e-zuri-veza-berishen\/#primaryimage"},"thumbnailUrl":"http:\/\/www.fjala.info\/2012\/mero_baze.jpg","datePublished":"2012-09-23T07:11:45+00:00","breadcrumb":{"@id":"https:\/\/fjala.info\/2009-2015\/a-e-zuri-veza-berishen\/#breadcrumb"},"inLanguage":"sq-AL","potentialAction":[{"@type":"ReadAction","target":["https:\/\/fjala.info\/2009-2015\/a-e-zuri-veza-berishen\/"]}]},{"@type":"ImageObject","inLanguage":"sq-AL","@id":"https:\/\/fjala.info\/2009-2015\/a-e-zuri-veza-berishen\/#primaryimage","url":"http:\/\/www.fjala.info\/2012\/mero_baze.jpg","contentUrl":"http:\/\/www.fjala.info\/2012\/mero_baze.jpg"},{"@type":"BreadcrumbList","@id":"https:\/\/fjala.info\/2009-2015\/a-e-zuri-veza-berishen\/#breadcrumb","itemListElement":[{"@type":"ListItem","position":1,"name":"Home","item":"https:\/\/fjala.info\/2009-2015\/"},{"@type":"ListItem","position":2,"name":"A e zuri veza Berish\u00ebn?"}]},{"@type":"WebSite","@id":"https:\/\/fjala.info\/2009-2015\/#website","url":"https:\/\/fjala.info\/2009-2015\/","name":"FjALA e LIR\u00cb - Arkivi","description":"Arkivi 2009-2015","publisher":{"@id":"https:\/\/fjala.info\/2009-2015\/#organization"},"potentialAction":[{"@type":"SearchAction","target":{"@type":"EntryPoint","urlTemplate":"https:\/\/fjala.info\/2009-2015\/?s={search_term_string}"},"query-input":{"@type":"PropertyValueSpecification","valueRequired":true,"valueName":"search_term_string"}}],"inLanguage":"sq-AL"},{"@type":"Organization","@id":"https:\/\/fjala.info\/2009-2015\/#organization","name":"FjALA e LIR\u00cb - Arkivi","url":"https:\/\/fjala.info\/2009-2015\/","logo":{"@type":"ImageObject","inLanguage":"sq-AL","@id":"https:\/\/fjala.info\/2009-2015\/#\/schema\/logo\/image\/","url":"","contentUrl":"","caption":"FjALA e LIR\u00cb - Arkivi"},"image":{"@id":"https:\/\/fjala.info\/2009-2015\/#\/schema\/logo\/image\/"}},{"@type":"Person","@id":"https:\/\/fjala.info\/2009-2015\/#\/schema\/person\/3aa1163ef05469c496fc94e77611ada2","name":"admin","image":{"@type":"ImageObject","inLanguage":"sq-AL","@id":"https:\/\/fjala.info\/2009-2015\/wp-content\/uploads\/2012\/02\/arben_cokaj-120x150.jpg","url":"https:\/\/fjala.info\/2009-2015\/wp-content\/uploads\/2012\/02\/arben_cokaj-120x150.jpg","contentUrl":"https:\/\/fjala.info\/2009-2015\/wp-content\/uploads\/2012\/02\/arben_cokaj-120x150.jpg","caption":"admin"},"description":"Admin, Fjala e Lir\u00eb","sameAs":["https:\/\/fjala.info\/"],"url":"https:\/\/fjala.info\/2009-2015\/author\/admin\/"}]}},"_links":{"self":[{"href":"https:\/\/fjala.info\/2009-2015\/wp-json\/wp\/v2\/posts\/5109","targetHints":{"allow":["GET"]}}],"collection":[{"href":"https:\/\/fjala.info\/2009-2015\/wp-json\/wp\/v2\/posts"}],"about":[{"href":"https:\/\/fjala.info\/2009-2015\/wp-json\/wp\/v2\/types\/post"}],"author":[{"embeddable":true,"href":"https:\/\/fjala.info\/2009-2015\/wp-json\/wp\/v2\/users\/1"}],"replies":[{"embeddable":true,"href":"https:\/\/fjala.info\/2009-2015\/wp-json\/wp\/v2\/comments?post=5109"}],"version-history":[{"count":0,"href":"https:\/\/fjala.info\/2009-2015\/wp-json\/wp\/v2\/posts\/5109\/revisions"}],"wp:attachment":[{"href":"https:\/\/fjala.info\/2009-2015\/wp-json\/wp\/v2\/media?parent=5109"}],"wp:term":[{"taxonomy":"category","embeddable":true,"href":"https:\/\/fjala.info\/2009-2015\/wp-json\/wp\/v2\/categories?post=5109"},{"taxonomy":"post_tag","embeddable":true,"href":"https:\/\/fjala.info\/2009-2015\/wp-json\/wp\/v2\/tags?post=5109"}],"curies":[{"name":"wp","href":"https:\/\/api.w.org\/{rel}","templated":true}]}}