{"id":5108,"date":"2010-12-07T08:48:57","date_gmt":"2010-12-07T07:48:57","guid":{"rendered":"http:\/\/fjala.shkoder.net\/?p=5108"},"modified":"2010-12-07T08:48:57","modified_gmt":"2010-12-07T07:48:57","slug":"permbytja-fatkeqesi-natyrore-apo","status":"publish","type":"post","link":"https:\/\/fjala.info\/2009-2015\/permbytja-fatkeqesi-natyrore-apo\/","title":{"rendered":"P\u00cbRMBYTJA, FATKEQ\u00cbSI NATYRORE APO&#8230;"},"content":{"rendered":"<p><strong>Sazan Guri<\/strong><br \/>\n<img loading=\"lazy\" decoding=\"async\" class=\"alignright size-medium wp-image-5106\" title=\"shkodra_nen_uje_051210_10\" src=\"http:\/\/fjala.shkoder.net\/wp-content\/uploads\/2010\/12\/shkodra_nen_uje_051210_10-300x200.jpg\" alt=\"\" width=\"300\" height=\"200\" \/><br \/>\nT\u00eb gjith\u00eb po p\u00ebrballemi me nj\u00eb nga k\u00ebrc\u00ebnimet m\u00eb t\u00eb m\u00ebdha t\u00eb natyr\u00ebs ndaj njeriut, me at\u00eb q\u00eb njeriun e ka shoq\u00ebruar q\u00eb prej motmotesh, qysh sa ka lind, ve\u00e7se me ndryshimin se q\u00ebmoti njeriu u trembej fatkeq\u00ebsive natyrore, por m\u00eb mir\u00eb t\u00eb themi i respektonte, nd\u00ebrsa njeriu i sot\u00ebm, jo vet\u00ebm nuk merr mundimin ta njoh\u00eb, (ligjet e natyr\u00ebs i kemi n\u00ebn hund\u00eb, por pak dim\u00eb t\u2019i nuhasim), jo m\u00eb ta zot\u00ebroj\u00eb, por as nuk i th\u00ebrret memories s\u00eb t\u00eb par\u00ebve t\u00eb vet, se si e rregullonte katragjyshi i tij k\u00ebt\u00eb marr\u00ebdh\u00ebnie me natyr\u00ebn, ku zakoni n\u00eb logun e burrave deri n\u00eb vitet e para \u201990-s ishte q\u00eb dikush th\u00ebrriste tradit\u00ebn e para ardh\u00ebsve, dhe t\u00eb tjer\u00ebt b\u00ebheshin arsyeja e tyre. Madje, syresh si n\u00eb vendimmarrje apo posht\u00eb n\u00eb katund i b\u00ebjn\u00eb k\u00ebrsh\u00ebri edhe ekspertit, m\u00eb mir\u00eb t\u00eb themi nuk pyesin as p\u00ebr ekspert, kur dihet se fatkeq\u00ebsit\u00eb m\u00eb t\u00eb m\u00ebdha njer\u00ebzimit i kan\u00eb ndodhur nga mosd\u00ebgjimi i njer\u00ebzve t\u00eb zgjuar.<\/p>\n<p>Ndaj dhe po ndodh q\u00eb nuk ka dit\u00eb mos d\u00ebgjosh se aty u shemb\u00ebn disa sht\u00ebpi, se atje rr\u00ebshqit\u00ebn disa lagje me banesa, se tutje tej po mbyten disa si fshatra me sht\u00ebpi, bashk\u00eb me dhen\u00eb e dhi. Dhe p\u00ebr \u00e7far\u00eb? Sepse si asnj\u00ebher\u00eb tjet\u00ebr, shqiptari vuri dor\u00eb p\u00ebr her\u00eb t\u00eb par\u00eb n\u00eb historin\u00eb e vet njer\u00ebzore mbi natyr\u00ebn. P\u00ebr rast t\u00eb par\u00eb, qysh nga koha e pellazg\u00ebve, romak\u00ebve apo e bizantit, madje edhe at\u00eb dovletit, ndodhi q\u00eb t\u00eb pritej nj\u00eb pem\u00eb, m\u00eb sakt\u00eb nj\u00eb pyll e t\u00eb z\u00ebvend\u00ebsohet me nj\u00eb ngrehin\u00eb.<\/p>\n<p>N\u00eb sa e sa fshatra apo korije me pyje, fshatar\u00ebt tan\u00eb trima pren\u00eb drur\u00eb p\u00ebr t\u2019u ngrohur nj\u00eb dim\u00ebr dhe p\u00ebr t\u00eb shitur e fituar ca kacidhe me lek\u00eb, ku pas nj\u00eb apo dy vjet\u00ebsh, shiu q\u00eb tashm\u00eb binte mbi dhera dhe jo mbi pem\u00eb e bar si dikur, iu ka marr\u00eb sht\u00ebpin\u00eb e katandin\u00eb, si\u00e7 d\u00ebgjohet \u00e7do nat\u00eb n\u00eb emisione lajmesh. N\u00eb sa e sa dikur pyje, u dhan\u00eb leje mjedisore p\u00ebr kompani t\u00eb huaja t\u00eb prisnin ca shqop\u00eb e mare, por ja q\u00eb ata mor\u00ebn edhe ca ah, edhe ca lis e pish\u00eb, edhe ca pare.<\/p>\n<p>Rezultati, Shqip\u00ebria nga nj\u00eb vend me 83% t\u00eb territorit me pyje n\u00eb vitet e mbretit, arriti n\u00eb 35% n\u00eb vitet e dovletit (para \u201890), dhe sot kemi 1,020,700ha (10,000 km2) sip\u00ebrfaqe t\u00eb njohur p\u00ebr pyje, por q\u00eb pyje s\u2019kan\u00eb ose 10% t\u00eb sip\u00ebrfaqes s\u00eb vendit, kundrejt 65-70% q\u00eb ka pothuajse \u00e7do vend sot n\u00eb bot\u00eb, por q\u00eb vet\u00ebm pyje kan\u00eb. Ju kujtojm\u00eb se Suedia me 90% t\u00eb territorit me pyje importon dru rifuxho dhe nuk pret prej pyjeve t\u00eb saj, dhe eksporton at\u00eb pak dru cil\u00ebsor t\u00eb saj\u00ebn i quajturi dru suedez p\u00ebr disa lloj punimesh tipike cil\u00ebsore, q\u00eb shpesh marrin dhe emrin e vendit nga vijn\u00eb si shkall\u00eb suedeze etj., etj&#8230;<\/p>\n<p>Rezultati tjet\u00ebr! Q\u00eb vendi yn\u00eb mbytet me nj\u00eb pik\u00eb shi, si nj\u00eb foshnje n\u00eb nj\u00eb legen me uj\u00eb &#8211; stuhi n\u00eb nj\u00eb kup\u00eb \u00e7aji (storm in tea cup) nga ato t\u00eb dramave t\u00eb Shekspirit. Por, kjo lloj mbytjeje mund t\u00eb falet p\u00ebr popujt n\u00eb fillimet e veta, (40.000 njer\u00ebz vdiq\u00ebn nga hiri vullkanik gjat\u00eb shkat\u00ebrrimit t\u00eb Pompeut n\u00eb koh\u00ebn romake, sepse n\u00ebnvler\u00ebsuan forc\u00ebn e natyr\u00ebs), kur fatkeq\u00ebsit\u00eb p\u00ebr aq koh\u00eb sa nuk njiheshin, dhe p\u00ebr aq koh\u00eb sa nuk mateshin merrnin kuptimin e fatkeq\u00ebsive natyrore, por jo sot te ky popull i pal\u00ebvizur nga k\u00ebto troje, qysh prej mij\u00ebvje\u00e7ar\u00ebsh, (nuk njihen migrime t\u00eb pellazgeve apo ilir\u00ebve apo shqiptar\u00ebve, as nga jasht\u00eb brenda e as nga brenda jasht\u00eb), pra, popull i lidhur me kontrat\u00eb t\u00eb patundshme me natyr\u00ebn. Ndaj dhe q\u00ebmoti, ky popull nuk gaboi, kur nd\u00ebrtoi me kilometra larg vij\u00ebs bregore, si fshatin Velipoj\u00eb, po k\u00ebshtu edhe Lezh\u00ebn, madje n\u00ebp\u00ebr kodra, po k\u00ebshtu edhe Talen apo Fush\u00eb-Kuqen.<\/p>\n<p>Si mendoni ju homosapiensit e sot\u00ebm q\u00eb fushat zut\u00eb, se ky popull nuk dinte t\u00eb nd\u00ebrtonte alla golem\u00e7e, me nd\u00ebrtesa para dunave t\u00eb detit, shpesh edhe brenda n\u00eb det, sikund\u00ebr po ndodh sot. Jo ore jo, sepse njer\u00ebzimi ka qen\u00eb po aq i men\u00e7ur, por jo arrakat me natyr\u00ebn, ndaj dhe nd\u00ebrtoi Divjak\u00ebn 5 km larg, Nart\u00ebn e Zv\u00ebrnecin prapa dunave bregore, Fush\u00eb-Kuqen 6 km larg detit dhe qytetin e Vlor\u00ebs larg Skel\u00ebs etj.<\/p>\n<p>Ndaj dhe kjo mbytje apo p\u00ebrmbytje nuk t\u00eb falet sot. Se m\u00eb par\u00eb se t\u00eb kishe p\u00ebrmbytjen sot, ti o njeri nuk doje, nuk dite, nuk munde t\u00eb mbaje dot nj\u00eb penges\u00eb barrier\u00eb prej nj\u00eb metri lart\u00ebsi, q\u00ebkur t\u00eb fryj\u00eb Shiroka apo Afrika apo Juga t\u00eb t\u00eb mos t\u00eb t\u00eb ven\u00eb uj\u00ebrat e kripura n\u00eb tok\u00ebn t\u00ebnde me ushyret e \u00ebmbla t\u00eb stin\u00ebs. Kujdes, se kombet si Danimarka e Holanda mbajn\u00eb e mir\u00ebmbajn\u00eb pengesa t\u00eb tilla deri n\u00eb 10 m lart\u00ebsi, q\u00eb mbrojn\u00eb vatanin nga rreziqet natyrore.<\/p>\n<p>Se m\u00eb par\u00eb se t\u00eb kesh p\u00ebrmbytjen sot, ti o njeri kishe prer\u00eb pem\u00ebt, q\u00eb b\u00ebjn\u00eb \u00e7do veprim tonin me p\u00ebrjashtim t\u00eb ecjes, dhe si t\u00eb tilla ato do t\u00eb mbanin secila 300 litra uj\u00eb si depozit\u00eb dhe 300 litra t\u00eb tjera p\u00ebr transpirim, pra \u00e7do pem\u00eb thith n\u00eb momentin e r\u00ebnies s\u00eb shiut rreth 600 litra uj\u00eb, q\u00eb n\u00eb rastin ton\u00eb p\u00ebrkthehet se k\u00ebta p\u00ebrrenj q\u00eb furnizojn\u00eb Fierz\u00ebn, Komanin e Vaun e Dej\u00ebs, nuk do t\u00eb jen\u00eb m\u00eb p\u00ebrrenj, por secili prej tyre do t\u00eb jet\u00eb nj\u00eb lum\u00eb i madh, madje me llum\u00eb, p\u00ebr shkak t\u00eb g\u00ebrryerjes q\u00eb i b\u00ebhet tok\u00ebs pa pem\u00eb, pa dru apo pa bar, pra, q\u00eb i b\u00ebhet tok\u00ebs dikur pyll n\u00eb burim t\u00eb p\u00ebrroit. Q\u00eb t\u00eb dini, t\u00eb dashur lexues, edhe m\u00eb mir\u00eb vler\u00ebn e pyllit, sot dihet bot\u00ebrisht se 1 acre pyll mban 10 njer\u00ebz dhe 1 acre me grur\u00eb mban m\u00eb pak se 5 njer\u00ebz.<\/p>\n<p>Por, n\u00eb vendin ton\u00eb am\u00eb, sa gjen eskimez n\u00eb shkret\u00ebtir\u00eb, aq gjen pem\u00eb n\u00ebp\u00ebr malet tona, me p\u00ebrjashtim t\u00eb tri zonave park natyror, e theksoj natyror, jo njer\u00ebzor, Dajt, Vithkuq e Llogora, ku sot n\u00ebp\u00ebr inxhinier\u00ebt e pyjeve qarkullon edhe nj\u00eb shprehje, sa reale dhe vrastare &#8211; se n\u00eb Lur\u00eb nuk ka m\u00eb se \u00e7far\u00eb t\u00eb shkat\u00ebrrohet. Mos u \u00e7udisni nga kjo gj\u00ebm\u00eb, se ashtu sikund\u00ebr 100 burra rrejn\u00eb, por nj\u00eb kosh plehu nuk rren, pra, jan\u00eb malet tona kreshnike e krenare q\u00eb nuk t\u00eb lejojn\u00eb t\u00eb rresh. Shkoni e i shikoni, por kujdes ruhuni nga ndonj\u00eb p\u00ebrrua me balt\u00eb, nga ndonj\u00eb rr\u00ebshqitje dheu.<\/p>\n<p>Imagjinoni i dashur popull fatkeq nga mendja, se lumi i Bun\u00ebs, q\u00eb heq nj\u00eb sasi prej 1800 m3\/sek, sot i duhet t\u00eb heq\u00eb 6000m3 n\u00eb sekond\u00eb. Ku do ta gjej\u00eb shtratin ky lum t\u00eb heq 3-4 fish-in e vet. E z\u00ebm\u00eb se do t\u00eb nd\u00ebrtojm\u00eb nj\u00eb shtrat rezerv\u00eb, si vjenez\u00ebt q\u00eb nd\u00ebrtuan nj\u00eb shtrat rezerv\u00eb Danubi n\u00eb Vjen\u00eb, por nuk mund t\u00eb nd\u00ebrtohen 3-4 shtret\u00ebr t\u00eb till\u00eb, se kan\u00eb jo vet\u00ebm kosto t\u00eb m\u00ebdha, por kan\u00eb edhe amortizim t\u00eb shpejt\u00eb nga mbushjet prej p\u00ebrrenjve me balt\u00eb, p\u00ebr shkak t\u00eb munges\u00ebs s\u00eb pyjeve.<\/p>\n<p>Zgjidhja. S\u00eb pari t\u00eb nderuar deputet\u00eb, ministra, politikan\u00eb hiqni dor\u00eb nga ofshamat p\u00ebr motin me shi apo pa shi, por shtrojeni k\u00ebt\u00eb popull q\u00eb me dor\u00ebn e tyre t\u00eb mbjellin pyje me pem\u00eb, sepse ky popull ka koh\u00eb q\u00eb nuk mbjell me nj\u00eb dor\u00eb q\u00eb t\u00eb mund, sipas proverbit, t\u00eb korr\u00eb me t\u00eb dyja, p\u00ebrkundrazi vet\u00ebm korr\u00eb, madje lejon t\u00eb tjer\u00ebt q\u00eb t\u00eb korrin me shtat\u00eb duar. M\u00ebso veten dhe t\u00eb tjer\u00ebt, q\u00eb m\u00eb par\u00eb se t\u00eb ngresh nj\u00eb ngrehin\u00eb merr parasysh rreziqet q\u00eb sot nuk duhet t\u00eb quhen m\u00eb natyrore, por njer\u00ebzore.<\/p>\n<p>Detyroni kryetar\u00ebt agronom\u00eb t\u00eb komunave, q\u00eb p\u00ebrpos portretit t\u00eb Presidentit n\u00ebp\u00ebr zyra t\u00eb varin hartat e gjeorreziqeve natyrore, q\u00eb kur nuk i njeh dhe nuk i respekton b\u00ebhen njer\u00ebzore, sepse natyra tiparin m\u00eb t\u00eb lart\u00eb t\u00eb ligjeve t\u00eb saj nuk ka zem\u00ebrimin, por dhembshurin\u00eb, nd\u00ebrkoh\u00eb q\u00eb njeriu ka pap\u00ebrgjegjshm\u00ebrin\u00eb apo arrakatin\u00eb. Si mundet t\u00eb nd\u00ebrtohet p\u00ebrpara zonave t\u00eb shkarkimit t\u00eb tri digave q\u00eb nuk jan\u00eb t\u00eb vogla, q\u00eb do t\u00eb thot\u00eb se k\u00ebto diga deri n\u00eb shkarkimin e tyre n\u00eb det do t\u00eb ken\u00eb nj\u00eb zon\u00eb t\u00eb komanduar t\u00eb quajtur buferike, pra nj\u00eb shtrat rezerve uj\u00ebrash midis dy argjinaturave apo pend\u00ebve sa natyrore dhe njer\u00ebzore, ku askush nuk duhet t\u00eb guxoj\u00eb t\u00eb afrohet, as me toka buke e jo m\u00eb me katrahure ngrehina, pa xokule, me lart\u00ebsi 10cm nga sip\u00ebrfaqja e tok\u00ebs, n\u00ebn nivel deti, n\u00ebn nivel lumi.<\/p>\n<p>E po kjo nuk \u00ebsht\u00eb zem\u00ebrim natyre, por arrakati njer\u00ebzore, pse jo dhe shtet\u00ebrore, megjith\u00ebse nuk ka vendimmarr\u00ebs t\u00eb k\u00ebqij, por qytetar\u00eb t\u00eb pap\u00ebrgjegjsh\u00ebm. Nuk \u00ebsht\u00eb se ra shi me gjyma, apo si\u00e7 thon\u00eb pellazg\u00ebt e vjet\u00ebr dhe anglez\u00ebt e sot\u00ebm, shi me mace e me qen (cats and dogs) dhe o bubu \u00e7\u2019na gjeti kjo hata. Tani po e kuptoj, pse shqiptar\u00ebt e sot\u00ebm flasim me z\u00eb t\u00eb lart\u00eb, sepse kan\u00eb forc\u00eb mendimi t\u00eb ul\u00ebt.<\/p>\n","protected":false},"excerpt":{"rendered":"<p>Sazan Guri T\u00eb gjith\u00eb po p\u00ebrballemi me nj\u00eb nga k\u00ebrc\u00ebnimet m\u00eb t\u00eb m\u00ebdha t\u00eb natyr\u00ebs ndaj njeriut, me at\u00eb q\u00eb njeriun e ka shoq\u00ebruar q\u00eb prej motmotesh, qysh sa ka lind, ve\u00e7se me ndryshimin se q\u00ebmoti njeriu u trembej fatkeq\u00ebsive natyrore, por m\u00eb mir\u00eb t\u00eb themi i respektonte, nd\u00ebrsa njeriu i sot\u00ebm, jo vet\u00ebm nuk [&hellip;]<\/p>\n","protected":false},"author":1,"featured_media":0,"comment_status":"open","ping_status":"closed","sticky":false,"template":"","format":"standard","meta":{"footnotes":""},"categories":[2],"tags":[],"class_list":{"0":"post-5108","1":"post","2":"type-post","3":"status-publish","4":"format-standard","6":"category-artikuj"},"yoast_head":"<!-- This site is optimized with the Yoast SEO plugin v27.4 - https:\/\/yoast.com\/product\/yoast-seo-wordpress\/ -->\n<title>P\u00cbRMBYTJA, FATKEQ\u00cbSI NATYRORE APO... - FjALA e LIR\u00cb - Arkivi<\/title>\n<meta name=\"robots\" content=\"index, follow, max-snippet:-1, max-image-preview:large, max-video-preview:-1\" \/>\n<link rel=\"canonical\" href=\"https:\/\/fjala.info\/2009-2015\/permbytja-fatkeqesi-natyrore-apo\/\" \/>\n<meta property=\"og:locale\" content=\"sq_AL\" \/>\n<meta property=\"og:type\" content=\"article\" \/>\n<meta property=\"og:title\" content=\"P\u00cbRMBYTJA, FATKEQ\u00cbSI NATYRORE APO... - FjALA e LIR\u00cb - Arkivi\" \/>\n<meta property=\"og:description\" content=\"Sazan Guri T\u00eb gjith\u00eb po p\u00ebrballemi me nj\u00eb nga k\u00ebrc\u00ebnimet m\u00eb t\u00eb m\u00ebdha t\u00eb natyr\u00ebs ndaj njeriut, me at\u00eb q\u00eb njeriun e ka shoq\u00ebruar q\u00eb prej motmotesh, qysh sa ka lind, ve\u00e7se me ndryshimin se q\u00ebmoti njeriu u trembej fatkeq\u00ebsive natyrore, por m\u00eb mir\u00eb t\u00eb themi i respektonte, nd\u00ebrsa njeriu i sot\u00ebm, jo vet\u00ebm nuk [&hellip;]\" \/>\n<meta property=\"og:url\" content=\"https:\/\/fjala.info\/2009-2015\/permbytja-fatkeqesi-natyrore-apo\/\" \/>\n<meta property=\"og:site_name\" content=\"FjALA e LIR\u00cb - Arkivi\" \/>\n<meta property=\"article:published_time\" content=\"2010-12-07T07:48:57+00:00\" \/>\n<meta property=\"og:image\" content=\"http:\/\/fjala.shkoder.net\/wp-content\/uploads\/2010\/12\/shkodra_nen_uje_051210_10-300x200.jpg\" \/>\n<meta name=\"author\" content=\"admin\" \/>\n<meta name=\"twitter:card\" content=\"summary_large_image\" \/>\n<meta name=\"twitter:label1\" content=\"Written by\" \/>\n\t<meta name=\"twitter:data1\" content=\"admin\" \/>\n\t<meta name=\"twitter:label2\" content=\"Est. reading time\" \/>\n\t<meta name=\"twitter:data2\" content=\"8 minutes\" \/>\n<script type=\"application\/ld+json\" class=\"yoast-schema-graph\">{\"@context\":\"https:\\\/\\\/schema.org\",\"@graph\":[{\"@type\":\"Article\",\"@id\":\"https:\\\/\\\/fjala.info\\\/2009-2015\\\/permbytja-fatkeqesi-natyrore-apo\\\/#article\",\"isPartOf\":{\"@id\":\"https:\\\/\\\/fjala.info\\\/2009-2015\\\/permbytja-fatkeqesi-natyrore-apo\\\/\"},\"author\":{\"name\":\"admin\",\"@id\":\"https:\\\/\\\/fjala.info\\\/2009-2015\\\/#\\\/schema\\\/person\\\/3aa1163ef05469c496fc94e77611ada2\"},\"headline\":\"P\u00cbRMBYTJA, FATKEQ\u00cbSI NATYRORE APO&#8230;\",\"datePublished\":\"2010-12-07T07:48:57+00:00\",\"mainEntityOfPage\":{\"@id\":\"https:\\\/\\\/fjala.info\\\/2009-2015\\\/permbytja-fatkeqesi-natyrore-apo\\\/\"},\"wordCount\":1650,\"commentCount\":0,\"publisher\":{\"@id\":\"https:\\\/\\\/fjala.info\\\/2009-2015\\\/#organization\"},\"image\":{\"@id\":\"https:\\\/\\\/fjala.info\\\/2009-2015\\\/permbytja-fatkeqesi-natyrore-apo\\\/#primaryimage\"},\"thumbnailUrl\":\"http:\\\/\\\/fjala.shkoder.net\\\/wp-content\\\/uploads\\\/2010\\\/12\\\/shkodra_nen_uje_051210_10-300x200.jpg\",\"articleSection\":[\"Artikuj\"],\"inLanguage\":\"sq-AL\",\"potentialAction\":[{\"@type\":\"CommentAction\",\"name\":\"Comment\",\"target\":[\"https:\\\/\\\/fjala.info\\\/2009-2015\\\/permbytja-fatkeqesi-natyrore-apo\\\/#respond\"]}]},{\"@type\":\"WebPage\",\"@id\":\"https:\\\/\\\/fjala.info\\\/2009-2015\\\/permbytja-fatkeqesi-natyrore-apo\\\/\",\"url\":\"https:\\\/\\\/fjala.info\\\/2009-2015\\\/permbytja-fatkeqesi-natyrore-apo\\\/\",\"name\":\"P\u00cbRMBYTJA, FATKEQ\u00cbSI NATYRORE APO... - FjALA e LIR\u00cb - Arkivi\",\"isPartOf\":{\"@id\":\"https:\\\/\\\/fjala.info\\\/2009-2015\\\/#website\"},\"primaryImageOfPage\":{\"@id\":\"https:\\\/\\\/fjala.info\\\/2009-2015\\\/permbytja-fatkeqesi-natyrore-apo\\\/#primaryimage\"},\"image\":{\"@id\":\"https:\\\/\\\/fjala.info\\\/2009-2015\\\/permbytja-fatkeqesi-natyrore-apo\\\/#primaryimage\"},\"thumbnailUrl\":\"http:\\\/\\\/fjala.shkoder.net\\\/wp-content\\\/uploads\\\/2010\\\/12\\\/shkodra_nen_uje_051210_10-300x200.jpg\",\"datePublished\":\"2010-12-07T07:48:57+00:00\",\"breadcrumb\":{\"@id\":\"https:\\\/\\\/fjala.info\\\/2009-2015\\\/permbytja-fatkeqesi-natyrore-apo\\\/#breadcrumb\"},\"inLanguage\":\"sq-AL\",\"potentialAction\":[{\"@type\":\"ReadAction\",\"target\":[\"https:\\\/\\\/fjala.info\\\/2009-2015\\\/permbytja-fatkeqesi-natyrore-apo\\\/\"]}]},{\"@type\":\"ImageObject\",\"inLanguage\":\"sq-AL\",\"@id\":\"https:\\\/\\\/fjala.info\\\/2009-2015\\\/permbytja-fatkeqesi-natyrore-apo\\\/#primaryimage\",\"url\":\"http:\\\/\\\/fjala.shkoder.net\\\/wp-content\\\/uploads\\\/2010\\\/12\\\/shkodra_nen_uje_051210_10-300x200.jpg\",\"contentUrl\":\"http:\\\/\\\/fjala.shkoder.net\\\/wp-content\\\/uploads\\\/2010\\\/12\\\/shkodra_nen_uje_051210_10-300x200.jpg\"},{\"@type\":\"BreadcrumbList\",\"@id\":\"https:\\\/\\\/fjala.info\\\/2009-2015\\\/permbytja-fatkeqesi-natyrore-apo\\\/#breadcrumb\",\"itemListElement\":[{\"@type\":\"ListItem\",\"position\":1,\"name\":\"Home\",\"item\":\"https:\\\/\\\/fjala.info\\\/2009-2015\\\/\"},{\"@type\":\"ListItem\",\"position\":2,\"name\":\"P\u00cbRMBYTJA, FATKEQ\u00cbSI NATYRORE APO&#8230;\"}]},{\"@type\":\"WebSite\",\"@id\":\"https:\\\/\\\/fjala.info\\\/2009-2015\\\/#website\",\"url\":\"https:\\\/\\\/fjala.info\\\/2009-2015\\\/\",\"name\":\"FjALA e LIR\u00cb - Arkivi\",\"description\":\"Arkivi 2009-2015\",\"publisher\":{\"@id\":\"https:\\\/\\\/fjala.info\\\/2009-2015\\\/#organization\"},\"potentialAction\":[{\"@type\":\"SearchAction\",\"target\":{\"@type\":\"EntryPoint\",\"urlTemplate\":\"https:\\\/\\\/fjala.info\\\/2009-2015\\\/?s={search_term_string}\"},\"query-input\":{\"@type\":\"PropertyValueSpecification\",\"valueRequired\":true,\"valueName\":\"search_term_string\"}}],\"inLanguage\":\"sq-AL\"},{\"@type\":\"Organization\",\"@id\":\"https:\\\/\\\/fjala.info\\\/2009-2015\\\/#organization\",\"name\":\"FjALA e LIR\u00cb - Arkivi\",\"url\":\"https:\\\/\\\/fjala.info\\\/2009-2015\\\/\",\"logo\":{\"@type\":\"ImageObject\",\"inLanguage\":\"sq-AL\",\"@id\":\"https:\\\/\\\/fjala.info\\\/2009-2015\\\/#\\\/schema\\\/logo\\\/image\\\/\",\"url\":\"\",\"contentUrl\":\"\",\"caption\":\"FjALA e LIR\u00cb - Arkivi\"},\"image\":{\"@id\":\"https:\\\/\\\/fjala.info\\\/2009-2015\\\/#\\\/schema\\\/logo\\\/image\\\/\"}},{\"@type\":\"Person\",\"@id\":\"https:\\\/\\\/fjala.info\\\/2009-2015\\\/#\\\/schema\\\/person\\\/3aa1163ef05469c496fc94e77611ada2\",\"name\":\"admin\",\"image\":{\"@type\":\"ImageObject\",\"inLanguage\":\"sq-AL\",\"@id\":\"https:\\\/\\\/fjala.info\\\/2009-2015\\\/wp-content\\\/uploads\\\/2012\\\/02\\\/arben_cokaj-120x150.jpg\",\"url\":\"https:\\\/\\\/fjala.info\\\/2009-2015\\\/wp-content\\\/uploads\\\/2012\\\/02\\\/arben_cokaj-120x150.jpg\",\"contentUrl\":\"https:\\\/\\\/fjala.info\\\/2009-2015\\\/wp-content\\\/uploads\\\/2012\\\/02\\\/arben_cokaj-120x150.jpg\",\"caption\":\"admin\"},\"description\":\"Admin, Fjala e Lir\u00eb\",\"sameAs\":[\"https:\\\/\\\/fjala.info\\\/\"],\"url\":\"https:\\\/\\\/fjala.info\\\/2009-2015\\\/author\\\/admin\\\/\"}]}<\/script>\n<!-- \/ Yoast SEO plugin. -->","yoast_head_json":{"title":"P\u00cbRMBYTJA, FATKEQ\u00cbSI NATYRORE APO... - FjALA e LIR\u00cb - Arkivi","robots":{"index":"index","follow":"follow","max-snippet":"max-snippet:-1","max-image-preview":"max-image-preview:large","max-video-preview":"max-video-preview:-1"},"canonical":"https:\/\/fjala.info\/2009-2015\/permbytja-fatkeqesi-natyrore-apo\/","og_locale":"sq_AL","og_type":"article","og_title":"P\u00cbRMBYTJA, FATKEQ\u00cbSI NATYRORE APO... - FjALA e LIR\u00cb - Arkivi","og_description":"Sazan Guri T\u00eb gjith\u00eb po p\u00ebrballemi me nj\u00eb nga k\u00ebrc\u00ebnimet m\u00eb t\u00eb m\u00ebdha t\u00eb natyr\u00ebs ndaj njeriut, me at\u00eb q\u00eb njeriun e ka shoq\u00ebruar q\u00eb prej motmotesh, qysh sa ka lind, ve\u00e7se me ndryshimin se q\u00ebmoti njeriu u trembej fatkeq\u00ebsive natyrore, por m\u00eb mir\u00eb t\u00eb themi i respektonte, nd\u00ebrsa njeriu i sot\u00ebm, jo vet\u00ebm nuk [&hellip;]","og_url":"https:\/\/fjala.info\/2009-2015\/permbytja-fatkeqesi-natyrore-apo\/","og_site_name":"FjALA e LIR\u00cb - Arkivi","article_published_time":"2010-12-07T07:48:57+00:00","og_image":[{"url":"http:\/\/fjala.shkoder.net\/wp-content\/uploads\/2010\/12\/shkodra_nen_uje_051210_10-300x200.jpg","type":"","width":"","height":""}],"author":"admin","twitter_card":"summary_large_image","twitter_misc":{"Written by":"admin","Est. reading time":"8 minutes"},"schema":{"@context":"https:\/\/schema.org","@graph":[{"@type":"Article","@id":"https:\/\/fjala.info\/2009-2015\/permbytja-fatkeqesi-natyrore-apo\/#article","isPartOf":{"@id":"https:\/\/fjala.info\/2009-2015\/permbytja-fatkeqesi-natyrore-apo\/"},"author":{"name":"admin","@id":"https:\/\/fjala.info\/2009-2015\/#\/schema\/person\/3aa1163ef05469c496fc94e77611ada2"},"headline":"P\u00cbRMBYTJA, FATKEQ\u00cbSI NATYRORE APO&#8230;","datePublished":"2010-12-07T07:48:57+00:00","mainEntityOfPage":{"@id":"https:\/\/fjala.info\/2009-2015\/permbytja-fatkeqesi-natyrore-apo\/"},"wordCount":1650,"commentCount":0,"publisher":{"@id":"https:\/\/fjala.info\/2009-2015\/#organization"},"image":{"@id":"https:\/\/fjala.info\/2009-2015\/permbytja-fatkeqesi-natyrore-apo\/#primaryimage"},"thumbnailUrl":"http:\/\/fjala.shkoder.net\/wp-content\/uploads\/2010\/12\/shkodra_nen_uje_051210_10-300x200.jpg","articleSection":["Artikuj"],"inLanguage":"sq-AL","potentialAction":[{"@type":"CommentAction","name":"Comment","target":["https:\/\/fjala.info\/2009-2015\/permbytja-fatkeqesi-natyrore-apo\/#respond"]}]},{"@type":"WebPage","@id":"https:\/\/fjala.info\/2009-2015\/permbytja-fatkeqesi-natyrore-apo\/","url":"https:\/\/fjala.info\/2009-2015\/permbytja-fatkeqesi-natyrore-apo\/","name":"P\u00cbRMBYTJA, FATKEQ\u00cbSI NATYRORE APO... - FjALA e LIR\u00cb - Arkivi","isPartOf":{"@id":"https:\/\/fjala.info\/2009-2015\/#website"},"primaryImageOfPage":{"@id":"https:\/\/fjala.info\/2009-2015\/permbytja-fatkeqesi-natyrore-apo\/#primaryimage"},"image":{"@id":"https:\/\/fjala.info\/2009-2015\/permbytja-fatkeqesi-natyrore-apo\/#primaryimage"},"thumbnailUrl":"http:\/\/fjala.shkoder.net\/wp-content\/uploads\/2010\/12\/shkodra_nen_uje_051210_10-300x200.jpg","datePublished":"2010-12-07T07:48:57+00:00","breadcrumb":{"@id":"https:\/\/fjala.info\/2009-2015\/permbytja-fatkeqesi-natyrore-apo\/#breadcrumb"},"inLanguage":"sq-AL","potentialAction":[{"@type":"ReadAction","target":["https:\/\/fjala.info\/2009-2015\/permbytja-fatkeqesi-natyrore-apo\/"]}]},{"@type":"ImageObject","inLanguage":"sq-AL","@id":"https:\/\/fjala.info\/2009-2015\/permbytja-fatkeqesi-natyrore-apo\/#primaryimage","url":"http:\/\/fjala.shkoder.net\/wp-content\/uploads\/2010\/12\/shkodra_nen_uje_051210_10-300x200.jpg","contentUrl":"http:\/\/fjala.shkoder.net\/wp-content\/uploads\/2010\/12\/shkodra_nen_uje_051210_10-300x200.jpg"},{"@type":"BreadcrumbList","@id":"https:\/\/fjala.info\/2009-2015\/permbytja-fatkeqesi-natyrore-apo\/#breadcrumb","itemListElement":[{"@type":"ListItem","position":1,"name":"Home","item":"https:\/\/fjala.info\/2009-2015\/"},{"@type":"ListItem","position":2,"name":"P\u00cbRMBYTJA, FATKEQ\u00cbSI NATYRORE APO&#8230;"}]},{"@type":"WebSite","@id":"https:\/\/fjala.info\/2009-2015\/#website","url":"https:\/\/fjala.info\/2009-2015\/","name":"FjALA e LIR\u00cb - Arkivi","description":"Arkivi 2009-2015","publisher":{"@id":"https:\/\/fjala.info\/2009-2015\/#organization"},"potentialAction":[{"@type":"SearchAction","target":{"@type":"EntryPoint","urlTemplate":"https:\/\/fjala.info\/2009-2015\/?s={search_term_string}"},"query-input":{"@type":"PropertyValueSpecification","valueRequired":true,"valueName":"search_term_string"}}],"inLanguage":"sq-AL"},{"@type":"Organization","@id":"https:\/\/fjala.info\/2009-2015\/#organization","name":"FjALA e LIR\u00cb - Arkivi","url":"https:\/\/fjala.info\/2009-2015\/","logo":{"@type":"ImageObject","inLanguage":"sq-AL","@id":"https:\/\/fjala.info\/2009-2015\/#\/schema\/logo\/image\/","url":"","contentUrl":"","caption":"FjALA e LIR\u00cb - Arkivi"},"image":{"@id":"https:\/\/fjala.info\/2009-2015\/#\/schema\/logo\/image\/"}},{"@type":"Person","@id":"https:\/\/fjala.info\/2009-2015\/#\/schema\/person\/3aa1163ef05469c496fc94e77611ada2","name":"admin","image":{"@type":"ImageObject","inLanguage":"sq-AL","@id":"https:\/\/fjala.info\/2009-2015\/wp-content\/uploads\/2012\/02\/arben_cokaj-120x150.jpg","url":"https:\/\/fjala.info\/2009-2015\/wp-content\/uploads\/2012\/02\/arben_cokaj-120x150.jpg","contentUrl":"https:\/\/fjala.info\/2009-2015\/wp-content\/uploads\/2012\/02\/arben_cokaj-120x150.jpg","caption":"admin"},"description":"Admin, Fjala e Lir\u00eb","sameAs":["https:\/\/fjala.info\/"],"url":"https:\/\/fjala.info\/2009-2015\/author\/admin\/"}]}},"_links":{"self":[{"href":"https:\/\/fjala.info\/2009-2015\/wp-json\/wp\/v2\/posts\/5108","targetHints":{"allow":["GET"]}}],"collection":[{"href":"https:\/\/fjala.info\/2009-2015\/wp-json\/wp\/v2\/posts"}],"about":[{"href":"https:\/\/fjala.info\/2009-2015\/wp-json\/wp\/v2\/types\/post"}],"author":[{"embeddable":true,"href":"https:\/\/fjala.info\/2009-2015\/wp-json\/wp\/v2\/users\/1"}],"replies":[{"embeddable":true,"href":"https:\/\/fjala.info\/2009-2015\/wp-json\/wp\/v2\/comments?post=5108"}],"version-history":[{"count":0,"href":"https:\/\/fjala.info\/2009-2015\/wp-json\/wp\/v2\/posts\/5108\/revisions"}],"wp:attachment":[{"href":"https:\/\/fjala.info\/2009-2015\/wp-json\/wp\/v2\/media?parent=5108"}],"wp:term":[{"taxonomy":"category","embeddable":true,"href":"https:\/\/fjala.info\/2009-2015\/wp-json\/wp\/v2\/categories?post=5108"},{"taxonomy":"post_tag","embeddable":true,"href":"https:\/\/fjala.info\/2009-2015\/wp-json\/wp\/v2\/tags?post=5108"}],"curies":[{"name":"wp","href":"https:\/\/api.w.org\/{rel}","templated":true}]}}