{"id":5107,"date":"2012-09-23T08:10:31","date_gmt":"2012-09-23T07:10:31","guid":{"rendered":"http:\/\/www.fjala.info\/?p=5107"},"modified":"2012-09-23T08:10:31","modified_gmt":"2012-09-23T07:10:31","slug":"hinterhof","status":"publish","type":"post","link":"https:\/\/fjala.info\/2009-2015\/hinterhof\/","title":{"rendered":"Hinterhof!"},"content":{"rendered":"<p><img decoding=\"async\" class=\"alignright size-thumbnail wp-image-7236\" title=\"Beq\u00eb Cufaj\" src=\"http:\/\/www.fjala.info\/2012\/beqe_cufaj.jpg\" alt=\"\" width=\"150\" \/> Nga <strong>Beq\u00eb Cufaj<\/strong>, <em>22 Shtator 2012<\/em><\/p>\n<p>Pse duam t\u00eb na doj\u00eb dikush kur nuk e duam veten ton\u00eb? P\u00ebr respektin as t\u00eb mos flasim. P\u00ebr \u00e7do gj\u00eb q\u00eb ka t\u00eb b\u00ebj\u00eb me kultur\u00ebn \u201ckulturore\u201d, por edhe at\u00eb politike, ekonomike, financiare e q\u00eb kan\u00eb t\u00eb b\u00ebjn\u00eb me ne si komb, popull, shtet(e) shqiptar\u00ebsh n\u00eb Ballkan ende s\u2019ekziston ajo forc\u00eb e brendshme, t\u2019i themi b\u00ebrtham\u00eb, e cila do t\u00eb mund t\u00eb mbante ritmin e diskursit n\u00eb qasjet e ashtuquajtura t\u00eb aktualitetit dhe ato q\u00eb do t\u00eb mund t\u00eb quheshin paprekshm\u00ebri, vija t\u00eb kuqe, norma t\u00eb cilat ekzistojn\u00eb tek \u00e7do komb dhe shtet normal, i koh\u00ebs, modern.<\/p>\n<p>Apo duam shembuj t\u00eb cil\u00ebt i kemi gjithandej dhe \u00e7do \u00e7ast- leht\u00ebsisht t\u00eb preksh\u00ebm dhe tmerr\u00ebsisht t\u00eb sh\u00ebmtuar. P\u00ebr t\u00eb mos u th\u00ebn\u00eb edhe ndryshe.<\/p>\n<p>Prandaj pyetja: prej nga buron krejt kjo energji negative, e cila edhe n\u00ebse ka synimin e iluminimit, del t\u00eb jet\u00eb o nj\u00eb fllusk\u00eb sapuni, o nj\u00eb front injorance. T\u00eb ket\u00eb qen\u00eb shtypja e gjat\u00eb dhe me k\u00ebt\u00eb edhe rob\u00ebria shekullore ajo q\u00eb na b\u00ebn t\u00eb mos e kapim hapin e koh\u00ebs? Apo jemi k\u00ebshtu si\u00e7 jemi pse pik\u00ebrisht n\u00eb amalgimin mes virtualitetit dhe (ri)njohjes, \u00e7lirimeve ideologjike dhe (nd\u00ebr)komb\u00ebtare me nj\u00eb shpejt\u00ebsi t\u00eb papar\u00eb kap\u00ebrthuremi \u00e7ast p\u00ebr \u00e7ast e dit\u00eb p\u00ebr dit\u00eb? S\u2019kemi sociolog\u00eb q\u00eb do t\u00eb mund t\u00eb na e shpjegonin k\u00ebt\u00eb fenomen ngutje temash dhe me k\u00ebt\u00eb rraskapitjesh kaq t\u00eb m\u00ebdha t\u00eb cilat s\u2019kan\u00eb si t\u00eb mos i ngjajn\u00eb nj\u00eb turme t\u00eb dehurish t\u00eb cil\u00ebt e din\u00eb q\u00eb jan\u00eb nisur p\u00ebr dikund, por ja q\u00eb gjat\u00eb rrug\u00ebs, ashtu, n\u00eb dehje e sip\u00ebr harrojn\u00eb qoft\u00eb \u00ebndrr\u00ebn e aq m\u00eb tep\u00ebr cakun p\u00ebr ku jan\u00eb nisur.<\/p>\n<p>Mungesa e nj\u00eb apo edhe disa elitave \u00ebsht\u00eb nj\u00eb prej problemeve kryesore q\u00eb shqiptar\u00ebt e kan\u00eb. Hendeku i krijuar n\u00eb rob\u00ebrit\u00eb komuniste dhe me k\u00ebt\u00eb edhe ideologjike duket q\u00eb prej shoq\u00ebris\u00eb shqiptare t\u00eb ket\u00eb krijuar nj\u00eb form\u00eb amorfe e cila kapardiset n\u00ebp\u00ebr deg\u00ebt e holla t\u00eb virtualitetit n\u00eb nj\u00ebr\u00ebn an\u00eb dhe realitetit brutal e t\u00eb pam\u00ebshirsh\u00ebm n\u00eb an\u00ebn tjet\u00ebr. Pa pasur nj\u00eb trung. Nj\u00eb shtyll\u00eb. Nj\u00eb epiqend\u00ebr e cila do t\u00eb mund q\u00eb quhej: dije e thell\u00eb, moral tradicional dhe synim sistematik p\u00ebr t\u2019u b\u00ebr\u00eb si \u201cgjith\u00eb Europa\u201d. Dhe kjo Europ\u00eb- na shikon dhe f\u00ebrkon syt\u00eb. Na njohin m\u00eb mir\u00eb sesa ne veten. Naivisht t\u00eb parashikuesh\u00ebm dhe tradicionalisht t\u00eb skanuesh\u00ebm.<\/p>\n<p>Shqiptar\u00ebt vazhdojn\u00eb t\u00eb jen\u00eb \u201cHinterhof\u201d-i i Europ\u00ebs. N\u00eb Tiran\u00eb, Prishtin\u00eb, Shkup\u2026 e gjetiu. I p\u00eblqeu dikujt apo jo: ky \u00ebsht\u00eb realiteti. Dhe prej tij, zor q\u00eb do t\u00eb mund t\u00eb shk\u00ebputemi. Sepse stereotipet p\u00ebr veten ton\u00eb i kemi krijuar vet\u00eb. Dhe ua kemi servirur t\u00eb \u201ctjer\u00ebve\u201d.<\/p>\n<p>Problemet e identitetit, kultur\u00ebs s\u00eb komunikimit- n\u00eb t\u00eb gjitha nivelet, tradit\u00ebs s\u00eb korrupsionit, krimit, nepotizmit dhe krejt izmave tjer\u00eb zor q\u00eb do t\u2019u ikim po qe se nuk ballafaqohemi vet\u00eb dhe drejtp\u00ebrdrejt me to i p\u00ebrjetojm\u00eb, shohim dhe komentojm\u00eb dit\u00eb e nat\u00eb. Prej mejhaneve ku ham\u00eb e pim\u00eb p\u00ebrmes po mejhaneve virtuale. Dhe nuk kemi \u201carm\u00eb\u201d e q\u00eb n\u00eb fakt do t\u00eb duhej t\u00eb ishte ila\u00e7, q\u00eb do t\u00eb mund t\u00eb na nxjerr\u00eb nga k\u00ebto udh\u00eb t\u00eb verbra t\u00eb cilat jo vet\u00ebm q\u00eb po na kushtojn\u00eb, por q\u00eb \u00ebsht\u00eb edhe m\u00eb keq, edhe brezave q\u00eb vijn\u00eb do t\u2019u kushtojn\u00eb po aq sa neve.<\/p>\n<p>Dhe k\u00ebtu vijm\u00eb tek ajo pika tragjike: vetmjaftueshm\u00ebria. Fati i mir\u00eb q\u00eb jemi gjall\u00eb. Q\u00eb kemi shp\u00ebtuar- nga pushtuesit po se po por edhe nga vetvetja. Ndryshe s\u2019ka si t\u00eb jet\u00eb kur n\u00eb Europ\u00eb, p\u00ebrkund\u00ebr kriz\u00ebs dhe krizave t\u00eb m\u00ebdha financiare flitet p\u00ebr brezat q\u00eb do d\u00ebnohen nga ekonomia apo edhe Euro e r\u00ebnduar, tek ne flitet p\u00ebr at\u00eb sesi mund t\u00eb dalim nga krimi e korrupsioni, mashtrimet e shantazhet, vjedhjet e vrasjet.<\/p>\n<p>Prandaj jan\u00eb joserioze dhe s\u2019duhet marr\u00eb af\u00ebr zemr\u00ebs debatet e shpejta p\u00ebr identitete e shitje-blerje kombesh e komb\u00ebtaresh (futbolli). As ato p\u00ebr pun\u00ebt e tjera t\u00eb bashkimeve e ndarjeve. Sepse puna e shqiptar\u00ebve ndoshta duhet par\u00eb si puna e nj\u00eb ideje t\u00eb madhe. Dhe kjo ide e madhe s\u2019ka si d\u00ebshton ndryshe pos n\u00eb njer\u00ebzit. S\u2019e kemi t\u00eb shpikur sepse B. Brecht e ka th\u00ebn\u00eb: Idet\u00eb e m\u00ebdha d\u00ebshtojn\u00eb n\u00eb njer\u00ebzit. Kaq.<\/p>\n<p>Shkojm\u00eb me radh\u00eb. Lexoja sesi nj\u00eb botuese nga Tirana thoshte q\u00eb \u201cVargjet satanike\u201d do t\u00eb botohen n\u00eb shqip dhe pik\u00eb. Pra s\u2019ka kthim prapa. Tashti do t\u00eb plas\u00eb ai debat i madh n\u00ebse \u201cVargjet\u201d e Rushdiut na duhen shqip apo jo. Duke harruar a mos e ditur (ta marrim si t\u00eb duam), q\u00eb k\u00ebto dit\u00eb bota letrare- dhe jo vet\u00ebm ajo, n\u00eb Amerik\u00eb, Europ\u00eb e Azi, \u00ebsht\u00eb fare e tronditur nga po Salman Rushdiu. Gjithsesi: jo nga \u201cVargjet satanike\u201d, por nga libri i tij autobiografik \u201cJoseph Anton\u201d! Ja pra, 30 vite m\u00eb pas ne flasim n\u00ebse i duam p\u00ebr \u201cVargjet\u201d, kurse autori i tyre dhe i d\u00ebnuari me \u201cFatwa\u201d tregon sesi ai kishte jetuar krejt ato vite!<\/p>\n<p>Dhe fare p\u00ebr fund. Kadare. E keni par\u00eb dhe d\u00ebgjuar? Jemi n\u00eb fund t\u00eb shtatorit. Koha kur bursat e hedhin zarin e madh t\u00eb fituesve t\u00eb mundsh\u00ebm t\u00eb \u00c7mimit Nobel\u2026 Dhe \u00e7far\u00eb ngjet? Shtriga dhe ndihma\u00e7ar\u00ebt e saj kan\u00eb filluar me t\u00eb madhe t\u00eb shpikin e shpifin kampanjat e tyre kalendarike kund\u00ebr Kadares\u00eb! Sepse duan q\u00eb duart e tyre t\u00eb zgjatura shpejt e shpejt nga mejhanet e tyre elektronike t\u00eb nisin vajin drejt Stockholmit. Kund\u00ebr Kadares\u00eb.<\/p>\n<p>Edhe k\u00ebsaj, si shum\u00eb e shum\u00eb shembujve e shkarjeve t\u00eb tjera i thon\u00eb q\u00eb s\u2019kemi si t\u00eb jemi ndryshe pos ashtu si\u00e7 jemi dhe t\u00eb tjer\u00ebt na shohin dhe skicojn\u00eb. Sepse po t\u00eb kishim vet\u00ebm di\u00e7ka nga etika dhe kultura, dashuria dhe idealizmi p\u00ebr t\u00eb qen\u00eb pjes\u00eb e k\u00ebsaj bote- nuk do ta mundonim veten kaq keq. Dhe nuk do t\u00eb vazhdonim t\u00eb jemi dhe sillemi si Hinterhof-i i civilizimit per\u00ebndimor!<\/p>\n","protected":false},"excerpt":{"rendered":"<p>Nga Beq\u00eb Cufaj, 22 Shtator 2012 Pse duam t\u00eb na doj\u00eb dikush kur nuk e duam veten ton\u00eb? P\u00ebr respektin as t\u00eb mos flasim. P\u00ebr \u00e7do gj\u00eb q\u00eb ka t\u00eb b\u00ebj\u00eb me kultur\u00ebn \u201ckulturore\u201d, por edhe at\u00eb politike, ekonomike, financiare e q\u00eb kan\u00eb t\u00eb b\u00ebjn\u00eb me ne si komb, popull, shtet(e) shqiptar\u00ebsh n\u00eb Ballkan ende [&hellip;]<\/p>\n","protected":false},"author":1,"featured_media":0,"comment_status":"open","ping_status":"closed","sticky":false,"template":"","format":"standard","meta":{"footnotes":""},"categories":[2],"tags":[],"class_list":{"0":"post-5107","1":"post","2":"type-post","3":"status-publish","4":"format-standard","6":"category-artikuj"},"yoast_head":"<!-- This site is optimized with the Yoast SEO plugin v27.4 - https:\/\/yoast.com\/product\/yoast-seo-wordpress\/ -->\n<title>Hinterhof! - FjALA e LIR\u00cb - Arkivi<\/title>\n<meta name=\"robots\" content=\"index, follow, max-snippet:-1, max-image-preview:large, max-video-preview:-1\" \/>\n<link rel=\"canonical\" href=\"https:\/\/fjala.info\/2009-2015\/hinterhof\/\" \/>\n<meta property=\"og:locale\" content=\"sq_AL\" \/>\n<meta property=\"og:type\" content=\"article\" \/>\n<meta property=\"og:title\" content=\"Hinterhof! - FjALA e LIR\u00cb - Arkivi\" \/>\n<meta property=\"og:description\" content=\"Nga Beq\u00eb Cufaj, 22 Shtator 2012 Pse duam t\u00eb na doj\u00eb dikush kur nuk e duam veten ton\u00eb? P\u00ebr respektin as t\u00eb mos flasim. P\u00ebr \u00e7do gj\u00eb q\u00eb ka t\u00eb b\u00ebj\u00eb me kultur\u00ebn \u201ckulturore\u201d, por edhe at\u00eb politike, ekonomike, financiare e q\u00eb kan\u00eb t\u00eb b\u00ebjn\u00eb me ne si komb, popull, shtet(e) shqiptar\u00ebsh n\u00eb Ballkan ende [&hellip;]\" \/>\n<meta property=\"og:url\" content=\"https:\/\/fjala.info\/2009-2015\/hinterhof\/\" \/>\n<meta property=\"og:site_name\" content=\"FjALA e LIR\u00cb - Arkivi\" \/>\n<meta property=\"article:published_time\" content=\"2012-09-23T07:10:31+00:00\" \/>\n<meta property=\"og:image\" content=\"http:\/\/www.fjala.info\/2012\/beqe_cufaj.jpg\" \/>\n<meta name=\"author\" content=\"admin\" \/>\n<meta name=\"twitter:card\" content=\"summary_large_image\" \/>\n<meta name=\"twitter:label1\" content=\"Written by\" \/>\n\t<meta name=\"twitter:data1\" content=\"admin\" \/>\n\t<meta name=\"twitter:label2\" content=\"Est. reading time\" \/>\n\t<meta name=\"twitter:data2\" content=\"5 minutes\" \/>\n<script type=\"application\/ld+json\" class=\"yoast-schema-graph\">{\"@context\":\"https:\\\/\\\/schema.org\",\"@graph\":[{\"@type\":\"Article\",\"@id\":\"https:\\\/\\\/fjala.info\\\/2009-2015\\\/hinterhof\\\/#article\",\"isPartOf\":{\"@id\":\"https:\\\/\\\/fjala.info\\\/2009-2015\\\/hinterhof\\\/\"},\"author\":{\"name\":\"admin\",\"@id\":\"https:\\\/\\\/fjala.info\\\/2009-2015\\\/#\\\/schema\\\/person\\\/3aa1163ef05469c496fc94e77611ada2\"},\"headline\":\"Hinterhof!\",\"datePublished\":\"2012-09-23T07:10:31+00:00\",\"mainEntityOfPage\":{\"@id\":\"https:\\\/\\\/fjala.info\\\/2009-2015\\\/hinterhof\\\/\"},\"wordCount\":1073,\"commentCount\":0,\"publisher\":{\"@id\":\"https:\\\/\\\/fjala.info\\\/2009-2015\\\/#organization\"},\"image\":{\"@id\":\"https:\\\/\\\/fjala.info\\\/2009-2015\\\/hinterhof\\\/#primaryimage\"},\"thumbnailUrl\":\"http:\\\/\\\/www.fjala.info\\\/2012\\\/beqe_cufaj.jpg\",\"articleSection\":[\"Artikuj\"],\"inLanguage\":\"sq-AL\",\"potentialAction\":[{\"@type\":\"CommentAction\",\"name\":\"Comment\",\"target\":[\"https:\\\/\\\/fjala.info\\\/2009-2015\\\/hinterhof\\\/#respond\"]}]},{\"@type\":\"WebPage\",\"@id\":\"https:\\\/\\\/fjala.info\\\/2009-2015\\\/hinterhof\\\/\",\"url\":\"https:\\\/\\\/fjala.info\\\/2009-2015\\\/hinterhof\\\/\",\"name\":\"Hinterhof! - FjALA e LIR\u00cb - Arkivi\",\"isPartOf\":{\"@id\":\"https:\\\/\\\/fjala.info\\\/2009-2015\\\/#website\"},\"primaryImageOfPage\":{\"@id\":\"https:\\\/\\\/fjala.info\\\/2009-2015\\\/hinterhof\\\/#primaryimage\"},\"image\":{\"@id\":\"https:\\\/\\\/fjala.info\\\/2009-2015\\\/hinterhof\\\/#primaryimage\"},\"thumbnailUrl\":\"http:\\\/\\\/www.fjala.info\\\/2012\\\/beqe_cufaj.jpg\",\"datePublished\":\"2012-09-23T07:10:31+00:00\",\"breadcrumb\":{\"@id\":\"https:\\\/\\\/fjala.info\\\/2009-2015\\\/hinterhof\\\/#breadcrumb\"},\"inLanguage\":\"sq-AL\",\"potentialAction\":[{\"@type\":\"ReadAction\",\"target\":[\"https:\\\/\\\/fjala.info\\\/2009-2015\\\/hinterhof\\\/\"]}]},{\"@type\":\"ImageObject\",\"inLanguage\":\"sq-AL\",\"@id\":\"https:\\\/\\\/fjala.info\\\/2009-2015\\\/hinterhof\\\/#primaryimage\",\"url\":\"http:\\\/\\\/www.fjala.info\\\/2012\\\/beqe_cufaj.jpg\",\"contentUrl\":\"http:\\\/\\\/www.fjala.info\\\/2012\\\/beqe_cufaj.jpg\"},{\"@type\":\"BreadcrumbList\",\"@id\":\"https:\\\/\\\/fjala.info\\\/2009-2015\\\/hinterhof\\\/#breadcrumb\",\"itemListElement\":[{\"@type\":\"ListItem\",\"position\":1,\"name\":\"Home\",\"item\":\"https:\\\/\\\/fjala.info\\\/2009-2015\\\/\"},{\"@type\":\"ListItem\",\"position\":2,\"name\":\"Hinterhof!\"}]},{\"@type\":\"WebSite\",\"@id\":\"https:\\\/\\\/fjala.info\\\/2009-2015\\\/#website\",\"url\":\"https:\\\/\\\/fjala.info\\\/2009-2015\\\/\",\"name\":\"FjALA e LIR\u00cb - Arkivi\",\"description\":\"Arkivi 2009-2015\",\"publisher\":{\"@id\":\"https:\\\/\\\/fjala.info\\\/2009-2015\\\/#organization\"},\"potentialAction\":[{\"@type\":\"SearchAction\",\"target\":{\"@type\":\"EntryPoint\",\"urlTemplate\":\"https:\\\/\\\/fjala.info\\\/2009-2015\\\/?s={search_term_string}\"},\"query-input\":{\"@type\":\"PropertyValueSpecification\",\"valueRequired\":true,\"valueName\":\"search_term_string\"}}],\"inLanguage\":\"sq-AL\"},{\"@type\":\"Organization\",\"@id\":\"https:\\\/\\\/fjala.info\\\/2009-2015\\\/#organization\",\"name\":\"FjALA e LIR\u00cb - Arkivi\",\"url\":\"https:\\\/\\\/fjala.info\\\/2009-2015\\\/\",\"logo\":{\"@type\":\"ImageObject\",\"inLanguage\":\"sq-AL\",\"@id\":\"https:\\\/\\\/fjala.info\\\/2009-2015\\\/#\\\/schema\\\/logo\\\/image\\\/\",\"url\":\"\",\"contentUrl\":\"\",\"caption\":\"FjALA e LIR\u00cb - Arkivi\"},\"image\":{\"@id\":\"https:\\\/\\\/fjala.info\\\/2009-2015\\\/#\\\/schema\\\/logo\\\/image\\\/\"}},{\"@type\":\"Person\",\"@id\":\"https:\\\/\\\/fjala.info\\\/2009-2015\\\/#\\\/schema\\\/person\\\/3aa1163ef05469c496fc94e77611ada2\",\"name\":\"admin\",\"image\":{\"@type\":\"ImageObject\",\"inLanguage\":\"sq-AL\",\"@id\":\"https:\\\/\\\/fjala.info\\\/2009-2015\\\/wp-content\\\/uploads\\\/2012\\\/02\\\/arben_cokaj-120x150.jpg\",\"url\":\"https:\\\/\\\/fjala.info\\\/2009-2015\\\/wp-content\\\/uploads\\\/2012\\\/02\\\/arben_cokaj-120x150.jpg\",\"contentUrl\":\"https:\\\/\\\/fjala.info\\\/2009-2015\\\/wp-content\\\/uploads\\\/2012\\\/02\\\/arben_cokaj-120x150.jpg\",\"caption\":\"admin\"},\"description\":\"Admin, Fjala e Lir\u00eb\",\"sameAs\":[\"https:\\\/\\\/fjala.info\\\/\"],\"url\":\"https:\\\/\\\/fjala.info\\\/2009-2015\\\/author\\\/admin\\\/\"}]}<\/script>\n<!-- \/ Yoast SEO plugin. -->","yoast_head_json":{"title":"Hinterhof! - FjALA e LIR\u00cb - Arkivi","robots":{"index":"index","follow":"follow","max-snippet":"max-snippet:-1","max-image-preview":"max-image-preview:large","max-video-preview":"max-video-preview:-1"},"canonical":"https:\/\/fjala.info\/2009-2015\/hinterhof\/","og_locale":"sq_AL","og_type":"article","og_title":"Hinterhof! - FjALA e LIR\u00cb - Arkivi","og_description":"Nga Beq\u00eb Cufaj, 22 Shtator 2012 Pse duam t\u00eb na doj\u00eb dikush kur nuk e duam veten ton\u00eb? P\u00ebr respektin as t\u00eb mos flasim. P\u00ebr \u00e7do gj\u00eb q\u00eb ka t\u00eb b\u00ebj\u00eb me kultur\u00ebn \u201ckulturore\u201d, por edhe at\u00eb politike, ekonomike, financiare e q\u00eb kan\u00eb t\u00eb b\u00ebjn\u00eb me ne si komb, popull, shtet(e) shqiptar\u00ebsh n\u00eb Ballkan ende [&hellip;]","og_url":"https:\/\/fjala.info\/2009-2015\/hinterhof\/","og_site_name":"FjALA e LIR\u00cb - Arkivi","article_published_time":"2012-09-23T07:10:31+00:00","og_image":[{"url":"http:\/\/www.fjala.info\/2012\/beqe_cufaj.jpg","type":"","width":"","height":""}],"author":"admin","twitter_card":"summary_large_image","twitter_misc":{"Written by":"admin","Est. reading time":"5 minutes"},"schema":{"@context":"https:\/\/schema.org","@graph":[{"@type":"Article","@id":"https:\/\/fjala.info\/2009-2015\/hinterhof\/#article","isPartOf":{"@id":"https:\/\/fjala.info\/2009-2015\/hinterhof\/"},"author":{"name":"admin","@id":"https:\/\/fjala.info\/2009-2015\/#\/schema\/person\/3aa1163ef05469c496fc94e77611ada2"},"headline":"Hinterhof!","datePublished":"2012-09-23T07:10:31+00:00","mainEntityOfPage":{"@id":"https:\/\/fjala.info\/2009-2015\/hinterhof\/"},"wordCount":1073,"commentCount":0,"publisher":{"@id":"https:\/\/fjala.info\/2009-2015\/#organization"},"image":{"@id":"https:\/\/fjala.info\/2009-2015\/hinterhof\/#primaryimage"},"thumbnailUrl":"http:\/\/www.fjala.info\/2012\/beqe_cufaj.jpg","articleSection":["Artikuj"],"inLanguage":"sq-AL","potentialAction":[{"@type":"CommentAction","name":"Comment","target":["https:\/\/fjala.info\/2009-2015\/hinterhof\/#respond"]}]},{"@type":"WebPage","@id":"https:\/\/fjala.info\/2009-2015\/hinterhof\/","url":"https:\/\/fjala.info\/2009-2015\/hinterhof\/","name":"Hinterhof! - FjALA e LIR\u00cb - Arkivi","isPartOf":{"@id":"https:\/\/fjala.info\/2009-2015\/#website"},"primaryImageOfPage":{"@id":"https:\/\/fjala.info\/2009-2015\/hinterhof\/#primaryimage"},"image":{"@id":"https:\/\/fjala.info\/2009-2015\/hinterhof\/#primaryimage"},"thumbnailUrl":"http:\/\/www.fjala.info\/2012\/beqe_cufaj.jpg","datePublished":"2012-09-23T07:10:31+00:00","breadcrumb":{"@id":"https:\/\/fjala.info\/2009-2015\/hinterhof\/#breadcrumb"},"inLanguage":"sq-AL","potentialAction":[{"@type":"ReadAction","target":["https:\/\/fjala.info\/2009-2015\/hinterhof\/"]}]},{"@type":"ImageObject","inLanguage":"sq-AL","@id":"https:\/\/fjala.info\/2009-2015\/hinterhof\/#primaryimage","url":"http:\/\/www.fjala.info\/2012\/beqe_cufaj.jpg","contentUrl":"http:\/\/www.fjala.info\/2012\/beqe_cufaj.jpg"},{"@type":"BreadcrumbList","@id":"https:\/\/fjala.info\/2009-2015\/hinterhof\/#breadcrumb","itemListElement":[{"@type":"ListItem","position":1,"name":"Home","item":"https:\/\/fjala.info\/2009-2015\/"},{"@type":"ListItem","position":2,"name":"Hinterhof!"}]},{"@type":"WebSite","@id":"https:\/\/fjala.info\/2009-2015\/#website","url":"https:\/\/fjala.info\/2009-2015\/","name":"FjALA e LIR\u00cb - Arkivi","description":"Arkivi 2009-2015","publisher":{"@id":"https:\/\/fjala.info\/2009-2015\/#organization"},"potentialAction":[{"@type":"SearchAction","target":{"@type":"EntryPoint","urlTemplate":"https:\/\/fjala.info\/2009-2015\/?s={search_term_string}"},"query-input":{"@type":"PropertyValueSpecification","valueRequired":true,"valueName":"search_term_string"}}],"inLanguage":"sq-AL"},{"@type":"Organization","@id":"https:\/\/fjala.info\/2009-2015\/#organization","name":"FjALA e LIR\u00cb - Arkivi","url":"https:\/\/fjala.info\/2009-2015\/","logo":{"@type":"ImageObject","inLanguage":"sq-AL","@id":"https:\/\/fjala.info\/2009-2015\/#\/schema\/logo\/image\/","url":"","contentUrl":"","caption":"FjALA e LIR\u00cb - Arkivi"},"image":{"@id":"https:\/\/fjala.info\/2009-2015\/#\/schema\/logo\/image\/"}},{"@type":"Person","@id":"https:\/\/fjala.info\/2009-2015\/#\/schema\/person\/3aa1163ef05469c496fc94e77611ada2","name":"admin","image":{"@type":"ImageObject","inLanguage":"sq-AL","@id":"https:\/\/fjala.info\/2009-2015\/wp-content\/uploads\/2012\/02\/arben_cokaj-120x150.jpg","url":"https:\/\/fjala.info\/2009-2015\/wp-content\/uploads\/2012\/02\/arben_cokaj-120x150.jpg","contentUrl":"https:\/\/fjala.info\/2009-2015\/wp-content\/uploads\/2012\/02\/arben_cokaj-120x150.jpg","caption":"admin"},"description":"Admin, Fjala e Lir\u00eb","sameAs":["https:\/\/fjala.info\/"],"url":"https:\/\/fjala.info\/2009-2015\/author\/admin\/"}]}},"_links":{"self":[{"href":"https:\/\/fjala.info\/2009-2015\/wp-json\/wp\/v2\/posts\/5107","targetHints":{"allow":["GET"]}}],"collection":[{"href":"https:\/\/fjala.info\/2009-2015\/wp-json\/wp\/v2\/posts"}],"about":[{"href":"https:\/\/fjala.info\/2009-2015\/wp-json\/wp\/v2\/types\/post"}],"author":[{"embeddable":true,"href":"https:\/\/fjala.info\/2009-2015\/wp-json\/wp\/v2\/users\/1"}],"replies":[{"embeddable":true,"href":"https:\/\/fjala.info\/2009-2015\/wp-json\/wp\/v2\/comments?post=5107"}],"version-history":[{"count":0,"href":"https:\/\/fjala.info\/2009-2015\/wp-json\/wp\/v2\/posts\/5107\/revisions"}],"wp:attachment":[{"href":"https:\/\/fjala.info\/2009-2015\/wp-json\/wp\/v2\/media?parent=5107"}],"wp:term":[{"taxonomy":"category","embeddable":true,"href":"https:\/\/fjala.info\/2009-2015\/wp-json\/wp\/v2\/categories?post=5107"},{"taxonomy":"post_tag","embeddable":true,"href":"https:\/\/fjala.info\/2009-2015\/wp-json\/wp\/v2\/tags?post=5107"}],"curies":[{"name":"wp","href":"https:\/\/api.w.org\/{rel}","templated":true}]}}