{"id":5103,"date":"2012-09-23T07:38:20","date_gmt":"2012-09-23T06:38:20","guid":{"rendered":"http:\/\/www.fjala.info\/?p=5103"},"modified":"2012-09-23T07:38:20","modified_gmt":"2012-09-23T06:38:20","slug":"serbia-e-madhe-faktor-destabilizues-ne-ballkan","status":"publish","type":"post","link":"https:\/\/fjala.info\/2009-2015\/serbia-e-madhe-faktor-destabilizues-ne-ballkan\/","title":{"rendered":"SERBIA E MADHE FAKTOR DESTABILIZUES N\u00cb BALLKAN"},"content":{"rendered":"<p><img decoding=\"async\" class=\"alignright size-thumbnail wp-image-7236\" title=\"Isuf Bajrami\" src=\"http:\/\/www.fjala.info\/2012\/isuf_bajrami.jpg\" alt=\"\" width=\"150\" \/> <strong>Isuf Bajrami<\/strong><\/p>\n<p>Tendenca e Serbis\u00eb p\u00ebr ndarjen e Kosov\u00ebs \u00ebsht\u00eb n\u00eb vazhd\u00ebn e ndrryshimeve gjeopolitike, q\u00eb kan\u00eb ndodhur n\u00eb t\u00eb kaluar\u00ebn dhe n\u00eb koh\u00ebt e fundit n\u00eb Ballkan, jan\u00eb si rjedhoj\u00eb e aspiratave t\u00eb saj territoriale p\u00ebr nj\u00eb Serbi t\u00eb Mashe! \u00cbsht\u00eb e kuptueshme se, \u00e7do shtet n\u00eb rajon ka synuar q\u00eb t\u00eb p\u00ebrfshij\u00eb sa m\u00eb tep\u00ebr vend por, natyrisht, k\u00ebt\u00eb \u00ebsht\u00eb munduar ta realizoj\u00eb n\u00eb m\u00ebnyr\u00eb diplomatike, por jo edhe Serbia \u00e7doher\u00eb.<\/p>\n<p>Ky \u201cshtet\u201d i dhunsh\u00ebm i pozicionuar n\u00eb pjes\u00ebn qendrore t\u00eb Ballkanit, asnj\u00ebher\u00eb nuk ka qen\u00eb i k\u00ebnaqur me hap\u00ebsir\u00ebn e uzurpuar nga shqiptar\u00ebt, q\u00eb pat p\u00ebrfshir\u00eb brenda kufijve t\u00eb saj.<\/p>\n<p>Duke e p\u00ebrkrahur iden\u00eb p\u00ebr krijimin e nj\u00eb Serbie t\u00eb Madhe, ka qen\u00eb burimi kryesor i paraqitjes s\u00eb shum\u00eb konflikteve dhe luft\u00ebrave t\u00eb armatosura gjat\u00eb dy shekujve t\u00eb fundit.<br \/>\nKarakteristika kryesore e pretendimeve dhe e politik\u00ebs Serbe gjat\u00eb k\u00ebsaj periudhe ka qen\u00eb mosdurimi ndaj nacionaliteteve dhe p\u00ebrkat\u00ebsive t\u00eb tjera fetare.<\/p>\n<p>\u00cbsht\u00eb i pakt\u00eb numri i shteteve n\u00eb Evrop\u00eb, t\u00eb cil\u00ebt prej vitit 1875 gjer m\u00eb sot t\u00eb ken\u00eb shkaktuar kaq\u00eb konflikte t\u00eb armatosura, dhe q\u00eb, prej vitit 1804 (Kryengritja e par\u00eb serbe) gjer m\u00eb 1991, p\u00ebr shum\u00eb her\u00eb ta ket\u00eb zgjeruar territorin e vet me dhun\u00eb ndaj t\u00eb tjer\u00ebve edhe prap t\u00eb mos jet\u00eb e ngopur!!!Nga kjo shihet se konfliktb\u00ebr\u00ebs, n\u00eb t\u00eb kaluar\u00ebn e n\u00eb koh\u00ebt e fundit, \u00ebsht\u00eb vet\u00ebm Serbia e udh\u00ebhequr me politik\u00ebn e vet nacionalshoviniste e ekspanzioniste.<\/p>\n<p>Gjithashtu, m\u00eb duhet t\u00eb theksoj se nuk ka shtete dhe popuj fqinj\u00eb n\u00eb rajon me t\u00eb cilin nuk kan\u00eb luftuar serb\u00ebt dhe q\u00eb nuk i kan\u00eb mar\u00eb territor gjat\u00eb dy shekujve t\u00eb fundit.<\/p>\n<p>Serbia e Madhe vazhdimisht ka patur nj\u00eb q\u00ebndrim diskriminues bile edhe racist ndaj grupeve etnike dhe pakicave komb\u00ebtare brenda territorit t\u00eb Serbis s\u00eb Madhe. Rast i k\u00ebtill\u00eb \u00ebsht\u00eb me Shqiptar\u00ebt, Hungarez\u00ebt, Gjerman\u00ebt dhe me Turqit e musliman\u00ebt e Bosn\u00ebs dhe n\u00eb Sanxhak e n\u00eb Malin e Zi.<\/p>\n<p>Brenda kufijve t\u00eb dhunsh\u00ebm t\u00eb saj \u00ebsht\u00eb b\u00ebr\u00eb edhe spastrim etnik.<br \/>\nAsnj\u00ebher\u00eb territori serb nuk ka qen\u00eb i rrezikuar nga vendet fqinj, por gjithmon\u00eb ka ndodh\u00eb e kund\u00ebrta, vendet fqinj kan\u00eb qen\u00eb t\u00eb rrezikuar nga Serbia e Madhe.<\/p>\n<p><em>Gjilan<\/em>, <em>23.09.2012<\/em><\/p>\n","protected":false},"excerpt":{"rendered":"<p>Isuf Bajrami Tendenca e Serbis\u00eb p\u00ebr ndarjen e Kosov\u00ebs \u00ebsht\u00eb n\u00eb vazhd\u00ebn e ndrryshimeve gjeopolitike, q\u00eb kan\u00eb ndodhur n\u00eb t\u00eb kaluar\u00ebn dhe n\u00eb koh\u00ebt e fundit n\u00eb Ballkan, jan\u00eb si rjedhoj\u00eb e aspiratave t\u00eb saj territoriale p\u00ebr nj\u00eb Serbi t\u00eb Mashe! \u00cbsht\u00eb e kuptueshme se, \u00e7do shtet n\u00eb rajon ka synuar q\u00eb t\u00eb p\u00ebrfshij\u00eb sa [&hellip;]<\/p>\n","protected":false},"author":1,"featured_media":0,"comment_status":"open","ping_status":"closed","sticky":false,"template":"","format":"standard","meta":{"footnotes":""},"categories":[2],"tags":[],"class_list":{"0":"post-5103","1":"post","2":"type-post","3":"status-publish","4":"format-standard","6":"category-artikuj"},"yoast_head":"<!-- This site is optimized with the Yoast SEO plugin v27.4 - https:\/\/yoast.com\/product\/yoast-seo-wordpress\/ -->\n<title>SERBIA E MADHE FAKTOR DESTABILIZUES N\u00cb BALLKAN - FjALA e LIR\u00cb - Arkivi<\/title>\n<meta name=\"robots\" content=\"index, follow, max-snippet:-1, max-image-preview:large, max-video-preview:-1\" \/>\n<link rel=\"canonical\" href=\"https:\/\/fjala.info\/2009-2015\/serbia-e-madhe-faktor-destabilizues-ne-ballkan\/\" \/>\n<meta property=\"og:locale\" content=\"sq_AL\" \/>\n<meta property=\"og:type\" content=\"article\" \/>\n<meta property=\"og:title\" content=\"SERBIA E MADHE FAKTOR DESTABILIZUES N\u00cb BALLKAN - FjALA e LIR\u00cb - Arkivi\" \/>\n<meta property=\"og:description\" content=\"Isuf Bajrami Tendenca e Serbis\u00eb p\u00ebr ndarjen e Kosov\u00ebs \u00ebsht\u00eb n\u00eb vazhd\u00ebn e ndrryshimeve gjeopolitike, q\u00eb kan\u00eb ndodhur n\u00eb t\u00eb kaluar\u00ebn dhe n\u00eb koh\u00ebt e fundit n\u00eb Ballkan, jan\u00eb si rjedhoj\u00eb e aspiratave t\u00eb saj territoriale p\u00ebr nj\u00eb Serbi t\u00eb Mashe! \u00cbsht\u00eb e kuptueshme se, \u00e7do shtet n\u00eb rajon ka synuar q\u00eb t\u00eb p\u00ebrfshij\u00eb sa [&hellip;]\" \/>\n<meta property=\"og:url\" content=\"https:\/\/fjala.info\/2009-2015\/serbia-e-madhe-faktor-destabilizues-ne-ballkan\/\" \/>\n<meta property=\"og:site_name\" content=\"FjALA e LIR\u00cb - Arkivi\" \/>\n<meta property=\"article:published_time\" content=\"2012-09-23T06:38:20+00:00\" \/>\n<meta property=\"og:image\" content=\"http:\/\/www.fjala.info\/2012\/isuf_bajrami.jpg\" \/>\n<meta name=\"author\" content=\"admin\" \/>\n<meta name=\"twitter:card\" content=\"summary_large_image\" \/>\n<meta name=\"twitter:label1\" content=\"Written by\" \/>\n\t<meta name=\"twitter:data1\" content=\"admin\" \/>\n\t<meta name=\"twitter:label2\" content=\"Est. reading time\" \/>\n\t<meta name=\"twitter:data2\" content=\"2 minutes\" \/>\n<script type=\"application\/ld+json\" class=\"yoast-schema-graph\">{\"@context\":\"https:\\\/\\\/schema.org\",\"@graph\":[{\"@type\":\"Article\",\"@id\":\"https:\\\/\\\/fjala.info\\\/2009-2015\\\/serbia-e-madhe-faktor-destabilizues-ne-ballkan\\\/#article\",\"isPartOf\":{\"@id\":\"https:\\\/\\\/fjala.info\\\/2009-2015\\\/serbia-e-madhe-faktor-destabilizues-ne-ballkan\\\/\"},\"author\":{\"name\":\"admin\",\"@id\":\"https:\\\/\\\/fjala.info\\\/2009-2015\\\/#\\\/schema\\\/person\\\/3aa1163ef05469c496fc94e77611ada2\"},\"headline\":\"SERBIA E MADHE FAKTOR DESTABILIZUES N\u00cb BALLKAN\",\"datePublished\":\"2012-09-23T06:38:20+00:00\",\"mainEntityOfPage\":{\"@id\":\"https:\\\/\\\/fjala.info\\\/2009-2015\\\/serbia-e-madhe-faktor-destabilizues-ne-ballkan\\\/\"},\"wordCount\":405,\"commentCount\":0,\"publisher\":{\"@id\":\"https:\\\/\\\/fjala.info\\\/2009-2015\\\/#organization\"},\"image\":{\"@id\":\"https:\\\/\\\/fjala.info\\\/2009-2015\\\/serbia-e-madhe-faktor-destabilizues-ne-ballkan\\\/#primaryimage\"},\"thumbnailUrl\":\"http:\\\/\\\/www.fjala.info\\\/2012\\\/isuf_bajrami.jpg\",\"articleSection\":[\"Artikuj\"],\"inLanguage\":\"sq-AL\",\"potentialAction\":[{\"@type\":\"CommentAction\",\"name\":\"Comment\",\"target\":[\"https:\\\/\\\/fjala.info\\\/2009-2015\\\/serbia-e-madhe-faktor-destabilizues-ne-ballkan\\\/#respond\"]}]},{\"@type\":\"WebPage\",\"@id\":\"https:\\\/\\\/fjala.info\\\/2009-2015\\\/serbia-e-madhe-faktor-destabilizues-ne-ballkan\\\/\",\"url\":\"https:\\\/\\\/fjala.info\\\/2009-2015\\\/serbia-e-madhe-faktor-destabilizues-ne-ballkan\\\/\",\"name\":\"SERBIA E MADHE FAKTOR DESTABILIZUES N\u00cb BALLKAN - FjALA e LIR\u00cb - Arkivi\",\"isPartOf\":{\"@id\":\"https:\\\/\\\/fjala.info\\\/2009-2015\\\/#website\"},\"primaryImageOfPage\":{\"@id\":\"https:\\\/\\\/fjala.info\\\/2009-2015\\\/serbia-e-madhe-faktor-destabilizues-ne-ballkan\\\/#primaryimage\"},\"image\":{\"@id\":\"https:\\\/\\\/fjala.info\\\/2009-2015\\\/serbia-e-madhe-faktor-destabilizues-ne-ballkan\\\/#primaryimage\"},\"thumbnailUrl\":\"http:\\\/\\\/www.fjala.info\\\/2012\\\/isuf_bajrami.jpg\",\"datePublished\":\"2012-09-23T06:38:20+00:00\",\"breadcrumb\":{\"@id\":\"https:\\\/\\\/fjala.info\\\/2009-2015\\\/serbia-e-madhe-faktor-destabilizues-ne-ballkan\\\/#breadcrumb\"},\"inLanguage\":\"sq-AL\",\"potentialAction\":[{\"@type\":\"ReadAction\",\"target\":[\"https:\\\/\\\/fjala.info\\\/2009-2015\\\/serbia-e-madhe-faktor-destabilizues-ne-ballkan\\\/\"]}]},{\"@type\":\"ImageObject\",\"inLanguage\":\"sq-AL\",\"@id\":\"https:\\\/\\\/fjala.info\\\/2009-2015\\\/serbia-e-madhe-faktor-destabilizues-ne-ballkan\\\/#primaryimage\",\"url\":\"http:\\\/\\\/www.fjala.info\\\/2012\\\/isuf_bajrami.jpg\",\"contentUrl\":\"http:\\\/\\\/www.fjala.info\\\/2012\\\/isuf_bajrami.jpg\"},{\"@type\":\"BreadcrumbList\",\"@id\":\"https:\\\/\\\/fjala.info\\\/2009-2015\\\/serbia-e-madhe-faktor-destabilizues-ne-ballkan\\\/#breadcrumb\",\"itemListElement\":[{\"@type\":\"ListItem\",\"position\":1,\"name\":\"Home\",\"item\":\"https:\\\/\\\/fjala.info\\\/2009-2015\\\/\"},{\"@type\":\"ListItem\",\"position\":2,\"name\":\"SERBIA E MADHE FAKTOR DESTABILIZUES N\u00cb BALLKAN\"}]},{\"@type\":\"WebSite\",\"@id\":\"https:\\\/\\\/fjala.info\\\/2009-2015\\\/#website\",\"url\":\"https:\\\/\\\/fjala.info\\\/2009-2015\\\/\",\"name\":\"FjALA e LIR\u00cb - Arkivi\",\"description\":\"Arkivi 2009-2015\",\"publisher\":{\"@id\":\"https:\\\/\\\/fjala.info\\\/2009-2015\\\/#organization\"},\"potentialAction\":[{\"@type\":\"SearchAction\",\"target\":{\"@type\":\"EntryPoint\",\"urlTemplate\":\"https:\\\/\\\/fjala.info\\\/2009-2015\\\/?s={search_term_string}\"},\"query-input\":{\"@type\":\"PropertyValueSpecification\",\"valueRequired\":true,\"valueName\":\"search_term_string\"}}],\"inLanguage\":\"sq-AL\"},{\"@type\":\"Organization\",\"@id\":\"https:\\\/\\\/fjala.info\\\/2009-2015\\\/#organization\",\"name\":\"FjALA e LIR\u00cb - Arkivi\",\"url\":\"https:\\\/\\\/fjala.info\\\/2009-2015\\\/\",\"logo\":{\"@type\":\"ImageObject\",\"inLanguage\":\"sq-AL\",\"@id\":\"https:\\\/\\\/fjala.info\\\/2009-2015\\\/#\\\/schema\\\/logo\\\/image\\\/\",\"url\":\"\",\"contentUrl\":\"\",\"caption\":\"FjALA e LIR\u00cb - Arkivi\"},\"image\":{\"@id\":\"https:\\\/\\\/fjala.info\\\/2009-2015\\\/#\\\/schema\\\/logo\\\/image\\\/\"}},{\"@type\":\"Person\",\"@id\":\"https:\\\/\\\/fjala.info\\\/2009-2015\\\/#\\\/schema\\\/person\\\/3aa1163ef05469c496fc94e77611ada2\",\"name\":\"admin\",\"image\":{\"@type\":\"ImageObject\",\"inLanguage\":\"sq-AL\",\"@id\":\"https:\\\/\\\/fjala.info\\\/2009-2015\\\/wp-content\\\/uploads\\\/2012\\\/02\\\/arben_cokaj-120x150.jpg\",\"url\":\"https:\\\/\\\/fjala.info\\\/2009-2015\\\/wp-content\\\/uploads\\\/2012\\\/02\\\/arben_cokaj-120x150.jpg\",\"contentUrl\":\"https:\\\/\\\/fjala.info\\\/2009-2015\\\/wp-content\\\/uploads\\\/2012\\\/02\\\/arben_cokaj-120x150.jpg\",\"caption\":\"admin\"},\"description\":\"Admin, Fjala e Lir\u00eb\",\"sameAs\":[\"https:\\\/\\\/fjala.info\\\/\"],\"url\":\"https:\\\/\\\/fjala.info\\\/2009-2015\\\/author\\\/admin\\\/\"}]}<\/script>\n<!-- \/ Yoast SEO plugin. -->","yoast_head_json":{"title":"SERBIA E MADHE FAKTOR DESTABILIZUES N\u00cb BALLKAN - FjALA e LIR\u00cb - Arkivi","robots":{"index":"index","follow":"follow","max-snippet":"max-snippet:-1","max-image-preview":"max-image-preview:large","max-video-preview":"max-video-preview:-1"},"canonical":"https:\/\/fjala.info\/2009-2015\/serbia-e-madhe-faktor-destabilizues-ne-ballkan\/","og_locale":"sq_AL","og_type":"article","og_title":"SERBIA E MADHE FAKTOR DESTABILIZUES N\u00cb BALLKAN - FjALA e LIR\u00cb - Arkivi","og_description":"Isuf Bajrami Tendenca e Serbis\u00eb p\u00ebr ndarjen e Kosov\u00ebs \u00ebsht\u00eb n\u00eb vazhd\u00ebn e ndrryshimeve gjeopolitike, q\u00eb kan\u00eb ndodhur n\u00eb t\u00eb kaluar\u00ebn dhe n\u00eb koh\u00ebt e fundit n\u00eb Ballkan, jan\u00eb si rjedhoj\u00eb e aspiratave t\u00eb saj territoriale p\u00ebr nj\u00eb Serbi t\u00eb Mashe! \u00cbsht\u00eb e kuptueshme se, \u00e7do shtet n\u00eb rajon ka synuar q\u00eb t\u00eb p\u00ebrfshij\u00eb sa [&hellip;]","og_url":"https:\/\/fjala.info\/2009-2015\/serbia-e-madhe-faktor-destabilizues-ne-ballkan\/","og_site_name":"FjALA e LIR\u00cb - Arkivi","article_published_time":"2012-09-23T06:38:20+00:00","og_image":[{"url":"http:\/\/www.fjala.info\/2012\/isuf_bajrami.jpg","type":"","width":"","height":""}],"author":"admin","twitter_card":"summary_large_image","twitter_misc":{"Written by":"admin","Est. reading time":"2 minutes"},"schema":{"@context":"https:\/\/schema.org","@graph":[{"@type":"Article","@id":"https:\/\/fjala.info\/2009-2015\/serbia-e-madhe-faktor-destabilizues-ne-ballkan\/#article","isPartOf":{"@id":"https:\/\/fjala.info\/2009-2015\/serbia-e-madhe-faktor-destabilizues-ne-ballkan\/"},"author":{"name":"admin","@id":"https:\/\/fjala.info\/2009-2015\/#\/schema\/person\/3aa1163ef05469c496fc94e77611ada2"},"headline":"SERBIA E MADHE FAKTOR DESTABILIZUES N\u00cb BALLKAN","datePublished":"2012-09-23T06:38:20+00:00","mainEntityOfPage":{"@id":"https:\/\/fjala.info\/2009-2015\/serbia-e-madhe-faktor-destabilizues-ne-ballkan\/"},"wordCount":405,"commentCount":0,"publisher":{"@id":"https:\/\/fjala.info\/2009-2015\/#organization"},"image":{"@id":"https:\/\/fjala.info\/2009-2015\/serbia-e-madhe-faktor-destabilizues-ne-ballkan\/#primaryimage"},"thumbnailUrl":"http:\/\/www.fjala.info\/2012\/isuf_bajrami.jpg","articleSection":["Artikuj"],"inLanguage":"sq-AL","potentialAction":[{"@type":"CommentAction","name":"Comment","target":["https:\/\/fjala.info\/2009-2015\/serbia-e-madhe-faktor-destabilizues-ne-ballkan\/#respond"]}]},{"@type":"WebPage","@id":"https:\/\/fjala.info\/2009-2015\/serbia-e-madhe-faktor-destabilizues-ne-ballkan\/","url":"https:\/\/fjala.info\/2009-2015\/serbia-e-madhe-faktor-destabilizues-ne-ballkan\/","name":"SERBIA E MADHE FAKTOR DESTABILIZUES N\u00cb BALLKAN - FjALA e LIR\u00cb - Arkivi","isPartOf":{"@id":"https:\/\/fjala.info\/2009-2015\/#website"},"primaryImageOfPage":{"@id":"https:\/\/fjala.info\/2009-2015\/serbia-e-madhe-faktor-destabilizues-ne-ballkan\/#primaryimage"},"image":{"@id":"https:\/\/fjala.info\/2009-2015\/serbia-e-madhe-faktor-destabilizues-ne-ballkan\/#primaryimage"},"thumbnailUrl":"http:\/\/www.fjala.info\/2012\/isuf_bajrami.jpg","datePublished":"2012-09-23T06:38:20+00:00","breadcrumb":{"@id":"https:\/\/fjala.info\/2009-2015\/serbia-e-madhe-faktor-destabilizues-ne-ballkan\/#breadcrumb"},"inLanguage":"sq-AL","potentialAction":[{"@type":"ReadAction","target":["https:\/\/fjala.info\/2009-2015\/serbia-e-madhe-faktor-destabilizues-ne-ballkan\/"]}]},{"@type":"ImageObject","inLanguage":"sq-AL","@id":"https:\/\/fjala.info\/2009-2015\/serbia-e-madhe-faktor-destabilizues-ne-ballkan\/#primaryimage","url":"http:\/\/www.fjala.info\/2012\/isuf_bajrami.jpg","contentUrl":"http:\/\/www.fjala.info\/2012\/isuf_bajrami.jpg"},{"@type":"BreadcrumbList","@id":"https:\/\/fjala.info\/2009-2015\/serbia-e-madhe-faktor-destabilizues-ne-ballkan\/#breadcrumb","itemListElement":[{"@type":"ListItem","position":1,"name":"Home","item":"https:\/\/fjala.info\/2009-2015\/"},{"@type":"ListItem","position":2,"name":"SERBIA E MADHE FAKTOR DESTABILIZUES N\u00cb BALLKAN"}]},{"@type":"WebSite","@id":"https:\/\/fjala.info\/2009-2015\/#website","url":"https:\/\/fjala.info\/2009-2015\/","name":"FjALA e LIR\u00cb - Arkivi","description":"Arkivi 2009-2015","publisher":{"@id":"https:\/\/fjala.info\/2009-2015\/#organization"},"potentialAction":[{"@type":"SearchAction","target":{"@type":"EntryPoint","urlTemplate":"https:\/\/fjala.info\/2009-2015\/?s={search_term_string}"},"query-input":{"@type":"PropertyValueSpecification","valueRequired":true,"valueName":"search_term_string"}}],"inLanguage":"sq-AL"},{"@type":"Organization","@id":"https:\/\/fjala.info\/2009-2015\/#organization","name":"FjALA e LIR\u00cb - Arkivi","url":"https:\/\/fjala.info\/2009-2015\/","logo":{"@type":"ImageObject","inLanguage":"sq-AL","@id":"https:\/\/fjala.info\/2009-2015\/#\/schema\/logo\/image\/","url":"","contentUrl":"","caption":"FjALA e LIR\u00cb - Arkivi"},"image":{"@id":"https:\/\/fjala.info\/2009-2015\/#\/schema\/logo\/image\/"}},{"@type":"Person","@id":"https:\/\/fjala.info\/2009-2015\/#\/schema\/person\/3aa1163ef05469c496fc94e77611ada2","name":"admin","image":{"@type":"ImageObject","inLanguage":"sq-AL","@id":"https:\/\/fjala.info\/2009-2015\/wp-content\/uploads\/2012\/02\/arben_cokaj-120x150.jpg","url":"https:\/\/fjala.info\/2009-2015\/wp-content\/uploads\/2012\/02\/arben_cokaj-120x150.jpg","contentUrl":"https:\/\/fjala.info\/2009-2015\/wp-content\/uploads\/2012\/02\/arben_cokaj-120x150.jpg","caption":"admin"},"description":"Admin, Fjala e Lir\u00eb","sameAs":["https:\/\/fjala.info\/"],"url":"https:\/\/fjala.info\/2009-2015\/author\/admin\/"}]}},"_links":{"self":[{"href":"https:\/\/fjala.info\/2009-2015\/wp-json\/wp\/v2\/posts\/5103","targetHints":{"allow":["GET"]}}],"collection":[{"href":"https:\/\/fjala.info\/2009-2015\/wp-json\/wp\/v2\/posts"}],"about":[{"href":"https:\/\/fjala.info\/2009-2015\/wp-json\/wp\/v2\/types\/post"}],"author":[{"embeddable":true,"href":"https:\/\/fjala.info\/2009-2015\/wp-json\/wp\/v2\/users\/1"}],"replies":[{"embeddable":true,"href":"https:\/\/fjala.info\/2009-2015\/wp-json\/wp\/v2\/comments?post=5103"}],"version-history":[{"count":0,"href":"https:\/\/fjala.info\/2009-2015\/wp-json\/wp\/v2\/posts\/5103\/revisions"}],"wp:attachment":[{"href":"https:\/\/fjala.info\/2009-2015\/wp-json\/wp\/v2\/media?parent=5103"}],"wp:term":[{"taxonomy":"category","embeddable":true,"href":"https:\/\/fjala.info\/2009-2015\/wp-json\/wp\/v2\/categories?post=5103"},{"taxonomy":"post_tag","embeddable":true,"href":"https:\/\/fjala.info\/2009-2015\/wp-json\/wp\/v2\/tags?post=5103"}],"curies":[{"name":"wp","href":"https:\/\/api.w.org\/{rel}","templated":true}]}}