{"id":5095,"date":"2012-09-22T20:43:32","date_gmt":"2012-09-22T19:43:32","guid":{"rendered":"http:\/\/www.fjala.info\/?p=5095"},"modified":"2012-09-22T20:43:32","modified_gmt":"2012-09-22T19:43:32","slug":"dy-agjente-te-nje-vendi-fqinj-pjese-e-delegacionit-qe-shiti-detin","status":"publish","type":"post","link":"https:\/\/fjala.info\/2009-2015\/dy-agjente-te-nje-vendi-fqinj-pjese-e-delegacionit-qe-shiti-detin\/","title":{"rendered":"Dy agjent\u00eb t\u00eb nj\u00eb vendi fqinj, pjes\u00eb e delegacionit q\u00eb shiti detin"},"content":{"rendered":"<p><img decoding=\"async\" class=\"alignright size-thumbnail wp-image-7236\" title=\"James Bond, 007\" src=\"http:\/\/www.fjala.info\/2012\/james_bond.jpg\" alt=\"\" width=\"300\" \/> <strong>TemA Online<\/strong>, <em>22 Shtator 2012<\/em><\/p>\n<p>Revista \u201cJava\u201d publikon nj\u00eb fakt shum\u00eb shqet\u00ebsues: n\u00eb ekipin q\u00eb miratoi marr\u00ebveshjen e shtjes s\u00eb detit ka pasur dy agjent\u00eb t\u00eb nj\u00eb vendi fqinj per\u00ebndimor. Revista nuk flet me emra konkret\u00eb, por vendi nuk \u00ebsht\u00eb v\u00ebshtir\u00eb t\u00eb imagjinohet se kush \u00ebsht\u00eb. \u00c7udia \u00ebsht\u00eb se k\u00ebta 2 agjent\u00eb nuk jan\u00eb asfare t\u00eb fsheht\u00eb, dhe aq m\u00eb pak t\u00eb jen\u00eb mjeshtra t\u00eb pisqoll\u00ebs a t\u00eb arteve marciale (si agjent\u00ebt \u2019007\u2032 n\u00eb foton ilustruese). Ata dihet prej vitesh, si\u00e7 thot\u00eb revista, q\u00eb jan\u00eb n\u00eb sh\u00ebrbim t\u00eb nj\u00eb agjenture t\u00eb huaj. E \u00e7uditshmja \u00ebsht\u00eb se ata kan\u00eb b\u00ebr\u00eb karrier\u00eb edhe me t\u00eb majt\u00ebt edhe me t\u00eb djatht\u00ebt, duke ruajtur n\u00eb t\u00eb dy rastet poste shum\u00eb t\u00eb larta.<\/p>\n<p>Ata kan\u00eb l\u00ebvizur disa her\u00eb n\u00eb sektor\u00eb shum\u00eb t\u00eb r\u00ebnd\u00ebsish\u00ebm t\u00eb shteti shqiptar duke mbajtur edhe \u201cgrada\u201d shum\u00eb t\u00eb larta, madje dhe t\u00eb em\u00ebruar n\u00eb detyra akoma m\u00eb t\u00eb larta prej dy ish-President\u00ebve, Moisiu e Topi. Nj\u00ebri prej tyre e kan\u00eb nj\u00eb familjar t\u00eb pozicionuar shum\u00eb lart n\u00eb hierarkin\u00eb e sh\u00ebrbimeve inteligjente t\u00eb nj\u00eb vendi fqinj.<\/p>\n<p>Revista risjell nj\u00eb fakt pak t\u00eb njohur, q\u00eb p\u00ebr nj\u00ebrin nga agjent\u00ebt ka pasur debate t\u00eb forta mes ish-Presidentit Moisiu dhe Ministrit q\u00eb ia kish sjell\u00eb agjentin p\u00ebr firm\u00eb. Por, nuk dihet sesi ajo firm\u00eb prap\u00eb u hodh.<\/p>\n<p>Sot, t\u00eb dy agjent\u00ebt jan\u00eb p\u00ebrfaq\u00ebsues s\u00eb Shqip\u00ebris\u00eb n\u00eb p\u00ebrfaq\u00ebsit\u00eb tona jasht\u00eb. Nj\u00eb i tret\u00eb, zyrtar i dor\u00ebhequr para pak muajsh, paska qen\u00eb agjent n\u00eb sh\u00ebrbim t\u00eb dy agjenturave dhe ka shkaktuar d\u00ebme vendit n\u00eb pozicionin ku ka qen\u00eb!<\/p>\n<p>Kjo katrahur\u00eb n\u00eb \u201chanin\u201d ton\u00eb me shum\u00eb porta ka b\u00ebr\u00eb q\u00eb edhe pse nuk \u00ebsht\u00eb b\u00ebr\u00eb publike, Shqip\u00ebria t\u00eb marr\u00eb paralajm\u00ebrim serioz p\u00ebr pezullim nga Nato para ndonj\u00eb viti. Arsyeja: nga Shqip\u00ebria rrjedhin informacione sekrete!<\/p>\n<p>Sipas \u201cJava\u201d-s, p\u00ebr sa koh\u00eb ne do i hedhim n\u00eb rrug\u00eb njer\u00ebzit q\u00eb i kan\u00eb sh\u00ebrbyer vendit n\u00eb sh\u00ebrbimet tona inteligjente e t\u2019i detyrojm\u00eb t\u00eb emigrojn\u00eb p\u00ebr buk\u00ebn e goj\u00ebs, \u00ebsht\u00eb e pritshme q\u00eb ish-zyrtar\u00ebt tan\u00eb t\u00eb \u201ccic\u00ebrojn\u00eb\u201d kollaj andej nga ikin. Shkat\u00ebrrimi i strukturave t\u00eb kund\u00ebr-zbulimit pas p\u00ebrmbysjes s\u00eb komunizmit ishte nj\u00eb naivitet (n\u00eb rastin m\u00eb t\u00eb pakt\u00eb) q\u00eb na kushtoi shum\u00eb. P\u00ebr sa koh\u00eb pun\u00ebsohen n\u00eb poste tep\u00ebr delikate njer\u00ebz q\u00eb kan\u00eb kaluar me vite jasht\u00eb e q\u00eb nuk u gjurmohet dot e shkuara, p\u00ebrmir\u00ebsimi i situat\u00ebs duket i larg\u00ebt. S\u2019na mbetet t\u00eb themi ve\u00e7: Ruajna Zot Naton.<\/p>\n<p><a href=\"http:\/\/respublica.al\/artikuj\/2012\/09\/22\/java-2-agjente-te-nje-vendi-fqinj-pjese-e-delegacionit-qe-shiti-detin\">http:\/\/respublica.al\/artikuj\/2012\/09\/22\/java-2-agjente-te-nje-vendi-fqinj-pjese-e-delegacionit-qe-shiti-detin<\/a><\/p>\n","protected":false},"excerpt":{"rendered":"<p>TemA Online, 22 Shtator 2012 Revista \u201cJava\u201d publikon nj\u00eb fakt shum\u00eb shqet\u00ebsues: n\u00eb ekipin q\u00eb miratoi marr\u00ebveshjen e shtjes s\u00eb detit ka pasur dy agjent\u00eb t\u00eb nj\u00eb vendi fqinj per\u00ebndimor. Revista nuk flet me emra konkret\u00eb, por vendi nuk \u00ebsht\u00eb v\u00ebshtir\u00eb t\u00eb imagjinohet se kush \u00ebsht\u00eb. \u00c7udia \u00ebsht\u00eb se k\u00ebta 2 agjent\u00eb nuk jan\u00eb asfare [&hellip;]<\/p>\n","protected":false},"author":1,"featured_media":0,"comment_status":"open","ping_status":"closed","sticky":false,"template":"","format":"standard","meta":{"footnotes":""},"categories":[2],"tags":[],"class_list":{"0":"post-5095","1":"post","2":"type-post","3":"status-publish","4":"format-standard","6":"category-artikuj"},"yoast_head":"<!-- This site is optimized with the Yoast SEO plugin v27.4 - https:\/\/yoast.com\/product\/yoast-seo-wordpress\/ -->\n<title>Dy agjent\u00eb t\u00eb nj\u00eb vendi fqinj, pjes\u00eb e delegacionit q\u00eb shiti detin - FjALA e LIR\u00cb - Arkivi<\/title>\n<meta name=\"robots\" content=\"index, follow, max-snippet:-1, max-image-preview:large, max-video-preview:-1\" \/>\n<link rel=\"canonical\" href=\"https:\/\/fjala.info\/2009-2015\/dy-agjente-te-nje-vendi-fqinj-pjese-e-delegacionit-qe-shiti-detin\/\" \/>\n<meta property=\"og:locale\" content=\"sq_AL\" \/>\n<meta property=\"og:type\" content=\"article\" \/>\n<meta property=\"og:title\" content=\"Dy agjent\u00eb t\u00eb nj\u00eb vendi fqinj, pjes\u00eb e delegacionit q\u00eb shiti detin - FjALA e LIR\u00cb - Arkivi\" \/>\n<meta property=\"og:description\" content=\"TemA Online, 22 Shtator 2012 Revista \u201cJava\u201d publikon nj\u00eb fakt shum\u00eb shqet\u00ebsues: n\u00eb ekipin q\u00eb miratoi marr\u00ebveshjen e shtjes s\u00eb detit ka pasur dy agjent\u00eb t\u00eb nj\u00eb vendi fqinj per\u00ebndimor. Revista nuk flet me emra konkret\u00eb, por vendi nuk \u00ebsht\u00eb v\u00ebshtir\u00eb t\u00eb imagjinohet se kush \u00ebsht\u00eb. \u00c7udia \u00ebsht\u00eb se k\u00ebta 2 agjent\u00eb nuk jan\u00eb asfare [&hellip;]\" \/>\n<meta property=\"og:url\" content=\"https:\/\/fjala.info\/2009-2015\/dy-agjente-te-nje-vendi-fqinj-pjese-e-delegacionit-qe-shiti-detin\/\" \/>\n<meta property=\"og:site_name\" content=\"FjALA e LIR\u00cb - Arkivi\" \/>\n<meta property=\"article:published_time\" content=\"2012-09-22T19:43:32+00:00\" \/>\n<meta property=\"og:image\" content=\"http:\/\/www.fjala.info\/2012\/james_bond.jpg\" \/>\n<meta name=\"author\" content=\"admin\" \/>\n<meta name=\"twitter:card\" content=\"summary_large_image\" \/>\n<meta name=\"twitter:label1\" content=\"Written by\" \/>\n\t<meta name=\"twitter:data1\" content=\"admin\" \/>\n\t<meta name=\"twitter:label2\" content=\"Est. reading time\" \/>\n\t<meta name=\"twitter:data2\" content=\"2 minutes\" \/>\n<script type=\"application\/ld+json\" class=\"yoast-schema-graph\">{\"@context\":\"https:\\\/\\\/schema.org\",\"@graph\":[{\"@type\":\"Article\",\"@id\":\"https:\\\/\\\/fjala.info\\\/2009-2015\\\/dy-agjente-te-nje-vendi-fqinj-pjese-e-delegacionit-qe-shiti-detin\\\/#article\",\"isPartOf\":{\"@id\":\"https:\\\/\\\/fjala.info\\\/2009-2015\\\/dy-agjente-te-nje-vendi-fqinj-pjese-e-delegacionit-qe-shiti-detin\\\/\"},\"author\":{\"name\":\"admin\",\"@id\":\"https:\\\/\\\/fjala.info\\\/2009-2015\\\/#\\\/schema\\\/person\\\/3aa1163ef05469c496fc94e77611ada2\"},\"headline\":\"Dy agjent\u00eb t\u00eb nj\u00eb vendi fqinj, pjes\u00eb e delegacionit q\u00eb shiti detin\",\"datePublished\":\"2012-09-22T19:43:32+00:00\",\"mainEntityOfPage\":{\"@id\":\"https:\\\/\\\/fjala.info\\\/2009-2015\\\/dy-agjente-te-nje-vendi-fqinj-pjese-e-delegacionit-qe-shiti-detin\\\/\"},\"wordCount\":461,\"commentCount\":0,\"publisher\":{\"@id\":\"https:\\\/\\\/fjala.info\\\/2009-2015\\\/#organization\"},\"image\":{\"@id\":\"https:\\\/\\\/fjala.info\\\/2009-2015\\\/dy-agjente-te-nje-vendi-fqinj-pjese-e-delegacionit-qe-shiti-detin\\\/#primaryimage\"},\"thumbnailUrl\":\"http:\\\/\\\/www.fjala.info\\\/2012\\\/james_bond.jpg\",\"articleSection\":[\"Artikuj\"],\"inLanguage\":\"sq-AL\",\"potentialAction\":[{\"@type\":\"CommentAction\",\"name\":\"Comment\",\"target\":[\"https:\\\/\\\/fjala.info\\\/2009-2015\\\/dy-agjente-te-nje-vendi-fqinj-pjese-e-delegacionit-qe-shiti-detin\\\/#respond\"]}]},{\"@type\":\"WebPage\",\"@id\":\"https:\\\/\\\/fjala.info\\\/2009-2015\\\/dy-agjente-te-nje-vendi-fqinj-pjese-e-delegacionit-qe-shiti-detin\\\/\",\"url\":\"https:\\\/\\\/fjala.info\\\/2009-2015\\\/dy-agjente-te-nje-vendi-fqinj-pjese-e-delegacionit-qe-shiti-detin\\\/\",\"name\":\"Dy agjent\u00eb t\u00eb nj\u00eb vendi fqinj, pjes\u00eb e delegacionit q\u00eb shiti detin - FjALA e LIR\u00cb - Arkivi\",\"isPartOf\":{\"@id\":\"https:\\\/\\\/fjala.info\\\/2009-2015\\\/#website\"},\"primaryImageOfPage\":{\"@id\":\"https:\\\/\\\/fjala.info\\\/2009-2015\\\/dy-agjente-te-nje-vendi-fqinj-pjese-e-delegacionit-qe-shiti-detin\\\/#primaryimage\"},\"image\":{\"@id\":\"https:\\\/\\\/fjala.info\\\/2009-2015\\\/dy-agjente-te-nje-vendi-fqinj-pjese-e-delegacionit-qe-shiti-detin\\\/#primaryimage\"},\"thumbnailUrl\":\"http:\\\/\\\/www.fjala.info\\\/2012\\\/james_bond.jpg\",\"datePublished\":\"2012-09-22T19:43:32+00:00\",\"breadcrumb\":{\"@id\":\"https:\\\/\\\/fjala.info\\\/2009-2015\\\/dy-agjente-te-nje-vendi-fqinj-pjese-e-delegacionit-qe-shiti-detin\\\/#breadcrumb\"},\"inLanguage\":\"sq-AL\",\"potentialAction\":[{\"@type\":\"ReadAction\",\"target\":[\"https:\\\/\\\/fjala.info\\\/2009-2015\\\/dy-agjente-te-nje-vendi-fqinj-pjese-e-delegacionit-qe-shiti-detin\\\/\"]}]},{\"@type\":\"ImageObject\",\"inLanguage\":\"sq-AL\",\"@id\":\"https:\\\/\\\/fjala.info\\\/2009-2015\\\/dy-agjente-te-nje-vendi-fqinj-pjese-e-delegacionit-qe-shiti-detin\\\/#primaryimage\",\"url\":\"http:\\\/\\\/www.fjala.info\\\/2012\\\/james_bond.jpg\",\"contentUrl\":\"http:\\\/\\\/www.fjala.info\\\/2012\\\/james_bond.jpg\"},{\"@type\":\"BreadcrumbList\",\"@id\":\"https:\\\/\\\/fjala.info\\\/2009-2015\\\/dy-agjente-te-nje-vendi-fqinj-pjese-e-delegacionit-qe-shiti-detin\\\/#breadcrumb\",\"itemListElement\":[{\"@type\":\"ListItem\",\"position\":1,\"name\":\"Home\",\"item\":\"https:\\\/\\\/fjala.info\\\/2009-2015\\\/\"},{\"@type\":\"ListItem\",\"position\":2,\"name\":\"Dy agjent\u00eb t\u00eb nj\u00eb vendi fqinj, pjes\u00eb e delegacionit q\u00eb shiti detin\"}]},{\"@type\":\"WebSite\",\"@id\":\"https:\\\/\\\/fjala.info\\\/2009-2015\\\/#website\",\"url\":\"https:\\\/\\\/fjala.info\\\/2009-2015\\\/\",\"name\":\"FjALA e LIR\u00cb - Arkivi\",\"description\":\"Arkivi 2009-2015\",\"publisher\":{\"@id\":\"https:\\\/\\\/fjala.info\\\/2009-2015\\\/#organization\"},\"potentialAction\":[{\"@type\":\"SearchAction\",\"target\":{\"@type\":\"EntryPoint\",\"urlTemplate\":\"https:\\\/\\\/fjala.info\\\/2009-2015\\\/?s={search_term_string}\"},\"query-input\":{\"@type\":\"PropertyValueSpecification\",\"valueRequired\":true,\"valueName\":\"search_term_string\"}}],\"inLanguage\":\"sq-AL\"},{\"@type\":\"Organization\",\"@id\":\"https:\\\/\\\/fjala.info\\\/2009-2015\\\/#organization\",\"name\":\"FjALA e LIR\u00cb - Arkivi\",\"url\":\"https:\\\/\\\/fjala.info\\\/2009-2015\\\/\",\"logo\":{\"@type\":\"ImageObject\",\"inLanguage\":\"sq-AL\",\"@id\":\"https:\\\/\\\/fjala.info\\\/2009-2015\\\/#\\\/schema\\\/logo\\\/image\\\/\",\"url\":\"\",\"contentUrl\":\"\",\"caption\":\"FjALA e LIR\u00cb - Arkivi\"},\"image\":{\"@id\":\"https:\\\/\\\/fjala.info\\\/2009-2015\\\/#\\\/schema\\\/logo\\\/image\\\/\"}},{\"@type\":\"Person\",\"@id\":\"https:\\\/\\\/fjala.info\\\/2009-2015\\\/#\\\/schema\\\/person\\\/3aa1163ef05469c496fc94e77611ada2\",\"name\":\"admin\",\"image\":{\"@type\":\"ImageObject\",\"inLanguage\":\"sq-AL\",\"@id\":\"https:\\\/\\\/fjala.info\\\/2009-2015\\\/wp-content\\\/uploads\\\/2012\\\/02\\\/arben_cokaj-120x150.jpg\",\"url\":\"https:\\\/\\\/fjala.info\\\/2009-2015\\\/wp-content\\\/uploads\\\/2012\\\/02\\\/arben_cokaj-120x150.jpg\",\"contentUrl\":\"https:\\\/\\\/fjala.info\\\/2009-2015\\\/wp-content\\\/uploads\\\/2012\\\/02\\\/arben_cokaj-120x150.jpg\",\"caption\":\"admin\"},\"description\":\"Admin, Fjala e Lir\u00eb\",\"sameAs\":[\"https:\\\/\\\/fjala.info\\\/\"],\"url\":\"https:\\\/\\\/fjala.info\\\/2009-2015\\\/author\\\/admin\\\/\"}]}<\/script>\n<!-- \/ Yoast SEO plugin. -->","yoast_head_json":{"title":"Dy agjent\u00eb t\u00eb nj\u00eb vendi fqinj, pjes\u00eb e delegacionit q\u00eb shiti detin - FjALA e LIR\u00cb - Arkivi","robots":{"index":"index","follow":"follow","max-snippet":"max-snippet:-1","max-image-preview":"max-image-preview:large","max-video-preview":"max-video-preview:-1"},"canonical":"https:\/\/fjala.info\/2009-2015\/dy-agjente-te-nje-vendi-fqinj-pjese-e-delegacionit-qe-shiti-detin\/","og_locale":"sq_AL","og_type":"article","og_title":"Dy agjent\u00eb t\u00eb nj\u00eb vendi fqinj, pjes\u00eb e delegacionit q\u00eb shiti detin - FjALA e LIR\u00cb - Arkivi","og_description":"TemA Online, 22 Shtator 2012 Revista \u201cJava\u201d publikon nj\u00eb fakt shum\u00eb shqet\u00ebsues: n\u00eb ekipin q\u00eb miratoi marr\u00ebveshjen e shtjes s\u00eb detit ka pasur dy agjent\u00eb t\u00eb nj\u00eb vendi fqinj per\u00ebndimor. Revista nuk flet me emra konkret\u00eb, por vendi nuk \u00ebsht\u00eb v\u00ebshtir\u00eb t\u00eb imagjinohet se kush \u00ebsht\u00eb. \u00c7udia \u00ebsht\u00eb se k\u00ebta 2 agjent\u00eb nuk jan\u00eb asfare [&hellip;]","og_url":"https:\/\/fjala.info\/2009-2015\/dy-agjente-te-nje-vendi-fqinj-pjese-e-delegacionit-qe-shiti-detin\/","og_site_name":"FjALA e LIR\u00cb - Arkivi","article_published_time":"2012-09-22T19:43:32+00:00","og_image":[{"url":"http:\/\/www.fjala.info\/2012\/james_bond.jpg","type":"","width":"","height":""}],"author":"admin","twitter_card":"summary_large_image","twitter_misc":{"Written by":"admin","Est. reading time":"2 minutes"},"schema":{"@context":"https:\/\/schema.org","@graph":[{"@type":"Article","@id":"https:\/\/fjala.info\/2009-2015\/dy-agjente-te-nje-vendi-fqinj-pjese-e-delegacionit-qe-shiti-detin\/#article","isPartOf":{"@id":"https:\/\/fjala.info\/2009-2015\/dy-agjente-te-nje-vendi-fqinj-pjese-e-delegacionit-qe-shiti-detin\/"},"author":{"name":"admin","@id":"https:\/\/fjala.info\/2009-2015\/#\/schema\/person\/3aa1163ef05469c496fc94e77611ada2"},"headline":"Dy agjent\u00eb t\u00eb nj\u00eb vendi fqinj, pjes\u00eb e delegacionit q\u00eb shiti detin","datePublished":"2012-09-22T19:43:32+00:00","mainEntityOfPage":{"@id":"https:\/\/fjala.info\/2009-2015\/dy-agjente-te-nje-vendi-fqinj-pjese-e-delegacionit-qe-shiti-detin\/"},"wordCount":461,"commentCount":0,"publisher":{"@id":"https:\/\/fjala.info\/2009-2015\/#organization"},"image":{"@id":"https:\/\/fjala.info\/2009-2015\/dy-agjente-te-nje-vendi-fqinj-pjese-e-delegacionit-qe-shiti-detin\/#primaryimage"},"thumbnailUrl":"http:\/\/www.fjala.info\/2012\/james_bond.jpg","articleSection":["Artikuj"],"inLanguage":"sq-AL","potentialAction":[{"@type":"CommentAction","name":"Comment","target":["https:\/\/fjala.info\/2009-2015\/dy-agjente-te-nje-vendi-fqinj-pjese-e-delegacionit-qe-shiti-detin\/#respond"]}]},{"@type":"WebPage","@id":"https:\/\/fjala.info\/2009-2015\/dy-agjente-te-nje-vendi-fqinj-pjese-e-delegacionit-qe-shiti-detin\/","url":"https:\/\/fjala.info\/2009-2015\/dy-agjente-te-nje-vendi-fqinj-pjese-e-delegacionit-qe-shiti-detin\/","name":"Dy agjent\u00eb t\u00eb nj\u00eb vendi fqinj, pjes\u00eb e delegacionit q\u00eb shiti detin - FjALA e LIR\u00cb - Arkivi","isPartOf":{"@id":"https:\/\/fjala.info\/2009-2015\/#website"},"primaryImageOfPage":{"@id":"https:\/\/fjala.info\/2009-2015\/dy-agjente-te-nje-vendi-fqinj-pjese-e-delegacionit-qe-shiti-detin\/#primaryimage"},"image":{"@id":"https:\/\/fjala.info\/2009-2015\/dy-agjente-te-nje-vendi-fqinj-pjese-e-delegacionit-qe-shiti-detin\/#primaryimage"},"thumbnailUrl":"http:\/\/www.fjala.info\/2012\/james_bond.jpg","datePublished":"2012-09-22T19:43:32+00:00","breadcrumb":{"@id":"https:\/\/fjala.info\/2009-2015\/dy-agjente-te-nje-vendi-fqinj-pjese-e-delegacionit-qe-shiti-detin\/#breadcrumb"},"inLanguage":"sq-AL","potentialAction":[{"@type":"ReadAction","target":["https:\/\/fjala.info\/2009-2015\/dy-agjente-te-nje-vendi-fqinj-pjese-e-delegacionit-qe-shiti-detin\/"]}]},{"@type":"ImageObject","inLanguage":"sq-AL","@id":"https:\/\/fjala.info\/2009-2015\/dy-agjente-te-nje-vendi-fqinj-pjese-e-delegacionit-qe-shiti-detin\/#primaryimage","url":"http:\/\/www.fjala.info\/2012\/james_bond.jpg","contentUrl":"http:\/\/www.fjala.info\/2012\/james_bond.jpg"},{"@type":"BreadcrumbList","@id":"https:\/\/fjala.info\/2009-2015\/dy-agjente-te-nje-vendi-fqinj-pjese-e-delegacionit-qe-shiti-detin\/#breadcrumb","itemListElement":[{"@type":"ListItem","position":1,"name":"Home","item":"https:\/\/fjala.info\/2009-2015\/"},{"@type":"ListItem","position":2,"name":"Dy agjent\u00eb t\u00eb nj\u00eb vendi fqinj, pjes\u00eb e delegacionit q\u00eb shiti detin"}]},{"@type":"WebSite","@id":"https:\/\/fjala.info\/2009-2015\/#website","url":"https:\/\/fjala.info\/2009-2015\/","name":"FjALA e LIR\u00cb - Arkivi","description":"Arkivi 2009-2015","publisher":{"@id":"https:\/\/fjala.info\/2009-2015\/#organization"},"potentialAction":[{"@type":"SearchAction","target":{"@type":"EntryPoint","urlTemplate":"https:\/\/fjala.info\/2009-2015\/?s={search_term_string}"},"query-input":{"@type":"PropertyValueSpecification","valueRequired":true,"valueName":"search_term_string"}}],"inLanguage":"sq-AL"},{"@type":"Organization","@id":"https:\/\/fjala.info\/2009-2015\/#organization","name":"FjALA e LIR\u00cb - Arkivi","url":"https:\/\/fjala.info\/2009-2015\/","logo":{"@type":"ImageObject","inLanguage":"sq-AL","@id":"https:\/\/fjala.info\/2009-2015\/#\/schema\/logo\/image\/","url":"","contentUrl":"","caption":"FjALA e LIR\u00cb - Arkivi"},"image":{"@id":"https:\/\/fjala.info\/2009-2015\/#\/schema\/logo\/image\/"}},{"@type":"Person","@id":"https:\/\/fjala.info\/2009-2015\/#\/schema\/person\/3aa1163ef05469c496fc94e77611ada2","name":"admin","image":{"@type":"ImageObject","inLanguage":"sq-AL","@id":"https:\/\/fjala.info\/2009-2015\/wp-content\/uploads\/2012\/02\/arben_cokaj-120x150.jpg","url":"https:\/\/fjala.info\/2009-2015\/wp-content\/uploads\/2012\/02\/arben_cokaj-120x150.jpg","contentUrl":"https:\/\/fjala.info\/2009-2015\/wp-content\/uploads\/2012\/02\/arben_cokaj-120x150.jpg","caption":"admin"},"description":"Admin, Fjala e Lir\u00eb","sameAs":["https:\/\/fjala.info\/"],"url":"https:\/\/fjala.info\/2009-2015\/author\/admin\/"}]}},"_links":{"self":[{"href":"https:\/\/fjala.info\/2009-2015\/wp-json\/wp\/v2\/posts\/5095","targetHints":{"allow":["GET"]}}],"collection":[{"href":"https:\/\/fjala.info\/2009-2015\/wp-json\/wp\/v2\/posts"}],"about":[{"href":"https:\/\/fjala.info\/2009-2015\/wp-json\/wp\/v2\/types\/post"}],"author":[{"embeddable":true,"href":"https:\/\/fjala.info\/2009-2015\/wp-json\/wp\/v2\/users\/1"}],"replies":[{"embeddable":true,"href":"https:\/\/fjala.info\/2009-2015\/wp-json\/wp\/v2\/comments?post=5095"}],"version-history":[{"count":0,"href":"https:\/\/fjala.info\/2009-2015\/wp-json\/wp\/v2\/posts\/5095\/revisions"}],"wp:attachment":[{"href":"https:\/\/fjala.info\/2009-2015\/wp-json\/wp\/v2\/media?parent=5095"}],"wp:term":[{"taxonomy":"category","embeddable":true,"href":"https:\/\/fjala.info\/2009-2015\/wp-json\/wp\/v2\/categories?post=5095"},{"taxonomy":"post_tag","embeddable":true,"href":"https:\/\/fjala.info\/2009-2015\/wp-json\/wp\/v2\/tags?post=5095"}],"curies":[{"name":"wp","href":"https:\/\/api.w.org\/{rel}","templated":true}]}}