{"id":5090,"date":"2012-09-21T21:31:23","date_gmt":"2012-09-21T20:31:23","guid":{"rendered":"http:\/\/www.fjala.info\/?p=5090"},"modified":"2012-09-21T21:31:23","modified_gmt":"2012-09-21T20:31:23","slug":"mos-i-gjuani-catine-kishes-se-gure-kres-boll-na-kane-ra","status":"publish","type":"post","link":"https:\/\/fjala.info\/2009-2015\/mos-i-gjuani-catine-kishes-se-gure-kres-boll-na-kane-ra\/","title":{"rendered":"MOS I GJUANI \u00c7ATIN\u00cb KISH\u00cbS, SE GUR\u00cb KRE\u2019S BOLL NA KAN\u00cb RA\u2019!"},"content":{"rendered":"<p><img decoding=\"async\" class=\"alignright size-thumbnail wp-image-7236\" title=\"Nertila Marku\" src=\"http:\/\/www.fjala.info\/2012\/nertila_marku.jpg\" alt=\"\" width=\"150\" \/> <strong>NERTILA MARKU<\/strong>, <em>21 Shtator 2012<\/em><\/p>\n<p>Sapo mora lajmin e nd\u00ebrhyrjes s\u00eb Kish\u00ebs Katolike mbi shkish\u00ebrimin e vras\u00ebsve, instinktivisht, \u201cN\u00eb em\u00ebr t\u00eb Atit, e t\u00eb Birit e t\u00eb Shpirtit t\u00eb Shenjt\u00eb\u201d, ishte reagimi i par\u00eb q\u00eb m\u00eb erdhi nga shpirti. Pas shum\u00eb vrasjeve t\u00eb ndodhura n\u00eb Shqip\u00ebri k\u00ebt\u00eb vit, ajo q\u00eb t\u00eb shton frik\u00ebn m\u00eb shum\u00eb, \u00ebsht\u00eb mosgjetja e nj\u00eb forme p\u00ebr t\u2019i parandaluar ato. T\u00eb pakt\u00ebn, p\u00ebr ato q\u00eb mbajn\u00eb brenda pritshm\u00ebrin\u00eb m\u00eb t\u00eb madhe se kan\u00eb p\u00ebr t\u00eb ndodhur, ato p\u00ebr shkak t\u00eb gjakmarrjes.<\/p>\n<p>Ajo q\u00eb m\u00eb \u00e7uditi m\u00eb shum\u00eb, \u00ebsht\u00eb padyshim skepticizmi i atyre q\u00eb nuk njohin arsyetimin objektiv, i atyre q\u00eb nga frika, apo nga pazari i historis\u00eb, \u201cshit\u00ebn\u201d t\u00eb drejt\u00ebn shekullore p\u00ebr t\u00eb mos besuar n\u00eb at\u00eb q\u00eb ndjenin, apo skepticizmi i atyre q\u00eb drejtojn\u00eb institucione laike p\u00ebr pajtimin e gjaqeve.<\/p>\n<p>Di\u00e7ka duhet t\u00eb jet\u00eb e qart\u00eb, pasi t\u00eb b\u00ebjm\u00eb ca krahasime: Q\u00eb k\u00ebto institucione aktualisht, jan\u00eb p\u00ebr t\u2019u m\u00ebshiruar n\u00eb raport me reagimin, \u201cimponimin\u201d, p\u00ebr t\u00eb mos th\u00ebn\u00eb p\u00ebr historit\u00eb e pafundme t\u00eb p\u00ebrfshirjes s\u00eb tyre n\u00eb \u00e7\u00ebshtje pazaresh materiale me gjakun. T\u00eb par\u00ebt q\u00eb duhet t\u00eb jen\u00eb mb\u00ebshtetja maksimale e Kish\u00ebs Katolike si institucione, moralisht, parimisht, por sigurisht edhe institucionalisht p\u00ebr aq sa e lejon ligji, jan\u00eb pik\u00ebrisht institucionet simotra t\u00eb q\u00ebllimeve q\u00eb kan\u00eb.<\/p>\n<p>Gjakmarrjet jan\u00eb t\u00eb p\u00ebrqendruara n\u00eb at\u00eb pjes\u00eb t\u00eb Shqip\u00ebris\u00eb, ku q\u00eb pas shkish\u00ebrimit q\u00eb i b\u00ebn\u00eb pushtuesit asaj, historikisht shteti shqiptar n\u00eb raport me pjes\u00ebn tjet\u00ebr t\u00eb Shqip\u00ebris\u00eb, \u00ebsht\u00eb treguar indiferent edhe ndaj cop\u00ebs s\u00eb buk\u00ebs, jo m\u00eb fenomeneve q\u00eb u ngulit\u00ebn n\u00eb kultur\u00ebn e \u201clarjes s\u00eb borxheve\u201d.<\/p>\n<p>Tashm\u00eb historin\u00eb e Kish\u00ebs Katolike dhe skepticizmin e ndikimit t\u00eb saj tek besimtar\u00ebt, skeptik\u00ebt t\u00eb shkojn\u00eb e ta k\u00ebrkojn\u00eb n\u00eb koh\u00ebt edhe m\u00eb skeptike ndaj frym\u00ebmarrjes s\u00eb lir\u00eb. At\u00ebher\u00eb kur n\u00eb em\u00ebr t\u00eb fjal\u00ebs s\u00eb Zotit, dhe jo diktator\u00ebve, lumenjt\u00eb e Veriut u z\u00ebvend\u00ebsuan me gjak shqiptar\u00ebsh autokton\u00eb. At\u00ebher\u00eb kur pranonin t\u2019ju thyenin shpin\u00ebn dhe jo Kryqin.<\/p>\n<p>Ata q\u00eb deri m\u00eb sot, tregojn\u00eb skepticiz\u00ebm t\u00eb hapur hipokrit ndaj iniciativ\u00ebs s\u00eb Kish\u00ebs, t\u00eb shkojn\u00eb e t\u00eb rr\u00ebfejn\u00eb m\u00ebkatet e tyre p\u00ebr detyr\u00ebn q\u00eb i v\u00ebn\u00eb vetes, q\u00eb t\u00eb mos japin shpres\u00eb p\u00ebr paqe, falje, bashk\u00ebpunim, qoft\u00eb edhe p\u00ebr nj\u00eb reflektim. Por vet\u00ebm p\u00ebr mllef historik apo klienteliz\u00ebm!<\/p>\n<p>Ruajna Zot! Kushedi \u00e7far\u00eb \u201cdjalli\u201d u ka hyr\u00eb n\u00eb shpirt, q\u00eb s\u2019i lejon ta hapin zemr\u00ebn p\u00ebr t\u00eb menduar pozitivisht, por edhe s\u2019kan\u00eb faj sepse \u201clargqoftja\u201d u pret rrug\u00ebn e mendjes me mask\u00eb-err\u00ebsir\u00eb t\u00eb pes\u00ebqind viteve pushtimi, pes\u00ebdhjet\u00eb viteve burg dhe nj\u00ebzet viteve liri zagar\u00ebsh!<\/p>\n<p>Eksperienca e vjedhjeve, ngjarjeve jo t\u00eb k\u00ebndshme, apo edhe keqkuptimeve t\u00eb vogla mes njer\u00ebzve, (t\u00eb pakt\u00ebn n\u00eb veri n\u00eb fshatra), tregon se p\u00ebr t\u00eb gjetur faljen, p\u00ebrgjegj\u00ebsit, p\u00ebr t\u2019u betuar p\u00ebr v\u00ebrtet\u00ebsin\u00eb apo p\u00ebrg\u00ebnjeshtrimin e di\u00e7kaje, njer\u00ebzit v\u00ebn\u00eb n\u00eb be\u2019 nj\u00ebri-tjetrin n\u00eb Kish\u00eb. Atje ku shteti nuk luan gishtin p\u00ebr t\u00eb eliminuar hajnit\u00eb, apo p\u00ebr t\u00eb parandaluar krimin n\u00eb familje, \u00ebsht\u00eb dora e Kish\u00ebs kur njer\u00ebzit k\u00ebrkojn\u00eb zgjidhje. Nuk duam t\u00eb gjykojm\u00eb, n\u00ebse jan\u00eb zgjidhur apo jo t\u00eb gjitha apo a \u00ebsht\u00eb kjo forma m\u00eb e mir\u00eb.<\/p>\n<p>Di\u00e7ka \u00ebsht\u00eb t\u00eb sigurt: Shko te ministri ta takosh, sa koh\u00eb t\u00eb duhet (ndoshta kurr\u00eb). Shko tek zyra e deputetit n\u00eb zon\u00ebn t\u00ebnde, n\u00ebse s\u2019ke fat t\u00eb kesh ndonj\u00eb nd\u00ebrhyrje p\u00ebr ta takuar. P\u00ebr t\u00eb mos p\u00ebrmendur se nga luksi i pushtetit, harrojn\u00eb edhe der\u00ebn e zyr\u00ebs s\u00eb pritjes s\u00eb popullit q\u00eb ua kan\u00eb caktuar. Jo pas vet\u00ebm kat\u00ebr viteve pas fushatave, por pas nj\u00ebzet e sa viteve, shiko sa \u00ebsht\u00eb realizuar q\u00ebllimi i demokracis\u00eb. Shko \u00e7do t\u00eb diel n\u00eb Kish\u00eb, e shih n\u00ebse mungon n\u00eb nj\u00eb t\u00eb vetme, esenca baz\u00eb e q\u00ebllimit apo t\u00eb deleguarit t\u00eb Tempullit, q\u00eb kur \u00ebsht\u00eb krijuar Krishterimi.<\/p>\n<p>Apo u harrua viti 1997, kur kishim frik\u00eb t\u00eb dilnim jasht\u00eb, dhe fal\u00eb Zotit, misionar\u00ebt e paqes na sillnin ushqim fizik dhe shpirt\u00ebror n\u00ebp\u00ebr sht\u00ebpi. At\u00ebher\u00eb kur t\u00eb gjith\u00eb fshiheshin me plot t\u00eb drejt\u00eb, apo merrnin fatkeq\u00ebsisht arm\u00ebt, rinia e Veriut, e Zadrim\u00ebs s\u00eb At Gjergj Fisht\u00ebs, merrte kitarat tek Kisha, krijonte vargje p\u00ebr paqen dhe shkonim e hynim atje ku nuk guxonin m\u00eb t\u00eb hynin as t\u00eb rriturit: M\u2019u sip\u00ebr tuneleve e bunker\u00ebve t\u00eb reparteve ushtarake e k\u00ebndonin k\u00ebng\u00eb p\u00ebr paqen. Edhe pse paqja vononte dy or\u00eb me ardh nga \u201cper\u00ebndit\u00eb\u201d nga Tirana, u desh t\u00eb vriteshim n\u00eb em\u00ebr t\u00eb \u201cdjajve\u201d!<\/p>\n<p>Si vend q\u00eb pretendojm\u00eb t\u00eb na pranoj\u00eb Europa, n\u00eb mos p\u00ebr q\u00ebllimet tona, t\u00eb pakt\u00ebn p\u00ebr t\u00eb vetat, kisha p\u00ebrshtypjen, q\u00eb n\u00eb mes t\u00eb gjith\u00eb gjakut t\u00eb derdhur k\u00ebt\u00eb vit p\u00ebrball\u00eb drejt\u00ebsis\u00eb shqiptare t\u00eb v\u00ebn\u00eb mbi bank\u00ebn e t\u00eb akuzuarit, do dilte ndonj\u00eb drejtues i lart\u00eb shtet\u00ebror, ta p\u00ebrsh\u00ebndeste publikisht, n\u00eb m\u00ebnyr\u00eb sa m\u00eb t\u00eb thjesht\u00eb dhe qytetaro-morale iniciativ\u00ebn e Kish\u00ebs Katolike. Nejse, t\u00eb pakt\u00ebn shpresojm\u00eb t\u00eb mos ken\u00eb varur hund\u00ebt ministrat apo kuvenduesit, sidomos drejtuesit e shumt\u00eb katolik\u00eb n\u00eb pushtet dhe administrat\u00eb.<\/p>\n<p>Mendoj se kushdo q\u00eb ka frik\u00eb nga e jashtmja, cilado qoft\u00eb ajo, qoft\u00eb edhe mentaliteti q\u00eb i \u00ebsht\u00eb ngulitur, p\u00ebr hir t\u00eb s\u00eb mir\u00ebs s\u00eb p\u00ebrbashk\u00ebt, n\u00ebse s\u2019mund t\u00eb bashk\u00ebpunojm\u00eb, t\u00eb pakt\u00ebn t\u00eb mos pengojm\u00eb n\u00eb asnj\u00eb lloj forme q\u00ebllimet sublime t\u00eb iniciativave, pavar\u00ebsisht se kush i fillon, apo pavar\u00ebsisht se \u00e7far\u00eb pengesash ka p\u00ebr t\u2019i arritur. T\u00eb mos harrojm\u00eb se: Shpresa vdes e fundit!<\/p>\n","protected":false},"excerpt":{"rendered":"<p>NERTILA MARKU, 21 Shtator 2012 Sapo mora lajmin e nd\u00ebrhyrjes s\u00eb Kish\u00ebs Katolike mbi shkish\u00ebrimin e vras\u00ebsve, instinktivisht, \u201cN\u00eb em\u00ebr t\u00eb Atit, e t\u00eb Birit e t\u00eb Shpirtit t\u00eb Shenjt\u00eb\u201d, ishte reagimi i par\u00eb q\u00eb m\u00eb erdhi nga shpirti. Pas shum\u00eb vrasjeve t\u00eb ndodhura n\u00eb Shqip\u00ebri k\u00ebt\u00eb vit, ajo q\u00eb t\u00eb shton frik\u00ebn m\u00eb shum\u00eb, [&hellip;]<\/p>\n","protected":false},"author":1,"featured_media":0,"comment_status":"open","ping_status":"closed","sticky":false,"template":"","format":"standard","meta":{"footnotes":""},"categories":[2],"tags":[],"class_list":{"0":"post-5090","1":"post","2":"type-post","3":"status-publish","4":"format-standard","6":"category-artikuj"},"yoast_head":"<!-- This site is optimized with the Yoast SEO plugin v27.4 - https:\/\/yoast.com\/product\/yoast-seo-wordpress\/ -->\n<title>MOS I GJUANI \u00c7ATIN\u00cb KISH\u00cbS, SE GUR\u00cb KRE\u2019S BOLL NA KAN\u00cb RA\u2019! - FjALA e LIR\u00cb - Arkivi<\/title>\n<meta name=\"robots\" content=\"index, follow, max-snippet:-1, max-image-preview:large, max-video-preview:-1\" \/>\n<link rel=\"canonical\" href=\"https:\/\/fjala.info\/2009-2015\/mos-i-gjuani-catine-kishes-se-gure-kres-boll-na-kane-ra\/\" \/>\n<meta property=\"og:locale\" content=\"sq_AL\" \/>\n<meta property=\"og:type\" content=\"article\" \/>\n<meta property=\"og:title\" content=\"MOS I GJUANI \u00c7ATIN\u00cb KISH\u00cbS, SE GUR\u00cb KRE\u2019S BOLL NA KAN\u00cb RA\u2019! - FjALA e LIR\u00cb - Arkivi\" \/>\n<meta property=\"og:description\" content=\"NERTILA MARKU, 21 Shtator 2012 Sapo mora lajmin e nd\u00ebrhyrjes s\u00eb Kish\u00ebs Katolike mbi shkish\u00ebrimin e vras\u00ebsve, instinktivisht, \u201cN\u00eb em\u00ebr t\u00eb Atit, e t\u00eb Birit e t\u00eb Shpirtit t\u00eb Shenjt\u00eb\u201d, ishte reagimi i par\u00eb q\u00eb m\u00eb erdhi nga shpirti. Pas shum\u00eb vrasjeve t\u00eb ndodhura n\u00eb Shqip\u00ebri k\u00ebt\u00eb vit, ajo q\u00eb t\u00eb shton frik\u00ebn m\u00eb shum\u00eb, [&hellip;]\" \/>\n<meta property=\"og:url\" content=\"https:\/\/fjala.info\/2009-2015\/mos-i-gjuani-catine-kishes-se-gure-kres-boll-na-kane-ra\/\" \/>\n<meta property=\"og:site_name\" content=\"FjALA e LIR\u00cb - Arkivi\" \/>\n<meta property=\"article:published_time\" content=\"2012-09-21T20:31:23+00:00\" \/>\n<meta property=\"og:image\" content=\"http:\/\/www.fjala.info\/2012\/nertila_marku.jpg\" \/>\n<meta name=\"author\" content=\"admin\" \/>\n<meta name=\"twitter:card\" content=\"summary_large_image\" \/>\n<meta name=\"twitter:label1\" content=\"Written by\" \/>\n\t<meta name=\"twitter:data1\" content=\"admin\" \/>\n\t<meta name=\"twitter:label2\" content=\"Est. reading time\" \/>\n\t<meta name=\"twitter:data2\" content=\"5 minutes\" \/>\n<script type=\"application\/ld+json\" class=\"yoast-schema-graph\">{\"@context\":\"https:\\\/\\\/schema.org\",\"@graph\":[{\"@type\":\"Article\",\"@id\":\"https:\\\/\\\/fjala.info\\\/2009-2015\\\/mos-i-gjuani-catine-kishes-se-gure-kres-boll-na-kane-ra\\\/#article\",\"isPartOf\":{\"@id\":\"https:\\\/\\\/fjala.info\\\/2009-2015\\\/mos-i-gjuani-catine-kishes-se-gure-kres-boll-na-kane-ra\\\/\"},\"author\":{\"name\":\"admin\",\"@id\":\"https:\\\/\\\/fjala.info\\\/2009-2015\\\/#\\\/schema\\\/person\\\/3aa1163ef05469c496fc94e77611ada2\"},\"headline\":\"MOS I GJUANI \u00c7ATIN\u00cb KISH\u00cbS, SE GUR\u00cb KRE\u2019S BOLL NA KAN\u00cb RA\u2019!\",\"datePublished\":\"2012-09-21T20:31:23+00:00\",\"mainEntityOfPage\":{\"@id\":\"https:\\\/\\\/fjala.info\\\/2009-2015\\\/mos-i-gjuani-catine-kishes-se-gure-kres-boll-na-kane-ra\\\/\"},\"wordCount\":1037,\"commentCount\":0,\"publisher\":{\"@id\":\"https:\\\/\\\/fjala.info\\\/2009-2015\\\/#organization\"},\"image\":{\"@id\":\"https:\\\/\\\/fjala.info\\\/2009-2015\\\/mos-i-gjuani-catine-kishes-se-gure-kres-boll-na-kane-ra\\\/#primaryimage\"},\"thumbnailUrl\":\"http:\\\/\\\/www.fjala.info\\\/2012\\\/nertila_marku.jpg\",\"articleSection\":[\"Artikuj\"],\"inLanguage\":\"sq-AL\",\"potentialAction\":[{\"@type\":\"CommentAction\",\"name\":\"Comment\",\"target\":[\"https:\\\/\\\/fjala.info\\\/2009-2015\\\/mos-i-gjuani-catine-kishes-se-gure-kres-boll-na-kane-ra\\\/#respond\"]}]},{\"@type\":\"WebPage\",\"@id\":\"https:\\\/\\\/fjala.info\\\/2009-2015\\\/mos-i-gjuani-catine-kishes-se-gure-kres-boll-na-kane-ra\\\/\",\"url\":\"https:\\\/\\\/fjala.info\\\/2009-2015\\\/mos-i-gjuani-catine-kishes-se-gure-kres-boll-na-kane-ra\\\/\",\"name\":\"MOS I GJUANI \u00c7ATIN\u00cb KISH\u00cbS, SE GUR\u00cb KRE\u2019S BOLL NA KAN\u00cb RA\u2019! - FjALA e LIR\u00cb - Arkivi\",\"isPartOf\":{\"@id\":\"https:\\\/\\\/fjala.info\\\/2009-2015\\\/#website\"},\"primaryImageOfPage\":{\"@id\":\"https:\\\/\\\/fjala.info\\\/2009-2015\\\/mos-i-gjuani-catine-kishes-se-gure-kres-boll-na-kane-ra\\\/#primaryimage\"},\"image\":{\"@id\":\"https:\\\/\\\/fjala.info\\\/2009-2015\\\/mos-i-gjuani-catine-kishes-se-gure-kres-boll-na-kane-ra\\\/#primaryimage\"},\"thumbnailUrl\":\"http:\\\/\\\/www.fjala.info\\\/2012\\\/nertila_marku.jpg\",\"datePublished\":\"2012-09-21T20:31:23+00:00\",\"breadcrumb\":{\"@id\":\"https:\\\/\\\/fjala.info\\\/2009-2015\\\/mos-i-gjuani-catine-kishes-se-gure-kres-boll-na-kane-ra\\\/#breadcrumb\"},\"inLanguage\":\"sq-AL\",\"potentialAction\":[{\"@type\":\"ReadAction\",\"target\":[\"https:\\\/\\\/fjala.info\\\/2009-2015\\\/mos-i-gjuani-catine-kishes-se-gure-kres-boll-na-kane-ra\\\/\"]}]},{\"@type\":\"ImageObject\",\"inLanguage\":\"sq-AL\",\"@id\":\"https:\\\/\\\/fjala.info\\\/2009-2015\\\/mos-i-gjuani-catine-kishes-se-gure-kres-boll-na-kane-ra\\\/#primaryimage\",\"url\":\"http:\\\/\\\/www.fjala.info\\\/2012\\\/nertila_marku.jpg\",\"contentUrl\":\"http:\\\/\\\/www.fjala.info\\\/2012\\\/nertila_marku.jpg\"},{\"@type\":\"BreadcrumbList\",\"@id\":\"https:\\\/\\\/fjala.info\\\/2009-2015\\\/mos-i-gjuani-catine-kishes-se-gure-kres-boll-na-kane-ra\\\/#breadcrumb\",\"itemListElement\":[{\"@type\":\"ListItem\",\"position\":1,\"name\":\"Home\",\"item\":\"https:\\\/\\\/fjala.info\\\/2009-2015\\\/\"},{\"@type\":\"ListItem\",\"position\":2,\"name\":\"MOS I GJUANI \u00c7ATIN\u00cb KISH\u00cbS, SE GUR\u00cb KRE\u2019S BOLL NA KAN\u00cb RA\u2019!\"}]},{\"@type\":\"WebSite\",\"@id\":\"https:\\\/\\\/fjala.info\\\/2009-2015\\\/#website\",\"url\":\"https:\\\/\\\/fjala.info\\\/2009-2015\\\/\",\"name\":\"FjALA e LIR\u00cb - Arkivi\",\"description\":\"Arkivi 2009-2015\",\"publisher\":{\"@id\":\"https:\\\/\\\/fjala.info\\\/2009-2015\\\/#organization\"},\"potentialAction\":[{\"@type\":\"SearchAction\",\"target\":{\"@type\":\"EntryPoint\",\"urlTemplate\":\"https:\\\/\\\/fjala.info\\\/2009-2015\\\/?s={search_term_string}\"},\"query-input\":{\"@type\":\"PropertyValueSpecification\",\"valueRequired\":true,\"valueName\":\"search_term_string\"}}],\"inLanguage\":\"sq-AL\"},{\"@type\":\"Organization\",\"@id\":\"https:\\\/\\\/fjala.info\\\/2009-2015\\\/#organization\",\"name\":\"FjALA e LIR\u00cb - Arkivi\",\"url\":\"https:\\\/\\\/fjala.info\\\/2009-2015\\\/\",\"logo\":{\"@type\":\"ImageObject\",\"inLanguage\":\"sq-AL\",\"@id\":\"https:\\\/\\\/fjala.info\\\/2009-2015\\\/#\\\/schema\\\/logo\\\/image\\\/\",\"url\":\"\",\"contentUrl\":\"\",\"caption\":\"FjALA e LIR\u00cb - Arkivi\"},\"image\":{\"@id\":\"https:\\\/\\\/fjala.info\\\/2009-2015\\\/#\\\/schema\\\/logo\\\/image\\\/\"}},{\"@type\":\"Person\",\"@id\":\"https:\\\/\\\/fjala.info\\\/2009-2015\\\/#\\\/schema\\\/person\\\/3aa1163ef05469c496fc94e77611ada2\",\"name\":\"admin\",\"image\":{\"@type\":\"ImageObject\",\"inLanguage\":\"sq-AL\",\"@id\":\"https:\\\/\\\/fjala.info\\\/2009-2015\\\/wp-content\\\/uploads\\\/2012\\\/02\\\/arben_cokaj-120x150.jpg\",\"url\":\"https:\\\/\\\/fjala.info\\\/2009-2015\\\/wp-content\\\/uploads\\\/2012\\\/02\\\/arben_cokaj-120x150.jpg\",\"contentUrl\":\"https:\\\/\\\/fjala.info\\\/2009-2015\\\/wp-content\\\/uploads\\\/2012\\\/02\\\/arben_cokaj-120x150.jpg\",\"caption\":\"admin\"},\"description\":\"Admin, Fjala e Lir\u00eb\",\"sameAs\":[\"https:\\\/\\\/fjala.info\\\/\"],\"url\":\"https:\\\/\\\/fjala.info\\\/2009-2015\\\/author\\\/admin\\\/\"}]}<\/script>\n<!-- \/ Yoast SEO plugin. -->","yoast_head_json":{"title":"MOS I GJUANI \u00c7ATIN\u00cb KISH\u00cbS, SE GUR\u00cb KRE\u2019S BOLL NA KAN\u00cb RA\u2019! - FjALA e LIR\u00cb - Arkivi","robots":{"index":"index","follow":"follow","max-snippet":"max-snippet:-1","max-image-preview":"max-image-preview:large","max-video-preview":"max-video-preview:-1"},"canonical":"https:\/\/fjala.info\/2009-2015\/mos-i-gjuani-catine-kishes-se-gure-kres-boll-na-kane-ra\/","og_locale":"sq_AL","og_type":"article","og_title":"MOS I GJUANI \u00c7ATIN\u00cb KISH\u00cbS, SE GUR\u00cb KRE\u2019S BOLL NA KAN\u00cb RA\u2019! - FjALA e LIR\u00cb - Arkivi","og_description":"NERTILA MARKU, 21 Shtator 2012 Sapo mora lajmin e nd\u00ebrhyrjes s\u00eb Kish\u00ebs Katolike mbi shkish\u00ebrimin e vras\u00ebsve, instinktivisht, \u201cN\u00eb em\u00ebr t\u00eb Atit, e t\u00eb Birit e t\u00eb Shpirtit t\u00eb Shenjt\u00eb\u201d, ishte reagimi i par\u00eb q\u00eb m\u00eb erdhi nga shpirti. Pas shum\u00eb vrasjeve t\u00eb ndodhura n\u00eb Shqip\u00ebri k\u00ebt\u00eb vit, ajo q\u00eb t\u00eb shton frik\u00ebn m\u00eb shum\u00eb, [&hellip;]","og_url":"https:\/\/fjala.info\/2009-2015\/mos-i-gjuani-catine-kishes-se-gure-kres-boll-na-kane-ra\/","og_site_name":"FjALA e LIR\u00cb - Arkivi","article_published_time":"2012-09-21T20:31:23+00:00","og_image":[{"url":"http:\/\/www.fjala.info\/2012\/nertila_marku.jpg","type":"","width":"","height":""}],"author":"admin","twitter_card":"summary_large_image","twitter_misc":{"Written by":"admin","Est. reading time":"5 minutes"},"schema":{"@context":"https:\/\/schema.org","@graph":[{"@type":"Article","@id":"https:\/\/fjala.info\/2009-2015\/mos-i-gjuani-catine-kishes-se-gure-kres-boll-na-kane-ra\/#article","isPartOf":{"@id":"https:\/\/fjala.info\/2009-2015\/mos-i-gjuani-catine-kishes-se-gure-kres-boll-na-kane-ra\/"},"author":{"name":"admin","@id":"https:\/\/fjala.info\/2009-2015\/#\/schema\/person\/3aa1163ef05469c496fc94e77611ada2"},"headline":"MOS I GJUANI \u00c7ATIN\u00cb KISH\u00cbS, SE GUR\u00cb KRE\u2019S BOLL NA KAN\u00cb RA\u2019!","datePublished":"2012-09-21T20:31:23+00:00","mainEntityOfPage":{"@id":"https:\/\/fjala.info\/2009-2015\/mos-i-gjuani-catine-kishes-se-gure-kres-boll-na-kane-ra\/"},"wordCount":1037,"commentCount":0,"publisher":{"@id":"https:\/\/fjala.info\/2009-2015\/#organization"},"image":{"@id":"https:\/\/fjala.info\/2009-2015\/mos-i-gjuani-catine-kishes-se-gure-kres-boll-na-kane-ra\/#primaryimage"},"thumbnailUrl":"http:\/\/www.fjala.info\/2012\/nertila_marku.jpg","articleSection":["Artikuj"],"inLanguage":"sq-AL","potentialAction":[{"@type":"CommentAction","name":"Comment","target":["https:\/\/fjala.info\/2009-2015\/mos-i-gjuani-catine-kishes-se-gure-kres-boll-na-kane-ra\/#respond"]}]},{"@type":"WebPage","@id":"https:\/\/fjala.info\/2009-2015\/mos-i-gjuani-catine-kishes-se-gure-kres-boll-na-kane-ra\/","url":"https:\/\/fjala.info\/2009-2015\/mos-i-gjuani-catine-kishes-se-gure-kres-boll-na-kane-ra\/","name":"MOS I GJUANI \u00c7ATIN\u00cb KISH\u00cbS, SE GUR\u00cb KRE\u2019S BOLL NA KAN\u00cb RA\u2019! - FjALA e LIR\u00cb - Arkivi","isPartOf":{"@id":"https:\/\/fjala.info\/2009-2015\/#website"},"primaryImageOfPage":{"@id":"https:\/\/fjala.info\/2009-2015\/mos-i-gjuani-catine-kishes-se-gure-kres-boll-na-kane-ra\/#primaryimage"},"image":{"@id":"https:\/\/fjala.info\/2009-2015\/mos-i-gjuani-catine-kishes-se-gure-kres-boll-na-kane-ra\/#primaryimage"},"thumbnailUrl":"http:\/\/www.fjala.info\/2012\/nertila_marku.jpg","datePublished":"2012-09-21T20:31:23+00:00","breadcrumb":{"@id":"https:\/\/fjala.info\/2009-2015\/mos-i-gjuani-catine-kishes-se-gure-kres-boll-na-kane-ra\/#breadcrumb"},"inLanguage":"sq-AL","potentialAction":[{"@type":"ReadAction","target":["https:\/\/fjala.info\/2009-2015\/mos-i-gjuani-catine-kishes-se-gure-kres-boll-na-kane-ra\/"]}]},{"@type":"ImageObject","inLanguage":"sq-AL","@id":"https:\/\/fjala.info\/2009-2015\/mos-i-gjuani-catine-kishes-se-gure-kres-boll-na-kane-ra\/#primaryimage","url":"http:\/\/www.fjala.info\/2012\/nertila_marku.jpg","contentUrl":"http:\/\/www.fjala.info\/2012\/nertila_marku.jpg"},{"@type":"BreadcrumbList","@id":"https:\/\/fjala.info\/2009-2015\/mos-i-gjuani-catine-kishes-se-gure-kres-boll-na-kane-ra\/#breadcrumb","itemListElement":[{"@type":"ListItem","position":1,"name":"Home","item":"https:\/\/fjala.info\/2009-2015\/"},{"@type":"ListItem","position":2,"name":"MOS I GJUANI \u00c7ATIN\u00cb KISH\u00cbS, SE GUR\u00cb KRE\u2019S BOLL NA KAN\u00cb RA\u2019!"}]},{"@type":"WebSite","@id":"https:\/\/fjala.info\/2009-2015\/#website","url":"https:\/\/fjala.info\/2009-2015\/","name":"FjALA e LIR\u00cb - Arkivi","description":"Arkivi 2009-2015","publisher":{"@id":"https:\/\/fjala.info\/2009-2015\/#organization"},"potentialAction":[{"@type":"SearchAction","target":{"@type":"EntryPoint","urlTemplate":"https:\/\/fjala.info\/2009-2015\/?s={search_term_string}"},"query-input":{"@type":"PropertyValueSpecification","valueRequired":true,"valueName":"search_term_string"}}],"inLanguage":"sq-AL"},{"@type":"Organization","@id":"https:\/\/fjala.info\/2009-2015\/#organization","name":"FjALA e LIR\u00cb - Arkivi","url":"https:\/\/fjala.info\/2009-2015\/","logo":{"@type":"ImageObject","inLanguage":"sq-AL","@id":"https:\/\/fjala.info\/2009-2015\/#\/schema\/logo\/image\/","url":"","contentUrl":"","caption":"FjALA e LIR\u00cb - Arkivi"},"image":{"@id":"https:\/\/fjala.info\/2009-2015\/#\/schema\/logo\/image\/"}},{"@type":"Person","@id":"https:\/\/fjala.info\/2009-2015\/#\/schema\/person\/3aa1163ef05469c496fc94e77611ada2","name":"admin","image":{"@type":"ImageObject","inLanguage":"sq-AL","@id":"https:\/\/fjala.info\/2009-2015\/wp-content\/uploads\/2012\/02\/arben_cokaj-120x150.jpg","url":"https:\/\/fjala.info\/2009-2015\/wp-content\/uploads\/2012\/02\/arben_cokaj-120x150.jpg","contentUrl":"https:\/\/fjala.info\/2009-2015\/wp-content\/uploads\/2012\/02\/arben_cokaj-120x150.jpg","caption":"admin"},"description":"Admin, Fjala e Lir\u00eb","sameAs":["https:\/\/fjala.info\/"],"url":"https:\/\/fjala.info\/2009-2015\/author\/admin\/"}]}},"_links":{"self":[{"href":"https:\/\/fjala.info\/2009-2015\/wp-json\/wp\/v2\/posts\/5090","targetHints":{"allow":["GET"]}}],"collection":[{"href":"https:\/\/fjala.info\/2009-2015\/wp-json\/wp\/v2\/posts"}],"about":[{"href":"https:\/\/fjala.info\/2009-2015\/wp-json\/wp\/v2\/types\/post"}],"author":[{"embeddable":true,"href":"https:\/\/fjala.info\/2009-2015\/wp-json\/wp\/v2\/users\/1"}],"replies":[{"embeddable":true,"href":"https:\/\/fjala.info\/2009-2015\/wp-json\/wp\/v2\/comments?post=5090"}],"version-history":[{"count":0,"href":"https:\/\/fjala.info\/2009-2015\/wp-json\/wp\/v2\/posts\/5090\/revisions"}],"wp:attachment":[{"href":"https:\/\/fjala.info\/2009-2015\/wp-json\/wp\/v2\/media?parent=5090"}],"wp:term":[{"taxonomy":"category","embeddable":true,"href":"https:\/\/fjala.info\/2009-2015\/wp-json\/wp\/v2\/categories?post=5090"},{"taxonomy":"post_tag","embeddable":true,"href":"https:\/\/fjala.info\/2009-2015\/wp-json\/wp\/v2\/tags?post=5090"}],"curies":[{"name":"wp","href":"https:\/\/api.w.org\/{rel}","templated":true}]}}