{"id":5088,"date":"2012-09-21T21:19:10","date_gmt":"2012-09-21T20:19:10","guid":{"rendered":"http:\/\/www.fjala.info\/?p=5088"},"modified":"2012-09-21T21:19:10","modified_gmt":"2012-09-21T20:19:10","slug":"itali-qellohet-me-veze-makina-e-berishes","status":"publish","type":"post","link":"https:\/\/fjala.info\/2009-2015\/itali-qellohet-me-veze-makina-e-berishes\/","title":{"rendered":"Itali, q\u00ebllohet me vez\u00eb makina e Berish\u00ebs"},"content":{"rendered":"<p><img decoding=\"async\" class=\"alignright size-thumbnail wp-image-7236\" title=\"Berisha - q\u00ebllohet me vez\u00eb\" src=\"http:\/\/www.fjala.info\/2012\/berisha_veze.jpg\" alt=\"\" width=\"300\" \/> <strong>Shekulli<\/strong>, <em>21.09.2012<\/em><\/p>\n<p><em>ROM\u00cb<\/em> &#8211; Nj\u00eb grup mb\u00ebshtet\u00ebsish t\u00eb Aleanc\u00ebs Kuqezi kan\u00eb q\u00eblluar me vez\u00eb makin\u00ebn n\u00eb t\u00eb cil\u00ebn udh\u00ebtonte kryeministri i Shqip\u00ebris\u00eb, Sali Berisha.<\/p>\n<p>Qytetar\u00ebt me flamuj kuqezi i jan\u00eb afruar makin\u00ebs s\u00eb Berish\u00ebs dhe ai fillimisht ka menduar se jan\u00eb mb\u00ebshtet\u00ebs t\u00eb tij dhe i ka p\u00ebrsh\u00ebndetur. N\u00eb k\u00ebt\u00eb moment qytetar\u00ebt kan\u00eb q\u00eblluar makin\u00ebn me vez\u00eb dhe eskorta pasi ka kuptuar se ishin protestues, ka shtuar shpejt\u00ebsin\u00eb n\u00eb kufij t\u00eb friksh\u00ebm dhe \u00ebsht\u00eb larguar nga vendi. Nj\u00eb banderol\u00eb e madhe ku shkruhej \u2018Berisha tradhtar\u2019, ishte n\u00eb sfond t\u00eb protestuesve, raporton gazeta &#8220;Tema&#8221;.<\/p>\n<p>Lajmi \u00ebsht\u00eb konfirmuar edhe nga vet\u00eb AK. \u201cBerisha \u00ebsht\u00eb q\u00eblluar me vez\u00eb dhe \u00ebsht\u00eb pritur me f\u00ebrsh\u00ebllima\u201d, thuhet n\u00eb nj\u00eb komunikat\u00eb t\u00eb Aleanc\u00ebs Kuqezi e cila shton se \u201cBerisha \u00ebsht\u00eb tradhtar dhe se meriton burg p\u00ebrjet\u00eb\u201d.<\/p>\n<p>Policia italiane ka nd\u00ebrhyr\u00eb duke shp\u00ebrndar\u00eb simpatizant\u00ebt e AK-s\u00eb por ndryshe nga ngjarja q\u00eb ndodhi n\u00eb Tiran\u00eb, k\u00ebt\u00eb her\u00eb nuk \u00ebsht\u00eb shoq\u00ebruar asnj\u00eb person nga policia.<\/p>\n<p>13 polic\u00eb t\u00eb komisariatit num\u00ebr 1 n\u00eb Tiran\u00eb u pezulluan nga puna, p\u00ebr shkak se ish-t\u00eb p\u00ebrndjekur politik\u00eb arrit\u00ebn t\u00eb q\u00ebllonin me qese mielli makin\u00ebn e kryeministrit Sali Berisha teksa hynte n\u00eb ambientet e parlamentit.<\/p>\n<p>Kryeministri Berisha gjendet sot n\u00eb Rom\u00eb, p\u00ebr t\u00eb marr\u00eb pjes\u00eb n\u00eb Samitin e partive evropiane t\u00eb qendr\u00ebs s\u00eb djatht\u00eb. Gjat\u00eb samitit, nd\u00ebr takimet e krer\u00ebve t\u00eb partive, sipas medieve greke, do t\u00eb ket\u00eb edhe nj\u00eb takim mes kryetarit t\u00eb PD-s\u00eb dhe kryeministrit t\u00eb Shqip\u00ebris\u00eb, Sali Berisha dhe kreut t\u00eb partis\u00eb \u201cDemokracia e Re\u201d, nj\u00ebkoh\u00ebsisht edhe kryeminist\u00ebr i Greqis\u00eb, Antonis Samaras.<\/p>\n<p><em>Shekulli Online, F.Stafa<\/em><\/p>\n","protected":false},"excerpt":{"rendered":"<p>Shekulli, 21.09.2012 ROM\u00cb &#8211; Nj\u00eb grup mb\u00ebshtet\u00ebsish t\u00eb Aleanc\u00ebs Kuqezi kan\u00eb q\u00eblluar me vez\u00eb makin\u00ebn n\u00eb t\u00eb cil\u00ebn udh\u00ebtonte kryeministri i Shqip\u00ebris\u00eb, Sali Berisha. Qytetar\u00ebt me flamuj kuqezi i jan\u00eb afruar makin\u00ebs s\u00eb Berish\u00ebs dhe ai fillimisht ka menduar se jan\u00eb mb\u00ebshtet\u00ebs t\u00eb tij dhe i ka p\u00ebrsh\u00ebndetur. N\u00eb k\u00ebt\u00eb moment qytetar\u00ebt kan\u00eb q\u00eblluar makin\u00ebn [&hellip;]<\/p>\n","protected":false},"author":1,"featured_media":0,"comment_status":"open","ping_status":"closed","sticky":false,"template":"","format":"standard","meta":{"footnotes":""},"categories":[2],"tags":[],"class_list":{"0":"post-5088","1":"post","2":"type-post","3":"status-publish","4":"format-standard","6":"category-artikuj"},"yoast_head":"<!-- This site is optimized with the Yoast SEO plugin v27.4 - https:\/\/yoast.com\/product\/yoast-seo-wordpress\/ -->\n<title>Itali, q\u00ebllohet me vez\u00eb makina e Berish\u00ebs - FjALA e LIR\u00cb - Arkivi<\/title>\n<meta name=\"robots\" content=\"index, follow, max-snippet:-1, max-image-preview:large, max-video-preview:-1\" \/>\n<link rel=\"canonical\" href=\"https:\/\/fjala.info\/2009-2015\/itali-qellohet-me-veze-makina-e-berishes\/\" \/>\n<meta property=\"og:locale\" content=\"sq_AL\" \/>\n<meta property=\"og:type\" content=\"article\" \/>\n<meta property=\"og:title\" content=\"Itali, q\u00ebllohet me vez\u00eb makina e Berish\u00ebs - FjALA e LIR\u00cb - Arkivi\" \/>\n<meta property=\"og:description\" content=\"Shekulli, 21.09.2012 ROM\u00cb &#8211; Nj\u00eb grup mb\u00ebshtet\u00ebsish t\u00eb Aleanc\u00ebs Kuqezi kan\u00eb q\u00eblluar me vez\u00eb makin\u00ebn n\u00eb t\u00eb cil\u00ebn udh\u00ebtonte kryeministri i Shqip\u00ebris\u00eb, Sali Berisha. Qytetar\u00ebt me flamuj kuqezi i jan\u00eb afruar makin\u00ebs s\u00eb Berish\u00ebs dhe ai fillimisht ka menduar se jan\u00eb mb\u00ebshtet\u00ebs t\u00eb tij dhe i ka p\u00ebrsh\u00ebndetur. N\u00eb k\u00ebt\u00eb moment qytetar\u00ebt kan\u00eb q\u00eblluar makin\u00ebn [&hellip;]\" \/>\n<meta property=\"og:url\" content=\"https:\/\/fjala.info\/2009-2015\/itali-qellohet-me-veze-makina-e-berishes\/\" \/>\n<meta property=\"og:site_name\" content=\"FjALA e LIR\u00cb - Arkivi\" \/>\n<meta property=\"article:published_time\" content=\"2012-09-21T20:19:10+00:00\" \/>\n<meta property=\"og:image\" content=\"http:\/\/www.fjala.info\/2012\/berisha_veze.jpg\" \/>\n<meta name=\"author\" content=\"admin\" \/>\n<meta name=\"twitter:card\" content=\"summary_large_image\" \/>\n<meta name=\"twitter:label1\" content=\"Written by\" \/>\n\t<meta name=\"twitter:data1\" content=\"admin\" \/>\n\t<meta name=\"twitter:label2\" content=\"Est. reading time\" \/>\n\t<meta name=\"twitter:data2\" content=\"1 minute\" \/>\n<script type=\"application\/ld+json\" class=\"yoast-schema-graph\">{\"@context\":\"https:\\\/\\\/schema.org\",\"@graph\":[{\"@type\":\"Article\",\"@id\":\"https:\\\/\\\/fjala.info\\\/2009-2015\\\/itali-qellohet-me-veze-makina-e-berishes\\\/#article\",\"isPartOf\":{\"@id\":\"https:\\\/\\\/fjala.info\\\/2009-2015\\\/itali-qellohet-me-veze-makina-e-berishes\\\/\"},\"author\":{\"name\":\"admin\",\"@id\":\"https:\\\/\\\/fjala.info\\\/2009-2015\\\/#\\\/schema\\\/person\\\/3aa1163ef05469c496fc94e77611ada2\"},\"headline\":\"Itali, q\u00ebllohet me vez\u00eb makina e Berish\u00ebs\",\"datePublished\":\"2012-09-21T20:19:10+00:00\",\"mainEntityOfPage\":{\"@id\":\"https:\\\/\\\/fjala.info\\\/2009-2015\\\/itali-qellohet-me-veze-makina-e-berishes\\\/\"},\"wordCount\":305,\"commentCount\":0,\"publisher\":{\"@id\":\"https:\\\/\\\/fjala.info\\\/2009-2015\\\/#organization\"},\"image\":{\"@id\":\"https:\\\/\\\/fjala.info\\\/2009-2015\\\/itali-qellohet-me-veze-makina-e-berishes\\\/#primaryimage\"},\"thumbnailUrl\":\"http:\\\/\\\/www.fjala.info\\\/2012\\\/berisha_veze.jpg\",\"articleSection\":[\"Artikuj\"],\"inLanguage\":\"sq-AL\",\"potentialAction\":[{\"@type\":\"CommentAction\",\"name\":\"Comment\",\"target\":[\"https:\\\/\\\/fjala.info\\\/2009-2015\\\/itali-qellohet-me-veze-makina-e-berishes\\\/#respond\"]}]},{\"@type\":\"WebPage\",\"@id\":\"https:\\\/\\\/fjala.info\\\/2009-2015\\\/itali-qellohet-me-veze-makina-e-berishes\\\/\",\"url\":\"https:\\\/\\\/fjala.info\\\/2009-2015\\\/itali-qellohet-me-veze-makina-e-berishes\\\/\",\"name\":\"Itali, q\u00ebllohet me vez\u00eb makina e Berish\u00ebs - FjALA e LIR\u00cb - Arkivi\",\"isPartOf\":{\"@id\":\"https:\\\/\\\/fjala.info\\\/2009-2015\\\/#website\"},\"primaryImageOfPage\":{\"@id\":\"https:\\\/\\\/fjala.info\\\/2009-2015\\\/itali-qellohet-me-veze-makina-e-berishes\\\/#primaryimage\"},\"image\":{\"@id\":\"https:\\\/\\\/fjala.info\\\/2009-2015\\\/itali-qellohet-me-veze-makina-e-berishes\\\/#primaryimage\"},\"thumbnailUrl\":\"http:\\\/\\\/www.fjala.info\\\/2012\\\/berisha_veze.jpg\",\"datePublished\":\"2012-09-21T20:19:10+00:00\",\"breadcrumb\":{\"@id\":\"https:\\\/\\\/fjala.info\\\/2009-2015\\\/itali-qellohet-me-veze-makina-e-berishes\\\/#breadcrumb\"},\"inLanguage\":\"sq-AL\",\"potentialAction\":[{\"@type\":\"ReadAction\",\"target\":[\"https:\\\/\\\/fjala.info\\\/2009-2015\\\/itali-qellohet-me-veze-makina-e-berishes\\\/\"]}]},{\"@type\":\"ImageObject\",\"inLanguage\":\"sq-AL\",\"@id\":\"https:\\\/\\\/fjala.info\\\/2009-2015\\\/itali-qellohet-me-veze-makina-e-berishes\\\/#primaryimage\",\"url\":\"http:\\\/\\\/www.fjala.info\\\/2012\\\/berisha_veze.jpg\",\"contentUrl\":\"http:\\\/\\\/www.fjala.info\\\/2012\\\/berisha_veze.jpg\"},{\"@type\":\"BreadcrumbList\",\"@id\":\"https:\\\/\\\/fjala.info\\\/2009-2015\\\/itali-qellohet-me-veze-makina-e-berishes\\\/#breadcrumb\",\"itemListElement\":[{\"@type\":\"ListItem\",\"position\":1,\"name\":\"Home\",\"item\":\"https:\\\/\\\/fjala.info\\\/2009-2015\\\/\"},{\"@type\":\"ListItem\",\"position\":2,\"name\":\"Itali, q\u00ebllohet me vez\u00eb makina e Berish\u00ebs\"}]},{\"@type\":\"WebSite\",\"@id\":\"https:\\\/\\\/fjala.info\\\/2009-2015\\\/#website\",\"url\":\"https:\\\/\\\/fjala.info\\\/2009-2015\\\/\",\"name\":\"FjALA e LIR\u00cb - Arkivi\",\"description\":\"Arkivi 2009-2015\",\"publisher\":{\"@id\":\"https:\\\/\\\/fjala.info\\\/2009-2015\\\/#organization\"},\"potentialAction\":[{\"@type\":\"SearchAction\",\"target\":{\"@type\":\"EntryPoint\",\"urlTemplate\":\"https:\\\/\\\/fjala.info\\\/2009-2015\\\/?s={search_term_string}\"},\"query-input\":{\"@type\":\"PropertyValueSpecification\",\"valueRequired\":true,\"valueName\":\"search_term_string\"}}],\"inLanguage\":\"sq-AL\"},{\"@type\":\"Organization\",\"@id\":\"https:\\\/\\\/fjala.info\\\/2009-2015\\\/#organization\",\"name\":\"FjALA e LIR\u00cb - Arkivi\",\"url\":\"https:\\\/\\\/fjala.info\\\/2009-2015\\\/\",\"logo\":{\"@type\":\"ImageObject\",\"inLanguage\":\"sq-AL\",\"@id\":\"https:\\\/\\\/fjala.info\\\/2009-2015\\\/#\\\/schema\\\/logo\\\/image\\\/\",\"url\":\"\",\"contentUrl\":\"\",\"caption\":\"FjALA e LIR\u00cb - Arkivi\"},\"image\":{\"@id\":\"https:\\\/\\\/fjala.info\\\/2009-2015\\\/#\\\/schema\\\/logo\\\/image\\\/\"}},{\"@type\":\"Person\",\"@id\":\"https:\\\/\\\/fjala.info\\\/2009-2015\\\/#\\\/schema\\\/person\\\/3aa1163ef05469c496fc94e77611ada2\",\"name\":\"admin\",\"image\":{\"@type\":\"ImageObject\",\"inLanguage\":\"sq-AL\",\"@id\":\"https:\\\/\\\/fjala.info\\\/2009-2015\\\/wp-content\\\/uploads\\\/2012\\\/02\\\/arben_cokaj-120x150.jpg\",\"url\":\"https:\\\/\\\/fjala.info\\\/2009-2015\\\/wp-content\\\/uploads\\\/2012\\\/02\\\/arben_cokaj-120x150.jpg\",\"contentUrl\":\"https:\\\/\\\/fjala.info\\\/2009-2015\\\/wp-content\\\/uploads\\\/2012\\\/02\\\/arben_cokaj-120x150.jpg\",\"caption\":\"admin\"},\"description\":\"Admin, Fjala e Lir\u00eb\",\"sameAs\":[\"https:\\\/\\\/fjala.info\\\/\"],\"url\":\"https:\\\/\\\/fjala.info\\\/2009-2015\\\/author\\\/admin\\\/\"}]}<\/script>\n<!-- \/ Yoast SEO plugin. -->","yoast_head_json":{"title":"Itali, q\u00ebllohet me vez\u00eb makina e Berish\u00ebs - FjALA e LIR\u00cb - Arkivi","robots":{"index":"index","follow":"follow","max-snippet":"max-snippet:-1","max-image-preview":"max-image-preview:large","max-video-preview":"max-video-preview:-1"},"canonical":"https:\/\/fjala.info\/2009-2015\/itali-qellohet-me-veze-makina-e-berishes\/","og_locale":"sq_AL","og_type":"article","og_title":"Itali, q\u00ebllohet me vez\u00eb makina e Berish\u00ebs - FjALA e LIR\u00cb - Arkivi","og_description":"Shekulli, 21.09.2012 ROM\u00cb &#8211; Nj\u00eb grup mb\u00ebshtet\u00ebsish t\u00eb Aleanc\u00ebs Kuqezi kan\u00eb q\u00eblluar me vez\u00eb makin\u00ebn n\u00eb t\u00eb cil\u00ebn udh\u00ebtonte kryeministri i Shqip\u00ebris\u00eb, Sali Berisha. Qytetar\u00ebt me flamuj kuqezi i jan\u00eb afruar makin\u00ebs s\u00eb Berish\u00ebs dhe ai fillimisht ka menduar se jan\u00eb mb\u00ebshtet\u00ebs t\u00eb tij dhe i ka p\u00ebrsh\u00ebndetur. N\u00eb k\u00ebt\u00eb moment qytetar\u00ebt kan\u00eb q\u00eblluar makin\u00ebn [&hellip;]","og_url":"https:\/\/fjala.info\/2009-2015\/itali-qellohet-me-veze-makina-e-berishes\/","og_site_name":"FjALA e LIR\u00cb - Arkivi","article_published_time":"2012-09-21T20:19:10+00:00","og_image":[{"url":"http:\/\/www.fjala.info\/2012\/berisha_veze.jpg","type":"","width":"","height":""}],"author":"admin","twitter_card":"summary_large_image","twitter_misc":{"Written by":"admin","Est. reading time":"1 minute"},"schema":{"@context":"https:\/\/schema.org","@graph":[{"@type":"Article","@id":"https:\/\/fjala.info\/2009-2015\/itali-qellohet-me-veze-makina-e-berishes\/#article","isPartOf":{"@id":"https:\/\/fjala.info\/2009-2015\/itali-qellohet-me-veze-makina-e-berishes\/"},"author":{"name":"admin","@id":"https:\/\/fjala.info\/2009-2015\/#\/schema\/person\/3aa1163ef05469c496fc94e77611ada2"},"headline":"Itali, q\u00ebllohet me vez\u00eb makina e Berish\u00ebs","datePublished":"2012-09-21T20:19:10+00:00","mainEntityOfPage":{"@id":"https:\/\/fjala.info\/2009-2015\/itali-qellohet-me-veze-makina-e-berishes\/"},"wordCount":305,"commentCount":0,"publisher":{"@id":"https:\/\/fjala.info\/2009-2015\/#organization"},"image":{"@id":"https:\/\/fjala.info\/2009-2015\/itali-qellohet-me-veze-makina-e-berishes\/#primaryimage"},"thumbnailUrl":"http:\/\/www.fjala.info\/2012\/berisha_veze.jpg","articleSection":["Artikuj"],"inLanguage":"sq-AL","potentialAction":[{"@type":"CommentAction","name":"Comment","target":["https:\/\/fjala.info\/2009-2015\/itali-qellohet-me-veze-makina-e-berishes\/#respond"]}]},{"@type":"WebPage","@id":"https:\/\/fjala.info\/2009-2015\/itali-qellohet-me-veze-makina-e-berishes\/","url":"https:\/\/fjala.info\/2009-2015\/itali-qellohet-me-veze-makina-e-berishes\/","name":"Itali, q\u00ebllohet me vez\u00eb makina e Berish\u00ebs - FjALA e LIR\u00cb - Arkivi","isPartOf":{"@id":"https:\/\/fjala.info\/2009-2015\/#website"},"primaryImageOfPage":{"@id":"https:\/\/fjala.info\/2009-2015\/itali-qellohet-me-veze-makina-e-berishes\/#primaryimage"},"image":{"@id":"https:\/\/fjala.info\/2009-2015\/itali-qellohet-me-veze-makina-e-berishes\/#primaryimage"},"thumbnailUrl":"http:\/\/www.fjala.info\/2012\/berisha_veze.jpg","datePublished":"2012-09-21T20:19:10+00:00","breadcrumb":{"@id":"https:\/\/fjala.info\/2009-2015\/itali-qellohet-me-veze-makina-e-berishes\/#breadcrumb"},"inLanguage":"sq-AL","potentialAction":[{"@type":"ReadAction","target":["https:\/\/fjala.info\/2009-2015\/itali-qellohet-me-veze-makina-e-berishes\/"]}]},{"@type":"ImageObject","inLanguage":"sq-AL","@id":"https:\/\/fjala.info\/2009-2015\/itali-qellohet-me-veze-makina-e-berishes\/#primaryimage","url":"http:\/\/www.fjala.info\/2012\/berisha_veze.jpg","contentUrl":"http:\/\/www.fjala.info\/2012\/berisha_veze.jpg"},{"@type":"BreadcrumbList","@id":"https:\/\/fjala.info\/2009-2015\/itali-qellohet-me-veze-makina-e-berishes\/#breadcrumb","itemListElement":[{"@type":"ListItem","position":1,"name":"Home","item":"https:\/\/fjala.info\/2009-2015\/"},{"@type":"ListItem","position":2,"name":"Itali, q\u00ebllohet me vez\u00eb makina e Berish\u00ebs"}]},{"@type":"WebSite","@id":"https:\/\/fjala.info\/2009-2015\/#website","url":"https:\/\/fjala.info\/2009-2015\/","name":"FjALA e LIR\u00cb - Arkivi","description":"Arkivi 2009-2015","publisher":{"@id":"https:\/\/fjala.info\/2009-2015\/#organization"},"potentialAction":[{"@type":"SearchAction","target":{"@type":"EntryPoint","urlTemplate":"https:\/\/fjala.info\/2009-2015\/?s={search_term_string}"},"query-input":{"@type":"PropertyValueSpecification","valueRequired":true,"valueName":"search_term_string"}}],"inLanguage":"sq-AL"},{"@type":"Organization","@id":"https:\/\/fjala.info\/2009-2015\/#organization","name":"FjALA e LIR\u00cb - Arkivi","url":"https:\/\/fjala.info\/2009-2015\/","logo":{"@type":"ImageObject","inLanguage":"sq-AL","@id":"https:\/\/fjala.info\/2009-2015\/#\/schema\/logo\/image\/","url":"","contentUrl":"","caption":"FjALA e LIR\u00cb - Arkivi"},"image":{"@id":"https:\/\/fjala.info\/2009-2015\/#\/schema\/logo\/image\/"}},{"@type":"Person","@id":"https:\/\/fjala.info\/2009-2015\/#\/schema\/person\/3aa1163ef05469c496fc94e77611ada2","name":"admin","image":{"@type":"ImageObject","inLanguage":"sq-AL","@id":"https:\/\/fjala.info\/2009-2015\/wp-content\/uploads\/2012\/02\/arben_cokaj-120x150.jpg","url":"https:\/\/fjala.info\/2009-2015\/wp-content\/uploads\/2012\/02\/arben_cokaj-120x150.jpg","contentUrl":"https:\/\/fjala.info\/2009-2015\/wp-content\/uploads\/2012\/02\/arben_cokaj-120x150.jpg","caption":"admin"},"description":"Admin, Fjala e Lir\u00eb","sameAs":["https:\/\/fjala.info\/"],"url":"https:\/\/fjala.info\/2009-2015\/author\/admin\/"}]}},"_links":{"self":[{"href":"https:\/\/fjala.info\/2009-2015\/wp-json\/wp\/v2\/posts\/5088","targetHints":{"allow":["GET"]}}],"collection":[{"href":"https:\/\/fjala.info\/2009-2015\/wp-json\/wp\/v2\/posts"}],"about":[{"href":"https:\/\/fjala.info\/2009-2015\/wp-json\/wp\/v2\/types\/post"}],"author":[{"embeddable":true,"href":"https:\/\/fjala.info\/2009-2015\/wp-json\/wp\/v2\/users\/1"}],"replies":[{"embeddable":true,"href":"https:\/\/fjala.info\/2009-2015\/wp-json\/wp\/v2\/comments?post=5088"}],"version-history":[{"count":0,"href":"https:\/\/fjala.info\/2009-2015\/wp-json\/wp\/v2\/posts\/5088\/revisions"}],"wp:attachment":[{"href":"https:\/\/fjala.info\/2009-2015\/wp-json\/wp\/v2\/media?parent=5088"}],"wp:term":[{"taxonomy":"category","embeddable":true,"href":"https:\/\/fjala.info\/2009-2015\/wp-json\/wp\/v2\/categories?post=5088"},{"taxonomy":"post_tag","embeddable":true,"href":"https:\/\/fjala.info\/2009-2015\/wp-json\/wp\/v2\/tags?post=5088"}],"curies":[{"name":"wp","href":"https:\/\/api.w.org\/{rel}","templated":true}]}}