{"id":5086,"date":"2012-09-21T21:13:28","date_gmt":"2012-09-21T20:13:28","guid":{"rendered":"http:\/\/www.fjala.info\/?p=5086"},"modified":"2012-09-21T21:13:28","modified_gmt":"2012-09-21T20:13:28","slug":"rasti-olldashi-si-bamiresi-dhe-si-tanxhente","status":"publish","type":"post","link":"https:\/\/fjala.info\/2009-2015\/rasti-olldashi-si-bamiresi-dhe-si-tanxhente\/","title":{"rendered":"Rasti Olldashi si \u201cbamir\u00ebsi\u201d dhe si \u201ctanxhente\u201d"},"content":{"rendered":"<p><img decoding=\"async\" class=\"alignright size-thumbnail wp-image-7236\" title=\"Mero Baze\" src=\"http:\/\/www.fjala.info\/2012\/mero_baze.jpg\" alt=\"\" width=\"150\" \/> Nga <strong>Mero Baze<\/strong>, <em>21 Shtator 2012<\/em><\/p>\n<p>Sokol Olldashi \u00ebsht\u00eb treguar padyshim njeriu m\u00eb politik n\u00eb shp\u00ebrndarjen e pareve t\u00eb buxhetit t\u00eb shtetit p\u00ebr reklama. Ai \u00ebsht\u00eb treguar m\u00eb politik dhe m\u00eb pak dyshues p\u00ebr korrupsion personal, n\u00eb m\u00ebnyr\u00ebn se si i ka shp\u00ebrndar\u00eb ato. Nga 800 mij\u00eb dollar\u00eb q\u00eb ka pasur n\u00eb dor\u00eb p\u00ebr njoftimet e shpron\u00ebsimet, 500 mij\u00eb ia ka dh\u00ebn\u00eb gazet\u00ebs RD dhe 300 mij\u00eb Sandrit dhe Fahriut s\u00eb bashku. \u00c7dokush q\u00eb e d\u00ebgjon k\u00ebt\u00eb lajm n\u00eb PD, e justifikon pozitivisht gjestin e Olldashit. Kjo mes t\u00eb tjerash dhe p\u00ebr nervozizmin q\u00eb ka ngjallur lajmi p\u00ebr milionat e Frangajt edhe brenda PD-s\u00eb. Dit\u00ebt e fundit kam par\u00eb shum\u00eb njer\u00ebz t\u00eb zem\u00ebruar t\u00eb PD-s\u00eb, q\u00eb m\u00ebrm\u00ebrisin p\u00ebr milionat e tij dhe p\u00ebr hara\u00e7et q\u00eb duhet t\u00eb paguaj\u00eb pushteti i tyre p\u00ebr Klanin. E shtyr\u00eb n\u00eb koh\u00eb, kur ata e shikonin Klanin si nj\u00eb TV armik t\u00eb tyre, zem\u00ebrimi b\u00ebhet dhe m\u00eb i madh.<\/p>\n<p>N\u00eb k\u00ebt\u00eb aspekt, gjesti i Olldashit shikohet m\u00eb me simpati dhe vizaton n\u00eb nj\u00eb far\u00eb m\u00ebnyre ndarjen brenda pushtetit lidhur me PD e vjet\u00ebr dhe \u201ckollovar\u00ebt\u201d e rinj n\u00eb pushtet. N\u00ebse i hedh nj\u00eb sy ministrive q\u00eb drejtohen nga njer\u00ebz q\u00eb nuk kan\u00eb pasur lidhje me PD para vitit 2005, kur Klani ishte armik i saj, shikon se ata i kan\u00eb dh\u00ebn\u00eb Frangajt milionat. T\u00eb till\u00eb jan\u00eb Basha, Imami, Ksera, Ruli etj. Ata jan\u00eb n\u00eb nj\u00eb far\u00eb m\u00ebnyre t\u00eb ardhur n\u00eb nj\u00eb koh\u00eb me lug\u00eb n\u00eb brez n\u00eb pushtet dhe ndajn\u00eb paret mes tyre. I vetmi q\u00eb \u00ebsht\u00eb kujtuar q\u00eb n\u00eb k\u00ebt\u00eb thes t\u00eb madh paresh t\u00eb zhvatura t\u2019i jap\u00eb nj\u00eb dor\u00eb t\u00eb mir\u00eb dhe gazet\u00ebs RD, \u00ebsht\u00eb Olldashi. Dhe kjo natyrisht ia rrit pik\u00ebt n\u00eb PD.<\/p>\n<p>Por pik\u00ebrisht tek avantazhi i tij politik fillon dhe problemi i tij penal. Gazeta RD, p\u00ebrve\u00e7se \u00ebsht\u00eb nj\u00eb fletushk\u00eb pa asnj\u00eb vler\u00eb n\u00eb tregun e medies, nuk \u00ebsht\u00eb mes t\u00eb tjerash nj\u00eb subjekt tregtar i pavarur. S\u00eb bashku me Z\u00ebrin e Popullit ato jan\u00eb dy gazeta partish, financat e t\u00eb cilave jan\u00eb t\u00eb bashkuara me partit\u00eb p\u00ebrkat\u00ebse. Duke qen\u00eb gazet\u00eb e Partis\u00eb Demokratike dhe e financuar prej saj, duke mos pasur as formalisht dhe as juridikisht statusin e nj\u00eb gazete private n\u00eb vend, financimi i gazet\u00ebs RD me paret e buxhetit \u00ebsht\u00eb nj\u00eb tanxhente e qart\u00eb e qeveris\u00eb p\u00ebr Partin\u00eb Demokratike.<\/p>\n<p>Un\u00eb e njoh pak a shum\u00eb struktur\u00ebn e asaj gazete dhe shpenzimet e sa. Nuk i kap kurr\u00eb 100 mij\u00eb dollar\u00eb shpenzime n\u00eb vit, edhe sikur kryeredaktori dhe 4-5 gazetar\u00ebt t\u2019i ken\u00eb dyfishuar rrogat. Pra, me nj\u00eb pages\u00eb t\u00eb till\u00eb Olldashi e ka financuar RD p\u00ebr gati 5 vjet. Por problemi nuk \u00ebsht\u00eb se jan\u00eb paguar ata pak stenograf\u00eb t\u00eb telefonave t\u00eb Berish\u00ebs aty. Problemi juridik q\u00ebndron tek fakti se qeveria ka gjetur nj\u00eb m\u00ebnyr\u00eb t\u00eb financoj\u00eb partin\u00eb e saj me pare t\u00eb buxhetit dhe p\u00ebr nj\u00eb tanxhente t\u00eb till\u00eb Olldashi, tani q\u00eb nuk ka as imunitet, duhet t\u00eb hetohet dhe t\u00eb jap\u00eb dor\u00ebheqje. Ky \u00ebsht\u00eb rasti m\u00eb klasik dhe m\u00eb flagrant ku nj\u00eb qeveri heq lek\u00ebt nga buxheti dhe ia \u00e7on pa iu dridhur dora partis\u00eb s\u00eb saj.<\/p>\n<p>Helmut Kol, kolosi q\u00eb bashkoi Gjermanin\u00eb dhe rr\u00ebzoi Murin e Berlinit duke i dh\u00ebn\u00eb shpresa gjith\u00eb Lindjes, iku nga politika p\u00ebr m\u00eb pak se kaq lek, vet\u00ebm se dikush ia dha partis\u00eb s\u00eb tij pasi kishte fituar disa tender\u00eb nga buxheti i Gjermanis\u00eb. N\u00eb rastin konkret, gjesti \u00ebsht\u00eb m\u00eb i pafytyr\u00eb. Vet\u00eb ministri, pa tender, pa konkurrim, i ka prokuruar partis\u00eb s\u00eb tij 500 mij\u00eb dollar\u00eb p\u00ebr propagand\u00eb. Me ato 500 mij\u00eb dollar\u00eb jan\u00eb sulmuar lider\u00ebt e opozit\u00ebs, gazetar\u00ebt kritik\u00eb me pushtetin, jan\u00eb b\u00ebr\u00eb fushata elektorale dhe \u00ebsht\u00eb konkurruar n\u00eb m\u00ebnyr\u00eb t\u00eb pabarabart\u00eb n\u00eb nj\u00eb gar\u00eb elektorale. N\u00eb asnj\u00eb rast n\u00eb gjith\u00eb historin\u00eb e tanxhentopolit n\u00eb Itali nuk ka nj\u00eb rast kaq t\u00eb past\u00ebr p\u00ebrdorimi t\u00eb pareve t\u00eb shtetit p\u00ebr buxhetin e nj\u00eb partie.<\/p>\n<p>Sokol Olldashi e ka b\u00ebr\u00eb k\u00ebt\u00eb se \u00ebsht\u00eb nj\u00eb politikan q\u00eb i dhimbset PD dhe shtypi i saj, pasi andej ka nisur karrier\u00ebn politike. P\u00ebr k\u00ebt\u00eb PD duhet t\u2019i jet\u00eb mir\u00ebnjoh\u00ebs. RD po ashtu. Frangaj dhe Balliu nuk duhet t\u2019i mbajn\u00eb m\u00ebri pse i ka dh\u00ebn\u00eb RD dyfishin e pareve n\u00eb raport me ata. Ai edhe pse ata nuk i do, u ka dh\u00ebn\u00eb di\u00e7ka dhe atyre, po p\u00ebr shkak t\u00eb partis\u00eb. Por k\u00ebtu mbaron bamir\u00ebsia e tij dhe duhet t\u00eb filloj\u00eb shteti ligjor.<\/p>\n<p>Duhet t\u00eb ik\u00eb menj\u00ebher\u00eb nga zyrat e shtetit dhe t\u00eb shkoj\u00eb para drejt\u00ebsis\u00eb. Pastaj le t\u00eb rikthehet t\u00eb luaj\u00eb bilardo n\u00eb oborrin e PD-s\u00eb dhe t\u00eb pij\u00eb ndonj\u00eb got\u00eb me militant\u00ebt, p\u00ebr t\u00eb cil\u00ebn e ka b\u00ebr\u00eb k\u00ebt\u00eb sakrific\u00eb. Ata me siguri do ta vler\u00ebsojn\u00eb q\u00eb ka sakrifikuar p\u00ebr ta. Por drejt\u00ebsia duhet t\u00eb b\u00ebj\u00eb nj\u00eb shembull p\u00ebr kapjen e shtetit nga nj\u00eb parti q\u00eb harxhon milionat e qytetar\u00ebve p\u00ebr propagand\u00eb g\u00ebbelsiane.<\/p>\n","protected":false},"excerpt":{"rendered":"<p>Nga Mero Baze, 21 Shtator 2012 Sokol Olldashi \u00ebsht\u00eb treguar padyshim njeriu m\u00eb politik n\u00eb shp\u00ebrndarjen e pareve t\u00eb buxhetit t\u00eb shtetit p\u00ebr reklama. Ai \u00ebsht\u00eb treguar m\u00eb politik dhe m\u00eb pak dyshues p\u00ebr korrupsion personal, n\u00eb m\u00ebnyr\u00ebn se si i ka shp\u00ebrndar\u00eb ato. Nga 800 mij\u00eb dollar\u00eb q\u00eb ka pasur n\u00eb dor\u00eb p\u00ebr njoftimet [&hellip;]<\/p>\n","protected":false},"author":1,"featured_media":0,"comment_status":"open","ping_status":"closed","sticky":false,"template":"","format":"standard","meta":{"footnotes":""},"categories":[2],"tags":[],"class_list":{"0":"post-5086","1":"post","2":"type-post","3":"status-publish","4":"format-standard","6":"category-artikuj"},"yoast_head":"<!-- This site is optimized with the Yoast SEO plugin v27.4 - https:\/\/yoast.com\/product\/yoast-seo-wordpress\/ -->\n<title>Rasti Olldashi si \u201cbamir\u00ebsi\u201d dhe si \u201ctanxhente\u201d - FjALA e LIR\u00cb - Arkivi<\/title>\n<meta name=\"robots\" content=\"index, follow, max-snippet:-1, max-image-preview:large, max-video-preview:-1\" \/>\n<link rel=\"canonical\" href=\"https:\/\/fjala.info\/2009-2015\/rasti-olldashi-si-bamiresi-dhe-si-tanxhente\/\" \/>\n<meta property=\"og:locale\" content=\"sq_AL\" \/>\n<meta property=\"og:type\" content=\"article\" \/>\n<meta property=\"og:title\" content=\"Rasti Olldashi si \u201cbamir\u00ebsi\u201d dhe si \u201ctanxhente\u201d - FjALA e LIR\u00cb - Arkivi\" \/>\n<meta property=\"og:description\" content=\"Nga Mero Baze, 21 Shtator 2012 Sokol Olldashi \u00ebsht\u00eb treguar padyshim njeriu m\u00eb politik n\u00eb shp\u00ebrndarjen e pareve t\u00eb buxhetit t\u00eb shtetit p\u00ebr reklama. Ai \u00ebsht\u00eb treguar m\u00eb politik dhe m\u00eb pak dyshues p\u00ebr korrupsion personal, n\u00eb m\u00ebnyr\u00ebn se si i ka shp\u00ebrndar\u00eb ato. Nga 800 mij\u00eb dollar\u00eb q\u00eb ka pasur n\u00eb dor\u00eb p\u00ebr njoftimet [&hellip;]\" \/>\n<meta property=\"og:url\" content=\"https:\/\/fjala.info\/2009-2015\/rasti-olldashi-si-bamiresi-dhe-si-tanxhente\/\" \/>\n<meta property=\"og:site_name\" content=\"FjALA e LIR\u00cb - Arkivi\" \/>\n<meta property=\"article:published_time\" content=\"2012-09-21T20:13:28+00:00\" \/>\n<meta property=\"og:image\" content=\"http:\/\/www.fjala.info\/2012\/mero_baze.jpg\" \/>\n<meta name=\"author\" content=\"admin\" \/>\n<meta name=\"twitter:card\" content=\"summary_large_image\" \/>\n<meta name=\"twitter:label1\" content=\"Written by\" \/>\n\t<meta name=\"twitter:data1\" content=\"admin\" \/>\n\t<meta name=\"twitter:label2\" content=\"Est. reading time\" \/>\n\t<meta name=\"twitter:data2\" content=\"4 minutes\" \/>\n<script type=\"application\/ld+json\" class=\"yoast-schema-graph\">{\"@context\":\"https:\\\/\\\/schema.org\",\"@graph\":[{\"@type\":\"Article\",\"@id\":\"https:\\\/\\\/fjala.info\\\/2009-2015\\\/rasti-olldashi-si-bamiresi-dhe-si-tanxhente\\\/#article\",\"isPartOf\":{\"@id\":\"https:\\\/\\\/fjala.info\\\/2009-2015\\\/rasti-olldashi-si-bamiresi-dhe-si-tanxhente\\\/\"},\"author\":{\"name\":\"admin\",\"@id\":\"https:\\\/\\\/fjala.info\\\/2009-2015\\\/#\\\/schema\\\/person\\\/3aa1163ef05469c496fc94e77611ada2\"},\"headline\":\"Rasti Olldashi si \u201cbamir\u00ebsi\u201d dhe si \u201ctanxhente\u201d\",\"datePublished\":\"2012-09-21T20:13:28+00:00\",\"mainEntityOfPage\":{\"@id\":\"https:\\\/\\\/fjala.info\\\/2009-2015\\\/rasti-olldashi-si-bamiresi-dhe-si-tanxhente\\\/\"},\"wordCount\":888,\"commentCount\":0,\"publisher\":{\"@id\":\"https:\\\/\\\/fjala.info\\\/2009-2015\\\/#organization\"},\"image\":{\"@id\":\"https:\\\/\\\/fjala.info\\\/2009-2015\\\/rasti-olldashi-si-bamiresi-dhe-si-tanxhente\\\/#primaryimage\"},\"thumbnailUrl\":\"http:\\\/\\\/www.fjala.info\\\/2012\\\/mero_baze.jpg\",\"articleSection\":[\"Artikuj\"],\"inLanguage\":\"sq-AL\",\"potentialAction\":[{\"@type\":\"CommentAction\",\"name\":\"Comment\",\"target\":[\"https:\\\/\\\/fjala.info\\\/2009-2015\\\/rasti-olldashi-si-bamiresi-dhe-si-tanxhente\\\/#respond\"]}]},{\"@type\":\"WebPage\",\"@id\":\"https:\\\/\\\/fjala.info\\\/2009-2015\\\/rasti-olldashi-si-bamiresi-dhe-si-tanxhente\\\/\",\"url\":\"https:\\\/\\\/fjala.info\\\/2009-2015\\\/rasti-olldashi-si-bamiresi-dhe-si-tanxhente\\\/\",\"name\":\"Rasti Olldashi si \u201cbamir\u00ebsi\u201d dhe si \u201ctanxhente\u201d - FjALA e LIR\u00cb - Arkivi\",\"isPartOf\":{\"@id\":\"https:\\\/\\\/fjala.info\\\/2009-2015\\\/#website\"},\"primaryImageOfPage\":{\"@id\":\"https:\\\/\\\/fjala.info\\\/2009-2015\\\/rasti-olldashi-si-bamiresi-dhe-si-tanxhente\\\/#primaryimage\"},\"image\":{\"@id\":\"https:\\\/\\\/fjala.info\\\/2009-2015\\\/rasti-olldashi-si-bamiresi-dhe-si-tanxhente\\\/#primaryimage\"},\"thumbnailUrl\":\"http:\\\/\\\/www.fjala.info\\\/2012\\\/mero_baze.jpg\",\"datePublished\":\"2012-09-21T20:13:28+00:00\",\"breadcrumb\":{\"@id\":\"https:\\\/\\\/fjala.info\\\/2009-2015\\\/rasti-olldashi-si-bamiresi-dhe-si-tanxhente\\\/#breadcrumb\"},\"inLanguage\":\"sq-AL\",\"potentialAction\":[{\"@type\":\"ReadAction\",\"target\":[\"https:\\\/\\\/fjala.info\\\/2009-2015\\\/rasti-olldashi-si-bamiresi-dhe-si-tanxhente\\\/\"]}]},{\"@type\":\"ImageObject\",\"inLanguage\":\"sq-AL\",\"@id\":\"https:\\\/\\\/fjala.info\\\/2009-2015\\\/rasti-olldashi-si-bamiresi-dhe-si-tanxhente\\\/#primaryimage\",\"url\":\"http:\\\/\\\/www.fjala.info\\\/2012\\\/mero_baze.jpg\",\"contentUrl\":\"http:\\\/\\\/www.fjala.info\\\/2012\\\/mero_baze.jpg\"},{\"@type\":\"BreadcrumbList\",\"@id\":\"https:\\\/\\\/fjala.info\\\/2009-2015\\\/rasti-olldashi-si-bamiresi-dhe-si-tanxhente\\\/#breadcrumb\",\"itemListElement\":[{\"@type\":\"ListItem\",\"position\":1,\"name\":\"Home\",\"item\":\"https:\\\/\\\/fjala.info\\\/2009-2015\\\/\"},{\"@type\":\"ListItem\",\"position\":2,\"name\":\"Rasti Olldashi si \u201cbamir\u00ebsi\u201d dhe si \u201ctanxhente\u201d\"}]},{\"@type\":\"WebSite\",\"@id\":\"https:\\\/\\\/fjala.info\\\/2009-2015\\\/#website\",\"url\":\"https:\\\/\\\/fjala.info\\\/2009-2015\\\/\",\"name\":\"FjALA e LIR\u00cb - Arkivi\",\"description\":\"Arkivi 2009-2015\",\"publisher\":{\"@id\":\"https:\\\/\\\/fjala.info\\\/2009-2015\\\/#organization\"},\"potentialAction\":[{\"@type\":\"SearchAction\",\"target\":{\"@type\":\"EntryPoint\",\"urlTemplate\":\"https:\\\/\\\/fjala.info\\\/2009-2015\\\/?s={search_term_string}\"},\"query-input\":{\"@type\":\"PropertyValueSpecification\",\"valueRequired\":true,\"valueName\":\"search_term_string\"}}],\"inLanguage\":\"sq-AL\"},{\"@type\":\"Organization\",\"@id\":\"https:\\\/\\\/fjala.info\\\/2009-2015\\\/#organization\",\"name\":\"FjALA e LIR\u00cb - Arkivi\",\"url\":\"https:\\\/\\\/fjala.info\\\/2009-2015\\\/\",\"logo\":{\"@type\":\"ImageObject\",\"inLanguage\":\"sq-AL\",\"@id\":\"https:\\\/\\\/fjala.info\\\/2009-2015\\\/#\\\/schema\\\/logo\\\/image\\\/\",\"url\":\"\",\"contentUrl\":\"\",\"caption\":\"FjALA e LIR\u00cb - Arkivi\"},\"image\":{\"@id\":\"https:\\\/\\\/fjala.info\\\/2009-2015\\\/#\\\/schema\\\/logo\\\/image\\\/\"}},{\"@type\":\"Person\",\"@id\":\"https:\\\/\\\/fjala.info\\\/2009-2015\\\/#\\\/schema\\\/person\\\/3aa1163ef05469c496fc94e77611ada2\",\"name\":\"admin\",\"image\":{\"@type\":\"ImageObject\",\"inLanguage\":\"sq-AL\",\"@id\":\"https:\\\/\\\/fjala.info\\\/2009-2015\\\/wp-content\\\/uploads\\\/2012\\\/02\\\/arben_cokaj-120x150.jpg\",\"url\":\"https:\\\/\\\/fjala.info\\\/2009-2015\\\/wp-content\\\/uploads\\\/2012\\\/02\\\/arben_cokaj-120x150.jpg\",\"contentUrl\":\"https:\\\/\\\/fjala.info\\\/2009-2015\\\/wp-content\\\/uploads\\\/2012\\\/02\\\/arben_cokaj-120x150.jpg\",\"caption\":\"admin\"},\"description\":\"Admin, Fjala e Lir\u00eb\",\"sameAs\":[\"https:\\\/\\\/fjala.info\\\/\"],\"url\":\"https:\\\/\\\/fjala.info\\\/2009-2015\\\/author\\\/admin\\\/\"}]}<\/script>\n<!-- \/ Yoast SEO plugin. -->","yoast_head_json":{"title":"Rasti Olldashi si \u201cbamir\u00ebsi\u201d dhe si \u201ctanxhente\u201d - FjALA e LIR\u00cb - Arkivi","robots":{"index":"index","follow":"follow","max-snippet":"max-snippet:-1","max-image-preview":"max-image-preview:large","max-video-preview":"max-video-preview:-1"},"canonical":"https:\/\/fjala.info\/2009-2015\/rasti-olldashi-si-bamiresi-dhe-si-tanxhente\/","og_locale":"sq_AL","og_type":"article","og_title":"Rasti Olldashi si \u201cbamir\u00ebsi\u201d dhe si \u201ctanxhente\u201d - FjALA e LIR\u00cb - Arkivi","og_description":"Nga Mero Baze, 21 Shtator 2012 Sokol Olldashi \u00ebsht\u00eb treguar padyshim njeriu m\u00eb politik n\u00eb shp\u00ebrndarjen e pareve t\u00eb buxhetit t\u00eb shtetit p\u00ebr reklama. Ai \u00ebsht\u00eb treguar m\u00eb politik dhe m\u00eb pak dyshues p\u00ebr korrupsion personal, n\u00eb m\u00ebnyr\u00ebn se si i ka shp\u00ebrndar\u00eb ato. Nga 800 mij\u00eb dollar\u00eb q\u00eb ka pasur n\u00eb dor\u00eb p\u00ebr njoftimet [&hellip;]","og_url":"https:\/\/fjala.info\/2009-2015\/rasti-olldashi-si-bamiresi-dhe-si-tanxhente\/","og_site_name":"FjALA e LIR\u00cb - Arkivi","article_published_time":"2012-09-21T20:13:28+00:00","og_image":[{"url":"http:\/\/www.fjala.info\/2012\/mero_baze.jpg","type":"","width":"","height":""}],"author":"admin","twitter_card":"summary_large_image","twitter_misc":{"Written by":"admin","Est. reading time":"4 minutes"},"schema":{"@context":"https:\/\/schema.org","@graph":[{"@type":"Article","@id":"https:\/\/fjala.info\/2009-2015\/rasti-olldashi-si-bamiresi-dhe-si-tanxhente\/#article","isPartOf":{"@id":"https:\/\/fjala.info\/2009-2015\/rasti-olldashi-si-bamiresi-dhe-si-tanxhente\/"},"author":{"name":"admin","@id":"https:\/\/fjala.info\/2009-2015\/#\/schema\/person\/3aa1163ef05469c496fc94e77611ada2"},"headline":"Rasti Olldashi si \u201cbamir\u00ebsi\u201d dhe si \u201ctanxhente\u201d","datePublished":"2012-09-21T20:13:28+00:00","mainEntityOfPage":{"@id":"https:\/\/fjala.info\/2009-2015\/rasti-olldashi-si-bamiresi-dhe-si-tanxhente\/"},"wordCount":888,"commentCount":0,"publisher":{"@id":"https:\/\/fjala.info\/2009-2015\/#organization"},"image":{"@id":"https:\/\/fjala.info\/2009-2015\/rasti-olldashi-si-bamiresi-dhe-si-tanxhente\/#primaryimage"},"thumbnailUrl":"http:\/\/www.fjala.info\/2012\/mero_baze.jpg","articleSection":["Artikuj"],"inLanguage":"sq-AL","potentialAction":[{"@type":"CommentAction","name":"Comment","target":["https:\/\/fjala.info\/2009-2015\/rasti-olldashi-si-bamiresi-dhe-si-tanxhente\/#respond"]}]},{"@type":"WebPage","@id":"https:\/\/fjala.info\/2009-2015\/rasti-olldashi-si-bamiresi-dhe-si-tanxhente\/","url":"https:\/\/fjala.info\/2009-2015\/rasti-olldashi-si-bamiresi-dhe-si-tanxhente\/","name":"Rasti Olldashi si \u201cbamir\u00ebsi\u201d dhe si \u201ctanxhente\u201d - FjALA e LIR\u00cb - Arkivi","isPartOf":{"@id":"https:\/\/fjala.info\/2009-2015\/#website"},"primaryImageOfPage":{"@id":"https:\/\/fjala.info\/2009-2015\/rasti-olldashi-si-bamiresi-dhe-si-tanxhente\/#primaryimage"},"image":{"@id":"https:\/\/fjala.info\/2009-2015\/rasti-olldashi-si-bamiresi-dhe-si-tanxhente\/#primaryimage"},"thumbnailUrl":"http:\/\/www.fjala.info\/2012\/mero_baze.jpg","datePublished":"2012-09-21T20:13:28+00:00","breadcrumb":{"@id":"https:\/\/fjala.info\/2009-2015\/rasti-olldashi-si-bamiresi-dhe-si-tanxhente\/#breadcrumb"},"inLanguage":"sq-AL","potentialAction":[{"@type":"ReadAction","target":["https:\/\/fjala.info\/2009-2015\/rasti-olldashi-si-bamiresi-dhe-si-tanxhente\/"]}]},{"@type":"ImageObject","inLanguage":"sq-AL","@id":"https:\/\/fjala.info\/2009-2015\/rasti-olldashi-si-bamiresi-dhe-si-tanxhente\/#primaryimage","url":"http:\/\/www.fjala.info\/2012\/mero_baze.jpg","contentUrl":"http:\/\/www.fjala.info\/2012\/mero_baze.jpg"},{"@type":"BreadcrumbList","@id":"https:\/\/fjala.info\/2009-2015\/rasti-olldashi-si-bamiresi-dhe-si-tanxhente\/#breadcrumb","itemListElement":[{"@type":"ListItem","position":1,"name":"Home","item":"https:\/\/fjala.info\/2009-2015\/"},{"@type":"ListItem","position":2,"name":"Rasti Olldashi si \u201cbamir\u00ebsi\u201d dhe si \u201ctanxhente\u201d"}]},{"@type":"WebSite","@id":"https:\/\/fjala.info\/2009-2015\/#website","url":"https:\/\/fjala.info\/2009-2015\/","name":"FjALA e LIR\u00cb - Arkivi","description":"Arkivi 2009-2015","publisher":{"@id":"https:\/\/fjala.info\/2009-2015\/#organization"},"potentialAction":[{"@type":"SearchAction","target":{"@type":"EntryPoint","urlTemplate":"https:\/\/fjala.info\/2009-2015\/?s={search_term_string}"},"query-input":{"@type":"PropertyValueSpecification","valueRequired":true,"valueName":"search_term_string"}}],"inLanguage":"sq-AL"},{"@type":"Organization","@id":"https:\/\/fjala.info\/2009-2015\/#organization","name":"FjALA e LIR\u00cb - Arkivi","url":"https:\/\/fjala.info\/2009-2015\/","logo":{"@type":"ImageObject","inLanguage":"sq-AL","@id":"https:\/\/fjala.info\/2009-2015\/#\/schema\/logo\/image\/","url":"","contentUrl":"","caption":"FjALA e LIR\u00cb - Arkivi"},"image":{"@id":"https:\/\/fjala.info\/2009-2015\/#\/schema\/logo\/image\/"}},{"@type":"Person","@id":"https:\/\/fjala.info\/2009-2015\/#\/schema\/person\/3aa1163ef05469c496fc94e77611ada2","name":"admin","image":{"@type":"ImageObject","inLanguage":"sq-AL","@id":"https:\/\/fjala.info\/2009-2015\/wp-content\/uploads\/2012\/02\/arben_cokaj-120x150.jpg","url":"https:\/\/fjala.info\/2009-2015\/wp-content\/uploads\/2012\/02\/arben_cokaj-120x150.jpg","contentUrl":"https:\/\/fjala.info\/2009-2015\/wp-content\/uploads\/2012\/02\/arben_cokaj-120x150.jpg","caption":"admin"},"description":"Admin, Fjala e Lir\u00eb","sameAs":["https:\/\/fjala.info\/"],"url":"https:\/\/fjala.info\/2009-2015\/author\/admin\/"}]}},"_links":{"self":[{"href":"https:\/\/fjala.info\/2009-2015\/wp-json\/wp\/v2\/posts\/5086","targetHints":{"allow":["GET"]}}],"collection":[{"href":"https:\/\/fjala.info\/2009-2015\/wp-json\/wp\/v2\/posts"}],"about":[{"href":"https:\/\/fjala.info\/2009-2015\/wp-json\/wp\/v2\/types\/post"}],"author":[{"embeddable":true,"href":"https:\/\/fjala.info\/2009-2015\/wp-json\/wp\/v2\/users\/1"}],"replies":[{"embeddable":true,"href":"https:\/\/fjala.info\/2009-2015\/wp-json\/wp\/v2\/comments?post=5086"}],"version-history":[{"count":0,"href":"https:\/\/fjala.info\/2009-2015\/wp-json\/wp\/v2\/posts\/5086\/revisions"}],"wp:attachment":[{"href":"https:\/\/fjala.info\/2009-2015\/wp-json\/wp\/v2\/media?parent=5086"}],"wp:term":[{"taxonomy":"category","embeddable":true,"href":"https:\/\/fjala.info\/2009-2015\/wp-json\/wp\/v2\/categories?post=5086"},{"taxonomy":"post_tag","embeddable":true,"href":"https:\/\/fjala.info\/2009-2015\/wp-json\/wp\/v2\/tags?post=5086"}],"curies":[{"name":"wp","href":"https:\/\/api.w.org\/{rel}","templated":true}]}}