{"id":5084,"date":"2010-12-06T09:53:17","date_gmt":"2010-12-06T08:53:17","guid":{"rendered":"http:\/\/fjala.shkoder.net\/?p=5084"},"modified":"2010-12-06T09:53:17","modified_gmt":"2010-12-06T08:53:17","slug":"shqiptaret-kerkuan-bashkimin-kombetar-deri-me-2012","status":"publish","type":"post","link":"https:\/\/fjala.info\/2009-2015\/shqiptaret-kerkuan-bashkimin-kombetar-deri-me-2012\/","title":{"rendered":"SHQIPTAR\u00cbT K\u00cbRKUAN BASHKIMIN KOMB\u00cbTAR DERI M\u00cb 2012"},"content":{"rendered":"<p><em><strong>N\u00eb Barzio t\u00eb Lecco-s u b\u00eb p\u00ebrmbyllja e manifestimeve t\u00eb bukura p\u00ebr kremten ton\u00eb komb\u00ebtare<\/strong><\/em>:<\/p>\n<p><img loading=\"lazy\" decoding=\"async\" class=\"alignright size-full wp-image-5085\" title=\"Engjell Koliqi\" src=\"http:\/\/fjala.shkoder.net\/wp-content\/uploads\/2010\/12\/engjell_koliqi1.jpg\" alt=\"\" width=\"200\" height=\"218\" \/><\/p>\n<p>Shkruan: <strong>Engj\u00ebll KOLIQI<\/strong>, <em>Garlate (Lecco), 5 dhjetor 2010<\/em><\/p>\n<p>Manifestimin, bukur, e kishin p\u00ebrgatitur bashk\u00ebrisht shoqatat N\u00ebn\u00eb Tereza dhe Stublla, me seli n\u00eb Lecco. Ishin t\u00eb pranish\u00ebm shum\u00eb qind\u00ebra shqiptar\u00eb t\u00eb t\u00eb gjitha trojeve tona etnike \u2013 nga Shqip\u00ebria, Kosova e Maqedonia dhe bashk\u00eb k\u00ebnduan e vall\u00ebzuan fuqish\u00ebm, duke k\u00ebrkuar q\u00eb deri n\u00eb vitin 2012 t\u00eb realizohet edhe \u00ebnd\u00ebrra jon\u00eb shekullore e bashkimit komb\u00ebtar. Bukur ishte p\u00ebrgatitur edhe lotaria festive, q\u00eb tashm\u00eb \u00ebsht\u00eb b\u00ebr\u00eb tradicionale.<\/p>\n<p>T\u00eb gjitha mjetet financiare t\u00eb mbledhura nga kjo fest\u00eb, u tha se do t\u00eb derdhen n\u00eb konton e shoqat\u00ebs Stublla dhe do t\u00eb p\u00ebrdoren p\u00ebr motive humanitare. Programin kulturo-artistik bukur e kishin organzuar G\u00ebzim e Agim Demaj t\u00eb AVI \u201cFortuna\u201d dhe vall\u00ebtaret e grupit t\u00eb valleve \u201cFluturat\u201d, nd\u00ebrkaq publikun e k\u00ebnaq\u00ebn me k\u00ebng\u00eb Mehmet Bajrami nga Kumanova, Majlinda Kapedani nga Shqip\u00ebria dhe v\u00ebllez\u00ebrit Pjetri nga Kosova. U ndan\u00eb edhe \u00e7mimet e turneut futbollistik t\u00eb organizuar me rastin e fest\u00ebs, ku golgeter dhe lojtar m\u00eb i mir\u00eb i turneut u shpall veterani Marjan Ballabani.<\/p>\n<p style=\"text-align: center;\"><em><img loading=\"lazy\" decoding=\"async\" class=\"alignnone size-full wp-image-5086\" title=\"28_nentor_lecco\" src=\"http:\/\/fjala.shkoder.net\/wp-content\/uploads\/2010\/12\/28_nentor_lecco.jpg\" alt=\"\" width=\"500\" height=\"375\" \/><\/em><\/p>\n<p style=\"text-align: center;\"><em>Artist\u00ebt bashk\u00eb me t\u00eb pranishmit k\u00ebnduan Hymnin K\u00ebmb\u00ebtar<\/em><\/p>\n<p>K\u00ebshilli organizativ i p\u00ebrbashk\u00ebt i shoqatave \u201cN\u00ebn\u00eb Tereza\u201d dhe \u201cStublla\u201d kishin p\u00ebrgatitur bukur manifestimin p\u00ebrmbyll\u00ebs, me rastin e fest\u00ebs son\u00eb komb\u00ebtare. N\u00eb mbr\u00ebmjen e 4 dhjetorit, n\u00eb palestr\u00ebn sportive, n\u00eb Barzio t\u00eb Lecco-s u b\u00eb nj\u00eb manifestim madh\u00ebshtor, ku muar\u00ebn pjes\u00eb qind\u00ebra shqiptar\u00eb \u2013 nga Shqip\u00ebria, nga Kosova e nga Maqedonia. Sipas tradit\u00ebs, manifestimi u hap me k\u00ebndimin e hymnit komb\u00ebtar.<\/p>\n<p>Pastaj doli n\u00eb sken\u00eb moderatori tashm\u00eb i rregullt Ardion Andreja, i cili i ftoi t\u00eb pranishmit t\u00eb ngriten n\u00eb k\u00ebmb\u00eb dhe t\u2019i nderojn\u00eb me nj\u00eb minut\u00eb heshtje t\u00eb gjith\u00eb t\u00eb r\u00ebn\u00ebt p\u00ebr lirin\u00eb ton\u00eb komb\u00ebtare, n\u00ebp\u00ebr shekuj. Mandej, n\u00eb em\u00ebr t\u00eb shoqatave, t\u00eb pranishmit i p\u00ebrsh\u00ebndeti veterani yn\u00eb i devotsh\u00ebm Pashk Ballabani, i cili apeloi te t\u00eb gjith\u00eb, q\u00eb t\u2019i hapin zemrat dhe t\u00eb hudhin pika dashurie n\u00eb oqeanin e dashuris\u00eb, duke u ndihmuar njer\u00ebzve nevojtar\u00eb. P\u00ebrsh\u00ebndeti dhe uroi edhe kryetari i shoqat\u00ebs \u201cSofra Shqiptare\u201d Ndue Qokaj. Pastaj moderatori Andreja ia dha fjal\u00ebn autorit t\u00eb k\u00ebtij reportazhi Engj\u00ebll Koliqit, p\u00ebr t\u00eb lexuar tem\u00ebn speciale t\u00eb p\u00ebrgatitur enkas p\u00ebr k\u00ebt\u00eb manifestim \u201c28 N\u00ebntori dit\u00eb e shenjt\u00eb arb\u00ebrore\u201d.<\/p>\n<p>N\u00eb k\u00ebt\u00eb tem\u00eb q\u00eb u ndoq me shum\u00eb v\u00ebmendje dhe kurreshtje nga t\u00eb pranishmit, u b\u00eb nj\u00eb sh\u00ebti n\u00ebp\u00ebr shekuj dhe n\u00ebp\u00ebr histori, q\u00eb nga 28 N\u00ebntori i par\u00eb arb\u00ebror, kur kryeheroi yn\u00eb komb\u00ebtar Gjergj Kastrioti \u2013 Sk\u00ebnderbeu e kishte ngritur p\u00ebr her\u00eb t\u00eb par\u00eb flamurin ton\u00eb komb\u00ebtar me shqipen dykrenare e me yllin gjasht\u00ebcep\u00ebsh mes dy krenave t\u00eb Shqiponj\u00ebs, n\u00eb Kalan\u00eb e Kruj\u00ebs, ku plot 25 vjet kishte valuar i pamposhtur nga otoman\u00ebt. Pas vdekjes s\u00eb Gjergjit, u b\u00ebn\u00eb shum\u00eb dyndje dhe d\u00ebbime t\u00eb far\u00ebs arb\u00ebrore nga trojet e tyre dhe u dasht\u00ebn edhe 444 vite pritjeje e vuajtje, tmerr e rob\u00ebri, derisa p\u00ebrfundimisht u ngrit n\u00eb Vlor\u00eb nga Plaku i Urt\u00eb \u2013 Ismail Qemali \u2013 Vlora.<\/p>\n<p>N\u00eb k\u00ebt\u00eb tem\u00eb, u citua edhe nj\u00eb pjes\u00eb nga fjalimi solemn i Plakut t\u00eb Vlor\u00ebs, kur triumfalisht ngriti Flamurin e q\u00ebndisur nga Marigona dhe shpalli mvet\u00ebsin\u00eb e Shqip\u00ebris\u00eb: \u201cFqinjt\u00eb tan\u00eb nuk duhet t\u00eb g\u00ebnjehen me lakmi, se shqiptari s\u2019e duron rob\u00ebrin\u00eb. Historia e shekujve t\u00eb kaluar e d\u00ebshmon k\u00ebt\u00eb t\u00eb v\u00ebrtet\u00eb. Ky truall \u00ebsht\u00eb atdheu yn\u00eb. Ne e kemi gjuh\u00ebn ton\u00eb, zakonet tona, kultur\u00ebn ton\u00eb. Ndaj, sot, t\u00eb mbledhur n\u00eb k\u00ebt\u00eb kuvend t\u00eb madh historik, ne shprehim para gjith\u00eb bot\u00ebs vullnetin e popullit ton\u00eb sovran\u201d. Pastaj erdhi 28 N\u00ebntori i vitit 1955, q\u00eb lindi kryekomandantin legjendar t\u00eb U\u00c7K-s\u00eb \u2013 Adem Jasharin dhe 28 N\u00ebntori i vitit 1997, kur u b\u00eb paraqitja e par\u00eb punlike e U\u00c7K-s\u00eb. N\u00eb k\u00ebt\u00eb manifestim p\u00ebrmbyll\u00ebs t\u00eb Dit\u00ebs s\u00eb Flamurit, u inkorporua edhe 100 Vjetori i lindjes s\u00eb Gonxhe Bojaxhiut \u2013 N\u00ebn\u00eb Tereza, p\u00ebr t\u00eb cil\u00ebn gjithashtu foli autori i k\u00ebsaj teme.<\/p>\n<p style=\"text-align: center;\"><em><img loading=\"lazy\" decoding=\"async\" class=\"alignnone size-full wp-image-5087\" title=\"28_nentor_lecco1\" src=\"http:\/\/fjala.shkoder.net\/wp-content\/uploads\/2010\/12\/28_nentor_lecco1.jpg\" alt=\"\" width=\"500\" height=\"375\" \/><\/em><\/p>\n<p style=\"text-align: center;\"><em><strong>Engj\u00ebll Koliqi<\/strong>, duke lexuar referatin festiv<\/em><\/p>\n<p style=\"text-align: center;\"><em><img loading=\"lazy\" decoding=\"async\" class=\"alignnone size-full wp-image-5088\" title=\"28_nentor_lecco2\" src=\"http:\/\/fjala.shkoder.net\/wp-content\/uploads\/2010\/12\/28_nentor_lecco2.jpg\" alt=\"\" width=\"500\" height=\"370\" \/><\/em><\/p>\n<p style=\"text-align: center;\"><em><strong>Ndue Qokaj<\/strong>, duke i dor\u00ebzuar \u00e7mimin e par\u00eb sportiv <strong>Marjan Ballabanit<\/strong><\/em><\/p>\n<p style=\"text-align: center;\"><em><img loading=\"lazy\" decoding=\"async\" class=\"alignnone size-full wp-image-5089\" title=\"28_nentor_lecco3\" src=\"http:\/\/fjala.shkoder.net\/wp-content\/uploads\/2010\/12\/28_nentor_lecco3.jpg\" alt=\"\" width=\"500\" height=\"372\" \/><\/em><\/p>\n<p style=\"text-align: center;\"><em><strong>Veterani Pashk Ballabani<\/strong>, duke i p\u00ebrsh\u00ebndetur t\u00eb pranishmit, n\u00eb em\u00ebr t\u00eb shoqatave<\/em><\/p>\n<p>Pastaj u vazhdua me programin shum\u00eb t\u00eb pasur kulturo-artistik, duke vall\u00ebzuar valle speciale me motive patriotike dhe k\u00ebng\u00eb atdhetare, historike, epike e lirike. K\u00ebng\u00ebtar\u00ebt e mir\u00ebnjohur \u2013 Mehmet Bajrami dhe Majlinda Kapedani shklqyen me interpretimet e tyre fantastike, shoq\u00ebruar nga AVI \u201cFortuna\u201d \u2013 G\u00ebzim e Agim Demaj. Gjithashtu shk\u00eblqyes dhe mjaft kumbues ishin edhe rrapsd\u00ebt \u2013 v\u00ebllez\u00ebrit Kastriot e Driton Pjetri, shoq\u00ebruar me \u00e7ifteli edhe nga instrumentisti i mir\u00ebnjohur i SHKA \u201cZ\u00ebri i Karadakut\u201d nga Stublla \u2013 Gjon Ukaj. Gjithashtu vezulluese dhe shum\u00eb t\u00ebrheq\u00ebse kan\u00eb qen\u00eb valltaret e grupi \u201cFluturat\u201d.<\/p>\n<p style=\"text-align: center;\"><em><img loading=\"lazy\" decoding=\"async\" class=\"alignnone size-full wp-image-5090\" title=\"28_nentor_lecco4\" src=\"http:\/\/fjala.shkoder.net\/wp-content\/uploads\/2010\/12\/28_nentor_lecco4.jpg\" alt=\"\" width=\"500\" height=\"375\" \/><\/em><\/p>\n<p style=\"text-align: center;\"><em>K\u00ebng\u00ebtari i shk\u00eblqyesh\u00ebm <strong>Mehmet Bajrami<\/strong> me AVI Fortuna<\/em><\/p>\n<p style=\"text-align: center;\"><em><img loading=\"lazy\" decoding=\"async\" class=\"alignnone size-full wp-image-5091\" title=\"28_nentor_lecco5\" src=\"http:\/\/fjala.shkoder.net\/wp-content\/uploads\/2010\/12\/28_nentor_lecco5.jpg\" alt=\"\" width=\"500\" height=\"375\" \/><\/em><\/p>\n<p style=\"text-align: center;\"><em>Rrapsod\u00ebt Driton e <strong>Kastriot Pjetri<\/strong> dhe <strong>Gjon Ukaj<\/strong><\/em><\/p>\n<p style=\"text-align: center;\"><em><img loading=\"lazy\" decoding=\"async\" class=\"alignnone size-full wp-image-5092\" title=\"28_nentor_lecco6\" src=\"http:\/\/fjala.shkoder.net\/wp-content\/uploads\/2010\/12\/28_nentor_lecco6.jpg\" alt=\"\" width=\"500\" height=\"372\" \/><\/em><\/p>\n<p style=\"text-align: center;\"><em>K\u00ebn<\/em><em>g\u00ebtarja e mir\u00ebnjohur <strong>Majlinda Kapedani<\/strong> me AVI Fotruna<\/em><\/p>\n<p>T\u00eb rinjt\u00eb ishin organizuar dhe nj\u00eb jav\u00eb m\u00eb par\u00eb kishin zhvilluar turneun festin n\u00eb futboll t\u00eb vog\u00ebl dhe n\u00eb programin festiv u dhan\u00eb edhe \u00e7mimet dhe kupat e k\u00ebtij turneu. Si skuad\u00ebr e par\u00eb kishte dal\u00eb ajo e shoqat\u00ebs \u201cN\u00ebn\u00eb Tereza\u201d, kurse golgeter e lojtar m\u00eb i mir\u00eb i turneut ishte shpallur veterani Marjan Ballabani, lojtar i s\u00eb nj\u00ebjt\u00ebs skuad\u00ebr. \u00c7mimet i kan\u00eb ndar\u00eb veprimtar\u00eb dhe veteran\u00eb t\u00eb futbollit, si: Ndue Qokaj, Zef Ballabani, Fran Lorenci, Vink Gjoni etj.<\/p>\n<p>Bukur ishte organizuar edhe lotaria festive q\u00eb tashm\u00eb \u00ebsht\u00eb b\u00ebr\u00eb tradicionale dhe t\u00eb gjitha \u00e7mimet ishin sponzorizuar nga bashkatdhetar\u00eb, an\u00ebtar\u00eb t\u00eb k\u00ebtyre dy shoqatave. \u00c7mimin e par\u00eb, ofruar nga veprimtari i devotsh\u00ebm \u2013 Pashk Ballabani \u2013 nj\u00eb bilet\u00eb aeroplani vajtje\/ardhje p\u00ebr n\u00eb Prishtin\u00eb, e ka fituar Ali Ukaj. Tiketat e lotaris\u00eb i kan\u00eb t\u00ebrhequr f\u00ebmij\u00ebt.<\/p>\n<p>Veprimtari Agim Shabani na tha se n\u00eb k\u00ebt\u00eb mbr\u00ebmje festive t\u00eb hyrat financiare dhe sponzorizimet kan\u00eb qen\u00eb t\u00eb konsiderueshme dhe q\u00eb t\u00eb gjitha do t\u00eb dedikohen n\u00eb misione humanitare, p\u00ebr nevojtar\u00ebt n\u00eb Atdhe. Ky hap shum\u00eb njer\u00ebzor in d\u00ebrmaerr\u00eb nga k\u00ebto shoqata, \u00ebsht\u00eb p\u00ebr \u00e7do l\u00ebvdat\u00eb, gj\u00eb q\u00eb do ishte mir\u00eb t\u00eb ndiqej edhe nga shoqatat tjera shqiptare n\u00eb Itali dhe n\u00eb mbar\u00eb diaspor\u00ebn.<\/p>\n<p style=\"text-align: center;\"><em>\u00a0<img loading=\"lazy\" decoding=\"async\" class=\"alignnone size-full wp-image-5093\" title=\"28_nentor_lecco7\" src=\"http:\/\/fjala.shkoder.net\/wp-content\/uploads\/2010\/12\/28_nentor_lecco7.jpg\" alt=\"\" width=\"500\" height=\"374\" \/><\/em><\/p>\n<p style=\"text-align: center;\"><em>K\u00ebng\u00ebtar\u00ebt k\u00ebndonin e vall\u00ebzonin me manifestuesit e g\u00ebzuar<\/em><\/p>\n<p style=\"text-align: center;\"><em><img loading=\"lazy\" decoding=\"async\" class=\"alignnone size-full wp-image-5094\" title=\"28_nentor_lecco8\" src=\"http:\/\/fjala.shkoder.net\/wp-content\/uploads\/2010\/12\/28_nentor_lecco8.jpg\" alt=\"\" width=\"500\" height=\"361\" \/><\/em><\/p>\n<p style=\"text-align: center;\"><em>G\u00ebzimi s\u2019kishte kufi<\/em><\/p>\n<p style=\"text-align: center;\"><em><img loading=\"lazy\" decoding=\"async\" class=\"alignnone size-full wp-image-5095\" title=\"28_nentor_lecco9\" src=\"http:\/\/fjala.shkoder.net\/wp-content\/uploads\/2010\/12\/28_nentor_lecco9.jpg\" alt=\"\" width=\"500\" height=\"368\" \/><\/em><\/p>\n<p style=\"text-align: center;\"><img loading=\"lazy\" decoding=\"async\" class=\"alignnone size-full wp-image-5096\" title=\"28_nentor_lecco10\" src=\"http:\/\/fjala.shkoder.net\/wp-content\/uploads\/2010\/12\/28_nentor_lecco10.jpg\" alt=\"\" width=\"500\" height=\"374\" \/><\/p>\n<p style=\"text-align: center;\"><img loading=\"lazy\" decoding=\"async\" class=\"alignnone size-full wp-image-5097\" title=\"28_nentor_lecco11\" src=\"http:\/\/fjala.shkoder.net\/wp-content\/uploads\/2010\/12\/28_nentor_lecco11.jpg\" alt=\"\" width=\"500\" height=\"373\" \/><\/p>\n<p style=\"text-align: center;\"><em>\u00c7aste nga t\u00ebrheqja e lotaris\u00eb festive<\/em><\/p>\n<p style=\"text-align: center;\"><em><img loading=\"lazy\" decoding=\"async\" class=\"alignnone size-full wp-image-5098\" title=\"28_nentor_lecco12\" src=\"http:\/\/fjala.shkoder.net\/wp-content\/uploads\/2010\/12\/28_nentor_lecco12.jpg\" alt=\"\" width=\"500\" height=\"371\" \/><\/em><\/p>\n<p style=\"text-align: center;\"><img loading=\"lazy\" decoding=\"async\" class=\"alignnone size-full wp-image-5099\" title=\"28_nentor_lecco13\" src=\"http:\/\/fjala.shkoder.net\/wp-content\/uploads\/2010\/12\/28_nentor_lecco13.jpg\" alt=\"\" width=\"500\" height=\"374\" \/><\/p>\n<p style=\"text-align: center;\"><em>T\u00eb gjith\u00eb n\u00eb vall\u00ebzim<\/em><\/p>\n","protected":false},"excerpt":{"rendered":"<p>N\u00eb Barzio t\u00eb Lecco-s u b\u00eb p\u00ebrmbyllja e manifestimeve t\u00eb bukura p\u00ebr kremten ton\u00eb komb\u00ebtare: Shkruan: Engj\u00ebll KOLIQI, Garlate (Lecco), 5 dhjetor 2010 Manifestimin, bukur, e kishin p\u00ebrgatitur bashk\u00ebrisht shoqatat N\u00ebn\u00eb Tereza dhe Stublla, me seli n\u00eb Lecco. Ishin t\u00eb pranish\u00ebm shum\u00eb qind\u00ebra shqiptar\u00eb t\u00eb t\u00eb gjitha trojeve tona etnike \u2013 nga Shqip\u00ebria, Kosova e [&hellip;]<\/p>\n","protected":false},"author":1,"featured_media":0,"comment_status":"open","ping_status":"closed","sticky":false,"template":"","format":"standard","meta":{"footnotes":""},"categories":[2],"tags":[],"class_list":{"0":"post-5084","1":"post","2":"type-post","3":"status-publish","4":"format-standard","6":"category-artikuj"},"yoast_head":"<!-- This site is optimized with the Yoast SEO plugin v27.4 - https:\/\/yoast.com\/product\/yoast-seo-wordpress\/ -->\n<title>SHQIPTAR\u00cbT K\u00cbRKUAN BASHKIMIN KOMB\u00cbTAR DERI M\u00cb 2012 - FjALA e LIR\u00cb - Arkivi<\/title>\n<meta name=\"robots\" content=\"index, follow, max-snippet:-1, max-image-preview:large, max-video-preview:-1\" \/>\n<link rel=\"canonical\" href=\"https:\/\/fjala.info\/2009-2015\/shqiptaret-kerkuan-bashkimin-kombetar-deri-me-2012\/\" \/>\n<meta property=\"og:locale\" content=\"sq_AL\" \/>\n<meta property=\"og:type\" content=\"article\" \/>\n<meta property=\"og:title\" content=\"SHQIPTAR\u00cbT K\u00cbRKUAN BASHKIMIN KOMB\u00cbTAR DERI M\u00cb 2012 - FjALA e LIR\u00cb - Arkivi\" \/>\n<meta property=\"og:description\" content=\"N\u00eb Barzio t\u00eb Lecco-s u b\u00eb p\u00ebrmbyllja e manifestimeve t\u00eb bukura p\u00ebr kremten ton\u00eb komb\u00ebtare: Shkruan: Engj\u00ebll KOLIQI, Garlate (Lecco), 5 dhjetor 2010 Manifestimin, bukur, e kishin p\u00ebrgatitur bashk\u00ebrisht shoqatat N\u00ebn\u00eb Tereza dhe Stublla, me seli n\u00eb Lecco. Ishin t\u00eb pranish\u00ebm shum\u00eb qind\u00ebra shqiptar\u00eb t\u00eb t\u00eb gjitha trojeve tona etnike \u2013 nga Shqip\u00ebria, Kosova e [&hellip;]\" \/>\n<meta property=\"og:url\" content=\"https:\/\/fjala.info\/2009-2015\/shqiptaret-kerkuan-bashkimin-kombetar-deri-me-2012\/\" \/>\n<meta property=\"og:site_name\" content=\"FjALA e LIR\u00cb - Arkivi\" \/>\n<meta property=\"article:published_time\" content=\"2010-12-06T08:53:17+00:00\" \/>\n<meta property=\"og:image\" content=\"http:\/\/fjala.shkoder.net\/wp-content\/uploads\/2010\/12\/engjell_koliqi1.jpg\" \/>\n<meta name=\"author\" content=\"admin\" \/>\n<meta name=\"twitter:card\" content=\"summary_large_image\" \/>\n<meta name=\"twitter:label1\" content=\"Written by\" \/>\n\t<meta name=\"twitter:data1\" content=\"admin\" \/>\n\t<meta name=\"twitter:label2\" content=\"Est. reading time\" \/>\n\t<meta name=\"twitter:data2\" content=\"6 minutes\" \/>\n<script type=\"application\/ld+json\" class=\"yoast-schema-graph\">{\"@context\":\"https:\\\/\\\/schema.org\",\"@graph\":[{\"@type\":\"Article\",\"@id\":\"https:\\\/\\\/fjala.info\\\/2009-2015\\\/shqiptaret-kerkuan-bashkimin-kombetar-deri-me-2012\\\/#article\",\"isPartOf\":{\"@id\":\"https:\\\/\\\/fjala.info\\\/2009-2015\\\/shqiptaret-kerkuan-bashkimin-kombetar-deri-me-2012\\\/\"},\"author\":{\"name\":\"admin\",\"@id\":\"https:\\\/\\\/fjala.info\\\/2009-2015\\\/#\\\/schema\\\/person\\\/3aa1163ef05469c496fc94e77611ada2\"},\"headline\":\"SHQIPTAR\u00cbT K\u00cbRKUAN BASHKIMIN KOMB\u00cbTAR DERI M\u00cb 2012\",\"datePublished\":\"2010-12-06T08:53:17+00:00\",\"mainEntityOfPage\":{\"@id\":\"https:\\\/\\\/fjala.info\\\/2009-2015\\\/shqiptaret-kerkuan-bashkimin-kombetar-deri-me-2012\\\/\"},\"wordCount\":1176,\"commentCount\":0,\"publisher\":{\"@id\":\"https:\\\/\\\/fjala.info\\\/2009-2015\\\/#organization\"},\"image\":{\"@id\":\"https:\\\/\\\/fjala.info\\\/2009-2015\\\/shqiptaret-kerkuan-bashkimin-kombetar-deri-me-2012\\\/#primaryimage\"},\"thumbnailUrl\":\"http:\\\/\\\/fjala.shkoder.net\\\/wp-content\\\/uploads\\\/2010\\\/12\\\/engjell_koliqi1.jpg\",\"articleSection\":[\"Artikuj\"],\"inLanguage\":\"sq-AL\",\"potentialAction\":[{\"@type\":\"CommentAction\",\"name\":\"Comment\",\"target\":[\"https:\\\/\\\/fjala.info\\\/2009-2015\\\/shqiptaret-kerkuan-bashkimin-kombetar-deri-me-2012\\\/#respond\"]}]},{\"@type\":\"WebPage\",\"@id\":\"https:\\\/\\\/fjala.info\\\/2009-2015\\\/shqiptaret-kerkuan-bashkimin-kombetar-deri-me-2012\\\/\",\"url\":\"https:\\\/\\\/fjala.info\\\/2009-2015\\\/shqiptaret-kerkuan-bashkimin-kombetar-deri-me-2012\\\/\",\"name\":\"SHQIPTAR\u00cbT K\u00cbRKUAN BASHKIMIN KOMB\u00cbTAR DERI M\u00cb 2012 - FjALA e LIR\u00cb - Arkivi\",\"isPartOf\":{\"@id\":\"https:\\\/\\\/fjala.info\\\/2009-2015\\\/#website\"},\"primaryImageOfPage\":{\"@id\":\"https:\\\/\\\/fjala.info\\\/2009-2015\\\/shqiptaret-kerkuan-bashkimin-kombetar-deri-me-2012\\\/#primaryimage\"},\"image\":{\"@id\":\"https:\\\/\\\/fjala.info\\\/2009-2015\\\/shqiptaret-kerkuan-bashkimin-kombetar-deri-me-2012\\\/#primaryimage\"},\"thumbnailUrl\":\"http:\\\/\\\/fjala.shkoder.net\\\/wp-content\\\/uploads\\\/2010\\\/12\\\/engjell_koliqi1.jpg\",\"datePublished\":\"2010-12-06T08:53:17+00:00\",\"breadcrumb\":{\"@id\":\"https:\\\/\\\/fjala.info\\\/2009-2015\\\/shqiptaret-kerkuan-bashkimin-kombetar-deri-me-2012\\\/#breadcrumb\"},\"inLanguage\":\"sq-AL\",\"potentialAction\":[{\"@type\":\"ReadAction\",\"target\":[\"https:\\\/\\\/fjala.info\\\/2009-2015\\\/shqiptaret-kerkuan-bashkimin-kombetar-deri-me-2012\\\/\"]}]},{\"@type\":\"ImageObject\",\"inLanguage\":\"sq-AL\",\"@id\":\"https:\\\/\\\/fjala.info\\\/2009-2015\\\/shqiptaret-kerkuan-bashkimin-kombetar-deri-me-2012\\\/#primaryimage\",\"url\":\"http:\\\/\\\/fjala.shkoder.net\\\/wp-content\\\/uploads\\\/2010\\\/12\\\/engjell_koliqi1.jpg\",\"contentUrl\":\"http:\\\/\\\/fjala.shkoder.net\\\/wp-content\\\/uploads\\\/2010\\\/12\\\/engjell_koliqi1.jpg\"},{\"@type\":\"BreadcrumbList\",\"@id\":\"https:\\\/\\\/fjala.info\\\/2009-2015\\\/shqiptaret-kerkuan-bashkimin-kombetar-deri-me-2012\\\/#breadcrumb\",\"itemListElement\":[{\"@type\":\"ListItem\",\"position\":1,\"name\":\"Home\",\"item\":\"https:\\\/\\\/fjala.info\\\/2009-2015\\\/\"},{\"@type\":\"ListItem\",\"position\":2,\"name\":\"SHQIPTAR\u00cbT K\u00cbRKUAN BASHKIMIN KOMB\u00cbTAR DERI M\u00cb 2012\"}]},{\"@type\":\"WebSite\",\"@id\":\"https:\\\/\\\/fjala.info\\\/2009-2015\\\/#website\",\"url\":\"https:\\\/\\\/fjala.info\\\/2009-2015\\\/\",\"name\":\"FjALA e LIR\u00cb - Arkivi\",\"description\":\"Arkivi 2009-2015\",\"publisher\":{\"@id\":\"https:\\\/\\\/fjala.info\\\/2009-2015\\\/#organization\"},\"potentialAction\":[{\"@type\":\"SearchAction\",\"target\":{\"@type\":\"EntryPoint\",\"urlTemplate\":\"https:\\\/\\\/fjala.info\\\/2009-2015\\\/?s={search_term_string}\"},\"query-input\":{\"@type\":\"PropertyValueSpecification\",\"valueRequired\":true,\"valueName\":\"search_term_string\"}}],\"inLanguage\":\"sq-AL\"},{\"@type\":\"Organization\",\"@id\":\"https:\\\/\\\/fjala.info\\\/2009-2015\\\/#organization\",\"name\":\"FjALA e LIR\u00cb - Arkivi\",\"url\":\"https:\\\/\\\/fjala.info\\\/2009-2015\\\/\",\"logo\":{\"@type\":\"ImageObject\",\"inLanguage\":\"sq-AL\",\"@id\":\"https:\\\/\\\/fjala.info\\\/2009-2015\\\/#\\\/schema\\\/logo\\\/image\\\/\",\"url\":\"\",\"contentUrl\":\"\",\"caption\":\"FjALA e LIR\u00cb - Arkivi\"},\"image\":{\"@id\":\"https:\\\/\\\/fjala.info\\\/2009-2015\\\/#\\\/schema\\\/logo\\\/image\\\/\"}},{\"@type\":\"Person\",\"@id\":\"https:\\\/\\\/fjala.info\\\/2009-2015\\\/#\\\/schema\\\/person\\\/3aa1163ef05469c496fc94e77611ada2\",\"name\":\"admin\",\"image\":{\"@type\":\"ImageObject\",\"inLanguage\":\"sq-AL\",\"@id\":\"https:\\\/\\\/fjala.info\\\/2009-2015\\\/wp-content\\\/uploads\\\/2012\\\/02\\\/arben_cokaj-120x150.jpg\",\"url\":\"https:\\\/\\\/fjala.info\\\/2009-2015\\\/wp-content\\\/uploads\\\/2012\\\/02\\\/arben_cokaj-120x150.jpg\",\"contentUrl\":\"https:\\\/\\\/fjala.info\\\/2009-2015\\\/wp-content\\\/uploads\\\/2012\\\/02\\\/arben_cokaj-120x150.jpg\",\"caption\":\"admin\"},\"description\":\"Admin, Fjala e Lir\u00eb\",\"sameAs\":[\"https:\\\/\\\/fjala.info\\\/\"],\"url\":\"https:\\\/\\\/fjala.info\\\/2009-2015\\\/author\\\/admin\\\/\"}]}<\/script>\n<!-- \/ Yoast SEO plugin. -->","yoast_head_json":{"title":"SHQIPTAR\u00cbT K\u00cbRKUAN BASHKIMIN KOMB\u00cbTAR DERI M\u00cb 2012 - FjALA e LIR\u00cb - Arkivi","robots":{"index":"index","follow":"follow","max-snippet":"max-snippet:-1","max-image-preview":"max-image-preview:large","max-video-preview":"max-video-preview:-1"},"canonical":"https:\/\/fjala.info\/2009-2015\/shqiptaret-kerkuan-bashkimin-kombetar-deri-me-2012\/","og_locale":"sq_AL","og_type":"article","og_title":"SHQIPTAR\u00cbT K\u00cbRKUAN BASHKIMIN KOMB\u00cbTAR DERI M\u00cb 2012 - FjALA e LIR\u00cb - Arkivi","og_description":"N\u00eb Barzio t\u00eb Lecco-s u b\u00eb p\u00ebrmbyllja e manifestimeve t\u00eb bukura p\u00ebr kremten ton\u00eb komb\u00ebtare: Shkruan: Engj\u00ebll KOLIQI, Garlate (Lecco), 5 dhjetor 2010 Manifestimin, bukur, e kishin p\u00ebrgatitur bashk\u00ebrisht shoqatat N\u00ebn\u00eb Tereza dhe Stublla, me seli n\u00eb Lecco. Ishin t\u00eb pranish\u00ebm shum\u00eb qind\u00ebra shqiptar\u00eb t\u00eb t\u00eb gjitha trojeve tona etnike \u2013 nga Shqip\u00ebria, Kosova e [&hellip;]","og_url":"https:\/\/fjala.info\/2009-2015\/shqiptaret-kerkuan-bashkimin-kombetar-deri-me-2012\/","og_site_name":"FjALA e LIR\u00cb - Arkivi","article_published_time":"2010-12-06T08:53:17+00:00","og_image":[{"url":"http:\/\/fjala.shkoder.net\/wp-content\/uploads\/2010\/12\/engjell_koliqi1.jpg","type":"","width":"","height":""}],"author":"admin","twitter_card":"summary_large_image","twitter_misc":{"Written by":"admin","Est. reading time":"6 minutes"},"schema":{"@context":"https:\/\/schema.org","@graph":[{"@type":"Article","@id":"https:\/\/fjala.info\/2009-2015\/shqiptaret-kerkuan-bashkimin-kombetar-deri-me-2012\/#article","isPartOf":{"@id":"https:\/\/fjala.info\/2009-2015\/shqiptaret-kerkuan-bashkimin-kombetar-deri-me-2012\/"},"author":{"name":"admin","@id":"https:\/\/fjala.info\/2009-2015\/#\/schema\/person\/3aa1163ef05469c496fc94e77611ada2"},"headline":"SHQIPTAR\u00cbT K\u00cbRKUAN BASHKIMIN KOMB\u00cbTAR DERI M\u00cb 2012","datePublished":"2010-12-06T08:53:17+00:00","mainEntityOfPage":{"@id":"https:\/\/fjala.info\/2009-2015\/shqiptaret-kerkuan-bashkimin-kombetar-deri-me-2012\/"},"wordCount":1176,"commentCount":0,"publisher":{"@id":"https:\/\/fjala.info\/2009-2015\/#organization"},"image":{"@id":"https:\/\/fjala.info\/2009-2015\/shqiptaret-kerkuan-bashkimin-kombetar-deri-me-2012\/#primaryimage"},"thumbnailUrl":"http:\/\/fjala.shkoder.net\/wp-content\/uploads\/2010\/12\/engjell_koliqi1.jpg","articleSection":["Artikuj"],"inLanguage":"sq-AL","potentialAction":[{"@type":"CommentAction","name":"Comment","target":["https:\/\/fjala.info\/2009-2015\/shqiptaret-kerkuan-bashkimin-kombetar-deri-me-2012\/#respond"]}]},{"@type":"WebPage","@id":"https:\/\/fjala.info\/2009-2015\/shqiptaret-kerkuan-bashkimin-kombetar-deri-me-2012\/","url":"https:\/\/fjala.info\/2009-2015\/shqiptaret-kerkuan-bashkimin-kombetar-deri-me-2012\/","name":"SHQIPTAR\u00cbT K\u00cbRKUAN BASHKIMIN KOMB\u00cbTAR DERI M\u00cb 2012 - FjALA e LIR\u00cb - Arkivi","isPartOf":{"@id":"https:\/\/fjala.info\/2009-2015\/#website"},"primaryImageOfPage":{"@id":"https:\/\/fjala.info\/2009-2015\/shqiptaret-kerkuan-bashkimin-kombetar-deri-me-2012\/#primaryimage"},"image":{"@id":"https:\/\/fjala.info\/2009-2015\/shqiptaret-kerkuan-bashkimin-kombetar-deri-me-2012\/#primaryimage"},"thumbnailUrl":"http:\/\/fjala.shkoder.net\/wp-content\/uploads\/2010\/12\/engjell_koliqi1.jpg","datePublished":"2010-12-06T08:53:17+00:00","breadcrumb":{"@id":"https:\/\/fjala.info\/2009-2015\/shqiptaret-kerkuan-bashkimin-kombetar-deri-me-2012\/#breadcrumb"},"inLanguage":"sq-AL","potentialAction":[{"@type":"ReadAction","target":["https:\/\/fjala.info\/2009-2015\/shqiptaret-kerkuan-bashkimin-kombetar-deri-me-2012\/"]}]},{"@type":"ImageObject","inLanguage":"sq-AL","@id":"https:\/\/fjala.info\/2009-2015\/shqiptaret-kerkuan-bashkimin-kombetar-deri-me-2012\/#primaryimage","url":"http:\/\/fjala.shkoder.net\/wp-content\/uploads\/2010\/12\/engjell_koliqi1.jpg","contentUrl":"http:\/\/fjala.shkoder.net\/wp-content\/uploads\/2010\/12\/engjell_koliqi1.jpg"},{"@type":"BreadcrumbList","@id":"https:\/\/fjala.info\/2009-2015\/shqiptaret-kerkuan-bashkimin-kombetar-deri-me-2012\/#breadcrumb","itemListElement":[{"@type":"ListItem","position":1,"name":"Home","item":"https:\/\/fjala.info\/2009-2015\/"},{"@type":"ListItem","position":2,"name":"SHQIPTAR\u00cbT K\u00cbRKUAN BASHKIMIN KOMB\u00cbTAR DERI M\u00cb 2012"}]},{"@type":"WebSite","@id":"https:\/\/fjala.info\/2009-2015\/#website","url":"https:\/\/fjala.info\/2009-2015\/","name":"FjALA e LIR\u00cb - Arkivi","description":"Arkivi 2009-2015","publisher":{"@id":"https:\/\/fjala.info\/2009-2015\/#organization"},"potentialAction":[{"@type":"SearchAction","target":{"@type":"EntryPoint","urlTemplate":"https:\/\/fjala.info\/2009-2015\/?s={search_term_string}"},"query-input":{"@type":"PropertyValueSpecification","valueRequired":true,"valueName":"search_term_string"}}],"inLanguage":"sq-AL"},{"@type":"Organization","@id":"https:\/\/fjala.info\/2009-2015\/#organization","name":"FjALA e LIR\u00cb - Arkivi","url":"https:\/\/fjala.info\/2009-2015\/","logo":{"@type":"ImageObject","inLanguage":"sq-AL","@id":"https:\/\/fjala.info\/2009-2015\/#\/schema\/logo\/image\/","url":"","contentUrl":"","caption":"FjALA e LIR\u00cb - Arkivi"},"image":{"@id":"https:\/\/fjala.info\/2009-2015\/#\/schema\/logo\/image\/"}},{"@type":"Person","@id":"https:\/\/fjala.info\/2009-2015\/#\/schema\/person\/3aa1163ef05469c496fc94e77611ada2","name":"admin","image":{"@type":"ImageObject","inLanguage":"sq-AL","@id":"https:\/\/fjala.info\/2009-2015\/wp-content\/uploads\/2012\/02\/arben_cokaj-120x150.jpg","url":"https:\/\/fjala.info\/2009-2015\/wp-content\/uploads\/2012\/02\/arben_cokaj-120x150.jpg","contentUrl":"https:\/\/fjala.info\/2009-2015\/wp-content\/uploads\/2012\/02\/arben_cokaj-120x150.jpg","caption":"admin"},"description":"Admin, Fjala e Lir\u00eb","sameAs":["https:\/\/fjala.info\/"],"url":"https:\/\/fjala.info\/2009-2015\/author\/admin\/"}]}},"_links":{"self":[{"href":"https:\/\/fjala.info\/2009-2015\/wp-json\/wp\/v2\/posts\/5084","targetHints":{"allow":["GET"]}}],"collection":[{"href":"https:\/\/fjala.info\/2009-2015\/wp-json\/wp\/v2\/posts"}],"about":[{"href":"https:\/\/fjala.info\/2009-2015\/wp-json\/wp\/v2\/types\/post"}],"author":[{"embeddable":true,"href":"https:\/\/fjala.info\/2009-2015\/wp-json\/wp\/v2\/users\/1"}],"replies":[{"embeddable":true,"href":"https:\/\/fjala.info\/2009-2015\/wp-json\/wp\/v2\/comments?post=5084"}],"version-history":[{"count":0,"href":"https:\/\/fjala.info\/2009-2015\/wp-json\/wp\/v2\/posts\/5084\/revisions"}],"wp:attachment":[{"href":"https:\/\/fjala.info\/2009-2015\/wp-json\/wp\/v2\/media?parent=5084"}],"wp:term":[{"taxonomy":"category","embeddable":true,"href":"https:\/\/fjala.info\/2009-2015\/wp-json\/wp\/v2\/categories?post=5084"},{"taxonomy":"post_tag","embeddable":true,"href":"https:\/\/fjala.info\/2009-2015\/wp-json\/wp\/v2\/tags?post=5084"}],"curies":[{"name":"wp","href":"https:\/\/api.w.org\/{rel}","templated":true}]}}