{"id":5082,"date":"2010-12-06T09:13:53","date_gmt":"2010-12-06T08:13:53","guid":{"rendered":"http:\/\/fjala.shkoder.net\/?p=5082"},"modified":"2010-12-06T09:13:53","modified_gmt":"2010-12-06T08:13:53","slug":"vlera-te-reja-shqiptare-ne-gjuhen-rumune","status":"publish","type":"post","link":"https:\/\/fjala.info\/2009-2015\/vlera-te-reja-shqiptare-ne-gjuhen-rumune\/","title":{"rendered":"VLERA T\u00cb REJA SHQIPTARE N\u00cb GJUH\u00cbN RUMUNE"},"content":{"rendered":"<p><img decoding=\"async\" class=\"alignright size-full wp-image-4136\" title=\"Baki Ymeri\" src=\"http:\/\/fjala.shkoder.net\/wp-content\/uploads\/2010\/10\/baki_ymeri.jpg\" alt=\"\" width=\"150\" \/><br \/>\n<strong>Baki Ymeri <\/strong><\/p>\n<p><em><strong>Kultura shqipe n\u00eb nj\u00eb emision n\u00eb TVR Cultural t\u00eb Bukureshtit <\/strong><\/em><\/p>\n<p>M\u00eb 30 n\u00ebntor 2010, n\u00eb postin televiziv TVR Cultural, kanal i televizionit publik rumun, u transmetua nj\u00eb emision kushtuar poezis\u00eb shqipe. Emisioni i quajtur &#8220;Identitete&#8221;, kishte t\u00eb ftuar studiuesin, p\u00ebrkthyesin dhe diplomatin, dr. Luan Top\u00e7iun, i cili foli mbi poezin\u00eb lirike shqipe, duke u ndalur ve\u00e7an\u00ebrisht tek manifestimet lirike t\u00eb ndjenj\u00ebs s\u00eb dashuris\u00eb dhe mallit. Emisioni u ilustrua me recitimin mjesht\u00ebror t\u00eb aktorit dhe poetit t\u00eb njohur rumun, Adrian Munteanu, i cili recitoi vargje nga poet\u00ebt Ismail Kadare, Lasgush Poradeci, Visar Zhiti, Zef Serembe, si dhe vargje nga lirika popullore shqiptare.<\/p>\n<p>Duke n\u00ebnvizuar elemente te p\u00ebrbashk\u00ebt si dhe dallimet mes poezis\u00eb lirike shqipe dhe asaj europiane, Luan Top\u00e7iu vuri n\u00eb dukje ndjenjat e st\u00ebrholla e delikate t\u00eb nj\u00eb prej popujve m\u00eb t\u00eb vjet\u00ebr t\u00eb Europ\u00ebs, p\u00ebr m\u00ebnyr\u00ebn sesi p\u00ebrkthehen n\u00eb kultur\u00ebn shpirt\u00ebrore t\u00eb popullit shqiptar ndjenja universale si dashuria dhe malli. Emisioni u realizua nga Maria Cika, producent\u00eb jan\u00eb Iuliana Constantin dhe Ilinca V. Ciobanu, t\u00eb cil\u00ebt e dinamizuan k\u00ebt\u00eb emision me imazhe nga natyra shqiptare.<\/p>\n<p>P\u00ebrkthimi i poezive n\u00eb rumanisht i takon Luan Top\u00e7iut. Ky emision kushtuar let\u00ebrsis\u00eb shqipe, p\u00ebrmes nj\u00eb prezantimi shkencor, ndihmon, pa dyshim, n\u00eb njohjen e kultur\u00ebs s\u00eb pasur shqiptare jasht\u00eb kufijve, duke krijuar nj\u00eb imazh te denje t\u00eb vlerave t\u00eb v\u00ebrteta t\u00eb kultur\u00ebs shqiptare dhe duke mbajtur gjall\u00eb nj\u00eb dialog t\u00eb vazhduesh\u00ebm me kultur\u00ebn europiane.<\/p>\n<p style=\"text-align: center;\">* * *<\/p>\n<p>P\u00ebrndryshe, revistat letrare rumune edhe gjat\u00eb k\u00ebsaj vjeshte i hap\u00ebn shtyllat edhe p\u00ebr kultur\u00ebn shqiptare. K\u00ebshtu, n\u00eb kuadrin e rubrik\u00ebs Nj\u00eb lib\u00ebr i gjall\u00eb, n\u00eb numrin n\u00eb t\u00eb ri t\u00eb revist\u00ebs Climate literare botohet fjala e ambasadorit amerikan Wiliam G. Walker q\u00eb e shoq\u00ebron (si parath\u00ebnie) monografin\u00eb e Sanije Gashit (Histori t\u00eb tmerrit, 1998-1999), nj\u00eb vep\u00ebr monumentale me dosje krimesh t\u00eb luft\u00ebs dhe me rr\u00ebfime grash\u00eb mbi masakrat dhe dhun\u00ebn serbe n\u00eb Kosov\u00eb.<\/p>\n<p>N\u00eb faqet e t\u00eb nj\u00ebjt\u00ebs revist\u00eb (n\u00ebntor 2010) botohen edhe 5 poezi t\u00eb Remzi Limanit nga Kosova, nd\u00ebrsa n\u00eb numrin e parafundit t\u00eb revist\u00ebs Impact literar, n\u00eb kuadrin e rubrik\u00ebs Poezie albaneza din Germania, botohet nj\u00eb faqe me 9 poezi t\u00eb Sadik Krasniqit, t\u00eb shoq\u00ebruara me fotografin\u00eb e autorit dhe sh\u00ebnime bibliografike t\u00eb shk\u00ebputura nga v\u00ebllimi i tij Lacrima lunii (Loti i jet\u00ebs).<\/p>\n<p>Sadik Krasniqi \u00ebsht\u00eb prezent me 10 poezi, si Tre miniatura p\u00ebr Kosov\u00ebn etj., edhe n\u00eb numrin m\u00eb t\u00eb ri t\u00eb revist\u00ebs Oglinda literara (Pasqyra letrare). N\u00eb k\u00ebt\u00eb spekt\u00ebr prezantimesh vlerash shqiptare n\u00eb gjuh\u00ebn rumune inkorporohet edhe Kozeta Zylo nga Amerika me poezit\u00eb Mjellmat do t\u00eb vijn\u00eb dhe Si nj\u00eb drenush\u00eb, botuar n\u00eb numrin e fundit t\u00eb revist\u00ebs Dunarea de jos (Danubi i Posht\u00ebm).<\/p>\n<p>K\u00ebto dit\u00eb e pa drit\u00ebn e botimit n\u00eb let\u00ebr edhe numri m\u00eb i ri i revists\u00eb Shqiptari, kushtuar Dit\u00ebs s\u00eb Flamurit, i dinamizuar me nj\u00eb album historik dhe disa artikuj, re\u00e7ensione dhe nj\u00eb fragment nga dor\u00ebshkrimi i Lazim Rexhepit (M-ai convins c\u0103 e\u015fti un albanez adev\u0103rat \/ M\u00eb ke bindur se je nj\u00eb shqiptar i v\u00ebrtet\u00eb). Pas botimit t\u00eb v\u00ebllimit bilingv t\u00eb Vezir Ukajt nga Kosova (Camera num\u0103rul patru-Dhoma num\u00ebr kat\u00ebr) dhe dy librave t\u00eb Luigj Shkodranit nga Danimarka (Nj\u00eb poezi p\u00ebr Ty dhe Porta e shpirtit), nj\u00eb risi tjet\u00ebr q\u00eb nd\u00ebrlidhet me afirmimin e vlerave shqiptare n\u00eb gjuh\u00ebn rumune \u00ebsht\u00eb edhe botimi i tre projekteve letrare brenda nj\u00eb jave, duke filluar q\u00eb nga dita e h\u00ebn\u00eb:<\/p>\n<p>Monografia Histori t\u00eb tmerrit e Sanije Gashit, revista Kosova (shqip\/rumanisht) dhe suplimenti i saj, Kosova letrare, poashtu n\u00eb t\u00eb dy gjuh\u00ebt, t\u00eb gjitha k\u00ebto duke pasqyruar promovime vlerash n\u00eb nivel evropian. Bota ka nevoj\u00eb p\u00ebr vlera, identitet dhe portret, madje edhe p\u00ebr portretin e Kosov\u00ebs letrare, t\u00eb diaspor\u00ebs shqiptare dhe Shqip\u00ebris\u00eb historike, n\u00eb nj\u00eb vend ku egziston nj\u00eb etje e hatashme p\u00ebr ta njohur kultur\u00ebn shqiptare n\u00eb totalitetin e saj.<\/p>\n","protected":false},"excerpt":{"rendered":"<p>Baki Ymeri Kultura shqipe n\u00eb nj\u00eb emision n\u00eb TVR Cultural t\u00eb Bukureshtit M\u00eb 30 n\u00ebntor 2010, n\u00eb postin televiziv TVR Cultural, kanal i televizionit publik rumun, u transmetua nj\u00eb emision kushtuar poezis\u00eb shqipe. Emisioni i quajtur &#8220;Identitete&#8221;, kishte t\u00eb ftuar studiuesin, p\u00ebrkthyesin dhe diplomatin, dr. Luan Top\u00e7iun, i cili foli mbi poezin\u00eb lirike shqipe, duke [&hellip;]<\/p>\n","protected":false},"author":1,"featured_media":0,"comment_status":"open","ping_status":"closed","sticky":false,"template":"","format":"standard","meta":{"footnotes":""},"categories":[2,7],"tags":[],"class_list":{"0":"post-5082","1":"post","2":"type-post","3":"status-publish","4":"format-standard","6":"category-artikuj","7":"category-letersi"},"yoast_head":"<!-- This site is optimized with the Yoast SEO plugin v27.4 - https:\/\/yoast.com\/product\/yoast-seo-wordpress\/ -->\n<title>VLERA T\u00cb REJA SHQIPTARE N\u00cb GJUH\u00cbN RUMUNE - FjALA e LIR\u00cb - Arkivi<\/title>\n<meta name=\"robots\" content=\"index, follow, max-snippet:-1, max-image-preview:large, max-video-preview:-1\" \/>\n<link rel=\"canonical\" href=\"https:\/\/fjala.info\/2009-2015\/vlera-te-reja-shqiptare-ne-gjuhen-rumune\/\" \/>\n<meta property=\"og:locale\" content=\"sq_AL\" \/>\n<meta property=\"og:type\" content=\"article\" \/>\n<meta property=\"og:title\" content=\"VLERA T\u00cb REJA SHQIPTARE N\u00cb GJUH\u00cbN RUMUNE - FjALA e LIR\u00cb - Arkivi\" \/>\n<meta property=\"og:description\" content=\"Baki Ymeri Kultura shqipe n\u00eb nj\u00eb emision n\u00eb TVR Cultural t\u00eb Bukureshtit M\u00eb 30 n\u00ebntor 2010, n\u00eb postin televiziv TVR Cultural, kanal i televizionit publik rumun, u transmetua nj\u00eb emision kushtuar poezis\u00eb shqipe. Emisioni i quajtur &#8220;Identitete&#8221;, kishte t\u00eb ftuar studiuesin, p\u00ebrkthyesin dhe diplomatin, dr. Luan Top\u00e7iun, i cili foli mbi poezin\u00eb lirike shqipe, duke [&hellip;]\" \/>\n<meta property=\"og:url\" content=\"https:\/\/fjala.info\/2009-2015\/vlera-te-reja-shqiptare-ne-gjuhen-rumune\/\" \/>\n<meta property=\"og:site_name\" content=\"FjALA e LIR\u00cb - Arkivi\" \/>\n<meta property=\"article:published_time\" content=\"2010-12-06T08:13:53+00:00\" \/>\n<meta property=\"og:image\" content=\"http:\/\/fjala.shkoder.net\/wp-content\/uploads\/2010\/10\/baki_ymeri.jpg\" \/>\n<meta name=\"author\" content=\"admin\" \/>\n<meta name=\"twitter:card\" content=\"summary_large_image\" \/>\n<meta name=\"twitter:label1\" content=\"Written by\" \/>\n\t<meta name=\"twitter:data1\" content=\"admin\" \/>\n\t<meta name=\"twitter:label2\" content=\"Est. reading time\" \/>\n\t<meta name=\"twitter:data2\" content=\"4 minutes\" \/>\n<script type=\"application\/ld+json\" class=\"yoast-schema-graph\">{\"@context\":\"https:\\\/\\\/schema.org\",\"@graph\":[{\"@type\":\"Article\",\"@id\":\"https:\\\/\\\/fjala.info\\\/2009-2015\\\/vlera-te-reja-shqiptare-ne-gjuhen-rumune\\\/#article\",\"isPartOf\":{\"@id\":\"https:\\\/\\\/fjala.info\\\/2009-2015\\\/vlera-te-reja-shqiptare-ne-gjuhen-rumune\\\/\"},\"author\":{\"name\":\"admin\",\"@id\":\"https:\\\/\\\/fjala.info\\\/2009-2015\\\/#\\\/schema\\\/person\\\/3aa1163ef05469c496fc94e77611ada2\"},\"headline\":\"VLERA T\u00cb REJA SHQIPTARE N\u00cb GJUH\u00cbN RUMUNE\",\"datePublished\":\"2010-12-06T08:13:53+00:00\",\"mainEntityOfPage\":{\"@id\":\"https:\\\/\\\/fjala.info\\\/2009-2015\\\/vlera-te-reja-shqiptare-ne-gjuhen-rumune\\\/\"},\"wordCount\":713,\"commentCount\":0,\"publisher\":{\"@id\":\"https:\\\/\\\/fjala.info\\\/2009-2015\\\/#organization\"},\"image\":{\"@id\":\"https:\\\/\\\/fjala.info\\\/2009-2015\\\/vlera-te-reja-shqiptare-ne-gjuhen-rumune\\\/#primaryimage\"},\"thumbnailUrl\":\"http:\\\/\\\/fjala.shkoder.net\\\/wp-content\\\/uploads\\\/2010\\\/10\\\/baki_ymeri.jpg\",\"articleSection\":[\"Artikuj\",\"Let\u00ebrsi\"],\"inLanguage\":\"sq-AL\",\"potentialAction\":[{\"@type\":\"CommentAction\",\"name\":\"Comment\",\"target\":[\"https:\\\/\\\/fjala.info\\\/2009-2015\\\/vlera-te-reja-shqiptare-ne-gjuhen-rumune\\\/#respond\"]}]},{\"@type\":\"WebPage\",\"@id\":\"https:\\\/\\\/fjala.info\\\/2009-2015\\\/vlera-te-reja-shqiptare-ne-gjuhen-rumune\\\/\",\"url\":\"https:\\\/\\\/fjala.info\\\/2009-2015\\\/vlera-te-reja-shqiptare-ne-gjuhen-rumune\\\/\",\"name\":\"VLERA T\u00cb REJA SHQIPTARE N\u00cb GJUH\u00cbN RUMUNE - FjALA e LIR\u00cb - Arkivi\",\"isPartOf\":{\"@id\":\"https:\\\/\\\/fjala.info\\\/2009-2015\\\/#website\"},\"primaryImageOfPage\":{\"@id\":\"https:\\\/\\\/fjala.info\\\/2009-2015\\\/vlera-te-reja-shqiptare-ne-gjuhen-rumune\\\/#primaryimage\"},\"image\":{\"@id\":\"https:\\\/\\\/fjala.info\\\/2009-2015\\\/vlera-te-reja-shqiptare-ne-gjuhen-rumune\\\/#primaryimage\"},\"thumbnailUrl\":\"http:\\\/\\\/fjala.shkoder.net\\\/wp-content\\\/uploads\\\/2010\\\/10\\\/baki_ymeri.jpg\",\"datePublished\":\"2010-12-06T08:13:53+00:00\",\"breadcrumb\":{\"@id\":\"https:\\\/\\\/fjala.info\\\/2009-2015\\\/vlera-te-reja-shqiptare-ne-gjuhen-rumune\\\/#breadcrumb\"},\"inLanguage\":\"sq-AL\",\"potentialAction\":[{\"@type\":\"ReadAction\",\"target\":[\"https:\\\/\\\/fjala.info\\\/2009-2015\\\/vlera-te-reja-shqiptare-ne-gjuhen-rumune\\\/\"]}]},{\"@type\":\"ImageObject\",\"inLanguage\":\"sq-AL\",\"@id\":\"https:\\\/\\\/fjala.info\\\/2009-2015\\\/vlera-te-reja-shqiptare-ne-gjuhen-rumune\\\/#primaryimage\",\"url\":\"http:\\\/\\\/fjala.shkoder.net\\\/wp-content\\\/uploads\\\/2010\\\/10\\\/baki_ymeri.jpg\",\"contentUrl\":\"http:\\\/\\\/fjala.shkoder.net\\\/wp-content\\\/uploads\\\/2010\\\/10\\\/baki_ymeri.jpg\"},{\"@type\":\"BreadcrumbList\",\"@id\":\"https:\\\/\\\/fjala.info\\\/2009-2015\\\/vlera-te-reja-shqiptare-ne-gjuhen-rumune\\\/#breadcrumb\",\"itemListElement\":[{\"@type\":\"ListItem\",\"position\":1,\"name\":\"Home\",\"item\":\"https:\\\/\\\/fjala.info\\\/2009-2015\\\/\"},{\"@type\":\"ListItem\",\"position\":2,\"name\":\"VLERA T\u00cb REJA SHQIPTARE N\u00cb GJUH\u00cbN RUMUNE\"}]},{\"@type\":\"WebSite\",\"@id\":\"https:\\\/\\\/fjala.info\\\/2009-2015\\\/#website\",\"url\":\"https:\\\/\\\/fjala.info\\\/2009-2015\\\/\",\"name\":\"FjALA e LIR\u00cb - Arkivi\",\"description\":\"Arkivi 2009-2015\",\"publisher\":{\"@id\":\"https:\\\/\\\/fjala.info\\\/2009-2015\\\/#organization\"},\"potentialAction\":[{\"@type\":\"SearchAction\",\"target\":{\"@type\":\"EntryPoint\",\"urlTemplate\":\"https:\\\/\\\/fjala.info\\\/2009-2015\\\/?s={search_term_string}\"},\"query-input\":{\"@type\":\"PropertyValueSpecification\",\"valueRequired\":true,\"valueName\":\"search_term_string\"}}],\"inLanguage\":\"sq-AL\"},{\"@type\":\"Organization\",\"@id\":\"https:\\\/\\\/fjala.info\\\/2009-2015\\\/#organization\",\"name\":\"FjALA e LIR\u00cb - Arkivi\",\"url\":\"https:\\\/\\\/fjala.info\\\/2009-2015\\\/\",\"logo\":{\"@type\":\"ImageObject\",\"inLanguage\":\"sq-AL\",\"@id\":\"https:\\\/\\\/fjala.info\\\/2009-2015\\\/#\\\/schema\\\/logo\\\/image\\\/\",\"url\":\"\",\"contentUrl\":\"\",\"caption\":\"FjALA e LIR\u00cb - Arkivi\"},\"image\":{\"@id\":\"https:\\\/\\\/fjala.info\\\/2009-2015\\\/#\\\/schema\\\/logo\\\/image\\\/\"}},{\"@type\":\"Person\",\"@id\":\"https:\\\/\\\/fjala.info\\\/2009-2015\\\/#\\\/schema\\\/person\\\/3aa1163ef05469c496fc94e77611ada2\",\"name\":\"admin\",\"image\":{\"@type\":\"ImageObject\",\"inLanguage\":\"sq-AL\",\"@id\":\"https:\\\/\\\/fjala.info\\\/2009-2015\\\/wp-content\\\/uploads\\\/2012\\\/02\\\/arben_cokaj-120x150.jpg\",\"url\":\"https:\\\/\\\/fjala.info\\\/2009-2015\\\/wp-content\\\/uploads\\\/2012\\\/02\\\/arben_cokaj-120x150.jpg\",\"contentUrl\":\"https:\\\/\\\/fjala.info\\\/2009-2015\\\/wp-content\\\/uploads\\\/2012\\\/02\\\/arben_cokaj-120x150.jpg\",\"caption\":\"admin\"},\"description\":\"Admin, Fjala e Lir\u00eb\",\"sameAs\":[\"https:\\\/\\\/fjala.info\\\/\"],\"url\":\"https:\\\/\\\/fjala.info\\\/2009-2015\\\/author\\\/admin\\\/\"}]}<\/script>\n<!-- \/ Yoast SEO plugin. -->","yoast_head_json":{"title":"VLERA T\u00cb REJA SHQIPTARE N\u00cb GJUH\u00cbN RUMUNE - FjALA e LIR\u00cb - Arkivi","robots":{"index":"index","follow":"follow","max-snippet":"max-snippet:-1","max-image-preview":"max-image-preview:large","max-video-preview":"max-video-preview:-1"},"canonical":"https:\/\/fjala.info\/2009-2015\/vlera-te-reja-shqiptare-ne-gjuhen-rumune\/","og_locale":"sq_AL","og_type":"article","og_title":"VLERA T\u00cb REJA SHQIPTARE N\u00cb GJUH\u00cbN RUMUNE - FjALA e LIR\u00cb - Arkivi","og_description":"Baki Ymeri Kultura shqipe n\u00eb nj\u00eb emision n\u00eb TVR Cultural t\u00eb Bukureshtit M\u00eb 30 n\u00ebntor 2010, n\u00eb postin televiziv TVR Cultural, kanal i televizionit publik rumun, u transmetua nj\u00eb emision kushtuar poezis\u00eb shqipe. Emisioni i quajtur &#8220;Identitete&#8221;, kishte t\u00eb ftuar studiuesin, p\u00ebrkthyesin dhe diplomatin, dr. Luan Top\u00e7iun, i cili foli mbi poezin\u00eb lirike shqipe, duke [&hellip;]","og_url":"https:\/\/fjala.info\/2009-2015\/vlera-te-reja-shqiptare-ne-gjuhen-rumune\/","og_site_name":"FjALA e LIR\u00cb - Arkivi","article_published_time":"2010-12-06T08:13:53+00:00","og_image":[{"url":"http:\/\/fjala.shkoder.net\/wp-content\/uploads\/2010\/10\/baki_ymeri.jpg","type":"","width":"","height":""}],"author":"admin","twitter_card":"summary_large_image","twitter_misc":{"Written by":"admin","Est. reading time":"4 minutes"},"schema":{"@context":"https:\/\/schema.org","@graph":[{"@type":"Article","@id":"https:\/\/fjala.info\/2009-2015\/vlera-te-reja-shqiptare-ne-gjuhen-rumune\/#article","isPartOf":{"@id":"https:\/\/fjala.info\/2009-2015\/vlera-te-reja-shqiptare-ne-gjuhen-rumune\/"},"author":{"name":"admin","@id":"https:\/\/fjala.info\/2009-2015\/#\/schema\/person\/3aa1163ef05469c496fc94e77611ada2"},"headline":"VLERA T\u00cb REJA SHQIPTARE N\u00cb GJUH\u00cbN RUMUNE","datePublished":"2010-12-06T08:13:53+00:00","mainEntityOfPage":{"@id":"https:\/\/fjala.info\/2009-2015\/vlera-te-reja-shqiptare-ne-gjuhen-rumune\/"},"wordCount":713,"commentCount":0,"publisher":{"@id":"https:\/\/fjala.info\/2009-2015\/#organization"},"image":{"@id":"https:\/\/fjala.info\/2009-2015\/vlera-te-reja-shqiptare-ne-gjuhen-rumune\/#primaryimage"},"thumbnailUrl":"http:\/\/fjala.shkoder.net\/wp-content\/uploads\/2010\/10\/baki_ymeri.jpg","articleSection":["Artikuj","Let\u00ebrsi"],"inLanguage":"sq-AL","potentialAction":[{"@type":"CommentAction","name":"Comment","target":["https:\/\/fjala.info\/2009-2015\/vlera-te-reja-shqiptare-ne-gjuhen-rumune\/#respond"]}]},{"@type":"WebPage","@id":"https:\/\/fjala.info\/2009-2015\/vlera-te-reja-shqiptare-ne-gjuhen-rumune\/","url":"https:\/\/fjala.info\/2009-2015\/vlera-te-reja-shqiptare-ne-gjuhen-rumune\/","name":"VLERA T\u00cb REJA SHQIPTARE N\u00cb GJUH\u00cbN RUMUNE - FjALA e LIR\u00cb - Arkivi","isPartOf":{"@id":"https:\/\/fjala.info\/2009-2015\/#website"},"primaryImageOfPage":{"@id":"https:\/\/fjala.info\/2009-2015\/vlera-te-reja-shqiptare-ne-gjuhen-rumune\/#primaryimage"},"image":{"@id":"https:\/\/fjala.info\/2009-2015\/vlera-te-reja-shqiptare-ne-gjuhen-rumune\/#primaryimage"},"thumbnailUrl":"http:\/\/fjala.shkoder.net\/wp-content\/uploads\/2010\/10\/baki_ymeri.jpg","datePublished":"2010-12-06T08:13:53+00:00","breadcrumb":{"@id":"https:\/\/fjala.info\/2009-2015\/vlera-te-reja-shqiptare-ne-gjuhen-rumune\/#breadcrumb"},"inLanguage":"sq-AL","potentialAction":[{"@type":"ReadAction","target":["https:\/\/fjala.info\/2009-2015\/vlera-te-reja-shqiptare-ne-gjuhen-rumune\/"]}]},{"@type":"ImageObject","inLanguage":"sq-AL","@id":"https:\/\/fjala.info\/2009-2015\/vlera-te-reja-shqiptare-ne-gjuhen-rumune\/#primaryimage","url":"http:\/\/fjala.shkoder.net\/wp-content\/uploads\/2010\/10\/baki_ymeri.jpg","contentUrl":"http:\/\/fjala.shkoder.net\/wp-content\/uploads\/2010\/10\/baki_ymeri.jpg"},{"@type":"BreadcrumbList","@id":"https:\/\/fjala.info\/2009-2015\/vlera-te-reja-shqiptare-ne-gjuhen-rumune\/#breadcrumb","itemListElement":[{"@type":"ListItem","position":1,"name":"Home","item":"https:\/\/fjala.info\/2009-2015\/"},{"@type":"ListItem","position":2,"name":"VLERA T\u00cb REJA SHQIPTARE N\u00cb GJUH\u00cbN RUMUNE"}]},{"@type":"WebSite","@id":"https:\/\/fjala.info\/2009-2015\/#website","url":"https:\/\/fjala.info\/2009-2015\/","name":"FjALA e LIR\u00cb - Arkivi","description":"Arkivi 2009-2015","publisher":{"@id":"https:\/\/fjala.info\/2009-2015\/#organization"},"potentialAction":[{"@type":"SearchAction","target":{"@type":"EntryPoint","urlTemplate":"https:\/\/fjala.info\/2009-2015\/?s={search_term_string}"},"query-input":{"@type":"PropertyValueSpecification","valueRequired":true,"valueName":"search_term_string"}}],"inLanguage":"sq-AL"},{"@type":"Organization","@id":"https:\/\/fjala.info\/2009-2015\/#organization","name":"FjALA e LIR\u00cb - Arkivi","url":"https:\/\/fjala.info\/2009-2015\/","logo":{"@type":"ImageObject","inLanguage":"sq-AL","@id":"https:\/\/fjala.info\/2009-2015\/#\/schema\/logo\/image\/","url":"","contentUrl":"","caption":"FjALA e LIR\u00cb - Arkivi"},"image":{"@id":"https:\/\/fjala.info\/2009-2015\/#\/schema\/logo\/image\/"}},{"@type":"Person","@id":"https:\/\/fjala.info\/2009-2015\/#\/schema\/person\/3aa1163ef05469c496fc94e77611ada2","name":"admin","image":{"@type":"ImageObject","inLanguage":"sq-AL","@id":"https:\/\/fjala.info\/2009-2015\/wp-content\/uploads\/2012\/02\/arben_cokaj-120x150.jpg","url":"https:\/\/fjala.info\/2009-2015\/wp-content\/uploads\/2012\/02\/arben_cokaj-120x150.jpg","contentUrl":"https:\/\/fjala.info\/2009-2015\/wp-content\/uploads\/2012\/02\/arben_cokaj-120x150.jpg","caption":"admin"},"description":"Admin, Fjala e Lir\u00eb","sameAs":["https:\/\/fjala.info\/"],"url":"https:\/\/fjala.info\/2009-2015\/author\/admin\/"}]}},"_links":{"self":[{"href":"https:\/\/fjala.info\/2009-2015\/wp-json\/wp\/v2\/posts\/5082","targetHints":{"allow":["GET"]}}],"collection":[{"href":"https:\/\/fjala.info\/2009-2015\/wp-json\/wp\/v2\/posts"}],"about":[{"href":"https:\/\/fjala.info\/2009-2015\/wp-json\/wp\/v2\/types\/post"}],"author":[{"embeddable":true,"href":"https:\/\/fjala.info\/2009-2015\/wp-json\/wp\/v2\/users\/1"}],"replies":[{"embeddable":true,"href":"https:\/\/fjala.info\/2009-2015\/wp-json\/wp\/v2\/comments?post=5082"}],"version-history":[{"count":0,"href":"https:\/\/fjala.info\/2009-2015\/wp-json\/wp\/v2\/posts\/5082\/revisions"}],"wp:attachment":[{"href":"https:\/\/fjala.info\/2009-2015\/wp-json\/wp\/v2\/media?parent=5082"}],"wp:term":[{"taxonomy":"category","embeddable":true,"href":"https:\/\/fjala.info\/2009-2015\/wp-json\/wp\/v2\/categories?post=5082"},{"taxonomy":"post_tag","embeddable":true,"href":"https:\/\/fjala.info\/2009-2015\/wp-json\/wp\/v2\/tags?post=5082"}],"curies":[{"name":"wp","href":"https:\/\/api.w.org\/{rel}","templated":true}]}}