{"id":5081,"date":"2012-09-21T10:13:59","date_gmt":"2012-09-21T09:13:59","guid":{"rendered":"http:\/\/www.fjala.info\/?p=5081"},"modified":"2012-09-21T10:13:59","modified_gmt":"2012-09-21T09:13:59","slug":"pallatet-aty-ketu-kancer-me-metastaza-njesia-nr-8-restaurim-me-kujdes-e-dashuri","status":"publish","type":"post","link":"https:\/\/fjala.info\/2009-2015\/pallatet-aty-ketu-kancer-me-metastaza-njesia-nr-8-restaurim-me-kujdes-e-dashuri\/","title":{"rendered":"Plani urbanistik, Lubonja: Nj\u00eb kancer me metastaza"},"content":{"rendered":"<p><img decoding=\"async\" class=\"alignleft size-thumbnail wp-image-7236\" title=\"Fatos Lubonja\" src=\"http:\/\/www.fjala.info\/2012\/fatos_lubonja1.jpg\" alt=\"\" width=\"200\" \/> <em><strong>Flet Fatos Lubonja<\/strong><\/em><\/p>\n<p><strong>Pallatet aty-k\u00ebtu, kancer me metastaza. Nj\u00ebsia nr. 8, restaurim me kujdes e dashuri<\/strong><\/p>\n<p><strong>Lorina Mixha<\/strong><\/p>\n<p>Plani urbanistik i qytetit t\u00eb Tiran\u00ebs ndodhet n\u00eb faz\u00eb konsultimesh. Bashkia e kryeqytetit ka botuar edhe nj\u00eb kalendar, ku parashikohen \u201cndalesat\u201d n\u00eb nj\u00ebsit\u00eb bashkiake t\u00eb kryeqytetit.<\/p>\n<p>N\u00eb takimin e par\u00eb, kreu i bashkis\u00eb, Lulzim Basha, ka folur p\u00ebr mund\u00ebsit\u00eb q\u00eb parashikon plani p\u00ebr banor\u00ebt e k\u00ebsaj zone, autokton\u00eb apo t\u00eb ardhur, p\u00ebr t\u00eb zhvilluar pron\u00ebn. Por m\u00ebnyra se si duhet t\u00eb projektohet plani urbanistik, nevojat emergjente q\u00eb ka Tirana, si dhe gabimet q\u00eb nuk duhen b\u00ebr\u00eb, duke pasur shembull t\u00eb shkuar\u00ebn, duhet t\u00eb jet\u00eb \u201cbibla\u201d e grupit hartues. N\u00eb nj\u00eb intervist\u00eb p\u00ebr gazet\u00ebn \u201cShqip\u201d, intelektuali Fatos Lubonja jep mendimin e tij lidhur me problemet q\u00eb ka sot Tirana, \u00e7far\u00eb duhet t\u2019u jepet banor\u00ebve kryeqytetas dhe cilat jan\u00eb problemet p\u00ebr t\u00eb cilat duhet t\u00eb kthejm\u00eb faqen, e n\u00eb \u00e7far\u00eb binar\u00ebsh duhet t\u00eb ec\u00eb zemra e Shqip\u00ebris\u00eb.<\/p>\n<p><strong>Sipas mendimit tuaj, si duhet t\u00eb projektohet plani i ri urbanistik i kryeqytetit?<\/strong><\/p>\n<p>Dy gj\u00ebra do t\u00eb vija n\u00eb dukje lidhur me pyetjet tuaja:<\/p>\n<p>S\u00eb pari, arkitektura dhe urbanistika q\u00eb kemi nd\u00ebrtuar k\u00ebto nj\u00ebzet vjet flet (p\u00ebr t\u00eb mos th\u00ebn\u00eb ul\u00ebret) p\u00ebr njer\u00ebz q\u00eb nuk din\u00eb t\u00eb harmonizojn\u00eb interesin e ngusht\u00eb personal me at\u00eb t\u00eb shoq\u00ebris\u00eb, oborrin e vog\u00ebl me oborrin e madh. Ajo flet p\u00ebr njer\u00ebz q\u00eb nuk din\u00eb t\u00eb kuptojn\u00eb, se historia q\u00eb p\u00ebrmban arkitektura e nj\u00eb qyteti, gjelb\u00ebrimi i tij, hap\u00ebsirat publike dhe peizazhi i tij urban rrit at\u00eb q\u00eb quhet \u201ccil\u00ebsi e jet\u00ebs\u201d s\u00eb tyre. Nuk mund t\u00eb faj\u00ebsoj t\u00ebr\u00eb qytetar\u00ebt e Tiran\u00ebs, por them se sigurisht, po t\u00eb kishte ekzistuar nj\u00eb kultur\u00eb tjet\u00ebr, horroret q\u00eb jan\u00eb b\u00ebr\u00eb nuk do t\u00eb kishin ndodhur. Por p\u00ebrgjegj\u00ebse kryesore, gjithsesi, mbetet nj\u00eb pakic\u00eb injorant\u00ebsh, t\u00eb bab\u00ebziturish dhe manipulator\u00ebsh q\u00eb, p\u00ebr t\u00eb nd\u00ebrtuar \u201coborrin\u201de tyre, kan\u00eb shkat\u00ebrruar qytetin.<\/p>\n<p>Ajo \u00e7far\u00eb kemi prodhuar \u00ebsht\u00eb kaosi, sh\u00ebmtimi, zhurma, ndotja \u2013 jo thjesht n\u00eb kuptimin fizik, por edhe n\u00eb kuptimin e gjendjes shpirt\u00ebrore q\u00eb t\u00eb p\u00ebr\u00e7on kryeqyteti, t\u00eb marr\u00ebdh\u00ebnieve negative njer\u00ebzore q\u00eb ai stimulon. Ajo p\u00ebr \u00e7ka ka nevoj\u00eb kryeqyteti sot \u00ebsht\u00eb para s\u00eb gjithash rikuperimi i \u00e7far\u00eb mund t\u00eb rikuperohet n\u00eb aspektin e k\u00ebtyre d\u00ebmeve. Urbanist\u00ebt duhet t\u00eb b\u00ebjn\u00eb p\u00ebrpjekjen mbinjer\u00ebzore q\u00eb t\u00eb krijojn\u00eb pak \u201crend\u201d n\u00eb k\u00ebt\u00eb kaos, pak harmoni n\u00eb k\u00ebt\u00eb zhurm\u00eb, pak hap\u00ebsir\u00eb n\u00eb k\u00ebt\u00eb denduri, pak bukuri n\u00eb k\u00ebt\u00eb sh\u00ebmtim, pak gjelb\u00ebrim n\u00eb k\u00ebt\u00eb \u00e7imentifikim dhe jo ta vazhdojn\u00eb at\u00eb, si\u00e7 kam sinjale se po duan t\u00eb b\u00ebjn\u00eb.<\/p>\n<p>N\u00eb k\u00ebt\u00eb kontekst m\u00eb duket tregues i keq \u00e7\u00ebshtja e nj\u00ebsis\u00eb nr. 8, p\u00ebr t\u00eb cil\u00ebn po debatohet, ngase Edi Rama e ka l\u00ebn\u00eb si zon\u00eb me nd\u00ebrtime t\u00eb ul\u00ebta, p\u00ebr shkak t\u00eb ekzistenc\u00ebs atje t\u00eb shum\u00eb sht\u00ebpive t\u00eb Tiran\u00ebs s\u00eb vjet\u00ebr. M\u00eb vjen keq q\u00eb edhe Basha p\u00ebr t\u00eb justifikuar shfryt\u00ebzimin edhe t\u00eb k\u00ebsaj zone p\u00ebr interesa t\u00eb nj\u00eb pakice, p\u00ebrdor t\u00eb nj\u00ebjt\u00ebn manov\u00ebr si t\u00eb Ram\u00ebs dikur.<\/p>\n<p>E quan \u201czhvillim t\u00eb pron\u00ebs\u201d dh\u00ebnien e lejeve p\u00ebr t\u00eb nd\u00ebrtuar pallate t\u00eb larta aty ku ka sht\u00ebpi t\u00eb ul\u00ebta, t\u00eb vjetra. At\u00ebher\u00eb pse u b\u00eb t\u00ebr\u00eb ajo fushat\u00eb kund\u00ebr Ram\u00ebs si shkat\u00ebrrues i qytetit? T\u00eb thuash se do t\u00eb ruajm\u00eb sht\u00ebpit\u00eb q\u00eb jan\u00eb ligj\u00ebrisht historike dhe t\u00eb l\u00ebsh t\u00eb kuptosh se n\u00eb ato pran\u00eb tyre do t\u00eb nd\u00ebrtosh pallate t\u00eb larta, kjo t\u00eb kujton pik\u00ebrisht planet pjesore t\u00eb Ram\u00ebs, q\u00eb n\u00eb fakt ishin krejt n\u00eb kund\u00ebrshtim me ligjin q\u00eb rregullon raportin nd\u00ebrtim-gjelb\u00ebrim n\u00eb nj\u00eb zon\u00eb t\u00eb t\u00ebr\u00eb e q\u00eb kan\u00eb krijuar sh\u00ebmtimin dhe degradimin e qytetit, p\u00ebr t\u00eb cilin fola m\u00eb lart, por nj\u00ebkoh\u00ebsisht edhe varf\u00ebrimin e atyre q\u00eb kan\u00eb mbetur n\u00ebn hijen e pallateve.<\/p>\n<p>Nj\u00eb sht\u00ebpie historike nuk mund t\u2019i ngrihet nj\u00eb pallat ngjitur, sepse ai e zhvleft\u00ebson dhe e mbyt at\u00eb, madje jo vet\u00ebm at\u00eb, por t\u00ebr\u00eb bllokun me sht\u00ebpi t\u00eb ul\u00ebta rreth tij. Pallatet e nd\u00ebrtuara aty-k\u00ebtu sipas pazareve t\u00eb pronar\u00ebve dhe nd\u00ebrtuesve q\u00eb e kthyen sheshin e nd\u00ebrtimit n\u00eb nj\u00ebsin\u00eb e vetme urbane jan\u00eb kanceri q\u00eb u p\u00ebrhap me metastazat e tij n\u00ebp\u00ebr t\u00ebr\u00eb kryeqytetin. Tani duket se k\u00ebto metastaza duan t\u00eb pushtojn\u00eb edhe nj\u00ebsin\u00eb nr. 8. P\u00ebr mua ajo zon\u00eb duhet restauruar dhe rikuperuar me shum\u00eb kujdes e dashuri dhe jo t\u00eb mbytet me pallatet e sh\u00ebmtuara dhe pa identitet, q\u00eb jan\u00eb nd\u00ebrtuar anek\u00ebnd Tiran\u00ebs me t\u00eb vetmin interes: nxjerrjen e sa m\u00eb shum\u00eb metrave katror\u00eb p\u00ebr shitje.<\/p>\n<p><strong>\u00c7far\u00eb duhet t\u00eb mbajn\u00eb parasysh ekspert\u00ebt e urbanistik\u00ebs?<\/strong><br \/>\nDuhet t\u00eb kemi parasysh se nj\u00eb plan urbanistik b\u00ebhet sipas nj\u00eb plani strategjik zhvillimi t\u00eb qytetit. P\u00ebr fat t\u00eb keq nd\u00ebrtimet n\u00eb Tiran\u00eb dhe rrethinat e saj nuk jan\u00eb b\u00ebr\u00eb n\u00eb funksion t\u00eb ndonj\u00eb strategjie zhvillimi, t\u00eb ndonj\u00eb industrie apo t\u00eb ndonj\u00eb nevoje k\u00ebsisoj, por thjesht duke manipuluar me njer\u00ebzit, me iden\u00eb se duke pasur nj\u00eb sht\u00ebpi, dy, tri, kat\u00ebr, n\u00eb Tiran\u00eb, ky do t\u00eb ishte nj\u00eb investim i mir\u00eb, si dhe p\u00ebr t\u00eb ricikluar para t\u00eb pista, pasi dihet se nd\u00ebrtimi \u00ebsht\u00eb nj\u00eb nga format klasike t\u00eb k\u00ebsaj pune.<\/p>\n<p>Absurdi \u00ebsht\u00eb se nd\u00ebrkoh\u00eb q\u00eb nj\u00eb e treta e popullsis\u00eb s\u00eb Shqip\u00ebris\u00eb ka emigruar, nd\u00ebrtimet e b\u00ebra n\u00eb vend t\u00eb krijojn\u00eb p\u00ebrshtypjen sikur Shqip\u00ebria t\u00eb ket\u00eb ndonj\u00eb bum demografik t\u00eb papar\u00eb n\u00eb bot\u00eb. Un\u00eb kam shkruar, rishkruar e folur p\u00ebr nevoj\u00ebn e njohjes s\u00eb asaj se sa met\u00ebr katror\u00eb nd\u00ebrtime kemi n\u00eb Tiran\u00eb dhe rrethina p\u00ebr ta krahasuar me numrin e popullsis\u00eb dhe nevoj\u00ebn q\u00eb kemi.<\/p>\n<p>Sepse, t\u00eb bie menj\u00ebher\u00eb n\u00eb sy se nd\u00ebrtimet jan\u00eb n\u00eb nj\u00eb sasi tejet m\u00eb t\u00eb madhe sesa nevojat, pa\u00e7ka se mund t\u00eb ket\u00eb edhe njer\u00ebz t\u00eb pastreh\u00eb. Askush nuk e b\u00ebn k\u00ebt\u00eb, sepse nj\u00eb grushti njer\u00ebzish nuk i intereson nj\u00eb transparenc\u00eb e till\u00eb. Imagjinoni q\u00eb n\u00eb planin francez parashikoheshin dhjet\u00eb qendra biznesi, grata\u00e7iela si ajo q\u00eb ka kaq vjet an\u00ebs selis\u00eb s\u00eb PD-s\u00eb dhe s\u2019po mbaron ende, a thua se Tirana do t\u00eb b\u00ebhej si Londra apo Nju Jorku, kryeqend\u00ebr e bot\u00ebs financiare n\u00eb Ballkan e m\u00eb gjer\u00eb.<\/p>\n<p>Por edhe t\u00eb mendosh se do t\u00eb vijn\u00eb t\u00eb gjith\u00eb shqiptar\u00ebt t\u00eb banojn\u00eb n\u00eb kryeqytet, \u00ebsht\u00eb absurde, jo vet\u00ebm se kjo largon njer\u00ebzit nga burimet natyrore q\u00eb ka vendi, por edhe pse nuk kemi krijuar mund\u00ebsi q\u00eb ata t\u00eb ken\u00eb vende pune k\u00ebtu. Kriminaliteti q\u00eb kemi sot vjen edhe p\u00ebr shkak t\u00eb krijimit t\u00eb nj\u00eb metropoli si Tirana, me papun\u00ebsi t\u00eb papar\u00eb.<\/p>\n<p><strong>Cilat jan\u00eb karakteristikat q\u00eb duhet t\u00eb ruaj\u00eb kryeqyteti dhe p\u00ebr \u00e7far\u00eb ndryshimesh ka nevoj\u00eb? <\/strong><\/p>\n<p>Pra, ideja ime \u00ebsht\u00eb se plani urbanistik duhet t\u00eb orientohet p\u00ebr kah p\u00ebrmir\u00ebsimi i cil\u00ebsis\u00eb s\u00eb jet\u00ebs s\u00eb d\u00ebmtuar r\u00ebnd\u00eb t\u00eb qytetar\u00ebve t\u00eb Tiran\u00ebs, atje ku ata banojn\u00eb, duke b\u00ebr\u00eb gj\u00ebra t\u00eb thjeshta, por funksionale dhe jo duke b\u00ebr\u00eb shou me nd\u00ebrtime spektakolare apo punime e ripunime sheshesh qendrore, as duke vazhduar nd\u00ebrtime q\u00eb do ta rrisin edhe m\u00eb popullsin\u00eb apo q\u00eb do t\u00eb mbesin monstra ekologjike t\u00eb pabanuara. Kjo n\u00ebnkupton se edhe parat\u00eb publike duhen investuar p\u00ebr k\u00ebt\u00eb.<\/p>\n<p>Mir\u00ebpo problemi \u00ebsht\u00eb se parat\u00eb q\u00eb mund t\u2019i hyjn\u00eb ark\u00ebs s\u00eb bashkis\u00eb, pik\u00ebrisht p\u00ebr shkak t\u00eb papun\u00ebsis\u00eb q\u00eb p\u00ebrmenda, jan\u00eb ose nga parat\u00eb e pista t\u00eb krimit, ose para investimesh t\u00eb huaja, si\u00e7 flitet p\u00ebr parat\u00eb e biznesmen\u00ebve t\u00eb Katarit q\u00eb duan t\u00eb investojn\u00eb n\u00eb bulevardin e ri. Dhe k\u00ebta s\u2019kan\u00eb ndonj\u00eb interes t\u00eb ristrukturojn\u00eb sht\u00ebpi apo lagje t\u00eb vjetra ose t\u00eb rikuperojn\u00eb hap\u00ebsira t\u00eb gjelbra p\u00ebr banor\u00ebt e kryeqytetit. Frika ime \u00ebsht\u00eb se plani urbanistik mund t\u00eb hartohet, si\u00e7 ka ndodhur edhe n\u00eb koh\u00ebn e Ram\u00ebs, i diktuar nga interesa t\u00eb atilla, \u00e7ka do t\u00eb thot\u00eb vazhdim i masakr\u00ebs q\u00eb do t\u00eb pasuroj\u00eb pak individ\u00eb dhe do ta r\u00ebndoj\u00eb edhe m\u00eb cil\u00ebsin\u00eb e jet\u00ebs s\u00eb qytetar\u00ebve.<\/p>\n<p><strong>Gazheli: Masterplani, marketing politik<\/strong><\/p>\n<p><em><strong>K\u00ebshilltar\u00ebt e majt\u00eb nuk jan\u00eb ftuar n\u00eb asnj\u00eb takim konsultimi me grupet e interesit<\/strong><\/em><\/p>\n<p>Masterplani urbanistik i qytetit t\u00eb Tiran\u00ebs, q\u00eb do t\u00eb ishte p\u00ebrcaktimi i sakt\u00eb p\u00ebr planin urbanistik kryeqytetas, nuk \u00ebsht\u00eb konsultuar me grupet e interesit. Madje an\u00ebtar\u00ebt opozitar\u00eb t\u00eb K\u00ebshillit Bashkiak as nuk jan\u00eb ftuar n\u00eb takimet q\u00eb b\u00ebn kreu i bashkis\u00eb dhe an\u00ebtar\u00eb t\u00eb tjer\u00eb t\u00eb grupit teknik n\u00eb nj\u00ebsit\u00eb bashkiake. Kjo \u00ebsht\u00eb p\u00ebrmbledhja q\u00eb b\u00ebjn\u00eb k\u00ebshilltar\u00ebt opozitar\u00eb lidhur me diskutimet e planit urbanistik.<\/p>\n<p>Gent Gazheli, k\u00ebshilltari opozitar, deklaron se plani urbanistik n\u00eb k\u00ebt\u00eb rast po p\u00ebrdoret si \u201ckart\u00eb\u201d elektorale nga ana e kryetarit t\u00eb bashkis\u00eb. Sipas tij, ky masterplan ka nj\u00eb s\u00ebr\u00eb t\u00eb panjohurash, enigmash, pasi askush nuk po flet qart\u00eb p\u00ebr detajet e k\u00ebtij plani. Askush nuk ka nj\u00eb dokument n\u00eb dor\u00eb q\u00eb ta paraqes\u00eb e t\u00eb flas\u00eb qart\u00eb. \u201cFrika ime \u00ebsht\u00eb se ky masterplan do t\u00eb p\u00ebrfundoj\u00eb si nj\u00eb dokument q\u00eb do t\u00eb shqyrtohet brenda dy dit\u00ebve, e nd\u00ebrsa ekspert\u00ebt do t\u2019u duhet t\u00eb shohin detajet p\u00ebr t\u00eb r\u00ebn\u00eb n\u00eb konkluzione, do t\u00eb na jepet mund\u00ebsia vet\u00ebm p\u00ebr t\u00eb par\u00eb nj\u00eb maket me pallate t\u00eb bukura, por q\u00eb nuk tregojn\u00eb asgj\u00eb konkrete p\u00ebr gj\u00ebrat q\u00eb fshihen m\u00eb pas\u201d, sqaron Gazheli. Sipas tij, askush nuk e di ku prezantohet ky plan, cilat jan\u00eb k\u00ebto grupe interesi p\u00ebr t\u00eb cilat diskutohet.<\/p>\n<p>\u201cPlani urbanistik n\u00eb radh\u00eb t\u00eb par\u00eb quhet masterplan dhe jo plan, pasi \u00ebsht\u00eb ende projekt. M\u00eb pas, kreu i bashkis\u00eb ka detyrimin ligjor p\u00ebr t\u00eb b\u00ebr\u00eb konsultime me grupet e interesit. Por mendoj se ky \u00ebsht\u00eb nj\u00eb marketing politik p\u00ebr t\u00eb realizuar nj\u00eb premtim elektoral. Kryeqytetasit duhet t\u00eb din\u00eb sa vende pune parashikohen t\u00eb hapen, \u00e7far\u00eb parashikon projekti n\u00eb k\u00ebt\u00eb rast. Po ashtu, si e ka zgjidhur masterplani \u00e7\u00ebshtjen e shpron\u00ebsimeve. Ku do t\u00eb nd\u00ebrtohen veprat publike dhe sa \u00ebsht\u00eb kosto totale e shpenzimeve\u201d, argumenton Gazheli.<\/p>\n<p>Ai thot\u00eb se, sipas logjik\u00ebs s\u00eb Bash\u00ebs, p\u00ebr nj\u00ebsin\u00eb bashkiake num\u00ebr 8, n\u00eb k\u00ebt\u00eb rast, lagjet muzeore nuk mund t\u00eb prishen.<\/p>\n<p>\u201cSipas k\u00ebsaj logjike, t\u00eb zhvillimit t\u00eb pron\u00ebs, duhet t\u00eb ishin shkat\u00ebrruar lagje n\u00eb Rom\u00eb e n\u00eb Berlin. Tirana prandaj \u00ebsht\u00eb e bukur, se ka brenda historin\u00eb, t\u00eb shkuar\u00ebn e t\u00eb tashmen. Ndoshta opsionet p\u00ebr t\u2019u pasuruar shpejt n\u00eb Tiran\u00eb nuk pengohen as nga ligjet.<\/p>\n<p>Mendoj se duhet t\u00eb mendohet edhe p\u00ebr t\u00eb ardhmen, por edhe p\u00ebr t\u00eb kaluar\u00ebn, p\u00ebr historin\u00eb, p\u00ebr sht\u00ebpit\u00eb muzeore, p\u00ebr zonat muzeore\u201d, argumenton Gazheli.<\/p>\n<p>Sakaq, plani urbanistik mund t\u00eb diskutohet edhe n\u00eb K\u00ebshillin Bashkiak, por sipas k\u00ebshilltar\u00ebve opozitar\u00eb, mbledhja \u00ebsht\u00eb shtyr\u00eb e nuk po zhvillohet, p\u00ebr shkak se kreu i bashkis\u00eb ka humbur mazhoranc\u00ebn. \u201cNuk mblidhemi, her\u00ebn e fundit u anulua mbledhja pes\u00eb minuta p\u00ebrpara, nuk ka ndodhur kurr\u00eb q\u00eb an\u00ebtar\u00ebt t\u00eb lihen jasht\u00eb e t\u00eb mbyllet dera. Basha ka humbur mazhoranc\u00ebn, prandaj ka frik\u00eb t\u00eb mbledh\u00eb k\u00ebshillin\u201d, p\u00ebrfundon Gazheli.<\/p>\n<p><strong>Bashkia, plani projekton Tiran\u00ebn me 7 pole zhvillimi<\/strong><\/p>\n<p><strong><em>Plani parashikon, p\u00ebrve\u00e7 sistemit t\u00eb autobus\u00ebve, nd\u00ebrtimin e sistemit t\u00eb tramvajit<\/em><\/strong><\/p>\n<p>Pas nj\u00ebsis\u00eb bashkiake nr. 8, konsultimet p\u00ebr planin urbanistik t\u00eb Tiran\u00ebs do t\u00eb vazhdojn\u00eb dhe me 10 nj\u00ebsit\u00eb e tjera vendore. Ekspert\u00ebt q\u00eb jan\u00eb marr\u00eb me hartimin e k\u00ebtij plani, por dhe drejtuesit e Bashkis\u00eb s\u00eb Tiran\u00ebs, do t\u00eb mir\u00ebpresin sugjerime dhe do t\u2019i japin p\u00ebrgjigje \u00e7do pyetjeje q\u00eb do u drejtohet nga banor\u00ebt e k\u00ebtyre nj\u00ebsive, n\u00eb bashk\u00ebbisedime t\u00eb hapura q\u00eb do t\u00eb vazhdojn\u00eb dit\u00ebn e h\u00ebn\u00eb, me nj\u00ebsin\u00eb bashkiake nr. 10 e me nj\u00ebsit\u00eb e tjera n\u00eb vazhdim, sipas nj\u00eb kalendari t\u00eb p\u00ebrcaktuar, q\u00eb gjendet i publikuar n\u00eb uebin e Bashkis\u00eb s\u00eb Tiran\u00ebs.<\/p>\n<p>Ky plan projekton Tiran\u00ebn metropolitane, me 7 pole zhvillimi, disa parqe rajone dhe me sistem pes\u00eb unazor. Plani i p\u00ebrgjithsh\u00ebm vendor parashikon, p\u00ebrve\u00e7 sistemit t\u00eb autobus\u00ebve, nd\u00ebrtimin e sistemit t\u00eb tramvajit, i cili do t\u00eb jet\u00eb komplementar, me sistemin e autobus\u00ebve, si nga pik\u00ebpamja kohore ashtu edhe nga pik\u00ebpamja e linjave t\u00eb ofruara. Sugjerohet q\u00eb t\u00eb projektohen edhe pes\u00eb linja urbani autobus\u00ebsh, komplementare me linj\u00ebn e tramit. Studimi urbanistik sjell nj\u00eb vler\u00ebsim t\u00eb barabart\u00eb t\u00eb pron\u00ebs private, si n\u00eb rastet kur nd\u00ebrtohet pallat, ashtu edhe kur \u00ebsht\u00eb e destinuar p\u00ebr lulishte apo p\u00ebr rrug\u00eb.<\/p>\n","protected":false},"excerpt":{"rendered":"<p>Flet Fatos Lubonja Pallatet aty-k\u00ebtu, kancer me metastaza. Nj\u00ebsia nr. 8, restaurim me kujdes e dashuri Lorina Mixha Plani urbanistik i qytetit t\u00eb Tiran\u00ebs ndodhet n\u00eb faz\u00eb konsultimesh. Bashkia e kryeqytetit ka botuar edhe nj\u00eb kalendar, ku parashikohen \u201cndalesat\u201d n\u00eb nj\u00ebsit\u00eb bashkiake t\u00eb kryeqytetit. N\u00eb takimin e par\u00eb, kreu i bashkis\u00eb, Lulzim Basha, ka folur [&hellip;]<\/p>\n","protected":false},"author":1,"featured_media":0,"comment_status":"open","ping_status":"closed","sticky":false,"template":"","format":"standard","meta":{"footnotes":""},"categories":[2],"tags":[],"class_list":{"0":"post-5081","1":"post","2":"type-post","3":"status-publish","4":"format-standard","6":"category-artikuj"},"yoast_head":"<!-- This site is optimized with the Yoast SEO plugin v27.4 - https:\/\/yoast.com\/product\/yoast-seo-wordpress\/ -->\n<title>Plani urbanistik, Lubonja: Nj\u00eb kancer me metastaza - FjALA e LIR\u00cb - Arkivi<\/title>\n<meta name=\"robots\" content=\"index, follow, max-snippet:-1, max-image-preview:large, max-video-preview:-1\" \/>\n<link rel=\"canonical\" href=\"https:\/\/fjala.info\/2009-2015\/pallatet-aty-ketu-kancer-me-metastaza-njesia-nr-8-restaurim-me-kujdes-e-dashuri\/\" \/>\n<meta property=\"og:locale\" content=\"sq_AL\" \/>\n<meta property=\"og:type\" content=\"article\" \/>\n<meta property=\"og:title\" content=\"Plani urbanistik, Lubonja: Nj\u00eb kancer me metastaza - FjALA e LIR\u00cb - Arkivi\" \/>\n<meta property=\"og:description\" content=\"Flet Fatos Lubonja Pallatet aty-k\u00ebtu, kancer me metastaza. Nj\u00ebsia nr. 8, restaurim me kujdes e dashuri Lorina Mixha Plani urbanistik i qytetit t\u00eb Tiran\u00ebs ndodhet n\u00eb faz\u00eb konsultimesh. Bashkia e kryeqytetit ka botuar edhe nj\u00eb kalendar, ku parashikohen \u201cndalesat\u201d n\u00eb nj\u00ebsit\u00eb bashkiake t\u00eb kryeqytetit. N\u00eb takimin e par\u00eb, kreu i bashkis\u00eb, Lulzim Basha, ka folur [&hellip;]\" \/>\n<meta property=\"og:url\" content=\"https:\/\/fjala.info\/2009-2015\/pallatet-aty-ketu-kancer-me-metastaza-njesia-nr-8-restaurim-me-kujdes-e-dashuri\/\" \/>\n<meta property=\"og:site_name\" content=\"FjALA e LIR\u00cb - Arkivi\" \/>\n<meta property=\"article:published_time\" content=\"2012-09-21T09:13:59+00:00\" \/>\n<meta property=\"og:image\" content=\"http:\/\/www.fjala.info\/2012\/fatos_lubonja1.jpg\" \/>\n<meta name=\"author\" content=\"admin\" \/>\n<meta name=\"twitter:card\" content=\"summary_large_image\" \/>\n<meta name=\"twitter:label1\" content=\"Written by\" \/>\n\t<meta name=\"twitter:data1\" content=\"admin\" \/>\n\t<meta name=\"twitter:label2\" content=\"Est. reading time\" \/>\n\t<meta name=\"twitter:data2\" content=\"11 minutes\" \/>\n<script type=\"application\/ld+json\" class=\"yoast-schema-graph\">{\"@context\":\"https:\\\/\\\/schema.org\",\"@graph\":[{\"@type\":\"Article\",\"@id\":\"https:\\\/\\\/fjala.info\\\/2009-2015\\\/pallatet-aty-ketu-kancer-me-metastaza-njesia-nr-8-restaurim-me-kujdes-e-dashuri\\\/#article\",\"isPartOf\":{\"@id\":\"https:\\\/\\\/fjala.info\\\/2009-2015\\\/pallatet-aty-ketu-kancer-me-metastaza-njesia-nr-8-restaurim-me-kujdes-e-dashuri\\\/\"},\"author\":{\"name\":\"admin\",\"@id\":\"https:\\\/\\\/fjala.info\\\/2009-2015\\\/#\\\/schema\\\/person\\\/3aa1163ef05469c496fc94e77611ada2\"},\"headline\":\"Plani urbanistik, Lubonja: Nj\u00eb kancer me metastaza\",\"datePublished\":\"2012-09-21T09:13:59+00:00\",\"mainEntityOfPage\":{\"@id\":\"https:\\\/\\\/fjala.info\\\/2009-2015\\\/pallatet-aty-ketu-kancer-me-metastaza-njesia-nr-8-restaurim-me-kujdes-e-dashuri\\\/\"},\"wordCount\":2243,\"commentCount\":0,\"publisher\":{\"@id\":\"https:\\\/\\\/fjala.info\\\/2009-2015\\\/#organization\"},\"image\":{\"@id\":\"https:\\\/\\\/fjala.info\\\/2009-2015\\\/pallatet-aty-ketu-kancer-me-metastaza-njesia-nr-8-restaurim-me-kujdes-e-dashuri\\\/#primaryimage\"},\"thumbnailUrl\":\"http:\\\/\\\/www.fjala.info\\\/2012\\\/fatos_lubonja1.jpg\",\"articleSection\":[\"Artikuj\"],\"inLanguage\":\"sq-AL\",\"potentialAction\":[{\"@type\":\"CommentAction\",\"name\":\"Comment\",\"target\":[\"https:\\\/\\\/fjala.info\\\/2009-2015\\\/pallatet-aty-ketu-kancer-me-metastaza-njesia-nr-8-restaurim-me-kujdes-e-dashuri\\\/#respond\"]}]},{\"@type\":\"WebPage\",\"@id\":\"https:\\\/\\\/fjala.info\\\/2009-2015\\\/pallatet-aty-ketu-kancer-me-metastaza-njesia-nr-8-restaurim-me-kujdes-e-dashuri\\\/\",\"url\":\"https:\\\/\\\/fjala.info\\\/2009-2015\\\/pallatet-aty-ketu-kancer-me-metastaza-njesia-nr-8-restaurim-me-kujdes-e-dashuri\\\/\",\"name\":\"Plani urbanistik, Lubonja: Nj\u00eb kancer me metastaza - FjALA e LIR\u00cb - Arkivi\",\"isPartOf\":{\"@id\":\"https:\\\/\\\/fjala.info\\\/2009-2015\\\/#website\"},\"primaryImageOfPage\":{\"@id\":\"https:\\\/\\\/fjala.info\\\/2009-2015\\\/pallatet-aty-ketu-kancer-me-metastaza-njesia-nr-8-restaurim-me-kujdes-e-dashuri\\\/#primaryimage\"},\"image\":{\"@id\":\"https:\\\/\\\/fjala.info\\\/2009-2015\\\/pallatet-aty-ketu-kancer-me-metastaza-njesia-nr-8-restaurim-me-kujdes-e-dashuri\\\/#primaryimage\"},\"thumbnailUrl\":\"http:\\\/\\\/www.fjala.info\\\/2012\\\/fatos_lubonja1.jpg\",\"datePublished\":\"2012-09-21T09:13:59+00:00\",\"breadcrumb\":{\"@id\":\"https:\\\/\\\/fjala.info\\\/2009-2015\\\/pallatet-aty-ketu-kancer-me-metastaza-njesia-nr-8-restaurim-me-kujdes-e-dashuri\\\/#breadcrumb\"},\"inLanguage\":\"sq-AL\",\"potentialAction\":[{\"@type\":\"ReadAction\",\"target\":[\"https:\\\/\\\/fjala.info\\\/2009-2015\\\/pallatet-aty-ketu-kancer-me-metastaza-njesia-nr-8-restaurim-me-kujdes-e-dashuri\\\/\"]}]},{\"@type\":\"ImageObject\",\"inLanguage\":\"sq-AL\",\"@id\":\"https:\\\/\\\/fjala.info\\\/2009-2015\\\/pallatet-aty-ketu-kancer-me-metastaza-njesia-nr-8-restaurim-me-kujdes-e-dashuri\\\/#primaryimage\",\"url\":\"http:\\\/\\\/www.fjala.info\\\/2012\\\/fatos_lubonja1.jpg\",\"contentUrl\":\"http:\\\/\\\/www.fjala.info\\\/2012\\\/fatos_lubonja1.jpg\"},{\"@type\":\"BreadcrumbList\",\"@id\":\"https:\\\/\\\/fjala.info\\\/2009-2015\\\/pallatet-aty-ketu-kancer-me-metastaza-njesia-nr-8-restaurim-me-kujdes-e-dashuri\\\/#breadcrumb\",\"itemListElement\":[{\"@type\":\"ListItem\",\"position\":1,\"name\":\"Home\",\"item\":\"https:\\\/\\\/fjala.info\\\/2009-2015\\\/\"},{\"@type\":\"ListItem\",\"position\":2,\"name\":\"Plani urbanistik, Lubonja: Nj\u00eb kancer me metastaza\"}]},{\"@type\":\"WebSite\",\"@id\":\"https:\\\/\\\/fjala.info\\\/2009-2015\\\/#website\",\"url\":\"https:\\\/\\\/fjala.info\\\/2009-2015\\\/\",\"name\":\"FjALA e LIR\u00cb - Arkivi\",\"description\":\"Arkivi 2009-2015\",\"publisher\":{\"@id\":\"https:\\\/\\\/fjala.info\\\/2009-2015\\\/#organization\"},\"potentialAction\":[{\"@type\":\"SearchAction\",\"target\":{\"@type\":\"EntryPoint\",\"urlTemplate\":\"https:\\\/\\\/fjala.info\\\/2009-2015\\\/?s={search_term_string}\"},\"query-input\":{\"@type\":\"PropertyValueSpecification\",\"valueRequired\":true,\"valueName\":\"search_term_string\"}}],\"inLanguage\":\"sq-AL\"},{\"@type\":\"Organization\",\"@id\":\"https:\\\/\\\/fjala.info\\\/2009-2015\\\/#organization\",\"name\":\"FjALA e LIR\u00cb - Arkivi\",\"url\":\"https:\\\/\\\/fjala.info\\\/2009-2015\\\/\",\"logo\":{\"@type\":\"ImageObject\",\"inLanguage\":\"sq-AL\",\"@id\":\"https:\\\/\\\/fjala.info\\\/2009-2015\\\/#\\\/schema\\\/logo\\\/image\\\/\",\"url\":\"\",\"contentUrl\":\"\",\"caption\":\"FjALA e LIR\u00cb - Arkivi\"},\"image\":{\"@id\":\"https:\\\/\\\/fjala.info\\\/2009-2015\\\/#\\\/schema\\\/logo\\\/image\\\/\"}},{\"@type\":\"Person\",\"@id\":\"https:\\\/\\\/fjala.info\\\/2009-2015\\\/#\\\/schema\\\/person\\\/3aa1163ef05469c496fc94e77611ada2\",\"name\":\"admin\",\"image\":{\"@type\":\"ImageObject\",\"inLanguage\":\"sq-AL\",\"@id\":\"https:\\\/\\\/fjala.info\\\/2009-2015\\\/wp-content\\\/uploads\\\/2012\\\/02\\\/arben_cokaj-120x150.jpg\",\"url\":\"https:\\\/\\\/fjala.info\\\/2009-2015\\\/wp-content\\\/uploads\\\/2012\\\/02\\\/arben_cokaj-120x150.jpg\",\"contentUrl\":\"https:\\\/\\\/fjala.info\\\/2009-2015\\\/wp-content\\\/uploads\\\/2012\\\/02\\\/arben_cokaj-120x150.jpg\",\"caption\":\"admin\"},\"description\":\"Admin, Fjala e Lir\u00eb\",\"sameAs\":[\"https:\\\/\\\/fjala.info\\\/\"],\"url\":\"https:\\\/\\\/fjala.info\\\/2009-2015\\\/author\\\/admin\\\/\"}]}<\/script>\n<!-- \/ Yoast SEO plugin. -->","yoast_head_json":{"title":"Plani urbanistik, Lubonja: Nj\u00eb kancer me metastaza - FjALA e LIR\u00cb - Arkivi","robots":{"index":"index","follow":"follow","max-snippet":"max-snippet:-1","max-image-preview":"max-image-preview:large","max-video-preview":"max-video-preview:-1"},"canonical":"https:\/\/fjala.info\/2009-2015\/pallatet-aty-ketu-kancer-me-metastaza-njesia-nr-8-restaurim-me-kujdes-e-dashuri\/","og_locale":"sq_AL","og_type":"article","og_title":"Plani urbanistik, Lubonja: Nj\u00eb kancer me metastaza - FjALA e LIR\u00cb - Arkivi","og_description":"Flet Fatos Lubonja Pallatet aty-k\u00ebtu, kancer me metastaza. Nj\u00ebsia nr. 8, restaurim me kujdes e dashuri Lorina Mixha Plani urbanistik i qytetit t\u00eb Tiran\u00ebs ndodhet n\u00eb faz\u00eb konsultimesh. Bashkia e kryeqytetit ka botuar edhe nj\u00eb kalendar, ku parashikohen \u201cndalesat\u201d n\u00eb nj\u00ebsit\u00eb bashkiake t\u00eb kryeqytetit. N\u00eb takimin e par\u00eb, kreu i bashkis\u00eb, Lulzim Basha, ka folur [&hellip;]","og_url":"https:\/\/fjala.info\/2009-2015\/pallatet-aty-ketu-kancer-me-metastaza-njesia-nr-8-restaurim-me-kujdes-e-dashuri\/","og_site_name":"FjALA e LIR\u00cb - Arkivi","article_published_time":"2012-09-21T09:13:59+00:00","og_image":[{"url":"http:\/\/www.fjala.info\/2012\/fatos_lubonja1.jpg","type":"","width":"","height":""}],"author":"admin","twitter_card":"summary_large_image","twitter_misc":{"Written by":"admin","Est. reading time":"11 minutes"},"schema":{"@context":"https:\/\/schema.org","@graph":[{"@type":"Article","@id":"https:\/\/fjala.info\/2009-2015\/pallatet-aty-ketu-kancer-me-metastaza-njesia-nr-8-restaurim-me-kujdes-e-dashuri\/#article","isPartOf":{"@id":"https:\/\/fjala.info\/2009-2015\/pallatet-aty-ketu-kancer-me-metastaza-njesia-nr-8-restaurim-me-kujdes-e-dashuri\/"},"author":{"name":"admin","@id":"https:\/\/fjala.info\/2009-2015\/#\/schema\/person\/3aa1163ef05469c496fc94e77611ada2"},"headline":"Plani urbanistik, Lubonja: Nj\u00eb kancer me metastaza","datePublished":"2012-09-21T09:13:59+00:00","mainEntityOfPage":{"@id":"https:\/\/fjala.info\/2009-2015\/pallatet-aty-ketu-kancer-me-metastaza-njesia-nr-8-restaurim-me-kujdes-e-dashuri\/"},"wordCount":2243,"commentCount":0,"publisher":{"@id":"https:\/\/fjala.info\/2009-2015\/#organization"},"image":{"@id":"https:\/\/fjala.info\/2009-2015\/pallatet-aty-ketu-kancer-me-metastaza-njesia-nr-8-restaurim-me-kujdes-e-dashuri\/#primaryimage"},"thumbnailUrl":"http:\/\/www.fjala.info\/2012\/fatos_lubonja1.jpg","articleSection":["Artikuj"],"inLanguage":"sq-AL","potentialAction":[{"@type":"CommentAction","name":"Comment","target":["https:\/\/fjala.info\/2009-2015\/pallatet-aty-ketu-kancer-me-metastaza-njesia-nr-8-restaurim-me-kujdes-e-dashuri\/#respond"]}]},{"@type":"WebPage","@id":"https:\/\/fjala.info\/2009-2015\/pallatet-aty-ketu-kancer-me-metastaza-njesia-nr-8-restaurim-me-kujdes-e-dashuri\/","url":"https:\/\/fjala.info\/2009-2015\/pallatet-aty-ketu-kancer-me-metastaza-njesia-nr-8-restaurim-me-kujdes-e-dashuri\/","name":"Plani urbanistik, Lubonja: Nj\u00eb kancer me metastaza - FjALA e LIR\u00cb - Arkivi","isPartOf":{"@id":"https:\/\/fjala.info\/2009-2015\/#website"},"primaryImageOfPage":{"@id":"https:\/\/fjala.info\/2009-2015\/pallatet-aty-ketu-kancer-me-metastaza-njesia-nr-8-restaurim-me-kujdes-e-dashuri\/#primaryimage"},"image":{"@id":"https:\/\/fjala.info\/2009-2015\/pallatet-aty-ketu-kancer-me-metastaza-njesia-nr-8-restaurim-me-kujdes-e-dashuri\/#primaryimage"},"thumbnailUrl":"http:\/\/www.fjala.info\/2012\/fatos_lubonja1.jpg","datePublished":"2012-09-21T09:13:59+00:00","breadcrumb":{"@id":"https:\/\/fjala.info\/2009-2015\/pallatet-aty-ketu-kancer-me-metastaza-njesia-nr-8-restaurim-me-kujdes-e-dashuri\/#breadcrumb"},"inLanguage":"sq-AL","potentialAction":[{"@type":"ReadAction","target":["https:\/\/fjala.info\/2009-2015\/pallatet-aty-ketu-kancer-me-metastaza-njesia-nr-8-restaurim-me-kujdes-e-dashuri\/"]}]},{"@type":"ImageObject","inLanguage":"sq-AL","@id":"https:\/\/fjala.info\/2009-2015\/pallatet-aty-ketu-kancer-me-metastaza-njesia-nr-8-restaurim-me-kujdes-e-dashuri\/#primaryimage","url":"http:\/\/www.fjala.info\/2012\/fatos_lubonja1.jpg","contentUrl":"http:\/\/www.fjala.info\/2012\/fatos_lubonja1.jpg"},{"@type":"BreadcrumbList","@id":"https:\/\/fjala.info\/2009-2015\/pallatet-aty-ketu-kancer-me-metastaza-njesia-nr-8-restaurim-me-kujdes-e-dashuri\/#breadcrumb","itemListElement":[{"@type":"ListItem","position":1,"name":"Home","item":"https:\/\/fjala.info\/2009-2015\/"},{"@type":"ListItem","position":2,"name":"Plani urbanistik, Lubonja: Nj\u00eb kancer me metastaza"}]},{"@type":"WebSite","@id":"https:\/\/fjala.info\/2009-2015\/#website","url":"https:\/\/fjala.info\/2009-2015\/","name":"FjALA e LIR\u00cb - Arkivi","description":"Arkivi 2009-2015","publisher":{"@id":"https:\/\/fjala.info\/2009-2015\/#organization"},"potentialAction":[{"@type":"SearchAction","target":{"@type":"EntryPoint","urlTemplate":"https:\/\/fjala.info\/2009-2015\/?s={search_term_string}"},"query-input":{"@type":"PropertyValueSpecification","valueRequired":true,"valueName":"search_term_string"}}],"inLanguage":"sq-AL"},{"@type":"Organization","@id":"https:\/\/fjala.info\/2009-2015\/#organization","name":"FjALA e LIR\u00cb - Arkivi","url":"https:\/\/fjala.info\/2009-2015\/","logo":{"@type":"ImageObject","inLanguage":"sq-AL","@id":"https:\/\/fjala.info\/2009-2015\/#\/schema\/logo\/image\/","url":"","contentUrl":"","caption":"FjALA e LIR\u00cb - Arkivi"},"image":{"@id":"https:\/\/fjala.info\/2009-2015\/#\/schema\/logo\/image\/"}},{"@type":"Person","@id":"https:\/\/fjala.info\/2009-2015\/#\/schema\/person\/3aa1163ef05469c496fc94e77611ada2","name":"admin","image":{"@type":"ImageObject","inLanguage":"sq-AL","@id":"https:\/\/fjala.info\/2009-2015\/wp-content\/uploads\/2012\/02\/arben_cokaj-120x150.jpg","url":"https:\/\/fjala.info\/2009-2015\/wp-content\/uploads\/2012\/02\/arben_cokaj-120x150.jpg","contentUrl":"https:\/\/fjala.info\/2009-2015\/wp-content\/uploads\/2012\/02\/arben_cokaj-120x150.jpg","caption":"admin"},"description":"Admin, Fjala e Lir\u00eb","sameAs":["https:\/\/fjala.info\/"],"url":"https:\/\/fjala.info\/2009-2015\/author\/admin\/"}]}},"_links":{"self":[{"href":"https:\/\/fjala.info\/2009-2015\/wp-json\/wp\/v2\/posts\/5081","targetHints":{"allow":["GET"]}}],"collection":[{"href":"https:\/\/fjala.info\/2009-2015\/wp-json\/wp\/v2\/posts"}],"about":[{"href":"https:\/\/fjala.info\/2009-2015\/wp-json\/wp\/v2\/types\/post"}],"author":[{"embeddable":true,"href":"https:\/\/fjala.info\/2009-2015\/wp-json\/wp\/v2\/users\/1"}],"replies":[{"embeddable":true,"href":"https:\/\/fjala.info\/2009-2015\/wp-json\/wp\/v2\/comments?post=5081"}],"version-history":[{"count":0,"href":"https:\/\/fjala.info\/2009-2015\/wp-json\/wp\/v2\/posts\/5081\/revisions"}],"wp:attachment":[{"href":"https:\/\/fjala.info\/2009-2015\/wp-json\/wp\/v2\/media?parent=5081"}],"wp:term":[{"taxonomy":"category","embeddable":true,"href":"https:\/\/fjala.info\/2009-2015\/wp-json\/wp\/v2\/categories?post=5081"},{"taxonomy":"post_tag","embeddable":true,"href":"https:\/\/fjala.info\/2009-2015\/wp-json\/wp\/v2\/tags?post=5081"}],"curies":[{"name":"wp","href":"https:\/\/api.w.org\/{rel}","templated":true}]}}