{"id":508,"date":"2011-12-06T10:02:24","date_gmt":"2011-12-06T09:02:24","guid":{"rendered":"http:\/\/fjala.shkoder.net\/?p=508"},"modified":"2011-12-06T10:02:24","modified_gmt":"2011-12-06T09:02:24","slug":"miqesia-shqiptaro-hebreje-me-nje-histori-te-vecante-dhe-identike","status":"publish","type":"post","link":"https:\/\/fjala.info\/2009-2015\/miqesia-shqiptaro-hebreje-me-nje-histori-te-vecante-dhe-identike\/","title":{"rendered":"Miq\u00ebsia shqiptaro-hebreje me nj\u00eb histori t\u00eb ve\u00e7ant\u00eb dhe identike!"},"content":{"rendered":"<p><img decoding=\"async\" class=\"alignright size-thumbnail wp-image-7236\" title=\"Asllan Dibrani\" src=\"http:\/\/www.shkoder.net\/images\/fjala\/asllan_dibrani.jpg\" alt=\"\" width=\"150\" \/> Shkruan <strong>Asllan Dibrani<\/strong><\/p>\n<p>Shqip\u00ebria dhe populli shqiptar \u00ebsht\u00eb i vetmi vend n\u00eb Evrop\u00eb qe i p\u00ebrkrahu hebrenjt\u00eb dhe sakrifikoj veten e vet gjat\u00eb Luft\u00ebs s\u00eb Dyt\u00eb Bot\u00ebrore. Hebrenjt\u00eb ishin te shp\u00ebrndare n\u00eb gjith\u00eb bot\u00ebn si ne shqiptaret sot n\u00eb shum\u00eb shtete. Lufta e dyt\u00eb hebrenjt\u00eb i ndoqi i persekutoj me d\u00ebbime masive, po shqiptaret edhe se ishin vet\u00eb t\u00eb rob\u00ebruar, ata i strehuan i ndihmuan dhe i p\u00ebrkrahen, gj\u00eb qe populli hebrenj i futi n\u00eb bramshin e historis\u00eb se lavdishme qe dhaky popull p\u00ebr ta.<\/p>\n<p>Shtypi hebrenj p\u00ebr at\u00eb periudh\u00eb historike ja ngriti krenarin\u00eb, bujarin\u00eb, bbes\u00ebn dhe tradit\u00ebn shqiptareve se &#8220;miku i mir\u00eb njihet ne dit\u00ebt e v\u00ebshtira&#8221;! Por kur regjimi komunist i Enver Hoxh\u00ebs n\u00eb vitin 1946 kufijt\u00eb i mbylli dhe vendin e izoloj p\u00ebr 45 vjet, sikur u zbeh ajo vep\u00ebr e humanitetit t\u00eb shqiptareve, Hebrenjve q\u00eb jetonin n\u00eb Shqip\u00ebri.Ishin t\u00eb diskriminuar tani n\u00eb nj\u00eb fare m\u00ebnyre duke i p\u00ebrplas me armiq\u00ebsi t\u00eb kampit komunist p\u00ebr Izraelin dhe implikim n\u00eb imperializmit amerikan te asaj kohe si\u00e7 i quante regjimi socialist i Shqip\u00ebris\u00eb.<\/p>\n<p><strong>63 shqiptar\u00eb u dekoruan me mir\u00ebnjohje nga hebrenjt\u00eb!<\/strong><\/p>\n<p>Shqet\u00ebsim p\u00ebr disa vite, hulumtuesit gjithnj\u00eb e m\u00eb shum\u00eb n\u00eb historin\u00eb e Luft\u00ebs s\u00eb Dyt\u00eb Bot\u00ebrore soll\u00ebn dokumente sipas d\u00ebshmive nga konferenca qe jan\u00eb mbajtur, sipas librave, sipas historian\u00ebve qe hulumtuan, dhe mbledhjen e njoftimeve t\u00eb d\u00ebshmitar\u00ebve. Shqip\u00ebria qe ka qen\u00eb prej koh\u00ebsh si nj\u00eb vend i varf\u00ebris\u00eb, i trazirave politike dhe i hakmarrjeve, q\u00ebndron mirekuptim qe e nderojn\u00eb Shqip\u00ebrin\u00eb sot si nj\u00eb vend t\u00eb shp\u00ebtimit t\u00eb hebrenjve.<\/p>\n<p>N\u00eb p\u00ebrkujtimin e Holokaustit t\u00eb Jeruzalemit Yad Vashem nuk i harroj shqiptar\u00eb p\u00ebr sakrificat e veta p\u00ebr ti ruajtur hebrenjt\u00eb andaj kan\u00eb nderuar 63 shqiptar\u00eb si &#8220;Midis kombeve ma te mir\u00ebt&#8221;, Ju nda nj\u00eb titull nderi p\u00ebr ata q\u00eb rrezikuan jet\u00ebt e tyre p\u00ebr t\u00eb shp\u00ebtuar hebrenjt\u00eb. P\u00ebr nj\u00eb vend sa ishte Shqip\u00ebria e vog\u00ebl, numri &#8220;qe g\u00ebzuan at\u00eb titull &#8221; \u00ebsht\u00eb i pakrahasuesh\u00ebm me t\u00eb tjer\u00eb dhe shum\u00eb i lart\u00eb. Me k\u00ebt\u00eb titull u dekoruan Xhemal Veseli (80), s\u00eb bashku me v\u00ebllain e tij Hamid marr\u00eb n\u00eb vitin 2004. Ai tani jeton n\u00eb kryeqytetin shqiptar n\u00eb Tiran\u00eb.<\/p>\n<p><strong>Xhemal Fshehja ishte vet\u00ebm 15 vje\u00e7ar kur ai me mushk\u00ebn e vet nga Tirana organizoj p\u00ebr t\u00eb udh\u00ebhequr familje hebreje Ben Yosef p\u00ebr n\u00eb qytetin e tij t\u00eb Kruj\u00ebs. <\/strong><\/p>\n<p>P\u00ebr dit\u00eb ai ishte fshehur n\u00eb shtigje n\u00ebp\u00ebr malet e thyera t\u00eb Shqip\u00ebris\u00eb, n\u00eb m\u00ebnyr\u00eb q\u00eb t\u00eb mos ndeshen nga ushtar\u00ebt gjerman\u00eb. Ushtar\u00ebt gjerman i k\u00ebrkonin k\u00ebmba k\u00ebmb\u00ebs, p\u00ebr shqiptar\u00ebt ishte v\u00ebrtet sakrific\u00eb ! K\u00ebta refugjat hebrenj n\u00eb Kruj\u00eb kan\u00eb gjetur s\u00eb bashku, nj\u00eb tjet\u00ebr familje hebreje po nga Tirana, e strehuar n\u00eb nj\u00eb shpell\u00eb af\u00ebr. Ata ma von\u00eb kaluan nj\u00eb koh\u00eb t\u00eb gjat\u00eb n\u00eb nj\u00eb dhom\u00eb t\u00eb vog\u00ebl t\u00eb sht\u00ebpis\u00eb se nj\u00eb familje krujase.<\/p>\n<p><strong>Dhjet\u00ebra dhe qindra mikprit\u00ebs familjar shqiptar kan\u00eb fshehur refugjat\u00ebt hebrenj gjat\u00eb Luft\u00ebs<\/strong><\/p>\n<p>&#8220;T\u00eb gjith\u00eb banor\u00ebt e Kruj\u00ebs e dinim q\u00eb ishin fshehur hebrenjt\u00eb por e ruanin bes\u00ebn qe kishin dh\u00ebn\u00eb dhe ishte zakon qe mos te shkelet besa nder shqiptar\u00eb, edhe sikur te p\u00ebrballeshin me sanksione diskriminimi te luft\u00ebs nga ushtria gjermane !<\/p>\n<p>Dhjet\u00ebra dhe qindra mikprit\u00ebs familjar shqiptar kan\u00eb fshehur refugjat\u00ebt hebrenj gjat\u00eb Luft\u00ebs ku prap\u00eb vjen fjala magjike p\u00ebrs\u00ebri dhe p\u00ebrs\u00ebri e quajtur &#8220;Besa shqiptare&#8221;, q\u00eb do t\u00eb thot\u00eb di\u00e7ka si &#8220;nder&#8221;, &#8220;krenari&#8221;. Kjo do t\u00eb thot\u00eb nj\u00eb term &#8220;Besa&#8221; \u00ebsht\u00eb pjes\u00eb e Kanunit t\u00eb lasht\u00eb, ne kodin tradicionale t\u00eb shqiptar\u00ebve, kjo etik\u00eb burr\u00ebrie dhe komb\u00ebtare u shfryt\u00ebzua n\u00eb fund si ndihm\u00eb p\u00ebr t\u00eb shp\u00ebtuar refugjat\u00ebt hebrenj qe ishin n\u00eb Shqip\u00ebri dhe trojet shqiptare n\u00eb Kosov\u00eb e ma gjer\u00eb . &#8220;Sht\u00ebpia e shqiptarit \u00ebsht\u00eb e Zotit dhe&#8221; mysafiri ne k\u00ebt\u00eb sht\u00ebpi duhet ta ndiej veten t\u00eb sigurt e th\u00ebn\u00eb e Kanunit n\u00eb tradit\u00ebn shqiptare.<\/p>\n<p><strong>Me 1945 numri hebrenjve ishte mbi 3.000, n\u00eb Shqip\u00ebri!<\/strong><\/p>\n<p>N\u00eb fillimin e viteve 30-ta kan\u00eb jetuar rreth 200 hebrenj n\u00eb Shqip\u00ebri. Me 1945 numri i tyre u rrit n\u00eb mbi 3.000, por me marre edhe territorin e Kosov\u00ebs dhe te trojeve shqiptare ne Maqedoni dhe trojet tjera shqiptare, ky num\u00ebr ishte edhe ma i madh . Ndryshe nga vendet e tjera evropiane hebrenjt\u00eb gjenin strehimin tek shqiptaret duke u mb\u00ebshtetur n\u00eb historikun e tyre mbi fjal\u00ebn e dh\u00ebn\u00eb t\u00eb &#8220;Bes\u00ebs shqiptare&#8221; qe shqiptar\u00ebt i njiheshin t\u00eb fjal\u00ebs. Nga Kosova, megjithat\u00eb, at\u00ebher\u00eb qe ishte pjes\u00eb e Shqip\u00ebris\u00eb, nga forcat komuniste dhe tradhtareve p\u00ebsuan d\u00ebbime dhe persekutime mese 200 hebrenj, nga Divizione ushtarake n\u00ebn dirigjimin forcave gjermane.<\/p>\n<p><strong>Familje e Salomonit Jakoel iku nga Greqia u strehua n\u00eb Shqip\u00ebri!<\/strong><\/p>\n<p>Nj\u00eb familje tjet\u00ebr e Salomonit Jakoel (75)theksonte ne at\u00eb koh\u00eb &#8220;p\u00ebr t\u00eb mbajtur emrin ton\u00eb hebrenj, u detyrua me familjen e tij nga Janinina n\u00eb veri t\u00eb Greqis\u00eb t\u00eb largohet p\u00ebr n\u00eb Shqip\u00ebri. Ata gjet\u00ebn strehim n\u00eb qytetin e portit t\u00eb Vlor\u00ebs, ku ishte para luft\u00ebs nj\u00eb bashk\u00ebsi e fuqishme hebraike, me lidhje t\u00eb ngushta me ata t\u00eb Janin\u00ebs. Solomon, i cili tani jeton n\u00eb Greqi, t\u00eb kujton mir\u00ebsjelljen e shqiptar\u00ebve dhe ndihm\u00ebn e tyre qe duke ju fal\u00ebnderuar shqiptar\u00ebve, ju shmangem gjerman\u00ebve qe nuk e dinin se ne ishim hebrenj!<\/p>\n<p>K\u00ebshtu ngadal\u00eb zhduken plag\u00ebt e luft\u00ebs dhe t\u00eb mbret\u00ebrimit t\u00eb terrorit komunist te asaj kohe p\u00ebr t\u00eb mbetur miq t\u00eb p\u00ebrjetsh\u00ebm k\u00ebta dy popuj. Sot Populli hebre luan nj\u00eb rol t\u00eb r\u00ebnd\u00ebsish\u00ebm ne bot\u00eb por edhe ne Shtetet e Bashkuara t\u00eb Amerik\u00ebs t\u00eb i vetmi popull ma besnik p\u00ebr popullin shqiptar andaj ne \u00ebsht\u00eb mir\u00eb qe ti p\u00ebrforcojm\u00eb marrdh\u00ebnjet me k\u00ebt\u00eb popull edhe ma tep\u00ebr kur t\u00eb mb\u00ebshtetemi dha ta rikujtojm\u00eb t\u00eb kaluar\u00ebn historike identike t\u00eb hidhur si shqiptar\u00ebt.<\/p>\n<p><strong>P\u00ebrdhosjen e varrezave hebraike n\u00eb lagjen Velania t\u00eb Prishtin\u00ebs, shqet\u00ebsoj komunitetin hebre, Ambasaden e SHBA-ve, kongresistin Engel dhe popullin shqiptar n\u00eb Kosov\u00eb!<\/strong><\/p>\n<p>Ta kujtojm\u00eb k\u00ebt\u00eb histori te shk\u00eblqyeshme ne mes k\u00ebtyre dy popujve, ti kujtojm\u00eb sakrificat e shqiptareve qe ne em\u00ebr te bes\u00ebs dhe zakonit shqiptar nderuan kombin tone. Me indinjate te thell\u00eb populli shqiptar i Kosov\u00ebs dhe komuniteti hebre e priti p\u00ebrdhosjen e varrezave hebraike k\u00ebto dit\u00eb n\u00eb lagjen Velania t\u00eb Prishtin\u00ebs. Ambasada e SHBA-ve n\u00eb Prishtin\u00eb ka d\u00ebnuar fuqimisht k\u00ebt\u00eb vep\u00ebr makaber.<\/p>\n<p>\u201cKjo vep\u00ebr e urrejtjes p\u00ebrb\u00ebn fyerje jo vet\u00ebm ndaj familjeve te t\u00eb varrosurve aty dhe ndaj komunitetit hebraik n\u00eb Kosov\u00eb, por kjo vep\u00ebr ashtu \u00ebsht\u00eb fyerje ndaj shtetit dhe shoq\u00ebris\u00eb kosovare. Kjo \u00ebsht\u00eb nj\u00eb vep\u00ebr e p\u00ebrbuzjes s\u00eb normave m\u00eb themelore t\u00eb toleranc\u00ebs, bashk\u00ebjetes\u00ebs dhe respektit dhe nuk mund t\u00eb tolerohet\u201d,thuhet n\u00eb komunikat\u00ebn e ambasad\u00ebs amerikane n\u00eb Prishtin\u00eb.<\/p>\n<p>Ambasada Amerikane iu ka b\u00ebr\u00eb thirrje autoriteteve t\u00eb Kosov\u00ebs q\u00eb t\u00eb kryejn\u00eb hetime t\u00eb holl\u00ebsishme lidhur me k\u00ebt\u00eb incident dhe sjelljen e p\u00ebrgjegj\u00ebsve para drejt\u00ebsis\u00eb.<br \/>\nMe tone t\u00eb ashpra kund\u00ebr p\u00ebrdhosjes s\u00eb varrezave hebraike ka reaguar edhe kongresisti amerikan Eliot Engel, q\u00eb \u00ebsht\u00eb edhe bashk\u00eb-kryetar i grupit t\u00eb Kongresit p\u00ebr \u00e7\u00ebshtjet shqiptare.<\/p>\n<p>N\u00eb nj\u00eb deklarat\u00eb p\u00ebr media kongresisti Engel i b\u00ebri thirrje qeveris\u00eb s\u00eb Kosov\u00ebs t\u00eb nd\u00ebshkoj\u00eb autor\u00ebt e aktit n\u00eb form\u00ebn m\u00eb t\u00eb r\u00ebnd\u00eb q\u00eb parashikon ligji.<\/p>\n<p>\u201cJam i indinjuar nga ky akt i urryer i p\u00ebrdhosjes s\u00eb varrez\u00ebs s\u00eb hebrenjve n\u00eb Prishtin\u00eb. Prekja e vendit t\u00eb prehjes s\u00eb an\u00ebtar\u00ebve t\u00eb komunitetit t\u00eb vog\u00ebl hebraik n\u00eb Kosov\u00eb \u00ebsht\u00eb nj\u00eb akt urrejtjeje q\u00eb nuk duhet t\u00eb lejohet t\u00eb hedh\u00eb rr\u00ebnj\u00eb. I b\u00ebj thirrje qeveris\u00eb s\u00eb Kosov\u00ebs t\u00eb hetoj\u00eb imt\u00ebsisht vandalizmin dhe t\u00eb nd\u00ebshkoj\u00eb autor\u00ebt si\u00e7 parashikohet me ligj\u201d, ka th\u00ebn\u00eb kongresisti Engel n\u00eb deklarat\u00ebn e tij.<\/p>\n<p>Ai ma tutje ka kujtuar se ka vizituar k\u00ebt\u00eb varrez\u00eb me ish presidentin Ibrahim Rrugova n\u00eb vitin 2005.<\/p>\n<p>\u201cE kisha p\u00ebr nder q\u00eb s\u00eb bashku me te t\u00eb shprehja respektin p\u00ebr komunitetin hebraik t\u00eb Kosov\u00ebs, t\u00eb cilin ai e kishte p\u00ebrqafuar si pjes\u00eb t\u00eb historis\u00eb dhe trash\u00ebgimis\u00eb s\u00eb Kosov\u00ebs\u201d, ka n\u00ebnvizuar kongresisti Eliot Engel, q\u00eb njihet si mik i madh i shqiptar\u00ebve.<\/p>\n<p>\u201cKy akt n\u00eb varreza \u00ebsht\u00eb edhe m\u00eb tragjik pasi vet\u00ebm koh\u00ebt e fundit ajo ishte vendi i nj\u00eb projekti pune vullnetare t\u00eb kryer s\u00eb bashku nga student\u00ebt e Universitetit Amerikan t\u00eb Kosov\u00ebs dhe Kolegjit Dartmouth n\u00eb Shtetet e Bashkuara. Shpresoj q\u00eb puna e tyre e mir\u00eb t\u00eb mos humbas\u00eb nga ky akt p\u00ebrdhosjeje dhe varreza t\u00eb restaurohet dhe t\u00eb mbrohet q\u00eb t\u00eb gjith\u00eb n\u00eb Kosov\u00eb ta din\u00eb se sa njer\u00ebz kan\u00eb banuar dhe vazhdojn\u00eb t\u00eb jetojn\u00eb n\u00eb k\u00ebt\u00eb tok\u00eb\u201d, thuhet n\u00eb fund t\u00eb deklarat\u00ebs s\u00eb kongresistit Eliot Engel.<\/p>\n<p>Ky gjest \u00ebsht\u00eb nj\u00eb goditje dhe sulm vandal kund\u00ebr sovranitetit t\u00eb Kosov\u00ebs ndaj miqve tan\u00eb , amerikano -hebrenj , ndaj kultur\u00ebs ton\u00eb ,ndaj &#8220;Bes\u00ebn shqiptare&#8221; qe e pat\u00ebm nder shekuj dhe u citua ne lart\u00ebsin\u00eb e k\u00ebtij artikulli. Ne shqiptaret duhet ti ndajm\u00eb miqt\u00eb tan\u00eb nga armiqt\u00eb qe nuk i duan te mir\u00ebn vendit ton\u00eb por as shteteve t\u00eb Amerik\u00ebs , qe populli shqiptar e njeh si popullin ma mik nder shekuj. Sipas shkrimit dhe ngjarjes se lartp\u00ebrmendur kjo vep\u00ebr \u00ebsht\u00eb nj\u00eb vep\u00ebr qyqare nga njer\u00ebz ekstremist me q\u00ebllime armiq\u00ebsore kund\u00ebr popujve miq Shqiptaro -Amerikano-Hebre.<\/p>\n","protected":false},"excerpt":{"rendered":"<p>Shkruan Asllan Dibrani Shqip\u00ebria dhe populli shqiptar \u00ebsht\u00eb i vetmi vend n\u00eb Evrop\u00eb qe i p\u00ebrkrahu hebrenjt\u00eb dhe sakrifikoj veten e vet gjat\u00eb Luft\u00ebs s\u00eb Dyt\u00eb Bot\u00ebrore. Hebrenjt\u00eb ishin te shp\u00ebrndare n\u00eb gjith\u00eb bot\u00ebn si ne shqiptaret sot n\u00eb shum\u00eb shtete. Lufta e dyt\u00eb hebrenjt\u00eb i ndoqi i persekutoj me d\u00ebbime masive, po shqiptaret edhe [&hellip;]<\/p>\n","protected":false},"author":1,"featured_media":0,"comment_status":"open","ping_status":"closed","sticky":false,"template":"","format":"standard","meta":{"footnotes":""},"categories":[2],"tags":[],"class_list":{"0":"post-508","1":"post","2":"type-post","3":"status-publish","4":"format-standard","6":"category-artikuj"},"yoast_head":"<!-- This site is optimized with the Yoast SEO plugin v27.4 - https:\/\/yoast.com\/product\/yoast-seo-wordpress\/ -->\n<title>Miq\u00ebsia shqiptaro-hebreje me nj\u00eb histori t\u00eb ve\u00e7ant\u00eb dhe identike! - FjALA e LIR\u00cb - Arkivi<\/title>\n<meta name=\"robots\" content=\"index, follow, max-snippet:-1, max-image-preview:large, max-video-preview:-1\" \/>\n<link rel=\"canonical\" href=\"https:\/\/fjala.info\/2009-2015\/miqesia-shqiptaro-hebreje-me-nje-histori-te-vecante-dhe-identike\/\" \/>\n<meta property=\"og:locale\" content=\"sq_AL\" \/>\n<meta property=\"og:type\" content=\"article\" \/>\n<meta property=\"og:title\" content=\"Miq\u00ebsia shqiptaro-hebreje me nj\u00eb histori t\u00eb ve\u00e7ant\u00eb dhe identike! - FjALA e LIR\u00cb - Arkivi\" \/>\n<meta property=\"og:description\" content=\"Shkruan Asllan Dibrani Shqip\u00ebria dhe populli shqiptar \u00ebsht\u00eb i vetmi vend n\u00eb Evrop\u00eb qe i p\u00ebrkrahu hebrenjt\u00eb dhe sakrifikoj veten e vet gjat\u00eb Luft\u00ebs s\u00eb Dyt\u00eb Bot\u00ebrore. Hebrenjt\u00eb ishin te shp\u00ebrndare n\u00eb gjith\u00eb bot\u00ebn si ne shqiptaret sot n\u00eb shum\u00eb shtete. Lufta e dyt\u00eb hebrenjt\u00eb i ndoqi i persekutoj me d\u00ebbime masive, po shqiptaret edhe [&hellip;]\" \/>\n<meta property=\"og:url\" content=\"https:\/\/fjala.info\/2009-2015\/miqesia-shqiptaro-hebreje-me-nje-histori-te-vecante-dhe-identike\/\" \/>\n<meta property=\"og:site_name\" content=\"FjALA e LIR\u00cb - Arkivi\" \/>\n<meta property=\"article:published_time\" content=\"2011-12-06T09:02:24+00:00\" \/>\n<meta property=\"og:image\" content=\"http:\/\/www.shkoder.net\/images\/fjala\/asllan_dibrani.jpg\" \/>\n<meta name=\"author\" content=\"admin\" \/>\n<meta name=\"twitter:card\" content=\"summary_large_image\" \/>\n<meta name=\"twitter:label1\" content=\"Written by\" \/>\n\t<meta name=\"twitter:data1\" content=\"admin\" \/>\n\t<meta name=\"twitter:label2\" content=\"Est. reading time\" \/>\n\t<meta name=\"twitter:data2\" content=\"8 minutes\" \/>\n<script type=\"application\/ld+json\" class=\"yoast-schema-graph\">{\"@context\":\"https:\\\/\\\/schema.org\",\"@graph\":[{\"@type\":\"Article\",\"@id\":\"https:\\\/\\\/fjala.info\\\/2009-2015\\\/miqesia-shqiptaro-hebreje-me-nje-histori-te-vecante-dhe-identike\\\/#article\",\"isPartOf\":{\"@id\":\"https:\\\/\\\/fjala.info\\\/2009-2015\\\/miqesia-shqiptaro-hebreje-me-nje-histori-te-vecante-dhe-identike\\\/\"},\"author\":{\"name\":\"admin\",\"@id\":\"https:\\\/\\\/fjala.info\\\/2009-2015\\\/#\\\/schema\\\/person\\\/3aa1163ef05469c496fc94e77611ada2\"},\"headline\":\"Miq\u00ebsia shqiptaro-hebreje me nj\u00eb histori t\u00eb ve\u00e7ant\u00eb dhe identike!\",\"datePublished\":\"2011-12-06T09:02:24+00:00\",\"mainEntityOfPage\":{\"@id\":\"https:\\\/\\\/fjala.info\\\/2009-2015\\\/miqesia-shqiptaro-hebreje-me-nje-histori-te-vecante-dhe-identike\\\/\"},\"wordCount\":1684,\"commentCount\":0,\"publisher\":{\"@id\":\"https:\\\/\\\/fjala.info\\\/2009-2015\\\/#organization\"},\"image\":{\"@id\":\"https:\\\/\\\/fjala.info\\\/2009-2015\\\/miqesia-shqiptaro-hebreje-me-nje-histori-te-vecante-dhe-identike\\\/#primaryimage\"},\"thumbnailUrl\":\"http:\\\/\\\/www.shkoder.net\\\/images\\\/fjala\\\/asllan_dibrani.jpg\",\"articleSection\":[\"Artikuj\"],\"inLanguage\":\"sq-AL\",\"potentialAction\":[{\"@type\":\"CommentAction\",\"name\":\"Comment\",\"target\":[\"https:\\\/\\\/fjala.info\\\/2009-2015\\\/miqesia-shqiptaro-hebreje-me-nje-histori-te-vecante-dhe-identike\\\/#respond\"]}]},{\"@type\":\"WebPage\",\"@id\":\"https:\\\/\\\/fjala.info\\\/2009-2015\\\/miqesia-shqiptaro-hebreje-me-nje-histori-te-vecante-dhe-identike\\\/\",\"url\":\"https:\\\/\\\/fjala.info\\\/2009-2015\\\/miqesia-shqiptaro-hebreje-me-nje-histori-te-vecante-dhe-identike\\\/\",\"name\":\"Miq\u00ebsia shqiptaro-hebreje me nj\u00eb histori t\u00eb ve\u00e7ant\u00eb dhe identike! - FjALA e LIR\u00cb - Arkivi\",\"isPartOf\":{\"@id\":\"https:\\\/\\\/fjala.info\\\/2009-2015\\\/#website\"},\"primaryImageOfPage\":{\"@id\":\"https:\\\/\\\/fjala.info\\\/2009-2015\\\/miqesia-shqiptaro-hebreje-me-nje-histori-te-vecante-dhe-identike\\\/#primaryimage\"},\"image\":{\"@id\":\"https:\\\/\\\/fjala.info\\\/2009-2015\\\/miqesia-shqiptaro-hebreje-me-nje-histori-te-vecante-dhe-identike\\\/#primaryimage\"},\"thumbnailUrl\":\"http:\\\/\\\/www.shkoder.net\\\/images\\\/fjala\\\/asllan_dibrani.jpg\",\"datePublished\":\"2011-12-06T09:02:24+00:00\",\"breadcrumb\":{\"@id\":\"https:\\\/\\\/fjala.info\\\/2009-2015\\\/miqesia-shqiptaro-hebreje-me-nje-histori-te-vecante-dhe-identike\\\/#breadcrumb\"},\"inLanguage\":\"sq-AL\",\"potentialAction\":[{\"@type\":\"ReadAction\",\"target\":[\"https:\\\/\\\/fjala.info\\\/2009-2015\\\/miqesia-shqiptaro-hebreje-me-nje-histori-te-vecante-dhe-identike\\\/\"]}]},{\"@type\":\"ImageObject\",\"inLanguage\":\"sq-AL\",\"@id\":\"https:\\\/\\\/fjala.info\\\/2009-2015\\\/miqesia-shqiptaro-hebreje-me-nje-histori-te-vecante-dhe-identike\\\/#primaryimage\",\"url\":\"http:\\\/\\\/www.shkoder.net\\\/images\\\/fjala\\\/asllan_dibrani.jpg\",\"contentUrl\":\"http:\\\/\\\/www.shkoder.net\\\/images\\\/fjala\\\/asllan_dibrani.jpg\"},{\"@type\":\"BreadcrumbList\",\"@id\":\"https:\\\/\\\/fjala.info\\\/2009-2015\\\/miqesia-shqiptaro-hebreje-me-nje-histori-te-vecante-dhe-identike\\\/#breadcrumb\",\"itemListElement\":[{\"@type\":\"ListItem\",\"position\":1,\"name\":\"Home\",\"item\":\"https:\\\/\\\/fjala.info\\\/2009-2015\\\/\"},{\"@type\":\"ListItem\",\"position\":2,\"name\":\"Miq\u00ebsia shqiptaro-hebreje me nj\u00eb histori t\u00eb ve\u00e7ant\u00eb dhe identike!\"}]},{\"@type\":\"WebSite\",\"@id\":\"https:\\\/\\\/fjala.info\\\/2009-2015\\\/#website\",\"url\":\"https:\\\/\\\/fjala.info\\\/2009-2015\\\/\",\"name\":\"FjALA e LIR\u00cb - Arkivi\",\"description\":\"Arkivi 2009-2015\",\"publisher\":{\"@id\":\"https:\\\/\\\/fjala.info\\\/2009-2015\\\/#organization\"},\"potentialAction\":[{\"@type\":\"SearchAction\",\"target\":{\"@type\":\"EntryPoint\",\"urlTemplate\":\"https:\\\/\\\/fjala.info\\\/2009-2015\\\/?s={search_term_string}\"},\"query-input\":{\"@type\":\"PropertyValueSpecification\",\"valueRequired\":true,\"valueName\":\"search_term_string\"}}],\"inLanguage\":\"sq-AL\"},{\"@type\":\"Organization\",\"@id\":\"https:\\\/\\\/fjala.info\\\/2009-2015\\\/#organization\",\"name\":\"FjALA e LIR\u00cb - Arkivi\",\"url\":\"https:\\\/\\\/fjala.info\\\/2009-2015\\\/\",\"logo\":{\"@type\":\"ImageObject\",\"inLanguage\":\"sq-AL\",\"@id\":\"https:\\\/\\\/fjala.info\\\/2009-2015\\\/#\\\/schema\\\/logo\\\/image\\\/\",\"url\":\"\",\"contentUrl\":\"\",\"caption\":\"FjALA e LIR\u00cb - Arkivi\"},\"image\":{\"@id\":\"https:\\\/\\\/fjala.info\\\/2009-2015\\\/#\\\/schema\\\/logo\\\/image\\\/\"}},{\"@type\":\"Person\",\"@id\":\"https:\\\/\\\/fjala.info\\\/2009-2015\\\/#\\\/schema\\\/person\\\/3aa1163ef05469c496fc94e77611ada2\",\"name\":\"admin\",\"image\":{\"@type\":\"ImageObject\",\"inLanguage\":\"sq-AL\",\"@id\":\"https:\\\/\\\/fjala.info\\\/2009-2015\\\/wp-content\\\/uploads\\\/2012\\\/02\\\/arben_cokaj-120x150.jpg\",\"url\":\"https:\\\/\\\/fjala.info\\\/2009-2015\\\/wp-content\\\/uploads\\\/2012\\\/02\\\/arben_cokaj-120x150.jpg\",\"contentUrl\":\"https:\\\/\\\/fjala.info\\\/2009-2015\\\/wp-content\\\/uploads\\\/2012\\\/02\\\/arben_cokaj-120x150.jpg\",\"caption\":\"admin\"},\"description\":\"Admin, Fjala e Lir\u00eb\",\"sameAs\":[\"https:\\\/\\\/fjala.info\\\/\"],\"url\":\"https:\\\/\\\/fjala.info\\\/2009-2015\\\/author\\\/admin\\\/\"}]}<\/script>\n<!-- \/ Yoast SEO plugin. -->","yoast_head_json":{"title":"Miq\u00ebsia shqiptaro-hebreje me nj\u00eb histori t\u00eb ve\u00e7ant\u00eb dhe identike! - FjALA e LIR\u00cb - Arkivi","robots":{"index":"index","follow":"follow","max-snippet":"max-snippet:-1","max-image-preview":"max-image-preview:large","max-video-preview":"max-video-preview:-1"},"canonical":"https:\/\/fjala.info\/2009-2015\/miqesia-shqiptaro-hebreje-me-nje-histori-te-vecante-dhe-identike\/","og_locale":"sq_AL","og_type":"article","og_title":"Miq\u00ebsia shqiptaro-hebreje me nj\u00eb histori t\u00eb ve\u00e7ant\u00eb dhe identike! - FjALA e LIR\u00cb - Arkivi","og_description":"Shkruan Asllan Dibrani Shqip\u00ebria dhe populli shqiptar \u00ebsht\u00eb i vetmi vend n\u00eb Evrop\u00eb qe i p\u00ebrkrahu hebrenjt\u00eb dhe sakrifikoj veten e vet gjat\u00eb Luft\u00ebs s\u00eb Dyt\u00eb Bot\u00ebrore. Hebrenjt\u00eb ishin te shp\u00ebrndare n\u00eb gjith\u00eb bot\u00ebn si ne shqiptaret sot n\u00eb shum\u00eb shtete. Lufta e dyt\u00eb hebrenjt\u00eb i ndoqi i persekutoj me d\u00ebbime masive, po shqiptaret edhe [&hellip;]","og_url":"https:\/\/fjala.info\/2009-2015\/miqesia-shqiptaro-hebreje-me-nje-histori-te-vecante-dhe-identike\/","og_site_name":"FjALA e LIR\u00cb - Arkivi","article_published_time":"2011-12-06T09:02:24+00:00","og_image":[{"url":"http:\/\/www.shkoder.net\/images\/fjala\/asllan_dibrani.jpg","type":"","width":"","height":""}],"author":"admin","twitter_card":"summary_large_image","twitter_misc":{"Written by":"admin","Est. reading time":"8 minutes"},"schema":{"@context":"https:\/\/schema.org","@graph":[{"@type":"Article","@id":"https:\/\/fjala.info\/2009-2015\/miqesia-shqiptaro-hebreje-me-nje-histori-te-vecante-dhe-identike\/#article","isPartOf":{"@id":"https:\/\/fjala.info\/2009-2015\/miqesia-shqiptaro-hebreje-me-nje-histori-te-vecante-dhe-identike\/"},"author":{"name":"admin","@id":"https:\/\/fjala.info\/2009-2015\/#\/schema\/person\/3aa1163ef05469c496fc94e77611ada2"},"headline":"Miq\u00ebsia shqiptaro-hebreje me nj\u00eb histori t\u00eb ve\u00e7ant\u00eb dhe identike!","datePublished":"2011-12-06T09:02:24+00:00","mainEntityOfPage":{"@id":"https:\/\/fjala.info\/2009-2015\/miqesia-shqiptaro-hebreje-me-nje-histori-te-vecante-dhe-identike\/"},"wordCount":1684,"commentCount":0,"publisher":{"@id":"https:\/\/fjala.info\/2009-2015\/#organization"},"image":{"@id":"https:\/\/fjala.info\/2009-2015\/miqesia-shqiptaro-hebreje-me-nje-histori-te-vecante-dhe-identike\/#primaryimage"},"thumbnailUrl":"http:\/\/www.shkoder.net\/images\/fjala\/asllan_dibrani.jpg","articleSection":["Artikuj"],"inLanguage":"sq-AL","potentialAction":[{"@type":"CommentAction","name":"Comment","target":["https:\/\/fjala.info\/2009-2015\/miqesia-shqiptaro-hebreje-me-nje-histori-te-vecante-dhe-identike\/#respond"]}]},{"@type":"WebPage","@id":"https:\/\/fjala.info\/2009-2015\/miqesia-shqiptaro-hebreje-me-nje-histori-te-vecante-dhe-identike\/","url":"https:\/\/fjala.info\/2009-2015\/miqesia-shqiptaro-hebreje-me-nje-histori-te-vecante-dhe-identike\/","name":"Miq\u00ebsia shqiptaro-hebreje me nj\u00eb histori t\u00eb ve\u00e7ant\u00eb dhe identike! - FjALA e LIR\u00cb - Arkivi","isPartOf":{"@id":"https:\/\/fjala.info\/2009-2015\/#website"},"primaryImageOfPage":{"@id":"https:\/\/fjala.info\/2009-2015\/miqesia-shqiptaro-hebreje-me-nje-histori-te-vecante-dhe-identike\/#primaryimage"},"image":{"@id":"https:\/\/fjala.info\/2009-2015\/miqesia-shqiptaro-hebreje-me-nje-histori-te-vecante-dhe-identike\/#primaryimage"},"thumbnailUrl":"http:\/\/www.shkoder.net\/images\/fjala\/asllan_dibrani.jpg","datePublished":"2011-12-06T09:02:24+00:00","breadcrumb":{"@id":"https:\/\/fjala.info\/2009-2015\/miqesia-shqiptaro-hebreje-me-nje-histori-te-vecante-dhe-identike\/#breadcrumb"},"inLanguage":"sq-AL","potentialAction":[{"@type":"ReadAction","target":["https:\/\/fjala.info\/2009-2015\/miqesia-shqiptaro-hebreje-me-nje-histori-te-vecante-dhe-identike\/"]}]},{"@type":"ImageObject","inLanguage":"sq-AL","@id":"https:\/\/fjala.info\/2009-2015\/miqesia-shqiptaro-hebreje-me-nje-histori-te-vecante-dhe-identike\/#primaryimage","url":"http:\/\/www.shkoder.net\/images\/fjala\/asllan_dibrani.jpg","contentUrl":"http:\/\/www.shkoder.net\/images\/fjala\/asllan_dibrani.jpg"},{"@type":"BreadcrumbList","@id":"https:\/\/fjala.info\/2009-2015\/miqesia-shqiptaro-hebreje-me-nje-histori-te-vecante-dhe-identike\/#breadcrumb","itemListElement":[{"@type":"ListItem","position":1,"name":"Home","item":"https:\/\/fjala.info\/2009-2015\/"},{"@type":"ListItem","position":2,"name":"Miq\u00ebsia shqiptaro-hebreje me nj\u00eb histori t\u00eb ve\u00e7ant\u00eb dhe identike!"}]},{"@type":"WebSite","@id":"https:\/\/fjala.info\/2009-2015\/#website","url":"https:\/\/fjala.info\/2009-2015\/","name":"FjALA e LIR\u00cb - Arkivi","description":"Arkivi 2009-2015","publisher":{"@id":"https:\/\/fjala.info\/2009-2015\/#organization"},"potentialAction":[{"@type":"SearchAction","target":{"@type":"EntryPoint","urlTemplate":"https:\/\/fjala.info\/2009-2015\/?s={search_term_string}"},"query-input":{"@type":"PropertyValueSpecification","valueRequired":true,"valueName":"search_term_string"}}],"inLanguage":"sq-AL"},{"@type":"Organization","@id":"https:\/\/fjala.info\/2009-2015\/#organization","name":"FjALA e LIR\u00cb - Arkivi","url":"https:\/\/fjala.info\/2009-2015\/","logo":{"@type":"ImageObject","inLanguage":"sq-AL","@id":"https:\/\/fjala.info\/2009-2015\/#\/schema\/logo\/image\/","url":"","contentUrl":"","caption":"FjALA e LIR\u00cb - Arkivi"},"image":{"@id":"https:\/\/fjala.info\/2009-2015\/#\/schema\/logo\/image\/"}},{"@type":"Person","@id":"https:\/\/fjala.info\/2009-2015\/#\/schema\/person\/3aa1163ef05469c496fc94e77611ada2","name":"admin","image":{"@type":"ImageObject","inLanguage":"sq-AL","@id":"https:\/\/fjala.info\/2009-2015\/wp-content\/uploads\/2012\/02\/arben_cokaj-120x150.jpg","url":"https:\/\/fjala.info\/2009-2015\/wp-content\/uploads\/2012\/02\/arben_cokaj-120x150.jpg","contentUrl":"https:\/\/fjala.info\/2009-2015\/wp-content\/uploads\/2012\/02\/arben_cokaj-120x150.jpg","caption":"admin"},"description":"Admin, Fjala e Lir\u00eb","sameAs":["https:\/\/fjala.info\/"],"url":"https:\/\/fjala.info\/2009-2015\/author\/admin\/"}]}},"_links":{"self":[{"href":"https:\/\/fjala.info\/2009-2015\/wp-json\/wp\/v2\/posts\/508","targetHints":{"allow":["GET"]}}],"collection":[{"href":"https:\/\/fjala.info\/2009-2015\/wp-json\/wp\/v2\/posts"}],"about":[{"href":"https:\/\/fjala.info\/2009-2015\/wp-json\/wp\/v2\/types\/post"}],"author":[{"embeddable":true,"href":"https:\/\/fjala.info\/2009-2015\/wp-json\/wp\/v2\/users\/1"}],"replies":[{"embeddable":true,"href":"https:\/\/fjala.info\/2009-2015\/wp-json\/wp\/v2\/comments?post=508"}],"version-history":[{"count":0,"href":"https:\/\/fjala.info\/2009-2015\/wp-json\/wp\/v2\/posts\/508\/revisions"}],"wp:attachment":[{"href":"https:\/\/fjala.info\/2009-2015\/wp-json\/wp\/v2\/media?parent=508"}],"wp:term":[{"taxonomy":"category","embeddable":true,"href":"https:\/\/fjala.info\/2009-2015\/wp-json\/wp\/v2\/categories?post=508"},{"taxonomy":"post_tag","embeddable":true,"href":"https:\/\/fjala.info\/2009-2015\/wp-json\/wp\/v2\/tags?post=508"}],"curies":[{"name":"wp","href":"https:\/\/api.w.org\/{rel}","templated":true}]}}