{"id":5068,"date":"2012-09-21T09:31:48","date_gmt":"2012-09-21T08:31:48","guid":{"rendered":"http:\/\/www.fjala.info\/?p=5068"},"modified":"2012-09-21T09:31:48","modified_gmt":"2012-09-21T08:31:48","slug":"luanet-e-partive","status":"publish","type":"post","link":"https:\/\/fjala.info\/2009-2015\/luanet-e-partive\/","title":{"rendered":"Luan\u00ebt e partive"},"content":{"rendered":"<p><img decoding=\"async\" class=\"alignright size-thumbnail wp-image-7236\" title=\"Arben Rrozhani\" src=\"http:\/\/www.fjala.info\/2012\/arben_rrozhani.jpg\" alt=\"\" width=\"150\" \/> Analiz\u00eb nga <strong>ARBEN RROZHANI<\/strong><\/p>\n<p>Dje Luan Rama, nj\u00ebri prej zyrtar\u00ebve t\u00eb LSI tha se do t\u00eb konkuronte p\u00ebr \u201cmbretin\u201d e partis\u00eb s\u00eb majt\u00eb. Duke k\u00ebrkuar t\u00eb rivalizoj\u00eb me kryetarin, at\u00eb q\u00eb i jep rrog\u00ebn, mund\u00ebsin\u00eb p\u00ebr t\u00eb dal\u00eb n\u00eb publik si p\u00ebrfaq\u00ebsues politik. Edhe pse euforik p\u00ebr k\u00ebt\u00eb shans demokratik q\u00eb ia jep qenia n\u00eb nj\u00eb parti si LSI-ja, \u00ebsht\u00eb e v\u00ebshtir\u00eb p\u00ebr tu g\u00eblltitur, idea se sekretari i p\u00ebrgjithsh\u00ebm do t\u00eb konkuroj\u00eb me kryetarin q\u00eb e ka em\u00ebruar, edhe pse n\u00eb daljen p\u00ebr shtyp Luan Rama shfaqi ambicien p\u00ebr t\u00eb b\u00ebr\u00eb loj\u00ebn e tij, t\u00eb p\u00ebrdor\u00eb njer\u00ebzit e tij dhe t\u00eb marr\u00eb pjes\u00ebn q\u00eb i takon. Dhe padyshim do ta marr\u00eb, sepse \u201cluani\u201d i partis\u00eb do t\u2019ia jap\u00eb kafshat\u00ebn. Por jo \u201ckuror\u00ebn\u201d, se, edhe pse nuk quhet Luan, kreu i LSI-s\u00eb \u00ebsht\u00eb mbreti, ai udh\u00ebheq, urdh\u00ebron, ai merr p\u00ebrfitimet, pra pjes\u00ebn e luanit dhe t\u00eb tjer\u00ebt marrin \u00e7\u2019t\u00eb mbetet.<\/p>\n<p>Dhe Luan Rama nuk \u00ebsht\u00eb as i pari e as nuk do t\u00eb jet\u00eb i fundit, n\u00eb k\u00ebto konkurime qesharake. T\u00eb pakt\u00ebn prej dy dekadash. N\u00eb 1991, ish-presidenti i fundit komunist, i ndjeri Ramiz Alia p\u00ebrdorte Namik Doklen, ish-gazetar dhe drejtues i gazet\u00ebs \u201cZ\u00ebri i Popullit\u201d. Pastaj u zgjodh president i par\u00eb n\u00eb 1991 i parlamentit t\u00eb par\u00eb pluralist. Pastaj ishte Sali Berisha q\u00eb p\u00ebrdorte deri Uran Butk\u00ebn, k\u00ebt\u00eb pasardh\u00ebs t\u00eb denj\u00eb t\u00eb nacionaliz\u00ebs shqiptare, p\u00ebr t\u00eb treguar se n\u00eb PD ka rivalitet dhe votohet edhe p\u00ebr rival\u00ebt e kryetarit.<\/p>\n<p>Pastaj i erdhi radha Edi Ram\u00ebs q\u00eb gjeti Maqo Lakrorin p\u00ebr ta veshur si rival p\u00ebr zgjedhjet p\u00ebr kryetar n\u00eb PS, q\u00eb e merrte me vete n\u00eb takimet ku prezantonin platformat e tyre, madje i jepte edhe \u201cvaktin e ngr\u00ebnies\u201d. Pra kandidati p\u00ebr Luanin e radh\u00ebs nuk po b\u00ebn ndonj\u00eb t\u00eb pab\u00ebr\u00eb, por po trazon po at\u00eb gjell\u00eb t\u00eb prishur q\u00eb \u00ebsht\u00eb gatuar shum\u00eb her\u00eb t\u00eb tjera m\u00eb par\u00eb. Sepse LSI-n\u00eb e ka krijuar dhe e ka sa t\u00eb jet\u00eb gjall\u00eb Ilir Meta, ashtu si\u00e7 e ka PD-n\u00eb Sali Berisha, PS-n\u00eb Edi Rama, PR-n\u00eb Fatmir Mediu e k\u00ebshtu me radh\u00eb deri te partit\u00eb fantazma t\u00eb liberal\u00ebve, komunist\u00ebve apo sindikalist\u00ebve.<\/p>\n<p>Pasi kan\u00eb vdekur gar\u00ebn e v\u00ebrtet\u00eb sipas parimit \u201cnj\u00eb an\u00ebtar nj\u00eb vote\u201d, fushat\u00ebn e v\u00ebrtet\u00eb mes kandidat\u00ebve, apo nj\u00eb klonim sado mjeran t\u00eb asaj q\u00eb politika amerikane po e b\u00ebn prej shekujsh, duke patur gar\u00eb reale mes kandidat\u00ebve brenda partis\u00eb, me platforma dhe programe, politika shqiptare duhet t\u2019ia kursej\u00eb publikut k\u00ebto shfaqje q\u00eb t\u00eb trazojn\u00eb stomakun.<\/p>\n<p>N\u00ebse nuk duan t\u00eb kopjojn\u00eb t\u00eb huajt, le t\u00eb imitojn\u00eb Sali Berish\u00ebn, i cili tashm\u00eb nuk lodhet as t\u00eb sajoj\u00eb m\u00eb rival\u00eb n\u00eb PD dhe konkuron i vet\u00ebm dhe i sinqert\u00eb se partia \u00ebsht\u00eb sh.p.k.-ja private dhe jo organizimi politik, ku gjithkush ka t\u00eb drejt\u00eb, jo vet\u00ebm t\u00eb ket\u00eb nj\u00eb mendim ndryshe nga kryetari, por edhe t\u00eb dal\u00eb kund\u00ebr tij, me platforma dhe ide t\u00eb tjera. Por k\u00ebto nuk ndodhin n\u00eb nj\u00eb xhung\u00ebl politike, sidomos n\u00eb k\u00ebt\u00eb shqiptare.<\/p>\n<p>(Shkrimi u publikua sot ne gazeten <em>Shqiptarja.com<\/em>)<br \/>\n(<em>sg\/shqiptarja.com<\/em>)<\/p>\n","protected":false},"excerpt":{"rendered":"<p>Analiz\u00eb nga ARBEN RROZHANI Dje Luan Rama, nj\u00ebri prej zyrtar\u00ebve t\u00eb LSI tha se do t\u00eb konkuronte p\u00ebr \u201cmbretin\u201d e partis\u00eb s\u00eb majt\u00eb. Duke k\u00ebrkuar t\u00eb rivalizoj\u00eb me kryetarin, at\u00eb q\u00eb i jep rrog\u00ebn, mund\u00ebsin\u00eb p\u00ebr t\u00eb dal\u00eb n\u00eb publik si p\u00ebrfaq\u00ebsues politik. Edhe pse euforik p\u00ebr k\u00ebt\u00eb shans demokratik q\u00eb ia jep qenia n\u00eb [&hellip;]<\/p>\n","protected":false},"author":1,"featured_media":0,"comment_status":"open","ping_status":"closed","sticky":false,"template":"","format":"standard","meta":{"footnotes":""},"categories":[2],"tags":[],"class_list":{"0":"post-5068","1":"post","2":"type-post","3":"status-publish","4":"format-standard","6":"category-artikuj"},"yoast_head":"<!-- This site is optimized with the Yoast SEO plugin v27.4 - https:\/\/yoast.com\/product\/yoast-seo-wordpress\/ -->\n<title>Luan\u00ebt e partive - FjALA e LIR\u00cb - Arkivi<\/title>\n<meta name=\"robots\" content=\"index, follow, max-snippet:-1, max-image-preview:large, max-video-preview:-1\" \/>\n<link rel=\"canonical\" href=\"https:\/\/fjala.info\/2009-2015\/luanet-e-partive\/\" \/>\n<meta property=\"og:locale\" content=\"sq_AL\" \/>\n<meta property=\"og:type\" content=\"article\" \/>\n<meta property=\"og:title\" content=\"Luan\u00ebt e partive - FjALA e LIR\u00cb - Arkivi\" \/>\n<meta property=\"og:description\" content=\"Analiz\u00eb nga ARBEN RROZHANI Dje Luan Rama, nj\u00ebri prej zyrtar\u00ebve t\u00eb LSI tha se do t\u00eb konkuronte p\u00ebr \u201cmbretin\u201d e partis\u00eb s\u00eb majt\u00eb. Duke k\u00ebrkuar t\u00eb rivalizoj\u00eb me kryetarin, at\u00eb q\u00eb i jep rrog\u00ebn, mund\u00ebsin\u00eb p\u00ebr t\u00eb dal\u00eb n\u00eb publik si p\u00ebrfaq\u00ebsues politik. Edhe pse euforik p\u00ebr k\u00ebt\u00eb shans demokratik q\u00eb ia jep qenia n\u00eb [&hellip;]\" \/>\n<meta property=\"og:url\" content=\"https:\/\/fjala.info\/2009-2015\/luanet-e-partive\/\" \/>\n<meta property=\"og:site_name\" content=\"FjALA e LIR\u00cb - Arkivi\" \/>\n<meta property=\"article:published_time\" content=\"2012-09-21T08:31:48+00:00\" \/>\n<meta property=\"og:image\" content=\"http:\/\/www.fjala.info\/2012\/arben_rrozhani.jpg\" \/>\n<meta name=\"author\" content=\"admin\" \/>\n<meta name=\"twitter:card\" content=\"summary_large_image\" \/>\n<meta name=\"twitter:label1\" content=\"Written by\" \/>\n\t<meta name=\"twitter:data1\" content=\"admin\" \/>\n\t<meta name=\"twitter:label2\" content=\"Est. reading time\" \/>\n\t<meta name=\"twitter:data2\" content=\"3 minutes\" \/>\n<script type=\"application\/ld+json\" class=\"yoast-schema-graph\">{\"@context\":\"https:\\\/\\\/schema.org\",\"@graph\":[{\"@type\":\"Article\",\"@id\":\"https:\\\/\\\/fjala.info\\\/2009-2015\\\/luanet-e-partive\\\/#article\",\"isPartOf\":{\"@id\":\"https:\\\/\\\/fjala.info\\\/2009-2015\\\/luanet-e-partive\\\/\"},\"author\":{\"name\":\"admin\",\"@id\":\"https:\\\/\\\/fjala.info\\\/2009-2015\\\/#\\\/schema\\\/person\\\/3aa1163ef05469c496fc94e77611ada2\"},\"headline\":\"Luan\u00ebt e partive\",\"datePublished\":\"2012-09-21T08:31:48+00:00\",\"mainEntityOfPage\":{\"@id\":\"https:\\\/\\\/fjala.info\\\/2009-2015\\\/luanet-e-partive\\\/\"},\"wordCount\":575,\"commentCount\":0,\"publisher\":{\"@id\":\"https:\\\/\\\/fjala.info\\\/2009-2015\\\/#organization\"},\"image\":{\"@id\":\"https:\\\/\\\/fjala.info\\\/2009-2015\\\/luanet-e-partive\\\/#primaryimage\"},\"thumbnailUrl\":\"http:\\\/\\\/www.fjala.info\\\/2012\\\/arben_rrozhani.jpg\",\"articleSection\":[\"Artikuj\"],\"inLanguage\":\"sq-AL\",\"potentialAction\":[{\"@type\":\"CommentAction\",\"name\":\"Comment\",\"target\":[\"https:\\\/\\\/fjala.info\\\/2009-2015\\\/luanet-e-partive\\\/#respond\"]}]},{\"@type\":\"WebPage\",\"@id\":\"https:\\\/\\\/fjala.info\\\/2009-2015\\\/luanet-e-partive\\\/\",\"url\":\"https:\\\/\\\/fjala.info\\\/2009-2015\\\/luanet-e-partive\\\/\",\"name\":\"Luan\u00ebt e partive - FjALA e LIR\u00cb - Arkivi\",\"isPartOf\":{\"@id\":\"https:\\\/\\\/fjala.info\\\/2009-2015\\\/#website\"},\"primaryImageOfPage\":{\"@id\":\"https:\\\/\\\/fjala.info\\\/2009-2015\\\/luanet-e-partive\\\/#primaryimage\"},\"image\":{\"@id\":\"https:\\\/\\\/fjala.info\\\/2009-2015\\\/luanet-e-partive\\\/#primaryimage\"},\"thumbnailUrl\":\"http:\\\/\\\/www.fjala.info\\\/2012\\\/arben_rrozhani.jpg\",\"datePublished\":\"2012-09-21T08:31:48+00:00\",\"breadcrumb\":{\"@id\":\"https:\\\/\\\/fjala.info\\\/2009-2015\\\/luanet-e-partive\\\/#breadcrumb\"},\"inLanguage\":\"sq-AL\",\"potentialAction\":[{\"@type\":\"ReadAction\",\"target\":[\"https:\\\/\\\/fjala.info\\\/2009-2015\\\/luanet-e-partive\\\/\"]}]},{\"@type\":\"ImageObject\",\"inLanguage\":\"sq-AL\",\"@id\":\"https:\\\/\\\/fjala.info\\\/2009-2015\\\/luanet-e-partive\\\/#primaryimage\",\"url\":\"http:\\\/\\\/www.fjala.info\\\/2012\\\/arben_rrozhani.jpg\",\"contentUrl\":\"http:\\\/\\\/www.fjala.info\\\/2012\\\/arben_rrozhani.jpg\"},{\"@type\":\"BreadcrumbList\",\"@id\":\"https:\\\/\\\/fjala.info\\\/2009-2015\\\/luanet-e-partive\\\/#breadcrumb\",\"itemListElement\":[{\"@type\":\"ListItem\",\"position\":1,\"name\":\"Home\",\"item\":\"https:\\\/\\\/fjala.info\\\/2009-2015\\\/\"},{\"@type\":\"ListItem\",\"position\":2,\"name\":\"Luan\u00ebt e partive\"}]},{\"@type\":\"WebSite\",\"@id\":\"https:\\\/\\\/fjala.info\\\/2009-2015\\\/#website\",\"url\":\"https:\\\/\\\/fjala.info\\\/2009-2015\\\/\",\"name\":\"FjALA e LIR\u00cb - Arkivi\",\"description\":\"Arkivi 2009-2015\",\"publisher\":{\"@id\":\"https:\\\/\\\/fjala.info\\\/2009-2015\\\/#organization\"},\"potentialAction\":[{\"@type\":\"SearchAction\",\"target\":{\"@type\":\"EntryPoint\",\"urlTemplate\":\"https:\\\/\\\/fjala.info\\\/2009-2015\\\/?s={search_term_string}\"},\"query-input\":{\"@type\":\"PropertyValueSpecification\",\"valueRequired\":true,\"valueName\":\"search_term_string\"}}],\"inLanguage\":\"sq-AL\"},{\"@type\":\"Organization\",\"@id\":\"https:\\\/\\\/fjala.info\\\/2009-2015\\\/#organization\",\"name\":\"FjALA e LIR\u00cb - Arkivi\",\"url\":\"https:\\\/\\\/fjala.info\\\/2009-2015\\\/\",\"logo\":{\"@type\":\"ImageObject\",\"inLanguage\":\"sq-AL\",\"@id\":\"https:\\\/\\\/fjala.info\\\/2009-2015\\\/#\\\/schema\\\/logo\\\/image\\\/\",\"url\":\"\",\"contentUrl\":\"\",\"caption\":\"FjALA e LIR\u00cb - Arkivi\"},\"image\":{\"@id\":\"https:\\\/\\\/fjala.info\\\/2009-2015\\\/#\\\/schema\\\/logo\\\/image\\\/\"}},{\"@type\":\"Person\",\"@id\":\"https:\\\/\\\/fjala.info\\\/2009-2015\\\/#\\\/schema\\\/person\\\/3aa1163ef05469c496fc94e77611ada2\",\"name\":\"admin\",\"image\":{\"@type\":\"ImageObject\",\"inLanguage\":\"sq-AL\",\"@id\":\"https:\\\/\\\/fjala.info\\\/2009-2015\\\/wp-content\\\/uploads\\\/2012\\\/02\\\/arben_cokaj-120x150.jpg\",\"url\":\"https:\\\/\\\/fjala.info\\\/2009-2015\\\/wp-content\\\/uploads\\\/2012\\\/02\\\/arben_cokaj-120x150.jpg\",\"contentUrl\":\"https:\\\/\\\/fjala.info\\\/2009-2015\\\/wp-content\\\/uploads\\\/2012\\\/02\\\/arben_cokaj-120x150.jpg\",\"caption\":\"admin\"},\"description\":\"Admin, Fjala e Lir\u00eb\",\"sameAs\":[\"https:\\\/\\\/fjala.info\\\/\"],\"url\":\"https:\\\/\\\/fjala.info\\\/2009-2015\\\/author\\\/admin\\\/\"}]}<\/script>\n<!-- \/ Yoast SEO plugin. -->","yoast_head_json":{"title":"Luan\u00ebt e partive - FjALA e LIR\u00cb - Arkivi","robots":{"index":"index","follow":"follow","max-snippet":"max-snippet:-1","max-image-preview":"max-image-preview:large","max-video-preview":"max-video-preview:-1"},"canonical":"https:\/\/fjala.info\/2009-2015\/luanet-e-partive\/","og_locale":"sq_AL","og_type":"article","og_title":"Luan\u00ebt e partive - FjALA e LIR\u00cb - Arkivi","og_description":"Analiz\u00eb nga ARBEN RROZHANI Dje Luan Rama, nj\u00ebri prej zyrtar\u00ebve t\u00eb LSI tha se do t\u00eb konkuronte p\u00ebr \u201cmbretin\u201d e partis\u00eb s\u00eb majt\u00eb. Duke k\u00ebrkuar t\u00eb rivalizoj\u00eb me kryetarin, at\u00eb q\u00eb i jep rrog\u00ebn, mund\u00ebsin\u00eb p\u00ebr t\u00eb dal\u00eb n\u00eb publik si p\u00ebrfaq\u00ebsues politik. Edhe pse euforik p\u00ebr k\u00ebt\u00eb shans demokratik q\u00eb ia jep qenia n\u00eb [&hellip;]","og_url":"https:\/\/fjala.info\/2009-2015\/luanet-e-partive\/","og_site_name":"FjALA e LIR\u00cb - Arkivi","article_published_time":"2012-09-21T08:31:48+00:00","og_image":[{"url":"http:\/\/www.fjala.info\/2012\/arben_rrozhani.jpg","type":"","width":"","height":""}],"author":"admin","twitter_card":"summary_large_image","twitter_misc":{"Written by":"admin","Est. reading time":"3 minutes"},"schema":{"@context":"https:\/\/schema.org","@graph":[{"@type":"Article","@id":"https:\/\/fjala.info\/2009-2015\/luanet-e-partive\/#article","isPartOf":{"@id":"https:\/\/fjala.info\/2009-2015\/luanet-e-partive\/"},"author":{"name":"admin","@id":"https:\/\/fjala.info\/2009-2015\/#\/schema\/person\/3aa1163ef05469c496fc94e77611ada2"},"headline":"Luan\u00ebt e partive","datePublished":"2012-09-21T08:31:48+00:00","mainEntityOfPage":{"@id":"https:\/\/fjala.info\/2009-2015\/luanet-e-partive\/"},"wordCount":575,"commentCount":0,"publisher":{"@id":"https:\/\/fjala.info\/2009-2015\/#organization"},"image":{"@id":"https:\/\/fjala.info\/2009-2015\/luanet-e-partive\/#primaryimage"},"thumbnailUrl":"http:\/\/www.fjala.info\/2012\/arben_rrozhani.jpg","articleSection":["Artikuj"],"inLanguage":"sq-AL","potentialAction":[{"@type":"CommentAction","name":"Comment","target":["https:\/\/fjala.info\/2009-2015\/luanet-e-partive\/#respond"]}]},{"@type":"WebPage","@id":"https:\/\/fjala.info\/2009-2015\/luanet-e-partive\/","url":"https:\/\/fjala.info\/2009-2015\/luanet-e-partive\/","name":"Luan\u00ebt e partive - FjALA e LIR\u00cb - Arkivi","isPartOf":{"@id":"https:\/\/fjala.info\/2009-2015\/#website"},"primaryImageOfPage":{"@id":"https:\/\/fjala.info\/2009-2015\/luanet-e-partive\/#primaryimage"},"image":{"@id":"https:\/\/fjala.info\/2009-2015\/luanet-e-partive\/#primaryimage"},"thumbnailUrl":"http:\/\/www.fjala.info\/2012\/arben_rrozhani.jpg","datePublished":"2012-09-21T08:31:48+00:00","breadcrumb":{"@id":"https:\/\/fjala.info\/2009-2015\/luanet-e-partive\/#breadcrumb"},"inLanguage":"sq-AL","potentialAction":[{"@type":"ReadAction","target":["https:\/\/fjala.info\/2009-2015\/luanet-e-partive\/"]}]},{"@type":"ImageObject","inLanguage":"sq-AL","@id":"https:\/\/fjala.info\/2009-2015\/luanet-e-partive\/#primaryimage","url":"http:\/\/www.fjala.info\/2012\/arben_rrozhani.jpg","contentUrl":"http:\/\/www.fjala.info\/2012\/arben_rrozhani.jpg"},{"@type":"BreadcrumbList","@id":"https:\/\/fjala.info\/2009-2015\/luanet-e-partive\/#breadcrumb","itemListElement":[{"@type":"ListItem","position":1,"name":"Home","item":"https:\/\/fjala.info\/2009-2015\/"},{"@type":"ListItem","position":2,"name":"Luan\u00ebt e partive"}]},{"@type":"WebSite","@id":"https:\/\/fjala.info\/2009-2015\/#website","url":"https:\/\/fjala.info\/2009-2015\/","name":"FjALA e LIR\u00cb - Arkivi","description":"Arkivi 2009-2015","publisher":{"@id":"https:\/\/fjala.info\/2009-2015\/#organization"},"potentialAction":[{"@type":"SearchAction","target":{"@type":"EntryPoint","urlTemplate":"https:\/\/fjala.info\/2009-2015\/?s={search_term_string}"},"query-input":{"@type":"PropertyValueSpecification","valueRequired":true,"valueName":"search_term_string"}}],"inLanguage":"sq-AL"},{"@type":"Organization","@id":"https:\/\/fjala.info\/2009-2015\/#organization","name":"FjALA e LIR\u00cb - Arkivi","url":"https:\/\/fjala.info\/2009-2015\/","logo":{"@type":"ImageObject","inLanguage":"sq-AL","@id":"https:\/\/fjala.info\/2009-2015\/#\/schema\/logo\/image\/","url":"","contentUrl":"","caption":"FjALA e LIR\u00cb - Arkivi"},"image":{"@id":"https:\/\/fjala.info\/2009-2015\/#\/schema\/logo\/image\/"}},{"@type":"Person","@id":"https:\/\/fjala.info\/2009-2015\/#\/schema\/person\/3aa1163ef05469c496fc94e77611ada2","name":"admin","image":{"@type":"ImageObject","inLanguage":"sq-AL","@id":"https:\/\/fjala.info\/2009-2015\/wp-content\/uploads\/2012\/02\/arben_cokaj-120x150.jpg","url":"https:\/\/fjala.info\/2009-2015\/wp-content\/uploads\/2012\/02\/arben_cokaj-120x150.jpg","contentUrl":"https:\/\/fjala.info\/2009-2015\/wp-content\/uploads\/2012\/02\/arben_cokaj-120x150.jpg","caption":"admin"},"description":"Admin, Fjala e Lir\u00eb","sameAs":["https:\/\/fjala.info\/"],"url":"https:\/\/fjala.info\/2009-2015\/author\/admin\/"}]}},"_links":{"self":[{"href":"https:\/\/fjala.info\/2009-2015\/wp-json\/wp\/v2\/posts\/5068","targetHints":{"allow":["GET"]}}],"collection":[{"href":"https:\/\/fjala.info\/2009-2015\/wp-json\/wp\/v2\/posts"}],"about":[{"href":"https:\/\/fjala.info\/2009-2015\/wp-json\/wp\/v2\/types\/post"}],"author":[{"embeddable":true,"href":"https:\/\/fjala.info\/2009-2015\/wp-json\/wp\/v2\/users\/1"}],"replies":[{"embeddable":true,"href":"https:\/\/fjala.info\/2009-2015\/wp-json\/wp\/v2\/comments?post=5068"}],"version-history":[{"count":0,"href":"https:\/\/fjala.info\/2009-2015\/wp-json\/wp\/v2\/posts\/5068\/revisions"}],"wp:attachment":[{"href":"https:\/\/fjala.info\/2009-2015\/wp-json\/wp\/v2\/media?parent=5068"}],"wp:term":[{"taxonomy":"category","embeddable":true,"href":"https:\/\/fjala.info\/2009-2015\/wp-json\/wp\/v2\/categories?post=5068"},{"taxonomy":"post_tag","embeddable":true,"href":"https:\/\/fjala.info\/2009-2015\/wp-json\/wp\/v2\/tags?post=5068"}],"curies":[{"name":"wp","href":"https:\/\/api.w.org\/{rel}","templated":true}]}}