{"id":5066,"date":"2012-09-20T21:59:42","date_gmt":"2012-09-20T20:59:42","guid":{"rendered":"http:\/\/www.fjala.info\/?p=5066"},"modified":"2012-09-20T21:59:42","modified_gmt":"2012-09-20T20:59:42","slug":"100-mije-euro-shpenzime-per-te-shkuar-ne-okb","status":"publish","type":"post","link":"https:\/\/fjala.info\/2009-2015\/100-mije-euro-shpenzime-per-te-shkuar-ne-okb\/","title":{"rendered":"100 mij\u00eb euro shpenzime p\u00ebr t\u00eb shkuar n\u00eb OKB"},"content":{"rendered":"<p><img decoding=\"async\" class=\"alignright size-thumbnail wp-image-7236\" title=\"I love NY\" src=\"http:\/\/www.fjala.info\/2012\/delegacioni_ks_ne_nju_jork.jpg\" alt=\"\" width=\"300\" \/> <em>Foto: Z\u00ebri<\/em>, <em>20 Shtator 2012<\/em><\/p>\n<p>Sipas mediave n\u00eb Kosov\u00eb, rreth 100 mij\u00eb euro do t\u00eb kushtoj\u00eb pjes\u00ebmarrja e delegacionit t\u00eb Kosov\u00ebs n\u00eb punimet e Asambles\u00eb s\u00eb P\u00ebrgjithshme t\u00eb Organizat\u00ebs s\u00eb Kombeve t\u00eb Bashkuara (OKB) n\u00eb Nju-Jork. E p\u00ebrditshmja \u201cZ\u00ebri\u201d shkruan se \u201c<em>zyrtar\u00ebt e institucioneve kosovare, as nuk e \u00e7ajn\u00eb kok\u00ebn p\u00ebr shpenzime<\/em>\u201d, duke sakt\u00ebsuar se do t\u00eb jen\u00eb m\u00eb shum\u00eb se 23 zyrtar\u00eb q\u00eb do t\u00eb marrin pjes\u00eb n\u00eb punimet e Asambles\u00eb.<\/p>\n<p>K\u00ebtij delegacioni do t\u2019i prij\u00eb presidentja, Atifete Jahjaga, e cila k\u00ebsaj radhe do t\u2019ia tregoj\u00eb Amerik\u00ebn edhe bashk\u00ebshortit, Astrit Ku\u00e7i. Po ashtu, presidentja Jahjaga \u00ebsht\u00eb kujdesur q\u00eb me vete ta marr\u00eb edhe fotografin e saj personal, Florent Rrahmanin.<\/p>\n<p>Presidentja po ashtu me vete do t\u2019i marr\u00eb edhe dy k\u00ebshilltaret politik\u00eb, Ramush Tahirin dhe Arb\u00ebr Vllahiun.<\/p>\n<p>Nd\u00ebrkaq, p\u00ebr sigurin\u00eb e presidentes n\u00eb Amerik\u00eb do t\u00eb kujdeset Islam Haliti, i cili \u00ebsht\u00eb kuad\u00ebr i Nj\u00ebsis\u00eb p\u00ebr Mbrojtjen e af\u00ebrt n\u00eb Ministrin\u00eb e Pun\u00ebve t\u00eb Brendshme t\u00eb Kosov\u00ebs.<\/p>\n<p>S\u00eb bashku me presidenten, n\u00eb ket\u00eb shtet do t\u00eb udh\u00ebtoj\u00eb edhe kryeministri i Kosov\u00ebs, Hashim Tha\u00e7i.<\/p>\n<p>Burime t\u00eb besueshme t\u00eb gazet\u00ebs thon\u00eb se n\u00eb Amerik\u00eb kryeministri Hashim Tha\u00e7i dot\u00eb marr\u00eb me vete edhe pes\u00eb bashk\u00ebpun\u00ebtor\u00eb t\u00eb tij.<\/p>\n<p>Edhe z\u00ebvend\u00ebskryeministri Behgjet Pacolli nuk do t\u00eb shkoj\u00eb i vet\u00ebm n\u00eb selin\u00eb e OKB-s\u00eb. Ai do t\u00eb jet\u00eb i shoq\u00ebruar nga k\u00ebshilltari dhe truproja i tij personal.<\/p>\n<p>Po ashtu, n\u00eb Amerik\u00eb kan\u00eb udh\u00ebtuar edhe ministrja e Tregtis\u00eb dhe Industris\u00eb, Mimoza Kusari \u2013 Lila, s\u00eb bashku me k\u00ebshilltarin e saj Bernard Nikajn, si dhe me Valdrin Lluk\u00ebn, i cili \u00ebsht\u00eb drejtor p\u00ebr promovimin e investimeve n\u00eb k\u00ebt\u00eb ministri.<\/p>\n<p>Delegacionit po ashtu do t\u2019i bashk\u00ebngjitet edhe ministra e Integrimeve, Vlora \u00c7itaku, me nj\u00eb k\u00ebshilltar si dhe ministri i Pun\u00ebve t\u00eb Jashtme t\u00eb Kosov\u00ebs, Enver Hoxhaj.<\/p>\n<p>S\u00eb bashku me ministrin Hoxhaj n\u00eb Amerik\u00eb do t\u00eb udh\u00ebtojn\u00eb edhe dy bashk\u00ebpun\u00ebtor\u00eb t\u00eb tij.<\/p>\n<p>N\u00eb an\u00ebn tjet\u00ebr, z\u00ebdh\u00ebn\u00ebsi i presidenc\u00ebs Arber Vllahiu konfirmon se presidentja deri n\u00eb fund t\u00eb jav\u00ebs do t\u00eb jet\u00eb n\u00eb Nju-Jork.<\/p>\n<p>Ai tha se presidentja e Republik\u00ebs s\u00eb Kosov\u00ebs dhe bashk\u00ebshorti i saj do t\u00eb marrin pjes\u00eb n\u00eb pritjen te presidenti i SHBA-s\u00eb, Barack Obama.<\/p>\n<p>Edhe ministrja e Integrimeve Evropiane, Vlora \u00c7itaku, konfirmon se ajo s\u00eb bashku m\u00eb nj\u00eb k\u00ebshilltar t\u00eb saj do t\u00eb udh\u00ebtojn\u00eb p\u00ebr n\u00eb SHBA, p\u00ebr t\u00eb marr\u00eb pjes\u00eb n\u00eb takimet q\u00eb do t\u00eb mbahen n\u00eb selin\u00eb e Organizat\u00ebs s\u00eb Kombeve t\u00eb Bashkuara (OKB) n\u00eb Nu-Jork.<\/p>\n<p>Po ashtu, udh\u00ebtimin p\u00ebr n\u00eb Nju-Jork e ka konfirmuar edhe ministra e Tregtis\u00eb dhe Industris\u00eb, Mimoza Kusari- Lila dhe ministri i Pun\u00ebve t\u00eb Jashtme t\u00eb Kosov\u00ebs, Enver Hoxhaj.<\/p>\n<p>Burime t\u00eb besueshme t\u00eb gazet\u00ebs \u201cZ\u00ebri\u201d thon\u00eb se vizita e nj\u00eb zyrtari kosovar n\u00eb Amerik\u00eb buxhetit t\u00eb Kosov\u00ebs i kushton rreth kat\u00ebr mij\u00eb euro.<\/p>\n<p>Sipas k\u00ebtij, burimi n\u00eb k\u00ebt\u00eb shum\u00eb hyjn\u00eb bileta e avionit, ushqimi, dhe q\u00ebndrimi n\u00eb hotel.<\/p>\n<p>\u201cShpenzimet b\u00ebhen var\u00ebsisht prej nivelit t\u00eb delegacionit, por minimumi i shpenzimeve \u00ebsht\u00eb 4000 mij\u00eb euro p\u00ebr nj\u00eb zyrtar. Por, kjo shum\u00eb mund t\u00eb shkoj\u00eb edhe deri n\u00eb 8 mij\u00eb euro\u201d<\/p>\n<p>Po ashtu edhe zyrtar\u00eb t\u00eb avio-kompanive n\u00eb Kosov\u00eb, thon\u00eb se \u00e7mimi i nj\u00eb bilete p\u00ebr t\u00eb udh\u00ebtuar dhe kthyer nga Nju-Jork kushton rreth 1000 euro. Por, ky \u00e7mim nuk \u00ebsht\u00eb fiks, ai ndryshon var\u00ebsisht prej koh\u00ebs kur udh\u00ebton, koh\u00ebs kur kthehesh n\u00eb Kosov\u00eb.<\/p>\n<p>Po ashtu edhe \u00e7mimet e hoteleve n\u00eb Nju-Jork shkojn\u00eb nga 300 deri n\u00eb 1000 dollar\u00eb p\u00ebr nj\u00eb nat\u00eb. N\u00eb hotelin \u201cAscend Collection Hotel\u201d, i cili ka kat\u00ebr yje, nj\u00eb nat\u00eb q\u00ebndrimi kushton 319 dollar\u00eb. N\u00eb hotelin \u201cPennsylvania\u201d i cili ka tre yje, nj\u00eb nat\u00eb 441 dollar\u00eb, nd\u00ebrkaq n\u00eb hotelin \u201cThe \u00cbaldorf Astoria\u201d, i cili ka pes\u00eb yje, nj\u00eb nat\u00eb q\u00ebndrimi kushton 1.015 dollar\u00eb. P\u00ebr dallim nga Nju-Jork, n\u00eb Uashington \u00e7mimet e hoteleve jan\u00eb pak m\u00eb t\u00eb lira.<\/p>\n<p>P\u00ebr nj\u00eb nat\u00eb q\u00ebndrimi n\u00eb hotel \u201cUashington Plaza\u201d, i cili ka tre yje, duhet t\u00eb paguash 221 dollar\u00eb. Po ashtu, edhe n\u00eb hotelin \u201cEmbassy Suites Uashington Convention Center\u201d, i cili ka kat\u00ebr yje nj\u00eb nat\u00eb kushton 387 dollar\u00eb. Nd\u00ebrkaq, n\u00eb hotelin \u201cThe St. Regis Uashington, D.C.\u201d i cili ka pese yje nj\u00eb nat\u00eb q\u00ebndrimi kushton 752 dollar\u00eb.<\/p>\n<p><strong>Delegacioni i Kosov\u00ebs<\/strong><\/p>\n<p>Atifete Jahjaga, 6<br \/>\nHashim Tha\u00e7i, 6<br \/>\nBehgjet Pacolli, 3<br \/>\nMimoza Kusari, 3<br \/>\nEnver Hoxhaj, 3<br \/>\nVlora \u00c7itaku, 2<\/p>\n<p>(<em>Z\u00ebri<\/em>)<\/p>\n","protected":false},"excerpt":{"rendered":"<p>Foto: Z\u00ebri, 20 Shtator 2012 Sipas mediave n\u00eb Kosov\u00eb, rreth 100 mij\u00eb euro do t\u00eb kushtoj\u00eb pjes\u00ebmarrja e delegacionit t\u00eb Kosov\u00ebs n\u00eb punimet e Asambles\u00eb s\u00eb P\u00ebrgjithshme t\u00eb Organizat\u00ebs s\u00eb Kombeve t\u00eb Bashkuara (OKB) n\u00eb Nju-Jork. E p\u00ebrditshmja \u201cZ\u00ebri\u201d shkruan se \u201czyrtar\u00ebt e institucioneve kosovare, as nuk e \u00e7ajn\u00eb kok\u00ebn p\u00ebr shpenzime\u201d, duke sakt\u00ebsuar se [&hellip;]<\/p>\n","protected":false},"author":1,"featured_media":0,"comment_status":"open","ping_status":"closed","sticky":false,"template":"","format":"standard","meta":{"footnotes":""},"categories":[2],"tags":[],"class_list":{"0":"post-5066","1":"post","2":"type-post","3":"status-publish","4":"format-standard","6":"category-artikuj"},"yoast_head":"<!-- This site is optimized with the Yoast SEO plugin v27.4 - https:\/\/yoast.com\/product\/yoast-seo-wordpress\/ -->\n<title>100 mij\u00eb euro shpenzime p\u00ebr t\u00eb shkuar n\u00eb OKB - FjALA e LIR\u00cb - Arkivi<\/title>\n<meta name=\"robots\" content=\"index, follow, max-snippet:-1, max-image-preview:large, max-video-preview:-1\" \/>\n<link rel=\"canonical\" href=\"https:\/\/fjala.info\/2009-2015\/100-mije-euro-shpenzime-per-te-shkuar-ne-okb\/\" \/>\n<meta property=\"og:locale\" content=\"sq_AL\" \/>\n<meta property=\"og:type\" content=\"article\" \/>\n<meta property=\"og:title\" content=\"100 mij\u00eb euro shpenzime p\u00ebr t\u00eb shkuar n\u00eb OKB - FjALA e LIR\u00cb - Arkivi\" \/>\n<meta property=\"og:description\" content=\"Foto: Z\u00ebri, 20 Shtator 2012 Sipas mediave n\u00eb Kosov\u00eb, rreth 100 mij\u00eb euro do t\u00eb kushtoj\u00eb pjes\u00ebmarrja e delegacionit t\u00eb Kosov\u00ebs n\u00eb punimet e Asambles\u00eb s\u00eb P\u00ebrgjithshme t\u00eb Organizat\u00ebs s\u00eb Kombeve t\u00eb Bashkuara (OKB) n\u00eb Nju-Jork. E p\u00ebrditshmja \u201cZ\u00ebri\u201d shkruan se \u201czyrtar\u00ebt e institucioneve kosovare, as nuk e \u00e7ajn\u00eb kok\u00ebn p\u00ebr shpenzime\u201d, duke sakt\u00ebsuar se [&hellip;]\" \/>\n<meta property=\"og:url\" content=\"https:\/\/fjala.info\/2009-2015\/100-mije-euro-shpenzime-per-te-shkuar-ne-okb\/\" \/>\n<meta property=\"og:site_name\" content=\"FjALA e LIR\u00cb - Arkivi\" \/>\n<meta property=\"article:published_time\" content=\"2012-09-20T20:59:42+00:00\" \/>\n<meta property=\"og:image\" content=\"http:\/\/www.fjala.info\/2012\/delegacioni_ks_ne_nju_jork.jpg\" \/>\n<meta name=\"author\" content=\"admin\" \/>\n<meta name=\"twitter:card\" content=\"summary_large_image\" \/>\n<meta name=\"twitter:label1\" content=\"Written by\" \/>\n\t<meta name=\"twitter:data1\" content=\"admin\" \/>\n\t<meta name=\"twitter:label2\" content=\"Est. reading time\" \/>\n\t<meta name=\"twitter:data2\" content=\"4 minutes\" \/>\n<script type=\"application\/ld+json\" class=\"yoast-schema-graph\">{\"@context\":\"https:\\\/\\\/schema.org\",\"@graph\":[{\"@type\":\"Article\",\"@id\":\"https:\\\/\\\/fjala.info\\\/2009-2015\\\/100-mije-euro-shpenzime-per-te-shkuar-ne-okb\\\/#article\",\"isPartOf\":{\"@id\":\"https:\\\/\\\/fjala.info\\\/2009-2015\\\/100-mije-euro-shpenzime-per-te-shkuar-ne-okb\\\/\"},\"author\":{\"name\":\"admin\",\"@id\":\"https:\\\/\\\/fjala.info\\\/2009-2015\\\/#\\\/schema\\\/person\\\/3aa1163ef05469c496fc94e77611ada2\"},\"headline\":\"100 mij\u00eb euro shpenzime p\u00ebr t\u00eb shkuar n\u00eb OKB\",\"datePublished\":\"2012-09-20T20:59:42+00:00\",\"mainEntityOfPage\":{\"@id\":\"https:\\\/\\\/fjala.info\\\/2009-2015\\\/100-mije-euro-shpenzime-per-te-shkuar-ne-okb\\\/\"},\"wordCount\":778,\"commentCount\":0,\"publisher\":{\"@id\":\"https:\\\/\\\/fjala.info\\\/2009-2015\\\/#organization\"},\"image\":{\"@id\":\"https:\\\/\\\/fjala.info\\\/2009-2015\\\/100-mije-euro-shpenzime-per-te-shkuar-ne-okb\\\/#primaryimage\"},\"thumbnailUrl\":\"http:\\\/\\\/www.fjala.info\\\/2012\\\/delegacioni_ks_ne_nju_jork.jpg\",\"articleSection\":[\"Artikuj\"],\"inLanguage\":\"sq-AL\",\"potentialAction\":[{\"@type\":\"CommentAction\",\"name\":\"Comment\",\"target\":[\"https:\\\/\\\/fjala.info\\\/2009-2015\\\/100-mije-euro-shpenzime-per-te-shkuar-ne-okb\\\/#respond\"]}]},{\"@type\":\"WebPage\",\"@id\":\"https:\\\/\\\/fjala.info\\\/2009-2015\\\/100-mije-euro-shpenzime-per-te-shkuar-ne-okb\\\/\",\"url\":\"https:\\\/\\\/fjala.info\\\/2009-2015\\\/100-mije-euro-shpenzime-per-te-shkuar-ne-okb\\\/\",\"name\":\"100 mij\u00eb euro shpenzime p\u00ebr t\u00eb shkuar n\u00eb OKB - FjALA e LIR\u00cb - Arkivi\",\"isPartOf\":{\"@id\":\"https:\\\/\\\/fjala.info\\\/2009-2015\\\/#website\"},\"primaryImageOfPage\":{\"@id\":\"https:\\\/\\\/fjala.info\\\/2009-2015\\\/100-mije-euro-shpenzime-per-te-shkuar-ne-okb\\\/#primaryimage\"},\"image\":{\"@id\":\"https:\\\/\\\/fjala.info\\\/2009-2015\\\/100-mije-euro-shpenzime-per-te-shkuar-ne-okb\\\/#primaryimage\"},\"thumbnailUrl\":\"http:\\\/\\\/www.fjala.info\\\/2012\\\/delegacioni_ks_ne_nju_jork.jpg\",\"datePublished\":\"2012-09-20T20:59:42+00:00\",\"breadcrumb\":{\"@id\":\"https:\\\/\\\/fjala.info\\\/2009-2015\\\/100-mije-euro-shpenzime-per-te-shkuar-ne-okb\\\/#breadcrumb\"},\"inLanguage\":\"sq-AL\",\"potentialAction\":[{\"@type\":\"ReadAction\",\"target\":[\"https:\\\/\\\/fjala.info\\\/2009-2015\\\/100-mije-euro-shpenzime-per-te-shkuar-ne-okb\\\/\"]}]},{\"@type\":\"ImageObject\",\"inLanguage\":\"sq-AL\",\"@id\":\"https:\\\/\\\/fjala.info\\\/2009-2015\\\/100-mije-euro-shpenzime-per-te-shkuar-ne-okb\\\/#primaryimage\",\"url\":\"http:\\\/\\\/www.fjala.info\\\/2012\\\/delegacioni_ks_ne_nju_jork.jpg\",\"contentUrl\":\"http:\\\/\\\/www.fjala.info\\\/2012\\\/delegacioni_ks_ne_nju_jork.jpg\"},{\"@type\":\"BreadcrumbList\",\"@id\":\"https:\\\/\\\/fjala.info\\\/2009-2015\\\/100-mije-euro-shpenzime-per-te-shkuar-ne-okb\\\/#breadcrumb\",\"itemListElement\":[{\"@type\":\"ListItem\",\"position\":1,\"name\":\"Home\",\"item\":\"https:\\\/\\\/fjala.info\\\/2009-2015\\\/\"},{\"@type\":\"ListItem\",\"position\":2,\"name\":\"100 mij\u00eb euro shpenzime p\u00ebr t\u00eb shkuar n\u00eb OKB\"}]},{\"@type\":\"WebSite\",\"@id\":\"https:\\\/\\\/fjala.info\\\/2009-2015\\\/#website\",\"url\":\"https:\\\/\\\/fjala.info\\\/2009-2015\\\/\",\"name\":\"FjALA e LIR\u00cb - Arkivi\",\"description\":\"Arkivi 2009-2015\",\"publisher\":{\"@id\":\"https:\\\/\\\/fjala.info\\\/2009-2015\\\/#organization\"},\"potentialAction\":[{\"@type\":\"SearchAction\",\"target\":{\"@type\":\"EntryPoint\",\"urlTemplate\":\"https:\\\/\\\/fjala.info\\\/2009-2015\\\/?s={search_term_string}\"},\"query-input\":{\"@type\":\"PropertyValueSpecification\",\"valueRequired\":true,\"valueName\":\"search_term_string\"}}],\"inLanguage\":\"sq-AL\"},{\"@type\":\"Organization\",\"@id\":\"https:\\\/\\\/fjala.info\\\/2009-2015\\\/#organization\",\"name\":\"FjALA e LIR\u00cb - Arkivi\",\"url\":\"https:\\\/\\\/fjala.info\\\/2009-2015\\\/\",\"logo\":{\"@type\":\"ImageObject\",\"inLanguage\":\"sq-AL\",\"@id\":\"https:\\\/\\\/fjala.info\\\/2009-2015\\\/#\\\/schema\\\/logo\\\/image\\\/\",\"url\":\"\",\"contentUrl\":\"\",\"caption\":\"FjALA e LIR\u00cb - Arkivi\"},\"image\":{\"@id\":\"https:\\\/\\\/fjala.info\\\/2009-2015\\\/#\\\/schema\\\/logo\\\/image\\\/\"}},{\"@type\":\"Person\",\"@id\":\"https:\\\/\\\/fjala.info\\\/2009-2015\\\/#\\\/schema\\\/person\\\/3aa1163ef05469c496fc94e77611ada2\",\"name\":\"admin\",\"image\":{\"@type\":\"ImageObject\",\"inLanguage\":\"sq-AL\",\"@id\":\"https:\\\/\\\/fjala.info\\\/2009-2015\\\/wp-content\\\/uploads\\\/2012\\\/02\\\/arben_cokaj-120x150.jpg\",\"url\":\"https:\\\/\\\/fjala.info\\\/2009-2015\\\/wp-content\\\/uploads\\\/2012\\\/02\\\/arben_cokaj-120x150.jpg\",\"contentUrl\":\"https:\\\/\\\/fjala.info\\\/2009-2015\\\/wp-content\\\/uploads\\\/2012\\\/02\\\/arben_cokaj-120x150.jpg\",\"caption\":\"admin\"},\"description\":\"Admin, Fjala e Lir\u00eb\",\"sameAs\":[\"https:\\\/\\\/fjala.info\\\/\"],\"url\":\"https:\\\/\\\/fjala.info\\\/2009-2015\\\/author\\\/admin\\\/\"}]}<\/script>\n<!-- \/ Yoast SEO plugin. -->","yoast_head_json":{"title":"100 mij\u00eb euro shpenzime p\u00ebr t\u00eb shkuar n\u00eb OKB - FjALA e LIR\u00cb - Arkivi","robots":{"index":"index","follow":"follow","max-snippet":"max-snippet:-1","max-image-preview":"max-image-preview:large","max-video-preview":"max-video-preview:-1"},"canonical":"https:\/\/fjala.info\/2009-2015\/100-mije-euro-shpenzime-per-te-shkuar-ne-okb\/","og_locale":"sq_AL","og_type":"article","og_title":"100 mij\u00eb euro shpenzime p\u00ebr t\u00eb shkuar n\u00eb OKB - FjALA e LIR\u00cb - Arkivi","og_description":"Foto: Z\u00ebri, 20 Shtator 2012 Sipas mediave n\u00eb Kosov\u00eb, rreth 100 mij\u00eb euro do t\u00eb kushtoj\u00eb pjes\u00ebmarrja e delegacionit t\u00eb Kosov\u00ebs n\u00eb punimet e Asambles\u00eb s\u00eb P\u00ebrgjithshme t\u00eb Organizat\u00ebs s\u00eb Kombeve t\u00eb Bashkuara (OKB) n\u00eb Nju-Jork. E p\u00ebrditshmja \u201cZ\u00ebri\u201d shkruan se \u201czyrtar\u00ebt e institucioneve kosovare, as nuk e \u00e7ajn\u00eb kok\u00ebn p\u00ebr shpenzime\u201d, duke sakt\u00ebsuar se [&hellip;]","og_url":"https:\/\/fjala.info\/2009-2015\/100-mije-euro-shpenzime-per-te-shkuar-ne-okb\/","og_site_name":"FjALA e LIR\u00cb - Arkivi","article_published_time":"2012-09-20T20:59:42+00:00","og_image":[{"url":"http:\/\/www.fjala.info\/2012\/delegacioni_ks_ne_nju_jork.jpg","type":"","width":"","height":""}],"author":"admin","twitter_card":"summary_large_image","twitter_misc":{"Written by":"admin","Est. reading time":"4 minutes"},"schema":{"@context":"https:\/\/schema.org","@graph":[{"@type":"Article","@id":"https:\/\/fjala.info\/2009-2015\/100-mije-euro-shpenzime-per-te-shkuar-ne-okb\/#article","isPartOf":{"@id":"https:\/\/fjala.info\/2009-2015\/100-mije-euro-shpenzime-per-te-shkuar-ne-okb\/"},"author":{"name":"admin","@id":"https:\/\/fjala.info\/2009-2015\/#\/schema\/person\/3aa1163ef05469c496fc94e77611ada2"},"headline":"100 mij\u00eb euro shpenzime p\u00ebr t\u00eb shkuar n\u00eb OKB","datePublished":"2012-09-20T20:59:42+00:00","mainEntityOfPage":{"@id":"https:\/\/fjala.info\/2009-2015\/100-mije-euro-shpenzime-per-te-shkuar-ne-okb\/"},"wordCount":778,"commentCount":0,"publisher":{"@id":"https:\/\/fjala.info\/2009-2015\/#organization"},"image":{"@id":"https:\/\/fjala.info\/2009-2015\/100-mije-euro-shpenzime-per-te-shkuar-ne-okb\/#primaryimage"},"thumbnailUrl":"http:\/\/www.fjala.info\/2012\/delegacioni_ks_ne_nju_jork.jpg","articleSection":["Artikuj"],"inLanguage":"sq-AL","potentialAction":[{"@type":"CommentAction","name":"Comment","target":["https:\/\/fjala.info\/2009-2015\/100-mije-euro-shpenzime-per-te-shkuar-ne-okb\/#respond"]}]},{"@type":"WebPage","@id":"https:\/\/fjala.info\/2009-2015\/100-mije-euro-shpenzime-per-te-shkuar-ne-okb\/","url":"https:\/\/fjala.info\/2009-2015\/100-mije-euro-shpenzime-per-te-shkuar-ne-okb\/","name":"100 mij\u00eb euro shpenzime p\u00ebr t\u00eb shkuar n\u00eb OKB - FjALA e LIR\u00cb - Arkivi","isPartOf":{"@id":"https:\/\/fjala.info\/2009-2015\/#website"},"primaryImageOfPage":{"@id":"https:\/\/fjala.info\/2009-2015\/100-mije-euro-shpenzime-per-te-shkuar-ne-okb\/#primaryimage"},"image":{"@id":"https:\/\/fjala.info\/2009-2015\/100-mije-euro-shpenzime-per-te-shkuar-ne-okb\/#primaryimage"},"thumbnailUrl":"http:\/\/www.fjala.info\/2012\/delegacioni_ks_ne_nju_jork.jpg","datePublished":"2012-09-20T20:59:42+00:00","breadcrumb":{"@id":"https:\/\/fjala.info\/2009-2015\/100-mije-euro-shpenzime-per-te-shkuar-ne-okb\/#breadcrumb"},"inLanguage":"sq-AL","potentialAction":[{"@type":"ReadAction","target":["https:\/\/fjala.info\/2009-2015\/100-mije-euro-shpenzime-per-te-shkuar-ne-okb\/"]}]},{"@type":"ImageObject","inLanguage":"sq-AL","@id":"https:\/\/fjala.info\/2009-2015\/100-mije-euro-shpenzime-per-te-shkuar-ne-okb\/#primaryimage","url":"http:\/\/www.fjala.info\/2012\/delegacioni_ks_ne_nju_jork.jpg","contentUrl":"http:\/\/www.fjala.info\/2012\/delegacioni_ks_ne_nju_jork.jpg"},{"@type":"BreadcrumbList","@id":"https:\/\/fjala.info\/2009-2015\/100-mije-euro-shpenzime-per-te-shkuar-ne-okb\/#breadcrumb","itemListElement":[{"@type":"ListItem","position":1,"name":"Home","item":"https:\/\/fjala.info\/2009-2015\/"},{"@type":"ListItem","position":2,"name":"100 mij\u00eb euro shpenzime p\u00ebr t\u00eb shkuar n\u00eb OKB"}]},{"@type":"WebSite","@id":"https:\/\/fjala.info\/2009-2015\/#website","url":"https:\/\/fjala.info\/2009-2015\/","name":"FjALA e LIR\u00cb - Arkivi","description":"Arkivi 2009-2015","publisher":{"@id":"https:\/\/fjala.info\/2009-2015\/#organization"},"potentialAction":[{"@type":"SearchAction","target":{"@type":"EntryPoint","urlTemplate":"https:\/\/fjala.info\/2009-2015\/?s={search_term_string}"},"query-input":{"@type":"PropertyValueSpecification","valueRequired":true,"valueName":"search_term_string"}}],"inLanguage":"sq-AL"},{"@type":"Organization","@id":"https:\/\/fjala.info\/2009-2015\/#organization","name":"FjALA e LIR\u00cb - Arkivi","url":"https:\/\/fjala.info\/2009-2015\/","logo":{"@type":"ImageObject","inLanguage":"sq-AL","@id":"https:\/\/fjala.info\/2009-2015\/#\/schema\/logo\/image\/","url":"","contentUrl":"","caption":"FjALA e LIR\u00cb - Arkivi"},"image":{"@id":"https:\/\/fjala.info\/2009-2015\/#\/schema\/logo\/image\/"}},{"@type":"Person","@id":"https:\/\/fjala.info\/2009-2015\/#\/schema\/person\/3aa1163ef05469c496fc94e77611ada2","name":"admin","image":{"@type":"ImageObject","inLanguage":"sq-AL","@id":"https:\/\/fjala.info\/2009-2015\/wp-content\/uploads\/2012\/02\/arben_cokaj-120x150.jpg","url":"https:\/\/fjala.info\/2009-2015\/wp-content\/uploads\/2012\/02\/arben_cokaj-120x150.jpg","contentUrl":"https:\/\/fjala.info\/2009-2015\/wp-content\/uploads\/2012\/02\/arben_cokaj-120x150.jpg","caption":"admin"},"description":"Admin, Fjala e Lir\u00eb","sameAs":["https:\/\/fjala.info\/"],"url":"https:\/\/fjala.info\/2009-2015\/author\/admin\/"}]}},"_links":{"self":[{"href":"https:\/\/fjala.info\/2009-2015\/wp-json\/wp\/v2\/posts\/5066","targetHints":{"allow":["GET"]}}],"collection":[{"href":"https:\/\/fjala.info\/2009-2015\/wp-json\/wp\/v2\/posts"}],"about":[{"href":"https:\/\/fjala.info\/2009-2015\/wp-json\/wp\/v2\/types\/post"}],"author":[{"embeddable":true,"href":"https:\/\/fjala.info\/2009-2015\/wp-json\/wp\/v2\/users\/1"}],"replies":[{"embeddable":true,"href":"https:\/\/fjala.info\/2009-2015\/wp-json\/wp\/v2\/comments?post=5066"}],"version-history":[{"count":0,"href":"https:\/\/fjala.info\/2009-2015\/wp-json\/wp\/v2\/posts\/5066\/revisions"}],"wp:attachment":[{"href":"https:\/\/fjala.info\/2009-2015\/wp-json\/wp\/v2\/media?parent=5066"}],"wp:term":[{"taxonomy":"category","embeddable":true,"href":"https:\/\/fjala.info\/2009-2015\/wp-json\/wp\/v2\/categories?post=5066"},{"taxonomy":"post_tag","embeddable":true,"href":"https:\/\/fjala.info\/2009-2015\/wp-json\/wp\/v2\/tags?post=5066"}],"curies":[{"name":"wp","href":"https:\/\/api.w.org\/{rel}","templated":true}]}}