{"id":5064,"date":"2013-10-21T23:11:50","date_gmt":"2013-10-21T22:11:50","guid":{"rendered":"http:\/\/fjala.info\/?p=5064"},"modified":"2013-10-21T23:11:50","modified_gmt":"2013-10-21T22:11:50","slug":"xhamia-e-re","status":"publish","type":"post","link":"https:\/\/fjala.info\/2009-2015\/xhamia-e-re\/","title":{"rendered":"Xhamia &#8220;e re&#8221;"},"content":{"rendered":"<p><img decoding=\"async\" class=\"alignright size-thumbnail wp-image-7236\" title=\"Donika Omari\" alt=\"\" src=\"http:\/\/www.fjala.info\/2013\/donika_omari.jpg\" width=\"100\" \/> Nga <strong>Donika Omari<\/strong>, <em>19 tetor 2013<\/em><\/p>\n<p>P\u00ebrs\u00ebri p\u00ebr projektin e xhamis\u00eb te sheshi i Namazgjas\u00eb n\u00eb Tiran\u00eb. \u00cbsht\u00eb v\u00ebn\u00eb brenda thonj\u00ebzave cil\u00ebsori i emrit (\u201ce re\u201d), p\u00ebr t\u00eb treguar se n\u00eb fakt kemi t\u00eb b\u00ebjm\u00eb me nj\u00eb xhami mesjetare. Kjo v\u00ebrtetohet fare leht\u00eb po t\u2019u hedhim nj\u00eb sy t\u00eb shpejt\u00eb n\u00eb internet objekteve t\u00eb kultit islamik n\u00eb bot\u00eb.<\/p>\n<p>Xhamia e Namazgjas\u00eb n\u00eb qend\u00ebr t\u00eb Tiran\u00ebs na rezulton e stilit turko-otoman! Arkitektur\u00eb q\u00eb haset vet\u00ebm n\u00eb Turqi e jo n\u00eb vendet e tjera myslimane. N\u00eb k\u00ebto vende shohim stilin elegant arab. Me k\u00ebt\u00eb nuk dua t\u00eb them se arkitektura turko-otomane nuk ka bukurin\u00eb e vet. Nuk e merrja me mend se xhamit\u00eb e Stambollit mund t\u00eb ishin aq t\u00eb bukura derisa i vizitova para disa vjet\u00ebsh.<\/p>\n<p>Por nuk \u00ebsht\u00eb gj\u00eb e panjohur q\u00eb Shqip\u00ebria ka qen\u00eb e pushtuar p\u00ebr gjysm\u00eb mij\u00ebvje\u00e7ari nga Perandoria Osmane. Nj\u00eb simbol t\u00eb k\u00ebtij pushtimi e kemi tashm\u00eb n\u00eb qend\u00ebr t\u00eb kryeqytetit, krahas shtatores ekuestre t\u00eb Heroit ton\u00eb Komb\u00ebtar q\u00eb e luftoi p\u00ebr \u00e7erek shekulli at\u00eb pushtim. Mos qenka e nevojshme t\u00eb kemi tani n\u00eb fillimshekullin XXI nj\u00eb simbol t\u00eb dyt\u00eb? Q\u00eb do t\u00eb nd\u00ebrtohet jo n\u00ebn shtr\u00ebngimin e ndonj\u00eb pushtuesi por me nism\u00ebn, vullnetin e shpenzimet tona?<\/p>\n<p>Arkitektura e projektit t\u00eb xhamis\u00eb n\u00eb fjal\u00eb, m\u00eb shpie te besimtar\u00eb t\u00eb veshur me veshje orientale otomane-turke, me \u00e7allma n\u00eb kok\u00eb e me mjekra e mustaqe t\u00eb m\u00ebdha. Duke e v\u00ebshtruar at\u00eb projekt p\u00ebrfytyroj karroca q\u00eb shpien sulltanin dhe familjen e tij, vezir\u00ebt, pashallar\u00ebt, bejler\u00ebt e agallar\u00ebt p\u00ebr or\u00ebt e lutjes. P\u00ebrfytyroj gra t\u00eb mbuluara, papu\u00e7et karakteristike maj\u00ebp\u00ebrpjeta t\u00eb l\u00ebna n\u00eb hyrje etj., etj. P\u00ebr fat t\u00eb keq, m\u00eb vijn\u00eb n\u00eb kujtes\u00eb edhe dumbabist\u00ebt tan\u00eb\u2026<\/p>\n<p>K\u00ebt\u00eb p\u00ebrshtypje ta p\u00ebrforcojn\u00eb edhe m\u00eb shum\u00eb kat\u00ebr minaret tipike t\u00eb xhamive t\u00eb Stambollit. N\u00eb vende t\u00eb tjera shum\u00eb rrall\u00eb mund t\u00eb has\u00ebsh ndonj\u00eb xhami me kaq shum\u00eb minare. Nj\u00eb, a e shumta dy minare, do t\u00eb ishin mjaft p\u00ebr Tiran\u00ebn ton\u00eb t\u00eb vog\u00ebl.<\/p>\n<p>Por po i l\u00ebm\u00eb m\u00ebnjan\u00eb ato 500 vjet\u00ebt e pushtimit, meq\u00eb e paskemi kaq t\u00eb leht\u00eb ta b\u00ebjm\u00eb k\u00ebt\u00eb gj\u00eb. Le t\u00eb shohim \u00e7\u00ebshtjen e ecjes me koh\u00ebn. Mos \u00ebsht\u00eb e udh\u00ebs t\u00eb nd\u00ebrtosh objekte kulti t\u00eb nj\u00ebjta me ato t\u00eb kaq shum\u00eb shekujsh t\u00eb kaluar? Mos koha p\u00ebr ne shqiptar\u00ebt duhet t\u00eb ngec\u00eb n\u00eb vend, e madje t\u00eb ec\u00eb mbrapsht? A nuk jemi prapa bot\u00ebs duke mos zgjedhur nga bota modele xhamish t\u00eb nd\u00ebrtuara n\u00eb vende myslimane, por edhe n\u00eb vende t\u00eb krishtera nga komunitete myslimane?<\/p>\n<p>Po sjellim disa shembuj: n\u00eb Algjer, n\u00eb Dubai, n\u00eb Kazablanka, n\u00eb Tashkent, n\u00eb Mosk\u00eb, n\u00eb Nju-Jork, n\u00eb Lond\u00ebr etj., etj., asgj\u00ebkund nuk hasim arkitektur\u00eb xhamish turko-otomane. Mos n\u00eb k\u00ebto vende mysliman\u00ebt jan\u00eb m\u00eb pak t\u00eb devotsh\u00ebm se nuk i kan\u00eb t\u00eb tilla objektet e kultit? Komuniteti mysliman i Rom\u00ebs ka nd\u00ebrtuar nj\u00eb xhami moderne me nj\u00eb hijeshi e fines\u00eb t\u00eb ve\u00e7ant\u00eb. \u00cbsht\u00eb e kuptueshme: nuk mund t\u00eb b\u00ebnte p\u00ebrjashtim xhamia n\u00eb k\u00ebt\u00eb vend q\u00eb quhet \u201cil bel paese\u201d. Por jo m\u00eb pak elegante \u00ebsht\u00eb edhe xhamia e re e Sarajev\u00ebs, e nd\u00ebrtuar tani von\u00eb.<\/p>\n<p>P\u00ebr fat t\u00eb keq, n\u00eb Shqip\u00ebri nuk \u00ebsht\u00eb i vet\u00ebm rasti i k\u00ebsaj xhamie q\u00eb flet p\u00ebr marr\u00ebdh\u00ebnien ton\u00eb primitive me koh\u00ebn. Kisha ortodokse e Kor\u00e7\u00ebs mos \u00ebsht\u00eb m\u00eb pak mesjetare? Kisha e madhe ortodokse e Tiran\u00ebs ka sjell\u00eb k\u00ebtu Sh\u00ebn Sofin\u00eb e Kostandinopoj\u00ebs, por sidoqoft\u00eb t\u00eb stilizuar me element\u00eb modern\u00eb.<\/p>\n<p>Kur \u00ebsht\u00eb fjala p\u00ebr t\u2019iu p\u00ebrmbajtur tradit\u00ebs n\u00eb arkitektur\u00ebn e objekteve t\u00eb kultit, nuk mund t\u00eb mos kemi parasysh se tek ne ajo lidhet me pushtime t\u00eb caktuara: bizantin, turko-otoman\u2026Shqiptar\u00ebt e sot\u00ebm nuk kan\u00eb pse t\u2019i kthehen s\u00eb kaluar\u00ebs, nuk kan\u00eb pse ngjallin kujtime koh\u00ebsh q\u00eb fatmir\u00ebsisht kan\u00eb kaluar, shpresojm\u00eb, nj\u00ebher\u00eb e p\u00ebrgjithmon\u00eb. P\u00ebr komunitetet fetare shqiptare a nuk do t\u00eb ishte e udh\u00ebs, a nuk do t\u00eb ishte p\u00ebrbashkuese t\u00eb forconin, krahas ndjenj\u00ebs fetare, atdhedashurin\u00eb?<\/p>\n<p>\u201cKur t\u00eb doni m\u00eb shum\u00eb atdheun, do t\u00eb doni m\u00eb shum\u00eb nj\u00ebri-tjetrin\u201d, \u2013 na jep N\u00ebn\u00eb Tereza k\u00ebt\u00eb porosi me kuptim t\u00eb thell\u00eb e largpam\u00ebs, q\u00eb mbetet gjithnj\u00eb aktuale.<\/p>\n<p>Dhe dashuria p\u00ebr atdheun \u00ebsht\u00eb e qart\u00eb q\u00eb nuk d\u00ebshmohet duke sjell\u00eb mu n\u00eb mes t\u00eb Tiran\u00ebs s\u00eb shekullit XXI simbole perandorish t\u00eb per\u00ebnduara, q\u00eb na lan\u00eb n\u00eb prapambetjen q\u00eb po d\u00ebshmojm\u00eb pik\u00ebrisht me nd\u00ebrtime t\u00eb tilla kaq pa vend. Xhamia \u201ce re\u201d e Namazgjas\u00eb e ka koh\u00ebn dhe vendin n\u00eb Stambollin e sulltan\u00ebve e jo n\u00eb kryeqytetin e Republik\u00ebs s\u00eb Shqip\u00ebris\u00eb.<\/p>\n<p>MAPO<\/p>\n","protected":false},"excerpt":{"rendered":"<p>Nga Donika Omari, 19 tetor 2013 P\u00ebrs\u00ebri p\u00ebr projektin e xhamis\u00eb te sheshi i Namazgjas\u00eb n\u00eb Tiran\u00eb. \u00cbsht\u00eb v\u00ebn\u00eb brenda thonj\u00ebzave cil\u00ebsori i emrit (\u201ce re\u201d), p\u00ebr t\u00eb treguar se n\u00eb fakt kemi t\u00eb b\u00ebjm\u00eb me nj\u00eb xhami mesjetare. Kjo v\u00ebrtetohet fare leht\u00eb po t\u2019u hedhim nj\u00eb sy t\u00eb shpejt\u00eb n\u00eb internet objekteve t\u00eb kultit [&hellip;]<\/p>\n","protected":false},"author":1,"featured_media":0,"comment_status":"open","ping_status":"closed","sticky":false,"template":"","format":"standard","meta":{"footnotes":""},"categories":[2],"tags":[],"class_list":{"0":"post-5064","1":"post","2":"type-post","3":"status-publish","4":"format-standard","6":"category-artikuj"},"yoast_head":"<!-- This site is optimized with the Yoast SEO plugin v27.4 - https:\/\/yoast.com\/product\/yoast-seo-wordpress\/ -->\n<title>Xhamia &quot;e re&quot; - FjALA e LIR\u00cb - Arkivi<\/title>\n<meta name=\"robots\" content=\"index, follow, max-snippet:-1, max-image-preview:large, max-video-preview:-1\" \/>\n<link rel=\"canonical\" href=\"https:\/\/fjala.info\/2009-2015\/xhamia-e-re\/\" \/>\n<meta property=\"og:locale\" content=\"sq_AL\" \/>\n<meta property=\"og:type\" content=\"article\" \/>\n<meta property=\"og:title\" content=\"Xhamia &quot;e re&quot; - FjALA e LIR\u00cb - Arkivi\" \/>\n<meta property=\"og:description\" content=\"Nga Donika Omari, 19 tetor 2013 P\u00ebrs\u00ebri p\u00ebr projektin e xhamis\u00eb te sheshi i Namazgjas\u00eb n\u00eb Tiran\u00eb. \u00cbsht\u00eb v\u00ebn\u00eb brenda thonj\u00ebzave cil\u00ebsori i emrit (\u201ce re\u201d), p\u00ebr t\u00eb treguar se n\u00eb fakt kemi t\u00eb b\u00ebjm\u00eb me nj\u00eb xhami mesjetare. Kjo v\u00ebrtetohet fare leht\u00eb po t\u2019u hedhim nj\u00eb sy t\u00eb shpejt\u00eb n\u00eb internet objekteve t\u00eb kultit [&hellip;]\" \/>\n<meta property=\"og:url\" content=\"https:\/\/fjala.info\/2009-2015\/xhamia-e-re\/\" \/>\n<meta property=\"og:site_name\" content=\"FjALA e LIR\u00cb - Arkivi\" \/>\n<meta property=\"article:published_time\" content=\"2013-10-21T22:11:50+00:00\" \/>\n<meta property=\"og:image\" content=\"http:\/\/www.fjala.info\/2013\/donika_omari.jpg\" \/>\n<meta name=\"author\" content=\"admin\" \/>\n<meta name=\"twitter:card\" content=\"summary_large_image\" \/>\n<meta name=\"twitter:label1\" content=\"Written by\" \/>\n\t<meta name=\"twitter:data1\" content=\"admin\" \/>\n\t<meta name=\"twitter:label2\" content=\"Est. reading time\" \/>\n\t<meta name=\"twitter:data2\" content=\"4 minutes\" \/>\n<script type=\"application\/ld+json\" class=\"yoast-schema-graph\">{\"@context\":\"https:\\\/\\\/schema.org\",\"@graph\":[{\"@type\":\"Article\",\"@id\":\"https:\\\/\\\/fjala.info\\\/2009-2015\\\/xhamia-e-re\\\/#article\",\"isPartOf\":{\"@id\":\"https:\\\/\\\/fjala.info\\\/2009-2015\\\/xhamia-e-re\\\/\"},\"author\":{\"name\":\"admin\",\"@id\":\"https:\\\/\\\/fjala.info\\\/2009-2015\\\/#\\\/schema\\\/person\\\/3aa1163ef05469c496fc94e77611ada2\"},\"headline\":\"Xhamia &#8220;e re&#8221;\",\"datePublished\":\"2013-10-21T22:11:50+00:00\",\"mainEntityOfPage\":{\"@id\":\"https:\\\/\\\/fjala.info\\\/2009-2015\\\/xhamia-e-re\\\/\"},\"wordCount\":843,\"commentCount\":0,\"publisher\":{\"@id\":\"https:\\\/\\\/fjala.info\\\/2009-2015\\\/#organization\"},\"image\":{\"@id\":\"https:\\\/\\\/fjala.info\\\/2009-2015\\\/xhamia-e-re\\\/#primaryimage\"},\"thumbnailUrl\":\"http:\\\/\\\/www.fjala.info\\\/2013\\\/donika_omari.jpg\",\"articleSection\":[\"Artikuj\"],\"inLanguage\":\"sq-AL\",\"potentialAction\":[{\"@type\":\"CommentAction\",\"name\":\"Comment\",\"target\":[\"https:\\\/\\\/fjala.info\\\/2009-2015\\\/xhamia-e-re\\\/#respond\"]}]},{\"@type\":\"WebPage\",\"@id\":\"https:\\\/\\\/fjala.info\\\/2009-2015\\\/xhamia-e-re\\\/\",\"url\":\"https:\\\/\\\/fjala.info\\\/2009-2015\\\/xhamia-e-re\\\/\",\"name\":\"Xhamia \\\"e re\\\" - FjALA e LIR\u00cb - Arkivi\",\"isPartOf\":{\"@id\":\"https:\\\/\\\/fjala.info\\\/2009-2015\\\/#website\"},\"primaryImageOfPage\":{\"@id\":\"https:\\\/\\\/fjala.info\\\/2009-2015\\\/xhamia-e-re\\\/#primaryimage\"},\"image\":{\"@id\":\"https:\\\/\\\/fjala.info\\\/2009-2015\\\/xhamia-e-re\\\/#primaryimage\"},\"thumbnailUrl\":\"http:\\\/\\\/www.fjala.info\\\/2013\\\/donika_omari.jpg\",\"datePublished\":\"2013-10-21T22:11:50+00:00\",\"breadcrumb\":{\"@id\":\"https:\\\/\\\/fjala.info\\\/2009-2015\\\/xhamia-e-re\\\/#breadcrumb\"},\"inLanguage\":\"sq-AL\",\"potentialAction\":[{\"@type\":\"ReadAction\",\"target\":[\"https:\\\/\\\/fjala.info\\\/2009-2015\\\/xhamia-e-re\\\/\"]}]},{\"@type\":\"ImageObject\",\"inLanguage\":\"sq-AL\",\"@id\":\"https:\\\/\\\/fjala.info\\\/2009-2015\\\/xhamia-e-re\\\/#primaryimage\",\"url\":\"http:\\\/\\\/www.fjala.info\\\/2013\\\/donika_omari.jpg\",\"contentUrl\":\"http:\\\/\\\/www.fjala.info\\\/2013\\\/donika_omari.jpg\"},{\"@type\":\"BreadcrumbList\",\"@id\":\"https:\\\/\\\/fjala.info\\\/2009-2015\\\/xhamia-e-re\\\/#breadcrumb\",\"itemListElement\":[{\"@type\":\"ListItem\",\"position\":1,\"name\":\"Home\",\"item\":\"https:\\\/\\\/fjala.info\\\/2009-2015\\\/\"},{\"@type\":\"ListItem\",\"position\":2,\"name\":\"Xhamia &#8220;e re&#8221;\"}]},{\"@type\":\"WebSite\",\"@id\":\"https:\\\/\\\/fjala.info\\\/2009-2015\\\/#website\",\"url\":\"https:\\\/\\\/fjala.info\\\/2009-2015\\\/\",\"name\":\"FjALA e LIR\u00cb - Arkivi\",\"description\":\"Arkivi 2009-2015\",\"publisher\":{\"@id\":\"https:\\\/\\\/fjala.info\\\/2009-2015\\\/#organization\"},\"potentialAction\":[{\"@type\":\"SearchAction\",\"target\":{\"@type\":\"EntryPoint\",\"urlTemplate\":\"https:\\\/\\\/fjala.info\\\/2009-2015\\\/?s={search_term_string}\"},\"query-input\":{\"@type\":\"PropertyValueSpecification\",\"valueRequired\":true,\"valueName\":\"search_term_string\"}}],\"inLanguage\":\"sq-AL\"},{\"@type\":\"Organization\",\"@id\":\"https:\\\/\\\/fjala.info\\\/2009-2015\\\/#organization\",\"name\":\"FjALA e LIR\u00cb - Arkivi\",\"url\":\"https:\\\/\\\/fjala.info\\\/2009-2015\\\/\",\"logo\":{\"@type\":\"ImageObject\",\"inLanguage\":\"sq-AL\",\"@id\":\"https:\\\/\\\/fjala.info\\\/2009-2015\\\/#\\\/schema\\\/logo\\\/image\\\/\",\"url\":\"\",\"contentUrl\":\"\",\"caption\":\"FjALA e LIR\u00cb - Arkivi\"},\"image\":{\"@id\":\"https:\\\/\\\/fjala.info\\\/2009-2015\\\/#\\\/schema\\\/logo\\\/image\\\/\"}},{\"@type\":\"Person\",\"@id\":\"https:\\\/\\\/fjala.info\\\/2009-2015\\\/#\\\/schema\\\/person\\\/3aa1163ef05469c496fc94e77611ada2\",\"name\":\"admin\",\"image\":{\"@type\":\"ImageObject\",\"inLanguage\":\"sq-AL\",\"@id\":\"https:\\\/\\\/fjala.info\\\/2009-2015\\\/wp-content\\\/uploads\\\/2012\\\/02\\\/arben_cokaj-120x150.jpg\",\"url\":\"https:\\\/\\\/fjala.info\\\/2009-2015\\\/wp-content\\\/uploads\\\/2012\\\/02\\\/arben_cokaj-120x150.jpg\",\"contentUrl\":\"https:\\\/\\\/fjala.info\\\/2009-2015\\\/wp-content\\\/uploads\\\/2012\\\/02\\\/arben_cokaj-120x150.jpg\",\"caption\":\"admin\"},\"description\":\"Admin, Fjala e Lir\u00eb\",\"sameAs\":[\"https:\\\/\\\/fjala.info\\\/\"],\"url\":\"https:\\\/\\\/fjala.info\\\/2009-2015\\\/author\\\/admin\\\/\"}]}<\/script>\n<!-- \/ Yoast SEO plugin. -->","yoast_head_json":{"title":"Xhamia \"e re\" - FjALA e LIR\u00cb - Arkivi","robots":{"index":"index","follow":"follow","max-snippet":"max-snippet:-1","max-image-preview":"max-image-preview:large","max-video-preview":"max-video-preview:-1"},"canonical":"https:\/\/fjala.info\/2009-2015\/xhamia-e-re\/","og_locale":"sq_AL","og_type":"article","og_title":"Xhamia \"e re\" - FjALA e LIR\u00cb - Arkivi","og_description":"Nga Donika Omari, 19 tetor 2013 P\u00ebrs\u00ebri p\u00ebr projektin e xhamis\u00eb te sheshi i Namazgjas\u00eb n\u00eb Tiran\u00eb. \u00cbsht\u00eb v\u00ebn\u00eb brenda thonj\u00ebzave cil\u00ebsori i emrit (\u201ce re\u201d), p\u00ebr t\u00eb treguar se n\u00eb fakt kemi t\u00eb b\u00ebjm\u00eb me nj\u00eb xhami mesjetare. Kjo v\u00ebrtetohet fare leht\u00eb po t\u2019u hedhim nj\u00eb sy t\u00eb shpejt\u00eb n\u00eb internet objekteve t\u00eb kultit [&hellip;]","og_url":"https:\/\/fjala.info\/2009-2015\/xhamia-e-re\/","og_site_name":"FjALA e LIR\u00cb - Arkivi","article_published_time":"2013-10-21T22:11:50+00:00","og_image":[{"url":"http:\/\/www.fjala.info\/2013\/donika_omari.jpg","type":"","width":"","height":""}],"author":"admin","twitter_card":"summary_large_image","twitter_misc":{"Written by":"admin","Est. reading time":"4 minutes"},"schema":{"@context":"https:\/\/schema.org","@graph":[{"@type":"Article","@id":"https:\/\/fjala.info\/2009-2015\/xhamia-e-re\/#article","isPartOf":{"@id":"https:\/\/fjala.info\/2009-2015\/xhamia-e-re\/"},"author":{"name":"admin","@id":"https:\/\/fjala.info\/2009-2015\/#\/schema\/person\/3aa1163ef05469c496fc94e77611ada2"},"headline":"Xhamia &#8220;e re&#8221;","datePublished":"2013-10-21T22:11:50+00:00","mainEntityOfPage":{"@id":"https:\/\/fjala.info\/2009-2015\/xhamia-e-re\/"},"wordCount":843,"commentCount":0,"publisher":{"@id":"https:\/\/fjala.info\/2009-2015\/#organization"},"image":{"@id":"https:\/\/fjala.info\/2009-2015\/xhamia-e-re\/#primaryimage"},"thumbnailUrl":"http:\/\/www.fjala.info\/2013\/donika_omari.jpg","articleSection":["Artikuj"],"inLanguage":"sq-AL","potentialAction":[{"@type":"CommentAction","name":"Comment","target":["https:\/\/fjala.info\/2009-2015\/xhamia-e-re\/#respond"]}]},{"@type":"WebPage","@id":"https:\/\/fjala.info\/2009-2015\/xhamia-e-re\/","url":"https:\/\/fjala.info\/2009-2015\/xhamia-e-re\/","name":"Xhamia \"e re\" - FjALA e LIR\u00cb - Arkivi","isPartOf":{"@id":"https:\/\/fjala.info\/2009-2015\/#website"},"primaryImageOfPage":{"@id":"https:\/\/fjala.info\/2009-2015\/xhamia-e-re\/#primaryimage"},"image":{"@id":"https:\/\/fjala.info\/2009-2015\/xhamia-e-re\/#primaryimage"},"thumbnailUrl":"http:\/\/www.fjala.info\/2013\/donika_omari.jpg","datePublished":"2013-10-21T22:11:50+00:00","breadcrumb":{"@id":"https:\/\/fjala.info\/2009-2015\/xhamia-e-re\/#breadcrumb"},"inLanguage":"sq-AL","potentialAction":[{"@type":"ReadAction","target":["https:\/\/fjala.info\/2009-2015\/xhamia-e-re\/"]}]},{"@type":"ImageObject","inLanguage":"sq-AL","@id":"https:\/\/fjala.info\/2009-2015\/xhamia-e-re\/#primaryimage","url":"http:\/\/www.fjala.info\/2013\/donika_omari.jpg","contentUrl":"http:\/\/www.fjala.info\/2013\/donika_omari.jpg"},{"@type":"BreadcrumbList","@id":"https:\/\/fjala.info\/2009-2015\/xhamia-e-re\/#breadcrumb","itemListElement":[{"@type":"ListItem","position":1,"name":"Home","item":"https:\/\/fjala.info\/2009-2015\/"},{"@type":"ListItem","position":2,"name":"Xhamia &#8220;e re&#8221;"}]},{"@type":"WebSite","@id":"https:\/\/fjala.info\/2009-2015\/#website","url":"https:\/\/fjala.info\/2009-2015\/","name":"FjALA e LIR\u00cb - Arkivi","description":"Arkivi 2009-2015","publisher":{"@id":"https:\/\/fjala.info\/2009-2015\/#organization"},"potentialAction":[{"@type":"SearchAction","target":{"@type":"EntryPoint","urlTemplate":"https:\/\/fjala.info\/2009-2015\/?s={search_term_string}"},"query-input":{"@type":"PropertyValueSpecification","valueRequired":true,"valueName":"search_term_string"}}],"inLanguage":"sq-AL"},{"@type":"Organization","@id":"https:\/\/fjala.info\/2009-2015\/#organization","name":"FjALA e LIR\u00cb - Arkivi","url":"https:\/\/fjala.info\/2009-2015\/","logo":{"@type":"ImageObject","inLanguage":"sq-AL","@id":"https:\/\/fjala.info\/2009-2015\/#\/schema\/logo\/image\/","url":"","contentUrl":"","caption":"FjALA e LIR\u00cb - Arkivi"},"image":{"@id":"https:\/\/fjala.info\/2009-2015\/#\/schema\/logo\/image\/"}},{"@type":"Person","@id":"https:\/\/fjala.info\/2009-2015\/#\/schema\/person\/3aa1163ef05469c496fc94e77611ada2","name":"admin","image":{"@type":"ImageObject","inLanguage":"sq-AL","@id":"https:\/\/fjala.info\/2009-2015\/wp-content\/uploads\/2012\/02\/arben_cokaj-120x150.jpg","url":"https:\/\/fjala.info\/2009-2015\/wp-content\/uploads\/2012\/02\/arben_cokaj-120x150.jpg","contentUrl":"https:\/\/fjala.info\/2009-2015\/wp-content\/uploads\/2012\/02\/arben_cokaj-120x150.jpg","caption":"admin"},"description":"Admin, Fjala e Lir\u00eb","sameAs":["https:\/\/fjala.info\/"],"url":"https:\/\/fjala.info\/2009-2015\/author\/admin\/"}]}},"_links":{"self":[{"href":"https:\/\/fjala.info\/2009-2015\/wp-json\/wp\/v2\/posts\/5064","targetHints":{"allow":["GET"]}}],"collection":[{"href":"https:\/\/fjala.info\/2009-2015\/wp-json\/wp\/v2\/posts"}],"about":[{"href":"https:\/\/fjala.info\/2009-2015\/wp-json\/wp\/v2\/types\/post"}],"author":[{"embeddable":true,"href":"https:\/\/fjala.info\/2009-2015\/wp-json\/wp\/v2\/users\/1"}],"replies":[{"embeddable":true,"href":"https:\/\/fjala.info\/2009-2015\/wp-json\/wp\/v2\/comments?post=5064"}],"version-history":[{"count":0,"href":"https:\/\/fjala.info\/2009-2015\/wp-json\/wp\/v2\/posts\/5064\/revisions"}],"wp:attachment":[{"href":"https:\/\/fjala.info\/2009-2015\/wp-json\/wp\/v2\/media?parent=5064"}],"wp:term":[{"taxonomy":"category","embeddable":true,"href":"https:\/\/fjala.info\/2009-2015\/wp-json\/wp\/v2\/categories?post=5064"},{"taxonomy":"post_tag","embeddable":true,"href":"https:\/\/fjala.info\/2009-2015\/wp-json\/wp\/v2\/tags?post=5064"}],"curies":[{"name":"wp","href":"https:\/\/api.w.org\/{rel}","templated":true}]}}