{"id":5062,"date":"2012-09-20T21:48:04","date_gmt":"2012-09-20T20:48:04","guid":{"rendered":"http:\/\/www.fjala.info\/?p=5062"},"modified":"2012-09-20T21:48:04","modified_gmt":"2012-09-20T20:48:04","slug":"rrahje-me-karrigen-e-gjykateses-vehbiu-analizon-pse-shoqerine-shqiptare-e-ka-kapur-per-fyti-nje-incubus-prej-psikopati","status":"publish","type":"post","link":"https:\/\/fjala.info\/2009-2015\/rrahje-me-karrigen-e-gjykateses-vehbiu-analizon-pse-shoqerine-shqiptare-e-ka-kapur-per-fyti-nje-incubus-prej-psikopati\/","title":{"rendered":"Rrahje me karrigen e&#8230; gjykat\u00ebses (!) Vehbiu analizon pse shoq\u00ebrin\u00eb shqiptare e ka kapur p\u00ebr fyti nj\u00eb &#8216;incubus prej psikopati&#8217;"},"content":{"rendered":"<p><img decoding=\"async\" class=\"alignright size-thumbnail wp-image-7236\" title=\"Kryebashkiaku Kuk\u00ebs\" src=\"http:\/\/www.fjala.info\/2012\/kryebashkiaku_kukes.jpg\" alt=\"\" width=\"300\" \/> <strong>ResPublica.al<\/strong>, <em>20 shtator 2012<\/em><\/p>\n<p>Dy incidente brenda ambienteve t\u00eb gjykatave kan\u00eb ndodhur n\u00eb 48 or\u00ebt e fundit duke sh\u00ebnuar nj\u00eb tjet\u00ebr shkall\u00ebzim t\u00eb dhun\u00ebs, n\u00eb nj\u00eb drejtim t\u00eb panjohur m\u00eb par\u00eb. Pas nj\u00eb ngjarje t\u00eb ndodhur n\u00eb gjykat\u00ebn e Elbasanit, ku nj\u00eb avokat \u00ebsht\u00eb kapur me grushta me nj\u00eb gjykat\u00ebs, sot kryetari i Bashkis\u00eb s\u00eb Kuk\u00ebsit ka goditur (brenda n\u00eb zyr\u00ebn e gjykat\u00ebses!) me karrige personin q\u00eb e paditi.<\/p>\n<p><em>Shkruan MAPO<\/em>:<\/p>\n<p>\u201cSipas policis\u00eb Kreu i Bashkis\u00eb Kuk\u00ebs, Hasan Halilaj goditi me karrike padit\u00ebsin Muhamet Dalaci. Ngjarja ndodhi n\u00eb zyr\u00ebn e gjyqtares Rezarta Balliu. Gjat\u00eb seanc\u00ebs gjyq\u00ebsore Kreu i Bashkis\u00eb s\u00eb Kuk\u00ebsit pasi ka d\u00ebgjuar akuzat e padit\u00ebsit \u00ebsht\u00eb acaruar dhe e ka goditur me karrige n\u00eb fytyre, duke i shkaktuar plag\u00eb. Dalaci \u00ebsht\u00eb \u00e7uar menj\u00ebher\u00eb n\u00eb spital p\u00ebr t\u00eb marr\u00eb mjekimin e nevojsh\u00ebm dhe m\u00eb pas ka b\u00ebr\u00eb denoncimin. Muhamet Dalaci ka paditur Bashkin\u00eb Kuk\u00ebs, Ministrin\u00eb e Arsimit dhe Ministrin\u00eb e Financave p\u00ebr mbrojtje t\u00eb pron\u00ebsis\u00eb intelektuale&#8230;\u201d<\/p>\n<p>Duke shkruar p\u00ebr val\u00ebn e dhun\u00ebs dhe krimit q\u00eb ka p\u00ebrfshir\u00eb k\u00ebto koh\u00eb Shqip\u00ebrin\u00eb, Ardian Vehbiu n\u00eb blogun e tij \u201c<em>Peizazhe t\u00eb Fjal\u00ebs<\/em>\u201d, thot\u00eb se kjo situat\u00eb nuk shpjegohet dot vet\u00ebm me impulsivitetin vrastar t\u00eb psikopatit dhe se e gjith\u00eb kjo trysni e s\u00eb keqes duhet analizuar thell\u00eb. &#8220;<em>E gjith\u00eb kjo trysni e s\u00eb keqes, drejtp\u00ebrdrejt e ushqyer nga rendi ekzistues q\u00eb shp\u00ebrblen maskarall\u00ebkun dhe e p\u00ebrqesh virtytin, manifestohet pastaj n\u00eb dhun\u00ebn ndaj Tjetrit<\/em>&#8230; \u201d &#8211; shkruan Vehbiu dhe shton:<br \/>\n\u201c..<em>Shqip\u00ebrin\u00eb k\u00ebto muaj e ka p\u00ebrfshir\u00eb nj\u00eb val\u00eb krimi si kurr\u00eb ndonj\u00ebher\u00eb tjet\u00ebr<\/em>&#8230;<\/p>\n<p>Ka nj\u00eb di\u00e7ka t\u00eb keqe k\u00ebtu, nj\u00eb <em>incubus<\/em> q\u00eb e ka kapur shoq\u00ebrin\u00eb shqiptare p\u00ebr fyti, di\u00e7ka q\u00eb nuk shpjegohet dot vet\u00ebm me impulsivitetin vrastar t\u00eb psikopatit; dhe q\u00eb lidhet sa me pamund\u00ebsin\u00eb e komuniteteve p\u00ebr t\u2019u vetorganizuar n\u00eb normalitet, aq edhe me kriz\u00ebn e etik\u00ebs, n\u00eb kontekstin e shthurjes s\u00eb hierarkive brenda familjes. Mass mediat i ofrojn\u00eb madje imponojn\u00eb, nd\u00ebrkoh\u00eb, modele vlerash dhe rolesh nga m\u00eb shokueset nj\u00eb publiku t\u00eb m\u00ebsuar t\u00eb mbijetoj\u00eb vet\u00ebm n\u00ebp\u00ebrmjet konformimit. Nga ana tjet\u00ebr, njer\u00ebzit nuk kan\u00eb m\u00eb frik\u00eb \u2013 as nga autoriteti, as nga shteti, as nga prindi; dhe kur mungon frika, mang\u00ebsit\u00eb etike dalin n\u00eb plan t\u00eb par\u00eb&#8221; (<em>por ruajt\u00ebsit e rendit kan\u00eb frik\u00eb nga kriminel\u00ebt<\/em>)&#8230; &#8211; A.N.<\/p>\n","protected":false},"excerpt":{"rendered":"<p>ResPublica.al, 20 shtator 2012 Dy incidente brenda ambienteve t\u00eb gjykatave kan\u00eb ndodhur n\u00eb 48 or\u00ebt e fundit duke sh\u00ebnuar nj\u00eb tjet\u00ebr shkall\u00ebzim t\u00eb dhun\u00ebs, n\u00eb nj\u00eb drejtim t\u00eb panjohur m\u00eb par\u00eb. Pas nj\u00eb ngjarje t\u00eb ndodhur n\u00eb gjykat\u00ebn e Elbasanit, ku nj\u00eb avokat \u00ebsht\u00eb kapur me grushta me nj\u00eb gjykat\u00ebs, sot kryetari i Bashkis\u00eb s\u00eb [&hellip;]<\/p>\n","protected":false},"author":1,"featured_media":0,"comment_status":"open","ping_status":"closed","sticky":false,"template":"","format":"standard","meta":{"footnotes":""},"categories":[2],"tags":[],"class_list":{"0":"post-5062","1":"post","2":"type-post","3":"status-publish","4":"format-standard","6":"category-artikuj"},"yoast_head":"<!-- This site is optimized with the Yoast SEO plugin v27.4 - https:\/\/yoast.com\/product\/yoast-seo-wordpress\/ -->\n<title>Rrahje me karrigen e... gjykat\u00ebses (!) Vehbiu analizon pse shoq\u00ebrin\u00eb shqiptare e ka kapur p\u00ebr fyti nj\u00eb &#039;incubus prej psikopati&#039; - FjALA e LIR\u00cb - Arkivi<\/title>\n<meta name=\"robots\" content=\"index, follow, max-snippet:-1, max-image-preview:large, max-video-preview:-1\" \/>\n<link rel=\"canonical\" href=\"https:\/\/fjala.info\/2009-2015\/rrahje-me-karrigen-e-gjykateses-vehbiu-analizon-pse-shoqerine-shqiptare-e-ka-kapur-per-fyti-nje-incubus-prej-psikopati\/\" \/>\n<meta property=\"og:locale\" content=\"sq_AL\" \/>\n<meta property=\"og:type\" content=\"article\" \/>\n<meta property=\"og:title\" content=\"Rrahje me karrigen e... gjykat\u00ebses (!) Vehbiu analizon pse shoq\u00ebrin\u00eb shqiptare e ka kapur p\u00ebr fyti nj\u00eb &#039;incubus prej psikopati&#039; - FjALA e LIR\u00cb - Arkivi\" \/>\n<meta property=\"og:description\" content=\"ResPublica.al, 20 shtator 2012 Dy incidente brenda ambienteve t\u00eb gjykatave kan\u00eb ndodhur n\u00eb 48 or\u00ebt e fundit duke sh\u00ebnuar nj\u00eb tjet\u00ebr shkall\u00ebzim t\u00eb dhun\u00ebs, n\u00eb nj\u00eb drejtim t\u00eb panjohur m\u00eb par\u00eb. Pas nj\u00eb ngjarje t\u00eb ndodhur n\u00eb gjykat\u00ebn e Elbasanit, ku nj\u00eb avokat \u00ebsht\u00eb kapur me grushta me nj\u00eb gjykat\u00ebs, sot kryetari i Bashkis\u00eb s\u00eb [&hellip;]\" \/>\n<meta property=\"og:url\" content=\"https:\/\/fjala.info\/2009-2015\/rrahje-me-karrigen-e-gjykateses-vehbiu-analizon-pse-shoqerine-shqiptare-e-ka-kapur-per-fyti-nje-incubus-prej-psikopati\/\" \/>\n<meta property=\"og:site_name\" content=\"FjALA e LIR\u00cb - Arkivi\" \/>\n<meta property=\"article:published_time\" content=\"2012-09-20T20:48:04+00:00\" \/>\n<meta property=\"og:image\" content=\"http:\/\/www.fjala.info\/2012\/kryebashkiaku_kukes.jpg\" \/>\n<meta name=\"author\" content=\"admin\" \/>\n<meta name=\"twitter:card\" content=\"summary_large_image\" \/>\n<meta name=\"twitter:label1\" content=\"Written by\" \/>\n\t<meta name=\"twitter:data1\" content=\"admin\" \/>\n\t<meta name=\"twitter:label2\" content=\"Est. reading time\" \/>\n\t<meta name=\"twitter:data2\" content=\"2 minutes\" \/>\n<script type=\"application\/ld+json\" class=\"yoast-schema-graph\">{\"@context\":\"https:\\\/\\\/schema.org\",\"@graph\":[{\"@type\":\"Article\",\"@id\":\"https:\\\/\\\/fjala.info\\\/2009-2015\\\/rrahje-me-karrigen-e-gjykateses-vehbiu-analizon-pse-shoqerine-shqiptare-e-ka-kapur-per-fyti-nje-incubus-prej-psikopati\\\/#article\",\"isPartOf\":{\"@id\":\"https:\\\/\\\/fjala.info\\\/2009-2015\\\/rrahje-me-karrigen-e-gjykateses-vehbiu-analizon-pse-shoqerine-shqiptare-e-ka-kapur-per-fyti-nje-incubus-prej-psikopati\\\/\"},\"author\":{\"name\":\"admin\",\"@id\":\"https:\\\/\\\/fjala.info\\\/2009-2015\\\/#\\\/schema\\\/person\\\/3aa1163ef05469c496fc94e77611ada2\"},\"headline\":\"Rrahje me karrigen e&#8230; gjykat\u00ebses (!) Vehbiu analizon pse shoq\u00ebrin\u00eb shqiptare e ka kapur p\u00ebr fyti nj\u00eb &#8216;incubus prej psikopati&#8217;\",\"datePublished\":\"2012-09-20T20:48:04+00:00\",\"mainEntityOfPage\":{\"@id\":\"https:\\\/\\\/fjala.info\\\/2009-2015\\\/rrahje-me-karrigen-e-gjykateses-vehbiu-analizon-pse-shoqerine-shqiptare-e-ka-kapur-per-fyti-nje-incubus-prej-psikopati\\\/\"},\"wordCount\":449,\"commentCount\":0,\"publisher\":{\"@id\":\"https:\\\/\\\/fjala.info\\\/2009-2015\\\/#organization\"},\"image\":{\"@id\":\"https:\\\/\\\/fjala.info\\\/2009-2015\\\/rrahje-me-karrigen-e-gjykateses-vehbiu-analizon-pse-shoqerine-shqiptare-e-ka-kapur-per-fyti-nje-incubus-prej-psikopati\\\/#primaryimage\"},\"thumbnailUrl\":\"http:\\\/\\\/www.fjala.info\\\/2012\\\/kryebashkiaku_kukes.jpg\",\"articleSection\":[\"Artikuj\"],\"inLanguage\":\"sq-AL\",\"potentialAction\":[{\"@type\":\"CommentAction\",\"name\":\"Comment\",\"target\":[\"https:\\\/\\\/fjala.info\\\/2009-2015\\\/rrahje-me-karrigen-e-gjykateses-vehbiu-analizon-pse-shoqerine-shqiptare-e-ka-kapur-per-fyti-nje-incubus-prej-psikopati\\\/#respond\"]}]},{\"@type\":\"WebPage\",\"@id\":\"https:\\\/\\\/fjala.info\\\/2009-2015\\\/rrahje-me-karrigen-e-gjykateses-vehbiu-analizon-pse-shoqerine-shqiptare-e-ka-kapur-per-fyti-nje-incubus-prej-psikopati\\\/\",\"url\":\"https:\\\/\\\/fjala.info\\\/2009-2015\\\/rrahje-me-karrigen-e-gjykateses-vehbiu-analizon-pse-shoqerine-shqiptare-e-ka-kapur-per-fyti-nje-incubus-prej-psikopati\\\/\",\"name\":\"Rrahje me karrigen e... gjykat\u00ebses (!) Vehbiu analizon pse shoq\u00ebrin\u00eb shqiptare e ka kapur p\u00ebr fyti nj\u00eb 'incubus prej psikopati' - FjALA e LIR\u00cb - Arkivi\",\"isPartOf\":{\"@id\":\"https:\\\/\\\/fjala.info\\\/2009-2015\\\/#website\"},\"primaryImageOfPage\":{\"@id\":\"https:\\\/\\\/fjala.info\\\/2009-2015\\\/rrahje-me-karrigen-e-gjykateses-vehbiu-analizon-pse-shoqerine-shqiptare-e-ka-kapur-per-fyti-nje-incubus-prej-psikopati\\\/#primaryimage\"},\"image\":{\"@id\":\"https:\\\/\\\/fjala.info\\\/2009-2015\\\/rrahje-me-karrigen-e-gjykateses-vehbiu-analizon-pse-shoqerine-shqiptare-e-ka-kapur-per-fyti-nje-incubus-prej-psikopati\\\/#primaryimage\"},\"thumbnailUrl\":\"http:\\\/\\\/www.fjala.info\\\/2012\\\/kryebashkiaku_kukes.jpg\",\"datePublished\":\"2012-09-20T20:48:04+00:00\",\"breadcrumb\":{\"@id\":\"https:\\\/\\\/fjala.info\\\/2009-2015\\\/rrahje-me-karrigen-e-gjykateses-vehbiu-analizon-pse-shoqerine-shqiptare-e-ka-kapur-per-fyti-nje-incubus-prej-psikopati\\\/#breadcrumb\"},\"inLanguage\":\"sq-AL\",\"potentialAction\":[{\"@type\":\"ReadAction\",\"target\":[\"https:\\\/\\\/fjala.info\\\/2009-2015\\\/rrahje-me-karrigen-e-gjykateses-vehbiu-analizon-pse-shoqerine-shqiptare-e-ka-kapur-per-fyti-nje-incubus-prej-psikopati\\\/\"]}]},{\"@type\":\"ImageObject\",\"inLanguage\":\"sq-AL\",\"@id\":\"https:\\\/\\\/fjala.info\\\/2009-2015\\\/rrahje-me-karrigen-e-gjykateses-vehbiu-analizon-pse-shoqerine-shqiptare-e-ka-kapur-per-fyti-nje-incubus-prej-psikopati\\\/#primaryimage\",\"url\":\"http:\\\/\\\/www.fjala.info\\\/2012\\\/kryebashkiaku_kukes.jpg\",\"contentUrl\":\"http:\\\/\\\/www.fjala.info\\\/2012\\\/kryebashkiaku_kukes.jpg\"},{\"@type\":\"BreadcrumbList\",\"@id\":\"https:\\\/\\\/fjala.info\\\/2009-2015\\\/rrahje-me-karrigen-e-gjykateses-vehbiu-analizon-pse-shoqerine-shqiptare-e-ka-kapur-per-fyti-nje-incubus-prej-psikopati\\\/#breadcrumb\",\"itemListElement\":[{\"@type\":\"ListItem\",\"position\":1,\"name\":\"Home\",\"item\":\"https:\\\/\\\/fjala.info\\\/2009-2015\\\/\"},{\"@type\":\"ListItem\",\"position\":2,\"name\":\"Rrahje me karrigen e&#8230; gjykat\u00ebses (!) Vehbiu analizon pse shoq\u00ebrin\u00eb shqiptare e ka kapur p\u00ebr fyti nj\u00eb &#8216;incubus prej psikopati&#8217;\"}]},{\"@type\":\"WebSite\",\"@id\":\"https:\\\/\\\/fjala.info\\\/2009-2015\\\/#website\",\"url\":\"https:\\\/\\\/fjala.info\\\/2009-2015\\\/\",\"name\":\"FjALA e LIR\u00cb - Arkivi\",\"description\":\"Arkivi 2009-2015\",\"publisher\":{\"@id\":\"https:\\\/\\\/fjala.info\\\/2009-2015\\\/#organization\"},\"potentialAction\":[{\"@type\":\"SearchAction\",\"target\":{\"@type\":\"EntryPoint\",\"urlTemplate\":\"https:\\\/\\\/fjala.info\\\/2009-2015\\\/?s={search_term_string}\"},\"query-input\":{\"@type\":\"PropertyValueSpecification\",\"valueRequired\":true,\"valueName\":\"search_term_string\"}}],\"inLanguage\":\"sq-AL\"},{\"@type\":\"Organization\",\"@id\":\"https:\\\/\\\/fjala.info\\\/2009-2015\\\/#organization\",\"name\":\"FjALA e LIR\u00cb - Arkivi\",\"url\":\"https:\\\/\\\/fjala.info\\\/2009-2015\\\/\",\"logo\":{\"@type\":\"ImageObject\",\"inLanguage\":\"sq-AL\",\"@id\":\"https:\\\/\\\/fjala.info\\\/2009-2015\\\/#\\\/schema\\\/logo\\\/image\\\/\",\"url\":\"\",\"contentUrl\":\"\",\"caption\":\"FjALA e LIR\u00cb - Arkivi\"},\"image\":{\"@id\":\"https:\\\/\\\/fjala.info\\\/2009-2015\\\/#\\\/schema\\\/logo\\\/image\\\/\"}},{\"@type\":\"Person\",\"@id\":\"https:\\\/\\\/fjala.info\\\/2009-2015\\\/#\\\/schema\\\/person\\\/3aa1163ef05469c496fc94e77611ada2\",\"name\":\"admin\",\"image\":{\"@type\":\"ImageObject\",\"inLanguage\":\"sq-AL\",\"@id\":\"https:\\\/\\\/fjala.info\\\/2009-2015\\\/wp-content\\\/uploads\\\/2012\\\/02\\\/arben_cokaj-120x150.jpg\",\"url\":\"https:\\\/\\\/fjala.info\\\/2009-2015\\\/wp-content\\\/uploads\\\/2012\\\/02\\\/arben_cokaj-120x150.jpg\",\"contentUrl\":\"https:\\\/\\\/fjala.info\\\/2009-2015\\\/wp-content\\\/uploads\\\/2012\\\/02\\\/arben_cokaj-120x150.jpg\",\"caption\":\"admin\"},\"description\":\"Admin, Fjala e Lir\u00eb\",\"sameAs\":[\"https:\\\/\\\/fjala.info\\\/\"],\"url\":\"https:\\\/\\\/fjala.info\\\/2009-2015\\\/author\\\/admin\\\/\"}]}<\/script>\n<!-- \/ Yoast SEO plugin. -->","yoast_head_json":{"title":"Rrahje me karrigen e... gjykat\u00ebses (!) Vehbiu analizon pse shoq\u00ebrin\u00eb shqiptare e ka kapur p\u00ebr fyti nj\u00eb 'incubus prej psikopati' - FjALA e LIR\u00cb - Arkivi","robots":{"index":"index","follow":"follow","max-snippet":"max-snippet:-1","max-image-preview":"max-image-preview:large","max-video-preview":"max-video-preview:-1"},"canonical":"https:\/\/fjala.info\/2009-2015\/rrahje-me-karrigen-e-gjykateses-vehbiu-analizon-pse-shoqerine-shqiptare-e-ka-kapur-per-fyti-nje-incubus-prej-psikopati\/","og_locale":"sq_AL","og_type":"article","og_title":"Rrahje me karrigen e... gjykat\u00ebses (!) Vehbiu analizon pse shoq\u00ebrin\u00eb shqiptare e ka kapur p\u00ebr fyti nj\u00eb 'incubus prej psikopati' - FjALA e LIR\u00cb - Arkivi","og_description":"ResPublica.al, 20 shtator 2012 Dy incidente brenda ambienteve t\u00eb gjykatave kan\u00eb ndodhur n\u00eb 48 or\u00ebt e fundit duke sh\u00ebnuar nj\u00eb tjet\u00ebr shkall\u00ebzim t\u00eb dhun\u00ebs, n\u00eb nj\u00eb drejtim t\u00eb panjohur m\u00eb par\u00eb. Pas nj\u00eb ngjarje t\u00eb ndodhur n\u00eb gjykat\u00ebn e Elbasanit, ku nj\u00eb avokat \u00ebsht\u00eb kapur me grushta me nj\u00eb gjykat\u00ebs, sot kryetari i Bashkis\u00eb s\u00eb [&hellip;]","og_url":"https:\/\/fjala.info\/2009-2015\/rrahje-me-karrigen-e-gjykateses-vehbiu-analizon-pse-shoqerine-shqiptare-e-ka-kapur-per-fyti-nje-incubus-prej-psikopati\/","og_site_name":"FjALA e LIR\u00cb - Arkivi","article_published_time":"2012-09-20T20:48:04+00:00","og_image":[{"url":"http:\/\/www.fjala.info\/2012\/kryebashkiaku_kukes.jpg","type":"","width":"","height":""}],"author":"admin","twitter_card":"summary_large_image","twitter_misc":{"Written by":"admin","Est. reading time":"2 minutes"},"schema":{"@context":"https:\/\/schema.org","@graph":[{"@type":"Article","@id":"https:\/\/fjala.info\/2009-2015\/rrahje-me-karrigen-e-gjykateses-vehbiu-analizon-pse-shoqerine-shqiptare-e-ka-kapur-per-fyti-nje-incubus-prej-psikopati\/#article","isPartOf":{"@id":"https:\/\/fjala.info\/2009-2015\/rrahje-me-karrigen-e-gjykateses-vehbiu-analizon-pse-shoqerine-shqiptare-e-ka-kapur-per-fyti-nje-incubus-prej-psikopati\/"},"author":{"name":"admin","@id":"https:\/\/fjala.info\/2009-2015\/#\/schema\/person\/3aa1163ef05469c496fc94e77611ada2"},"headline":"Rrahje me karrigen e&#8230; gjykat\u00ebses (!) Vehbiu analizon pse shoq\u00ebrin\u00eb shqiptare e ka kapur p\u00ebr fyti nj\u00eb &#8216;incubus prej psikopati&#8217;","datePublished":"2012-09-20T20:48:04+00:00","mainEntityOfPage":{"@id":"https:\/\/fjala.info\/2009-2015\/rrahje-me-karrigen-e-gjykateses-vehbiu-analizon-pse-shoqerine-shqiptare-e-ka-kapur-per-fyti-nje-incubus-prej-psikopati\/"},"wordCount":449,"commentCount":0,"publisher":{"@id":"https:\/\/fjala.info\/2009-2015\/#organization"},"image":{"@id":"https:\/\/fjala.info\/2009-2015\/rrahje-me-karrigen-e-gjykateses-vehbiu-analizon-pse-shoqerine-shqiptare-e-ka-kapur-per-fyti-nje-incubus-prej-psikopati\/#primaryimage"},"thumbnailUrl":"http:\/\/www.fjala.info\/2012\/kryebashkiaku_kukes.jpg","articleSection":["Artikuj"],"inLanguage":"sq-AL","potentialAction":[{"@type":"CommentAction","name":"Comment","target":["https:\/\/fjala.info\/2009-2015\/rrahje-me-karrigen-e-gjykateses-vehbiu-analizon-pse-shoqerine-shqiptare-e-ka-kapur-per-fyti-nje-incubus-prej-psikopati\/#respond"]}]},{"@type":"WebPage","@id":"https:\/\/fjala.info\/2009-2015\/rrahje-me-karrigen-e-gjykateses-vehbiu-analizon-pse-shoqerine-shqiptare-e-ka-kapur-per-fyti-nje-incubus-prej-psikopati\/","url":"https:\/\/fjala.info\/2009-2015\/rrahje-me-karrigen-e-gjykateses-vehbiu-analizon-pse-shoqerine-shqiptare-e-ka-kapur-per-fyti-nje-incubus-prej-psikopati\/","name":"Rrahje me karrigen e... gjykat\u00ebses (!) Vehbiu analizon pse shoq\u00ebrin\u00eb shqiptare e ka kapur p\u00ebr fyti nj\u00eb 'incubus prej psikopati' - FjALA e LIR\u00cb - Arkivi","isPartOf":{"@id":"https:\/\/fjala.info\/2009-2015\/#website"},"primaryImageOfPage":{"@id":"https:\/\/fjala.info\/2009-2015\/rrahje-me-karrigen-e-gjykateses-vehbiu-analizon-pse-shoqerine-shqiptare-e-ka-kapur-per-fyti-nje-incubus-prej-psikopati\/#primaryimage"},"image":{"@id":"https:\/\/fjala.info\/2009-2015\/rrahje-me-karrigen-e-gjykateses-vehbiu-analizon-pse-shoqerine-shqiptare-e-ka-kapur-per-fyti-nje-incubus-prej-psikopati\/#primaryimage"},"thumbnailUrl":"http:\/\/www.fjala.info\/2012\/kryebashkiaku_kukes.jpg","datePublished":"2012-09-20T20:48:04+00:00","breadcrumb":{"@id":"https:\/\/fjala.info\/2009-2015\/rrahje-me-karrigen-e-gjykateses-vehbiu-analizon-pse-shoqerine-shqiptare-e-ka-kapur-per-fyti-nje-incubus-prej-psikopati\/#breadcrumb"},"inLanguage":"sq-AL","potentialAction":[{"@type":"ReadAction","target":["https:\/\/fjala.info\/2009-2015\/rrahje-me-karrigen-e-gjykateses-vehbiu-analizon-pse-shoqerine-shqiptare-e-ka-kapur-per-fyti-nje-incubus-prej-psikopati\/"]}]},{"@type":"ImageObject","inLanguage":"sq-AL","@id":"https:\/\/fjala.info\/2009-2015\/rrahje-me-karrigen-e-gjykateses-vehbiu-analizon-pse-shoqerine-shqiptare-e-ka-kapur-per-fyti-nje-incubus-prej-psikopati\/#primaryimage","url":"http:\/\/www.fjala.info\/2012\/kryebashkiaku_kukes.jpg","contentUrl":"http:\/\/www.fjala.info\/2012\/kryebashkiaku_kukes.jpg"},{"@type":"BreadcrumbList","@id":"https:\/\/fjala.info\/2009-2015\/rrahje-me-karrigen-e-gjykateses-vehbiu-analizon-pse-shoqerine-shqiptare-e-ka-kapur-per-fyti-nje-incubus-prej-psikopati\/#breadcrumb","itemListElement":[{"@type":"ListItem","position":1,"name":"Home","item":"https:\/\/fjala.info\/2009-2015\/"},{"@type":"ListItem","position":2,"name":"Rrahje me karrigen e&#8230; gjykat\u00ebses (!) Vehbiu analizon pse shoq\u00ebrin\u00eb shqiptare e ka kapur p\u00ebr fyti nj\u00eb &#8216;incubus prej psikopati&#8217;"}]},{"@type":"WebSite","@id":"https:\/\/fjala.info\/2009-2015\/#website","url":"https:\/\/fjala.info\/2009-2015\/","name":"FjALA e LIR\u00cb - Arkivi","description":"Arkivi 2009-2015","publisher":{"@id":"https:\/\/fjala.info\/2009-2015\/#organization"},"potentialAction":[{"@type":"SearchAction","target":{"@type":"EntryPoint","urlTemplate":"https:\/\/fjala.info\/2009-2015\/?s={search_term_string}"},"query-input":{"@type":"PropertyValueSpecification","valueRequired":true,"valueName":"search_term_string"}}],"inLanguage":"sq-AL"},{"@type":"Organization","@id":"https:\/\/fjala.info\/2009-2015\/#organization","name":"FjALA e LIR\u00cb - Arkivi","url":"https:\/\/fjala.info\/2009-2015\/","logo":{"@type":"ImageObject","inLanguage":"sq-AL","@id":"https:\/\/fjala.info\/2009-2015\/#\/schema\/logo\/image\/","url":"","contentUrl":"","caption":"FjALA e LIR\u00cb - Arkivi"},"image":{"@id":"https:\/\/fjala.info\/2009-2015\/#\/schema\/logo\/image\/"}},{"@type":"Person","@id":"https:\/\/fjala.info\/2009-2015\/#\/schema\/person\/3aa1163ef05469c496fc94e77611ada2","name":"admin","image":{"@type":"ImageObject","inLanguage":"sq-AL","@id":"https:\/\/fjala.info\/2009-2015\/wp-content\/uploads\/2012\/02\/arben_cokaj-120x150.jpg","url":"https:\/\/fjala.info\/2009-2015\/wp-content\/uploads\/2012\/02\/arben_cokaj-120x150.jpg","contentUrl":"https:\/\/fjala.info\/2009-2015\/wp-content\/uploads\/2012\/02\/arben_cokaj-120x150.jpg","caption":"admin"},"description":"Admin, Fjala e Lir\u00eb","sameAs":["https:\/\/fjala.info\/"],"url":"https:\/\/fjala.info\/2009-2015\/author\/admin\/"}]}},"_links":{"self":[{"href":"https:\/\/fjala.info\/2009-2015\/wp-json\/wp\/v2\/posts\/5062","targetHints":{"allow":["GET"]}}],"collection":[{"href":"https:\/\/fjala.info\/2009-2015\/wp-json\/wp\/v2\/posts"}],"about":[{"href":"https:\/\/fjala.info\/2009-2015\/wp-json\/wp\/v2\/types\/post"}],"author":[{"embeddable":true,"href":"https:\/\/fjala.info\/2009-2015\/wp-json\/wp\/v2\/users\/1"}],"replies":[{"embeddable":true,"href":"https:\/\/fjala.info\/2009-2015\/wp-json\/wp\/v2\/comments?post=5062"}],"version-history":[{"count":0,"href":"https:\/\/fjala.info\/2009-2015\/wp-json\/wp\/v2\/posts\/5062\/revisions"}],"wp:attachment":[{"href":"https:\/\/fjala.info\/2009-2015\/wp-json\/wp\/v2\/media?parent=5062"}],"wp:term":[{"taxonomy":"category","embeddable":true,"href":"https:\/\/fjala.info\/2009-2015\/wp-json\/wp\/v2\/categories?post=5062"},{"taxonomy":"post_tag","embeddable":true,"href":"https:\/\/fjala.info\/2009-2015\/wp-json\/wp\/v2\/tags?post=5062"}],"curies":[{"name":"wp","href":"https:\/\/api.w.org\/{rel}","templated":true}]}}