{"id":502,"date":"2011-12-05T23:00:54","date_gmt":"2011-12-05T22:00:54","guid":{"rendered":"http:\/\/fjala.shkoder.net\/?p=502"},"modified":"2011-12-05T23:00:54","modified_gmt":"2011-12-05T22:00:54","slug":"berisha-i-arroreve","status":"publish","type":"post","link":"https:\/\/fjala.info\/2009-2015\/berisha-i-arroreve\/","title":{"rendered":"Berisha i arror\u00ebve"},"content":{"rendered":"<p><img decoding=\"async\" class=\"alignright size-thumbnail wp-image-7236\" title=\"Prof. Asoc. Dr. Myslim PASHA\" src=\"http:\/\/www.shkoder.net\/images\/fjala\/2010\/myslym_pasha.jpg\" alt=\"\" width=\"200\" \/><strong>Prof. Asoc. Dr. Myslim PASHA<\/strong><\/p>\n<p>Berisha i arror\u00ebve dhe malet e zhveshur t\u00eb Sk\u00ebnderbeut\u2026 Rreth 53 % e sip\u00ebrfaqes s\u00eb Shqip\u00ebris\u00eb m\u00ebm\u00eb, ishte e mbuluar me pyje. Nd\u00ebrsa sot nuk dihet me sakt\u00ebsi, se sa do t\u00eb nxjerr\u00eb inventarizimi i pyjeve dhe kullotave, po ne nuk e kemi k\u00ebt\u00eb informacion dramatic. Z\u00ebra studimor\u00eb t\u00eb pavarur tregojn\u00eb se gjeohap\u00ebsira shqiptare ka sot jo m\u00eb shum\u00eb se 19.8 % t\u00eb mbulimit pyjor<\/p>\n<p>Berisha, teksa inaguronte impiantin prodhimit t\u00eb Biokarburanteve, n\u00eb Porto Romano u ngaz\u00ebllye dhe iu kthye fjalim-mbajtjeve t\u00eb tij eruptive. K\u00ebshtu erdhi energjia, biomasa bioenergjia\u2026kur befas futi krahun e buldozierit t\u00eb tij, s\u00ebrish tek plahrat dhe Aleanca e saj dhe prap\u00eb p\u00ebr votat\u2026Nj\u00eb trazim allaberish\u00eb, para shqiptar\u00ebve t\u00eb lodhur, q\u00eb nuk mund t\u2019ua err\u00ebsosh m\u00eb shikimin me terma t\u00eb till\u00eb, kur jan\u00eb disa antivepra t\u00eb dukshme, n\u00eb natyr\u00ebn e sotme shqiptare, p\u00ebr t\u00eb cilat, ai kurr\u00eb nuk flet. E kjo \u00ebsht\u00eb pasuria e madhe pyjore, n\u00eb masakr\u00ebn e saj t\u00eb pahsh\u00ebmbullt, n\u00eb epok\u00ebn e ngrohjes globale. N\u00eb sfond t\u00eb fjalimeve t\u00eb tij, n\u00eb reliev, si nj\u00eb mashtrim regjisorial, ai mban nj\u00eb imazh gjelb\u00ebrimi pyjesh, t\u00eb cilin e sjell nga pas, kudo q\u00eb shkon. Ai imazh m\u00eb shum\u00eb \u00ebsht\u00eb kanos\u00ebs se sa inspirues, tek shqiptar\u00ebt.<\/p>\n<p>Pak m\u00eb par\u00eb se biokarburantet Berisha shp\u00ebrtheu fantazin\u00eb e arr\u00ebve dhe bajameve, planatcioneve t\u00eb tyre q\u00eb mund t\u00eb mbillen n\u00eb ato lugina malore, ashtu si\u00e7 ka folur p\u00ebr mbjellje sk\u00ebnderbejane t\u00eb ullinj\u00ebve pambarim(!!!)<\/p>\n<p>Por asnj\u00eb her\u00eb ai nuk e tha nj\u00eb fjal\u00eb p\u00ebr pyjet shqiptare.<\/p>\n<p>K\u00ebtu n\u00eb Porto Romano, ai u thirri biokarburanteve m\u00eb shum\u00eb p\u00ebr q\u00ebllime t\u00eb tij politike, sepse edhe p\u00ebr k\u00ebt\u00eb ai duhet t\u00eb dij\u00eb se i duhen ligje t\u00eb p\u00ebrshtatshme dhe nj\u00eb strategji komb\u00ebtare, q\u00eb s\u2019mund t\u00eb izolohet vet\u00ebm k\u00ebtu, por n\u00eb t\u00eb t\u00ebr\u00eb bot\u00ebn bimore shqiptare. V\u00ebrtet e nes\u00ebrmja e sigurimit t\u00eb energjis\u00eb mund t\u2019u b\u00ebj\u00eb vend biokarburanteve po kjo do t\u00eb k\u00ebrkonte ndryshime t\u00eb peizazheve gjeohap\u00ebsiniore bimore. Nd\u00ebrkaq ne kemi nj\u00eb bujq\u00ebsi e kredhur n\u00eb d\u00ebshtim, nj\u00eb pylltari gati n\u00eb braktisje fatale, nd\u00ebn nj\u00eb qiell t\u00eb ngrohes globale t\u00eb k\u00ebrc\u00ebnuar. Inaguroi impiantin e biokarburanteve dhe foli p\u00ebr nj\u00eb mjedis t\u00eb past\u00ebr.<\/p>\n<p>Ai flet aty me pasion p\u00ebr nd\u00ebrtime t\u00eb tjera inagurime rr\u00ebzillit\u00ebse, se si n\u00ebp\u00eb lugina do t\u00eb mbillen arr\u00eb, bajame, se n\u00eb shpate do t\u00eb mbillen ullinj\u00eb, diku moll\u00eb dhe fiq, planatcione t\u00eb fantazis\u00eb s\u00eb tij t\u00eb ndezur, por askurr\u00eb nuk i hodhi syt\u00eb se \u00e7\u2019po b\u00ebhet me natyr\u00ebn e vendit t\u00eb tij, \u00e7\u2019\u00ebsht\u00eb b\u00ebr\u00eb dhe \u00e7\u2019do t\u00eb b\u00ebhet, n\u00ebse do t\u00eb vijohet me k\u00ebt\u00eb masak\u00ebr t\u00eb pash\u00ebmbullt. P\u00ebr po\u00ebrmbytjet n\u00eb Lezh\u00eb e Shkod\u00ebr dhe dallg\u00ebzimit t\u00eb detit, ai iu drejtua \u201ceklipsit t\u00eb H\u00ebn\u00ebs\u201d<\/p>\n<p>Si nuk e hodhi v\u00ebshtrimin, tek shkat\u00ebrrimi lumenjve dhe shfryt\u00ebzimin e l\u00ebnd\u00ebve t\u00eb ngurta n\u00eb ta, t\u00eb veprimit njer\u00ebzor t\u00eb pakontrolluar, si nuk u shqet\u00ebsua se si jan\u00eb zbuluar k\u00ebto pejsazhe t\u00eb rralla plot pyje, q\u00eb tani pothuajse jan\u00eb n\u00eb fundin e tyre, t\u00eb prer\u00eb apo t\u00eb djegur nga viti n\u00eb vit.<\/p>\n<p>Si nuk i shkoi mendja se duke hartuar nj\u00eb strategji komb\u00ebtare, jo vet\u00ebm p\u00ebr plehrat dhe importin e tyre nga jasht\u00eb, q\u00eb si\u00e7 paralajm\u00ebrojn\u00eb specialist\u00ebt, e shton rrezikun ndot\u00ebs krahas dor\u00ebs s\u00eb mizore t\u00eb shqiptar\u00ebve, p\u00ebr t\u00eb shkulur, prer\u00eb e djegur at\u00eb pjes\u00eb t\u00eb mushk\u00ebris\u00eb frym\u00ebdh\u00ebn\u00ebvse e frym\u00ebp\u00ebrt\u00ebrit\u00ebse prej pyjeve dhe bim\u00ebsis\u00eb n\u00eb p\u00ebrgjith\u00ebsi, pra: shkat\u00ebrrimit t\u00eb Flor\u00ebs dhe t\u00eb Faun\u00ebs.<\/p>\n<p>Gjurm\u00eb t\u00eb tilla shkat\u00ebrrimi, q\u00eb kan\u00eb ndodhur tek ne, mund t\u2019i sjell\u00eb vet natyra me t\u00ebrmetet, v\u00ebrshimet, cunamet, apo lav\u00ebn vullkanike, s\u00ebmundjet katastrofale bimore, po e k\u00ebtill\u00eb, si kjo e nj\u00ebzet\u00eb vjet\u00ebve t\u00eb fundit me pyjet shqiptare, zor se mund t\u00eb gjendet n\u00eb planetin ton\u00eb.<\/p>\n<p>Kudo q\u00eb t\u00eb klikosh, t\u00eb kujtosh t\u00eb p\u00ebrfytyrosh, dhe do t\u00eb ndjesh dhimbjen dhe zbulimin q\u00eb t\u00eb ndodh n\u00eb vetvete kur sheh se si pyejt e Kunor\u00ebs s\u00eb Dardh\u00ebs e t\u00eb Run\u00ebs, ato t\u00eb Qaf\u00eb Malit dhe rrotull jan\u00eb qethur, duka nxjerr\u00eb aq hapur formacionet gjeologjike virgjine. Pejsazhe t\u00eb t\u00ebra jan\u00eb ndryshuar n\u00eb pyjet fanastik\u00eb t\u00eb Lur\u00ebs, q\u00eb konsiderohet si perla e Ballkanit, tek ndoshta oazi m\u00eb larmish\u00ebm i prehjes dhe i p\u00ebrjet\u00ebimit sh\u00ebrues t\u00eb natyr\u00ebs, ku s\u2019ke d\u00ebshir\u00eb as t\u00eb flas\u00ebsh p\u00ebr mite e goj\u00ebdhena t\u00eb Liqeneve t\u00eb Lur\u00ebs ( liqeni i Luleve ) dhe as t\u00eb reshperimit t\u00eb shqiptar\u00ebve n\u00eb mbijetes\u00ebn e tyre. Kthehemi n\u00eb Cukal e rrotull tij, po i nj\u00ebjti mjerim pyjor.<\/p>\n<p>E till\u00eb vjen Masdeja, dhe Vet Deja, mbi Macukull, po k\u00ebshtu Malet e Balgjajt dhe Allamanit, gjersa p\u00ebrshkojm\u00eb m\u00eb k\u00ebndej, Qaf\u00ebshtam\u00ebn historike dhe Malet e Sk\u00ebnderbeut.<\/p>\n<p>K\u00ebshtu vijn\u00eb nj\u00ebri pas tjetrit pejsazhet e d\u00ebshp\u00ebrimit pyjor, derisa ashtu, si kund\u00ebr tham\u00eb p\u00ebr Qaf\u00eb Shtam\u00ebn mos t\u00eb harrojm\u00eb se si ka mbetur n\u00ebn k\u00ebrc\u00ebnim edhe Llogoraja historike e turistike apo dhe Sheleguri i Kolonj\u00ebs n\u00eb Juglindje.<\/p>\n<p>Ka vend t\u00eb sjellim at\u00eb krahasimin e paharruar t\u00eb Vaso Pash\u00ebs, duke p\u00ebrzgjedhur at\u00eb \u201c Lisin e rr\u00ebzuem p\u00ebrdhe\u2026\u201d Por \u00ebsht\u00eb nj\u00eb lisnaj\u00eb, pishnaj\u00eb, masive n\u00eb nj\u00eb mbulim bimor t\u00eb shp\u00ebrfytyruar.<\/p>\n<p>Para shum\u00eb vjet\u00ebve mund t\u00eb ngjiteshe nga Madheshi ( fshat n\u00eb lugin\u00ebn e Shkopetit) q\u00eb ndodhet n\u00eb nj\u00eb kthese liqenore, e t\u00eb merrje t\u00eb p\u00ebrpjet\u00ebn e faqes s\u00eb maleve t\u00eb Sk\u00ebnderbeut, e do t\u00eb gjeje t\u00eb formuar n\u00eb koh\u00eb, nj\u00eb rrug\u00eb pothuajse t\u00eb kalldr\u00ebmt\u00eb me kilometra t\u00eb gjat\u00eb, n\u00eb hije t\u00eb aheve t\u00eb lart\u00eb, si nj\u00eb rrug\u00eb shekujsh q\u00eb lidhte pjes\u00ebn per\u00ebndimnore t\u00eb gryk\u00ebs s\u00eb Matit, me Kurbinin historik. Ishte po ajo rrug\u00eb q\u00eb n\u00eb shekullin e p\u00ebrpjkjeve t\u00eb Gjergj Kastrioitit as q\u00eb mund t\u00eb hasej dhe diktohej dot nga sulmet osmane. Tani, kjo rrug\u00eb ka dal\u00eb n\u00eb shesh, \u00ebsht\u00eb zbuluar dhe nuk e ka m\u00eb at\u00eb vler\u00eb t\u00eb ruajtur brenda atij pejsazhi t\u00eb jasht\u00ebzakonsh\u00ebm. Goj\u00ebdh\u00ebnat dhe legjendat jetojn\u00eb atje, sapo del n\u00eb lart\u00ebsin\u00eb 1400 met\u00ebr mbi nivelin e detit, ku ishin dikur l\u00ebndina e rrethuara, me drur\u00eb t\u00eb lart\u00eb ku Gjergji st\u00ebrviste ushtrin\u00eb e tij. Aty lindi edhe legjenda se si, n\u00eb at\u00eb qershor t\u00eb vitit 1457, ushtar\u00ebt e Gjegjit kishin etje p\u00ebr uj\u00eb, teksa b\u00ebheshin gati p\u00ebr betej\u00ebn e famshme t\u00eb Albulen\u00ebs ( Uj\u00ebbardh\u00ebs). Dhe \u00e7\u2019b\u00ebri Gjergji? Thon\u00eb se ai nxori at\u00eb shpat\u00ebn e tij dhe n\u00eb sy t\u00eb mal\u00ebsor\u00ebve e teksa e nguli n\u00eb Dheun rr\u00ebz\u00eb shk\u00ebmbinj\u00ebve thirri me z\u00eb t\u00eb lart\u00eb : \u201cDil uj\u00eb, t\u00eb pij\u00eb kaloria\u201d Ashtu b\u00eb, k\u00ebtu n\u00eb lart\u00ebsin\u00eb 1400 metra mbi nivelin e detit.<\/p>\n<p>Tani aty v\u00ebrtet\u00eb gurra rrjedh, por vendi nuk e ka at\u00eb virgj\u00ebrin\u00eb natyrore t\u00eb besueshme, por \u00ebsht\u00eb zhveshur, gjat\u00eb gjith\u00eb faqes dhe kreshtit q\u00eb prej majes s\u00eb Hithit dhe deri n\u00eb maj\u00ebn e Liqenit ( pika m\u00eb e lart\u00eb e maleve t\u00eb Sk\u00ebnderbeut.) Nd\u00ebrkaq edhe vet Parku Komb\u00ebtar i Qaf\u00eb Shtam\u00ebs nuk i ka shp\u00ebtuar masakr\u00ebs.<\/p>\n<p>Kjo \u00ebsht\u00eb jo vet\u00ebm nj\u00eb fragment alarmi p\u00ebr pyjet q\u00eb po zhduken, nj\u00eb alarm q\u00eb ka lidhje me goditjen m\u00eb t\u00eb madhe t\u00eb hasur n\u00eb Ballkan dhe Europ\u00eb, shpyll\u00ebzimin barbar antiglobal, q\u00eb ka ngjar\u00eb n\u00eb Shqip\u00ebri.<\/p>\n<p>Rreth 53 % e sip\u00ebrfaqes s\u00eb Shqip\u00ebris\u00eb m\u00ebm\u00eb, ishte e mbuluar me pyje. Nd\u00ebrsa sot nuk dihet me sakt\u00ebsi, se sa do t\u00eb nxjerr\u00eb inventarizimi i pyjeve dhe kullotave, po ne nuk e kemi k\u00ebt\u00eb informacion dramatik q\u00eb duhet t\u00eb na i jap\u00eb Instituti i Statistikave, nd\u00ebrkoh\u00eb z\u00ebra studimor\u00eb t\u00eb pavarur tregojn\u00eb se gjeohap\u00ebsira shqiptare ka sot jo m\u00eb shum\u00eb se 19.8 % t\u00eb mbulimit pyjor.<\/p>\n<p>Imazhet Satelitore krahasimore t\u00eb p\u00ebrvit\u00ebshme na e zbulojn\u00eb k\u00ebt\u00eb rr\u00ebgjim dhe shkat\u00ebrrim pyjor t\u00eb pazakont\u00eb si nj\u00eb krim i v\u00ebrtet\u00eb. Ask\u00ebrkush n\u00eb Shqip\u00ebri nuk flet p\u00ebr pyll\u00ebzime artificiale, p\u00ebr erozioninn e lumenj\u00ebve dhe p\u00ebrrenj\u00ebve, p\u00ebrmir\u00ebsim t\u00eb kullotave\u2026 Por politika qeveris\u00ebse merret me goditjen e \u00e7do l\u00ebvizjeje tjet\u00ebr q\u00eb nuk \u00ebsht\u00eb n\u00eb axhend\u00ebn e saj, duke fyer me t\u00eb sharat metaforike dhe parabolike, dhe kanos\u00ebse q\u00eb s\u2019mund t\u2019u gjendet dot krahasimi. N\u00eb filozofin\u00eb e saj vijon t\u00eb mbahet gjall\u00eb ky konfliktualitet, dasit\u00eb, edhe kur fantazohet p\u00ebr arra e agrume, ullinj, ekosistem, biomass, bioenergji, teksa sheh se si jan\u00eb zhveshur malet e Gjergj Kastriotit prej mantelit bimor natyror jet\u00ebdh\u00ebn\u00ebs.<\/p>\n","protected":false},"excerpt":{"rendered":"<p>Prof. Asoc. Dr. Myslim PASHA Berisha i arror\u00ebve dhe malet e zhveshur t\u00eb Sk\u00ebnderbeut\u2026 Rreth 53 % e sip\u00ebrfaqes s\u00eb Shqip\u00ebris\u00eb m\u00ebm\u00eb, ishte e mbuluar me pyje. Nd\u00ebrsa sot nuk dihet me sakt\u00ebsi, se sa do t\u00eb nxjerr\u00eb inventarizimi i pyjeve dhe kullotave, po ne nuk e kemi k\u00ebt\u00eb informacion dramatic. Z\u00ebra studimor\u00eb t\u00eb pavarur [&hellip;]<\/p>\n","protected":false},"author":1,"featured_media":0,"comment_status":"open","ping_status":"closed","sticky":false,"template":"","format":"standard","meta":{"footnotes":""},"categories":[2],"tags":[],"class_list":{"0":"post-502","1":"post","2":"type-post","3":"status-publish","4":"format-standard","6":"category-artikuj"},"yoast_head":"<!-- This site is optimized with the Yoast SEO plugin v27.4 - https:\/\/yoast.com\/product\/yoast-seo-wordpress\/ -->\n<title>Berisha i arror\u00ebve - FjALA e LIR\u00cb - Arkivi<\/title>\n<meta name=\"robots\" content=\"index, follow, max-snippet:-1, max-image-preview:large, max-video-preview:-1\" \/>\n<link rel=\"canonical\" href=\"https:\/\/fjala.info\/2009-2015\/berisha-i-arroreve\/\" \/>\n<meta property=\"og:locale\" content=\"sq_AL\" \/>\n<meta property=\"og:type\" content=\"article\" \/>\n<meta property=\"og:title\" content=\"Berisha i arror\u00ebve - FjALA e LIR\u00cb - Arkivi\" \/>\n<meta property=\"og:description\" content=\"Prof. Asoc. Dr. Myslim PASHA Berisha i arror\u00ebve dhe malet e zhveshur t\u00eb Sk\u00ebnderbeut\u2026 Rreth 53 % e sip\u00ebrfaqes s\u00eb Shqip\u00ebris\u00eb m\u00ebm\u00eb, ishte e mbuluar me pyje. Nd\u00ebrsa sot nuk dihet me sakt\u00ebsi, se sa do t\u00eb nxjerr\u00eb inventarizimi i pyjeve dhe kullotave, po ne nuk e kemi k\u00ebt\u00eb informacion dramatic. Z\u00ebra studimor\u00eb t\u00eb pavarur [&hellip;]\" \/>\n<meta property=\"og:url\" content=\"https:\/\/fjala.info\/2009-2015\/berisha-i-arroreve\/\" \/>\n<meta property=\"og:site_name\" content=\"FjALA e LIR\u00cb - Arkivi\" \/>\n<meta property=\"article:published_time\" content=\"2011-12-05T22:00:54+00:00\" \/>\n<meta property=\"og:image\" content=\"http:\/\/www.shkoder.net\/images\/fjala\/2010\/myslym_pasha.jpg\" \/>\n<meta name=\"author\" content=\"admin\" \/>\n<meta name=\"twitter:card\" content=\"summary_large_image\" \/>\n<meta name=\"twitter:label1\" content=\"Written by\" \/>\n\t<meta name=\"twitter:data1\" content=\"admin\" \/>\n\t<meta name=\"twitter:label2\" content=\"Est. reading time\" \/>\n\t<meta name=\"twitter:data2\" content=\"8 minutes\" \/>\n<script type=\"application\/ld+json\" class=\"yoast-schema-graph\">{\"@context\":\"https:\\\/\\\/schema.org\",\"@graph\":[{\"@type\":\"Article\",\"@id\":\"https:\\\/\\\/fjala.info\\\/2009-2015\\\/berisha-i-arroreve\\\/#article\",\"isPartOf\":{\"@id\":\"https:\\\/\\\/fjala.info\\\/2009-2015\\\/berisha-i-arroreve\\\/\"},\"author\":{\"name\":\"admin\",\"@id\":\"https:\\\/\\\/fjala.info\\\/2009-2015\\\/#\\\/schema\\\/person\\\/3aa1163ef05469c496fc94e77611ada2\"},\"headline\":\"Berisha i arror\u00ebve\",\"datePublished\":\"2011-12-05T22:00:54+00:00\",\"mainEntityOfPage\":{\"@id\":\"https:\\\/\\\/fjala.info\\\/2009-2015\\\/berisha-i-arroreve\\\/\"},\"wordCount\":1520,\"commentCount\":0,\"publisher\":{\"@id\":\"https:\\\/\\\/fjala.info\\\/2009-2015\\\/#organization\"},\"image\":{\"@id\":\"https:\\\/\\\/fjala.info\\\/2009-2015\\\/berisha-i-arroreve\\\/#primaryimage\"},\"thumbnailUrl\":\"http:\\\/\\\/www.shkoder.net\\\/images\\\/fjala\\\/2010\\\/myslym_pasha.jpg\",\"articleSection\":[\"Artikuj\"],\"inLanguage\":\"sq-AL\",\"potentialAction\":[{\"@type\":\"CommentAction\",\"name\":\"Comment\",\"target\":[\"https:\\\/\\\/fjala.info\\\/2009-2015\\\/berisha-i-arroreve\\\/#respond\"]}]},{\"@type\":\"WebPage\",\"@id\":\"https:\\\/\\\/fjala.info\\\/2009-2015\\\/berisha-i-arroreve\\\/\",\"url\":\"https:\\\/\\\/fjala.info\\\/2009-2015\\\/berisha-i-arroreve\\\/\",\"name\":\"Berisha i arror\u00ebve - FjALA e LIR\u00cb - Arkivi\",\"isPartOf\":{\"@id\":\"https:\\\/\\\/fjala.info\\\/2009-2015\\\/#website\"},\"primaryImageOfPage\":{\"@id\":\"https:\\\/\\\/fjala.info\\\/2009-2015\\\/berisha-i-arroreve\\\/#primaryimage\"},\"image\":{\"@id\":\"https:\\\/\\\/fjala.info\\\/2009-2015\\\/berisha-i-arroreve\\\/#primaryimage\"},\"thumbnailUrl\":\"http:\\\/\\\/www.shkoder.net\\\/images\\\/fjala\\\/2010\\\/myslym_pasha.jpg\",\"datePublished\":\"2011-12-05T22:00:54+00:00\",\"breadcrumb\":{\"@id\":\"https:\\\/\\\/fjala.info\\\/2009-2015\\\/berisha-i-arroreve\\\/#breadcrumb\"},\"inLanguage\":\"sq-AL\",\"potentialAction\":[{\"@type\":\"ReadAction\",\"target\":[\"https:\\\/\\\/fjala.info\\\/2009-2015\\\/berisha-i-arroreve\\\/\"]}]},{\"@type\":\"ImageObject\",\"inLanguage\":\"sq-AL\",\"@id\":\"https:\\\/\\\/fjala.info\\\/2009-2015\\\/berisha-i-arroreve\\\/#primaryimage\",\"url\":\"http:\\\/\\\/www.shkoder.net\\\/images\\\/fjala\\\/2010\\\/myslym_pasha.jpg\",\"contentUrl\":\"http:\\\/\\\/www.shkoder.net\\\/images\\\/fjala\\\/2010\\\/myslym_pasha.jpg\"},{\"@type\":\"BreadcrumbList\",\"@id\":\"https:\\\/\\\/fjala.info\\\/2009-2015\\\/berisha-i-arroreve\\\/#breadcrumb\",\"itemListElement\":[{\"@type\":\"ListItem\",\"position\":1,\"name\":\"Home\",\"item\":\"https:\\\/\\\/fjala.info\\\/2009-2015\\\/\"},{\"@type\":\"ListItem\",\"position\":2,\"name\":\"Berisha i arror\u00ebve\"}]},{\"@type\":\"WebSite\",\"@id\":\"https:\\\/\\\/fjala.info\\\/2009-2015\\\/#website\",\"url\":\"https:\\\/\\\/fjala.info\\\/2009-2015\\\/\",\"name\":\"FjALA e LIR\u00cb - Arkivi\",\"description\":\"Arkivi 2009-2015\",\"publisher\":{\"@id\":\"https:\\\/\\\/fjala.info\\\/2009-2015\\\/#organization\"},\"potentialAction\":[{\"@type\":\"SearchAction\",\"target\":{\"@type\":\"EntryPoint\",\"urlTemplate\":\"https:\\\/\\\/fjala.info\\\/2009-2015\\\/?s={search_term_string}\"},\"query-input\":{\"@type\":\"PropertyValueSpecification\",\"valueRequired\":true,\"valueName\":\"search_term_string\"}}],\"inLanguage\":\"sq-AL\"},{\"@type\":\"Organization\",\"@id\":\"https:\\\/\\\/fjala.info\\\/2009-2015\\\/#organization\",\"name\":\"FjALA e LIR\u00cb - Arkivi\",\"url\":\"https:\\\/\\\/fjala.info\\\/2009-2015\\\/\",\"logo\":{\"@type\":\"ImageObject\",\"inLanguage\":\"sq-AL\",\"@id\":\"https:\\\/\\\/fjala.info\\\/2009-2015\\\/#\\\/schema\\\/logo\\\/image\\\/\",\"url\":\"\",\"contentUrl\":\"\",\"caption\":\"FjALA e LIR\u00cb - Arkivi\"},\"image\":{\"@id\":\"https:\\\/\\\/fjala.info\\\/2009-2015\\\/#\\\/schema\\\/logo\\\/image\\\/\"}},{\"@type\":\"Person\",\"@id\":\"https:\\\/\\\/fjala.info\\\/2009-2015\\\/#\\\/schema\\\/person\\\/3aa1163ef05469c496fc94e77611ada2\",\"name\":\"admin\",\"image\":{\"@type\":\"ImageObject\",\"inLanguage\":\"sq-AL\",\"@id\":\"https:\\\/\\\/fjala.info\\\/2009-2015\\\/wp-content\\\/uploads\\\/2012\\\/02\\\/arben_cokaj-120x150.jpg\",\"url\":\"https:\\\/\\\/fjala.info\\\/2009-2015\\\/wp-content\\\/uploads\\\/2012\\\/02\\\/arben_cokaj-120x150.jpg\",\"contentUrl\":\"https:\\\/\\\/fjala.info\\\/2009-2015\\\/wp-content\\\/uploads\\\/2012\\\/02\\\/arben_cokaj-120x150.jpg\",\"caption\":\"admin\"},\"description\":\"Admin, Fjala e Lir\u00eb\",\"sameAs\":[\"https:\\\/\\\/fjala.info\\\/\"],\"url\":\"https:\\\/\\\/fjala.info\\\/2009-2015\\\/author\\\/admin\\\/\"}]}<\/script>\n<!-- \/ Yoast SEO plugin. -->","yoast_head_json":{"title":"Berisha i arror\u00ebve - FjALA e LIR\u00cb - Arkivi","robots":{"index":"index","follow":"follow","max-snippet":"max-snippet:-1","max-image-preview":"max-image-preview:large","max-video-preview":"max-video-preview:-1"},"canonical":"https:\/\/fjala.info\/2009-2015\/berisha-i-arroreve\/","og_locale":"sq_AL","og_type":"article","og_title":"Berisha i arror\u00ebve - FjALA e LIR\u00cb - Arkivi","og_description":"Prof. Asoc. Dr. Myslim PASHA Berisha i arror\u00ebve dhe malet e zhveshur t\u00eb Sk\u00ebnderbeut\u2026 Rreth 53 % e sip\u00ebrfaqes s\u00eb Shqip\u00ebris\u00eb m\u00ebm\u00eb, ishte e mbuluar me pyje. Nd\u00ebrsa sot nuk dihet me sakt\u00ebsi, se sa do t\u00eb nxjerr\u00eb inventarizimi i pyjeve dhe kullotave, po ne nuk e kemi k\u00ebt\u00eb informacion dramatic. Z\u00ebra studimor\u00eb t\u00eb pavarur [&hellip;]","og_url":"https:\/\/fjala.info\/2009-2015\/berisha-i-arroreve\/","og_site_name":"FjALA e LIR\u00cb - Arkivi","article_published_time":"2011-12-05T22:00:54+00:00","og_image":[{"url":"http:\/\/www.shkoder.net\/images\/fjala\/2010\/myslym_pasha.jpg","type":"","width":"","height":""}],"author":"admin","twitter_card":"summary_large_image","twitter_misc":{"Written by":"admin","Est. reading time":"8 minutes"},"schema":{"@context":"https:\/\/schema.org","@graph":[{"@type":"Article","@id":"https:\/\/fjala.info\/2009-2015\/berisha-i-arroreve\/#article","isPartOf":{"@id":"https:\/\/fjala.info\/2009-2015\/berisha-i-arroreve\/"},"author":{"name":"admin","@id":"https:\/\/fjala.info\/2009-2015\/#\/schema\/person\/3aa1163ef05469c496fc94e77611ada2"},"headline":"Berisha i arror\u00ebve","datePublished":"2011-12-05T22:00:54+00:00","mainEntityOfPage":{"@id":"https:\/\/fjala.info\/2009-2015\/berisha-i-arroreve\/"},"wordCount":1520,"commentCount":0,"publisher":{"@id":"https:\/\/fjala.info\/2009-2015\/#organization"},"image":{"@id":"https:\/\/fjala.info\/2009-2015\/berisha-i-arroreve\/#primaryimage"},"thumbnailUrl":"http:\/\/www.shkoder.net\/images\/fjala\/2010\/myslym_pasha.jpg","articleSection":["Artikuj"],"inLanguage":"sq-AL","potentialAction":[{"@type":"CommentAction","name":"Comment","target":["https:\/\/fjala.info\/2009-2015\/berisha-i-arroreve\/#respond"]}]},{"@type":"WebPage","@id":"https:\/\/fjala.info\/2009-2015\/berisha-i-arroreve\/","url":"https:\/\/fjala.info\/2009-2015\/berisha-i-arroreve\/","name":"Berisha i arror\u00ebve - FjALA e LIR\u00cb - Arkivi","isPartOf":{"@id":"https:\/\/fjala.info\/2009-2015\/#website"},"primaryImageOfPage":{"@id":"https:\/\/fjala.info\/2009-2015\/berisha-i-arroreve\/#primaryimage"},"image":{"@id":"https:\/\/fjala.info\/2009-2015\/berisha-i-arroreve\/#primaryimage"},"thumbnailUrl":"http:\/\/www.shkoder.net\/images\/fjala\/2010\/myslym_pasha.jpg","datePublished":"2011-12-05T22:00:54+00:00","breadcrumb":{"@id":"https:\/\/fjala.info\/2009-2015\/berisha-i-arroreve\/#breadcrumb"},"inLanguage":"sq-AL","potentialAction":[{"@type":"ReadAction","target":["https:\/\/fjala.info\/2009-2015\/berisha-i-arroreve\/"]}]},{"@type":"ImageObject","inLanguage":"sq-AL","@id":"https:\/\/fjala.info\/2009-2015\/berisha-i-arroreve\/#primaryimage","url":"http:\/\/www.shkoder.net\/images\/fjala\/2010\/myslym_pasha.jpg","contentUrl":"http:\/\/www.shkoder.net\/images\/fjala\/2010\/myslym_pasha.jpg"},{"@type":"BreadcrumbList","@id":"https:\/\/fjala.info\/2009-2015\/berisha-i-arroreve\/#breadcrumb","itemListElement":[{"@type":"ListItem","position":1,"name":"Home","item":"https:\/\/fjala.info\/2009-2015\/"},{"@type":"ListItem","position":2,"name":"Berisha i arror\u00ebve"}]},{"@type":"WebSite","@id":"https:\/\/fjala.info\/2009-2015\/#website","url":"https:\/\/fjala.info\/2009-2015\/","name":"FjALA e LIR\u00cb - Arkivi","description":"Arkivi 2009-2015","publisher":{"@id":"https:\/\/fjala.info\/2009-2015\/#organization"},"potentialAction":[{"@type":"SearchAction","target":{"@type":"EntryPoint","urlTemplate":"https:\/\/fjala.info\/2009-2015\/?s={search_term_string}"},"query-input":{"@type":"PropertyValueSpecification","valueRequired":true,"valueName":"search_term_string"}}],"inLanguage":"sq-AL"},{"@type":"Organization","@id":"https:\/\/fjala.info\/2009-2015\/#organization","name":"FjALA e LIR\u00cb - Arkivi","url":"https:\/\/fjala.info\/2009-2015\/","logo":{"@type":"ImageObject","inLanguage":"sq-AL","@id":"https:\/\/fjala.info\/2009-2015\/#\/schema\/logo\/image\/","url":"","contentUrl":"","caption":"FjALA e LIR\u00cb - Arkivi"},"image":{"@id":"https:\/\/fjala.info\/2009-2015\/#\/schema\/logo\/image\/"}},{"@type":"Person","@id":"https:\/\/fjala.info\/2009-2015\/#\/schema\/person\/3aa1163ef05469c496fc94e77611ada2","name":"admin","image":{"@type":"ImageObject","inLanguage":"sq-AL","@id":"https:\/\/fjala.info\/2009-2015\/wp-content\/uploads\/2012\/02\/arben_cokaj-120x150.jpg","url":"https:\/\/fjala.info\/2009-2015\/wp-content\/uploads\/2012\/02\/arben_cokaj-120x150.jpg","contentUrl":"https:\/\/fjala.info\/2009-2015\/wp-content\/uploads\/2012\/02\/arben_cokaj-120x150.jpg","caption":"admin"},"description":"Admin, Fjala e Lir\u00eb","sameAs":["https:\/\/fjala.info\/"],"url":"https:\/\/fjala.info\/2009-2015\/author\/admin\/"}]}},"_links":{"self":[{"href":"https:\/\/fjala.info\/2009-2015\/wp-json\/wp\/v2\/posts\/502","targetHints":{"allow":["GET"]}}],"collection":[{"href":"https:\/\/fjala.info\/2009-2015\/wp-json\/wp\/v2\/posts"}],"about":[{"href":"https:\/\/fjala.info\/2009-2015\/wp-json\/wp\/v2\/types\/post"}],"author":[{"embeddable":true,"href":"https:\/\/fjala.info\/2009-2015\/wp-json\/wp\/v2\/users\/1"}],"replies":[{"embeddable":true,"href":"https:\/\/fjala.info\/2009-2015\/wp-json\/wp\/v2\/comments?post=502"}],"version-history":[{"count":0,"href":"https:\/\/fjala.info\/2009-2015\/wp-json\/wp\/v2\/posts\/502\/revisions"}],"wp:attachment":[{"href":"https:\/\/fjala.info\/2009-2015\/wp-json\/wp\/v2\/media?parent=502"}],"wp:term":[{"taxonomy":"category","embeddable":true,"href":"https:\/\/fjala.info\/2009-2015\/wp-json\/wp\/v2\/categories?post=502"},{"taxonomy":"post_tag","embeddable":true,"href":"https:\/\/fjala.info\/2009-2015\/wp-json\/wp\/v2\/tags?post=502"}],"curies":[{"name":"wp","href":"https:\/\/api.w.org\/{rel}","templated":true}]}}