{"id":5017,"date":"2010-12-04T00:07:08","date_gmt":"2010-12-03T23:07:08","guid":{"rendered":"http:\/\/fjala.shkoder.net\/?p=5017"},"modified":"2010-12-04T00:07:08","modified_gmt":"2010-12-03T23:07:08","slug":"gjykata-e-apelit-aleate-e-turpshme-e-pushtetit-kunder-medies","status":"publish","type":"post","link":"https:\/\/fjala.info\/2009-2015\/gjykata-e-apelit-aleate-e-turpshme-e-pushtetit-kunder-medies\/","title":{"rendered":"Gjykata e Apelit, aleate e turpshme e pushtetit kund\u00ebr medies"},"content":{"rendered":"<p><img loading=\"lazy\" decoding=\"async\" src=\"http:\/\/fjala.shkoder.net\/wp-content\/uploads\/2010\/10\/mero_baze1.jpg\" alt=\"\" title=\"Mero Baze\" width=\"149\" height=\"200\" class=\"alignright size-full wp-image-4090\" \/><br \/>\nNga <strong>Mero Baze<\/strong><\/p>\n<p>(<strong><em>Presidentit t\u00eb Republik\u00ebs, z. Bamir Topi<\/em><\/strong>)<\/p>\n<p>Zoti President,<\/p>\n<p>Po t\u00eb drejtohem jo vet\u00ebm n\u00eb funksionin tuaj si kryetar i K\u00ebshillit t\u00eb Lart\u00eb t\u00eb Drejt\u00ebsis\u00eb, por mbi t\u00eb gjitha si garant i kushtetutshm\u00ebris\u00eb n\u00eb vend.<\/p>\n<p>Ministria e Drejt\u00ebsis\u00eb, p\u00ebrmes Zyr\u00ebs s\u00eb P\u00ebrmbarimit, ka urdh\u00ebruar n\u00eb dat\u00ebn 30 n\u00ebntor bllokimin e gjith\u00eb llogarive personale dhe t\u00eb biznesit p\u00ebr shkak t\u00eb nj\u00eb vendimi gjyqi, i cili \u00ebsht\u00eb zhvilluar pa pranin\u00eb time n\u00eb Gjykat\u00ebn e Apelit n\u00eb Tiran\u00eb. B\u00ebhet fjal\u00eb p\u00ebr nj\u00eb gjyq q\u00eb ka zhvilluar kund\u00ebr meje gjyqtarja e apelit Zeqine Sollaku, dhe sipas vendimit q\u00eb ka marr\u00eb po gjykata ku ajo punon, n\u00eb ilegalitet, un\u00eb i detyrohem asaj 100 milion\u00eb lek t\u00eb vjetra, p\u00ebr shkak t\u00eb asaj q\u00eb ajo e quan fyerje p\u00ebr shkak t\u00eb detyr\u00ebs nga gazeta Tema.<\/p>\n<p>Sa p\u00ebr informim, kjo shtetase dhe nj\u00ebkoh\u00ebsisht gjyqtare, ka paditur mua dhe gazet\u00ebn Tema n\u00eb vitin 2007 p\u00ebr nj\u00eb \u00e7\u00ebshtje, t\u00eb cil\u00ebn un\u00eb personalisht e kam fituar dhe kam dal\u00eb i pafajsh\u00ebm n\u00eb Gjykat\u00ebn e Shkall\u00ebs s\u00eb Par\u00eb n\u00eb Tiran\u00eb. Prej asaj koh\u00eb un\u00eb nuk kam asnj\u00eb njoftim p\u00ebr gjyq n\u00eb apel. Nuk ekziston asnj\u00eb shkres\u00eb q\u00eb t\u00eb jem njoftuar un\u00eb personalisht ose t\u00eb af\u00ebrm t\u00eb mi p\u00ebr nj\u00eb gjyq t\u00eb till\u00eb. I vetmi njoftim \u00ebsht\u00eb ai q\u00eb m\u00eb kan\u00eb b\u00ebr\u00eb bankat dit\u00ebn e djeshme, t\u00eb cilat m\u00eb kan\u00eb v\u00ebn\u00eb n\u00eb dijeni t\u00eb shkres\u00ebs s\u00eb P\u00ebrmbarimit.<\/p>\n<p>Shqet\u00ebsimi i par\u00eb lidhet me faktin se Gjykata e Apelit n\u00eb Tiran\u00eb ka zhvilluar nj\u00eb gjyq ilegal ndaj meje si gazetar, ku akuzuesja \u00ebsht\u00eb vet\u00eb gjyqtare e Apelit t\u00eb Tiran\u00ebs dhe viktima jam un\u00eb dhe gazeta Tema, t\u00eb cil\u00ebt e kemi fituar k\u00ebt\u00eb gjyq nj\u00eb her\u00eb n\u00eb Gjykat\u00ebn e Shkall\u00ebs s\u00eb Par\u00eb n\u00eb Tiran\u00eb. Nj\u00eb munges\u00eb e till\u00eb etike, e k\u00ebsaj gjykat\u00eb ndaj meje si gazetar, justifikohet vet\u00ebm me motivimin politik t\u00eb saj nga pushteti, i cili ka demonstruar s\u00eb fundmi mb\u00ebshtetje p\u00ebr cilindo agresor ndaj meje, q\u00eb nga ata q\u00eb sulmojn\u00eb rrug\u00ebve fizikisht dhe deri tek ata q\u00eb kalojn\u00eb dit\u00ebn duke shtuar stiv\u00ebn e gjobave ndaj biznesit t\u00eb medies ku un\u00eb punoj.<\/p>\n<p>\u00cbsht\u00eb nj\u00eb fyerje e madhe p\u00ebr qytetar\u00ebt n\u00eb shekullin e 21 t\u2019u zhvillosh gjyqe ilegale dhe t\u2019i d\u00ebnosh me gjoba t\u00eb tilla, t\u00eb cilat jan\u00eb jasht\u00eb p\u00ebrfytyrimit p\u00ebr t\u2019u p\u00ebrballuar nga nj\u00eb qytetar i thjesht\u00eb. Ju kujtoj zoti President se shuma 100 milion\u00eb lek\u00eb, me t\u00eb cil\u00ebn k\u00ebrkon t\u00eb b\u00ebhet \u201czengjine\u201d zonja Sollaku, \u00ebsht\u00eb rroga ime e dhjet\u00eb viteve. Un\u00eb nuk e di mbi \u00e7\u2019baza kjo gjykat\u00eb ka vler\u00ebsuar se kjo zonj\u00eb \u00ebsht\u00eb ndjer\u00eb kaq shum\u00eb e d\u00ebmtuar nga artikulli i nj\u00eb gazete, p\u00ebr t\u00eb cilin Gjykata e Shkall\u00ebs s\u00eb Par\u00eb i ka dh\u00ebn\u00eb pafaj\u00ebsin\u00eb gazetarit.<\/p>\n<p>S\u00eb dyti, \u00ebsht\u00eb e pamoralshme q\u00eb gjyqi, p\u00ebrve\u00e7se ilegalisht, t\u00eb zhvillohet n\u00eb nj\u00eb gjykat\u00eb ku akuzuesja punon si gjyqtare. N\u00ebse un\u00eb do t\u00eb isha njoftuar p\u00ebr gjyqin, gj\u00ebja e par\u00eb q\u00eb do t\u00eb b\u00ebja do t\u00eb ishte s\u00eb paku zhvillimi i k\u00ebtij gjyqi n\u00eb nj\u00eb gjykat\u00eb tjet\u00ebr t\u00eb Apelit n\u00eb Shqip\u00ebri. Marrja e vendimeve t\u00eb tilla gjyq\u00ebsore nga nj\u00eb gjykat\u00eb, n\u00eb munges\u00eb t\u00eb akuzuarit dhe avokatit t\u00eb tij, n\u00eb mjediset e pun\u00ebs s\u00eb gjyqtares q\u00eb akuzon p\u00ebr arsye private, \u00ebsht\u00eb e turpshme.<\/p>\n<p>S\u00eb fundmi, do t\u00eb desha ta shikonit k\u00ebt\u00eb problem, jo vet\u00ebm si nj\u00eb p\u00ebrpjekje p\u00ebr t\u2019i mbyllur goj\u00ebn shtypit, por edhe si nj\u00eb p\u00ebrpjekje e ul\u00ebt p\u00ebr t\u00eb fituar mb\u00ebshtetje nga pushteti politik p\u00ebr gazetar\u00ebt kritik\u00eb. P\u00ebrpjekja p\u00ebr t\u00eb izoluar e rr\u00ebnuar juridikisht, financiarisht dhe fizikisht gazetar\u00eb kritik\u00eb me pushtetin, \u00ebsht\u00eb nj\u00eb nga standardet m\u00eb t\u00eb ul\u00ebta dhe fyese p\u00ebr demokracin\u00eb shqiptare, e cila p\u00ebr fat t\u00eb keq po shfaq shenjat e saj t\u00eb frikshme dhe t\u00eb neveritshme n\u00eb pushtetin e drejt\u00ebsis\u00eb, n\u00eb krye t\u00eb t\u00eb cilit ju q\u00ebndroni.<\/p>\n<p>M\u00eb lejoni zoti President t\u2019iu shpreh keqardhjen time p\u00ebr k\u00ebt\u00eb gjest t\u00eb ul\u00ebt t\u00eb Gjykat\u00ebs s\u00eb Apelit t\u00eb Tiran\u00ebs, t\u00eb cilin un\u00eb do ta kund\u00ebrshtoj n\u00eb rrug\u00eb ligjore deri n\u00eb Gjykat\u00ebn e Strasburgut. Por m\u00eb e r\u00ebnd\u00ebsishme se e drejta ime, k\u00ebtu mendoj se \u00ebsht\u00eb degradimi i k\u00ebtij trupi gjykues n\u00eb gjob\u00ebv\u00ebn\u00ebs ordiner\u00eb ndaj medies n\u00eb Shqip\u00ebri. <\/p>\n","protected":false},"excerpt":{"rendered":"<p>Nga Mero Baze (Presidentit t\u00eb Republik\u00ebs, z. Bamir Topi) Zoti President, Po t\u00eb drejtohem jo vet\u00ebm n\u00eb funksionin tuaj si kryetar i K\u00ebshillit t\u00eb Lart\u00eb t\u00eb Drejt\u00ebsis\u00eb, por mbi t\u00eb gjitha si garant i kushtetutshm\u00ebris\u00eb n\u00eb vend. Ministria e Drejt\u00ebsis\u00eb, p\u00ebrmes Zyr\u00ebs s\u00eb P\u00ebrmbarimit, ka urdh\u00ebruar n\u00eb dat\u00ebn 30 n\u00ebntor bllokimin e gjith\u00eb llogarive personale [&hellip;]<\/p>\n","protected":false},"author":1,"featured_media":0,"comment_status":"open","ping_status":"closed","sticky":false,"template":"","format":"standard","meta":{"footnotes":""},"categories":[2],"tags":[],"class_list":{"0":"post-5017","1":"post","2":"type-post","3":"status-publish","4":"format-standard","6":"category-artikuj"},"yoast_head":"<!-- This site is optimized with the Yoast SEO plugin v27.4 - https:\/\/yoast.com\/product\/yoast-seo-wordpress\/ -->\n<title>Gjykata e Apelit, aleate e turpshme e pushtetit kund\u00ebr medies - FjALA e LIR\u00cb - Arkivi<\/title>\n<meta name=\"robots\" content=\"index, follow, max-snippet:-1, max-image-preview:large, max-video-preview:-1\" \/>\n<link rel=\"canonical\" href=\"https:\/\/fjala.info\/2009-2015\/gjykata-e-apelit-aleate-e-turpshme-e-pushtetit-kunder-medies\/\" \/>\n<meta property=\"og:locale\" content=\"sq_AL\" \/>\n<meta property=\"og:type\" content=\"article\" \/>\n<meta property=\"og:title\" content=\"Gjykata e Apelit, aleate e turpshme e pushtetit kund\u00ebr medies - FjALA e LIR\u00cb - Arkivi\" \/>\n<meta property=\"og:description\" content=\"Nga Mero Baze (Presidentit t\u00eb Republik\u00ebs, z. Bamir Topi) Zoti President, Po t\u00eb drejtohem jo vet\u00ebm n\u00eb funksionin tuaj si kryetar i K\u00ebshillit t\u00eb Lart\u00eb t\u00eb Drejt\u00ebsis\u00eb, por mbi t\u00eb gjitha si garant i kushtetutshm\u00ebris\u00eb n\u00eb vend. Ministria e Drejt\u00ebsis\u00eb, p\u00ebrmes Zyr\u00ebs s\u00eb P\u00ebrmbarimit, ka urdh\u00ebruar n\u00eb dat\u00ebn 30 n\u00ebntor bllokimin e gjith\u00eb llogarive personale [&hellip;]\" \/>\n<meta property=\"og:url\" content=\"https:\/\/fjala.info\/2009-2015\/gjykata-e-apelit-aleate-e-turpshme-e-pushtetit-kunder-medies\/\" \/>\n<meta property=\"og:site_name\" content=\"FjALA e LIR\u00cb - Arkivi\" \/>\n<meta property=\"article:published_time\" content=\"2010-12-03T23:07:08+00:00\" \/>\n<meta property=\"og:image\" content=\"http:\/\/fjala.shkoder.net\/wp-content\/uploads\/2010\/10\/mero_baze1.jpg\" \/>\n<meta name=\"author\" content=\"admin\" \/>\n<meta name=\"twitter:card\" content=\"summary_large_image\" \/>\n<meta name=\"twitter:label1\" content=\"Written by\" \/>\n\t<meta name=\"twitter:data1\" content=\"admin\" \/>\n\t<meta name=\"twitter:label2\" content=\"Est. reading time\" \/>\n\t<meta name=\"twitter:data2\" content=\"4 minutes\" \/>\n<script type=\"application\/ld+json\" class=\"yoast-schema-graph\">{\"@context\":\"https:\\\/\\\/schema.org\",\"@graph\":[{\"@type\":\"Article\",\"@id\":\"https:\\\/\\\/fjala.info\\\/2009-2015\\\/gjykata-e-apelit-aleate-e-turpshme-e-pushtetit-kunder-medies\\\/#article\",\"isPartOf\":{\"@id\":\"https:\\\/\\\/fjala.info\\\/2009-2015\\\/gjykata-e-apelit-aleate-e-turpshme-e-pushtetit-kunder-medies\\\/\"},\"author\":{\"name\":\"admin\",\"@id\":\"https:\\\/\\\/fjala.info\\\/2009-2015\\\/#\\\/schema\\\/person\\\/3aa1163ef05469c496fc94e77611ada2\"},\"headline\":\"Gjykata e Apelit, aleate e turpshme e pushtetit kund\u00ebr medies\",\"datePublished\":\"2010-12-03T23:07:08+00:00\",\"mainEntityOfPage\":{\"@id\":\"https:\\\/\\\/fjala.info\\\/2009-2015\\\/gjykata-e-apelit-aleate-e-turpshme-e-pushtetit-kunder-medies\\\/\"},\"wordCount\":785,\"commentCount\":0,\"publisher\":{\"@id\":\"https:\\\/\\\/fjala.info\\\/2009-2015\\\/#organization\"},\"image\":{\"@id\":\"https:\\\/\\\/fjala.info\\\/2009-2015\\\/gjykata-e-apelit-aleate-e-turpshme-e-pushtetit-kunder-medies\\\/#primaryimage\"},\"thumbnailUrl\":\"http:\\\/\\\/fjala.shkoder.net\\\/wp-content\\\/uploads\\\/2010\\\/10\\\/mero_baze1.jpg\",\"articleSection\":[\"Artikuj\"],\"inLanguage\":\"sq-AL\",\"potentialAction\":[{\"@type\":\"CommentAction\",\"name\":\"Comment\",\"target\":[\"https:\\\/\\\/fjala.info\\\/2009-2015\\\/gjykata-e-apelit-aleate-e-turpshme-e-pushtetit-kunder-medies\\\/#respond\"]}]},{\"@type\":\"WebPage\",\"@id\":\"https:\\\/\\\/fjala.info\\\/2009-2015\\\/gjykata-e-apelit-aleate-e-turpshme-e-pushtetit-kunder-medies\\\/\",\"url\":\"https:\\\/\\\/fjala.info\\\/2009-2015\\\/gjykata-e-apelit-aleate-e-turpshme-e-pushtetit-kunder-medies\\\/\",\"name\":\"Gjykata e Apelit, aleate e turpshme e pushtetit kund\u00ebr medies - FjALA e LIR\u00cb - Arkivi\",\"isPartOf\":{\"@id\":\"https:\\\/\\\/fjala.info\\\/2009-2015\\\/#website\"},\"primaryImageOfPage\":{\"@id\":\"https:\\\/\\\/fjala.info\\\/2009-2015\\\/gjykata-e-apelit-aleate-e-turpshme-e-pushtetit-kunder-medies\\\/#primaryimage\"},\"image\":{\"@id\":\"https:\\\/\\\/fjala.info\\\/2009-2015\\\/gjykata-e-apelit-aleate-e-turpshme-e-pushtetit-kunder-medies\\\/#primaryimage\"},\"thumbnailUrl\":\"http:\\\/\\\/fjala.shkoder.net\\\/wp-content\\\/uploads\\\/2010\\\/10\\\/mero_baze1.jpg\",\"datePublished\":\"2010-12-03T23:07:08+00:00\",\"breadcrumb\":{\"@id\":\"https:\\\/\\\/fjala.info\\\/2009-2015\\\/gjykata-e-apelit-aleate-e-turpshme-e-pushtetit-kunder-medies\\\/#breadcrumb\"},\"inLanguage\":\"sq-AL\",\"potentialAction\":[{\"@type\":\"ReadAction\",\"target\":[\"https:\\\/\\\/fjala.info\\\/2009-2015\\\/gjykata-e-apelit-aleate-e-turpshme-e-pushtetit-kunder-medies\\\/\"]}]},{\"@type\":\"ImageObject\",\"inLanguage\":\"sq-AL\",\"@id\":\"https:\\\/\\\/fjala.info\\\/2009-2015\\\/gjykata-e-apelit-aleate-e-turpshme-e-pushtetit-kunder-medies\\\/#primaryimage\",\"url\":\"http:\\\/\\\/fjala.shkoder.net\\\/wp-content\\\/uploads\\\/2010\\\/10\\\/mero_baze1.jpg\",\"contentUrl\":\"http:\\\/\\\/fjala.shkoder.net\\\/wp-content\\\/uploads\\\/2010\\\/10\\\/mero_baze1.jpg\"},{\"@type\":\"BreadcrumbList\",\"@id\":\"https:\\\/\\\/fjala.info\\\/2009-2015\\\/gjykata-e-apelit-aleate-e-turpshme-e-pushtetit-kunder-medies\\\/#breadcrumb\",\"itemListElement\":[{\"@type\":\"ListItem\",\"position\":1,\"name\":\"Home\",\"item\":\"https:\\\/\\\/fjala.info\\\/2009-2015\\\/\"},{\"@type\":\"ListItem\",\"position\":2,\"name\":\"Gjykata e Apelit, aleate e turpshme e pushtetit kund\u00ebr medies\"}]},{\"@type\":\"WebSite\",\"@id\":\"https:\\\/\\\/fjala.info\\\/2009-2015\\\/#website\",\"url\":\"https:\\\/\\\/fjala.info\\\/2009-2015\\\/\",\"name\":\"FjALA e LIR\u00cb - Arkivi\",\"description\":\"Arkivi 2009-2015\",\"publisher\":{\"@id\":\"https:\\\/\\\/fjala.info\\\/2009-2015\\\/#organization\"},\"potentialAction\":[{\"@type\":\"SearchAction\",\"target\":{\"@type\":\"EntryPoint\",\"urlTemplate\":\"https:\\\/\\\/fjala.info\\\/2009-2015\\\/?s={search_term_string}\"},\"query-input\":{\"@type\":\"PropertyValueSpecification\",\"valueRequired\":true,\"valueName\":\"search_term_string\"}}],\"inLanguage\":\"sq-AL\"},{\"@type\":\"Organization\",\"@id\":\"https:\\\/\\\/fjala.info\\\/2009-2015\\\/#organization\",\"name\":\"FjALA e LIR\u00cb - Arkivi\",\"url\":\"https:\\\/\\\/fjala.info\\\/2009-2015\\\/\",\"logo\":{\"@type\":\"ImageObject\",\"inLanguage\":\"sq-AL\",\"@id\":\"https:\\\/\\\/fjala.info\\\/2009-2015\\\/#\\\/schema\\\/logo\\\/image\\\/\",\"url\":\"\",\"contentUrl\":\"\",\"caption\":\"FjALA e LIR\u00cb - Arkivi\"},\"image\":{\"@id\":\"https:\\\/\\\/fjala.info\\\/2009-2015\\\/#\\\/schema\\\/logo\\\/image\\\/\"}},{\"@type\":\"Person\",\"@id\":\"https:\\\/\\\/fjala.info\\\/2009-2015\\\/#\\\/schema\\\/person\\\/3aa1163ef05469c496fc94e77611ada2\",\"name\":\"admin\",\"image\":{\"@type\":\"ImageObject\",\"inLanguage\":\"sq-AL\",\"@id\":\"https:\\\/\\\/fjala.info\\\/2009-2015\\\/wp-content\\\/uploads\\\/2012\\\/02\\\/arben_cokaj-120x150.jpg\",\"url\":\"https:\\\/\\\/fjala.info\\\/2009-2015\\\/wp-content\\\/uploads\\\/2012\\\/02\\\/arben_cokaj-120x150.jpg\",\"contentUrl\":\"https:\\\/\\\/fjala.info\\\/2009-2015\\\/wp-content\\\/uploads\\\/2012\\\/02\\\/arben_cokaj-120x150.jpg\",\"caption\":\"admin\"},\"description\":\"Admin, Fjala e Lir\u00eb\",\"sameAs\":[\"https:\\\/\\\/fjala.info\\\/\"],\"url\":\"https:\\\/\\\/fjala.info\\\/2009-2015\\\/author\\\/admin\\\/\"}]}<\/script>\n<!-- \/ Yoast SEO plugin. -->","yoast_head_json":{"title":"Gjykata e Apelit, aleate e turpshme e pushtetit kund\u00ebr medies - FjALA e LIR\u00cb - Arkivi","robots":{"index":"index","follow":"follow","max-snippet":"max-snippet:-1","max-image-preview":"max-image-preview:large","max-video-preview":"max-video-preview:-1"},"canonical":"https:\/\/fjala.info\/2009-2015\/gjykata-e-apelit-aleate-e-turpshme-e-pushtetit-kunder-medies\/","og_locale":"sq_AL","og_type":"article","og_title":"Gjykata e Apelit, aleate e turpshme e pushtetit kund\u00ebr medies - FjALA e LIR\u00cb - Arkivi","og_description":"Nga Mero Baze (Presidentit t\u00eb Republik\u00ebs, z. Bamir Topi) Zoti President, Po t\u00eb drejtohem jo vet\u00ebm n\u00eb funksionin tuaj si kryetar i K\u00ebshillit t\u00eb Lart\u00eb t\u00eb Drejt\u00ebsis\u00eb, por mbi t\u00eb gjitha si garant i kushtetutshm\u00ebris\u00eb n\u00eb vend. Ministria e Drejt\u00ebsis\u00eb, p\u00ebrmes Zyr\u00ebs s\u00eb P\u00ebrmbarimit, ka urdh\u00ebruar n\u00eb dat\u00ebn 30 n\u00ebntor bllokimin e gjith\u00eb llogarive personale [&hellip;]","og_url":"https:\/\/fjala.info\/2009-2015\/gjykata-e-apelit-aleate-e-turpshme-e-pushtetit-kunder-medies\/","og_site_name":"FjALA e LIR\u00cb - Arkivi","article_published_time":"2010-12-03T23:07:08+00:00","og_image":[{"url":"http:\/\/fjala.shkoder.net\/wp-content\/uploads\/2010\/10\/mero_baze1.jpg","type":"","width":"","height":""}],"author":"admin","twitter_card":"summary_large_image","twitter_misc":{"Written by":"admin","Est. reading time":"4 minutes"},"schema":{"@context":"https:\/\/schema.org","@graph":[{"@type":"Article","@id":"https:\/\/fjala.info\/2009-2015\/gjykata-e-apelit-aleate-e-turpshme-e-pushtetit-kunder-medies\/#article","isPartOf":{"@id":"https:\/\/fjala.info\/2009-2015\/gjykata-e-apelit-aleate-e-turpshme-e-pushtetit-kunder-medies\/"},"author":{"name":"admin","@id":"https:\/\/fjala.info\/2009-2015\/#\/schema\/person\/3aa1163ef05469c496fc94e77611ada2"},"headline":"Gjykata e Apelit, aleate e turpshme e pushtetit kund\u00ebr medies","datePublished":"2010-12-03T23:07:08+00:00","mainEntityOfPage":{"@id":"https:\/\/fjala.info\/2009-2015\/gjykata-e-apelit-aleate-e-turpshme-e-pushtetit-kunder-medies\/"},"wordCount":785,"commentCount":0,"publisher":{"@id":"https:\/\/fjala.info\/2009-2015\/#organization"},"image":{"@id":"https:\/\/fjala.info\/2009-2015\/gjykata-e-apelit-aleate-e-turpshme-e-pushtetit-kunder-medies\/#primaryimage"},"thumbnailUrl":"http:\/\/fjala.shkoder.net\/wp-content\/uploads\/2010\/10\/mero_baze1.jpg","articleSection":["Artikuj"],"inLanguage":"sq-AL","potentialAction":[{"@type":"CommentAction","name":"Comment","target":["https:\/\/fjala.info\/2009-2015\/gjykata-e-apelit-aleate-e-turpshme-e-pushtetit-kunder-medies\/#respond"]}]},{"@type":"WebPage","@id":"https:\/\/fjala.info\/2009-2015\/gjykata-e-apelit-aleate-e-turpshme-e-pushtetit-kunder-medies\/","url":"https:\/\/fjala.info\/2009-2015\/gjykata-e-apelit-aleate-e-turpshme-e-pushtetit-kunder-medies\/","name":"Gjykata e Apelit, aleate e turpshme e pushtetit kund\u00ebr medies - FjALA e LIR\u00cb - Arkivi","isPartOf":{"@id":"https:\/\/fjala.info\/2009-2015\/#website"},"primaryImageOfPage":{"@id":"https:\/\/fjala.info\/2009-2015\/gjykata-e-apelit-aleate-e-turpshme-e-pushtetit-kunder-medies\/#primaryimage"},"image":{"@id":"https:\/\/fjala.info\/2009-2015\/gjykata-e-apelit-aleate-e-turpshme-e-pushtetit-kunder-medies\/#primaryimage"},"thumbnailUrl":"http:\/\/fjala.shkoder.net\/wp-content\/uploads\/2010\/10\/mero_baze1.jpg","datePublished":"2010-12-03T23:07:08+00:00","breadcrumb":{"@id":"https:\/\/fjala.info\/2009-2015\/gjykata-e-apelit-aleate-e-turpshme-e-pushtetit-kunder-medies\/#breadcrumb"},"inLanguage":"sq-AL","potentialAction":[{"@type":"ReadAction","target":["https:\/\/fjala.info\/2009-2015\/gjykata-e-apelit-aleate-e-turpshme-e-pushtetit-kunder-medies\/"]}]},{"@type":"ImageObject","inLanguage":"sq-AL","@id":"https:\/\/fjala.info\/2009-2015\/gjykata-e-apelit-aleate-e-turpshme-e-pushtetit-kunder-medies\/#primaryimage","url":"http:\/\/fjala.shkoder.net\/wp-content\/uploads\/2010\/10\/mero_baze1.jpg","contentUrl":"http:\/\/fjala.shkoder.net\/wp-content\/uploads\/2010\/10\/mero_baze1.jpg"},{"@type":"BreadcrumbList","@id":"https:\/\/fjala.info\/2009-2015\/gjykata-e-apelit-aleate-e-turpshme-e-pushtetit-kunder-medies\/#breadcrumb","itemListElement":[{"@type":"ListItem","position":1,"name":"Home","item":"https:\/\/fjala.info\/2009-2015\/"},{"@type":"ListItem","position":2,"name":"Gjykata e Apelit, aleate e turpshme e pushtetit kund\u00ebr medies"}]},{"@type":"WebSite","@id":"https:\/\/fjala.info\/2009-2015\/#website","url":"https:\/\/fjala.info\/2009-2015\/","name":"FjALA e LIR\u00cb - Arkivi","description":"Arkivi 2009-2015","publisher":{"@id":"https:\/\/fjala.info\/2009-2015\/#organization"},"potentialAction":[{"@type":"SearchAction","target":{"@type":"EntryPoint","urlTemplate":"https:\/\/fjala.info\/2009-2015\/?s={search_term_string}"},"query-input":{"@type":"PropertyValueSpecification","valueRequired":true,"valueName":"search_term_string"}}],"inLanguage":"sq-AL"},{"@type":"Organization","@id":"https:\/\/fjala.info\/2009-2015\/#organization","name":"FjALA e LIR\u00cb - Arkivi","url":"https:\/\/fjala.info\/2009-2015\/","logo":{"@type":"ImageObject","inLanguage":"sq-AL","@id":"https:\/\/fjala.info\/2009-2015\/#\/schema\/logo\/image\/","url":"","contentUrl":"","caption":"FjALA e LIR\u00cb - Arkivi"},"image":{"@id":"https:\/\/fjala.info\/2009-2015\/#\/schema\/logo\/image\/"}},{"@type":"Person","@id":"https:\/\/fjala.info\/2009-2015\/#\/schema\/person\/3aa1163ef05469c496fc94e77611ada2","name":"admin","image":{"@type":"ImageObject","inLanguage":"sq-AL","@id":"https:\/\/fjala.info\/2009-2015\/wp-content\/uploads\/2012\/02\/arben_cokaj-120x150.jpg","url":"https:\/\/fjala.info\/2009-2015\/wp-content\/uploads\/2012\/02\/arben_cokaj-120x150.jpg","contentUrl":"https:\/\/fjala.info\/2009-2015\/wp-content\/uploads\/2012\/02\/arben_cokaj-120x150.jpg","caption":"admin"},"description":"Admin, Fjala e Lir\u00eb","sameAs":["https:\/\/fjala.info\/"],"url":"https:\/\/fjala.info\/2009-2015\/author\/admin\/"}]}},"_links":{"self":[{"href":"https:\/\/fjala.info\/2009-2015\/wp-json\/wp\/v2\/posts\/5017","targetHints":{"allow":["GET"]}}],"collection":[{"href":"https:\/\/fjala.info\/2009-2015\/wp-json\/wp\/v2\/posts"}],"about":[{"href":"https:\/\/fjala.info\/2009-2015\/wp-json\/wp\/v2\/types\/post"}],"author":[{"embeddable":true,"href":"https:\/\/fjala.info\/2009-2015\/wp-json\/wp\/v2\/users\/1"}],"replies":[{"embeddable":true,"href":"https:\/\/fjala.info\/2009-2015\/wp-json\/wp\/v2\/comments?post=5017"}],"version-history":[{"count":0,"href":"https:\/\/fjala.info\/2009-2015\/wp-json\/wp\/v2\/posts\/5017\/revisions"}],"wp:attachment":[{"href":"https:\/\/fjala.info\/2009-2015\/wp-json\/wp\/v2\/media?parent=5017"}],"wp:term":[{"taxonomy":"category","embeddable":true,"href":"https:\/\/fjala.info\/2009-2015\/wp-json\/wp\/v2\/categories?post=5017"},{"taxonomy":"post_tag","embeddable":true,"href":"https:\/\/fjala.info\/2009-2015\/wp-json\/wp\/v2\/tags?post=5017"}],"curies":[{"name":"wp","href":"https:\/\/api.w.org\/{rel}","templated":true}]}}