{"id":5012,"date":"2010-12-03T23:57:27","date_gmt":"2010-12-03T22:57:27","guid":{"rendered":"http:\/\/fjala.shkoder.net\/?p=5012"},"modified":"2010-12-03T23:57:27","modified_gmt":"2010-12-03T22:57:27","slug":"shkodra-nen-uje-kryeministri-premton-pare-per-fondacionin-e-gruas-se-tij","status":"publish","type":"post","link":"https:\/\/fjala.info\/2009-2015\/shkodra-nen-uje-kryeministri-premton-pare-per-fondacionin-e-gruas-se-tij\/","title":{"rendered":"Shkodra nen uje, Kryeministri premton pare p\u00ebr Fondacionin e gruas se tij"},"content":{"rendered":"<p>Nga <strong>TemA<\/strong><\/p>\n<p>P\u00ebrmbytja zgjerohet, rreth 8 mij\u00eb t\u00eb evakuuar. P\u00ebrmbyten 13 mij\u00eb hektar\u00eb tok\u00eb dhe 2100 sht\u00ebpi, mij\u00ebra t\u00eb tjera t\u00eb rrethuara nga uji. Kryeministri Berisha thot\u00eb se situata \u00ebsht\u00eb n\u00eb kontroll, por nuk parashikon p\u00ebrmir\u00ebsim t\u00eb saj<\/p>\n<p>E premtja e gdhiu Shkodr\u00ebn s\u00ebrish mbi uj\u00eb. Krahasimet me Venecian p\u00ebr fat t\u00eb keq vet\u00ebm sa e shtojn\u00eb dram\u00ebn e k\u00ebtij qyteti, q\u00eb brenda nj\u00eb viti po e p\u00ebrjeton tragjedin\u00eb e tij disa her\u00eb. Liqeni i Shkodr\u00ebs ka avancuar tej brigjeve t\u00eb tij duke p\u00ebrfshir\u00eb dhe disa hektar\u00eb t\u00eb tjer\u00eb nga qyteti, nd\u00ebrkoh\u00eb rrethinat e tij jan\u00eb p\u00ebrmbytur nga lumenjt\u00eb dhe derdhjet e hidrocentraleve. Situata i ngjan nj\u00eb apokalipsi, njer\u00ebz q\u00eb ecin me varka n\u00ebp\u00ebr qytet p\u00ebr t\u00eb bler\u00eb ushqime apo ila\u00e7e, dyqane dhe katet e para t\u00eb pallateve t\u00eb mbushura me uj\u00eb.<\/p>\n<p>Si t\u00eb mos mjaftonte kjo, kan\u00eb shp\u00ebrthyer dhe uj\u00ebrat e zeza dhe qyteti rrezikon nj\u00eb epidemi. Nd\u00ebrkoh\u00eb kryeministri Berisha dje pati aktivitete n\u00eb Tiran\u00eb dhe komentoi situat\u00ebn si t\u00eb keqe, por n\u00ebn kontroll. Pas pjes\u00ebmarrjes n\u00eb konferenc\u00ebn p\u00ebr f\u00ebmij\u00ebt autist\u00eb, Kryeministri Berisha foli p\u00ebr mediat lidhur me situat\u00ebn m\u00eb t\u00eb fundit t\u00eb krijuar nga p\u00ebrmbytjet n\u00eb Shkod\u00ebr, ku u shpreh se \u201csituata \u00ebsht\u00eb n\u00ebn kontroll\u201d.<\/p>\n<p>\u201cKa pasur disa operacione shp\u00ebtimi. Mbi 7 mij\u00eb banor\u00eb jan\u00eb evakuuar. Situata \u00ebsht\u00eb e t\u00ebra aktualisht n\u00ebn kontroll. Po nd\u00ebrmerret furnizimi m\u00eb ushqime, me uj\u00eb dhe me \u00e7far\u00ebdo q\u00eb nevojitet p\u00ebr popullat\u00ebn e evakuuar, si dhe po vazhdon me intensitet evakuimi i pjes\u00ebs tjet\u00ebr. Kjo \u00ebsht\u00eb pak a shum\u00eb situata. Ka rritje prej 11 centimet\u00ebr t\u00eb nivelit t\u00eb liqenit, ndon\u00ebse shkarkimet kan\u00eb qen\u00eb leht\u00ebsisht m\u00eb t\u00eb pakta. Por burimet e liqenit dhe derdhjet n\u00eb t\u00eb jan\u00eb t\u00eb m\u00ebdha\u201d, tha ai.<\/p>\n<p>Informacionet e fundit q\u00eb vijn\u00eb nga Shtabi i Emergjenc\u00ebs flasin p\u00ebr mij\u00ebra t\u00eb evakuuar nga sht\u00ebpit\u00eb e tyre dhe mij\u00ebra sht\u00ebpi t\u00eb p\u00ebrmbytura t\u00ebr\u00ebsisht. Sipas k\u00ebtyre t\u00eb dh\u00ebnave, uj\u00ebrat e liqenit t\u00eb Shkodr\u00ebs tashm\u00eb kan\u00eb p\u00ebrpir\u00eb dhe fushat e Torovic\u00ebs, ku ndahet Shkodra me Lezh\u00ebn. Deri n\u00eb or\u00ebn 17.00 jan\u00eb 13 mij\u00eb hektar\u00eb tok\u00eb e 2100 sht\u00ebpit\u00eb e p\u00ebrmbytura dhe mij\u00ebra t\u00eb tjera t\u00eb rrethuara nga uji. Jan\u00eb evakuuar 7944 persona. Nen uj\u00eb jan\u00eb edhe disa shkolla, ku \u00ebsht\u00eb pezulluar m\u00ebsimi.<\/p>\n<p>Tejfryrja e Liqenit t\u00eb Shkodr\u00ebs ka b\u00ebr\u00eb q\u00eb uj\u00ebrat e tij t\u00eb p\u00ebrmbytin segmente t\u00eb t\u00ebra t\u00eb aksit rrugor nacional Shkod\u00ebr-Hani Hotit, duke v\u00ebshtir\u00ebsuar s\u00eb tep\u00ebrmi qarkullimin e automjeteve. Nd\u00ebrsa n\u00eb segmentin nga kthesa e fshatit Hot, n\u00eb komun\u00ebn e Bajz\u00ebs dhe deri n\u00eb dogan\u00eb, n\u00eb kufi me Malin e Zi, qarkullimi \u00ebsht\u00eb i bllokuar t\u00ebr\u00ebsisht. M\u00ebsohet se n\u00eb k\u00ebt\u00eb segment rrugor, niveli i ujit ka kaluar lart\u00ebsin\u00eb mbi 1 met\u00ebr, duke bllokuar jo vet\u00ebm qarkullimin e automjeteve t\u00eb vogla, por n\u00eb t\u00ebr\u00ebsi t\u00eb gjith\u00eb qarkullimin, edhe me mjetet e larta.<\/p>\n<p><strong>Presidenti Topi: Do t\u00eb th\u00ebrras K\u00ebshillin e Siguris\u00eb Komb\u00ebtare <\/strong><\/p>\n<p>Presidenti Bamir Topi e ka cil\u00ebsuar me shum\u00eb r\u00ebnd\u00ebsi situat\u00ebn ku ndodhet vendi, ku qyteti i Shkodr\u00ebs \u00ebsht\u00eb i p\u00ebrmbytur dhe pritet t\u00eb ket\u00eb p\u00ebrmbytje dhe n\u00eb Lezh\u00eb. Si\u00e7 njofton zyra e shtypit pran\u00eb tij, ai po p\u00ebrgatitet t\u00eb th\u00ebrras\u00eb mbledhjen e K\u00ebshillit t\u00eb Siguris\u00eb Komb\u00ebtare p\u00ebr t\u00eb diskutuar mbi situat\u00ebn. Ky k\u00ebshill q\u00eb p\u00ebrb\u00ebhet nga kreu i shtetit, kryeministri, disa ministra dhe krer\u00ebt m\u00eb t\u00eb lart\u00eb t\u00eb institucioneve t\u00eb pavarura, mblidhet sa her\u00eb ka katastrofa natyrore ose gjendje t\u00eb jasht\u00ebzakonshme q\u00eb cenojn\u00eb sigurin\u00eb e vendit. Sipas zyr\u00ebs s\u00eb shtypit pran\u00eb Topit, Presidenti po ndjek me shqet\u00ebsim situat\u00ebn e shkaktuar nga p\u00ebrmbytjet n\u00eb veri-per\u00ebndim t\u00eb vendit.<\/p>\n<p>\u201cPresidenti i Republik\u00ebs, Prof. Dr. Bamir Topi, kthyer me urgjenc\u00eb n\u00eb atdhe nga Kazakistani n\u00eb or\u00ebt e para t\u00eb m\u00ebngjesit t\u00eb sot\u00ebm, ku mori pjes\u00eb n\u00eb Samitin e Krer\u00ebve t\u00eb Shteteve dhe Qeverive t\u00eb OSBE-s\u00eb, po ndjek me shqet\u00ebsim situat\u00ebn e krijuar n\u00eb veri-per\u00ebndim t\u00eb vendit nga reshjet dhe p\u00ebrmbytjet e dit\u00ebve t\u00eb fundit.<\/p>\n<p>Gjat\u00eb q\u00ebndrimit n\u00eb Astana, Kryetari i Shtetit ka qen\u00eb n\u00eb m\u00ebnyr\u00eb sistematike n\u00eb dijeni t\u00eb ecuris\u00eb s\u00eb zhvillimeve e situat\u00ebn konkrete dhe gjat\u00eb dit\u00ebs s\u00eb sotme ka vijuar kontaktet me t\u00eb gjith\u00eb p\u00ebrfaq\u00ebsuesit institucional\u00eb mbi ecurin\u00eb dhe masat q\u00eb po merren p\u00ebr ta p\u00ebrballuar sa m\u00eb mir\u00eb at\u00eb. Pas marrjes s\u00eb k\u00ebtyre informacioneve t\u00eb fundit dhe vler\u00ebsimit t\u00eb situat\u00ebs, n\u00eb bashk\u00ebpunim me t\u00eb gjith\u00eb aktor\u00ebt institucional\u00eb, Presidenti i Republik\u00ebs po p\u00ebrgatitet p\u00ebr t\u00eb thirrur mbledhjen e K\u00ebshillit t\u00eb Siguris\u00eb Komb\u00ebtare\u201d, thuhej n\u00eb njoftimin e djesh\u00ebm.<\/p>\n<p><strong>Ministria e Transporteve: Bllokohen rrug\u00ebt e veriut<\/strong><\/p>\n<p>Ministria e Transporteve ka b\u00ebr\u00eb dje nj\u00eb evidenc\u00eb t\u00eb t\u00eb gjitha rrug\u00ebve t\u00eb vendit ku jan\u00eb hasur probleme p\u00ebr shkak t\u00eb motit t\u00eb keq. Sipas t\u00eb dh\u00ebnave t\u00eb k\u00ebsaj ministrie rrug\u00ebt e veriut, si ajo e Shkodr\u00ebs, Kuk\u00ebsit e Dibr\u00ebs kan\u00eb probleme t\u00eb m\u00ebdha. M\u00eb posht\u00eb t\u00eb dh\u00ebnat e plota t\u00eb MPPT-s\u00eb.<\/p>\n<p>Shkod\u00ebr: N\u00eb hyrje t\u00eb qytetit Shkod\u00ebr, para ur\u00ebs s\u00eb Bun\u00ebs dhe n\u00eb Harku i B\u00ebrdic\u00ebs, rruga \u00ebsht\u00eb e pakalueshme pasi ka p\u00ebrmbytje t\u00eb rrug\u00ebs me rreth 1m uj\u00eb mbi rruge. Tek Ura e Bun\u00ebs uji ka kaluar mbi ur\u00eb duke krijuar p\u00ebrmbytje t\u00eb rrug\u00ebs dhe duke e b\u00ebr\u00eb t\u00eb pakalueshme rrug\u00ebn. Rruga p\u00ebr n\u00eb Muriqan \u00ebsht\u00eb e bllokuar, po k\u00ebshtu edhe rruga p\u00ebr n\u00eb Shirok\u00eb \u00ebsht\u00eb e p\u00ebrmbytur. Nd\u00ebrsa n\u00eb segmentin rrugor Harku i B\u00ebrdic\u00ebs \u2013 Velipoj\u00eb, kuota e uj\u00ebrave n\u00eb ur\u00ebn e Gjolulit \u00ebsht\u00eb rreth 50-60cm, qarkullojn\u00eb vet\u00ebm mjetet e m\u00ebdha, mjetet e vogla qarkullojn\u00eb nga rrug\u00eb dyt\u00ebsore.<\/p>\n<p>N\u00eb segmentin rrugor Koplik \u2013 Dedaj &#8211; Bog\u00eb si rezultat i bllokimit te zona e P\u00ebrroit t\u00eb That\u00eb, qarkullimi i mjeteve kryhet n\u00ebp\u00ebrmjet nj\u00eb rruge dyt\u00ebsore provizore, sasia e ujit \u00ebsht\u00eb 60 cm. Hyrja p\u00ebr n\u00eb Shkod\u00ebr b\u00ebhet nga Mjeda. Gjithashtu edhe aksi rrugor Shkod\u00ebr- Velipoj\u00eb \u00ebsht\u00eb i pakaluesh\u00ebm pasi \u00ebsht\u00eb rritur niveli i ujit mbi rrug\u00eb n\u00eb or\u00ebt e pasdites. Shkod\u00ebr- Hani i Hotit, ne vendin e quajtur Vukpalaj, rreth 5 km, deri te dogana, rruga \u00ebsht\u00eb e pakalueshme pasi uji mbi rrug\u00eb \u00ebsht\u00eb rreth 1 m.<\/p>\n<p>Kuk\u00ebs: N\u00eb segmentin rrugor Sopot-Ura e Bujanit, n\u00eb ur\u00ebn e Bujanit, kalimi b\u00ebhet me v\u00ebshtir\u00ebsi pasi \u00ebsht\u00eb rritur niveli i lumit t\u00eb Valbon\u00ebs. Po e nj\u00ebjta situat\u00eb \u00ebsht\u00eb edhe n\u00eb ur\u00ebn e Fierz\u00ebs. Nuk ka problem p\u00ebr qarkullimin e mjeteve. N\u00eb segmentin rrugor Bajram Curri\u2013 Fierz\u00eb km 11, lumi ka marr\u00eb murin mbajt\u00ebs t\u00eb rrug\u00ebs (shembur), rruga me nj\u00eb kalim. N\u00eb Shishtavec lumi ka marre nj\u00eb pjes\u00eb t\u00eb rrug\u00ebs duke b\u00ebr\u00eb nj\u00ebkalim\u00ebshe rrug\u00ebn.<\/p>\n<p>Dib\u00ebr: Po punohet tek ura e Cerenecit, qarkullohet me nj\u00eb kalim. N\u00eb segmentin Peshkopi- Muhurr- Qaf\u00eb Draj rreth 5 km larg Muhurit, \u00ebsht\u00eb shembur ura e Shehut dhe rruga \u00ebsht\u00eb e bllokuar duke bllokuar 4 komunat e Re\u00e7it, Zalldardh\u00ebs, Arr\u00ebzit dhe Lures. Dalja e rrug\u00ebs Peshkopi- Ura e Skurajt (ku bashkohet rruga e Peshkopis\u00eb me autostrad\u00ebn) rruga \u00ebsht\u00eb e bllokuar pasi ka dal\u00eb uji mbi rruge rreth 1 km dhe sasia e ujit mbi rrug\u00eb \u00ebsht\u00eb rreth 1.5 m e lart\u00eb. Jan\u00eb bllokuar disa mjete n\u00eb rrug\u00eb. Nga Burreli ne Milot n\u00eb 30-40 vende ka shkarje dhe rruga \u00ebsht\u00eb me 1 kalim. \u00cbsht\u00eb bllokuar rruga nga p\u00ebrmbytjet e shkaktuara p\u00ebr shkak t\u00eb hapjes s\u00eb portave t\u00eb hidrocentraleve t\u00eb Ulz\u00ebs.<\/p>\n<p>Lezh\u00eb: Ka bllokim t\u00eb rrug\u00ebs ne aksin Ura e Skurajve n\u00eb drejtim t\u00eb Burrelit p\u00ebr shkak t\u00eb p\u00ebrmbytjes se rrug\u00ebs pasi jan\u00eb hapur portat e hidrocentraleve t\u00eb Ulz\u00ebs.<\/p>\n<p>Tiran\u00eb: Gjendja n\u00eb autostrad\u00eb po shkon drejt normalizimit, trafiku po fillon t\u00eb l\u00ebviz\u00eb, ka dhe 2 or\u00eb pun\u00eb p\u00ebr normalizim t\u00eb plot\u00eb. Nuk ka problem p\u00ebr qarkullimin e mjeteve n\u00eb akset e tjera.<\/p>\n<p>Elbasan: Nuk ka probleme p\u00ebr qarkullimin e mjeteve. Ka pasur bllokim t\u00eb rrug\u00ebs n\u00eb vendin e quajtur Dragostunj n\u00eb km 80- ka pasur bllokim t\u00eb rrug\u00ebs p\u00ebr rreth 40 min nga shembje t\u00eb shkaktuara nga reshjet e menj\u00ebhershme. Aktualisht rruga \u00ebsht\u00eb e hapur.<\/p>\n<p>Vlor\u00eb: N\u00eb aksin rrugor Vlor\u00eb\u2013 Sarand\u00eb qarkullimi kryhet me nj\u00eb kalim n\u00eb vendet e quajtura Jonufra 1, Dukat Fshat, Dalje Piqeras. N\u00eb k\u00ebto pika \u00ebsht\u00eb vendosur sinjalistika p\u00ebrkat\u00ebse. N\u00eb akset e tjera nuk ka problem p\u00ebr qarkullimin e mjeteve.<\/p>\n","protected":false},"excerpt":{"rendered":"<p>Nga TemA P\u00ebrmbytja zgjerohet, rreth 8 mij\u00eb t\u00eb evakuuar. P\u00ebrmbyten 13 mij\u00eb hektar\u00eb tok\u00eb dhe 2100 sht\u00ebpi, mij\u00ebra t\u00eb tjera t\u00eb rrethuara nga uji. Kryeministri Berisha thot\u00eb se situata \u00ebsht\u00eb n\u00eb kontroll, por nuk parashikon p\u00ebrmir\u00ebsim t\u00eb saj E premtja e gdhiu Shkodr\u00ebn s\u00ebrish mbi uj\u00eb. Krahasimet me Venecian p\u00ebr fat t\u00eb keq vet\u00ebm sa [&hellip;]<\/p>\n","protected":false},"author":1,"featured_media":0,"comment_status":"open","ping_status":"closed","sticky":false,"template":"","format":"standard","meta":{"footnotes":""},"categories":[2],"tags":[],"class_list":{"0":"post-5012","1":"post","2":"type-post","3":"status-publish","4":"format-standard","6":"category-artikuj"},"yoast_head":"<!-- This site is optimized with the Yoast SEO plugin v27.4 - https:\/\/yoast.com\/product\/yoast-seo-wordpress\/ -->\n<title>Shkodra nen uje, Kryeministri premton pare p\u00ebr Fondacionin e gruas se tij - FjALA e LIR\u00cb - Arkivi<\/title>\n<meta name=\"robots\" content=\"index, follow, max-snippet:-1, max-image-preview:large, max-video-preview:-1\" \/>\n<link rel=\"canonical\" href=\"https:\/\/fjala.info\/2009-2015\/shkodra-nen-uje-kryeministri-premton-pare-per-fondacionin-e-gruas-se-tij\/\" \/>\n<meta property=\"og:locale\" content=\"sq_AL\" \/>\n<meta property=\"og:type\" content=\"article\" \/>\n<meta property=\"og:title\" content=\"Shkodra nen uje, Kryeministri premton pare p\u00ebr Fondacionin e gruas se tij - FjALA e LIR\u00cb - Arkivi\" \/>\n<meta property=\"og:description\" content=\"Nga TemA P\u00ebrmbytja zgjerohet, rreth 8 mij\u00eb t\u00eb evakuuar. P\u00ebrmbyten 13 mij\u00eb hektar\u00eb tok\u00eb dhe 2100 sht\u00ebpi, mij\u00ebra t\u00eb tjera t\u00eb rrethuara nga uji. Kryeministri Berisha thot\u00eb se situata \u00ebsht\u00eb n\u00eb kontroll, por nuk parashikon p\u00ebrmir\u00ebsim t\u00eb saj E premtja e gdhiu Shkodr\u00ebn s\u00ebrish mbi uj\u00eb. Krahasimet me Venecian p\u00ebr fat t\u00eb keq vet\u00ebm sa [&hellip;]\" \/>\n<meta property=\"og:url\" content=\"https:\/\/fjala.info\/2009-2015\/shkodra-nen-uje-kryeministri-premton-pare-per-fondacionin-e-gruas-se-tij\/\" \/>\n<meta property=\"og:site_name\" content=\"FjALA e LIR\u00cb - Arkivi\" \/>\n<meta property=\"article:published_time\" content=\"2010-12-03T22:57:27+00:00\" \/>\n<meta name=\"author\" content=\"admin\" \/>\n<meta name=\"twitter:card\" content=\"summary_large_image\" \/>\n<meta name=\"twitter:label1\" content=\"Written by\" \/>\n\t<meta name=\"twitter:data1\" content=\"admin\" \/>\n\t<meta name=\"twitter:label2\" content=\"Est. reading time\" \/>\n\t<meta name=\"twitter:data2\" content=\"7 minutes\" \/>\n<script type=\"application\/ld+json\" class=\"yoast-schema-graph\">{\"@context\":\"https:\\\/\\\/schema.org\",\"@graph\":[{\"@type\":\"Article\",\"@id\":\"https:\\\/\\\/fjala.info\\\/2009-2015\\\/shkodra-nen-uje-kryeministri-premton-pare-per-fondacionin-e-gruas-se-tij\\\/#article\",\"isPartOf\":{\"@id\":\"https:\\\/\\\/fjala.info\\\/2009-2015\\\/shkodra-nen-uje-kryeministri-premton-pare-per-fondacionin-e-gruas-se-tij\\\/\"},\"author\":{\"name\":\"admin\",\"@id\":\"https:\\\/\\\/fjala.info\\\/2009-2015\\\/#\\\/schema\\\/person\\\/3aa1163ef05469c496fc94e77611ada2\"},\"headline\":\"Shkodra nen uje, Kryeministri premton pare p\u00ebr Fondacionin e gruas se tij\",\"datePublished\":\"2010-12-03T22:57:27+00:00\",\"mainEntityOfPage\":{\"@id\":\"https:\\\/\\\/fjala.info\\\/2009-2015\\\/shkodra-nen-uje-kryeministri-premton-pare-per-fondacionin-e-gruas-se-tij\\\/\"},\"wordCount\":1512,\"commentCount\":0,\"publisher\":{\"@id\":\"https:\\\/\\\/fjala.info\\\/2009-2015\\\/#organization\"},\"articleSection\":[\"Artikuj\"],\"inLanguage\":\"sq-AL\",\"potentialAction\":[{\"@type\":\"CommentAction\",\"name\":\"Comment\",\"target\":[\"https:\\\/\\\/fjala.info\\\/2009-2015\\\/shkodra-nen-uje-kryeministri-premton-pare-per-fondacionin-e-gruas-se-tij\\\/#respond\"]}]},{\"@type\":\"WebPage\",\"@id\":\"https:\\\/\\\/fjala.info\\\/2009-2015\\\/shkodra-nen-uje-kryeministri-premton-pare-per-fondacionin-e-gruas-se-tij\\\/\",\"url\":\"https:\\\/\\\/fjala.info\\\/2009-2015\\\/shkodra-nen-uje-kryeministri-premton-pare-per-fondacionin-e-gruas-se-tij\\\/\",\"name\":\"Shkodra nen uje, Kryeministri premton pare p\u00ebr Fondacionin e gruas se tij - FjALA e LIR\u00cb - Arkivi\",\"isPartOf\":{\"@id\":\"https:\\\/\\\/fjala.info\\\/2009-2015\\\/#website\"},\"datePublished\":\"2010-12-03T22:57:27+00:00\",\"breadcrumb\":{\"@id\":\"https:\\\/\\\/fjala.info\\\/2009-2015\\\/shkodra-nen-uje-kryeministri-premton-pare-per-fondacionin-e-gruas-se-tij\\\/#breadcrumb\"},\"inLanguage\":\"sq-AL\",\"potentialAction\":[{\"@type\":\"ReadAction\",\"target\":[\"https:\\\/\\\/fjala.info\\\/2009-2015\\\/shkodra-nen-uje-kryeministri-premton-pare-per-fondacionin-e-gruas-se-tij\\\/\"]}]},{\"@type\":\"BreadcrumbList\",\"@id\":\"https:\\\/\\\/fjala.info\\\/2009-2015\\\/shkodra-nen-uje-kryeministri-premton-pare-per-fondacionin-e-gruas-se-tij\\\/#breadcrumb\",\"itemListElement\":[{\"@type\":\"ListItem\",\"position\":1,\"name\":\"Home\",\"item\":\"https:\\\/\\\/fjala.info\\\/2009-2015\\\/\"},{\"@type\":\"ListItem\",\"position\":2,\"name\":\"Shkodra nen uje, Kryeministri premton pare p\u00ebr Fondacionin e gruas se tij\"}]},{\"@type\":\"WebSite\",\"@id\":\"https:\\\/\\\/fjala.info\\\/2009-2015\\\/#website\",\"url\":\"https:\\\/\\\/fjala.info\\\/2009-2015\\\/\",\"name\":\"FjALA e LIR\u00cb - Arkivi\",\"description\":\"Arkivi 2009-2015\",\"publisher\":{\"@id\":\"https:\\\/\\\/fjala.info\\\/2009-2015\\\/#organization\"},\"potentialAction\":[{\"@type\":\"SearchAction\",\"target\":{\"@type\":\"EntryPoint\",\"urlTemplate\":\"https:\\\/\\\/fjala.info\\\/2009-2015\\\/?s={search_term_string}\"},\"query-input\":{\"@type\":\"PropertyValueSpecification\",\"valueRequired\":true,\"valueName\":\"search_term_string\"}}],\"inLanguage\":\"sq-AL\"},{\"@type\":\"Organization\",\"@id\":\"https:\\\/\\\/fjala.info\\\/2009-2015\\\/#organization\",\"name\":\"FjALA e LIR\u00cb - Arkivi\",\"url\":\"https:\\\/\\\/fjala.info\\\/2009-2015\\\/\",\"logo\":{\"@type\":\"ImageObject\",\"inLanguage\":\"sq-AL\",\"@id\":\"https:\\\/\\\/fjala.info\\\/2009-2015\\\/#\\\/schema\\\/logo\\\/image\\\/\",\"url\":\"\",\"contentUrl\":\"\",\"caption\":\"FjALA e LIR\u00cb - Arkivi\"},\"image\":{\"@id\":\"https:\\\/\\\/fjala.info\\\/2009-2015\\\/#\\\/schema\\\/logo\\\/image\\\/\"}},{\"@type\":\"Person\",\"@id\":\"https:\\\/\\\/fjala.info\\\/2009-2015\\\/#\\\/schema\\\/person\\\/3aa1163ef05469c496fc94e77611ada2\",\"name\":\"admin\",\"image\":{\"@type\":\"ImageObject\",\"inLanguage\":\"sq-AL\",\"@id\":\"https:\\\/\\\/fjala.info\\\/2009-2015\\\/wp-content\\\/uploads\\\/2012\\\/02\\\/arben_cokaj-120x150.jpg\",\"url\":\"https:\\\/\\\/fjala.info\\\/2009-2015\\\/wp-content\\\/uploads\\\/2012\\\/02\\\/arben_cokaj-120x150.jpg\",\"contentUrl\":\"https:\\\/\\\/fjala.info\\\/2009-2015\\\/wp-content\\\/uploads\\\/2012\\\/02\\\/arben_cokaj-120x150.jpg\",\"caption\":\"admin\"},\"description\":\"Admin, Fjala e Lir\u00eb\",\"sameAs\":[\"https:\\\/\\\/fjala.info\\\/\"],\"url\":\"https:\\\/\\\/fjala.info\\\/2009-2015\\\/author\\\/admin\\\/\"}]}<\/script>\n<!-- \/ Yoast SEO plugin. -->","yoast_head_json":{"title":"Shkodra nen uje, Kryeministri premton pare p\u00ebr Fondacionin e gruas se tij - FjALA e LIR\u00cb - Arkivi","robots":{"index":"index","follow":"follow","max-snippet":"max-snippet:-1","max-image-preview":"max-image-preview:large","max-video-preview":"max-video-preview:-1"},"canonical":"https:\/\/fjala.info\/2009-2015\/shkodra-nen-uje-kryeministri-premton-pare-per-fondacionin-e-gruas-se-tij\/","og_locale":"sq_AL","og_type":"article","og_title":"Shkodra nen uje, Kryeministri premton pare p\u00ebr Fondacionin e gruas se tij - FjALA e LIR\u00cb - Arkivi","og_description":"Nga TemA P\u00ebrmbytja zgjerohet, rreth 8 mij\u00eb t\u00eb evakuuar. P\u00ebrmbyten 13 mij\u00eb hektar\u00eb tok\u00eb dhe 2100 sht\u00ebpi, mij\u00ebra t\u00eb tjera t\u00eb rrethuara nga uji. Kryeministri Berisha thot\u00eb se situata \u00ebsht\u00eb n\u00eb kontroll, por nuk parashikon p\u00ebrmir\u00ebsim t\u00eb saj E premtja e gdhiu Shkodr\u00ebn s\u00ebrish mbi uj\u00eb. Krahasimet me Venecian p\u00ebr fat t\u00eb keq vet\u00ebm sa [&hellip;]","og_url":"https:\/\/fjala.info\/2009-2015\/shkodra-nen-uje-kryeministri-premton-pare-per-fondacionin-e-gruas-se-tij\/","og_site_name":"FjALA e LIR\u00cb - Arkivi","article_published_time":"2010-12-03T22:57:27+00:00","author":"admin","twitter_card":"summary_large_image","twitter_misc":{"Written by":"admin","Est. reading time":"7 minutes"},"schema":{"@context":"https:\/\/schema.org","@graph":[{"@type":"Article","@id":"https:\/\/fjala.info\/2009-2015\/shkodra-nen-uje-kryeministri-premton-pare-per-fondacionin-e-gruas-se-tij\/#article","isPartOf":{"@id":"https:\/\/fjala.info\/2009-2015\/shkodra-nen-uje-kryeministri-premton-pare-per-fondacionin-e-gruas-se-tij\/"},"author":{"name":"admin","@id":"https:\/\/fjala.info\/2009-2015\/#\/schema\/person\/3aa1163ef05469c496fc94e77611ada2"},"headline":"Shkodra nen uje, Kryeministri premton pare p\u00ebr Fondacionin e gruas se tij","datePublished":"2010-12-03T22:57:27+00:00","mainEntityOfPage":{"@id":"https:\/\/fjala.info\/2009-2015\/shkodra-nen-uje-kryeministri-premton-pare-per-fondacionin-e-gruas-se-tij\/"},"wordCount":1512,"commentCount":0,"publisher":{"@id":"https:\/\/fjala.info\/2009-2015\/#organization"},"articleSection":["Artikuj"],"inLanguage":"sq-AL","potentialAction":[{"@type":"CommentAction","name":"Comment","target":["https:\/\/fjala.info\/2009-2015\/shkodra-nen-uje-kryeministri-premton-pare-per-fondacionin-e-gruas-se-tij\/#respond"]}]},{"@type":"WebPage","@id":"https:\/\/fjala.info\/2009-2015\/shkodra-nen-uje-kryeministri-premton-pare-per-fondacionin-e-gruas-se-tij\/","url":"https:\/\/fjala.info\/2009-2015\/shkodra-nen-uje-kryeministri-premton-pare-per-fondacionin-e-gruas-se-tij\/","name":"Shkodra nen uje, Kryeministri premton pare p\u00ebr Fondacionin e gruas se tij - FjALA e LIR\u00cb - Arkivi","isPartOf":{"@id":"https:\/\/fjala.info\/2009-2015\/#website"},"datePublished":"2010-12-03T22:57:27+00:00","breadcrumb":{"@id":"https:\/\/fjala.info\/2009-2015\/shkodra-nen-uje-kryeministri-premton-pare-per-fondacionin-e-gruas-se-tij\/#breadcrumb"},"inLanguage":"sq-AL","potentialAction":[{"@type":"ReadAction","target":["https:\/\/fjala.info\/2009-2015\/shkodra-nen-uje-kryeministri-premton-pare-per-fondacionin-e-gruas-se-tij\/"]}]},{"@type":"BreadcrumbList","@id":"https:\/\/fjala.info\/2009-2015\/shkodra-nen-uje-kryeministri-premton-pare-per-fondacionin-e-gruas-se-tij\/#breadcrumb","itemListElement":[{"@type":"ListItem","position":1,"name":"Home","item":"https:\/\/fjala.info\/2009-2015\/"},{"@type":"ListItem","position":2,"name":"Shkodra nen uje, Kryeministri premton pare p\u00ebr Fondacionin e gruas se tij"}]},{"@type":"WebSite","@id":"https:\/\/fjala.info\/2009-2015\/#website","url":"https:\/\/fjala.info\/2009-2015\/","name":"FjALA e LIR\u00cb - Arkivi","description":"Arkivi 2009-2015","publisher":{"@id":"https:\/\/fjala.info\/2009-2015\/#organization"},"potentialAction":[{"@type":"SearchAction","target":{"@type":"EntryPoint","urlTemplate":"https:\/\/fjala.info\/2009-2015\/?s={search_term_string}"},"query-input":{"@type":"PropertyValueSpecification","valueRequired":true,"valueName":"search_term_string"}}],"inLanguage":"sq-AL"},{"@type":"Organization","@id":"https:\/\/fjala.info\/2009-2015\/#organization","name":"FjALA e LIR\u00cb - Arkivi","url":"https:\/\/fjala.info\/2009-2015\/","logo":{"@type":"ImageObject","inLanguage":"sq-AL","@id":"https:\/\/fjala.info\/2009-2015\/#\/schema\/logo\/image\/","url":"","contentUrl":"","caption":"FjALA e LIR\u00cb - Arkivi"},"image":{"@id":"https:\/\/fjala.info\/2009-2015\/#\/schema\/logo\/image\/"}},{"@type":"Person","@id":"https:\/\/fjala.info\/2009-2015\/#\/schema\/person\/3aa1163ef05469c496fc94e77611ada2","name":"admin","image":{"@type":"ImageObject","inLanguage":"sq-AL","@id":"https:\/\/fjala.info\/2009-2015\/wp-content\/uploads\/2012\/02\/arben_cokaj-120x150.jpg","url":"https:\/\/fjala.info\/2009-2015\/wp-content\/uploads\/2012\/02\/arben_cokaj-120x150.jpg","contentUrl":"https:\/\/fjala.info\/2009-2015\/wp-content\/uploads\/2012\/02\/arben_cokaj-120x150.jpg","caption":"admin"},"description":"Admin, Fjala e Lir\u00eb","sameAs":["https:\/\/fjala.info\/"],"url":"https:\/\/fjala.info\/2009-2015\/author\/admin\/"}]}},"_links":{"self":[{"href":"https:\/\/fjala.info\/2009-2015\/wp-json\/wp\/v2\/posts\/5012","targetHints":{"allow":["GET"]}}],"collection":[{"href":"https:\/\/fjala.info\/2009-2015\/wp-json\/wp\/v2\/posts"}],"about":[{"href":"https:\/\/fjala.info\/2009-2015\/wp-json\/wp\/v2\/types\/post"}],"author":[{"embeddable":true,"href":"https:\/\/fjala.info\/2009-2015\/wp-json\/wp\/v2\/users\/1"}],"replies":[{"embeddable":true,"href":"https:\/\/fjala.info\/2009-2015\/wp-json\/wp\/v2\/comments?post=5012"}],"version-history":[{"count":0,"href":"https:\/\/fjala.info\/2009-2015\/wp-json\/wp\/v2\/posts\/5012\/revisions"}],"wp:attachment":[{"href":"https:\/\/fjala.info\/2009-2015\/wp-json\/wp\/v2\/media?parent=5012"}],"wp:term":[{"taxonomy":"category","embeddable":true,"href":"https:\/\/fjala.info\/2009-2015\/wp-json\/wp\/v2\/categories?post=5012"},{"taxonomy":"post_tag","embeddable":true,"href":"https:\/\/fjala.info\/2009-2015\/wp-json\/wp\/v2\/tags?post=5012"}],"curies":[{"name":"wp","href":"https:\/\/api.w.org\/{rel}","templated":true}]}}