{"id":5011,"date":"2012-09-15T17:31:32","date_gmt":"2012-09-15T16:31:32","guid":{"rendered":"http:\/\/www.fjala.info\/?p=5011"},"modified":"2012-09-15T17:31:32","modified_gmt":"2012-09-15T16:31:32","slug":"ai-e-urren-shqiperine","status":"publish","type":"post","link":"https:\/\/fjala.info\/2009-2015\/ai-e-urren-shqiperine\/","title":{"rendered":"Ai e urren Shqip\u00ebrin\u00eb"},"content":{"rendered":"<p><img decoding=\"async\" class=\"alignright size-thumbnail wp-image-7236\" title=\"Kreshnik Spahiu\" src=\"http:\/\/www.fjala.info\/2012\/kreshnik_spahiu3.jpg\" alt=\"\" width=\"150\" \/> Nga <strong>Kreshnik Spahiu<\/strong>, <em>15 Shtator 2012<\/em><\/p>\n<p>Prej 22 vitesh jet\u00ebn politike t\u00eb Shqip\u00ebris\u00eb po e dominon nj\u00eb nj\u00ebri, i cili quhet Sali Berisha. P\u00ebrve\u00e7 emrit dhe mbiemrit t\u00eb tij, shqiptar\u00ebt dhe opinioni i huaj kurr\u00eb nuk m\u00ebsuan di\u00e7ka m\u00eb shum\u00eb. Ai ka preferuar t\u00eb hesht\u00eb. P\u00ebr 22 vite ai kurr\u00eb nuk foli p\u00ebr prind\u00ebrit e tij, origjin\u00ebn, arsimin, traditat, pun\u00ebsimin e tij, madje p\u00ebr m\u00eb shum\u00eb, kurr\u00eb nuk e d\u00ebgjuam t\u00eb flas\u00eb asgj\u00eb p\u00ebr familjen ku u lind dhe u rrit, gjysh\u00ebrit, hallat, xhajat, v\u00ebllez\u00ebrit dhe fisin e tij. Ne kurr\u00eb nuk arrit\u00ebm t\u00eb njohim sht\u00ebpin\u00eb ku u lind dhe u edukua, shkoll\u00ebn dhe f\u00ebmij\u00ebrin\u00eb e tij. 22 vite ne i m\u00ebsuam emrin dhe mbiemrin dhe asgj\u00eb m\u00eb shum\u00eb. Para tij Shqip\u00ebrin\u00eb e sundoi p\u00ebr disa vite Ramiz Alia, Enver Hoxha, Ahmet Zogu\u2026<\/p>\n<p>N\u00eb k\u00ebndv\u00ebshtrimin kohor, por edhe n\u00eb hap\u00ebsir\u00eb, \u00e7do lider shqiptar apo bot\u00ebror \u00ebsht\u00eb objekt diskutimi, reklame, promovimi, krenarie tek vendlindja, sht\u00ebpia dhe familja e liderit t\u00eb \u00e7do vendi. N\u00eb \u00e7do vend t\u00eb bot\u00ebs populli njeh \u201cme dh\u00ebmb\u00eb dhe dh\u00ebmball\u00eb\u201d prind\u00ebrit e njeriut q\u00eb drejton shtetin, origjin\u00ebn dhe shkollimin e tyre, pasi ato jan\u00eb pjesa e krenaris\u00eb s\u00eb nj\u00eb kombi, i cili zgjedh prij\u00ebsin e vet. N\u00eb \u00e7do vend t\u00eb bot\u00ebs dihet dhe katragjyshi i t\u00eb parit t\u00eb shtetit. N\u00eb Shtetet e Bashkuara t\u00eb Amerik\u00ebs, Britani t\u00eb madhe, Itali, Franc\u00eb, Gjermani apo Belgjik\u00eb t\u00eb gjith\u00eb krenohen me historin\u00eb e kryeministrit, presidentit, mbretit, etj, etj, madje n\u00eb shum\u00eb shtete sapo autostrada kur hyn n\u00eb kufirin e qytetit apo shtetit t\u00eb kryeministrit do t\u00eb gjesh parull\u00ebn \u201cWelcome to home of\u2026\u201d (Mir\u00ebsevini n\u00eb sht\u00ebpin\u00eb e \u2026 x).<\/p>\n<p>T\u00eb gjith\u00eb do d\u00ebshironim t\u00eb ishte k\u00ebshtu edhe n\u00eb Shqip\u00ebri, ashtu si\u00e7 Mati \u00ebsht\u00eb krenuar me Ahmet Zogun apo Gjirokastra me Enver Hoxh\u00ebn, t\u00eb gjith\u00eb do d\u00ebshironim q\u00eb t\u00eb ndodhte edhe k\u00ebto 22 vite, por ai nuk foli kurr\u00eb p\u00ebr origjin\u00ebn e tij, prind\u00ebrit dhe familjar\u00ebt p\u00ebr sht\u00ebpin\u00eb e tij. Ai duhet ta b\u00ebnte at\u00eb pavar\u00ebsisht nga pun\u00ebsimi, arsimimi apo niveli ekonomik, pasi varf\u00ebria dhe mjerimi nuk jan\u00eb turp, dhe t\u00eb gjith\u00eb duhet t\u00eb jemi krenar\u00eb p\u00ebr prind\u00ebrit tan\u00eb q\u00eb na lind\u00ebn, rrit\u00ebn dhe edukuan. Ai duhet t\u00eb kujdesej p\u00ebr sht\u00ebpin\u00eb ku u lind dhe u rrit se k\u00ebt\u00eb e ka detyrim \u00e7do njeri, por askush sot nuk di si ku ndodhet. Askush nuk do e paragjykonte sepse ata mund t\u00eb ken\u00eb qen\u00eb njer\u00ebz t\u00eb nderuar dhe t\u00eb respektuar, por ai preferoi t\u00eb fliste p\u00ebr \u201csoj e sorollop\u201d t\u00eb \u00e7do politikani shqiptar apo t\u00eb huaj.<\/p>\n<p>Realisht shum\u00eb nga t\u00eb af\u00ebrmit e tij jan\u00eb njer\u00ebz t\u00eb respektuar dhe shum\u00eb miq\u00ebsor, por ai kurr\u00eb nuk foli p\u00ebr ta. Ai u mor me biografin\u00eb e \u00e7do kund\u00ebrshtari apo kolegu dhe kurr\u00eb nuk e b\u00ebri p\u00ebr veten e tij. Mjeti kryesor i tij ishte denigrimi familjar dhe i jet\u00ebs private t\u00eb \u00e7dokujt, t\u00eb cil\u00ebn e kishte strategji p\u00ebr t\u00eb frik\u00ebsuar dhe eliminuar \u00e7do rival politik.<\/p>\n<p>Pas 22 vitesh mbi supet e k\u00ebtij njeriu r\u00ebndojn\u00eb nj\u00eb mal me akuza p\u00ebr vrasje, korrupsion, trafiqe arm\u00ebsh, vjedhje, mashtrime publike dhe deri tek dor\u00ebzimi i pjessh\u00ebm i territorit t\u00eb Republik\u00ebs s\u00eb Shqip\u00ebris\u00eb. Ai nuk hezitoi t\u00eb b\u00ebhej edhe pjes\u00eb e planit m\u00eb ogurzi p\u00ebr shqiptar\u00ebt, n\u00eb skenarin e Athin\u00ebs p\u00ebr asimilimin e jugut t\u00eb Shqip\u00ebris\u00eb dhe konvertimin e mij\u00ebra shqiptar\u00ebve n\u00eb grek\u00eb. Nj\u00eb vit m\u00eb par\u00eb ai do t\u00eb mbronte dhe votonte me aleat\u00ebt e tij censusin fam\u00ebkeq, i cili fal\u00eb nd\u00ebrgjegj\u00ebsimit t\u00eb lart\u00eb popullor, u bojkotua masivisht.<\/p>\n<p>Ai tashm\u00eb nuk ndalet n\u00eb asnj\u00eb marr\u00ebzi, por q\u00eb n\u00eb t\u00eb v\u00ebrtet\u00eb jan\u00eb pjes\u00eb e nj\u00eb strategjie anti shqiptare p\u00ebr t\u00eb rr\u00ebnuar pasurit\u00eb komb\u00ebtare n\u00ebp\u00ebrmjet shitjes me procedura privatizimi t\u00eb gjith\u00eb burimeve n\u00ebntok\u00ebsore t\u00eb Shqip\u00ebris\u00eb. Me qindra burime nafte, gazi dhe burime t\u00eb tjera minerare anemban\u00eb Shqip\u00ebris\u00eb lind\u00ebn dhe i trash\u00ebguan me miliona vite nga krijimi i k\u00ebtij planeti dhe askush nuk guxoi t\u2019i tjet\u00ebrsonte. Atdheu ka kaluar me mij\u00ebra sundimtar\u00eb, ashtu si\u00e7 po kap\u00ebrcen edhe k\u00ebt\u00eb sundimtar barbar, por askush m\u00eb par\u00eb nuk guxoi t\u00eb tjet\u00ebrsonte dhe t\u00eb shiste diku larg dhe eskluzivisht n\u00ebntok\u00ebn shqiptare, sepse ajo nuk \u00ebsht\u00eb pron\u00eb e qeveris\u00eb, por e kombit etnik shqiptar.<\/p>\n<p>Qeverit\u00eb ndryshojn\u00eb dhe ato nuk jan\u00eb pronare t\u00eb aseteve, t\u00eb tok\u00ebs dhe n\u00ebntok\u00ebs, ato jan\u00eb pjes\u00eb e pron\u00ebsis\u00eb s\u00eb publikut, q\u00eb p\u00ebrkoh\u00ebsisht zgjedh qeveri t\u00eb ndryshme. Ai ka mundur t\u00eb krijoj\u00eb nj\u00eb Kuvend nga m\u00eb t\u00eb turpshmit, duke i b\u00ebr\u00eb pjes\u00eb t\u00eb bashk\u00ebfaj\u00ebsis\u00eb dhe p\u00ebrgjegj\u00ebsis\u00eb kolektive, sepse ai ka frik\u00eb nga e nes\u00ebrmja.<\/p>\n<p>\u00c7udit\u00ebrisht ai n\u00eb Kuvend mban edhe opozit\u00ebn e sotme, ku shpesh siguron edhe konsensus p\u00ebr vendime jetike si zgjedhjet apo p\u00ebrjashtimi i vot\u00ebs s\u00eb shqiptar\u00ebve n\u00eb emigrim. Ky pushtet nuk meriton jo q\u00eb t\u00eb bashk\u00ebpunosh, por ai ka humbur legjitimitetin e popullit q\u00eb e ka votuar, sepse ka shitur integritetin dhe sovranitetin e Atdheut. Ky kuvend dhe kjo qeveri nuk duhet njohur m\u00eb, sepse k\u00ebrkon t\u00eb q\u00ebndroj\u00eb n\u00eb pushtet duke pastruar parat\u00eb dhe tjet\u00ebrsuar pasurit\u00eb komb\u00ebtare. Ai nuk \u00ebsht\u00eb m\u00eb p\u00ebr ne Kryeministri Berisha, por shtetasi Sali Berisha, q\u00eb duhet t\u00eb ket\u00eb statusin e t\u00eb pandehurit. Mjer\u00eb ai q\u00eb nuk e kupton fundin e k\u00ebsaj historie t\u00eb turpshme.<\/p>\n<p>Me t\u00eb drejt\u00eb ka shum\u00eb q\u00eb pyesin se si arriti n\u00eb k\u00ebt\u00eb dit\u00eb tragjike njeriu, i cili na qeverisi k\u00ebto 22 vite? P\u00ebrgjigjja \u00ebsht\u00eb e thjesht\u00eb, ai nuk ka m\u00ebshir\u00eb dhe dashuri p\u00ebr ask\u00ebnd, ashtu si\u00e7 fshehu prind\u00ebrit, gjysh\u00ebrit, fisin, arsimimin, traditat, kultur\u00ebn dhe sht\u00ebpin\u00eb ku lindi dhe u rrit, te e cila n\u00eb k\u00ebto 22 vite nuk ka shkuar as 2 her\u00eb p\u00ebr ta vizituar, at\u00ebher\u00eb pse u dashka t\u00eb na doj\u00eb ne, popullin apo Shqip\u00ebrin\u00eb? T\u00eb jet\u00eb frik\u00eb nga f\u00ebmij\u00ebria? T\u00eb jet\u00eb munges\u00eb dhembshurie p\u00ebr \u00e7dok\u00ebnd? JO! Ai thjesht e urren Shqip\u00ebrin\u00eb dhe shqiptar\u00ebt.<\/p>\n","protected":false},"excerpt":{"rendered":"<p>Nga Kreshnik Spahiu, 15 Shtator 2012 Prej 22 vitesh jet\u00ebn politike t\u00eb Shqip\u00ebris\u00eb po e dominon nj\u00eb nj\u00ebri, i cili quhet Sali Berisha. P\u00ebrve\u00e7 emrit dhe mbiemrit t\u00eb tij, shqiptar\u00ebt dhe opinioni i huaj kurr\u00eb nuk m\u00ebsuan di\u00e7ka m\u00eb shum\u00eb. Ai ka preferuar t\u00eb hesht\u00eb. P\u00ebr 22 vite ai kurr\u00eb nuk foli p\u00ebr prind\u00ebrit e [&hellip;]<\/p>\n","protected":false},"author":1,"featured_media":0,"comment_status":"open","ping_status":"closed","sticky":false,"template":"","format":"standard","meta":{"footnotes":""},"categories":[2],"tags":[],"class_list":{"0":"post-5011","1":"post","2":"type-post","3":"status-publish","4":"format-standard","6":"category-artikuj"},"yoast_head":"<!-- This site is optimized with the Yoast SEO plugin v27.4 - https:\/\/yoast.com\/product\/yoast-seo-wordpress\/ -->\n<title>Ai e urren Shqip\u00ebrin\u00eb - FjALA e LIR\u00cb - Arkivi<\/title>\n<meta name=\"robots\" content=\"index, follow, max-snippet:-1, max-image-preview:large, max-video-preview:-1\" \/>\n<link rel=\"canonical\" href=\"https:\/\/fjala.info\/2009-2015\/ai-e-urren-shqiperine\/\" \/>\n<meta property=\"og:locale\" content=\"sq_AL\" \/>\n<meta property=\"og:type\" content=\"article\" \/>\n<meta property=\"og:title\" content=\"Ai e urren Shqip\u00ebrin\u00eb - FjALA e LIR\u00cb - Arkivi\" \/>\n<meta property=\"og:description\" content=\"Nga Kreshnik Spahiu, 15 Shtator 2012 Prej 22 vitesh jet\u00ebn politike t\u00eb Shqip\u00ebris\u00eb po e dominon nj\u00eb nj\u00ebri, i cili quhet Sali Berisha. P\u00ebrve\u00e7 emrit dhe mbiemrit t\u00eb tij, shqiptar\u00ebt dhe opinioni i huaj kurr\u00eb nuk m\u00ebsuan di\u00e7ka m\u00eb shum\u00eb. Ai ka preferuar t\u00eb hesht\u00eb. P\u00ebr 22 vite ai kurr\u00eb nuk foli p\u00ebr prind\u00ebrit e [&hellip;]\" \/>\n<meta property=\"og:url\" content=\"https:\/\/fjala.info\/2009-2015\/ai-e-urren-shqiperine\/\" \/>\n<meta property=\"og:site_name\" content=\"FjALA e LIR\u00cb - Arkivi\" \/>\n<meta property=\"article:published_time\" content=\"2012-09-15T16:31:32+00:00\" \/>\n<meta property=\"og:image\" content=\"http:\/\/www.fjala.info\/2012\/kreshnik_spahiu3.jpg\" \/>\n<meta name=\"author\" content=\"admin\" \/>\n<meta name=\"twitter:card\" content=\"summary_large_image\" \/>\n<meta name=\"twitter:label1\" content=\"Written by\" \/>\n\t<meta name=\"twitter:data1\" content=\"admin\" \/>\n\t<meta name=\"twitter:label2\" content=\"Est. reading time\" \/>\n\t<meta name=\"twitter:data2\" content=\"5 minutes\" \/>\n<script type=\"application\/ld+json\" class=\"yoast-schema-graph\">{\"@context\":\"https:\\\/\\\/schema.org\",\"@graph\":[{\"@type\":\"Article\",\"@id\":\"https:\\\/\\\/fjala.info\\\/2009-2015\\\/ai-e-urren-shqiperine\\\/#article\",\"isPartOf\":{\"@id\":\"https:\\\/\\\/fjala.info\\\/2009-2015\\\/ai-e-urren-shqiperine\\\/\"},\"author\":{\"name\":\"admin\",\"@id\":\"https:\\\/\\\/fjala.info\\\/2009-2015\\\/#\\\/schema\\\/person\\\/3aa1163ef05469c496fc94e77611ada2\"},\"headline\":\"Ai e urren Shqip\u00ebrin\u00eb\",\"datePublished\":\"2012-09-15T16:31:32+00:00\",\"mainEntityOfPage\":{\"@id\":\"https:\\\/\\\/fjala.info\\\/2009-2015\\\/ai-e-urren-shqiperine\\\/\"},\"wordCount\":1090,\"commentCount\":0,\"publisher\":{\"@id\":\"https:\\\/\\\/fjala.info\\\/2009-2015\\\/#organization\"},\"image\":{\"@id\":\"https:\\\/\\\/fjala.info\\\/2009-2015\\\/ai-e-urren-shqiperine\\\/#primaryimage\"},\"thumbnailUrl\":\"http:\\\/\\\/www.fjala.info\\\/2012\\\/kreshnik_spahiu3.jpg\",\"articleSection\":[\"Artikuj\"],\"inLanguage\":\"sq-AL\",\"potentialAction\":[{\"@type\":\"CommentAction\",\"name\":\"Comment\",\"target\":[\"https:\\\/\\\/fjala.info\\\/2009-2015\\\/ai-e-urren-shqiperine\\\/#respond\"]}]},{\"@type\":\"WebPage\",\"@id\":\"https:\\\/\\\/fjala.info\\\/2009-2015\\\/ai-e-urren-shqiperine\\\/\",\"url\":\"https:\\\/\\\/fjala.info\\\/2009-2015\\\/ai-e-urren-shqiperine\\\/\",\"name\":\"Ai e urren Shqip\u00ebrin\u00eb - FjALA e LIR\u00cb - Arkivi\",\"isPartOf\":{\"@id\":\"https:\\\/\\\/fjala.info\\\/2009-2015\\\/#website\"},\"primaryImageOfPage\":{\"@id\":\"https:\\\/\\\/fjala.info\\\/2009-2015\\\/ai-e-urren-shqiperine\\\/#primaryimage\"},\"image\":{\"@id\":\"https:\\\/\\\/fjala.info\\\/2009-2015\\\/ai-e-urren-shqiperine\\\/#primaryimage\"},\"thumbnailUrl\":\"http:\\\/\\\/www.fjala.info\\\/2012\\\/kreshnik_spahiu3.jpg\",\"datePublished\":\"2012-09-15T16:31:32+00:00\",\"breadcrumb\":{\"@id\":\"https:\\\/\\\/fjala.info\\\/2009-2015\\\/ai-e-urren-shqiperine\\\/#breadcrumb\"},\"inLanguage\":\"sq-AL\",\"potentialAction\":[{\"@type\":\"ReadAction\",\"target\":[\"https:\\\/\\\/fjala.info\\\/2009-2015\\\/ai-e-urren-shqiperine\\\/\"]}]},{\"@type\":\"ImageObject\",\"inLanguage\":\"sq-AL\",\"@id\":\"https:\\\/\\\/fjala.info\\\/2009-2015\\\/ai-e-urren-shqiperine\\\/#primaryimage\",\"url\":\"http:\\\/\\\/www.fjala.info\\\/2012\\\/kreshnik_spahiu3.jpg\",\"contentUrl\":\"http:\\\/\\\/www.fjala.info\\\/2012\\\/kreshnik_spahiu3.jpg\"},{\"@type\":\"BreadcrumbList\",\"@id\":\"https:\\\/\\\/fjala.info\\\/2009-2015\\\/ai-e-urren-shqiperine\\\/#breadcrumb\",\"itemListElement\":[{\"@type\":\"ListItem\",\"position\":1,\"name\":\"Home\",\"item\":\"https:\\\/\\\/fjala.info\\\/2009-2015\\\/\"},{\"@type\":\"ListItem\",\"position\":2,\"name\":\"Ai e urren Shqip\u00ebrin\u00eb\"}]},{\"@type\":\"WebSite\",\"@id\":\"https:\\\/\\\/fjala.info\\\/2009-2015\\\/#website\",\"url\":\"https:\\\/\\\/fjala.info\\\/2009-2015\\\/\",\"name\":\"FjALA e LIR\u00cb - Arkivi\",\"description\":\"Arkivi 2009-2015\",\"publisher\":{\"@id\":\"https:\\\/\\\/fjala.info\\\/2009-2015\\\/#organization\"},\"potentialAction\":[{\"@type\":\"SearchAction\",\"target\":{\"@type\":\"EntryPoint\",\"urlTemplate\":\"https:\\\/\\\/fjala.info\\\/2009-2015\\\/?s={search_term_string}\"},\"query-input\":{\"@type\":\"PropertyValueSpecification\",\"valueRequired\":true,\"valueName\":\"search_term_string\"}}],\"inLanguage\":\"sq-AL\"},{\"@type\":\"Organization\",\"@id\":\"https:\\\/\\\/fjala.info\\\/2009-2015\\\/#organization\",\"name\":\"FjALA e LIR\u00cb - Arkivi\",\"url\":\"https:\\\/\\\/fjala.info\\\/2009-2015\\\/\",\"logo\":{\"@type\":\"ImageObject\",\"inLanguage\":\"sq-AL\",\"@id\":\"https:\\\/\\\/fjala.info\\\/2009-2015\\\/#\\\/schema\\\/logo\\\/image\\\/\",\"url\":\"\",\"contentUrl\":\"\",\"caption\":\"FjALA e LIR\u00cb - Arkivi\"},\"image\":{\"@id\":\"https:\\\/\\\/fjala.info\\\/2009-2015\\\/#\\\/schema\\\/logo\\\/image\\\/\"}},{\"@type\":\"Person\",\"@id\":\"https:\\\/\\\/fjala.info\\\/2009-2015\\\/#\\\/schema\\\/person\\\/3aa1163ef05469c496fc94e77611ada2\",\"name\":\"admin\",\"image\":{\"@type\":\"ImageObject\",\"inLanguage\":\"sq-AL\",\"@id\":\"https:\\\/\\\/fjala.info\\\/2009-2015\\\/wp-content\\\/uploads\\\/2012\\\/02\\\/arben_cokaj-120x150.jpg\",\"url\":\"https:\\\/\\\/fjala.info\\\/2009-2015\\\/wp-content\\\/uploads\\\/2012\\\/02\\\/arben_cokaj-120x150.jpg\",\"contentUrl\":\"https:\\\/\\\/fjala.info\\\/2009-2015\\\/wp-content\\\/uploads\\\/2012\\\/02\\\/arben_cokaj-120x150.jpg\",\"caption\":\"admin\"},\"description\":\"Admin, Fjala e Lir\u00eb\",\"sameAs\":[\"https:\\\/\\\/fjala.info\\\/\"],\"url\":\"https:\\\/\\\/fjala.info\\\/2009-2015\\\/author\\\/admin\\\/\"}]}<\/script>\n<!-- \/ Yoast SEO plugin. -->","yoast_head_json":{"title":"Ai e urren Shqip\u00ebrin\u00eb - FjALA e LIR\u00cb - Arkivi","robots":{"index":"index","follow":"follow","max-snippet":"max-snippet:-1","max-image-preview":"max-image-preview:large","max-video-preview":"max-video-preview:-1"},"canonical":"https:\/\/fjala.info\/2009-2015\/ai-e-urren-shqiperine\/","og_locale":"sq_AL","og_type":"article","og_title":"Ai e urren Shqip\u00ebrin\u00eb - FjALA e LIR\u00cb - Arkivi","og_description":"Nga Kreshnik Spahiu, 15 Shtator 2012 Prej 22 vitesh jet\u00ebn politike t\u00eb Shqip\u00ebris\u00eb po e dominon nj\u00eb nj\u00ebri, i cili quhet Sali Berisha. P\u00ebrve\u00e7 emrit dhe mbiemrit t\u00eb tij, shqiptar\u00ebt dhe opinioni i huaj kurr\u00eb nuk m\u00ebsuan di\u00e7ka m\u00eb shum\u00eb. Ai ka preferuar t\u00eb hesht\u00eb. P\u00ebr 22 vite ai kurr\u00eb nuk foli p\u00ebr prind\u00ebrit e [&hellip;]","og_url":"https:\/\/fjala.info\/2009-2015\/ai-e-urren-shqiperine\/","og_site_name":"FjALA e LIR\u00cb - Arkivi","article_published_time":"2012-09-15T16:31:32+00:00","og_image":[{"url":"http:\/\/www.fjala.info\/2012\/kreshnik_spahiu3.jpg","type":"","width":"","height":""}],"author":"admin","twitter_card":"summary_large_image","twitter_misc":{"Written by":"admin","Est. reading time":"5 minutes"},"schema":{"@context":"https:\/\/schema.org","@graph":[{"@type":"Article","@id":"https:\/\/fjala.info\/2009-2015\/ai-e-urren-shqiperine\/#article","isPartOf":{"@id":"https:\/\/fjala.info\/2009-2015\/ai-e-urren-shqiperine\/"},"author":{"name":"admin","@id":"https:\/\/fjala.info\/2009-2015\/#\/schema\/person\/3aa1163ef05469c496fc94e77611ada2"},"headline":"Ai e urren Shqip\u00ebrin\u00eb","datePublished":"2012-09-15T16:31:32+00:00","mainEntityOfPage":{"@id":"https:\/\/fjala.info\/2009-2015\/ai-e-urren-shqiperine\/"},"wordCount":1090,"commentCount":0,"publisher":{"@id":"https:\/\/fjala.info\/2009-2015\/#organization"},"image":{"@id":"https:\/\/fjala.info\/2009-2015\/ai-e-urren-shqiperine\/#primaryimage"},"thumbnailUrl":"http:\/\/www.fjala.info\/2012\/kreshnik_spahiu3.jpg","articleSection":["Artikuj"],"inLanguage":"sq-AL","potentialAction":[{"@type":"CommentAction","name":"Comment","target":["https:\/\/fjala.info\/2009-2015\/ai-e-urren-shqiperine\/#respond"]}]},{"@type":"WebPage","@id":"https:\/\/fjala.info\/2009-2015\/ai-e-urren-shqiperine\/","url":"https:\/\/fjala.info\/2009-2015\/ai-e-urren-shqiperine\/","name":"Ai e urren Shqip\u00ebrin\u00eb - FjALA e LIR\u00cb - Arkivi","isPartOf":{"@id":"https:\/\/fjala.info\/2009-2015\/#website"},"primaryImageOfPage":{"@id":"https:\/\/fjala.info\/2009-2015\/ai-e-urren-shqiperine\/#primaryimage"},"image":{"@id":"https:\/\/fjala.info\/2009-2015\/ai-e-urren-shqiperine\/#primaryimage"},"thumbnailUrl":"http:\/\/www.fjala.info\/2012\/kreshnik_spahiu3.jpg","datePublished":"2012-09-15T16:31:32+00:00","breadcrumb":{"@id":"https:\/\/fjala.info\/2009-2015\/ai-e-urren-shqiperine\/#breadcrumb"},"inLanguage":"sq-AL","potentialAction":[{"@type":"ReadAction","target":["https:\/\/fjala.info\/2009-2015\/ai-e-urren-shqiperine\/"]}]},{"@type":"ImageObject","inLanguage":"sq-AL","@id":"https:\/\/fjala.info\/2009-2015\/ai-e-urren-shqiperine\/#primaryimage","url":"http:\/\/www.fjala.info\/2012\/kreshnik_spahiu3.jpg","contentUrl":"http:\/\/www.fjala.info\/2012\/kreshnik_spahiu3.jpg"},{"@type":"BreadcrumbList","@id":"https:\/\/fjala.info\/2009-2015\/ai-e-urren-shqiperine\/#breadcrumb","itemListElement":[{"@type":"ListItem","position":1,"name":"Home","item":"https:\/\/fjala.info\/2009-2015\/"},{"@type":"ListItem","position":2,"name":"Ai e urren Shqip\u00ebrin\u00eb"}]},{"@type":"WebSite","@id":"https:\/\/fjala.info\/2009-2015\/#website","url":"https:\/\/fjala.info\/2009-2015\/","name":"FjALA e LIR\u00cb - Arkivi","description":"Arkivi 2009-2015","publisher":{"@id":"https:\/\/fjala.info\/2009-2015\/#organization"},"potentialAction":[{"@type":"SearchAction","target":{"@type":"EntryPoint","urlTemplate":"https:\/\/fjala.info\/2009-2015\/?s={search_term_string}"},"query-input":{"@type":"PropertyValueSpecification","valueRequired":true,"valueName":"search_term_string"}}],"inLanguage":"sq-AL"},{"@type":"Organization","@id":"https:\/\/fjala.info\/2009-2015\/#organization","name":"FjALA e LIR\u00cb - Arkivi","url":"https:\/\/fjala.info\/2009-2015\/","logo":{"@type":"ImageObject","inLanguage":"sq-AL","@id":"https:\/\/fjala.info\/2009-2015\/#\/schema\/logo\/image\/","url":"","contentUrl":"","caption":"FjALA e LIR\u00cb - Arkivi"},"image":{"@id":"https:\/\/fjala.info\/2009-2015\/#\/schema\/logo\/image\/"}},{"@type":"Person","@id":"https:\/\/fjala.info\/2009-2015\/#\/schema\/person\/3aa1163ef05469c496fc94e77611ada2","name":"admin","image":{"@type":"ImageObject","inLanguage":"sq-AL","@id":"https:\/\/fjala.info\/2009-2015\/wp-content\/uploads\/2012\/02\/arben_cokaj-120x150.jpg","url":"https:\/\/fjala.info\/2009-2015\/wp-content\/uploads\/2012\/02\/arben_cokaj-120x150.jpg","contentUrl":"https:\/\/fjala.info\/2009-2015\/wp-content\/uploads\/2012\/02\/arben_cokaj-120x150.jpg","caption":"admin"},"description":"Admin, Fjala e Lir\u00eb","sameAs":["https:\/\/fjala.info\/"],"url":"https:\/\/fjala.info\/2009-2015\/author\/admin\/"}]}},"_links":{"self":[{"href":"https:\/\/fjala.info\/2009-2015\/wp-json\/wp\/v2\/posts\/5011","targetHints":{"allow":["GET"]}}],"collection":[{"href":"https:\/\/fjala.info\/2009-2015\/wp-json\/wp\/v2\/posts"}],"about":[{"href":"https:\/\/fjala.info\/2009-2015\/wp-json\/wp\/v2\/types\/post"}],"author":[{"embeddable":true,"href":"https:\/\/fjala.info\/2009-2015\/wp-json\/wp\/v2\/users\/1"}],"replies":[{"embeddable":true,"href":"https:\/\/fjala.info\/2009-2015\/wp-json\/wp\/v2\/comments?post=5011"}],"version-history":[{"count":0,"href":"https:\/\/fjala.info\/2009-2015\/wp-json\/wp\/v2\/posts\/5011\/revisions"}],"wp:attachment":[{"href":"https:\/\/fjala.info\/2009-2015\/wp-json\/wp\/v2\/media?parent=5011"}],"wp:term":[{"taxonomy":"category","embeddable":true,"href":"https:\/\/fjala.info\/2009-2015\/wp-json\/wp\/v2\/categories?post=5011"},{"taxonomy":"post_tag","embeddable":true,"href":"https:\/\/fjala.info\/2009-2015\/wp-json\/wp\/v2\/tags?post=5011"}],"curies":[{"name":"wp","href":"https:\/\/api.w.org\/{rel}","templated":true}]}}