{"id":5010,"date":"2010-12-03T23:54:25","date_gmt":"2010-12-03T22:54:25","guid":{"rendered":"http:\/\/fjala.shkoder.net\/?p=5010"},"modified":"2010-12-03T23:54:25","modified_gmt":"2010-12-03T22:54:25","slug":"benzi-i-blinduar-i-berishes-dhe-dasmat-e-vdekjet","status":"publish","type":"post","link":"https:\/\/fjala.info\/2009-2015\/benzi-i-blinduar-i-berishes-dhe-dasmat-e-vdekjet\/","title":{"rendered":"Benzi i blinduar i Berish\u00ebs dhe &#8220;dasmat e vdekjet&#8221;"},"content":{"rendered":"<p><img loading=\"lazy\" decoding=\"async\" class=\"alignright size-full wp-image-4090\" title=\"Mero Baze\" src=\"http:\/\/fjala.shkoder.net\/wp-content\/uploads\/2010\/10\/mero_baze1.jpg\" alt=\"\" width=\"149\" height=\"200\" \/><br \/>\n<strong>Mero Baze<\/strong>, <em>03.12.2010 <\/em><\/p>\n<p>Kryeministri Berisha pranoi dje munges\u00ebn e vizionit n\u00eb buxhetin e vitit 2011 dhe provoi se n\u00eb fillim t\u00eb vitit t\u00eb kaluar ishte tallur me qytetar\u00ebt e Shkodr\u00ebs. Nj\u00eb dit\u00eb m\u00eb par\u00eb ai foli me eg\u00ebrsi kund\u00ebr opozit\u00ebs p\u00ebr munges\u00ebn e fest\u00ebs n\u00eb Tiran\u00eb, nd\u00ebrsa dje foli me eg\u00ebrsi p\u00ebr p\u00ebrkujtimin e vdekjeve prej saj.<\/p>\n<p>Me psikologjin\u00eb e njeriut q\u00eb t\u00ebrhiqet vet\u00ebm nga dasmat dhe vdekjet, si ato grat\u00eb e ngeshme t\u00eb fshatrave t\u00eb thella q\u00eb b\u00ebjn\u00eb dhe vajtojc\u00ebn dhe krushk\u00ebn n\u00eb dasma, Berisha ishte dje n\u00eb dit\u00ebn e makthit nga vdekjet. Ai drejtoi nj\u00eb lutje p\u00ebr Ministrin\u00eb e Financave, p\u00ebr t\u00eb ndryshuar prioritetet e buxhetit dhe p\u00ebr t\u00eb planifikuar thellimin e Lumit Bun\u00eb.<\/p>\n<p>Nj\u00eb vit m\u00eb par\u00eb Berisha u premtoi shkodran\u00ebve se viti 2010 do t\u00eb ishte viti i thellimit dhe pastrimit t\u00eb Bun\u00ebs dhe bile theksoi se do ta kthente at\u00eb n\u00eb qendr\u00ebn turistike m\u00eb t\u00eb fort\u00eb t\u00eb rajonit. Mir\u00eb q\u00eb nuk hodhi asnj\u00eb lopat\u00eb zhavorr gjith\u00eb vitin, por as para 15 dit\u00ebve, kur \u00e7oi buxhetin n\u00eb Kuvend, nuk u kujtua p\u00ebr mashtrimin publik q\u00eb u kishte b\u00ebr\u00eb atyre qytetar\u00ebve.<\/p>\n<p>U desh t\u00eb ri-p\u00ebrmbytej Shkodra, q\u00eb Berisha t\u00eb kujtohej dhe p\u00ebr munges\u00ebn e p\u00ebrgjegj\u00ebsis\u00eb p\u00ebr Shkodr\u00ebn, dhe p\u00ebr munges\u00ebn e vizionit p\u00ebr t\u00eb.<\/p>\n<p>Dje ai k\u00ebrkoi q\u00eb buxheti t\u00eb rib\u00ebhet dhe t\u00eb planifikohet thellimi i Bun\u00ebs. A thua kjo \u00ebsht\u00eb zgjidhja? Kush \u00ebsht\u00eb ky njeri q\u00eb e di se \u00e7far\u00eb duhet dhe si duhet t\u00eb financohet brenda nj\u00eb mbasdite?<\/p>\n<p>As Enver Hoxha me gjith\u00eb megalomanin\u00eb dhe brutalitetin e vet, nuk ka guxuar q\u00eb p\u00ebr nj\u00eb mbasdite t\u00eb vendos\u00eb p\u00ebr m\u00ebnyr\u00ebn se si duhet t\u00eb p\u00ebrballohet nj\u00eb fenomen natyror q\u00eb p\u00ebrs\u00ebritet n\u00eb form\u00ebn e nj\u00eb rregulli mbi nj\u00eb zon\u00eb t\u00eb t\u00ebr\u00eb.<\/p>\n<p>S\u00eb pari, zoti Berisha kishte dje rastin jo t\u00eb vendoste \u00e7far\u00eb do b\u00ebhej sipas tij, por t\u00eb prokuronte, n\u00eb da\u00e7 me VKM, nj\u00eb projekt kompleks p\u00ebr sistemimin e Liqenit, Bun\u00ebs dhe Lugin\u00ebs s\u00eb Drinit, p\u00ebr t&#8217;i dh\u00ebn\u00eb Shkodr\u00ebs nj\u00eb perspektiv\u00eb t\u00eb re dhe p\u00ebr ta shp\u00ebtuar p\u00ebrfundimisht nga paniku i p\u00ebrmbytjes. Nj\u00eb projekt kushton shum\u00eb m\u00eb pak se sa nj\u00eb g\u00ebnjesht\u00ebr nga ato q\u00eb l\u00ebshon p\u00ebrdit\u00eb Berisha.<\/p>\n<p>Dhe p\u00ebr k\u00ebt\u00eb kam nj\u00eb sugjerim konkret. Berisha t\u00eb anuloj\u00eb vendimin e qeveris\u00eb p\u00ebr blerjen e nj\u00eb Benzi t\u00eb blinduar p\u00ebr sh\u00ebrbimet qeveritare, i cili kap shifr\u00ebn rreth 700 milion\u00eb. Me aq pare b\u00ebhet nj\u00eb projekt serioz p\u00ebr Liqenin, Bun\u00ebn dhe Drinin dhe ne kemi n\u00eb dor\u00eb pastaj nj\u00eb dokument profesional q\u00eb duhet financuar p\u00ebr t\u00eb shp\u00ebtuar Shkodr\u00ebn.<\/p>\n<p>Ky gjest do t\u00eb ishte m\u00eb bind\u00ebs p\u00ebr qytetar\u00ebt e Shkodr\u00ebs se hak\u00ebrrimat e tij kund\u00ebr opozit\u00ebs q\u00eb i kujton pap\u00ebrgjegjshm\u00ebrin\u00eb n\u00eb qeverisjen e vendit.<br \/>\nS\u00eb dyti, Berisha duhet t\u00eb jet\u00eb transparent me Shkodr\u00ebn p\u00ebr at\u00eb \u00e7far\u00eb duhet t\u00eb ndryshoj\u00eb n\u00eb buxhet.<\/p>\n<p>Mund t\u00eb ndodh\u00eb q\u00eb ai t\u00eb marr\u00eb disa fadroma t\u00eb nd\u00ebrtuesve t\u00eb Familjes dhe t\u00eb b\u00ebj\u00eb sikur punon disa dit\u00eb n\u00eb Bun\u00eb duke futur n\u00eb xhep s\u00ebrish miliona, por Shkodra nuk do at\u00eb. Shkodra ka nevoj\u00eb p\u00ebr nj\u00eb projekt q\u00eb ta shikoj\u00eb me sy dhe pastaj p\u00ebr nj\u00eb plan financimi t\u00eb tij q\u00eb duhet t\u00eb jet\u00eb realist. Vet\u00ebm kjo e zgjidh problemin n\u00eb Shkod\u00ebr. Hak\u00ebrrima e Sali Berish\u00ebs p\u00ebr t&#8217;u mbyllur goj\u00ebn kritik\u00ebve q\u00eb i kujtojn\u00eb atij pap\u00ebrgjegj\u00ebsit\u00eb, vet\u00ebm sa rrisin d\u00ebshp\u00ebrimin.<\/p>\n<p>S\u00eb treti, Berisha mendon se viktimat e tij jan\u00eb pron\u00eb e tij dhe ato s&#8217;mund t&#8217;i prek\u00eb askush. Kjo logjik\u00eb nekrofile q\u00eb shoq\u00ebron gjith\u00eb karrier\u00ebn e tij, tani po kthehet n\u00eb identitet. Ai ul\u00ebrin t&#8217;i p\u00ebrmend\u00ebsh viktimat e G\u00ebrdecit, jo se i dhimbsen ata, por se tmerrohet nga shkaktari i v\u00ebrtet\u00eb i asaj fatkeq\u00ebsie, q\u00eb e ka n\u00eb sht\u00ebpi.<\/p>\n<p>Ai tmerrohet t&#8217;i p\u00ebrmend\u00ebsh njer\u00ebzit q\u00eb vriten duke r\u00ebn\u00eb nga autobusi, jo se i dhimbsen ata, por se njer\u00ebzit i kujtojn\u00eb mashtrimet me rrug\u00ebt dhe klient\u00ebt mashtrues t\u00eb Familjes s\u00eb tij.<\/p>\n<p>Ai tmerrohet t&#8217;i p\u00ebrmend\u00ebsh kat\u00ebr foshnjat e Sukthit, jo se i dhimbsen ata, por se ata me shpirtrat e tyre t\u00eb shuar n\u00eb err\u00ebsir\u00eb nxjerrin n\u00eb drit\u00eb falsitetin dhe g\u00ebnjeshtrat e k\u00ebtij njeriu. Dje ul\u00ebrinte p\u00ebr Shkodr\u00ebn si i marr\u00eb q\u00eb s&#8217;ka viktima.<\/p>\n<p>Ul\u00ebrinte dhe ishte gati q\u00eb dhe at\u00eb foshnj\u00ebn e mjer\u00eb tre- muajshe t\u00eb vdekur, ta quante t\u00eb gjall\u00eb, ose t\u00eb vrar\u00eb nga opozita. Problemi q\u00eb ka Shkodra \u00ebsht\u00eb m\u00eb shum\u00eb se sa nj\u00eb viktim\u00eb njer\u00ebzore.<\/p>\n<p>Problemi q\u00eb ai qytet po p\u00ebrjeton, tashm\u00eb nga g\u00ebnjeshtrat e Sali Berish\u00ebs, \u00ebsht\u00eb se nuk po vdes nj\u00eb, 4, apo 26 vet\u00eb, por nj\u00eb qytet i t\u00ebr\u00eb po b\u00ebhet i pabanuesh\u00ebm p\u00ebr shkak t\u00eb tij. Dhe me logjik\u00ebn e Berish\u00ebs ne tani nuk duhet t\u00eb p\u00ebrmendim Shkodr\u00ebn, se ajo s&#8217;ka vdekur akoma.<\/p>\n<p>Ky degradim mendor i k\u00ebtij njeriu q\u00eb \u00ebsht\u00eb n\u00eb krye t\u00eb shtetit, po i ngjan nga ora n\u00eb or\u00eb nj\u00eb grumbulli makthesh q\u00eb p\u00ebrkthehet n\u00eb qeverisje spontane, pa plan, pa vizion dhe pa transparenc\u00eb. \u00cbsht\u00eb inercia e njeriut q\u00eb nuk ka nj\u00eb plan t\u00eb vetin, por ndjek planin q\u00eb i v\u00ebn\u00eb p\u00ebrpara klient\u00ebt e Familjes dhe imponimin q\u00eb i b\u00ebjn\u00eb fatkeq\u00ebsit\u00eb natyrore. \u00cbsht\u00eb nj\u00eb kryeminist\u00ebr q\u00eb i harxhon lek\u00ebt p\u00ebr dasma ose p\u00ebr vdekje. Si n\u00eb nj\u00eb restorant t\u00eb zymt\u00eb fshati.<\/p>\n","protected":false},"excerpt":{"rendered":"<p>Mero Baze, 03.12.2010 Kryeministri Berisha pranoi dje munges\u00ebn e vizionit n\u00eb buxhetin e vitit 2011 dhe provoi se n\u00eb fillim t\u00eb vitit t\u00eb kaluar ishte tallur me qytetar\u00ebt e Shkodr\u00ebs. Nj\u00eb dit\u00eb m\u00eb par\u00eb ai foli me eg\u00ebrsi kund\u00ebr opozit\u00ebs p\u00ebr munges\u00ebn e fest\u00ebs n\u00eb Tiran\u00eb, nd\u00ebrsa dje foli me eg\u00ebrsi p\u00ebr p\u00ebrkujtimin e vdekjeve [&hellip;]<\/p>\n","protected":false},"author":1,"featured_media":0,"comment_status":"open","ping_status":"closed","sticky":false,"template":"","format":"standard","meta":{"footnotes":""},"categories":[2],"tags":[],"class_list":{"0":"post-5010","1":"post","2":"type-post","3":"status-publish","4":"format-standard","6":"category-artikuj"},"yoast_head":"<!-- This site is optimized with the Yoast SEO plugin v27.4 - https:\/\/yoast.com\/product\/yoast-seo-wordpress\/ -->\n<title>Benzi i blinduar i Berish\u00ebs dhe &quot;dasmat e vdekjet&quot; - FjALA e LIR\u00cb - Arkivi<\/title>\n<meta name=\"robots\" content=\"index, follow, max-snippet:-1, max-image-preview:large, max-video-preview:-1\" \/>\n<link rel=\"canonical\" href=\"https:\/\/fjala.info\/2009-2015\/benzi-i-blinduar-i-berishes-dhe-dasmat-e-vdekjet\/\" \/>\n<meta property=\"og:locale\" content=\"sq_AL\" \/>\n<meta property=\"og:type\" content=\"article\" \/>\n<meta property=\"og:title\" content=\"Benzi i blinduar i Berish\u00ebs dhe &quot;dasmat e vdekjet&quot; - FjALA e LIR\u00cb - Arkivi\" \/>\n<meta property=\"og:description\" content=\"Mero Baze, 03.12.2010 Kryeministri Berisha pranoi dje munges\u00ebn e vizionit n\u00eb buxhetin e vitit 2011 dhe provoi se n\u00eb fillim t\u00eb vitit t\u00eb kaluar ishte tallur me qytetar\u00ebt e Shkodr\u00ebs. Nj\u00eb dit\u00eb m\u00eb par\u00eb ai foli me eg\u00ebrsi kund\u00ebr opozit\u00ebs p\u00ebr munges\u00ebn e fest\u00ebs n\u00eb Tiran\u00eb, nd\u00ebrsa dje foli me eg\u00ebrsi p\u00ebr p\u00ebrkujtimin e vdekjeve [&hellip;]\" \/>\n<meta property=\"og:url\" content=\"https:\/\/fjala.info\/2009-2015\/benzi-i-blinduar-i-berishes-dhe-dasmat-e-vdekjet\/\" \/>\n<meta property=\"og:site_name\" content=\"FjALA e LIR\u00cb - Arkivi\" \/>\n<meta property=\"article:published_time\" content=\"2010-12-03T22:54:25+00:00\" \/>\n<meta property=\"og:image\" content=\"http:\/\/fjala.shkoder.net\/wp-content\/uploads\/2010\/10\/mero_baze1.jpg\" \/>\n<meta name=\"author\" content=\"admin\" \/>\n<meta name=\"twitter:card\" content=\"summary_large_image\" \/>\n<meta name=\"twitter:label1\" content=\"Written by\" \/>\n\t<meta name=\"twitter:data1\" content=\"admin\" \/>\n\t<meta name=\"twitter:label2\" content=\"Est. reading time\" \/>\n\t<meta name=\"twitter:data2\" content=\"5 minutes\" \/>\n<script type=\"application\/ld+json\" class=\"yoast-schema-graph\">{\"@context\":\"https:\\\/\\\/schema.org\",\"@graph\":[{\"@type\":\"Article\",\"@id\":\"https:\\\/\\\/fjala.info\\\/2009-2015\\\/benzi-i-blinduar-i-berishes-dhe-dasmat-e-vdekjet\\\/#article\",\"isPartOf\":{\"@id\":\"https:\\\/\\\/fjala.info\\\/2009-2015\\\/benzi-i-blinduar-i-berishes-dhe-dasmat-e-vdekjet\\\/\"},\"author\":{\"name\":\"admin\",\"@id\":\"https:\\\/\\\/fjala.info\\\/2009-2015\\\/#\\\/schema\\\/person\\\/3aa1163ef05469c496fc94e77611ada2\"},\"headline\":\"Benzi i blinduar i Berish\u00ebs dhe &#8220;dasmat e vdekjet&#8221;\",\"datePublished\":\"2010-12-03T22:54:25+00:00\",\"mainEntityOfPage\":{\"@id\":\"https:\\\/\\\/fjala.info\\\/2009-2015\\\/benzi-i-blinduar-i-berishes-dhe-dasmat-e-vdekjet\\\/\"},\"wordCount\":1002,\"commentCount\":0,\"publisher\":{\"@id\":\"https:\\\/\\\/fjala.info\\\/2009-2015\\\/#organization\"},\"image\":{\"@id\":\"https:\\\/\\\/fjala.info\\\/2009-2015\\\/benzi-i-blinduar-i-berishes-dhe-dasmat-e-vdekjet\\\/#primaryimage\"},\"thumbnailUrl\":\"http:\\\/\\\/fjala.shkoder.net\\\/wp-content\\\/uploads\\\/2010\\\/10\\\/mero_baze1.jpg\",\"articleSection\":[\"Artikuj\"],\"inLanguage\":\"sq-AL\",\"potentialAction\":[{\"@type\":\"CommentAction\",\"name\":\"Comment\",\"target\":[\"https:\\\/\\\/fjala.info\\\/2009-2015\\\/benzi-i-blinduar-i-berishes-dhe-dasmat-e-vdekjet\\\/#respond\"]}]},{\"@type\":\"WebPage\",\"@id\":\"https:\\\/\\\/fjala.info\\\/2009-2015\\\/benzi-i-blinduar-i-berishes-dhe-dasmat-e-vdekjet\\\/\",\"url\":\"https:\\\/\\\/fjala.info\\\/2009-2015\\\/benzi-i-blinduar-i-berishes-dhe-dasmat-e-vdekjet\\\/\",\"name\":\"Benzi i blinduar i Berish\u00ebs dhe \\\"dasmat e vdekjet\\\" - FjALA e LIR\u00cb - Arkivi\",\"isPartOf\":{\"@id\":\"https:\\\/\\\/fjala.info\\\/2009-2015\\\/#website\"},\"primaryImageOfPage\":{\"@id\":\"https:\\\/\\\/fjala.info\\\/2009-2015\\\/benzi-i-blinduar-i-berishes-dhe-dasmat-e-vdekjet\\\/#primaryimage\"},\"image\":{\"@id\":\"https:\\\/\\\/fjala.info\\\/2009-2015\\\/benzi-i-blinduar-i-berishes-dhe-dasmat-e-vdekjet\\\/#primaryimage\"},\"thumbnailUrl\":\"http:\\\/\\\/fjala.shkoder.net\\\/wp-content\\\/uploads\\\/2010\\\/10\\\/mero_baze1.jpg\",\"datePublished\":\"2010-12-03T22:54:25+00:00\",\"breadcrumb\":{\"@id\":\"https:\\\/\\\/fjala.info\\\/2009-2015\\\/benzi-i-blinduar-i-berishes-dhe-dasmat-e-vdekjet\\\/#breadcrumb\"},\"inLanguage\":\"sq-AL\",\"potentialAction\":[{\"@type\":\"ReadAction\",\"target\":[\"https:\\\/\\\/fjala.info\\\/2009-2015\\\/benzi-i-blinduar-i-berishes-dhe-dasmat-e-vdekjet\\\/\"]}]},{\"@type\":\"ImageObject\",\"inLanguage\":\"sq-AL\",\"@id\":\"https:\\\/\\\/fjala.info\\\/2009-2015\\\/benzi-i-blinduar-i-berishes-dhe-dasmat-e-vdekjet\\\/#primaryimage\",\"url\":\"http:\\\/\\\/fjala.shkoder.net\\\/wp-content\\\/uploads\\\/2010\\\/10\\\/mero_baze1.jpg\",\"contentUrl\":\"http:\\\/\\\/fjala.shkoder.net\\\/wp-content\\\/uploads\\\/2010\\\/10\\\/mero_baze1.jpg\"},{\"@type\":\"BreadcrumbList\",\"@id\":\"https:\\\/\\\/fjala.info\\\/2009-2015\\\/benzi-i-blinduar-i-berishes-dhe-dasmat-e-vdekjet\\\/#breadcrumb\",\"itemListElement\":[{\"@type\":\"ListItem\",\"position\":1,\"name\":\"Home\",\"item\":\"https:\\\/\\\/fjala.info\\\/2009-2015\\\/\"},{\"@type\":\"ListItem\",\"position\":2,\"name\":\"Benzi i blinduar i Berish\u00ebs dhe &#8220;dasmat e vdekjet&#8221;\"}]},{\"@type\":\"WebSite\",\"@id\":\"https:\\\/\\\/fjala.info\\\/2009-2015\\\/#website\",\"url\":\"https:\\\/\\\/fjala.info\\\/2009-2015\\\/\",\"name\":\"FjALA e LIR\u00cb - Arkivi\",\"description\":\"Arkivi 2009-2015\",\"publisher\":{\"@id\":\"https:\\\/\\\/fjala.info\\\/2009-2015\\\/#organization\"},\"potentialAction\":[{\"@type\":\"SearchAction\",\"target\":{\"@type\":\"EntryPoint\",\"urlTemplate\":\"https:\\\/\\\/fjala.info\\\/2009-2015\\\/?s={search_term_string}\"},\"query-input\":{\"@type\":\"PropertyValueSpecification\",\"valueRequired\":true,\"valueName\":\"search_term_string\"}}],\"inLanguage\":\"sq-AL\"},{\"@type\":\"Organization\",\"@id\":\"https:\\\/\\\/fjala.info\\\/2009-2015\\\/#organization\",\"name\":\"FjALA e LIR\u00cb - Arkivi\",\"url\":\"https:\\\/\\\/fjala.info\\\/2009-2015\\\/\",\"logo\":{\"@type\":\"ImageObject\",\"inLanguage\":\"sq-AL\",\"@id\":\"https:\\\/\\\/fjala.info\\\/2009-2015\\\/#\\\/schema\\\/logo\\\/image\\\/\",\"url\":\"\",\"contentUrl\":\"\",\"caption\":\"FjALA e LIR\u00cb - Arkivi\"},\"image\":{\"@id\":\"https:\\\/\\\/fjala.info\\\/2009-2015\\\/#\\\/schema\\\/logo\\\/image\\\/\"}},{\"@type\":\"Person\",\"@id\":\"https:\\\/\\\/fjala.info\\\/2009-2015\\\/#\\\/schema\\\/person\\\/3aa1163ef05469c496fc94e77611ada2\",\"name\":\"admin\",\"image\":{\"@type\":\"ImageObject\",\"inLanguage\":\"sq-AL\",\"@id\":\"https:\\\/\\\/fjala.info\\\/2009-2015\\\/wp-content\\\/uploads\\\/2012\\\/02\\\/arben_cokaj-120x150.jpg\",\"url\":\"https:\\\/\\\/fjala.info\\\/2009-2015\\\/wp-content\\\/uploads\\\/2012\\\/02\\\/arben_cokaj-120x150.jpg\",\"contentUrl\":\"https:\\\/\\\/fjala.info\\\/2009-2015\\\/wp-content\\\/uploads\\\/2012\\\/02\\\/arben_cokaj-120x150.jpg\",\"caption\":\"admin\"},\"description\":\"Admin, Fjala e Lir\u00eb\",\"sameAs\":[\"https:\\\/\\\/fjala.info\\\/\"],\"url\":\"https:\\\/\\\/fjala.info\\\/2009-2015\\\/author\\\/admin\\\/\"}]}<\/script>\n<!-- \/ Yoast SEO plugin. -->","yoast_head_json":{"title":"Benzi i blinduar i Berish\u00ebs dhe \"dasmat e vdekjet\" - FjALA e LIR\u00cb - Arkivi","robots":{"index":"index","follow":"follow","max-snippet":"max-snippet:-1","max-image-preview":"max-image-preview:large","max-video-preview":"max-video-preview:-1"},"canonical":"https:\/\/fjala.info\/2009-2015\/benzi-i-blinduar-i-berishes-dhe-dasmat-e-vdekjet\/","og_locale":"sq_AL","og_type":"article","og_title":"Benzi i blinduar i Berish\u00ebs dhe \"dasmat e vdekjet\" - FjALA e LIR\u00cb - Arkivi","og_description":"Mero Baze, 03.12.2010 Kryeministri Berisha pranoi dje munges\u00ebn e vizionit n\u00eb buxhetin e vitit 2011 dhe provoi se n\u00eb fillim t\u00eb vitit t\u00eb kaluar ishte tallur me qytetar\u00ebt e Shkodr\u00ebs. Nj\u00eb dit\u00eb m\u00eb par\u00eb ai foli me eg\u00ebrsi kund\u00ebr opozit\u00ebs p\u00ebr munges\u00ebn e fest\u00ebs n\u00eb Tiran\u00eb, nd\u00ebrsa dje foli me eg\u00ebrsi p\u00ebr p\u00ebrkujtimin e vdekjeve [&hellip;]","og_url":"https:\/\/fjala.info\/2009-2015\/benzi-i-blinduar-i-berishes-dhe-dasmat-e-vdekjet\/","og_site_name":"FjALA e LIR\u00cb - Arkivi","article_published_time":"2010-12-03T22:54:25+00:00","og_image":[{"url":"http:\/\/fjala.shkoder.net\/wp-content\/uploads\/2010\/10\/mero_baze1.jpg","type":"","width":"","height":""}],"author":"admin","twitter_card":"summary_large_image","twitter_misc":{"Written by":"admin","Est. reading time":"5 minutes"},"schema":{"@context":"https:\/\/schema.org","@graph":[{"@type":"Article","@id":"https:\/\/fjala.info\/2009-2015\/benzi-i-blinduar-i-berishes-dhe-dasmat-e-vdekjet\/#article","isPartOf":{"@id":"https:\/\/fjala.info\/2009-2015\/benzi-i-blinduar-i-berishes-dhe-dasmat-e-vdekjet\/"},"author":{"name":"admin","@id":"https:\/\/fjala.info\/2009-2015\/#\/schema\/person\/3aa1163ef05469c496fc94e77611ada2"},"headline":"Benzi i blinduar i Berish\u00ebs dhe &#8220;dasmat e vdekjet&#8221;","datePublished":"2010-12-03T22:54:25+00:00","mainEntityOfPage":{"@id":"https:\/\/fjala.info\/2009-2015\/benzi-i-blinduar-i-berishes-dhe-dasmat-e-vdekjet\/"},"wordCount":1002,"commentCount":0,"publisher":{"@id":"https:\/\/fjala.info\/2009-2015\/#organization"},"image":{"@id":"https:\/\/fjala.info\/2009-2015\/benzi-i-blinduar-i-berishes-dhe-dasmat-e-vdekjet\/#primaryimage"},"thumbnailUrl":"http:\/\/fjala.shkoder.net\/wp-content\/uploads\/2010\/10\/mero_baze1.jpg","articleSection":["Artikuj"],"inLanguage":"sq-AL","potentialAction":[{"@type":"CommentAction","name":"Comment","target":["https:\/\/fjala.info\/2009-2015\/benzi-i-blinduar-i-berishes-dhe-dasmat-e-vdekjet\/#respond"]}]},{"@type":"WebPage","@id":"https:\/\/fjala.info\/2009-2015\/benzi-i-blinduar-i-berishes-dhe-dasmat-e-vdekjet\/","url":"https:\/\/fjala.info\/2009-2015\/benzi-i-blinduar-i-berishes-dhe-dasmat-e-vdekjet\/","name":"Benzi i blinduar i Berish\u00ebs dhe \"dasmat e vdekjet\" - FjALA e LIR\u00cb - Arkivi","isPartOf":{"@id":"https:\/\/fjala.info\/2009-2015\/#website"},"primaryImageOfPage":{"@id":"https:\/\/fjala.info\/2009-2015\/benzi-i-blinduar-i-berishes-dhe-dasmat-e-vdekjet\/#primaryimage"},"image":{"@id":"https:\/\/fjala.info\/2009-2015\/benzi-i-blinduar-i-berishes-dhe-dasmat-e-vdekjet\/#primaryimage"},"thumbnailUrl":"http:\/\/fjala.shkoder.net\/wp-content\/uploads\/2010\/10\/mero_baze1.jpg","datePublished":"2010-12-03T22:54:25+00:00","breadcrumb":{"@id":"https:\/\/fjala.info\/2009-2015\/benzi-i-blinduar-i-berishes-dhe-dasmat-e-vdekjet\/#breadcrumb"},"inLanguage":"sq-AL","potentialAction":[{"@type":"ReadAction","target":["https:\/\/fjala.info\/2009-2015\/benzi-i-blinduar-i-berishes-dhe-dasmat-e-vdekjet\/"]}]},{"@type":"ImageObject","inLanguage":"sq-AL","@id":"https:\/\/fjala.info\/2009-2015\/benzi-i-blinduar-i-berishes-dhe-dasmat-e-vdekjet\/#primaryimage","url":"http:\/\/fjala.shkoder.net\/wp-content\/uploads\/2010\/10\/mero_baze1.jpg","contentUrl":"http:\/\/fjala.shkoder.net\/wp-content\/uploads\/2010\/10\/mero_baze1.jpg"},{"@type":"BreadcrumbList","@id":"https:\/\/fjala.info\/2009-2015\/benzi-i-blinduar-i-berishes-dhe-dasmat-e-vdekjet\/#breadcrumb","itemListElement":[{"@type":"ListItem","position":1,"name":"Home","item":"https:\/\/fjala.info\/2009-2015\/"},{"@type":"ListItem","position":2,"name":"Benzi i blinduar i Berish\u00ebs dhe &#8220;dasmat e vdekjet&#8221;"}]},{"@type":"WebSite","@id":"https:\/\/fjala.info\/2009-2015\/#website","url":"https:\/\/fjala.info\/2009-2015\/","name":"FjALA e LIR\u00cb - Arkivi","description":"Arkivi 2009-2015","publisher":{"@id":"https:\/\/fjala.info\/2009-2015\/#organization"},"potentialAction":[{"@type":"SearchAction","target":{"@type":"EntryPoint","urlTemplate":"https:\/\/fjala.info\/2009-2015\/?s={search_term_string}"},"query-input":{"@type":"PropertyValueSpecification","valueRequired":true,"valueName":"search_term_string"}}],"inLanguage":"sq-AL"},{"@type":"Organization","@id":"https:\/\/fjala.info\/2009-2015\/#organization","name":"FjALA e LIR\u00cb - Arkivi","url":"https:\/\/fjala.info\/2009-2015\/","logo":{"@type":"ImageObject","inLanguage":"sq-AL","@id":"https:\/\/fjala.info\/2009-2015\/#\/schema\/logo\/image\/","url":"","contentUrl":"","caption":"FjALA e LIR\u00cb - Arkivi"},"image":{"@id":"https:\/\/fjala.info\/2009-2015\/#\/schema\/logo\/image\/"}},{"@type":"Person","@id":"https:\/\/fjala.info\/2009-2015\/#\/schema\/person\/3aa1163ef05469c496fc94e77611ada2","name":"admin","image":{"@type":"ImageObject","inLanguage":"sq-AL","@id":"https:\/\/fjala.info\/2009-2015\/wp-content\/uploads\/2012\/02\/arben_cokaj-120x150.jpg","url":"https:\/\/fjala.info\/2009-2015\/wp-content\/uploads\/2012\/02\/arben_cokaj-120x150.jpg","contentUrl":"https:\/\/fjala.info\/2009-2015\/wp-content\/uploads\/2012\/02\/arben_cokaj-120x150.jpg","caption":"admin"},"description":"Admin, Fjala e Lir\u00eb","sameAs":["https:\/\/fjala.info\/"],"url":"https:\/\/fjala.info\/2009-2015\/author\/admin\/"}]}},"_links":{"self":[{"href":"https:\/\/fjala.info\/2009-2015\/wp-json\/wp\/v2\/posts\/5010","targetHints":{"allow":["GET"]}}],"collection":[{"href":"https:\/\/fjala.info\/2009-2015\/wp-json\/wp\/v2\/posts"}],"about":[{"href":"https:\/\/fjala.info\/2009-2015\/wp-json\/wp\/v2\/types\/post"}],"author":[{"embeddable":true,"href":"https:\/\/fjala.info\/2009-2015\/wp-json\/wp\/v2\/users\/1"}],"replies":[{"embeddable":true,"href":"https:\/\/fjala.info\/2009-2015\/wp-json\/wp\/v2\/comments?post=5010"}],"version-history":[{"count":0,"href":"https:\/\/fjala.info\/2009-2015\/wp-json\/wp\/v2\/posts\/5010\/revisions"}],"wp:attachment":[{"href":"https:\/\/fjala.info\/2009-2015\/wp-json\/wp\/v2\/media?parent=5010"}],"wp:term":[{"taxonomy":"category","embeddable":true,"href":"https:\/\/fjala.info\/2009-2015\/wp-json\/wp\/v2\/categories?post=5010"},{"taxonomy":"post_tag","embeddable":true,"href":"https:\/\/fjala.info\/2009-2015\/wp-json\/wp\/v2\/tags?post=5010"}],"curies":[{"name":"wp","href":"https:\/\/api.w.org\/{rel}","templated":true}]}}