{"id":5004,"date":"2015-12-12T08:32:41","date_gmt":"2015-12-12T07:32:41","guid":{"rendered":"http:\/\/www.fjala.info\/?p=5004"},"modified":"2015-12-12T08:32:41","modified_gmt":"2015-12-12T07:32:41","slug":"edhe-te-vras-edhe-agjeroj","status":"publish","type":"post","link":"https:\/\/fjala.info\/2009-2015\/edhe-te-vras-edhe-agjeroj\/","title":{"rendered":"Edhe t\u00eb vras edhe agj\u00ebroj!"},"content":{"rendered":"<p><img decoding=\"async\" class=\"alignright\" title=\"Luela Myftari\" src=\"http:\/\/www.fjala.info\/2015\/luela_myftari.jpg\" alt=\"\" width=\"200\" \/> Nga <strong>Luela Myftari<\/strong><\/p>\n<p>Thon\u00eb se suksesi vjen sepse koha dhe vendi \u00ebsht\u00eb i duhuri, por jo sepse je m\u00eb i zoti se t\u00eb tjer\u00ebt. Un\u00eb k\u00ebt\u00eb e kam v\u00ebrtetuar. Nuk kam qen\u00eb kurr\u00eb e para n\u00eb shkoll\u00eb, as edhe nj\u00eb vit, por jam p\u00ebrpjekur t\u00eb shfryt\u00ebzoj edhe koh\u00ebn edhe vendet.<\/p>\n<p>Gjat\u00eb trazirave t\u00eb vitit 1997 nuk kisha mbushur ende 9 vje\u00e7, por besoja v\u00ebrtet se mund t\u00eb b\u00ebhesha gangstere kur t\u00eb ritesha. M\u00eb vinte keq p\u00ebr mamin q\u00eb buk\u00ebn e b\u00ebnte pasi kishte zhytur tasin n\u00eb at\u00eb thesin me miell q\u00eb ishte nj\u00ebfar\u00eb pasurie at\u00eb koh\u00eb n\u00eb Shqip\u00ebri. Por asokohe, zihesha vet\u00ebm \u201cgocat e mamit\u201d n\u00eb lagje. Isha gangsterja e lagjjes.<\/p>\n<p>Do t\u00eb b\u00ebhesha ganstere kur t\u00eb rritesha. Dhe k\u00ebt\u00eb e kam besuar v\u00ebrtet deri n\u00eb fillim t\u00eb mij\u00ebvje\u00e7arit t\u00eb ri, kur m\u00ebsova se Adelina Ismajli ishte edhe e bukur edhe ganstere. Koncepti im i gangsters ishte t\u00eb luftoje p\u00ebr nj\u00eb jet\u00eb m\u00eb t\u00eb mir\u00eb. E n\u00ebse do t\u00eb isha 20 vje\u00e7 n\u00eb 1997-\u00ebn, e besoj edhe sot q\u00eb do t\u00eb isha b\u00ebr\u00eb gangstere, por tani e besoj k\u00ebt\u00eb vet\u00ebm me nj\u00eb \u201cn\u00ebse\u201d.<\/p>\n<p>Ata q\u00eb thon\u00eb se nuk e kan\u00eb menduar asnj\u00ebher\u00eb veten duke i zgjidhur gj\u00ebrat si gangster\u00eb g\u00ebnjejn\u00eb. T\u00eb gjith\u00eb duan t\u00eb jen\u00eb t\u00eb fort\u00eb, me pistolet\u00eb, kallash a grushta. Inteligjent\u00ebt dhe ata q\u00eb e kan\u00eb pushtetin e t\u00eb fortit zgjedhin dredhin\u00eb dhe ua japin t\u00eb tjer\u00ebve arm\u00ebt.<\/p>\n<p>Mir\u00ebpo, dy vrasjet e fundit, ajo e policit n\u00eb Lazarat dhe ajo e dy turist\u00ebve \u00e7ek\u00eb n\u00eb Shkod\u00ebr m\u00eb prezantuan me djemt\u00eb ganstera t\u00eb koh\u00ebve t\u00eb sotme. Ata kan\u00eb d\u00ebshtuar n\u00eb t\u00eb qenit gangstera dhe kjo jo p\u00ebr fajin tim apo t\u00eb ndonj\u00eb shqiptari tjet\u00ebr. T\u00eb turp\u00ebruar shqiptar\u00ebt ul\u00ebn kokat. Mir\u00ebpo, ajo shfryrja kolektive \u201ct\u00eb mbytur me faj\u201d, \u201cme kok\u00ebn n\u00eb mut, ju k\u00ebrkojm\u00eb falje\u201d e shum\u00eb t\u00eb tjera ma neverisin krenarin\u00eb.<\/p>\n<p>Un\u00eb jam shqiptare. Dhe k\u00ebta ganster\u00eb t\u00eb degjeneruar, pa plane, pa p\u00ebrvoja, pa nj\u00eb synim m\u00eb t\u00eb mir\u00eb p\u00ebr veten as i dua dhe as po p\u00ebrpiqem t\u2019i mbroj. Por, ata jan\u00eb t\u00eb till\u00eb prej sistemit.<\/p>\n<p>Sa polic\u00eb jan\u00eb vrar\u00eb kur ne t\u00eb gjith\u00eb kacafyteshin me tyta automatik\u00ebsh mes nj\u00ebri \u2013tjetrit? Pse nuk k\u00ebrkoi askush falje p\u00ebr shqiptar\u00ebt e vrar\u00eb? Apo ne qajm\u00eb m\u00eb shum\u00eb mikun se vet\u00eb v\u00ebllain? Kjo \u00ebsht\u00eb besa jon\u00eb? Mikun ta b\u00ebjm\u00eb v\u00eblla e v\u00ebllan\u00eb ta flakim jasht\u00eb?<\/p>\n<p>Alikot? E \u00e7\u2019m\u00eb duhen emrat? Ata jan\u00eb v\u00ebllez\u00ebrit q\u00eb vran\u00eb policin e RENEA-s. Jan\u00eb dy nga ata q\u00eb shteti nuk i tregoi kalendarin. Ndaj the se fajin e ka sistemi. T\u00eb pakt\u00ebn t\u2019i m\u00ebsonin se nga 1997-a kan\u00eb kaluar m\u00eb shum\u00eb se 18 vjet. Dhe se ata nuk mund t\u00eb \u00ebnd\u00ebrrojn\u00eb si 6-vje\u00e7ar\u00eb q\u00eb duan t\u00eb b\u00ebhen gangstera. Pasi nuk \u00ebsht\u00eb m\u00eb as koha dhe as vendi i duhur. Se fundja ata, faj s\u2019kan\u00eb. P\u00ebr dy adoleshent\u00eb q\u00eb jan\u00eb shulluar prej vitesh n\u00eb kanabis \u00ebsht\u00eb e v\u00ebshtir\u00eb t\u00eb heqin dor\u00eb nga \u00ebndrrat. Dhe \u00ebndrra e tyre ishte t\u00eb b\u00ebheshin si baba, a si xhaja, me nj\u00eb arsenal t\u00eb madh arm\u00ebsh dhe jo me nj\u00eb bibliotek\u00eb me libra a revista pornografike, t\u00eb pakt\u00ebn p\u00ebr t\u2019u shfryr\u00eb. T\u00eb shfryje p\u00ebr ta ishte zbrazja e karrikatorit.<\/p>\n<p>Dhe un\u00eb nuk kam pse k\u00ebrkoj falje p\u00ebr ta. Askujt nuk i dhemb m\u00eb shum\u00eb se familjes. Kjo, p\u00ebrfshir\u00eb edhe reagimin tim \u00ebsht\u00eb vet\u00ebm nj\u00eb shfryrje kolektive. Sepse ai (polic, sh\u00ebrbyes i nj\u00eb shteti q\u00eb i jepte nj\u00eb rrog\u00eb aq t\u00eb vog\u00ebl sa ta degdiste luftrave t\u00eb Afganistanit) tashm\u00eb, ashtu si shum\u00eb heronj ra n\u00eb nj\u00eb betej\u00eb t\u00eb vog\u00ebl, aty ku askujt nuk ia merr mendja se ai do t\u00eb humbas\u00eb. Sepse n\u00eb buz\u00ebt me gjak t\u00eb k\u00ebtij agj\u00ebruesi edhe fjal\u00ebt e fundit ishin t\u00eb lehta. Sepse t\u00eb r\u00ebnd\u00eb do ta ken\u00eb k\u00ebta dy gangstera t\u00eb d\u00ebshtuar \u00e7do sekond\u00eb t\u00eb jet\u00ebs. T\u00eb r\u00ebnd\u00eb do ta ken\u00eb ata q\u00eb i kan\u00eb pjell\u00eb dhe nj\u00eb fshat i t\u00ebr\u00eb q\u00eb nuk l\u00ebvizi as gishtin m\u00eb t\u00eb vog\u00ebl p\u00ebr t\u00eb k\u00ebrkuar varje publike, aty n\u00eb mes t\u00eb fshatit, pa pritur vendimin e gjykatave fam\u00ebkeqe, po aq sa edhe hakmarrja n\u00eb malet tona.<\/p>\n<p>Nga vrasja n\u00eb fush\u00eb, s\u2019kalojn\u00eb as dhjet\u00eb dit\u00eb dhe mali osh\u00ebtin. Dy \u00e7ek\u00eb, dy turist\u00eb jan\u00eb vrar\u00eb. Shfryrja kolektive n\u00eb rrjetet sociale nis. Vras\u00ebsi nj\u00eb 20-vjecar q\u00eb sipas t\u00eb dh\u00ebnave t\u00eb para ka deklaruar se donte vet\u00ebm makin\u00ebn, por planin i doli jasht\u00eb kontrolli. As koha dhe as vendi s\u2019e ndihmoi. Ca shajn\u00eb malok\u00eb, ca k\u00ebrkojn\u00eb falje e ulin kok\u00ebn, ca shahen me nj\u00ebri-tjerin se mendojn\u00eb ndryshe p\u00ebr t\u00eb nj\u00ebjt\u00ebn ngjarje, nd\u00ebrsa ca t\u00eb tjer\u00eb postojn\u00eb foto n\u00eb plazh pak sekonda pasi kan\u00eb b\u00ebr\u00eb status p\u00ebr dy turist\u00eb t\u00eb vrar\u00eb duke th\u00ebn\u00eb se ndihen t\u00eb turp\u00ebruar. Sapo jan\u00eb vrar\u00eb dy djem t\u00eb rinj n\u00eb Lezh\u00eb? Po p\u00ebr ta kush do ndez\u00eb qirinj?<\/p>\n<p>N\u00ebse \u00ebsht\u00eb shtirje kolektive, boll m\u00eb. Edhe foto plazhi edhe keqardhje. Edhe krenar\u00eb edhe t\u00eb dhier. Edhe t\u00eb vras edhe agj\u00ebroj.<\/p>\n<p>Un\u00eb, Luela e turp\u00ebruar jam e turp\u00ebruar nga t\u00eb turp\u00ebruarit shqiptar\u00eb. Sepse kjo ka ndodhur, mund t\u00eb ndodh\u00eb e do t\u00eb ndodh\u00eb n\u00eb shum\u00eb vende t\u00eb bot\u00ebs. N\u00ebse ka shqiptar\u00eb q\u00eb jan\u00eb n\u00eb faj, jan\u00eb ata q\u00eb s\u2019i fol\u00ebn kurr\u00eb djemve si ata q\u00eb vran\u00eb, v\u00ebllez\u00ebrve t\u00eb tyre, fqinjve e kolog\u00ebve, sepse ata jan\u00eb kudo pran\u00eb nesh. N\u00ebse nuk duam t\u00eb turp\u00ebrohemi le t\u2019i flasim t\u00eb gjith\u00ebve, jo vet\u00ebm n\u00eb Facebook.<\/p>\n","protected":false},"excerpt":{"rendered":"<p>Nga Luela Myftari Thon\u00eb se suksesi vjen sepse koha dhe vendi \u00ebsht\u00eb i duhuri, por jo sepse je m\u00eb i zoti se t\u00eb tjer\u00ebt. Un\u00eb k\u00ebt\u00eb e kam v\u00ebrtetuar. Nuk kam qen\u00eb kurr\u00eb e para n\u00eb shkoll\u00eb, as edhe nj\u00eb vit, por jam p\u00ebrpjekur t\u00eb shfryt\u00ebzoj edhe koh\u00ebn edhe vendet. Gjat\u00eb trazirave t\u00eb vitit 1997 [&hellip;]<\/p>\n","protected":false},"author":1,"featured_media":0,"comment_status":"open","ping_status":"closed","sticky":false,"template":"","format":"standard","meta":{"footnotes":""},"categories":[2],"tags":[],"class_list":{"0":"post-5004","1":"post","2":"type-post","3":"status-publish","4":"format-standard","6":"category-artikuj"},"yoast_head":"<!-- This site is optimized with the Yoast SEO plugin v27.4 - https:\/\/yoast.com\/product\/yoast-seo-wordpress\/ -->\n<title>Edhe t\u00eb vras edhe agj\u00ebroj! - FjALA e LIR\u00cb - Arkivi<\/title>\n<meta name=\"robots\" content=\"index, follow, max-snippet:-1, max-image-preview:large, max-video-preview:-1\" \/>\n<link rel=\"canonical\" href=\"https:\/\/fjala.info\/2009-2015\/edhe-te-vras-edhe-agjeroj\/\" \/>\n<meta property=\"og:locale\" content=\"sq_AL\" \/>\n<meta property=\"og:type\" content=\"article\" \/>\n<meta property=\"og:title\" content=\"Edhe t\u00eb vras edhe agj\u00ebroj! - FjALA e LIR\u00cb - Arkivi\" \/>\n<meta property=\"og:description\" content=\"Nga Luela Myftari Thon\u00eb se suksesi vjen sepse koha dhe vendi \u00ebsht\u00eb i duhuri, por jo sepse je m\u00eb i zoti se t\u00eb tjer\u00ebt. Un\u00eb k\u00ebt\u00eb e kam v\u00ebrtetuar. Nuk kam qen\u00eb kurr\u00eb e para n\u00eb shkoll\u00eb, as edhe nj\u00eb vit, por jam p\u00ebrpjekur t\u00eb shfryt\u00ebzoj edhe koh\u00ebn edhe vendet. Gjat\u00eb trazirave t\u00eb vitit 1997 [&hellip;]\" \/>\n<meta property=\"og:url\" content=\"https:\/\/fjala.info\/2009-2015\/edhe-te-vras-edhe-agjeroj\/\" \/>\n<meta property=\"og:site_name\" content=\"FjALA e LIR\u00cb - Arkivi\" \/>\n<meta property=\"article:published_time\" content=\"2015-12-12T07:32:41+00:00\" \/>\n<meta property=\"og:image\" content=\"http:\/\/www.fjala.info\/2015\/luela_myftari.jpg\" \/>\n<meta name=\"author\" content=\"admin\" \/>\n<meta name=\"twitter:card\" content=\"summary_large_image\" \/>\n<meta name=\"twitter:label1\" content=\"Written by\" \/>\n\t<meta name=\"twitter:data1\" content=\"admin\" \/>\n\t<meta name=\"twitter:label2\" content=\"Est. reading time\" \/>\n\t<meta name=\"twitter:data2\" content=\"5 minutes\" \/>\n<script type=\"application\/ld+json\" class=\"yoast-schema-graph\">{\"@context\":\"https:\\\/\\\/schema.org\",\"@graph\":[{\"@type\":\"Article\",\"@id\":\"https:\\\/\\\/fjala.info\\\/2009-2015\\\/edhe-te-vras-edhe-agjeroj\\\/#article\",\"isPartOf\":{\"@id\":\"https:\\\/\\\/fjala.info\\\/2009-2015\\\/edhe-te-vras-edhe-agjeroj\\\/\"},\"author\":{\"name\":\"admin\",\"@id\":\"https:\\\/\\\/fjala.info\\\/2009-2015\\\/#\\\/schema\\\/person\\\/3aa1163ef05469c496fc94e77611ada2\"},\"headline\":\"Edhe t\u00eb vras edhe agj\u00ebroj!\",\"datePublished\":\"2015-12-12T07:32:41+00:00\",\"mainEntityOfPage\":{\"@id\":\"https:\\\/\\\/fjala.info\\\/2009-2015\\\/edhe-te-vras-edhe-agjeroj\\\/\"},\"wordCount\":1006,\"commentCount\":0,\"publisher\":{\"@id\":\"https:\\\/\\\/fjala.info\\\/2009-2015\\\/#organization\"},\"image\":{\"@id\":\"https:\\\/\\\/fjala.info\\\/2009-2015\\\/edhe-te-vras-edhe-agjeroj\\\/#primaryimage\"},\"thumbnailUrl\":\"http:\\\/\\\/www.fjala.info\\\/2015\\\/luela_myftari.jpg\",\"articleSection\":[\"Artikuj\"],\"inLanguage\":\"sq-AL\",\"potentialAction\":[{\"@type\":\"CommentAction\",\"name\":\"Comment\",\"target\":[\"https:\\\/\\\/fjala.info\\\/2009-2015\\\/edhe-te-vras-edhe-agjeroj\\\/#respond\"]}]},{\"@type\":\"WebPage\",\"@id\":\"https:\\\/\\\/fjala.info\\\/2009-2015\\\/edhe-te-vras-edhe-agjeroj\\\/\",\"url\":\"https:\\\/\\\/fjala.info\\\/2009-2015\\\/edhe-te-vras-edhe-agjeroj\\\/\",\"name\":\"Edhe t\u00eb vras edhe agj\u00ebroj! - FjALA e LIR\u00cb - Arkivi\",\"isPartOf\":{\"@id\":\"https:\\\/\\\/fjala.info\\\/2009-2015\\\/#website\"},\"primaryImageOfPage\":{\"@id\":\"https:\\\/\\\/fjala.info\\\/2009-2015\\\/edhe-te-vras-edhe-agjeroj\\\/#primaryimage\"},\"image\":{\"@id\":\"https:\\\/\\\/fjala.info\\\/2009-2015\\\/edhe-te-vras-edhe-agjeroj\\\/#primaryimage\"},\"thumbnailUrl\":\"http:\\\/\\\/www.fjala.info\\\/2015\\\/luela_myftari.jpg\",\"datePublished\":\"2015-12-12T07:32:41+00:00\",\"breadcrumb\":{\"@id\":\"https:\\\/\\\/fjala.info\\\/2009-2015\\\/edhe-te-vras-edhe-agjeroj\\\/#breadcrumb\"},\"inLanguage\":\"sq-AL\",\"potentialAction\":[{\"@type\":\"ReadAction\",\"target\":[\"https:\\\/\\\/fjala.info\\\/2009-2015\\\/edhe-te-vras-edhe-agjeroj\\\/\"]}]},{\"@type\":\"ImageObject\",\"inLanguage\":\"sq-AL\",\"@id\":\"https:\\\/\\\/fjala.info\\\/2009-2015\\\/edhe-te-vras-edhe-agjeroj\\\/#primaryimage\",\"url\":\"http:\\\/\\\/www.fjala.info\\\/2015\\\/luela_myftari.jpg\",\"contentUrl\":\"http:\\\/\\\/www.fjala.info\\\/2015\\\/luela_myftari.jpg\"},{\"@type\":\"BreadcrumbList\",\"@id\":\"https:\\\/\\\/fjala.info\\\/2009-2015\\\/edhe-te-vras-edhe-agjeroj\\\/#breadcrumb\",\"itemListElement\":[{\"@type\":\"ListItem\",\"position\":1,\"name\":\"Home\",\"item\":\"https:\\\/\\\/fjala.info\\\/2009-2015\\\/\"},{\"@type\":\"ListItem\",\"position\":2,\"name\":\"Edhe t\u00eb vras edhe agj\u00ebroj!\"}]},{\"@type\":\"WebSite\",\"@id\":\"https:\\\/\\\/fjala.info\\\/2009-2015\\\/#website\",\"url\":\"https:\\\/\\\/fjala.info\\\/2009-2015\\\/\",\"name\":\"FjALA e LIR\u00cb - Arkivi\",\"description\":\"Arkivi 2009-2015\",\"publisher\":{\"@id\":\"https:\\\/\\\/fjala.info\\\/2009-2015\\\/#organization\"},\"potentialAction\":[{\"@type\":\"SearchAction\",\"target\":{\"@type\":\"EntryPoint\",\"urlTemplate\":\"https:\\\/\\\/fjala.info\\\/2009-2015\\\/?s={search_term_string}\"},\"query-input\":{\"@type\":\"PropertyValueSpecification\",\"valueRequired\":true,\"valueName\":\"search_term_string\"}}],\"inLanguage\":\"sq-AL\"},{\"@type\":\"Organization\",\"@id\":\"https:\\\/\\\/fjala.info\\\/2009-2015\\\/#organization\",\"name\":\"FjALA e LIR\u00cb - Arkivi\",\"url\":\"https:\\\/\\\/fjala.info\\\/2009-2015\\\/\",\"logo\":{\"@type\":\"ImageObject\",\"inLanguage\":\"sq-AL\",\"@id\":\"https:\\\/\\\/fjala.info\\\/2009-2015\\\/#\\\/schema\\\/logo\\\/image\\\/\",\"url\":\"\",\"contentUrl\":\"\",\"caption\":\"FjALA e LIR\u00cb - Arkivi\"},\"image\":{\"@id\":\"https:\\\/\\\/fjala.info\\\/2009-2015\\\/#\\\/schema\\\/logo\\\/image\\\/\"}},{\"@type\":\"Person\",\"@id\":\"https:\\\/\\\/fjala.info\\\/2009-2015\\\/#\\\/schema\\\/person\\\/3aa1163ef05469c496fc94e77611ada2\",\"name\":\"admin\",\"image\":{\"@type\":\"ImageObject\",\"inLanguage\":\"sq-AL\",\"@id\":\"https:\\\/\\\/fjala.info\\\/2009-2015\\\/wp-content\\\/uploads\\\/2012\\\/02\\\/arben_cokaj-120x150.jpg\",\"url\":\"https:\\\/\\\/fjala.info\\\/2009-2015\\\/wp-content\\\/uploads\\\/2012\\\/02\\\/arben_cokaj-120x150.jpg\",\"contentUrl\":\"https:\\\/\\\/fjala.info\\\/2009-2015\\\/wp-content\\\/uploads\\\/2012\\\/02\\\/arben_cokaj-120x150.jpg\",\"caption\":\"admin\"},\"description\":\"Admin, Fjala e Lir\u00eb\",\"sameAs\":[\"https:\\\/\\\/fjala.info\\\/\"],\"url\":\"https:\\\/\\\/fjala.info\\\/2009-2015\\\/author\\\/admin\\\/\"}]}<\/script>\n<!-- \/ Yoast SEO plugin. -->","yoast_head_json":{"title":"Edhe t\u00eb vras edhe agj\u00ebroj! - FjALA e LIR\u00cb - Arkivi","robots":{"index":"index","follow":"follow","max-snippet":"max-snippet:-1","max-image-preview":"max-image-preview:large","max-video-preview":"max-video-preview:-1"},"canonical":"https:\/\/fjala.info\/2009-2015\/edhe-te-vras-edhe-agjeroj\/","og_locale":"sq_AL","og_type":"article","og_title":"Edhe t\u00eb vras edhe agj\u00ebroj! - FjALA e LIR\u00cb - Arkivi","og_description":"Nga Luela Myftari Thon\u00eb se suksesi vjen sepse koha dhe vendi \u00ebsht\u00eb i duhuri, por jo sepse je m\u00eb i zoti se t\u00eb tjer\u00ebt. Un\u00eb k\u00ebt\u00eb e kam v\u00ebrtetuar. Nuk kam qen\u00eb kurr\u00eb e para n\u00eb shkoll\u00eb, as edhe nj\u00eb vit, por jam p\u00ebrpjekur t\u00eb shfryt\u00ebzoj edhe koh\u00ebn edhe vendet. Gjat\u00eb trazirave t\u00eb vitit 1997 [&hellip;]","og_url":"https:\/\/fjala.info\/2009-2015\/edhe-te-vras-edhe-agjeroj\/","og_site_name":"FjALA e LIR\u00cb - Arkivi","article_published_time":"2015-12-12T07:32:41+00:00","og_image":[{"url":"http:\/\/www.fjala.info\/2015\/luela_myftari.jpg","type":"","width":"","height":""}],"author":"admin","twitter_card":"summary_large_image","twitter_misc":{"Written by":"admin","Est. reading time":"5 minutes"},"schema":{"@context":"https:\/\/schema.org","@graph":[{"@type":"Article","@id":"https:\/\/fjala.info\/2009-2015\/edhe-te-vras-edhe-agjeroj\/#article","isPartOf":{"@id":"https:\/\/fjala.info\/2009-2015\/edhe-te-vras-edhe-agjeroj\/"},"author":{"name":"admin","@id":"https:\/\/fjala.info\/2009-2015\/#\/schema\/person\/3aa1163ef05469c496fc94e77611ada2"},"headline":"Edhe t\u00eb vras edhe agj\u00ebroj!","datePublished":"2015-12-12T07:32:41+00:00","mainEntityOfPage":{"@id":"https:\/\/fjala.info\/2009-2015\/edhe-te-vras-edhe-agjeroj\/"},"wordCount":1006,"commentCount":0,"publisher":{"@id":"https:\/\/fjala.info\/2009-2015\/#organization"},"image":{"@id":"https:\/\/fjala.info\/2009-2015\/edhe-te-vras-edhe-agjeroj\/#primaryimage"},"thumbnailUrl":"http:\/\/www.fjala.info\/2015\/luela_myftari.jpg","articleSection":["Artikuj"],"inLanguage":"sq-AL","potentialAction":[{"@type":"CommentAction","name":"Comment","target":["https:\/\/fjala.info\/2009-2015\/edhe-te-vras-edhe-agjeroj\/#respond"]}]},{"@type":"WebPage","@id":"https:\/\/fjala.info\/2009-2015\/edhe-te-vras-edhe-agjeroj\/","url":"https:\/\/fjala.info\/2009-2015\/edhe-te-vras-edhe-agjeroj\/","name":"Edhe t\u00eb vras edhe agj\u00ebroj! - FjALA e LIR\u00cb - Arkivi","isPartOf":{"@id":"https:\/\/fjala.info\/2009-2015\/#website"},"primaryImageOfPage":{"@id":"https:\/\/fjala.info\/2009-2015\/edhe-te-vras-edhe-agjeroj\/#primaryimage"},"image":{"@id":"https:\/\/fjala.info\/2009-2015\/edhe-te-vras-edhe-agjeroj\/#primaryimage"},"thumbnailUrl":"http:\/\/www.fjala.info\/2015\/luela_myftari.jpg","datePublished":"2015-12-12T07:32:41+00:00","breadcrumb":{"@id":"https:\/\/fjala.info\/2009-2015\/edhe-te-vras-edhe-agjeroj\/#breadcrumb"},"inLanguage":"sq-AL","potentialAction":[{"@type":"ReadAction","target":["https:\/\/fjala.info\/2009-2015\/edhe-te-vras-edhe-agjeroj\/"]}]},{"@type":"ImageObject","inLanguage":"sq-AL","@id":"https:\/\/fjala.info\/2009-2015\/edhe-te-vras-edhe-agjeroj\/#primaryimage","url":"http:\/\/www.fjala.info\/2015\/luela_myftari.jpg","contentUrl":"http:\/\/www.fjala.info\/2015\/luela_myftari.jpg"},{"@type":"BreadcrumbList","@id":"https:\/\/fjala.info\/2009-2015\/edhe-te-vras-edhe-agjeroj\/#breadcrumb","itemListElement":[{"@type":"ListItem","position":1,"name":"Home","item":"https:\/\/fjala.info\/2009-2015\/"},{"@type":"ListItem","position":2,"name":"Edhe t\u00eb vras edhe agj\u00ebroj!"}]},{"@type":"WebSite","@id":"https:\/\/fjala.info\/2009-2015\/#website","url":"https:\/\/fjala.info\/2009-2015\/","name":"FjALA e LIR\u00cb - Arkivi","description":"Arkivi 2009-2015","publisher":{"@id":"https:\/\/fjala.info\/2009-2015\/#organization"},"potentialAction":[{"@type":"SearchAction","target":{"@type":"EntryPoint","urlTemplate":"https:\/\/fjala.info\/2009-2015\/?s={search_term_string}"},"query-input":{"@type":"PropertyValueSpecification","valueRequired":true,"valueName":"search_term_string"}}],"inLanguage":"sq-AL"},{"@type":"Organization","@id":"https:\/\/fjala.info\/2009-2015\/#organization","name":"FjALA e LIR\u00cb - Arkivi","url":"https:\/\/fjala.info\/2009-2015\/","logo":{"@type":"ImageObject","inLanguage":"sq-AL","@id":"https:\/\/fjala.info\/2009-2015\/#\/schema\/logo\/image\/","url":"","contentUrl":"","caption":"FjALA e LIR\u00cb - Arkivi"},"image":{"@id":"https:\/\/fjala.info\/2009-2015\/#\/schema\/logo\/image\/"}},{"@type":"Person","@id":"https:\/\/fjala.info\/2009-2015\/#\/schema\/person\/3aa1163ef05469c496fc94e77611ada2","name":"admin","image":{"@type":"ImageObject","inLanguage":"sq-AL","@id":"https:\/\/fjala.info\/2009-2015\/wp-content\/uploads\/2012\/02\/arben_cokaj-120x150.jpg","url":"https:\/\/fjala.info\/2009-2015\/wp-content\/uploads\/2012\/02\/arben_cokaj-120x150.jpg","contentUrl":"https:\/\/fjala.info\/2009-2015\/wp-content\/uploads\/2012\/02\/arben_cokaj-120x150.jpg","caption":"admin"},"description":"Admin, Fjala e Lir\u00eb","sameAs":["https:\/\/fjala.info\/"],"url":"https:\/\/fjala.info\/2009-2015\/author\/admin\/"}]}},"_links":{"self":[{"href":"https:\/\/fjala.info\/2009-2015\/wp-json\/wp\/v2\/posts\/5004","targetHints":{"allow":["GET"]}}],"collection":[{"href":"https:\/\/fjala.info\/2009-2015\/wp-json\/wp\/v2\/posts"}],"about":[{"href":"https:\/\/fjala.info\/2009-2015\/wp-json\/wp\/v2\/types\/post"}],"author":[{"embeddable":true,"href":"https:\/\/fjala.info\/2009-2015\/wp-json\/wp\/v2\/users\/1"}],"replies":[{"embeddable":true,"href":"https:\/\/fjala.info\/2009-2015\/wp-json\/wp\/v2\/comments?post=5004"}],"version-history":[{"count":0,"href":"https:\/\/fjala.info\/2009-2015\/wp-json\/wp\/v2\/posts\/5004\/revisions"}],"wp:attachment":[{"href":"https:\/\/fjala.info\/2009-2015\/wp-json\/wp\/v2\/media?parent=5004"}],"wp:term":[{"taxonomy":"category","embeddable":true,"href":"https:\/\/fjala.info\/2009-2015\/wp-json\/wp\/v2\/categories?post=5004"},{"taxonomy":"post_tag","embeddable":true,"href":"https:\/\/fjala.info\/2009-2015\/wp-json\/wp\/v2\/tags?post=5004"}],"curies":[{"name":"wp","href":"https:\/\/api.w.org\/{rel}","templated":true}]}}