{"id":4990,"date":"2010-12-02T12:58:48","date_gmt":"2010-12-02T11:58:48","guid":{"rendered":"http:\/\/fjala.shkoder.net\/?p=4990"},"modified":"2010-12-02T12:58:48","modified_gmt":"2010-12-02T11:58:48","slug":"permbytjet-ose-shkodranet-ne-500-vjet-vetmi","status":"publish","type":"post","link":"https:\/\/fjala.info\/2009-2015\/permbytjet-ose-shkodranet-ne-500-vjet-vetmi\/","title":{"rendered":"P\u00cbRMBYTJET OSE SHKODRAN\u00cbT N\u00cb 500 VJET VETMI"},"content":{"rendered":"<p><img loading=\"lazy\" decoding=\"async\" class=\"alignleft size-full wp-image-4140\" title=\"Andrea Stefani\" src=\"http:\/\/fjala.shkoder.net\/wp-content\/uploads\/2010\/10\/andrea_stefani.jpg\" alt=\"\" width=\"108\" height=\"118\" \/><br \/>\n<strong>Andrea Stefani<\/strong><\/p>\n<p>Shkodra u p\u00ebrmbyt p\u00ebrs\u00ebri. P\u00ebr t\u00eb pest\u00ebn her\u00eb p\u00ebr nj\u00eb periudh\u00eb jo m\u00eb t\u00eb gjat\u00eb se ajo e nj\u00eb viti. Kur kataklizmoja ndodhi p\u00ebr t\u00eb par\u00ebn her\u00eb, Kryeministri i vendit u p\u00ebrpoq t\u00eb justifikoj\u00eb pap\u00ebrgjegjshm\u00ebrin\u00eb e qeveris\u00eb me reshjet e jasht\u00ebzakonshme q\u00eb, sipas tij, mund t\u00eb ndodhnin nj\u00eb her\u00eb n\u00eb 100 vjet. Por m\u00eb pas p\u00ebrmbytjet ndodh\u00ebn p\u00ebrs\u00ebri dhe p\u00ebrs\u00ebri. Njer\u00ebzit humb\u00ebn prona e bag\u00ebti p\u00ebrs\u00ebri nga e nj\u00ebjta mizori k\u00ebmb\u00ebngul\u00ebse. Mos vall\u00eb e qiellit? Apo e qeveris\u00eb? Kjo e dyta na duket m\u00eb e sakt\u00eb. Sepse qielli ka nj\u00eb vit q\u00eb paralajm\u00ebron p\u00ebr t\u00eb keqen.<\/p>\n<p>Nd\u00ebrkaq, me gjith\u00eb premtimet e vet\u00ebmburrjet, qeveria nuk ka b\u00ebr\u00eb asgj\u00eb q\u00eb t\u00eb parandaloj\u00eb tragjedin\u00eb p\u00ebr banor\u00ebt e Shkodr\u00ebs. Dhe po t\u00eb marr\u00ebsh si t\u00eb v\u00ebrteta fjal\u00ebt e Berish\u00ebs mbi reshjet q\u00eb ndodhin nj\u00eb her\u00eb n\u00eb 100 vjet, at\u00ebher\u00eb duhet t\u00eb pranojm\u00eb se pas pes\u00eb p\u00ebrmbytjesh radhazi shkodran\u00ebt, brenda nj\u00eb viti, kan\u00eb \u201c500 vjet\u201d q\u00eb jan\u00eb l\u00ebn\u00eb n\u00eb vetmi nga nj\u00eb qeveri e pap\u00ebrgjegjshme q\u00eb nuk shqet\u00ebsohet p\u00ebr jet\u00ebn dhe pron\u00ebn e qytetar\u00ebve t\u00eb vet.<\/p>\n<p style=\"text-align: center;\">* * *<\/p>\n<p>A jan\u00eb t\u00eb shmangshme p\u00ebrmbytjet n\u00eb Shkod\u00ebr? Tashm\u00eb pas pes\u00eb v\u00ebrshimesh radhazi n\u00eb nj\u00eb koh\u00eb rekord t\u00eb shkurt\u00ebr, jan\u00eb dh\u00ebn\u00eb shum\u00eb shpjegime. Specialist\u00ebt e hidrik\u00ebs kan\u00eb folur. Madje ka folur edhe vet\u00eb qeveria. Dhe ka pohuar se p\u00ebrmbytjet mund t\u00eb shmangen (madje se do t\u00eb shmangen) duke marr\u00eb me koh\u00eb masa p\u00ebr t\u00eb b\u00ebr\u00eb investimet e duhura n\u00eb argjinaturat e lumit Buna, si dhe n\u00eb t\u00ebr\u00eb infrastruktur\u00ebn q\u00eb i sh\u00ebrben k\u00ebtij q\u00ebllimi.<\/p>\n<p>At\u00ebher\u00eb p\u00ebrse nuk ndalin v\u00ebrshimet, p\u00ebrse familje t\u00eb t\u00ebra detyrohen sot t\u00eb evakuohen duke l\u00ebn\u00eb prapa sht\u00ebpi e katandi t\u00eb v\u00ebn\u00eb me mundin dhe djers\u00ebn e nj\u00eb jete pun\u00eb? P\u00ebr faktin e thjesht\u00eb se qeveria nuk i mbajti premtimet p\u00ebr investime q\u00eb do parandalonin derdhjen e Bun\u00ebs. Kujtoni dhe deklarimet populiste t\u00eb Berish\u00ebs kur premtonte se do ta shnd\u00ebrronte Bun\u00ebn n\u00eb nj\u00eb vend turistik. P\u00ebrmbytjet e k\u00ebtyre dit\u00ebve tregojn\u00eb se t\u00eb gjitha kan\u00eb qen\u00eb g\u00ebnjeshtra q\u00eb qeveria t\u00eb hidhte lumin ku kan\u00eb ngecur p\u00ebrs\u00ebri sht\u00ebpit\u00eb e jo pak shkodran\u00ebve. Berisha tha se faji ishte i Zotit.<\/p>\n<p>Sot ai p\u00ebrs\u00ebri thot\u00eb se fajin e kan\u00eb reshjet e shumta q\u00eb vijn\u00eb nga alpet! Faj\u00ebson malet, natyr\u00ebn dhe Zotin kur fajtor kryesor \u00ebsht\u00eb Kryeministri dhe qeveria e tij e pap\u00ebrgjegjshme dhe e paaft\u00eb p\u00ebr t\u2019i dal\u00eb p\u00ebrpara nj\u00eb t\u00eb keqeje q\u00eb ka m\u00eb shum\u00eb se nj\u00eb vit q\u00eb \u00ebsht\u00eb paralajm\u00ebruar nga vet\u00eb Zoti. Sepse tashm\u00eb ka nj\u00eb vit q\u00eb konstatohet nj\u00eb tendenc\u00eb shtimi reshjesh dhe q\u00eb duhet ta b\u00ebnte \u00e7do qeveri t\u00eb merrte masa jo vet\u00ebm me investime n\u00eb argjinatura e rrjete kulluese, por edhe p\u00ebr nj\u00eb administrim tjet\u00ebr, n\u00eb p\u00ebrputhje me regjimin e p\u00ebrforcuar t\u00eb reshjeve, t\u00eb digave t\u00eb kaskad\u00ebs s\u00eb Drinit. Po t\u00eb veprohej n\u00eb koh\u00eb k\u00ebshtu, p\u00ebrmbytjet do t\u00eb shmangeshin ose d\u00ebmet do t\u00eb ishin minimale.<\/p>\n<p>Por nuk mund t\u00eb ndodh\u00eb k\u00ebshtu me nj\u00eb qeveri q\u00eb e ka mendjen t\u00eb shes\u00eb sa m\u00eb shum\u00eb energji p\u00ebr t\u00eb kompensuar aventurat e saj financiare (si investimi skandaloz dhe korruptim prej m\u00eb shum\u00eb se 1 miliard euro n\u00eb rrug\u00ebn Durr\u00ebs-Kuk\u00ebs) q\u00eb e kan\u00eb \u00e7uar borxhin publik n\u00eb kufirin e friksh\u00ebm t\u00eb 60% t\u00eb Prodhimit Bruto (GDP). Specialist\u00ebt kan\u00eb folur me koh\u00eb. Me k\u00ebt\u00eb regjim t\u00eb shtuar reshjesh, qeveria duhet t\u00eb rishikonte rregulloren e menaxhimit t\u00eb kaskad\u00ebs, t\u00eb rishikonte maksimumin e niveleve t\u00eb ujit n\u00ebp\u00ebr diga duke i zbritur ato. Vet\u00ebm k\u00ebshtu do t\u00eb mund t\u00eb shp\u00ebtoheshin pronat e qytetar\u00ebve, tokat, bag\u00ebtit\u00eb dhe t\u00eb mbjellat nga p\u00ebrmbytjet.<\/p>\n<p>Por k\u00ebt\u00eb nuk mund ta b\u00ebj\u00eb nj\u00eb qeveri q\u00eb preferon m\u00eb mir\u00eb t\u00eb p\u00ebrmbytet disa her\u00eb fshatari i Obotit, sesa t\u00eb humbas\u00eb disa qindra mij\u00eb euro nga ulja e nivelit t\u00eb ujit n\u00eb rezervuare. N\u00ebse duhen humbur disa qindra mij\u00eb euro, le t\u2019i humbasin qytetar\u00ebt nga d\u00ebmtimi i pronave t\u00eb tyre. Qeveria jo. Ajo nuk duhet t\u00eb humbas\u00eb asnj\u00eb kacidhe nga eurot e korrupsionit dhe luft\u00ebs p\u00ebr pushtet. Por a nuk do t\u00eb thot\u00eb nj\u00eb gj\u00eb e till\u00eb t\u00eb sakrifikosh popullin q\u00eb t\u00eb fal vot\u00ebn dhe pushtetin n\u00eb themelet e pushtetit?<\/p>\n","protected":false},"excerpt":{"rendered":"<p>Andrea Stefani Shkodra u p\u00ebrmbyt p\u00ebrs\u00ebri. P\u00ebr t\u00eb pest\u00ebn her\u00eb p\u00ebr nj\u00eb periudh\u00eb jo m\u00eb t\u00eb gjat\u00eb se ajo e nj\u00eb viti. Kur kataklizmoja ndodhi p\u00ebr t\u00eb par\u00ebn her\u00eb, Kryeministri i vendit u p\u00ebrpoq t\u00eb justifikoj\u00eb pap\u00ebrgjegjshm\u00ebrin\u00eb e qeveris\u00eb me reshjet e jasht\u00ebzakonshme q\u00eb, sipas tij, mund t\u00eb ndodhnin nj\u00eb her\u00eb n\u00eb 100 vjet. Por [&hellip;]<\/p>\n","protected":false},"author":1,"featured_media":0,"comment_status":"open","ping_status":"closed","sticky":false,"template":"","format":"standard","meta":{"footnotes":""},"categories":[2],"tags":[],"class_list":{"0":"post-4990","1":"post","2":"type-post","3":"status-publish","4":"format-standard","6":"category-artikuj"},"yoast_head":"<!-- This site is optimized with the Yoast SEO plugin v27.4 - https:\/\/yoast.com\/product\/yoast-seo-wordpress\/ -->\n<title>P\u00cbRMBYTJET OSE SHKODRAN\u00cbT N\u00cb 500 VJET VETMI - FjALA e LIR\u00cb - Arkivi<\/title>\n<meta name=\"robots\" content=\"index, follow, max-snippet:-1, max-image-preview:large, max-video-preview:-1\" \/>\n<link rel=\"canonical\" href=\"https:\/\/fjala.info\/2009-2015\/permbytjet-ose-shkodranet-ne-500-vjet-vetmi\/\" \/>\n<meta property=\"og:locale\" content=\"sq_AL\" \/>\n<meta property=\"og:type\" content=\"article\" \/>\n<meta property=\"og:title\" content=\"P\u00cbRMBYTJET OSE SHKODRAN\u00cbT N\u00cb 500 VJET VETMI - FjALA e LIR\u00cb - Arkivi\" \/>\n<meta property=\"og:description\" content=\"Andrea Stefani Shkodra u p\u00ebrmbyt p\u00ebrs\u00ebri. P\u00ebr t\u00eb pest\u00ebn her\u00eb p\u00ebr nj\u00eb periudh\u00eb jo m\u00eb t\u00eb gjat\u00eb se ajo e nj\u00eb viti. Kur kataklizmoja ndodhi p\u00ebr t\u00eb par\u00ebn her\u00eb, Kryeministri i vendit u p\u00ebrpoq t\u00eb justifikoj\u00eb pap\u00ebrgjegjshm\u00ebrin\u00eb e qeveris\u00eb me reshjet e jasht\u00ebzakonshme q\u00eb, sipas tij, mund t\u00eb ndodhnin nj\u00eb her\u00eb n\u00eb 100 vjet. Por [&hellip;]\" \/>\n<meta property=\"og:url\" content=\"https:\/\/fjala.info\/2009-2015\/permbytjet-ose-shkodranet-ne-500-vjet-vetmi\/\" \/>\n<meta property=\"og:site_name\" content=\"FjALA e LIR\u00cb - Arkivi\" \/>\n<meta property=\"article:published_time\" content=\"2010-12-02T11:58:48+00:00\" \/>\n<meta property=\"og:image\" content=\"http:\/\/fjala.shkoder.net\/wp-content\/uploads\/2010\/10\/andrea_stefani.jpg\" \/>\n<meta name=\"author\" content=\"admin\" \/>\n<meta name=\"twitter:card\" content=\"summary_large_image\" \/>\n<meta name=\"twitter:label1\" content=\"Written by\" \/>\n\t<meta name=\"twitter:data1\" content=\"admin\" \/>\n\t<meta name=\"twitter:label2\" content=\"Est. reading time\" \/>\n\t<meta name=\"twitter:data2\" content=\"4 minutes\" \/>\n<script type=\"application\/ld+json\" class=\"yoast-schema-graph\">{\"@context\":\"https:\\\/\\\/schema.org\",\"@graph\":[{\"@type\":\"Article\",\"@id\":\"https:\\\/\\\/fjala.info\\\/2009-2015\\\/permbytjet-ose-shkodranet-ne-500-vjet-vetmi\\\/#article\",\"isPartOf\":{\"@id\":\"https:\\\/\\\/fjala.info\\\/2009-2015\\\/permbytjet-ose-shkodranet-ne-500-vjet-vetmi\\\/\"},\"author\":{\"name\":\"admin\",\"@id\":\"https:\\\/\\\/fjala.info\\\/2009-2015\\\/#\\\/schema\\\/person\\\/3aa1163ef05469c496fc94e77611ada2\"},\"headline\":\"P\u00cbRMBYTJET OSE SHKODRAN\u00cbT N\u00cb 500 VJET VETMI\",\"datePublished\":\"2010-12-02T11:58:48+00:00\",\"mainEntityOfPage\":{\"@id\":\"https:\\\/\\\/fjala.info\\\/2009-2015\\\/permbytjet-ose-shkodranet-ne-500-vjet-vetmi\\\/\"},\"wordCount\":795,\"commentCount\":0,\"publisher\":{\"@id\":\"https:\\\/\\\/fjala.info\\\/2009-2015\\\/#organization\"},\"image\":{\"@id\":\"https:\\\/\\\/fjala.info\\\/2009-2015\\\/permbytjet-ose-shkodranet-ne-500-vjet-vetmi\\\/#primaryimage\"},\"thumbnailUrl\":\"http:\\\/\\\/fjala.shkoder.net\\\/wp-content\\\/uploads\\\/2010\\\/10\\\/andrea_stefani.jpg\",\"articleSection\":[\"Artikuj\"],\"inLanguage\":\"sq-AL\",\"potentialAction\":[{\"@type\":\"CommentAction\",\"name\":\"Comment\",\"target\":[\"https:\\\/\\\/fjala.info\\\/2009-2015\\\/permbytjet-ose-shkodranet-ne-500-vjet-vetmi\\\/#respond\"]}]},{\"@type\":\"WebPage\",\"@id\":\"https:\\\/\\\/fjala.info\\\/2009-2015\\\/permbytjet-ose-shkodranet-ne-500-vjet-vetmi\\\/\",\"url\":\"https:\\\/\\\/fjala.info\\\/2009-2015\\\/permbytjet-ose-shkodranet-ne-500-vjet-vetmi\\\/\",\"name\":\"P\u00cbRMBYTJET OSE SHKODRAN\u00cbT N\u00cb 500 VJET VETMI - FjALA e LIR\u00cb - Arkivi\",\"isPartOf\":{\"@id\":\"https:\\\/\\\/fjala.info\\\/2009-2015\\\/#website\"},\"primaryImageOfPage\":{\"@id\":\"https:\\\/\\\/fjala.info\\\/2009-2015\\\/permbytjet-ose-shkodranet-ne-500-vjet-vetmi\\\/#primaryimage\"},\"image\":{\"@id\":\"https:\\\/\\\/fjala.info\\\/2009-2015\\\/permbytjet-ose-shkodranet-ne-500-vjet-vetmi\\\/#primaryimage\"},\"thumbnailUrl\":\"http:\\\/\\\/fjala.shkoder.net\\\/wp-content\\\/uploads\\\/2010\\\/10\\\/andrea_stefani.jpg\",\"datePublished\":\"2010-12-02T11:58:48+00:00\",\"breadcrumb\":{\"@id\":\"https:\\\/\\\/fjala.info\\\/2009-2015\\\/permbytjet-ose-shkodranet-ne-500-vjet-vetmi\\\/#breadcrumb\"},\"inLanguage\":\"sq-AL\",\"potentialAction\":[{\"@type\":\"ReadAction\",\"target\":[\"https:\\\/\\\/fjala.info\\\/2009-2015\\\/permbytjet-ose-shkodranet-ne-500-vjet-vetmi\\\/\"]}]},{\"@type\":\"ImageObject\",\"inLanguage\":\"sq-AL\",\"@id\":\"https:\\\/\\\/fjala.info\\\/2009-2015\\\/permbytjet-ose-shkodranet-ne-500-vjet-vetmi\\\/#primaryimage\",\"url\":\"http:\\\/\\\/fjala.shkoder.net\\\/wp-content\\\/uploads\\\/2010\\\/10\\\/andrea_stefani.jpg\",\"contentUrl\":\"http:\\\/\\\/fjala.shkoder.net\\\/wp-content\\\/uploads\\\/2010\\\/10\\\/andrea_stefani.jpg\"},{\"@type\":\"BreadcrumbList\",\"@id\":\"https:\\\/\\\/fjala.info\\\/2009-2015\\\/permbytjet-ose-shkodranet-ne-500-vjet-vetmi\\\/#breadcrumb\",\"itemListElement\":[{\"@type\":\"ListItem\",\"position\":1,\"name\":\"Home\",\"item\":\"https:\\\/\\\/fjala.info\\\/2009-2015\\\/\"},{\"@type\":\"ListItem\",\"position\":2,\"name\":\"P\u00cbRMBYTJET OSE SHKODRAN\u00cbT N\u00cb 500 VJET VETMI\"}]},{\"@type\":\"WebSite\",\"@id\":\"https:\\\/\\\/fjala.info\\\/2009-2015\\\/#website\",\"url\":\"https:\\\/\\\/fjala.info\\\/2009-2015\\\/\",\"name\":\"FjALA e LIR\u00cb - Arkivi\",\"description\":\"Arkivi 2009-2015\",\"publisher\":{\"@id\":\"https:\\\/\\\/fjala.info\\\/2009-2015\\\/#organization\"},\"potentialAction\":[{\"@type\":\"SearchAction\",\"target\":{\"@type\":\"EntryPoint\",\"urlTemplate\":\"https:\\\/\\\/fjala.info\\\/2009-2015\\\/?s={search_term_string}\"},\"query-input\":{\"@type\":\"PropertyValueSpecification\",\"valueRequired\":true,\"valueName\":\"search_term_string\"}}],\"inLanguage\":\"sq-AL\"},{\"@type\":\"Organization\",\"@id\":\"https:\\\/\\\/fjala.info\\\/2009-2015\\\/#organization\",\"name\":\"FjALA e LIR\u00cb - Arkivi\",\"url\":\"https:\\\/\\\/fjala.info\\\/2009-2015\\\/\",\"logo\":{\"@type\":\"ImageObject\",\"inLanguage\":\"sq-AL\",\"@id\":\"https:\\\/\\\/fjala.info\\\/2009-2015\\\/#\\\/schema\\\/logo\\\/image\\\/\",\"url\":\"\",\"contentUrl\":\"\",\"caption\":\"FjALA e LIR\u00cb - Arkivi\"},\"image\":{\"@id\":\"https:\\\/\\\/fjala.info\\\/2009-2015\\\/#\\\/schema\\\/logo\\\/image\\\/\"}},{\"@type\":\"Person\",\"@id\":\"https:\\\/\\\/fjala.info\\\/2009-2015\\\/#\\\/schema\\\/person\\\/3aa1163ef05469c496fc94e77611ada2\",\"name\":\"admin\",\"image\":{\"@type\":\"ImageObject\",\"inLanguage\":\"sq-AL\",\"@id\":\"https:\\\/\\\/fjala.info\\\/2009-2015\\\/wp-content\\\/uploads\\\/2012\\\/02\\\/arben_cokaj-120x150.jpg\",\"url\":\"https:\\\/\\\/fjala.info\\\/2009-2015\\\/wp-content\\\/uploads\\\/2012\\\/02\\\/arben_cokaj-120x150.jpg\",\"contentUrl\":\"https:\\\/\\\/fjala.info\\\/2009-2015\\\/wp-content\\\/uploads\\\/2012\\\/02\\\/arben_cokaj-120x150.jpg\",\"caption\":\"admin\"},\"description\":\"Admin, Fjala e Lir\u00eb\",\"sameAs\":[\"https:\\\/\\\/fjala.info\\\/\"],\"url\":\"https:\\\/\\\/fjala.info\\\/2009-2015\\\/author\\\/admin\\\/\"}]}<\/script>\n<!-- \/ Yoast SEO plugin. -->","yoast_head_json":{"title":"P\u00cbRMBYTJET OSE SHKODRAN\u00cbT N\u00cb 500 VJET VETMI - FjALA e LIR\u00cb - Arkivi","robots":{"index":"index","follow":"follow","max-snippet":"max-snippet:-1","max-image-preview":"max-image-preview:large","max-video-preview":"max-video-preview:-1"},"canonical":"https:\/\/fjala.info\/2009-2015\/permbytjet-ose-shkodranet-ne-500-vjet-vetmi\/","og_locale":"sq_AL","og_type":"article","og_title":"P\u00cbRMBYTJET OSE SHKODRAN\u00cbT N\u00cb 500 VJET VETMI - FjALA e LIR\u00cb - Arkivi","og_description":"Andrea Stefani Shkodra u p\u00ebrmbyt p\u00ebrs\u00ebri. P\u00ebr t\u00eb pest\u00ebn her\u00eb p\u00ebr nj\u00eb periudh\u00eb jo m\u00eb t\u00eb gjat\u00eb se ajo e nj\u00eb viti. Kur kataklizmoja ndodhi p\u00ebr t\u00eb par\u00ebn her\u00eb, Kryeministri i vendit u p\u00ebrpoq t\u00eb justifikoj\u00eb pap\u00ebrgjegjshm\u00ebrin\u00eb e qeveris\u00eb me reshjet e jasht\u00ebzakonshme q\u00eb, sipas tij, mund t\u00eb ndodhnin nj\u00eb her\u00eb n\u00eb 100 vjet. Por [&hellip;]","og_url":"https:\/\/fjala.info\/2009-2015\/permbytjet-ose-shkodranet-ne-500-vjet-vetmi\/","og_site_name":"FjALA e LIR\u00cb - Arkivi","article_published_time":"2010-12-02T11:58:48+00:00","og_image":[{"url":"http:\/\/fjala.shkoder.net\/wp-content\/uploads\/2010\/10\/andrea_stefani.jpg","type":"","width":"","height":""}],"author":"admin","twitter_card":"summary_large_image","twitter_misc":{"Written by":"admin","Est. reading time":"4 minutes"},"schema":{"@context":"https:\/\/schema.org","@graph":[{"@type":"Article","@id":"https:\/\/fjala.info\/2009-2015\/permbytjet-ose-shkodranet-ne-500-vjet-vetmi\/#article","isPartOf":{"@id":"https:\/\/fjala.info\/2009-2015\/permbytjet-ose-shkodranet-ne-500-vjet-vetmi\/"},"author":{"name":"admin","@id":"https:\/\/fjala.info\/2009-2015\/#\/schema\/person\/3aa1163ef05469c496fc94e77611ada2"},"headline":"P\u00cbRMBYTJET OSE SHKODRAN\u00cbT N\u00cb 500 VJET VETMI","datePublished":"2010-12-02T11:58:48+00:00","mainEntityOfPage":{"@id":"https:\/\/fjala.info\/2009-2015\/permbytjet-ose-shkodranet-ne-500-vjet-vetmi\/"},"wordCount":795,"commentCount":0,"publisher":{"@id":"https:\/\/fjala.info\/2009-2015\/#organization"},"image":{"@id":"https:\/\/fjala.info\/2009-2015\/permbytjet-ose-shkodranet-ne-500-vjet-vetmi\/#primaryimage"},"thumbnailUrl":"http:\/\/fjala.shkoder.net\/wp-content\/uploads\/2010\/10\/andrea_stefani.jpg","articleSection":["Artikuj"],"inLanguage":"sq-AL","potentialAction":[{"@type":"CommentAction","name":"Comment","target":["https:\/\/fjala.info\/2009-2015\/permbytjet-ose-shkodranet-ne-500-vjet-vetmi\/#respond"]}]},{"@type":"WebPage","@id":"https:\/\/fjala.info\/2009-2015\/permbytjet-ose-shkodranet-ne-500-vjet-vetmi\/","url":"https:\/\/fjala.info\/2009-2015\/permbytjet-ose-shkodranet-ne-500-vjet-vetmi\/","name":"P\u00cbRMBYTJET OSE SHKODRAN\u00cbT N\u00cb 500 VJET VETMI - FjALA e LIR\u00cb - Arkivi","isPartOf":{"@id":"https:\/\/fjala.info\/2009-2015\/#website"},"primaryImageOfPage":{"@id":"https:\/\/fjala.info\/2009-2015\/permbytjet-ose-shkodranet-ne-500-vjet-vetmi\/#primaryimage"},"image":{"@id":"https:\/\/fjala.info\/2009-2015\/permbytjet-ose-shkodranet-ne-500-vjet-vetmi\/#primaryimage"},"thumbnailUrl":"http:\/\/fjala.shkoder.net\/wp-content\/uploads\/2010\/10\/andrea_stefani.jpg","datePublished":"2010-12-02T11:58:48+00:00","breadcrumb":{"@id":"https:\/\/fjala.info\/2009-2015\/permbytjet-ose-shkodranet-ne-500-vjet-vetmi\/#breadcrumb"},"inLanguage":"sq-AL","potentialAction":[{"@type":"ReadAction","target":["https:\/\/fjala.info\/2009-2015\/permbytjet-ose-shkodranet-ne-500-vjet-vetmi\/"]}]},{"@type":"ImageObject","inLanguage":"sq-AL","@id":"https:\/\/fjala.info\/2009-2015\/permbytjet-ose-shkodranet-ne-500-vjet-vetmi\/#primaryimage","url":"http:\/\/fjala.shkoder.net\/wp-content\/uploads\/2010\/10\/andrea_stefani.jpg","contentUrl":"http:\/\/fjala.shkoder.net\/wp-content\/uploads\/2010\/10\/andrea_stefani.jpg"},{"@type":"BreadcrumbList","@id":"https:\/\/fjala.info\/2009-2015\/permbytjet-ose-shkodranet-ne-500-vjet-vetmi\/#breadcrumb","itemListElement":[{"@type":"ListItem","position":1,"name":"Home","item":"https:\/\/fjala.info\/2009-2015\/"},{"@type":"ListItem","position":2,"name":"P\u00cbRMBYTJET OSE SHKODRAN\u00cbT N\u00cb 500 VJET VETMI"}]},{"@type":"WebSite","@id":"https:\/\/fjala.info\/2009-2015\/#website","url":"https:\/\/fjala.info\/2009-2015\/","name":"FjALA e LIR\u00cb - Arkivi","description":"Arkivi 2009-2015","publisher":{"@id":"https:\/\/fjala.info\/2009-2015\/#organization"},"potentialAction":[{"@type":"SearchAction","target":{"@type":"EntryPoint","urlTemplate":"https:\/\/fjala.info\/2009-2015\/?s={search_term_string}"},"query-input":{"@type":"PropertyValueSpecification","valueRequired":true,"valueName":"search_term_string"}}],"inLanguage":"sq-AL"},{"@type":"Organization","@id":"https:\/\/fjala.info\/2009-2015\/#organization","name":"FjALA e LIR\u00cb - Arkivi","url":"https:\/\/fjala.info\/2009-2015\/","logo":{"@type":"ImageObject","inLanguage":"sq-AL","@id":"https:\/\/fjala.info\/2009-2015\/#\/schema\/logo\/image\/","url":"","contentUrl":"","caption":"FjALA e LIR\u00cb - Arkivi"},"image":{"@id":"https:\/\/fjala.info\/2009-2015\/#\/schema\/logo\/image\/"}},{"@type":"Person","@id":"https:\/\/fjala.info\/2009-2015\/#\/schema\/person\/3aa1163ef05469c496fc94e77611ada2","name":"admin","image":{"@type":"ImageObject","inLanguage":"sq-AL","@id":"https:\/\/fjala.info\/2009-2015\/wp-content\/uploads\/2012\/02\/arben_cokaj-120x150.jpg","url":"https:\/\/fjala.info\/2009-2015\/wp-content\/uploads\/2012\/02\/arben_cokaj-120x150.jpg","contentUrl":"https:\/\/fjala.info\/2009-2015\/wp-content\/uploads\/2012\/02\/arben_cokaj-120x150.jpg","caption":"admin"},"description":"Admin, Fjala e Lir\u00eb","sameAs":["https:\/\/fjala.info\/"],"url":"https:\/\/fjala.info\/2009-2015\/author\/admin\/"}]}},"_links":{"self":[{"href":"https:\/\/fjala.info\/2009-2015\/wp-json\/wp\/v2\/posts\/4990","targetHints":{"allow":["GET"]}}],"collection":[{"href":"https:\/\/fjala.info\/2009-2015\/wp-json\/wp\/v2\/posts"}],"about":[{"href":"https:\/\/fjala.info\/2009-2015\/wp-json\/wp\/v2\/types\/post"}],"author":[{"embeddable":true,"href":"https:\/\/fjala.info\/2009-2015\/wp-json\/wp\/v2\/users\/1"}],"replies":[{"embeddable":true,"href":"https:\/\/fjala.info\/2009-2015\/wp-json\/wp\/v2\/comments?post=4990"}],"version-history":[{"count":0,"href":"https:\/\/fjala.info\/2009-2015\/wp-json\/wp\/v2\/posts\/4990\/revisions"}],"wp:attachment":[{"href":"https:\/\/fjala.info\/2009-2015\/wp-json\/wp\/v2\/media?parent=4990"}],"wp:term":[{"taxonomy":"category","embeddable":true,"href":"https:\/\/fjala.info\/2009-2015\/wp-json\/wp\/v2\/categories?post=4990"},{"taxonomy":"post_tag","embeddable":true,"href":"https:\/\/fjala.info\/2009-2015\/wp-json\/wp\/v2\/tags?post=4990"}],"curies":[{"name":"wp","href":"https:\/\/api.w.org\/{rel}","templated":true}]}}