{"id":4983,"date":"2010-12-02T09:46:51","date_gmt":"2010-12-02T08:46:51","guid":{"rendered":"http:\/\/fjala.shkoder.net\/?p=4983"},"modified":"2010-12-02T09:46:51","modified_gmt":"2010-12-02T08:46:51","slug":"politika-me-qytetarin","status":"publish","type":"post","link":"https:\/\/fjala.info\/2009-2015\/politika-me-qytetarin\/","title":{"rendered":"Politika me qytetarin"},"content":{"rendered":"<p><img loading=\"lazy\" decoding=\"async\" src=\"http:\/\/fjala.shkoder.net\/wp-content\/uploads\/2010\/10\/albin_kurti1-300x226.jpg\" alt=\"\" title=\"Albin Kurti\" width=\"300\" height=\"226\" class=\"alignright size-medium wp-image-4124\" \/><br \/>\n<strong>Albin Kurti<\/strong><\/p>\n<p>Politikan\u00ebt q\u00eb kan\u00eb drejtuar institucionet e Kosov\u00ebs nuk kan\u00eb ambicie m\u00eb t\u00eb m\u00ebdha p\u00ebr Kosov\u00ebn sesa k\u00ebt\u00eb Kosov\u00eb q\u00eb kemi e t\u00eb k\u00ebtill\u00eb \u00e7far\u00eb e kemi. Ambiciet e tyre, duke qen\u00eb private e personale, nuk b\u00ebhen synime p\u00ebr avancimin e Kosov\u00ebs. Ato furnizojn\u00eb ve\u00e7se d\u00ebshir\u00ebn e pap\u00ebrmbajtur q\u00eb t\u00eb ngjiten m\u00eb lart p\u00ebr veten e tyre ose t\u00eb q\u00ebndrojn\u00eb m\u00eb gjat\u00eb atje lart ku jan\u00eb.<\/p>\n<p>P\u00ebr t\u00eb qen\u00eb m\u00eb keq se kaq, as nd\u00ebrkomb\u00ebtar\u00ebt nuk kan\u00eb ambicie m\u00eb t\u00eb m\u00ebdha p\u00ebr Kosov\u00ebn sesa kjo Kosov\u00eb, k\u00ebshtu si\u00e7 \u00ebsht\u00eb. E gjith\u00eb brenga e tyre konsiston n\u00eb at\u00eb se si mund t\u00eb b\u00ebhet m\u00eb keq n\u00eb Kosov\u00eb e jo se si mund t\u00eb b\u00ebhet m\u00eb mir\u00eb. Ata shqet\u00ebsohen se \u00e7far\u00eb mund t\u00eb humbet, nd\u00ebrkoh\u00eb q\u00eb gjithnj\u00eb e m\u00eb pak kemi, e jo se \u00e7ka mund t\u00eb fitojm\u00eb. Edhe mendimi k\u00ebshillues pozitiv i GjND-s\u00eb m\u00eb shum\u00eb shkaktoi g\u00ebzim q\u00eb nuk do t\u00eb zvog\u00eblohen njohjet e deritanishme t\u00eb pavar\u00ebsis\u00eb sesa q\u00eb solli njohje t\u00eb reja.<\/p>\n<p>P\u00ebrligjen e gjendjes ekzistuese pushtetar\u00ebt e tash\u00ebm e reduktojn\u00eb n\u00eb p\u00ebrllogaritje shifrash, njohjesh, suksesesh numerike, imazhe t\u00eb shk\u00ebputura nga realitetet e p\u00ebrditshme. K\u00ebshtu ata rendisin fytyrat e shumta t\u00eb tyre n\u00eb num\u00ebrimet e larg\u00ebsive q\u00eb i ndajn\u00eb nga populli. Premtojn\u00eb rritje numerike pagash, \u00e7do dit\u00eb me nga nj\u00eb rritje t\u00eb re p\u00ebr t\u00eb konfirmuar secil\u00ebn dit\u00eb, k\u00ebrkes\u00ebn d\u00ebshp\u00ebruese drejtuar secilit qytetar m\u00eb vete, p\u00ebr ruajtjen e vuajtjes s\u00eb mungesave t\u00eb tyre t\u00eb p\u00ebrbashk\u00ebta.<\/p>\n<p>K\u00ebrkes\u00eb p\u00ebr nj\u00eb tjet\u00ebr p\u00ebsim t\u00eb gjendjes s\u00eb mbijetes\u00ebs, e cila si p\u00ebrfitues ka vet\u00ebm ata q\u00eb atje lart e larg, jetojn\u00eb mir\u00eb, shum\u00eb mir\u00eb pa qen\u00eb aspak t\u00eb mir\u00eb. Jan\u00eb pik\u00ebrisht k\u00ebto lloj rritjesh q\u00eb n\u00eb vend q\u00eb t\u00eb investohen n\u00eb potencialet zhvilluese t\u00eb Kosov\u00ebs, investohen n\u00eb zbehjen e nd\u00ebrgjegj\u00ebsimit t\u00eb qytetar\u00ebve p\u00ebr momentin kritik n\u00eb t\u00eb cilin po jetojm\u00eb.<\/p>\n<p>Ngritja e m\u00ebtutjeshme e pozit\u00ebs politike t\u00eb Kosov\u00ebs dhe p\u00ebrmir\u00ebsimi i gjendjes socio-ekonomike t\u00eb qytetar\u00ebve nuk mund t\u00eb vij\u00eb nga qeveritar\u00ebt aktual\u00eb vendas dhe as nga burokrat\u00ebt e diplomat\u00ebt nd\u00ebrkomb\u00ebtar\u00eb. B\u00ebrja sovrane e shtetit nuk mund t\u00eb realizohet nga ata q\u00eb munges\u00ebn e sovranitetit e shfryt\u00ebzuan p\u00ebr interesat e tyre parciale. Hap\u00ebsira jon\u00eb publike e mund\u00ebsimi politik i shqiptarit nuk mund t\u00eb kryhet nga ata q\u00eb penguan n\u00eb \u00e7far\u00ebdolloj forme p\u00ebrpjekjen ton\u00eb p\u00ebr t\u2019u shprehur e p\u00ebrmbushur politikisht. P\u00ebrmir\u00ebsimi i k\u00ebsaj gjendjeje nuk mund t\u00eb vij\u00eb n\u00ebp\u00ebrmjet nj\u00eb procesi teknik t\u00eb ndryshimit t\u00eb individ\u00ebve t\u00eb t\u00eb nj\u00ebjtit soj, sepse soji i nj\u00ebjt\u00eb t\u00eb l\u00eb n\u00eb rendin e nj\u00ebjt\u00eb t\u00eb gj\u00ebrave.<\/p>\n<p>Ndryshimi i politik\u00ebs duhet t\u00eb jet\u00eb aq rr\u00ebnj\u00ebsor saq\u00eb duhet ta ndryshoj\u00eb edhe vet\u00eb dometh\u00ebnien e politik\u00ebs. Nga nj\u00eb politik\u00eb q\u00eb kufizohet n\u00eb p\u00ebrfaq\u00ebsim e nd\u00ebrmjet\u00ebsim duhet t\u00eb arrijm\u00eb te nj\u00eb politik\u00eb q\u00eb shprehet edhe si bot\u00ebkuptim e aksion.<\/p>\n<p>Mund\u00ebsia dhe shpresa e k\u00ebtij vendi jan\u00eb qytetar\u00ebt e pak\u00ebnaqur e jo pushtetar\u00ebt e vet\u00ebk\u00ebnaqur. M\u00eb mir\u00eb (n\u00eb t\u00eb kaluar\u00ebn) ka qen\u00eb e mundshme (me tjet\u00ebr pushtet prej atij q\u00eb kishim). M\u00eb keq (p\u00ebr t\u00eb ardhmen) \u00ebsht\u00eb po ashtu e mundshme (n\u00ebse vazhdojm\u00eb me t\u00eb nj\u00ebjtin pushtet). Ndryshimi b\u00ebhet i mundsh\u00ebm p\u00ebrmes bashkimit t\u00eb qytetar\u00ebve. Bashkimi \u00ebsht\u00eb kushti i mund\u00ebsis\u00eb.<\/p>\n","protected":false},"excerpt":{"rendered":"<p>Albin Kurti Politikan\u00ebt q\u00eb kan\u00eb drejtuar institucionet e Kosov\u00ebs nuk kan\u00eb ambicie m\u00eb t\u00eb m\u00ebdha p\u00ebr Kosov\u00ebn sesa k\u00ebt\u00eb Kosov\u00eb q\u00eb kemi e t\u00eb k\u00ebtill\u00eb \u00e7far\u00eb e kemi. Ambiciet e tyre, duke qen\u00eb private e personale, nuk b\u00ebhen synime p\u00ebr avancimin e Kosov\u00ebs. Ato furnizojn\u00eb ve\u00e7se d\u00ebshir\u00ebn e pap\u00ebrmbajtur q\u00eb t\u00eb ngjiten m\u00eb lart p\u00ebr [&hellip;]<\/p>\n","protected":false},"author":1,"featured_media":0,"comment_status":"open","ping_status":"closed","sticky":false,"template":"","format":"standard","meta":{"footnotes":""},"categories":[2],"tags":[],"class_list":{"0":"post-4983","1":"post","2":"type-post","3":"status-publish","4":"format-standard","6":"category-artikuj"},"yoast_head":"<!-- This site is optimized with the Yoast SEO plugin v27.4 - https:\/\/yoast.com\/product\/yoast-seo-wordpress\/ -->\n<title>Politika me qytetarin - FjALA e LIR\u00cb - Arkivi<\/title>\n<meta name=\"robots\" content=\"index, follow, max-snippet:-1, max-image-preview:large, max-video-preview:-1\" \/>\n<link rel=\"canonical\" href=\"https:\/\/fjala.info\/2009-2015\/politika-me-qytetarin\/\" \/>\n<meta property=\"og:locale\" content=\"sq_AL\" \/>\n<meta property=\"og:type\" content=\"article\" \/>\n<meta property=\"og:title\" content=\"Politika me qytetarin - FjALA e LIR\u00cb - Arkivi\" \/>\n<meta property=\"og:description\" content=\"Albin Kurti Politikan\u00ebt q\u00eb kan\u00eb drejtuar institucionet e Kosov\u00ebs nuk kan\u00eb ambicie m\u00eb t\u00eb m\u00ebdha p\u00ebr Kosov\u00ebn sesa k\u00ebt\u00eb Kosov\u00eb q\u00eb kemi e t\u00eb k\u00ebtill\u00eb \u00e7far\u00eb e kemi. Ambiciet e tyre, duke qen\u00eb private e personale, nuk b\u00ebhen synime p\u00ebr avancimin e Kosov\u00ebs. Ato furnizojn\u00eb ve\u00e7se d\u00ebshir\u00ebn e pap\u00ebrmbajtur q\u00eb t\u00eb ngjiten m\u00eb lart p\u00ebr [&hellip;]\" \/>\n<meta property=\"og:url\" content=\"https:\/\/fjala.info\/2009-2015\/politika-me-qytetarin\/\" \/>\n<meta property=\"og:site_name\" content=\"FjALA e LIR\u00cb - Arkivi\" \/>\n<meta property=\"article:published_time\" content=\"2010-12-02T08:46:51+00:00\" \/>\n<meta property=\"og:image\" content=\"http:\/\/fjala.shkoder.net\/wp-content\/uploads\/2010\/10\/albin_kurti1-300x226.jpg\" \/>\n<meta name=\"author\" content=\"admin\" \/>\n<meta name=\"twitter:card\" content=\"summary_large_image\" \/>\n<meta name=\"twitter:label1\" content=\"Written by\" \/>\n\t<meta name=\"twitter:data1\" content=\"admin\" \/>\n\t<meta name=\"twitter:label2\" content=\"Est. reading time\" \/>\n\t<meta name=\"twitter:data2\" content=\"3 minutes\" \/>\n<script type=\"application\/ld+json\" class=\"yoast-schema-graph\">{\"@context\":\"https:\\\/\\\/schema.org\",\"@graph\":[{\"@type\":\"Article\",\"@id\":\"https:\\\/\\\/fjala.info\\\/2009-2015\\\/politika-me-qytetarin\\\/#article\",\"isPartOf\":{\"@id\":\"https:\\\/\\\/fjala.info\\\/2009-2015\\\/politika-me-qytetarin\\\/\"},\"author\":{\"name\":\"admin\",\"@id\":\"https:\\\/\\\/fjala.info\\\/2009-2015\\\/#\\\/schema\\\/person\\\/3aa1163ef05469c496fc94e77611ada2\"},\"headline\":\"Politika me qytetarin\",\"datePublished\":\"2010-12-02T08:46:51+00:00\",\"mainEntityOfPage\":{\"@id\":\"https:\\\/\\\/fjala.info\\\/2009-2015\\\/politika-me-qytetarin\\\/\"},\"wordCount\":632,\"commentCount\":0,\"publisher\":{\"@id\":\"https:\\\/\\\/fjala.info\\\/2009-2015\\\/#organization\"},\"image\":{\"@id\":\"https:\\\/\\\/fjala.info\\\/2009-2015\\\/politika-me-qytetarin\\\/#primaryimage\"},\"thumbnailUrl\":\"http:\\\/\\\/fjala.shkoder.net\\\/wp-content\\\/uploads\\\/2010\\\/10\\\/albin_kurti1-300x226.jpg\",\"articleSection\":[\"Artikuj\"],\"inLanguage\":\"sq-AL\",\"potentialAction\":[{\"@type\":\"CommentAction\",\"name\":\"Comment\",\"target\":[\"https:\\\/\\\/fjala.info\\\/2009-2015\\\/politika-me-qytetarin\\\/#respond\"]}]},{\"@type\":\"WebPage\",\"@id\":\"https:\\\/\\\/fjala.info\\\/2009-2015\\\/politika-me-qytetarin\\\/\",\"url\":\"https:\\\/\\\/fjala.info\\\/2009-2015\\\/politika-me-qytetarin\\\/\",\"name\":\"Politika me qytetarin - FjALA e LIR\u00cb - Arkivi\",\"isPartOf\":{\"@id\":\"https:\\\/\\\/fjala.info\\\/2009-2015\\\/#website\"},\"primaryImageOfPage\":{\"@id\":\"https:\\\/\\\/fjala.info\\\/2009-2015\\\/politika-me-qytetarin\\\/#primaryimage\"},\"image\":{\"@id\":\"https:\\\/\\\/fjala.info\\\/2009-2015\\\/politika-me-qytetarin\\\/#primaryimage\"},\"thumbnailUrl\":\"http:\\\/\\\/fjala.shkoder.net\\\/wp-content\\\/uploads\\\/2010\\\/10\\\/albin_kurti1-300x226.jpg\",\"datePublished\":\"2010-12-02T08:46:51+00:00\",\"breadcrumb\":{\"@id\":\"https:\\\/\\\/fjala.info\\\/2009-2015\\\/politika-me-qytetarin\\\/#breadcrumb\"},\"inLanguage\":\"sq-AL\",\"potentialAction\":[{\"@type\":\"ReadAction\",\"target\":[\"https:\\\/\\\/fjala.info\\\/2009-2015\\\/politika-me-qytetarin\\\/\"]}]},{\"@type\":\"ImageObject\",\"inLanguage\":\"sq-AL\",\"@id\":\"https:\\\/\\\/fjala.info\\\/2009-2015\\\/politika-me-qytetarin\\\/#primaryimage\",\"url\":\"http:\\\/\\\/fjala.shkoder.net\\\/wp-content\\\/uploads\\\/2010\\\/10\\\/albin_kurti1-300x226.jpg\",\"contentUrl\":\"http:\\\/\\\/fjala.shkoder.net\\\/wp-content\\\/uploads\\\/2010\\\/10\\\/albin_kurti1-300x226.jpg\"},{\"@type\":\"BreadcrumbList\",\"@id\":\"https:\\\/\\\/fjala.info\\\/2009-2015\\\/politika-me-qytetarin\\\/#breadcrumb\",\"itemListElement\":[{\"@type\":\"ListItem\",\"position\":1,\"name\":\"Home\",\"item\":\"https:\\\/\\\/fjala.info\\\/2009-2015\\\/\"},{\"@type\":\"ListItem\",\"position\":2,\"name\":\"Politika me qytetarin\"}]},{\"@type\":\"WebSite\",\"@id\":\"https:\\\/\\\/fjala.info\\\/2009-2015\\\/#website\",\"url\":\"https:\\\/\\\/fjala.info\\\/2009-2015\\\/\",\"name\":\"FjALA e LIR\u00cb - Arkivi\",\"description\":\"Arkivi 2009-2015\",\"publisher\":{\"@id\":\"https:\\\/\\\/fjala.info\\\/2009-2015\\\/#organization\"},\"potentialAction\":[{\"@type\":\"SearchAction\",\"target\":{\"@type\":\"EntryPoint\",\"urlTemplate\":\"https:\\\/\\\/fjala.info\\\/2009-2015\\\/?s={search_term_string}\"},\"query-input\":{\"@type\":\"PropertyValueSpecification\",\"valueRequired\":true,\"valueName\":\"search_term_string\"}}],\"inLanguage\":\"sq-AL\"},{\"@type\":\"Organization\",\"@id\":\"https:\\\/\\\/fjala.info\\\/2009-2015\\\/#organization\",\"name\":\"FjALA e LIR\u00cb - Arkivi\",\"url\":\"https:\\\/\\\/fjala.info\\\/2009-2015\\\/\",\"logo\":{\"@type\":\"ImageObject\",\"inLanguage\":\"sq-AL\",\"@id\":\"https:\\\/\\\/fjala.info\\\/2009-2015\\\/#\\\/schema\\\/logo\\\/image\\\/\",\"url\":\"\",\"contentUrl\":\"\",\"caption\":\"FjALA e LIR\u00cb - Arkivi\"},\"image\":{\"@id\":\"https:\\\/\\\/fjala.info\\\/2009-2015\\\/#\\\/schema\\\/logo\\\/image\\\/\"}},{\"@type\":\"Person\",\"@id\":\"https:\\\/\\\/fjala.info\\\/2009-2015\\\/#\\\/schema\\\/person\\\/3aa1163ef05469c496fc94e77611ada2\",\"name\":\"admin\",\"image\":{\"@type\":\"ImageObject\",\"inLanguage\":\"sq-AL\",\"@id\":\"https:\\\/\\\/fjala.info\\\/2009-2015\\\/wp-content\\\/uploads\\\/2012\\\/02\\\/arben_cokaj-120x150.jpg\",\"url\":\"https:\\\/\\\/fjala.info\\\/2009-2015\\\/wp-content\\\/uploads\\\/2012\\\/02\\\/arben_cokaj-120x150.jpg\",\"contentUrl\":\"https:\\\/\\\/fjala.info\\\/2009-2015\\\/wp-content\\\/uploads\\\/2012\\\/02\\\/arben_cokaj-120x150.jpg\",\"caption\":\"admin\"},\"description\":\"Admin, Fjala e Lir\u00eb\",\"sameAs\":[\"https:\\\/\\\/fjala.info\\\/\"],\"url\":\"https:\\\/\\\/fjala.info\\\/2009-2015\\\/author\\\/admin\\\/\"}]}<\/script>\n<!-- \/ Yoast SEO plugin. -->","yoast_head_json":{"title":"Politika me qytetarin - FjALA e LIR\u00cb - Arkivi","robots":{"index":"index","follow":"follow","max-snippet":"max-snippet:-1","max-image-preview":"max-image-preview:large","max-video-preview":"max-video-preview:-1"},"canonical":"https:\/\/fjala.info\/2009-2015\/politika-me-qytetarin\/","og_locale":"sq_AL","og_type":"article","og_title":"Politika me qytetarin - FjALA e LIR\u00cb - Arkivi","og_description":"Albin Kurti Politikan\u00ebt q\u00eb kan\u00eb drejtuar institucionet e Kosov\u00ebs nuk kan\u00eb ambicie m\u00eb t\u00eb m\u00ebdha p\u00ebr Kosov\u00ebn sesa k\u00ebt\u00eb Kosov\u00eb q\u00eb kemi e t\u00eb k\u00ebtill\u00eb \u00e7far\u00eb e kemi. Ambiciet e tyre, duke qen\u00eb private e personale, nuk b\u00ebhen synime p\u00ebr avancimin e Kosov\u00ebs. Ato furnizojn\u00eb ve\u00e7se d\u00ebshir\u00ebn e pap\u00ebrmbajtur q\u00eb t\u00eb ngjiten m\u00eb lart p\u00ebr [&hellip;]","og_url":"https:\/\/fjala.info\/2009-2015\/politika-me-qytetarin\/","og_site_name":"FjALA e LIR\u00cb - Arkivi","article_published_time":"2010-12-02T08:46:51+00:00","og_image":[{"url":"http:\/\/fjala.shkoder.net\/wp-content\/uploads\/2010\/10\/albin_kurti1-300x226.jpg","type":"","width":"","height":""}],"author":"admin","twitter_card":"summary_large_image","twitter_misc":{"Written by":"admin","Est. reading time":"3 minutes"},"schema":{"@context":"https:\/\/schema.org","@graph":[{"@type":"Article","@id":"https:\/\/fjala.info\/2009-2015\/politika-me-qytetarin\/#article","isPartOf":{"@id":"https:\/\/fjala.info\/2009-2015\/politika-me-qytetarin\/"},"author":{"name":"admin","@id":"https:\/\/fjala.info\/2009-2015\/#\/schema\/person\/3aa1163ef05469c496fc94e77611ada2"},"headline":"Politika me qytetarin","datePublished":"2010-12-02T08:46:51+00:00","mainEntityOfPage":{"@id":"https:\/\/fjala.info\/2009-2015\/politika-me-qytetarin\/"},"wordCount":632,"commentCount":0,"publisher":{"@id":"https:\/\/fjala.info\/2009-2015\/#organization"},"image":{"@id":"https:\/\/fjala.info\/2009-2015\/politika-me-qytetarin\/#primaryimage"},"thumbnailUrl":"http:\/\/fjala.shkoder.net\/wp-content\/uploads\/2010\/10\/albin_kurti1-300x226.jpg","articleSection":["Artikuj"],"inLanguage":"sq-AL","potentialAction":[{"@type":"CommentAction","name":"Comment","target":["https:\/\/fjala.info\/2009-2015\/politika-me-qytetarin\/#respond"]}]},{"@type":"WebPage","@id":"https:\/\/fjala.info\/2009-2015\/politika-me-qytetarin\/","url":"https:\/\/fjala.info\/2009-2015\/politika-me-qytetarin\/","name":"Politika me qytetarin - FjALA e LIR\u00cb - Arkivi","isPartOf":{"@id":"https:\/\/fjala.info\/2009-2015\/#website"},"primaryImageOfPage":{"@id":"https:\/\/fjala.info\/2009-2015\/politika-me-qytetarin\/#primaryimage"},"image":{"@id":"https:\/\/fjala.info\/2009-2015\/politika-me-qytetarin\/#primaryimage"},"thumbnailUrl":"http:\/\/fjala.shkoder.net\/wp-content\/uploads\/2010\/10\/albin_kurti1-300x226.jpg","datePublished":"2010-12-02T08:46:51+00:00","breadcrumb":{"@id":"https:\/\/fjala.info\/2009-2015\/politika-me-qytetarin\/#breadcrumb"},"inLanguage":"sq-AL","potentialAction":[{"@type":"ReadAction","target":["https:\/\/fjala.info\/2009-2015\/politika-me-qytetarin\/"]}]},{"@type":"ImageObject","inLanguage":"sq-AL","@id":"https:\/\/fjala.info\/2009-2015\/politika-me-qytetarin\/#primaryimage","url":"http:\/\/fjala.shkoder.net\/wp-content\/uploads\/2010\/10\/albin_kurti1-300x226.jpg","contentUrl":"http:\/\/fjala.shkoder.net\/wp-content\/uploads\/2010\/10\/albin_kurti1-300x226.jpg"},{"@type":"BreadcrumbList","@id":"https:\/\/fjala.info\/2009-2015\/politika-me-qytetarin\/#breadcrumb","itemListElement":[{"@type":"ListItem","position":1,"name":"Home","item":"https:\/\/fjala.info\/2009-2015\/"},{"@type":"ListItem","position":2,"name":"Politika me qytetarin"}]},{"@type":"WebSite","@id":"https:\/\/fjala.info\/2009-2015\/#website","url":"https:\/\/fjala.info\/2009-2015\/","name":"FjALA e LIR\u00cb - Arkivi","description":"Arkivi 2009-2015","publisher":{"@id":"https:\/\/fjala.info\/2009-2015\/#organization"},"potentialAction":[{"@type":"SearchAction","target":{"@type":"EntryPoint","urlTemplate":"https:\/\/fjala.info\/2009-2015\/?s={search_term_string}"},"query-input":{"@type":"PropertyValueSpecification","valueRequired":true,"valueName":"search_term_string"}}],"inLanguage":"sq-AL"},{"@type":"Organization","@id":"https:\/\/fjala.info\/2009-2015\/#organization","name":"FjALA e LIR\u00cb - Arkivi","url":"https:\/\/fjala.info\/2009-2015\/","logo":{"@type":"ImageObject","inLanguage":"sq-AL","@id":"https:\/\/fjala.info\/2009-2015\/#\/schema\/logo\/image\/","url":"","contentUrl":"","caption":"FjALA e LIR\u00cb - Arkivi"},"image":{"@id":"https:\/\/fjala.info\/2009-2015\/#\/schema\/logo\/image\/"}},{"@type":"Person","@id":"https:\/\/fjala.info\/2009-2015\/#\/schema\/person\/3aa1163ef05469c496fc94e77611ada2","name":"admin","image":{"@type":"ImageObject","inLanguage":"sq-AL","@id":"https:\/\/fjala.info\/2009-2015\/wp-content\/uploads\/2012\/02\/arben_cokaj-120x150.jpg","url":"https:\/\/fjala.info\/2009-2015\/wp-content\/uploads\/2012\/02\/arben_cokaj-120x150.jpg","contentUrl":"https:\/\/fjala.info\/2009-2015\/wp-content\/uploads\/2012\/02\/arben_cokaj-120x150.jpg","caption":"admin"},"description":"Admin, Fjala e Lir\u00eb","sameAs":["https:\/\/fjala.info\/"],"url":"https:\/\/fjala.info\/2009-2015\/author\/admin\/"}]}},"_links":{"self":[{"href":"https:\/\/fjala.info\/2009-2015\/wp-json\/wp\/v2\/posts\/4983","targetHints":{"allow":["GET"]}}],"collection":[{"href":"https:\/\/fjala.info\/2009-2015\/wp-json\/wp\/v2\/posts"}],"about":[{"href":"https:\/\/fjala.info\/2009-2015\/wp-json\/wp\/v2\/types\/post"}],"author":[{"embeddable":true,"href":"https:\/\/fjala.info\/2009-2015\/wp-json\/wp\/v2\/users\/1"}],"replies":[{"embeddable":true,"href":"https:\/\/fjala.info\/2009-2015\/wp-json\/wp\/v2\/comments?post=4983"}],"version-history":[{"count":0,"href":"https:\/\/fjala.info\/2009-2015\/wp-json\/wp\/v2\/posts\/4983\/revisions"}],"wp:attachment":[{"href":"https:\/\/fjala.info\/2009-2015\/wp-json\/wp\/v2\/media?parent=4983"}],"wp:term":[{"taxonomy":"category","embeddable":true,"href":"https:\/\/fjala.info\/2009-2015\/wp-json\/wp\/v2\/categories?post=4983"},{"taxonomy":"post_tag","embeddable":true,"href":"https:\/\/fjala.info\/2009-2015\/wp-json\/wp\/v2\/tags?post=4983"}],"curies":[{"name":"wp","href":"https:\/\/api.w.org\/{rel}","templated":true}]}}